{"id":9989,"date":"2016-10-08T08:53:43","date_gmt":"2016-10-08T08:53:43","guid":{"rendered":"https:\/\/gracious-dewdney.138-201-221-2.plesk.page\/?p=9989"},"modified":"2016-10-15T10:32:03","modified_gmt":"2016-10-15T10:32:03","slug":"hirdetesek","status":"publish","type":"post","link":"https:\/\/stuttgarti-katolikusok.de\/index.php\/hirdetesek\/","title":{"rendered":"Hirdet\u00e9sek"},"content":{"rendered":"<p><strong>Hirdet\u00e9sek C \u00e9v 28. vas\u00e1rnapja &#8211; 2017. okt\u00f3ber 9 \u00e9s 16 k\u00f6z\u00f6tt<\/strong><\/p>\n<p><strong>\u0150szi gy\u0171jt\u00e9st hirdetek <\/strong>4 d\u00e9lvid\u00e9ki szeg\u00e9ny iskol\u00e1s fiatalok, a Vicei \u00c1rvah\u00e1z 50, a Szatm\u00e1ri \u00e1rvah\u00e1z 70, B\u00f6jte atya 2000 gyermeke jav\u00e1ra, valamint a M\u00e1ria R\u00e1di\u00f3nak. K\u00f6vetkez\u0151 szentmis\u00e9nken v\u00e1rom adom\u00e1nyaitokat!<\/p>\n<ul>\n<li><strong>Nemzeti \u00dcnnep\u00fcnk<\/strong>et okt\u00f3ber 23-\u00e1n, tartjuk Stuttgart-ban, a Bruder Klaus templomban 15. \u00f3rakor. Az \u00f6kumenikus istentiszteleten <em>G\u00e9mes P\u00e1l<\/em> hirdet ig\u00e9t. Ut\u00e1na kis \u00fcnnepi m\u0171sor, vend\u00e9gsz\u00f3nokunk <em>Szedl\u00e1k Vikt\u00f3ria <\/em> Majd \u00e1g\u00e1p\u00e9val z\u00e1runk. Mindenkit szerettel v\u00e1runk!<\/li>\n<li><strong>Okt\u00f3ber 29-\u00e9n, <\/strong>szombaton 15.00 \u00f3rakor, a Luther-Kirche K\u00f6z\u00f6ss\u00e9gi Term\u00e9ben az ERAK is eml\u00e9kezik. M\u0171sorukra mindenkit szeretettel v\u00e1rnak!<\/li>\n<li><strong>November 1-\u00e9n, <\/strong>kedden, <strong>Mindenszentek<\/strong> \u00fcnnepe. 10.30 \u00f3rakor tal\u00e1lkozunk a Steinhaldenfeldi temet\u0151 bej\u00e1rat\u00e1n\u00e1l. El\u0151bb szentmise, majd temet\u0151l\u00e1togat\u00e1s.<\/li>\n<li><strong>November 6-\u00e1n, <\/strong>vas\u00e1rnap, a 15.00 \u00f3rakor kezd\u0151d\u0151 szentmis\u00e9n a <strong>M\u00fcncheni K\u00f3rus<\/strong> szerepel, ut\u00e1na pedig egy r\u00f6vid j\u00f3t\u00e9konys\u00e1gi koncertet ad. Mindenkit szeretettel v\u00e1runk!<\/li>\n<li><strong>(S) <\/strong>Amint l\u00e1tj\u00e1tok, \u00f6rvendetesen megn\u0151tt az \u00e1g\u00e1p\u00e9n r\u00e9sztvev\u0151k sz\u00e1ma. Ez \u00edgy helyes, hisz a szentmise ut\u00e1n az \u00e1g\u00e1p\u00e9 a legfontosabb. K\u00f6sz\u00f6net e helyen azoknak, akik benn\u00fcnket mindig ell\u00e1tnak! Ezeket azonban fel is kell szolg\u00e1lni. <strong>\u00c1g\u00e1p\u00e9-rendez\u0151k<\/strong> azonban \u2013 nagy sz\u00e1munkhoz k\u00e9pest \u2013 kevesen vannak. \u00dajakra van sz\u00fcks\u00e9g\u00fcnk! Mivel egy h\u00e1zasp\u00e1rnak ez neh\u00e9z, \u00e1lljanak \u00f6ssze ketten-h\u00e1rman a h\u00e1zasp\u00e1rok k\u00f6z\u00fcl, \u00e9s vezessenek le egy-egy vas\u00e1rnap-d\u00e9lut\u00e1nt. Biztosan akadnak k\u00f6ztetek ilyen k\u00f6z\u00f6ss\u00e9g\u00e9rt lelkesed\u0151, azt \u00edgy seg\u00edt\u0151, j\u00f3sz\u00e1nd\u00e9k\u00fa emberek! Jelentkezzenek h\u00e1t vagy n\u00e1lam, vagy az Irod\u00e1n, vagy pedig Zumb\u00fchl Csill\u00e1n\u00e1l \u00e9s Vilin\u00e9l, akik ennek a koordin\u00e1l\u00e1s\u00e1\u00e9rt j\u00f3sz\u00edvvel felel\u0151ss\u00e9get v\u00e1llaltak! El\u0151re is k\u00f6sz\u00f6n\u00f6m!<\/li>\n<li>Egyh\u00e1zk\u00f6zs\u00e9g\u00fcnk j\u00f6v\u0151 \u00e9v m\u00e1jus 22-e \u00e9s 28-a k\u00f6z\u00f6tt <strong>zar\u00e1ndoklatot <\/strong>szervez a <strong>Benelux-\u00e1llamok M\u00e1ria-kegyhelyeire<\/strong>. Aki sz\u00edvesen vel\u00fcnk tartana, jelentkezzen az Irod\u00e1n.<\/li>\n<li><strong>Els\u0151\u00e1ldoz\u00e1sra<\/strong> illetve <strong>b\u00e9rm\u00e1lkoz\u00e1sra<\/strong> val\u00f3 felk\u00e9sz\u00edt\u0151t hirdetek. Akinek gyermeke vagy unok\u00e1ja ilyen korban van, \u00e9s szeretne ezekhez a szents\u00e9gekhez j\u00e1rulni, az jelentkezzen vagy n\u00e1lam, vagy az Irod\u00e1n.<\/li>\n<li>Azon fiatalok sz\u00e1m\u00e1ra, akik p\u00e1rv\u00e1laszt\u00e1s el\u0151tt \u00e1llnak \u00e9s ismerkedni szeretn\u00e9nek, az Egyh\u00e1zk\u00f6zs\u00e9g november 26-\u00e1n, szombaton este 19.00 \u00f3r\u00e1-t\u00f3l \u00fan. <strong>Szingli-B\u00e1lt<\/strong> Jelentkez\u00e9s az Irod\u00e1n.<\/li>\n<li>Meg\u00e9rkeztek <strong>B\u00f6jte-atya napt\u00e1rai<\/strong>&#8230; \u00c1ruk 4,-\u20ac.<\/li>\n<li><strong>(FN) Legk\u00f6zelebb<\/strong> december 10-\u00e9n <strong>tal\u00e1lkozunk 17.00\u00a0<\/strong>\u00f3rakor. A novemberi tal\u00e1lkoz\u00f3nk elmarad, ugyanis november 12-\u00e9n 16.00 \u00f3rakor Weingartenben Szent Imre egyh\u00e1zk\u00f6zs\u00e9gi b\u00facs\u00fat tartunk. H\u00edvunk benneteket, hogy vegy\u00fcnk r\u00e9szt k\u00f6z\u00f6s \u00fcnnep\u00fcnk\u00f6n!<\/li>\n<li><strong>(W) Legk\u00f6zelebb <\/strong>november 12-\u00e9n <strong>tal\u00e1lkozunk 16.00 \u00f3rakor, Szent Imre egyh\u00e1zk\u00f6zs\u00e9gi b\u00facs\u00fankon a M\u00e1ria templomban. <\/strong>Az eddigi esztend\u0151k hagyom\u00e1nyait k\u00f6vetve, szentmise v\u00e9gezt\u00e9vel \u00e1g\u00e1p\u00e9 k\u00f6z\u00f6ss\u00e9gi term\u00fcnkben.<\/li>\n<li><strong>(UL) Legk\u00f6zelebb <\/strong>november 13-\u00e1n <strong>tal\u00e1lkozunk<\/strong> 00 \u00f3rakor.<\/li>\n<li><strong>(UL) <\/strong>Okt\u00f3ber 29-\u00e9n, szombaton 19.00 \u00f3rakor Ulmban a <strong> Georg-Kirche<\/strong>-ben <strong>\u201eInternationaler Gottesdienst\u201d <\/strong>\u00a0lesz. Szentmise v\u00e9gezt\u00e9vel \u00e1g\u00e1p\u00e9. A k\u00fcl\u00f6nb\u00f6z\u0151 nemzetis\u00e9gek saj\u00e1t kult\u00far\u00e1jukb\u00f3l \u00e9s hagyom\u00e1nyaikb\u00f3l hoznak \u00edzel\u00edt\u0151t \/\u00e9telek, italok, t\u00e1ncok\/. K\u00edv\u00e1l\u00f3 alkalom, hogy az ulmi magyar k\u00f6z\u00f6ss\u00e9g a szentmis\u00e9t k\u00f6vet\u0151en is akt\u00edvan jelen legyen. Sz\u00e1m\u00edtunk R\u00e1tok!<\/li>\n<\/ul>\n","protected":false},"excerpt":{"rendered":"<p>Hirdet\u00e9sek C \u00e9v 28. vas\u00e1rnapja &#8211; 2017. okt\u00f3ber 9 \u00e9s 16 k\u00f6z\u00f6tt \u0150szi gy\u0171jt\u00e9st hirdetek 4 d\u00e9lvid\u00e9ki szeg\u00e9ny iskol\u00e1s fiatalok, a Vicei \u00c1rvah\u00e1z 50, a Szatm\u00e1ri \u00e1rvah\u00e1z 70, B\u00f6jte atya 2000 gyermeke jav\u00e1ra, valamint a M\u00e1ria R\u00e1di\u00f3nak. K\u00f6vetkez\u0151 szentmis\u00e9nken v\u00e1rom adom\u00e1nyaitokat! Nemzeti \u00dcnnep\u00fcnket okt\u00f3ber 23-\u00e1n, tartjuk Stuttgart-ban, a Bruder Klaus templomban 15. \u00f3rakor. Az \u00f6kumenikus istentiszteleten G\u00e9mes P\u00e1l hirdet ig\u00e9t. Ut\u00e1na kis \u00fcnnepi m\u0171sor, vend\u00e9gsz\u00f3nokunk Szedl\u00e1k Vikt\u00f3ria Majd \u00e1g\u00e1p\u00e9val z\u00e1runk. Mindenkit szerettel v\u00e1runk! Okt\u00f3ber 29-\u00e9n, szombaton 15.00 \u00f3rakor, a Luther-Kirche K\u00f6z\u00f6ss\u00e9gi Term\u00e9ben az ERAK is eml\u00e9kezik. M\u0171sorukra mindenkit szeretettel v\u00e1rnak! November 1-\u00e9n, kedden, Mindenszentek \u00fcnnepe. 10.30 \u00f3rakor tal\u00e1lkozunk a Steinhaldenfeldi temet\u0151 bej\u00e1rat\u00e1n\u00e1l. El\u0151bb szentmise, majd temet\u0151l\u00e1togat\u00e1s. November 6-\u00e1n, vas\u00e1rnap, a 15.00 \u00f3rakor kezd\u0151d\u0151 szentmis\u00e9n a M\u00fcncheni K\u00f3rus szerepel, ut\u00e1na pedig egy r\u00f6vid j\u00f3t\u00e9konys\u00e1gi koncertet ad. Mindenkit szeretettel v\u00e1runk! (S) Amint l\u00e1tj\u00e1tok, \u00f6rvendetesen megn\u0151tt az \u00e1g\u00e1p\u00e9n r\u00e9sztvev\u0151k sz\u00e1ma. Ez \u00edgy helyes, hisz a szentmise ut\u00e1n az \u00e1g\u00e1p\u00e9 a legfontosabb. K\u00f6sz\u00f6net e helyen azoknak, akik benn\u00fcnket mindig ell\u00e1tnak! Ezeket azonban fel is kell szolg\u00e1lni. \u00c1g\u00e1p\u00e9-rendez\u0151k azonban \u2013 nagy sz\u00e1munkhoz k\u00e9pest \u2013 kevesen vannak. \u00dajakra van sz\u00fcks\u00e9g\u00fcnk! Mivel egy h\u00e1zasp\u00e1rnak ez neh\u00e9z, \u00e1lljanak \u00f6ssze ketten-h\u00e1rman a h\u00e1zasp\u00e1rok k\u00f6z\u00fcl, \u00e9s vezessenek le egy-egy vas\u00e1rnap-d\u00e9lut\u00e1nt. Biztosan akadnak k\u00f6ztetek ilyen k\u00f6z\u00f6ss\u00e9g\u00e9rt lelkesed\u0151, azt \u00edgy seg\u00edt\u0151, j\u00f3sz\u00e1nd\u00e9k\u00fa emberek! Jelentkezzenek h\u00e1t vagy n\u00e1lam, vagy az Irod\u00e1n, vagy pedig Zumb\u00fchl Csill\u00e1n\u00e1l \u00e9s Vilin\u00e9l, akik ennek a koordin\u00e1l\u00e1s\u00e1\u00e9rt j\u00f3sz\u00edvvel felel\u0151ss\u00e9get v\u00e1llaltak! El\u0151re is k\u00f6sz\u00f6n\u00f6m! Egyh\u00e1zk\u00f6zs\u00e9g\u00fcnk j\u00f6v\u0151 \u00e9v m\u00e1jus 22-e \u00e9s 28-a k\u00f6z\u00f6tt zar\u00e1ndoklatot szervez a Benelux-\u00e1llamok M\u00e1ria-kegyhelyeire. Aki sz\u00edvesen vel\u00fcnk tartana, jelentkezzen az Irod\u00e1n. Els\u0151\u00e1ldoz\u00e1sra illetve b\u00e9rm\u00e1lkoz\u00e1sra val\u00f3 felk\u00e9sz\u00edt\u0151t hirdetek. Akinek gyermeke vagy unok\u00e1ja ilyen korban van, \u00e9s szeretne ezekhez a szents\u00e9gekhez j\u00e1rulni, az jelentkezzen vagy n\u00e1lam, vagy az Irod\u00e1n. Azon fiatalok sz\u00e1m\u00e1ra, akik p\u00e1rv\u00e1laszt\u00e1s el\u0151tt \u00e1llnak \u00e9s ismerkedni szeretn\u00e9nek, az Egyh\u00e1zk\u00f6zs\u00e9g november 26-\u00e1n, szombaton este 19.00 \u00f3r\u00e1-t\u00f3l \u00fan. Szingli-B\u00e1lt Jelentkez\u00e9s az Irod\u00e1n. Meg\u00e9rkeztek B\u00f6jte-atya napt\u00e1rai&#8230; \u00c1ruk 4,-\u20ac. (FN) Legk\u00f6zelebb&#8230; <\/p>\n<p><a class=\"readmore\" href=\"https:\/\/stuttgarti-katolikusok.de\/index.php\/hirdetesek\/\">R\u00e9szletek<\/a><\/p>\n","protected":false},"author":3,"featured_media":9974,"comment_status":"closed","ping_status":"closed","sticky":false,"template":"","format":"standard","meta":{"footnotes":""},"categories":[52],"tags":[],"class_list":["post-9989","post","type-post","status-publish","format-standard","has-post-thumbnail","hentry","category-hirdetesek"],"yoast_head":"<!-- This site is optimized with the Yoast SEO plugin v27.3 - https:\/\/yoast.com\/product\/yoast-seo-wordpress\/ -->\n<title>Hirdet\u00e9sek - Stuttgarti Katolikusok<\/title>\n<meta name=\"robots\" content=\"index, follow, max-snippet:-1, max-image-preview:large, max-video-preview:-1\" \/>\n<link rel=\"canonical\" href=\"https:\/\/stuttgarti-katolikusok.de\/index.php\/hirdetesek\/\" \/>\n<meta property=\"og:locale\" content=\"hu_HU\" \/>\n<meta property=\"og:type\" content=\"article\" \/>\n<meta property=\"og:title\" content=\"Hirdet\u00e9sek - Stuttgarti Katolikusok\" \/>\n<meta property=\"og:description\" content=\"Hirdet\u00e9sek C \u00e9v 28. vas\u00e1rnapja &#8211; 2017. okt\u00f3ber 9 \u00e9s 16 k\u00f6z\u00f6tt \u0150szi gy\u0171jt\u00e9st hirdetek 4 d\u00e9lvid\u00e9ki szeg\u00e9ny iskol\u00e1s fiatalok, a Vicei \u00c1rvah\u00e1z 50, a Szatm\u00e1ri \u00e1rvah\u00e1z 70, B\u00f6jte atya 2000 gyermeke jav\u00e1ra, valamint a M\u00e1ria R\u00e1di\u00f3nak. K\u00f6vetkez\u0151 szentmis\u00e9nken v\u00e1rom adom\u00e1nyaitokat! Nemzeti \u00dcnnep\u00fcnket okt\u00f3ber 23-\u00e1n, tartjuk Stuttgart-ban, a Bruder Klaus templomban 15. \u00f3rakor. Az \u00f6kumenikus istentiszteleten G\u00e9mes P\u00e1l hirdet ig\u00e9t. Ut\u00e1na kis \u00fcnnepi m\u0171sor, vend\u00e9gsz\u00f3nokunk Szedl\u00e1k Vikt\u00f3ria Majd \u00e1g\u00e1p\u00e9val z\u00e1runk. Mindenkit szerettel v\u00e1runk! Okt\u00f3ber 29-\u00e9n, szombaton 15.00 \u00f3rakor, a Luther-Kirche K\u00f6z\u00f6ss\u00e9gi Term\u00e9ben az ERAK is eml\u00e9kezik. M\u0171sorukra mindenkit szeretettel v\u00e1rnak! November 1-\u00e9n, kedden, Mindenszentek \u00fcnnepe. 10.30 \u00f3rakor tal\u00e1lkozunk a Steinhaldenfeldi temet\u0151 bej\u00e1rat\u00e1n\u00e1l. El\u0151bb szentmise, majd temet\u0151l\u00e1togat\u00e1s. November 6-\u00e1n, vas\u00e1rnap, a 15.00 \u00f3rakor kezd\u0151d\u0151 szentmis\u00e9n a M\u00fcncheni K\u00f3rus szerepel, ut\u00e1na pedig egy r\u00f6vid j\u00f3t\u00e9konys\u00e1gi koncertet ad. Mindenkit szeretettel v\u00e1runk! (S) Amint l\u00e1tj\u00e1tok, \u00f6rvendetesen megn\u0151tt az \u00e1g\u00e1p\u00e9n r\u00e9sztvev\u0151k sz\u00e1ma. Ez \u00edgy helyes, hisz a szentmise ut\u00e1n az \u00e1g\u00e1p\u00e9 a legfontosabb. K\u00f6sz\u00f6net e helyen azoknak, akik benn\u00fcnket mindig ell\u00e1tnak! Ezeket azonban fel is kell szolg\u00e1lni. \u00c1g\u00e1p\u00e9-rendez\u0151k azonban \u2013 nagy sz\u00e1munkhoz k\u00e9pest \u2013 kevesen vannak. \u00dajakra van sz\u00fcks\u00e9g\u00fcnk! Mivel egy h\u00e1zasp\u00e1rnak ez neh\u00e9z, \u00e1lljanak \u00f6ssze ketten-h\u00e1rman a h\u00e1zasp\u00e1rok k\u00f6z\u00fcl, \u00e9s vezessenek le egy-egy vas\u00e1rnap-d\u00e9lut\u00e1nt. Biztosan akadnak k\u00f6ztetek ilyen k\u00f6z\u00f6ss\u00e9g\u00e9rt lelkesed\u0151, azt \u00edgy seg\u00edt\u0151, j\u00f3sz\u00e1nd\u00e9k\u00fa emberek! Jelentkezzenek h\u00e1t vagy n\u00e1lam, vagy az Irod\u00e1n, vagy pedig Zumb\u00fchl Csill\u00e1n\u00e1l \u00e9s Vilin\u00e9l, akik ennek a koordin\u00e1l\u00e1s\u00e1\u00e9rt j\u00f3sz\u00edvvel felel\u0151ss\u00e9get v\u00e1llaltak! El\u0151re is k\u00f6sz\u00f6n\u00f6m! Egyh\u00e1zk\u00f6zs\u00e9g\u00fcnk j\u00f6v\u0151 \u00e9v m\u00e1jus 22-e \u00e9s 28-a k\u00f6z\u00f6tt zar\u00e1ndoklatot szervez a Benelux-\u00e1llamok M\u00e1ria-kegyhelyeire. Aki sz\u00edvesen vel\u00fcnk tartana, jelentkezzen az Irod\u00e1n. Els\u0151\u00e1ldoz\u00e1sra illetve b\u00e9rm\u00e1lkoz\u00e1sra val\u00f3 felk\u00e9sz\u00edt\u0151t hirdetek. Akinek gyermeke vagy unok\u00e1ja ilyen korban van, \u00e9s szeretne ezekhez a szents\u00e9gekhez j\u00e1rulni, az jelentkezzen vagy n\u00e1lam, vagy az Irod\u00e1n. Azon fiatalok sz\u00e1m\u00e1ra, akik p\u00e1rv\u00e1laszt\u00e1s el\u0151tt \u00e1llnak \u00e9s ismerkedni szeretn\u00e9nek, az Egyh\u00e1zk\u00f6zs\u00e9g november 26-\u00e1n, szombaton este 19.00 \u00f3r\u00e1-t\u00f3l \u00fan. Szingli-B\u00e1lt Jelentkez\u00e9s az Irod\u00e1n. Meg\u00e9rkeztek B\u00f6jte-atya napt\u00e1rai&#8230; \u00c1ruk 4,-\u20ac. (FN) Legk\u00f6zelebb... R\u00e9szletek\" \/>\n<meta property=\"og:url\" content=\"https:\/\/stuttgarti-katolikusok.de\/index.php\/hirdetesek\/\" \/>\n<meta property=\"og:site_name\" content=\"Stuttgarti Katolikusok\" \/>\n<meta property=\"article:published_time\" content=\"2016-10-08T08:53:43+00:00\" \/>\n<meta property=\"article:modified_time\" content=\"2016-10-15T10:32:03+00:00\" \/>\n<meta property=\"og:image\" content=\"https:\/\/stuttgarti-katolikusok.de\/wp-content\/uploads\/2016\/10\/logo-regi.jpg\" \/>\n\t<meta property=\"og:image:width\" content=\"160\" \/>\n\t<meta property=\"og:image:height\" content=\"155\" \/>\n\t<meta property=\"og:image:type\" content=\"image\/jpeg\" \/>\n<meta name=\"author\" content=\"Tibor atya\" \/>\n<meta name=\"twitter:card\" content=\"summary_large_image\" \/>\n<meta name=\"twitter:label1\" content=\"Szerz\u0151:\" \/>\n\t<meta name=\"twitter:data1\" content=\"Tibor atya\" \/>\n\t<meta name=\"twitter:label2\" content=\"Becs\u00fclt olvas\u00e1si id\u0151\" \/>\n\t<meta name=\"twitter:data2\" content=\"3 perc\" \/>\n<script type=\"application\/ld+json\" class=\"yoast-schema-graph\">{\"@context\":\"https:\\\/\\\/schema.org\",\"@graph\":[{\"@type\":\"Article\",\"@id\":\"https:\\\/\\\/stuttgarti-katolikusok.de\\\/index.php\\\/hirdetesek\\\/#article\",\"isPartOf\":{\"@id\":\"https:\\\/\\\/stuttgarti-katolikusok.de\\\/index.php\\\/hirdetesek\\\/\"},\"author\":{\"name\":\"Tibor atya\",\"@id\":\"https:\\\/\\\/stuttgarti-katolikusok.de\\\/#\\\/schema\\\/person\\\/75908d6f8fdc03a57889d27209df7795\"},\"headline\":\"Hirdet\u00e9sek\",\"datePublished\":\"2016-10-08T08:53:43+00:00\",\"dateModified\":\"2016-10-15T10:32:03+00:00\",\"mainEntityOfPage\":{\"@id\":\"https:\\\/\\\/stuttgarti-katolikusok.de\\\/index.php\\\/hirdetesek\\\/\"},\"wordCount\":630,\"image\":{\"@id\":\"https:\\\/\\\/stuttgarti-katolikusok.de\\\/index.php\\\/hirdetesek\\\/#primaryimage\"},\"thumbnailUrl\":\"https:\\\/\\\/stuttgarti-katolikusok.de\\\/wp-content\\\/uploads\\\/2016\\\/10\\\/logo-regi.jpg\",\"articleSection\":[\"Hirdet\u00e9sek\"],\"inLanguage\":\"hu\"},{\"@type\":\"WebPage\",\"@id\":\"https:\\\/\\\/stuttgarti-katolikusok.de\\\/index.php\\\/hirdetesek\\\/\",\"url\":\"https:\\\/\\\/stuttgarti-katolikusok.de\\\/index.php\\\/hirdetesek\\\/\",\"name\":\"Hirdet\u00e9sek - Stuttgarti Katolikusok\",\"isPartOf\":{\"@id\":\"https:\\\/\\\/stuttgarti-katolikusok.de\\\/#website\"},\"primaryImageOfPage\":{\"@id\":\"https:\\\/\\\/stuttgarti-katolikusok.de\\\/index.php\\\/hirdetesek\\\/#primaryimage\"},\"image\":{\"@id\":\"https:\\\/\\\/stuttgarti-katolikusok.de\\\/index.php\\\/hirdetesek\\\/#primaryimage\"},\"thumbnailUrl\":\"https:\\\/\\\/stuttgarti-katolikusok.de\\\/wp-content\\\/uploads\\\/2016\\\/10\\\/logo-regi.jpg\",\"datePublished\":\"2016-10-08T08:53:43+00:00\",\"dateModified\":\"2016-10-15T10:32:03+00:00\",\"author\":{\"@id\":\"https:\\\/\\\/stuttgarti-katolikusok.de\\\/#\\\/schema\\\/person\\\/75908d6f8fdc03a57889d27209df7795\"},\"breadcrumb\":{\"@id\":\"https:\\\/\\\/stuttgarti-katolikusok.de\\\/index.php\\\/hirdetesek\\\/#breadcrumb\"},\"inLanguage\":\"hu\",\"potentialAction\":[{\"@type\":\"ReadAction\",\"target\":[\"https:\\\/\\\/stuttgarti-katolikusok.de\\\/index.php\\\/hirdetesek\\\/\"]}]},{\"@type\":\"ImageObject\",\"inLanguage\":\"hu\",\"@id\":\"https:\\\/\\\/stuttgarti-katolikusok.de\\\/index.php\\\/hirdetesek\\\/#primaryimage\",\"url\":\"https:\\\/\\\/stuttgarti-katolikusok.de\\\/wp-content\\\/uploads\\\/2016\\\/10\\\/logo-regi.jpg\",\"contentUrl\":\"https:\\\/\\\/stuttgarti-katolikusok.de\\\/wp-content\\\/uploads\\\/2016\\\/10\\\/logo-regi.jpg\",\"width\":160,\"height\":155},{\"@type\":\"BreadcrumbList\",\"@id\":\"https:\\\/\\\/stuttgarti-katolikusok.de\\\/index.php\\\/hirdetesek\\\/#breadcrumb\",\"itemListElement\":[{\"@type\":\"ListItem\",\"position\":1,\"name\":\"Kezd\u0151lap\",\"item\":\"https:\\\/\\\/stuttgarti-katolikusok.de\\\/\"},{\"@type\":\"ListItem\",\"position\":2,\"name\":\"Hirdet\u00e9sek\"}]},{\"@type\":\"WebSite\",\"@id\":\"https:\\\/\\\/stuttgarti-katolikusok.de\\\/#website\",\"url\":\"https:\\\/\\\/stuttgarti-katolikusok.de\\\/\",\"name\":\"Stuttgarti Katolikusok\",\"description\":\"\",\"potentialAction\":[{\"@type\":\"SearchAction\",\"target\":{\"@type\":\"EntryPoint\",\"urlTemplate\":\"https:\\\/\\\/stuttgarti-katolikusok.de\\\/?s={search_term_string}\"},\"query-input\":{\"@type\":\"PropertyValueSpecification\",\"valueRequired\":true,\"valueName\":\"search_term_string\"}}],\"inLanguage\":\"hu\"},{\"@type\":\"Person\",\"@id\":\"https:\\\/\\\/stuttgarti-katolikusok.de\\\/#\\\/schema\\\/person\\\/75908d6f8fdc03a57889d27209df7795\",\"name\":\"Tibor atya\",\"image\":{\"@type\":\"ImageObject\",\"inLanguage\":\"hu\",\"@id\":\"https:\\\/\\\/secure.gravatar.com\\\/avatar\\\/61d268e57d1f4525b111222e29d2d5a7f8c420fdbf231ba5566a8ceac74fa960?s=96&d=mm&r=g\",\"url\":\"https:\\\/\\\/secure.gravatar.com\\\/avatar\\\/61d268e57d1f4525b111222e29d2d5a7f8c420fdbf231ba5566a8ceac74fa960?s=96&d=mm&r=g\",\"contentUrl\":\"https:\\\/\\\/secure.gravatar.com\\\/avatar\\\/61d268e57d1f4525b111222e29d2d5a7f8c420fdbf231ba5566a8ceac74fa960?s=96&d=mm&r=g\",\"caption\":\"Tibor atya\"},\"url\":\"https:\\\/\\\/stuttgarti-katolikusok.de\\\/index.php\\\/author\\\/tibor-atya\\\/\"}]}<\/script>\n<!-- \/ Yoast SEO plugin. -->","yoast_head_json":{"title":"Hirdet\u00e9sek - Stuttgarti Katolikusok","robots":{"index":"index","follow":"follow","max-snippet":"max-snippet:-1","max-image-preview":"max-image-preview:large","max-video-preview":"max-video-preview:-1"},"canonical":"https:\/\/stuttgarti-katolikusok.de\/index.php\/hirdetesek\/","og_locale":"hu_HU","og_type":"article","og_title":"Hirdet\u00e9sek - Stuttgarti Katolikusok","og_description":"Hirdet\u00e9sek C \u00e9v 28. vas\u00e1rnapja &#8211; 2017. okt\u00f3ber 9 \u00e9s 16 k\u00f6z\u00f6tt \u0150szi gy\u0171jt\u00e9st hirdetek 4 d\u00e9lvid\u00e9ki szeg\u00e9ny iskol\u00e1s fiatalok, a Vicei \u00c1rvah\u00e1z 50, a Szatm\u00e1ri \u00e1rvah\u00e1z 70, B\u00f6jte atya 2000 gyermeke jav\u00e1ra, valamint a M\u00e1ria R\u00e1di\u00f3nak. K\u00f6vetkez\u0151 szentmis\u00e9nken v\u00e1rom adom\u00e1nyaitokat! Nemzeti \u00dcnnep\u00fcnket okt\u00f3ber 23-\u00e1n, tartjuk Stuttgart-ban, a Bruder Klaus templomban 15. \u00f3rakor. Az \u00f6kumenikus istentiszteleten G\u00e9mes P\u00e1l hirdet ig\u00e9t. Ut\u00e1na kis \u00fcnnepi m\u0171sor, vend\u00e9gsz\u00f3nokunk Szedl\u00e1k Vikt\u00f3ria Majd \u00e1g\u00e1p\u00e9val z\u00e1runk. Mindenkit szerettel v\u00e1runk! Okt\u00f3ber 29-\u00e9n, szombaton 15.00 \u00f3rakor, a Luther-Kirche K\u00f6z\u00f6ss\u00e9gi Term\u00e9ben az ERAK is eml\u00e9kezik. M\u0171sorukra mindenkit szeretettel v\u00e1rnak! November 1-\u00e9n, kedden, Mindenszentek \u00fcnnepe. 10.30 \u00f3rakor tal\u00e1lkozunk a Steinhaldenfeldi temet\u0151 bej\u00e1rat\u00e1n\u00e1l. El\u0151bb szentmise, majd temet\u0151l\u00e1togat\u00e1s. November 6-\u00e1n, vas\u00e1rnap, a 15.00 \u00f3rakor kezd\u0151d\u0151 szentmis\u00e9n a M\u00fcncheni K\u00f3rus szerepel, ut\u00e1na pedig egy r\u00f6vid j\u00f3t\u00e9konys\u00e1gi koncertet ad. Mindenkit szeretettel v\u00e1runk! (S) Amint l\u00e1tj\u00e1tok, \u00f6rvendetesen megn\u0151tt az \u00e1g\u00e1p\u00e9n r\u00e9sztvev\u0151k sz\u00e1ma. Ez \u00edgy helyes, hisz a szentmise ut\u00e1n az \u00e1g\u00e1p\u00e9 a legfontosabb. K\u00f6sz\u00f6net e helyen azoknak, akik benn\u00fcnket mindig ell\u00e1tnak! Ezeket azonban fel is kell szolg\u00e1lni. \u00c1g\u00e1p\u00e9-rendez\u0151k azonban \u2013 nagy sz\u00e1munkhoz k\u00e9pest \u2013 kevesen vannak. \u00dajakra van sz\u00fcks\u00e9g\u00fcnk! Mivel egy h\u00e1zasp\u00e1rnak ez neh\u00e9z, \u00e1lljanak \u00f6ssze ketten-h\u00e1rman a h\u00e1zasp\u00e1rok k\u00f6z\u00fcl, \u00e9s vezessenek le egy-egy vas\u00e1rnap-d\u00e9lut\u00e1nt. Biztosan akadnak k\u00f6ztetek ilyen k\u00f6z\u00f6ss\u00e9g\u00e9rt lelkesed\u0151, azt \u00edgy seg\u00edt\u0151, j\u00f3sz\u00e1nd\u00e9k\u00fa emberek! Jelentkezzenek h\u00e1t vagy n\u00e1lam, vagy az Irod\u00e1n, vagy pedig Zumb\u00fchl Csill\u00e1n\u00e1l \u00e9s Vilin\u00e9l, akik ennek a koordin\u00e1l\u00e1s\u00e1\u00e9rt j\u00f3sz\u00edvvel felel\u0151ss\u00e9get v\u00e1llaltak! El\u0151re is k\u00f6sz\u00f6n\u00f6m! Egyh\u00e1zk\u00f6zs\u00e9g\u00fcnk j\u00f6v\u0151 \u00e9v m\u00e1jus 22-e \u00e9s 28-a k\u00f6z\u00f6tt zar\u00e1ndoklatot szervez a Benelux-\u00e1llamok M\u00e1ria-kegyhelyeire. Aki sz\u00edvesen vel\u00fcnk tartana, jelentkezzen az Irod\u00e1n. Els\u0151\u00e1ldoz\u00e1sra illetve b\u00e9rm\u00e1lkoz\u00e1sra val\u00f3 felk\u00e9sz\u00edt\u0151t hirdetek. Akinek gyermeke vagy unok\u00e1ja ilyen korban van, \u00e9s szeretne ezekhez a szents\u00e9gekhez j\u00e1rulni, az jelentkezzen vagy n\u00e1lam, vagy az Irod\u00e1n. Azon fiatalok sz\u00e1m\u00e1ra, akik p\u00e1rv\u00e1laszt\u00e1s el\u0151tt \u00e1llnak \u00e9s ismerkedni szeretn\u00e9nek, az Egyh\u00e1zk\u00f6zs\u00e9g november 26-\u00e1n, szombaton este 19.00 \u00f3r\u00e1-t\u00f3l \u00fan. Szingli-B\u00e1lt Jelentkez\u00e9s az Irod\u00e1n. Meg\u00e9rkeztek B\u00f6jte-atya napt\u00e1rai&#8230; \u00c1ruk 4,-\u20ac. (FN) Legk\u00f6zelebb... R\u00e9szletek","og_url":"https:\/\/stuttgarti-katolikusok.de\/index.php\/hirdetesek\/","og_site_name":"Stuttgarti Katolikusok","article_published_time":"2016-10-08T08:53:43+00:00","article_modified_time":"2016-10-15T10:32:03+00:00","og_image":[{"width":160,"height":155,"url":"https:\/\/stuttgarti-katolikusok.de\/wp-content\/uploads\/2016\/10\/logo-regi.jpg","type":"image\/jpeg"}],"author":"Tibor atya","twitter_card":"summary_large_image","twitter_misc":{"Szerz\u0151:":"Tibor atya","Becs\u00fclt olvas\u00e1si id\u0151":"3 perc"},"schema":{"@context":"https:\/\/schema.org","@graph":[{"@type":"Article","@id":"https:\/\/stuttgarti-katolikusok.de\/index.php\/hirdetesek\/#article","isPartOf":{"@id":"https:\/\/stuttgarti-katolikusok.de\/index.php\/hirdetesek\/"},"author":{"name":"Tibor atya","@id":"https:\/\/stuttgarti-katolikusok.de\/#\/schema\/person\/75908d6f8fdc03a57889d27209df7795"},"headline":"Hirdet\u00e9sek","datePublished":"2016-10-08T08:53:43+00:00","dateModified":"2016-10-15T10:32:03+00:00","mainEntityOfPage":{"@id":"https:\/\/stuttgarti-katolikusok.de\/index.php\/hirdetesek\/"},"wordCount":630,"image":{"@id":"https:\/\/stuttgarti-katolikusok.de\/index.php\/hirdetesek\/#primaryimage"},"thumbnailUrl":"https:\/\/stuttgarti-katolikusok.de\/wp-content\/uploads\/2016\/10\/logo-regi.jpg","articleSection":["Hirdet\u00e9sek"],"inLanguage":"hu"},{"@type":"WebPage","@id":"https:\/\/stuttgarti-katolikusok.de\/index.php\/hirdetesek\/","url":"https:\/\/stuttgarti-katolikusok.de\/index.php\/hirdetesek\/","name":"Hirdet\u00e9sek - Stuttgarti Katolikusok","isPartOf":{"@id":"https:\/\/stuttgarti-katolikusok.de\/#website"},"primaryImageOfPage":{"@id":"https:\/\/stuttgarti-katolikusok.de\/index.php\/hirdetesek\/#primaryimage"},"image":{"@id":"https:\/\/stuttgarti-katolikusok.de\/index.php\/hirdetesek\/#primaryimage"},"thumbnailUrl":"https:\/\/stuttgarti-katolikusok.de\/wp-content\/uploads\/2016\/10\/logo-regi.jpg","datePublished":"2016-10-08T08:53:43+00:00","dateModified":"2016-10-15T10:32:03+00:00","author":{"@id":"https:\/\/stuttgarti-katolikusok.de\/#\/schema\/person\/75908d6f8fdc03a57889d27209df7795"},"breadcrumb":{"@id":"https:\/\/stuttgarti-katolikusok.de\/index.php\/hirdetesek\/#breadcrumb"},"inLanguage":"hu","potentialAction":[{"@type":"ReadAction","target":["https:\/\/stuttgarti-katolikusok.de\/index.php\/hirdetesek\/"]}]},{"@type":"ImageObject","inLanguage":"hu","@id":"https:\/\/stuttgarti-katolikusok.de\/index.php\/hirdetesek\/#primaryimage","url":"https:\/\/stuttgarti-katolikusok.de\/wp-content\/uploads\/2016\/10\/logo-regi.jpg","contentUrl":"https:\/\/stuttgarti-katolikusok.de\/wp-content\/uploads\/2016\/10\/logo-regi.jpg","width":160,"height":155},{"@type":"BreadcrumbList","@id":"https:\/\/stuttgarti-katolikusok.de\/index.php\/hirdetesek\/#breadcrumb","itemListElement":[{"@type":"ListItem","position":1,"name":"Kezd\u0151lap","item":"https:\/\/stuttgarti-katolikusok.de\/"},{"@type":"ListItem","position":2,"name":"Hirdet\u00e9sek"}]},{"@type":"WebSite","@id":"https:\/\/stuttgarti-katolikusok.de\/#website","url":"https:\/\/stuttgarti-katolikusok.de\/","name":"Stuttgarti Katolikusok","description":"","potentialAction":[{"@type":"SearchAction","target":{"@type":"EntryPoint","urlTemplate":"https:\/\/stuttgarti-katolikusok.de\/?s={search_term_string}"},"query-input":{"@type":"PropertyValueSpecification","valueRequired":true,"valueName":"search_term_string"}}],"inLanguage":"hu"},{"@type":"Person","@id":"https:\/\/stuttgarti-katolikusok.de\/#\/schema\/person\/75908d6f8fdc03a57889d27209df7795","name":"Tibor atya","image":{"@type":"ImageObject","inLanguage":"hu","@id":"https:\/\/secure.gravatar.com\/avatar\/61d268e57d1f4525b111222e29d2d5a7f8c420fdbf231ba5566a8ceac74fa960?s=96&d=mm&r=g","url":"https:\/\/secure.gravatar.com\/avatar\/61d268e57d1f4525b111222e29d2d5a7f8c420fdbf231ba5566a8ceac74fa960?s=96&d=mm&r=g","contentUrl":"https:\/\/secure.gravatar.com\/avatar\/61d268e57d1f4525b111222e29d2d5a7f8c420fdbf231ba5566a8ceac74fa960?s=96&d=mm&r=g","caption":"Tibor atya"},"url":"https:\/\/stuttgarti-katolikusok.de\/index.php\/author\/tibor-atya\/"}]}},"_links":{"self":[{"href":"https:\/\/stuttgarti-katolikusok.de\/index.php\/wp-json\/wp\/v2\/posts\/9989","targetHints":{"allow":["GET"]}}],"collection":[{"href":"https:\/\/stuttgarti-katolikusok.de\/index.php\/wp-json\/wp\/v2\/posts"}],"about":[{"href":"https:\/\/stuttgarti-katolikusok.de\/index.php\/wp-json\/wp\/v2\/types\/post"}],"author":[{"embeddable":true,"href":"https:\/\/stuttgarti-katolikusok.de\/index.php\/wp-json\/wp\/v2\/users\/3"}],"replies":[{"embeddable":true,"href":"https:\/\/stuttgarti-katolikusok.de\/index.php\/wp-json\/wp\/v2\/comments?post=9989"}],"version-history":[{"count":4,"href":"https:\/\/stuttgarti-katolikusok.de\/index.php\/wp-json\/wp\/v2\/posts\/9989\/revisions"}],"predecessor-version":[{"id":10032,"href":"https:\/\/stuttgarti-katolikusok.de\/index.php\/wp-json\/wp\/v2\/posts\/9989\/revisions\/10032"}],"wp:featuredmedia":[{"embeddable":true,"href":"https:\/\/stuttgarti-katolikusok.de\/index.php\/wp-json\/wp\/v2\/media\/9974"}],"wp:attachment":[{"href":"https:\/\/stuttgarti-katolikusok.de\/index.php\/wp-json\/wp\/v2\/media?parent=9989"}],"wp:term":[{"taxonomy":"category","embeddable":true,"href":"https:\/\/stuttgarti-katolikusok.de\/index.php\/wp-json\/wp\/v2\/categories?post=9989"},{"taxonomy":"post_tag","embeddable":true,"href":"https:\/\/stuttgarti-katolikusok.de\/index.php\/wp-json\/wp\/v2\/tags?post=9989"}],"curies":[{"name":"wp","href":"https:\/\/api.w.org\/{rel}","templated":true}]}}