{"id":9961,"date":"2016-10-04T05:37:59","date_gmt":"2016-10-04T05:37:59","guid":{"rendered":"https:\/\/gracious-dewdney.138-201-221-2.plesk.page\/?p=9961"},"modified":"2016-10-04T09:47:13","modified_gmt":"2016-10-04T09:47:13","slug":"hirdetesek-c-ev-27-vasarnapjara","status":"publish","type":"post","link":"https:\/\/stuttgarti-katolikusok.de\/index.php\/hirdetesek-c-ev-27-vasarnapjara\/","title":{"rendered":"Hirdet\u00e9sek"},"content":{"rendered":"<p><strong>Hirdet\u00e9sek C \u00e9v 27. vas\u00e1rnapj\u00e1ra &#8211; 2017. okt\u00f3ber 2. \u00e9s 9. k\u00f6z\u00f6tt<\/strong><\/p>\n<p>Most a szentmise ut\u00e1n <strong>\u00e1g\u00e1p\u00e9<\/strong><em>.<\/em> Mindenkit szeretettel v\u00e1runk!<\/p>\n<ul>\n<li><strong>(S) <\/strong>Most a szentmise ut\u00e1n Nagy Zolt\u00e1n, sz\u00e9kelyudvarhelyi tan\u00e1r tart filmr\u00e9szletekkel gazdag\u00edtott <strong>el\u0151ad\u00e1st<\/strong> Erd\u00e9ly nagy f\u0151p\u00e1sztor\u00e1r\u00f3l, M\u00e1rton \u00c1ronr\u00f3l. Mindenkit szeretettel v\u00e1runk!<\/li>\n<li><strong>\u0150szi gy\u0171jt\u00e9st hirdet\u00fcnk <\/strong>a k\u00f6vetkez\u0151 projektek jav\u00e1ra: D\u00e9lvid\u00e9ki tehets\u00e9ges, de szeg\u00e9ny iskol\u00e1s fiatalok sz\u00e1m\u00e1ra. A Vicei \u00c1rvah\u00e1z 50 gyermeke, y Szatm\u00e1ri Szent Rita \u00e1rvah\u00e1z 70 gyermeke, \u00e9s B\u00f6jte atya sz\u00e1mtalan gyermeke sz\u00e1m\u00e1ra, valamint a M\u00e1ria R\u00e1di\u00f3 megseg\u00edt\u00e9s\u00e9re. Seg\u00edts\u00fcnk j\u00f3 sz\u00edvvel \u00e9s egy\u00fctt\u00e9rz\u0151 szeretettel otthon k\u00fczk\u00f6d\u0151 testv\u00e9reinken! A k\u00f6vetkez\u0151 alkalommal erre a c\u00e9lra is hozzatok magatokkal adom\u00e1nyt. El\u0151re is k\u00f6sz\u00f6nj\u00fck!<\/li>\n<li><strong>Okt\u00f3ber 8-\u00e1n, <\/strong>szombaton este 19.00 \u00f3rakor <strong>Stuttgartban<\/strong>, a Bruder-Klaus templomban <strong>Bal\u00e1zs Fec\u00f3 koncert <\/strong> Aki szeretne r\u00e9szt venni rajta, az r\u00e9szv\u00e9teli sz\u00e1nd\u00e9k\u00e1t vagy a Magyar Kult\u00farint\u00e9zet vagy Egyh\u00e1zk\u00f6zs\u00e9g\u00fcnk Irod\u00e1j\u00e1n jelentse be.<\/li>\n<li><strong>Okt\u00f3ber 16-\u00e1n, <\/strong>vas\u00e1rnap, <strong>Stuttgartban<\/strong> a d\u00e9li szentmise ut\u00e1n 13.00 \u00f3r\u00e1t\u00f3l az <strong>Aranykapu<\/strong> zenekar <strong>koncertet<\/strong> ad gyermekeink sz\u00e1m\u00e1ra. A bel\u00e9p\u0151 5,-\u20ac, de aki ismeri \u0151ket, tudja: nem fogj\u00e1tok megb\u00e1nni. Mindenkit, de k\u00fcl\u00f6n\u00f6sk\u00e9ppen a gyermekes csal\u00e1dokat szeretettel v\u00e1rjuk!<\/li>\n<li>M\u00e1r most szeretn\u00e9m felh\u00edvni kedves figyelmeteket arra, hogy <strong>Nemzeti \u00dcnnep\u00fcnk<\/strong>et okt\u00f3ber 23-\u00e1n, vas\u00e1rnap tartjuk Stuttgartban, a Bruder Klaus templomban. Az \u00f6kumenikus istentiszteleten <em> G\u00e9mes P\u00e1l<\/em> hirdet ig\u00e9t. Ut\u00e1na kis \u00fcnnepi m\u0171sor, vend\u00e9gsz\u00f3nokunk <em>Szedl\u00e1k Vikt\u00f3ria <\/em>konzulasszony. Majd \u00e1g\u00e1p\u00e9val z\u00e1runk. Mindenkit szerettel v\u00e1runk!<\/li>\n<li>Amint l\u00e1tj\u00e1tok, <strong>Stuttgartban<\/strong> \u00f6rvendetesen megn\u0151tt az \u00e1g\u00e1p\u00e9n r\u00e9sztvev\u0151k sz\u00e1ma. Ez \u00edgy helyes, hisz a szentmise ut\u00e1n az \u00e1g\u00e1p\u00e9 a legfontosabb. Ott besz\u00e9lhetj\u00fck meg dolgainkat, amit h\u00e9tk\u00f6zben m\u00e1ssal vagy m\u00e1s nyelven nem tudunk, illetve nem akarunk. Ott tal\u00e1lkozhatunk, ott t\u00f6lt\u0151dhet\u00fcnk fel a k\u00f6vetkez\u0151 napokra, hetekre, s nem utols\u00f3sorban ott ihatunk meg egy j\u00f3 k\u00e1v\u00e9t, te\u00e1t vagy ehet\u00fcnk meg egy s\u00fctit&#8230; K\u00f6sz\u00f6net e helyen aztoknak, akik benn\u00fcnket ezekkel mindig ell\u00e1tnak! Ezeket azonban fel is kell szolg\u00e1lni. Felszolg\u00e1l\u00f3k, <strong>\u00e1g\u00e1p\u00e9-rendez\u0151k<\/strong> azonban \u2013 nagy sz\u00e1munkhoz k\u00e9pest \u2013 kevesen vannak. \u00dajakra van sz\u00fcks\u00e9g\u00fcnk! Mivel egyetlen egy h\u00e1zasp\u00e1rnak ez neh\u00e9z feladat, \u00e1lljanak \u00f6ssze ketten-h\u00e1rman, \u00e9s vezessenek le egy\u00fctt egy-egy vas\u00e1rnapi \u00e1g\u00e1p\u00e9t. Nem is merek gondolni arra, hogy nem akadnak k\u00f6ztetek ilyen k\u00f6z\u00f6ss\u00e9g\u00e9rt lelkesed\u0151, azt \u00edgy seg\u00edt\u0151, j\u00f3sz\u00e1nd\u00e9k\u00fa emberek! Jelentkezzenek h\u00e1t vagy n\u00e1lam, vagy az Irod\u00e1n, vagy pedig Zumb\u00fchl Csill\u00e1n\u00e1l \u00e9s Vilin\u00e9l, akik ennek a koordin\u00e1l\u00e1s\u00e1\u00e9rt j\u00f3sz\u00edvvel felel\u0151ss\u00e9get v\u00e1llaltak! El\u0151re is k\u00f6sz\u00f6n\u00f6m!<\/li>\n<li>Egyh\u00e1zk\u00f6zs\u00e9g\u00fcnk j\u00f6v\u0151 \u00e9v m\u00e1jus 22-e \u00e9s 28-a k\u00f6z\u00f6tt <strong>zar\u00e1ndoklatot <\/strong>szervez a <strong>Benelux-\u00e1llamok M\u00e1ria-kegyhelyeire<\/strong>. Aki sz\u00edvesen vel\u00fcnk tartana, jelentkezzen az Irod\u00e1n.<\/li>\n<li><strong>Els\u0151\u00e1ldoz\u00e1sra<\/strong> illetve <strong>b\u00e9rm\u00e1lkoz\u00e1sra<\/strong> val\u00f3 felk\u00e9sz\u00edt\u0151t hirdet\u00fcnk. Akinek a gyermeke vagy unok\u00e1ja ilyen korban van, \u00e9s szeretne ezekhez a szents\u00e9gekhez j\u00e1rulni, az jelentkezzen vagy n\u00e1lunk, vagy az Irod\u00e1n.<\/li>\n<li>Azon fiatalok sz\u00e1m\u00e1ra, akik p\u00e1rv\u00e1laszt\u00e1s el\u0151tt \u00e1llnak \u00e9s ismerkedni szeretn\u00e9nek, az Egyh\u00e1zk\u00f6zs\u00e9g Stuttgartban <strong>november 26-\u00e1n<\/strong>, szombaton este 19.00 \u00f3r\u00e1t\u00f3l \u00fan. <strong>Szingli-B\u00e1lt<\/strong> Jelentkez\u00e9s az Irod\u00e1n.<\/li>\n<li><strong>(GD) Legk\u00f6zelebb<\/strong> november 6-\u00e1n <strong>tal\u00e1lkozunk<\/strong> a szokott id\u0151ben!<\/li>\n<li><strong>(S) <\/strong>Legk\u00f6zelebb <strong>okt\u00f3ber 16-\u00e1n<\/strong> tal\u00e1lkozunk 12.00 \u00f3rakor.<\/li>\n<li>(<strong>B) <\/strong>Legk\u00f6zelebb <strong>november 5-\u00e9n<\/strong> tal\u00e1lkozunk a szokott id\u0151ben!<\/li>\n<li><strong>(MK) <\/strong>Legk\u00f6zelebb november 6-\u00e1n tal\u00e1lkozunk a szokott id\u0151ben!<\/li>\n<li><strong>(UL) Okt\u00f3ber 9-\u00e9n<\/strong>, vas\u00e1rnap, 15.00 \u00f3rakor <strong>Ulmban<\/strong> <strong>templomb\u00facs\u00fa<\/strong>: <strong>Magyarok Nagyasszonya<\/strong> \u00fcnnepe. Szentmise v\u00e9gezt\u00e9vel term\u00e9szetesen \u00e1g\u00e1p\u00e9. Tisztelj\u00fck meg jelenl\u00e9t\u00fcnkkel! K\u00fcl\u00f6n\u00f6sen a k\u00f6zeli egyh\u00e1zk\u00f6zs\u00e9geink (Biberach, Heidenheim, Eislingen \u00e9s Munderkingen) h\u00edveire sz\u00e1m\u00edtunk!<\/li>\n<\/ul>\n","protected":false},"excerpt":{"rendered":"<p>Hirdet\u00e9sek C \u00e9v 27. vas\u00e1rnapj\u00e1ra &#8211; 2017. okt\u00f3ber 2. \u00e9s 9. k\u00f6z\u00f6tt Most a szentmise ut\u00e1n \u00e1g\u00e1p\u00e9. Mindenkit szeretettel v\u00e1runk! (S) Most a szentmise ut\u00e1n Nagy Zolt\u00e1n, sz\u00e9kelyudvarhelyi tan\u00e1r tart filmr\u00e9szletekkel gazdag\u00edtott el\u0151ad\u00e1st Erd\u00e9ly nagy f\u0151p\u00e1sztor\u00e1r\u00f3l, M\u00e1rton \u00c1ronr\u00f3l. Mindenkit szeretettel v\u00e1runk! \u0150szi gy\u0171jt\u00e9st hirdet\u00fcnk a k\u00f6vetkez\u0151 projektek jav\u00e1ra: D\u00e9lvid\u00e9ki tehets\u00e9ges, de szeg\u00e9ny iskol\u00e1s fiatalok sz\u00e1m\u00e1ra. A Vicei \u00c1rvah\u00e1z 50 gyermeke, y Szatm\u00e1ri Szent Rita \u00e1rvah\u00e1z 70 gyermeke, \u00e9s B\u00f6jte atya sz\u00e1mtalan gyermeke sz\u00e1m\u00e1ra, valamint a M\u00e1ria R\u00e1di\u00f3 megseg\u00edt\u00e9s\u00e9re. Seg\u00edts\u00fcnk j\u00f3 sz\u00edvvel \u00e9s egy\u00fctt\u00e9rz\u0151 szeretettel otthon k\u00fczk\u00f6d\u0151 testv\u00e9reinken! A k\u00f6vetkez\u0151 alkalommal erre a c\u00e9lra is hozzatok magatokkal adom\u00e1nyt. El\u0151re is k\u00f6sz\u00f6nj\u00fck! Okt\u00f3ber 8-\u00e1n, szombaton este 19.00 \u00f3rakor Stuttgartban, a Bruder-Klaus templomban Bal\u00e1zs Fec\u00f3 koncert Aki szeretne r\u00e9szt venni rajta, az r\u00e9szv\u00e9teli sz\u00e1nd\u00e9k\u00e1t vagy a Magyar Kult\u00farint\u00e9zet vagy Egyh\u00e1zk\u00f6zs\u00e9g\u00fcnk Irod\u00e1j\u00e1n jelentse be. Okt\u00f3ber 16-\u00e1n, vas\u00e1rnap, Stuttgartban a d\u00e9li szentmise ut\u00e1n 13.00 \u00f3r\u00e1t\u00f3l az Aranykapu zenekar koncertet ad gyermekeink sz\u00e1m\u00e1ra. A bel\u00e9p\u0151 5,-\u20ac, de aki ismeri \u0151ket, tudja: nem fogj\u00e1tok megb\u00e1nni. Mindenkit, de k\u00fcl\u00f6n\u00f6sk\u00e9ppen a gyermekes csal\u00e1dokat szeretettel v\u00e1rjuk! M\u00e1r most szeretn\u00e9m felh\u00edvni kedves figyelmeteket arra, hogy Nemzeti \u00dcnnep\u00fcnket okt\u00f3ber 23-\u00e1n, vas\u00e1rnap tartjuk Stuttgartban, a Bruder Klaus templomban. Az \u00f6kumenikus istentiszteleten G\u00e9mes P\u00e1l hirdet ig\u00e9t. Ut\u00e1na kis \u00fcnnepi m\u0171sor, vend\u00e9gsz\u00f3nokunk Szedl\u00e1k Vikt\u00f3ria konzulasszony. Majd \u00e1g\u00e1p\u00e9val z\u00e1runk. Mindenkit szerettel v\u00e1runk! Amint l\u00e1tj\u00e1tok, Stuttgartban \u00f6rvendetesen megn\u0151tt az \u00e1g\u00e1p\u00e9n r\u00e9sztvev\u0151k sz\u00e1ma. Ez \u00edgy helyes, hisz a szentmise ut\u00e1n az \u00e1g\u00e1p\u00e9 a legfontosabb. Ott besz\u00e9lhetj\u00fck meg dolgainkat, amit h\u00e9tk\u00f6zben m\u00e1ssal vagy m\u00e1s nyelven nem tudunk, illetve nem akarunk. Ott tal\u00e1lkozhatunk, ott t\u00f6lt\u0151dhet\u00fcnk fel a k\u00f6vetkez\u0151 napokra, hetekre, s nem utols\u00f3sorban ott ihatunk meg egy j\u00f3 k\u00e1v\u00e9t, te\u00e1t vagy ehet\u00fcnk meg egy s\u00fctit&#8230; K\u00f6sz\u00f6net e helyen aztoknak, akik benn\u00fcnket ezekkel mindig ell\u00e1tnak! Ezeket azonban fel is kell szolg\u00e1lni. Felszolg\u00e1l\u00f3k, \u00e1g\u00e1p\u00e9-rendez\u0151k azonban \u2013 nagy sz\u00e1munkhoz k\u00e9pest \u2013 kevesen vannak. \u00dajakra van sz\u00fcks\u00e9g\u00fcnk! Mivel egyetlen egy h\u00e1zasp\u00e1rnak ez neh\u00e9z feladat,&#8230; <\/p>\n<p><a class=\"readmore\" href=\"https:\/\/stuttgarti-katolikusok.de\/index.php\/hirdetesek-c-ev-27-vasarnapjara\/\">R\u00e9szletek<\/a><\/p>\n","protected":false},"author":3,"featured_media":9974,"comment_status":"closed","ping_status":"closed","sticky":false,"template":"","format":"standard","meta":{"footnotes":""},"categories":[52],"tags":[],"class_list":["post-9961","post","type-post","status-publish","format-standard","has-post-thumbnail","hentry","category-hirdetesek"],"yoast_head":"<!-- This site is optimized with the Yoast SEO plugin v27.3 - https:\/\/yoast.com\/product\/yoast-seo-wordpress\/ -->\n<title>Hirdet\u00e9sek - Stuttgarti Katolikusok<\/title>\n<meta name=\"robots\" content=\"index, follow, max-snippet:-1, max-image-preview:large, max-video-preview:-1\" \/>\n<link rel=\"canonical\" href=\"https:\/\/stuttgarti-katolikusok.de\/index.php\/hirdetesek-c-ev-27-vasarnapjara\/\" \/>\n<meta property=\"og:locale\" content=\"hu_HU\" \/>\n<meta property=\"og:type\" content=\"article\" \/>\n<meta property=\"og:title\" content=\"Hirdet\u00e9sek - Stuttgarti Katolikusok\" \/>\n<meta property=\"og:description\" content=\"Hirdet\u00e9sek C \u00e9v 27. vas\u00e1rnapj\u00e1ra &#8211; 2017. okt\u00f3ber 2. \u00e9s 9. k\u00f6z\u00f6tt Most a szentmise ut\u00e1n \u00e1g\u00e1p\u00e9. Mindenkit szeretettel v\u00e1runk! (S) Most a szentmise ut\u00e1n Nagy Zolt\u00e1n, sz\u00e9kelyudvarhelyi tan\u00e1r tart filmr\u00e9szletekkel gazdag\u00edtott el\u0151ad\u00e1st Erd\u00e9ly nagy f\u0151p\u00e1sztor\u00e1r\u00f3l, M\u00e1rton \u00c1ronr\u00f3l. Mindenkit szeretettel v\u00e1runk! \u0150szi gy\u0171jt\u00e9st hirdet\u00fcnk a k\u00f6vetkez\u0151 projektek jav\u00e1ra: D\u00e9lvid\u00e9ki tehets\u00e9ges, de szeg\u00e9ny iskol\u00e1s fiatalok sz\u00e1m\u00e1ra. A Vicei \u00c1rvah\u00e1z 50 gyermeke, y Szatm\u00e1ri Szent Rita \u00e1rvah\u00e1z 70 gyermeke, \u00e9s B\u00f6jte atya sz\u00e1mtalan gyermeke sz\u00e1m\u00e1ra, valamint a M\u00e1ria R\u00e1di\u00f3 megseg\u00edt\u00e9s\u00e9re. Seg\u00edts\u00fcnk j\u00f3 sz\u00edvvel \u00e9s egy\u00fctt\u00e9rz\u0151 szeretettel otthon k\u00fczk\u00f6d\u0151 testv\u00e9reinken! A k\u00f6vetkez\u0151 alkalommal erre a c\u00e9lra is hozzatok magatokkal adom\u00e1nyt. El\u0151re is k\u00f6sz\u00f6nj\u00fck! Okt\u00f3ber 8-\u00e1n, szombaton este 19.00 \u00f3rakor Stuttgartban, a Bruder-Klaus templomban Bal\u00e1zs Fec\u00f3 koncert Aki szeretne r\u00e9szt venni rajta, az r\u00e9szv\u00e9teli sz\u00e1nd\u00e9k\u00e1t vagy a Magyar Kult\u00farint\u00e9zet vagy Egyh\u00e1zk\u00f6zs\u00e9g\u00fcnk Irod\u00e1j\u00e1n jelentse be. Okt\u00f3ber 16-\u00e1n, vas\u00e1rnap, Stuttgartban a d\u00e9li szentmise ut\u00e1n 13.00 \u00f3r\u00e1t\u00f3l az Aranykapu zenekar koncertet ad gyermekeink sz\u00e1m\u00e1ra. A bel\u00e9p\u0151 5,-\u20ac, de aki ismeri \u0151ket, tudja: nem fogj\u00e1tok megb\u00e1nni. Mindenkit, de k\u00fcl\u00f6n\u00f6sk\u00e9ppen a gyermekes csal\u00e1dokat szeretettel v\u00e1rjuk! M\u00e1r most szeretn\u00e9m felh\u00edvni kedves figyelmeteket arra, hogy Nemzeti \u00dcnnep\u00fcnket okt\u00f3ber 23-\u00e1n, vas\u00e1rnap tartjuk Stuttgartban, a Bruder Klaus templomban. Az \u00f6kumenikus istentiszteleten G\u00e9mes P\u00e1l hirdet ig\u00e9t. Ut\u00e1na kis \u00fcnnepi m\u0171sor, vend\u00e9gsz\u00f3nokunk Szedl\u00e1k Vikt\u00f3ria konzulasszony. Majd \u00e1g\u00e1p\u00e9val z\u00e1runk. Mindenkit szerettel v\u00e1runk! Amint l\u00e1tj\u00e1tok, Stuttgartban \u00f6rvendetesen megn\u0151tt az \u00e1g\u00e1p\u00e9n r\u00e9sztvev\u0151k sz\u00e1ma. Ez \u00edgy helyes, hisz a szentmise ut\u00e1n az \u00e1g\u00e1p\u00e9 a legfontosabb. Ott besz\u00e9lhetj\u00fck meg dolgainkat, amit h\u00e9tk\u00f6zben m\u00e1ssal vagy m\u00e1s nyelven nem tudunk, illetve nem akarunk. Ott tal\u00e1lkozhatunk, ott t\u00f6lt\u0151dhet\u00fcnk fel a k\u00f6vetkez\u0151 napokra, hetekre, s nem utols\u00f3sorban ott ihatunk meg egy j\u00f3 k\u00e1v\u00e9t, te\u00e1t vagy ehet\u00fcnk meg egy s\u00fctit&#8230; K\u00f6sz\u00f6net e helyen aztoknak, akik benn\u00fcnket ezekkel mindig ell\u00e1tnak! Ezeket azonban fel is kell szolg\u00e1lni. Felszolg\u00e1l\u00f3k, \u00e1g\u00e1p\u00e9-rendez\u0151k azonban \u2013 nagy sz\u00e1munkhoz k\u00e9pest \u2013 kevesen vannak. \u00dajakra van sz\u00fcks\u00e9g\u00fcnk! Mivel egyetlen egy h\u00e1zasp\u00e1rnak ez neh\u00e9z feladat,... R\u00e9szletek\" \/>\n<meta property=\"og:url\" content=\"https:\/\/stuttgarti-katolikusok.de\/index.php\/hirdetesek-c-ev-27-vasarnapjara\/\" \/>\n<meta property=\"og:site_name\" content=\"Stuttgarti Katolikusok\" \/>\n<meta property=\"article:published_time\" content=\"2016-10-04T05:37:59+00:00\" \/>\n<meta property=\"article:modified_time\" content=\"2016-10-04T09:47:13+00:00\" \/>\n<meta property=\"og:image\" content=\"https:\/\/stuttgarti-katolikusok.de\/wp-content\/uploads\/2016\/10\/logo-regi.jpg\" \/>\n\t<meta property=\"og:image:width\" content=\"160\" \/>\n\t<meta property=\"og:image:height\" content=\"155\" \/>\n\t<meta property=\"og:image:type\" content=\"image\/jpeg\" \/>\n<meta name=\"author\" content=\"Tibor atya\" \/>\n<meta name=\"twitter:card\" content=\"summary_large_image\" \/>\n<meta name=\"twitter:label1\" content=\"Szerz\u0151:\" \/>\n\t<meta name=\"twitter:data1\" content=\"Tibor atya\" \/>\n\t<meta name=\"twitter:label2\" content=\"Becs\u00fclt olvas\u00e1si id\u0151\" \/>\n\t<meta name=\"twitter:data2\" content=\"4 perc\" \/>\n<script type=\"application\/ld+json\" class=\"yoast-schema-graph\">{\"@context\":\"https:\\\/\\\/schema.org\",\"@graph\":[{\"@type\":\"Article\",\"@id\":\"https:\\\/\\\/stuttgarti-katolikusok.de\\\/index.php\\\/hirdetesek-c-ev-27-vasarnapjara\\\/#article\",\"isPartOf\":{\"@id\":\"https:\\\/\\\/stuttgarti-katolikusok.de\\\/index.php\\\/hirdetesek-c-ev-27-vasarnapjara\\\/\"},\"author\":{\"name\":\"Tibor atya\",\"@id\":\"https:\\\/\\\/stuttgarti-katolikusok.de\\\/#\\\/schema\\\/person\\\/75908d6f8fdc03a57889d27209df7795\"},\"headline\":\"Hirdet\u00e9sek\",\"datePublished\":\"2016-10-04T05:37:59+00:00\",\"dateModified\":\"2016-10-04T09:47:13+00:00\",\"mainEntityOfPage\":{\"@id\":\"https:\\\/\\\/stuttgarti-katolikusok.de\\\/index.php\\\/hirdetesek-c-ev-27-vasarnapjara\\\/\"},\"wordCount\":748,\"image\":{\"@id\":\"https:\\\/\\\/stuttgarti-katolikusok.de\\\/index.php\\\/hirdetesek-c-ev-27-vasarnapjara\\\/#primaryimage\"},\"thumbnailUrl\":\"https:\\\/\\\/stuttgarti-katolikusok.de\\\/wp-content\\\/uploads\\\/2016\\\/10\\\/logo-regi.jpg\",\"articleSection\":[\"Hirdet\u00e9sek\"],\"inLanguage\":\"hu\"},{\"@type\":\"WebPage\",\"@id\":\"https:\\\/\\\/stuttgarti-katolikusok.de\\\/index.php\\\/hirdetesek-c-ev-27-vasarnapjara\\\/\",\"url\":\"https:\\\/\\\/stuttgarti-katolikusok.de\\\/index.php\\\/hirdetesek-c-ev-27-vasarnapjara\\\/\",\"name\":\"Hirdet\u00e9sek - Stuttgarti Katolikusok\",\"isPartOf\":{\"@id\":\"https:\\\/\\\/stuttgarti-katolikusok.de\\\/#website\"},\"primaryImageOfPage\":{\"@id\":\"https:\\\/\\\/stuttgarti-katolikusok.de\\\/index.php\\\/hirdetesek-c-ev-27-vasarnapjara\\\/#primaryimage\"},\"image\":{\"@id\":\"https:\\\/\\\/stuttgarti-katolikusok.de\\\/index.php\\\/hirdetesek-c-ev-27-vasarnapjara\\\/#primaryimage\"},\"thumbnailUrl\":\"https:\\\/\\\/stuttgarti-katolikusok.de\\\/wp-content\\\/uploads\\\/2016\\\/10\\\/logo-regi.jpg\",\"datePublished\":\"2016-10-04T05:37:59+00:00\",\"dateModified\":\"2016-10-04T09:47:13+00:00\",\"author\":{\"@id\":\"https:\\\/\\\/stuttgarti-katolikusok.de\\\/#\\\/schema\\\/person\\\/75908d6f8fdc03a57889d27209df7795\"},\"breadcrumb\":{\"@id\":\"https:\\\/\\\/stuttgarti-katolikusok.de\\\/index.php\\\/hirdetesek-c-ev-27-vasarnapjara\\\/#breadcrumb\"},\"inLanguage\":\"hu\",\"potentialAction\":[{\"@type\":\"ReadAction\",\"target\":[\"https:\\\/\\\/stuttgarti-katolikusok.de\\\/index.php\\\/hirdetesek-c-ev-27-vasarnapjara\\\/\"]}]},{\"@type\":\"ImageObject\",\"inLanguage\":\"hu\",\"@id\":\"https:\\\/\\\/stuttgarti-katolikusok.de\\\/index.php\\\/hirdetesek-c-ev-27-vasarnapjara\\\/#primaryimage\",\"url\":\"https:\\\/\\\/stuttgarti-katolikusok.de\\\/wp-content\\\/uploads\\\/2016\\\/10\\\/logo-regi.jpg\",\"contentUrl\":\"https:\\\/\\\/stuttgarti-katolikusok.de\\\/wp-content\\\/uploads\\\/2016\\\/10\\\/logo-regi.jpg\",\"width\":160,\"height\":155},{\"@type\":\"BreadcrumbList\",\"@id\":\"https:\\\/\\\/stuttgarti-katolikusok.de\\\/index.php\\\/hirdetesek-c-ev-27-vasarnapjara\\\/#breadcrumb\",\"itemListElement\":[{\"@type\":\"ListItem\",\"position\":1,\"name\":\"Kezd\u0151lap\",\"item\":\"https:\\\/\\\/stuttgarti-katolikusok.de\\\/\"},{\"@type\":\"ListItem\",\"position\":2,\"name\":\"Hirdet\u00e9sek\"}]},{\"@type\":\"WebSite\",\"@id\":\"https:\\\/\\\/stuttgarti-katolikusok.de\\\/#website\",\"url\":\"https:\\\/\\\/stuttgarti-katolikusok.de\\\/\",\"name\":\"Stuttgarti Katolikusok\",\"description\":\"\",\"potentialAction\":[{\"@type\":\"SearchAction\",\"target\":{\"@type\":\"EntryPoint\",\"urlTemplate\":\"https:\\\/\\\/stuttgarti-katolikusok.de\\\/?s={search_term_string}\"},\"query-input\":{\"@type\":\"PropertyValueSpecification\",\"valueRequired\":true,\"valueName\":\"search_term_string\"}}],\"inLanguage\":\"hu\"},{\"@type\":\"Person\",\"@id\":\"https:\\\/\\\/stuttgarti-katolikusok.de\\\/#\\\/schema\\\/person\\\/75908d6f8fdc03a57889d27209df7795\",\"name\":\"Tibor atya\",\"image\":{\"@type\":\"ImageObject\",\"inLanguage\":\"hu\",\"@id\":\"https:\\\/\\\/secure.gravatar.com\\\/avatar\\\/61d268e57d1f4525b111222e29d2d5a7f8c420fdbf231ba5566a8ceac74fa960?s=96&d=mm&r=g\",\"url\":\"https:\\\/\\\/secure.gravatar.com\\\/avatar\\\/61d268e57d1f4525b111222e29d2d5a7f8c420fdbf231ba5566a8ceac74fa960?s=96&d=mm&r=g\",\"contentUrl\":\"https:\\\/\\\/secure.gravatar.com\\\/avatar\\\/61d268e57d1f4525b111222e29d2d5a7f8c420fdbf231ba5566a8ceac74fa960?s=96&d=mm&r=g\",\"caption\":\"Tibor atya\"},\"url\":\"https:\\\/\\\/stuttgarti-katolikusok.de\\\/index.php\\\/author\\\/tibor-atya\\\/\"}]}<\/script>\n<!-- \/ Yoast SEO plugin. -->","yoast_head_json":{"title":"Hirdet\u00e9sek - Stuttgarti Katolikusok","robots":{"index":"index","follow":"follow","max-snippet":"max-snippet:-1","max-image-preview":"max-image-preview:large","max-video-preview":"max-video-preview:-1"},"canonical":"https:\/\/stuttgarti-katolikusok.de\/index.php\/hirdetesek-c-ev-27-vasarnapjara\/","og_locale":"hu_HU","og_type":"article","og_title":"Hirdet\u00e9sek - Stuttgarti Katolikusok","og_description":"Hirdet\u00e9sek C \u00e9v 27. vas\u00e1rnapj\u00e1ra &#8211; 2017. okt\u00f3ber 2. \u00e9s 9. k\u00f6z\u00f6tt Most a szentmise ut\u00e1n \u00e1g\u00e1p\u00e9. Mindenkit szeretettel v\u00e1runk! (S) Most a szentmise ut\u00e1n Nagy Zolt\u00e1n, sz\u00e9kelyudvarhelyi tan\u00e1r tart filmr\u00e9szletekkel gazdag\u00edtott el\u0151ad\u00e1st Erd\u00e9ly nagy f\u0151p\u00e1sztor\u00e1r\u00f3l, M\u00e1rton \u00c1ronr\u00f3l. Mindenkit szeretettel v\u00e1runk! \u0150szi gy\u0171jt\u00e9st hirdet\u00fcnk a k\u00f6vetkez\u0151 projektek jav\u00e1ra: D\u00e9lvid\u00e9ki tehets\u00e9ges, de szeg\u00e9ny iskol\u00e1s fiatalok sz\u00e1m\u00e1ra. A Vicei \u00c1rvah\u00e1z 50 gyermeke, y Szatm\u00e1ri Szent Rita \u00e1rvah\u00e1z 70 gyermeke, \u00e9s B\u00f6jte atya sz\u00e1mtalan gyermeke sz\u00e1m\u00e1ra, valamint a M\u00e1ria R\u00e1di\u00f3 megseg\u00edt\u00e9s\u00e9re. Seg\u00edts\u00fcnk j\u00f3 sz\u00edvvel \u00e9s egy\u00fctt\u00e9rz\u0151 szeretettel otthon k\u00fczk\u00f6d\u0151 testv\u00e9reinken! A k\u00f6vetkez\u0151 alkalommal erre a c\u00e9lra is hozzatok magatokkal adom\u00e1nyt. El\u0151re is k\u00f6sz\u00f6nj\u00fck! Okt\u00f3ber 8-\u00e1n, szombaton este 19.00 \u00f3rakor Stuttgartban, a Bruder-Klaus templomban Bal\u00e1zs Fec\u00f3 koncert Aki szeretne r\u00e9szt venni rajta, az r\u00e9szv\u00e9teli sz\u00e1nd\u00e9k\u00e1t vagy a Magyar Kult\u00farint\u00e9zet vagy Egyh\u00e1zk\u00f6zs\u00e9g\u00fcnk Irod\u00e1j\u00e1n jelentse be. Okt\u00f3ber 16-\u00e1n, vas\u00e1rnap, Stuttgartban a d\u00e9li szentmise ut\u00e1n 13.00 \u00f3r\u00e1t\u00f3l az Aranykapu zenekar koncertet ad gyermekeink sz\u00e1m\u00e1ra. A bel\u00e9p\u0151 5,-\u20ac, de aki ismeri \u0151ket, tudja: nem fogj\u00e1tok megb\u00e1nni. Mindenkit, de k\u00fcl\u00f6n\u00f6sk\u00e9ppen a gyermekes csal\u00e1dokat szeretettel v\u00e1rjuk! M\u00e1r most szeretn\u00e9m felh\u00edvni kedves figyelmeteket arra, hogy Nemzeti \u00dcnnep\u00fcnket okt\u00f3ber 23-\u00e1n, vas\u00e1rnap tartjuk Stuttgartban, a Bruder Klaus templomban. Az \u00f6kumenikus istentiszteleten G\u00e9mes P\u00e1l hirdet ig\u00e9t. Ut\u00e1na kis \u00fcnnepi m\u0171sor, vend\u00e9gsz\u00f3nokunk Szedl\u00e1k Vikt\u00f3ria konzulasszony. Majd \u00e1g\u00e1p\u00e9val z\u00e1runk. Mindenkit szerettel v\u00e1runk! Amint l\u00e1tj\u00e1tok, Stuttgartban \u00f6rvendetesen megn\u0151tt az \u00e1g\u00e1p\u00e9n r\u00e9sztvev\u0151k sz\u00e1ma. Ez \u00edgy helyes, hisz a szentmise ut\u00e1n az \u00e1g\u00e1p\u00e9 a legfontosabb. Ott besz\u00e9lhetj\u00fck meg dolgainkat, amit h\u00e9tk\u00f6zben m\u00e1ssal vagy m\u00e1s nyelven nem tudunk, illetve nem akarunk. Ott tal\u00e1lkozhatunk, ott t\u00f6lt\u0151dhet\u00fcnk fel a k\u00f6vetkez\u0151 napokra, hetekre, s nem utols\u00f3sorban ott ihatunk meg egy j\u00f3 k\u00e1v\u00e9t, te\u00e1t vagy ehet\u00fcnk meg egy s\u00fctit&#8230; K\u00f6sz\u00f6net e helyen aztoknak, akik benn\u00fcnket ezekkel mindig ell\u00e1tnak! Ezeket azonban fel is kell szolg\u00e1lni. Felszolg\u00e1l\u00f3k, \u00e1g\u00e1p\u00e9-rendez\u0151k azonban \u2013 nagy sz\u00e1munkhoz k\u00e9pest \u2013 kevesen vannak. \u00dajakra van sz\u00fcks\u00e9g\u00fcnk! Mivel egyetlen egy h\u00e1zasp\u00e1rnak ez neh\u00e9z feladat,... R\u00e9szletek","og_url":"https:\/\/stuttgarti-katolikusok.de\/index.php\/hirdetesek-c-ev-27-vasarnapjara\/","og_site_name":"Stuttgarti Katolikusok","article_published_time":"2016-10-04T05:37:59+00:00","article_modified_time":"2016-10-04T09:47:13+00:00","og_image":[{"width":160,"height":155,"url":"https:\/\/stuttgarti-katolikusok.de\/wp-content\/uploads\/2016\/10\/logo-regi.jpg","type":"image\/jpeg"}],"author":"Tibor atya","twitter_card":"summary_large_image","twitter_misc":{"Szerz\u0151:":"Tibor atya","Becs\u00fclt olvas\u00e1si id\u0151":"4 perc"},"schema":{"@context":"https:\/\/schema.org","@graph":[{"@type":"Article","@id":"https:\/\/stuttgarti-katolikusok.de\/index.php\/hirdetesek-c-ev-27-vasarnapjara\/#article","isPartOf":{"@id":"https:\/\/stuttgarti-katolikusok.de\/index.php\/hirdetesek-c-ev-27-vasarnapjara\/"},"author":{"name":"Tibor atya","@id":"https:\/\/stuttgarti-katolikusok.de\/#\/schema\/person\/75908d6f8fdc03a57889d27209df7795"},"headline":"Hirdet\u00e9sek","datePublished":"2016-10-04T05:37:59+00:00","dateModified":"2016-10-04T09:47:13+00:00","mainEntityOfPage":{"@id":"https:\/\/stuttgarti-katolikusok.de\/index.php\/hirdetesek-c-ev-27-vasarnapjara\/"},"wordCount":748,"image":{"@id":"https:\/\/stuttgarti-katolikusok.de\/index.php\/hirdetesek-c-ev-27-vasarnapjara\/#primaryimage"},"thumbnailUrl":"https:\/\/stuttgarti-katolikusok.de\/wp-content\/uploads\/2016\/10\/logo-regi.jpg","articleSection":["Hirdet\u00e9sek"],"inLanguage":"hu"},{"@type":"WebPage","@id":"https:\/\/stuttgarti-katolikusok.de\/index.php\/hirdetesek-c-ev-27-vasarnapjara\/","url":"https:\/\/stuttgarti-katolikusok.de\/index.php\/hirdetesek-c-ev-27-vasarnapjara\/","name":"Hirdet\u00e9sek - Stuttgarti Katolikusok","isPartOf":{"@id":"https:\/\/stuttgarti-katolikusok.de\/#website"},"primaryImageOfPage":{"@id":"https:\/\/stuttgarti-katolikusok.de\/index.php\/hirdetesek-c-ev-27-vasarnapjara\/#primaryimage"},"image":{"@id":"https:\/\/stuttgarti-katolikusok.de\/index.php\/hirdetesek-c-ev-27-vasarnapjara\/#primaryimage"},"thumbnailUrl":"https:\/\/stuttgarti-katolikusok.de\/wp-content\/uploads\/2016\/10\/logo-regi.jpg","datePublished":"2016-10-04T05:37:59+00:00","dateModified":"2016-10-04T09:47:13+00:00","author":{"@id":"https:\/\/stuttgarti-katolikusok.de\/#\/schema\/person\/75908d6f8fdc03a57889d27209df7795"},"breadcrumb":{"@id":"https:\/\/stuttgarti-katolikusok.de\/index.php\/hirdetesek-c-ev-27-vasarnapjara\/#breadcrumb"},"inLanguage":"hu","potentialAction":[{"@type":"ReadAction","target":["https:\/\/stuttgarti-katolikusok.de\/index.php\/hirdetesek-c-ev-27-vasarnapjara\/"]}]},{"@type":"ImageObject","inLanguage":"hu","@id":"https:\/\/stuttgarti-katolikusok.de\/index.php\/hirdetesek-c-ev-27-vasarnapjara\/#primaryimage","url":"https:\/\/stuttgarti-katolikusok.de\/wp-content\/uploads\/2016\/10\/logo-regi.jpg","contentUrl":"https:\/\/stuttgarti-katolikusok.de\/wp-content\/uploads\/2016\/10\/logo-regi.jpg","width":160,"height":155},{"@type":"BreadcrumbList","@id":"https:\/\/stuttgarti-katolikusok.de\/index.php\/hirdetesek-c-ev-27-vasarnapjara\/#breadcrumb","itemListElement":[{"@type":"ListItem","position":1,"name":"Kezd\u0151lap","item":"https:\/\/stuttgarti-katolikusok.de\/"},{"@type":"ListItem","position":2,"name":"Hirdet\u00e9sek"}]},{"@type":"WebSite","@id":"https:\/\/stuttgarti-katolikusok.de\/#website","url":"https:\/\/stuttgarti-katolikusok.de\/","name":"Stuttgarti Katolikusok","description":"","potentialAction":[{"@type":"SearchAction","target":{"@type":"EntryPoint","urlTemplate":"https:\/\/stuttgarti-katolikusok.de\/?s={search_term_string}"},"query-input":{"@type":"PropertyValueSpecification","valueRequired":true,"valueName":"search_term_string"}}],"inLanguage":"hu"},{"@type":"Person","@id":"https:\/\/stuttgarti-katolikusok.de\/#\/schema\/person\/75908d6f8fdc03a57889d27209df7795","name":"Tibor atya","image":{"@type":"ImageObject","inLanguage":"hu","@id":"https:\/\/secure.gravatar.com\/avatar\/61d268e57d1f4525b111222e29d2d5a7f8c420fdbf231ba5566a8ceac74fa960?s=96&d=mm&r=g","url":"https:\/\/secure.gravatar.com\/avatar\/61d268e57d1f4525b111222e29d2d5a7f8c420fdbf231ba5566a8ceac74fa960?s=96&d=mm&r=g","contentUrl":"https:\/\/secure.gravatar.com\/avatar\/61d268e57d1f4525b111222e29d2d5a7f8c420fdbf231ba5566a8ceac74fa960?s=96&d=mm&r=g","caption":"Tibor atya"},"url":"https:\/\/stuttgarti-katolikusok.de\/index.php\/author\/tibor-atya\/"}]}},"_links":{"self":[{"href":"https:\/\/stuttgarti-katolikusok.de\/index.php\/wp-json\/wp\/v2\/posts\/9961","targetHints":{"allow":["GET"]}}],"collection":[{"href":"https:\/\/stuttgarti-katolikusok.de\/index.php\/wp-json\/wp\/v2\/posts"}],"about":[{"href":"https:\/\/stuttgarti-katolikusok.de\/index.php\/wp-json\/wp\/v2\/types\/post"}],"author":[{"embeddable":true,"href":"https:\/\/stuttgarti-katolikusok.de\/index.php\/wp-json\/wp\/v2\/users\/3"}],"replies":[{"embeddable":true,"href":"https:\/\/stuttgarti-katolikusok.de\/index.php\/wp-json\/wp\/v2\/comments?post=9961"}],"version-history":[{"count":7,"href":"https:\/\/stuttgarti-katolikusok.de\/index.php\/wp-json\/wp\/v2\/posts\/9961\/revisions"}],"predecessor-version":[{"id":9975,"href":"https:\/\/stuttgarti-katolikusok.de\/index.php\/wp-json\/wp\/v2\/posts\/9961\/revisions\/9975"}],"wp:featuredmedia":[{"embeddable":true,"href":"https:\/\/stuttgarti-katolikusok.de\/index.php\/wp-json\/wp\/v2\/media\/9974"}],"wp:attachment":[{"href":"https:\/\/stuttgarti-katolikusok.de\/index.php\/wp-json\/wp\/v2\/media?parent=9961"}],"wp:term":[{"taxonomy":"category","embeddable":true,"href":"https:\/\/stuttgarti-katolikusok.de\/index.php\/wp-json\/wp\/v2\/categories?post=9961"},{"taxonomy":"post_tag","embeddable":true,"href":"https:\/\/stuttgarti-katolikusok.de\/index.php\/wp-json\/wp\/v2\/tags?post=9961"}],"curies":[{"name":"wp","href":"https:\/\/api.w.org\/{rel}","templated":true}]}}