{"id":9863,"date":"2016-09-30T12:14:28","date_gmt":"2016-09-30T12:14:28","guid":{"rendered":"https:\/\/gracious-dewdney.138-201-221-2.plesk.page\/?p=9863"},"modified":"2020-04-27T16:06:55","modified_gmt":"2020-04-27T16:06:55","slug":"szingli-bal-stuttgartban","status":"publish","type":"post","link":"https:\/\/stuttgarti-katolikusok.de\/index.php\/szingli-bal-stuttgartban\/","title":{"rendered":"Szingli-B\u00e1l Stuttgartban"},"content":{"rendered":"<p><span id=\"m_8685363340232627652yui_3_16_0_ym19_1_1474951739560_11912\" lang=\"HU\"><span id=\"m_8685363340232627652yui_3_16_0_ym19_1_1474951739560_11913\"><span id=\"m_8685363340232627652yui_3_16_0_ym19_1_1474951739560_11914\"> <\/span><\/span><\/span><span id=\"m_8685363340232627652yui_3_16_0_ym19_1_1474951739560_11915\" lang=\"HU\">Azon fiatalok sz\u00e1m\u00e1ra, akik p\u00e1rv\u00e1laszt\u00e1s el\u0151tt \u00e1llnak \u00e9s ismerkedni szeretn\u00e9nek, az Egyh\u00e1zk\u00f6zs\u00e9g 2016. november 26-\u00e1n, szombaton este 19.00 \u00f3r\u00e1t\u00f3l Stuttgartban \u00fan. <b id=\"m_8685363340232627652yui_3_16_0_ym19_1_1474951739560_11916\">Szingli-B\u00e1lt<\/b> rendez. <\/span><\/p>\n<p><span id=\"m_8685363340232627652yui_3_16_0_ym19_1_1474951739560_11915\" lang=\"HU\">Jelentkez\u00e9s az Irod\u00e1n.<\/span><\/p>\n","protected":false},"excerpt":{"rendered":"<p>Azon fiatalok sz\u00e1m\u00e1ra, akik p\u00e1rv\u00e1laszt\u00e1s el\u0151tt \u00e1llnak \u00e9s ismerkedni szeretn\u00e9nek, az Egyh\u00e1zk\u00f6zs\u00e9g 2016. november 26-\u00e1n, szombaton este 19.00 \u00f3r\u00e1t\u00f3l Stuttgartban \u00fan. Szingli-B\u00e1lt rendez. Jelentkez\u00e9s az Irod\u00e1n.<\/p>\n","protected":false},"author":3,"featured_media":0,"comment_status":"closed","ping_status":"closed","sticky":false,"template":"","format":"standard","meta":{"footnotes":""},"categories":[52,37],"tags":[],"class_list":["post-9863","post","type-post","status-publish","format-standard","hentry","category-hirdetesek","category-progamelozetes"],"yoast_head":"<!-- This site is optimized with the Yoast SEO plugin v27.3 - https:\/\/yoast.com\/product\/yoast-seo-wordpress\/ -->\n<title>Szingli-B\u00e1l Stuttgartban - Stuttgarti Katolikusok<\/title>\n<meta name=\"robots\" content=\"index, follow, max-snippet:-1, max-image-preview:large, max-video-preview:-1\" \/>\n<link rel=\"canonical\" href=\"https:\/\/stuttgarti-katolikusok.de\/index.php\/szingli-bal-stuttgartban\/\" \/>\n<meta property=\"og:locale\" content=\"hu_HU\" \/>\n<meta property=\"og:type\" content=\"article\" \/>\n<meta property=\"og:title\" content=\"Szingli-B\u00e1l Stuttgartban - Stuttgarti Katolikusok\" \/>\n<meta property=\"og:description\" content=\"Azon fiatalok sz\u00e1m\u00e1ra, akik p\u00e1rv\u00e1laszt\u00e1s el\u0151tt \u00e1llnak \u00e9s ismerkedni szeretn\u00e9nek, az Egyh\u00e1zk\u00f6zs\u00e9g 2016. november 26-\u00e1n, szombaton este 19.00 \u00f3r\u00e1t\u00f3l Stuttgartban \u00fan. Szingli-B\u00e1lt rendez. Jelentkez\u00e9s az Irod\u00e1n.\" \/>\n<meta property=\"og:url\" content=\"https:\/\/stuttgarti-katolikusok.de\/index.php\/szingli-bal-stuttgartban\/\" \/>\n<meta property=\"og:site_name\" content=\"Stuttgarti Katolikusok\" \/>\n<meta property=\"article:published_time\" content=\"2016-09-30T12:14:28+00:00\" \/>\n<meta property=\"article:modified_time\" content=\"2020-04-27T16:06:55+00:00\" \/>\n<meta name=\"author\" content=\"Tibor atya\" \/>\n<meta name=\"twitter:card\" content=\"summary_large_image\" \/>\n<meta name=\"twitter:label1\" content=\"Szerz\u0151:\" \/>\n\t<meta name=\"twitter:data1\" content=\"Tibor atya\" \/>\n<script type=\"application\/ld+json\" class=\"yoast-schema-graph\">{\"@context\":\"https:\\\/\\\/schema.org\",\"@graph\":[{\"@type\":\"Article\",\"@id\":\"https:\\\/\\\/stuttgarti-katolikusok.de\\\/index.php\\\/szingli-bal-stuttgartban\\\/#article\",\"isPartOf\":{\"@id\":\"https:\\\/\\\/stuttgarti-katolikusok.de\\\/index.php\\\/szingli-bal-stuttgartban\\\/\"},\"author\":{\"name\":\"Tibor atya\",\"@id\":\"https:\\\/\\\/stuttgarti-katolikusok.de\\\/#\\\/schema\\\/person\\\/75908d6f8fdc03a57889d27209df7795\"},\"headline\":\"Szingli-B\u00e1l Stuttgartban\",\"datePublished\":\"2016-09-30T12:14:28+00:00\",\"dateModified\":\"2020-04-27T16:06:55+00:00\",\"mainEntityOfPage\":{\"@id\":\"https:\\\/\\\/stuttgarti-katolikusok.de\\\/index.php\\\/szingli-bal-stuttgartban\\\/\"},\"wordCount\":43,\"articleSection\":[\"Hirdet\u00e9sek\",\"Progamel\u0151zetes\"],\"inLanguage\":\"hu\"},{\"@type\":\"WebPage\",\"@id\":\"https:\\\/\\\/stuttgarti-katolikusok.de\\\/index.php\\\/szingli-bal-stuttgartban\\\/\",\"url\":\"https:\\\/\\\/stuttgarti-katolikusok.de\\\/index.php\\\/szingli-bal-stuttgartban\\\/\",\"name\":\"Szingli-B\u00e1l Stuttgartban - Stuttgarti Katolikusok\",\"isPartOf\":{\"@id\":\"https:\\\/\\\/stuttgarti-katolikusok.de\\\/#website\"},\"datePublished\":\"2016-09-30T12:14:28+00:00\",\"dateModified\":\"2020-04-27T16:06:55+00:00\",\"author\":{\"@id\":\"https:\\\/\\\/stuttgarti-katolikusok.de\\\/#\\\/schema\\\/person\\\/75908d6f8fdc03a57889d27209df7795\"},\"breadcrumb\":{\"@id\":\"https:\\\/\\\/stuttgarti-katolikusok.de\\\/index.php\\\/szingli-bal-stuttgartban\\\/#breadcrumb\"},\"inLanguage\":\"hu\",\"potentialAction\":[{\"@type\":\"ReadAction\",\"target\":[\"https:\\\/\\\/stuttgarti-katolikusok.de\\\/index.php\\\/szingli-bal-stuttgartban\\\/\"]}]},{\"@type\":\"BreadcrumbList\",\"@id\":\"https:\\\/\\\/stuttgarti-katolikusok.de\\\/index.php\\\/szingli-bal-stuttgartban\\\/#breadcrumb\",\"itemListElement\":[{\"@type\":\"ListItem\",\"position\":1,\"name\":\"Kezd\u0151lap\",\"item\":\"https:\\\/\\\/stuttgarti-katolikusok.de\\\/\"},{\"@type\":\"ListItem\",\"position\":2,\"name\":\"Szingli-B\u00e1l Stuttgartban\"}]},{\"@type\":\"WebSite\",\"@id\":\"https:\\\/\\\/stuttgarti-katolikusok.de\\\/#website\",\"url\":\"https:\\\/\\\/stuttgarti-katolikusok.de\\\/\",\"name\":\"Stuttgarti Katolikusok\",\"description\":\"\",\"potentialAction\":[{\"@type\":\"SearchAction\",\"target\":{\"@type\":\"EntryPoint\",\"urlTemplate\":\"https:\\\/\\\/stuttgarti-katolikusok.de\\\/?s={search_term_string}\"},\"query-input\":{\"@type\":\"PropertyValueSpecification\",\"valueRequired\":true,\"valueName\":\"search_term_string\"}}],\"inLanguage\":\"hu\"},{\"@type\":\"Person\",\"@id\":\"https:\\\/\\\/stuttgarti-katolikusok.de\\\/#\\\/schema\\\/person\\\/75908d6f8fdc03a57889d27209df7795\",\"name\":\"Tibor atya\",\"image\":{\"@type\":\"ImageObject\",\"inLanguage\":\"hu\",\"@id\":\"https:\\\/\\\/secure.gravatar.com\\\/avatar\\\/61d268e57d1f4525b111222e29d2d5a7f8c420fdbf231ba5566a8ceac74fa960?s=96&d=mm&r=g\",\"url\":\"https:\\\/\\\/secure.gravatar.com\\\/avatar\\\/61d268e57d1f4525b111222e29d2d5a7f8c420fdbf231ba5566a8ceac74fa960?s=96&d=mm&r=g\",\"contentUrl\":\"https:\\\/\\\/secure.gravatar.com\\\/avatar\\\/61d268e57d1f4525b111222e29d2d5a7f8c420fdbf231ba5566a8ceac74fa960?s=96&d=mm&r=g\",\"caption\":\"Tibor atya\"},\"url\":\"https:\\\/\\\/stuttgarti-katolikusok.de\\\/index.php\\\/author\\\/tibor-atya\\\/\"}]}<\/script>\n<!-- \/ Yoast SEO plugin. -->","yoast_head_json":{"title":"Szingli-B\u00e1l Stuttgartban - Stuttgarti Katolikusok","robots":{"index":"index","follow":"follow","max-snippet":"max-snippet:-1","max-image-preview":"max-image-preview:large","max-video-preview":"max-video-preview:-1"},"canonical":"https:\/\/stuttgarti-katolikusok.de\/index.php\/szingli-bal-stuttgartban\/","og_locale":"hu_HU","og_type":"article","og_title":"Szingli-B\u00e1l Stuttgartban - Stuttgarti Katolikusok","og_description":"Azon fiatalok sz\u00e1m\u00e1ra, akik p\u00e1rv\u00e1laszt\u00e1s el\u0151tt \u00e1llnak \u00e9s ismerkedni szeretn\u00e9nek, az Egyh\u00e1zk\u00f6zs\u00e9g 2016. november 26-\u00e1n, szombaton este 19.00 \u00f3r\u00e1t\u00f3l Stuttgartban \u00fan. Szingli-B\u00e1lt rendez. Jelentkez\u00e9s az Irod\u00e1n.","og_url":"https:\/\/stuttgarti-katolikusok.de\/index.php\/szingli-bal-stuttgartban\/","og_site_name":"Stuttgarti Katolikusok","article_published_time":"2016-09-30T12:14:28+00:00","article_modified_time":"2020-04-27T16:06:55+00:00","author":"Tibor atya","twitter_card":"summary_large_image","twitter_misc":{"Szerz\u0151:":"Tibor atya"},"schema":{"@context":"https:\/\/schema.org","@graph":[{"@type":"Article","@id":"https:\/\/stuttgarti-katolikusok.de\/index.php\/szingli-bal-stuttgartban\/#article","isPartOf":{"@id":"https:\/\/stuttgarti-katolikusok.de\/index.php\/szingli-bal-stuttgartban\/"},"author":{"name":"Tibor atya","@id":"https:\/\/stuttgarti-katolikusok.de\/#\/schema\/person\/75908d6f8fdc03a57889d27209df7795"},"headline":"Szingli-B\u00e1l Stuttgartban","datePublished":"2016-09-30T12:14:28+00:00","dateModified":"2020-04-27T16:06:55+00:00","mainEntityOfPage":{"@id":"https:\/\/stuttgarti-katolikusok.de\/index.php\/szingli-bal-stuttgartban\/"},"wordCount":43,"articleSection":["Hirdet\u00e9sek","Progamel\u0151zetes"],"inLanguage":"hu"},{"@type":"WebPage","@id":"https:\/\/stuttgarti-katolikusok.de\/index.php\/szingli-bal-stuttgartban\/","url":"https:\/\/stuttgarti-katolikusok.de\/index.php\/szingli-bal-stuttgartban\/","name":"Szingli-B\u00e1l Stuttgartban - Stuttgarti Katolikusok","isPartOf":{"@id":"https:\/\/stuttgarti-katolikusok.de\/#website"},"datePublished":"2016-09-30T12:14:28+00:00","dateModified":"2020-04-27T16:06:55+00:00","author":{"@id":"https:\/\/stuttgarti-katolikusok.de\/#\/schema\/person\/75908d6f8fdc03a57889d27209df7795"},"breadcrumb":{"@id":"https:\/\/stuttgarti-katolikusok.de\/index.php\/szingli-bal-stuttgartban\/#breadcrumb"},"inLanguage":"hu","potentialAction":[{"@type":"ReadAction","target":["https:\/\/stuttgarti-katolikusok.de\/index.php\/szingli-bal-stuttgartban\/"]}]},{"@type":"BreadcrumbList","@id":"https:\/\/stuttgarti-katolikusok.de\/index.php\/szingli-bal-stuttgartban\/#breadcrumb","itemListElement":[{"@type":"ListItem","position":1,"name":"Kezd\u0151lap","item":"https:\/\/stuttgarti-katolikusok.de\/"},{"@type":"ListItem","position":2,"name":"Szingli-B\u00e1l Stuttgartban"}]},{"@type":"WebSite","@id":"https:\/\/stuttgarti-katolikusok.de\/#website","url":"https:\/\/stuttgarti-katolikusok.de\/","name":"Stuttgarti Katolikusok","description":"","potentialAction":[{"@type":"SearchAction","target":{"@type":"EntryPoint","urlTemplate":"https:\/\/stuttgarti-katolikusok.de\/?s={search_term_string}"},"query-input":{"@type":"PropertyValueSpecification","valueRequired":true,"valueName":"search_term_string"}}],"inLanguage":"hu"},{"@type":"Person","@id":"https:\/\/stuttgarti-katolikusok.de\/#\/schema\/person\/75908d6f8fdc03a57889d27209df7795","name":"Tibor atya","image":{"@type":"ImageObject","inLanguage":"hu","@id":"https:\/\/secure.gravatar.com\/avatar\/61d268e57d1f4525b111222e29d2d5a7f8c420fdbf231ba5566a8ceac74fa960?s=96&d=mm&r=g","url":"https:\/\/secure.gravatar.com\/avatar\/61d268e57d1f4525b111222e29d2d5a7f8c420fdbf231ba5566a8ceac74fa960?s=96&d=mm&r=g","contentUrl":"https:\/\/secure.gravatar.com\/avatar\/61d268e57d1f4525b111222e29d2d5a7f8c420fdbf231ba5566a8ceac74fa960?s=96&d=mm&r=g","caption":"Tibor atya"},"url":"https:\/\/stuttgarti-katolikusok.de\/index.php\/author\/tibor-atya\/"}]}},"_links":{"self":[{"href":"https:\/\/stuttgarti-katolikusok.de\/index.php\/wp-json\/wp\/v2\/posts\/9863","targetHints":{"allow":["GET"]}}],"collection":[{"href":"https:\/\/stuttgarti-katolikusok.de\/index.php\/wp-json\/wp\/v2\/posts"}],"about":[{"href":"https:\/\/stuttgarti-katolikusok.de\/index.php\/wp-json\/wp\/v2\/types\/post"}],"author":[{"embeddable":true,"href":"https:\/\/stuttgarti-katolikusok.de\/index.php\/wp-json\/wp\/v2\/users\/3"}],"replies":[{"embeddable":true,"href":"https:\/\/stuttgarti-katolikusok.de\/index.php\/wp-json\/wp\/v2\/comments?post=9863"}],"version-history":[{"count":1,"href":"https:\/\/stuttgarti-katolikusok.de\/index.php\/wp-json\/wp\/v2\/posts\/9863\/revisions"}],"predecessor-version":[{"id":9866,"href":"https:\/\/stuttgarti-katolikusok.de\/index.php\/wp-json\/wp\/v2\/posts\/9863\/revisions\/9866"}],"wp:attachment":[{"href":"https:\/\/stuttgarti-katolikusok.de\/index.php\/wp-json\/wp\/v2\/media?parent=9863"}],"wp:term":[{"taxonomy":"category","embeddable":true,"href":"https:\/\/stuttgarti-katolikusok.de\/index.php\/wp-json\/wp\/v2\/categories?post=9863"},{"taxonomy":"post_tag","embeddable":true,"href":"https:\/\/stuttgarti-katolikusok.de\/index.php\/wp-json\/wp\/v2\/tags?post=9863"}],"curies":[{"name":"wp","href":"https:\/\/api.w.org\/{rel}","templated":true}]}}