{"id":9856,"date":"2016-09-30T11:30:53","date_gmt":"2016-09-30T11:30:53","guid":{"rendered":"https:\/\/gracious-dewdney.138-201-221-2.plesk.page\/?p=9856"},"modified":"2016-09-30T13:32:30","modified_gmt":"2016-09-30T13:32:30","slug":"marton-aron-emlekev-stuttgartban","status":"publish","type":"post","link":"https:\/\/stuttgarti-katolikusok.de\/index.php\/marton-aron-emlekev-stuttgartban\/","title":{"rendered":"M\u00e1rton \u00c1ron eml\u00e9k\u00e9v Stuttgartban"},"content":{"rendered":"<p>Kedves H\u00edveim \u00e9s Bar\u00e1taim!<\/p>\n<p>Szeretettel h\u00edvlak Benneteket a vas\u00e1rnapi szentmis\u00e9re (2016. okt\u00f3ber 2., 15.00 \u00f3ra) \u00e9s az ut\u00e1na k\u00f6vetkez\u0151 el\u0151ad\u00e1sra, amelyet &#8211; a M\u00e1rton \u00c1ron \u00e9v kapcs\u00e1n &#8211; Isten Szolg\u00e1ja, M\u00e1rton \u00c1ron gyulafeh\u00e9rv\u00e1ri p\u00fcsp\u00f6k \u00farr\u00f3l tartunk.<\/p>\n<p>Ugyanakkor terjessz\u00e9tek is a h\u00edrt, hogy min\u00e9l t\u00f6bben j\u00f6jjenek el erre a nagy esem\u00e9nyre.<\/p>\n<p>Szeretettel:<\/p>\n<p>Imre atya<\/p>\n","protected":false},"excerpt":{"rendered":"<p>Kedves H\u00edveim \u00e9s Bar\u00e1taim! Szeretettel h\u00edvlak Benneteket a vas\u00e1rnapi szentmis\u00e9re (2016. okt\u00f3ber 2., 15.00 \u00f3ra) \u00e9s az ut\u00e1na k\u00f6vetkez\u0151 el\u0151ad\u00e1sra, amelyet &#8211; a M\u00e1rton \u00c1ron \u00e9v kapcs\u00e1n &#8211; Isten Szolg\u00e1ja, M\u00e1rton \u00c1ron gyulafeh\u00e9rv\u00e1ri p\u00fcsp\u00f6k \u00farr\u00f3l tartunk. Ugyanakkor terjessz\u00e9tek is a h\u00edrt, hogy min\u00e9l t\u00f6bben j\u00f6jjenek el erre a nagy esem\u00e9nyre. Szeretettel: Imre atya<\/p>\n","protected":false},"author":3,"featured_media":9780,"comment_status":"closed","ping_status":"closed","sticky":false,"template":"","format":"standard","meta":{"footnotes":""},"categories":[52,37],"tags":[],"class_list":["post-9856","post","type-post","status-publish","format-standard","has-post-thumbnail","hentry","category-hirdetesek","category-progamelozetes"],"yoast_head":"<!-- This site is optimized with the Yoast SEO plugin v27.3 - https:\/\/yoast.com\/product\/yoast-seo-wordpress\/ -->\n<title>M\u00e1rton \u00c1ron eml\u00e9k\u00e9v Stuttgartban - Stuttgarti Katolikusok<\/title>\n<meta name=\"robots\" content=\"index, follow, max-snippet:-1, max-image-preview:large, max-video-preview:-1\" \/>\n<link rel=\"canonical\" href=\"https:\/\/stuttgarti-katolikusok.de\/index.php\/marton-aron-emlekev-stuttgartban\/\" \/>\n<meta property=\"og:locale\" content=\"hu_HU\" \/>\n<meta property=\"og:type\" content=\"article\" \/>\n<meta property=\"og:title\" content=\"M\u00e1rton \u00c1ron eml\u00e9k\u00e9v Stuttgartban - Stuttgarti Katolikusok\" \/>\n<meta property=\"og:description\" content=\"Kedves H\u00edveim \u00e9s Bar\u00e1taim! Szeretettel h\u00edvlak Benneteket a vas\u00e1rnapi szentmis\u00e9re (2016. okt\u00f3ber 2., 15.00 \u00f3ra) \u00e9s az ut\u00e1na k\u00f6vetkez\u0151 el\u0151ad\u00e1sra, amelyet &#8211; a M\u00e1rton \u00c1ron \u00e9v kapcs\u00e1n &#8211; Isten Szolg\u00e1ja, M\u00e1rton \u00c1ron gyulafeh\u00e9rv\u00e1ri p\u00fcsp\u00f6k \u00farr\u00f3l tartunk. Ugyanakkor terjessz\u00e9tek is a h\u00edrt, hogy min\u00e9l t\u00f6bben j\u00f6jjenek el erre a nagy esem\u00e9nyre. Szeretettel: Imre atya\" \/>\n<meta property=\"og:url\" content=\"https:\/\/stuttgarti-katolikusok.de\/index.php\/marton-aron-emlekev-stuttgartban\/\" \/>\n<meta property=\"og:site_name\" content=\"Stuttgarti Katolikusok\" \/>\n<meta property=\"article:published_time\" content=\"2016-09-30T11:30:53+00:00\" \/>\n<meta property=\"article:modified_time\" content=\"2016-09-30T13:32:30+00:00\" \/>\n<meta property=\"og:image\" content=\"https:\/\/stuttgarti-katolikusok.de\/wp-content\/uploads\/2016\/09\/18-ma_plakat-stuttgart_resize.jpg\" \/>\n\t<meta property=\"og:image:width\" content=\"848\" \/>\n\t<meta property=\"og:image:height\" content=\"1200\" \/>\n\t<meta property=\"og:image:type\" content=\"image\/jpeg\" \/>\n<meta name=\"author\" content=\"Tibor atya\" \/>\n<meta name=\"twitter:card\" content=\"summary_large_image\" \/>\n<meta name=\"twitter:label1\" content=\"Szerz\u0151:\" \/>\n\t<meta name=\"twitter:data1\" content=\"Tibor atya\" \/>\n<script type=\"application\/ld+json\" class=\"yoast-schema-graph\">{\"@context\":\"https:\\\/\\\/schema.org\",\"@graph\":[{\"@type\":\"Article\",\"@id\":\"https:\\\/\\\/stuttgarti-katolikusok.de\\\/index.php\\\/marton-aron-emlekev-stuttgartban\\\/#article\",\"isPartOf\":{\"@id\":\"https:\\\/\\\/stuttgarti-katolikusok.de\\\/index.php\\\/marton-aron-emlekev-stuttgartban\\\/\"},\"author\":{\"name\":\"Tibor atya\",\"@id\":\"https:\\\/\\\/stuttgarti-katolikusok.de\\\/#\\\/schema\\\/person\\\/75908d6f8fdc03a57889d27209df7795\"},\"headline\":\"M\u00e1rton \u00c1ron eml\u00e9k\u00e9v Stuttgartban\",\"datePublished\":\"2016-09-30T11:30:53+00:00\",\"dateModified\":\"2016-09-30T13:32:30+00:00\",\"mainEntityOfPage\":{\"@id\":\"https:\\\/\\\/stuttgarti-katolikusok.de\\\/index.php\\\/marton-aron-emlekev-stuttgartban\\\/\"},\"wordCount\":82,\"image\":{\"@id\":\"https:\\\/\\\/stuttgarti-katolikusok.de\\\/index.php\\\/marton-aron-emlekev-stuttgartban\\\/#primaryimage\"},\"thumbnailUrl\":\"https:\\\/\\\/stuttgarti-katolikusok.de\\\/wp-content\\\/uploads\\\/2016\\\/09\\\/18-ma_plakat-stuttgart_resize.jpg\",\"articleSection\":[\"Hirdet\u00e9sek\",\"Progamel\u0151zetes\"],\"inLanguage\":\"hu\"},{\"@type\":\"WebPage\",\"@id\":\"https:\\\/\\\/stuttgarti-katolikusok.de\\\/index.php\\\/marton-aron-emlekev-stuttgartban\\\/\",\"url\":\"https:\\\/\\\/stuttgarti-katolikusok.de\\\/index.php\\\/marton-aron-emlekev-stuttgartban\\\/\",\"name\":\"M\u00e1rton \u00c1ron eml\u00e9k\u00e9v Stuttgartban - Stuttgarti Katolikusok\",\"isPartOf\":{\"@id\":\"https:\\\/\\\/stuttgarti-katolikusok.de\\\/#website\"},\"primaryImageOfPage\":{\"@id\":\"https:\\\/\\\/stuttgarti-katolikusok.de\\\/index.php\\\/marton-aron-emlekev-stuttgartban\\\/#primaryimage\"},\"image\":{\"@id\":\"https:\\\/\\\/stuttgarti-katolikusok.de\\\/index.php\\\/marton-aron-emlekev-stuttgartban\\\/#primaryimage\"},\"thumbnailUrl\":\"https:\\\/\\\/stuttgarti-katolikusok.de\\\/wp-content\\\/uploads\\\/2016\\\/09\\\/18-ma_plakat-stuttgart_resize.jpg\",\"datePublished\":\"2016-09-30T11:30:53+00:00\",\"dateModified\":\"2016-09-30T13:32:30+00:00\",\"author\":{\"@id\":\"https:\\\/\\\/stuttgarti-katolikusok.de\\\/#\\\/schema\\\/person\\\/75908d6f8fdc03a57889d27209df7795\"},\"breadcrumb\":{\"@id\":\"https:\\\/\\\/stuttgarti-katolikusok.de\\\/index.php\\\/marton-aron-emlekev-stuttgartban\\\/#breadcrumb\"},\"inLanguage\":\"hu\",\"potentialAction\":[{\"@type\":\"ReadAction\",\"target\":[\"https:\\\/\\\/stuttgarti-katolikusok.de\\\/index.php\\\/marton-aron-emlekev-stuttgartban\\\/\"]}]},{\"@type\":\"ImageObject\",\"inLanguage\":\"hu\",\"@id\":\"https:\\\/\\\/stuttgarti-katolikusok.de\\\/index.php\\\/marton-aron-emlekev-stuttgartban\\\/#primaryimage\",\"url\":\"https:\\\/\\\/stuttgarti-katolikusok.de\\\/wp-content\\\/uploads\\\/2016\\\/09\\\/18-ma_plakat-stuttgart_resize.jpg\",\"contentUrl\":\"https:\\\/\\\/stuttgarti-katolikusok.de\\\/wp-content\\\/uploads\\\/2016\\\/09\\\/18-ma_plakat-stuttgart_resize.jpg\",\"width\":848,\"height\":1200},{\"@type\":\"BreadcrumbList\",\"@id\":\"https:\\\/\\\/stuttgarti-katolikusok.de\\\/index.php\\\/marton-aron-emlekev-stuttgartban\\\/#breadcrumb\",\"itemListElement\":[{\"@type\":\"ListItem\",\"position\":1,\"name\":\"Kezd\u0151lap\",\"item\":\"https:\\\/\\\/stuttgarti-katolikusok.de\\\/\"},{\"@type\":\"ListItem\",\"position\":2,\"name\":\"M\u00e1rton \u00c1ron eml\u00e9k\u00e9v Stuttgartban\"}]},{\"@type\":\"WebSite\",\"@id\":\"https:\\\/\\\/stuttgarti-katolikusok.de\\\/#website\",\"url\":\"https:\\\/\\\/stuttgarti-katolikusok.de\\\/\",\"name\":\"Stuttgarti Katolikusok\",\"description\":\"\",\"potentialAction\":[{\"@type\":\"SearchAction\",\"target\":{\"@type\":\"EntryPoint\",\"urlTemplate\":\"https:\\\/\\\/stuttgarti-katolikusok.de\\\/?s={search_term_string}\"},\"query-input\":{\"@type\":\"PropertyValueSpecification\",\"valueRequired\":true,\"valueName\":\"search_term_string\"}}],\"inLanguage\":\"hu\"},{\"@type\":\"Person\",\"@id\":\"https:\\\/\\\/stuttgarti-katolikusok.de\\\/#\\\/schema\\\/person\\\/75908d6f8fdc03a57889d27209df7795\",\"name\":\"Tibor atya\",\"image\":{\"@type\":\"ImageObject\",\"inLanguage\":\"hu\",\"@id\":\"https:\\\/\\\/secure.gravatar.com\\\/avatar\\\/61d268e57d1f4525b111222e29d2d5a7f8c420fdbf231ba5566a8ceac74fa960?s=96&d=mm&r=g\",\"url\":\"https:\\\/\\\/secure.gravatar.com\\\/avatar\\\/61d268e57d1f4525b111222e29d2d5a7f8c420fdbf231ba5566a8ceac74fa960?s=96&d=mm&r=g\",\"contentUrl\":\"https:\\\/\\\/secure.gravatar.com\\\/avatar\\\/61d268e57d1f4525b111222e29d2d5a7f8c420fdbf231ba5566a8ceac74fa960?s=96&d=mm&r=g\",\"caption\":\"Tibor atya\"},\"url\":\"https:\\\/\\\/stuttgarti-katolikusok.de\\\/index.php\\\/author\\\/tibor-atya\\\/\"}]}<\/script>\n<!-- \/ Yoast SEO plugin. -->","yoast_head_json":{"title":"M\u00e1rton \u00c1ron eml\u00e9k\u00e9v Stuttgartban - Stuttgarti Katolikusok","robots":{"index":"index","follow":"follow","max-snippet":"max-snippet:-1","max-image-preview":"max-image-preview:large","max-video-preview":"max-video-preview:-1"},"canonical":"https:\/\/stuttgarti-katolikusok.de\/index.php\/marton-aron-emlekev-stuttgartban\/","og_locale":"hu_HU","og_type":"article","og_title":"M\u00e1rton \u00c1ron eml\u00e9k\u00e9v Stuttgartban - Stuttgarti Katolikusok","og_description":"Kedves H\u00edveim \u00e9s Bar\u00e1taim! Szeretettel h\u00edvlak Benneteket a vas\u00e1rnapi szentmis\u00e9re (2016. okt\u00f3ber 2., 15.00 \u00f3ra) \u00e9s az ut\u00e1na k\u00f6vetkez\u0151 el\u0151ad\u00e1sra, amelyet &#8211; a M\u00e1rton \u00c1ron \u00e9v kapcs\u00e1n &#8211; Isten Szolg\u00e1ja, M\u00e1rton \u00c1ron gyulafeh\u00e9rv\u00e1ri p\u00fcsp\u00f6k \u00farr\u00f3l tartunk. Ugyanakkor terjessz\u00e9tek is a h\u00edrt, hogy min\u00e9l t\u00f6bben j\u00f6jjenek el erre a nagy esem\u00e9nyre. Szeretettel: Imre atya","og_url":"https:\/\/stuttgarti-katolikusok.de\/index.php\/marton-aron-emlekev-stuttgartban\/","og_site_name":"Stuttgarti Katolikusok","article_published_time":"2016-09-30T11:30:53+00:00","article_modified_time":"2016-09-30T13:32:30+00:00","og_image":[{"width":848,"height":1200,"url":"https:\/\/stuttgarti-katolikusok.de\/wp-content\/uploads\/2016\/09\/18-ma_plakat-stuttgart_resize.jpg","type":"image\/jpeg"}],"author":"Tibor atya","twitter_card":"summary_large_image","twitter_misc":{"Szerz\u0151:":"Tibor atya"},"schema":{"@context":"https:\/\/schema.org","@graph":[{"@type":"Article","@id":"https:\/\/stuttgarti-katolikusok.de\/index.php\/marton-aron-emlekev-stuttgartban\/#article","isPartOf":{"@id":"https:\/\/stuttgarti-katolikusok.de\/index.php\/marton-aron-emlekev-stuttgartban\/"},"author":{"name":"Tibor atya","@id":"https:\/\/stuttgarti-katolikusok.de\/#\/schema\/person\/75908d6f8fdc03a57889d27209df7795"},"headline":"M\u00e1rton \u00c1ron eml\u00e9k\u00e9v Stuttgartban","datePublished":"2016-09-30T11:30:53+00:00","dateModified":"2016-09-30T13:32:30+00:00","mainEntityOfPage":{"@id":"https:\/\/stuttgarti-katolikusok.de\/index.php\/marton-aron-emlekev-stuttgartban\/"},"wordCount":82,"image":{"@id":"https:\/\/stuttgarti-katolikusok.de\/index.php\/marton-aron-emlekev-stuttgartban\/#primaryimage"},"thumbnailUrl":"https:\/\/stuttgarti-katolikusok.de\/wp-content\/uploads\/2016\/09\/18-ma_plakat-stuttgart_resize.jpg","articleSection":["Hirdet\u00e9sek","Progamel\u0151zetes"],"inLanguage":"hu"},{"@type":"WebPage","@id":"https:\/\/stuttgarti-katolikusok.de\/index.php\/marton-aron-emlekev-stuttgartban\/","url":"https:\/\/stuttgarti-katolikusok.de\/index.php\/marton-aron-emlekev-stuttgartban\/","name":"M\u00e1rton \u00c1ron eml\u00e9k\u00e9v Stuttgartban - Stuttgarti Katolikusok","isPartOf":{"@id":"https:\/\/stuttgarti-katolikusok.de\/#website"},"primaryImageOfPage":{"@id":"https:\/\/stuttgarti-katolikusok.de\/index.php\/marton-aron-emlekev-stuttgartban\/#primaryimage"},"image":{"@id":"https:\/\/stuttgarti-katolikusok.de\/index.php\/marton-aron-emlekev-stuttgartban\/#primaryimage"},"thumbnailUrl":"https:\/\/stuttgarti-katolikusok.de\/wp-content\/uploads\/2016\/09\/18-ma_plakat-stuttgart_resize.jpg","datePublished":"2016-09-30T11:30:53+00:00","dateModified":"2016-09-30T13:32:30+00:00","author":{"@id":"https:\/\/stuttgarti-katolikusok.de\/#\/schema\/person\/75908d6f8fdc03a57889d27209df7795"},"breadcrumb":{"@id":"https:\/\/stuttgarti-katolikusok.de\/index.php\/marton-aron-emlekev-stuttgartban\/#breadcrumb"},"inLanguage":"hu","potentialAction":[{"@type":"ReadAction","target":["https:\/\/stuttgarti-katolikusok.de\/index.php\/marton-aron-emlekev-stuttgartban\/"]}]},{"@type":"ImageObject","inLanguage":"hu","@id":"https:\/\/stuttgarti-katolikusok.de\/index.php\/marton-aron-emlekev-stuttgartban\/#primaryimage","url":"https:\/\/stuttgarti-katolikusok.de\/wp-content\/uploads\/2016\/09\/18-ma_plakat-stuttgart_resize.jpg","contentUrl":"https:\/\/stuttgarti-katolikusok.de\/wp-content\/uploads\/2016\/09\/18-ma_plakat-stuttgart_resize.jpg","width":848,"height":1200},{"@type":"BreadcrumbList","@id":"https:\/\/stuttgarti-katolikusok.de\/index.php\/marton-aron-emlekev-stuttgartban\/#breadcrumb","itemListElement":[{"@type":"ListItem","position":1,"name":"Kezd\u0151lap","item":"https:\/\/stuttgarti-katolikusok.de\/"},{"@type":"ListItem","position":2,"name":"M\u00e1rton \u00c1ron eml\u00e9k\u00e9v Stuttgartban"}]},{"@type":"WebSite","@id":"https:\/\/stuttgarti-katolikusok.de\/#website","url":"https:\/\/stuttgarti-katolikusok.de\/","name":"Stuttgarti Katolikusok","description":"","potentialAction":[{"@type":"SearchAction","target":{"@type":"EntryPoint","urlTemplate":"https:\/\/stuttgarti-katolikusok.de\/?s={search_term_string}"},"query-input":{"@type":"PropertyValueSpecification","valueRequired":true,"valueName":"search_term_string"}}],"inLanguage":"hu"},{"@type":"Person","@id":"https:\/\/stuttgarti-katolikusok.de\/#\/schema\/person\/75908d6f8fdc03a57889d27209df7795","name":"Tibor atya","image":{"@type":"ImageObject","inLanguage":"hu","@id":"https:\/\/secure.gravatar.com\/avatar\/61d268e57d1f4525b111222e29d2d5a7f8c420fdbf231ba5566a8ceac74fa960?s=96&d=mm&r=g","url":"https:\/\/secure.gravatar.com\/avatar\/61d268e57d1f4525b111222e29d2d5a7f8c420fdbf231ba5566a8ceac74fa960?s=96&d=mm&r=g","contentUrl":"https:\/\/secure.gravatar.com\/avatar\/61d268e57d1f4525b111222e29d2d5a7f8c420fdbf231ba5566a8ceac74fa960?s=96&d=mm&r=g","caption":"Tibor atya"},"url":"https:\/\/stuttgarti-katolikusok.de\/index.php\/author\/tibor-atya\/"}]}},"_links":{"self":[{"href":"https:\/\/stuttgarti-katolikusok.de\/index.php\/wp-json\/wp\/v2\/posts\/9856","targetHints":{"allow":["GET"]}}],"collection":[{"href":"https:\/\/stuttgarti-katolikusok.de\/index.php\/wp-json\/wp\/v2\/posts"}],"about":[{"href":"https:\/\/stuttgarti-katolikusok.de\/index.php\/wp-json\/wp\/v2\/types\/post"}],"author":[{"embeddable":true,"href":"https:\/\/stuttgarti-katolikusok.de\/index.php\/wp-json\/wp\/v2\/users\/3"}],"replies":[{"embeddable":true,"href":"https:\/\/stuttgarti-katolikusok.de\/index.php\/wp-json\/wp\/v2\/comments?post=9856"}],"version-history":[{"count":2,"href":"https:\/\/stuttgarti-katolikusok.de\/index.php\/wp-json\/wp\/v2\/posts\/9856\/revisions"}],"predecessor-version":[{"id":9880,"href":"https:\/\/stuttgarti-katolikusok.de\/index.php\/wp-json\/wp\/v2\/posts\/9856\/revisions\/9880"}],"wp:featuredmedia":[{"embeddable":true,"href":"https:\/\/stuttgarti-katolikusok.de\/index.php\/wp-json\/wp\/v2\/media\/9780"}],"wp:attachment":[{"href":"https:\/\/stuttgarti-katolikusok.de\/index.php\/wp-json\/wp\/v2\/media?parent=9856"}],"wp:term":[{"taxonomy":"category","embeddable":true,"href":"https:\/\/stuttgarti-katolikusok.de\/index.php\/wp-json\/wp\/v2\/categories?post=9856"},{"taxonomy":"post_tag","embeddable":true,"href":"https:\/\/stuttgarti-katolikusok.de\/index.php\/wp-json\/wp\/v2\/tags?post=9856"}],"curies":[{"name":"wp","href":"https:\/\/api.w.org\/{rel}","templated":true}]}}