{"id":9792,"date":"2016-09-26T05:52:58","date_gmt":"2016-09-26T05:52:58","guid":{"rendered":"https:\/\/gracious-dewdney.138-201-221-2.plesk.page\/?p=9792"},"modified":"2020-04-27T16:06:33","modified_gmt":"2020-04-27T16:06:33","slug":"programelozetes-szeptember-26-es-oktober-2-kozott","status":"publish","type":"post","link":"https:\/\/stuttgarti-katolikusok.de\/index.php\/programelozetes-szeptember-26-es-oktober-2-kozott\/","title":{"rendered":"Programel\u0151zetes szeptember 26 \u00e9s okt\u00f3ber 2 k\u00f6z\u00f6tt"},"content":{"rendered":"<p><strong>Programel\u0151zetes<\/strong><\/p>\n<p><strong>Szeptember 29-\u00e9n, <\/strong>cs\u00fct\u00f6rt\u00f6k\u00f6n, <strong>Ulmban <\/strong>17.30 \u00f3rakor szentmise. El\u0151tte gy\u00f3n\u00e1si lehet\u0151s\u00e9g, ut\u00e1na <em>Besz\u00e9lget\u00e9sek a Bibli\u00e1r\u00f3l. <\/em><\/p>\n<p>*<\/p>\n<p><strong>Szeptember 30-\u00e1n, <\/strong>p\u00e9nteken, 15.30 \u00f3rakor <strong>Stuttgartban<\/strong> <em>Bar\u00e1ts\u00e1gklub<\/em>.<strong>\u00a0 <\/strong>Minden kellemes t\u00e1rsas\u00e1gra v\u00e1gy\u00f3 \u00e9rdekl\u0151d\u0151t szeretettel v\u00e1r a Tags\u00e1g!<\/p>\n<p>Este 17.55 \u00f3rakor <em>r\u00f3zsaf\u00fcz\u00e9r-\u00e1jtatoss\u00e1g<\/em>, ut\u00e1na <em>szentmise<\/em>. Ut\u00e1na <em>bar\u00e1ti egy\u00fcttl\u00e9t <\/em>az Irod\u00e1n. Mindenkit szeretettel v\u00e1runk!<\/p>\n<p><strong>Weingartenben <\/strong>18.30 \u00f3rakor szentmise a St.Marien-templomban. El\u0151tte gy\u00f3ntat\u00e1s, ut\u00e1na <em>Besz\u00e9lget\u00e9sek a Bibli\u00e1r\u00f3l.<\/em><\/p>\n<p>*<\/p>\n<p><strong>Okt\u00f3ber 1-\u00e9n, <\/strong>szombaton, 17.00 \u00f3rakor <strong>Balingenben<\/strong> szentmise. El\u0151tte gy\u00f3ntat\u00e1s, ut\u00e1na \u00e1g\u00e1p\u00e9.<\/p>\n<p>*<\/p>\n<p><strong>Okt\u00f3ber 2-\u00e1n, <\/strong>vas\u00e1rnap, 9.00 \u00f3rakor <strong>Munderkingenben <\/strong>\u00a0szentmise. El\u0151tte gy\u00f3ntat\u00e1s.<\/p>\n<p>9.30 \u00f3rakor <strong>Schw<\/strong><strong>\u00e4bisch-Gm\u00fcndben <\/strong>szentmise. Ut\u00e1na \u00e1g\u00e1p\u00e9.<\/p>\n<p>15.00 \u00f3rakor <strong>Stuttgartban <\/strong>szentmise.<\/p>\n<p>Szentmis\u00e9nket Isten Szolg\u00e1ja, M\u00e1rton \u00c1ron, gyulafeh\u00e9rv\u00e1ri p\u00fcsp\u00f6k tisztelet\u00e9re aj\u00e1nljuk fel.<\/p>\n<p>Ut\u00e1na, 16.00 \u00f3r\u00e1t\u00f3l, Nagy Zolt\u00e1n, sz\u00e9kelyudvarhelyi tan\u00e1r tart filmr\u00e9szletekkel gazdag\u00edtott el\u0151ad\u00e1st Erd\u00e9ly nagy f\u0151p\u00e1sztor\u00e1r\u00f3l.<\/p>\n<p>Minden helyen mindenkit szeretettel v\u00e1r a k\u00f6z\u00f6ss\u00e9g, Imre atya \u00e9s Tibor atya!<\/p>\n<p><em>\u201eAz elfecs\u00e9relt id\u0151 az egyed\u00fcli, amit az ember soha vissza nem v\u00e1s\u00e1rolhat.\u201d <\/em><strong>(Theodor Fontane \u2013 1819-1898 \u2013 n\u00e9met \u00edr\u00f3).<\/strong><\/p>\n<p><strong><em>Sz\u00e9p napokat, j\u00f3 munk\u00e1t, tartalmas besz\u00e9lget\u00e9seket \u00e9s kellemes tal\u00e1lkoz\u00e1sokat k\u00edv\u00e1nunk minden Kedves H\u00edv\u00fcnknek!<\/em><\/strong><\/p>\n","protected":false},"excerpt":{"rendered":"<p>Programel\u0151zetes Szeptember 29-\u00e9n, cs\u00fct\u00f6rt\u00f6k\u00f6n, Ulmban 17.30 \u00f3rakor szentmise. El\u0151tte gy\u00f3n\u00e1si lehet\u0151s\u00e9g, ut\u00e1na Besz\u00e9lget\u00e9sek a Bibli\u00e1r\u00f3l. * Szeptember 30-\u00e1n, p\u00e9nteken, 15.30 \u00f3rakor Stuttgartban Bar\u00e1ts\u00e1gklub.\u00a0 Minden kellemes t\u00e1rsas\u00e1gra v\u00e1gy\u00f3 \u00e9rdekl\u0151d\u0151t szeretettel v\u00e1r a Tags\u00e1g! Este 17.55 \u00f3rakor r\u00f3zsaf\u00fcz\u00e9r-\u00e1jtatoss\u00e1g, ut\u00e1na szentmise. Ut\u00e1na bar\u00e1ti egy\u00fcttl\u00e9t az Irod\u00e1n. Mindenkit szeretettel v\u00e1runk! Weingartenben 18.30 \u00f3rakor szentmise a St.Marien-templomban. El\u0151tte gy\u00f3ntat\u00e1s, ut\u00e1na Besz\u00e9lget\u00e9sek a Bibli\u00e1r\u00f3l. * Okt\u00f3ber 1-\u00e9n, szombaton, 17.00 \u00f3rakor Balingenben szentmise. El\u0151tte gy\u00f3ntat\u00e1s, ut\u00e1na \u00e1g\u00e1p\u00e9. * Okt\u00f3ber 2-\u00e1n, vas\u00e1rnap, 9.00 \u00f3rakor Munderkingenben \u00a0szentmise. El\u0151tte gy\u00f3ntat\u00e1s. 9.30 \u00f3rakor Schw\u00e4bisch-Gm\u00fcndben szentmise. Ut\u00e1na \u00e1g\u00e1p\u00e9. 15.00 \u00f3rakor Stuttgartban szentmise. Szentmis\u00e9nket Isten Szolg\u00e1ja, M\u00e1rton \u00c1ron, gyulafeh\u00e9rv\u00e1ri p\u00fcsp\u00f6k tisztelet\u00e9re aj\u00e1nljuk fel. Ut\u00e1na, 16.00 \u00f3r\u00e1t\u00f3l, Nagy Zolt\u00e1n, sz\u00e9kelyudvarhelyi tan\u00e1r tart filmr\u00e9szletekkel gazdag\u00edtott el\u0151ad\u00e1st Erd\u00e9ly nagy f\u0151p\u00e1sztor\u00e1r\u00f3l. Minden helyen mindenkit szeretettel v\u00e1r a k\u00f6z\u00f6ss\u00e9g, Imre atya \u00e9s Tibor atya! \u201eAz elfecs\u00e9relt id\u0151 az egyed\u00fcli, amit az ember soha vissza nem v\u00e1s\u00e1rolhat.\u201d (Theodor Fontane \u2013 1819-1898 \u2013 n\u00e9met \u00edr\u00f3). Sz\u00e9p napokat, j\u00f3 munk\u00e1t, tartalmas besz\u00e9lget\u00e9seket \u00e9s kellemes tal\u00e1lkoz\u00e1sokat k\u00edv\u00e1nunk minden Kedves H\u00edv\u00fcnknek!<\/p>\n","protected":false},"author":3,"featured_media":0,"comment_status":"closed","ping_status":"closed","sticky":false,"template":"","format":"standard","meta":{"footnotes":""},"categories":[37],"tags":[],"class_list":["post-9792","post","type-post","status-publish","format-standard","hentry","category-progamelozetes"],"yoast_head":"<!-- This site is optimized with the Yoast SEO plugin v27.3 - https:\/\/yoast.com\/product\/yoast-seo-wordpress\/ -->\n<title>Programel\u0151zetes szeptember 26 \u00e9s okt\u00f3ber 2 k\u00f6z\u00f6tt - Stuttgarti Katolikusok<\/title>\n<meta name=\"robots\" content=\"index, follow, max-snippet:-1, max-image-preview:large, max-video-preview:-1\" \/>\n<link rel=\"canonical\" href=\"https:\/\/stuttgarti-katolikusok.de\/index.php\/programelozetes-szeptember-26-es-oktober-2-kozott\/\" \/>\n<meta property=\"og:locale\" content=\"hu_HU\" \/>\n<meta property=\"og:type\" content=\"article\" \/>\n<meta property=\"og:title\" content=\"Programel\u0151zetes szeptember 26 \u00e9s okt\u00f3ber 2 k\u00f6z\u00f6tt - Stuttgarti Katolikusok\" \/>\n<meta property=\"og:description\" content=\"Programel\u0151zetes Szeptember 29-\u00e9n, cs\u00fct\u00f6rt\u00f6k\u00f6n, Ulmban 17.30 \u00f3rakor szentmise. El\u0151tte gy\u00f3n\u00e1si lehet\u0151s\u00e9g, ut\u00e1na Besz\u00e9lget\u00e9sek a Bibli\u00e1r\u00f3l. * Szeptember 30-\u00e1n, p\u00e9nteken, 15.30 \u00f3rakor Stuttgartban Bar\u00e1ts\u00e1gklub.\u00a0 Minden kellemes t\u00e1rsas\u00e1gra v\u00e1gy\u00f3 \u00e9rdekl\u0151d\u0151t szeretettel v\u00e1r a Tags\u00e1g! Este 17.55 \u00f3rakor r\u00f3zsaf\u00fcz\u00e9r-\u00e1jtatoss\u00e1g, ut\u00e1na szentmise. Ut\u00e1na bar\u00e1ti egy\u00fcttl\u00e9t az Irod\u00e1n. Mindenkit szeretettel v\u00e1runk! Weingartenben 18.30 \u00f3rakor szentmise a St.Marien-templomban. El\u0151tte gy\u00f3ntat\u00e1s, ut\u00e1na Besz\u00e9lget\u00e9sek a Bibli\u00e1r\u00f3l. * Okt\u00f3ber 1-\u00e9n, szombaton, 17.00 \u00f3rakor Balingenben szentmise. El\u0151tte gy\u00f3ntat\u00e1s, ut\u00e1na \u00e1g\u00e1p\u00e9. * Okt\u00f3ber 2-\u00e1n, vas\u00e1rnap, 9.00 \u00f3rakor Munderkingenben \u00a0szentmise. El\u0151tte gy\u00f3ntat\u00e1s. 9.30 \u00f3rakor Schw\u00e4bisch-Gm\u00fcndben szentmise. Ut\u00e1na \u00e1g\u00e1p\u00e9. 15.00 \u00f3rakor Stuttgartban szentmise. Szentmis\u00e9nket Isten Szolg\u00e1ja, M\u00e1rton \u00c1ron, gyulafeh\u00e9rv\u00e1ri p\u00fcsp\u00f6k tisztelet\u00e9re aj\u00e1nljuk fel. Ut\u00e1na, 16.00 \u00f3r\u00e1t\u00f3l, Nagy Zolt\u00e1n, sz\u00e9kelyudvarhelyi tan\u00e1r tart filmr\u00e9szletekkel gazdag\u00edtott el\u0151ad\u00e1st Erd\u00e9ly nagy f\u0151p\u00e1sztor\u00e1r\u00f3l. Minden helyen mindenkit szeretettel v\u00e1r a k\u00f6z\u00f6ss\u00e9g, Imre atya \u00e9s Tibor atya! \u201eAz elfecs\u00e9relt id\u0151 az egyed\u00fcli, amit az ember soha vissza nem v\u00e1s\u00e1rolhat.\u201d (Theodor Fontane \u2013 1819-1898 \u2013 n\u00e9met \u00edr\u00f3). Sz\u00e9p napokat, j\u00f3 munk\u00e1t, tartalmas besz\u00e9lget\u00e9seket \u00e9s kellemes tal\u00e1lkoz\u00e1sokat k\u00edv\u00e1nunk minden Kedves H\u00edv\u00fcnknek!\" \/>\n<meta property=\"og:url\" content=\"https:\/\/stuttgarti-katolikusok.de\/index.php\/programelozetes-szeptember-26-es-oktober-2-kozott\/\" \/>\n<meta property=\"og:site_name\" content=\"Stuttgarti Katolikusok\" \/>\n<meta property=\"article:published_time\" content=\"2016-09-26T05:52:58+00:00\" \/>\n<meta property=\"article:modified_time\" content=\"2020-04-27T16:06:33+00:00\" \/>\n<meta name=\"author\" content=\"Tibor atya\" \/>\n<meta name=\"twitter:card\" content=\"summary_large_image\" \/>\n<meta name=\"twitter:label1\" content=\"Szerz\u0151:\" \/>\n\t<meta name=\"twitter:data1\" content=\"Tibor atya\" \/>\n\t<meta name=\"twitter:label2\" content=\"Becs\u00fclt olvas\u00e1si id\u0151\" \/>\n\t<meta name=\"twitter:data2\" content=\"1 perc\" \/>\n<script type=\"application\/ld+json\" class=\"yoast-schema-graph\">{\"@context\":\"https:\\\/\\\/schema.org\",\"@graph\":[{\"@type\":\"Article\",\"@id\":\"https:\\\/\\\/stuttgarti-katolikusok.de\\\/index.php\\\/programelozetes-szeptember-26-es-oktober-2-kozott\\\/#article\",\"isPartOf\":{\"@id\":\"https:\\\/\\\/stuttgarti-katolikusok.de\\\/index.php\\\/programelozetes-szeptember-26-es-oktober-2-kozott\\\/\"},\"author\":{\"name\":\"Tibor atya\",\"@id\":\"https:\\\/\\\/stuttgarti-katolikusok.de\\\/#\\\/schema\\\/person\\\/75908d6f8fdc03a57889d27209df7795\"},\"headline\":\"Programel\u0151zetes szeptember 26 \u00e9s okt\u00f3ber 2 k\u00f6z\u00f6tt\",\"datePublished\":\"2016-09-26T05:52:58+00:00\",\"dateModified\":\"2020-04-27T16:06:33+00:00\",\"mainEntityOfPage\":{\"@id\":\"https:\\\/\\\/stuttgarti-katolikusok.de\\\/index.php\\\/programelozetes-szeptember-26-es-oktober-2-kozott\\\/\"},\"wordCount\":261,\"articleSection\":[\"Progamel\u0151zetes\"],\"inLanguage\":\"hu\"},{\"@type\":\"WebPage\",\"@id\":\"https:\\\/\\\/stuttgarti-katolikusok.de\\\/index.php\\\/programelozetes-szeptember-26-es-oktober-2-kozott\\\/\",\"url\":\"https:\\\/\\\/stuttgarti-katolikusok.de\\\/index.php\\\/programelozetes-szeptember-26-es-oktober-2-kozott\\\/\",\"name\":\"Programel\u0151zetes szeptember 26 \u00e9s okt\u00f3ber 2 k\u00f6z\u00f6tt - Stuttgarti Katolikusok\",\"isPartOf\":{\"@id\":\"https:\\\/\\\/stuttgarti-katolikusok.de\\\/#website\"},\"datePublished\":\"2016-09-26T05:52:58+00:00\",\"dateModified\":\"2020-04-27T16:06:33+00:00\",\"author\":{\"@id\":\"https:\\\/\\\/stuttgarti-katolikusok.de\\\/#\\\/schema\\\/person\\\/75908d6f8fdc03a57889d27209df7795\"},\"breadcrumb\":{\"@id\":\"https:\\\/\\\/stuttgarti-katolikusok.de\\\/index.php\\\/programelozetes-szeptember-26-es-oktober-2-kozott\\\/#breadcrumb\"},\"inLanguage\":\"hu\",\"potentialAction\":[{\"@type\":\"ReadAction\",\"target\":[\"https:\\\/\\\/stuttgarti-katolikusok.de\\\/index.php\\\/programelozetes-szeptember-26-es-oktober-2-kozott\\\/\"]}]},{\"@type\":\"BreadcrumbList\",\"@id\":\"https:\\\/\\\/stuttgarti-katolikusok.de\\\/index.php\\\/programelozetes-szeptember-26-es-oktober-2-kozott\\\/#breadcrumb\",\"itemListElement\":[{\"@type\":\"ListItem\",\"position\":1,\"name\":\"Kezd\u0151lap\",\"item\":\"https:\\\/\\\/stuttgarti-katolikusok.de\\\/\"},{\"@type\":\"ListItem\",\"position\":2,\"name\":\"Programel\u0151zetes szeptember 26 \u00e9s okt\u00f3ber 2 k\u00f6z\u00f6tt\"}]},{\"@type\":\"WebSite\",\"@id\":\"https:\\\/\\\/stuttgarti-katolikusok.de\\\/#website\",\"url\":\"https:\\\/\\\/stuttgarti-katolikusok.de\\\/\",\"name\":\"Stuttgarti Katolikusok\",\"description\":\"\",\"potentialAction\":[{\"@type\":\"SearchAction\",\"target\":{\"@type\":\"EntryPoint\",\"urlTemplate\":\"https:\\\/\\\/stuttgarti-katolikusok.de\\\/?s={search_term_string}\"},\"query-input\":{\"@type\":\"PropertyValueSpecification\",\"valueRequired\":true,\"valueName\":\"search_term_string\"}}],\"inLanguage\":\"hu\"},{\"@type\":\"Person\",\"@id\":\"https:\\\/\\\/stuttgarti-katolikusok.de\\\/#\\\/schema\\\/person\\\/75908d6f8fdc03a57889d27209df7795\",\"name\":\"Tibor atya\",\"image\":{\"@type\":\"ImageObject\",\"inLanguage\":\"hu\",\"@id\":\"https:\\\/\\\/secure.gravatar.com\\\/avatar\\\/61d268e57d1f4525b111222e29d2d5a7f8c420fdbf231ba5566a8ceac74fa960?s=96&d=mm&r=g\",\"url\":\"https:\\\/\\\/secure.gravatar.com\\\/avatar\\\/61d268e57d1f4525b111222e29d2d5a7f8c420fdbf231ba5566a8ceac74fa960?s=96&d=mm&r=g\",\"contentUrl\":\"https:\\\/\\\/secure.gravatar.com\\\/avatar\\\/61d268e57d1f4525b111222e29d2d5a7f8c420fdbf231ba5566a8ceac74fa960?s=96&d=mm&r=g\",\"caption\":\"Tibor atya\"},\"url\":\"https:\\\/\\\/stuttgarti-katolikusok.de\\\/index.php\\\/author\\\/tibor-atya\\\/\"}]}<\/script>\n<!-- \/ Yoast SEO plugin. -->","yoast_head_json":{"title":"Programel\u0151zetes szeptember 26 \u00e9s okt\u00f3ber 2 k\u00f6z\u00f6tt - Stuttgarti Katolikusok","robots":{"index":"index","follow":"follow","max-snippet":"max-snippet:-1","max-image-preview":"max-image-preview:large","max-video-preview":"max-video-preview:-1"},"canonical":"https:\/\/stuttgarti-katolikusok.de\/index.php\/programelozetes-szeptember-26-es-oktober-2-kozott\/","og_locale":"hu_HU","og_type":"article","og_title":"Programel\u0151zetes szeptember 26 \u00e9s okt\u00f3ber 2 k\u00f6z\u00f6tt - Stuttgarti Katolikusok","og_description":"Programel\u0151zetes Szeptember 29-\u00e9n, cs\u00fct\u00f6rt\u00f6k\u00f6n, Ulmban 17.30 \u00f3rakor szentmise. El\u0151tte gy\u00f3n\u00e1si lehet\u0151s\u00e9g, ut\u00e1na Besz\u00e9lget\u00e9sek a Bibli\u00e1r\u00f3l. * Szeptember 30-\u00e1n, p\u00e9nteken, 15.30 \u00f3rakor Stuttgartban Bar\u00e1ts\u00e1gklub.\u00a0 Minden kellemes t\u00e1rsas\u00e1gra v\u00e1gy\u00f3 \u00e9rdekl\u0151d\u0151t szeretettel v\u00e1r a Tags\u00e1g! Este 17.55 \u00f3rakor r\u00f3zsaf\u00fcz\u00e9r-\u00e1jtatoss\u00e1g, ut\u00e1na szentmise. Ut\u00e1na bar\u00e1ti egy\u00fcttl\u00e9t az Irod\u00e1n. Mindenkit szeretettel v\u00e1runk! Weingartenben 18.30 \u00f3rakor szentmise a St.Marien-templomban. El\u0151tte gy\u00f3ntat\u00e1s, ut\u00e1na Besz\u00e9lget\u00e9sek a Bibli\u00e1r\u00f3l. * Okt\u00f3ber 1-\u00e9n, szombaton, 17.00 \u00f3rakor Balingenben szentmise. El\u0151tte gy\u00f3ntat\u00e1s, ut\u00e1na \u00e1g\u00e1p\u00e9. * Okt\u00f3ber 2-\u00e1n, vas\u00e1rnap, 9.00 \u00f3rakor Munderkingenben \u00a0szentmise. El\u0151tte gy\u00f3ntat\u00e1s. 9.30 \u00f3rakor Schw\u00e4bisch-Gm\u00fcndben szentmise. Ut\u00e1na \u00e1g\u00e1p\u00e9. 15.00 \u00f3rakor Stuttgartban szentmise. Szentmis\u00e9nket Isten Szolg\u00e1ja, M\u00e1rton \u00c1ron, gyulafeh\u00e9rv\u00e1ri p\u00fcsp\u00f6k tisztelet\u00e9re aj\u00e1nljuk fel. Ut\u00e1na, 16.00 \u00f3r\u00e1t\u00f3l, Nagy Zolt\u00e1n, sz\u00e9kelyudvarhelyi tan\u00e1r tart filmr\u00e9szletekkel gazdag\u00edtott el\u0151ad\u00e1st Erd\u00e9ly nagy f\u0151p\u00e1sztor\u00e1r\u00f3l. Minden helyen mindenkit szeretettel v\u00e1r a k\u00f6z\u00f6ss\u00e9g, Imre atya \u00e9s Tibor atya! \u201eAz elfecs\u00e9relt id\u0151 az egyed\u00fcli, amit az ember soha vissza nem v\u00e1s\u00e1rolhat.\u201d (Theodor Fontane \u2013 1819-1898 \u2013 n\u00e9met \u00edr\u00f3). Sz\u00e9p napokat, j\u00f3 munk\u00e1t, tartalmas besz\u00e9lget\u00e9seket \u00e9s kellemes tal\u00e1lkoz\u00e1sokat k\u00edv\u00e1nunk minden Kedves H\u00edv\u00fcnknek!","og_url":"https:\/\/stuttgarti-katolikusok.de\/index.php\/programelozetes-szeptember-26-es-oktober-2-kozott\/","og_site_name":"Stuttgarti Katolikusok","article_published_time":"2016-09-26T05:52:58+00:00","article_modified_time":"2020-04-27T16:06:33+00:00","author":"Tibor atya","twitter_card":"summary_large_image","twitter_misc":{"Szerz\u0151:":"Tibor atya","Becs\u00fclt olvas\u00e1si id\u0151":"1 perc"},"schema":{"@context":"https:\/\/schema.org","@graph":[{"@type":"Article","@id":"https:\/\/stuttgarti-katolikusok.de\/index.php\/programelozetes-szeptember-26-es-oktober-2-kozott\/#article","isPartOf":{"@id":"https:\/\/stuttgarti-katolikusok.de\/index.php\/programelozetes-szeptember-26-es-oktober-2-kozott\/"},"author":{"name":"Tibor atya","@id":"https:\/\/stuttgarti-katolikusok.de\/#\/schema\/person\/75908d6f8fdc03a57889d27209df7795"},"headline":"Programel\u0151zetes szeptember 26 \u00e9s okt\u00f3ber 2 k\u00f6z\u00f6tt","datePublished":"2016-09-26T05:52:58+00:00","dateModified":"2020-04-27T16:06:33+00:00","mainEntityOfPage":{"@id":"https:\/\/stuttgarti-katolikusok.de\/index.php\/programelozetes-szeptember-26-es-oktober-2-kozott\/"},"wordCount":261,"articleSection":["Progamel\u0151zetes"],"inLanguage":"hu"},{"@type":"WebPage","@id":"https:\/\/stuttgarti-katolikusok.de\/index.php\/programelozetes-szeptember-26-es-oktober-2-kozott\/","url":"https:\/\/stuttgarti-katolikusok.de\/index.php\/programelozetes-szeptember-26-es-oktober-2-kozott\/","name":"Programel\u0151zetes szeptember 26 \u00e9s okt\u00f3ber 2 k\u00f6z\u00f6tt - Stuttgarti Katolikusok","isPartOf":{"@id":"https:\/\/stuttgarti-katolikusok.de\/#website"},"datePublished":"2016-09-26T05:52:58+00:00","dateModified":"2020-04-27T16:06:33+00:00","author":{"@id":"https:\/\/stuttgarti-katolikusok.de\/#\/schema\/person\/75908d6f8fdc03a57889d27209df7795"},"breadcrumb":{"@id":"https:\/\/stuttgarti-katolikusok.de\/index.php\/programelozetes-szeptember-26-es-oktober-2-kozott\/#breadcrumb"},"inLanguage":"hu","potentialAction":[{"@type":"ReadAction","target":["https:\/\/stuttgarti-katolikusok.de\/index.php\/programelozetes-szeptember-26-es-oktober-2-kozott\/"]}]},{"@type":"BreadcrumbList","@id":"https:\/\/stuttgarti-katolikusok.de\/index.php\/programelozetes-szeptember-26-es-oktober-2-kozott\/#breadcrumb","itemListElement":[{"@type":"ListItem","position":1,"name":"Kezd\u0151lap","item":"https:\/\/stuttgarti-katolikusok.de\/"},{"@type":"ListItem","position":2,"name":"Programel\u0151zetes szeptember 26 \u00e9s okt\u00f3ber 2 k\u00f6z\u00f6tt"}]},{"@type":"WebSite","@id":"https:\/\/stuttgarti-katolikusok.de\/#website","url":"https:\/\/stuttgarti-katolikusok.de\/","name":"Stuttgarti Katolikusok","description":"","potentialAction":[{"@type":"SearchAction","target":{"@type":"EntryPoint","urlTemplate":"https:\/\/stuttgarti-katolikusok.de\/?s={search_term_string}"},"query-input":{"@type":"PropertyValueSpecification","valueRequired":true,"valueName":"search_term_string"}}],"inLanguage":"hu"},{"@type":"Person","@id":"https:\/\/stuttgarti-katolikusok.de\/#\/schema\/person\/75908d6f8fdc03a57889d27209df7795","name":"Tibor atya","image":{"@type":"ImageObject","inLanguage":"hu","@id":"https:\/\/secure.gravatar.com\/avatar\/61d268e57d1f4525b111222e29d2d5a7f8c420fdbf231ba5566a8ceac74fa960?s=96&d=mm&r=g","url":"https:\/\/secure.gravatar.com\/avatar\/61d268e57d1f4525b111222e29d2d5a7f8c420fdbf231ba5566a8ceac74fa960?s=96&d=mm&r=g","contentUrl":"https:\/\/secure.gravatar.com\/avatar\/61d268e57d1f4525b111222e29d2d5a7f8c420fdbf231ba5566a8ceac74fa960?s=96&d=mm&r=g","caption":"Tibor atya"},"url":"https:\/\/stuttgarti-katolikusok.de\/index.php\/author\/tibor-atya\/"}]}},"_links":{"self":[{"href":"https:\/\/stuttgarti-katolikusok.de\/index.php\/wp-json\/wp\/v2\/posts\/9792","targetHints":{"allow":["GET"]}}],"collection":[{"href":"https:\/\/stuttgarti-katolikusok.de\/index.php\/wp-json\/wp\/v2\/posts"}],"about":[{"href":"https:\/\/stuttgarti-katolikusok.de\/index.php\/wp-json\/wp\/v2\/types\/post"}],"author":[{"embeddable":true,"href":"https:\/\/stuttgarti-katolikusok.de\/index.php\/wp-json\/wp\/v2\/users\/3"}],"replies":[{"embeddable":true,"href":"https:\/\/stuttgarti-katolikusok.de\/index.php\/wp-json\/wp\/v2\/comments?post=9792"}],"version-history":[{"count":4,"href":"https:\/\/stuttgarti-katolikusok.de\/index.php\/wp-json\/wp\/v2\/posts\/9792\/revisions"}],"predecessor-version":[{"id":9797,"href":"https:\/\/stuttgarti-katolikusok.de\/index.php\/wp-json\/wp\/v2\/posts\/9792\/revisions\/9797"}],"wp:attachment":[{"href":"https:\/\/stuttgarti-katolikusok.de\/index.php\/wp-json\/wp\/v2\/media?parent=9792"}],"wp:term":[{"taxonomy":"category","embeddable":true,"href":"https:\/\/stuttgarti-katolikusok.de\/index.php\/wp-json\/wp\/v2\/categories?post=9792"},{"taxonomy":"post_tag","embeddable":true,"href":"https:\/\/stuttgarti-katolikusok.de\/index.php\/wp-json\/wp\/v2\/tags?post=9792"}],"curies":[{"name":"wp","href":"https:\/\/api.w.org\/{rel}","templated":true}]}}