{"id":9724,"date":"2016-09-12T06:37:00","date_gmt":"2016-09-12T06:37:00","guid":{"rendered":"https:\/\/gracious-dewdney.138-201-221-2.plesk.page\/?p=9724"},"modified":"2016-09-12T08:34:14","modified_gmt":"2016-09-12T08:34:14","slug":"programelozetes-szeptember-12-es-18-kozott","status":"publish","type":"post","link":"https:\/\/stuttgarti-katolikusok.de\/index.php\/programelozetes-szeptember-12-es-18-kozott\/","title":{"rendered":"Programel\u0151zetes szeptember 12 \u00e9s 18 k\u00f6z\u00f6tt"},"content":{"rendered":"<p><strong>Programel\u0151zetes<\/strong><\/p>\n<p><strong>\u00a0<\/strong><\/p>\n<p><strong>Szeptember 15-\u00e9n, <\/strong>cs\u00fct\u00f6rt\u00f6k\u00f6n, <strong>Ulmban <\/strong>17.30 \u00f3rakor szentmise, el\u0151tte gy\u00f3ntat\u00e1s, szentmise v\u00e9gezt\u00e9vel <em>Besz\u00e9lget\u00e9s a Bibli\u00e1r\u00f3l.<\/em><\/p>\n<p>*<\/p>\n<p><strong>Szeptember 16-\u00e1n, <\/strong>p\u00e9nteken, <strong>Stuttgartban <\/strong>15.30 \u00f3rakor indul a <em>Bar\u00e1ts\u00e1gklub<\/em>. Kedves Vend\u00e9g\u00fcnk, Nm. \u00e9s Ft. B\u00f6cskei L\u00e1szl\u00f3 nagyv\u00e1radi p\u00fcsp\u00f6k. Minden kellemes t\u00e1rsas\u00e1gra v\u00e1gy\u00f3 \u00e9rdekl\u0151d\u0151t szeretettel v\u00e1r a Tags\u00e1g!<\/p>\n<p>17.45 \u00f3rakor <em>r\u00f3zsaf\u00fcz\u00e9r-\u00e1jtatoss\u00e1g<\/em><strong>, <\/strong>ut\u00e1na esti <em>szentmise, <\/em>amelyet L\u00e1szl\u00f3 p\u00fcsp\u00f6k mutat be, keret\u00e9ben <em>b\u00e9rm\u00e1l\u00e1s<\/em>. Ut\u00e1na <em>Bibliak\u00f6r.<\/em><\/p>\n<p><strong>Weingartenben<\/strong>, a St. Marien-templomban 18.30 \u00f3r\u00e1t\u00f3l szentmise, el\u0151tte gy\u00f3ntat\u00e1s, ut\u00e1na pedig <em>Besz\u00e9lget\u00e9sek a Bibli\u00e1r\u00f3l.<\/em><\/p>\n<p>*<\/p>\n<p><strong>Szeptember 17-\u00e9n, <\/strong>szombaton <strong>Stuttgartban <\/strong><em>Nyitott Templomok \u00c9jszak\u00e1ja. <\/em><\/p>\n<p>A program 19.00 \u00f3rakor indul egy k\u00e9pvet\u00edt\u00e9ses el\u0151ad\u00e1ssal, amelynek a c\u00edme: <em>G\u00f3tikus templomok. <\/em><\/p>\n<p>Majd L\u00e1szl\u00f3 p\u00fcsp\u00f6k <em>a nagyv\u00e1radi sz\u00e9kesegyh\u00e1zat<\/em> mutatja be r\u00f6viden.<\/p>\n<p>Ut\u00e1na verses el\u0151ad\u00e1s a <em>templomr\u00f3l. <\/em><\/p>\n<p>V\u00e9g\u00fcl programunkat a <em>Himnusszal <\/em>z\u00e1rjuk a templomt\u00e9ren l\u00e9v\u0151 <em>Mindszenty-szoborn\u00e1l. <\/em><\/p>\n<p>*<\/p>\n<p><strong>Szeptember 18-\u00e1n, <\/strong>vas\u00e1rnap, 9.30 \u00f3rakor <strong>Ludwigsburgban<\/strong> szentmise, ut\u00e1na <em>\u00e1g\u00e1p\u00e9<\/em>.<\/p>\n<p><strong>Stuttgartban<\/strong> Egyh\u00e1zk\u00f6zs\u00e9g\u00fcnk v\u00e9d\u0151szentj\u00e9nek, Szent Gell\u00e9rt p\u00fcsp\u00f6k-v\u00e9rtan\u00fanak az \u00fcnnepe, <em>templomb\u00facs\u00fa.<\/em><\/p>\n<p>12.00 \u00f3rakor szentmise. F\u0151celebr\u00e1ns \u00e9s sz\u00f3nok Nm. \u00e9s Ft. B\u00f6cskei L\u00e1szl\u00f3 nagyv\u00e1radi p\u00fcsp\u00f6k atya.<\/p>\n<p>13.30 \u00f3rakor k\u00f6z\u00f6s eb\u00e9d a templom el\u0151tti t\u00e9ren.<\/p>\n<p>15.00 \u00f3rakor verses-zen\u00e9s interj\u00fa L\u00e1szl\u00f3 p\u00fcsp\u00f6kkel. El\u0151ad\u00f3k az Egyh\u00e1zk\u00f6zs\u00e9g h\u00edvei.<\/p>\n<p>Minden helyen mindenkit szeretettel v\u00e1r a k\u00f6z\u00f6ss\u00e9g, Imre atya \u00e9s Tibor atya!<\/p>\n<p><em>\u201e<\/em><em>Isten\u00fcnk, ki Szent Gell\u00e9rt p\u00fcsp\u00f6knek v\u00e9rtan\u00fas\u00e1g\u00e1\u00e9rt megadtad a halhatatlans\u00e1g koron\u00e1j\u00e1t, engedd j\u00f3s\u00e1gosan, hogy akinek eml\u00e9kezet\u00e9t \u00e1h\u00edtattal \u00fclj\u00fck itt a f\u00f6ld\u00f6n, annak sz\u00fcntelen p\u00e1rtfog\u00e1sa v\u00e9delmezzen minket a mennyben!<\/em><\/p>\n<p><strong><em>Sz\u00e9p napokat, j\u00f3 munk\u00e1t, tartalmas besz\u00e9lget\u00e9seket \u00e9s kellemes tal\u00e1lkoz\u00e1sokat k\u00edv\u00e1nunk minden kedves H\u00edv\u00fcnknek!<\/em><\/strong><\/p>\n<p>&nbsp;<\/p>\n","protected":false},"excerpt":{"rendered":"<p>Programel\u0151zetes \u00a0 Szeptember 15-\u00e9n, cs\u00fct\u00f6rt\u00f6k\u00f6n, Ulmban 17.30 \u00f3rakor szentmise, el\u0151tte gy\u00f3ntat\u00e1s, szentmise v\u00e9gezt\u00e9vel Besz\u00e9lget\u00e9s a Bibli\u00e1r\u00f3l. * Szeptember 16-\u00e1n, p\u00e9nteken, Stuttgartban 15.30 \u00f3rakor indul a Bar\u00e1ts\u00e1gklub. Kedves Vend\u00e9g\u00fcnk, Nm. \u00e9s Ft. B\u00f6cskei L\u00e1szl\u00f3 nagyv\u00e1radi p\u00fcsp\u00f6k. Minden kellemes t\u00e1rsas\u00e1gra v\u00e1gy\u00f3 \u00e9rdekl\u0151d\u0151t szeretettel v\u00e1r a Tags\u00e1g! 17.45 \u00f3rakor r\u00f3zsaf\u00fcz\u00e9r-\u00e1jtatoss\u00e1g, ut\u00e1na esti szentmise, amelyet L\u00e1szl\u00f3 p\u00fcsp\u00f6k mutat be, keret\u00e9ben b\u00e9rm\u00e1l\u00e1s. Ut\u00e1na Bibliak\u00f6r. Weingartenben, a St. Marien-templomban 18.30 \u00f3r\u00e1t\u00f3l szentmise, el\u0151tte gy\u00f3ntat\u00e1s, ut\u00e1na pedig Besz\u00e9lget\u00e9sek a Bibli\u00e1r\u00f3l. * Szeptember 17-\u00e9n, szombaton Stuttgartban Nyitott Templomok \u00c9jszak\u00e1ja. A program 19.00 \u00f3rakor indul egy k\u00e9pvet\u00edt\u00e9ses el\u0151ad\u00e1ssal, amelynek a c\u00edme: G\u00f3tikus templomok. Majd L\u00e1szl\u00f3 p\u00fcsp\u00f6k a nagyv\u00e1radi sz\u00e9kesegyh\u00e1zat mutatja be r\u00f6viden. Ut\u00e1na verses el\u0151ad\u00e1s a templomr\u00f3l. V\u00e9g\u00fcl programunkat a Himnusszal z\u00e1rjuk a templomt\u00e9ren l\u00e9v\u0151 Mindszenty-szoborn\u00e1l. * Szeptember 18-\u00e1n, vas\u00e1rnap, 9.30 \u00f3rakor Ludwigsburgban szentmise, ut\u00e1na \u00e1g\u00e1p\u00e9. Stuttgartban Egyh\u00e1zk\u00f6zs\u00e9g\u00fcnk v\u00e9d\u0151szentj\u00e9nek, Szent Gell\u00e9rt p\u00fcsp\u00f6k-v\u00e9rtan\u00fanak az \u00fcnnepe, templomb\u00facs\u00fa. 12.00 \u00f3rakor szentmise. F\u0151celebr\u00e1ns \u00e9s sz\u00f3nok Nm. \u00e9s Ft. B\u00f6cskei L\u00e1szl\u00f3 nagyv\u00e1radi p\u00fcsp\u00f6k atya. 13.30 \u00f3rakor k\u00f6z\u00f6s eb\u00e9d a templom el\u0151tti t\u00e9ren. 15.00 \u00f3rakor verses-zen\u00e9s interj\u00fa L\u00e1szl\u00f3 p\u00fcsp\u00f6kkel. El\u0151ad\u00f3k az Egyh\u00e1zk\u00f6zs\u00e9g h\u00edvei. Minden helyen mindenkit szeretettel v\u00e1r a k\u00f6z\u00f6ss\u00e9g, Imre atya \u00e9s Tibor atya! \u201eIsten\u00fcnk, ki Szent Gell\u00e9rt p\u00fcsp\u00f6knek v\u00e9rtan\u00fas\u00e1g\u00e1\u00e9rt megadtad a halhatatlans\u00e1g koron\u00e1j\u00e1t, engedd j\u00f3s\u00e1gosan, hogy akinek eml\u00e9kezet\u00e9t \u00e1h\u00edtattal \u00fclj\u00fck itt a f\u00f6ld\u00f6n, annak sz\u00fcntelen p\u00e1rtfog\u00e1sa v\u00e9delmezzen minket a mennyben! Sz\u00e9p napokat, j\u00f3 munk\u00e1t, tartalmas besz\u00e9lget\u00e9seket \u00e9s kellemes tal\u00e1lkoz\u00e1sokat k\u00edv\u00e1nunk minden kedves H\u00edv\u00fcnknek! &nbsp;<\/p>\n","protected":false},"author":3,"featured_media":9725,"comment_status":"closed","ping_status":"closed","sticky":false,"template":"","format":"standard","meta":{"footnotes":""},"categories":[37],"tags":[],"class_list":["post-9724","post","type-post","status-publish","format-standard","has-post-thumbnail","hentry","category-progamelozetes"],"yoast_head":"<!-- This site is optimized with the Yoast SEO plugin v27.3 - https:\/\/yoast.com\/product\/yoast-seo-wordpress\/ -->\n<title>Programel\u0151zetes szeptember 12 \u00e9s 18 k\u00f6z\u00f6tt - Stuttgarti Katolikusok<\/title>\n<meta name=\"robots\" content=\"index, follow, max-snippet:-1, max-image-preview:large, max-video-preview:-1\" \/>\n<link rel=\"canonical\" href=\"https:\/\/stuttgarti-katolikusok.de\/index.php\/programelozetes-szeptember-12-es-18-kozott\/\" \/>\n<meta property=\"og:locale\" content=\"hu_HU\" \/>\n<meta property=\"og:type\" content=\"article\" \/>\n<meta property=\"og:title\" content=\"Programel\u0151zetes szeptember 12 \u00e9s 18 k\u00f6z\u00f6tt - Stuttgarti Katolikusok\" \/>\n<meta property=\"og:description\" content=\"Programel\u0151zetes \u00a0 Szeptember 15-\u00e9n, cs\u00fct\u00f6rt\u00f6k\u00f6n, Ulmban 17.30 \u00f3rakor szentmise, el\u0151tte gy\u00f3ntat\u00e1s, szentmise v\u00e9gezt\u00e9vel Besz\u00e9lget\u00e9s a Bibli\u00e1r\u00f3l. * Szeptember 16-\u00e1n, p\u00e9nteken, Stuttgartban 15.30 \u00f3rakor indul a Bar\u00e1ts\u00e1gklub. Kedves Vend\u00e9g\u00fcnk, Nm. \u00e9s Ft. B\u00f6cskei L\u00e1szl\u00f3 nagyv\u00e1radi p\u00fcsp\u00f6k. Minden kellemes t\u00e1rsas\u00e1gra v\u00e1gy\u00f3 \u00e9rdekl\u0151d\u0151t szeretettel v\u00e1r a Tags\u00e1g! 17.45 \u00f3rakor r\u00f3zsaf\u00fcz\u00e9r-\u00e1jtatoss\u00e1g, ut\u00e1na esti szentmise, amelyet L\u00e1szl\u00f3 p\u00fcsp\u00f6k mutat be, keret\u00e9ben b\u00e9rm\u00e1l\u00e1s. Ut\u00e1na Bibliak\u00f6r. Weingartenben, a St. Marien-templomban 18.30 \u00f3r\u00e1t\u00f3l szentmise, el\u0151tte gy\u00f3ntat\u00e1s, ut\u00e1na pedig Besz\u00e9lget\u00e9sek a Bibli\u00e1r\u00f3l. * Szeptember 17-\u00e9n, szombaton Stuttgartban Nyitott Templomok \u00c9jszak\u00e1ja. A program 19.00 \u00f3rakor indul egy k\u00e9pvet\u00edt\u00e9ses el\u0151ad\u00e1ssal, amelynek a c\u00edme: G\u00f3tikus templomok. Majd L\u00e1szl\u00f3 p\u00fcsp\u00f6k a nagyv\u00e1radi sz\u00e9kesegyh\u00e1zat mutatja be r\u00f6viden. Ut\u00e1na verses el\u0151ad\u00e1s a templomr\u00f3l. V\u00e9g\u00fcl programunkat a Himnusszal z\u00e1rjuk a templomt\u00e9ren l\u00e9v\u0151 Mindszenty-szoborn\u00e1l. * Szeptember 18-\u00e1n, vas\u00e1rnap, 9.30 \u00f3rakor Ludwigsburgban szentmise, ut\u00e1na \u00e1g\u00e1p\u00e9. Stuttgartban Egyh\u00e1zk\u00f6zs\u00e9g\u00fcnk v\u00e9d\u0151szentj\u00e9nek, Szent Gell\u00e9rt p\u00fcsp\u00f6k-v\u00e9rtan\u00fanak az \u00fcnnepe, templomb\u00facs\u00fa. 12.00 \u00f3rakor szentmise. F\u0151celebr\u00e1ns \u00e9s sz\u00f3nok Nm. \u00e9s Ft. B\u00f6cskei L\u00e1szl\u00f3 nagyv\u00e1radi p\u00fcsp\u00f6k atya. 13.30 \u00f3rakor k\u00f6z\u00f6s eb\u00e9d a templom el\u0151tti t\u00e9ren. 15.00 \u00f3rakor verses-zen\u00e9s interj\u00fa L\u00e1szl\u00f3 p\u00fcsp\u00f6kkel. El\u0151ad\u00f3k az Egyh\u00e1zk\u00f6zs\u00e9g h\u00edvei. Minden helyen mindenkit szeretettel v\u00e1r a k\u00f6z\u00f6ss\u00e9g, Imre atya \u00e9s Tibor atya! \u201eIsten\u00fcnk, ki Szent Gell\u00e9rt p\u00fcsp\u00f6knek v\u00e9rtan\u00fas\u00e1g\u00e1\u00e9rt megadtad a halhatatlans\u00e1g koron\u00e1j\u00e1t, engedd j\u00f3s\u00e1gosan, hogy akinek eml\u00e9kezet\u00e9t \u00e1h\u00edtattal \u00fclj\u00fck itt a f\u00f6ld\u00f6n, annak sz\u00fcntelen p\u00e1rtfog\u00e1sa v\u00e9delmezzen minket a mennyben! Sz\u00e9p napokat, j\u00f3 munk\u00e1t, tartalmas besz\u00e9lget\u00e9seket \u00e9s kellemes tal\u00e1lkoz\u00e1sokat k\u00edv\u00e1nunk minden kedves H\u00edv\u00fcnknek! &nbsp;\" \/>\n<meta property=\"og:url\" content=\"https:\/\/stuttgarti-katolikusok.de\/index.php\/programelozetes-szeptember-12-es-18-kozott\/\" \/>\n<meta property=\"og:site_name\" content=\"Stuttgarti Katolikusok\" \/>\n<meta property=\"article:published_time\" content=\"2016-09-12T06:37:00+00:00\" \/>\n<meta property=\"article:modified_time\" content=\"2016-09-12T08:34:14+00:00\" \/>\n<meta property=\"og:image\" content=\"https:\/\/stuttgarti-katolikusok.de\/wp-content\/uploads\/2016\/09\/gellert-22.jpg\" \/>\n\t<meta property=\"og:image:width\" content=\"288\" \/>\n\t<meta property=\"og:image:height\" content=\"287\" \/>\n\t<meta property=\"og:image:type\" content=\"image\/jpeg\" \/>\n<meta name=\"author\" content=\"Tibor atya\" \/>\n<meta name=\"twitter:card\" content=\"summary_large_image\" \/>\n<meta name=\"twitter:label1\" content=\"Szerz\u0151:\" \/>\n\t<meta name=\"twitter:data1\" content=\"Tibor atya\" \/>\n\t<meta name=\"twitter:label2\" content=\"Becs\u00fclt olvas\u00e1si id\u0151\" \/>\n\t<meta name=\"twitter:data2\" content=\"2 perc\" \/>\n<script type=\"application\/ld+json\" class=\"yoast-schema-graph\">{\"@context\":\"https:\\\/\\\/schema.org\",\"@graph\":[{\"@type\":\"Article\",\"@id\":\"https:\\\/\\\/stuttgarti-katolikusok.de\\\/index.php\\\/programelozetes-szeptember-12-es-18-kozott\\\/#article\",\"isPartOf\":{\"@id\":\"https:\\\/\\\/stuttgarti-katolikusok.de\\\/index.php\\\/programelozetes-szeptember-12-es-18-kozott\\\/\"},\"author\":{\"name\":\"Tibor atya\",\"@id\":\"https:\\\/\\\/stuttgarti-katolikusok.de\\\/#\\\/schema\\\/person\\\/75908d6f8fdc03a57889d27209df7795\"},\"headline\":\"Programel\u0151zetes szeptember 12 \u00e9s 18 k\u00f6z\u00f6tt\",\"datePublished\":\"2016-09-12T06:37:00+00:00\",\"dateModified\":\"2016-09-12T08:34:14+00:00\",\"mainEntityOfPage\":{\"@id\":\"https:\\\/\\\/stuttgarti-katolikusok.de\\\/index.php\\\/programelozetes-szeptember-12-es-18-kozott\\\/\"},\"wordCount\":376,\"image\":{\"@id\":\"https:\\\/\\\/stuttgarti-katolikusok.de\\\/index.php\\\/programelozetes-szeptember-12-es-18-kozott\\\/#primaryimage\"},\"thumbnailUrl\":\"https:\\\/\\\/stuttgarti-katolikusok.de\\\/wp-content\\\/uploads\\\/2016\\\/09\\\/gellert-22.jpg\",\"articleSection\":[\"Progamel\u0151zetes\"],\"inLanguage\":\"hu\"},{\"@type\":\"WebPage\",\"@id\":\"https:\\\/\\\/stuttgarti-katolikusok.de\\\/index.php\\\/programelozetes-szeptember-12-es-18-kozott\\\/\",\"url\":\"https:\\\/\\\/stuttgarti-katolikusok.de\\\/index.php\\\/programelozetes-szeptember-12-es-18-kozott\\\/\",\"name\":\"Programel\u0151zetes szeptember 12 \u00e9s 18 k\u00f6z\u00f6tt - Stuttgarti Katolikusok\",\"isPartOf\":{\"@id\":\"https:\\\/\\\/stuttgarti-katolikusok.de\\\/#website\"},\"primaryImageOfPage\":{\"@id\":\"https:\\\/\\\/stuttgarti-katolikusok.de\\\/index.php\\\/programelozetes-szeptember-12-es-18-kozott\\\/#primaryimage\"},\"image\":{\"@id\":\"https:\\\/\\\/stuttgarti-katolikusok.de\\\/index.php\\\/programelozetes-szeptember-12-es-18-kozott\\\/#primaryimage\"},\"thumbnailUrl\":\"https:\\\/\\\/stuttgarti-katolikusok.de\\\/wp-content\\\/uploads\\\/2016\\\/09\\\/gellert-22.jpg\",\"datePublished\":\"2016-09-12T06:37:00+00:00\",\"dateModified\":\"2016-09-12T08:34:14+00:00\",\"author\":{\"@id\":\"https:\\\/\\\/stuttgarti-katolikusok.de\\\/#\\\/schema\\\/person\\\/75908d6f8fdc03a57889d27209df7795\"},\"breadcrumb\":{\"@id\":\"https:\\\/\\\/stuttgarti-katolikusok.de\\\/index.php\\\/programelozetes-szeptember-12-es-18-kozott\\\/#breadcrumb\"},\"inLanguage\":\"hu\",\"potentialAction\":[{\"@type\":\"ReadAction\",\"target\":[\"https:\\\/\\\/stuttgarti-katolikusok.de\\\/index.php\\\/programelozetes-szeptember-12-es-18-kozott\\\/\"]}]},{\"@type\":\"ImageObject\",\"inLanguage\":\"hu\",\"@id\":\"https:\\\/\\\/stuttgarti-katolikusok.de\\\/index.php\\\/programelozetes-szeptember-12-es-18-kozott\\\/#primaryimage\",\"url\":\"https:\\\/\\\/stuttgarti-katolikusok.de\\\/wp-content\\\/uploads\\\/2016\\\/09\\\/gellert-22.jpg\",\"contentUrl\":\"https:\\\/\\\/stuttgarti-katolikusok.de\\\/wp-content\\\/uploads\\\/2016\\\/09\\\/gellert-22.jpg\",\"width\":288,\"height\":287},{\"@type\":\"BreadcrumbList\",\"@id\":\"https:\\\/\\\/stuttgarti-katolikusok.de\\\/index.php\\\/programelozetes-szeptember-12-es-18-kozott\\\/#breadcrumb\",\"itemListElement\":[{\"@type\":\"ListItem\",\"position\":1,\"name\":\"Kezd\u0151lap\",\"item\":\"https:\\\/\\\/stuttgarti-katolikusok.de\\\/\"},{\"@type\":\"ListItem\",\"position\":2,\"name\":\"Programel\u0151zetes szeptember 12 \u00e9s 18 k\u00f6z\u00f6tt\"}]},{\"@type\":\"WebSite\",\"@id\":\"https:\\\/\\\/stuttgarti-katolikusok.de\\\/#website\",\"url\":\"https:\\\/\\\/stuttgarti-katolikusok.de\\\/\",\"name\":\"Stuttgarti Katolikusok\",\"description\":\"\",\"potentialAction\":[{\"@type\":\"SearchAction\",\"target\":{\"@type\":\"EntryPoint\",\"urlTemplate\":\"https:\\\/\\\/stuttgarti-katolikusok.de\\\/?s={search_term_string}\"},\"query-input\":{\"@type\":\"PropertyValueSpecification\",\"valueRequired\":true,\"valueName\":\"search_term_string\"}}],\"inLanguage\":\"hu\"},{\"@type\":\"Person\",\"@id\":\"https:\\\/\\\/stuttgarti-katolikusok.de\\\/#\\\/schema\\\/person\\\/75908d6f8fdc03a57889d27209df7795\",\"name\":\"Tibor atya\",\"image\":{\"@type\":\"ImageObject\",\"inLanguage\":\"hu\",\"@id\":\"https:\\\/\\\/secure.gravatar.com\\\/avatar\\\/61d268e57d1f4525b111222e29d2d5a7f8c420fdbf231ba5566a8ceac74fa960?s=96&d=mm&r=g\",\"url\":\"https:\\\/\\\/secure.gravatar.com\\\/avatar\\\/61d268e57d1f4525b111222e29d2d5a7f8c420fdbf231ba5566a8ceac74fa960?s=96&d=mm&r=g\",\"contentUrl\":\"https:\\\/\\\/secure.gravatar.com\\\/avatar\\\/61d268e57d1f4525b111222e29d2d5a7f8c420fdbf231ba5566a8ceac74fa960?s=96&d=mm&r=g\",\"caption\":\"Tibor atya\"},\"url\":\"https:\\\/\\\/stuttgarti-katolikusok.de\\\/index.php\\\/author\\\/tibor-atya\\\/\"}]}<\/script>\n<!-- \/ Yoast SEO plugin. -->","yoast_head_json":{"title":"Programel\u0151zetes szeptember 12 \u00e9s 18 k\u00f6z\u00f6tt - Stuttgarti Katolikusok","robots":{"index":"index","follow":"follow","max-snippet":"max-snippet:-1","max-image-preview":"max-image-preview:large","max-video-preview":"max-video-preview:-1"},"canonical":"https:\/\/stuttgarti-katolikusok.de\/index.php\/programelozetes-szeptember-12-es-18-kozott\/","og_locale":"hu_HU","og_type":"article","og_title":"Programel\u0151zetes szeptember 12 \u00e9s 18 k\u00f6z\u00f6tt - Stuttgarti Katolikusok","og_description":"Programel\u0151zetes \u00a0 Szeptember 15-\u00e9n, cs\u00fct\u00f6rt\u00f6k\u00f6n, Ulmban 17.30 \u00f3rakor szentmise, el\u0151tte gy\u00f3ntat\u00e1s, szentmise v\u00e9gezt\u00e9vel Besz\u00e9lget\u00e9s a Bibli\u00e1r\u00f3l. * Szeptember 16-\u00e1n, p\u00e9nteken, Stuttgartban 15.30 \u00f3rakor indul a Bar\u00e1ts\u00e1gklub. Kedves Vend\u00e9g\u00fcnk, Nm. \u00e9s Ft. B\u00f6cskei L\u00e1szl\u00f3 nagyv\u00e1radi p\u00fcsp\u00f6k. Minden kellemes t\u00e1rsas\u00e1gra v\u00e1gy\u00f3 \u00e9rdekl\u0151d\u0151t szeretettel v\u00e1r a Tags\u00e1g! 17.45 \u00f3rakor r\u00f3zsaf\u00fcz\u00e9r-\u00e1jtatoss\u00e1g, ut\u00e1na esti szentmise, amelyet L\u00e1szl\u00f3 p\u00fcsp\u00f6k mutat be, keret\u00e9ben b\u00e9rm\u00e1l\u00e1s. Ut\u00e1na Bibliak\u00f6r. Weingartenben, a St. Marien-templomban 18.30 \u00f3r\u00e1t\u00f3l szentmise, el\u0151tte gy\u00f3ntat\u00e1s, ut\u00e1na pedig Besz\u00e9lget\u00e9sek a Bibli\u00e1r\u00f3l. * Szeptember 17-\u00e9n, szombaton Stuttgartban Nyitott Templomok \u00c9jszak\u00e1ja. A program 19.00 \u00f3rakor indul egy k\u00e9pvet\u00edt\u00e9ses el\u0151ad\u00e1ssal, amelynek a c\u00edme: G\u00f3tikus templomok. Majd L\u00e1szl\u00f3 p\u00fcsp\u00f6k a nagyv\u00e1radi sz\u00e9kesegyh\u00e1zat mutatja be r\u00f6viden. Ut\u00e1na verses el\u0151ad\u00e1s a templomr\u00f3l. V\u00e9g\u00fcl programunkat a Himnusszal z\u00e1rjuk a templomt\u00e9ren l\u00e9v\u0151 Mindszenty-szoborn\u00e1l. * Szeptember 18-\u00e1n, vas\u00e1rnap, 9.30 \u00f3rakor Ludwigsburgban szentmise, ut\u00e1na \u00e1g\u00e1p\u00e9. Stuttgartban Egyh\u00e1zk\u00f6zs\u00e9g\u00fcnk v\u00e9d\u0151szentj\u00e9nek, Szent Gell\u00e9rt p\u00fcsp\u00f6k-v\u00e9rtan\u00fanak az \u00fcnnepe, templomb\u00facs\u00fa. 12.00 \u00f3rakor szentmise. F\u0151celebr\u00e1ns \u00e9s sz\u00f3nok Nm. \u00e9s Ft. B\u00f6cskei L\u00e1szl\u00f3 nagyv\u00e1radi p\u00fcsp\u00f6k atya. 13.30 \u00f3rakor k\u00f6z\u00f6s eb\u00e9d a templom el\u0151tti t\u00e9ren. 15.00 \u00f3rakor verses-zen\u00e9s interj\u00fa L\u00e1szl\u00f3 p\u00fcsp\u00f6kkel. El\u0151ad\u00f3k az Egyh\u00e1zk\u00f6zs\u00e9g h\u00edvei. Minden helyen mindenkit szeretettel v\u00e1r a k\u00f6z\u00f6ss\u00e9g, Imre atya \u00e9s Tibor atya! \u201eIsten\u00fcnk, ki Szent Gell\u00e9rt p\u00fcsp\u00f6knek v\u00e9rtan\u00fas\u00e1g\u00e1\u00e9rt megadtad a halhatatlans\u00e1g koron\u00e1j\u00e1t, engedd j\u00f3s\u00e1gosan, hogy akinek eml\u00e9kezet\u00e9t \u00e1h\u00edtattal \u00fclj\u00fck itt a f\u00f6ld\u00f6n, annak sz\u00fcntelen p\u00e1rtfog\u00e1sa v\u00e9delmezzen minket a mennyben! Sz\u00e9p napokat, j\u00f3 munk\u00e1t, tartalmas besz\u00e9lget\u00e9seket \u00e9s kellemes tal\u00e1lkoz\u00e1sokat k\u00edv\u00e1nunk minden kedves H\u00edv\u00fcnknek! &nbsp;","og_url":"https:\/\/stuttgarti-katolikusok.de\/index.php\/programelozetes-szeptember-12-es-18-kozott\/","og_site_name":"Stuttgarti Katolikusok","article_published_time":"2016-09-12T06:37:00+00:00","article_modified_time":"2016-09-12T08:34:14+00:00","og_image":[{"width":288,"height":287,"url":"https:\/\/stuttgarti-katolikusok.de\/wp-content\/uploads\/2016\/09\/gellert-22.jpg","type":"image\/jpeg"}],"author":"Tibor atya","twitter_card":"summary_large_image","twitter_misc":{"Szerz\u0151:":"Tibor atya","Becs\u00fclt olvas\u00e1si id\u0151":"2 perc"},"schema":{"@context":"https:\/\/schema.org","@graph":[{"@type":"Article","@id":"https:\/\/stuttgarti-katolikusok.de\/index.php\/programelozetes-szeptember-12-es-18-kozott\/#article","isPartOf":{"@id":"https:\/\/stuttgarti-katolikusok.de\/index.php\/programelozetes-szeptember-12-es-18-kozott\/"},"author":{"name":"Tibor atya","@id":"https:\/\/stuttgarti-katolikusok.de\/#\/schema\/person\/75908d6f8fdc03a57889d27209df7795"},"headline":"Programel\u0151zetes szeptember 12 \u00e9s 18 k\u00f6z\u00f6tt","datePublished":"2016-09-12T06:37:00+00:00","dateModified":"2016-09-12T08:34:14+00:00","mainEntityOfPage":{"@id":"https:\/\/stuttgarti-katolikusok.de\/index.php\/programelozetes-szeptember-12-es-18-kozott\/"},"wordCount":376,"image":{"@id":"https:\/\/stuttgarti-katolikusok.de\/index.php\/programelozetes-szeptember-12-es-18-kozott\/#primaryimage"},"thumbnailUrl":"https:\/\/stuttgarti-katolikusok.de\/wp-content\/uploads\/2016\/09\/gellert-22.jpg","articleSection":["Progamel\u0151zetes"],"inLanguage":"hu"},{"@type":"WebPage","@id":"https:\/\/stuttgarti-katolikusok.de\/index.php\/programelozetes-szeptember-12-es-18-kozott\/","url":"https:\/\/stuttgarti-katolikusok.de\/index.php\/programelozetes-szeptember-12-es-18-kozott\/","name":"Programel\u0151zetes szeptember 12 \u00e9s 18 k\u00f6z\u00f6tt - Stuttgarti Katolikusok","isPartOf":{"@id":"https:\/\/stuttgarti-katolikusok.de\/#website"},"primaryImageOfPage":{"@id":"https:\/\/stuttgarti-katolikusok.de\/index.php\/programelozetes-szeptember-12-es-18-kozott\/#primaryimage"},"image":{"@id":"https:\/\/stuttgarti-katolikusok.de\/index.php\/programelozetes-szeptember-12-es-18-kozott\/#primaryimage"},"thumbnailUrl":"https:\/\/stuttgarti-katolikusok.de\/wp-content\/uploads\/2016\/09\/gellert-22.jpg","datePublished":"2016-09-12T06:37:00+00:00","dateModified":"2016-09-12T08:34:14+00:00","author":{"@id":"https:\/\/stuttgarti-katolikusok.de\/#\/schema\/person\/75908d6f8fdc03a57889d27209df7795"},"breadcrumb":{"@id":"https:\/\/stuttgarti-katolikusok.de\/index.php\/programelozetes-szeptember-12-es-18-kozott\/#breadcrumb"},"inLanguage":"hu","potentialAction":[{"@type":"ReadAction","target":["https:\/\/stuttgarti-katolikusok.de\/index.php\/programelozetes-szeptember-12-es-18-kozott\/"]}]},{"@type":"ImageObject","inLanguage":"hu","@id":"https:\/\/stuttgarti-katolikusok.de\/index.php\/programelozetes-szeptember-12-es-18-kozott\/#primaryimage","url":"https:\/\/stuttgarti-katolikusok.de\/wp-content\/uploads\/2016\/09\/gellert-22.jpg","contentUrl":"https:\/\/stuttgarti-katolikusok.de\/wp-content\/uploads\/2016\/09\/gellert-22.jpg","width":288,"height":287},{"@type":"BreadcrumbList","@id":"https:\/\/stuttgarti-katolikusok.de\/index.php\/programelozetes-szeptember-12-es-18-kozott\/#breadcrumb","itemListElement":[{"@type":"ListItem","position":1,"name":"Kezd\u0151lap","item":"https:\/\/stuttgarti-katolikusok.de\/"},{"@type":"ListItem","position":2,"name":"Programel\u0151zetes szeptember 12 \u00e9s 18 k\u00f6z\u00f6tt"}]},{"@type":"WebSite","@id":"https:\/\/stuttgarti-katolikusok.de\/#website","url":"https:\/\/stuttgarti-katolikusok.de\/","name":"Stuttgarti Katolikusok","description":"","potentialAction":[{"@type":"SearchAction","target":{"@type":"EntryPoint","urlTemplate":"https:\/\/stuttgarti-katolikusok.de\/?s={search_term_string}"},"query-input":{"@type":"PropertyValueSpecification","valueRequired":true,"valueName":"search_term_string"}}],"inLanguage":"hu"},{"@type":"Person","@id":"https:\/\/stuttgarti-katolikusok.de\/#\/schema\/person\/75908d6f8fdc03a57889d27209df7795","name":"Tibor atya","image":{"@type":"ImageObject","inLanguage":"hu","@id":"https:\/\/secure.gravatar.com\/avatar\/61d268e57d1f4525b111222e29d2d5a7f8c420fdbf231ba5566a8ceac74fa960?s=96&d=mm&r=g","url":"https:\/\/secure.gravatar.com\/avatar\/61d268e57d1f4525b111222e29d2d5a7f8c420fdbf231ba5566a8ceac74fa960?s=96&d=mm&r=g","contentUrl":"https:\/\/secure.gravatar.com\/avatar\/61d268e57d1f4525b111222e29d2d5a7f8c420fdbf231ba5566a8ceac74fa960?s=96&d=mm&r=g","caption":"Tibor atya"},"url":"https:\/\/stuttgarti-katolikusok.de\/index.php\/author\/tibor-atya\/"}]}},"_links":{"self":[{"href":"https:\/\/stuttgarti-katolikusok.de\/index.php\/wp-json\/wp\/v2\/posts\/9724","targetHints":{"allow":["GET"]}}],"collection":[{"href":"https:\/\/stuttgarti-katolikusok.de\/index.php\/wp-json\/wp\/v2\/posts"}],"about":[{"href":"https:\/\/stuttgarti-katolikusok.de\/index.php\/wp-json\/wp\/v2\/types\/post"}],"author":[{"embeddable":true,"href":"https:\/\/stuttgarti-katolikusok.de\/index.php\/wp-json\/wp\/v2\/users\/3"}],"replies":[{"embeddable":true,"href":"https:\/\/stuttgarti-katolikusok.de\/index.php\/wp-json\/wp\/v2\/comments?post=9724"}],"version-history":[{"count":2,"href":"https:\/\/stuttgarti-katolikusok.de\/index.php\/wp-json\/wp\/v2\/posts\/9724\/revisions"}],"predecessor-version":[{"id":9729,"href":"https:\/\/stuttgarti-katolikusok.de\/index.php\/wp-json\/wp\/v2\/posts\/9724\/revisions\/9729"}],"wp:featuredmedia":[{"embeddable":true,"href":"https:\/\/stuttgarti-katolikusok.de\/index.php\/wp-json\/wp\/v2\/media\/9725"}],"wp:attachment":[{"href":"https:\/\/stuttgarti-katolikusok.de\/index.php\/wp-json\/wp\/v2\/media?parent=9724"}],"wp:term":[{"taxonomy":"category","embeddable":true,"href":"https:\/\/stuttgarti-katolikusok.de\/index.php\/wp-json\/wp\/v2\/categories?post=9724"},{"taxonomy":"post_tag","embeddable":true,"href":"https:\/\/stuttgarti-katolikusok.de\/index.php\/wp-json\/wp\/v2\/tags?post=9724"}],"curies":[{"name":"wp","href":"https:\/\/api.w.org\/{rel}","templated":true}]}}