{"id":9626,"date":"2016-07-16T05:45:15","date_gmt":"2016-07-16T05:45:15","guid":{"rendered":"https:\/\/gracious-dewdney.138-201-221-2.plesk.page\/?p=9626"},"modified":"2016-09-04T04:59:22","modified_gmt":"2016-09-04T04:59:22","slug":"keress-magadnak-egy-jo-kozosseget","status":"publish","type":"post","link":"https:\/\/stuttgarti-katolikusok.de\/index.php\/keress-magadnak-egy-jo-kozosseget\/","title":{"rendered":"Keress magadnak egy j\u00f3 k\u00f6z\u00f6ss\u00e9get!"},"content":{"rendered":"<hr \/>\n<p><strong>Keress magadnak egy j\u00f3 k\u00f6z\u00f6ss\u00e9get\u2026<\/strong><\/p>\n<p>A legut\u00f3bbi szentmis\u00e9n ism\u00e9t ott l\u00e1ttalak. Ut\u00e1na odamentem hozz\u00e1d, \u00e9s \u2013 mint mindig \u2013 T\u00e9ged is megh\u00edvtalak a k\u00f6z\u00f6ss\u00e9g\u00fcnk legk\u00f6zelebbi rendezv\u00e9ny\u00e9re. \u00dajfent elh\u00e1r\u00edtottad. Azt mondtad, ez\u00fattal is sietsz, meg azt\u00e1n alig ismersz valakit, nem is besz\u00e9lve arr\u00f3l, hogy a <em>\u201esok embert<\/em><em>\u0151l\u201c<\/em> \u2013 \u00a0\u00e9s pontosan ezt a kifejez\u00e9st haszn\u00e1ltad \u2013 <em>\u201eam\u00fagy sem kapok semmit\u201c<\/em>. <em>\u201eH\u00e1t nem el\u00e9g, ha a szentmis\u00e9n itt vagyok?\u201c<\/em> \u2013 k\u00e9rdezted egy kis \u00e9llel a hangodban.<\/p>\n<p><em>\u201eSzerintem t\u00f6bbre van sz\u00fcks\u00e9ged\u201c<\/em> \u2013 mondtam, \u00e9s a templom el\u0151tti vir\u00e1g\u00e1gy\u00e1s mellett \u00e1llva a szorosan egym\u00e1s mellett vir\u00edt\u00f3 vir\u00e1gokra\u00a0 mutattam\u2026<\/p>\n<p>Valah\u00e1nyszor r\u00e1juk n\u00e9zek, az az \u00e9rz\u00e9sem, mintha a vir\u00e1gok egyenesen keresn\u00e9k egym\u00e1s k\u00f6zels\u00e9g\u00e9t. Figyeled, mindegyik m\u00e1s \u00e9s m\u00e1s. Van k\u00f6z\u00f6tt\u00fck h\u00e1rom bokor halv\u00e1ny t\u00f6rper\u00f3zsa, egy illatos levendulabokor, p\u00e1r kis kerti \u00e1rv\u00e1cska, azut\u00e1n amott egy \u00e9vel\u0151 cickafark, egy bokor s\u00e1sliliom, p\u00e1r narancss\u00e1rga forg\u00e1csvir\u00e1g, rengeteg verb\u00e9na \u00e9s hibiszkusz, nem is besz\u00e9lve arr\u00f3l a sokr\u00f3l, amelynek a neve nem is jut most hirtelen eszembe, de ontja illat\u00e1t\u2026 \u2013 \u00e9s tetej\u00e9ben \u00a0mindegyikre r\u00e1borul egy gy\u00f6ny\u00f6r\u0171, magas ak\u00e1cfa h\u0171s lombja\u2026<\/p>\n<p>Valamennyi szemmel l\u00e1that\u00f3an j\u00f3l \u00e9rzi mag\u00e1t egym\u00e1s t\u00e1rsas\u00e1g\u00e1ban. Mindegyik megtartja a maga egy\u00e9nis\u00e9g\u00e9t \u00e9s m\u00e1ss\u00e1g\u00e1t, mindegyik a maga sz\u00edn\u00e9ben pomp\u00e1zik, \u00e9l \u00e9s l\u00e9legzik, de szorosan egym\u00e1s mellett\u2026 \u00a0\u00c9s figyeled, mintha egym\u00e1sra is hajoln\u00e1nak\u2026 Mintha egyenesen \u00e9lvezn\u00e9k \u00e9s keresn\u00e9k egym\u00e1s k\u00f6zels\u00e9g\u00e9t\u2026 Mi\u00e9rt?<\/p>\n<p>Mert \u00f6szt\u00f6n\u00f6sen \u00e9rzik, hogy egyed\u00fcl nem l\u00e9tezhetnek: a vihar \u00e9s a sz\u00e9l kit\u00e9pn\u00e9 \u0151ket az anyaf\u00f6ldb\u0151l, majd sz\u00e9tsz\u00f3rn\u00e1 \u0151ket a sz\u00e9lr\u00f3zsa minden ir\u00e1ny\u00e1ba. \u00c9rzik, hogy a k\u00f6z\u00f6ss\u00e9g biztons\u00e1got ny\u00fajt nekik \u2013 \u00e9s k\u00f6z\u00f6ss\u00e9gben sokkal jobban n\u00f6vekedhetnek\u2026<\/p>\n<p>Ilyenek vagyunk mi, emberek is. Isten benn\u00fcnket is k\u00f6z\u00f6ss\u00e9gi l\u00e9nyeknek teremtett.<\/p>\n<p>Sz\u00fcks\u00e9g\u00fcnk van egym\u00e1sra ahhoz, hogy biztons\u00e1gban legy\u00fcnk, hogy egym\u00e1st boldog\u00edtsuk, hogy egym\u00e1s mellett l\u00e9tezz\u00fcnk, l\u00e9legezz\u00fcnk, \u00f6rvendj\u00fcnk \u00e9s szomorkodjunk,\u00a0 \u2013 \u00e9s ami tal\u00e1n a legfontosabb: hogy befel\u00e9 n\u00f6vekedj\u00fcnk!<\/p>\n<p>Keress teh\u00e1t magadnak mindig egy j\u00f3 k\u00f6z\u00f6ss\u00e9get! Milyen az?<\/p>\n<p>A j\u00f3 k\u00f6z\u00f6ss\u00e9g el\u0151sz\u00f6r is <em>seg\u00edt abban, hogy megismerd \u00f6nmagad. <\/em><\/p>\n<p>Az \u00f6nismeret nagyon fontos ahhoz, hogy befel\u00e9 n\u00f6vekedj, \u00e9s hogy egyre \u00e9rt\u00e9kesebb l\u00e9gy\u2026<\/p>\n<p>Bels\u0151 n\u00f6veked\u00e9s nem l\u00e9tezik \u00f6nismeret n\u00e9lk\u00fcl!<\/p>\n<p>\u00c9s honnan tudn\u00e1d, hogy milyen <em>\u201evir\u00e1g\u201c<\/em> vagy, ha nem lenn\u00e9nek k\u00f6r\u00fcl\u00f6tted olyanok, akik j\u00f3tulajdons\u00e1gaidra felnyitj\u00e1k a szemedet, \u00e9s a rosszakat nyesegetik benned?<\/p>\n<p>Honnan ismern\u00e9d meg m\u00e9g jobban \u00f6nmagad, ha nem lenn\u00e9nek melletted t\u00e1rsak, akiknek t\u00fck\u00f6r-szem\u00e9ben igazi \u00f6nmagadat n\u00e9zegethetn\u00e9d?<\/p>\n<p>Keress teh\u00e1t magadnak egy ilyen k\u00f6z\u00f6ss\u00e9get!<\/p>\n<p>A j\u00f3 k\u00f6z\u00f6ss\u00e9g, m\u00e1sodszor, <em>befogad\u00f3.<\/em><\/p>\n<p>A befogad\u00e1s is nagyon fontos ahhoz, hogy befel\u00e9 n\u00f6vekedj, \u00e9s hogy egyre \u00e9rt\u00e9kesebb l\u00e9gy\u2026<\/p>\n<p>Bels\u0151 n\u00f6veked\u00e9s nem l\u00e9tezik befogad\u00e1s n\u00e9lk\u00fcl!<\/p>\n<p>Milyen szerencs\u00e9s az, aki k\u00f6r\u00fcl olyanok vannak, akik \u00f6nzetlen\u00fcl, minden visszafizet\u00e9s n\u00e9lk\u00fcl adnak neki abb\u00f3l, amij\u00fck van: id\u0151t, t\u00f6r\u0151d\u00e9st, egy\u00fctt\u00e9rz\u00e9st, odafigyel\u00e9st, j\u00f3 szavakat\u2026<\/p>\n<p>Milyen szerencs\u00e9s az, aki olyan k\u00f6z\u00f6ss\u00e9ghez tartozik, amelynek tagjai sz\u00fcntelen\u00fcl ezt a visszhangot k\u00fcldik fel\u00e9je: elfogadunk olyannak, amilyen vagy. Saj\u00e1tos <em>\u201esz\u00edneddel\u201c,<\/em> <em>\u201eillatoddal\u201c<\/em> \u00e9s k\u00fcls\u0151 \u00e9s bels\u0151 <em>\u201esz\u00e9ps\u00e9geddel\u201c<\/em> egy\u00fctt!<\/p>\n<p>Keress teh\u00e1t magadnak egy ilyen k\u00f6z\u00f6ss\u00e9get!<\/p>\n<p>V\u00e9g\u00fcl a j\u00f3 k\u00f6z\u00f6ss\u00e9g <em>t\u00e1mogat\u00f3<\/em>.<\/p>\n<p>Miut\u00e1n benne megismerted magad \u00e9s \u0151 is elfogadott, mell\u00e9d \u00e1ll t\u00f6rekv\u00e9seidben \u00e9s el\u0151meneteledben. Seg\u00edt, er\u0151s\u00edt, p\u00e1rtfogol, hogy terveidet \u00e9s \u00e1lmaidat megval\u00f3s\u00edthatsd.<\/p>\n<p>A t\u00e1mogat\u00e1s is nagyon fontos ahhoz, hogy befel\u00e9 n\u00f6vekedj, \u00e9s hogy \u00e9rt\u00e9kesebb l\u00e9gy\u2026<\/p>\n<p>Bels\u0151 n\u00f6veked\u00e9s nincs m\u00e1sok szeret\u0151 t\u00e1mogat\u00e1sa n\u00e9lk\u00fcl!<\/p>\n<p>Boldog az, akinek olyan t\u00e1rsai vannak, akik <em>\u201enaps\u00fct\u00e9sben\u201c<\/em> \u00e9s <em>\u201eviharban\u201c<\/em> egyar\u00e1nt mellette \u00e1llnak!<\/p>\n<p>Boldog az, aki olyan k\u00f6z\u00f6ss\u00e9ghez tartozik, amelynek tagjai sz\u00edv\u00fck\u00f6n viselik az \u0151 testi \u00e9s lelki fejl\u0151d\u00e9s\u00e9t!<\/p>\n<p>Keress teh\u00e1t magadnak egy ilyen k\u00f6z\u00f6ss\u00e9get!<\/p>\n<p>L\u00e1tod, milyen fontos \u2013 a szentmis\u00e9n t\u00fal \u2013 egy j\u00f3 k\u00f6z\u00f6ss\u00e9g! Mert a k\u00f6z\u00f6ss\u00e9g az a hely, ahol megismerheted \u00f6nmagadat, amely T\u00e9ged befogad, \u00e9s seg\u00edt abban, hogy \u2013 megtartva <em>\u201esz\u00ednedet\u201c, \u201eillatodat\u201c,<\/em> egy\u00e9nis\u00e9gedet \u2013 bels\u0151leg n\u00f6vekedj.<\/p>\n<p>Sz\u00e1nj teh\u00e1t t\u00f6bb id\u0151t a kapcsolatokra, mert \u00e1ltaluk n\u00f6vekedsz Te, \u00e9s \u00e1ltaluk n\u00f6vekednek m\u00e1sok. \u00c9s ez az igazi \u00f6r\u00f6m!<\/p>\n<p>Ja, k\u00f6sz\u00f6n\u00f6m, hogy m\u00e9gis csak ott volt\u00e1l a Kis-zar\u00e1ndoklatunkon\u2026<\/p>\n<p>Bels\u0151leg n\u00f6vekedtem a Veled val\u00f3 tal\u00e1lkoz\u00e1s ut\u00e1n\u2026<\/p>\n<p>M\u00e9g sok ilyen tal\u00e1lkoz\u00e1st k\u00edv\u00e1n Neked \u2013 \u00e9s minden kedves Olvas\u00f3j\u00e1nak,<\/p>\n<p><em>szeretettel<\/em><\/p>\n<p><em>Imre atya<\/em><\/p>\n<p><em>Stuttgart, 2016. j\u00falius 16.<\/em><\/p>\n","protected":false},"excerpt":{"rendered":"<p>Keress magadnak egy j\u00f3 k\u00f6z\u00f6ss\u00e9get\u2026 A legut\u00f3bbi szentmis\u00e9n ism\u00e9t ott l\u00e1ttalak. Ut\u00e1na odamentem hozz\u00e1d, \u00e9s \u2013 mint mindig \u2013 T\u00e9ged is megh\u00edvtalak a k\u00f6z\u00f6ss\u00e9g\u00fcnk legk\u00f6zelebbi rendezv\u00e9ny\u00e9re. \u00dajfent elh\u00e1r\u00edtottad. Azt mondtad, ez\u00fattal is sietsz, meg azt\u00e1n alig ismersz valakit, nem is besz\u00e9lve arr\u00f3l, hogy a \u201esok embert\u0151l\u201c \u2013 \u00a0\u00e9s pontosan ezt a kifejez\u00e9st haszn\u00e1ltad \u2013 \u201eam\u00fagy sem kapok semmit\u201c. \u201eH\u00e1t nem el\u00e9g, ha a szentmis\u00e9n itt vagyok?\u201c \u2013 k\u00e9rdezted egy kis \u00e9llel a hangodban. \u201eSzerintem t\u00f6bbre van sz\u00fcks\u00e9ged\u201c \u2013 mondtam, \u00e9s a templom el\u0151tti vir\u00e1g\u00e1gy\u00e1s mellett \u00e1llva a szorosan egym\u00e1s mellett vir\u00edt\u00f3 vir\u00e1gokra\u00a0 mutattam\u2026 Valah\u00e1nyszor r\u00e1juk n\u00e9zek, az az \u00e9rz\u00e9sem, mintha a vir\u00e1gok egyenesen keresn\u00e9k egym\u00e1s k\u00f6zels\u00e9g\u00e9t. Figyeled, mindegyik m\u00e1s \u00e9s m\u00e1s. Van k\u00f6z\u00f6tt\u00fck h\u00e1rom bokor halv\u00e1ny t\u00f6rper\u00f3zsa, egy illatos levendulabokor, p\u00e1r kis kerti \u00e1rv\u00e1cska, azut\u00e1n amott egy \u00e9vel\u0151 cickafark, egy bokor s\u00e1sliliom, p\u00e1r narancss\u00e1rga forg\u00e1csvir\u00e1g, rengeteg verb\u00e9na \u00e9s hibiszkusz, nem is besz\u00e9lve arr\u00f3l a sokr\u00f3l, amelynek a neve nem is jut most hirtelen eszembe, de ontja illat\u00e1t\u2026 \u2013 \u00e9s tetej\u00e9ben \u00a0mindegyikre r\u00e1borul egy gy\u00f6ny\u00f6r\u0171, magas ak\u00e1cfa h\u0171s lombja\u2026 Valamennyi szemmel l\u00e1that\u00f3an j\u00f3l \u00e9rzi mag\u00e1t egym\u00e1s t\u00e1rsas\u00e1g\u00e1ban. Mindegyik megtartja a maga egy\u00e9nis\u00e9g\u00e9t \u00e9s m\u00e1ss\u00e1g\u00e1t, mindegyik a maga sz\u00edn\u00e9ben pomp\u00e1zik, \u00e9l \u00e9s l\u00e9legzik, de szorosan egym\u00e1s mellett\u2026 \u00a0\u00c9s figyeled, mintha egym\u00e1sra is hajoln\u00e1nak\u2026 Mintha egyenesen \u00e9lvezn\u00e9k \u00e9s keresn\u00e9k egym\u00e1s k\u00f6zels\u00e9g\u00e9t\u2026 Mi\u00e9rt? Mert \u00f6szt\u00f6n\u00f6sen \u00e9rzik, hogy egyed\u00fcl nem l\u00e9tezhetnek: a vihar \u00e9s a sz\u00e9l kit\u00e9pn\u00e9 \u0151ket az anyaf\u00f6ldb\u0151l, majd sz\u00e9tsz\u00f3rn\u00e1 \u0151ket a sz\u00e9lr\u00f3zsa minden ir\u00e1ny\u00e1ba. \u00c9rzik, hogy a k\u00f6z\u00f6ss\u00e9g biztons\u00e1got ny\u00fajt nekik \u2013 \u00e9s k\u00f6z\u00f6ss\u00e9gben sokkal jobban n\u00f6vekedhetnek\u2026 Ilyenek vagyunk mi, emberek is. Isten benn\u00fcnket is k\u00f6z\u00f6ss\u00e9gi l\u00e9nyeknek teremtett. Sz\u00fcks\u00e9g\u00fcnk van egym\u00e1sra ahhoz, hogy biztons\u00e1gban legy\u00fcnk, hogy egym\u00e1st boldog\u00edtsuk, hogy egym\u00e1s mellett l\u00e9tezz\u00fcnk, l\u00e9legezz\u00fcnk, \u00f6rvendj\u00fcnk \u00e9s szomorkodjunk,\u00a0 \u2013 \u00e9s ami tal\u00e1n a legfontosabb: hogy befel\u00e9 n\u00f6vekedj\u00fcnk! Keress teh\u00e1t magadnak mindig egy j\u00f3 k\u00f6z\u00f6ss\u00e9get! Milyen az? A j\u00f3 k\u00f6z\u00f6ss\u00e9g el\u0151sz\u00f6r is seg\u00edt abban, hogy&#8230; <\/p>\n<p><a class=\"readmore\" href=\"https:\/\/stuttgarti-katolikusok.de\/index.php\/keress-magadnak-egy-jo-kozosseget\/\">R\u00e9szletek<\/a><\/p>\n","protected":false},"author":3,"featured_media":0,"comment_status":"closed","ping_status":"closed","sticky":false,"template":"","format":"standard","meta":{"footnotes":""},"categories":[24],"tags":[],"class_list":["post-9626","post","type-post","status-publish","format-standard","hentry","category-gondolatok"],"yoast_head":"<!-- This site is optimized with the Yoast SEO plugin v27.3 - https:\/\/yoast.com\/product\/yoast-seo-wordpress\/ -->\n<title>Keress magadnak egy j\u00f3 k\u00f6z\u00f6ss\u00e9get! - Stuttgarti Katolikusok<\/title>\n<meta name=\"robots\" content=\"index, follow, max-snippet:-1, max-image-preview:large, max-video-preview:-1\" \/>\n<link rel=\"canonical\" href=\"https:\/\/stuttgarti-katolikusok.de\/index.php\/keress-magadnak-egy-jo-kozosseget\/\" \/>\n<meta property=\"og:locale\" content=\"hu_HU\" \/>\n<meta property=\"og:type\" content=\"article\" \/>\n<meta property=\"og:title\" content=\"Keress magadnak egy j\u00f3 k\u00f6z\u00f6ss\u00e9get! - Stuttgarti Katolikusok\" \/>\n<meta property=\"og:description\" content=\"Keress magadnak egy j\u00f3 k\u00f6z\u00f6ss\u00e9get\u2026 A legut\u00f3bbi szentmis\u00e9n ism\u00e9t ott l\u00e1ttalak. Ut\u00e1na odamentem hozz\u00e1d, \u00e9s \u2013 mint mindig \u2013 T\u00e9ged is megh\u00edvtalak a k\u00f6z\u00f6ss\u00e9g\u00fcnk legk\u00f6zelebbi rendezv\u00e9ny\u00e9re. \u00dajfent elh\u00e1r\u00edtottad. Azt mondtad, ez\u00fattal is sietsz, meg azt\u00e1n alig ismersz valakit, nem is besz\u00e9lve arr\u00f3l, hogy a \u201esok embert\u0151l\u201c \u2013 \u00a0\u00e9s pontosan ezt a kifejez\u00e9st haszn\u00e1ltad \u2013 \u201eam\u00fagy sem kapok semmit\u201c. \u201eH\u00e1t nem el\u00e9g, ha a szentmis\u00e9n itt vagyok?\u201c \u2013 k\u00e9rdezted egy kis \u00e9llel a hangodban. \u201eSzerintem t\u00f6bbre van sz\u00fcks\u00e9ged\u201c \u2013 mondtam, \u00e9s a templom el\u0151tti vir\u00e1g\u00e1gy\u00e1s mellett \u00e1llva a szorosan egym\u00e1s mellett vir\u00edt\u00f3 vir\u00e1gokra\u00a0 mutattam\u2026 Valah\u00e1nyszor r\u00e1juk n\u00e9zek, az az \u00e9rz\u00e9sem, mintha a vir\u00e1gok egyenesen keresn\u00e9k egym\u00e1s k\u00f6zels\u00e9g\u00e9t. Figyeled, mindegyik m\u00e1s \u00e9s m\u00e1s. Van k\u00f6z\u00f6tt\u00fck h\u00e1rom bokor halv\u00e1ny t\u00f6rper\u00f3zsa, egy illatos levendulabokor, p\u00e1r kis kerti \u00e1rv\u00e1cska, azut\u00e1n amott egy \u00e9vel\u0151 cickafark, egy bokor s\u00e1sliliom, p\u00e1r narancss\u00e1rga forg\u00e1csvir\u00e1g, rengeteg verb\u00e9na \u00e9s hibiszkusz, nem is besz\u00e9lve arr\u00f3l a sokr\u00f3l, amelynek a neve nem is jut most hirtelen eszembe, de ontja illat\u00e1t\u2026 \u2013 \u00e9s tetej\u00e9ben \u00a0mindegyikre r\u00e1borul egy gy\u00f6ny\u00f6r\u0171, magas ak\u00e1cfa h\u0171s lombja\u2026 Valamennyi szemmel l\u00e1that\u00f3an j\u00f3l \u00e9rzi mag\u00e1t egym\u00e1s t\u00e1rsas\u00e1g\u00e1ban. Mindegyik megtartja a maga egy\u00e9nis\u00e9g\u00e9t \u00e9s m\u00e1ss\u00e1g\u00e1t, mindegyik a maga sz\u00edn\u00e9ben pomp\u00e1zik, \u00e9l \u00e9s l\u00e9legzik, de szorosan egym\u00e1s mellett\u2026 \u00a0\u00c9s figyeled, mintha egym\u00e1sra is hajoln\u00e1nak\u2026 Mintha egyenesen \u00e9lvezn\u00e9k \u00e9s keresn\u00e9k egym\u00e1s k\u00f6zels\u00e9g\u00e9t\u2026 Mi\u00e9rt? Mert \u00f6szt\u00f6n\u00f6sen \u00e9rzik, hogy egyed\u00fcl nem l\u00e9tezhetnek: a vihar \u00e9s a sz\u00e9l kit\u00e9pn\u00e9 \u0151ket az anyaf\u00f6ldb\u0151l, majd sz\u00e9tsz\u00f3rn\u00e1 \u0151ket a sz\u00e9lr\u00f3zsa minden ir\u00e1ny\u00e1ba. \u00c9rzik, hogy a k\u00f6z\u00f6ss\u00e9g biztons\u00e1got ny\u00fajt nekik \u2013 \u00e9s k\u00f6z\u00f6ss\u00e9gben sokkal jobban n\u00f6vekedhetnek\u2026 Ilyenek vagyunk mi, emberek is. Isten benn\u00fcnket is k\u00f6z\u00f6ss\u00e9gi l\u00e9nyeknek teremtett. Sz\u00fcks\u00e9g\u00fcnk van egym\u00e1sra ahhoz, hogy biztons\u00e1gban legy\u00fcnk, hogy egym\u00e1st boldog\u00edtsuk, hogy egym\u00e1s mellett l\u00e9tezz\u00fcnk, l\u00e9legezz\u00fcnk, \u00f6rvendj\u00fcnk \u00e9s szomorkodjunk,\u00a0 \u2013 \u00e9s ami tal\u00e1n a legfontosabb: hogy befel\u00e9 n\u00f6vekedj\u00fcnk! Keress teh\u00e1t magadnak mindig egy j\u00f3 k\u00f6z\u00f6ss\u00e9get! Milyen az? A j\u00f3 k\u00f6z\u00f6ss\u00e9g el\u0151sz\u00f6r is seg\u00edt abban, hogy... R\u00e9szletek\" \/>\n<meta property=\"og:url\" content=\"https:\/\/stuttgarti-katolikusok.de\/index.php\/keress-magadnak-egy-jo-kozosseget\/\" \/>\n<meta property=\"og:site_name\" content=\"Stuttgarti Katolikusok\" \/>\n<meta property=\"article:published_time\" content=\"2016-07-16T05:45:15+00:00\" \/>\n<meta property=\"article:modified_time\" content=\"2016-09-04T04:59:22+00:00\" \/>\n<meta name=\"author\" content=\"Tibor atya\" \/>\n<meta name=\"twitter:card\" content=\"summary_large_image\" \/>\n<meta name=\"twitter:label1\" content=\"Szerz\u0151:\" \/>\n\t<meta name=\"twitter:data1\" content=\"Tibor atya\" \/>\n\t<meta name=\"twitter:label2\" content=\"Becs\u00fclt olvas\u00e1si id\u0151\" \/>\n\t<meta name=\"twitter:data2\" content=\"5 perc\" \/>\n<script type=\"application\/ld+json\" class=\"yoast-schema-graph\">{\"@context\":\"https:\\\/\\\/schema.org\",\"@graph\":[{\"@type\":\"Article\",\"@id\":\"https:\\\/\\\/stuttgarti-katolikusok.de\\\/index.php\\\/keress-magadnak-egy-jo-kozosseget\\\/#article\",\"isPartOf\":{\"@id\":\"https:\\\/\\\/stuttgarti-katolikusok.de\\\/index.php\\\/keress-magadnak-egy-jo-kozosseget\\\/\"},\"author\":{\"name\":\"Tibor atya\",\"@id\":\"https:\\\/\\\/stuttgarti-katolikusok.de\\\/#\\\/schema\\\/person\\\/75908d6f8fdc03a57889d27209df7795\"},\"headline\":\"Keress magadnak egy j\u00f3 k\u00f6z\u00f6ss\u00e9get!\",\"datePublished\":\"2016-07-16T05:45:15+00:00\",\"dateModified\":\"2016-09-04T04:59:22+00:00\",\"mainEntityOfPage\":{\"@id\":\"https:\\\/\\\/stuttgarti-katolikusok.de\\\/index.php\\\/keress-magadnak-egy-jo-kozosseget\\\/\"},\"wordCount\":937,\"articleSection\":[\"Gondolatok\"],\"inLanguage\":\"hu\"},{\"@type\":\"WebPage\",\"@id\":\"https:\\\/\\\/stuttgarti-katolikusok.de\\\/index.php\\\/keress-magadnak-egy-jo-kozosseget\\\/\",\"url\":\"https:\\\/\\\/stuttgarti-katolikusok.de\\\/index.php\\\/keress-magadnak-egy-jo-kozosseget\\\/\",\"name\":\"Keress magadnak egy j\u00f3 k\u00f6z\u00f6ss\u00e9get! - Stuttgarti Katolikusok\",\"isPartOf\":{\"@id\":\"https:\\\/\\\/stuttgarti-katolikusok.de\\\/#website\"},\"datePublished\":\"2016-07-16T05:45:15+00:00\",\"dateModified\":\"2016-09-04T04:59:22+00:00\",\"author\":{\"@id\":\"https:\\\/\\\/stuttgarti-katolikusok.de\\\/#\\\/schema\\\/person\\\/75908d6f8fdc03a57889d27209df7795\"},\"breadcrumb\":{\"@id\":\"https:\\\/\\\/stuttgarti-katolikusok.de\\\/index.php\\\/keress-magadnak-egy-jo-kozosseget\\\/#breadcrumb\"},\"inLanguage\":\"hu\",\"potentialAction\":[{\"@type\":\"ReadAction\",\"target\":[\"https:\\\/\\\/stuttgarti-katolikusok.de\\\/index.php\\\/keress-magadnak-egy-jo-kozosseget\\\/\"]}]},{\"@type\":\"BreadcrumbList\",\"@id\":\"https:\\\/\\\/stuttgarti-katolikusok.de\\\/index.php\\\/keress-magadnak-egy-jo-kozosseget\\\/#breadcrumb\",\"itemListElement\":[{\"@type\":\"ListItem\",\"position\":1,\"name\":\"Kezd\u0151lap\",\"item\":\"https:\\\/\\\/stuttgarti-katolikusok.de\\\/\"},{\"@type\":\"ListItem\",\"position\":2,\"name\":\"Keress magadnak egy j\u00f3 k\u00f6z\u00f6ss\u00e9get!\"}]},{\"@type\":\"WebSite\",\"@id\":\"https:\\\/\\\/stuttgarti-katolikusok.de\\\/#website\",\"url\":\"https:\\\/\\\/stuttgarti-katolikusok.de\\\/\",\"name\":\"Stuttgarti Katolikusok\",\"description\":\"\",\"potentialAction\":[{\"@type\":\"SearchAction\",\"target\":{\"@type\":\"EntryPoint\",\"urlTemplate\":\"https:\\\/\\\/stuttgarti-katolikusok.de\\\/?s={search_term_string}\"},\"query-input\":{\"@type\":\"PropertyValueSpecification\",\"valueRequired\":true,\"valueName\":\"search_term_string\"}}],\"inLanguage\":\"hu\"},{\"@type\":\"Person\",\"@id\":\"https:\\\/\\\/stuttgarti-katolikusok.de\\\/#\\\/schema\\\/person\\\/75908d6f8fdc03a57889d27209df7795\",\"name\":\"Tibor atya\",\"image\":{\"@type\":\"ImageObject\",\"inLanguage\":\"hu\",\"@id\":\"https:\\\/\\\/secure.gravatar.com\\\/avatar\\\/61d268e57d1f4525b111222e29d2d5a7f8c420fdbf231ba5566a8ceac74fa960?s=96&d=mm&r=g\",\"url\":\"https:\\\/\\\/secure.gravatar.com\\\/avatar\\\/61d268e57d1f4525b111222e29d2d5a7f8c420fdbf231ba5566a8ceac74fa960?s=96&d=mm&r=g\",\"contentUrl\":\"https:\\\/\\\/secure.gravatar.com\\\/avatar\\\/61d268e57d1f4525b111222e29d2d5a7f8c420fdbf231ba5566a8ceac74fa960?s=96&d=mm&r=g\",\"caption\":\"Tibor atya\"},\"url\":\"https:\\\/\\\/stuttgarti-katolikusok.de\\\/index.php\\\/author\\\/tibor-atya\\\/\"}]}<\/script>\n<!-- \/ Yoast SEO plugin. -->","yoast_head_json":{"title":"Keress magadnak egy j\u00f3 k\u00f6z\u00f6ss\u00e9get! - Stuttgarti Katolikusok","robots":{"index":"index","follow":"follow","max-snippet":"max-snippet:-1","max-image-preview":"max-image-preview:large","max-video-preview":"max-video-preview:-1"},"canonical":"https:\/\/stuttgarti-katolikusok.de\/index.php\/keress-magadnak-egy-jo-kozosseget\/","og_locale":"hu_HU","og_type":"article","og_title":"Keress magadnak egy j\u00f3 k\u00f6z\u00f6ss\u00e9get! - Stuttgarti Katolikusok","og_description":"Keress magadnak egy j\u00f3 k\u00f6z\u00f6ss\u00e9get\u2026 A legut\u00f3bbi szentmis\u00e9n ism\u00e9t ott l\u00e1ttalak. Ut\u00e1na odamentem hozz\u00e1d, \u00e9s \u2013 mint mindig \u2013 T\u00e9ged is megh\u00edvtalak a k\u00f6z\u00f6ss\u00e9g\u00fcnk legk\u00f6zelebbi rendezv\u00e9ny\u00e9re. \u00dajfent elh\u00e1r\u00edtottad. Azt mondtad, ez\u00fattal is sietsz, meg azt\u00e1n alig ismersz valakit, nem is besz\u00e9lve arr\u00f3l, hogy a \u201esok embert\u0151l\u201c \u2013 \u00a0\u00e9s pontosan ezt a kifejez\u00e9st haszn\u00e1ltad \u2013 \u201eam\u00fagy sem kapok semmit\u201c. \u201eH\u00e1t nem el\u00e9g, ha a szentmis\u00e9n itt vagyok?\u201c \u2013 k\u00e9rdezted egy kis \u00e9llel a hangodban. \u201eSzerintem t\u00f6bbre van sz\u00fcks\u00e9ged\u201c \u2013 mondtam, \u00e9s a templom el\u0151tti vir\u00e1g\u00e1gy\u00e1s mellett \u00e1llva a szorosan egym\u00e1s mellett vir\u00edt\u00f3 vir\u00e1gokra\u00a0 mutattam\u2026 Valah\u00e1nyszor r\u00e1juk n\u00e9zek, az az \u00e9rz\u00e9sem, mintha a vir\u00e1gok egyenesen keresn\u00e9k egym\u00e1s k\u00f6zels\u00e9g\u00e9t. Figyeled, mindegyik m\u00e1s \u00e9s m\u00e1s. Van k\u00f6z\u00f6tt\u00fck h\u00e1rom bokor halv\u00e1ny t\u00f6rper\u00f3zsa, egy illatos levendulabokor, p\u00e1r kis kerti \u00e1rv\u00e1cska, azut\u00e1n amott egy \u00e9vel\u0151 cickafark, egy bokor s\u00e1sliliom, p\u00e1r narancss\u00e1rga forg\u00e1csvir\u00e1g, rengeteg verb\u00e9na \u00e9s hibiszkusz, nem is besz\u00e9lve arr\u00f3l a sokr\u00f3l, amelynek a neve nem is jut most hirtelen eszembe, de ontja illat\u00e1t\u2026 \u2013 \u00e9s tetej\u00e9ben \u00a0mindegyikre r\u00e1borul egy gy\u00f6ny\u00f6r\u0171, magas ak\u00e1cfa h\u0171s lombja\u2026 Valamennyi szemmel l\u00e1that\u00f3an j\u00f3l \u00e9rzi mag\u00e1t egym\u00e1s t\u00e1rsas\u00e1g\u00e1ban. Mindegyik megtartja a maga egy\u00e9nis\u00e9g\u00e9t \u00e9s m\u00e1ss\u00e1g\u00e1t, mindegyik a maga sz\u00edn\u00e9ben pomp\u00e1zik, \u00e9l \u00e9s l\u00e9legzik, de szorosan egym\u00e1s mellett\u2026 \u00a0\u00c9s figyeled, mintha egym\u00e1sra is hajoln\u00e1nak\u2026 Mintha egyenesen \u00e9lvezn\u00e9k \u00e9s keresn\u00e9k egym\u00e1s k\u00f6zels\u00e9g\u00e9t\u2026 Mi\u00e9rt? Mert \u00f6szt\u00f6n\u00f6sen \u00e9rzik, hogy egyed\u00fcl nem l\u00e9tezhetnek: a vihar \u00e9s a sz\u00e9l kit\u00e9pn\u00e9 \u0151ket az anyaf\u00f6ldb\u0151l, majd sz\u00e9tsz\u00f3rn\u00e1 \u0151ket a sz\u00e9lr\u00f3zsa minden ir\u00e1ny\u00e1ba. \u00c9rzik, hogy a k\u00f6z\u00f6ss\u00e9g biztons\u00e1got ny\u00fajt nekik \u2013 \u00e9s k\u00f6z\u00f6ss\u00e9gben sokkal jobban n\u00f6vekedhetnek\u2026 Ilyenek vagyunk mi, emberek is. Isten benn\u00fcnket is k\u00f6z\u00f6ss\u00e9gi l\u00e9nyeknek teremtett. Sz\u00fcks\u00e9g\u00fcnk van egym\u00e1sra ahhoz, hogy biztons\u00e1gban legy\u00fcnk, hogy egym\u00e1st boldog\u00edtsuk, hogy egym\u00e1s mellett l\u00e9tezz\u00fcnk, l\u00e9legezz\u00fcnk, \u00f6rvendj\u00fcnk \u00e9s szomorkodjunk,\u00a0 \u2013 \u00e9s ami tal\u00e1n a legfontosabb: hogy befel\u00e9 n\u00f6vekedj\u00fcnk! Keress teh\u00e1t magadnak mindig egy j\u00f3 k\u00f6z\u00f6ss\u00e9get! Milyen az? A j\u00f3 k\u00f6z\u00f6ss\u00e9g el\u0151sz\u00f6r is seg\u00edt abban, hogy... R\u00e9szletek","og_url":"https:\/\/stuttgarti-katolikusok.de\/index.php\/keress-magadnak-egy-jo-kozosseget\/","og_site_name":"Stuttgarti Katolikusok","article_published_time":"2016-07-16T05:45:15+00:00","article_modified_time":"2016-09-04T04:59:22+00:00","author":"Tibor atya","twitter_card":"summary_large_image","twitter_misc":{"Szerz\u0151:":"Tibor atya","Becs\u00fclt olvas\u00e1si id\u0151":"5 perc"},"schema":{"@context":"https:\/\/schema.org","@graph":[{"@type":"Article","@id":"https:\/\/stuttgarti-katolikusok.de\/index.php\/keress-magadnak-egy-jo-kozosseget\/#article","isPartOf":{"@id":"https:\/\/stuttgarti-katolikusok.de\/index.php\/keress-magadnak-egy-jo-kozosseget\/"},"author":{"name":"Tibor atya","@id":"https:\/\/stuttgarti-katolikusok.de\/#\/schema\/person\/75908d6f8fdc03a57889d27209df7795"},"headline":"Keress magadnak egy j\u00f3 k\u00f6z\u00f6ss\u00e9get!","datePublished":"2016-07-16T05:45:15+00:00","dateModified":"2016-09-04T04:59:22+00:00","mainEntityOfPage":{"@id":"https:\/\/stuttgarti-katolikusok.de\/index.php\/keress-magadnak-egy-jo-kozosseget\/"},"wordCount":937,"articleSection":["Gondolatok"],"inLanguage":"hu"},{"@type":"WebPage","@id":"https:\/\/stuttgarti-katolikusok.de\/index.php\/keress-magadnak-egy-jo-kozosseget\/","url":"https:\/\/stuttgarti-katolikusok.de\/index.php\/keress-magadnak-egy-jo-kozosseget\/","name":"Keress magadnak egy j\u00f3 k\u00f6z\u00f6ss\u00e9get! - Stuttgarti Katolikusok","isPartOf":{"@id":"https:\/\/stuttgarti-katolikusok.de\/#website"},"datePublished":"2016-07-16T05:45:15+00:00","dateModified":"2016-09-04T04:59:22+00:00","author":{"@id":"https:\/\/stuttgarti-katolikusok.de\/#\/schema\/person\/75908d6f8fdc03a57889d27209df7795"},"breadcrumb":{"@id":"https:\/\/stuttgarti-katolikusok.de\/index.php\/keress-magadnak-egy-jo-kozosseget\/#breadcrumb"},"inLanguage":"hu","potentialAction":[{"@type":"ReadAction","target":["https:\/\/stuttgarti-katolikusok.de\/index.php\/keress-magadnak-egy-jo-kozosseget\/"]}]},{"@type":"BreadcrumbList","@id":"https:\/\/stuttgarti-katolikusok.de\/index.php\/keress-magadnak-egy-jo-kozosseget\/#breadcrumb","itemListElement":[{"@type":"ListItem","position":1,"name":"Kezd\u0151lap","item":"https:\/\/stuttgarti-katolikusok.de\/"},{"@type":"ListItem","position":2,"name":"Keress magadnak egy j\u00f3 k\u00f6z\u00f6ss\u00e9get!"}]},{"@type":"WebSite","@id":"https:\/\/stuttgarti-katolikusok.de\/#website","url":"https:\/\/stuttgarti-katolikusok.de\/","name":"Stuttgarti Katolikusok","description":"","potentialAction":[{"@type":"SearchAction","target":{"@type":"EntryPoint","urlTemplate":"https:\/\/stuttgarti-katolikusok.de\/?s={search_term_string}"},"query-input":{"@type":"PropertyValueSpecification","valueRequired":true,"valueName":"search_term_string"}}],"inLanguage":"hu"},{"@type":"Person","@id":"https:\/\/stuttgarti-katolikusok.de\/#\/schema\/person\/75908d6f8fdc03a57889d27209df7795","name":"Tibor atya","image":{"@type":"ImageObject","inLanguage":"hu","@id":"https:\/\/secure.gravatar.com\/avatar\/61d268e57d1f4525b111222e29d2d5a7f8c420fdbf231ba5566a8ceac74fa960?s=96&d=mm&r=g","url":"https:\/\/secure.gravatar.com\/avatar\/61d268e57d1f4525b111222e29d2d5a7f8c420fdbf231ba5566a8ceac74fa960?s=96&d=mm&r=g","contentUrl":"https:\/\/secure.gravatar.com\/avatar\/61d268e57d1f4525b111222e29d2d5a7f8c420fdbf231ba5566a8ceac74fa960?s=96&d=mm&r=g","caption":"Tibor atya"},"url":"https:\/\/stuttgarti-katolikusok.de\/index.php\/author\/tibor-atya\/"}]}},"_links":{"self":[{"href":"https:\/\/stuttgarti-katolikusok.de\/index.php\/wp-json\/wp\/v2\/posts\/9626","targetHints":{"allow":["GET"]}}],"collection":[{"href":"https:\/\/stuttgarti-katolikusok.de\/index.php\/wp-json\/wp\/v2\/posts"}],"about":[{"href":"https:\/\/stuttgarti-katolikusok.de\/index.php\/wp-json\/wp\/v2\/types\/post"}],"author":[{"embeddable":true,"href":"https:\/\/stuttgarti-katolikusok.de\/index.php\/wp-json\/wp\/v2\/users\/3"}],"replies":[{"embeddable":true,"href":"https:\/\/stuttgarti-katolikusok.de\/index.php\/wp-json\/wp\/v2\/comments?post=9626"}],"version-history":[{"count":3,"href":"https:\/\/stuttgarti-katolikusok.de\/index.php\/wp-json\/wp\/v2\/posts\/9626\/revisions"}],"predecessor-version":[{"id":9690,"href":"https:\/\/stuttgarti-katolikusok.de\/index.php\/wp-json\/wp\/v2\/posts\/9626\/revisions\/9690"}],"wp:attachment":[{"href":"https:\/\/stuttgarti-katolikusok.de\/index.php\/wp-json\/wp\/v2\/media?parent=9626"}],"wp:term":[{"taxonomy":"category","embeddable":true,"href":"https:\/\/stuttgarti-katolikusok.de\/index.php\/wp-json\/wp\/v2\/categories?post=9626"},{"taxonomy":"post_tag","embeddable":true,"href":"https:\/\/stuttgarti-katolikusok.de\/index.php\/wp-json\/wp\/v2\/tags?post=9626"}],"curies":[{"name":"wp","href":"https:\/\/api.w.org\/{rel}","templated":true}]}}