{"id":9617,"date":"2016-07-15T11:59:07","date_gmt":"2016-07-15T11:59:07","guid":{"rendered":"https:\/\/gracious-dewdney.138-201-221-2.plesk.page\/?p=9617"},"modified":"2016-07-20T18:36:28","modified_gmt":"2016-07-20T18:36:28","slug":"vissza-az-idoben-schultheis-eva-irasa","status":"publish","type":"post","link":"https:\/\/stuttgarti-katolikusok.de\/index.php\/vissza-az-idoben-schultheis-eva-irasa\/","title":{"rendered":"Vissza az id\u0151ben &#8211; Schultheis \u00c9va \u00edr\u00e1sa"},"content":{"rendered":"<div>\n<div style=\"text-align: left;\"><i>Utaz\u00e1sunk utols\u00f3 perceit \u00edzlelgetj\u00fck, maradt m\u00e9g szabad f\u00e9l\u00f3r\u00e1nk a busz indul\u00e1sa el\u0151tt.\u00a0 Az es\u0151 elered, semmi gond, ma m\u00e1r t\u00f6bbsz\u00f6r is nekikeseredett, rohanunk tov\u00e1bb, versenyt futunk az id\u0151vel \u00e9s az egyre keservesebb ny\u00e1ri z\u00e1por v\u00edzt\u00f3cs\u00e1i f\u00f6l\u00f6tt. Itt-ott ismer\u0151s arcok t\u0171nnek fel, fagylaltoz\u00f3k, b\u00e1rok terasz\u00e1n v\u00e1rakoz\u00f3 kir\u00e1ndul\u00f3t\u00e1rsak, akiket a vihar tr\u00e9f\u00e1lt meg. Gyors fejbiccent\u00e9s s m\u00e1ris futunk tov\u00e1bb, k\u00f6zben kikandik\u00e1lunk az eserny\u0151 al\u00f3l, n\u00e9hol elkattan a f\u00e9nyk\u00e9pez\u0151g\u00e9p, megd\u00f6rren az \u00e9g, felcsillan egy vill\u00e1mfolt, \u00e9s a Diadalmak \u00fatj\u00e1n, barokk \u00e1rk\u00e1dok perem\u00e9n t\u00falcsordulnak egy kisv\u00e1ros sz\u00ednei, belemos\u00f3dnak az es\u0151 \u00e1ztatta t\u00e1jba, \u00e9rzelmeink nemk\u00fcl\u00f6nben, szentiment\u00e1lis fogadkoz\u00e1saink, hogy ide vissza t\u00e9r\u00fcnk m\u00e9g.\u00a0<\/i><\/div>\n<\/div>\n<div>\n<div>\n<div><\/div>\n<div><i>P\u00e1r perccel k\u00e9s\u0151bb, m\u00e1r a v\u00edzt\u0151l \u00e1t\u00e1zott cip\u0151k \u00e9s nadr\u00e1gsz\u00e1rak sz\u00e1rogat\u00e1sa k\u00f6zben, Ildik\u00f3 gondoskod\u00e1s\u00e1nak k\u00f6sz\u00f6nhet\u0151en, a meg\u00e9rdemelt uzsonna \u00e9s pezsg\u0151 kortyolgat\u00e1sakor, lassacsk\u00e1n letisztul a szombati nap k\u00e9pe, egym\u00e1s szav\u00e1ba v\u00e1gunk, azon morfond\u00edrozunk, hogyan lehetne egy h\u00e9tv\u00e9g\u00e9t elt\u00f6lteni a t\u00e9rs\u00e9gben.<\/i><\/div>\n<\/div>\n<div>\n<div><span style=\"color: #4c1130; font-family: georgia, 'times new roman', serif;\"><i>\u00a0<\/i><\/span><\/div>\n<\/div>\n<div>\n<div><span style=\"color: #4c1130; font-family: georgia, 'times new roman', serif;\"><i>Ford\u00edtott sorrendben pergetj\u00fck az esem\u00e9nyeket. Term\u00e9szetesen r\u00f6gt\u00f6n a legutols\u00f3 \u00e9lm\u00e9ny Speyer hat\u00e1sa a legnagyobb. Visszan\u00e9zegetem az \u00e1ltalam k\u00e9sz\u00edtett k\u00e9peket. A vihar el\u0151tti csendben a d\u00f3m \u00f3ri\u00e1si tornyai sz\u00fcrk\u00e9s f\u00e9nyben ragyognak. Ott van az a bizonyos t\u00f6r\u00e9svonal is, amely az omin\u00f3zus v\u00e1rospuszt\u00edt\u00f3 katasztr\u00f3fa ut\u00e1n szinte kett\u00e9 szak\u00edtotta a templomot. L\u00e9nyegret\u00f6r\u0151en tan\u00faskodik a r\u00e9gi \u00e9s az \u00faj \u00e9p\u00fcletr\u00e9szek tagadhatatlan azonoss\u00e1g\u00e1r\u00f3l, a r\u00e9gm\u00falt \u00e9s a k\u00f6zelm\u00falt \u00f6sszefon\u00f3d\u00e1s\u00e1r\u00f3l. M\u00e9reteiben m\u00e9g ma is l\u00e9legzetel\u00e1ll\u00edt\u00f3 a bels\u0151 t\u00e9rhat\u00e1s. A sz\u00e9d\u00edt\u0151 magass\u00e1g ink\u00e1bb g\u00f3tikus katedr\u00e1lisokra eml\u00e9keztetett. Val\u00f3s\u00e1gos csoda, ahogyan a kora k\u00f6z\u00e9pkor \u00e9p\u00edt\u00e9szei megalkott\u00e1k ezt a grandi\u00f3zus boltozatos technik\u00e1t, amely a z\u00f6m\u00f6k falat \u00e1rk\u00e1dokkal, pill\u00e9rekkel, f\u00e9loszlopokkal hull\u00e1moss\u00e1 \u00e9s roppantul teherb\u00edr\u00f3v\u00e1 var\u00e1zsolja. Kamer\u00e1m felv\u00e9telein j\u00f3l kivehet\u0151k az it\u00e1liai romanik\u00e1ra olyannyira jellemz\u0151 \u00edvsoros fr\u00edzek, liz\u00e9n\u00e1k, a szent\u00e9lyhez odasimul\u00f3, t\u00f6bbszintes harangtornyok. S\u0151t a f\u00e9lhom\u00e1lyban k\u00e9sz\u00fclt fot\u00f3k, a kripta \u00e9s az altemplom var\u00e1zslatos hangulata is, az oszloperd\u0151 \u00e1ltal felszabott t\u00e9r, melynek apszis\u00e1ban d\u00edszk\u00e9nt egyetlen kereszt k\u00f6rvonalaz\u00f3dik.<\/i><\/span><\/div>\n<\/div>\n<div>\n<div><span style=\"color: #4c1130; font-family: georgia, 'times new roman', serif;\"><i>\u00a0<\/i><\/span><\/div>\n<\/div>\n<div>\n<div><span style=\"color: #4c1130; font-family: georgia, 'times new roman', serif;\"><i>A d\u00f3m jelenl\u00e9te szinte elfeledtet minden esetleges sz\u00e1nd\u00e9kot, m\u00e1s l\u00e1tnival\u00f3k ir\u00e1nti \u00e9rdekl\u0151d\u00e9st. Pedig itt van ez a m\u00e1sik templom\u00e9lm\u00e9ny, amely t\u00fals\u00e1gosan is r\u00f6vidre sikeredik.\u00a0 A Szent Magdolna kolostor csendje cseppet sem hivalkodik. N\u00e9h\u00e1ny perc\u00fcnk van, bel\u00e9p\u00fcnk a f\u00e9lhom\u00e1lyba, megillet\u0151dve, mert az id\u0151s ap\u00e1ca g\u00f6rnyedt alakja ima k\u00f6zben annyira meghat\u00f3, csak\u00fagy mint Edith Stein tekintete egy k\u00e9pr\u0151l, amely csak szer\u00e9ny utal\u00e1s, hogy a Szent v\u00e9rtan\u00fa itt \u00e9lt \u00e9s tan\u00edtott ennek a kolostornak a falai k\u00f6z\u00f6tt.\u00a0<\/i><\/span><\/div>\n<\/div>\n<div>\n<div><span style=\"color: #4c1130; font-family: georgia, 'times new roman', serif;\"><i>\u00a0<\/i><\/span><\/div>\n<\/div>\n<div>\n<div><span style=\"color: #4c1130; font-family: georgia, 'times new roman', serif;\"><i>\u00c9s persze nem elhanyagolhat\u00f3 t\u00e9ny, hogy a\u00a0protestantizmus fellegv\u00e1r\u00e1ban vagyunk.\u00a0A v\u00e1ros, amely m\u00e1r a k\u00f6z\u00e9pkorban szabad privil\u00e9giumokkal rendelkezik, sokszor ad otthont birodalmi gy\u0171l\u00e9seknek. 1529 \u00e1prilis\u00e1ban itt t\u00f6rt\u00e9nik meg az az esem\u00e9ny, amely hivatalosan is a protestantizmus sz\u00fcl\u0151\u00f3r\u00e1j\u00e1v\u00e1 v\u00e1lik.\u00a0Ez az\u00a0a pillanat,\u00a0amely v\u00e9glegess\u00e9 teszi a katolikus egyh\u00e1zt\u00f3l val\u00f3 leszakad\u00e1st, ahol az evang\u00e9likus rendek, hat fejedelem \u00e9s a reform\u00e1ci\u00f3val szimpatiz\u00e1l\u00f3 14 v\u00e1ros k\u00f6vetei sz\u00f3 szerint protest\u00e1lnak, mert az\u00a0egyh\u00e1zhoz \u00e9s a cs\u00e1sz\u00e1rhoz h\u0171 fejedelmek\u00a0a wormsi ediktum betart\u00e1s\u00e1t k\u00f6vetelve\u00a0kimondj\u00e1k,\u00a0hogy Luther k\u00f6vet\u0151i megmaradhatnak ugyan hit\u00fckben, de nem terjeszthetik azt semmilyen eszk\u00f6zzel. Ez\u00a0ellen term\u00e9szetesen tiltakoznak, \u00edr\u00e1sos apell\u00e1ci\u00f3t ny\u00fajtanak be, mondv\u00e1n, lelkiismereti k\u00e9rd\u00e9sben minden ember maga d\u00f6nt \u2026.. a k\u00f6vetkezm\u00e9nyek mindenki sz\u00e1m\u00e1ra ismertek.\u00a0<\/i><\/span><\/div>\n<\/div>\n<div>\n<div><span style=\"color: #4c1130; font-family: georgia, 'times new roman', serif;\"><i>\u00a0<\/i><\/span><\/div>\n<\/div>\n<div>\n<div><span style=\"color: #4c1130; font-family: georgia, 'times new roman', serif;\"><i>Nem megy\u00fcnk el l\u00e1togat\u00e1s n\u00e9lk\u00fcl az evang\u00e9likus Szenth\u00e1roms\u00e1g-templom mellett. Id\u0151k\u00f6zben elered az es\u0151, az eserny\u0151m sz\u00e1ra becs\u00faszik a soron k\u00f6vetkez\u0151 fot\u00f3ba. \u00dagy l\u00e1tszik nincs szerencs\u00e9nk, m\u00edg k\u00f6rbej\u00e1rjuk a fel\u00e1llv\u00e1nyozott \u00e9p\u00fcletet, a szomsz\u00e9d kertb\u0151l kedvesen inform\u00e1lnak benn\u00fcnket, hogy a templombels\u0151 egyed\u00fcl\u00e1ll\u00f3, festett, fakarzataival renov\u00e1l\u00e1s alatt \u00e1ll. Csak j\u00f6v\u0151re lesz ism\u00e9t l\u00e1togathat\u00f3. Egy okkal t\u00f6bb, hogy ism\u00e9t visszat\u00e9rj\u00fcnk.\u00a0<\/i><\/span><\/div>\n<\/div>\n<div>\n<div><span style=\"color: #4c1130; font-family: georgia, 'times new roman', serif;\"><i>\u00a0<\/i><\/span><\/div>\n<\/div>\n<div>\n<div><span style=\"color: #4c1130; font-family: georgia, 'times new roman', serif;\"><i>A kiad\u00f3s v\u00e1rosvezet\u00e9s egyik f\u0151 attrakci\u00f3ja a kor\u00e1bbi zsid\u00f3 negyed.\u00a0A k\u00f6z\u00e9pkorban nagy sz\u00e1mban telepedhettek le itt, csak \u00fagy mint Mainzban vagy Wormsban, ami akkoriban nyilv\u00e1n nem volt teljesen egy\u00e9rtelm\u0171, de Speyerben a k\u00e9s\u0151bbi \u00fcld\u00f6ztet\u00e9sek ellen\u00e9re, ma is k\u00e9zzel foghat\u00f3 a m\u00falt, minden v\u00e1ros m\u00e1s-m\u00e1s eml\u00e9kkel rendelkezik, itt t\u00f6bbek k\u00f6z\u00f6tt a szinte tejesen \u00e9ppen maradt rom\u00e1n kori ritu\u00e1lis f\u00fcrd\u0151, a mikve l\u00e1togathat\u00f3.\u00a0<\/i><\/span><\/div>\n<\/div>\n<div>\n<div><span style=\"color: #4c1130; font-family: georgia, 'times new roman', serif;\"><i>\u00a0<\/i><\/span><\/div>\n<\/div>\n<div>\n<div><span style=\"color: #4c1130; font-family: georgia, 'times new roman', serif;\"><i>Az agyamban fel\u00e1ll\u00edtott kronol\u00f3giai sorrendet \u00e9s t\u00f6rt\u00e9nelmi t\u00e9nyeket \u00e1tszeli a t\u00e9rbeli utaz\u00e1s. M\u00e1r jav\u00e1ban hazafel\u00e9 tartunk, az es\u0151 n\u00e9hol megindul, ett\u0151l f\u00fcggetlen\u00fcl dacosan d\u0151l\u00f6k h\u00e1tra az \u00fcl\u00e9sen \u00e9s tov\u00e1bb haladok visszafel\u00e9 az id\u0151ben. A fot\u00f3k peregnek tov\u00e1bb. A reggeli k\u00e9peken \u00e1t\u00fct a ver\u0151f\u00e9ny, a j\u00faniusi ny\u00e1r. Akkor m\u00e1r a k\u00e9t tartom\u00e1nyi r\u00e9gi\u00f3 hat\u00e1r\u00e1ban j\u00e1runk, Rajnavid\u00e9ken \u00e9s Hessenben, ha \u00fagy tetszik, egy t\u00f6rt\u00e9nelemmel terhes, grandi\u00f3zus \u00e9p\u00fcletekkel teli vil\u00e1gban. Tal\u00e1n nem v\u00e9letlen, hogy ism\u00e9t csak ide t\u00e9r\u00fcnk vissza, hiszen Worms ut\u00e1n \u00fagy illik, hogy az Ott\u00f3-korabeli, Karoling-, Sz\u00e1li-\u00f6r\u00f6ks\u00e9gek nyomait teljes eg\u00e9sz\u00e9ben kiakn\u00e1zzuk.\u00a0<\/i><\/span><\/div>\n<\/div>\n<div>\n<div><span style=\"color: #4c1130; font-family: georgia, 'times new roman', serif;\"><i>\u00a0<\/i><\/span><\/div>\n<\/div>\n<div>\n<div><span style=\"color: #4c1130; font-family: georgia, 'times new roman', serif;\"><i>Els\u0151 \u00fati c\u00e9lunk Lorsch, id\u0151utaz\u00e1sunk legr\u00e9gebbi korszak\u00e1ban j\u00e1runk.\u00a0 A jelen kor d\u00e9lel\u0151tt\u00f6t \u00edr, a t\u00f6rt\u00e9nelem viszont a frank birodalom hajnal\u00e1t jelzi, a reformok\u00e9t, \u00a0\u00fajfajta \u00edr\u00e1sbelis\u00e9g\u00e9t, karoling renesz\u00e1nszt. M\u00e1r j\u00f3val kor\u00e1bban foglalkoztatott ez a n\u00e9pv\u00e1ndorl\u00e1s ut\u00e1ni els\u0151 jelent\u0151s \u00f6sszeur\u00f3painak nevezhet\u0151 id\u0151szak, tal\u00e1n ez\u00e9rt is v\u00e1rom egyre izgatottabban, milyen hat\u00e1ssal lesz r\u00e1m a k\u00e9pekr\u0151l oly j\u00f3l ismert kir\u00e1lyi csarnok&#8230;.\u00a0 Kisv\u00e1rosi, majdhogynem falusias hangulatba \u00e9rkez\u00fcnk, a birodalmi kolostor nagy r\u00e9sz\u00e9n ma f\u00fcves pusztas\u00e1g honol, az \u00fatsz\u00e9len, jobbra egy neorom\u00e1n templomocska, t\u00e1volabb a dombtet\u0151n az \u0151sr\u00e9gi Nazar\u00e9nus-bazilika maradv\u00e1nyai, azont\u00fal pedig m\u00e1r l\u00e1t\u00f3hat\u00e1ron bel\u00fcl az oly j\u00f3l ismert, agyamba v\u00e9sett k\u00e9p, a kir\u00e1lyi csarnok. Szer\u00e9nyen, tiszt\u00e1n, sz\u00ednesen, val\u00f3ban mesek\u00f6nyvbe ill\u0151en idomul a dombtet\u0151 hajlat\u00e1n s mint egy szem\u00e9rmes h\u00f6lgy engedi, hogy lelkes fot\u00f3sok k\u00f6rbecsod\u00e1lj\u00e1k, r\u00e9szleteiben is meg\u00e9rts\u00e9k ezt a furam\u00f3d \u00e9rdekes, csod\u00e1val hat\u00e1ros m\u00f3don \u00e9ps\u00e9gben maradt, nem felt\u00e9tlen\u00fcl kir\u00e1lyi, de mindenk\u00e9ppen k\u00fcl\u00f6nleges \u00e9p\u00edtm\u00e9nyt.\u00a0<\/i><\/span><\/div>\n<\/div>\n<div>\n<div><span style=\"color: #4c1130; font-family: georgia, 'times new roman', serif;\"><i>\u00a0<\/i><\/span><\/div>\n<\/div>\n<div>\n<div><span style=\"color: #4c1130; font-family: georgia, 'times new roman', serif;\"><i>Nem v\u00e1rt meglepet\u00e9s. P\u00e1r perccel k\u00e9s\u0151bb m\u00e1r ott tolongunk egy nyitott k\u00f6nyv el\u0151tt. Az aranyk\u00f3dex vagy lorschi evangeli\u00e1rium Nagy K\u00e1roly kor\u00e1nak leghitelesebb bizony\u00edt\u00e9ka. L\u00e1tsz\u00f3lagos udvariass\u00e1ggal \u00e9s bels\u0151 fesz\u00fclts\u00e9ggel v\u00e1rom, hogy v\u00e9gre k\u00f6zelebb f\u00e9rk\u0151zzek ehhez a csod\u00e1latos m\u0171h\u00f6z, amely, hab\u00e1r csak m\u00e1solat, a k\u00f6z\u00e9pkori \u00edr\u00e1sbelis\u00e9g, a k\u00f3dexk\u00e9sz\u00edt\u00e9s m\u0171v\u00e9szet\u00e9nek \u00e9kes \u00e9s legszebb p\u00e9ld\u00e1ja. V\u00e9g\u00fcl kider\u00fcl, \u00f3ri\u00e1si szerencs\u00e9nk van, ugyanis azt gondolj\u00e1k r\u00f3lunk, hogy egyenesen Magyarorsz\u00e1gr\u00f3l \u00e9rkezt\u00fcnk, s mivel Gyulafeh\u00e9rv\u00e1r k\u00e9t eredeti k\u00f6tet birtokosa, tal\u00e1n fontos lehet sz\u00e1munkra, hogy itt legal\u00e1bb m\u00e1solat form\u00e1j\u00e1ban szemrev\u00e9telezz\u00fck. Mennyire igazuk van!\u00a0<\/i><\/span><\/div>\n<\/div>\n<div>\n<div><span style=\"color: #4c1130; font-family: georgia, 'times new roman', serif;\"><i>\u00a0<\/i><\/span><\/div>\n<\/div>\n<div>\n<div><span style=\"color: #4c1130; font-family: georgia, 'times new roman', serif;\"><i>Fontoss\u00e1gi sorrend ide vagy oda, zavarban vagyok. Este h\u00e9t \u00f3ra t\u00e1jban \u00e9rkez\u00fcnk Stuttgartba, de merthogy visszafel\u00e9 utazom az id\u0151ben, csod\u00e1latos m\u00f3don ott \u00e1llok a nap kezdet\u00e9n, ragyog\u00f3 naps\u00fct\u00e9sben, kamer\u00e1val a k\u00e9zben, \u00e9s bizakodva tekintek a mai nap el\u00e9, amelyr\u0151l most m\u00e1r \u00edgy ut\u00f3lag kider\u00fclt, csod\u00e1sra sikeredett.\u00a0<\/i><\/span><\/div>\n<div><span style=\"color: #4c1130; font-family: georgia, 'times new roman', serif;\"><i>\u00a0<\/i><\/span><\/div>\n<div><span style=\"color: #4c1130; font-family: georgia, 'times new roman', serif;\"><i>K\u00f6sz\u00f6nettel a szervez\u0151knek!<\/i><\/span><\/div>\n<\/div>\n<\/div>\n","protected":false},"excerpt":{"rendered":"<p>Utaz\u00e1sunk utols\u00f3 perceit \u00edzlelgetj\u00fck, maradt m\u00e9g szabad f\u00e9l\u00f3r\u00e1nk a busz indul\u00e1sa el\u0151tt.\u00a0 Az es\u0151 elered, semmi gond, ma m\u00e1r t\u00f6bbsz\u00f6r is nekikeseredett, rohanunk tov\u00e1bb, versenyt futunk az id\u0151vel \u00e9s az egyre keservesebb ny\u00e1ri z\u00e1por v\u00edzt\u00f3cs\u00e1i f\u00f6l\u00f6tt. Itt-ott ismer\u0151s arcok t\u0171nnek fel, fagylaltoz\u00f3k, b\u00e1rok terasz\u00e1n v\u00e1rakoz\u00f3 kir\u00e1ndul\u00f3t\u00e1rsak, akiket a vihar tr\u00e9f\u00e1lt meg. Gyors fejbiccent\u00e9s s m\u00e1ris futunk tov\u00e1bb, k\u00f6zben kikandik\u00e1lunk az eserny\u0151 al\u00f3l, n\u00e9hol elkattan a f\u00e9nyk\u00e9pez\u0151g\u00e9p, megd\u00f6rren az \u00e9g, felcsillan egy vill\u00e1mfolt, \u00e9s a Diadalmak \u00fatj\u00e1n, barokk \u00e1rk\u00e1dok perem\u00e9n t\u00falcsordulnak egy kisv\u00e1ros sz\u00ednei, belemos\u00f3dnak az es\u0151 \u00e1ztatta t\u00e1jba, \u00e9rzelmeink nemk\u00fcl\u00f6nben, szentiment\u00e1lis fogadkoz\u00e1saink, hogy ide vissza t\u00e9r\u00fcnk m\u00e9g.\u00a0 P\u00e1r perccel k\u00e9s\u0151bb, m\u00e1r a v\u00edzt\u0151l \u00e1t\u00e1zott cip\u0151k \u00e9s nadr\u00e1gsz\u00e1rak sz\u00e1rogat\u00e1sa k\u00f6zben, Ildik\u00f3 gondoskod\u00e1s\u00e1nak k\u00f6sz\u00f6nhet\u0151en, a meg\u00e9rdemelt uzsonna \u00e9s pezsg\u0151 kortyolgat\u00e1sakor, lassacsk\u00e1n letisztul a szombati nap k\u00e9pe, egym\u00e1s szav\u00e1ba v\u00e1gunk, azon morfond\u00edrozunk, hogyan lehetne egy h\u00e9tv\u00e9g\u00e9t elt\u00f6lteni a t\u00e9rs\u00e9gben. \u00a0 Ford\u00edtott sorrendben pergetj\u00fck az esem\u00e9nyeket. Term\u00e9szetesen r\u00f6gt\u00f6n a legutols\u00f3 \u00e9lm\u00e9ny Speyer hat\u00e1sa a legnagyobb. Visszan\u00e9zegetem az \u00e1ltalam k\u00e9sz\u00edtett k\u00e9peket. A vihar el\u0151tti csendben a d\u00f3m \u00f3ri\u00e1si tornyai sz\u00fcrk\u00e9s f\u00e9nyben ragyognak. Ott van az a bizonyos t\u00f6r\u00e9svonal is, amely az omin\u00f3zus v\u00e1rospuszt\u00edt\u00f3 katasztr\u00f3fa ut\u00e1n szinte kett\u00e9 szak\u00edtotta a templomot. L\u00e9nyegret\u00f6r\u0151en tan\u00faskodik a r\u00e9gi \u00e9s az \u00faj \u00e9p\u00fcletr\u00e9szek tagadhatatlan azonoss\u00e1g\u00e1r\u00f3l, a r\u00e9gm\u00falt \u00e9s a k\u00f6zelm\u00falt \u00f6sszefon\u00f3d\u00e1s\u00e1r\u00f3l. M\u00e9reteiben m\u00e9g ma is l\u00e9legzetel\u00e1ll\u00edt\u00f3 a bels\u0151 t\u00e9rhat\u00e1s. A sz\u00e9d\u00edt\u0151 magass\u00e1g ink\u00e1bb g\u00f3tikus katedr\u00e1lisokra eml\u00e9keztetett. Val\u00f3s\u00e1gos csoda, ahogyan a kora k\u00f6z\u00e9pkor \u00e9p\u00edt\u00e9szei megalkott\u00e1k ezt a grandi\u00f3zus boltozatos technik\u00e1t, amely a z\u00f6m\u00f6k falat \u00e1rk\u00e1dokkal, pill\u00e9rekkel, f\u00e9loszlopokkal hull\u00e1moss\u00e1 \u00e9s roppantul teherb\u00edr\u00f3v\u00e1 var\u00e1zsolja. Kamer\u00e1m felv\u00e9telein j\u00f3l kivehet\u0151k az it\u00e1liai romanik\u00e1ra olyannyira jellemz\u0151 \u00edvsoros fr\u00edzek, liz\u00e9n\u00e1k, a szent\u00e9lyhez odasimul\u00f3, t\u00f6bbszintes harangtornyok. S\u0151t a f\u00e9lhom\u00e1lyban k\u00e9sz\u00fclt fot\u00f3k, a kripta \u00e9s az altemplom var\u00e1zslatos hangulata is, az oszloperd\u0151 \u00e1ltal felszabott t\u00e9r, melynek apszis\u00e1ban d\u00edszk\u00e9nt egyetlen kereszt k\u00f6rvonalaz\u00f3dik. \u00a0 A d\u00f3m jelenl\u00e9te szinte elfeledtet minden esetleges sz\u00e1nd\u00e9kot, m\u00e1s l\u00e1tnival\u00f3k ir\u00e1nti \u00e9rdekl\u0151d\u00e9st. Pedig itt van ez a&#8230; <\/p>\n<p><a class=\"readmore\" href=\"https:\/\/stuttgarti-katolikusok.de\/index.php\/vissza-az-idoben-schultheis-eva-irasa\/\">R\u00e9szletek<\/a><\/p>\n","protected":false},"author":3,"featured_media":9618,"comment_status":"closed","ping_status":"closed","sticky":false,"template":"","format":"standard","meta":{"footnotes":""},"categories":[28],"tags":[],"class_list":["post-9617","post","type-post","status-publish","format-standard","has-post-thumbnail","hentry","category-olvasoink-irjak"],"yoast_head":"<!-- This site is optimized with the Yoast SEO plugin v27.3 - https:\/\/yoast.com\/product\/yoast-seo-wordpress\/ -->\n<title>Vissza az id\u0151ben - Schultheis \u00c9va \u00edr\u00e1sa - Stuttgarti Katolikusok<\/title>\n<meta name=\"robots\" content=\"index, follow, max-snippet:-1, max-image-preview:large, max-video-preview:-1\" \/>\n<link rel=\"canonical\" href=\"https:\/\/stuttgarti-katolikusok.de\/index.php\/vissza-az-idoben-schultheis-eva-irasa\/\" \/>\n<meta property=\"og:locale\" content=\"hu_HU\" \/>\n<meta property=\"og:type\" content=\"article\" \/>\n<meta property=\"og:title\" content=\"Vissza az id\u0151ben - Schultheis \u00c9va \u00edr\u00e1sa - Stuttgarti Katolikusok\" \/>\n<meta property=\"og:description\" content=\"Utaz\u00e1sunk utols\u00f3 perceit \u00edzlelgetj\u00fck, maradt m\u00e9g szabad f\u00e9l\u00f3r\u00e1nk a busz indul\u00e1sa el\u0151tt.\u00a0 Az es\u0151 elered, semmi gond, ma m\u00e1r t\u00f6bbsz\u00f6r is nekikeseredett, rohanunk tov\u00e1bb, versenyt futunk az id\u0151vel \u00e9s az egyre keservesebb ny\u00e1ri z\u00e1por v\u00edzt\u00f3cs\u00e1i f\u00f6l\u00f6tt. Itt-ott ismer\u0151s arcok t\u0171nnek fel, fagylaltoz\u00f3k, b\u00e1rok terasz\u00e1n v\u00e1rakoz\u00f3 kir\u00e1ndul\u00f3t\u00e1rsak, akiket a vihar tr\u00e9f\u00e1lt meg. Gyors fejbiccent\u00e9s s m\u00e1ris futunk tov\u00e1bb, k\u00f6zben kikandik\u00e1lunk az eserny\u0151 al\u00f3l, n\u00e9hol elkattan a f\u00e9nyk\u00e9pez\u0151g\u00e9p, megd\u00f6rren az \u00e9g, felcsillan egy vill\u00e1mfolt, \u00e9s a Diadalmak \u00fatj\u00e1n, barokk \u00e1rk\u00e1dok perem\u00e9n t\u00falcsordulnak egy kisv\u00e1ros sz\u00ednei, belemos\u00f3dnak az es\u0151 \u00e1ztatta t\u00e1jba, \u00e9rzelmeink nemk\u00fcl\u00f6nben, szentiment\u00e1lis fogadkoz\u00e1saink, hogy ide vissza t\u00e9r\u00fcnk m\u00e9g.\u00a0 P\u00e1r perccel k\u00e9s\u0151bb, m\u00e1r a v\u00edzt\u0151l \u00e1t\u00e1zott cip\u0151k \u00e9s nadr\u00e1gsz\u00e1rak sz\u00e1rogat\u00e1sa k\u00f6zben, Ildik\u00f3 gondoskod\u00e1s\u00e1nak k\u00f6sz\u00f6nhet\u0151en, a meg\u00e9rdemelt uzsonna \u00e9s pezsg\u0151 kortyolgat\u00e1sakor, lassacsk\u00e1n letisztul a szombati nap k\u00e9pe, egym\u00e1s szav\u00e1ba v\u00e1gunk, azon morfond\u00edrozunk, hogyan lehetne egy h\u00e9tv\u00e9g\u00e9t elt\u00f6lteni a t\u00e9rs\u00e9gben. \u00a0 Ford\u00edtott sorrendben pergetj\u00fck az esem\u00e9nyeket. Term\u00e9szetesen r\u00f6gt\u00f6n a legutols\u00f3 \u00e9lm\u00e9ny Speyer hat\u00e1sa a legnagyobb. Visszan\u00e9zegetem az \u00e1ltalam k\u00e9sz\u00edtett k\u00e9peket. A vihar el\u0151tti csendben a d\u00f3m \u00f3ri\u00e1si tornyai sz\u00fcrk\u00e9s f\u00e9nyben ragyognak. Ott van az a bizonyos t\u00f6r\u00e9svonal is, amely az omin\u00f3zus v\u00e1rospuszt\u00edt\u00f3 katasztr\u00f3fa ut\u00e1n szinte kett\u00e9 szak\u00edtotta a templomot. L\u00e9nyegret\u00f6r\u0151en tan\u00faskodik a r\u00e9gi \u00e9s az \u00faj \u00e9p\u00fcletr\u00e9szek tagadhatatlan azonoss\u00e1g\u00e1r\u00f3l, a r\u00e9gm\u00falt \u00e9s a k\u00f6zelm\u00falt \u00f6sszefon\u00f3d\u00e1s\u00e1r\u00f3l. M\u00e9reteiben m\u00e9g ma is l\u00e9legzetel\u00e1ll\u00edt\u00f3 a bels\u0151 t\u00e9rhat\u00e1s. A sz\u00e9d\u00edt\u0151 magass\u00e1g ink\u00e1bb g\u00f3tikus katedr\u00e1lisokra eml\u00e9keztetett. Val\u00f3s\u00e1gos csoda, ahogyan a kora k\u00f6z\u00e9pkor \u00e9p\u00edt\u00e9szei megalkott\u00e1k ezt a grandi\u00f3zus boltozatos technik\u00e1t, amely a z\u00f6m\u00f6k falat \u00e1rk\u00e1dokkal, pill\u00e9rekkel, f\u00e9loszlopokkal hull\u00e1moss\u00e1 \u00e9s roppantul teherb\u00edr\u00f3v\u00e1 var\u00e1zsolja. Kamer\u00e1m felv\u00e9telein j\u00f3l kivehet\u0151k az it\u00e1liai romanik\u00e1ra olyannyira jellemz\u0151 \u00edvsoros fr\u00edzek, liz\u00e9n\u00e1k, a szent\u00e9lyhez odasimul\u00f3, t\u00f6bbszintes harangtornyok. S\u0151t a f\u00e9lhom\u00e1lyban k\u00e9sz\u00fclt fot\u00f3k, a kripta \u00e9s az altemplom var\u00e1zslatos hangulata is, az oszloperd\u0151 \u00e1ltal felszabott t\u00e9r, melynek apszis\u00e1ban d\u00edszk\u00e9nt egyetlen kereszt k\u00f6rvonalaz\u00f3dik. \u00a0 A d\u00f3m jelenl\u00e9te szinte elfeledtet minden esetleges sz\u00e1nd\u00e9kot, m\u00e1s l\u00e1tnival\u00f3k ir\u00e1nti \u00e9rdekl\u0151d\u00e9st. Pedig itt van ez a... R\u00e9szletek\" \/>\n<meta property=\"og:url\" content=\"https:\/\/stuttgarti-katolikusok.de\/index.php\/vissza-az-idoben-schultheis-eva-irasa\/\" \/>\n<meta property=\"og:site_name\" content=\"Stuttgarti Katolikusok\" \/>\n<meta property=\"article:published_time\" content=\"2016-07-15T11:59:07+00:00\" \/>\n<meta property=\"article:modified_time\" content=\"2016-07-20T18:36:28+00:00\" \/>\n<meta property=\"og:image\" content=\"https:\/\/stuttgarti-katolikusok.de\/wp-content\/uploads\/2016\/07\/lorsch-speyer.jpg\" \/>\n\t<meta property=\"og:image:width\" content=\"800\" \/>\n\t<meta property=\"og:image:height\" content=\"450\" \/>\n\t<meta property=\"og:image:type\" content=\"image\/jpeg\" \/>\n<meta name=\"author\" content=\"Tibor atya\" \/>\n<meta name=\"twitter:card\" content=\"summary_large_image\" \/>\n<meta name=\"twitter:label1\" content=\"Szerz\u0151:\" \/>\n\t<meta name=\"twitter:data1\" content=\"Tibor atya\" \/>\n\t<meta name=\"twitter:label2\" content=\"Becs\u00fclt olvas\u00e1si id\u0151\" \/>\n\t<meta name=\"twitter:data2\" content=\"8 perc\" \/>\n<script type=\"application\/ld+json\" class=\"yoast-schema-graph\">{\"@context\":\"https:\\\/\\\/schema.org\",\"@graph\":[{\"@type\":\"Article\",\"@id\":\"https:\\\/\\\/stuttgarti-katolikusok.de\\\/index.php\\\/vissza-az-idoben-schultheis-eva-irasa\\\/#article\",\"isPartOf\":{\"@id\":\"https:\\\/\\\/stuttgarti-katolikusok.de\\\/index.php\\\/vissza-az-idoben-schultheis-eva-irasa\\\/\"},\"author\":{\"name\":\"Tibor atya\",\"@id\":\"https:\\\/\\\/stuttgarti-katolikusok.de\\\/#\\\/schema\\\/person\\\/75908d6f8fdc03a57889d27209df7795\"},\"headline\":\"Vissza az id\u0151ben &#8211; Schultheis \u00c9va \u00edr\u00e1sa\",\"datePublished\":\"2016-07-15T11:59:07+00:00\",\"dateModified\":\"2016-07-20T18:36:28+00:00\",\"mainEntityOfPage\":{\"@id\":\"https:\\\/\\\/stuttgarti-katolikusok.de\\\/index.php\\\/vissza-az-idoben-schultheis-eva-irasa\\\/\"},\"wordCount\":1530,\"image\":{\"@id\":\"https:\\\/\\\/stuttgarti-katolikusok.de\\\/index.php\\\/vissza-az-idoben-schultheis-eva-irasa\\\/#primaryimage\"},\"thumbnailUrl\":\"https:\\\/\\\/stuttgarti-katolikusok.de\\\/wp-content\\\/uploads\\\/2016\\\/07\\\/lorsch-speyer.jpg\",\"articleSection\":[\"Olvas\u00f3ink \u00edrj\u00e1k\"],\"inLanguage\":\"hu\"},{\"@type\":\"WebPage\",\"@id\":\"https:\\\/\\\/stuttgarti-katolikusok.de\\\/index.php\\\/vissza-az-idoben-schultheis-eva-irasa\\\/\",\"url\":\"https:\\\/\\\/stuttgarti-katolikusok.de\\\/index.php\\\/vissza-az-idoben-schultheis-eva-irasa\\\/\",\"name\":\"Vissza az id\u0151ben - Schultheis \u00c9va \u00edr\u00e1sa - Stuttgarti Katolikusok\",\"isPartOf\":{\"@id\":\"https:\\\/\\\/stuttgarti-katolikusok.de\\\/#website\"},\"primaryImageOfPage\":{\"@id\":\"https:\\\/\\\/stuttgarti-katolikusok.de\\\/index.php\\\/vissza-az-idoben-schultheis-eva-irasa\\\/#primaryimage\"},\"image\":{\"@id\":\"https:\\\/\\\/stuttgarti-katolikusok.de\\\/index.php\\\/vissza-az-idoben-schultheis-eva-irasa\\\/#primaryimage\"},\"thumbnailUrl\":\"https:\\\/\\\/stuttgarti-katolikusok.de\\\/wp-content\\\/uploads\\\/2016\\\/07\\\/lorsch-speyer.jpg\",\"datePublished\":\"2016-07-15T11:59:07+00:00\",\"dateModified\":\"2016-07-20T18:36:28+00:00\",\"author\":{\"@id\":\"https:\\\/\\\/stuttgarti-katolikusok.de\\\/#\\\/schema\\\/person\\\/75908d6f8fdc03a57889d27209df7795\"},\"breadcrumb\":{\"@id\":\"https:\\\/\\\/stuttgarti-katolikusok.de\\\/index.php\\\/vissza-az-idoben-schultheis-eva-irasa\\\/#breadcrumb\"},\"inLanguage\":\"hu\",\"potentialAction\":[{\"@type\":\"ReadAction\",\"target\":[\"https:\\\/\\\/stuttgarti-katolikusok.de\\\/index.php\\\/vissza-az-idoben-schultheis-eva-irasa\\\/\"]}]},{\"@type\":\"ImageObject\",\"inLanguage\":\"hu\",\"@id\":\"https:\\\/\\\/stuttgarti-katolikusok.de\\\/index.php\\\/vissza-az-idoben-schultheis-eva-irasa\\\/#primaryimage\",\"url\":\"https:\\\/\\\/stuttgarti-katolikusok.de\\\/wp-content\\\/uploads\\\/2016\\\/07\\\/lorsch-speyer.jpg\",\"contentUrl\":\"https:\\\/\\\/stuttgarti-katolikusok.de\\\/wp-content\\\/uploads\\\/2016\\\/07\\\/lorsch-speyer.jpg\",\"width\":800,\"height\":450},{\"@type\":\"BreadcrumbList\",\"@id\":\"https:\\\/\\\/stuttgarti-katolikusok.de\\\/index.php\\\/vissza-az-idoben-schultheis-eva-irasa\\\/#breadcrumb\",\"itemListElement\":[{\"@type\":\"ListItem\",\"position\":1,\"name\":\"Kezd\u0151lap\",\"item\":\"https:\\\/\\\/stuttgarti-katolikusok.de\\\/\"},{\"@type\":\"ListItem\",\"position\":2,\"name\":\"Vissza az id\u0151ben &#8211; Schultheis \u00c9va \u00edr\u00e1sa\"}]},{\"@type\":\"WebSite\",\"@id\":\"https:\\\/\\\/stuttgarti-katolikusok.de\\\/#website\",\"url\":\"https:\\\/\\\/stuttgarti-katolikusok.de\\\/\",\"name\":\"Stuttgarti Katolikusok\",\"description\":\"\",\"potentialAction\":[{\"@type\":\"SearchAction\",\"target\":{\"@type\":\"EntryPoint\",\"urlTemplate\":\"https:\\\/\\\/stuttgarti-katolikusok.de\\\/?s={search_term_string}\"},\"query-input\":{\"@type\":\"PropertyValueSpecification\",\"valueRequired\":true,\"valueName\":\"search_term_string\"}}],\"inLanguage\":\"hu\"},{\"@type\":\"Person\",\"@id\":\"https:\\\/\\\/stuttgarti-katolikusok.de\\\/#\\\/schema\\\/person\\\/75908d6f8fdc03a57889d27209df7795\",\"name\":\"Tibor atya\",\"image\":{\"@type\":\"ImageObject\",\"inLanguage\":\"hu\",\"@id\":\"https:\\\/\\\/secure.gravatar.com\\\/avatar\\\/61d268e57d1f4525b111222e29d2d5a7f8c420fdbf231ba5566a8ceac74fa960?s=96&d=mm&r=g\",\"url\":\"https:\\\/\\\/secure.gravatar.com\\\/avatar\\\/61d268e57d1f4525b111222e29d2d5a7f8c420fdbf231ba5566a8ceac74fa960?s=96&d=mm&r=g\",\"contentUrl\":\"https:\\\/\\\/secure.gravatar.com\\\/avatar\\\/61d268e57d1f4525b111222e29d2d5a7f8c420fdbf231ba5566a8ceac74fa960?s=96&d=mm&r=g\",\"caption\":\"Tibor atya\"},\"url\":\"https:\\\/\\\/stuttgarti-katolikusok.de\\\/index.php\\\/author\\\/tibor-atya\\\/\"}]}<\/script>\n<!-- \/ Yoast SEO plugin. -->","yoast_head_json":{"title":"Vissza az id\u0151ben - Schultheis \u00c9va \u00edr\u00e1sa - Stuttgarti Katolikusok","robots":{"index":"index","follow":"follow","max-snippet":"max-snippet:-1","max-image-preview":"max-image-preview:large","max-video-preview":"max-video-preview:-1"},"canonical":"https:\/\/stuttgarti-katolikusok.de\/index.php\/vissza-az-idoben-schultheis-eva-irasa\/","og_locale":"hu_HU","og_type":"article","og_title":"Vissza az id\u0151ben - Schultheis \u00c9va \u00edr\u00e1sa - Stuttgarti Katolikusok","og_description":"Utaz\u00e1sunk utols\u00f3 perceit \u00edzlelgetj\u00fck, maradt m\u00e9g szabad f\u00e9l\u00f3r\u00e1nk a busz indul\u00e1sa el\u0151tt.\u00a0 Az es\u0151 elered, semmi gond, ma m\u00e1r t\u00f6bbsz\u00f6r is nekikeseredett, rohanunk tov\u00e1bb, versenyt futunk az id\u0151vel \u00e9s az egyre keservesebb ny\u00e1ri z\u00e1por v\u00edzt\u00f3cs\u00e1i f\u00f6l\u00f6tt. Itt-ott ismer\u0151s arcok t\u0171nnek fel, fagylaltoz\u00f3k, b\u00e1rok terasz\u00e1n v\u00e1rakoz\u00f3 kir\u00e1ndul\u00f3t\u00e1rsak, akiket a vihar tr\u00e9f\u00e1lt meg. Gyors fejbiccent\u00e9s s m\u00e1ris futunk tov\u00e1bb, k\u00f6zben kikandik\u00e1lunk az eserny\u0151 al\u00f3l, n\u00e9hol elkattan a f\u00e9nyk\u00e9pez\u0151g\u00e9p, megd\u00f6rren az \u00e9g, felcsillan egy vill\u00e1mfolt, \u00e9s a Diadalmak \u00fatj\u00e1n, barokk \u00e1rk\u00e1dok perem\u00e9n t\u00falcsordulnak egy kisv\u00e1ros sz\u00ednei, belemos\u00f3dnak az es\u0151 \u00e1ztatta t\u00e1jba, \u00e9rzelmeink nemk\u00fcl\u00f6nben, szentiment\u00e1lis fogadkoz\u00e1saink, hogy ide vissza t\u00e9r\u00fcnk m\u00e9g.\u00a0 P\u00e1r perccel k\u00e9s\u0151bb, m\u00e1r a v\u00edzt\u0151l \u00e1t\u00e1zott cip\u0151k \u00e9s nadr\u00e1gsz\u00e1rak sz\u00e1rogat\u00e1sa k\u00f6zben, Ildik\u00f3 gondoskod\u00e1s\u00e1nak k\u00f6sz\u00f6nhet\u0151en, a meg\u00e9rdemelt uzsonna \u00e9s pezsg\u0151 kortyolgat\u00e1sakor, lassacsk\u00e1n letisztul a szombati nap k\u00e9pe, egym\u00e1s szav\u00e1ba v\u00e1gunk, azon morfond\u00edrozunk, hogyan lehetne egy h\u00e9tv\u00e9g\u00e9t elt\u00f6lteni a t\u00e9rs\u00e9gben. \u00a0 Ford\u00edtott sorrendben pergetj\u00fck az esem\u00e9nyeket. Term\u00e9szetesen r\u00f6gt\u00f6n a legutols\u00f3 \u00e9lm\u00e9ny Speyer hat\u00e1sa a legnagyobb. Visszan\u00e9zegetem az \u00e1ltalam k\u00e9sz\u00edtett k\u00e9peket. A vihar el\u0151tti csendben a d\u00f3m \u00f3ri\u00e1si tornyai sz\u00fcrk\u00e9s f\u00e9nyben ragyognak. Ott van az a bizonyos t\u00f6r\u00e9svonal is, amely az omin\u00f3zus v\u00e1rospuszt\u00edt\u00f3 katasztr\u00f3fa ut\u00e1n szinte kett\u00e9 szak\u00edtotta a templomot. L\u00e9nyegret\u00f6r\u0151en tan\u00faskodik a r\u00e9gi \u00e9s az \u00faj \u00e9p\u00fcletr\u00e9szek tagadhatatlan azonoss\u00e1g\u00e1r\u00f3l, a r\u00e9gm\u00falt \u00e9s a k\u00f6zelm\u00falt \u00f6sszefon\u00f3d\u00e1s\u00e1r\u00f3l. M\u00e9reteiben m\u00e9g ma is l\u00e9legzetel\u00e1ll\u00edt\u00f3 a bels\u0151 t\u00e9rhat\u00e1s. A sz\u00e9d\u00edt\u0151 magass\u00e1g ink\u00e1bb g\u00f3tikus katedr\u00e1lisokra eml\u00e9keztetett. Val\u00f3s\u00e1gos csoda, ahogyan a kora k\u00f6z\u00e9pkor \u00e9p\u00edt\u00e9szei megalkott\u00e1k ezt a grandi\u00f3zus boltozatos technik\u00e1t, amely a z\u00f6m\u00f6k falat \u00e1rk\u00e1dokkal, pill\u00e9rekkel, f\u00e9loszlopokkal hull\u00e1moss\u00e1 \u00e9s roppantul teherb\u00edr\u00f3v\u00e1 var\u00e1zsolja. Kamer\u00e1m felv\u00e9telein j\u00f3l kivehet\u0151k az it\u00e1liai romanik\u00e1ra olyannyira jellemz\u0151 \u00edvsoros fr\u00edzek, liz\u00e9n\u00e1k, a szent\u00e9lyhez odasimul\u00f3, t\u00f6bbszintes harangtornyok. S\u0151t a f\u00e9lhom\u00e1lyban k\u00e9sz\u00fclt fot\u00f3k, a kripta \u00e9s az altemplom var\u00e1zslatos hangulata is, az oszloperd\u0151 \u00e1ltal felszabott t\u00e9r, melynek apszis\u00e1ban d\u00edszk\u00e9nt egyetlen kereszt k\u00f6rvonalaz\u00f3dik. \u00a0 A d\u00f3m jelenl\u00e9te szinte elfeledtet minden esetleges sz\u00e1nd\u00e9kot, m\u00e1s l\u00e1tnival\u00f3k ir\u00e1nti \u00e9rdekl\u0151d\u00e9st. Pedig itt van ez a... R\u00e9szletek","og_url":"https:\/\/stuttgarti-katolikusok.de\/index.php\/vissza-az-idoben-schultheis-eva-irasa\/","og_site_name":"Stuttgarti Katolikusok","article_published_time":"2016-07-15T11:59:07+00:00","article_modified_time":"2016-07-20T18:36:28+00:00","og_image":[{"width":800,"height":450,"url":"https:\/\/stuttgarti-katolikusok.de\/wp-content\/uploads\/2016\/07\/lorsch-speyer.jpg","type":"image\/jpeg"}],"author":"Tibor atya","twitter_card":"summary_large_image","twitter_misc":{"Szerz\u0151:":"Tibor atya","Becs\u00fclt olvas\u00e1si id\u0151":"8 perc"},"schema":{"@context":"https:\/\/schema.org","@graph":[{"@type":"Article","@id":"https:\/\/stuttgarti-katolikusok.de\/index.php\/vissza-az-idoben-schultheis-eva-irasa\/#article","isPartOf":{"@id":"https:\/\/stuttgarti-katolikusok.de\/index.php\/vissza-az-idoben-schultheis-eva-irasa\/"},"author":{"name":"Tibor atya","@id":"https:\/\/stuttgarti-katolikusok.de\/#\/schema\/person\/75908d6f8fdc03a57889d27209df7795"},"headline":"Vissza az id\u0151ben &#8211; Schultheis \u00c9va \u00edr\u00e1sa","datePublished":"2016-07-15T11:59:07+00:00","dateModified":"2016-07-20T18:36:28+00:00","mainEntityOfPage":{"@id":"https:\/\/stuttgarti-katolikusok.de\/index.php\/vissza-az-idoben-schultheis-eva-irasa\/"},"wordCount":1530,"image":{"@id":"https:\/\/stuttgarti-katolikusok.de\/index.php\/vissza-az-idoben-schultheis-eva-irasa\/#primaryimage"},"thumbnailUrl":"https:\/\/stuttgarti-katolikusok.de\/wp-content\/uploads\/2016\/07\/lorsch-speyer.jpg","articleSection":["Olvas\u00f3ink \u00edrj\u00e1k"],"inLanguage":"hu"},{"@type":"WebPage","@id":"https:\/\/stuttgarti-katolikusok.de\/index.php\/vissza-az-idoben-schultheis-eva-irasa\/","url":"https:\/\/stuttgarti-katolikusok.de\/index.php\/vissza-az-idoben-schultheis-eva-irasa\/","name":"Vissza az id\u0151ben - Schultheis \u00c9va \u00edr\u00e1sa - Stuttgarti Katolikusok","isPartOf":{"@id":"https:\/\/stuttgarti-katolikusok.de\/#website"},"primaryImageOfPage":{"@id":"https:\/\/stuttgarti-katolikusok.de\/index.php\/vissza-az-idoben-schultheis-eva-irasa\/#primaryimage"},"image":{"@id":"https:\/\/stuttgarti-katolikusok.de\/index.php\/vissza-az-idoben-schultheis-eva-irasa\/#primaryimage"},"thumbnailUrl":"https:\/\/stuttgarti-katolikusok.de\/wp-content\/uploads\/2016\/07\/lorsch-speyer.jpg","datePublished":"2016-07-15T11:59:07+00:00","dateModified":"2016-07-20T18:36:28+00:00","author":{"@id":"https:\/\/stuttgarti-katolikusok.de\/#\/schema\/person\/75908d6f8fdc03a57889d27209df7795"},"breadcrumb":{"@id":"https:\/\/stuttgarti-katolikusok.de\/index.php\/vissza-az-idoben-schultheis-eva-irasa\/#breadcrumb"},"inLanguage":"hu","potentialAction":[{"@type":"ReadAction","target":["https:\/\/stuttgarti-katolikusok.de\/index.php\/vissza-az-idoben-schultheis-eva-irasa\/"]}]},{"@type":"ImageObject","inLanguage":"hu","@id":"https:\/\/stuttgarti-katolikusok.de\/index.php\/vissza-az-idoben-schultheis-eva-irasa\/#primaryimage","url":"https:\/\/stuttgarti-katolikusok.de\/wp-content\/uploads\/2016\/07\/lorsch-speyer.jpg","contentUrl":"https:\/\/stuttgarti-katolikusok.de\/wp-content\/uploads\/2016\/07\/lorsch-speyer.jpg","width":800,"height":450},{"@type":"BreadcrumbList","@id":"https:\/\/stuttgarti-katolikusok.de\/index.php\/vissza-az-idoben-schultheis-eva-irasa\/#breadcrumb","itemListElement":[{"@type":"ListItem","position":1,"name":"Kezd\u0151lap","item":"https:\/\/stuttgarti-katolikusok.de\/"},{"@type":"ListItem","position":2,"name":"Vissza az id\u0151ben &#8211; Schultheis \u00c9va \u00edr\u00e1sa"}]},{"@type":"WebSite","@id":"https:\/\/stuttgarti-katolikusok.de\/#website","url":"https:\/\/stuttgarti-katolikusok.de\/","name":"Stuttgarti Katolikusok","description":"","potentialAction":[{"@type":"SearchAction","target":{"@type":"EntryPoint","urlTemplate":"https:\/\/stuttgarti-katolikusok.de\/?s={search_term_string}"},"query-input":{"@type":"PropertyValueSpecification","valueRequired":true,"valueName":"search_term_string"}}],"inLanguage":"hu"},{"@type":"Person","@id":"https:\/\/stuttgarti-katolikusok.de\/#\/schema\/person\/75908d6f8fdc03a57889d27209df7795","name":"Tibor atya","image":{"@type":"ImageObject","inLanguage":"hu","@id":"https:\/\/secure.gravatar.com\/avatar\/61d268e57d1f4525b111222e29d2d5a7f8c420fdbf231ba5566a8ceac74fa960?s=96&d=mm&r=g","url":"https:\/\/secure.gravatar.com\/avatar\/61d268e57d1f4525b111222e29d2d5a7f8c420fdbf231ba5566a8ceac74fa960?s=96&d=mm&r=g","contentUrl":"https:\/\/secure.gravatar.com\/avatar\/61d268e57d1f4525b111222e29d2d5a7f8c420fdbf231ba5566a8ceac74fa960?s=96&d=mm&r=g","caption":"Tibor atya"},"url":"https:\/\/stuttgarti-katolikusok.de\/index.php\/author\/tibor-atya\/"}]}},"_links":{"self":[{"href":"https:\/\/stuttgarti-katolikusok.de\/index.php\/wp-json\/wp\/v2\/posts\/9617","targetHints":{"allow":["GET"]}}],"collection":[{"href":"https:\/\/stuttgarti-katolikusok.de\/index.php\/wp-json\/wp\/v2\/posts"}],"about":[{"href":"https:\/\/stuttgarti-katolikusok.de\/index.php\/wp-json\/wp\/v2\/types\/post"}],"author":[{"embeddable":true,"href":"https:\/\/stuttgarti-katolikusok.de\/index.php\/wp-json\/wp\/v2\/users\/3"}],"replies":[{"embeddable":true,"href":"https:\/\/stuttgarti-katolikusok.de\/index.php\/wp-json\/wp\/v2\/comments?post=9617"}],"version-history":[{"count":4,"href":"https:\/\/stuttgarti-katolikusok.de\/index.php\/wp-json\/wp\/v2\/posts\/9617\/revisions"}],"predecessor-version":[{"id":9637,"href":"https:\/\/stuttgarti-katolikusok.de\/index.php\/wp-json\/wp\/v2\/posts\/9617\/revisions\/9637"}],"wp:featuredmedia":[{"embeddable":true,"href":"https:\/\/stuttgarti-katolikusok.de\/index.php\/wp-json\/wp\/v2\/media\/9618"}],"wp:attachment":[{"href":"https:\/\/stuttgarti-katolikusok.de\/index.php\/wp-json\/wp\/v2\/media?parent=9617"}],"wp:term":[{"taxonomy":"category","embeddable":true,"href":"https:\/\/stuttgarti-katolikusok.de\/index.php\/wp-json\/wp\/v2\/categories?post=9617"},{"taxonomy":"post_tag","embeddable":true,"href":"https:\/\/stuttgarti-katolikusok.de\/index.php\/wp-json\/wp\/v2\/tags?post=9617"}],"curies":[{"name":"wp","href":"https:\/\/api.w.org\/{rel}","templated":true}]}}