{"id":9609,"date":"2016-07-15T11:29:30","date_gmt":"2016-07-15T11:29:30","guid":{"rendered":"https:\/\/gracious-dewdney.138-201-221-2.plesk.page\/?p=9609"},"modified":"2016-07-15T11:34:19","modified_gmt":"2016-07-15T11:34:19","slug":"bicikli-zarandoklat-2016-julius-9","status":"publish","type":"post","link":"https:\/\/stuttgarti-katolikusok.de\/index.php\/bicikli-zarandoklat-2016-julius-9\/","title":{"rendered":"Bicikli zar\u00e1ndoklat &#8211; 2016. j\u00falius 9."},"content":{"rendered":"<div>Sz\u00e9p\u00a0naps\u00fct\u00e9ses reggelre \u00e9bredt\u00fcnk 2016. j\u00falius 9-\u00e9n, szombaton. Vid\u00e1man indultunk a Schorndorf-i \u00e1llom\u00e1son val\u00f3 tal\u00e1lkoz\u00e1s ut\u00e1n c\u00e9lunk fel\u00e9 a Rems foly\u00f3 partj\u00e1n. Ebben az esztend\u0151ben arra v\u00e1llalkoztunk, hogy Schorndorfb\u00f3l elindulva Schw\u00e4bisch-Gm\u00fcndbe \u00e9rkezz\u00fcnk.<\/div>\n<div style=\"text-align: left;\">Meglep\u0151en n\u00e9pes csapat ver\u0151d\u00f6tt \u00f6ssze. Imre atya vezet\u00e9s\u00e9vel 13 feln\u0151tt \u00e9s 5 gyerek indult \u00fatra.<\/div>\n<div style=\"text-align: left;\">A Lorch-i kolostor templom udvar\u00e1n tartottuk az els\u0151, hosszabb sz\u00fcnetet, ahol mindenki j\u00f3\u00edz\u0171en elfogyasztotta a mag\u00e1val hozott reggelit.\u00a0J\u00f3llakottan \u00e9s j\u00f3kedv\u0171en indultunk tov\u00e1bb Schw\u00e4bisch Gm\u00fcnd fel\u00e9.<\/div>\n<div style=\"text-align: left;\">A v\u00e1rosban meg\u00e9rkezve Tibor atya csatlakozott hozz\u00e1nk. K\u00f6z\u00f6sen megl\u00e1togattuk a Schw\u00e4bisch-Gm\u00fcndbe \u00e9s k\u00f6rny\u00e9k\u00e9n lak\u00f3 magyar katolikus testv\u00e9reink \u00e1ltal l\u00e1togatott templomot \u00e9s mis\u00e9z\u0151 helyet.<\/div>\n<div style=\"text-align: left;\">Meglepet\u00e9s\u00fcnkre n\u00e9h\u00e1ny nagyon kedves magyar ismer\u0151s v\u00e1rt a templomban \u00e9rkez\u00e9s\u00fcnkre \u00e9s szeretettel fogadtak benn\u00fcnket.<\/div>\n<div style=\"text-align: left;\">Egy\u00fctt im\u00e1dkoztunk, \u00e9nekelt\u00fcnk, majd elb\u00facs\u00faztunk t\u0151l\u00fck. Ut\u00e1na k\u00e1v\u00e9ztunk, fagyiztunk \u00e9s elindultunk vissza Schorndorf ir\u00e1ny\u00e1ba.<\/div>\n<div style=\"text-align: left;\">Kiss\u00e9 f\u00e1radtan, de j\u00f3kedv\u0171en \u00e9rkezt\u00fcnk vissza, lelk\u00fcnkben a szeretet \u00e9s eggy\u00e9 tartoz\u00e1s \u00e9rz\u00e9s\u00e9vel.<\/div>\n<div style=\"text-align: left;\">J\u00f3 egy\u00fctt lenni, j\u00f3 egym\u00e1st felebar\u00e1ti szeretettel szeretni, nevetni, vid\u00e1mnak lenni!<\/div>\n<div style=\"text-align: left;\">Ezt az \u00e9rz\u00e9st a j\u00f6v\u0151ben is \u00e1polni akarjuk, sok-sok ilyen k\u00f6z\u00f6s programmal.<\/div>\n<div style=\"text-align: left;\"><\/div>\n<div style=\"text-align: left;\">K\u00f6sz\u00f6nettel:\u00a0D\u00e9nes-H\u00fcgel \u00c9va<\/div>\n","protected":false},"excerpt":{"rendered":"<p>Sz\u00e9p\u00a0naps\u00fct\u00e9ses reggelre \u00e9bredt\u00fcnk 2016. j\u00falius 9-\u00e9n, szombaton. Vid\u00e1man indultunk a Schorndorf-i \u00e1llom\u00e1son val\u00f3 tal\u00e1lkoz\u00e1s ut\u00e1n c\u00e9lunk fel\u00e9 a Rems foly\u00f3 partj\u00e1n. Ebben az esztend\u0151ben arra v\u00e1llalkoztunk, hogy Schorndorfb\u00f3l elindulva Schw\u00e4bisch-Gm\u00fcndbe \u00e9rkezz\u00fcnk. Meglep\u0151en n\u00e9pes csapat ver\u0151d\u00f6tt \u00f6ssze. Imre atya vezet\u00e9s\u00e9vel 13 feln\u0151tt \u00e9s 5 gyerek indult \u00fatra. A Lorch-i kolostor templom udvar\u00e1n tartottuk az els\u0151, hosszabb sz\u00fcnetet, ahol mindenki j\u00f3\u00edz\u0171en elfogyasztotta a mag\u00e1val hozott reggelit.\u00a0J\u00f3llakottan \u00e9s j\u00f3kedv\u0171en indultunk tov\u00e1bb Schw\u00e4bisch Gm\u00fcnd fel\u00e9. A v\u00e1rosban meg\u00e9rkezve Tibor atya csatlakozott hozz\u00e1nk. K\u00f6z\u00f6sen megl\u00e1togattuk a Schw\u00e4bisch-Gm\u00fcndbe \u00e9s k\u00f6rny\u00e9k\u00e9n lak\u00f3 magyar katolikus testv\u00e9reink \u00e1ltal l\u00e1togatott templomot \u00e9s mis\u00e9z\u0151 helyet. Meglepet\u00e9s\u00fcnkre n\u00e9h\u00e1ny nagyon kedves magyar ismer\u0151s v\u00e1rt a templomban \u00e9rkez\u00e9s\u00fcnkre \u00e9s szeretettel fogadtak benn\u00fcnket. Egy\u00fctt im\u00e1dkoztunk, \u00e9nekelt\u00fcnk, majd elb\u00facs\u00faztunk t\u0151l\u00fck. Ut\u00e1na k\u00e1v\u00e9ztunk, fagyiztunk \u00e9s elindultunk vissza Schorndorf ir\u00e1ny\u00e1ba. Kiss\u00e9 f\u00e1radtan, de j\u00f3kedv\u0171en \u00e9rkezt\u00fcnk vissza, lelk\u00fcnkben a szeretet \u00e9s eggy\u00e9 tartoz\u00e1s \u00e9rz\u00e9s\u00e9vel. J\u00f3 egy\u00fctt lenni, j\u00f3 egym\u00e1st felebar\u00e1ti szeretettel szeretni, nevetni, vid\u00e1mnak lenni! Ezt az \u00e9rz\u00e9st a j\u00f6v\u0151ben is \u00e1polni akarjuk, sok-sok ilyen k\u00f6z\u00f6s programmal. K\u00f6sz\u00f6nettel:\u00a0D\u00e9nes-H\u00fcgel \u00c9va<\/p>\n","protected":false},"author":3,"featured_media":9610,"comment_status":"closed","ping_status":"closed","sticky":false,"template":"","format":"standard","meta":{"footnotes":""},"categories":[28,46],"tags":[],"class_list":["post-9609","post","type-post","status-publish","format-standard","has-post-thumbnail","hentry","category-olvasoink-irjak","category-zarandoklat"],"yoast_head":"<!-- This site is optimized with the Yoast SEO plugin v27.3 - https:\/\/yoast.com\/product\/yoast-seo-wordpress\/ -->\n<title>Bicikli zar\u00e1ndoklat - 2016. j\u00falius 9. - Stuttgarti Katolikusok<\/title>\n<meta name=\"robots\" content=\"index, follow, max-snippet:-1, max-image-preview:large, max-video-preview:-1\" \/>\n<link rel=\"canonical\" href=\"https:\/\/stuttgarti-katolikusok.de\/index.php\/bicikli-zarandoklat-2016-julius-9\/\" \/>\n<meta property=\"og:locale\" content=\"hu_HU\" \/>\n<meta property=\"og:type\" content=\"article\" \/>\n<meta property=\"og:title\" content=\"Bicikli zar\u00e1ndoklat - 2016. j\u00falius 9. - Stuttgarti Katolikusok\" \/>\n<meta property=\"og:description\" content=\"Sz\u00e9p\u00a0naps\u00fct\u00e9ses reggelre \u00e9bredt\u00fcnk 2016. j\u00falius 9-\u00e9n, szombaton. Vid\u00e1man indultunk a Schorndorf-i \u00e1llom\u00e1son val\u00f3 tal\u00e1lkoz\u00e1s ut\u00e1n c\u00e9lunk fel\u00e9 a Rems foly\u00f3 partj\u00e1n. Ebben az esztend\u0151ben arra v\u00e1llalkoztunk, hogy Schorndorfb\u00f3l elindulva Schw\u00e4bisch-Gm\u00fcndbe \u00e9rkezz\u00fcnk. Meglep\u0151en n\u00e9pes csapat ver\u0151d\u00f6tt \u00f6ssze. Imre atya vezet\u00e9s\u00e9vel 13 feln\u0151tt \u00e9s 5 gyerek indult \u00fatra. A Lorch-i kolostor templom udvar\u00e1n tartottuk az els\u0151, hosszabb sz\u00fcnetet, ahol mindenki j\u00f3\u00edz\u0171en elfogyasztotta a mag\u00e1val hozott reggelit.\u00a0J\u00f3llakottan \u00e9s j\u00f3kedv\u0171en indultunk tov\u00e1bb Schw\u00e4bisch Gm\u00fcnd fel\u00e9. A v\u00e1rosban meg\u00e9rkezve Tibor atya csatlakozott hozz\u00e1nk. K\u00f6z\u00f6sen megl\u00e1togattuk a Schw\u00e4bisch-Gm\u00fcndbe \u00e9s k\u00f6rny\u00e9k\u00e9n lak\u00f3 magyar katolikus testv\u00e9reink \u00e1ltal l\u00e1togatott templomot \u00e9s mis\u00e9z\u0151 helyet. Meglepet\u00e9s\u00fcnkre n\u00e9h\u00e1ny nagyon kedves magyar ismer\u0151s v\u00e1rt a templomban \u00e9rkez\u00e9s\u00fcnkre \u00e9s szeretettel fogadtak benn\u00fcnket. Egy\u00fctt im\u00e1dkoztunk, \u00e9nekelt\u00fcnk, majd elb\u00facs\u00faztunk t\u0151l\u00fck. Ut\u00e1na k\u00e1v\u00e9ztunk, fagyiztunk \u00e9s elindultunk vissza Schorndorf ir\u00e1ny\u00e1ba. Kiss\u00e9 f\u00e1radtan, de j\u00f3kedv\u0171en \u00e9rkezt\u00fcnk vissza, lelk\u00fcnkben a szeretet \u00e9s eggy\u00e9 tartoz\u00e1s \u00e9rz\u00e9s\u00e9vel. J\u00f3 egy\u00fctt lenni, j\u00f3 egym\u00e1st felebar\u00e1ti szeretettel szeretni, nevetni, vid\u00e1mnak lenni! Ezt az \u00e9rz\u00e9st a j\u00f6v\u0151ben is \u00e1polni akarjuk, sok-sok ilyen k\u00f6z\u00f6s programmal. K\u00f6sz\u00f6nettel:\u00a0D\u00e9nes-H\u00fcgel \u00c9va\" \/>\n<meta property=\"og:url\" content=\"https:\/\/stuttgarti-katolikusok.de\/index.php\/bicikli-zarandoklat-2016-julius-9\/\" \/>\n<meta property=\"og:site_name\" content=\"Stuttgarti Katolikusok\" \/>\n<meta property=\"article:published_time\" content=\"2016-07-15T11:29:30+00:00\" \/>\n<meta property=\"article:modified_time\" content=\"2016-07-15T11:34:19+00:00\" \/>\n<meta property=\"og:image\" content=\"https:\/\/stuttgarti-katolikusok.de\/wp-content\/uploads\/2016\/07\/20160709_151623-1024x576.jpg\" \/>\n\t<meta property=\"og:image:width\" content=\"1024\" \/>\n\t<meta property=\"og:image:height\" content=\"576\" \/>\n\t<meta property=\"og:image:type\" content=\"image\/jpeg\" \/>\n<meta name=\"author\" content=\"Tibor atya\" \/>\n<meta name=\"twitter:card\" content=\"summary_large_image\" \/>\n<meta name=\"twitter:label1\" content=\"Szerz\u0151:\" \/>\n\t<meta name=\"twitter:data1\" content=\"Tibor atya\" \/>\n\t<meta name=\"twitter:label2\" content=\"Becs\u00fclt olvas\u00e1si id\u0151\" \/>\n\t<meta name=\"twitter:data2\" content=\"1 perc\" \/>\n<script type=\"application\/ld+json\" class=\"yoast-schema-graph\">{\"@context\":\"https:\\\/\\\/schema.org\",\"@graph\":[{\"@type\":\"Article\",\"@id\":\"https:\\\/\\\/stuttgarti-katolikusok.de\\\/index.php\\\/bicikli-zarandoklat-2016-julius-9\\\/#article\",\"isPartOf\":{\"@id\":\"https:\\\/\\\/stuttgarti-katolikusok.de\\\/index.php\\\/bicikli-zarandoklat-2016-julius-9\\\/\"},\"author\":{\"name\":\"Tibor atya\",\"@id\":\"https:\\\/\\\/stuttgarti-katolikusok.de\\\/#\\\/schema\\\/person\\\/75908d6f8fdc03a57889d27209df7795\"},\"headline\":\"Bicikli zar\u00e1ndoklat &#8211; 2016. j\u00falius 9.\",\"datePublished\":\"2016-07-15T11:29:30+00:00\",\"dateModified\":\"2016-07-15T11:34:19+00:00\",\"mainEntityOfPage\":{\"@id\":\"https:\\\/\\\/stuttgarti-katolikusok.de\\\/index.php\\\/bicikli-zarandoklat-2016-julius-9\\\/\"},\"wordCount\":259,\"image\":{\"@id\":\"https:\\\/\\\/stuttgarti-katolikusok.de\\\/index.php\\\/bicikli-zarandoklat-2016-julius-9\\\/#primaryimage\"},\"thumbnailUrl\":\"https:\\\/\\\/stuttgarti-katolikusok.de\\\/wp-content\\\/uploads\\\/2016\\\/07\\\/20160709_151623.jpg\",\"articleSection\":[\"Olvas\u00f3ink \u00edrj\u00e1k\",\"Zar\u00e1ndoklat\"],\"inLanguage\":\"hu\"},{\"@type\":\"WebPage\",\"@id\":\"https:\\\/\\\/stuttgarti-katolikusok.de\\\/index.php\\\/bicikli-zarandoklat-2016-julius-9\\\/\",\"url\":\"https:\\\/\\\/stuttgarti-katolikusok.de\\\/index.php\\\/bicikli-zarandoklat-2016-julius-9\\\/\",\"name\":\"Bicikli zar\u00e1ndoklat - 2016. j\u00falius 9. - Stuttgarti Katolikusok\",\"isPartOf\":{\"@id\":\"https:\\\/\\\/stuttgarti-katolikusok.de\\\/#website\"},\"primaryImageOfPage\":{\"@id\":\"https:\\\/\\\/stuttgarti-katolikusok.de\\\/index.php\\\/bicikli-zarandoklat-2016-julius-9\\\/#primaryimage\"},\"image\":{\"@id\":\"https:\\\/\\\/stuttgarti-katolikusok.de\\\/index.php\\\/bicikli-zarandoklat-2016-julius-9\\\/#primaryimage\"},\"thumbnailUrl\":\"https:\\\/\\\/stuttgarti-katolikusok.de\\\/wp-content\\\/uploads\\\/2016\\\/07\\\/20160709_151623.jpg\",\"datePublished\":\"2016-07-15T11:29:30+00:00\",\"dateModified\":\"2016-07-15T11:34:19+00:00\",\"author\":{\"@id\":\"https:\\\/\\\/stuttgarti-katolikusok.de\\\/#\\\/schema\\\/person\\\/75908d6f8fdc03a57889d27209df7795\"},\"breadcrumb\":{\"@id\":\"https:\\\/\\\/stuttgarti-katolikusok.de\\\/index.php\\\/bicikli-zarandoklat-2016-julius-9\\\/#breadcrumb\"},\"inLanguage\":\"hu\",\"potentialAction\":[{\"@type\":\"ReadAction\",\"target\":[\"https:\\\/\\\/stuttgarti-katolikusok.de\\\/index.php\\\/bicikli-zarandoklat-2016-julius-9\\\/\"]}]},{\"@type\":\"ImageObject\",\"inLanguage\":\"hu\",\"@id\":\"https:\\\/\\\/stuttgarti-katolikusok.de\\\/index.php\\\/bicikli-zarandoklat-2016-julius-9\\\/#primaryimage\",\"url\":\"https:\\\/\\\/stuttgarti-katolikusok.de\\\/wp-content\\\/uploads\\\/2016\\\/07\\\/20160709_151623.jpg\",\"contentUrl\":\"https:\\\/\\\/stuttgarti-katolikusok.de\\\/wp-content\\\/uploads\\\/2016\\\/07\\\/20160709_151623.jpg\",\"width\":5312,\"height\":2988},{\"@type\":\"BreadcrumbList\",\"@id\":\"https:\\\/\\\/stuttgarti-katolikusok.de\\\/index.php\\\/bicikli-zarandoklat-2016-julius-9\\\/#breadcrumb\",\"itemListElement\":[{\"@type\":\"ListItem\",\"position\":1,\"name\":\"Kezd\u0151lap\",\"item\":\"https:\\\/\\\/stuttgarti-katolikusok.de\\\/\"},{\"@type\":\"ListItem\",\"position\":2,\"name\":\"Bicikli zar\u00e1ndoklat &#8211; 2016. j\u00falius 9.\"}]},{\"@type\":\"WebSite\",\"@id\":\"https:\\\/\\\/stuttgarti-katolikusok.de\\\/#website\",\"url\":\"https:\\\/\\\/stuttgarti-katolikusok.de\\\/\",\"name\":\"Stuttgarti Katolikusok\",\"description\":\"\",\"potentialAction\":[{\"@type\":\"SearchAction\",\"target\":{\"@type\":\"EntryPoint\",\"urlTemplate\":\"https:\\\/\\\/stuttgarti-katolikusok.de\\\/?s={search_term_string}\"},\"query-input\":{\"@type\":\"PropertyValueSpecification\",\"valueRequired\":true,\"valueName\":\"search_term_string\"}}],\"inLanguage\":\"hu\"},{\"@type\":\"Person\",\"@id\":\"https:\\\/\\\/stuttgarti-katolikusok.de\\\/#\\\/schema\\\/person\\\/75908d6f8fdc03a57889d27209df7795\",\"name\":\"Tibor atya\",\"image\":{\"@type\":\"ImageObject\",\"inLanguage\":\"hu\",\"@id\":\"https:\\\/\\\/secure.gravatar.com\\\/avatar\\\/61d268e57d1f4525b111222e29d2d5a7f8c420fdbf231ba5566a8ceac74fa960?s=96&d=mm&r=g\",\"url\":\"https:\\\/\\\/secure.gravatar.com\\\/avatar\\\/61d268e57d1f4525b111222e29d2d5a7f8c420fdbf231ba5566a8ceac74fa960?s=96&d=mm&r=g\",\"contentUrl\":\"https:\\\/\\\/secure.gravatar.com\\\/avatar\\\/61d268e57d1f4525b111222e29d2d5a7f8c420fdbf231ba5566a8ceac74fa960?s=96&d=mm&r=g\",\"caption\":\"Tibor atya\"},\"url\":\"https:\\\/\\\/stuttgarti-katolikusok.de\\\/index.php\\\/author\\\/tibor-atya\\\/\"}]}<\/script>\n<!-- \/ Yoast SEO plugin. -->","yoast_head_json":{"title":"Bicikli zar\u00e1ndoklat - 2016. j\u00falius 9. - Stuttgarti Katolikusok","robots":{"index":"index","follow":"follow","max-snippet":"max-snippet:-1","max-image-preview":"max-image-preview:large","max-video-preview":"max-video-preview:-1"},"canonical":"https:\/\/stuttgarti-katolikusok.de\/index.php\/bicikli-zarandoklat-2016-julius-9\/","og_locale":"hu_HU","og_type":"article","og_title":"Bicikli zar\u00e1ndoklat - 2016. j\u00falius 9. - Stuttgarti Katolikusok","og_description":"Sz\u00e9p\u00a0naps\u00fct\u00e9ses reggelre \u00e9bredt\u00fcnk 2016. j\u00falius 9-\u00e9n, szombaton. Vid\u00e1man indultunk a Schorndorf-i \u00e1llom\u00e1son val\u00f3 tal\u00e1lkoz\u00e1s ut\u00e1n c\u00e9lunk fel\u00e9 a Rems foly\u00f3 partj\u00e1n. Ebben az esztend\u0151ben arra v\u00e1llalkoztunk, hogy Schorndorfb\u00f3l elindulva Schw\u00e4bisch-Gm\u00fcndbe \u00e9rkezz\u00fcnk. Meglep\u0151en n\u00e9pes csapat ver\u0151d\u00f6tt \u00f6ssze. Imre atya vezet\u00e9s\u00e9vel 13 feln\u0151tt \u00e9s 5 gyerek indult \u00fatra. A Lorch-i kolostor templom udvar\u00e1n tartottuk az els\u0151, hosszabb sz\u00fcnetet, ahol mindenki j\u00f3\u00edz\u0171en elfogyasztotta a mag\u00e1val hozott reggelit.\u00a0J\u00f3llakottan \u00e9s j\u00f3kedv\u0171en indultunk tov\u00e1bb Schw\u00e4bisch Gm\u00fcnd fel\u00e9. A v\u00e1rosban meg\u00e9rkezve Tibor atya csatlakozott hozz\u00e1nk. K\u00f6z\u00f6sen megl\u00e1togattuk a Schw\u00e4bisch-Gm\u00fcndbe \u00e9s k\u00f6rny\u00e9k\u00e9n lak\u00f3 magyar katolikus testv\u00e9reink \u00e1ltal l\u00e1togatott templomot \u00e9s mis\u00e9z\u0151 helyet. Meglepet\u00e9s\u00fcnkre n\u00e9h\u00e1ny nagyon kedves magyar ismer\u0151s v\u00e1rt a templomban \u00e9rkez\u00e9s\u00fcnkre \u00e9s szeretettel fogadtak benn\u00fcnket. Egy\u00fctt im\u00e1dkoztunk, \u00e9nekelt\u00fcnk, majd elb\u00facs\u00faztunk t\u0151l\u00fck. Ut\u00e1na k\u00e1v\u00e9ztunk, fagyiztunk \u00e9s elindultunk vissza Schorndorf ir\u00e1ny\u00e1ba. Kiss\u00e9 f\u00e1radtan, de j\u00f3kedv\u0171en \u00e9rkezt\u00fcnk vissza, lelk\u00fcnkben a szeretet \u00e9s eggy\u00e9 tartoz\u00e1s \u00e9rz\u00e9s\u00e9vel. J\u00f3 egy\u00fctt lenni, j\u00f3 egym\u00e1st felebar\u00e1ti szeretettel szeretni, nevetni, vid\u00e1mnak lenni! Ezt az \u00e9rz\u00e9st a j\u00f6v\u0151ben is \u00e1polni akarjuk, sok-sok ilyen k\u00f6z\u00f6s programmal. K\u00f6sz\u00f6nettel:\u00a0D\u00e9nes-H\u00fcgel \u00c9va","og_url":"https:\/\/stuttgarti-katolikusok.de\/index.php\/bicikli-zarandoklat-2016-julius-9\/","og_site_name":"Stuttgarti Katolikusok","article_published_time":"2016-07-15T11:29:30+00:00","article_modified_time":"2016-07-15T11:34:19+00:00","og_image":[{"width":1024,"height":576,"url":"https:\/\/stuttgarti-katolikusok.de\/wp-content\/uploads\/2016\/07\/20160709_151623-1024x576.jpg","type":"image\/jpeg"}],"author":"Tibor atya","twitter_card":"summary_large_image","twitter_misc":{"Szerz\u0151:":"Tibor atya","Becs\u00fclt olvas\u00e1si id\u0151":"1 perc"},"schema":{"@context":"https:\/\/schema.org","@graph":[{"@type":"Article","@id":"https:\/\/stuttgarti-katolikusok.de\/index.php\/bicikli-zarandoklat-2016-julius-9\/#article","isPartOf":{"@id":"https:\/\/stuttgarti-katolikusok.de\/index.php\/bicikli-zarandoklat-2016-julius-9\/"},"author":{"name":"Tibor atya","@id":"https:\/\/stuttgarti-katolikusok.de\/#\/schema\/person\/75908d6f8fdc03a57889d27209df7795"},"headline":"Bicikli zar\u00e1ndoklat &#8211; 2016. j\u00falius 9.","datePublished":"2016-07-15T11:29:30+00:00","dateModified":"2016-07-15T11:34:19+00:00","mainEntityOfPage":{"@id":"https:\/\/stuttgarti-katolikusok.de\/index.php\/bicikli-zarandoklat-2016-julius-9\/"},"wordCount":259,"image":{"@id":"https:\/\/stuttgarti-katolikusok.de\/index.php\/bicikli-zarandoklat-2016-julius-9\/#primaryimage"},"thumbnailUrl":"https:\/\/stuttgarti-katolikusok.de\/wp-content\/uploads\/2016\/07\/20160709_151623.jpg","articleSection":["Olvas\u00f3ink \u00edrj\u00e1k","Zar\u00e1ndoklat"],"inLanguage":"hu"},{"@type":"WebPage","@id":"https:\/\/stuttgarti-katolikusok.de\/index.php\/bicikli-zarandoklat-2016-julius-9\/","url":"https:\/\/stuttgarti-katolikusok.de\/index.php\/bicikli-zarandoklat-2016-julius-9\/","name":"Bicikli zar\u00e1ndoklat - 2016. j\u00falius 9. - Stuttgarti Katolikusok","isPartOf":{"@id":"https:\/\/stuttgarti-katolikusok.de\/#website"},"primaryImageOfPage":{"@id":"https:\/\/stuttgarti-katolikusok.de\/index.php\/bicikli-zarandoklat-2016-julius-9\/#primaryimage"},"image":{"@id":"https:\/\/stuttgarti-katolikusok.de\/index.php\/bicikli-zarandoklat-2016-julius-9\/#primaryimage"},"thumbnailUrl":"https:\/\/stuttgarti-katolikusok.de\/wp-content\/uploads\/2016\/07\/20160709_151623.jpg","datePublished":"2016-07-15T11:29:30+00:00","dateModified":"2016-07-15T11:34:19+00:00","author":{"@id":"https:\/\/stuttgarti-katolikusok.de\/#\/schema\/person\/75908d6f8fdc03a57889d27209df7795"},"breadcrumb":{"@id":"https:\/\/stuttgarti-katolikusok.de\/index.php\/bicikli-zarandoklat-2016-julius-9\/#breadcrumb"},"inLanguage":"hu","potentialAction":[{"@type":"ReadAction","target":["https:\/\/stuttgarti-katolikusok.de\/index.php\/bicikli-zarandoklat-2016-julius-9\/"]}]},{"@type":"ImageObject","inLanguage":"hu","@id":"https:\/\/stuttgarti-katolikusok.de\/index.php\/bicikli-zarandoklat-2016-julius-9\/#primaryimage","url":"https:\/\/stuttgarti-katolikusok.de\/wp-content\/uploads\/2016\/07\/20160709_151623.jpg","contentUrl":"https:\/\/stuttgarti-katolikusok.de\/wp-content\/uploads\/2016\/07\/20160709_151623.jpg","width":5312,"height":2988},{"@type":"BreadcrumbList","@id":"https:\/\/stuttgarti-katolikusok.de\/index.php\/bicikli-zarandoklat-2016-julius-9\/#breadcrumb","itemListElement":[{"@type":"ListItem","position":1,"name":"Kezd\u0151lap","item":"https:\/\/stuttgarti-katolikusok.de\/"},{"@type":"ListItem","position":2,"name":"Bicikli zar\u00e1ndoklat &#8211; 2016. j\u00falius 9."}]},{"@type":"WebSite","@id":"https:\/\/stuttgarti-katolikusok.de\/#website","url":"https:\/\/stuttgarti-katolikusok.de\/","name":"Stuttgarti Katolikusok","description":"","potentialAction":[{"@type":"SearchAction","target":{"@type":"EntryPoint","urlTemplate":"https:\/\/stuttgarti-katolikusok.de\/?s={search_term_string}"},"query-input":{"@type":"PropertyValueSpecification","valueRequired":true,"valueName":"search_term_string"}}],"inLanguage":"hu"},{"@type":"Person","@id":"https:\/\/stuttgarti-katolikusok.de\/#\/schema\/person\/75908d6f8fdc03a57889d27209df7795","name":"Tibor atya","image":{"@type":"ImageObject","inLanguage":"hu","@id":"https:\/\/secure.gravatar.com\/avatar\/61d268e57d1f4525b111222e29d2d5a7f8c420fdbf231ba5566a8ceac74fa960?s=96&d=mm&r=g","url":"https:\/\/secure.gravatar.com\/avatar\/61d268e57d1f4525b111222e29d2d5a7f8c420fdbf231ba5566a8ceac74fa960?s=96&d=mm&r=g","contentUrl":"https:\/\/secure.gravatar.com\/avatar\/61d268e57d1f4525b111222e29d2d5a7f8c420fdbf231ba5566a8ceac74fa960?s=96&d=mm&r=g","caption":"Tibor atya"},"url":"https:\/\/stuttgarti-katolikusok.de\/index.php\/author\/tibor-atya\/"}]}},"_links":{"self":[{"href":"https:\/\/stuttgarti-katolikusok.de\/index.php\/wp-json\/wp\/v2\/posts\/9609","targetHints":{"allow":["GET"]}}],"collection":[{"href":"https:\/\/stuttgarti-katolikusok.de\/index.php\/wp-json\/wp\/v2\/posts"}],"about":[{"href":"https:\/\/stuttgarti-katolikusok.de\/index.php\/wp-json\/wp\/v2\/types\/post"}],"author":[{"embeddable":true,"href":"https:\/\/stuttgarti-katolikusok.de\/index.php\/wp-json\/wp\/v2\/users\/3"}],"replies":[{"embeddable":true,"href":"https:\/\/stuttgarti-katolikusok.de\/index.php\/wp-json\/wp\/v2\/comments?post=9609"}],"version-history":[{"count":4,"href":"https:\/\/stuttgarti-katolikusok.de\/index.php\/wp-json\/wp\/v2\/posts\/9609\/revisions"}],"predecessor-version":[{"id":9615,"href":"https:\/\/stuttgarti-katolikusok.de\/index.php\/wp-json\/wp\/v2\/posts\/9609\/revisions\/9615"}],"wp:featuredmedia":[{"embeddable":true,"href":"https:\/\/stuttgarti-katolikusok.de\/index.php\/wp-json\/wp\/v2\/media\/9610"}],"wp:attachment":[{"href":"https:\/\/stuttgarti-katolikusok.de\/index.php\/wp-json\/wp\/v2\/media?parent=9609"}],"wp:term":[{"taxonomy":"category","embeddable":true,"href":"https:\/\/stuttgarti-katolikusok.de\/index.php\/wp-json\/wp\/v2\/categories?post=9609"},{"taxonomy":"post_tag","embeddable":true,"href":"https:\/\/stuttgarti-katolikusok.de\/index.php\/wp-json\/wp\/v2\/tags?post=9609"}],"curies":[{"name":"wp","href":"https:\/\/api.w.org\/{rel}","templated":true}]}}