{"id":9573,"date":"2016-07-06T23:07:37","date_gmt":"2016-07-06T23:07:37","guid":{"rendered":"https:\/\/gracious-dewdney.138-201-221-2.plesk.page\/?p=9573"},"modified":"2016-07-07T11:19:07","modified_gmt":"2016-07-07T11:19:07","slug":"zarandokut-franciaorszagban-kobe-vesett-szuz-mariak","status":"publish","type":"post","link":"https:\/\/stuttgarti-katolikusok.de\/index.php\/zarandokut-franciaorszagban-kobe-vesett-szuz-mariak\/","title":{"rendered":"Zar\u00e1ndok\u00fat Franciaorsz\u00e1gban: \u201e K\u0151be v\u00e9sett Sz\u0171z M\u00e1ri\u00e1k\u201c"},"content":{"rendered":"<p>2016. m\u00e1jus 23 \u00e9s 30 k\u00f6z\u00f6tt a Stuttgarti Magyar Katolikus Egyh\u00e1zk\u00f6zs\u00e9g \u00fajra megszervezte hagyom\u00e1nyos \u00e9ves zar\u00e1ndok\u00fatj\u00e1t. A helyek nagyon hamar beteltek, emiatt a szervez\u0151knek nem volt mi\u00e9rt agg\u00f3dniuk.<\/p>\n<p>Zar\u00e1ndoklatunkra mindannyiunk k\u00fcl\u00f6nb\u00f6z\u0151k\u00e9ppen k\u00e9sz\u00fclt fel, nekem az egyik ilyen pillanat az volt amikor kigondoltam a gyerty\u00e1kra a mint\u00e1t \u00e9s azut\u00e1n pedig teljes odaad\u00e1ssal ki is d\u00edsz\u00edtettem. Egy r\u00f6vid bemutatkoz\u00e1s ut\u00e1n kider\u00fclt, hogy mindannyiunk c\u00e9lja: lelkileg felt\u00f6lt\u0151dni, \u00faj bar\u00e1ts\u00e1gokat kialak\u00edtani \u00e9s a r\u00e9gieket fel\u00faj\u00edtani, mindezeket t\u00f6bbek k\u00f6zt k\u00f6z\u00f6s im\u00e1k \u00e9s \u00e9nekek \u00e1ltal, \u00e9s persze \u00faj dolgokat felfedezni \u00e9s ez\u00e1ltal tud\u00e1sunkat gyarap\u00edtani.<\/p>\n<p style=\"text-align: center;\"><a href=\"https:\/\/stuttgarti-katolikusok.de\/wp-content\/uploads\/2016\/07\/aniko1.jpg\"><img loading=\"lazy\" decoding=\"async\" class=\"alignnone wp-image-9575 size-medium\" src=\"https:\/\/stuttgarti-katolikusok.de\/wp-content\/uploads\/2016\/07\/aniko1-300x200.jpg\" width=\"300\" height=\"200\" srcset=\"https:\/\/stuttgarti-katolikusok.de\/wp-content\/uploads\/2016\/07\/aniko1-300x200.jpg 300w, https:\/\/stuttgarti-katolikusok.de\/wp-content\/uploads\/2016\/07\/aniko1-420x280.jpg 420w, https:\/\/stuttgarti-katolikusok.de\/wp-content\/uploads\/2016\/07\/aniko1-690x460.jpg 690w, https:\/\/stuttgarti-katolikusok.de\/wp-content\/uploads\/2016\/07\/aniko1.jpg 800w\" sizes=\"auto, (max-width: 300px) 100vw, 300px\" \/><\/a><\/p>\n<p>Imre atya \u00e9s Tibor atya zar\u00e1ndokutunk sor\u00e1n nem csak lelkileg t\u00e1mogattak, hanem tud\u00e1sunkra is pozit\u00edv hat\u00e1ssal voltak. Halhattunk t\u0151l\u00fck t\u00f6bbek k\u00f6z\u00f6tt a zar\u00e1ndoklat t\u00f6rt\u00e9net\u00e9r\u0151l, Franciaorsz\u00e1g t\u00f6rt\u00e9nelm\u00e9r\u0151l, k\u00fcl\u00f6nb\u00f6z\u0151 francia szentek \u00e9let\u00e9r\u0151l, a g\u00f3tik\u00e1r\u00f3l&#8230;<\/p>\n<p>Mivel mindenr\u0151l nem lehet besz\u00e1molni, egy p\u00e1r \u00e9lm\u00e9nyt \u00e9s \u00e9rdekess\u00e9get szeretn\u00e9k megosztani.<\/p>\n<p>A zar\u00e1ndoklatot minden vall\u00e1sban megtal\u00e1lhatjuk. Az muszlimnak Mekka, a hinduknak Gangesz, a kereszt\u00e9nyeknek Jeruzs\u00e1lem zar\u00e1ndok\u00fatjuk c\u00e9lja. A l\u00e9nyege az, hogy egy kegyhelyet vagy szenthelyet felkeress\u00fcnk. Egy fontos r\u00e9sze, hogy kimozdulunk a megszokott h\u00e9tk\u00f6znapjainkb\u00f3l, nem csak testileg hanem lelkileg is. Ilyenkor l\u00e9tfontoss\u00e1g\u00fa az is, hogy elcsendes\u00fcl\u00fcnk, magunkba sz\u00e1llunk, Istennel besz\u00e9lget\u00fcnk, nek\u00fcnk katolikusoknak pedig az is, hogy elv\u00e9gezz\u00fck a szentgy\u00f3n\u00e1sunkat.<\/p>\n<p>A zar\u00e1ndoklat gyakorl\u00e1sa az id\u0151k sor\u00e1n sokat v\u00e1ltozott. Kezdetben p\u00e9ld\u00e1ul nem voltak b\u00f6rt\u00f6n\u00f6k, \u00edgy a \u201cb\u0171n\u00f6st\u201d elk\u00fcldt\u00e9k zar\u00e1ndok\u00fatra. A \u201cneh\u00e9z \u00fat\u201d ut\u00e1n megv\u00e1ltozva, jobbnak t\u00e9rt vissza. Persze a legt\u00f6bb zar\u00e1ndokot az er\u0151s hit vezette, a megv\u00e1lt\u00e1s elnyer\u00e9s\u00e9hez vezet\u0151 \u00fat.<\/p>\n<p>Az els\u0151 kereszt\u00e9nyek el\u0151sz\u00f6r J\u00e9zus s\u00edrj\u00e1t kerest\u00e9k fel \u00e9s azokat a helyeket ahol \u0150 j\u00e1rt. K\u00e9s\u0151bb pedig a szentek sz\u00fcl\u0151- vagy m\u00e1rt\u00edrv\u00e1ros\u00e1ban j\u00f6ttek l\u00e9tre kegyhelyek vagy zar\u00e1ndokhelyek.<\/p>\n<p>A k\u00f6z\u00e9pkorban k\u00fcl\u00f6nb\u00f6z\u0151 tiszteleti szok\u00e1sok alakulnak ki, mind p\u00e9ld\u00e1ul M\u00e1ria tisztelete, harcos kereszt\u00e9ny szentek tisztelete \u00e9s b\u00facs\u00fahelyei (Santiago de Compostella), az Olt\u00e1riszents\u00e9g csod\u00e1i \u00e9s b\u00facs\u00fahelyei (\u00darnapja \u2013 Lancianoi eucharisztiai csoda).<\/p>\n<p>A reform\u00e1ci\u00f3 kor\u00e1ban a b\u00facs\u00faj\u00e1r\u00e1s sok helyen megsz\u0171nik, sajnos sok k\u00f6z\u00e9pkori kegyk\u00e9p, szobor, ereklye pusztul el. A reform\u00e1ci\u00f3nak Franciaorsz\u00e1gban nincs nagy sikere, k\u00f6vet\u0151it vagy elzavart\u00e1k vagy pedig kitelep\u00edtett\u00e9k.<\/p>\n<p>A barokk korban kezd \u00fajra kiteljesedni a zar\u00e1ndoklat, ebben az id\u0151szakban alakulnak meg a kegyhelyek, t\u00f6bbs\u00e9g\u00e9ben a M\u00e1ria tisztelet jegy\u00e9ben.<\/p>\n<p>A 20-ik sz\u00e1zadban \u00fajra kezd kivir\u00e1gozni a zar\u00e1ndoklat, \u00faj \u00e9rtelmet kap. A mai nap pedig eg\u00e9szen m\u00e1s a b\u00facs\u00faj\u00e1r\u00e1s gyakorlata. A t\u00e1rsadalom fejl\u0151d\u00e9s\u00e9vel, a modern kor elhozta a k\u00f6zleked\u00e9si viszonyok v\u00e1ltoz\u00e1s\u00e1t. R\u00f6videbb id\u0151 alatt, hosszabb t\u00e1vols\u00e1got tudunk megtenni.\u00a0 A c\u00e9lunk ugyanaz kell maradjon: h\u00e1l\u00e1nkat, neh\u00e9zs\u00e9geinket a J\u00f3istennek felaj\u00e1nlani \u00e9s ez\u00fattal vele tal\u00e1lkozni.<\/p>\n<p>Utunk sor\u00e1n francia orsz\u00e1g legh\u00edresebb g\u00f3tikus templomait l\u00e1togattuk meg. De mi is a g\u00f3tika? Mi\u00e9rt j\u00f6tt l\u00e9tre? Mik a saj\u00e1toss\u00e1gai?<\/p>\n<p>A g\u00f3tika Franciaorsz\u00e1gban fejl\u0151dik ki, a 12-sz\u00e1zadban, innen terjed el eg\u00e9sz Eur\u00f3p\u00e1ban. A k\u00f6z\u00e9pkorban az \u00e1tlagember felfedezi az \u00f6r\u00f6met \u00e9s, hogy nem csak szomor\u00fas\u00e1gban lehet \u00e9lni. Az \u00e9let \u00f6r\u00f6m \u00e9s Istent\u0151l van. A sz\u00ednek megjelen\u00e9s\u00e9vel, a g\u00f3tikus szobrokon az \u00e9rzelmet, az \u00e9let \u00f6r\u00f6m\u00e9t lehet megfigyelni. \u00a0Az \u00faj st\u00edlus az \u00e9p\u00edt\u00e9szetben a vall\u00e1soss\u00e1g fejl\u0151d\u00e9s\u00e9t, fel\u00e9bred\u00e9s\u00e9t szeretn\u00e9 \u00e9rz\u00e9keltetni.<\/p>\n<p>Egy jelent\u0151s \u00faj\u00edt\u00e1s a nagym\u00e9ret\u0171 \u00e9s sz\u00ednes ablakok behozatala a templomba. Ez a f\u00e9ny teol\u00f3gi\u00e1j\u00e1t t\u00fckr\u00f6zi, amit a Jelen\u00e9sek K\u00f6nyv\u00e9ben tal\u00e1lhatunk meg. A sz\u00ednes ablakokon kereszt\u00fcl csod\u00e1latos f\u00e9ny sz\u00fcremlik be, \u00e9s ez az a pillanat amikor az ember \u00fagy \u00e9rzi mag\u00e1t mintha mennyorsz\u00e1gban lenne.<\/p>\n<p>A r\u00f3zsaablakok a g\u00f3tikus \u00e9p\u00edt\u00e9szet egyik jelk\u00e9pe, gyakran a templom\/sz\u00e9kesegyh\u00e1z nyugati r\u00e9sz\u00e9n l\u00e1that\u00f3.<\/p>\n<p>Minden id\u0151szaknak meg van a maga saj\u00e1tos zenei st\u00edlusa. Minden zen\u00e9ben egy r\u00e9szt a tisztelet, szeretet van benne, m\u00e1s r\u00e9szt pedig a f\u00e9lelem Isten ir\u00e1nt. A zene \u00e1ltal is meglehet sz\u00f3l\u00edtani az embert. Ebben az id\u0151szakban tal\u00e1lj\u00e1k fel az orgon\u00e1t \u00e9s viszik be a templomokba.<\/p>\n<p>A g\u00f3tikus templomok fel\u00e9p\u00edt\u00e9se r\u00e9szben \u00fagy volt lehets\u00e9ges, hogy aki a templom el\u0151tt \u00e1rult, az a templom r\u00e9sz\u00e9re ad\u00f3t kellett fizessen.<\/p>\n<p>Imre atya tan\u00e1cs\u00e1t megfogadva, megpr\u00f3b\u00e1ltam minden templomr\u00f3l legal\u00e1bb egy k\u00fcl\u00f6nlegess\u00e9get megjegyezni, \u00edgy k\u00f6nnyebben lehet a rengeteg \u00e9lm\u00e9nyt \u00e9s k\u00e9peket besorolni.<\/p>\n<p><strong>Reims-i katedr\u00e1lis<\/strong> az egyik legfontosabb g\u00f3tikus templom \u00e9s az Unesco Vil\u00e1g\u00f6r\u00f6ks\u00e9g list\u00e1j\u00e1n is szerepel. Egy leny\u0171g\u00f6z\u0151, hatalmas katedr\u00e1lis. Az idegenvezet\u0151 befoly\u00e1s\u00e1ra itt tetszettek meg Chagall festm\u00e9nyei, a le\u00edrhatatlan k\u00e9k sz\u00edn\u0171 csod\u00e1latos m\u0171vek. \u00c9rdekesek, egyediek, nem a \u201cmegszokott\u201d templomi festm\u00e9nyek, \u00e9s ez ami megtetszett.<\/p>\n<p>Reims fontos szerepet j\u00e1tszott Franciaorsz\u00e1g t\u00f6rt\u00e9nelm\u00e9ben is, mivel \u00a0itt koron\u00e1zt\u00e1k meg a francia kir\u00e1lyokat.<\/p>\n<p>Itt hallhattuk a pezsg\u0151 feltal\u00e1l\u00e1s\u00e1r\u00f3l sz\u00f3l\u00f3 legend\u00e1t is: a germ\u00e1nok mikor bet\u00f6rtek \u00e9s el akart\u00e1k foglalni a v\u00e1rost, egy Benedek-rendi ap\u00e1t, tr\u00e1gya dombba rejtette el a bort. Miut\u00e1n egy id\u0151 ut\u00e1n ki\u00e1st\u00e1k egy eg\u00e9szen m\u00e1s italra tal\u00e1ltak. \u00c9s ez lett a h\u00edres pezsg\u0151.<\/p>\n<p style=\"text-align: center;\"><a href=\"https:\/\/stuttgarti-katolikusok.de\/wp-content\/uploads\/2016\/07\/aniko2.jpg\"><img loading=\"lazy\" decoding=\"async\" class=\"alignnone wp-image-9576 size-medium\" src=\"https:\/\/stuttgarti-katolikusok.de\/wp-content\/uploads\/2016\/07\/aniko2-300x200.jpg\" width=\"300\" height=\"200\" srcset=\"https:\/\/stuttgarti-katolikusok.de\/wp-content\/uploads\/2016\/07\/aniko2-300x200.jpg 300w, https:\/\/stuttgarti-katolikusok.de\/wp-content\/uploads\/2016\/07\/aniko2-420x280.jpg 420w, https:\/\/stuttgarti-katolikusok.de\/wp-content\/uploads\/2016\/07\/aniko2-690x460.jpg 690w, https:\/\/stuttgarti-katolikusok.de\/wp-content\/uploads\/2016\/07\/aniko2.jpg 800w\" sizes=\"auto, (max-width: 300px) 100vw, 300px\" \/><\/a><\/p>\n<p><strong>Amiens-i<\/strong> katedr\u00e1lisban \u0151rzik Keresztel\u0151 Szent J\u00e1nos lev\u00e1gott fej\u00e9t. A 13-ik sz\u00e1zadban \u00e9p\u00fclt legmagasabb g\u00f3tikus templom a Vil\u00e1g\u00f6r\u00f6ks\u00e9g r\u00e9sze. Az asztrol\u00f3giai \u00f3ra egy \u00e9p\u00edt\u00e9szeti remekm\u0171, ha szabad \u00edgy fogalmaznom. Az \u00f3ra az utols\u00f3 \u00edt\u00e9letet \u00e1br\u00e1zolja.<\/p>\n<p>Egy m\u00e1sik csod\u00e1latos l\u00e1tv\u00e1ny ebben a katedr\u00e1lisban az orgona, 1429-ben \u00e9p\u00fclt, t\u00f6bbsz\u00f6r \u00e1t\u00e9p\u00edtett\u00e9k \u00e9s renov\u00e1lt\u00e1k.<\/p>\n<p style=\"text-align: center;\"><a href=\"https:\/\/stuttgarti-katolikusok.de\/wp-content\/uploads\/2016\/07\/aniko3.jpg\"><img loading=\"lazy\" decoding=\"async\" class=\"alignnone wp-image-9577 size-medium\" src=\"https:\/\/stuttgarti-katolikusok.de\/wp-content\/uploads\/2016\/07\/aniko3-300x200.jpg\" width=\"300\" height=\"200\" srcset=\"https:\/\/stuttgarti-katolikusok.de\/wp-content\/uploads\/2016\/07\/aniko3-300x200.jpg 300w, https:\/\/stuttgarti-katolikusok.de\/wp-content\/uploads\/2016\/07\/aniko3-420x280.jpg 420w, https:\/\/stuttgarti-katolikusok.de\/wp-content\/uploads\/2016\/07\/aniko3-690x460.jpg 690w, https:\/\/stuttgarti-katolikusok.de\/wp-content\/uploads\/2016\/07\/aniko3.jpg 800w\" sizes=\"auto, (max-width: 300px) 100vw, 300px\" \/><\/a><\/p>\n<p><strong>Beauvais<\/strong> a legmagasabb bels\u0151 ter\u0171 katedr\u00e1lis. Az az \u00e9rdekess\u00e9ge, hogy soha sem fejezt\u00e9k be, de \u00edgy is egy remekm\u0171.\u00a0 Hatalmas ablakok d\u00edsz\u00edtik , vil\u00e1gos\u00edtj\u00e1k a templomot. Az asztrol\u00f3giai \u00f3ra a m\u00falt sz\u00e1zadban k\u00e9sz\u00fclt a strasbourgi \u00f3ra mint\u00e1j\u00e1ra.<\/p>\n<p style=\"text-align: center;\"><a href=\"https:\/\/stuttgarti-katolikusok.de\/wp-content\/uploads\/2016\/07\/aniko4.jpg\"><img loading=\"lazy\" decoding=\"async\" class=\"alignnone wp-image-9578 size-medium\" src=\"https:\/\/stuttgarti-katolikusok.de\/wp-content\/uploads\/2016\/07\/aniko4-200x300.jpg\" width=\"200\" height=\"300\" srcset=\"https:\/\/stuttgarti-katolikusok.de\/wp-content\/uploads\/2016\/07\/aniko4-200x300.jpg 200w, https:\/\/stuttgarti-katolikusok.de\/wp-content\/uploads\/2016\/07\/aniko4.jpg 533w\" sizes=\"auto, (max-width: 200px) 100vw, 200px\" \/><\/a><\/p>\n<p><strong>Roueni<\/strong> katedr\u00e1lisban l\u00e1that\u00f3 Oroszl\u00e1nsz\u00edv\u0171 Richardnak a s\u00edrja. Mivel test\u00e9t el\u00e9gett\u00e9k, f\u00f6ldi maradv\u00e1nyaib\u00f3l csak a sz\u00edv\u00e9t \u0151rzi a s\u00edr.<\/p>\n<p>Az \u201cOrleansi sz\u0171z\u201d vagy Szent Johanna itt lett m\u00e1gly\u00e1n el\u00e9getve, Franciaorsz\u00e1g egyik szentje.<\/p>\n<p style=\"text-align: center;\"><a href=\"https:\/\/stuttgarti-katolikusok.de\/wp-content\/uploads\/2016\/07\/aniko5.jpg\"><img loading=\"lazy\" decoding=\"async\" class=\"alignnone wp-image-9579 size-medium\" src=\"https:\/\/stuttgarti-katolikusok.de\/wp-content\/uploads\/2016\/07\/aniko5-300x200.jpg\" width=\"300\" height=\"200\" srcset=\"https:\/\/stuttgarti-katolikusok.de\/wp-content\/uploads\/2016\/07\/aniko5-300x200.jpg 300w, https:\/\/stuttgarti-katolikusok.de\/wp-content\/uploads\/2016\/07\/aniko5-420x280.jpg 420w, https:\/\/stuttgarti-katolikusok.de\/wp-content\/uploads\/2016\/07\/aniko5-690x460.jpg 690w, https:\/\/stuttgarti-katolikusok.de\/wp-content\/uploads\/2016\/07\/aniko5.jpg 800w\" sizes=\"auto, (max-width: 300px) 100vw, 300px\" \/><\/a><\/p>\n<p><strong>Lisieuxi <\/strong>katedr\u00e1lis \u2013 egy nagyon kedves \u00e9s lelkes idegenvezet\u0151 bemutatta nek\u00fcnk a katedr\u00e1list \u00e9s besz\u00e9lt Lisieuxi kis Szent Ter\u00e9zr\u0151l. Szent Ter\u00e9z nagyon fiatal kor\u00e1ban \u00e9s k\u00fcl\u00f6nleges j\u00f3v\u00e1hagy\u00e1ssal bel\u00e9pett a K\u00e1rmelita rendbe. \u0150 a mai modern kor egyik szentje. \u00dczenete az embereknek, hogy a saj\u00e1t tehets\u00e9geinket, k\u00e9pess\u00e9geinket haszn\u00e1ljuk fel arra, hogy Isten szeretet\u00e9t megismerj\u00fck \u00e9s tov\u00e1bbadjuk. A kicsi dolgokban tal\u00e1lhatjuk meg legt\u00f6bbsz\u00f6r a \u201enagyot\u201c. B\u00edzok Istenben az annyit jelent, hogy \u0150r\u00e1 hagyatkozom \u00e9s hagyom, hogy megaj\u00e1nd\u00e9kozzon szeretet\u00e9vel.<\/p>\n<p style=\"text-align: center;\"><a href=\"https:\/\/stuttgarti-katolikusok.de\/wp-content\/uploads\/2016\/07\/aniko6.jpg\"><img loading=\"lazy\" decoding=\"async\" class=\"alignnone wp-image-9580 size-medium\" src=\"https:\/\/stuttgarti-katolikusok.de\/wp-content\/uploads\/2016\/07\/aniko6-300x200.jpg\" width=\"300\" height=\"200\" \/><\/a><\/p>\n<p><strong>Mont St Michel <\/strong>a sziget \u00e9s a rajta l\u00e9v\u0151 benc\u00e9s kolostor is, az Unesco Vil\u00e1g\u00f6r\u00f6ks\u00e9g r\u00e9sze. Egyik jellegzetess\u00e9ge, hogy r\u00e9gebb \u00a0a szigetet sz\u00e1raz l\u00e1bbal lehetett \u00a0megk\u00f6zel\u00edteni ap\u00e1lykor, dag\u00e1lykor pedig \u00fajra szigett\u00e9 v\u00e1lt. \u00c9ppen ez\u00e9rt a kolostornak ad egy misztikus, rejtelmes hangulatot.<\/p>\n<p>Az ap\u00e1ts\u00e1g egy \u00e9p\u00edt\u00e9szeti csoda \u00e9s \u00e9rdekess\u00e9g egyar\u00e1nt: anarchikusan volt \u00e9p\u00edtve. A f\u00f6ldszint a testnek t\u00e1pl\u00e1l\u00e9k, teh\u00e1t itt volt a kamra. Felette a szellem t\u00e1pl\u00e1l\u00e9ka vagyis a k\u00f6nyvt\u00e1r. \u00a0Legfel\u00fcl \u00e9s mindenek felett pedig a l\u00e9lek t\u00e1pl\u00e1l\u00e9k\u00e1nak val\u00f3 helys\u00e9g, a templom.<\/p>\n<p style=\"text-align: center;\"><a href=\"https:\/\/stuttgarti-katolikusok.de\/wp-content\/uploads\/2016\/07\/aniko7.jpg\"><img loading=\"lazy\" decoding=\"async\" class=\"alignnone wp-image-9581 size-medium\" src=\"https:\/\/stuttgarti-katolikusok.de\/wp-content\/uploads\/2016\/07\/aniko7-300x200.jpg\" width=\"300\" height=\"200\" \/><\/a><\/p>\n<p><strong>Chartres <\/strong>a francia g\u00f3tika egyik kiemelked\u0151 alkot\u00e1sa ami majdnem teljes eg\u00e9sz\u00e9ben eredeti \u00e1llapot\u00e1ban maradt meg. <strong>\u00a0<\/strong><\/p>\n<p>Itt tal\u00e1lhat\u00f3 a vil\u00e1g legnagyobb templomlabirintusa, 1205-b\u0151l. A szerzetesek \u00e9s a zar\u00e1ndokok elm\u00e9lked\u00e9sre haszn\u00e1lt\u00e1k, m\u00edg v\u00e9gig s\u00e9t\u00e1ltak rajta.<\/p>\n<p style=\"text-align: center;\"><a href=\"https:\/\/stuttgarti-katolikusok.de\/wp-content\/uploads\/2016\/07\/aniko8.jpg\"><img loading=\"lazy\" decoding=\"async\" class=\"alignnone wp-image-9582 size-medium\" src=\"https:\/\/stuttgarti-katolikusok.de\/wp-content\/uploads\/2016\/07\/aniko8-300x200.jpg\" width=\"300\" height=\"200\" \/><\/a><\/p>\n<p><strong>P\u00e1rizs<\/strong> egyesek szerint a vil\u00e1g legszebb \u00e9s legromantikusabb v\u00e1rosa. Sajnos az ut\u00f3bbi id\u0151ben Franciaorsz\u00e1gban elk\u00f6vetett mer\u00e9nyletek befoly\u00e1solj\u00e1k az ottani \u00e9letet, a minden napot \u00e9s a k\u00f6zhangulatot. Mindennek ellen\u00e9re k\u00e9t sz\u00e9p \u00e9rdekes napot t\u00f6lthett\u00fcnk itt \u00e9s P\u00e1rizs legszebb templomaiban gy\u00f6ny\u00f6rk\u00f6dhet\u00fcnk, im\u00e1dkozhatunk.<\/p>\n<p>Eiffel Torony \u2013 az 1889-es Vil\u00e1gki\u00e1ll\u00edt\u00e1sra k\u00e9sz\u00fclt, akkoriban ez volt a vil\u00e1g legmagasabb \u00e9p\u00fclete. Az eredeti tervek szerint, a ki\u00e1ll\u00edt\u00e1s ut\u00e1n le kellett volna bontani. Sz\u00e1mos p\u00e1rizsi m\u0171v\u00e9sz, polg\u00e1r ellenezte a torony fel\u00e9p\u00edt\u00e9s\u00e9t, mert \u00fagy tartott\u00e1k, hogy elnyomja \u00e9s\u00a0 elrontja a v\u00e1rosk\u00e9pet. Mindennek ellen\u00e9re meg\u00e9p\u00fclt \u00e9s P\u00e1rizs egyik szimb\u00f3luma, l\u00e1tv\u00e1nyoss\u00e1ga lett.<\/p>\n<p>Szent D\u00e9nes sz\u00e9kesegyh\u00e1z a g\u00f3tikus templomok \u201canyuk\u00e1ja\u201d. Sok\u00e1ig ez volt a francia kir\u00e1lyok temetkez\u00e9si helye. Szent D\u00e9nes volt P\u00e1rizs els\u0151 p\u00fcsp\u00f6ke. A legenda szerint a lefejez\u00e9se ut\u00e1n felvette a saj\u00e1t fej\u00e9t \u00e9s a Montmartre dombr\u00f3l (ahol m\u00e1rt\u00edrhal\u00e1lt szenvedett) eg\u00e9szen a mai templomig gyalogolt, saj\u00e1t lev\u00e1gott fej\u00e9vel az \u00f6l\u00e9ben.<\/p>\n<p>Sacre Couer vagy a Szent Sz\u00edv-bazilika, P\u00e1rizs legmagasabb pontj\u00e1n \u00e9p\u00fclt, a Montmartre vagyis a M\u00e1rt\u00edrok hegy\u00e9n a h\u00e1bor\u00fakban elesett francia katon\u00e1k eml\u00e9k\u00e9re. \u00c9vente zar\u00e1ndokok ezrei keresik fel, a Notre Dame ut\u00e1n a m\u00e1sodik legl\u00e1togatottabb l\u00e1tv\u00e1nyoss\u00e1g.<\/p>\n<p style=\"text-align: center;\"><a href=\"https:\/\/stuttgarti-katolikusok.de\/wp-content\/uploads\/2016\/07\/aniko9.jpg\"><img loading=\"lazy\" decoding=\"async\" class=\"alignnone wp-image-9583 size-medium\" src=\"https:\/\/stuttgarti-katolikusok.de\/wp-content\/uploads\/2016\/07\/aniko9-300x200.jpg\" width=\"300\" height=\"200\" \/><\/a><\/p>\n<p>Notre Dame P\u00e1rizs legismertebb g\u00f3tikus st\u00edlus\u00fa temploma, \u00e9vsz\u00e1zadokon kereszt\u00fcl \u00e9p\u00fclt. Impoz\u00e1ns \u00e9p\u00fclet, h\u00e1rom gazdagon d\u00edsz\u00edtett ajt\u00f3, \u00e9s ne is besz\u00e9lj\u00fcnk a csod\u00e1latosan sz\u00ednes \u00e9s d\u00edszes ablakokr\u00f3l melyek ragyog\u00e1sa fogadja a l\u00e1togat\u00f3kat.<\/p>\n<p>&nbsp;<\/p>\n<p>A <strong>Metzi <\/strong>katedr\u00e1lisban \u00fajra tal\u00e1lkozhatunk Chagall fantasztikus, elb\u0171v\u00f6l\u0151, festett ablakaival. H\u00e1rom orgona tal\u00e1lhat\u00f3, az egyik renesz\u00e1nsz korban lett \u00e9p\u00edtve, 1537-ben (sajnos ennek a t\u00f6rt\u00e9nelmi orgon\u00e1nak m\u00e1r csak egyes alkatr\u00e9szeit lehet l\u00e1tni).<\/p>\n<p style=\"text-align: center;\"><a href=\"https:\/\/stuttgarti-katolikusok.de\/wp-content\/uploads\/2016\/07\/aniko10.jpg\"><img loading=\"lazy\" decoding=\"async\" class=\"alignnone wp-image-9584 size-medium\" src=\"https:\/\/stuttgarti-katolikusok.de\/wp-content\/uploads\/2016\/07\/aniko10-300x200.jpg\" width=\"300\" height=\"200\" \/><\/a><\/p>\n<p>A <strong>Strasbourgi<\/strong> katedr\u00e1lis \u00e9rdekess\u00e9ge, hogy csak egy tornya van, a tervben l\u00e9tezett m\u00e9g egy torony, a d\u00e9li, de soha nem lett fel\u00e9p\u00edtve. \u00a0Itt l\u00e1thatjuk a mai is m\u0171k\u00f6d\u0151 asztron\u00f3miai \u00f3r\u00e1t. Szerkezete a reform\u00e1ci\u00f3 idej\u00e9b\u0151l (1547) sz\u00e1rmazik. Sv\u00e1jci \u00f3r\u00e1sok k\u00e9sz\u00edtett\u00e9k. 1789-ben, a forradalom idej\u00e9n \u2013 st\u00edlszer\u0171en \u2013 meg\u00e1llt.\u00a0Jean-Baptiste Schwilgue\u00a0keltette \u00e9letre: kieg\u00e9sz\u00edtette egy kopernikuszi planet\u00e1riummal \u00e9s egy liturgikus napt\u00e1rral. Minden nap f\u00e9l egykor egy kis angyal csenget. A Hal\u00e1l\u00a0\u00fcti el az \u00f3r\u00e1t. El\u0151tte haladnak el \u2013 nem ugyanabban az id\u0151ben \u2013 az \u00e9letkorok allegorikus figur\u00e1i (aggasty\u00e1n, feln\u0151tt, ifj\u00fa \u00e9s gyermek). F\u00f6l\u00f6tt\u00fck az apostolok vonulnak el Krisztus el\u0151tt, aki meg\u00e1ldja \u0151ket. A kakas h\u00e1romszor kukor\u00e9kol, \u00e9s sz\u00e1rnycsap\u00e1s\u00e1val is eml\u00e9keztet a bibliai t\u00f6rt\u00e9netre.<\/p>\n<p style=\"text-align: center;\"><a href=\"https:\/\/stuttgarti-katolikusok.de\/wp-content\/uploads\/2016\/07\/aniko11.jpg\"><img loading=\"lazy\" decoding=\"async\" class=\"alignnone wp-image-9585 size-medium\" src=\"https:\/\/stuttgarti-katolikusok.de\/wp-content\/uploads\/2016\/07\/aniko11-300x200.jpg\" width=\"300\" height=\"200\" \/><\/a><\/p>\n<p>Rengeteg tud\u00e1ssal, lelki felt\u00f6lt\u0151d\u00e9ssel \u00e9rkeztem haza. Elhat\u00e1roz\u00e1som, mint minden zar\u00e1ndok t\u00e1rsam\u00e9, hogy pr\u00f3b\u00e1ljam a meg\u00edg\u00e9rt fogadalmakat meg\u00e9lni, kicsi dolgokkal ahogy Szent Ter\u00e9z is mondja, hitemet gyakorolni, m\u00e9g ha nem mindig k\u00f6nny\u0171 \u00e9s egyszer\u0171 is.<\/p>\n<p>Kis besz\u00e1mol\u00f3mat Kis Szent Ter\u00e9z gondolat\u00e1val z\u00e1rom: \u201cNem az az igazi tett, ha sokat adunk, hanem, ha nagyon szeret\u00fcnk\u201c.<\/p>\n<p>Benedek Annik\u00f3<\/p>\n<p>Stuttgart, 2016-07-06.<\/p>\n<p style=\"text-align: center;\"><a href=\"https:\/\/stuttgarti-katolikusok.de\/wp-content\/uploads\/2016\/07\/aniko12.jpg\"><img loading=\"lazy\" decoding=\"async\" class=\"alignnone wp-image-9574 size-medium\" src=\"https:\/\/stuttgarti-katolikusok.de\/wp-content\/uploads\/2016\/07\/aniko12-300x200.jpg\" width=\"300\" height=\"200\" srcset=\"https:\/\/stuttgarti-katolikusok.de\/wp-content\/uploads\/2016\/07\/aniko12-300x200.jpg 300w, https:\/\/stuttgarti-katolikusok.de\/wp-content\/uploads\/2016\/07\/aniko12-420x280.jpg 420w, https:\/\/stuttgarti-katolikusok.de\/wp-content\/uploads\/2016\/07\/aniko12-690x460.jpg 690w, https:\/\/stuttgarti-katolikusok.de\/wp-content\/uploads\/2016\/07\/aniko12.jpg 800w\" sizes=\"auto, (max-width: 300px) 100vw, 300px\" \/><\/a><\/p>\n<p>&nbsp;<\/p>\n<p>&nbsp;<\/p>\n<p>&nbsp;<\/p>\n<h1><\/h1>\n","protected":false},"excerpt":{"rendered":"<p>2016. m\u00e1jus 23 \u00e9s 30 k\u00f6z\u00f6tt a Stuttgarti Magyar Katolikus Egyh\u00e1zk\u00f6zs\u00e9g \u00fajra megszervezte hagyom\u00e1nyos \u00e9ves zar\u00e1ndok\u00fatj\u00e1t. A helyek nagyon hamar beteltek, emiatt a szervez\u0151knek nem volt mi\u00e9rt agg\u00f3dniuk. Zar\u00e1ndoklatunkra mindannyiunk k\u00fcl\u00f6nb\u00f6z\u0151k\u00e9ppen k\u00e9sz\u00fclt fel, nekem az egyik ilyen pillanat az volt amikor kigondoltam a gyerty\u00e1kra a mint\u00e1t \u00e9s azut\u00e1n pedig teljes odaad\u00e1ssal ki is d\u00edsz\u00edtettem. Egy r\u00f6vid bemutatkoz\u00e1s ut\u00e1n kider\u00fclt, hogy mindannyiunk c\u00e9lja: lelkileg felt\u00f6lt\u0151dni, \u00faj bar\u00e1ts\u00e1gokat kialak\u00edtani \u00e9s a r\u00e9gieket fel\u00faj\u00edtani, mindezeket t\u00f6bbek k\u00f6zt k\u00f6z\u00f6s im\u00e1k \u00e9s \u00e9nekek \u00e1ltal, \u00e9s persze \u00faj dolgokat felfedezni \u00e9s ez\u00e1ltal tud\u00e1sunkat gyarap\u00edtani. Imre atya \u00e9s Tibor atya zar\u00e1ndokutunk sor\u00e1n nem csak lelkileg t\u00e1mogattak, hanem tud\u00e1sunkra is pozit\u00edv hat\u00e1ssal voltak. Halhattunk t\u0151l\u00fck t\u00f6bbek k\u00f6z\u00f6tt a zar\u00e1ndoklat t\u00f6rt\u00e9net\u00e9r\u0151l, Franciaorsz\u00e1g t\u00f6rt\u00e9nelm\u00e9r\u0151l, k\u00fcl\u00f6nb\u00f6z\u0151 francia szentek \u00e9let\u00e9r\u0151l, a g\u00f3tik\u00e1r\u00f3l&#8230; Mivel mindenr\u0151l nem lehet besz\u00e1molni, egy p\u00e1r \u00e9lm\u00e9nyt \u00e9s \u00e9rdekess\u00e9get szeretn\u00e9k megosztani. A zar\u00e1ndoklatot minden vall\u00e1sban megtal\u00e1lhatjuk. Az muszlimnak Mekka, a hinduknak Gangesz, a kereszt\u00e9nyeknek Jeruzs\u00e1lem zar\u00e1ndok\u00fatjuk c\u00e9lja. A l\u00e9nyege az, hogy egy kegyhelyet vagy szenthelyet felkeress\u00fcnk. Egy fontos r\u00e9sze, hogy kimozdulunk a megszokott h\u00e9tk\u00f6znapjainkb\u00f3l, nem csak testileg hanem lelkileg is. Ilyenkor l\u00e9tfontoss\u00e1g\u00fa az is, hogy elcsendes\u00fcl\u00fcnk, magunkba sz\u00e1llunk, Istennel besz\u00e9lget\u00fcnk, nek\u00fcnk katolikusoknak pedig az is, hogy elv\u00e9gezz\u00fck a szentgy\u00f3n\u00e1sunkat. A zar\u00e1ndoklat gyakorl\u00e1sa az id\u0151k sor\u00e1n sokat v\u00e1ltozott. Kezdetben p\u00e9ld\u00e1ul nem voltak b\u00f6rt\u00f6n\u00f6k, \u00edgy a \u201cb\u0171n\u00f6st\u201d elk\u00fcldt\u00e9k zar\u00e1ndok\u00fatra. A \u201cneh\u00e9z \u00fat\u201d ut\u00e1n megv\u00e1ltozva, jobbnak t\u00e9rt vissza. Persze a legt\u00f6bb zar\u00e1ndokot az er\u0151s hit vezette, a megv\u00e1lt\u00e1s elnyer\u00e9s\u00e9hez vezet\u0151 \u00fat. Az els\u0151 kereszt\u00e9nyek el\u0151sz\u00f6r J\u00e9zus s\u00edrj\u00e1t kerest\u00e9k fel \u00e9s azokat a helyeket ahol \u0150 j\u00e1rt. K\u00e9s\u0151bb pedig a szentek sz\u00fcl\u0151- vagy m\u00e1rt\u00edrv\u00e1ros\u00e1ban j\u00f6ttek l\u00e9tre kegyhelyek vagy zar\u00e1ndokhelyek. A k\u00f6z\u00e9pkorban k\u00fcl\u00f6nb\u00f6z\u0151 tiszteleti szok\u00e1sok alakulnak ki, mind p\u00e9ld\u00e1ul M\u00e1ria tisztelete, harcos kereszt\u00e9ny szentek tisztelete \u00e9s b\u00facs\u00fahelyei (Santiago de Compostella), az Olt\u00e1riszents\u00e9g csod\u00e1i \u00e9s b\u00facs\u00fahelyei (\u00darnapja \u2013 Lancianoi eucharisztiai csoda). A reform\u00e1ci\u00f3 kor\u00e1ban a b\u00facs\u00faj\u00e1r\u00e1s sok helyen megsz\u0171nik, sajnos sok k\u00f6z\u00e9pkori kegyk\u00e9p, szobor, ereklye&#8230; <\/p>\n<p><a class=\"readmore\" href=\"https:\/\/stuttgarti-katolikusok.de\/index.php\/zarandokut-franciaorszagban-kobe-vesett-szuz-mariak\/\">R\u00e9szletek<\/a><\/p>\n","protected":false},"author":3,"featured_media":9574,"comment_status":"closed","ping_status":"closed","sticky":false,"template":"","format":"standard","meta":{"footnotes":""},"categories":[28,1,46],"tags":[],"class_list":["post-9573","post","type-post","status-publish","format-standard","has-post-thumbnail","hentry","category-olvasoink-irjak","category-valogatott","category-zarandoklat"],"yoast_head":"<!-- This site is optimized with the Yoast SEO plugin v27.3 - https:\/\/yoast.com\/product\/yoast-seo-wordpress\/ -->\n<title>Zar\u00e1ndok\u00fat Franciaorsz\u00e1gban: \u201e K\u0151be v\u00e9sett Sz\u0171z M\u00e1ri\u00e1k\u201c - Stuttgarti Katolikusok<\/title>\n<meta name=\"robots\" content=\"index, follow, max-snippet:-1, max-image-preview:large, max-video-preview:-1\" \/>\n<link rel=\"canonical\" href=\"https:\/\/stuttgarti-katolikusok.de\/index.php\/zarandokut-franciaorszagban-kobe-vesett-szuz-mariak\/\" \/>\n<meta property=\"og:locale\" content=\"hu_HU\" \/>\n<meta property=\"og:type\" content=\"article\" \/>\n<meta property=\"og:title\" content=\"Zar\u00e1ndok\u00fat Franciaorsz\u00e1gban: \u201e K\u0151be v\u00e9sett Sz\u0171z M\u00e1ri\u00e1k\u201c - Stuttgarti Katolikusok\" \/>\n<meta property=\"og:description\" content=\"2016. m\u00e1jus 23 \u00e9s 30 k\u00f6z\u00f6tt a Stuttgarti Magyar Katolikus Egyh\u00e1zk\u00f6zs\u00e9g \u00fajra megszervezte hagyom\u00e1nyos \u00e9ves zar\u00e1ndok\u00fatj\u00e1t. A helyek nagyon hamar beteltek, emiatt a szervez\u0151knek nem volt mi\u00e9rt agg\u00f3dniuk. Zar\u00e1ndoklatunkra mindannyiunk k\u00fcl\u00f6nb\u00f6z\u0151k\u00e9ppen k\u00e9sz\u00fclt fel, nekem az egyik ilyen pillanat az volt amikor kigondoltam a gyerty\u00e1kra a mint\u00e1t \u00e9s azut\u00e1n pedig teljes odaad\u00e1ssal ki is d\u00edsz\u00edtettem. Egy r\u00f6vid bemutatkoz\u00e1s ut\u00e1n kider\u00fclt, hogy mindannyiunk c\u00e9lja: lelkileg felt\u00f6lt\u0151dni, \u00faj bar\u00e1ts\u00e1gokat kialak\u00edtani \u00e9s a r\u00e9gieket fel\u00faj\u00edtani, mindezeket t\u00f6bbek k\u00f6zt k\u00f6z\u00f6s im\u00e1k \u00e9s \u00e9nekek \u00e1ltal, \u00e9s persze \u00faj dolgokat felfedezni \u00e9s ez\u00e1ltal tud\u00e1sunkat gyarap\u00edtani. Imre atya \u00e9s Tibor atya zar\u00e1ndokutunk sor\u00e1n nem csak lelkileg t\u00e1mogattak, hanem tud\u00e1sunkra is pozit\u00edv hat\u00e1ssal voltak. Halhattunk t\u0151l\u00fck t\u00f6bbek k\u00f6z\u00f6tt a zar\u00e1ndoklat t\u00f6rt\u00e9net\u00e9r\u0151l, Franciaorsz\u00e1g t\u00f6rt\u00e9nelm\u00e9r\u0151l, k\u00fcl\u00f6nb\u00f6z\u0151 francia szentek \u00e9let\u00e9r\u0151l, a g\u00f3tik\u00e1r\u00f3l&#8230; Mivel mindenr\u0151l nem lehet besz\u00e1molni, egy p\u00e1r \u00e9lm\u00e9nyt \u00e9s \u00e9rdekess\u00e9get szeretn\u00e9k megosztani. A zar\u00e1ndoklatot minden vall\u00e1sban megtal\u00e1lhatjuk. Az muszlimnak Mekka, a hinduknak Gangesz, a kereszt\u00e9nyeknek Jeruzs\u00e1lem zar\u00e1ndok\u00fatjuk c\u00e9lja. A l\u00e9nyege az, hogy egy kegyhelyet vagy szenthelyet felkeress\u00fcnk. Egy fontos r\u00e9sze, hogy kimozdulunk a megszokott h\u00e9tk\u00f6znapjainkb\u00f3l, nem csak testileg hanem lelkileg is. Ilyenkor l\u00e9tfontoss\u00e1g\u00fa az is, hogy elcsendes\u00fcl\u00fcnk, magunkba sz\u00e1llunk, Istennel besz\u00e9lget\u00fcnk, nek\u00fcnk katolikusoknak pedig az is, hogy elv\u00e9gezz\u00fck a szentgy\u00f3n\u00e1sunkat. A zar\u00e1ndoklat gyakorl\u00e1sa az id\u0151k sor\u00e1n sokat v\u00e1ltozott. Kezdetben p\u00e9ld\u00e1ul nem voltak b\u00f6rt\u00f6n\u00f6k, \u00edgy a \u201cb\u0171n\u00f6st\u201d elk\u00fcldt\u00e9k zar\u00e1ndok\u00fatra. A \u201cneh\u00e9z \u00fat\u201d ut\u00e1n megv\u00e1ltozva, jobbnak t\u00e9rt vissza. Persze a legt\u00f6bb zar\u00e1ndokot az er\u0151s hit vezette, a megv\u00e1lt\u00e1s elnyer\u00e9s\u00e9hez vezet\u0151 \u00fat. Az els\u0151 kereszt\u00e9nyek el\u0151sz\u00f6r J\u00e9zus s\u00edrj\u00e1t kerest\u00e9k fel \u00e9s azokat a helyeket ahol \u0150 j\u00e1rt. K\u00e9s\u0151bb pedig a szentek sz\u00fcl\u0151- vagy m\u00e1rt\u00edrv\u00e1ros\u00e1ban j\u00f6ttek l\u00e9tre kegyhelyek vagy zar\u00e1ndokhelyek. A k\u00f6z\u00e9pkorban k\u00fcl\u00f6nb\u00f6z\u0151 tiszteleti szok\u00e1sok alakulnak ki, mind p\u00e9ld\u00e1ul M\u00e1ria tisztelete, harcos kereszt\u00e9ny szentek tisztelete \u00e9s b\u00facs\u00fahelyei (Santiago de Compostella), az Olt\u00e1riszents\u00e9g csod\u00e1i \u00e9s b\u00facs\u00fahelyei (\u00darnapja \u2013 Lancianoi eucharisztiai csoda). A reform\u00e1ci\u00f3 kor\u00e1ban a b\u00facs\u00faj\u00e1r\u00e1s sok helyen megsz\u0171nik, sajnos sok k\u00f6z\u00e9pkori kegyk\u00e9p, szobor, ereklye... R\u00e9szletek\" \/>\n<meta property=\"og:url\" content=\"https:\/\/stuttgarti-katolikusok.de\/index.php\/zarandokut-franciaorszagban-kobe-vesett-szuz-mariak\/\" \/>\n<meta property=\"og:site_name\" content=\"Stuttgarti Katolikusok\" \/>\n<meta property=\"article:published_time\" content=\"2016-07-06T23:07:37+00:00\" \/>\n<meta property=\"article:modified_time\" content=\"2016-07-07T11:19:07+00:00\" \/>\n<meta property=\"og:image\" content=\"https:\/\/stuttgarti-katolikusok.de\/wp-content\/uploads\/2016\/07\/aniko12.jpg\" \/>\n\t<meta property=\"og:image:width\" content=\"800\" \/>\n\t<meta property=\"og:image:height\" content=\"533\" \/>\n\t<meta property=\"og:image:type\" content=\"image\/jpeg\" \/>\n<meta name=\"author\" content=\"Tibor atya\" \/>\n<meta name=\"twitter:card\" content=\"summary_large_image\" \/>\n<meta name=\"twitter:label1\" content=\"Szerz\u0151:\" \/>\n\t<meta name=\"twitter:data1\" content=\"Tibor atya\" \/>\n\t<meta name=\"twitter:label2\" content=\"Becs\u00fclt olvas\u00e1si id\u0151\" \/>\n\t<meta name=\"twitter:data2\" content=\"11 perc\" \/>\n<script type=\"application\/ld+json\" class=\"yoast-schema-graph\">{\"@context\":\"https:\\\/\\\/schema.org\",\"@graph\":[{\"@type\":\"Article\",\"@id\":\"https:\\\/\\\/stuttgarti-katolikusok.de\\\/index.php\\\/zarandokut-franciaorszagban-kobe-vesett-szuz-mariak\\\/#article\",\"isPartOf\":{\"@id\":\"https:\\\/\\\/stuttgarti-katolikusok.de\\\/index.php\\\/zarandokut-franciaorszagban-kobe-vesett-szuz-mariak\\\/\"},\"author\":{\"name\":\"Tibor atya\",\"@id\":\"https:\\\/\\\/stuttgarti-katolikusok.de\\\/#\\\/schema\\\/person\\\/75908d6f8fdc03a57889d27209df7795\"},\"headline\":\"Zar\u00e1ndok\u00fat Franciaorsz\u00e1gban: \u201e K\u0151be v\u00e9sett Sz\u0171z M\u00e1ri\u00e1k\u201c\",\"datePublished\":\"2016-07-06T23:07:37+00:00\",\"dateModified\":\"2016-07-07T11:19:07+00:00\",\"mainEntityOfPage\":{\"@id\":\"https:\\\/\\\/stuttgarti-katolikusok.de\\\/index.php\\\/zarandokut-franciaorszagban-kobe-vesett-szuz-mariak\\\/\"},\"wordCount\":2166,\"image\":{\"@id\":\"https:\\\/\\\/stuttgarti-katolikusok.de\\\/index.php\\\/zarandokut-franciaorszagban-kobe-vesett-szuz-mariak\\\/#primaryimage\"},\"thumbnailUrl\":\"https:\\\/\\\/stuttgarti-katolikusok.de\\\/wp-content\\\/uploads\\\/2016\\\/07\\\/aniko12.jpg\",\"articleSection\":[\"Olvas\u00f3ink \u00edrj\u00e1k\",\"V\u00e1logatott \u00edr\u00e1sok\",\"Zar\u00e1ndoklat\"],\"inLanguage\":\"hu\"},{\"@type\":\"WebPage\",\"@id\":\"https:\\\/\\\/stuttgarti-katolikusok.de\\\/index.php\\\/zarandokut-franciaorszagban-kobe-vesett-szuz-mariak\\\/\",\"url\":\"https:\\\/\\\/stuttgarti-katolikusok.de\\\/index.php\\\/zarandokut-franciaorszagban-kobe-vesett-szuz-mariak\\\/\",\"name\":\"Zar\u00e1ndok\u00fat Franciaorsz\u00e1gban: \u201e K\u0151be v\u00e9sett Sz\u0171z M\u00e1ri\u00e1k\u201c - Stuttgarti Katolikusok\",\"isPartOf\":{\"@id\":\"https:\\\/\\\/stuttgarti-katolikusok.de\\\/#website\"},\"primaryImageOfPage\":{\"@id\":\"https:\\\/\\\/stuttgarti-katolikusok.de\\\/index.php\\\/zarandokut-franciaorszagban-kobe-vesett-szuz-mariak\\\/#primaryimage\"},\"image\":{\"@id\":\"https:\\\/\\\/stuttgarti-katolikusok.de\\\/index.php\\\/zarandokut-franciaorszagban-kobe-vesett-szuz-mariak\\\/#primaryimage\"},\"thumbnailUrl\":\"https:\\\/\\\/stuttgarti-katolikusok.de\\\/wp-content\\\/uploads\\\/2016\\\/07\\\/aniko12.jpg\",\"datePublished\":\"2016-07-06T23:07:37+00:00\",\"dateModified\":\"2016-07-07T11:19:07+00:00\",\"author\":{\"@id\":\"https:\\\/\\\/stuttgarti-katolikusok.de\\\/#\\\/schema\\\/person\\\/75908d6f8fdc03a57889d27209df7795\"},\"breadcrumb\":{\"@id\":\"https:\\\/\\\/stuttgarti-katolikusok.de\\\/index.php\\\/zarandokut-franciaorszagban-kobe-vesett-szuz-mariak\\\/#breadcrumb\"},\"inLanguage\":\"hu\",\"potentialAction\":[{\"@type\":\"ReadAction\",\"target\":[\"https:\\\/\\\/stuttgarti-katolikusok.de\\\/index.php\\\/zarandokut-franciaorszagban-kobe-vesett-szuz-mariak\\\/\"]}]},{\"@type\":\"ImageObject\",\"inLanguage\":\"hu\",\"@id\":\"https:\\\/\\\/stuttgarti-katolikusok.de\\\/index.php\\\/zarandokut-franciaorszagban-kobe-vesett-szuz-mariak\\\/#primaryimage\",\"url\":\"https:\\\/\\\/stuttgarti-katolikusok.de\\\/wp-content\\\/uploads\\\/2016\\\/07\\\/aniko12.jpg\",\"contentUrl\":\"https:\\\/\\\/stuttgarti-katolikusok.de\\\/wp-content\\\/uploads\\\/2016\\\/07\\\/aniko12.jpg\",\"width\":800,\"height\":533},{\"@type\":\"BreadcrumbList\",\"@id\":\"https:\\\/\\\/stuttgarti-katolikusok.de\\\/index.php\\\/zarandokut-franciaorszagban-kobe-vesett-szuz-mariak\\\/#breadcrumb\",\"itemListElement\":[{\"@type\":\"ListItem\",\"position\":1,\"name\":\"Kezd\u0151lap\",\"item\":\"https:\\\/\\\/stuttgarti-katolikusok.de\\\/\"},{\"@type\":\"ListItem\",\"position\":2,\"name\":\"Zar\u00e1ndok\u00fat Franciaorsz\u00e1gban: \u201e K\u0151be v\u00e9sett Sz\u0171z M\u00e1ri\u00e1k\u201c\"}]},{\"@type\":\"WebSite\",\"@id\":\"https:\\\/\\\/stuttgarti-katolikusok.de\\\/#website\",\"url\":\"https:\\\/\\\/stuttgarti-katolikusok.de\\\/\",\"name\":\"Stuttgarti Katolikusok\",\"description\":\"\",\"potentialAction\":[{\"@type\":\"SearchAction\",\"target\":{\"@type\":\"EntryPoint\",\"urlTemplate\":\"https:\\\/\\\/stuttgarti-katolikusok.de\\\/?s={search_term_string}\"},\"query-input\":{\"@type\":\"PropertyValueSpecification\",\"valueRequired\":true,\"valueName\":\"search_term_string\"}}],\"inLanguage\":\"hu\"},{\"@type\":\"Person\",\"@id\":\"https:\\\/\\\/stuttgarti-katolikusok.de\\\/#\\\/schema\\\/person\\\/75908d6f8fdc03a57889d27209df7795\",\"name\":\"Tibor atya\",\"image\":{\"@type\":\"ImageObject\",\"inLanguage\":\"hu\",\"@id\":\"https:\\\/\\\/secure.gravatar.com\\\/avatar\\\/61d268e57d1f4525b111222e29d2d5a7f8c420fdbf231ba5566a8ceac74fa960?s=96&d=mm&r=g\",\"url\":\"https:\\\/\\\/secure.gravatar.com\\\/avatar\\\/61d268e57d1f4525b111222e29d2d5a7f8c420fdbf231ba5566a8ceac74fa960?s=96&d=mm&r=g\",\"contentUrl\":\"https:\\\/\\\/secure.gravatar.com\\\/avatar\\\/61d268e57d1f4525b111222e29d2d5a7f8c420fdbf231ba5566a8ceac74fa960?s=96&d=mm&r=g\",\"caption\":\"Tibor atya\"},\"url\":\"https:\\\/\\\/stuttgarti-katolikusok.de\\\/index.php\\\/author\\\/tibor-atya\\\/\"}]}<\/script>\n<!-- \/ Yoast SEO plugin. -->","yoast_head_json":{"title":"Zar\u00e1ndok\u00fat Franciaorsz\u00e1gban: \u201e K\u0151be v\u00e9sett Sz\u0171z M\u00e1ri\u00e1k\u201c - Stuttgarti Katolikusok","robots":{"index":"index","follow":"follow","max-snippet":"max-snippet:-1","max-image-preview":"max-image-preview:large","max-video-preview":"max-video-preview:-1"},"canonical":"https:\/\/stuttgarti-katolikusok.de\/index.php\/zarandokut-franciaorszagban-kobe-vesett-szuz-mariak\/","og_locale":"hu_HU","og_type":"article","og_title":"Zar\u00e1ndok\u00fat Franciaorsz\u00e1gban: \u201e K\u0151be v\u00e9sett Sz\u0171z M\u00e1ri\u00e1k\u201c - Stuttgarti Katolikusok","og_description":"2016. m\u00e1jus 23 \u00e9s 30 k\u00f6z\u00f6tt a Stuttgarti Magyar Katolikus Egyh\u00e1zk\u00f6zs\u00e9g \u00fajra megszervezte hagyom\u00e1nyos \u00e9ves zar\u00e1ndok\u00fatj\u00e1t. A helyek nagyon hamar beteltek, emiatt a szervez\u0151knek nem volt mi\u00e9rt agg\u00f3dniuk. Zar\u00e1ndoklatunkra mindannyiunk k\u00fcl\u00f6nb\u00f6z\u0151k\u00e9ppen k\u00e9sz\u00fclt fel, nekem az egyik ilyen pillanat az volt amikor kigondoltam a gyerty\u00e1kra a mint\u00e1t \u00e9s azut\u00e1n pedig teljes odaad\u00e1ssal ki is d\u00edsz\u00edtettem. Egy r\u00f6vid bemutatkoz\u00e1s ut\u00e1n kider\u00fclt, hogy mindannyiunk c\u00e9lja: lelkileg felt\u00f6lt\u0151dni, \u00faj bar\u00e1ts\u00e1gokat kialak\u00edtani \u00e9s a r\u00e9gieket fel\u00faj\u00edtani, mindezeket t\u00f6bbek k\u00f6zt k\u00f6z\u00f6s im\u00e1k \u00e9s \u00e9nekek \u00e1ltal, \u00e9s persze \u00faj dolgokat felfedezni \u00e9s ez\u00e1ltal tud\u00e1sunkat gyarap\u00edtani. Imre atya \u00e9s Tibor atya zar\u00e1ndokutunk sor\u00e1n nem csak lelkileg t\u00e1mogattak, hanem tud\u00e1sunkra is pozit\u00edv hat\u00e1ssal voltak. Halhattunk t\u0151l\u00fck t\u00f6bbek k\u00f6z\u00f6tt a zar\u00e1ndoklat t\u00f6rt\u00e9net\u00e9r\u0151l, Franciaorsz\u00e1g t\u00f6rt\u00e9nelm\u00e9r\u0151l, k\u00fcl\u00f6nb\u00f6z\u0151 francia szentek \u00e9let\u00e9r\u0151l, a g\u00f3tik\u00e1r\u00f3l&#8230; Mivel mindenr\u0151l nem lehet besz\u00e1molni, egy p\u00e1r \u00e9lm\u00e9nyt \u00e9s \u00e9rdekess\u00e9get szeretn\u00e9k megosztani. A zar\u00e1ndoklatot minden vall\u00e1sban megtal\u00e1lhatjuk. Az muszlimnak Mekka, a hinduknak Gangesz, a kereszt\u00e9nyeknek Jeruzs\u00e1lem zar\u00e1ndok\u00fatjuk c\u00e9lja. A l\u00e9nyege az, hogy egy kegyhelyet vagy szenthelyet felkeress\u00fcnk. Egy fontos r\u00e9sze, hogy kimozdulunk a megszokott h\u00e9tk\u00f6znapjainkb\u00f3l, nem csak testileg hanem lelkileg is. Ilyenkor l\u00e9tfontoss\u00e1g\u00fa az is, hogy elcsendes\u00fcl\u00fcnk, magunkba sz\u00e1llunk, Istennel besz\u00e9lget\u00fcnk, nek\u00fcnk katolikusoknak pedig az is, hogy elv\u00e9gezz\u00fck a szentgy\u00f3n\u00e1sunkat. A zar\u00e1ndoklat gyakorl\u00e1sa az id\u0151k sor\u00e1n sokat v\u00e1ltozott. Kezdetben p\u00e9ld\u00e1ul nem voltak b\u00f6rt\u00f6n\u00f6k, \u00edgy a \u201cb\u0171n\u00f6st\u201d elk\u00fcldt\u00e9k zar\u00e1ndok\u00fatra. A \u201cneh\u00e9z \u00fat\u201d ut\u00e1n megv\u00e1ltozva, jobbnak t\u00e9rt vissza. Persze a legt\u00f6bb zar\u00e1ndokot az er\u0151s hit vezette, a megv\u00e1lt\u00e1s elnyer\u00e9s\u00e9hez vezet\u0151 \u00fat. Az els\u0151 kereszt\u00e9nyek el\u0151sz\u00f6r J\u00e9zus s\u00edrj\u00e1t kerest\u00e9k fel \u00e9s azokat a helyeket ahol \u0150 j\u00e1rt. K\u00e9s\u0151bb pedig a szentek sz\u00fcl\u0151- vagy m\u00e1rt\u00edrv\u00e1ros\u00e1ban j\u00f6ttek l\u00e9tre kegyhelyek vagy zar\u00e1ndokhelyek. A k\u00f6z\u00e9pkorban k\u00fcl\u00f6nb\u00f6z\u0151 tiszteleti szok\u00e1sok alakulnak ki, mind p\u00e9ld\u00e1ul M\u00e1ria tisztelete, harcos kereszt\u00e9ny szentek tisztelete \u00e9s b\u00facs\u00fahelyei (Santiago de Compostella), az Olt\u00e1riszents\u00e9g csod\u00e1i \u00e9s b\u00facs\u00fahelyei (\u00darnapja \u2013 Lancianoi eucharisztiai csoda). A reform\u00e1ci\u00f3 kor\u00e1ban a b\u00facs\u00faj\u00e1r\u00e1s sok helyen megsz\u0171nik, sajnos sok k\u00f6z\u00e9pkori kegyk\u00e9p, szobor, ereklye... R\u00e9szletek","og_url":"https:\/\/stuttgarti-katolikusok.de\/index.php\/zarandokut-franciaorszagban-kobe-vesett-szuz-mariak\/","og_site_name":"Stuttgarti Katolikusok","article_published_time":"2016-07-06T23:07:37+00:00","article_modified_time":"2016-07-07T11:19:07+00:00","og_image":[{"width":800,"height":533,"url":"https:\/\/stuttgarti-katolikusok.de\/wp-content\/uploads\/2016\/07\/aniko12.jpg","type":"image\/jpeg"}],"author":"Tibor atya","twitter_card":"summary_large_image","twitter_misc":{"Szerz\u0151:":"Tibor atya","Becs\u00fclt olvas\u00e1si id\u0151":"11 perc"},"schema":{"@context":"https:\/\/schema.org","@graph":[{"@type":"Article","@id":"https:\/\/stuttgarti-katolikusok.de\/index.php\/zarandokut-franciaorszagban-kobe-vesett-szuz-mariak\/#article","isPartOf":{"@id":"https:\/\/stuttgarti-katolikusok.de\/index.php\/zarandokut-franciaorszagban-kobe-vesett-szuz-mariak\/"},"author":{"name":"Tibor atya","@id":"https:\/\/stuttgarti-katolikusok.de\/#\/schema\/person\/75908d6f8fdc03a57889d27209df7795"},"headline":"Zar\u00e1ndok\u00fat Franciaorsz\u00e1gban: \u201e K\u0151be v\u00e9sett Sz\u0171z M\u00e1ri\u00e1k\u201c","datePublished":"2016-07-06T23:07:37+00:00","dateModified":"2016-07-07T11:19:07+00:00","mainEntityOfPage":{"@id":"https:\/\/stuttgarti-katolikusok.de\/index.php\/zarandokut-franciaorszagban-kobe-vesett-szuz-mariak\/"},"wordCount":2166,"image":{"@id":"https:\/\/stuttgarti-katolikusok.de\/index.php\/zarandokut-franciaorszagban-kobe-vesett-szuz-mariak\/#primaryimage"},"thumbnailUrl":"https:\/\/stuttgarti-katolikusok.de\/wp-content\/uploads\/2016\/07\/aniko12.jpg","articleSection":["Olvas\u00f3ink \u00edrj\u00e1k","V\u00e1logatott \u00edr\u00e1sok","Zar\u00e1ndoklat"],"inLanguage":"hu"},{"@type":"WebPage","@id":"https:\/\/stuttgarti-katolikusok.de\/index.php\/zarandokut-franciaorszagban-kobe-vesett-szuz-mariak\/","url":"https:\/\/stuttgarti-katolikusok.de\/index.php\/zarandokut-franciaorszagban-kobe-vesett-szuz-mariak\/","name":"Zar\u00e1ndok\u00fat Franciaorsz\u00e1gban: \u201e K\u0151be v\u00e9sett Sz\u0171z M\u00e1ri\u00e1k\u201c - Stuttgarti Katolikusok","isPartOf":{"@id":"https:\/\/stuttgarti-katolikusok.de\/#website"},"primaryImageOfPage":{"@id":"https:\/\/stuttgarti-katolikusok.de\/index.php\/zarandokut-franciaorszagban-kobe-vesett-szuz-mariak\/#primaryimage"},"image":{"@id":"https:\/\/stuttgarti-katolikusok.de\/index.php\/zarandokut-franciaorszagban-kobe-vesett-szuz-mariak\/#primaryimage"},"thumbnailUrl":"https:\/\/stuttgarti-katolikusok.de\/wp-content\/uploads\/2016\/07\/aniko12.jpg","datePublished":"2016-07-06T23:07:37+00:00","dateModified":"2016-07-07T11:19:07+00:00","author":{"@id":"https:\/\/stuttgarti-katolikusok.de\/#\/schema\/person\/75908d6f8fdc03a57889d27209df7795"},"breadcrumb":{"@id":"https:\/\/stuttgarti-katolikusok.de\/index.php\/zarandokut-franciaorszagban-kobe-vesett-szuz-mariak\/#breadcrumb"},"inLanguage":"hu","potentialAction":[{"@type":"ReadAction","target":["https:\/\/stuttgarti-katolikusok.de\/index.php\/zarandokut-franciaorszagban-kobe-vesett-szuz-mariak\/"]}]},{"@type":"ImageObject","inLanguage":"hu","@id":"https:\/\/stuttgarti-katolikusok.de\/index.php\/zarandokut-franciaorszagban-kobe-vesett-szuz-mariak\/#primaryimage","url":"https:\/\/stuttgarti-katolikusok.de\/wp-content\/uploads\/2016\/07\/aniko12.jpg","contentUrl":"https:\/\/stuttgarti-katolikusok.de\/wp-content\/uploads\/2016\/07\/aniko12.jpg","width":800,"height":533},{"@type":"BreadcrumbList","@id":"https:\/\/stuttgarti-katolikusok.de\/index.php\/zarandokut-franciaorszagban-kobe-vesett-szuz-mariak\/#breadcrumb","itemListElement":[{"@type":"ListItem","position":1,"name":"Kezd\u0151lap","item":"https:\/\/stuttgarti-katolikusok.de\/"},{"@type":"ListItem","position":2,"name":"Zar\u00e1ndok\u00fat Franciaorsz\u00e1gban: \u201e K\u0151be v\u00e9sett Sz\u0171z M\u00e1ri\u00e1k\u201c"}]},{"@type":"WebSite","@id":"https:\/\/stuttgarti-katolikusok.de\/#website","url":"https:\/\/stuttgarti-katolikusok.de\/","name":"Stuttgarti Katolikusok","description":"","potentialAction":[{"@type":"SearchAction","target":{"@type":"EntryPoint","urlTemplate":"https:\/\/stuttgarti-katolikusok.de\/?s={search_term_string}"},"query-input":{"@type":"PropertyValueSpecification","valueRequired":true,"valueName":"search_term_string"}}],"inLanguage":"hu"},{"@type":"Person","@id":"https:\/\/stuttgarti-katolikusok.de\/#\/schema\/person\/75908d6f8fdc03a57889d27209df7795","name":"Tibor atya","image":{"@type":"ImageObject","inLanguage":"hu","@id":"https:\/\/secure.gravatar.com\/avatar\/61d268e57d1f4525b111222e29d2d5a7f8c420fdbf231ba5566a8ceac74fa960?s=96&d=mm&r=g","url":"https:\/\/secure.gravatar.com\/avatar\/61d268e57d1f4525b111222e29d2d5a7f8c420fdbf231ba5566a8ceac74fa960?s=96&d=mm&r=g","contentUrl":"https:\/\/secure.gravatar.com\/avatar\/61d268e57d1f4525b111222e29d2d5a7f8c420fdbf231ba5566a8ceac74fa960?s=96&d=mm&r=g","caption":"Tibor atya"},"url":"https:\/\/stuttgarti-katolikusok.de\/index.php\/author\/tibor-atya\/"}]}},"_links":{"self":[{"href":"https:\/\/stuttgarti-katolikusok.de\/index.php\/wp-json\/wp\/v2\/posts\/9573","targetHints":{"allow":["GET"]}}],"collection":[{"href":"https:\/\/stuttgarti-katolikusok.de\/index.php\/wp-json\/wp\/v2\/posts"}],"about":[{"href":"https:\/\/stuttgarti-katolikusok.de\/index.php\/wp-json\/wp\/v2\/types\/post"}],"author":[{"embeddable":true,"href":"https:\/\/stuttgarti-katolikusok.de\/index.php\/wp-json\/wp\/v2\/users\/3"}],"replies":[{"embeddable":true,"href":"https:\/\/stuttgarti-katolikusok.de\/index.php\/wp-json\/wp\/v2\/comments?post=9573"}],"version-history":[{"count":3,"href":"https:\/\/stuttgarti-katolikusok.de\/index.php\/wp-json\/wp\/v2\/posts\/9573\/revisions"}],"predecessor-version":[{"id":9590,"href":"https:\/\/stuttgarti-katolikusok.de\/index.php\/wp-json\/wp\/v2\/posts\/9573\/revisions\/9590"}],"wp:featuredmedia":[{"embeddable":true,"href":"https:\/\/stuttgarti-katolikusok.de\/index.php\/wp-json\/wp\/v2\/media\/9574"}],"wp:attachment":[{"href":"https:\/\/stuttgarti-katolikusok.de\/index.php\/wp-json\/wp\/v2\/media?parent=9573"}],"wp:term":[{"taxonomy":"category","embeddable":true,"href":"https:\/\/stuttgarti-katolikusok.de\/index.php\/wp-json\/wp\/v2\/categories?post=9573"},{"taxonomy":"post_tag","embeddable":true,"href":"https:\/\/stuttgarti-katolikusok.de\/index.php\/wp-json\/wp\/v2\/tags?post=9573"}],"curies":[{"name":"wp","href":"https:\/\/api.w.org\/{rel}","templated":true}]}}