{"id":9559,"date":"2016-07-05T13:31:25","date_gmt":"2016-07-05T13:31:25","guid":{"rendered":"https:\/\/gracious-dewdney.138-201-221-2.plesk.page\/?p=9559"},"modified":"2016-07-05T13:53:01","modified_gmt":"2016-07-05T13:53:01","slug":"baratom-2016-julius-szeptember","status":"publish","type":"post","link":"https:\/\/stuttgarti-katolikusok.de\/index.php\/baratom-2016-julius-szeptember\/","title":{"rendered":"Bar\u00e1tom: 2016 j\u00falius &#8211; szeptember"},"content":{"rendered":"<h3 style=\"text-align: center;\">B a r \u00e1 t o m<\/h3>\n<h3 style=\"text-align: center;\">A\u00a0 Szent Gell\u00e9rt Magyar Katolikus<\/h3>\n<p style=\"text-align: center;\"><strong>Egyh\u00e1zk\u00f6zs\u00e9g Havilapja<\/strong><\/p>\n<p>Szerkeszt\u0151k: Ft. Merl\u00e1s Tibor \u00e9s Ft. Dr. Tempfli Imre. Kiad\u00f3: Szent Gell\u00e9rt Magyar Katolikus Egyh\u00e1zk\u00f6zs\u00e9g. Postac\u00edm: Albert-Sch\u00e4ffle-Str. 30, 70186-Stuttgart. Tel: 0711-2369190, Fax: 0711-2367393, E-mail: <a href=\"mailto:mis-sion@gracious-dewdney.138-201-221-2.plesk.page\">mission@gracious-dewdney.138-201-221-2.plesk.page<\/a> Honlap: <a href=\"https:\/\/stuttgarti-katolikusok.de\/\">www.stuttgarti-katolikusok.de<\/a> Sz\u00e1mla: Postbank Stuttgart, IBAN: DE80600100700002190704, \u00a0BIC: PBNKDEFF<\/p>\n<p style=\"text-align: center;\"><strong>2\u00a00\u00a01 6\u00a0 \u00a0J\u00daLIUS &#8211; SZEPTEMBER <\/strong><\/p>\n<p>&nbsp;<\/p>\n<table style=\"height: 104px;\" width=\"776\">\n<tbody>\n<tr>\n<td width=\"493\">\n<p style=\"text-align: center;\"><strong>Szent Gell\u00e9rt p\u00fcsp\u00f6k \u00e9s v\u00e9rtan\u00fa<\/strong><\/p>\n<h5 style=\"text-align: center;\">(980 k\u00f6r\u00fcl &#8211; 1046. szeptember 24.)<\/h5>\n<\/td>\n<\/tr>\n<\/tbody>\n<\/table>\n<p>&nbsp;<\/p>\n<p>Budapesten, az Erzs\u00e9bet-h\u00edddal szemben \u00e1ll Jankovics Gyula gy\u00f6ny\u00f6r\u0171 alkot\u00e1sa, az els\u0151 magyar v\u00e9rtan\u00fanak, Szent Gell\u00e9rtnek hatalmas bronzszobra. A szobor magasra emelt jobbj\u00e1ban a szent keresztet tartja a magyarok v\u00e1rosa f\u00f6l\u00e9, hirdetv\u00e9n ezzel, hogy a nemzet a kereszt jegy\u00e9ben sz\u00fcletett, \u00e9s annak v\u00e9delme alatt \u00e1ll. Gell\u00e9rt volt a magyar n\u00e9p els\u0151 nagy t\u00e9r\u00edt\u0151je. Sz\u00e1rmaz\u00e1s\u00e1t tekintve viszont nem magyar: az It\u00e1li\u00e1ban sz\u00fcletett f\u0151papot a v\u00e9letlen hozta haz\u00e1nkba.<\/p>\n<p>Szent Gell\u00e9rt \u00e9let\u00e9nek esem\u00e9nyeit k\u00e9t legenda \u0151rizte meg, melyek j\u00f3val hal\u00e1la ut\u00e1n \u00edr\u00f3dtak, \u00edgy a forr\u00e1skritika \u00e1ltal felvetett k\u00e9rd\u00e9sek megv\u00e1laszol\u00e1sa m\u00e9g h\u00e1travan. Azonban ett\u0151l f\u00fcggetlen\u00fcl Gell\u00e9rt \u00e9let\u00e9t \u00e9s szem\u00e9lyis\u00e9g\u00e9t a m\u00e1r rendelkez\u00e9sre \u00e1ll\u00f3 biztos adatok seg\u00edts\u00e9g\u00e9vel is hitelesen meg lehet ismerni.<\/p>\n<p>It\u00e1lia egyik legjelent\u0151sebb v\u00e1ros\u00e1ban, Velenc\u00e9ben sz\u00fcletett, k\u00f6ztiszteletnek \u00f6rvend\u0151 patr\u00edciuscsal\u00e1d gyermekek\u00e9nt. Sz\u00fclei a Gy\u00f6rgy nevet adt\u00e1k neki. \u00c9desapja, Sagredo Gell\u00e9rt kalm\u00e1r volt. 5 \u00e9ves kor\u00e1ban s\u00falyosan megbetegedett, ez\u00e9rt sz\u00fclei a benc\u00e9sek Szent Gy\u00f6rgy tisztelet\u00e9re alap\u00edtott monostor\u00e1ba vitt\u00e9k, \u00e9s felaj\u00e1nlott\u00e1k a lovagszentnek. Meg\u00edg\u00e9rt\u00e9k, ha a kis Gy\u00f6rgy fel\u00e9p\u00fcl, \u0151 is fel\u00f6lti a szerzetesi csuh\u00e1t. A kisfi\u00fa eg\u00e9szs\u00e9ge helyre\u00e1llt, \u00e9s a szerzetesek iskol\u00e1j\u00e1ban tehets\u00e9g\u00e9vel hamar kiv\u00edvta tan\u00e1rai megbecs\u00fcl\u00e9s\u00e9t.<\/p>\n<p>15 \u00e9ves volt, mikor \u00e9desapja a Szentf\u00f6ldre zar\u00e1ndokolt \u00e9s ott meghalt. Gy\u00f6rgy ekkor \u00e9desapja eml\u00e9k\u00e9re a Gell\u00e9rt nevet vette fel. Hamarosan \u00e9desanyj\u00e1t is elvesztette.<\/p>\n<p>25 \u00e9ves kor\u00e1ra Gell\u00e9rt mintaszer\u0171 szerzetess\u00e9 v\u00e1lt tudom\u00e1nyban, im\u00e1ds\u00e1gban, \u00f6nmegtagad\u00e1sban \u00e9s munk\u00e1ban egyar\u00e1nt. Vilmos ap\u00e1t javaslat\u00e1ra ez\u00e9rt Bologn\u00e1ba k\u00fcldt\u00e9k tanulni. 7 \u00e9v m\u00falva t\u00e9rt vissza a kolostorba, ahol Vilmos ap\u00e1t hal\u00e1la ut\u00e1n a t\u00e1rsai az ap\u00e1ti tiszts\u00e9ggel b\u00edzt\u00e1k meg.<\/p>\n<p>Ak\u00e1rcsak \u00e9desapj\u00e1nak, Gell\u00e9rtnek is \u00e9lete nagy \u00e1lma volt, hogy a Szentf\u00f6ld\u00f6n v\u00e9gigv\u00e1ndoroljon a Megv\u00e1lt\u00f3 nyomdokain. Ez\u00e9rt 3 \u00e9v m\u00falva lemondott ap\u00e1ti tiszts\u00e9g\u00e9r\u0151l, \u00e9s haj\u00f3ra sz\u00e1llt. Velenc\u00e9b\u0151l el\u0151sz\u00f6r Z\u00e1ra kik\u00f6t\u0151j\u00e9be akart haj\u00f3zni, egy vihar miatt azonban Isztria partvid\u00e9k\u00e9n k\u00f6t\u00f6ttek ki. A k\u00e9nyszer\u0171 v\u00e1rakoz\u00e1s sor\u00e1n a Szent Andr\u00e1s kolostorban tal\u00e1lkozott Razin pannonhalmi ap\u00e1ttal, aki R\u00f3m\u00e1b\u00f3l hazafel\u00e9 tartva r\u00e1besz\u00e9lte, hogy k\u00eds\u00e9rje el \u0151t, \u00e9s l\u00e1togassa meg a magyarok istenf\u00e9l\u0151 kir\u00e1ly\u00e1t, Istv\u00e1nt.<\/p>\n<p>A legenda szerint 1015 j\u00falius\u00e1ban \u00e9rkezett meg P\u00e9csre M\u00f3r p\u00fcsp\u00f6kh\u00f6z, akivel Istv\u00e1n kir\u00e1lyhoz ment Sz\u00e9kesfeh\u00e9rv\u00e1rra. Nagyboldogasszony napj\u00e1n, augusztus 15-\u00e9n a kir\u00e1ly a f\u0151urak k\u00eds\u00e9ret\u00e9ben a hatalmas fatemplomba vonult, hogy Sz\u0171z M\u00e1ria mennybemenetel\u00e9t meg\u00fcnnepelje. Ezen az \u00fcnnepen egy sz\u00e1mukra ismeretlen pap l\u00e9pett a sz\u00f3sz\u00e9kre &#8211; Gell\u00e9rt. A sz\u00f3noklat ut\u00e1n &#8211; a legenda szerint &#8211; Gell\u00e9rt lelk\u00e9ben el-ragadtatva egy hegyet pillantott meg, melynek szikl\u00e1i k\u00f6zt holtan l\u00e1tta \u00f6nmag\u00e1t, \u00f6sszet\u00f6rt tagokkal v\u00e9resen fek\u00fcdni. Meg\u00e9rtette az \u00dar \u00fczenet\u00e9t: nem a Szentf\u00f6ldre kell mennie, hanem itt kell maradnia, mert itt fogja elnyerni a legnagyobb mennyei aj\u00e1nd\u00e9kot: a v\u00e9rtan\u00fas\u00e1g koron\u00e1j\u00e1t. Istv\u00e1nnak nagyon tettszett a sz\u00f3noklat, ez\u00e9rt az \u00fcnnep elm\u00falt\u00e1val Gell\u00e9rtet a palot\u00e1ban tartatta, \u00e9s fi\u00e1nak, Imre hercegnek a nevel\u00e9s\u00e9t b\u00edzta r\u00e1.<\/p>\n<p>1023-ban Bakonyb\u00e9lbe ment, ahol remetek\u00e9nt b\u00f6jt\u00f6lt, im\u00e1dkozott \u00e9s dolgozott. Besz\u00e9li m\u00e9g a legenda, hogy egy napon \u00edr\u00e1s k\u00f6zben elnyomta az \u00e1lom a kunyh\u00f3ja el\u0151tt. Arra \u00e9bredt, hogy egy kis szarvasborj\u00fa v\u00e9delmet keresve mell\u00e9 telepedett. Sietve megetette az \u00e1rva kis j\u00f3sz\u00e1got \u00e9s az nem is t\u00e1vozott el t\u0151le. M\u00e1s alkalommal, amikor az erd\u0151b\u0151l f\u00e1val megrakodva hazat\u00e9rt, kunyh\u00f3ja ajtaj\u00e1ban egy farkas fek\u00fcdt. J\u00f6tt\u00e9re az hozz\u00e1 ment \u00e9s a l\u00e1baira rogyott. A remete ekkor vette \u00e9szre, hogy a vad oldal\u00e1n seb t\u00e1tong. Kimosta \u00e9s bek\u00f6t\u00f6zte a sebet, majd a kunyh\u00f3j\u00e1ba vitte a farkast. Mikor az mag\u00e1hoz t\u00e9rt, h\u00e1l\u00e1s kutya m\u00f3dj\u00e1n megnyalta a remete kez\u00e9t, \u00e9s szel\u00edden a kis szarvas mell\u00e9 heveredett.<\/p>\n<p>1028-ban, miut\u00e1n Istv\u00e1n kir\u00e1ly hadai Ajtony vez\u00e9rt a Maros vid\u00e9k\u00e9n legy\u0151zt\u00e9k, sor ker\u00fclhetett a kilencedik egyh\u00e1zmegye szervez\u00e9s\u00e9re, \u00e9s Istv\u00e1n Gell\u00e9rtre b\u00edzta a p\u00fcsp\u00f6ks\u00e9g, valamint a k\u00e1ptalan, a k\u00e1ptalani iskola \u00e9s a papi ut\u00e1np\u00f3tl\u00e1s megszervez\u00e9s\u00e9t. Ennek Gell\u00e9rt \u00e9s t\u00e1rsai becs\u00fclettel eleget tettek, \u00e9s a csan\u00e1di iskola h\u00edre gyorsan terjedt.<\/p>\n<p>A kereszt\u00e9ny \u00e9s eur\u00f3pai \u00e9rt\u00e9krendnek a v\u00e9delm\u00e9ben ker\u00fclt szembe Aba S\u00e1muellel, aki uralkod\u00f3i tetteivel nem k\u00f6vette az 1038-ban s\u00edrba sz\u00e1llt Szent Istv\u00e1n p\u00e9ld\u00e1j\u00e1t. Az 1044-es \u00e9v tavasz\u00e1n Aba S\u00e1muel Csan\u00e1don tart\u00f3zkodott, \u00e9s 50 ellene szervezked\u0151 f\u0151urat kiv\u00e9geztetett. Az \u00e1prilis 22-i, h\u00fasv\u00e9tra tervezett koron\u00e1z\u00e1st Gell\u00e9rt megtagadta, s f\u00e9lelmetes, pr\u00f3f\u00e9tai szavaiban megj\u00f3solta a kir\u00e1ly hal\u00e1l\u00e1t, a pog\u00e1nyl\u00e1zad\u00e1st \u00e9s saj\u00e1t v\u00e9rtan\u0151s\u00e1g\u00e1t. Gell\u00e9rt ezzel megnyitotta a magyar p\u00fcsp\u00f6k\u00f6k azon sor\u00e1t, akik a hatalommal is szembesz\u00e1llva v\u00e9delmezik az igaz \u00e9rt\u00e9keket.<\/p>\n<p>P\u00e9ter kir\u00e1ly uralma ellen 1046-ban a Tisz\u00e1nt\u00falon l\u00e1zad\u00e1s t\u00f6rt ki, amelyhez a pog\u00e1nys\u00e1g vissza\u00e1ll\u00edt\u00e1s\u00e1t k\u00f6vetel\u0151k a b\u00e9k\u00e9si Vata vezet\u00e9s\u00e9vel csatlakoztak. Gell\u00e9rt p\u00fcsp\u00f6kt\u00e1rsaival az \u0151sz els\u0151 napjainak egyik\u00e9n Sz\u00e9kesfeh\u00e9rv\u00e1rr\u00f3l Bud\u00e1ra igyekezett, hogy ott fogadja az oroszok k\u00f6z\u00f6tti sz\u00e1mkivet\u00e9sb\u0151l visszat\u00e9r\u0151 Vazul-fiakat. Egyik este Di\u00f3sd k\u00f6zs\u00e9gben vacsora ut\u00e1n megj\u00f6vend\u00f6lte p\u00fcsp\u00f6kt\u00e1rsainak, hogy az volt az utols\u00f3 vacsor\u00e1juk. M\u00e1snap, 1046. szeptember 24-\u00e9n mis\u00e9t mondott a Szent Szabina templomban, ahol szint\u00e9n megj\u00f6vend\u00f6lte v\u00e9rtan\u00fas\u00e1gukat, \u00e9s azt is, hogy t\u00e1rsuk Beneta p\u00fcsp\u00f6k nem fog r\u00e9szes\u00fclni a v\u00e9rtan\u00fas\u00e1g dics\u0151s\u00e9g\u00e9ben.<\/p>\n<p>M\u00e9g aznap, a Buda fel\u00e9 tart\u00f3 p\u00fcsp\u00f6k\u00f6ket egy l\u00e1zad\u00f3 pog\u00e1ny csapat elfogta a pesti r\u00e9vhez k\u00f6zel, s egy kiv\u00e9tel\u00e9vel meg\u00f6lt\u00e9k \u0151ket. Gell\u00e9rtet talig\u00e1ra tett\u00e9k, \u00e9s a Kelenhegyr\u0151l (a mai Gell\u00e9rt-hegy) letasz\u00edtott\u00e1k, majd &#8222;mell\u00e9t d\u00e1rd\u00e1val \u00e1t\u00fct\u00f6tt\u00e9k; ezut\u00e1n egy szikl\u00e1hoz vonszolt\u00e1k, \u00e9s agyvelej\u00e9t sz\u00e9tloccsantott\u00e1k.&#8221;<\/p>\n<p>Az els\u0151 magyar v\u00e9rtan\u00fa holttest\u00e9t a Boldogs\u00e1gos Sz\u0171z templom\u00e1ban temett\u00e9k el el\u0151sz\u00f6r, majd Csan\u00e1dra vitt\u00e9k. S\u00edrja k\u00f6r\u00fcl egyre t\u00f6bb csoda, rendk\u00edv\u00fcli gy\u00f3gyul\u00e1s t\u00f6rt\u00e9nt. A spont\u00e1n m\u00f3don kialakult n\u00e9pi kultuszt k\u00f6vette a hivatalos szentt\u00e9 avat\u00e1s 1083. j\u00falius 26-an, Szent L\u00e1szl\u00f3 kir\u00e1ly k\u00e9relm\u00e9re.<\/p>\n<h3>S Z E N T M I S \u00c9 I N K<\/h3>\n<p><em>B\u00e4rensee \u00a0 \u00a0 \u00a0 \u00a0 \u00a0 \u00a0 \u00a0 \u00a0 \u00a0 \u00a0 \u00a0 \u00a0 \u00a0 \u00a0 \u00a0 \u00a0 \u00a0 \u00a0 \u00a0 \u00a0<\/em>j\u00falius 03 vas\u00e1rnap \u00a0 \u00a0 \u00a0 \u00a0 \u00a0 \u00a0 \u00a0 \u00a0 09.30 \u00f3ra<\/p>\n<p><em>Ave Maria (Deggingen) \u00a0 \u00a0 \u00a0 \u00a0 \u00a0 \u00a0\u00a0<\/em>j\u00falius 10 vas\u00e1rnap \u00a0 \u00a0 \u00a0 \u00a0 \u00a0 \u00a0 \u00a0 \u00a0 11.30 \u00f3ra<\/p>\n<p>&#8212;&#8212;&#8212;&#8212;&#8212;&#8212;&#8212;&#8212;&#8212;&#8212;&#8212;&#8212;&#8212;&#8212;&#8212;&#8212;&#8212;&#8212;&#8212;&#8212;&#8212;&#8212;&#8212;&#8212;&#8212;&#8212;&#8212;&#8212;&#8211;<\/p>\n<p><em>Balingen \u00a0 \u00a0 \u00a0 \u00a0 \u00a0 \u00a0 \u00a0 \u00a0 \u00a0 \u00a0 \u00a0 \u00a0 \u00a0 \u00a0 \u00a0 \u00a0 \u00a0 \u00a0 \u00a0 <\/em>szeptember 03 szombat \u00a0 \u00a0 \u00a0 \u00a0 17.00 \u00f3ra<\/p>\n<p><em>Munderkingen \u00a0 \u00a0 \u00a0 \u00a0 \u00a0 \u00a0 \u00a0 \u00a0 \u00a0 \u00a0 \u00a0 \u00a0 \u00a0 \u00a0<\/em>szeptember 04 vas\u00e1rnap \u00a0 \u00a0 \u00a0 \u00a009.00 \u00f3ra<\/p>\n<p><em>Schw\u00e4bisch Gm\u00fcnd \u00a0 \u00a0 \u00a0 \u00a0 \u00a0 \u00a0 \u00a0 \u00a0 \u00a0 <\/em>szeptember 04 vas\u00e1rnap \u00a0 \u00a0 \u00a0 \u00a009.30 \u00f3ra<\/p>\n<p><em>Stuttgart \u00a0 \u00a0 \u00a0 \u00a0 \u00a0 \u00a0 \u00a0 \u00a0 \u00a0 \u00a0 \u00a0 \u00a0 \u00a0 \u00a0 \u00a0 \u00a0 \u00a0 \u00a0 \u00a0\u00a0<\/em>szeptember 04 vas\u00e1rnap \u00a0 \u00a0 \u00a0 \u00a015.00 \u00f3ra<\/p>\n<p><em>Friedrichshafen-Berg \u00a0 \u00a0 \u00a0 \u00a0 \u00a0 \u00a0 \u00a0 \u00a0<\/em>szeptember 10 szombat \u00a0 \u00a0 \u00a0 \u00a0 \u00a017.00 \u00f3ra<\/p>\n<p><em>Weingarten \u00a0 \u00a0 \u00a0 \u00a0 \u00a0 \u00a0 \u00a0 \u00a0 \u00a0 \u00a0 \u00a0 \u00a0 \u00a0 \u00a0 \u00a0 \u00a0 \u00a0<\/em>szeptember 11 vas\u00e1rnap \u00a0 \u00a0 \u00a0 \u00a0 10.00 \u00f3ra<\/p>\n<p><em>Ulm \u00a0 \u00a0 \u00a0 \u00a0 \u00a0 \u00a0 \u00a0 \u00a0 \u00a0 \u00a0 \u00a0 \u00a0 \u00a0 \u00a0 \u00a0 \u00a0 \u00a0 \u00a0 \u00a0 \u00a0 \u00a0 \u00a0 \u00a0 \u00a0<\/em>szeptember 11 vas\u00e1rnap \u00a0 \u00a0 \u00a0 \u00a0 \u00a015.00 \u00f3ra<\/p>\n<p><em>Ludwigsburg \u00a0 \u00a0 \u00a0 \u00a0 \u00a0 \u00a0 \u00a0 \u00a0 \u00a0 \u00a0 \u00a0 \u00a0 \u00a0 \u00a0 \u00a0 s<\/em>zeptember 18 vas\u00e1rnap \u00a0 \u00a0 \u00a0 \u00a0 09.30 \u00f3ra<\/p>\n<p><em>Stuttgart \u00a0 \u00a0 \u00a0 \u00a0 \u00a0 \u00a0 \u00a0 \u00a0 \u00a0 \u00a0 \u00a0 \u00a0 \u00a0 \u00a0 \u00a0 \u00a0 \u00a0 \u00a0 \u00a0 <\/em>szeptember 18 vas\u00e1rnap \u00a0 \u00a0 \u00a0 \u00a0 12.00 \u00f3ra !!!<\/p>\n<p><em>Heidenheim \u00a0 \u00a0 \u00a0 \u00a0 \u00a0 \u00a0 \u00a0 \u00a0 \u00a0 \u00a0 \u00a0 \u00a0 \u00a0 \u00a0 \u00a0 \u00a0 \u00a0<\/em>szeptember 24 szombat \u00a0 \u00a0 \u00a0 \u00a0 \u00a015.30 \u00f3ra<\/p>\n<p><em>Reutlingen<\/em>\u00a0 \u00a0 \u00a0 \u00a0 \u00a0 \u00a0 \u00a0 \u00a0 \u00a0 \u00a0 \u00a0 \u00a0 \u00a0 \u00a0 \u00a0 \u00a0 \u00a0 \u00a0 \u00a0szeptember 24 szombat \u00a0 \u00a0 \u00a0 \u00a0 \u00a016.30 \u00f3ra<\/p>\n<p><em>Biberach \u00a0 \u00a0 \u00a0 \u00a0 \u00a0 \u00a0 \u00a0 \u00a0 \u00a0 \u00a0 \u00a0 \u00a0 \u00a0 \u00a0 \u00a0 \u00a0 \u00a0 \u00a0 \u00a0 \u00a0<\/em>szeptember 25 vas\u00e1rnap \u00a0 \u00a0 \u00a0 \u00a0 08.45 \u00f3ra<\/p>\n<p><em>B\u00f6blingen<\/em><em>\u00a0 \u00a0 \u00a0 \u00a0 \u00a0 \u00a0 \u00a0 \u00a0 \u00a0 \u00a0 \u00a0 \u00a0 \u00a0 \u00a0 \u00a0 \u00a0 \u00a0 \u00a0 \u00a0\u00a0<\/em>szeptember 25 vas\u00e1rnap \u00a0 \u00a0 \u00a0 \u00a0 09.30 \u00f3ra<\/p>\n<p><em>Eislingen<\/em><em>\u00a0 \u00a0 \u00a0 \u00a0 \u00a0 \u00a0 \u00a0 \u00a0 \u00a0 \u00a0 \u00a0 \u00a0 \u00a0 \u00a0 \u00a0 \u00a0 \u00a0 \u00a0 \u00a0 \u00a0\u00a0<\/em>szeptember 25 vas\u00e1rnap \u00a0 \u00a0 \u00a0 \u00a0 15.00 \u00f3ra<\/p>\n<p><em>Heilbronn \u00a0 \u00a0 \u00a0 \u00a0 \u00a0 \u00a0 \u00a0 \u00a0 \u00a0 \u00a0 \u00a0 \u00a0 \u00a0 \u00a0 \u00a0 \u00a0 \u00a0 \u00a0 \u00a0 <\/em>szeptember 25 vas\u00e1rnap \u00a0 \u00a0 \u00a0 \u00a015.30 \u00f3ra<\/p>\n<p><strong>K\u00d6ZLEM\u00c9NYEK \u2013 RENDEZV\u00c9NYEK<\/strong><\/p>\n<p><strong>J\u00falius 3-\u00e1n,<\/strong> vas\u00e1rnap, a B\u00e4rensee mellett <strong><em>Csal\u00e1di Nap<\/em><\/strong>. A program \u2013 9.30 \u00f3rakor \u2013\u00a0 szentmis\u00e9vel indul, majd k\u00f6z\u00f6s eb\u00e9d, sport \u00e9s bar\u00e1ti egy\u00fcttl\u00e9t napestig. Minden csal\u00e1dos (\u00e9s nemcsal\u00e1dos) h\u00edv\u00fcnket szeretettel v\u00e1runk!<\/p>\n<p>*<\/p>\n<p><strong>J\u00falius 10-\u00e9n, <\/strong>vas\u00e1rnap, <em>Egyh\u00e1zk\u00f6zs\u00e9g\u00fcnk 14 r\u00e9szegyh\u00e1z\u00e1nak<strong> Kis Zar\u00e1ndoklata<\/strong>. <\/em>\u00datir\u00e1ny a Deggingenhez k\u00f6zeli <strong>Ave Maria<\/strong> <strong>kegyk\u00e1polna<\/strong>! A stuttgartiak a Bruder Klaus templom el\u0151l a weingarteniek, az ulmiak \u00e9s a biberachiak pedig Weingartenb\u0151l in-dulnak \u2013 aut\u00f3busszal. Az \u00fcnnepi szentmise 11.30 \u00f3rakor lesz! Ut\u00e1na eb\u00e9d, \u00e9nek \u00e9s bar\u00e1ti egy\u00fcttl\u00e9t. Mindenkit szeretettel v\u00e1runk! Jelentkezni lehet az Irod\u00e1n!<\/p>\n<p>*<\/p>\n<p><strong>Lelkip\u00e1sztorok szabads\u00e1ga<\/strong> \u2013 j\u00falius 18-a \u00e9s augusztus 31-e k\u00f6z\u00f6tt van. K\u00e9rj\u00fck az itt maradtakat, hogy lelki \u00fcgyekben a helyi n\u00e9met pl\u00e9b\u00e1noshoz forduljanak. Szeptembert\u0151l a mell\u00e9kelt miserend \u00e9rv\u00e9nyes. <strong>Minden kedves H\u00edv\u00fcnknek<\/strong> tartalmas nyarat k\u00edv\u00e1nunk, sok napf\u00e9nnyel, pihentet\u0151 programokkal, j\u00f3 eg\u00e9szs\u00e9ggel \u00e9s lelki tartalommal! Ne feledkezzenek meg sem otthon sem idegenben a vas\u00e1rnapi szentmis\u00e9r\u0151l! <strong>K\u00f6sz\u00f6nj\u00fck<\/strong> az egyh\u00e1zi \u00e9v els\u0151 fel\u00e9nek lez\u00e1r\u00e1sakor az egyh\u00e1ztan\u00e1csosoknak, a leg\u00e1tusoknak, a felolvas\u00f3knak, az orgonist\u00e1knak, sekresty\u00e9seknek, a ministr\u00e1nsoknak \u00e9s valamennyi \u00f6nk\u00e9ntes seg\u00edt\u0151nek azt a sok \u00e1ldozatot, amelyet k\u00f6z\u00f6ss\u00e9g\u00fcnk\u00e9rt hoztak. Isten fizesse meg nekik sz\u00e1zszorosan!<\/p>\n<p>*<\/p>\n<p>Stuttgartban <strong>p\u00e9ntekenk\u00e9nt <\/strong>17.45 \u00f3rakor <em>r\u00f3zsaf\u00fcz\u00e9r-\u00e1jtatoss\u00e1g,<\/em> majd<strong> szentmise, <\/strong>keret\u00e9ben besz\u00e9lget\u00e9s a katekizmusr\u00f3l. Az \u00e9rdekl\u0151d\u0151ket <strong>szeptember<\/strong> 2-\u00e1n, 9-\u00e9n, 16-\u00e1n, 23-\u00e1n \u00e9s 30-\u00e1n v\u00e1rjuk. A <strong>Bar\u00e1ts\u00e1gklub <\/strong>tagjai ugyancsak ezeken a napokon tal\u00e1lkoznak, 15.30 \u00f3rakor, a K\u00f6z\u00f6ss\u00e9gi Teremben. Mindenkit szeretettel v\u00e1rnak!<\/p>\n<p><strong>*<\/strong><\/p>\n<p><strong>Ulmban<\/strong> cs\u00fct\u00f6rt\u00f6k\u00f6nk\u00e9nt, azaz<strong> szeptember<\/strong> 1-j\u00e9n, 8-\u00e1n, 15-\u00e9n, 22-\u00e9n \u00e9s 29-\u00e9n <strong>17.30 <\/strong>\u00f3r\u00e1t\u00f3l, <strong>Weingartenben <\/strong>pedig p\u00e9ntekenk\u00e9nt, azaz <strong>szeptember<\/strong> 2-\u00e1n, 9-\u00e9n, 16-\u00e1n, 23-\u00e1n \u00e9s 30-\u00e1n 18.30 \u00f3r\u00e1t\u00f3l <strong>szentmise<\/strong>, ut\u00e1na <em>Besz\u00e9lget\u00e9sek a Bibli\u00e1r\u00f3l.<\/em> Mindenkit szeretettel v\u00e1r Tibor atya!<\/p>\n<p>*<\/p>\n<p>Stuttgartban<strong> szeptember 2-\u00e1n<\/strong> este 19.00 \u00f3rakor <strong>Imak\u00f6r. Szeptember 4-\u00e9n, <\/strong>du. 15.00 \u00f3rakor <strong>Zar\u00e1ndok Tal\u00e1lkoz\u00f3. <\/strong>Szeptember 9-\u00e9n \u00e9s 23-\u00e1n <strong>Sportklubunk <\/strong>tagjai j\u00f6nnek \u00f6ssze asztaliteniszre, aerobicra, \u00e9s <strong>K\u00f3rusra. <\/strong>V\u00e9g\u00fcl <strong>szeptember 16-\u00e1n, <\/strong>p\u00e9nteken 19.00 \u00f3rakor a <strong>Bibliak\u00f6r\u00f6s\u00f6k <\/strong>tal\u00e1lkoznak. Mindenkit szeretettel v\u00e1runk!<\/p>\n<p><strong>*<\/strong><\/p>\n<p><strong>Szeptember 18-\u00e1n <\/strong>Stuttgartban, <strong>templomb\u00facs\u00fa: <\/strong><em>Egyh\u00e1zk\u00f6zs\u00e9g\u00fcnk v\u00e9d\u0151szentj\u00e9nek, Szent Gell\u00e9rt p\u00fcsp\u00f6k \u00e9s v\u00e9rtan\u00fanak az \u00fcnnepe.<\/em> A szentmise, amelyet megh\u00edvott vend\u00e9g\u00fcnk, S.E. B\u00f6cskei L\u00e1szl\u00f3 nagyv\u00e1radi p\u00fcsp\u00f6k tart, 12.00 \u00f3rakor lesz a Bruder-Klaus-templomban. Ut\u00e1na k\u00f6z\u00f6s eb\u00e9d \u00e9s kultur\u00e1lis program k\u00f6vetkezik Egyh\u00e1zk\u00f6zs\u00e9g\u00fcnk nagyterm\u00e9ben \u2013 vagy, j\u00f3 id\u0151 eset\u00e9n kinn, a templom el\u0151tti t\u00e9ren.<\/p>\n<p>*<\/p>\n<p><strong>Nevess vel\u00fcnk:<\/strong> <em>XXIII. J\u00e1nos p\u00e1pa egyszer megl\u00e1togatta az ap\u00e1c\u00e1k \u00e1ltal vezetett r\u00f3mai Szentl\u00e9lek K\u00f3rh\u00e1zat. A f\u0151n\u00f6kn\u0151 izgatottan sietett el\u00e9je \u00e9s bemutatkozott: \u201eSzentaty\u00e1m, \u00e9n vagyok a Szentl\u00e9lek f\u0151n\u00f6kn\u0151je!\u201d Mire a p\u00e1pa humorosan: \u201eKedves F\u0151n\u00f6kn\u0151! \u00d6n t\u00f6bbre vitte n\u00e1lam, mert \u00e9n csak Krisztus helytart\u00f3ja vagyok!\u201d<\/em><\/p>\n<p>&nbsp;<\/p>\n","protected":false},"excerpt":{"rendered":"<p>B a r \u00e1 t o m A\u00a0 Szent Gell\u00e9rt Magyar Katolikus Egyh\u00e1zk\u00f6zs\u00e9g Havilapja Szerkeszt\u0151k: Ft. Merl\u00e1s Tibor \u00e9s Ft. Dr. Tempfli Imre. Kiad\u00f3: Szent Gell\u00e9rt Magyar Katolikus Egyh\u00e1zk\u00f6zs\u00e9g. Postac\u00edm: Albert-Sch\u00e4ffle-Str. 30, 70186-Stuttgart. Tel: 0711-2369190, Fax: 0711-2367393, E-mail: mission@gracious-dewdney.138-201-221-2.plesk.page Honlap: www.stuttgarti-katolikusok.de Sz\u00e1mla: Postbank Stuttgart, IBAN: DE80600100700002190704, \u00a0BIC: PBNKDEFF 2\u00a00\u00a01 6\u00a0 \u00a0J\u00daLIUS &#8211; SZEPTEMBER &nbsp; Szent Gell\u00e9rt p\u00fcsp\u00f6k \u00e9s v\u00e9rtan\u00fa (980 k\u00f6r\u00fcl &#8211; 1046. szeptember 24.) &nbsp; Budapesten, az Erzs\u00e9bet-h\u00edddal szemben \u00e1ll Jankovics Gyula gy\u00f6ny\u00f6r\u0171 alkot\u00e1sa, az els\u0151 magyar v\u00e9rtan\u00fanak, Szent Gell\u00e9rtnek hatalmas bronzszobra. A szobor magasra emelt jobbj\u00e1ban a szent keresztet tartja a magyarok v\u00e1rosa f\u00f6l\u00e9, hirdetv\u00e9n ezzel, hogy a nemzet a kereszt jegy\u00e9ben sz\u00fcletett, \u00e9s annak v\u00e9delme alatt \u00e1ll. Gell\u00e9rt volt a magyar n\u00e9p els\u0151 nagy t\u00e9r\u00edt\u0151je. Sz\u00e1rmaz\u00e1s\u00e1t tekintve viszont nem magyar: az It\u00e1li\u00e1ban sz\u00fcletett f\u0151papot a v\u00e9letlen hozta haz\u00e1nkba. Szent Gell\u00e9rt \u00e9let\u00e9nek esem\u00e9nyeit k\u00e9t legenda \u0151rizte meg, melyek j\u00f3val hal\u00e1la ut\u00e1n \u00edr\u00f3dtak, \u00edgy a forr\u00e1skritika \u00e1ltal felvetett k\u00e9rd\u00e9sek megv\u00e1laszol\u00e1sa m\u00e9g h\u00e1travan. Azonban ett\u0151l f\u00fcggetlen\u00fcl Gell\u00e9rt \u00e9let\u00e9t \u00e9s szem\u00e9lyis\u00e9g\u00e9t a m\u00e1r rendelkez\u00e9sre \u00e1ll\u00f3 biztos adatok seg\u00edts\u00e9g\u00e9vel is hitelesen meg lehet ismerni. It\u00e1lia egyik legjelent\u0151sebb v\u00e1ros\u00e1ban, Velenc\u00e9ben sz\u00fcletett, k\u00f6ztiszteletnek \u00f6rvend\u0151 patr\u00edciuscsal\u00e1d gyermekek\u00e9nt. Sz\u00fclei a Gy\u00f6rgy nevet adt\u00e1k neki. \u00c9desapja, Sagredo Gell\u00e9rt kalm\u00e1r volt. 5 \u00e9ves kor\u00e1ban s\u00falyosan megbetegedett, ez\u00e9rt sz\u00fclei a benc\u00e9sek Szent Gy\u00f6rgy tisztelet\u00e9re alap\u00edtott monostor\u00e1ba vitt\u00e9k, \u00e9s felaj\u00e1nlott\u00e1k a lovagszentnek. Meg\u00edg\u00e9rt\u00e9k, ha a kis Gy\u00f6rgy fel\u00e9p\u00fcl, \u0151 is fel\u00f6lti a szerzetesi csuh\u00e1t. A kisfi\u00fa eg\u00e9szs\u00e9ge helyre\u00e1llt, \u00e9s a szerzetesek iskol\u00e1j\u00e1ban tehets\u00e9g\u00e9vel hamar kiv\u00edvta tan\u00e1rai megbecs\u00fcl\u00e9s\u00e9t. 15 \u00e9ves volt, mikor \u00e9desapja a Szentf\u00f6ldre zar\u00e1ndokolt \u00e9s ott meghalt. Gy\u00f6rgy ekkor \u00e9desapja eml\u00e9k\u00e9re a Gell\u00e9rt nevet vette fel. Hamarosan \u00e9desanyj\u00e1t is elvesztette. 25 \u00e9ves kor\u00e1ra Gell\u00e9rt mintaszer\u0171 szerzetess\u00e9 v\u00e1lt tudom\u00e1nyban, im\u00e1ds\u00e1gban, \u00f6nmegtagad\u00e1sban \u00e9s munk\u00e1ban egyar\u00e1nt. Vilmos ap\u00e1t javaslat\u00e1ra ez\u00e9rt Bologn\u00e1ba k\u00fcldt\u00e9k tanulni. 7 \u00e9v m\u00falva t\u00e9rt vissza a kolostorba, ahol Vilmos ap\u00e1t hal\u00e1la ut\u00e1n a t\u00e1rsai az ap\u00e1ti tiszts\u00e9ggel b\u00edzt\u00e1k meg&#8230;. <\/p>\n<p><a class=\"readmore\" href=\"https:\/\/stuttgarti-katolikusok.de\/index.php\/baratom-2016-julius-szeptember\/\">R\u00e9szletek<\/a><\/p>\n","protected":false},"author":3,"featured_media":9560,"comment_status":"closed","ping_status":"closed","sticky":false,"template":"","format":"standard","meta":{"footnotes":""},"categories":[29,5],"tags":[],"class_list":["post-9559","post","type-post","status-publish","format-standard","has-post-thumbnail","hentry","category-baratom","category-hirek"],"yoast_head":"<!-- This site is optimized with the Yoast SEO plugin v27.3 - https:\/\/yoast.com\/product\/yoast-seo-wordpress\/ -->\n<title>Bar\u00e1tom: 2016 j\u00falius - szeptember - Stuttgarti Katolikusok<\/title>\n<meta name=\"robots\" content=\"index, follow, max-snippet:-1, max-image-preview:large, max-video-preview:-1\" \/>\n<link rel=\"canonical\" href=\"https:\/\/stuttgarti-katolikusok.de\/index.php\/baratom-2016-julius-szeptember\/\" \/>\n<meta property=\"og:locale\" content=\"hu_HU\" \/>\n<meta property=\"og:type\" content=\"article\" \/>\n<meta property=\"og:title\" content=\"Bar\u00e1tom: 2016 j\u00falius - szeptember - Stuttgarti Katolikusok\" \/>\n<meta property=\"og:description\" content=\"B a r \u00e1 t o m A\u00a0 Szent Gell\u00e9rt Magyar Katolikus Egyh\u00e1zk\u00f6zs\u00e9g Havilapja Szerkeszt\u0151k: Ft. Merl\u00e1s Tibor \u00e9s Ft. Dr. Tempfli Imre. Kiad\u00f3: Szent Gell\u00e9rt Magyar Katolikus Egyh\u00e1zk\u00f6zs\u00e9g. Postac\u00edm: Albert-Sch\u00e4ffle-Str. 30, 70186-Stuttgart. Tel: 0711-2369190, Fax: 0711-2367393, E-mail: mission@gracious-dewdney.138-201-221-2.plesk.page Honlap: www.stuttgarti-katolikusok.de Sz\u00e1mla: Postbank Stuttgart, IBAN: DE80600100700002190704, \u00a0BIC: PBNKDEFF 2\u00a00\u00a01 6\u00a0 \u00a0J\u00daLIUS &#8211; SZEPTEMBER &nbsp; Szent Gell\u00e9rt p\u00fcsp\u00f6k \u00e9s v\u00e9rtan\u00fa (980 k\u00f6r\u00fcl &#8211; 1046. szeptember 24.) &nbsp; Budapesten, az Erzs\u00e9bet-h\u00edddal szemben \u00e1ll Jankovics Gyula gy\u00f6ny\u00f6r\u0171 alkot\u00e1sa, az els\u0151 magyar v\u00e9rtan\u00fanak, Szent Gell\u00e9rtnek hatalmas bronzszobra. A szobor magasra emelt jobbj\u00e1ban a szent keresztet tartja a magyarok v\u00e1rosa f\u00f6l\u00e9, hirdetv\u00e9n ezzel, hogy a nemzet a kereszt jegy\u00e9ben sz\u00fcletett, \u00e9s annak v\u00e9delme alatt \u00e1ll. Gell\u00e9rt volt a magyar n\u00e9p els\u0151 nagy t\u00e9r\u00edt\u0151je. Sz\u00e1rmaz\u00e1s\u00e1t tekintve viszont nem magyar: az It\u00e1li\u00e1ban sz\u00fcletett f\u0151papot a v\u00e9letlen hozta haz\u00e1nkba. Szent Gell\u00e9rt \u00e9let\u00e9nek esem\u00e9nyeit k\u00e9t legenda \u0151rizte meg, melyek j\u00f3val hal\u00e1la ut\u00e1n \u00edr\u00f3dtak, \u00edgy a forr\u00e1skritika \u00e1ltal felvetett k\u00e9rd\u00e9sek megv\u00e1laszol\u00e1sa m\u00e9g h\u00e1travan. Azonban ett\u0151l f\u00fcggetlen\u00fcl Gell\u00e9rt \u00e9let\u00e9t \u00e9s szem\u00e9lyis\u00e9g\u00e9t a m\u00e1r rendelkez\u00e9sre \u00e1ll\u00f3 biztos adatok seg\u00edts\u00e9g\u00e9vel is hitelesen meg lehet ismerni. It\u00e1lia egyik legjelent\u0151sebb v\u00e1ros\u00e1ban, Velenc\u00e9ben sz\u00fcletett, k\u00f6ztiszteletnek \u00f6rvend\u0151 patr\u00edciuscsal\u00e1d gyermekek\u00e9nt. Sz\u00fclei a Gy\u00f6rgy nevet adt\u00e1k neki. \u00c9desapja, Sagredo Gell\u00e9rt kalm\u00e1r volt. 5 \u00e9ves kor\u00e1ban s\u00falyosan megbetegedett, ez\u00e9rt sz\u00fclei a benc\u00e9sek Szent Gy\u00f6rgy tisztelet\u00e9re alap\u00edtott monostor\u00e1ba vitt\u00e9k, \u00e9s felaj\u00e1nlott\u00e1k a lovagszentnek. Meg\u00edg\u00e9rt\u00e9k, ha a kis Gy\u00f6rgy fel\u00e9p\u00fcl, \u0151 is fel\u00f6lti a szerzetesi csuh\u00e1t. A kisfi\u00fa eg\u00e9szs\u00e9ge helyre\u00e1llt, \u00e9s a szerzetesek iskol\u00e1j\u00e1ban tehets\u00e9g\u00e9vel hamar kiv\u00edvta tan\u00e1rai megbecs\u00fcl\u00e9s\u00e9t. 15 \u00e9ves volt, mikor \u00e9desapja a Szentf\u00f6ldre zar\u00e1ndokolt \u00e9s ott meghalt. Gy\u00f6rgy ekkor \u00e9desapja eml\u00e9k\u00e9re a Gell\u00e9rt nevet vette fel. Hamarosan \u00e9desanyj\u00e1t is elvesztette. 25 \u00e9ves kor\u00e1ra Gell\u00e9rt mintaszer\u0171 szerzetess\u00e9 v\u00e1lt tudom\u00e1nyban, im\u00e1ds\u00e1gban, \u00f6nmegtagad\u00e1sban \u00e9s munk\u00e1ban egyar\u00e1nt. Vilmos ap\u00e1t javaslat\u00e1ra ez\u00e9rt Bologn\u00e1ba k\u00fcldt\u00e9k tanulni. 7 \u00e9v m\u00falva t\u00e9rt vissza a kolostorba, ahol Vilmos ap\u00e1t hal\u00e1la ut\u00e1n a t\u00e1rsai az ap\u00e1ti tiszts\u00e9ggel b\u00edzt\u00e1k meg.... R\u00e9szletek\" \/>\n<meta property=\"og:url\" content=\"https:\/\/stuttgarti-katolikusok.de\/index.php\/baratom-2016-julius-szeptember\/\" \/>\n<meta property=\"og:site_name\" content=\"Stuttgarti Katolikusok\" \/>\n<meta property=\"article:published_time\" content=\"2016-07-05T13:31:25+00:00\" \/>\n<meta property=\"article:modified_time\" content=\"2016-07-05T13:53:01+00:00\" \/>\n<meta property=\"og:image\" content=\"https:\/\/stuttgarti-katolikusok.de\/wp-content\/uploads\/2016\/07\/szent-gellert.jpg\" \/>\n\t<meta property=\"og:image:width\" content=\"273\" \/>\n\t<meta property=\"og:image:height\" content=\"273\" \/>\n\t<meta property=\"og:image:type\" content=\"image\/jpeg\" \/>\n<meta name=\"author\" content=\"Tibor atya\" \/>\n<meta name=\"twitter:card\" content=\"summary_large_image\" \/>\n<meta name=\"twitter:label1\" content=\"Szerz\u0151:\" \/>\n\t<meta name=\"twitter:data1\" content=\"Tibor atya\" \/>\n\t<meta name=\"twitter:label2\" content=\"Becs\u00fclt olvas\u00e1si id\u0151\" \/>\n\t<meta name=\"twitter:data2\" content=\"10 perc\" \/>\n<script type=\"application\/ld+json\" class=\"yoast-schema-graph\">{\"@context\":\"https:\\\/\\\/schema.org\",\"@graph\":[{\"@type\":\"Article\",\"@id\":\"https:\\\/\\\/stuttgarti-katolikusok.de\\\/index.php\\\/baratom-2016-julius-szeptember\\\/#article\",\"isPartOf\":{\"@id\":\"https:\\\/\\\/stuttgarti-katolikusok.de\\\/index.php\\\/baratom-2016-julius-szeptember\\\/\"},\"author\":{\"name\":\"Tibor atya\",\"@id\":\"https:\\\/\\\/stuttgarti-katolikusok.de\\\/#\\\/schema\\\/person\\\/75908d6f8fdc03a57889d27209df7795\"},\"headline\":\"Bar\u00e1tom: 2016 j\u00falius &#8211; szeptember\",\"datePublished\":\"2016-07-05T13:31:25+00:00\",\"dateModified\":\"2016-07-05T13:53:01+00:00\",\"mainEntityOfPage\":{\"@id\":\"https:\\\/\\\/stuttgarti-katolikusok.de\\\/index.php\\\/baratom-2016-julius-szeptember\\\/\"},\"wordCount\":2066,\"image\":{\"@id\":\"https:\\\/\\\/stuttgarti-katolikusok.de\\\/index.php\\\/baratom-2016-julius-szeptember\\\/#primaryimage\"},\"thumbnailUrl\":\"https:\\\/\\\/stuttgarti-katolikusok.de\\\/wp-content\\\/uploads\\\/2016\\\/07\\\/szent-gellert.jpg\",\"articleSection\":[\"Bar\u00e1tom\",\"H\u00edrek\"],\"inLanguage\":\"hu\"},{\"@type\":\"WebPage\",\"@id\":\"https:\\\/\\\/stuttgarti-katolikusok.de\\\/index.php\\\/baratom-2016-julius-szeptember\\\/\",\"url\":\"https:\\\/\\\/stuttgarti-katolikusok.de\\\/index.php\\\/baratom-2016-julius-szeptember\\\/\",\"name\":\"Bar\u00e1tom: 2016 j\u00falius - szeptember - Stuttgarti Katolikusok\",\"isPartOf\":{\"@id\":\"https:\\\/\\\/stuttgarti-katolikusok.de\\\/#website\"},\"primaryImageOfPage\":{\"@id\":\"https:\\\/\\\/stuttgarti-katolikusok.de\\\/index.php\\\/baratom-2016-julius-szeptember\\\/#primaryimage\"},\"image\":{\"@id\":\"https:\\\/\\\/stuttgarti-katolikusok.de\\\/index.php\\\/baratom-2016-julius-szeptember\\\/#primaryimage\"},\"thumbnailUrl\":\"https:\\\/\\\/stuttgarti-katolikusok.de\\\/wp-content\\\/uploads\\\/2016\\\/07\\\/szent-gellert.jpg\",\"datePublished\":\"2016-07-05T13:31:25+00:00\",\"dateModified\":\"2016-07-05T13:53:01+00:00\",\"author\":{\"@id\":\"https:\\\/\\\/stuttgarti-katolikusok.de\\\/#\\\/schema\\\/person\\\/75908d6f8fdc03a57889d27209df7795\"},\"breadcrumb\":{\"@id\":\"https:\\\/\\\/stuttgarti-katolikusok.de\\\/index.php\\\/baratom-2016-julius-szeptember\\\/#breadcrumb\"},\"inLanguage\":\"hu\",\"potentialAction\":[{\"@type\":\"ReadAction\",\"target\":[\"https:\\\/\\\/stuttgarti-katolikusok.de\\\/index.php\\\/baratom-2016-julius-szeptember\\\/\"]}]},{\"@type\":\"ImageObject\",\"inLanguage\":\"hu\",\"@id\":\"https:\\\/\\\/stuttgarti-katolikusok.de\\\/index.php\\\/baratom-2016-julius-szeptember\\\/#primaryimage\",\"url\":\"https:\\\/\\\/stuttgarti-katolikusok.de\\\/wp-content\\\/uploads\\\/2016\\\/07\\\/szent-gellert.jpg\",\"contentUrl\":\"https:\\\/\\\/stuttgarti-katolikusok.de\\\/wp-content\\\/uploads\\\/2016\\\/07\\\/szent-gellert.jpg\",\"width\":273,\"height\":273},{\"@type\":\"BreadcrumbList\",\"@id\":\"https:\\\/\\\/stuttgarti-katolikusok.de\\\/index.php\\\/baratom-2016-julius-szeptember\\\/#breadcrumb\",\"itemListElement\":[{\"@type\":\"ListItem\",\"position\":1,\"name\":\"Kezd\u0151lap\",\"item\":\"https:\\\/\\\/stuttgarti-katolikusok.de\\\/\"},{\"@type\":\"ListItem\",\"position\":2,\"name\":\"Bar\u00e1tom: 2016 j\u00falius &#8211; szeptember\"}]},{\"@type\":\"WebSite\",\"@id\":\"https:\\\/\\\/stuttgarti-katolikusok.de\\\/#website\",\"url\":\"https:\\\/\\\/stuttgarti-katolikusok.de\\\/\",\"name\":\"Stuttgarti Katolikusok\",\"description\":\"\",\"potentialAction\":[{\"@type\":\"SearchAction\",\"target\":{\"@type\":\"EntryPoint\",\"urlTemplate\":\"https:\\\/\\\/stuttgarti-katolikusok.de\\\/?s={search_term_string}\"},\"query-input\":{\"@type\":\"PropertyValueSpecification\",\"valueRequired\":true,\"valueName\":\"search_term_string\"}}],\"inLanguage\":\"hu\"},{\"@type\":\"Person\",\"@id\":\"https:\\\/\\\/stuttgarti-katolikusok.de\\\/#\\\/schema\\\/person\\\/75908d6f8fdc03a57889d27209df7795\",\"name\":\"Tibor atya\",\"image\":{\"@type\":\"ImageObject\",\"inLanguage\":\"hu\",\"@id\":\"https:\\\/\\\/secure.gravatar.com\\\/avatar\\\/61d268e57d1f4525b111222e29d2d5a7f8c420fdbf231ba5566a8ceac74fa960?s=96&d=mm&r=g\",\"url\":\"https:\\\/\\\/secure.gravatar.com\\\/avatar\\\/61d268e57d1f4525b111222e29d2d5a7f8c420fdbf231ba5566a8ceac74fa960?s=96&d=mm&r=g\",\"contentUrl\":\"https:\\\/\\\/secure.gravatar.com\\\/avatar\\\/61d268e57d1f4525b111222e29d2d5a7f8c420fdbf231ba5566a8ceac74fa960?s=96&d=mm&r=g\",\"caption\":\"Tibor atya\"},\"url\":\"https:\\\/\\\/stuttgarti-katolikusok.de\\\/index.php\\\/author\\\/tibor-atya\\\/\"}]}<\/script>\n<!-- \/ Yoast SEO plugin. -->","yoast_head_json":{"title":"Bar\u00e1tom: 2016 j\u00falius - szeptember - Stuttgarti Katolikusok","robots":{"index":"index","follow":"follow","max-snippet":"max-snippet:-1","max-image-preview":"max-image-preview:large","max-video-preview":"max-video-preview:-1"},"canonical":"https:\/\/stuttgarti-katolikusok.de\/index.php\/baratom-2016-julius-szeptember\/","og_locale":"hu_HU","og_type":"article","og_title":"Bar\u00e1tom: 2016 j\u00falius - szeptember - Stuttgarti Katolikusok","og_description":"B a r \u00e1 t o m A\u00a0 Szent Gell\u00e9rt Magyar Katolikus Egyh\u00e1zk\u00f6zs\u00e9g Havilapja Szerkeszt\u0151k: Ft. Merl\u00e1s Tibor \u00e9s Ft. Dr. Tempfli Imre. Kiad\u00f3: Szent Gell\u00e9rt Magyar Katolikus Egyh\u00e1zk\u00f6zs\u00e9g. Postac\u00edm: Albert-Sch\u00e4ffle-Str. 30, 70186-Stuttgart. Tel: 0711-2369190, Fax: 0711-2367393, E-mail: mission@gracious-dewdney.138-201-221-2.plesk.page Honlap: www.stuttgarti-katolikusok.de Sz\u00e1mla: Postbank Stuttgart, IBAN: DE80600100700002190704, \u00a0BIC: PBNKDEFF 2\u00a00\u00a01 6\u00a0 \u00a0J\u00daLIUS &#8211; SZEPTEMBER &nbsp; Szent Gell\u00e9rt p\u00fcsp\u00f6k \u00e9s v\u00e9rtan\u00fa (980 k\u00f6r\u00fcl &#8211; 1046. szeptember 24.) &nbsp; Budapesten, az Erzs\u00e9bet-h\u00edddal szemben \u00e1ll Jankovics Gyula gy\u00f6ny\u00f6r\u0171 alkot\u00e1sa, az els\u0151 magyar v\u00e9rtan\u00fanak, Szent Gell\u00e9rtnek hatalmas bronzszobra. A szobor magasra emelt jobbj\u00e1ban a szent keresztet tartja a magyarok v\u00e1rosa f\u00f6l\u00e9, hirdetv\u00e9n ezzel, hogy a nemzet a kereszt jegy\u00e9ben sz\u00fcletett, \u00e9s annak v\u00e9delme alatt \u00e1ll. Gell\u00e9rt volt a magyar n\u00e9p els\u0151 nagy t\u00e9r\u00edt\u0151je. Sz\u00e1rmaz\u00e1s\u00e1t tekintve viszont nem magyar: az It\u00e1li\u00e1ban sz\u00fcletett f\u0151papot a v\u00e9letlen hozta haz\u00e1nkba. Szent Gell\u00e9rt \u00e9let\u00e9nek esem\u00e9nyeit k\u00e9t legenda \u0151rizte meg, melyek j\u00f3val hal\u00e1la ut\u00e1n \u00edr\u00f3dtak, \u00edgy a forr\u00e1skritika \u00e1ltal felvetett k\u00e9rd\u00e9sek megv\u00e1laszol\u00e1sa m\u00e9g h\u00e1travan. Azonban ett\u0151l f\u00fcggetlen\u00fcl Gell\u00e9rt \u00e9let\u00e9t \u00e9s szem\u00e9lyis\u00e9g\u00e9t a m\u00e1r rendelkez\u00e9sre \u00e1ll\u00f3 biztos adatok seg\u00edts\u00e9g\u00e9vel is hitelesen meg lehet ismerni. It\u00e1lia egyik legjelent\u0151sebb v\u00e1ros\u00e1ban, Velenc\u00e9ben sz\u00fcletett, k\u00f6ztiszteletnek \u00f6rvend\u0151 patr\u00edciuscsal\u00e1d gyermekek\u00e9nt. Sz\u00fclei a Gy\u00f6rgy nevet adt\u00e1k neki. \u00c9desapja, Sagredo Gell\u00e9rt kalm\u00e1r volt. 5 \u00e9ves kor\u00e1ban s\u00falyosan megbetegedett, ez\u00e9rt sz\u00fclei a benc\u00e9sek Szent Gy\u00f6rgy tisztelet\u00e9re alap\u00edtott monostor\u00e1ba vitt\u00e9k, \u00e9s felaj\u00e1nlott\u00e1k a lovagszentnek. Meg\u00edg\u00e9rt\u00e9k, ha a kis Gy\u00f6rgy fel\u00e9p\u00fcl, \u0151 is fel\u00f6lti a szerzetesi csuh\u00e1t. A kisfi\u00fa eg\u00e9szs\u00e9ge helyre\u00e1llt, \u00e9s a szerzetesek iskol\u00e1j\u00e1ban tehets\u00e9g\u00e9vel hamar kiv\u00edvta tan\u00e1rai megbecs\u00fcl\u00e9s\u00e9t. 15 \u00e9ves volt, mikor \u00e9desapja a Szentf\u00f6ldre zar\u00e1ndokolt \u00e9s ott meghalt. Gy\u00f6rgy ekkor \u00e9desapja eml\u00e9k\u00e9re a Gell\u00e9rt nevet vette fel. Hamarosan \u00e9desanyj\u00e1t is elvesztette. 25 \u00e9ves kor\u00e1ra Gell\u00e9rt mintaszer\u0171 szerzetess\u00e9 v\u00e1lt tudom\u00e1nyban, im\u00e1ds\u00e1gban, \u00f6nmegtagad\u00e1sban \u00e9s munk\u00e1ban egyar\u00e1nt. Vilmos ap\u00e1t javaslat\u00e1ra ez\u00e9rt Bologn\u00e1ba k\u00fcldt\u00e9k tanulni. 7 \u00e9v m\u00falva t\u00e9rt vissza a kolostorba, ahol Vilmos ap\u00e1t hal\u00e1la ut\u00e1n a t\u00e1rsai az ap\u00e1ti tiszts\u00e9ggel b\u00edzt\u00e1k meg.... R\u00e9szletek","og_url":"https:\/\/stuttgarti-katolikusok.de\/index.php\/baratom-2016-julius-szeptember\/","og_site_name":"Stuttgarti Katolikusok","article_published_time":"2016-07-05T13:31:25+00:00","article_modified_time":"2016-07-05T13:53:01+00:00","og_image":[{"width":273,"height":273,"url":"https:\/\/stuttgarti-katolikusok.de\/wp-content\/uploads\/2016\/07\/szent-gellert.jpg","type":"image\/jpeg"}],"author":"Tibor atya","twitter_card":"summary_large_image","twitter_misc":{"Szerz\u0151:":"Tibor atya","Becs\u00fclt olvas\u00e1si id\u0151":"10 perc"},"schema":{"@context":"https:\/\/schema.org","@graph":[{"@type":"Article","@id":"https:\/\/stuttgarti-katolikusok.de\/index.php\/baratom-2016-julius-szeptember\/#article","isPartOf":{"@id":"https:\/\/stuttgarti-katolikusok.de\/index.php\/baratom-2016-julius-szeptember\/"},"author":{"name":"Tibor atya","@id":"https:\/\/stuttgarti-katolikusok.de\/#\/schema\/person\/75908d6f8fdc03a57889d27209df7795"},"headline":"Bar\u00e1tom: 2016 j\u00falius &#8211; szeptember","datePublished":"2016-07-05T13:31:25+00:00","dateModified":"2016-07-05T13:53:01+00:00","mainEntityOfPage":{"@id":"https:\/\/stuttgarti-katolikusok.de\/index.php\/baratom-2016-julius-szeptember\/"},"wordCount":2066,"image":{"@id":"https:\/\/stuttgarti-katolikusok.de\/index.php\/baratom-2016-julius-szeptember\/#primaryimage"},"thumbnailUrl":"https:\/\/stuttgarti-katolikusok.de\/wp-content\/uploads\/2016\/07\/szent-gellert.jpg","articleSection":["Bar\u00e1tom","H\u00edrek"],"inLanguage":"hu"},{"@type":"WebPage","@id":"https:\/\/stuttgarti-katolikusok.de\/index.php\/baratom-2016-julius-szeptember\/","url":"https:\/\/stuttgarti-katolikusok.de\/index.php\/baratom-2016-julius-szeptember\/","name":"Bar\u00e1tom: 2016 j\u00falius - szeptember - Stuttgarti Katolikusok","isPartOf":{"@id":"https:\/\/stuttgarti-katolikusok.de\/#website"},"primaryImageOfPage":{"@id":"https:\/\/stuttgarti-katolikusok.de\/index.php\/baratom-2016-julius-szeptember\/#primaryimage"},"image":{"@id":"https:\/\/stuttgarti-katolikusok.de\/index.php\/baratom-2016-julius-szeptember\/#primaryimage"},"thumbnailUrl":"https:\/\/stuttgarti-katolikusok.de\/wp-content\/uploads\/2016\/07\/szent-gellert.jpg","datePublished":"2016-07-05T13:31:25+00:00","dateModified":"2016-07-05T13:53:01+00:00","author":{"@id":"https:\/\/stuttgarti-katolikusok.de\/#\/schema\/person\/75908d6f8fdc03a57889d27209df7795"},"breadcrumb":{"@id":"https:\/\/stuttgarti-katolikusok.de\/index.php\/baratom-2016-julius-szeptember\/#breadcrumb"},"inLanguage":"hu","potentialAction":[{"@type":"ReadAction","target":["https:\/\/stuttgarti-katolikusok.de\/index.php\/baratom-2016-julius-szeptember\/"]}]},{"@type":"ImageObject","inLanguage":"hu","@id":"https:\/\/stuttgarti-katolikusok.de\/index.php\/baratom-2016-julius-szeptember\/#primaryimage","url":"https:\/\/stuttgarti-katolikusok.de\/wp-content\/uploads\/2016\/07\/szent-gellert.jpg","contentUrl":"https:\/\/stuttgarti-katolikusok.de\/wp-content\/uploads\/2016\/07\/szent-gellert.jpg","width":273,"height":273},{"@type":"BreadcrumbList","@id":"https:\/\/stuttgarti-katolikusok.de\/index.php\/baratom-2016-julius-szeptember\/#breadcrumb","itemListElement":[{"@type":"ListItem","position":1,"name":"Kezd\u0151lap","item":"https:\/\/stuttgarti-katolikusok.de\/"},{"@type":"ListItem","position":2,"name":"Bar\u00e1tom: 2016 j\u00falius &#8211; szeptember"}]},{"@type":"WebSite","@id":"https:\/\/stuttgarti-katolikusok.de\/#website","url":"https:\/\/stuttgarti-katolikusok.de\/","name":"Stuttgarti Katolikusok","description":"","potentialAction":[{"@type":"SearchAction","target":{"@type":"EntryPoint","urlTemplate":"https:\/\/stuttgarti-katolikusok.de\/?s={search_term_string}"},"query-input":{"@type":"PropertyValueSpecification","valueRequired":true,"valueName":"search_term_string"}}],"inLanguage":"hu"},{"@type":"Person","@id":"https:\/\/stuttgarti-katolikusok.de\/#\/schema\/person\/75908d6f8fdc03a57889d27209df7795","name":"Tibor atya","image":{"@type":"ImageObject","inLanguage":"hu","@id":"https:\/\/secure.gravatar.com\/avatar\/61d268e57d1f4525b111222e29d2d5a7f8c420fdbf231ba5566a8ceac74fa960?s=96&d=mm&r=g","url":"https:\/\/secure.gravatar.com\/avatar\/61d268e57d1f4525b111222e29d2d5a7f8c420fdbf231ba5566a8ceac74fa960?s=96&d=mm&r=g","contentUrl":"https:\/\/secure.gravatar.com\/avatar\/61d268e57d1f4525b111222e29d2d5a7f8c420fdbf231ba5566a8ceac74fa960?s=96&d=mm&r=g","caption":"Tibor atya"},"url":"https:\/\/stuttgarti-katolikusok.de\/index.php\/author\/tibor-atya\/"}]}},"_links":{"self":[{"href":"https:\/\/stuttgarti-katolikusok.de\/index.php\/wp-json\/wp\/v2\/posts\/9559","targetHints":{"allow":["GET"]}}],"collection":[{"href":"https:\/\/stuttgarti-katolikusok.de\/index.php\/wp-json\/wp\/v2\/posts"}],"about":[{"href":"https:\/\/stuttgarti-katolikusok.de\/index.php\/wp-json\/wp\/v2\/types\/post"}],"author":[{"embeddable":true,"href":"https:\/\/stuttgarti-katolikusok.de\/index.php\/wp-json\/wp\/v2\/users\/3"}],"replies":[{"embeddable":true,"href":"https:\/\/stuttgarti-katolikusok.de\/index.php\/wp-json\/wp\/v2\/comments?post=9559"}],"version-history":[{"count":5,"href":"https:\/\/stuttgarti-katolikusok.de\/index.php\/wp-json\/wp\/v2\/posts\/9559\/revisions"}],"predecessor-version":[{"id":9563,"href":"https:\/\/stuttgarti-katolikusok.de\/index.php\/wp-json\/wp\/v2\/posts\/9559\/revisions\/9563"}],"wp:featuredmedia":[{"embeddable":true,"href":"https:\/\/stuttgarti-katolikusok.de\/index.php\/wp-json\/wp\/v2\/media\/9560"}],"wp:attachment":[{"href":"https:\/\/stuttgarti-katolikusok.de\/index.php\/wp-json\/wp\/v2\/media?parent=9559"}],"wp:term":[{"taxonomy":"category","embeddable":true,"href":"https:\/\/stuttgarti-katolikusok.de\/index.php\/wp-json\/wp\/v2\/categories?post=9559"},{"taxonomy":"post_tag","embeddable":true,"href":"https:\/\/stuttgarti-katolikusok.de\/index.php\/wp-json\/wp\/v2\/tags?post=9559"}],"curies":[{"name":"wp","href":"https:\/\/api.w.org\/{rel}","templated":true}]}}