{"id":9544,"date":"2016-06-29T13:27:28","date_gmt":"2016-06-29T13:27:28","guid":{"rendered":"https:\/\/gracious-dewdney.138-201-221-2.plesk.page\/?p=9544"},"modified":"2016-07-02T22:16:26","modified_gmt":"2016-07-02T22:16:26","slug":"templombucsu-ludwigsburgban-2","status":"publish","type":"post","link":"https:\/\/stuttgarti-katolikusok.de\/index.php\/templombucsu-ludwigsburgban-2\/","title":{"rendered":"Ludwigsburgi templomb\u00facs\u00fa"},"content":{"rendered":"<p class=\"Standard\" style=\"margin-bottom: 14.15pt;\"><em>Az al\u00e1bbiakban Fischer J\u00f3zsef \u00e9s Zsuzsanna \u00edr\u00e1sait olvashatj\u00e1tok:<\/em><\/p>\n<p class=\"Standard\" style=\"margin-bottom: 14.15pt;\"><em><strong><span lang=\"DE\">Templomb\u00facs\u00fa Ludwigsburgban<\/span><\/strong><\/em><\/p>\n<p class=\"Standard\" style=\"margin-bottom: 14.15pt;\"><span lang=\"DE\">\u00a0<\/span><span lang=\"DE\">2016. j\u00fanius 17-\u00e9n, p\u00e9nteken, k\u00e9t nappal a Szent L\u00e1szl\u00f3 kir\u00e1ly tisztelet\u00e9re tartott\u00a0 b\u00facs\u00fank el\u0151tt vagyunk Ludwigsburgban. Az id\u0151j\u00e1r\u00e1s rossz, v\u00e1ltoz\u00e9kony \u00e9s az el\u0151rejelz\u00e9s vas\u00e1rnapra sem biztat semmi j\u00f3val. Ha esni fog, beszorulunk a kis k\u00f6z\u00f6ss\u00e9gi terembe, ami nem igaz\u00e1n lenne j\u00f3. Ugyanis sok vend\u00e9gre sz\u00e1m\u00edtunk, sok kedves hitt\u00e1rsunkra \u00e9s bar\u00e1tunkra.<br \/>\n2016. j\u00fanius 19-e, \u00a0vas\u00e1rnap. Reggel 8 \u00f3rakor m\u00e9g mindig bizonytalan volt az id\u0151. Geiger Erika azonban megingathatatlan biztons\u00e1ggal \u00e1ll\u00edtotta, hogy: &#8222;megl\u00e1tj\u00e1tok, a j\u00f3 Isten megseg\u00edt benn\u00fcnket! Nem fog esni!&#8221; Igaza lett. M\u00e9g a nap is kis\u00fct\u00f6tt.<\/span><\/p>\n<p>A szentmise ut\u00e1n azt\u00e1n, a szabad \u00e9g alatt, megter\u00edtett asztalok mellett vid\u00e1m, felszabadult besz\u00e9lget\u00e9ssel t\u00f6lt\u00f6tt\u00fcnk el\u00a0 egy nagyon sz\u00e9p d\u00e9lel\u0151tt\u00f6t. Elmondhatatlanul sokat ad \u00e9s tesz boldogg\u00e1 egy ilyen bar\u00e1ti egy\u00fcttl\u00e9t. \u00daj er\u0151re kapsz!<\/p>\n<p>Term\u00e9szetesen a testi javakr\u00f3l sem feledkezhett\u00fcnk meg.<br \/>\n(A minap hallottam a j\u00e1tsz\u00f3t\u00e9ren, amint a gyerekek j\u00e1t\u00e9k k\u00f6zben (\u0151k akkor egy csal\u00e1d voltak) besz\u00e9lgettek. Az egyik kisfi\u00fa megk\u00e9rdezte a t\u00e1rs\u00e1t, aki akkor az anyuk\u00e1ja volt: anya, mit f\u0151z\u00f6l ma eb\u00e9dre? Az &#8222;anyuka&#8221; v\u00e1lasza a k\u00f6vetkez\u0151 volt: szal\u00e1mit \u00e9s kolb\u00e1szt.)<br \/>\nNa, mi tradicion\u00e1lisan zs\u00edros kenyeret f\u0151zt\u00fcnk. Nagy \u00f6r\u00f6m\u00fcnkre szinte az utols\u00f3 darabig el is elfogyott. (Ezzel is bizony\u00edtv\u00e1n f\u0151z\u00e9si m\u0171v\u00e9szet\u00fcnk magas fok\u00e1t.)<br \/>\nNagy sikere volt a k\u00fcl\u00f6nb\u00f6z\u0151 finoms\u00e1goknak is, amit magatokkal hoztatok \u00e9s amit nagyon k\u00f6sz\u00f6n\u00fcnk.<\/p>\n<p>K\u00f6sz\u00f6net azoknak, akik megtiszteltek benn\u00fcnket \u00e9s elj\u00f6ttek hozz\u00e1nk. Akik nem voltak ott, azoknak \u00fczenem, hogy j\u00f6v\u0151re is meg\u00fcnnepelj\u00fck Szent L\u00e1szl\u00f3 kir\u00e1lyt!\u00a0Szeretettel v\u00e1rjuk \u0151ket is!<\/p>\n<p class=\"Standard\" style=\"margin-bottom: 14.15pt;\"><span lang=\"DE\">A k\u00f6vetkez\u0151 \u00f6r\u00f6mteli tal\u00e1lkoz\u00e1sig!\u00a0<\/span><span lang=\"DE\">Isten veletek!<\/span><\/p>\n<p class=\"Standard\" style=\"margin-bottom: 14.15pt;\"><em>Fischer Zsuzsanna<\/em><\/p>\n<p>&nbsp;<\/p>\n<p><em><strong>Egy \u00fcnnep, azaz eml\u00e9kez\u00e9s, megeml\u00e9kez\u00e9s.<\/strong><\/em><\/p>\n<p>Az egyik legszebb\u00a0 aj\u00e1nd\u00e9k, amit kapunk Istent\u0151l \u00e9s felebar\u00e1tainkt\u00f3l az a szeretet. Ez a leny\u0171g\u00f6z\u0151 \u00e9rz\u00e9s \u00e1rasztja el a ludwigsburgi testv\u00e9reket, ha szentmis\u00e9t \u00fcnnepelnek a kis templomukban.<\/p>\n<p>Minden \u00fcnnep egy eml\u00e9kez\u00e9s, megeml\u00e9kez\u00e9s.<\/p>\n<p>Azonban van egy nap, ami a ludwigsburgi egyh\u00e1zk\u00f6zs\u00e9gnek k\u00fcl\u00f6n\u00f6sen sz\u00e9p \u00fcnnepnap \u00e9s fontos. Ez a nap\u00a0 j\u00fanius 27- e, a b\u00facs\u00fa napja. Szent L\u00e1szl\u00f3 magyar kir\u00e1ly a v\u00e1lasztott p\u00e9ldak\u00e9p\u00fck \u00e9s v\u00e9delmez\u0151j\u00fck \u00fcnnepe.<\/p>\n<p>\u00dagy gondolom, hogy ezen a napon, ezen a helyen, angyalok\u00a0 munk\u00e1lkodnak, seg\u00edtik, ir\u00e1ny\u00edtj\u00e1k az \u00fcnnep el\u0151k\u00e9sz\u00edt\u0151it munk\u00e1jukban kint a templom kertj\u00e9ben.<\/p>\n<p>A szentmise folyam\u00e1n az evang\u00e9liumot hirdet\u0151 lelkip\u00e1sztor k\u00fcl\u00f6n\u00f6sen nagy szeretettel \u00e9s tud\u00e1ssal, hirdette Szent L\u00e1szl\u00f3 kir\u00e1ly \u00e9rdemeit, \u00e9rt\u00e9keit, er\u00e9nyeit, hitt\u00e9r\u00edt\u0151i er\u0151fesz\u00edt\u00e9seit, h\u0151si cselekedeteit \u00e9s h\u0171s\u00e9g\u00e9t Istenhez, haz\u00e1hoz \u00e9s a magyar n\u00e9phez! Szent L\u00e1szl\u00f3 els\u0151sorban t\u00f6rv\u00e9nyeivel, pog\u00e1nyok elleni h\u0151stetteivel, hatalmas testi erej\u00e9vel \u00e9s er\u00e9nyeivel maradt meg a magyars\u00e1g tudat\u00e1ban.<\/p>\n<p>A helyb\u00e9li h\u00edvek a szent liturgia \u00fcnnepe ut\u00e1n a helyb\u00e9li \u00e9s m\u00e1s \u00a0k\u00f6z\u00f6ss\u00e9gekb\u0151l \u00e9rkez\u0151 h\u00edveket \u00fcnnepi lakom\u00e1ra, azaz \u00e1g\u00e1p\u00e9ra invit\u00e1lj\u00e1k a templom kertj\u00e9be, ahol az\u00a0 asztalokon (a ludwigsburgi h\u00edvekn\u00e9l m\u00e1r hagyom\u00e1nny\u00e1 v\u00e1lt) dar\u00e1lt tepert\u0151 kr\u00e9mmel \u00e9s zs\u00edrral megkent h\u00e1zilag, \u00e9s nem h\u00e1zilag k\u00e9sz\u00edtett keny\u00e9r \u00e9s sok m\u00e1s finoms\u00e1g v\u00e1rta a szeretett h\u00edveket!<\/p>\n<p>Ezen az igaz\u00e1n sz\u00e9p esem\u00e9nyen egyre t\u00f6bben vesznek r\u00e9szt, mind a helybeli k\u00f6z\u00f6ss\u00e9ghez tartoz\u00f3k, \u00a0s mindazok is, akik m\u00e1s egyh\u00e1zk\u00f6zs\u00e9ghez tartoznak! Az id\u00e9n voltak olyan testv\u00e9rek, akik t\u00f6bb mint sz\u00e1z kilom\u00e9terr\u0151l \u00e9rkeztek .<\/p>\n<p>A helyb\u00e9li h\u00edvek k\u00fcl\u00f6n\u00f6sen nagy \u00f6r\u00f6mmel, szeretettel \u00e9s h\u00e1l\u00e1val fogadt\u00e1k a m\u00e1s egyh\u00e1z k\u00f6zs\u00e9gb\u0151l \u00e9rkez\u0151ket!\u00a0M\u00e1r \u00fagyszint\u00e9n hagyom\u00e1nny\u00e1 v\u00e1lt \u201eh\u00e1zi sz\u0151ttessel&#8221;, borb\u00f3l k\u00e9sz\u00fclt p\u00e1link\u00e1val k\u00edn\u00e1lt\u00e1k a h\u00edveket!<\/p>\n<p>Az \u00fcnnep alkalm\u00e1val a leg\u00e1tusok, rendez\u0151k (ez is hagyom\u00e1ny) nem gondolnak az id\u0151 viszontags\u00e1gaira, nem&#8230; Ezen a napon csak j\u00f3 id\u0151 lehet, \u00edgy mondj\u00e1k, vagyis tudj\u00e1k, hogy az\u00a0 isteni gondvisel\u00e9s m\u00e9g minden alkalommal\u00a0 megfelel\u0151 id\u0151t teremtett e csod\u00e1latos \u00fcnnephez!!!<\/p>\n<p>Most is \u00edgy t\u00f6rt\u00e9nt!<\/p>\n<p>Csod\u00e1latos ver\u0151f\u00e9nyes nap ragyogott a k\u00f6z\u00f6ss\u00e9gre Isten \u00e9s Szent L\u00e1szl\u00f3 akarat\u00e1b\u00f3l!<\/p>\n<p>A h\u00edvek falatoz\u00e1s, iszogat\u00e1s k\u00f6zben, \u00a0feledve a mindennapos gondokat \u00e9s bajokat, &#8211; a d\u00e9lut\u00e1ni \u00f3r\u00e1kba beleh\u00faz\u00f3dva -, egym\u00e1sra mosolyogva felszabadultan ismerkedtek, osztott\u00e1k meg gondolataikat egym\u00e1ssal.<\/p>\n<p>Ezen a napon \u00fagy gondolom minden l\u00e9lek egy kicsivel gazdagabb lett! A szentmise \u00e1ltal k\u00f6zelebb ker\u00fclt Krisztushoz, kapott egy kis t\u00f6rt\u00e9nelmet, egy kis figyelmet a m\u00e1sikt\u00f3l, (persze a test is gyarapodott a finom falatokt\u00f3l!) megosztotta m\u00e1ssal \u00f6r\u00f6m\u00e9t, tal\u00e1n b\u00e1nat\u00e1t is. \u00cdgy lelkiekben gazdagabban v\u00e1rja a k\u00f6vetkez\u0151 \u00fcnnepet, azaz eml\u00e9kez\u00e9st, megeml\u00e9kez\u00e9st, vagy tal\u00e1n \u00fajra a b\u00facs\u00fat Szent L\u00e1szl\u00f3 napj\u00e1n Ludwigsburgban! Ne v\u00e1rj olyan sok\u00e1ig, lesz el\u0151bb is\u201e\u00fcnnep\u201c!<\/p>\n<p>Ez rajtad m\u00falik, hogy meddig v\u00e1rsz!<\/p>\n<p>Az \u00dar J\u00e9zus Krisztus tartson meg mindenkit er\u0151ben, eg\u00e9szs\u00e9gben!<\/p>\n<p><em>Fischer J\u00f3zsef<\/em><\/p>\n","protected":false},"excerpt":{"rendered":"<p>Az al\u00e1bbiakban Fischer J\u00f3zsef \u00e9s Zsuzsanna \u00edr\u00e1sait olvashatj\u00e1tok: Templomb\u00facs\u00fa Ludwigsburgban \u00a02016. j\u00fanius 17-\u00e9n, p\u00e9nteken, k\u00e9t nappal a Szent L\u00e1szl\u00f3 kir\u00e1ly tisztelet\u00e9re tartott\u00a0 b\u00facs\u00fank el\u0151tt vagyunk Ludwigsburgban. Az id\u0151j\u00e1r\u00e1s rossz, v\u00e1ltoz\u00e9kony \u00e9s az el\u0151rejelz\u00e9s vas\u00e1rnapra sem biztat semmi j\u00f3val. Ha esni fog, beszorulunk a kis k\u00f6z\u00f6ss\u00e9gi terembe, ami nem igaz\u00e1n lenne j\u00f3. Ugyanis sok vend\u00e9gre sz\u00e1m\u00edtunk, sok kedves hitt\u00e1rsunkra \u00e9s bar\u00e1tunkra. 2016. j\u00fanius 19-e, \u00a0vas\u00e1rnap. Reggel 8 \u00f3rakor m\u00e9g mindig bizonytalan volt az id\u0151. Geiger Erika azonban megingathatatlan biztons\u00e1ggal \u00e1ll\u00edtotta, hogy: &#8222;megl\u00e1tj\u00e1tok, a j\u00f3 Isten megseg\u00edt benn\u00fcnket! Nem fog esni!&#8221; Igaza lett. M\u00e9g a nap is kis\u00fct\u00f6tt. A szentmise ut\u00e1n azt\u00e1n, a szabad \u00e9g alatt, megter\u00edtett asztalok mellett vid\u00e1m, felszabadult besz\u00e9lget\u00e9ssel t\u00f6lt\u00f6tt\u00fcnk el\u00a0 egy nagyon sz\u00e9p d\u00e9lel\u0151tt\u00f6t. Elmondhatatlanul sokat ad \u00e9s tesz boldogg\u00e1 egy ilyen bar\u00e1ti egy\u00fcttl\u00e9t. \u00daj er\u0151re kapsz! Term\u00e9szetesen a testi javakr\u00f3l sem feledkezhett\u00fcnk meg. (A minap hallottam a j\u00e1tsz\u00f3t\u00e9ren, amint a gyerekek j\u00e1t\u00e9k k\u00f6zben (\u0151k akkor egy csal\u00e1d voltak) besz\u00e9lgettek. Az egyik kisfi\u00fa megk\u00e9rdezte a t\u00e1rs\u00e1t, aki akkor az anyuk\u00e1ja volt: anya, mit f\u0151z\u00f6l ma eb\u00e9dre? Az &#8222;anyuka&#8221; v\u00e1lasza a k\u00f6vetkez\u0151 volt: szal\u00e1mit \u00e9s kolb\u00e1szt.) Na, mi tradicion\u00e1lisan zs\u00edros kenyeret f\u0151zt\u00fcnk. Nagy \u00f6r\u00f6m\u00fcnkre szinte az utols\u00f3 darabig el is elfogyott. (Ezzel is bizony\u00edtv\u00e1n f\u0151z\u00e9si m\u0171v\u00e9szet\u00fcnk magas fok\u00e1t.) Nagy sikere volt a k\u00fcl\u00f6nb\u00f6z\u0151 finoms\u00e1goknak is, amit magatokkal hoztatok \u00e9s amit nagyon k\u00f6sz\u00f6n\u00fcnk. K\u00f6sz\u00f6net azoknak, akik megtiszteltek benn\u00fcnket \u00e9s elj\u00f6ttek hozz\u00e1nk. Akik nem voltak ott, azoknak \u00fczenem, hogy j\u00f6v\u0151re is meg\u00fcnnepelj\u00fck Szent L\u00e1szl\u00f3 kir\u00e1lyt!\u00a0Szeretettel v\u00e1rjuk \u0151ket is! A k\u00f6vetkez\u0151 \u00f6r\u00f6mteli tal\u00e1lkoz\u00e1sig!\u00a0Isten veletek! Fischer Zsuzsanna &nbsp; Egy \u00fcnnep, azaz eml\u00e9kez\u00e9s, megeml\u00e9kez\u00e9s. Az egyik legszebb\u00a0 aj\u00e1nd\u00e9k, amit kapunk Istent\u0151l \u00e9s felebar\u00e1tainkt\u00f3l az a szeretet. Ez a leny\u0171g\u00f6z\u0151 \u00e9rz\u00e9s \u00e1rasztja el a ludwigsburgi testv\u00e9reket, ha szentmis\u00e9t \u00fcnnepelnek a kis templomukban. Minden \u00fcnnep egy eml\u00e9kez\u00e9s, megeml\u00e9kez\u00e9s. Azonban van egy nap, ami a ludwigsburgi egyh\u00e1zk\u00f6zs\u00e9gnek k\u00fcl\u00f6n\u00f6sen sz\u00e9p \u00fcnnepnap \u00e9s fontos. Ez a nap\u00a0 j\u00fanius 27-&#8230; <\/p>\n<p><a class=\"readmore\" href=\"https:\/\/stuttgarti-katolikusok.de\/index.php\/templombucsu-ludwigsburgban-2\/\">R\u00e9szletek<\/a><\/p>\n","protected":false},"author":3,"featured_media":9545,"comment_status":"closed","ping_status":"closed","sticky":false,"template":"","format":"standard","meta":{"footnotes":""},"categories":[28],"tags":[],"class_list":["post-9544","post","type-post","status-publish","format-standard","has-post-thumbnail","hentry","category-olvasoink-irjak"],"yoast_head":"<!-- This site is optimized with the Yoast SEO plugin v27.3 - https:\/\/yoast.com\/product\/yoast-seo-wordpress\/ -->\n<title>Ludwigsburgi templomb\u00facs\u00fa - Stuttgarti Katolikusok<\/title>\n<meta name=\"robots\" content=\"index, follow, max-snippet:-1, max-image-preview:large, max-video-preview:-1\" \/>\n<link rel=\"canonical\" href=\"https:\/\/stuttgarti-katolikusok.de\/index.php\/templombucsu-ludwigsburgban-2\/\" \/>\n<meta property=\"og:locale\" content=\"hu_HU\" \/>\n<meta property=\"og:type\" content=\"article\" \/>\n<meta property=\"og:title\" content=\"Ludwigsburgi templomb\u00facs\u00fa - Stuttgarti Katolikusok\" \/>\n<meta property=\"og:description\" content=\"Az al\u00e1bbiakban Fischer J\u00f3zsef \u00e9s Zsuzsanna \u00edr\u00e1sait olvashatj\u00e1tok: Templomb\u00facs\u00fa Ludwigsburgban \u00a02016. j\u00fanius 17-\u00e9n, p\u00e9nteken, k\u00e9t nappal a Szent L\u00e1szl\u00f3 kir\u00e1ly tisztelet\u00e9re tartott\u00a0 b\u00facs\u00fank el\u0151tt vagyunk Ludwigsburgban. Az id\u0151j\u00e1r\u00e1s rossz, v\u00e1ltoz\u00e9kony \u00e9s az el\u0151rejelz\u00e9s vas\u00e1rnapra sem biztat semmi j\u00f3val. Ha esni fog, beszorulunk a kis k\u00f6z\u00f6ss\u00e9gi terembe, ami nem igaz\u00e1n lenne j\u00f3. Ugyanis sok vend\u00e9gre sz\u00e1m\u00edtunk, sok kedves hitt\u00e1rsunkra \u00e9s bar\u00e1tunkra. 2016. j\u00fanius 19-e, \u00a0vas\u00e1rnap. Reggel 8 \u00f3rakor m\u00e9g mindig bizonytalan volt az id\u0151. Geiger Erika azonban megingathatatlan biztons\u00e1ggal \u00e1ll\u00edtotta, hogy: &#8222;megl\u00e1tj\u00e1tok, a j\u00f3 Isten megseg\u00edt benn\u00fcnket! Nem fog esni!&#8221; Igaza lett. M\u00e9g a nap is kis\u00fct\u00f6tt. A szentmise ut\u00e1n azt\u00e1n, a szabad \u00e9g alatt, megter\u00edtett asztalok mellett vid\u00e1m, felszabadult besz\u00e9lget\u00e9ssel t\u00f6lt\u00f6tt\u00fcnk el\u00a0 egy nagyon sz\u00e9p d\u00e9lel\u0151tt\u00f6t. Elmondhatatlanul sokat ad \u00e9s tesz boldogg\u00e1 egy ilyen bar\u00e1ti egy\u00fcttl\u00e9t. \u00daj er\u0151re kapsz! Term\u00e9szetesen a testi javakr\u00f3l sem feledkezhett\u00fcnk meg. (A minap hallottam a j\u00e1tsz\u00f3t\u00e9ren, amint a gyerekek j\u00e1t\u00e9k k\u00f6zben (\u0151k akkor egy csal\u00e1d voltak) besz\u00e9lgettek. Az egyik kisfi\u00fa megk\u00e9rdezte a t\u00e1rs\u00e1t, aki akkor az anyuk\u00e1ja volt: anya, mit f\u0151z\u00f6l ma eb\u00e9dre? Az &#8222;anyuka&#8221; v\u00e1lasza a k\u00f6vetkez\u0151 volt: szal\u00e1mit \u00e9s kolb\u00e1szt.) Na, mi tradicion\u00e1lisan zs\u00edros kenyeret f\u0151zt\u00fcnk. Nagy \u00f6r\u00f6m\u00fcnkre szinte az utols\u00f3 darabig el is elfogyott. (Ezzel is bizony\u00edtv\u00e1n f\u0151z\u00e9si m\u0171v\u00e9szet\u00fcnk magas fok\u00e1t.) Nagy sikere volt a k\u00fcl\u00f6nb\u00f6z\u0151 finoms\u00e1goknak is, amit magatokkal hoztatok \u00e9s amit nagyon k\u00f6sz\u00f6n\u00fcnk. K\u00f6sz\u00f6net azoknak, akik megtiszteltek benn\u00fcnket \u00e9s elj\u00f6ttek hozz\u00e1nk. Akik nem voltak ott, azoknak \u00fczenem, hogy j\u00f6v\u0151re is meg\u00fcnnepelj\u00fck Szent L\u00e1szl\u00f3 kir\u00e1lyt!\u00a0Szeretettel v\u00e1rjuk \u0151ket is! A k\u00f6vetkez\u0151 \u00f6r\u00f6mteli tal\u00e1lkoz\u00e1sig!\u00a0Isten veletek! Fischer Zsuzsanna &nbsp; Egy \u00fcnnep, azaz eml\u00e9kez\u00e9s, megeml\u00e9kez\u00e9s. Az egyik legszebb\u00a0 aj\u00e1nd\u00e9k, amit kapunk Istent\u0151l \u00e9s felebar\u00e1tainkt\u00f3l az a szeretet. Ez a leny\u0171g\u00f6z\u0151 \u00e9rz\u00e9s \u00e1rasztja el a ludwigsburgi testv\u00e9reket, ha szentmis\u00e9t \u00fcnnepelnek a kis templomukban. Minden \u00fcnnep egy eml\u00e9kez\u00e9s, megeml\u00e9kez\u00e9s. Azonban van egy nap, ami a ludwigsburgi egyh\u00e1zk\u00f6zs\u00e9gnek k\u00fcl\u00f6n\u00f6sen sz\u00e9p \u00fcnnepnap \u00e9s fontos. Ez a nap\u00a0 j\u00fanius 27-... R\u00e9szletek\" \/>\n<meta property=\"og:url\" content=\"https:\/\/stuttgarti-katolikusok.de\/index.php\/templombucsu-ludwigsburgban-2\/\" \/>\n<meta property=\"og:site_name\" content=\"Stuttgarti Katolikusok\" \/>\n<meta property=\"article:published_time\" content=\"2016-06-29T13:27:28+00:00\" \/>\n<meta property=\"article:modified_time\" content=\"2016-07-02T22:16:26+00:00\" \/>\n<meta property=\"og:image\" content=\"https:\/\/stuttgarti-katolikusok.de\/wp-content\/uploads\/2016\/06\/27163627453_c67d57909d_c.jpg\" \/>\n\t<meta property=\"og:image:width\" content=\"800\" \/>\n\t<meta property=\"og:image:height\" content=\"533\" \/>\n\t<meta property=\"og:image:type\" content=\"image\/jpeg\" \/>\n<meta name=\"author\" content=\"Tibor atya\" \/>\n<meta name=\"twitter:card\" content=\"summary_large_image\" \/>\n<meta name=\"twitter:label1\" content=\"Szerz\u0151:\" \/>\n\t<meta name=\"twitter:data1\" content=\"Tibor atya\" \/>\n\t<meta name=\"twitter:label2\" content=\"Becs\u00fclt olvas\u00e1si id\u0151\" \/>\n\t<meta name=\"twitter:data2\" content=\"5 perc\" \/>\n<script type=\"application\/ld+json\" class=\"yoast-schema-graph\">{\"@context\":\"https:\\\/\\\/schema.org\",\"@graph\":[{\"@type\":\"Article\",\"@id\":\"https:\\\/\\\/stuttgarti-katolikusok.de\\\/index.php\\\/templombucsu-ludwigsburgban-2\\\/#article\",\"isPartOf\":{\"@id\":\"https:\\\/\\\/stuttgarti-katolikusok.de\\\/index.php\\\/templombucsu-ludwigsburgban-2\\\/\"},\"author\":{\"name\":\"Tibor atya\",\"@id\":\"https:\\\/\\\/stuttgarti-katolikusok.de\\\/#\\\/schema\\\/person\\\/75908d6f8fdc03a57889d27209df7795\"},\"headline\":\"Ludwigsburgi templomb\u00facs\u00fa\",\"datePublished\":\"2016-06-29T13:27:28+00:00\",\"dateModified\":\"2016-07-02T22:16:26+00:00\",\"mainEntityOfPage\":{\"@id\":\"https:\\\/\\\/stuttgarti-katolikusok.de\\\/index.php\\\/templombucsu-ludwigsburgban-2\\\/\"},\"wordCount\":1011,\"image\":{\"@id\":\"https:\\\/\\\/stuttgarti-katolikusok.de\\\/index.php\\\/templombucsu-ludwigsburgban-2\\\/#primaryimage\"},\"thumbnailUrl\":\"https:\\\/\\\/stuttgarti-katolikusok.de\\\/wp-content\\\/uploads\\\/2016\\\/06\\\/27163627453_c67d57909d_c.jpg\",\"articleSection\":[\"Olvas\u00f3ink \u00edrj\u00e1k\"],\"inLanguage\":\"hu\"},{\"@type\":\"WebPage\",\"@id\":\"https:\\\/\\\/stuttgarti-katolikusok.de\\\/index.php\\\/templombucsu-ludwigsburgban-2\\\/\",\"url\":\"https:\\\/\\\/stuttgarti-katolikusok.de\\\/index.php\\\/templombucsu-ludwigsburgban-2\\\/\",\"name\":\"Ludwigsburgi templomb\u00facs\u00fa - Stuttgarti Katolikusok\",\"isPartOf\":{\"@id\":\"https:\\\/\\\/stuttgarti-katolikusok.de\\\/#website\"},\"primaryImageOfPage\":{\"@id\":\"https:\\\/\\\/stuttgarti-katolikusok.de\\\/index.php\\\/templombucsu-ludwigsburgban-2\\\/#primaryimage\"},\"image\":{\"@id\":\"https:\\\/\\\/stuttgarti-katolikusok.de\\\/index.php\\\/templombucsu-ludwigsburgban-2\\\/#primaryimage\"},\"thumbnailUrl\":\"https:\\\/\\\/stuttgarti-katolikusok.de\\\/wp-content\\\/uploads\\\/2016\\\/06\\\/27163627453_c67d57909d_c.jpg\",\"datePublished\":\"2016-06-29T13:27:28+00:00\",\"dateModified\":\"2016-07-02T22:16:26+00:00\",\"author\":{\"@id\":\"https:\\\/\\\/stuttgarti-katolikusok.de\\\/#\\\/schema\\\/person\\\/75908d6f8fdc03a57889d27209df7795\"},\"breadcrumb\":{\"@id\":\"https:\\\/\\\/stuttgarti-katolikusok.de\\\/index.php\\\/templombucsu-ludwigsburgban-2\\\/#breadcrumb\"},\"inLanguage\":\"hu\",\"potentialAction\":[{\"@type\":\"ReadAction\",\"target\":[\"https:\\\/\\\/stuttgarti-katolikusok.de\\\/index.php\\\/templombucsu-ludwigsburgban-2\\\/\"]}]},{\"@type\":\"ImageObject\",\"inLanguage\":\"hu\",\"@id\":\"https:\\\/\\\/stuttgarti-katolikusok.de\\\/index.php\\\/templombucsu-ludwigsburgban-2\\\/#primaryimage\",\"url\":\"https:\\\/\\\/stuttgarti-katolikusok.de\\\/wp-content\\\/uploads\\\/2016\\\/06\\\/27163627453_c67d57909d_c.jpg\",\"contentUrl\":\"https:\\\/\\\/stuttgarti-katolikusok.de\\\/wp-content\\\/uploads\\\/2016\\\/06\\\/27163627453_c67d57909d_c.jpg\",\"width\":800,\"height\":533},{\"@type\":\"BreadcrumbList\",\"@id\":\"https:\\\/\\\/stuttgarti-katolikusok.de\\\/index.php\\\/templombucsu-ludwigsburgban-2\\\/#breadcrumb\",\"itemListElement\":[{\"@type\":\"ListItem\",\"position\":1,\"name\":\"Kezd\u0151lap\",\"item\":\"https:\\\/\\\/stuttgarti-katolikusok.de\\\/\"},{\"@type\":\"ListItem\",\"position\":2,\"name\":\"Ludwigsburgi templomb\u00facs\u00fa\"}]},{\"@type\":\"WebSite\",\"@id\":\"https:\\\/\\\/stuttgarti-katolikusok.de\\\/#website\",\"url\":\"https:\\\/\\\/stuttgarti-katolikusok.de\\\/\",\"name\":\"Stuttgarti Katolikusok\",\"description\":\"\",\"potentialAction\":[{\"@type\":\"SearchAction\",\"target\":{\"@type\":\"EntryPoint\",\"urlTemplate\":\"https:\\\/\\\/stuttgarti-katolikusok.de\\\/?s={search_term_string}\"},\"query-input\":{\"@type\":\"PropertyValueSpecification\",\"valueRequired\":true,\"valueName\":\"search_term_string\"}}],\"inLanguage\":\"hu\"},{\"@type\":\"Person\",\"@id\":\"https:\\\/\\\/stuttgarti-katolikusok.de\\\/#\\\/schema\\\/person\\\/75908d6f8fdc03a57889d27209df7795\",\"name\":\"Tibor atya\",\"image\":{\"@type\":\"ImageObject\",\"inLanguage\":\"hu\",\"@id\":\"https:\\\/\\\/secure.gravatar.com\\\/avatar\\\/61d268e57d1f4525b111222e29d2d5a7f8c420fdbf231ba5566a8ceac74fa960?s=96&d=mm&r=g\",\"url\":\"https:\\\/\\\/secure.gravatar.com\\\/avatar\\\/61d268e57d1f4525b111222e29d2d5a7f8c420fdbf231ba5566a8ceac74fa960?s=96&d=mm&r=g\",\"contentUrl\":\"https:\\\/\\\/secure.gravatar.com\\\/avatar\\\/61d268e57d1f4525b111222e29d2d5a7f8c420fdbf231ba5566a8ceac74fa960?s=96&d=mm&r=g\",\"caption\":\"Tibor atya\"},\"url\":\"https:\\\/\\\/stuttgarti-katolikusok.de\\\/index.php\\\/author\\\/tibor-atya\\\/\"}]}<\/script>\n<!-- \/ Yoast SEO plugin. -->","yoast_head_json":{"title":"Ludwigsburgi templomb\u00facs\u00fa - Stuttgarti Katolikusok","robots":{"index":"index","follow":"follow","max-snippet":"max-snippet:-1","max-image-preview":"max-image-preview:large","max-video-preview":"max-video-preview:-1"},"canonical":"https:\/\/stuttgarti-katolikusok.de\/index.php\/templombucsu-ludwigsburgban-2\/","og_locale":"hu_HU","og_type":"article","og_title":"Ludwigsburgi templomb\u00facs\u00fa - Stuttgarti Katolikusok","og_description":"Az al\u00e1bbiakban Fischer J\u00f3zsef \u00e9s Zsuzsanna \u00edr\u00e1sait olvashatj\u00e1tok: Templomb\u00facs\u00fa Ludwigsburgban \u00a02016. j\u00fanius 17-\u00e9n, p\u00e9nteken, k\u00e9t nappal a Szent L\u00e1szl\u00f3 kir\u00e1ly tisztelet\u00e9re tartott\u00a0 b\u00facs\u00fank el\u0151tt vagyunk Ludwigsburgban. Az id\u0151j\u00e1r\u00e1s rossz, v\u00e1ltoz\u00e9kony \u00e9s az el\u0151rejelz\u00e9s vas\u00e1rnapra sem biztat semmi j\u00f3val. Ha esni fog, beszorulunk a kis k\u00f6z\u00f6ss\u00e9gi terembe, ami nem igaz\u00e1n lenne j\u00f3. Ugyanis sok vend\u00e9gre sz\u00e1m\u00edtunk, sok kedves hitt\u00e1rsunkra \u00e9s bar\u00e1tunkra. 2016. j\u00fanius 19-e, \u00a0vas\u00e1rnap. Reggel 8 \u00f3rakor m\u00e9g mindig bizonytalan volt az id\u0151. Geiger Erika azonban megingathatatlan biztons\u00e1ggal \u00e1ll\u00edtotta, hogy: &#8222;megl\u00e1tj\u00e1tok, a j\u00f3 Isten megseg\u00edt benn\u00fcnket! Nem fog esni!&#8221; Igaza lett. M\u00e9g a nap is kis\u00fct\u00f6tt. A szentmise ut\u00e1n azt\u00e1n, a szabad \u00e9g alatt, megter\u00edtett asztalok mellett vid\u00e1m, felszabadult besz\u00e9lget\u00e9ssel t\u00f6lt\u00f6tt\u00fcnk el\u00a0 egy nagyon sz\u00e9p d\u00e9lel\u0151tt\u00f6t. Elmondhatatlanul sokat ad \u00e9s tesz boldogg\u00e1 egy ilyen bar\u00e1ti egy\u00fcttl\u00e9t. \u00daj er\u0151re kapsz! Term\u00e9szetesen a testi javakr\u00f3l sem feledkezhett\u00fcnk meg. (A minap hallottam a j\u00e1tsz\u00f3t\u00e9ren, amint a gyerekek j\u00e1t\u00e9k k\u00f6zben (\u0151k akkor egy csal\u00e1d voltak) besz\u00e9lgettek. Az egyik kisfi\u00fa megk\u00e9rdezte a t\u00e1rs\u00e1t, aki akkor az anyuk\u00e1ja volt: anya, mit f\u0151z\u00f6l ma eb\u00e9dre? Az &#8222;anyuka&#8221; v\u00e1lasza a k\u00f6vetkez\u0151 volt: szal\u00e1mit \u00e9s kolb\u00e1szt.) Na, mi tradicion\u00e1lisan zs\u00edros kenyeret f\u0151zt\u00fcnk. Nagy \u00f6r\u00f6m\u00fcnkre szinte az utols\u00f3 darabig el is elfogyott. (Ezzel is bizony\u00edtv\u00e1n f\u0151z\u00e9si m\u0171v\u00e9szet\u00fcnk magas fok\u00e1t.) Nagy sikere volt a k\u00fcl\u00f6nb\u00f6z\u0151 finoms\u00e1goknak is, amit magatokkal hoztatok \u00e9s amit nagyon k\u00f6sz\u00f6n\u00fcnk. K\u00f6sz\u00f6net azoknak, akik megtiszteltek benn\u00fcnket \u00e9s elj\u00f6ttek hozz\u00e1nk. Akik nem voltak ott, azoknak \u00fczenem, hogy j\u00f6v\u0151re is meg\u00fcnnepelj\u00fck Szent L\u00e1szl\u00f3 kir\u00e1lyt!\u00a0Szeretettel v\u00e1rjuk \u0151ket is! A k\u00f6vetkez\u0151 \u00f6r\u00f6mteli tal\u00e1lkoz\u00e1sig!\u00a0Isten veletek! Fischer Zsuzsanna &nbsp; Egy \u00fcnnep, azaz eml\u00e9kez\u00e9s, megeml\u00e9kez\u00e9s. Az egyik legszebb\u00a0 aj\u00e1nd\u00e9k, amit kapunk Istent\u0151l \u00e9s felebar\u00e1tainkt\u00f3l az a szeretet. Ez a leny\u0171g\u00f6z\u0151 \u00e9rz\u00e9s \u00e1rasztja el a ludwigsburgi testv\u00e9reket, ha szentmis\u00e9t \u00fcnnepelnek a kis templomukban. Minden \u00fcnnep egy eml\u00e9kez\u00e9s, megeml\u00e9kez\u00e9s. Azonban van egy nap, ami a ludwigsburgi egyh\u00e1zk\u00f6zs\u00e9gnek k\u00fcl\u00f6n\u00f6sen sz\u00e9p \u00fcnnepnap \u00e9s fontos. Ez a nap\u00a0 j\u00fanius 27-... R\u00e9szletek","og_url":"https:\/\/stuttgarti-katolikusok.de\/index.php\/templombucsu-ludwigsburgban-2\/","og_site_name":"Stuttgarti Katolikusok","article_published_time":"2016-06-29T13:27:28+00:00","article_modified_time":"2016-07-02T22:16:26+00:00","og_image":[{"width":800,"height":533,"url":"https:\/\/stuttgarti-katolikusok.de\/wp-content\/uploads\/2016\/06\/27163627453_c67d57909d_c.jpg","type":"image\/jpeg"}],"author":"Tibor atya","twitter_card":"summary_large_image","twitter_misc":{"Szerz\u0151:":"Tibor atya","Becs\u00fclt olvas\u00e1si id\u0151":"5 perc"},"schema":{"@context":"https:\/\/schema.org","@graph":[{"@type":"Article","@id":"https:\/\/stuttgarti-katolikusok.de\/index.php\/templombucsu-ludwigsburgban-2\/#article","isPartOf":{"@id":"https:\/\/stuttgarti-katolikusok.de\/index.php\/templombucsu-ludwigsburgban-2\/"},"author":{"name":"Tibor atya","@id":"https:\/\/stuttgarti-katolikusok.de\/#\/schema\/person\/75908d6f8fdc03a57889d27209df7795"},"headline":"Ludwigsburgi templomb\u00facs\u00fa","datePublished":"2016-06-29T13:27:28+00:00","dateModified":"2016-07-02T22:16:26+00:00","mainEntityOfPage":{"@id":"https:\/\/stuttgarti-katolikusok.de\/index.php\/templombucsu-ludwigsburgban-2\/"},"wordCount":1011,"image":{"@id":"https:\/\/stuttgarti-katolikusok.de\/index.php\/templombucsu-ludwigsburgban-2\/#primaryimage"},"thumbnailUrl":"https:\/\/stuttgarti-katolikusok.de\/wp-content\/uploads\/2016\/06\/27163627453_c67d57909d_c.jpg","articleSection":["Olvas\u00f3ink \u00edrj\u00e1k"],"inLanguage":"hu"},{"@type":"WebPage","@id":"https:\/\/stuttgarti-katolikusok.de\/index.php\/templombucsu-ludwigsburgban-2\/","url":"https:\/\/stuttgarti-katolikusok.de\/index.php\/templombucsu-ludwigsburgban-2\/","name":"Ludwigsburgi templomb\u00facs\u00fa - Stuttgarti Katolikusok","isPartOf":{"@id":"https:\/\/stuttgarti-katolikusok.de\/#website"},"primaryImageOfPage":{"@id":"https:\/\/stuttgarti-katolikusok.de\/index.php\/templombucsu-ludwigsburgban-2\/#primaryimage"},"image":{"@id":"https:\/\/stuttgarti-katolikusok.de\/index.php\/templombucsu-ludwigsburgban-2\/#primaryimage"},"thumbnailUrl":"https:\/\/stuttgarti-katolikusok.de\/wp-content\/uploads\/2016\/06\/27163627453_c67d57909d_c.jpg","datePublished":"2016-06-29T13:27:28+00:00","dateModified":"2016-07-02T22:16:26+00:00","author":{"@id":"https:\/\/stuttgarti-katolikusok.de\/#\/schema\/person\/75908d6f8fdc03a57889d27209df7795"},"breadcrumb":{"@id":"https:\/\/stuttgarti-katolikusok.de\/index.php\/templombucsu-ludwigsburgban-2\/#breadcrumb"},"inLanguage":"hu","potentialAction":[{"@type":"ReadAction","target":["https:\/\/stuttgarti-katolikusok.de\/index.php\/templombucsu-ludwigsburgban-2\/"]}]},{"@type":"ImageObject","inLanguage":"hu","@id":"https:\/\/stuttgarti-katolikusok.de\/index.php\/templombucsu-ludwigsburgban-2\/#primaryimage","url":"https:\/\/stuttgarti-katolikusok.de\/wp-content\/uploads\/2016\/06\/27163627453_c67d57909d_c.jpg","contentUrl":"https:\/\/stuttgarti-katolikusok.de\/wp-content\/uploads\/2016\/06\/27163627453_c67d57909d_c.jpg","width":800,"height":533},{"@type":"BreadcrumbList","@id":"https:\/\/stuttgarti-katolikusok.de\/index.php\/templombucsu-ludwigsburgban-2\/#breadcrumb","itemListElement":[{"@type":"ListItem","position":1,"name":"Kezd\u0151lap","item":"https:\/\/stuttgarti-katolikusok.de\/"},{"@type":"ListItem","position":2,"name":"Ludwigsburgi templomb\u00facs\u00fa"}]},{"@type":"WebSite","@id":"https:\/\/stuttgarti-katolikusok.de\/#website","url":"https:\/\/stuttgarti-katolikusok.de\/","name":"Stuttgarti Katolikusok","description":"","potentialAction":[{"@type":"SearchAction","target":{"@type":"EntryPoint","urlTemplate":"https:\/\/stuttgarti-katolikusok.de\/?s={search_term_string}"},"query-input":{"@type":"PropertyValueSpecification","valueRequired":true,"valueName":"search_term_string"}}],"inLanguage":"hu"},{"@type":"Person","@id":"https:\/\/stuttgarti-katolikusok.de\/#\/schema\/person\/75908d6f8fdc03a57889d27209df7795","name":"Tibor atya","image":{"@type":"ImageObject","inLanguage":"hu","@id":"https:\/\/secure.gravatar.com\/avatar\/61d268e57d1f4525b111222e29d2d5a7f8c420fdbf231ba5566a8ceac74fa960?s=96&d=mm&r=g","url":"https:\/\/secure.gravatar.com\/avatar\/61d268e57d1f4525b111222e29d2d5a7f8c420fdbf231ba5566a8ceac74fa960?s=96&d=mm&r=g","contentUrl":"https:\/\/secure.gravatar.com\/avatar\/61d268e57d1f4525b111222e29d2d5a7f8c420fdbf231ba5566a8ceac74fa960?s=96&d=mm&r=g","caption":"Tibor atya"},"url":"https:\/\/stuttgarti-katolikusok.de\/index.php\/author\/tibor-atya\/"}]}},"_links":{"self":[{"href":"https:\/\/stuttgarti-katolikusok.de\/index.php\/wp-json\/wp\/v2\/posts\/9544","targetHints":{"allow":["GET"]}}],"collection":[{"href":"https:\/\/stuttgarti-katolikusok.de\/index.php\/wp-json\/wp\/v2\/posts"}],"about":[{"href":"https:\/\/stuttgarti-katolikusok.de\/index.php\/wp-json\/wp\/v2\/types\/post"}],"author":[{"embeddable":true,"href":"https:\/\/stuttgarti-katolikusok.de\/index.php\/wp-json\/wp\/v2\/users\/3"}],"replies":[{"embeddable":true,"href":"https:\/\/stuttgarti-katolikusok.de\/index.php\/wp-json\/wp\/v2\/comments?post=9544"}],"version-history":[{"count":3,"href":"https:\/\/stuttgarti-katolikusok.de\/index.php\/wp-json\/wp\/v2\/posts\/9544\/revisions"}],"predecessor-version":[{"id":9547,"href":"https:\/\/stuttgarti-katolikusok.de\/index.php\/wp-json\/wp\/v2\/posts\/9544\/revisions\/9547"}],"wp:featuredmedia":[{"embeddable":true,"href":"https:\/\/stuttgarti-katolikusok.de\/index.php\/wp-json\/wp\/v2\/media\/9545"}],"wp:attachment":[{"href":"https:\/\/stuttgarti-katolikusok.de\/index.php\/wp-json\/wp\/v2\/media?parent=9544"}],"wp:term":[{"taxonomy":"category","embeddable":true,"href":"https:\/\/stuttgarti-katolikusok.de\/index.php\/wp-json\/wp\/v2\/categories?post=9544"},{"taxonomy":"post_tag","embeddable":true,"href":"https:\/\/stuttgarti-katolikusok.de\/index.php\/wp-json\/wp\/v2\/tags?post=9544"}],"curies":[{"name":"wp","href":"https:\/\/api.w.org\/{rel}","templated":true}]}}