{"id":9495,"date":"2016-06-27T05:10:06","date_gmt":"2016-06-27T05:10:06","guid":{"rendered":"https:\/\/gracious-dewdney.138-201-221-2.plesk.page\/?p=9495"},"modified":"2020-04-27T16:05:41","modified_gmt":"2020-04-27T16:05:41","slug":"programelozetes-junius-27-es-szeptember-4-kozott","status":"publish","type":"post","link":"https:\/\/stuttgarti-katolikusok.de\/index.php\/programelozetes-junius-27-es-szeptember-4-kozott\/","title":{"rendered":"Programel\u0151zetes j\u00fanius 27 \u00e9s szeptember 4 k\u00f6z\u00f6tt"},"content":{"rendered":"<p><strong>Programel\u0151zetes<\/strong><\/p>\n<p>&nbsp;<\/p>\n<p><strong>J\u00fanius 29-\u00e9n, <\/strong>szerd\u00e1n este 19.00 \u00f3rakor lesz az <strong>ERAK k\u00f6vetkez\u0151 rendezv\u00e9nye<\/strong>. Hermann Guszt\u00e1v Mih\u00e1ly: A sz\u00e9kelys\u00e9g t\u00f6rt\u00e9nete: m\u00edtoszok \u00e9s t\u00e9nyek. Minden tagot, t\u00e1mogat\u00f3t \u00e9s \u00e9rdekl\u0151d\u0151t szeretettel v\u00e1r a Vezet\u0151s\u00e9g!<\/p>\n<p>*<\/p>\n<p><strong>J\u00fanius 30-\u00e1n, <\/strong>cs\u00fct\u00f6rt\u00f6k\u00f6n <strong>Ulmban<\/strong> 17.30 \u00f3rakor szentmise. El\u0151tte gy\u00f3ntat\u00e1s, ut\u00e1na <em>Besz\u00e9lget\u00e9sek a Bibli\u00e1r\u00f3l.<\/em> Mindenkit szeretettel v\u00e1r a k\u00f6z\u00f6ss\u00e9g \u00e9s Tibor atya!<\/p>\n<p>*<\/p>\n<p><strong>J\u00falius 1-j\u00e9n, <\/strong>p\u00e9nteken, <strong>Stuttgartban<\/strong> 17.55 \u00f3rakor <em>r\u00f3zsaf\u00fcz\u00e9r-\u00e1jtatoss\u00e1g<\/em>, majd <em>szentmise<\/em>. Keret\u00e9ben <em>P\u00e9nteki Egyetem: Besz\u00e9lget\u00e9sek a Katekizmusr\u00f3l. <\/em>Ut\u00e1na <em>Imak\u00f6r<\/em>. Mindenkit szeretettel v\u00e1runk!<\/p>\n<p><strong>Weingartenben <\/strong>\u00e9s k\u00f6rny\u00e9k\u00e9n a d\u00e9lut\u00e1n folyam\u00e1n, els\u0151p\u00e9ntek l\u00e9v\u00e9n, felkeresem az id\u0151seket \u00e9s betegeket. Azt\u00e1n pedig\u00a018.30 \u00f3rakor szentmise a 14 Nothelfer Kapelle-ben. El\u0151tte gy\u00f3ntat\u00e1s, ut\u00e1na <em>Besz\u00e9lget\u00e9sek a Bibli\u00e1r\u00f3l.<\/em> Mindenkit szeretettel v\u00e1r Tibor atya!<\/p>\n<p>*<\/p>\n<p><strong>J\u00falius 02, <\/strong>szombat, <strong>Egyh\u00e1ztan\u00e1csosok \u00e9s Leg\u00e1tusok Napja.<\/strong> \u0150ket reggel 9 \u00e9s f\u00e9l 10 k\u00f6z\u00f6tt v\u00e1rjuk, s eg\u00e9sz estig lesz\u00fcnk vel\u00fck egy\u00fctt. A kedves H\u00edvekt\u0151l pedig h\u00e1tt\u00e9rim\u00e1t v\u00e1runk, hogy az Egyh\u00e1zk\u00f6zs\u00e9g \u00fcgyes-bajos dolgaira a lehet\u0151 legjobb megold\u00e1sokat megtal\u00e1ljuk!<\/p>\n<p>*<\/p>\n<p><strong>J\u00falius 3-\u00e1n, <\/strong>vas\u00e1rnap, a B\u00e4rensee mellett <strong>Csal\u00e1di Nap<\/strong>. 9.30 \u00f3rakor t\u00e1bori szentmise, ut\u00e1na j\u00e1t\u00e9k, bar\u00e1ti egy\u00fcttl\u00e9t. H\u00edveinket \u00e9s minden j\u00f3akarat\u00fa magyart szeretettel v\u00e1runk!<\/p>\n<p>*<\/p>\n<p><strong>J\u00falius 9-\u00e9n, bicikli-zar\u00e1ndoklat. <\/strong>Indul\u00e1s: reggel 9.00-kor tal\u00e1lkozunk a Stuttgarti f\u0151\u00e1llom\u00e1s (Hauptbahnhof) csarnok\u00e1ban. A tulajdonk\u00e9ppeni bicikli-zari Schorndorfb\u00f3l indul Schw\u00e4bisch Gm\u00fcndbe. Gm\u00fcndben megtekintj\u00fck a v\u00e1ros t\u00f6rt\u00e9nelmi \u00e9s egyh\u00e1zi \u00e9rdekess\u00e9geit, \u00e9s tal\u00e1lkozunk a gm\u00fcndi magyar katolikus bar\u00e1tainkkal. A hazaj\u00f6vetelre t\u00f6bb lehet\u0151s\u00e9g is k\u00edn\u00e1lkozik. 1. Visszabicikliz\u00fcnk Schorndorfba, \u00e9s onnan S-Bahn-nal tov\u00e1bb Stuttgartig j\u00f6v\u00fcnk. 2. Schw\u00e4bisch Gm\u00fcndb\u0151l vonattal vissza Stuttgartba. A vonat minden \u00f3ra 54 perckor indul Stuttgart fel\u00e9. (16.54; 17.54; 18.54, stb.) \u00c1rban jut\u00e1nyos az un.\u201dMetropol-jegy\u201c, mert \u00e9rv\u00e9nyes mind a vonatra, mind pedig az S-Bahn-ra. Jelentkezni D\u00e9nes-H\u00fcgel \u00c9v\u00e1n\u00e1l (Tel. 07021-84450 illetve 01604639655) vagy pedig az Irod\u00e1n (0711-236 91 90) lehet! Minden bicajbar\u00e1tot szeretettel v\u00e1runk!<\/p>\n<p>*<\/p>\n<p><strong>J\u00falius 10-\u00e9n<\/strong>, vas\u00e1rnap, <em>Egyh\u00e1zk\u00f6zs\u00e9g\u00fcnk 14 r\u00e9szegyh\u00e1z\u00e1nak <\/em><strong>Kis Zar\u00e1ndoklata.<\/strong> \u00datir\u00e1ny a Deggingen melletti <strong>Ave Maria<\/strong> kegytemplom.\u00a0 Szentmise 11.30 \u00f3rakor. Ut\u00e1na k\u00f6z\u00f6s eb\u00e9d, \u00e9nek \u00e9s bar\u00e1ti egy\u00fcttl\u00e9t! Stuttgartb\u00f3l \u00e9s Weingartenb\u0151l k\u00fcl\u00f6n aut\u00f3busz indul. Jelentkezni lehet az Irod\u00e1n. Mindenkit szeretettel v\u00e1runk!<\/p>\n<p>*<\/p>\n<p><strong>J\u00falius 18-t\u00f3l <\/strong>eg\u00e9szen <strong>augusztus 31-ig<\/strong> programjaink \u00e9s rendezv\u00e9nyeink sz\u00fcnetelnek, mi, <strong>lelkip\u00e1sztorok <\/strong>is <strong>szabads\u00e1golunk.<\/strong> Mindenf\u00e9le lelki \u00fcgyekben forduljatok a helyi n\u00e9met pl\u00e9b\u00e1noshoz! Tal\u00e1lkozunk \u0151sszel, ha Isten is \u00fagy akarja!<\/p>\n<p>*<\/p>\n<p><strong>Ulmi <\/strong>\u00e9s <strong>Weingarteni D\u00e9lut\u00e1njaink <\/strong>j\u00falius 15-ig, <strong>Stuttgarti p\u00e9ntek esti szentmis\u00e9ink <\/strong>pedig j\u00falius 29-ig v\u00e1rj\u00e1k a kedves H\u00edveket!<\/p>\n<p>*<\/p>\n<p><strong>Szeptember 3-\u00e1n, <\/strong>szombaton, 17.00 \u00f3rakor <strong>Balingenben <\/strong>szentmise. Ut\u00e1na \u00e1g\u00e1p\u00e9. Mindenkit szeretettel v\u00e1r a k\u00f6z\u00f6ss\u00e9g \u00e9s Tibor atya.<\/p>\n<p>*<\/p>\n<p><strong>Szeptember 4-\u00e9n, <\/strong>vas\u00e1rnap, 9.00 \u00f3rakor <strong>Munderkingenben <\/strong>\u00a0szentmise. El\u0151tte gy\u00f3ntat\u00e1s. Mindenkit szeretettel v\u00e1r a k\u00f6z\u00f6ss\u00e9g \u00e9s Tibor atya.<\/p>\n<p>9.30 \u00f3rakor <strong>Schw<\/strong><strong>\u00e4bisch-Gm\u00fcndben <\/strong>szentmise. Ut\u00e1na \u00e1g\u00e1p\u00e9. Mindenkit szeretettel v\u00e1r a k\u00f6z\u00f6ss\u00e9g \u00e9s Imre atya!<\/p>\n<p>15.00 \u00f3rakor <strong>Stuttgartban <\/strong>szentmise. Ut\u00e1na \u00e1g\u00e1p\u00e9 \u00e9s <strong>Zar\u00e1ndokok tal\u00e1lkoz\u00f3ja.<\/strong> Mindenkit szeretettel v\u00e1r a k\u00f6z\u00f6ss\u00e9g \u00e9s Imre atya!<\/p>\n<p><em>\u201eNem a leghangosabb \u00e9lm\u00e9nyeink a legnagyobbak \u00e9s legmaradand\u00f3bbak, hanem a legcsendesebb pillanataink \u00e9s \u00f3r\u00e1ink!\u201d <\/em><strong>(Jean Paul \u2013 1763-1825 \u2013 n\u00e9met \u00edr\u00f3 \u00e9s filoz\u00f3fus)<\/strong><\/p>\n<p>&nbsp;<\/p>\n<p><strong><em>Sz\u00e9p nyarat, kellemes szabads\u00e1gol\u00e1st, j\u00f3 id\u0151t, tartalmas besz\u00e9lget\u00e9seket \u00e9s \u00f6r\u00f6mteli \u00a0tal\u00e1lkoz\u00e1sokat k\u00edv\u00e1nunk minden Kedves H\u00edv\u00fcnknek!<\/em><\/strong><\/p>\n<p>&nbsp;<\/p>\n<p><strong>\u00a0<\/strong><\/p>\n<p>&nbsp;<\/p>\n<p>&nbsp;<\/p>\n<p><strong>\u00a0<\/strong><\/p>\n","protected":false},"excerpt":{"rendered":"<p>Programel\u0151zetes &nbsp; J\u00fanius 29-\u00e9n, szerd\u00e1n este 19.00 \u00f3rakor lesz az ERAK k\u00f6vetkez\u0151 rendezv\u00e9nye. Hermann Guszt\u00e1v Mih\u00e1ly: A sz\u00e9kelys\u00e9g t\u00f6rt\u00e9nete: m\u00edtoszok \u00e9s t\u00e9nyek. Minden tagot, t\u00e1mogat\u00f3t \u00e9s \u00e9rdekl\u0151d\u0151t szeretettel v\u00e1r a Vezet\u0151s\u00e9g! * J\u00fanius 30-\u00e1n, cs\u00fct\u00f6rt\u00f6k\u00f6n Ulmban 17.30 \u00f3rakor szentmise. El\u0151tte gy\u00f3ntat\u00e1s, ut\u00e1na Besz\u00e9lget\u00e9sek a Bibli\u00e1r\u00f3l. Mindenkit szeretettel v\u00e1r a k\u00f6z\u00f6ss\u00e9g \u00e9s Tibor atya! * J\u00falius 1-j\u00e9n, p\u00e9nteken, Stuttgartban 17.55 \u00f3rakor r\u00f3zsaf\u00fcz\u00e9r-\u00e1jtatoss\u00e1g, majd szentmise. Keret\u00e9ben P\u00e9nteki Egyetem: Besz\u00e9lget\u00e9sek a Katekizmusr\u00f3l. Ut\u00e1na Imak\u00f6r. Mindenkit szeretettel v\u00e1runk! Weingartenben \u00e9s k\u00f6rny\u00e9k\u00e9n a d\u00e9lut\u00e1n folyam\u00e1n, els\u0151p\u00e9ntek l\u00e9v\u00e9n, felkeresem az id\u0151seket \u00e9s betegeket. Azt\u00e1n pedig\u00a018.30 \u00f3rakor szentmise a 14 Nothelfer Kapelle-ben. El\u0151tte gy\u00f3ntat\u00e1s, ut\u00e1na Besz\u00e9lget\u00e9sek a Bibli\u00e1r\u00f3l. Mindenkit szeretettel v\u00e1r Tibor atya! * J\u00falius 02, szombat, Egyh\u00e1ztan\u00e1csosok \u00e9s Leg\u00e1tusok Napja. \u0150ket reggel 9 \u00e9s f\u00e9l 10 k\u00f6z\u00f6tt v\u00e1rjuk, s eg\u00e9sz estig lesz\u00fcnk vel\u00fck egy\u00fctt. A kedves H\u00edvekt\u0151l pedig h\u00e1tt\u00e9rim\u00e1t v\u00e1runk, hogy az Egyh\u00e1zk\u00f6zs\u00e9g \u00fcgyes-bajos dolgaira a lehet\u0151 legjobb megold\u00e1sokat megtal\u00e1ljuk! * J\u00falius 3-\u00e1n, vas\u00e1rnap, a B\u00e4rensee mellett Csal\u00e1di Nap. 9.30 \u00f3rakor t\u00e1bori szentmise, ut\u00e1na j\u00e1t\u00e9k, bar\u00e1ti egy\u00fcttl\u00e9t. H\u00edveinket \u00e9s minden j\u00f3akarat\u00fa magyart szeretettel v\u00e1runk! * J\u00falius 9-\u00e9n, bicikli-zar\u00e1ndoklat. Indul\u00e1s: reggel 9.00-kor tal\u00e1lkozunk a Stuttgarti f\u0151\u00e1llom\u00e1s (Hauptbahnhof) csarnok\u00e1ban. A tulajdonk\u00e9ppeni bicikli-zari Schorndorfb\u00f3l indul Schw\u00e4bisch Gm\u00fcndbe. Gm\u00fcndben megtekintj\u00fck a v\u00e1ros t\u00f6rt\u00e9nelmi \u00e9s egyh\u00e1zi \u00e9rdekess\u00e9geit, \u00e9s tal\u00e1lkozunk a gm\u00fcndi magyar katolikus bar\u00e1tainkkal. A hazaj\u00f6vetelre t\u00f6bb lehet\u0151s\u00e9g is k\u00edn\u00e1lkozik. 1. Visszabicikliz\u00fcnk Schorndorfba, \u00e9s onnan S-Bahn-nal tov\u00e1bb Stuttgartig j\u00f6v\u00fcnk. 2. Schw\u00e4bisch Gm\u00fcndb\u0151l vonattal vissza Stuttgartba. A vonat minden \u00f3ra 54 perckor indul Stuttgart fel\u00e9. (16.54; 17.54; 18.54, stb.) \u00c1rban jut\u00e1nyos az un.\u201dMetropol-jegy\u201c, mert \u00e9rv\u00e9nyes mind a vonatra, mind pedig az S-Bahn-ra. Jelentkezni D\u00e9nes-H\u00fcgel \u00c9v\u00e1n\u00e1l (Tel. 07021-84450 illetve 01604639655) vagy pedig az Irod\u00e1n (0711-236 91 90) lehet! Minden bicajbar\u00e1tot szeretettel v\u00e1runk! * J\u00falius 10-\u00e9n, vas\u00e1rnap, Egyh\u00e1zk\u00f6zs\u00e9g\u00fcnk 14 r\u00e9szegyh\u00e1z\u00e1nak Kis Zar\u00e1ndoklata. \u00datir\u00e1ny a Deggingen melletti Ave Maria kegytemplom.\u00a0 Szentmise 11.30 \u00f3rakor. Ut\u00e1na k\u00f6z\u00f6s eb\u00e9d, \u00e9nek \u00e9s bar\u00e1ti egy\u00fcttl\u00e9t! Stuttgartb\u00f3l \u00e9s Weingartenb\u0151l k\u00fcl\u00f6n aut\u00f3busz&#8230; <\/p>\n<p><a class=\"readmore\" href=\"https:\/\/stuttgarti-katolikusok.de\/index.php\/programelozetes-junius-27-es-szeptember-4-kozott\/\">R\u00e9szletek<\/a><\/p>\n","protected":false},"author":3,"featured_media":0,"comment_status":"closed","ping_status":"closed","sticky":false,"template":"","format":"standard","meta":{"footnotes":""},"categories":[37],"tags":[],"class_list":["post-9495","post","type-post","status-publish","format-standard","hentry","category-progamelozetes"],"yoast_head":"<!-- This site is optimized with the Yoast SEO plugin v27.3 - https:\/\/yoast.com\/product\/yoast-seo-wordpress\/ -->\n<title>Programel\u0151zetes j\u00fanius 27 \u00e9s szeptember 4 k\u00f6z\u00f6tt - Stuttgarti Katolikusok<\/title>\n<meta name=\"robots\" content=\"index, follow, max-snippet:-1, max-image-preview:large, max-video-preview:-1\" \/>\n<link rel=\"canonical\" href=\"https:\/\/stuttgarti-katolikusok.de\/index.php\/programelozetes-junius-27-es-szeptember-4-kozott\/\" \/>\n<meta property=\"og:locale\" content=\"hu_HU\" \/>\n<meta property=\"og:type\" content=\"article\" \/>\n<meta property=\"og:title\" content=\"Programel\u0151zetes j\u00fanius 27 \u00e9s szeptember 4 k\u00f6z\u00f6tt - Stuttgarti Katolikusok\" \/>\n<meta property=\"og:description\" content=\"Programel\u0151zetes &nbsp; J\u00fanius 29-\u00e9n, szerd\u00e1n este 19.00 \u00f3rakor lesz az ERAK k\u00f6vetkez\u0151 rendezv\u00e9nye. Hermann Guszt\u00e1v Mih\u00e1ly: A sz\u00e9kelys\u00e9g t\u00f6rt\u00e9nete: m\u00edtoszok \u00e9s t\u00e9nyek. Minden tagot, t\u00e1mogat\u00f3t \u00e9s \u00e9rdekl\u0151d\u0151t szeretettel v\u00e1r a Vezet\u0151s\u00e9g! * J\u00fanius 30-\u00e1n, cs\u00fct\u00f6rt\u00f6k\u00f6n Ulmban 17.30 \u00f3rakor szentmise. El\u0151tte gy\u00f3ntat\u00e1s, ut\u00e1na Besz\u00e9lget\u00e9sek a Bibli\u00e1r\u00f3l. Mindenkit szeretettel v\u00e1r a k\u00f6z\u00f6ss\u00e9g \u00e9s Tibor atya! * J\u00falius 1-j\u00e9n, p\u00e9nteken, Stuttgartban 17.55 \u00f3rakor r\u00f3zsaf\u00fcz\u00e9r-\u00e1jtatoss\u00e1g, majd szentmise. Keret\u00e9ben P\u00e9nteki Egyetem: Besz\u00e9lget\u00e9sek a Katekizmusr\u00f3l. Ut\u00e1na Imak\u00f6r. Mindenkit szeretettel v\u00e1runk! Weingartenben \u00e9s k\u00f6rny\u00e9k\u00e9n a d\u00e9lut\u00e1n folyam\u00e1n, els\u0151p\u00e9ntek l\u00e9v\u00e9n, felkeresem az id\u0151seket \u00e9s betegeket. Azt\u00e1n pedig\u00a018.30 \u00f3rakor szentmise a 14 Nothelfer Kapelle-ben. El\u0151tte gy\u00f3ntat\u00e1s, ut\u00e1na Besz\u00e9lget\u00e9sek a Bibli\u00e1r\u00f3l. Mindenkit szeretettel v\u00e1r Tibor atya! * J\u00falius 02, szombat, Egyh\u00e1ztan\u00e1csosok \u00e9s Leg\u00e1tusok Napja. \u0150ket reggel 9 \u00e9s f\u00e9l 10 k\u00f6z\u00f6tt v\u00e1rjuk, s eg\u00e9sz estig lesz\u00fcnk vel\u00fck egy\u00fctt. A kedves H\u00edvekt\u0151l pedig h\u00e1tt\u00e9rim\u00e1t v\u00e1runk, hogy az Egyh\u00e1zk\u00f6zs\u00e9g \u00fcgyes-bajos dolgaira a lehet\u0151 legjobb megold\u00e1sokat megtal\u00e1ljuk! * J\u00falius 3-\u00e1n, vas\u00e1rnap, a B\u00e4rensee mellett Csal\u00e1di Nap. 9.30 \u00f3rakor t\u00e1bori szentmise, ut\u00e1na j\u00e1t\u00e9k, bar\u00e1ti egy\u00fcttl\u00e9t. H\u00edveinket \u00e9s minden j\u00f3akarat\u00fa magyart szeretettel v\u00e1runk! * J\u00falius 9-\u00e9n, bicikli-zar\u00e1ndoklat. Indul\u00e1s: reggel 9.00-kor tal\u00e1lkozunk a Stuttgarti f\u0151\u00e1llom\u00e1s (Hauptbahnhof) csarnok\u00e1ban. A tulajdonk\u00e9ppeni bicikli-zari Schorndorfb\u00f3l indul Schw\u00e4bisch Gm\u00fcndbe. Gm\u00fcndben megtekintj\u00fck a v\u00e1ros t\u00f6rt\u00e9nelmi \u00e9s egyh\u00e1zi \u00e9rdekess\u00e9geit, \u00e9s tal\u00e1lkozunk a gm\u00fcndi magyar katolikus bar\u00e1tainkkal. A hazaj\u00f6vetelre t\u00f6bb lehet\u0151s\u00e9g is k\u00edn\u00e1lkozik. 1. Visszabicikliz\u00fcnk Schorndorfba, \u00e9s onnan S-Bahn-nal tov\u00e1bb Stuttgartig j\u00f6v\u00fcnk. 2. Schw\u00e4bisch Gm\u00fcndb\u0151l vonattal vissza Stuttgartba. A vonat minden \u00f3ra 54 perckor indul Stuttgart fel\u00e9. (16.54; 17.54; 18.54, stb.) \u00c1rban jut\u00e1nyos az un.\u201dMetropol-jegy\u201c, mert \u00e9rv\u00e9nyes mind a vonatra, mind pedig az S-Bahn-ra. Jelentkezni D\u00e9nes-H\u00fcgel \u00c9v\u00e1n\u00e1l (Tel. 07021-84450 illetve 01604639655) vagy pedig az Irod\u00e1n (0711-236 91 90) lehet! Minden bicajbar\u00e1tot szeretettel v\u00e1runk! * J\u00falius 10-\u00e9n, vas\u00e1rnap, Egyh\u00e1zk\u00f6zs\u00e9g\u00fcnk 14 r\u00e9szegyh\u00e1z\u00e1nak Kis Zar\u00e1ndoklata. \u00datir\u00e1ny a Deggingen melletti Ave Maria kegytemplom.\u00a0 Szentmise 11.30 \u00f3rakor. Ut\u00e1na k\u00f6z\u00f6s eb\u00e9d, \u00e9nek \u00e9s bar\u00e1ti egy\u00fcttl\u00e9t! Stuttgartb\u00f3l \u00e9s Weingartenb\u0151l k\u00fcl\u00f6n aut\u00f3busz... R\u00e9szletek\" \/>\n<meta property=\"og:url\" content=\"https:\/\/stuttgarti-katolikusok.de\/index.php\/programelozetes-junius-27-es-szeptember-4-kozott\/\" \/>\n<meta property=\"og:site_name\" content=\"Stuttgarti Katolikusok\" \/>\n<meta property=\"article:published_time\" content=\"2016-06-27T05:10:06+00:00\" \/>\n<meta property=\"article:modified_time\" content=\"2020-04-27T16:05:41+00:00\" \/>\n<meta name=\"author\" content=\"Tibor atya\" \/>\n<meta name=\"twitter:card\" content=\"summary_large_image\" \/>\n<meta name=\"twitter:label1\" content=\"Szerz\u0151:\" \/>\n\t<meta name=\"twitter:data1\" content=\"Tibor atya\" \/>\n\t<meta name=\"twitter:label2\" content=\"Becs\u00fclt olvas\u00e1si id\u0151\" \/>\n\t<meta name=\"twitter:data2\" content=\"3 perc\" \/>\n<script type=\"application\/ld+json\" class=\"yoast-schema-graph\">{\"@context\":\"https:\\\/\\\/schema.org\",\"@graph\":[{\"@type\":\"Article\",\"@id\":\"https:\\\/\\\/stuttgarti-katolikusok.de\\\/index.php\\\/programelozetes-junius-27-es-szeptember-4-kozott\\\/#article\",\"isPartOf\":{\"@id\":\"https:\\\/\\\/stuttgarti-katolikusok.de\\\/index.php\\\/programelozetes-junius-27-es-szeptember-4-kozott\\\/\"},\"author\":{\"name\":\"Tibor atya\",\"@id\":\"https:\\\/\\\/stuttgarti-katolikusok.de\\\/#\\\/schema\\\/person\\\/75908d6f8fdc03a57889d27209df7795\"},\"headline\":\"Programel\u0151zetes j\u00fanius 27 \u00e9s szeptember 4 k\u00f6z\u00f6tt\",\"datePublished\":\"2016-06-27T05:10:06+00:00\",\"dateModified\":\"2020-04-27T16:05:41+00:00\",\"mainEntityOfPage\":{\"@id\":\"https:\\\/\\\/stuttgarti-katolikusok.de\\\/index.php\\\/programelozetes-junius-27-es-szeptember-4-kozott\\\/\"},\"wordCount\":695,\"articleSection\":[\"Progamel\u0151zetes\"],\"inLanguage\":\"hu\"},{\"@type\":\"WebPage\",\"@id\":\"https:\\\/\\\/stuttgarti-katolikusok.de\\\/index.php\\\/programelozetes-junius-27-es-szeptember-4-kozott\\\/\",\"url\":\"https:\\\/\\\/stuttgarti-katolikusok.de\\\/index.php\\\/programelozetes-junius-27-es-szeptember-4-kozott\\\/\",\"name\":\"Programel\u0151zetes j\u00fanius 27 \u00e9s szeptember 4 k\u00f6z\u00f6tt - Stuttgarti Katolikusok\",\"isPartOf\":{\"@id\":\"https:\\\/\\\/stuttgarti-katolikusok.de\\\/#website\"},\"datePublished\":\"2016-06-27T05:10:06+00:00\",\"dateModified\":\"2020-04-27T16:05:41+00:00\",\"author\":{\"@id\":\"https:\\\/\\\/stuttgarti-katolikusok.de\\\/#\\\/schema\\\/person\\\/75908d6f8fdc03a57889d27209df7795\"},\"breadcrumb\":{\"@id\":\"https:\\\/\\\/stuttgarti-katolikusok.de\\\/index.php\\\/programelozetes-junius-27-es-szeptember-4-kozott\\\/#breadcrumb\"},\"inLanguage\":\"hu\",\"potentialAction\":[{\"@type\":\"ReadAction\",\"target\":[\"https:\\\/\\\/stuttgarti-katolikusok.de\\\/index.php\\\/programelozetes-junius-27-es-szeptember-4-kozott\\\/\"]}]},{\"@type\":\"BreadcrumbList\",\"@id\":\"https:\\\/\\\/stuttgarti-katolikusok.de\\\/index.php\\\/programelozetes-junius-27-es-szeptember-4-kozott\\\/#breadcrumb\",\"itemListElement\":[{\"@type\":\"ListItem\",\"position\":1,\"name\":\"Kezd\u0151lap\",\"item\":\"https:\\\/\\\/stuttgarti-katolikusok.de\\\/\"},{\"@type\":\"ListItem\",\"position\":2,\"name\":\"Programel\u0151zetes j\u00fanius 27 \u00e9s szeptember 4 k\u00f6z\u00f6tt\"}]},{\"@type\":\"WebSite\",\"@id\":\"https:\\\/\\\/stuttgarti-katolikusok.de\\\/#website\",\"url\":\"https:\\\/\\\/stuttgarti-katolikusok.de\\\/\",\"name\":\"Stuttgarti Katolikusok\",\"description\":\"\",\"potentialAction\":[{\"@type\":\"SearchAction\",\"target\":{\"@type\":\"EntryPoint\",\"urlTemplate\":\"https:\\\/\\\/stuttgarti-katolikusok.de\\\/?s={search_term_string}\"},\"query-input\":{\"@type\":\"PropertyValueSpecification\",\"valueRequired\":true,\"valueName\":\"search_term_string\"}}],\"inLanguage\":\"hu\"},{\"@type\":\"Person\",\"@id\":\"https:\\\/\\\/stuttgarti-katolikusok.de\\\/#\\\/schema\\\/person\\\/75908d6f8fdc03a57889d27209df7795\",\"name\":\"Tibor atya\",\"image\":{\"@type\":\"ImageObject\",\"inLanguage\":\"hu\",\"@id\":\"https:\\\/\\\/secure.gravatar.com\\\/avatar\\\/61d268e57d1f4525b111222e29d2d5a7f8c420fdbf231ba5566a8ceac74fa960?s=96&d=mm&r=g\",\"url\":\"https:\\\/\\\/secure.gravatar.com\\\/avatar\\\/61d268e57d1f4525b111222e29d2d5a7f8c420fdbf231ba5566a8ceac74fa960?s=96&d=mm&r=g\",\"contentUrl\":\"https:\\\/\\\/secure.gravatar.com\\\/avatar\\\/61d268e57d1f4525b111222e29d2d5a7f8c420fdbf231ba5566a8ceac74fa960?s=96&d=mm&r=g\",\"caption\":\"Tibor atya\"},\"url\":\"https:\\\/\\\/stuttgarti-katolikusok.de\\\/index.php\\\/author\\\/tibor-atya\\\/\"}]}<\/script>\n<!-- \/ Yoast SEO plugin. -->","yoast_head_json":{"title":"Programel\u0151zetes j\u00fanius 27 \u00e9s szeptember 4 k\u00f6z\u00f6tt - Stuttgarti Katolikusok","robots":{"index":"index","follow":"follow","max-snippet":"max-snippet:-1","max-image-preview":"max-image-preview:large","max-video-preview":"max-video-preview:-1"},"canonical":"https:\/\/stuttgarti-katolikusok.de\/index.php\/programelozetes-junius-27-es-szeptember-4-kozott\/","og_locale":"hu_HU","og_type":"article","og_title":"Programel\u0151zetes j\u00fanius 27 \u00e9s szeptember 4 k\u00f6z\u00f6tt - Stuttgarti Katolikusok","og_description":"Programel\u0151zetes &nbsp; J\u00fanius 29-\u00e9n, szerd\u00e1n este 19.00 \u00f3rakor lesz az ERAK k\u00f6vetkez\u0151 rendezv\u00e9nye. Hermann Guszt\u00e1v Mih\u00e1ly: A sz\u00e9kelys\u00e9g t\u00f6rt\u00e9nete: m\u00edtoszok \u00e9s t\u00e9nyek. Minden tagot, t\u00e1mogat\u00f3t \u00e9s \u00e9rdekl\u0151d\u0151t szeretettel v\u00e1r a Vezet\u0151s\u00e9g! * J\u00fanius 30-\u00e1n, cs\u00fct\u00f6rt\u00f6k\u00f6n Ulmban 17.30 \u00f3rakor szentmise. El\u0151tte gy\u00f3ntat\u00e1s, ut\u00e1na Besz\u00e9lget\u00e9sek a Bibli\u00e1r\u00f3l. Mindenkit szeretettel v\u00e1r a k\u00f6z\u00f6ss\u00e9g \u00e9s Tibor atya! * J\u00falius 1-j\u00e9n, p\u00e9nteken, Stuttgartban 17.55 \u00f3rakor r\u00f3zsaf\u00fcz\u00e9r-\u00e1jtatoss\u00e1g, majd szentmise. Keret\u00e9ben P\u00e9nteki Egyetem: Besz\u00e9lget\u00e9sek a Katekizmusr\u00f3l. Ut\u00e1na Imak\u00f6r. Mindenkit szeretettel v\u00e1runk! Weingartenben \u00e9s k\u00f6rny\u00e9k\u00e9n a d\u00e9lut\u00e1n folyam\u00e1n, els\u0151p\u00e9ntek l\u00e9v\u00e9n, felkeresem az id\u0151seket \u00e9s betegeket. Azt\u00e1n pedig\u00a018.30 \u00f3rakor szentmise a 14 Nothelfer Kapelle-ben. El\u0151tte gy\u00f3ntat\u00e1s, ut\u00e1na Besz\u00e9lget\u00e9sek a Bibli\u00e1r\u00f3l. Mindenkit szeretettel v\u00e1r Tibor atya! * J\u00falius 02, szombat, Egyh\u00e1ztan\u00e1csosok \u00e9s Leg\u00e1tusok Napja. \u0150ket reggel 9 \u00e9s f\u00e9l 10 k\u00f6z\u00f6tt v\u00e1rjuk, s eg\u00e9sz estig lesz\u00fcnk vel\u00fck egy\u00fctt. A kedves H\u00edvekt\u0151l pedig h\u00e1tt\u00e9rim\u00e1t v\u00e1runk, hogy az Egyh\u00e1zk\u00f6zs\u00e9g \u00fcgyes-bajos dolgaira a lehet\u0151 legjobb megold\u00e1sokat megtal\u00e1ljuk! * J\u00falius 3-\u00e1n, vas\u00e1rnap, a B\u00e4rensee mellett Csal\u00e1di Nap. 9.30 \u00f3rakor t\u00e1bori szentmise, ut\u00e1na j\u00e1t\u00e9k, bar\u00e1ti egy\u00fcttl\u00e9t. H\u00edveinket \u00e9s minden j\u00f3akarat\u00fa magyart szeretettel v\u00e1runk! * J\u00falius 9-\u00e9n, bicikli-zar\u00e1ndoklat. Indul\u00e1s: reggel 9.00-kor tal\u00e1lkozunk a Stuttgarti f\u0151\u00e1llom\u00e1s (Hauptbahnhof) csarnok\u00e1ban. A tulajdonk\u00e9ppeni bicikli-zari Schorndorfb\u00f3l indul Schw\u00e4bisch Gm\u00fcndbe. Gm\u00fcndben megtekintj\u00fck a v\u00e1ros t\u00f6rt\u00e9nelmi \u00e9s egyh\u00e1zi \u00e9rdekess\u00e9geit, \u00e9s tal\u00e1lkozunk a gm\u00fcndi magyar katolikus bar\u00e1tainkkal. A hazaj\u00f6vetelre t\u00f6bb lehet\u0151s\u00e9g is k\u00edn\u00e1lkozik. 1. Visszabicikliz\u00fcnk Schorndorfba, \u00e9s onnan S-Bahn-nal tov\u00e1bb Stuttgartig j\u00f6v\u00fcnk. 2. Schw\u00e4bisch Gm\u00fcndb\u0151l vonattal vissza Stuttgartba. A vonat minden \u00f3ra 54 perckor indul Stuttgart fel\u00e9. (16.54; 17.54; 18.54, stb.) \u00c1rban jut\u00e1nyos az un.\u201dMetropol-jegy\u201c, mert \u00e9rv\u00e9nyes mind a vonatra, mind pedig az S-Bahn-ra. Jelentkezni D\u00e9nes-H\u00fcgel \u00c9v\u00e1n\u00e1l (Tel. 07021-84450 illetve 01604639655) vagy pedig az Irod\u00e1n (0711-236 91 90) lehet! Minden bicajbar\u00e1tot szeretettel v\u00e1runk! * J\u00falius 10-\u00e9n, vas\u00e1rnap, Egyh\u00e1zk\u00f6zs\u00e9g\u00fcnk 14 r\u00e9szegyh\u00e1z\u00e1nak Kis Zar\u00e1ndoklata. \u00datir\u00e1ny a Deggingen melletti Ave Maria kegytemplom.\u00a0 Szentmise 11.30 \u00f3rakor. Ut\u00e1na k\u00f6z\u00f6s eb\u00e9d, \u00e9nek \u00e9s bar\u00e1ti egy\u00fcttl\u00e9t! Stuttgartb\u00f3l \u00e9s Weingartenb\u0151l k\u00fcl\u00f6n aut\u00f3busz... R\u00e9szletek","og_url":"https:\/\/stuttgarti-katolikusok.de\/index.php\/programelozetes-junius-27-es-szeptember-4-kozott\/","og_site_name":"Stuttgarti Katolikusok","article_published_time":"2016-06-27T05:10:06+00:00","article_modified_time":"2020-04-27T16:05:41+00:00","author":"Tibor atya","twitter_card":"summary_large_image","twitter_misc":{"Szerz\u0151:":"Tibor atya","Becs\u00fclt olvas\u00e1si id\u0151":"3 perc"},"schema":{"@context":"https:\/\/schema.org","@graph":[{"@type":"Article","@id":"https:\/\/stuttgarti-katolikusok.de\/index.php\/programelozetes-junius-27-es-szeptember-4-kozott\/#article","isPartOf":{"@id":"https:\/\/stuttgarti-katolikusok.de\/index.php\/programelozetes-junius-27-es-szeptember-4-kozott\/"},"author":{"name":"Tibor atya","@id":"https:\/\/stuttgarti-katolikusok.de\/#\/schema\/person\/75908d6f8fdc03a57889d27209df7795"},"headline":"Programel\u0151zetes j\u00fanius 27 \u00e9s szeptember 4 k\u00f6z\u00f6tt","datePublished":"2016-06-27T05:10:06+00:00","dateModified":"2020-04-27T16:05:41+00:00","mainEntityOfPage":{"@id":"https:\/\/stuttgarti-katolikusok.de\/index.php\/programelozetes-junius-27-es-szeptember-4-kozott\/"},"wordCount":695,"articleSection":["Progamel\u0151zetes"],"inLanguage":"hu"},{"@type":"WebPage","@id":"https:\/\/stuttgarti-katolikusok.de\/index.php\/programelozetes-junius-27-es-szeptember-4-kozott\/","url":"https:\/\/stuttgarti-katolikusok.de\/index.php\/programelozetes-junius-27-es-szeptember-4-kozott\/","name":"Programel\u0151zetes j\u00fanius 27 \u00e9s szeptember 4 k\u00f6z\u00f6tt - Stuttgarti Katolikusok","isPartOf":{"@id":"https:\/\/stuttgarti-katolikusok.de\/#website"},"datePublished":"2016-06-27T05:10:06+00:00","dateModified":"2020-04-27T16:05:41+00:00","author":{"@id":"https:\/\/stuttgarti-katolikusok.de\/#\/schema\/person\/75908d6f8fdc03a57889d27209df7795"},"breadcrumb":{"@id":"https:\/\/stuttgarti-katolikusok.de\/index.php\/programelozetes-junius-27-es-szeptember-4-kozott\/#breadcrumb"},"inLanguage":"hu","potentialAction":[{"@type":"ReadAction","target":["https:\/\/stuttgarti-katolikusok.de\/index.php\/programelozetes-junius-27-es-szeptember-4-kozott\/"]}]},{"@type":"BreadcrumbList","@id":"https:\/\/stuttgarti-katolikusok.de\/index.php\/programelozetes-junius-27-es-szeptember-4-kozott\/#breadcrumb","itemListElement":[{"@type":"ListItem","position":1,"name":"Kezd\u0151lap","item":"https:\/\/stuttgarti-katolikusok.de\/"},{"@type":"ListItem","position":2,"name":"Programel\u0151zetes j\u00fanius 27 \u00e9s szeptember 4 k\u00f6z\u00f6tt"}]},{"@type":"WebSite","@id":"https:\/\/stuttgarti-katolikusok.de\/#website","url":"https:\/\/stuttgarti-katolikusok.de\/","name":"Stuttgarti Katolikusok","description":"","potentialAction":[{"@type":"SearchAction","target":{"@type":"EntryPoint","urlTemplate":"https:\/\/stuttgarti-katolikusok.de\/?s={search_term_string}"},"query-input":{"@type":"PropertyValueSpecification","valueRequired":true,"valueName":"search_term_string"}}],"inLanguage":"hu"},{"@type":"Person","@id":"https:\/\/stuttgarti-katolikusok.de\/#\/schema\/person\/75908d6f8fdc03a57889d27209df7795","name":"Tibor atya","image":{"@type":"ImageObject","inLanguage":"hu","@id":"https:\/\/secure.gravatar.com\/avatar\/61d268e57d1f4525b111222e29d2d5a7f8c420fdbf231ba5566a8ceac74fa960?s=96&d=mm&r=g","url":"https:\/\/secure.gravatar.com\/avatar\/61d268e57d1f4525b111222e29d2d5a7f8c420fdbf231ba5566a8ceac74fa960?s=96&d=mm&r=g","contentUrl":"https:\/\/secure.gravatar.com\/avatar\/61d268e57d1f4525b111222e29d2d5a7f8c420fdbf231ba5566a8ceac74fa960?s=96&d=mm&r=g","caption":"Tibor atya"},"url":"https:\/\/stuttgarti-katolikusok.de\/index.php\/author\/tibor-atya\/"}]}},"_links":{"self":[{"href":"https:\/\/stuttgarti-katolikusok.de\/index.php\/wp-json\/wp\/v2\/posts\/9495","targetHints":{"allow":["GET"]}}],"collection":[{"href":"https:\/\/stuttgarti-katolikusok.de\/index.php\/wp-json\/wp\/v2\/posts"}],"about":[{"href":"https:\/\/stuttgarti-katolikusok.de\/index.php\/wp-json\/wp\/v2\/types\/post"}],"author":[{"embeddable":true,"href":"https:\/\/stuttgarti-katolikusok.de\/index.php\/wp-json\/wp\/v2\/users\/3"}],"replies":[{"embeddable":true,"href":"https:\/\/stuttgarti-katolikusok.de\/index.php\/wp-json\/wp\/v2\/comments?post=9495"}],"version-history":[{"count":2,"href":"https:\/\/stuttgarti-katolikusok.de\/index.php\/wp-json\/wp\/v2\/posts\/9495\/revisions"}],"predecessor-version":[{"id":9499,"href":"https:\/\/stuttgarti-katolikusok.de\/index.php\/wp-json\/wp\/v2\/posts\/9495\/revisions\/9499"}],"wp:attachment":[{"href":"https:\/\/stuttgarti-katolikusok.de\/index.php\/wp-json\/wp\/v2\/media?parent=9495"}],"wp:term":[{"taxonomy":"category","embeddable":true,"href":"https:\/\/stuttgarti-katolikusok.de\/index.php\/wp-json\/wp\/v2\/categories?post=9495"},{"taxonomy":"post_tag","embeddable":true,"href":"https:\/\/stuttgarti-katolikusok.de\/index.php\/wp-json\/wp\/v2\/tags?post=9495"}],"curies":[{"name":"wp","href":"https:\/\/api.w.org\/{rel}","templated":true}]}}