{"id":9349,"date":"2016-06-06T16:36:50","date_gmt":"2016-06-06T16:36:50","guid":{"rendered":"https:\/\/gracious-dewdney.138-201-221-2.plesk.page\/?p=9349"},"modified":"2020-04-27T15:35:56","modified_gmt":"2020-04-27T15:35:56","slug":"vigyazz-a-szivedre","status":"publish","type":"post","link":"https:\/\/stuttgarti-katolikusok.de\/index.php\/vigyazz-a-szivedre\/","title":{"rendered":"Vigy\u00e1zz a sz\u00edvedre&#8230;"},"content":{"rendered":"<p>&nbsp;<\/p>\n<p><strong>Vigy\u00e1zz a sz\u00edvedre!<\/strong><\/p>\n<p>&nbsp;<\/p>\n<p>M\u00e1r hetek \u00f3ta l\u00e1tom rajtad, hogy f\u00e1radt \u00e9s cs\u00fcggedt vagy&#8230; Mintha a szemedb\u0151l kiveszett volna a t\u0171z&#8230; Teszed ugyan a dolgaidat, de minden lelkesed\u00e9s n\u00e9lk\u00fcl&#8230; \u00c9s l\u00e1tom rajtad, hogy Neked is f\u00e1j ez a v\u00e1ltoz\u00e1s&#8230; Boldogtalann\u00e1 tesz&#8230;<\/p>\n<p>&nbsp;<\/p>\n<p>Tegnap azt\u00e1n megmondtad, hogy tan\u00e1cstalan vagy: nem tudod, hogyan tal\u00e1lhatn\u00e1l vissza r\u00e9gi \u00f6nmagadhoz? Hogyan t\u00e9rhetne vissza szemedbe a r\u00e9gi t\u0171z, sz\u00edvedbe a r\u00e9gi lelkesed\u00e9s \u00e9s a boldogs\u00e1g?<\/p>\n<p>&nbsp;<\/p>\n<p>Mivel sok id\u0151nk nem volt a besz\u00e9lget\u00e9sre, ma v\u00e1laszolok Neked&#8230;<\/p>\n<p>&nbsp;<\/p>\n<p>N\u00e9zd, a vil\u00e1g tele van kicsinek \u00e9s jelent\u00e9ktelennek l\u00e1tsz\u00f3 dologokkal, amelyek n\u00e9lk\u00fcl azonban az \u00e9let sokkal sz\u00edntelenebb \u00e9s szeg\u00e9nyebb volna. \u00c9s hidd el nekem, hogy egyed\u00fcl az boldog, aki ezeket az apr\u00f3 csod\u00e1kat \u00e9szreveszi.<\/p>\n<p>&nbsp;<\/p>\n<p>\u00c9leted egy pontj\u00e1n azonban, ha nem figyelsz, bek\u00f6vetkezik egy t\u00f6r\u00e9s: ezek a kis \u00e9s jelent\u00e9ktelennek l\u00e1tsz\u00f3 dolgok, amelyek n\u00e9lk\u00fcl azonban az \u00e9let sz\u00edntelenebb \u00e9s szeg\u00e9nyebb volna, magukt\u00f3l \u00e9rtet\u0151d\u0151kk\u00e9 v\u00e1lnak sz\u00e1modra, m\u00e1r nem t\u0171nnek fel Neked, nem veszed \u00e9szre \u0151ket, nem sz\u00f3l\u00edtanak meg T\u00e9ged.<\/p>\n<p>Amit azel\u0151tt sz\u00e9pnek \u00e9s csod\u00e1latosnak l\u00e1tt\u00e1l, megszokott\u00e1 v\u00e1lnak.<\/p>\n<p>Ami azel\u0151tt f\u00f6lt\u0171nt Neked, hirtelen elveszt\u00edti csillog\u00e1s\u00e1t.<\/p>\n<p>A kis csod\u00e1k ir\u00e1nt \u00e9rzett \u201eels\u0151 szerelem f\u00e9nye\u201d valamik\u00e9pp elhalv\u00e1nyul benned, szemed egyre \u00e9rz\u00e9ketlenebb\u00e9 v\u00e1lik, \u00e9s egyszer csak azt k\u00e9rdezed magadt\u00f3l \u2013 ha egy\u00e1ltal\u00e1n \u00e9szreveszed a v\u00e1ltoz\u00e1st! \u2013, hogy mi\u00e9rt van ez \u00edgy?<\/p>\n<p>&nbsp;<\/p>\n<p>Fontos tudnod, hogy, nem a szemed a ludas abban, ha a sz\u00e9p ir\u00e1nti \u00e9rz\u00e9kedet elvesz\u00edtetted!<\/p>\n<p>Nem a szemed, hanem a sz\u00edved.<\/p>\n<p>Mert b\u00e1r a szemed n\u00e9z, de igaz\u00e1b\u00f3l a sz\u00edved az, ami l\u00e1t!<\/p>\n<p>Mert b\u00e1r a szemed \u00e9rz\u00e9keli a sz\u00edneket, a szem\u00e9lyeket, az esem\u00e9nyeket \u00e9s a dolgokat, de a sz\u00edved az, amelybe mind elrakt\u00e1rozod \u0151ket.<\/p>\n<p>Mert b\u00e1r a szem az, amely minden f\u00e1jdalmast, megterhel\u0151t, megal\u00e1z\u00f3t, megrend\u00edt\u0151t, megd\u00f6bbent\u0151t \u00e9szlel, de mindez a sz\u00edvedet terheli meg.<\/p>\n<p>Tetej\u00e9ben m\u00e9g mi is annyi mindennel megterhelj\u00fck a sz\u00edv\u00fcnket&#8230;<\/p>\n<p>&nbsp;<\/p>\n<p>Mindig arra gondolj, hogy sz\u00edved egy v\u00e9gtelen \u00e9rt\u00e9k\u0171 kincsesl\u00e1da, amelyet nem szabad mindenf\u00e9le kacattal \u00e9s lommal megt\u00f6ltened.<\/p>\n<p>&nbsp;<\/p>\n<p>Ha teh\u00e1t a csod\u00e1lkozni, minden sz\u00e9pre r\u00e1b\u00e1mulni, azt \u00e9lvezni tud\u00f3 tekintetedet vissza akarod szerezni, akkor tiszt\u00edsd meg a sz\u00edvedet. Vess ki bel\u0151le minden nem oda ill\u0151 dolgot.<\/p>\n<p>&nbsp;<\/p>\n<p>A sz\u00edvednek sz\u00fcks\u00e9ge arra van, hogy ezekt\u0151l szabad maradjon!<\/p>\n<p>Csak a sz\u00e9pet \u00e9s a nemeset \u0151rizd benne!<\/p>\n<p>Gy\u00f3gy\u00edtgasd a sz\u00edvedet, \u00e9s akkor a szemed is eg\u00e9szs\u00e9ges lesz \u00e9s \u00fajra l\u00e1tni fog!<\/p>\n<p>&nbsp;<\/p>\n<p>Ha \u00edgy teszel, akkor ism\u00e9t \u00e9szreveszi a sz\u00e9pet, az egyed\u00fcl\u00e1ll\u00f3t, a szokatlant, a csod\u00e1latost, \u00e9s a kicsinek \u00e9s jelent\u00e9ktelennek l\u00e1tsz\u00f3 dolgokban is felfedezi a grandi\u00f3zust \u00e9s a remeket.<\/p>\n<p>Ha \u00edgy teszel, akkor minden sz\u00fcrke h\u00e9tk\u00f6znapot ism\u00e9t egyed\u00fcl\u00e1ll\u00f3nak, remeknek, csod\u00e1latosnak \u00e9s sz\u00e9pnek fogsz tal\u00e1lni!<\/p>\n<p>&nbsp;<\/p>\n<p>Ha \u00edgy teszel, akkor visszat\u00e9r szemedbe a r\u00e9gi t\u0171z, visszak\u00f6lt\u00f6zik sz\u00edvedbe a r\u00e9gi lelkesed\u00e9s \u00e9s a boldogs\u00e1g.<\/p>\n<p>&nbsp;<\/p>\n<p>Ezt k\u00edv\u00e1nja Neked tiszta sz\u00edvb\u0151l<\/p>\n<p>&nbsp;<\/p>\n<p><em>Imre atya<\/em><\/p>\n<p><em>\u00a0<\/em><\/p>\n<p><em>Stuttgart, 2016-06-06. <\/em><\/p>\n","protected":false},"excerpt":{"rendered":"<p>&nbsp; Vigy\u00e1zz a sz\u00edvedre! &nbsp; M\u00e1r hetek \u00f3ta l\u00e1tom rajtad, hogy f\u00e1radt \u00e9s cs\u00fcggedt vagy&#8230; Mintha a szemedb\u0151l kiveszett volna a t\u0171z&#8230; Teszed ugyan a dolgaidat, de minden lelkesed\u00e9s n\u00e9lk\u00fcl&#8230; \u00c9s l\u00e1tom rajtad, hogy Neked is f\u00e1j ez a v\u00e1ltoz\u00e1s&#8230; Boldogtalann\u00e1 tesz&#8230; &nbsp; Tegnap azt\u00e1n megmondtad, hogy tan\u00e1cstalan vagy: nem tudod, hogyan tal\u00e1lhatn\u00e1l vissza r\u00e9gi \u00f6nmagadhoz? Hogyan t\u00e9rhetne vissza szemedbe a r\u00e9gi t\u0171z, sz\u00edvedbe a r\u00e9gi lelkesed\u00e9s \u00e9s a boldogs\u00e1g? &nbsp; Mivel sok id\u0151nk nem volt a besz\u00e9lget\u00e9sre, ma v\u00e1laszolok Neked&#8230; &nbsp; N\u00e9zd, a vil\u00e1g tele van kicsinek \u00e9s jelent\u00e9ktelennek l\u00e1tsz\u00f3 dologokkal, amelyek n\u00e9lk\u00fcl azonban az \u00e9let sokkal sz\u00edntelenebb \u00e9s szeg\u00e9nyebb volna. \u00c9s hidd el nekem, hogy egyed\u00fcl az boldog, aki ezeket az apr\u00f3 csod\u00e1kat \u00e9szreveszi. &nbsp; \u00c9leted egy pontj\u00e1n azonban, ha nem figyelsz, bek\u00f6vetkezik egy t\u00f6r\u00e9s: ezek a kis \u00e9s jelent\u00e9ktelennek l\u00e1tsz\u00f3 dolgok, amelyek n\u00e9lk\u00fcl azonban az \u00e9let sz\u00edntelenebb \u00e9s szeg\u00e9nyebb volna, magukt\u00f3l \u00e9rtet\u0151d\u0151kk\u00e9 v\u00e1lnak sz\u00e1modra, m\u00e1r nem t\u0171nnek fel Neked, nem veszed \u00e9szre \u0151ket, nem sz\u00f3l\u00edtanak meg T\u00e9ged. Amit azel\u0151tt sz\u00e9pnek \u00e9s csod\u00e1latosnak l\u00e1tt\u00e1l, megszokott\u00e1 v\u00e1lnak. Ami azel\u0151tt f\u00f6lt\u0171nt Neked, hirtelen elveszt\u00edti csillog\u00e1s\u00e1t. A kis csod\u00e1k ir\u00e1nt \u00e9rzett \u201eels\u0151 szerelem f\u00e9nye\u201d valamik\u00e9pp elhalv\u00e1nyul benned, szemed egyre \u00e9rz\u00e9ketlenebb\u00e9 v\u00e1lik, \u00e9s egyszer csak azt k\u00e9rdezed magadt\u00f3l \u2013 ha egy\u00e1ltal\u00e1n \u00e9szreveszed a v\u00e1ltoz\u00e1st! \u2013, hogy mi\u00e9rt van ez \u00edgy? &nbsp; Fontos tudnod, hogy, nem a szemed a ludas abban, ha a sz\u00e9p ir\u00e1nti \u00e9rz\u00e9kedet elvesz\u00edtetted! Nem a szemed, hanem a sz\u00edved. Mert b\u00e1r a szemed n\u00e9z, de igaz\u00e1b\u00f3l a sz\u00edved az, ami l\u00e1t! Mert b\u00e1r a szemed \u00e9rz\u00e9keli a sz\u00edneket, a szem\u00e9lyeket, az esem\u00e9nyeket \u00e9s a dolgokat, de a sz\u00edved az, amelybe mind elrakt\u00e1rozod \u0151ket. Mert b\u00e1r a szem az, amely minden f\u00e1jdalmast, megterhel\u0151t, megal\u00e1z\u00f3t, megrend\u00edt\u0151t, megd\u00f6bbent\u0151t \u00e9szlel, de mindez a sz\u00edvedet terheli meg. Tetej\u00e9ben m\u00e9g mi is annyi mindennel megterhelj\u00fck a sz\u00edv\u00fcnket&#8230; &nbsp; Mindig arra gondolj, hogy sz\u00edved egy v\u00e9gtelen&#8230; <\/p>\n<p><a class=\"readmore\" href=\"https:\/\/stuttgarti-katolikusok.de\/index.php\/vigyazz-a-szivedre\/\">R\u00e9szletek<\/a><\/p>\n","protected":false},"author":3,"featured_media":0,"comment_status":"closed","ping_status":"closed","sticky":false,"template":"","format":"standard","meta":{"footnotes":""},"categories":[24],"tags":[],"class_list":["post-9349","post","type-post","status-publish","format-standard","hentry","category-gondolatok"],"yoast_head":"<!-- This site is optimized with the Yoast SEO plugin v27.3 - https:\/\/yoast.com\/product\/yoast-seo-wordpress\/ -->\n<title>Vigy\u00e1zz a sz\u00edvedre... - Stuttgarti Katolikusok<\/title>\n<meta name=\"robots\" content=\"index, follow, max-snippet:-1, max-image-preview:large, max-video-preview:-1\" \/>\n<link rel=\"canonical\" href=\"https:\/\/stuttgarti-katolikusok.de\/index.php\/vigyazz-a-szivedre\/\" \/>\n<meta property=\"og:locale\" content=\"hu_HU\" \/>\n<meta property=\"og:type\" content=\"article\" \/>\n<meta property=\"og:title\" content=\"Vigy\u00e1zz a sz\u00edvedre... - Stuttgarti Katolikusok\" \/>\n<meta property=\"og:description\" content=\"&nbsp; Vigy\u00e1zz a sz\u00edvedre! &nbsp; M\u00e1r hetek \u00f3ta l\u00e1tom rajtad, hogy f\u00e1radt \u00e9s cs\u00fcggedt vagy&#8230; Mintha a szemedb\u0151l kiveszett volna a t\u0171z&#8230; Teszed ugyan a dolgaidat, de minden lelkesed\u00e9s n\u00e9lk\u00fcl&#8230; \u00c9s l\u00e1tom rajtad, hogy Neked is f\u00e1j ez a v\u00e1ltoz\u00e1s&#8230; Boldogtalann\u00e1 tesz&#8230; &nbsp; Tegnap azt\u00e1n megmondtad, hogy tan\u00e1cstalan vagy: nem tudod, hogyan tal\u00e1lhatn\u00e1l vissza r\u00e9gi \u00f6nmagadhoz? Hogyan t\u00e9rhetne vissza szemedbe a r\u00e9gi t\u0171z, sz\u00edvedbe a r\u00e9gi lelkesed\u00e9s \u00e9s a boldogs\u00e1g? &nbsp; Mivel sok id\u0151nk nem volt a besz\u00e9lget\u00e9sre, ma v\u00e1laszolok Neked&#8230; &nbsp; N\u00e9zd, a vil\u00e1g tele van kicsinek \u00e9s jelent\u00e9ktelennek l\u00e1tsz\u00f3 dologokkal, amelyek n\u00e9lk\u00fcl azonban az \u00e9let sokkal sz\u00edntelenebb \u00e9s szeg\u00e9nyebb volna. \u00c9s hidd el nekem, hogy egyed\u00fcl az boldog, aki ezeket az apr\u00f3 csod\u00e1kat \u00e9szreveszi. &nbsp; \u00c9leted egy pontj\u00e1n azonban, ha nem figyelsz, bek\u00f6vetkezik egy t\u00f6r\u00e9s: ezek a kis \u00e9s jelent\u00e9ktelennek l\u00e1tsz\u00f3 dolgok, amelyek n\u00e9lk\u00fcl azonban az \u00e9let sz\u00edntelenebb \u00e9s szeg\u00e9nyebb volna, magukt\u00f3l \u00e9rtet\u0151d\u0151kk\u00e9 v\u00e1lnak sz\u00e1modra, m\u00e1r nem t\u0171nnek fel Neked, nem veszed \u00e9szre \u0151ket, nem sz\u00f3l\u00edtanak meg T\u00e9ged. Amit azel\u0151tt sz\u00e9pnek \u00e9s csod\u00e1latosnak l\u00e1tt\u00e1l, megszokott\u00e1 v\u00e1lnak. Ami azel\u0151tt f\u00f6lt\u0171nt Neked, hirtelen elveszt\u00edti csillog\u00e1s\u00e1t. A kis csod\u00e1k ir\u00e1nt \u00e9rzett \u201eels\u0151 szerelem f\u00e9nye\u201d valamik\u00e9pp elhalv\u00e1nyul benned, szemed egyre \u00e9rz\u00e9ketlenebb\u00e9 v\u00e1lik, \u00e9s egyszer csak azt k\u00e9rdezed magadt\u00f3l \u2013 ha egy\u00e1ltal\u00e1n \u00e9szreveszed a v\u00e1ltoz\u00e1st! \u2013, hogy mi\u00e9rt van ez \u00edgy? &nbsp; Fontos tudnod, hogy, nem a szemed a ludas abban, ha a sz\u00e9p ir\u00e1nti \u00e9rz\u00e9kedet elvesz\u00edtetted! Nem a szemed, hanem a sz\u00edved. Mert b\u00e1r a szemed n\u00e9z, de igaz\u00e1b\u00f3l a sz\u00edved az, ami l\u00e1t! Mert b\u00e1r a szemed \u00e9rz\u00e9keli a sz\u00edneket, a szem\u00e9lyeket, az esem\u00e9nyeket \u00e9s a dolgokat, de a sz\u00edved az, amelybe mind elrakt\u00e1rozod \u0151ket. Mert b\u00e1r a szem az, amely minden f\u00e1jdalmast, megterhel\u0151t, megal\u00e1z\u00f3t, megrend\u00edt\u0151t, megd\u00f6bbent\u0151t \u00e9szlel, de mindez a sz\u00edvedet terheli meg. Tetej\u00e9ben m\u00e9g mi is annyi mindennel megterhelj\u00fck a sz\u00edv\u00fcnket&#8230; &nbsp; Mindig arra gondolj, hogy sz\u00edved egy v\u00e9gtelen... R\u00e9szletek\" \/>\n<meta property=\"og:url\" content=\"https:\/\/stuttgarti-katolikusok.de\/index.php\/vigyazz-a-szivedre\/\" \/>\n<meta property=\"og:site_name\" content=\"Stuttgarti Katolikusok\" \/>\n<meta property=\"article:published_time\" content=\"2016-06-06T16:36:50+00:00\" \/>\n<meta property=\"article:modified_time\" content=\"2020-04-27T15:35:56+00:00\" \/>\n<meta name=\"author\" content=\"Tibor atya\" \/>\n<meta name=\"twitter:card\" content=\"summary_large_image\" \/>\n<meta name=\"twitter:label1\" content=\"Szerz\u0151:\" \/>\n\t<meta name=\"twitter:data1\" content=\"Tibor atya\" \/>\n\t<meta name=\"twitter:label2\" content=\"Becs\u00fclt olvas\u00e1si id\u0151\" \/>\n\t<meta name=\"twitter:data2\" content=\"3 perc\" \/>\n<script type=\"application\/ld+json\" class=\"yoast-schema-graph\">{\"@context\":\"https:\\\/\\\/schema.org\",\"@graph\":[{\"@type\":\"Article\",\"@id\":\"https:\\\/\\\/stuttgarti-katolikusok.de\\\/index.php\\\/vigyazz-a-szivedre\\\/#article\",\"isPartOf\":{\"@id\":\"https:\\\/\\\/stuttgarti-katolikusok.de\\\/index.php\\\/vigyazz-a-szivedre\\\/\"},\"author\":{\"name\":\"Tibor atya\",\"@id\":\"https:\\\/\\\/stuttgarti-katolikusok.de\\\/#\\\/schema\\\/person\\\/75908d6f8fdc03a57889d27209df7795\"},\"headline\":\"Vigy\u00e1zz a sz\u00edvedre&#8230;\",\"datePublished\":\"2016-06-06T16:36:50+00:00\",\"dateModified\":\"2020-04-27T15:35:56+00:00\",\"mainEntityOfPage\":{\"@id\":\"https:\\\/\\\/stuttgarti-katolikusok.de\\\/index.php\\\/vigyazz-a-szivedre\\\/\"},\"wordCount\":624,\"articleSection\":[\"Gondolatok\"],\"inLanguage\":\"hu\"},{\"@type\":\"WebPage\",\"@id\":\"https:\\\/\\\/stuttgarti-katolikusok.de\\\/index.php\\\/vigyazz-a-szivedre\\\/\",\"url\":\"https:\\\/\\\/stuttgarti-katolikusok.de\\\/index.php\\\/vigyazz-a-szivedre\\\/\",\"name\":\"Vigy\u00e1zz a sz\u00edvedre... - Stuttgarti Katolikusok\",\"isPartOf\":{\"@id\":\"https:\\\/\\\/stuttgarti-katolikusok.de\\\/#website\"},\"datePublished\":\"2016-06-06T16:36:50+00:00\",\"dateModified\":\"2020-04-27T15:35:56+00:00\",\"author\":{\"@id\":\"https:\\\/\\\/stuttgarti-katolikusok.de\\\/#\\\/schema\\\/person\\\/75908d6f8fdc03a57889d27209df7795\"},\"breadcrumb\":{\"@id\":\"https:\\\/\\\/stuttgarti-katolikusok.de\\\/index.php\\\/vigyazz-a-szivedre\\\/#breadcrumb\"},\"inLanguage\":\"hu\",\"potentialAction\":[{\"@type\":\"ReadAction\",\"target\":[\"https:\\\/\\\/stuttgarti-katolikusok.de\\\/index.php\\\/vigyazz-a-szivedre\\\/\"]}]},{\"@type\":\"BreadcrumbList\",\"@id\":\"https:\\\/\\\/stuttgarti-katolikusok.de\\\/index.php\\\/vigyazz-a-szivedre\\\/#breadcrumb\",\"itemListElement\":[{\"@type\":\"ListItem\",\"position\":1,\"name\":\"Kezd\u0151lap\",\"item\":\"https:\\\/\\\/stuttgarti-katolikusok.de\\\/\"},{\"@type\":\"ListItem\",\"position\":2,\"name\":\"Vigy\u00e1zz a sz\u00edvedre&#8230;\"}]},{\"@type\":\"WebSite\",\"@id\":\"https:\\\/\\\/stuttgarti-katolikusok.de\\\/#website\",\"url\":\"https:\\\/\\\/stuttgarti-katolikusok.de\\\/\",\"name\":\"Stuttgarti Katolikusok\",\"description\":\"\",\"potentialAction\":[{\"@type\":\"SearchAction\",\"target\":{\"@type\":\"EntryPoint\",\"urlTemplate\":\"https:\\\/\\\/stuttgarti-katolikusok.de\\\/?s={search_term_string}\"},\"query-input\":{\"@type\":\"PropertyValueSpecification\",\"valueRequired\":true,\"valueName\":\"search_term_string\"}}],\"inLanguage\":\"hu\"},{\"@type\":\"Person\",\"@id\":\"https:\\\/\\\/stuttgarti-katolikusok.de\\\/#\\\/schema\\\/person\\\/75908d6f8fdc03a57889d27209df7795\",\"name\":\"Tibor atya\",\"image\":{\"@type\":\"ImageObject\",\"inLanguage\":\"hu\",\"@id\":\"https:\\\/\\\/secure.gravatar.com\\\/avatar\\\/61d268e57d1f4525b111222e29d2d5a7f8c420fdbf231ba5566a8ceac74fa960?s=96&d=mm&r=g\",\"url\":\"https:\\\/\\\/secure.gravatar.com\\\/avatar\\\/61d268e57d1f4525b111222e29d2d5a7f8c420fdbf231ba5566a8ceac74fa960?s=96&d=mm&r=g\",\"contentUrl\":\"https:\\\/\\\/secure.gravatar.com\\\/avatar\\\/61d268e57d1f4525b111222e29d2d5a7f8c420fdbf231ba5566a8ceac74fa960?s=96&d=mm&r=g\",\"caption\":\"Tibor atya\"},\"url\":\"https:\\\/\\\/stuttgarti-katolikusok.de\\\/index.php\\\/author\\\/tibor-atya\\\/\"}]}<\/script>\n<!-- \/ Yoast SEO plugin. -->","yoast_head_json":{"title":"Vigy\u00e1zz a sz\u00edvedre... - Stuttgarti Katolikusok","robots":{"index":"index","follow":"follow","max-snippet":"max-snippet:-1","max-image-preview":"max-image-preview:large","max-video-preview":"max-video-preview:-1"},"canonical":"https:\/\/stuttgarti-katolikusok.de\/index.php\/vigyazz-a-szivedre\/","og_locale":"hu_HU","og_type":"article","og_title":"Vigy\u00e1zz a sz\u00edvedre... - Stuttgarti Katolikusok","og_description":"&nbsp; Vigy\u00e1zz a sz\u00edvedre! &nbsp; M\u00e1r hetek \u00f3ta l\u00e1tom rajtad, hogy f\u00e1radt \u00e9s cs\u00fcggedt vagy&#8230; Mintha a szemedb\u0151l kiveszett volna a t\u0171z&#8230; Teszed ugyan a dolgaidat, de minden lelkesed\u00e9s n\u00e9lk\u00fcl&#8230; \u00c9s l\u00e1tom rajtad, hogy Neked is f\u00e1j ez a v\u00e1ltoz\u00e1s&#8230; Boldogtalann\u00e1 tesz&#8230; &nbsp; Tegnap azt\u00e1n megmondtad, hogy tan\u00e1cstalan vagy: nem tudod, hogyan tal\u00e1lhatn\u00e1l vissza r\u00e9gi \u00f6nmagadhoz? Hogyan t\u00e9rhetne vissza szemedbe a r\u00e9gi t\u0171z, sz\u00edvedbe a r\u00e9gi lelkesed\u00e9s \u00e9s a boldogs\u00e1g? &nbsp; Mivel sok id\u0151nk nem volt a besz\u00e9lget\u00e9sre, ma v\u00e1laszolok Neked&#8230; &nbsp; N\u00e9zd, a vil\u00e1g tele van kicsinek \u00e9s jelent\u00e9ktelennek l\u00e1tsz\u00f3 dologokkal, amelyek n\u00e9lk\u00fcl azonban az \u00e9let sokkal sz\u00edntelenebb \u00e9s szeg\u00e9nyebb volna. \u00c9s hidd el nekem, hogy egyed\u00fcl az boldog, aki ezeket az apr\u00f3 csod\u00e1kat \u00e9szreveszi. &nbsp; \u00c9leted egy pontj\u00e1n azonban, ha nem figyelsz, bek\u00f6vetkezik egy t\u00f6r\u00e9s: ezek a kis \u00e9s jelent\u00e9ktelennek l\u00e1tsz\u00f3 dolgok, amelyek n\u00e9lk\u00fcl azonban az \u00e9let sz\u00edntelenebb \u00e9s szeg\u00e9nyebb volna, magukt\u00f3l \u00e9rtet\u0151d\u0151kk\u00e9 v\u00e1lnak sz\u00e1modra, m\u00e1r nem t\u0171nnek fel Neked, nem veszed \u00e9szre \u0151ket, nem sz\u00f3l\u00edtanak meg T\u00e9ged. Amit azel\u0151tt sz\u00e9pnek \u00e9s csod\u00e1latosnak l\u00e1tt\u00e1l, megszokott\u00e1 v\u00e1lnak. Ami azel\u0151tt f\u00f6lt\u0171nt Neked, hirtelen elveszt\u00edti csillog\u00e1s\u00e1t. A kis csod\u00e1k ir\u00e1nt \u00e9rzett \u201eels\u0151 szerelem f\u00e9nye\u201d valamik\u00e9pp elhalv\u00e1nyul benned, szemed egyre \u00e9rz\u00e9ketlenebb\u00e9 v\u00e1lik, \u00e9s egyszer csak azt k\u00e9rdezed magadt\u00f3l \u2013 ha egy\u00e1ltal\u00e1n \u00e9szreveszed a v\u00e1ltoz\u00e1st! \u2013, hogy mi\u00e9rt van ez \u00edgy? &nbsp; Fontos tudnod, hogy, nem a szemed a ludas abban, ha a sz\u00e9p ir\u00e1nti \u00e9rz\u00e9kedet elvesz\u00edtetted! Nem a szemed, hanem a sz\u00edved. Mert b\u00e1r a szemed n\u00e9z, de igaz\u00e1b\u00f3l a sz\u00edved az, ami l\u00e1t! Mert b\u00e1r a szemed \u00e9rz\u00e9keli a sz\u00edneket, a szem\u00e9lyeket, az esem\u00e9nyeket \u00e9s a dolgokat, de a sz\u00edved az, amelybe mind elrakt\u00e1rozod \u0151ket. Mert b\u00e1r a szem az, amely minden f\u00e1jdalmast, megterhel\u0151t, megal\u00e1z\u00f3t, megrend\u00edt\u0151t, megd\u00f6bbent\u0151t \u00e9szlel, de mindez a sz\u00edvedet terheli meg. Tetej\u00e9ben m\u00e9g mi is annyi mindennel megterhelj\u00fck a sz\u00edv\u00fcnket&#8230; &nbsp; Mindig arra gondolj, hogy sz\u00edved egy v\u00e9gtelen... R\u00e9szletek","og_url":"https:\/\/stuttgarti-katolikusok.de\/index.php\/vigyazz-a-szivedre\/","og_site_name":"Stuttgarti Katolikusok","article_published_time":"2016-06-06T16:36:50+00:00","article_modified_time":"2020-04-27T15:35:56+00:00","author":"Tibor atya","twitter_card":"summary_large_image","twitter_misc":{"Szerz\u0151:":"Tibor atya","Becs\u00fclt olvas\u00e1si id\u0151":"3 perc"},"schema":{"@context":"https:\/\/schema.org","@graph":[{"@type":"Article","@id":"https:\/\/stuttgarti-katolikusok.de\/index.php\/vigyazz-a-szivedre\/#article","isPartOf":{"@id":"https:\/\/stuttgarti-katolikusok.de\/index.php\/vigyazz-a-szivedre\/"},"author":{"name":"Tibor atya","@id":"https:\/\/stuttgarti-katolikusok.de\/#\/schema\/person\/75908d6f8fdc03a57889d27209df7795"},"headline":"Vigy\u00e1zz a sz\u00edvedre&#8230;","datePublished":"2016-06-06T16:36:50+00:00","dateModified":"2020-04-27T15:35:56+00:00","mainEntityOfPage":{"@id":"https:\/\/stuttgarti-katolikusok.de\/index.php\/vigyazz-a-szivedre\/"},"wordCount":624,"articleSection":["Gondolatok"],"inLanguage":"hu"},{"@type":"WebPage","@id":"https:\/\/stuttgarti-katolikusok.de\/index.php\/vigyazz-a-szivedre\/","url":"https:\/\/stuttgarti-katolikusok.de\/index.php\/vigyazz-a-szivedre\/","name":"Vigy\u00e1zz a sz\u00edvedre... - Stuttgarti Katolikusok","isPartOf":{"@id":"https:\/\/stuttgarti-katolikusok.de\/#website"},"datePublished":"2016-06-06T16:36:50+00:00","dateModified":"2020-04-27T15:35:56+00:00","author":{"@id":"https:\/\/stuttgarti-katolikusok.de\/#\/schema\/person\/75908d6f8fdc03a57889d27209df7795"},"breadcrumb":{"@id":"https:\/\/stuttgarti-katolikusok.de\/index.php\/vigyazz-a-szivedre\/#breadcrumb"},"inLanguage":"hu","potentialAction":[{"@type":"ReadAction","target":["https:\/\/stuttgarti-katolikusok.de\/index.php\/vigyazz-a-szivedre\/"]}]},{"@type":"BreadcrumbList","@id":"https:\/\/stuttgarti-katolikusok.de\/index.php\/vigyazz-a-szivedre\/#breadcrumb","itemListElement":[{"@type":"ListItem","position":1,"name":"Kezd\u0151lap","item":"https:\/\/stuttgarti-katolikusok.de\/"},{"@type":"ListItem","position":2,"name":"Vigy\u00e1zz a sz\u00edvedre&#8230;"}]},{"@type":"WebSite","@id":"https:\/\/stuttgarti-katolikusok.de\/#website","url":"https:\/\/stuttgarti-katolikusok.de\/","name":"Stuttgarti Katolikusok","description":"","potentialAction":[{"@type":"SearchAction","target":{"@type":"EntryPoint","urlTemplate":"https:\/\/stuttgarti-katolikusok.de\/?s={search_term_string}"},"query-input":{"@type":"PropertyValueSpecification","valueRequired":true,"valueName":"search_term_string"}}],"inLanguage":"hu"},{"@type":"Person","@id":"https:\/\/stuttgarti-katolikusok.de\/#\/schema\/person\/75908d6f8fdc03a57889d27209df7795","name":"Tibor atya","image":{"@type":"ImageObject","inLanguage":"hu","@id":"https:\/\/secure.gravatar.com\/avatar\/61d268e57d1f4525b111222e29d2d5a7f8c420fdbf231ba5566a8ceac74fa960?s=96&d=mm&r=g","url":"https:\/\/secure.gravatar.com\/avatar\/61d268e57d1f4525b111222e29d2d5a7f8c420fdbf231ba5566a8ceac74fa960?s=96&d=mm&r=g","contentUrl":"https:\/\/secure.gravatar.com\/avatar\/61d268e57d1f4525b111222e29d2d5a7f8c420fdbf231ba5566a8ceac74fa960?s=96&d=mm&r=g","caption":"Tibor atya"},"url":"https:\/\/stuttgarti-katolikusok.de\/index.php\/author\/tibor-atya\/"}]}},"_links":{"self":[{"href":"https:\/\/stuttgarti-katolikusok.de\/index.php\/wp-json\/wp\/v2\/posts\/9349","targetHints":{"allow":["GET"]}}],"collection":[{"href":"https:\/\/stuttgarti-katolikusok.de\/index.php\/wp-json\/wp\/v2\/posts"}],"about":[{"href":"https:\/\/stuttgarti-katolikusok.de\/index.php\/wp-json\/wp\/v2\/types\/post"}],"author":[{"embeddable":true,"href":"https:\/\/stuttgarti-katolikusok.de\/index.php\/wp-json\/wp\/v2\/users\/3"}],"replies":[{"embeddable":true,"href":"https:\/\/stuttgarti-katolikusok.de\/index.php\/wp-json\/wp\/v2\/comments?post=9349"}],"version-history":[{"count":1,"href":"https:\/\/stuttgarti-katolikusok.de\/index.php\/wp-json\/wp\/v2\/posts\/9349\/revisions"}],"predecessor-version":[{"id":9351,"href":"https:\/\/stuttgarti-katolikusok.de\/index.php\/wp-json\/wp\/v2\/posts\/9349\/revisions\/9351"}],"wp:attachment":[{"href":"https:\/\/stuttgarti-katolikusok.de\/index.php\/wp-json\/wp\/v2\/media?parent=9349"}],"wp:term":[{"taxonomy":"category","embeddable":true,"href":"https:\/\/stuttgarti-katolikusok.de\/index.php\/wp-json\/wp\/v2\/categories?post=9349"},{"taxonomy":"post_tag","embeddable":true,"href":"https:\/\/stuttgarti-katolikusok.de\/index.php\/wp-json\/wp\/v2\/tags?post=9349"}],"curies":[{"name":"wp","href":"https:\/\/api.w.org\/{rel}","templated":true}]}}