{"id":9308,"date":"2016-06-03T04:08:12","date_gmt":"2016-06-03T04:08:12","guid":{"rendered":"https:\/\/gracious-dewdney.138-201-221-2.plesk.page\/?p=9308"},"modified":"2020-04-27T16:04:13","modified_gmt":"2020-04-27T16:04:13","slug":"programelozetes-junius-2-es-5-kozott","status":"publish","type":"post","link":"https:\/\/stuttgarti-katolikusok.de\/index.php\/programelozetes-junius-2-es-5-kozott\/","title":{"rendered":"Programel\u0151zetes j\u00fanius 2 \u00e9s 5 k\u00f6z\u00f6tt"},"content":{"rendered":"<p><strong>Programel\u0151zetes<\/strong><\/p>\n<p><strong>\u00a0<\/strong><strong>\u00a0<\/strong><strong>J\u00fanius 2-\u00e1n, <\/strong>cs\u00fct\u00f6rt\u00f6k\u00f6n, <strong>Ulmban <\/strong>a szentmise \u00e9s a\u00a0 <em>Bibliak\u00f6r<\/em> ELMARAD!<\/p>\n<p>*<\/p>\n<p><strong>J\u00fanius 3-\u00e1n, <\/strong>p\u00e9nteken, 15.30 \u00f3rakor <strong>Stuttgartban<\/strong> <em>Bar\u00e1ts\u00e1gklub<\/em>.<strong>\u00a0 <\/strong>Minden kellemes t\u00e1rsas\u00e1gra v\u00e1gy\u00f3 \u00e9rdekl\u0151d\u0151t szeretettel v\u00e1r a Tags\u00e1g \u00e9s Imre atya!<\/p>\n<p>Este 17.45 \u00f3rakor <strong>J\u00e9zus Sz\u00edve-\u00e1jtatoss\u00e1g<\/strong>, ut\u00e1na <strong>szentmise<\/strong>. Keret\u00e9ben <em>Besz\u00e9lget\u00e9sek a katekizmusr\u00f3l. <\/em>Ut\u00e1na <strong>Imak\u00f6r<\/strong><em>. <\/em>Mindenkit szeretettel v\u00e1runk!<\/p>\n<p><strong>Weingartenben <\/strong>19.00 \u00f3rakor szentmise a St. Marien-templomban. Ut\u00e1na <em>Besz\u00e9lget\u00e9sek a Bibli\u00e1r\u00f3l<\/em>.<\/p>\n<p>Mindenkit szeretettel v\u00e1r a k\u00f6z\u00f6ss\u00e9g Tibor atya!<\/p>\n<p>*<\/p>\n<p><strong>J\u00fanius 4-\u00e9n, <\/strong>szombaton, 17.00 \u00f3rakor <strong>Balingenben <\/strong>szentmise. Ut\u00e1na \u00e1g\u00e1p\u00e9. Mindenkit szeretettel v\u00e1r a k\u00f6z\u00f6ss\u00e9g \u00e9s Tibor atya.<\/p>\n<p>*<\/p>\n<p><strong>J\u00fanius 5-\u00e9n, <\/strong>vas\u00e1rnap, 9.00 \u00f3rakor <strong>Munderkingenben <\/strong>\u00a0szentmise. El\u0151tte gy\u00f3ntat\u00e1s. Mindenkit szeretettel v\u00e1r a k\u00f6z\u00f6ss\u00e9g \u00e9s Tibor atya.<\/p>\n<p>9.30 \u00f3rakor <strong>Schw<\/strong><strong>\u00e4bisch-Gm\u00fcndben <\/strong>szentmise. Ut\u00e1na \u00e1g\u00e1p\u00e9. Mindenkit szeretettel v\u00e1r a k\u00f6z\u00f6ss\u00e9g \u00e9s Imre atya!<\/p>\n<p><strong>Stuttgartban <\/strong><em>Nemzeti \u00d6sszefog\u00e1s Vas\u00e1rnapja. <\/em>Ez\u00fattal az \u0150rs\u00e9gi (Burgenland) magyarok k\u00e9pviselet\u00e9ben Dr. P\u00e1l L\u00e1szl\u00f3 p\u00fcsp\u00f6ki helyn\u00f6k, l\u00e1togat meg benn\u00fcnket.<\/p>\n<p>Programunk:<\/p>\n<p>11.45 \u00f3rakor z\u00e1szl\u00f3felh\u00faz\u00e1s<\/p>\n<p>12.00 \u00f3rakor szentmise<\/p>\n<p>13.30 \u00f3rakor k\u00f6z\u00f6s eb\u00e9d<\/p>\n<p>15.00 \u00f3r\u00e1t\u00f3l P\u00f3t\u00e1pi \u00c1rp\u00e1d nemzetpolitik\u00e1\u00e9rt felel\u0151s \u00e1llamtitk\u00e1r sz\u00f3l hozz\u00e1nk<\/p>\n<p>15.30 \u00f3rakor Dr. P\u00e1l L\u00e1szl\u00f3 helyn\u00f6k besz\u00e1mol\u00f3t tart az \u0151rs\u00e9gi magyarok helyzet\u00e9r\u0151l<\/p>\n<p>16.30 \u00f3r\u00e1t\u00f3l a s\u00e1rospataki <em>\u201e8kor\u201d<\/em> <em>Sz\u00ednh\u00e1z<\/em> m\u0171sor\u00e1nak \u00f6rvendhet\u00fcnk.<\/p>\n<p>17.30 \u00f3rakor z\u00e1szl\u00f3bont\u00e1s.<\/p>\n<p>K\u00e9rek mindenkit, hogy j\u00f6jj\u00f6n el erre a nagy esem\u00e9nyre, \u00e9s ugyanakkor terjessze ezt az \u00f6r\u00f6mh\u00edrt m\u00e1sok fel\u00e9 is!<\/p>\n<p><strong><em>*<\/em><\/strong><\/p>\n<p><em>\u201eAki egy embert meg\u00f6rvendeztet \u00e9s nevet\u00e9sre b\u00edr, a mennyek orsz\u00e1g\u00e1t nyitja meg sz\u00e1m\u00e1ra.\u201d <\/em><strong>(J\u00fcrgen Moltmann \u2013 <\/strong><strong>*<\/strong><strong>1926 \u2013 n\u00e9met evang\u00e9likus teol\u00f3gus).<\/strong><\/p>\n<p><strong>*\u00a0<\/strong><\/p>\n<p><strong><em>Sz\u00e9p napokat, j\u00f3 munk\u00e1t, tartalmas besz\u00e9lget\u00e9seket \u00e9s kellemes tal\u00e1lkoz\u00e1sokat k\u00edv\u00e1nunk minden Kedves H\u00edv\u00fcnknek!<\/em><\/strong><\/p>\n<p><strong>\u00a0<\/strong><\/p>\n","protected":false},"excerpt":{"rendered":"<p>Programel\u0151zetes \u00a0\u00a0J\u00fanius 2-\u00e1n, cs\u00fct\u00f6rt\u00f6k\u00f6n, Ulmban a szentmise \u00e9s a\u00a0 Bibliak\u00f6r ELMARAD! * J\u00fanius 3-\u00e1n, p\u00e9nteken, 15.30 \u00f3rakor Stuttgartban Bar\u00e1ts\u00e1gklub.\u00a0 Minden kellemes t\u00e1rsas\u00e1gra v\u00e1gy\u00f3 \u00e9rdekl\u0151d\u0151t szeretettel v\u00e1r a Tags\u00e1g \u00e9s Imre atya! Este 17.45 \u00f3rakor J\u00e9zus Sz\u00edve-\u00e1jtatoss\u00e1g, ut\u00e1na szentmise. Keret\u00e9ben Besz\u00e9lget\u00e9sek a katekizmusr\u00f3l. Ut\u00e1na Imak\u00f6r. Mindenkit szeretettel v\u00e1runk! Weingartenben 19.00 \u00f3rakor szentmise a St. Marien-templomban. Ut\u00e1na Besz\u00e9lget\u00e9sek a Bibli\u00e1r\u00f3l. Mindenkit szeretettel v\u00e1r a k\u00f6z\u00f6ss\u00e9g Tibor atya! * J\u00fanius 4-\u00e9n, szombaton, 17.00 \u00f3rakor Balingenben szentmise. Ut\u00e1na \u00e1g\u00e1p\u00e9. Mindenkit szeretettel v\u00e1r a k\u00f6z\u00f6ss\u00e9g \u00e9s Tibor atya. * J\u00fanius 5-\u00e9n, vas\u00e1rnap, 9.00 \u00f3rakor Munderkingenben \u00a0szentmise. El\u0151tte gy\u00f3ntat\u00e1s. Mindenkit szeretettel v\u00e1r a k\u00f6z\u00f6ss\u00e9g \u00e9s Tibor atya. 9.30 \u00f3rakor Schw\u00e4bisch-Gm\u00fcndben szentmise. Ut\u00e1na \u00e1g\u00e1p\u00e9. Mindenkit szeretettel v\u00e1r a k\u00f6z\u00f6ss\u00e9g \u00e9s Imre atya! Stuttgartban Nemzeti \u00d6sszefog\u00e1s Vas\u00e1rnapja. Ez\u00fattal az \u0150rs\u00e9gi (Burgenland) magyarok k\u00e9pviselet\u00e9ben Dr. P\u00e1l L\u00e1szl\u00f3 p\u00fcsp\u00f6ki helyn\u00f6k, l\u00e1togat meg benn\u00fcnket. Programunk: 11.45 \u00f3rakor z\u00e1szl\u00f3felh\u00faz\u00e1s 12.00 \u00f3rakor szentmise 13.30 \u00f3rakor k\u00f6z\u00f6s eb\u00e9d 15.00 \u00f3r\u00e1t\u00f3l P\u00f3t\u00e1pi \u00c1rp\u00e1d nemzetpolitik\u00e1\u00e9rt felel\u0151s \u00e1llamtitk\u00e1r sz\u00f3l hozz\u00e1nk 15.30 \u00f3rakor Dr. P\u00e1l L\u00e1szl\u00f3 helyn\u00f6k besz\u00e1mol\u00f3t tart az \u0151rs\u00e9gi magyarok helyzet\u00e9r\u0151l 16.30 \u00f3r\u00e1t\u00f3l a s\u00e1rospataki \u201e8kor\u201d Sz\u00ednh\u00e1z m\u0171sor\u00e1nak \u00f6rvendhet\u00fcnk. 17.30 \u00f3rakor z\u00e1szl\u00f3bont\u00e1s. K\u00e9rek mindenkit, hogy j\u00f6jj\u00f6n el erre a nagy esem\u00e9nyre, \u00e9s ugyanakkor terjessze ezt az \u00f6r\u00f6mh\u00edrt m\u00e1sok fel\u00e9 is! * \u201eAki egy embert meg\u00f6rvendeztet \u00e9s nevet\u00e9sre b\u00edr, a mennyek orsz\u00e1g\u00e1t nyitja meg sz\u00e1m\u00e1ra.\u201d (J\u00fcrgen Moltmann \u2013 *1926 \u2013 n\u00e9met evang\u00e9likus teol\u00f3gus). *\u00a0 Sz\u00e9p napokat, j\u00f3 munk\u00e1t, tartalmas besz\u00e9lget\u00e9seket \u00e9s kellemes tal\u00e1lkoz\u00e1sokat k\u00edv\u00e1nunk minden Kedves H\u00edv\u00fcnknek! \u00a0<\/p>\n","protected":false},"author":3,"featured_media":0,"comment_status":"closed","ping_status":"closed","sticky":false,"template":"","format":"standard","meta":{"footnotes":""},"categories":[37],"tags":[],"class_list":["post-9308","post","type-post","status-publish","format-standard","hentry","category-progamelozetes"],"yoast_head":"<!-- This site is optimized with the Yoast SEO plugin v27.3 - https:\/\/yoast.com\/product\/yoast-seo-wordpress\/ -->\n<title>Programel\u0151zetes j\u00fanius 2 \u00e9s 5 k\u00f6z\u00f6tt - Stuttgarti Katolikusok<\/title>\n<meta name=\"robots\" content=\"index, follow, max-snippet:-1, max-image-preview:large, max-video-preview:-1\" \/>\n<link rel=\"canonical\" href=\"https:\/\/stuttgarti-katolikusok.de\/index.php\/programelozetes-junius-2-es-5-kozott\/\" \/>\n<meta property=\"og:locale\" content=\"hu_HU\" \/>\n<meta property=\"og:type\" content=\"article\" \/>\n<meta property=\"og:title\" content=\"Programel\u0151zetes j\u00fanius 2 \u00e9s 5 k\u00f6z\u00f6tt - Stuttgarti Katolikusok\" \/>\n<meta property=\"og:description\" content=\"Programel\u0151zetes \u00a0\u00a0J\u00fanius 2-\u00e1n, cs\u00fct\u00f6rt\u00f6k\u00f6n, Ulmban a szentmise \u00e9s a\u00a0 Bibliak\u00f6r ELMARAD! * J\u00fanius 3-\u00e1n, p\u00e9nteken, 15.30 \u00f3rakor Stuttgartban Bar\u00e1ts\u00e1gklub.\u00a0 Minden kellemes t\u00e1rsas\u00e1gra v\u00e1gy\u00f3 \u00e9rdekl\u0151d\u0151t szeretettel v\u00e1r a Tags\u00e1g \u00e9s Imre atya! Este 17.45 \u00f3rakor J\u00e9zus Sz\u00edve-\u00e1jtatoss\u00e1g, ut\u00e1na szentmise. Keret\u00e9ben Besz\u00e9lget\u00e9sek a katekizmusr\u00f3l. Ut\u00e1na Imak\u00f6r. Mindenkit szeretettel v\u00e1runk! Weingartenben 19.00 \u00f3rakor szentmise a St. Marien-templomban. Ut\u00e1na Besz\u00e9lget\u00e9sek a Bibli\u00e1r\u00f3l. Mindenkit szeretettel v\u00e1r a k\u00f6z\u00f6ss\u00e9g Tibor atya! * J\u00fanius 4-\u00e9n, szombaton, 17.00 \u00f3rakor Balingenben szentmise. Ut\u00e1na \u00e1g\u00e1p\u00e9. Mindenkit szeretettel v\u00e1r a k\u00f6z\u00f6ss\u00e9g \u00e9s Tibor atya. * J\u00fanius 5-\u00e9n, vas\u00e1rnap, 9.00 \u00f3rakor Munderkingenben \u00a0szentmise. El\u0151tte gy\u00f3ntat\u00e1s. Mindenkit szeretettel v\u00e1r a k\u00f6z\u00f6ss\u00e9g \u00e9s Tibor atya. 9.30 \u00f3rakor Schw\u00e4bisch-Gm\u00fcndben szentmise. Ut\u00e1na \u00e1g\u00e1p\u00e9. Mindenkit szeretettel v\u00e1r a k\u00f6z\u00f6ss\u00e9g \u00e9s Imre atya! Stuttgartban Nemzeti \u00d6sszefog\u00e1s Vas\u00e1rnapja. Ez\u00fattal az \u0150rs\u00e9gi (Burgenland) magyarok k\u00e9pviselet\u00e9ben Dr. P\u00e1l L\u00e1szl\u00f3 p\u00fcsp\u00f6ki helyn\u00f6k, l\u00e1togat meg benn\u00fcnket. Programunk: 11.45 \u00f3rakor z\u00e1szl\u00f3felh\u00faz\u00e1s 12.00 \u00f3rakor szentmise 13.30 \u00f3rakor k\u00f6z\u00f6s eb\u00e9d 15.00 \u00f3r\u00e1t\u00f3l P\u00f3t\u00e1pi \u00c1rp\u00e1d nemzetpolitik\u00e1\u00e9rt felel\u0151s \u00e1llamtitk\u00e1r sz\u00f3l hozz\u00e1nk 15.30 \u00f3rakor Dr. P\u00e1l L\u00e1szl\u00f3 helyn\u00f6k besz\u00e1mol\u00f3t tart az \u0151rs\u00e9gi magyarok helyzet\u00e9r\u0151l 16.30 \u00f3r\u00e1t\u00f3l a s\u00e1rospataki \u201e8kor\u201d Sz\u00ednh\u00e1z m\u0171sor\u00e1nak \u00f6rvendhet\u00fcnk. 17.30 \u00f3rakor z\u00e1szl\u00f3bont\u00e1s. K\u00e9rek mindenkit, hogy j\u00f6jj\u00f6n el erre a nagy esem\u00e9nyre, \u00e9s ugyanakkor terjessze ezt az \u00f6r\u00f6mh\u00edrt m\u00e1sok fel\u00e9 is! * \u201eAki egy embert meg\u00f6rvendeztet \u00e9s nevet\u00e9sre b\u00edr, a mennyek orsz\u00e1g\u00e1t nyitja meg sz\u00e1m\u00e1ra.\u201d (J\u00fcrgen Moltmann \u2013 *1926 \u2013 n\u00e9met evang\u00e9likus teol\u00f3gus). *\u00a0 Sz\u00e9p napokat, j\u00f3 munk\u00e1t, tartalmas besz\u00e9lget\u00e9seket \u00e9s kellemes tal\u00e1lkoz\u00e1sokat k\u00edv\u00e1nunk minden Kedves H\u00edv\u00fcnknek! \u00a0\" \/>\n<meta property=\"og:url\" content=\"https:\/\/stuttgarti-katolikusok.de\/index.php\/programelozetes-junius-2-es-5-kozott\/\" \/>\n<meta property=\"og:site_name\" content=\"Stuttgarti Katolikusok\" \/>\n<meta property=\"article:published_time\" content=\"2016-06-03T04:08:12+00:00\" \/>\n<meta property=\"article:modified_time\" content=\"2020-04-27T16:04:13+00:00\" \/>\n<meta name=\"author\" content=\"Tibor atya\" \/>\n<meta name=\"twitter:card\" content=\"summary_large_image\" \/>\n<meta name=\"twitter:label1\" content=\"Szerz\u0151:\" \/>\n\t<meta name=\"twitter:data1\" content=\"Tibor atya\" \/>\n\t<meta name=\"twitter:label2\" content=\"Becs\u00fclt olvas\u00e1si id\u0151\" \/>\n\t<meta name=\"twitter:data2\" content=\"2 perc\" \/>\n<script type=\"application\/ld+json\" class=\"yoast-schema-graph\">{\"@context\":\"https:\\\/\\\/schema.org\",\"@graph\":[{\"@type\":\"Article\",\"@id\":\"https:\\\/\\\/stuttgarti-katolikusok.de\\\/index.php\\\/programelozetes-junius-2-es-5-kozott\\\/#article\",\"isPartOf\":{\"@id\":\"https:\\\/\\\/stuttgarti-katolikusok.de\\\/index.php\\\/programelozetes-junius-2-es-5-kozott\\\/\"},\"author\":{\"name\":\"Tibor atya\",\"@id\":\"https:\\\/\\\/stuttgarti-katolikusok.de\\\/#\\\/schema\\\/person\\\/75908d6f8fdc03a57889d27209df7795\"},\"headline\":\"Programel\u0151zetes j\u00fanius 2 \u00e9s 5 k\u00f6z\u00f6tt\",\"datePublished\":\"2016-06-03T04:08:12+00:00\",\"dateModified\":\"2020-04-27T16:04:13+00:00\",\"mainEntityOfPage\":{\"@id\":\"https:\\\/\\\/stuttgarti-katolikusok.de\\\/index.php\\\/programelozetes-junius-2-es-5-kozott\\\/\"},\"wordCount\":361,\"articleSection\":[\"Progamel\u0151zetes\"],\"inLanguage\":\"hu\"},{\"@type\":\"WebPage\",\"@id\":\"https:\\\/\\\/stuttgarti-katolikusok.de\\\/index.php\\\/programelozetes-junius-2-es-5-kozott\\\/\",\"url\":\"https:\\\/\\\/stuttgarti-katolikusok.de\\\/index.php\\\/programelozetes-junius-2-es-5-kozott\\\/\",\"name\":\"Programel\u0151zetes j\u00fanius 2 \u00e9s 5 k\u00f6z\u00f6tt - Stuttgarti Katolikusok\",\"isPartOf\":{\"@id\":\"https:\\\/\\\/stuttgarti-katolikusok.de\\\/#website\"},\"datePublished\":\"2016-06-03T04:08:12+00:00\",\"dateModified\":\"2020-04-27T16:04:13+00:00\",\"author\":{\"@id\":\"https:\\\/\\\/stuttgarti-katolikusok.de\\\/#\\\/schema\\\/person\\\/75908d6f8fdc03a57889d27209df7795\"},\"breadcrumb\":{\"@id\":\"https:\\\/\\\/stuttgarti-katolikusok.de\\\/index.php\\\/programelozetes-junius-2-es-5-kozott\\\/#breadcrumb\"},\"inLanguage\":\"hu\",\"potentialAction\":[{\"@type\":\"ReadAction\",\"target\":[\"https:\\\/\\\/stuttgarti-katolikusok.de\\\/index.php\\\/programelozetes-junius-2-es-5-kozott\\\/\"]}]},{\"@type\":\"BreadcrumbList\",\"@id\":\"https:\\\/\\\/stuttgarti-katolikusok.de\\\/index.php\\\/programelozetes-junius-2-es-5-kozott\\\/#breadcrumb\",\"itemListElement\":[{\"@type\":\"ListItem\",\"position\":1,\"name\":\"Kezd\u0151lap\",\"item\":\"https:\\\/\\\/stuttgarti-katolikusok.de\\\/\"},{\"@type\":\"ListItem\",\"position\":2,\"name\":\"Programel\u0151zetes j\u00fanius 2 \u00e9s 5 k\u00f6z\u00f6tt\"}]},{\"@type\":\"WebSite\",\"@id\":\"https:\\\/\\\/stuttgarti-katolikusok.de\\\/#website\",\"url\":\"https:\\\/\\\/stuttgarti-katolikusok.de\\\/\",\"name\":\"Stuttgarti Katolikusok\",\"description\":\"\",\"potentialAction\":[{\"@type\":\"SearchAction\",\"target\":{\"@type\":\"EntryPoint\",\"urlTemplate\":\"https:\\\/\\\/stuttgarti-katolikusok.de\\\/?s={search_term_string}\"},\"query-input\":{\"@type\":\"PropertyValueSpecification\",\"valueRequired\":true,\"valueName\":\"search_term_string\"}}],\"inLanguage\":\"hu\"},{\"@type\":\"Person\",\"@id\":\"https:\\\/\\\/stuttgarti-katolikusok.de\\\/#\\\/schema\\\/person\\\/75908d6f8fdc03a57889d27209df7795\",\"name\":\"Tibor atya\",\"image\":{\"@type\":\"ImageObject\",\"inLanguage\":\"hu\",\"@id\":\"https:\\\/\\\/secure.gravatar.com\\\/avatar\\\/61d268e57d1f4525b111222e29d2d5a7f8c420fdbf231ba5566a8ceac74fa960?s=96&d=mm&r=g\",\"url\":\"https:\\\/\\\/secure.gravatar.com\\\/avatar\\\/61d268e57d1f4525b111222e29d2d5a7f8c420fdbf231ba5566a8ceac74fa960?s=96&d=mm&r=g\",\"contentUrl\":\"https:\\\/\\\/secure.gravatar.com\\\/avatar\\\/61d268e57d1f4525b111222e29d2d5a7f8c420fdbf231ba5566a8ceac74fa960?s=96&d=mm&r=g\",\"caption\":\"Tibor atya\"},\"url\":\"https:\\\/\\\/stuttgarti-katolikusok.de\\\/index.php\\\/author\\\/tibor-atya\\\/\"}]}<\/script>\n<!-- \/ Yoast SEO plugin. -->","yoast_head_json":{"title":"Programel\u0151zetes j\u00fanius 2 \u00e9s 5 k\u00f6z\u00f6tt - Stuttgarti Katolikusok","robots":{"index":"index","follow":"follow","max-snippet":"max-snippet:-1","max-image-preview":"max-image-preview:large","max-video-preview":"max-video-preview:-1"},"canonical":"https:\/\/stuttgarti-katolikusok.de\/index.php\/programelozetes-junius-2-es-5-kozott\/","og_locale":"hu_HU","og_type":"article","og_title":"Programel\u0151zetes j\u00fanius 2 \u00e9s 5 k\u00f6z\u00f6tt - Stuttgarti Katolikusok","og_description":"Programel\u0151zetes \u00a0\u00a0J\u00fanius 2-\u00e1n, cs\u00fct\u00f6rt\u00f6k\u00f6n, Ulmban a szentmise \u00e9s a\u00a0 Bibliak\u00f6r ELMARAD! * J\u00fanius 3-\u00e1n, p\u00e9nteken, 15.30 \u00f3rakor Stuttgartban Bar\u00e1ts\u00e1gklub.\u00a0 Minden kellemes t\u00e1rsas\u00e1gra v\u00e1gy\u00f3 \u00e9rdekl\u0151d\u0151t szeretettel v\u00e1r a Tags\u00e1g \u00e9s Imre atya! Este 17.45 \u00f3rakor J\u00e9zus Sz\u00edve-\u00e1jtatoss\u00e1g, ut\u00e1na szentmise. Keret\u00e9ben Besz\u00e9lget\u00e9sek a katekizmusr\u00f3l. Ut\u00e1na Imak\u00f6r. Mindenkit szeretettel v\u00e1runk! Weingartenben 19.00 \u00f3rakor szentmise a St. Marien-templomban. Ut\u00e1na Besz\u00e9lget\u00e9sek a Bibli\u00e1r\u00f3l. Mindenkit szeretettel v\u00e1r a k\u00f6z\u00f6ss\u00e9g Tibor atya! * J\u00fanius 4-\u00e9n, szombaton, 17.00 \u00f3rakor Balingenben szentmise. Ut\u00e1na \u00e1g\u00e1p\u00e9. Mindenkit szeretettel v\u00e1r a k\u00f6z\u00f6ss\u00e9g \u00e9s Tibor atya. * J\u00fanius 5-\u00e9n, vas\u00e1rnap, 9.00 \u00f3rakor Munderkingenben \u00a0szentmise. El\u0151tte gy\u00f3ntat\u00e1s. Mindenkit szeretettel v\u00e1r a k\u00f6z\u00f6ss\u00e9g \u00e9s Tibor atya. 9.30 \u00f3rakor Schw\u00e4bisch-Gm\u00fcndben szentmise. Ut\u00e1na \u00e1g\u00e1p\u00e9. Mindenkit szeretettel v\u00e1r a k\u00f6z\u00f6ss\u00e9g \u00e9s Imre atya! Stuttgartban Nemzeti \u00d6sszefog\u00e1s Vas\u00e1rnapja. Ez\u00fattal az \u0150rs\u00e9gi (Burgenland) magyarok k\u00e9pviselet\u00e9ben Dr. P\u00e1l L\u00e1szl\u00f3 p\u00fcsp\u00f6ki helyn\u00f6k, l\u00e1togat meg benn\u00fcnket. Programunk: 11.45 \u00f3rakor z\u00e1szl\u00f3felh\u00faz\u00e1s 12.00 \u00f3rakor szentmise 13.30 \u00f3rakor k\u00f6z\u00f6s eb\u00e9d 15.00 \u00f3r\u00e1t\u00f3l P\u00f3t\u00e1pi \u00c1rp\u00e1d nemzetpolitik\u00e1\u00e9rt felel\u0151s \u00e1llamtitk\u00e1r sz\u00f3l hozz\u00e1nk 15.30 \u00f3rakor Dr. P\u00e1l L\u00e1szl\u00f3 helyn\u00f6k besz\u00e1mol\u00f3t tart az \u0151rs\u00e9gi magyarok helyzet\u00e9r\u0151l 16.30 \u00f3r\u00e1t\u00f3l a s\u00e1rospataki \u201e8kor\u201d Sz\u00ednh\u00e1z m\u0171sor\u00e1nak \u00f6rvendhet\u00fcnk. 17.30 \u00f3rakor z\u00e1szl\u00f3bont\u00e1s. K\u00e9rek mindenkit, hogy j\u00f6jj\u00f6n el erre a nagy esem\u00e9nyre, \u00e9s ugyanakkor terjessze ezt az \u00f6r\u00f6mh\u00edrt m\u00e1sok fel\u00e9 is! * \u201eAki egy embert meg\u00f6rvendeztet \u00e9s nevet\u00e9sre b\u00edr, a mennyek orsz\u00e1g\u00e1t nyitja meg sz\u00e1m\u00e1ra.\u201d (J\u00fcrgen Moltmann \u2013 *1926 \u2013 n\u00e9met evang\u00e9likus teol\u00f3gus). *\u00a0 Sz\u00e9p napokat, j\u00f3 munk\u00e1t, tartalmas besz\u00e9lget\u00e9seket \u00e9s kellemes tal\u00e1lkoz\u00e1sokat k\u00edv\u00e1nunk minden Kedves H\u00edv\u00fcnknek! \u00a0","og_url":"https:\/\/stuttgarti-katolikusok.de\/index.php\/programelozetes-junius-2-es-5-kozott\/","og_site_name":"Stuttgarti Katolikusok","article_published_time":"2016-06-03T04:08:12+00:00","article_modified_time":"2020-04-27T16:04:13+00:00","author":"Tibor atya","twitter_card":"summary_large_image","twitter_misc":{"Szerz\u0151:":"Tibor atya","Becs\u00fclt olvas\u00e1si id\u0151":"2 perc"},"schema":{"@context":"https:\/\/schema.org","@graph":[{"@type":"Article","@id":"https:\/\/stuttgarti-katolikusok.de\/index.php\/programelozetes-junius-2-es-5-kozott\/#article","isPartOf":{"@id":"https:\/\/stuttgarti-katolikusok.de\/index.php\/programelozetes-junius-2-es-5-kozott\/"},"author":{"name":"Tibor atya","@id":"https:\/\/stuttgarti-katolikusok.de\/#\/schema\/person\/75908d6f8fdc03a57889d27209df7795"},"headline":"Programel\u0151zetes j\u00fanius 2 \u00e9s 5 k\u00f6z\u00f6tt","datePublished":"2016-06-03T04:08:12+00:00","dateModified":"2020-04-27T16:04:13+00:00","mainEntityOfPage":{"@id":"https:\/\/stuttgarti-katolikusok.de\/index.php\/programelozetes-junius-2-es-5-kozott\/"},"wordCount":361,"articleSection":["Progamel\u0151zetes"],"inLanguage":"hu"},{"@type":"WebPage","@id":"https:\/\/stuttgarti-katolikusok.de\/index.php\/programelozetes-junius-2-es-5-kozott\/","url":"https:\/\/stuttgarti-katolikusok.de\/index.php\/programelozetes-junius-2-es-5-kozott\/","name":"Programel\u0151zetes j\u00fanius 2 \u00e9s 5 k\u00f6z\u00f6tt - Stuttgarti Katolikusok","isPartOf":{"@id":"https:\/\/stuttgarti-katolikusok.de\/#website"},"datePublished":"2016-06-03T04:08:12+00:00","dateModified":"2020-04-27T16:04:13+00:00","author":{"@id":"https:\/\/stuttgarti-katolikusok.de\/#\/schema\/person\/75908d6f8fdc03a57889d27209df7795"},"breadcrumb":{"@id":"https:\/\/stuttgarti-katolikusok.de\/index.php\/programelozetes-junius-2-es-5-kozott\/#breadcrumb"},"inLanguage":"hu","potentialAction":[{"@type":"ReadAction","target":["https:\/\/stuttgarti-katolikusok.de\/index.php\/programelozetes-junius-2-es-5-kozott\/"]}]},{"@type":"BreadcrumbList","@id":"https:\/\/stuttgarti-katolikusok.de\/index.php\/programelozetes-junius-2-es-5-kozott\/#breadcrumb","itemListElement":[{"@type":"ListItem","position":1,"name":"Kezd\u0151lap","item":"https:\/\/stuttgarti-katolikusok.de\/"},{"@type":"ListItem","position":2,"name":"Programel\u0151zetes j\u00fanius 2 \u00e9s 5 k\u00f6z\u00f6tt"}]},{"@type":"WebSite","@id":"https:\/\/stuttgarti-katolikusok.de\/#website","url":"https:\/\/stuttgarti-katolikusok.de\/","name":"Stuttgarti Katolikusok","description":"","potentialAction":[{"@type":"SearchAction","target":{"@type":"EntryPoint","urlTemplate":"https:\/\/stuttgarti-katolikusok.de\/?s={search_term_string}"},"query-input":{"@type":"PropertyValueSpecification","valueRequired":true,"valueName":"search_term_string"}}],"inLanguage":"hu"},{"@type":"Person","@id":"https:\/\/stuttgarti-katolikusok.de\/#\/schema\/person\/75908d6f8fdc03a57889d27209df7795","name":"Tibor atya","image":{"@type":"ImageObject","inLanguage":"hu","@id":"https:\/\/secure.gravatar.com\/avatar\/61d268e57d1f4525b111222e29d2d5a7f8c420fdbf231ba5566a8ceac74fa960?s=96&d=mm&r=g","url":"https:\/\/secure.gravatar.com\/avatar\/61d268e57d1f4525b111222e29d2d5a7f8c420fdbf231ba5566a8ceac74fa960?s=96&d=mm&r=g","contentUrl":"https:\/\/secure.gravatar.com\/avatar\/61d268e57d1f4525b111222e29d2d5a7f8c420fdbf231ba5566a8ceac74fa960?s=96&d=mm&r=g","caption":"Tibor atya"},"url":"https:\/\/stuttgarti-katolikusok.de\/index.php\/author\/tibor-atya\/"}]}},"_links":{"self":[{"href":"https:\/\/stuttgarti-katolikusok.de\/index.php\/wp-json\/wp\/v2\/posts\/9308","targetHints":{"allow":["GET"]}}],"collection":[{"href":"https:\/\/stuttgarti-katolikusok.de\/index.php\/wp-json\/wp\/v2\/posts"}],"about":[{"href":"https:\/\/stuttgarti-katolikusok.de\/index.php\/wp-json\/wp\/v2\/types\/post"}],"author":[{"embeddable":true,"href":"https:\/\/stuttgarti-katolikusok.de\/index.php\/wp-json\/wp\/v2\/users\/3"}],"replies":[{"embeddable":true,"href":"https:\/\/stuttgarti-katolikusok.de\/index.php\/wp-json\/wp\/v2\/comments?post=9308"}],"version-history":[{"count":2,"href":"https:\/\/stuttgarti-katolikusok.de\/index.php\/wp-json\/wp\/v2\/posts\/9308\/revisions"}],"predecessor-version":[{"id":9311,"href":"https:\/\/stuttgarti-katolikusok.de\/index.php\/wp-json\/wp\/v2\/posts\/9308\/revisions\/9311"}],"wp:attachment":[{"href":"https:\/\/stuttgarti-katolikusok.de\/index.php\/wp-json\/wp\/v2\/media?parent=9308"}],"wp:term":[{"taxonomy":"category","embeddable":true,"href":"https:\/\/stuttgarti-katolikusok.de\/index.php\/wp-json\/wp\/v2\/categories?post=9308"},{"taxonomy":"post_tag","embeddable":true,"href":"https:\/\/stuttgarti-katolikusok.de\/index.php\/wp-json\/wp\/v2\/tags?post=9308"}],"curies":[{"name":"wp","href":"https:\/\/api.w.org\/{rel}","templated":true}]}}