{"id":9292,"date":"2016-05-18T09:40:14","date_gmt":"2016-05-18T09:40:14","guid":{"rendered":"https:\/\/gracious-dewdney.138-201-221-2.plesk.page\/?p=9292"},"modified":"2020-04-27T16:03:56","modified_gmt":"2020-04-27T16:03:56","slug":"mert-a-gyokerben-van-az-elet","status":"publish","type":"post","link":"https:\/\/stuttgarti-katolikusok.de\/index.php\/mert-a-gyokerben-van-az-elet\/","title":{"rendered":"&#8222;&#8230;MERT A GY\u00d6K\u00c9RBEN VAN AZ \u00c9LET!&#8221;"},"content":{"rendered":"<p><strong>\u201e&#8230; MERT A GY\u00d6K\u00c9RBEN VAN AZ \u00c9LET!\u201d<\/strong><\/p>\n<p><em><strong>\u201eN\u00e9zd ezt a f\u00e1t. L\u00e1tod a sok falevelet rajta? Mindegyiknek, m\u00e9g a legkisebbiknek is van m\u00e9lyen lent a f\u00f6ldben egy kis hajsz\u00e1lgy\u00f6kerecsk\u00e9je, mely \u00e9lettel l\u00e1tja el. \u0150sszel lehull a lev\u00e9l, igaz. Minden \u0151sszel lehull. De annak a kis hajsz\u00e1lgy\u00f6kerecsk\u00e9nek a j\u00f3volt\u00e1b\u00f3l visszat\u00e9r \u00fajra minden tavasszal. Ha azonban a gy\u00f6k\u00e9rsz\u00e1l pusztul el ott a f\u00f6ld alatt, a levelecske nem t\u00e9r vissza t\u00f6bb\u00e9, s id\u0151 m\u00falt\u00e1val elpusztul a fa is. Mert a gy\u00f6k\u00e9rben van az \u00e9<\/strong><\/em><span class=\"text_exposed_show\"><em><strong>let, \u00e9rted?\u201c<\/strong> (Wass Albert &#8211; 1908. janu\u00e1r 8. \u2014 1998. febru\u00e1r 17. &#8211; erd\u00e9lyi magyar \u00edr\u00f3 \u00e9s k\u00f6lt\u0151)<\/em><\/span><\/p>\n<div class=\"text_exposed_show\">\n<p>Kedves H\u00edveink \u00e9s Bar\u00e1taink!<\/p>\n<p>A Stuttgarti Magyar Katolikus Egyh\u00e1zk\u00f6zs\u00e9g \u00e9s a Stuttgarti Magyarok Sz\u00f6vets\u00e9ge (SMSz) j\u00fanius 5-\u00e9n tartja \u2013 a fenti id\u00e9zet \u00e9rtelm\u00e9ben \u2013 a Magyar \u00d6sszetartoz\u00e1s Napj\u00e1t.<\/p>\n<p>Ez\u00fattal az \u0151rs\u00e9gi (Burgenland) magyarok k\u00e9pviselet\u00e9ben Dr. P\u00e1l L\u00e1szl\u00f3 p\u00fcsp\u00f6ki helyn\u00f6k l\u00e1togat meg benn\u00fcnket.<\/p>\n<p>Programunk:<br \/>\n11.45 \u00f3rakor z\u00e1szl\u00f3felh\u00faz\u00e1ssal kezd\u0151dik a templom el\u0151tti t\u00e9ren.<\/p>\n<p>12.00 \u00f3rakor \u00fcnnepi szentmise.<\/p>\n<p>13.30 \u00f3rakor k\u00f6z\u00f6s eb\u00e9d a templom el\u0151tti t\u00e9ren. Ter\u00edt\u00e9ken r\u00e1ntott szelet h\u00e1zi k\u00e9sz\u00edt\u00e9s\u0171 krumpli sal\u00e1t\u00e1val, desszertnek cukr\u00e1szaink h\u00e1zilag k\u00e9sz\u00edtett s\u00fctem\u00e9nyeiben v\u00e1logathatunk. Mindehhez &#8211; Stuttgartban el\u0151sz\u00f6r! \u2013 \u201eCs\u00edki s\u00f6r\u201c.<\/p>\n<p>15.00 \u00f3rakor besz\u00e1mol\u00f3 az \u0151rs\u00e9gi magyar testv\u00e9reink helyzet\u00e9r\u0151l.<\/p>\n<p>15.30 \u00f3r\u00e1t\u00f3l P\u00f3t\u00e1pi \u00c1rp\u00e1d nemzetpolitik\u00e1\u00e9rt felel\u0151s \u00e1llamtitk\u00e1r sz\u00f3l hozz\u00e1nk.<br \/>\n\u00c9s m\u00edg \u0151 ut\u00e1na a Stuttgarti Magyarok Sz\u00f6vets\u00e9g\u00e9nek tagjaival tal\u00e1lkozik, mi<\/p>\n<p>16.30 \u00f3r\u00e1t\u00f3l a s\u00e1rospataki \u201e8kor\u201d Sz\u00ednh\u00e1z m\u0171sor\u00e1nak \u00f6rvendhet\u00fcnk.<\/p>\n<p>17.30 \u00f3rakor z\u00e1szl\u00f3bont\u00e1s.<\/p>\n<p>Mindenkit szeretettel v\u00e1runk!<\/p>\n<p>81. Sz. Dob\u00f3 Istv\u00e1n Cserk\u00e9szcsapat<br \/>\nErasmus-Akad\u00e9mia<br \/>\nHunnia Bar\u00e1ti K\u00f6r<br \/>\nMagyar \u00d3voda<br \/>\nNapvir\u00e1g Kult\u00faregyes\u00fclet<br \/>\nSzent Gell\u00e9rt Katolikus Egyh\u00e1zk\u00f6zs\u00e9g<br \/>\nTurul &#8211; Baranta<\/p>\n<\/div>\n","protected":false},"excerpt":{"rendered":"<p>\u201e&#8230; MERT A GY\u00d6K\u00c9RBEN VAN AZ \u00c9LET!\u201d \u201eN\u00e9zd ezt a f\u00e1t. L\u00e1tod a sok falevelet rajta? Mindegyiknek, m\u00e9g a legkisebbiknek is van m\u00e9lyen lent a f\u00f6ldben egy kis hajsz\u00e1lgy\u00f6kerecsk\u00e9je, mely \u00e9lettel l\u00e1tja el. \u0150sszel lehull a lev\u00e9l, igaz. Minden \u0151sszel lehull. De annak a kis hajsz\u00e1lgy\u00f6kerecsk\u00e9nek a j\u00f3volt\u00e1b\u00f3l visszat\u00e9r \u00fajra minden tavasszal. Ha azonban a gy\u00f6k\u00e9rsz\u00e1l pusztul el ott a f\u00f6ld alatt, a levelecske nem t\u00e9r vissza t\u00f6bb\u00e9, s id\u0151 m\u00falt\u00e1val elpusztul a fa is. Mert a gy\u00f6k\u00e9rben van az \u00e9let, \u00e9rted?\u201c (Wass Albert &#8211; 1908. janu\u00e1r 8. \u2014 1998. febru\u00e1r 17. &#8211; erd\u00e9lyi magyar \u00edr\u00f3 \u00e9s k\u00f6lt\u0151) Kedves H\u00edveink \u00e9s Bar\u00e1taink! A Stuttgarti Magyar Katolikus Egyh\u00e1zk\u00f6zs\u00e9g \u00e9s a Stuttgarti Magyarok Sz\u00f6vets\u00e9ge (SMSz) j\u00fanius 5-\u00e9n tartja \u2013 a fenti id\u00e9zet \u00e9rtelm\u00e9ben \u2013 a Magyar \u00d6sszetartoz\u00e1s Napj\u00e1t. Ez\u00fattal az \u0151rs\u00e9gi (Burgenland) magyarok k\u00e9pviselet\u00e9ben Dr. P\u00e1l L\u00e1szl\u00f3 p\u00fcsp\u00f6ki helyn\u00f6k l\u00e1togat meg benn\u00fcnket. Programunk: 11.45 \u00f3rakor z\u00e1szl\u00f3felh\u00faz\u00e1ssal kezd\u0151dik a templom el\u0151tti t\u00e9ren. 12.00 \u00f3rakor \u00fcnnepi szentmise. 13.30 \u00f3rakor k\u00f6z\u00f6s eb\u00e9d a templom el\u0151tti t\u00e9ren. Ter\u00edt\u00e9ken r\u00e1ntott szelet h\u00e1zi k\u00e9sz\u00edt\u00e9s\u0171 krumpli sal\u00e1t\u00e1val, desszertnek cukr\u00e1szaink h\u00e1zilag k\u00e9sz\u00edtett s\u00fctem\u00e9nyeiben v\u00e1logathatunk. Mindehhez &#8211; Stuttgartban el\u0151sz\u00f6r! \u2013 \u201eCs\u00edki s\u00f6r\u201c. 15.00 \u00f3rakor besz\u00e1mol\u00f3 az \u0151rs\u00e9gi magyar testv\u00e9reink helyzet\u00e9r\u0151l. 15.30 \u00f3r\u00e1t\u00f3l P\u00f3t\u00e1pi \u00c1rp\u00e1d nemzetpolitik\u00e1\u00e9rt felel\u0151s \u00e1llamtitk\u00e1r sz\u00f3l hozz\u00e1nk. \u00c9s m\u00edg \u0151 ut\u00e1na a Stuttgarti Magyarok Sz\u00f6vets\u00e9g\u00e9nek tagjaival tal\u00e1lkozik, mi 16.30 \u00f3r\u00e1t\u00f3l a s\u00e1rospataki \u201e8kor\u201d Sz\u00ednh\u00e1z m\u0171sor\u00e1nak \u00f6rvendhet\u00fcnk. 17.30 \u00f3rakor z\u00e1szl\u00f3bont\u00e1s. Mindenkit szeretettel v\u00e1runk! 81. Sz. Dob\u00f3 Istv\u00e1n Cserk\u00e9szcsapat Erasmus-Akad\u00e9mia Hunnia Bar\u00e1ti K\u00f6r Magyar \u00d3voda Napvir\u00e1g Kult\u00faregyes\u00fclet Szent Gell\u00e9rt Katolikus Egyh\u00e1zk\u00f6zs\u00e9g Turul &#8211; Baranta<\/p>\n","protected":false},"author":3,"featured_media":0,"comment_status":"closed","ping_status":"closed","sticky":false,"template":"","format":"standard","meta":{"footnotes":""},"categories":[5,37],"tags":[],"class_list":["post-9292","post","type-post","status-publish","format-standard","hentry","category-hirek","category-progamelozetes"],"yoast_head":"<!-- This site is optimized with the Yoast SEO plugin v27.3 - https:\/\/yoast.com\/product\/yoast-seo-wordpress\/ -->\n<title>&quot;...MERT A GY\u00d6K\u00c9RBEN VAN AZ \u00c9LET!&quot; - Stuttgarti Katolikusok<\/title>\n<meta name=\"robots\" content=\"index, follow, max-snippet:-1, max-image-preview:large, max-video-preview:-1\" \/>\n<link rel=\"canonical\" href=\"https:\/\/stuttgarti-katolikusok.de\/index.php\/mert-a-gyokerben-van-az-elet\/\" \/>\n<meta property=\"og:locale\" content=\"hu_HU\" \/>\n<meta property=\"og:type\" content=\"article\" \/>\n<meta property=\"og:title\" content=\"&quot;...MERT A GY\u00d6K\u00c9RBEN VAN AZ \u00c9LET!&quot; - Stuttgarti Katolikusok\" \/>\n<meta property=\"og:description\" content=\"\u201e&#8230; MERT A GY\u00d6K\u00c9RBEN VAN AZ \u00c9LET!\u201d \u201eN\u00e9zd ezt a f\u00e1t. L\u00e1tod a sok falevelet rajta? Mindegyiknek, m\u00e9g a legkisebbiknek is van m\u00e9lyen lent a f\u00f6ldben egy kis hajsz\u00e1lgy\u00f6kerecsk\u00e9je, mely \u00e9lettel l\u00e1tja el. \u0150sszel lehull a lev\u00e9l, igaz. Minden \u0151sszel lehull. De annak a kis hajsz\u00e1lgy\u00f6kerecsk\u00e9nek a j\u00f3volt\u00e1b\u00f3l visszat\u00e9r \u00fajra minden tavasszal. Ha azonban a gy\u00f6k\u00e9rsz\u00e1l pusztul el ott a f\u00f6ld alatt, a levelecske nem t\u00e9r vissza t\u00f6bb\u00e9, s id\u0151 m\u00falt\u00e1val elpusztul a fa is. Mert a gy\u00f6k\u00e9rben van az \u00e9let, \u00e9rted?\u201c (Wass Albert &#8211; 1908. janu\u00e1r 8. \u2014 1998. febru\u00e1r 17. &#8211; erd\u00e9lyi magyar \u00edr\u00f3 \u00e9s k\u00f6lt\u0151) Kedves H\u00edveink \u00e9s Bar\u00e1taink! A Stuttgarti Magyar Katolikus Egyh\u00e1zk\u00f6zs\u00e9g \u00e9s a Stuttgarti Magyarok Sz\u00f6vets\u00e9ge (SMSz) j\u00fanius 5-\u00e9n tartja \u2013 a fenti id\u00e9zet \u00e9rtelm\u00e9ben \u2013 a Magyar \u00d6sszetartoz\u00e1s Napj\u00e1t. Ez\u00fattal az \u0151rs\u00e9gi (Burgenland) magyarok k\u00e9pviselet\u00e9ben Dr. P\u00e1l L\u00e1szl\u00f3 p\u00fcsp\u00f6ki helyn\u00f6k l\u00e1togat meg benn\u00fcnket. Programunk: 11.45 \u00f3rakor z\u00e1szl\u00f3felh\u00faz\u00e1ssal kezd\u0151dik a templom el\u0151tti t\u00e9ren. 12.00 \u00f3rakor \u00fcnnepi szentmise. 13.30 \u00f3rakor k\u00f6z\u00f6s eb\u00e9d a templom el\u0151tti t\u00e9ren. Ter\u00edt\u00e9ken r\u00e1ntott szelet h\u00e1zi k\u00e9sz\u00edt\u00e9s\u0171 krumpli sal\u00e1t\u00e1val, desszertnek cukr\u00e1szaink h\u00e1zilag k\u00e9sz\u00edtett s\u00fctem\u00e9nyeiben v\u00e1logathatunk. Mindehhez &#8211; Stuttgartban el\u0151sz\u00f6r! \u2013 \u201eCs\u00edki s\u00f6r\u201c. 15.00 \u00f3rakor besz\u00e1mol\u00f3 az \u0151rs\u00e9gi magyar testv\u00e9reink helyzet\u00e9r\u0151l. 15.30 \u00f3r\u00e1t\u00f3l P\u00f3t\u00e1pi \u00c1rp\u00e1d nemzetpolitik\u00e1\u00e9rt felel\u0151s \u00e1llamtitk\u00e1r sz\u00f3l hozz\u00e1nk. \u00c9s m\u00edg \u0151 ut\u00e1na a Stuttgarti Magyarok Sz\u00f6vets\u00e9g\u00e9nek tagjaival tal\u00e1lkozik, mi 16.30 \u00f3r\u00e1t\u00f3l a s\u00e1rospataki \u201e8kor\u201d Sz\u00ednh\u00e1z m\u0171sor\u00e1nak \u00f6rvendhet\u00fcnk. 17.30 \u00f3rakor z\u00e1szl\u00f3bont\u00e1s. Mindenkit szeretettel v\u00e1runk! 81. Sz. Dob\u00f3 Istv\u00e1n Cserk\u00e9szcsapat Erasmus-Akad\u00e9mia Hunnia Bar\u00e1ti K\u00f6r Magyar \u00d3voda Napvir\u00e1g Kult\u00faregyes\u00fclet Szent Gell\u00e9rt Katolikus Egyh\u00e1zk\u00f6zs\u00e9g Turul &#8211; Baranta\" \/>\n<meta property=\"og:url\" content=\"https:\/\/stuttgarti-katolikusok.de\/index.php\/mert-a-gyokerben-van-az-elet\/\" \/>\n<meta property=\"og:site_name\" content=\"Stuttgarti Katolikusok\" \/>\n<meta property=\"article:published_time\" content=\"2016-05-18T09:40:14+00:00\" \/>\n<meta property=\"article:modified_time\" content=\"2020-04-27T16:03:56+00:00\" \/>\n<meta name=\"author\" content=\"Tibor atya\" \/>\n<meta name=\"twitter:card\" content=\"summary_large_image\" \/>\n<meta name=\"twitter:label1\" content=\"Szerz\u0151:\" \/>\n\t<meta name=\"twitter:data1\" content=\"Tibor atya\" \/>\n\t<meta name=\"twitter:label2\" content=\"Becs\u00fclt olvas\u00e1si id\u0151\" \/>\n\t<meta name=\"twitter:data2\" content=\"2 perc\" \/>\n<script type=\"application\/ld+json\" class=\"yoast-schema-graph\">{\"@context\":\"https:\\\/\\\/schema.org\",\"@graph\":[{\"@type\":\"Article\",\"@id\":\"https:\\\/\\\/stuttgarti-katolikusok.de\\\/index.php\\\/mert-a-gyokerben-van-az-elet\\\/#article\",\"isPartOf\":{\"@id\":\"https:\\\/\\\/stuttgarti-katolikusok.de\\\/index.php\\\/mert-a-gyokerben-van-az-elet\\\/\"},\"author\":{\"name\":\"Tibor atya\",\"@id\":\"https:\\\/\\\/stuttgarti-katolikusok.de\\\/#\\\/schema\\\/person\\\/75908d6f8fdc03a57889d27209df7795\"},\"headline\":\"&#8222;&#8230;MERT A GY\u00d6K\u00c9RBEN VAN AZ \u00c9LET!&#8221;\",\"datePublished\":\"2016-05-18T09:40:14+00:00\",\"dateModified\":\"2020-04-27T16:03:56+00:00\",\"mainEntityOfPage\":{\"@id\":\"https:\\\/\\\/stuttgarti-katolikusok.de\\\/index.php\\\/mert-a-gyokerben-van-az-elet\\\/\"},\"wordCount\":368,\"articleSection\":[\"H\u00edrek\",\"Progamel\u0151zetes\"],\"inLanguage\":\"hu\"},{\"@type\":\"WebPage\",\"@id\":\"https:\\\/\\\/stuttgarti-katolikusok.de\\\/index.php\\\/mert-a-gyokerben-van-az-elet\\\/\",\"url\":\"https:\\\/\\\/stuttgarti-katolikusok.de\\\/index.php\\\/mert-a-gyokerben-van-az-elet\\\/\",\"name\":\"\\\"...MERT A GY\u00d6K\u00c9RBEN VAN AZ \u00c9LET!\\\" - Stuttgarti Katolikusok\",\"isPartOf\":{\"@id\":\"https:\\\/\\\/stuttgarti-katolikusok.de\\\/#website\"},\"datePublished\":\"2016-05-18T09:40:14+00:00\",\"dateModified\":\"2020-04-27T16:03:56+00:00\",\"author\":{\"@id\":\"https:\\\/\\\/stuttgarti-katolikusok.de\\\/#\\\/schema\\\/person\\\/75908d6f8fdc03a57889d27209df7795\"},\"breadcrumb\":{\"@id\":\"https:\\\/\\\/stuttgarti-katolikusok.de\\\/index.php\\\/mert-a-gyokerben-van-az-elet\\\/#breadcrumb\"},\"inLanguage\":\"hu\",\"potentialAction\":[{\"@type\":\"ReadAction\",\"target\":[\"https:\\\/\\\/stuttgarti-katolikusok.de\\\/index.php\\\/mert-a-gyokerben-van-az-elet\\\/\"]}]},{\"@type\":\"BreadcrumbList\",\"@id\":\"https:\\\/\\\/stuttgarti-katolikusok.de\\\/index.php\\\/mert-a-gyokerben-van-az-elet\\\/#breadcrumb\",\"itemListElement\":[{\"@type\":\"ListItem\",\"position\":1,\"name\":\"Kezd\u0151lap\",\"item\":\"https:\\\/\\\/stuttgarti-katolikusok.de\\\/\"},{\"@type\":\"ListItem\",\"position\":2,\"name\":\"&#8220;&#8230;MERT A GY\u00d6K\u00c9RBEN VAN AZ \u00c9LET!&#8221;\"}]},{\"@type\":\"WebSite\",\"@id\":\"https:\\\/\\\/stuttgarti-katolikusok.de\\\/#website\",\"url\":\"https:\\\/\\\/stuttgarti-katolikusok.de\\\/\",\"name\":\"Stuttgarti Katolikusok\",\"description\":\"\",\"potentialAction\":[{\"@type\":\"SearchAction\",\"target\":{\"@type\":\"EntryPoint\",\"urlTemplate\":\"https:\\\/\\\/stuttgarti-katolikusok.de\\\/?s={search_term_string}\"},\"query-input\":{\"@type\":\"PropertyValueSpecification\",\"valueRequired\":true,\"valueName\":\"search_term_string\"}}],\"inLanguage\":\"hu\"},{\"@type\":\"Person\",\"@id\":\"https:\\\/\\\/stuttgarti-katolikusok.de\\\/#\\\/schema\\\/person\\\/75908d6f8fdc03a57889d27209df7795\",\"name\":\"Tibor atya\",\"image\":{\"@type\":\"ImageObject\",\"inLanguage\":\"hu\",\"@id\":\"https:\\\/\\\/secure.gravatar.com\\\/avatar\\\/61d268e57d1f4525b111222e29d2d5a7f8c420fdbf231ba5566a8ceac74fa960?s=96&d=mm&r=g\",\"url\":\"https:\\\/\\\/secure.gravatar.com\\\/avatar\\\/61d268e57d1f4525b111222e29d2d5a7f8c420fdbf231ba5566a8ceac74fa960?s=96&d=mm&r=g\",\"contentUrl\":\"https:\\\/\\\/secure.gravatar.com\\\/avatar\\\/61d268e57d1f4525b111222e29d2d5a7f8c420fdbf231ba5566a8ceac74fa960?s=96&d=mm&r=g\",\"caption\":\"Tibor atya\"},\"url\":\"https:\\\/\\\/stuttgarti-katolikusok.de\\\/index.php\\\/author\\\/tibor-atya\\\/\"}]}<\/script>\n<!-- \/ Yoast SEO plugin. -->","yoast_head_json":{"title":"\"...MERT A GY\u00d6K\u00c9RBEN VAN AZ \u00c9LET!\" - Stuttgarti Katolikusok","robots":{"index":"index","follow":"follow","max-snippet":"max-snippet:-1","max-image-preview":"max-image-preview:large","max-video-preview":"max-video-preview:-1"},"canonical":"https:\/\/stuttgarti-katolikusok.de\/index.php\/mert-a-gyokerben-van-az-elet\/","og_locale":"hu_HU","og_type":"article","og_title":"\"...MERT A GY\u00d6K\u00c9RBEN VAN AZ \u00c9LET!\" - Stuttgarti Katolikusok","og_description":"\u201e&#8230; MERT A GY\u00d6K\u00c9RBEN VAN AZ \u00c9LET!\u201d \u201eN\u00e9zd ezt a f\u00e1t. L\u00e1tod a sok falevelet rajta? Mindegyiknek, m\u00e9g a legkisebbiknek is van m\u00e9lyen lent a f\u00f6ldben egy kis hajsz\u00e1lgy\u00f6kerecsk\u00e9je, mely \u00e9lettel l\u00e1tja el. \u0150sszel lehull a lev\u00e9l, igaz. Minden \u0151sszel lehull. De annak a kis hajsz\u00e1lgy\u00f6kerecsk\u00e9nek a j\u00f3volt\u00e1b\u00f3l visszat\u00e9r \u00fajra minden tavasszal. Ha azonban a gy\u00f6k\u00e9rsz\u00e1l pusztul el ott a f\u00f6ld alatt, a levelecske nem t\u00e9r vissza t\u00f6bb\u00e9, s id\u0151 m\u00falt\u00e1val elpusztul a fa is. Mert a gy\u00f6k\u00e9rben van az \u00e9let, \u00e9rted?\u201c (Wass Albert &#8211; 1908. janu\u00e1r 8. \u2014 1998. febru\u00e1r 17. &#8211; erd\u00e9lyi magyar \u00edr\u00f3 \u00e9s k\u00f6lt\u0151) Kedves H\u00edveink \u00e9s Bar\u00e1taink! A Stuttgarti Magyar Katolikus Egyh\u00e1zk\u00f6zs\u00e9g \u00e9s a Stuttgarti Magyarok Sz\u00f6vets\u00e9ge (SMSz) j\u00fanius 5-\u00e9n tartja \u2013 a fenti id\u00e9zet \u00e9rtelm\u00e9ben \u2013 a Magyar \u00d6sszetartoz\u00e1s Napj\u00e1t. Ez\u00fattal az \u0151rs\u00e9gi (Burgenland) magyarok k\u00e9pviselet\u00e9ben Dr. P\u00e1l L\u00e1szl\u00f3 p\u00fcsp\u00f6ki helyn\u00f6k l\u00e1togat meg benn\u00fcnket. Programunk: 11.45 \u00f3rakor z\u00e1szl\u00f3felh\u00faz\u00e1ssal kezd\u0151dik a templom el\u0151tti t\u00e9ren. 12.00 \u00f3rakor \u00fcnnepi szentmise. 13.30 \u00f3rakor k\u00f6z\u00f6s eb\u00e9d a templom el\u0151tti t\u00e9ren. Ter\u00edt\u00e9ken r\u00e1ntott szelet h\u00e1zi k\u00e9sz\u00edt\u00e9s\u0171 krumpli sal\u00e1t\u00e1val, desszertnek cukr\u00e1szaink h\u00e1zilag k\u00e9sz\u00edtett s\u00fctem\u00e9nyeiben v\u00e1logathatunk. Mindehhez &#8211; Stuttgartban el\u0151sz\u00f6r! \u2013 \u201eCs\u00edki s\u00f6r\u201c. 15.00 \u00f3rakor besz\u00e1mol\u00f3 az \u0151rs\u00e9gi magyar testv\u00e9reink helyzet\u00e9r\u0151l. 15.30 \u00f3r\u00e1t\u00f3l P\u00f3t\u00e1pi \u00c1rp\u00e1d nemzetpolitik\u00e1\u00e9rt felel\u0151s \u00e1llamtitk\u00e1r sz\u00f3l hozz\u00e1nk. \u00c9s m\u00edg \u0151 ut\u00e1na a Stuttgarti Magyarok Sz\u00f6vets\u00e9g\u00e9nek tagjaival tal\u00e1lkozik, mi 16.30 \u00f3r\u00e1t\u00f3l a s\u00e1rospataki \u201e8kor\u201d Sz\u00ednh\u00e1z m\u0171sor\u00e1nak \u00f6rvendhet\u00fcnk. 17.30 \u00f3rakor z\u00e1szl\u00f3bont\u00e1s. Mindenkit szeretettel v\u00e1runk! 81. Sz. Dob\u00f3 Istv\u00e1n Cserk\u00e9szcsapat Erasmus-Akad\u00e9mia Hunnia Bar\u00e1ti K\u00f6r Magyar \u00d3voda Napvir\u00e1g Kult\u00faregyes\u00fclet Szent Gell\u00e9rt Katolikus Egyh\u00e1zk\u00f6zs\u00e9g Turul &#8211; Baranta","og_url":"https:\/\/stuttgarti-katolikusok.de\/index.php\/mert-a-gyokerben-van-az-elet\/","og_site_name":"Stuttgarti Katolikusok","article_published_time":"2016-05-18T09:40:14+00:00","article_modified_time":"2020-04-27T16:03:56+00:00","author":"Tibor atya","twitter_card":"summary_large_image","twitter_misc":{"Szerz\u0151:":"Tibor atya","Becs\u00fclt olvas\u00e1si id\u0151":"2 perc"},"schema":{"@context":"https:\/\/schema.org","@graph":[{"@type":"Article","@id":"https:\/\/stuttgarti-katolikusok.de\/index.php\/mert-a-gyokerben-van-az-elet\/#article","isPartOf":{"@id":"https:\/\/stuttgarti-katolikusok.de\/index.php\/mert-a-gyokerben-van-az-elet\/"},"author":{"name":"Tibor atya","@id":"https:\/\/stuttgarti-katolikusok.de\/#\/schema\/person\/75908d6f8fdc03a57889d27209df7795"},"headline":"&#8222;&#8230;MERT A GY\u00d6K\u00c9RBEN VAN AZ \u00c9LET!&#8221;","datePublished":"2016-05-18T09:40:14+00:00","dateModified":"2020-04-27T16:03:56+00:00","mainEntityOfPage":{"@id":"https:\/\/stuttgarti-katolikusok.de\/index.php\/mert-a-gyokerben-van-az-elet\/"},"wordCount":368,"articleSection":["H\u00edrek","Progamel\u0151zetes"],"inLanguage":"hu"},{"@type":"WebPage","@id":"https:\/\/stuttgarti-katolikusok.de\/index.php\/mert-a-gyokerben-van-az-elet\/","url":"https:\/\/stuttgarti-katolikusok.de\/index.php\/mert-a-gyokerben-van-az-elet\/","name":"\"...MERT A GY\u00d6K\u00c9RBEN VAN AZ \u00c9LET!\" - Stuttgarti Katolikusok","isPartOf":{"@id":"https:\/\/stuttgarti-katolikusok.de\/#website"},"datePublished":"2016-05-18T09:40:14+00:00","dateModified":"2020-04-27T16:03:56+00:00","author":{"@id":"https:\/\/stuttgarti-katolikusok.de\/#\/schema\/person\/75908d6f8fdc03a57889d27209df7795"},"breadcrumb":{"@id":"https:\/\/stuttgarti-katolikusok.de\/index.php\/mert-a-gyokerben-van-az-elet\/#breadcrumb"},"inLanguage":"hu","potentialAction":[{"@type":"ReadAction","target":["https:\/\/stuttgarti-katolikusok.de\/index.php\/mert-a-gyokerben-van-az-elet\/"]}]},{"@type":"BreadcrumbList","@id":"https:\/\/stuttgarti-katolikusok.de\/index.php\/mert-a-gyokerben-van-az-elet\/#breadcrumb","itemListElement":[{"@type":"ListItem","position":1,"name":"Kezd\u0151lap","item":"https:\/\/stuttgarti-katolikusok.de\/"},{"@type":"ListItem","position":2,"name":"&#8220;&#8230;MERT A GY\u00d6K\u00c9RBEN VAN AZ \u00c9LET!&#8221;"}]},{"@type":"WebSite","@id":"https:\/\/stuttgarti-katolikusok.de\/#website","url":"https:\/\/stuttgarti-katolikusok.de\/","name":"Stuttgarti Katolikusok","description":"","potentialAction":[{"@type":"SearchAction","target":{"@type":"EntryPoint","urlTemplate":"https:\/\/stuttgarti-katolikusok.de\/?s={search_term_string}"},"query-input":{"@type":"PropertyValueSpecification","valueRequired":true,"valueName":"search_term_string"}}],"inLanguage":"hu"},{"@type":"Person","@id":"https:\/\/stuttgarti-katolikusok.de\/#\/schema\/person\/75908d6f8fdc03a57889d27209df7795","name":"Tibor atya","image":{"@type":"ImageObject","inLanguage":"hu","@id":"https:\/\/secure.gravatar.com\/avatar\/61d268e57d1f4525b111222e29d2d5a7f8c420fdbf231ba5566a8ceac74fa960?s=96&d=mm&r=g","url":"https:\/\/secure.gravatar.com\/avatar\/61d268e57d1f4525b111222e29d2d5a7f8c420fdbf231ba5566a8ceac74fa960?s=96&d=mm&r=g","contentUrl":"https:\/\/secure.gravatar.com\/avatar\/61d268e57d1f4525b111222e29d2d5a7f8c420fdbf231ba5566a8ceac74fa960?s=96&d=mm&r=g","caption":"Tibor atya"},"url":"https:\/\/stuttgarti-katolikusok.de\/index.php\/author\/tibor-atya\/"}]}},"_links":{"self":[{"href":"https:\/\/stuttgarti-katolikusok.de\/index.php\/wp-json\/wp\/v2\/posts\/9292","targetHints":{"allow":["GET"]}}],"collection":[{"href":"https:\/\/stuttgarti-katolikusok.de\/index.php\/wp-json\/wp\/v2\/posts"}],"about":[{"href":"https:\/\/stuttgarti-katolikusok.de\/index.php\/wp-json\/wp\/v2\/types\/post"}],"author":[{"embeddable":true,"href":"https:\/\/stuttgarti-katolikusok.de\/index.php\/wp-json\/wp\/v2\/users\/3"}],"replies":[{"embeddable":true,"href":"https:\/\/stuttgarti-katolikusok.de\/index.php\/wp-json\/wp\/v2\/comments?post=9292"}],"version-history":[{"count":2,"href":"https:\/\/stuttgarti-katolikusok.de\/index.php\/wp-json\/wp\/v2\/posts\/9292\/revisions"}],"predecessor-version":[{"id":9295,"href":"https:\/\/stuttgarti-katolikusok.de\/index.php\/wp-json\/wp\/v2\/posts\/9292\/revisions\/9295"}],"wp:attachment":[{"href":"https:\/\/stuttgarti-katolikusok.de\/index.php\/wp-json\/wp\/v2\/media?parent=9292"}],"wp:term":[{"taxonomy":"category","embeddable":true,"href":"https:\/\/stuttgarti-katolikusok.de\/index.php\/wp-json\/wp\/v2\/categories?post=9292"},{"taxonomy":"post_tag","embeddable":true,"href":"https:\/\/stuttgarti-katolikusok.de\/index.php\/wp-json\/wp\/v2\/tags?post=9292"}],"curies":[{"name":"wp","href":"https:\/\/api.w.org\/{rel}","templated":true}]}}