{"id":9252,"date":"2016-05-16T08:44:29","date_gmt":"2016-05-16T08:44:29","guid":{"rendered":"https:\/\/gracious-dewdney.138-201-221-2.plesk.page\/?p=9252"},"modified":"2016-05-16T08:49:49","modified_gmt":"2016-05-16T08:49:49","slug":"jotekonysagi-bazar-es-anyak-napja","status":"publish","type":"post","link":"https:\/\/stuttgarti-katolikusok.de\/index.php\/jotekonysagi-bazar-es-anyak-napja\/","title":{"rendered":"J\u00f3t\u00e9konys\u00e1gi Baz\u00e1r \u00e9s Any\u00e1k Napja"},"content":{"rendered":"<p>M\u00e1jus 1-\u00e9n, vas\u00e1rnap, Stuttgartban 11.00 \u00f3r\u00e1t\u00f3l J\u00f3t\u00e9konys\u00e1gi Baz\u00e1r vette kezdet\u00e9t. A teljes bev\u00e9telt szocio-karitat\u00edv projektjeink t\u00e1mogat\u00e1s\u00e1ra ford\u00edtjuk. Ebben az \u00e9vben a d\u00e9lvid\u00e9ki iskol\u00e1sok vannak soron!<\/p>\n<p>12.00 \u00f3rakor \u00fcnnepi szentmis\u00e9ben k\u00f6sz\u00f6nt\u00f6tt\u00fck az \u00e9desany\u00e1kat. A szentmis\u00e9t k\u00f6vet\u0151en k\u00f6z\u00f6s eb\u00e9den vett\u00fcnk r\u00e9szt, ahol az elk\u00e9sz\u00edtett guly\u00e1slevest fogyasztottuk el. Az eb\u00e9d v\u00e9gezt\u00e9vel gyermekek Any\u00e1k Napi m\u0171sor\u00e1t tekintett\u00fck meg a templomban.<\/p>\n<p>Ezen a napon k\u00e9sz\u00fclt k\u00e9pek:<\/p>\n\n            \n","protected":false},"excerpt":{"rendered":"<p>M\u00e1jus 1-\u00e9n, vas\u00e1rnap, Stuttgartban 11.00 \u00f3r\u00e1t\u00f3l J\u00f3t\u00e9konys\u00e1gi Baz\u00e1r vette kezdet\u00e9t. A teljes bev\u00e9telt szocio-karitat\u00edv projektjeink t\u00e1mogat\u00e1s\u00e1ra ford\u00edtjuk. Ebben az \u00e9vben a d\u00e9lvid\u00e9ki iskol\u00e1sok vannak soron! 12.00 \u00f3rakor \u00fcnnepi szentmis\u00e9ben k\u00f6sz\u00f6nt\u00f6tt\u00fck az \u00e9desany\u00e1kat. A szentmis\u00e9t k\u00f6vet\u0151en k\u00f6z\u00f6s eb\u00e9den vett\u00fcnk r\u00e9szt, ahol az elk\u00e9sz\u00edtett guly\u00e1slevest fogyasztottuk el. Az eb\u00e9d v\u00e9gezt\u00e9vel gyermekek Any\u00e1k Napi m\u0171sor\u00e1t tekintett\u00fck meg a templomban. Ezen a napon k\u00e9sz\u00fclt k\u00e9pek:<\/p>\n","protected":false},"author":3,"featured_media":9244,"comment_status":"closed","ping_status":"closed","sticky":false,"template":"","format":"gallery","meta":{"footnotes":""},"categories":[39],"tags":[],"class_list":["post-9252","post","type-post","status-publish","format-gallery","has-post-thumbnail","hentry","category-kepgaleria","post_format-post-format-gallery"],"yoast_head":"<!-- This site is optimized with the Yoast SEO plugin v27.3 - https:\/\/yoast.com\/product\/yoast-seo-wordpress\/ -->\n<title>J\u00f3t\u00e9konys\u00e1gi Baz\u00e1r \u00e9s Any\u00e1k Napja - Stuttgarti Katolikusok<\/title>\n<meta name=\"robots\" content=\"index, follow, max-snippet:-1, max-image-preview:large, max-video-preview:-1\" \/>\n<link rel=\"canonical\" href=\"https:\/\/stuttgarti-katolikusok.de\/index.php\/jotekonysagi-bazar-es-anyak-napja\/\" \/>\n<meta property=\"og:locale\" content=\"hu_HU\" \/>\n<meta property=\"og:type\" content=\"article\" \/>\n<meta property=\"og:title\" content=\"J\u00f3t\u00e9konys\u00e1gi Baz\u00e1r \u00e9s Any\u00e1k Napja - Stuttgarti Katolikusok\" \/>\n<meta property=\"og:description\" content=\"M\u00e1jus 1-\u00e9n, vas\u00e1rnap, Stuttgartban 11.00 \u00f3r\u00e1t\u00f3l J\u00f3t\u00e9konys\u00e1gi Baz\u00e1r vette kezdet\u00e9t. A teljes bev\u00e9telt szocio-karitat\u00edv projektjeink t\u00e1mogat\u00e1s\u00e1ra ford\u00edtjuk. Ebben az \u00e9vben a d\u00e9lvid\u00e9ki iskol\u00e1sok vannak soron! 12.00 \u00f3rakor \u00fcnnepi szentmis\u00e9ben k\u00f6sz\u00f6nt\u00f6tt\u00fck az \u00e9desany\u00e1kat. A szentmis\u00e9t k\u00f6vet\u0151en k\u00f6z\u00f6s eb\u00e9den vett\u00fcnk r\u00e9szt, ahol az elk\u00e9sz\u00edtett guly\u00e1slevest fogyasztottuk el. Az eb\u00e9d v\u00e9gezt\u00e9vel gyermekek Any\u00e1k Napi m\u0171sor\u00e1t tekintett\u00fck meg a templomban. Ezen a napon k\u00e9sz\u00fclt k\u00e9pek:\" \/>\n<meta property=\"og:url\" content=\"https:\/\/stuttgarti-katolikusok.de\/index.php\/jotekonysagi-bazar-es-anyak-napja\/\" \/>\n<meta property=\"og:site_name\" content=\"Stuttgarti Katolikusok\" \/>\n<meta property=\"article:published_time\" content=\"2016-05-16T08:44:29+00:00\" \/>\n<meta property=\"article:modified_time\" content=\"2016-05-16T08:49:49+00:00\" \/>\n<meta property=\"og:image\" content=\"https:\/\/stuttgarti-katolikusok.de\/wp-content\/uploads\/2016\/05\/26332130844_e8e4e4f5d7_n.jpg\" \/>\n\t<meta property=\"og:image:width\" content=\"320\" \/>\n\t<meta property=\"og:image:height\" content=\"213\" \/>\n\t<meta property=\"og:image:type\" content=\"image\/jpeg\" \/>\n<meta name=\"author\" content=\"Tibor atya\" \/>\n<meta name=\"twitter:card\" content=\"summary_large_image\" \/>\n<meta name=\"twitter:label1\" content=\"Szerz\u0151:\" \/>\n\t<meta name=\"twitter:data1\" content=\"Tibor atya\" \/>\n\t<meta name=\"twitter:label2\" content=\"Becs\u00fclt olvas\u00e1si id\u0151\" \/>\n\t<meta name=\"twitter:data2\" content=\"1 perc\" \/>\n<script type=\"application\/ld+json\" class=\"yoast-schema-graph\">{\"@context\":\"https:\\\/\\\/schema.org\",\"@graph\":[{\"@type\":\"Article\",\"@id\":\"https:\\\/\\\/stuttgarti-katolikusok.de\\\/index.php\\\/jotekonysagi-bazar-es-anyak-napja\\\/#article\",\"isPartOf\":{\"@id\":\"https:\\\/\\\/stuttgarti-katolikusok.de\\\/index.php\\\/jotekonysagi-bazar-es-anyak-napja\\\/\"},\"author\":{\"name\":\"Tibor atya\",\"@id\":\"https:\\\/\\\/stuttgarti-katolikusok.de\\\/#\\\/schema\\\/person\\\/75908d6f8fdc03a57889d27209df7795\"},\"headline\":\"J\u00f3t\u00e9konys\u00e1gi Baz\u00e1r \u00e9s Any\u00e1k Napja\",\"datePublished\":\"2016-05-16T08:44:29+00:00\",\"dateModified\":\"2016-05-16T08:49:49+00:00\",\"mainEntityOfPage\":{\"@id\":\"https:\\\/\\\/stuttgarti-katolikusok.de\\\/index.php\\\/jotekonysagi-bazar-es-anyak-napja\\\/\"},\"wordCount\":117,\"image\":{\"@id\":\"https:\\\/\\\/stuttgarti-katolikusok.de\\\/index.php\\\/jotekonysagi-bazar-es-anyak-napja\\\/#primaryimage\"},\"thumbnailUrl\":\"https:\\\/\\\/stuttgarti-katolikusok.de\\\/wp-content\\\/uploads\\\/2016\\\/05\\\/26332130844_e8e4e4f5d7_n.jpg\",\"articleSection\":[\"K\u00e9pgal\u00e9ria\"],\"inLanguage\":\"hu\"},{\"@type\":\"WebPage\",\"@id\":\"https:\\\/\\\/stuttgarti-katolikusok.de\\\/index.php\\\/jotekonysagi-bazar-es-anyak-napja\\\/\",\"url\":\"https:\\\/\\\/stuttgarti-katolikusok.de\\\/index.php\\\/jotekonysagi-bazar-es-anyak-napja\\\/\",\"name\":\"J\u00f3t\u00e9konys\u00e1gi Baz\u00e1r \u00e9s Any\u00e1k Napja - Stuttgarti Katolikusok\",\"isPartOf\":{\"@id\":\"https:\\\/\\\/stuttgarti-katolikusok.de\\\/#website\"},\"primaryImageOfPage\":{\"@id\":\"https:\\\/\\\/stuttgarti-katolikusok.de\\\/index.php\\\/jotekonysagi-bazar-es-anyak-napja\\\/#primaryimage\"},\"image\":{\"@id\":\"https:\\\/\\\/stuttgarti-katolikusok.de\\\/index.php\\\/jotekonysagi-bazar-es-anyak-napja\\\/#primaryimage\"},\"thumbnailUrl\":\"https:\\\/\\\/stuttgarti-katolikusok.de\\\/wp-content\\\/uploads\\\/2016\\\/05\\\/26332130844_e8e4e4f5d7_n.jpg\",\"datePublished\":\"2016-05-16T08:44:29+00:00\",\"dateModified\":\"2016-05-16T08:49:49+00:00\",\"author\":{\"@id\":\"https:\\\/\\\/stuttgarti-katolikusok.de\\\/#\\\/schema\\\/person\\\/75908d6f8fdc03a57889d27209df7795\"},\"breadcrumb\":{\"@id\":\"https:\\\/\\\/stuttgarti-katolikusok.de\\\/index.php\\\/jotekonysagi-bazar-es-anyak-napja\\\/#breadcrumb\"},\"inLanguage\":\"hu\",\"potentialAction\":[{\"@type\":\"ReadAction\",\"target\":[\"https:\\\/\\\/stuttgarti-katolikusok.de\\\/index.php\\\/jotekonysagi-bazar-es-anyak-napja\\\/\"]}]},{\"@type\":\"ImageObject\",\"inLanguage\":\"hu\",\"@id\":\"https:\\\/\\\/stuttgarti-katolikusok.de\\\/index.php\\\/jotekonysagi-bazar-es-anyak-napja\\\/#primaryimage\",\"url\":\"https:\\\/\\\/stuttgarti-katolikusok.de\\\/wp-content\\\/uploads\\\/2016\\\/05\\\/26332130844_e8e4e4f5d7_n.jpg\",\"contentUrl\":\"https:\\\/\\\/stuttgarti-katolikusok.de\\\/wp-content\\\/uploads\\\/2016\\\/05\\\/26332130844_e8e4e4f5d7_n.jpg\",\"width\":320,\"height\":213},{\"@type\":\"BreadcrumbList\",\"@id\":\"https:\\\/\\\/stuttgarti-katolikusok.de\\\/index.php\\\/jotekonysagi-bazar-es-anyak-napja\\\/#breadcrumb\",\"itemListElement\":[{\"@type\":\"ListItem\",\"position\":1,\"name\":\"Kezd\u0151lap\",\"item\":\"https:\\\/\\\/stuttgarti-katolikusok.de\\\/\"},{\"@type\":\"ListItem\",\"position\":2,\"name\":\"J\u00f3t\u00e9konys\u00e1gi Baz\u00e1r \u00e9s Any\u00e1k Napja\"}]},{\"@type\":\"WebSite\",\"@id\":\"https:\\\/\\\/stuttgarti-katolikusok.de\\\/#website\",\"url\":\"https:\\\/\\\/stuttgarti-katolikusok.de\\\/\",\"name\":\"Stuttgarti Katolikusok\",\"description\":\"\",\"potentialAction\":[{\"@type\":\"SearchAction\",\"target\":{\"@type\":\"EntryPoint\",\"urlTemplate\":\"https:\\\/\\\/stuttgarti-katolikusok.de\\\/?s={search_term_string}\"},\"query-input\":{\"@type\":\"PropertyValueSpecification\",\"valueRequired\":true,\"valueName\":\"search_term_string\"}}],\"inLanguage\":\"hu\"},{\"@type\":\"Person\",\"@id\":\"https:\\\/\\\/stuttgarti-katolikusok.de\\\/#\\\/schema\\\/person\\\/75908d6f8fdc03a57889d27209df7795\",\"name\":\"Tibor atya\",\"image\":{\"@type\":\"ImageObject\",\"inLanguage\":\"hu\",\"@id\":\"https:\\\/\\\/secure.gravatar.com\\\/avatar\\\/61d268e57d1f4525b111222e29d2d5a7f8c420fdbf231ba5566a8ceac74fa960?s=96&d=mm&r=g\",\"url\":\"https:\\\/\\\/secure.gravatar.com\\\/avatar\\\/61d268e57d1f4525b111222e29d2d5a7f8c420fdbf231ba5566a8ceac74fa960?s=96&d=mm&r=g\",\"contentUrl\":\"https:\\\/\\\/secure.gravatar.com\\\/avatar\\\/61d268e57d1f4525b111222e29d2d5a7f8c420fdbf231ba5566a8ceac74fa960?s=96&d=mm&r=g\",\"caption\":\"Tibor atya\"},\"url\":\"https:\\\/\\\/stuttgarti-katolikusok.de\\\/index.php\\\/author\\\/tibor-atya\\\/\"}]}<\/script>\n<!-- \/ Yoast SEO plugin. -->","yoast_head_json":{"title":"J\u00f3t\u00e9konys\u00e1gi Baz\u00e1r \u00e9s Any\u00e1k Napja - Stuttgarti Katolikusok","robots":{"index":"index","follow":"follow","max-snippet":"max-snippet:-1","max-image-preview":"max-image-preview:large","max-video-preview":"max-video-preview:-1"},"canonical":"https:\/\/stuttgarti-katolikusok.de\/index.php\/jotekonysagi-bazar-es-anyak-napja\/","og_locale":"hu_HU","og_type":"article","og_title":"J\u00f3t\u00e9konys\u00e1gi Baz\u00e1r \u00e9s Any\u00e1k Napja - Stuttgarti Katolikusok","og_description":"M\u00e1jus 1-\u00e9n, vas\u00e1rnap, Stuttgartban 11.00 \u00f3r\u00e1t\u00f3l J\u00f3t\u00e9konys\u00e1gi Baz\u00e1r vette kezdet\u00e9t. A teljes bev\u00e9telt szocio-karitat\u00edv projektjeink t\u00e1mogat\u00e1s\u00e1ra ford\u00edtjuk. Ebben az \u00e9vben a d\u00e9lvid\u00e9ki iskol\u00e1sok vannak soron! 12.00 \u00f3rakor \u00fcnnepi szentmis\u00e9ben k\u00f6sz\u00f6nt\u00f6tt\u00fck az \u00e9desany\u00e1kat. A szentmis\u00e9t k\u00f6vet\u0151en k\u00f6z\u00f6s eb\u00e9den vett\u00fcnk r\u00e9szt, ahol az elk\u00e9sz\u00edtett guly\u00e1slevest fogyasztottuk el. Az eb\u00e9d v\u00e9gezt\u00e9vel gyermekek Any\u00e1k Napi m\u0171sor\u00e1t tekintett\u00fck meg a templomban. Ezen a napon k\u00e9sz\u00fclt k\u00e9pek:","og_url":"https:\/\/stuttgarti-katolikusok.de\/index.php\/jotekonysagi-bazar-es-anyak-napja\/","og_site_name":"Stuttgarti Katolikusok","article_published_time":"2016-05-16T08:44:29+00:00","article_modified_time":"2016-05-16T08:49:49+00:00","og_image":[{"width":320,"height":213,"url":"https:\/\/stuttgarti-katolikusok.de\/wp-content\/uploads\/2016\/05\/26332130844_e8e4e4f5d7_n.jpg","type":"image\/jpeg"}],"author":"Tibor atya","twitter_card":"summary_large_image","twitter_misc":{"Szerz\u0151:":"Tibor atya","Becs\u00fclt olvas\u00e1si id\u0151":"1 perc"},"schema":{"@context":"https:\/\/schema.org","@graph":[{"@type":"Article","@id":"https:\/\/stuttgarti-katolikusok.de\/index.php\/jotekonysagi-bazar-es-anyak-napja\/#article","isPartOf":{"@id":"https:\/\/stuttgarti-katolikusok.de\/index.php\/jotekonysagi-bazar-es-anyak-napja\/"},"author":{"name":"Tibor atya","@id":"https:\/\/stuttgarti-katolikusok.de\/#\/schema\/person\/75908d6f8fdc03a57889d27209df7795"},"headline":"J\u00f3t\u00e9konys\u00e1gi Baz\u00e1r \u00e9s Any\u00e1k Napja","datePublished":"2016-05-16T08:44:29+00:00","dateModified":"2016-05-16T08:49:49+00:00","mainEntityOfPage":{"@id":"https:\/\/stuttgarti-katolikusok.de\/index.php\/jotekonysagi-bazar-es-anyak-napja\/"},"wordCount":117,"image":{"@id":"https:\/\/stuttgarti-katolikusok.de\/index.php\/jotekonysagi-bazar-es-anyak-napja\/#primaryimage"},"thumbnailUrl":"https:\/\/stuttgarti-katolikusok.de\/wp-content\/uploads\/2016\/05\/26332130844_e8e4e4f5d7_n.jpg","articleSection":["K\u00e9pgal\u00e9ria"],"inLanguage":"hu"},{"@type":"WebPage","@id":"https:\/\/stuttgarti-katolikusok.de\/index.php\/jotekonysagi-bazar-es-anyak-napja\/","url":"https:\/\/stuttgarti-katolikusok.de\/index.php\/jotekonysagi-bazar-es-anyak-napja\/","name":"J\u00f3t\u00e9konys\u00e1gi Baz\u00e1r \u00e9s Any\u00e1k Napja - Stuttgarti Katolikusok","isPartOf":{"@id":"https:\/\/stuttgarti-katolikusok.de\/#website"},"primaryImageOfPage":{"@id":"https:\/\/stuttgarti-katolikusok.de\/index.php\/jotekonysagi-bazar-es-anyak-napja\/#primaryimage"},"image":{"@id":"https:\/\/stuttgarti-katolikusok.de\/index.php\/jotekonysagi-bazar-es-anyak-napja\/#primaryimage"},"thumbnailUrl":"https:\/\/stuttgarti-katolikusok.de\/wp-content\/uploads\/2016\/05\/26332130844_e8e4e4f5d7_n.jpg","datePublished":"2016-05-16T08:44:29+00:00","dateModified":"2016-05-16T08:49:49+00:00","author":{"@id":"https:\/\/stuttgarti-katolikusok.de\/#\/schema\/person\/75908d6f8fdc03a57889d27209df7795"},"breadcrumb":{"@id":"https:\/\/stuttgarti-katolikusok.de\/index.php\/jotekonysagi-bazar-es-anyak-napja\/#breadcrumb"},"inLanguage":"hu","potentialAction":[{"@type":"ReadAction","target":["https:\/\/stuttgarti-katolikusok.de\/index.php\/jotekonysagi-bazar-es-anyak-napja\/"]}]},{"@type":"ImageObject","inLanguage":"hu","@id":"https:\/\/stuttgarti-katolikusok.de\/index.php\/jotekonysagi-bazar-es-anyak-napja\/#primaryimage","url":"https:\/\/stuttgarti-katolikusok.de\/wp-content\/uploads\/2016\/05\/26332130844_e8e4e4f5d7_n.jpg","contentUrl":"https:\/\/stuttgarti-katolikusok.de\/wp-content\/uploads\/2016\/05\/26332130844_e8e4e4f5d7_n.jpg","width":320,"height":213},{"@type":"BreadcrumbList","@id":"https:\/\/stuttgarti-katolikusok.de\/index.php\/jotekonysagi-bazar-es-anyak-napja\/#breadcrumb","itemListElement":[{"@type":"ListItem","position":1,"name":"Kezd\u0151lap","item":"https:\/\/stuttgarti-katolikusok.de\/"},{"@type":"ListItem","position":2,"name":"J\u00f3t\u00e9konys\u00e1gi Baz\u00e1r \u00e9s Any\u00e1k Napja"}]},{"@type":"WebSite","@id":"https:\/\/stuttgarti-katolikusok.de\/#website","url":"https:\/\/stuttgarti-katolikusok.de\/","name":"Stuttgarti Katolikusok","description":"","potentialAction":[{"@type":"SearchAction","target":{"@type":"EntryPoint","urlTemplate":"https:\/\/stuttgarti-katolikusok.de\/?s={search_term_string}"},"query-input":{"@type":"PropertyValueSpecification","valueRequired":true,"valueName":"search_term_string"}}],"inLanguage":"hu"},{"@type":"Person","@id":"https:\/\/stuttgarti-katolikusok.de\/#\/schema\/person\/75908d6f8fdc03a57889d27209df7795","name":"Tibor atya","image":{"@type":"ImageObject","inLanguage":"hu","@id":"https:\/\/secure.gravatar.com\/avatar\/61d268e57d1f4525b111222e29d2d5a7f8c420fdbf231ba5566a8ceac74fa960?s=96&d=mm&r=g","url":"https:\/\/secure.gravatar.com\/avatar\/61d268e57d1f4525b111222e29d2d5a7f8c420fdbf231ba5566a8ceac74fa960?s=96&d=mm&r=g","contentUrl":"https:\/\/secure.gravatar.com\/avatar\/61d268e57d1f4525b111222e29d2d5a7f8c420fdbf231ba5566a8ceac74fa960?s=96&d=mm&r=g","caption":"Tibor atya"},"url":"https:\/\/stuttgarti-katolikusok.de\/index.php\/author\/tibor-atya\/"}]}},"_links":{"self":[{"href":"https:\/\/stuttgarti-katolikusok.de\/index.php\/wp-json\/wp\/v2\/posts\/9252","targetHints":{"allow":["GET"]}}],"collection":[{"href":"https:\/\/stuttgarti-katolikusok.de\/index.php\/wp-json\/wp\/v2\/posts"}],"about":[{"href":"https:\/\/stuttgarti-katolikusok.de\/index.php\/wp-json\/wp\/v2\/types\/post"}],"author":[{"embeddable":true,"href":"https:\/\/stuttgarti-katolikusok.de\/index.php\/wp-json\/wp\/v2\/users\/3"}],"replies":[{"embeddable":true,"href":"https:\/\/stuttgarti-katolikusok.de\/index.php\/wp-json\/wp\/v2\/comments?post=9252"}],"version-history":[{"count":2,"href":"https:\/\/stuttgarti-katolikusok.de\/index.php\/wp-json\/wp\/v2\/posts\/9252\/revisions"}],"predecessor-version":[{"id":9260,"href":"https:\/\/stuttgarti-katolikusok.de\/index.php\/wp-json\/wp\/v2\/posts\/9252\/revisions\/9260"}],"wp:featuredmedia":[{"embeddable":true,"href":"https:\/\/stuttgarti-katolikusok.de\/index.php\/wp-json\/wp\/v2\/media\/9244"}],"wp:attachment":[{"href":"https:\/\/stuttgarti-katolikusok.de\/index.php\/wp-json\/wp\/v2\/media?parent=9252"}],"wp:term":[{"taxonomy":"category","embeddable":true,"href":"https:\/\/stuttgarti-katolikusok.de\/index.php\/wp-json\/wp\/v2\/categories?post=9252"},{"taxonomy":"post_tag","embeddable":true,"href":"https:\/\/stuttgarti-katolikusok.de\/index.php\/wp-json\/wp\/v2\/tags?post=9252"}],"curies":[{"name":"wp","href":"https:\/\/api.w.org\/{rel}","templated":true}]}}