{"id":9218,"date":"2016-05-09T09:06:27","date_gmt":"2016-05-09T09:06:27","guid":{"rendered":"https:\/\/gracious-dewdney.138-201-221-2.plesk.page\/?p=9218"},"modified":"2016-05-21T09:36:55","modified_gmt":"2016-05-21T09:36:55","slug":"anyak-napja-weingartenben","status":"publish","type":"post","link":"https:\/\/stuttgarti-katolikusok.de\/index.php\/anyak-napja-weingartenben\/","title":{"rendered":"Any\u00e1k napja Weingartenben"},"content":{"rendered":"<p>Any\u00e1k napja 2016. m\u00e1jus 8. &#8211; Weingarten<\/p>\n<p>Mit jelent a m\u00e1jusi h\u00f3nap sz\u00e1modra, sz\u00e1momra, mivel tudom ezt a gy\u00f6ny\u00f6r\u0171 h\u00f3napot \u00f6sszef\u00fcgg\u00e9sbe hozni?<\/p>\n<p>Tal\u00e1n gondolunk a term\u00e9szet f\u00f6l\u00e9led\u00e9s\u00e9re a hossz\u00fa t\u00e9li napokat, h\u00f3napokat k\u00f6vet\u0151en, avagy gondolunk a gy\u00f6ny\u00f6r\u0171\u00a0sz\u00e9p vir\u00e1gokra, amelyek csod\u00e1latos sz\u00edneikkel olykor elb\u0171v\u00f6lik emberi pillant\u00e1sainkat.<\/p>\n<p>Gondolunk tov\u00e1bb\u00e1 a Sz\u0171z Any\u00e1ra, akit nevezhet\u00fcnk a legszebb t\u00f6vis n\u00e9lk\u00fcli r\u00f3zs\u00e1nak. \u0150, aki \u00e9letet adott J\u00e9zusnak, Szent Fi\u00e1nak, aki meghalt \u00e9rt\u00fcnk, hogy hal\u00e1l\u00e1val legy\u0151zze a b\u0171nt, a mi emberi gyarl\u00f3s\u00e1gainkat, \u00e9s ezen kereszt\u00fcl megv\u00e1ltson minket.<\/p>\n<p>Tov\u00e1bb\u00e1 eml\u00e9kez\u00fcnk e gy\u00f6ny\u00f6r\u0171 h\u00f3napban az \u00e9desany\u00e1kra, \u00a0\u00e9desany\u00e1nkra, aki \u00e9letet adott nek\u00fcnk, test\u00e9vel v\u00e9dett, oltalmazott, t\u00e1pl\u00e1lt benn\u00fcnket.<\/p>\n<p>Ezen gy\u00f6ny\u00f6r\u0171 sz\u00e9p \u00fcnnepet, Any\u00e1k napj\u00e1t, \u00fcnnepelt\u00fck a mai szentmis\u00e9ben is, m\u00e1jus 8-\u00e1n Weingartenben a mi k\u00f6z\u00f6ss\u00e9g\u00fcnkben.<\/p>\n<p>M\u00e9lyen elgondolkodtat\u00f3, gy\u00f6ny\u00f6r\u0171 gondolatokat adott \u00e1t nek\u00fcnk Tibor atya a pr\u00e9dik\u00e1ci\u00f3j\u00e1ban, elm\u00e9lked\u00e9s\u00e9ben, hogy mit is kell jelentsen sz\u00e1munkra, minden egyes jelenl\u00e9v\u0151 sz\u00e1m\u00e1ra az \u00e9desanya, akit\u0151l kezdett\u0151l fogva v\u00e9delemeben, testi- \u00e9s lelki t\u00e1pl\u00e1l\u00e9kban, vigasztal\u00e1sban volt \u00e9s van r\u00e9sz\u00fcnk. Ez\u00e9rt szeretn\u00fcnk, tiszteln\u00fcnk, \u00a0v\u00e9den\u00fcnk kell.Gyermeki k\u00f6teless\u00e9g, szer\u00e9ny h\u00e1la a sok kapott j\u00f3\u00e9rt.<\/p>\n<p>Egy m\u00e1sik, e napot kiemel\u0151 nagyon sz\u00e9p esem\u00e9ny volt a mai napon, Korn\u00e9lia (Nelli) megkeresztel\u00e9se, valamint b\u00e9rm\u00e1l\u00e1sa, aki feln\u0151ttk\u00e9nt \u00e9s \u00e9desanyak\u00e9nt nyerte el a mai napon csal\u00e1dja \u00e9s az eg\u00e9sz k\u00f6z\u00f6ss\u00e9g k\u00f6r\u00e9ben ezeket a szents\u00e9geket.<\/p>\n<p>\u0150, akinek nem hagyom\u00e1nyosan, kisgyermekk\u00e9nt adatott lehet\u0151s\u00e9ge e szents\u00e9gek f\u00f6lv\u00e9tel\u00e9re, most, feln\u0151ttk\u00e9nt \u00e9s \u00e9desanyak\u00e9nt j\u00e1rulhatott az els\u0151 szent \u00e1ldoz\u00e1shoz.<\/p>\n<p>Tal\u00e1n a Gondvisel\u00e9s is \u00edgy akarta hogy, aki k\u00e9t gyermeknek adott \u00e9letet, ezen a sz\u00e9p napon, az \u00c9desany\u00e1k napj\u00e1n, a Sz\u0171z Anya h\u00f3napj\u00e1ban nyerje el ezeket a sz\u00e1munkra, kereszt\u00e9nyek sz\u00e1m\u00e1ra, sz\u00e9p \u00e9s fontos szents\u00e9geket.<\/p>\n<p>Ezen \u00faton sz\u00edvb\u0151l k\u00edv\u00e1nom Nellinek hogy a kereszt\u00e9nys\u00e9g m\u00e9lyen gy\u00f6kerezzen meg sz\u00edv\u00e9ben \u00e9s a Sz\u0171z Anya v\u00e9d\u0151 pal\u00e1stja alatt mindig lelki b\u00e9k\u00e9re \u00e9s oltalomra tal\u00e1ljon.<\/p>\n<p>A szentmis\u00e9nek egy gy\u00f6ny\u00f6r\u0171 befejez\u0151 szakaszt adott a gyermekeknek, leend\u0151 ministr\u00e1nsoknak, valamint a pillanatnyilag akt\u00edv ministr\u00e1nsoknak az \u00e9desany\u00e1kat egy-egy verssel val\u00f3 k\u00f6sz\u00f6nt\u00e9se.<\/p>\n<p>Ezt k\u00f6vet\u0151en a szentmise befejezt\u00e9vel, minden \u00e9desany\u00e1nak a m\u00e1r \u00e9vek \u00f3ta hagyom\u00e1nyos piros r\u00f3zsa lett \u00e1tny\u00fajtva jelk\u00e9pk\u00e9nt, mint ahogyan a szentmise v\u00e9gezt\u00e9vel egyik leg\u00e1tus szavait id\u00e9zve, \u201ea r\u00f3zsa t\u00f6visei jelzik azt, hogy sajnos \u00e9desany\u00e1nkat n\u00e9ha megb\u00e1ntjuk, a piros sz\u00edn pedig J\u00e9zus v\u00e9r\u00e9t jelk\u00e9pezze, ami megv\u00e1lt\u00e1sk\u00e9nt mi \u00e9rt\u00fcnk, b\u0171n\u00f6s emberek\u00e9rt lett a keresztf\u00e1n kiontva\u201d.<\/p>\n<p>Az a szent v\u00e9r aminek egy par\u00e1nyi r\u00e9sz\u00e9t itt v\u00e9d\u00fcnk \u00e9s \u0151rz\u00fcnk t\u00f6bb mint 950 \u00e9ve a Weingarten-i Bazilik\u00e1ban \u00e9s minden \u00e9vben, Urunk mennybemenetele ut\u00e1ni p\u00e9nteken, a vil\u00e1g legnagyobb lovas felvonul\u00e1sa k\u00eds\u00e9ret\u00e9ben visznek kereszt\u00fcl a v\u00e1roson.<\/p>\n<p>Szentmis\u00e9nket kellemes bar\u00e1ti k\u00f6rben folytattuk a Bad Waldsse -i Tannenb\u00fchl grillez\u0151 helyen, besz\u00e9lget\u00e9sekkel, valamint tov\u00e1bbi ismerked\u00e9sekkel.<\/p>\n<p>A d\u00e9lut\u00e1ni es\u0151, csak egy kicsit megzavarta, \u00e1m de nem riasztotta el k\u00f6z\u00f6ss\u00e9g\u00fcnket \u00e9s kitart\u00e1sunkat. Egy\u00fctt voltunk eg\u00e9szen 18.00 \u00f3r\u00e1ig.<\/p>\n<p>A legk\u00f6zelebbi tal\u00e1lkoz\u00f3nk j\u00fanius 12-\u00e9n lesz.\u00a0 Az el\u0151bb eml\u00edtett helyen \u00fajb\u00f3l lehet\u0151s\u00e9g\u00fcnk lesz a szentmise ut\u00e1n tal\u00e1lkozni. K\u00edv\u00e1nok mindny\u00e1jatoknak \u00e1ld\u00e1sos, sz\u00e9p P\u00fcnk\u00f6sdi \u00fcnnepet. Mindazoknak akik a vak\u00e1ci\u00f3ban elutaznak, kellemes szabads\u00e1got, szerencs\u00e9s utat a Sz\u0171z Anya vez\u00e9rlet\u00e9vel, hogy eg\u00e9szs\u00e9gben \u00e9s \u00e9lm\u00e9nyekkel telve \u00e9kezzetek vissza.<\/p>\n<p>Addig is maradok bar\u00e1ti szeretettel,<\/p>\n<p>Elmar Nabholz (Eli) Weingartenb\u0151l<\/p>\n<p>Fogadj\u00e1tok szeretettel a k\u00e9peket:\u00a0\n            \n<p>&nbsp;<\/p>\n<p>&nbsp;<\/p>\n","protected":false},"excerpt":{"rendered":"<p>Any\u00e1k napja 2016. m\u00e1jus 8. &#8211; Weingarten Mit jelent a m\u00e1jusi h\u00f3nap sz\u00e1modra, sz\u00e1momra, mivel tudom ezt a gy\u00f6ny\u00f6r\u0171 h\u00f3napot \u00f6sszef\u00fcgg\u00e9sbe hozni? Tal\u00e1n gondolunk a term\u00e9szet f\u00f6l\u00e9led\u00e9s\u00e9re a hossz\u00fa t\u00e9li napokat, h\u00f3napokat k\u00f6vet\u0151en, avagy gondolunk a gy\u00f6ny\u00f6r\u0171\u00a0sz\u00e9p vir\u00e1gokra, amelyek csod\u00e1latos sz\u00edneikkel olykor elb\u0171v\u00f6lik emberi pillant\u00e1sainkat. Gondolunk tov\u00e1bb\u00e1 a Sz\u0171z Any\u00e1ra, akit nevezhet\u00fcnk a legszebb t\u00f6vis n\u00e9lk\u00fcli r\u00f3zs\u00e1nak. \u0150, aki \u00e9letet adott J\u00e9zusnak, Szent Fi\u00e1nak, aki meghalt \u00e9rt\u00fcnk, hogy hal\u00e1l\u00e1val legy\u0151zze a b\u0171nt, a mi emberi gyarl\u00f3s\u00e1gainkat, \u00e9s ezen kereszt\u00fcl megv\u00e1ltson minket. Tov\u00e1bb\u00e1 eml\u00e9kez\u00fcnk e gy\u00f6ny\u00f6r\u0171 h\u00f3napban az \u00e9desany\u00e1kra, \u00a0\u00e9desany\u00e1nkra, aki \u00e9letet adott nek\u00fcnk, test\u00e9vel v\u00e9dett, oltalmazott, t\u00e1pl\u00e1lt benn\u00fcnket. Ezen gy\u00f6ny\u00f6r\u0171 sz\u00e9p \u00fcnnepet, Any\u00e1k napj\u00e1t, \u00fcnnepelt\u00fck a mai szentmis\u00e9ben is, m\u00e1jus 8-\u00e1n Weingartenben a mi k\u00f6z\u00f6ss\u00e9g\u00fcnkben. M\u00e9lyen elgondolkodtat\u00f3, gy\u00f6ny\u00f6r\u0171 gondolatokat adott \u00e1t nek\u00fcnk Tibor atya a pr\u00e9dik\u00e1ci\u00f3j\u00e1ban, elm\u00e9lked\u00e9s\u00e9ben, hogy mit is kell jelentsen sz\u00e1munkra, minden egyes jelenl\u00e9v\u0151 sz\u00e1m\u00e1ra az \u00e9desanya, akit\u0151l kezdett\u0151l fogva v\u00e9delemeben, testi- \u00e9s lelki t\u00e1pl\u00e1l\u00e9kban, vigasztal\u00e1sban volt \u00e9s van r\u00e9sz\u00fcnk. Ez\u00e9rt szeretn\u00fcnk, tiszteln\u00fcnk, \u00a0v\u00e9den\u00fcnk kell.Gyermeki k\u00f6teless\u00e9g, szer\u00e9ny h\u00e1la a sok kapott j\u00f3\u00e9rt. Egy m\u00e1sik, e napot kiemel\u0151 nagyon sz\u00e9p esem\u00e9ny volt a mai napon, Korn\u00e9lia (Nelli) megkeresztel\u00e9se, valamint b\u00e9rm\u00e1l\u00e1sa, aki feln\u0151ttk\u00e9nt \u00e9s \u00e9desanyak\u00e9nt nyerte el a mai napon csal\u00e1dja \u00e9s az eg\u00e9sz k\u00f6z\u00f6ss\u00e9g k\u00f6r\u00e9ben ezeket a szents\u00e9geket. \u0150, akinek nem hagyom\u00e1nyosan, kisgyermekk\u00e9nt adatott lehet\u0151s\u00e9ge e szents\u00e9gek f\u00f6lv\u00e9tel\u00e9re, most, feln\u0151ttk\u00e9nt \u00e9s \u00e9desanyak\u00e9nt j\u00e1rulhatott az els\u0151 szent \u00e1ldoz\u00e1shoz. Tal\u00e1n a Gondvisel\u00e9s is \u00edgy akarta hogy, aki k\u00e9t gyermeknek adott \u00e9letet, ezen a sz\u00e9p napon, az \u00c9desany\u00e1k napj\u00e1n, a Sz\u0171z Anya h\u00f3napj\u00e1ban nyerje el ezeket a sz\u00e1munkra, kereszt\u00e9nyek sz\u00e1m\u00e1ra, sz\u00e9p \u00e9s fontos szents\u00e9geket. Ezen \u00faton sz\u00edvb\u0151l k\u00edv\u00e1nom Nellinek hogy a kereszt\u00e9nys\u00e9g m\u00e9lyen gy\u00f6kerezzen meg sz\u00edv\u00e9ben \u00e9s a Sz\u0171z Anya v\u00e9d\u0151 pal\u00e1stja alatt mindig lelki b\u00e9k\u00e9re \u00e9s oltalomra tal\u00e1ljon. A szentmis\u00e9nek egy gy\u00f6ny\u00f6r\u0171 befejez\u0151 szakaszt adott a gyermekeknek, leend\u0151 ministr\u00e1nsoknak, valamint a pillanatnyilag akt\u00edv ministr\u00e1nsoknak az \u00e9desany\u00e1kat egy-egy verssel val\u00f3 k\u00f6sz\u00f6nt\u00e9se. Ezt&#8230; <\/p>\n<p><a class=\"readmore\" href=\"https:\/\/stuttgarti-katolikusok.de\/?fa_gallery=weingarten-anyak-napja-neli-keresztelese-grillezes\">R\u00e9szletek<\/a><\/p>\n","protected":false},"author":3,"featured_media":9300,"comment_status":"closed","ping_status":"closed","sticky":false,"template":"","format":"standard","meta":{"footnotes":""},"categories":[5,28],"tags":[],"class_list":["post-9218","post","type-post","status-publish","format-standard","has-post-thumbnail","hentry","category-hirek","category-olvasoink-irjak"],"yoast_head":"<!-- This site is optimized with the Yoast SEO plugin v27.3 - https:\/\/yoast.com\/product\/yoast-seo-wordpress\/ -->\n<title>Any\u00e1k napja Weingartenben - Stuttgarti Katolikusok<\/title>\n<meta name=\"robots\" content=\"index, follow, max-snippet:-1, max-image-preview:large, max-video-preview:-1\" \/>\n<link rel=\"canonical\" href=\"https:\/\/stuttgarti-katolikusok.de\/index.php\/anyak-napja-weingartenben\/\" \/>\n<meta property=\"og:locale\" content=\"hu_HU\" \/>\n<meta property=\"og:type\" content=\"article\" \/>\n<meta property=\"og:title\" content=\"Any\u00e1k napja Weingartenben - Stuttgarti Katolikusok\" \/>\n<meta property=\"og:description\" content=\"Any\u00e1k napja 2016. m\u00e1jus 8. &#8211; Weingarten Mit jelent a m\u00e1jusi h\u00f3nap sz\u00e1modra, sz\u00e1momra, mivel tudom ezt a gy\u00f6ny\u00f6r\u0171 h\u00f3napot \u00f6sszef\u00fcgg\u00e9sbe hozni? Tal\u00e1n gondolunk a term\u00e9szet f\u00f6l\u00e9led\u00e9s\u00e9re a hossz\u00fa t\u00e9li napokat, h\u00f3napokat k\u00f6vet\u0151en, avagy gondolunk a gy\u00f6ny\u00f6r\u0171\u00a0sz\u00e9p vir\u00e1gokra, amelyek csod\u00e1latos sz\u00edneikkel olykor elb\u0171v\u00f6lik emberi pillant\u00e1sainkat. Gondolunk tov\u00e1bb\u00e1 a Sz\u0171z Any\u00e1ra, akit nevezhet\u00fcnk a legszebb t\u00f6vis n\u00e9lk\u00fcli r\u00f3zs\u00e1nak. \u0150, aki \u00e9letet adott J\u00e9zusnak, Szent Fi\u00e1nak, aki meghalt \u00e9rt\u00fcnk, hogy hal\u00e1l\u00e1val legy\u0151zze a b\u0171nt, a mi emberi gyarl\u00f3s\u00e1gainkat, \u00e9s ezen kereszt\u00fcl megv\u00e1ltson minket. Tov\u00e1bb\u00e1 eml\u00e9kez\u00fcnk e gy\u00f6ny\u00f6r\u0171 h\u00f3napban az \u00e9desany\u00e1kra, \u00a0\u00e9desany\u00e1nkra, aki \u00e9letet adott nek\u00fcnk, test\u00e9vel v\u00e9dett, oltalmazott, t\u00e1pl\u00e1lt benn\u00fcnket. Ezen gy\u00f6ny\u00f6r\u0171 sz\u00e9p \u00fcnnepet, Any\u00e1k napj\u00e1t, \u00fcnnepelt\u00fck a mai szentmis\u00e9ben is, m\u00e1jus 8-\u00e1n Weingartenben a mi k\u00f6z\u00f6ss\u00e9g\u00fcnkben. M\u00e9lyen elgondolkodtat\u00f3, gy\u00f6ny\u00f6r\u0171 gondolatokat adott \u00e1t nek\u00fcnk Tibor atya a pr\u00e9dik\u00e1ci\u00f3j\u00e1ban, elm\u00e9lked\u00e9s\u00e9ben, hogy mit is kell jelentsen sz\u00e1munkra, minden egyes jelenl\u00e9v\u0151 sz\u00e1m\u00e1ra az \u00e9desanya, akit\u0151l kezdett\u0151l fogva v\u00e9delemeben, testi- \u00e9s lelki t\u00e1pl\u00e1l\u00e9kban, vigasztal\u00e1sban volt \u00e9s van r\u00e9sz\u00fcnk. Ez\u00e9rt szeretn\u00fcnk, tiszteln\u00fcnk, \u00a0v\u00e9den\u00fcnk kell.Gyermeki k\u00f6teless\u00e9g, szer\u00e9ny h\u00e1la a sok kapott j\u00f3\u00e9rt. Egy m\u00e1sik, e napot kiemel\u0151 nagyon sz\u00e9p esem\u00e9ny volt a mai napon, Korn\u00e9lia (Nelli) megkeresztel\u00e9se, valamint b\u00e9rm\u00e1l\u00e1sa, aki feln\u0151ttk\u00e9nt \u00e9s \u00e9desanyak\u00e9nt nyerte el a mai napon csal\u00e1dja \u00e9s az eg\u00e9sz k\u00f6z\u00f6ss\u00e9g k\u00f6r\u00e9ben ezeket a szents\u00e9geket. \u0150, akinek nem hagyom\u00e1nyosan, kisgyermekk\u00e9nt adatott lehet\u0151s\u00e9ge e szents\u00e9gek f\u00f6lv\u00e9tel\u00e9re, most, feln\u0151ttk\u00e9nt \u00e9s \u00e9desanyak\u00e9nt j\u00e1rulhatott az els\u0151 szent \u00e1ldoz\u00e1shoz. Tal\u00e1n a Gondvisel\u00e9s is \u00edgy akarta hogy, aki k\u00e9t gyermeknek adott \u00e9letet, ezen a sz\u00e9p napon, az \u00c9desany\u00e1k napj\u00e1n, a Sz\u0171z Anya h\u00f3napj\u00e1ban nyerje el ezeket a sz\u00e1munkra, kereszt\u00e9nyek sz\u00e1m\u00e1ra, sz\u00e9p \u00e9s fontos szents\u00e9geket. Ezen \u00faton sz\u00edvb\u0151l k\u00edv\u00e1nom Nellinek hogy a kereszt\u00e9nys\u00e9g m\u00e9lyen gy\u00f6kerezzen meg sz\u00edv\u00e9ben \u00e9s a Sz\u0171z Anya v\u00e9d\u0151 pal\u00e1stja alatt mindig lelki b\u00e9k\u00e9re \u00e9s oltalomra tal\u00e1ljon. A szentmis\u00e9nek egy gy\u00f6ny\u00f6r\u0171 befejez\u0151 szakaszt adott a gyermekeknek, leend\u0151 ministr\u00e1nsoknak, valamint a pillanatnyilag akt\u00edv ministr\u00e1nsoknak az \u00e9desany\u00e1kat egy-egy verssel val\u00f3 k\u00f6sz\u00f6nt\u00e9se. Ezt... R\u00e9szletek\" \/>\n<meta property=\"og:url\" content=\"https:\/\/stuttgarti-katolikusok.de\/index.php\/anyak-napja-weingartenben\/\" \/>\n<meta property=\"og:site_name\" content=\"Stuttgarti Katolikusok\" \/>\n<meta property=\"article:published_time\" content=\"2016-05-09T09:06:27+00:00\" \/>\n<meta property=\"article:modified_time\" content=\"2016-05-21T09:36:55+00:00\" \/>\n<meta property=\"og:image\" content=\"https:\/\/stuttgarti-katolikusok.de\/wp-content\/uploads\/2016\/05\/dscf3137.jpg\" \/>\n\t<meta property=\"og:image:width\" content=\"1024\" \/>\n\t<meta property=\"og:image:height\" content=\"577\" \/>\n\t<meta property=\"og:image:type\" content=\"image\/jpeg\" \/>\n<meta name=\"author\" content=\"Tibor atya\" \/>\n<meta name=\"twitter:card\" content=\"summary_large_image\" \/>\n<meta name=\"twitter:label1\" content=\"Szerz\u0151:\" \/>\n\t<meta name=\"twitter:data1\" content=\"Tibor atya\" \/>\n\t<meta name=\"twitter:label2\" content=\"Becs\u00fclt olvas\u00e1si id\u0151\" \/>\n\t<meta name=\"twitter:data2\" content=\"4 perc\" \/>\n<script type=\"application\/ld+json\" class=\"yoast-schema-graph\">{\"@context\":\"https:\\\/\\\/schema.org\",\"@graph\":[{\"@type\":\"Article\",\"@id\":\"https:\\\/\\\/stuttgarti-katolikusok.de\\\/index.php\\\/anyak-napja-weingartenben\\\/#article\",\"isPartOf\":{\"@id\":\"https:\\\/\\\/stuttgarti-katolikusok.de\\\/index.php\\\/anyak-napja-weingartenben\\\/\"},\"author\":{\"name\":\"Tibor atya\",\"@id\":\"https:\\\/\\\/stuttgarti-katolikusok.de\\\/#\\\/schema\\\/person\\\/75908d6f8fdc03a57889d27209df7795\"},\"headline\":\"Any\u00e1k napja Weingartenben\",\"datePublished\":\"2016-05-09T09:06:27+00:00\",\"dateModified\":\"2016-05-21T09:36:55+00:00\",\"mainEntityOfPage\":{\"@id\":\"https:\\\/\\\/stuttgarti-katolikusok.de\\\/index.php\\\/anyak-napja-weingartenben\\\/\"},\"wordCount\":770,\"image\":{\"@id\":\"https:\\\/\\\/stuttgarti-katolikusok.de\\\/index.php\\\/anyak-napja-weingartenben\\\/#primaryimage\"},\"thumbnailUrl\":\"https:\\\/\\\/stuttgarti-katolikusok.de\\\/wp-content\\\/uploads\\\/2016\\\/05\\\/dscf3137.jpg\",\"articleSection\":[\"H\u00edrek\",\"Olvas\u00f3ink \u00edrj\u00e1k\"],\"inLanguage\":\"hu\"},{\"@type\":\"WebPage\",\"@id\":\"https:\\\/\\\/stuttgarti-katolikusok.de\\\/index.php\\\/anyak-napja-weingartenben\\\/\",\"url\":\"https:\\\/\\\/stuttgarti-katolikusok.de\\\/index.php\\\/anyak-napja-weingartenben\\\/\",\"name\":\"Any\u00e1k napja Weingartenben - Stuttgarti Katolikusok\",\"isPartOf\":{\"@id\":\"https:\\\/\\\/stuttgarti-katolikusok.de\\\/#website\"},\"primaryImageOfPage\":{\"@id\":\"https:\\\/\\\/stuttgarti-katolikusok.de\\\/index.php\\\/anyak-napja-weingartenben\\\/#primaryimage\"},\"image\":{\"@id\":\"https:\\\/\\\/stuttgarti-katolikusok.de\\\/index.php\\\/anyak-napja-weingartenben\\\/#primaryimage\"},\"thumbnailUrl\":\"https:\\\/\\\/stuttgarti-katolikusok.de\\\/wp-content\\\/uploads\\\/2016\\\/05\\\/dscf3137.jpg\",\"datePublished\":\"2016-05-09T09:06:27+00:00\",\"dateModified\":\"2016-05-21T09:36:55+00:00\",\"author\":{\"@id\":\"https:\\\/\\\/stuttgarti-katolikusok.de\\\/#\\\/schema\\\/person\\\/75908d6f8fdc03a57889d27209df7795\"},\"breadcrumb\":{\"@id\":\"https:\\\/\\\/stuttgarti-katolikusok.de\\\/index.php\\\/anyak-napja-weingartenben\\\/#breadcrumb\"},\"inLanguage\":\"hu\",\"potentialAction\":[{\"@type\":\"ReadAction\",\"target\":[\"https:\\\/\\\/stuttgarti-katolikusok.de\\\/index.php\\\/anyak-napja-weingartenben\\\/\"]}]},{\"@type\":\"ImageObject\",\"inLanguage\":\"hu\",\"@id\":\"https:\\\/\\\/stuttgarti-katolikusok.de\\\/index.php\\\/anyak-napja-weingartenben\\\/#primaryimage\",\"url\":\"https:\\\/\\\/stuttgarti-katolikusok.de\\\/wp-content\\\/uploads\\\/2016\\\/05\\\/dscf3137.jpg\",\"contentUrl\":\"https:\\\/\\\/stuttgarti-katolikusok.de\\\/wp-content\\\/uploads\\\/2016\\\/05\\\/dscf3137.jpg\",\"width\":1024,\"height\":577},{\"@type\":\"BreadcrumbList\",\"@id\":\"https:\\\/\\\/stuttgarti-katolikusok.de\\\/index.php\\\/anyak-napja-weingartenben\\\/#breadcrumb\",\"itemListElement\":[{\"@type\":\"ListItem\",\"position\":1,\"name\":\"Kezd\u0151lap\",\"item\":\"https:\\\/\\\/stuttgarti-katolikusok.de\\\/\"},{\"@type\":\"ListItem\",\"position\":2,\"name\":\"Any\u00e1k napja Weingartenben\"}]},{\"@type\":\"WebSite\",\"@id\":\"https:\\\/\\\/stuttgarti-katolikusok.de\\\/#website\",\"url\":\"https:\\\/\\\/stuttgarti-katolikusok.de\\\/\",\"name\":\"Stuttgarti Katolikusok\",\"description\":\"\",\"potentialAction\":[{\"@type\":\"SearchAction\",\"target\":{\"@type\":\"EntryPoint\",\"urlTemplate\":\"https:\\\/\\\/stuttgarti-katolikusok.de\\\/?s={search_term_string}\"},\"query-input\":{\"@type\":\"PropertyValueSpecification\",\"valueRequired\":true,\"valueName\":\"search_term_string\"}}],\"inLanguage\":\"hu\"},{\"@type\":\"Person\",\"@id\":\"https:\\\/\\\/stuttgarti-katolikusok.de\\\/#\\\/schema\\\/person\\\/75908d6f8fdc03a57889d27209df7795\",\"name\":\"Tibor atya\",\"image\":{\"@type\":\"ImageObject\",\"inLanguage\":\"hu\",\"@id\":\"https:\\\/\\\/secure.gravatar.com\\\/avatar\\\/61d268e57d1f4525b111222e29d2d5a7f8c420fdbf231ba5566a8ceac74fa960?s=96&d=mm&r=g\",\"url\":\"https:\\\/\\\/secure.gravatar.com\\\/avatar\\\/61d268e57d1f4525b111222e29d2d5a7f8c420fdbf231ba5566a8ceac74fa960?s=96&d=mm&r=g\",\"contentUrl\":\"https:\\\/\\\/secure.gravatar.com\\\/avatar\\\/61d268e57d1f4525b111222e29d2d5a7f8c420fdbf231ba5566a8ceac74fa960?s=96&d=mm&r=g\",\"caption\":\"Tibor atya\"},\"url\":\"https:\\\/\\\/stuttgarti-katolikusok.de\\\/index.php\\\/author\\\/tibor-atya\\\/\"}]}<\/script>\n<!-- \/ Yoast SEO plugin. -->","yoast_head_json":{"title":"Any\u00e1k napja Weingartenben - Stuttgarti Katolikusok","robots":{"index":"index","follow":"follow","max-snippet":"max-snippet:-1","max-image-preview":"max-image-preview:large","max-video-preview":"max-video-preview:-1"},"canonical":"https:\/\/stuttgarti-katolikusok.de\/index.php\/anyak-napja-weingartenben\/","og_locale":"hu_HU","og_type":"article","og_title":"Any\u00e1k napja Weingartenben - Stuttgarti Katolikusok","og_description":"Any\u00e1k napja 2016. m\u00e1jus 8. &#8211; Weingarten Mit jelent a m\u00e1jusi h\u00f3nap sz\u00e1modra, sz\u00e1momra, mivel tudom ezt a gy\u00f6ny\u00f6r\u0171 h\u00f3napot \u00f6sszef\u00fcgg\u00e9sbe hozni? Tal\u00e1n gondolunk a term\u00e9szet f\u00f6l\u00e9led\u00e9s\u00e9re a hossz\u00fa t\u00e9li napokat, h\u00f3napokat k\u00f6vet\u0151en, avagy gondolunk a gy\u00f6ny\u00f6r\u0171\u00a0sz\u00e9p vir\u00e1gokra, amelyek csod\u00e1latos sz\u00edneikkel olykor elb\u0171v\u00f6lik emberi pillant\u00e1sainkat. Gondolunk tov\u00e1bb\u00e1 a Sz\u0171z Any\u00e1ra, akit nevezhet\u00fcnk a legszebb t\u00f6vis n\u00e9lk\u00fcli r\u00f3zs\u00e1nak. \u0150, aki \u00e9letet adott J\u00e9zusnak, Szent Fi\u00e1nak, aki meghalt \u00e9rt\u00fcnk, hogy hal\u00e1l\u00e1val legy\u0151zze a b\u0171nt, a mi emberi gyarl\u00f3s\u00e1gainkat, \u00e9s ezen kereszt\u00fcl megv\u00e1ltson minket. Tov\u00e1bb\u00e1 eml\u00e9kez\u00fcnk e gy\u00f6ny\u00f6r\u0171 h\u00f3napban az \u00e9desany\u00e1kra, \u00a0\u00e9desany\u00e1nkra, aki \u00e9letet adott nek\u00fcnk, test\u00e9vel v\u00e9dett, oltalmazott, t\u00e1pl\u00e1lt benn\u00fcnket. Ezen gy\u00f6ny\u00f6r\u0171 sz\u00e9p \u00fcnnepet, Any\u00e1k napj\u00e1t, \u00fcnnepelt\u00fck a mai szentmis\u00e9ben is, m\u00e1jus 8-\u00e1n Weingartenben a mi k\u00f6z\u00f6ss\u00e9g\u00fcnkben. M\u00e9lyen elgondolkodtat\u00f3, gy\u00f6ny\u00f6r\u0171 gondolatokat adott \u00e1t nek\u00fcnk Tibor atya a pr\u00e9dik\u00e1ci\u00f3j\u00e1ban, elm\u00e9lked\u00e9s\u00e9ben, hogy mit is kell jelentsen sz\u00e1munkra, minden egyes jelenl\u00e9v\u0151 sz\u00e1m\u00e1ra az \u00e9desanya, akit\u0151l kezdett\u0151l fogva v\u00e9delemeben, testi- \u00e9s lelki t\u00e1pl\u00e1l\u00e9kban, vigasztal\u00e1sban volt \u00e9s van r\u00e9sz\u00fcnk. Ez\u00e9rt szeretn\u00fcnk, tiszteln\u00fcnk, \u00a0v\u00e9den\u00fcnk kell.Gyermeki k\u00f6teless\u00e9g, szer\u00e9ny h\u00e1la a sok kapott j\u00f3\u00e9rt. Egy m\u00e1sik, e napot kiemel\u0151 nagyon sz\u00e9p esem\u00e9ny volt a mai napon, Korn\u00e9lia (Nelli) megkeresztel\u00e9se, valamint b\u00e9rm\u00e1l\u00e1sa, aki feln\u0151ttk\u00e9nt \u00e9s \u00e9desanyak\u00e9nt nyerte el a mai napon csal\u00e1dja \u00e9s az eg\u00e9sz k\u00f6z\u00f6ss\u00e9g k\u00f6r\u00e9ben ezeket a szents\u00e9geket. \u0150, akinek nem hagyom\u00e1nyosan, kisgyermekk\u00e9nt adatott lehet\u0151s\u00e9ge e szents\u00e9gek f\u00f6lv\u00e9tel\u00e9re, most, feln\u0151ttk\u00e9nt \u00e9s \u00e9desanyak\u00e9nt j\u00e1rulhatott az els\u0151 szent \u00e1ldoz\u00e1shoz. Tal\u00e1n a Gondvisel\u00e9s is \u00edgy akarta hogy, aki k\u00e9t gyermeknek adott \u00e9letet, ezen a sz\u00e9p napon, az \u00c9desany\u00e1k napj\u00e1n, a Sz\u0171z Anya h\u00f3napj\u00e1ban nyerje el ezeket a sz\u00e1munkra, kereszt\u00e9nyek sz\u00e1m\u00e1ra, sz\u00e9p \u00e9s fontos szents\u00e9geket. Ezen \u00faton sz\u00edvb\u0151l k\u00edv\u00e1nom Nellinek hogy a kereszt\u00e9nys\u00e9g m\u00e9lyen gy\u00f6kerezzen meg sz\u00edv\u00e9ben \u00e9s a Sz\u0171z Anya v\u00e9d\u0151 pal\u00e1stja alatt mindig lelki b\u00e9k\u00e9re \u00e9s oltalomra tal\u00e1ljon. A szentmis\u00e9nek egy gy\u00f6ny\u00f6r\u0171 befejez\u0151 szakaszt adott a gyermekeknek, leend\u0151 ministr\u00e1nsoknak, valamint a pillanatnyilag akt\u00edv ministr\u00e1nsoknak az \u00e9desany\u00e1kat egy-egy verssel val\u00f3 k\u00f6sz\u00f6nt\u00e9se. Ezt... R\u00e9szletek","og_url":"https:\/\/stuttgarti-katolikusok.de\/index.php\/anyak-napja-weingartenben\/","og_site_name":"Stuttgarti Katolikusok","article_published_time":"2016-05-09T09:06:27+00:00","article_modified_time":"2016-05-21T09:36:55+00:00","og_image":[{"width":1024,"height":577,"url":"https:\/\/stuttgarti-katolikusok.de\/wp-content\/uploads\/2016\/05\/dscf3137.jpg","type":"image\/jpeg"}],"author":"Tibor atya","twitter_card":"summary_large_image","twitter_misc":{"Szerz\u0151:":"Tibor atya","Becs\u00fclt olvas\u00e1si id\u0151":"4 perc"},"schema":{"@context":"https:\/\/schema.org","@graph":[{"@type":"Article","@id":"https:\/\/stuttgarti-katolikusok.de\/index.php\/anyak-napja-weingartenben\/#article","isPartOf":{"@id":"https:\/\/stuttgarti-katolikusok.de\/index.php\/anyak-napja-weingartenben\/"},"author":{"name":"Tibor atya","@id":"https:\/\/stuttgarti-katolikusok.de\/#\/schema\/person\/75908d6f8fdc03a57889d27209df7795"},"headline":"Any\u00e1k napja Weingartenben","datePublished":"2016-05-09T09:06:27+00:00","dateModified":"2016-05-21T09:36:55+00:00","mainEntityOfPage":{"@id":"https:\/\/stuttgarti-katolikusok.de\/index.php\/anyak-napja-weingartenben\/"},"wordCount":770,"image":{"@id":"https:\/\/stuttgarti-katolikusok.de\/index.php\/anyak-napja-weingartenben\/#primaryimage"},"thumbnailUrl":"https:\/\/stuttgarti-katolikusok.de\/wp-content\/uploads\/2016\/05\/dscf3137.jpg","articleSection":["H\u00edrek","Olvas\u00f3ink \u00edrj\u00e1k"],"inLanguage":"hu"},{"@type":"WebPage","@id":"https:\/\/stuttgarti-katolikusok.de\/index.php\/anyak-napja-weingartenben\/","url":"https:\/\/stuttgarti-katolikusok.de\/index.php\/anyak-napja-weingartenben\/","name":"Any\u00e1k napja Weingartenben - Stuttgarti Katolikusok","isPartOf":{"@id":"https:\/\/stuttgarti-katolikusok.de\/#website"},"primaryImageOfPage":{"@id":"https:\/\/stuttgarti-katolikusok.de\/index.php\/anyak-napja-weingartenben\/#primaryimage"},"image":{"@id":"https:\/\/stuttgarti-katolikusok.de\/index.php\/anyak-napja-weingartenben\/#primaryimage"},"thumbnailUrl":"https:\/\/stuttgarti-katolikusok.de\/wp-content\/uploads\/2016\/05\/dscf3137.jpg","datePublished":"2016-05-09T09:06:27+00:00","dateModified":"2016-05-21T09:36:55+00:00","author":{"@id":"https:\/\/stuttgarti-katolikusok.de\/#\/schema\/person\/75908d6f8fdc03a57889d27209df7795"},"breadcrumb":{"@id":"https:\/\/stuttgarti-katolikusok.de\/index.php\/anyak-napja-weingartenben\/#breadcrumb"},"inLanguage":"hu","potentialAction":[{"@type":"ReadAction","target":["https:\/\/stuttgarti-katolikusok.de\/index.php\/anyak-napja-weingartenben\/"]}]},{"@type":"ImageObject","inLanguage":"hu","@id":"https:\/\/stuttgarti-katolikusok.de\/index.php\/anyak-napja-weingartenben\/#primaryimage","url":"https:\/\/stuttgarti-katolikusok.de\/wp-content\/uploads\/2016\/05\/dscf3137.jpg","contentUrl":"https:\/\/stuttgarti-katolikusok.de\/wp-content\/uploads\/2016\/05\/dscf3137.jpg","width":1024,"height":577},{"@type":"BreadcrumbList","@id":"https:\/\/stuttgarti-katolikusok.de\/index.php\/anyak-napja-weingartenben\/#breadcrumb","itemListElement":[{"@type":"ListItem","position":1,"name":"Kezd\u0151lap","item":"https:\/\/stuttgarti-katolikusok.de\/"},{"@type":"ListItem","position":2,"name":"Any\u00e1k napja Weingartenben"}]},{"@type":"WebSite","@id":"https:\/\/stuttgarti-katolikusok.de\/#website","url":"https:\/\/stuttgarti-katolikusok.de\/","name":"Stuttgarti Katolikusok","description":"","potentialAction":[{"@type":"SearchAction","target":{"@type":"EntryPoint","urlTemplate":"https:\/\/stuttgarti-katolikusok.de\/?s={search_term_string}"},"query-input":{"@type":"PropertyValueSpecification","valueRequired":true,"valueName":"search_term_string"}}],"inLanguage":"hu"},{"@type":"Person","@id":"https:\/\/stuttgarti-katolikusok.de\/#\/schema\/person\/75908d6f8fdc03a57889d27209df7795","name":"Tibor atya","image":{"@type":"ImageObject","inLanguage":"hu","@id":"https:\/\/secure.gravatar.com\/avatar\/61d268e57d1f4525b111222e29d2d5a7f8c420fdbf231ba5566a8ceac74fa960?s=96&d=mm&r=g","url":"https:\/\/secure.gravatar.com\/avatar\/61d268e57d1f4525b111222e29d2d5a7f8c420fdbf231ba5566a8ceac74fa960?s=96&d=mm&r=g","contentUrl":"https:\/\/secure.gravatar.com\/avatar\/61d268e57d1f4525b111222e29d2d5a7f8c420fdbf231ba5566a8ceac74fa960?s=96&d=mm&r=g","caption":"Tibor atya"},"url":"https:\/\/stuttgarti-katolikusok.de\/index.php\/author\/tibor-atya\/"}]}},"_links":{"self":[{"href":"https:\/\/stuttgarti-katolikusok.de\/index.php\/wp-json\/wp\/v2\/posts\/9218","targetHints":{"allow":["GET"]}}],"collection":[{"href":"https:\/\/stuttgarti-katolikusok.de\/index.php\/wp-json\/wp\/v2\/posts"}],"about":[{"href":"https:\/\/stuttgarti-katolikusok.de\/index.php\/wp-json\/wp\/v2\/types\/post"}],"author":[{"embeddable":true,"href":"https:\/\/stuttgarti-katolikusok.de\/index.php\/wp-json\/wp\/v2\/users\/3"}],"replies":[{"embeddable":true,"href":"https:\/\/stuttgarti-katolikusok.de\/index.php\/wp-json\/wp\/v2\/comments?post=9218"}],"version-history":[{"count":5,"href":"https:\/\/stuttgarti-katolikusok.de\/index.php\/wp-json\/wp\/v2\/posts\/9218\/revisions"}],"predecessor-version":[{"id":9301,"href":"https:\/\/stuttgarti-katolikusok.de\/index.php\/wp-json\/wp\/v2\/posts\/9218\/revisions\/9301"}],"wp:featuredmedia":[{"embeddable":true,"href":"https:\/\/stuttgarti-katolikusok.de\/index.php\/wp-json\/wp\/v2\/media\/9300"}],"wp:attachment":[{"href":"https:\/\/stuttgarti-katolikusok.de\/index.php\/wp-json\/wp\/v2\/media?parent=9218"}],"wp:term":[{"taxonomy":"category","embeddable":true,"href":"https:\/\/stuttgarti-katolikusok.de\/index.php\/wp-json\/wp\/v2\/categories?post=9218"},{"taxonomy":"post_tag","embeddable":true,"href":"https:\/\/stuttgarti-katolikusok.de\/index.php\/wp-json\/wp\/v2\/tags?post=9218"}],"curies":[{"name":"wp","href":"https:\/\/api.w.org\/{rel}","templated":true}]}}