{"id":9214,"date":"2016-05-12T15:01:35","date_gmt":"2016-05-12T15:01:35","guid":{"rendered":"https:\/\/gracious-dewdney.138-201-221-2.plesk.page\/?p=9214"},"modified":"2016-05-12T15:01:35","modified_gmt":"2016-05-12T15:01:35","slug":"egyhazkozsegunk-fennallasanak-69-evforduloja","status":"publish","type":"post","link":"https:\/\/stuttgarti-katolikusok.de\/index.php\/egyhazkozsegunk-fennallasanak-69-evforduloja\/","title":{"rendered":"Egyh\u00e1zk\u00f6zs\u00e9g\u00fcnk fenn\u00e1ll\u00e1s\u00e1nak 69. \u00e9vfordul\u00f3ja"},"content":{"rendered":"<p>+! Kedves H\u00edveink, kedves Bar\u00e1taink!<\/p>\n<p>Egyh\u00e1zk\u00f6zs\u00e9g\u00fcnk &#8211; Isten kegyelm\u00e9b\u0151l \u00e9s el\u0151deink hit\u00fckh\u00f6z val\u00f3 ragaszkod\u00e1s\u00e1b\u00f3l &#8211; m\u00e1jus 13-\u00e1n, p\u00e9nteken \u00fcnnepli fenn\u00e1ll\u00e1s\u00e1nak\u00a069.\u00a0\u00e9vfordul\u00f3j\u00e1t.<\/p>\n<div class=\"text_exposed_show\">\n<p>Az \u00fcnneps\u00e9g 18.00 \u00f3rakor veszi kezdet\u00e9t a templom el\u0151tti t\u00e9ren gy\u00fclekez\u0151vel \u00e9s ismerked\u00e9ssel.<br \/>\n18.30 \u00f3rakor szentmise, majd ut\u00e1na egy kis \u00fcnneps\u00e9g (el\u0151ad\u00e1s).<br \/>\nV\u00e9g\u00fcl, miut\u00e1n Mindszenty b\u00edboros eml\u00e9kszobr\u00e1t megkoszor\u00faztuk, egy kis \u00e1g\u00e1p\u00e9ra h\u00edvjuk vend\u00e9g\u00fcl a megjelenteket.<br \/>\nMott\u00f3nk: &#8222;V\u00e9geredm\u00e9nyben nem az \u00e9let\u00fcnkb\u0151l eltelt \u00e9vek sz\u00e1m\u00edtanak. Hanem az \u00e9vek alatt le\u00e9lt \u00e9let a fontos.&#8221;<br \/>\nSzeretettel v\u00e1runk mindannyi\u00f3tokat! Ha j\u00f6szt\u00f6k, ne feledkezzetek meg arr\u00f3l, hogy sz\u00edvesen fogadunk egy kis harapnival\u00f3t (hidegt\u00e1l, s\u00fcti, stb.) is.<\/p>\n<p>Lelkip\u00e1sztori \u00e9s bar\u00e1ti szeretettel<br \/>\nImre atya \u00e9s Tibor atya<\/p>\n<p>Ungarische Katholische Gemeinde<br \/>\nAlbert-Sch\u00e4ffle-Str. 30<br \/>\n70186 Stuttgart<br \/>\nTel.: 0711-236 91 90<br \/>\nFax: 0711-236 73 93<\/p>\n<\/div>\n","protected":false},"excerpt":{"rendered":"<p>+! Kedves H\u00edveink, kedves Bar\u00e1taink! Egyh\u00e1zk\u00f6zs\u00e9g\u00fcnk &#8211; Isten kegyelm\u00e9b\u0151l \u00e9s el\u0151deink hit\u00fckh\u00f6z val\u00f3 ragaszkod\u00e1s\u00e1b\u00f3l &#8211; m\u00e1jus 13-\u00e1n, p\u00e9nteken \u00fcnnepli fenn\u00e1ll\u00e1s\u00e1nak\u00a069.\u00a0\u00e9vfordul\u00f3j\u00e1t. Az \u00fcnneps\u00e9g 18.00 \u00f3rakor veszi kezdet\u00e9t a templom el\u0151tti t\u00e9ren gy\u00fclekez\u0151vel \u00e9s ismerked\u00e9ssel. 18.30 \u00f3rakor szentmise, majd ut\u00e1na egy kis \u00fcnneps\u00e9g (el\u0151ad\u00e1s). V\u00e9g\u00fcl, miut\u00e1n Mindszenty b\u00edboros eml\u00e9kszobr\u00e1t megkoszor\u00faztuk, egy kis \u00e1g\u00e1p\u00e9ra h\u00edvjuk vend\u00e9g\u00fcl a megjelenteket. Mott\u00f3nk: &#8222;V\u00e9geredm\u00e9nyben nem az \u00e9let\u00fcnkb\u0151l eltelt \u00e9vek sz\u00e1m\u00edtanak. Hanem az \u00e9vek alatt le\u00e9lt \u00e9let a fontos.&#8221; Szeretettel v\u00e1runk mindannyi\u00f3tokat! Ha j\u00f6szt\u00f6k, ne feledkezzetek meg arr\u00f3l, hogy sz\u00edvesen fogadunk egy kis harapnival\u00f3t (hidegt\u00e1l, s\u00fcti, stb.) is. Lelkip\u00e1sztori \u00e9s bar\u00e1ti szeretettel Imre atya \u00e9s Tibor atya Ungarische Katholische Gemeinde Albert-Sch\u00e4ffle-Str. 30 70186 Stuttgart Tel.: 0711-236 91 90 Fax: 0711-236 73 93<\/p>\n","protected":false},"author":3,"featured_media":0,"comment_status":"closed","ping_status":"closed","sticky":false,"template":"","format":"standard","meta":{"footnotes":""},"categories":[5],"tags":[],"class_list":["post-9214","post","type-post","status-publish","format-standard","hentry","category-hirek"],"yoast_head":"<!-- This site is optimized with the Yoast SEO plugin v27.3 - https:\/\/yoast.com\/product\/yoast-seo-wordpress\/ -->\n<title>Egyh\u00e1zk\u00f6zs\u00e9g\u00fcnk fenn\u00e1ll\u00e1s\u00e1nak 69. \u00e9vfordul\u00f3ja - Stuttgarti Katolikusok<\/title>\n<meta name=\"robots\" content=\"index, follow, max-snippet:-1, max-image-preview:large, max-video-preview:-1\" \/>\n<link rel=\"canonical\" href=\"https:\/\/stuttgarti-katolikusok.de\/index.php\/egyhazkozsegunk-fennallasanak-69-evforduloja\/\" \/>\n<meta property=\"og:locale\" content=\"hu_HU\" \/>\n<meta property=\"og:type\" content=\"article\" \/>\n<meta property=\"og:title\" content=\"Egyh\u00e1zk\u00f6zs\u00e9g\u00fcnk fenn\u00e1ll\u00e1s\u00e1nak 69. \u00e9vfordul\u00f3ja - Stuttgarti Katolikusok\" \/>\n<meta property=\"og:description\" content=\"+! Kedves H\u00edveink, kedves Bar\u00e1taink! Egyh\u00e1zk\u00f6zs\u00e9g\u00fcnk &#8211; Isten kegyelm\u00e9b\u0151l \u00e9s el\u0151deink hit\u00fckh\u00f6z val\u00f3 ragaszkod\u00e1s\u00e1b\u00f3l &#8211; m\u00e1jus 13-\u00e1n, p\u00e9nteken \u00fcnnepli fenn\u00e1ll\u00e1s\u00e1nak\u00a069.\u00a0\u00e9vfordul\u00f3j\u00e1t. Az \u00fcnneps\u00e9g 18.00 \u00f3rakor veszi kezdet\u00e9t a templom el\u0151tti t\u00e9ren gy\u00fclekez\u0151vel \u00e9s ismerked\u00e9ssel. 18.30 \u00f3rakor szentmise, majd ut\u00e1na egy kis \u00fcnneps\u00e9g (el\u0151ad\u00e1s). V\u00e9g\u00fcl, miut\u00e1n Mindszenty b\u00edboros eml\u00e9kszobr\u00e1t megkoszor\u00faztuk, egy kis \u00e1g\u00e1p\u00e9ra h\u00edvjuk vend\u00e9g\u00fcl a megjelenteket. Mott\u00f3nk: &#8222;V\u00e9geredm\u00e9nyben nem az \u00e9let\u00fcnkb\u0151l eltelt \u00e9vek sz\u00e1m\u00edtanak. Hanem az \u00e9vek alatt le\u00e9lt \u00e9let a fontos.&#8221; Szeretettel v\u00e1runk mindannyi\u00f3tokat! Ha j\u00f6szt\u00f6k, ne feledkezzetek meg arr\u00f3l, hogy sz\u00edvesen fogadunk egy kis harapnival\u00f3t (hidegt\u00e1l, s\u00fcti, stb.) is. Lelkip\u00e1sztori \u00e9s bar\u00e1ti szeretettel Imre atya \u00e9s Tibor atya Ungarische Katholische Gemeinde Albert-Sch\u00e4ffle-Str. 30 70186 Stuttgart Tel.: 0711-236 91 90 Fax: 0711-236 73 93\" \/>\n<meta property=\"og:url\" content=\"https:\/\/stuttgarti-katolikusok.de\/index.php\/egyhazkozsegunk-fennallasanak-69-evforduloja\/\" \/>\n<meta property=\"og:site_name\" content=\"Stuttgarti Katolikusok\" \/>\n<meta property=\"article:published_time\" content=\"2016-05-12T15:01:35+00:00\" \/>\n<meta name=\"author\" content=\"Tibor atya\" \/>\n<meta name=\"twitter:card\" content=\"summary_large_image\" \/>\n<meta name=\"twitter:label1\" content=\"Szerz\u0151:\" \/>\n\t<meta name=\"twitter:data1\" content=\"Tibor atya\" \/>\n\t<meta name=\"twitter:label2\" content=\"Becs\u00fclt olvas\u00e1si id\u0151\" \/>\n\t<meta name=\"twitter:data2\" content=\"1 perc\" \/>\n<script type=\"application\/ld+json\" class=\"yoast-schema-graph\">{\"@context\":\"https:\\\/\\\/schema.org\",\"@graph\":[{\"@type\":\"Article\",\"@id\":\"https:\\\/\\\/stuttgarti-katolikusok.de\\\/index.php\\\/egyhazkozsegunk-fennallasanak-69-evforduloja\\\/#article\",\"isPartOf\":{\"@id\":\"https:\\\/\\\/stuttgarti-katolikusok.de\\\/index.php\\\/egyhazkozsegunk-fennallasanak-69-evforduloja\\\/\"},\"author\":{\"name\":\"Tibor atya\",\"@id\":\"https:\\\/\\\/stuttgarti-katolikusok.de\\\/#\\\/schema\\\/person\\\/75908d6f8fdc03a57889d27209df7795\"},\"headline\":\"Egyh\u00e1zk\u00f6zs\u00e9g\u00fcnk fenn\u00e1ll\u00e1s\u00e1nak 69. \u00e9vfordul\u00f3ja\",\"datePublished\":\"2016-05-12T15:01:35+00:00\",\"mainEntityOfPage\":{\"@id\":\"https:\\\/\\\/stuttgarti-katolikusok.de\\\/index.php\\\/egyhazkozsegunk-fennallasanak-69-evforduloja\\\/\"},\"wordCount\":182,\"articleSection\":[\"H\u00edrek\"],\"inLanguage\":\"hu\"},{\"@type\":\"WebPage\",\"@id\":\"https:\\\/\\\/stuttgarti-katolikusok.de\\\/index.php\\\/egyhazkozsegunk-fennallasanak-69-evforduloja\\\/\",\"url\":\"https:\\\/\\\/stuttgarti-katolikusok.de\\\/index.php\\\/egyhazkozsegunk-fennallasanak-69-evforduloja\\\/\",\"name\":\"Egyh\u00e1zk\u00f6zs\u00e9g\u00fcnk fenn\u00e1ll\u00e1s\u00e1nak 69. \u00e9vfordul\u00f3ja - Stuttgarti Katolikusok\",\"isPartOf\":{\"@id\":\"https:\\\/\\\/stuttgarti-katolikusok.de\\\/#website\"},\"datePublished\":\"2016-05-12T15:01:35+00:00\",\"author\":{\"@id\":\"https:\\\/\\\/stuttgarti-katolikusok.de\\\/#\\\/schema\\\/person\\\/75908d6f8fdc03a57889d27209df7795\"},\"breadcrumb\":{\"@id\":\"https:\\\/\\\/stuttgarti-katolikusok.de\\\/index.php\\\/egyhazkozsegunk-fennallasanak-69-evforduloja\\\/#breadcrumb\"},\"inLanguage\":\"hu\",\"potentialAction\":[{\"@type\":\"ReadAction\",\"target\":[\"https:\\\/\\\/stuttgarti-katolikusok.de\\\/index.php\\\/egyhazkozsegunk-fennallasanak-69-evforduloja\\\/\"]}]},{\"@type\":\"BreadcrumbList\",\"@id\":\"https:\\\/\\\/stuttgarti-katolikusok.de\\\/index.php\\\/egyhazkozsegunk-fennallasanak-69-evforduloja\\\/#breadcrumb\",\"itemListElement\":[{\"@type\":\"ListItem\",\"position\":1,\"name\":\"Kezd\u0151lap\",\"item\":\"https:\\\/\\\/stuttgarti-katolikusok.de\\\/\"},{\"@type\":\"ListItem\",\"position\":2,\"name\":\"Egyh\u00e1zk\u00f6zs\u00e9g\u00fcnk fenn\u00e1ll\u00e1s\u00e1nak 69. \u00e9vfordul\u00f3ja\"}]},{\"@type\":\"WebSite\",\"@id\":\"https:\\\/\\\/stuttgarti-katolikusok.de\\\/#website\",\"url\":\"https:\\\/\\\/stuttgarti-katolikusok.de\\\/\",\"name\":\"Stuttgarti Katolikusok\",\"description\":\"\",\"potentialAction\":[{\"@type\":\"SearchAction\",\"target\":{\"@type\":\"EntryPoint\",\"urlTemplate\":\"https:\\\/\\\/stuttgarti-katolikusok.de\\\/?s={search_term_string}\"},\"query-input\":{\"@type\":\"PropertyValueSpecification\",\"valueRequired\":true,\"valueName\":\"search_term_string\"}}],\"inLanguage\":\"hu\"},{\"@type\":\"Person\",\"@id\":\"https:\\\/\\\/stuttgarti-katolikusok.de\\\/#\\\/schema\\\/person\\\/75908d6f8fdc03a57889d27209df7795\",\"name\":\"Tibor atya\",\"image\":{\"@type\":\"ImageObject\",\"inLanguage\":\"hu\",\"@id\":\"https:\\\/\\\/secure.gravatar.com\\\/avatar\\\/61d268e57d1f4525b111222e29d2d5a7f8c420fdbf231ba5566a8ceac74fa960?s=96&d=mm&r=g\",\"url\":\"https:\\\/\\\/secure.gravatar.com\\\/avatar\\\/61d268e57d1f4525b111222e29d2d5a7f8c420fdbf231ba5566a8ceac74fa960?s=96&d=mm&r=g\",\"contentUrl\":\"https:\\\/\\\/secure.gravatar.com\\\/avatar\\\/61d268e57d1f4525b111222e29d2d5a7f8c420fdbf231ba5566a8ceac74fa960?s=96&d=mm&r=g\",\"caption\":\"Tibor atya\"},\"url\":\"https:\\\/\\\/stuttgarti-katolikusok.de\\\/index.php\\\/author\\\/tibor-atya\\\/\"}]}<\/script>\n<!-- \/ Yoast SEO plugin. -->","yoast_head_json":{"title":"Egyh\u00e1zk\u00f6zs\u00e9g\u00fcnk fenn\u00e1ll\u00e1s\u00e1nak 69. \u00e9vfordul\u00f3ja - Stuttgarti Katolikusok","robots":{"index":"index","follow":"follow","max-snippet":"max-snippet:-1","max-image-preview":"max-image-preview:large","max-video-preview":"max-video-preview:-1"},"canonical":"https:\/\/stuttgarti-katolikusok.de\/index.php\/egyhazkozsegunk-fennallasanak-69-evforduloja\/","og_locale":"hu_HU","og_type":"article","og_title":"Egyh\u00e1zk\u00f6zs\u00e9g\u00fcnk fenn\u00e1ll\u00e1s\u00e1nak 69. \u00e9vfordul\u00f3ja - Stuttgarti Katolikusok","og_description":"+! Kedves H\u00edveink, kedves Bar\u00e1taink! Egyh\u00e1zk\u00f6zs\u00e9g\u00fcnk &#8211; Isten kegyelm\u00e9b\u0151l \u00e9s el\u0151deink hit\u00fckh\u00f6z val\u00f3 ragaszkod\u00e1s\u00e1b\u00f3l &#8211; m\u00e1jus 13-\u00e1n, p\u00e9nteken \u00fcnnepli fenn\u00e1ll\u00e1s\u00e1nak\u00a069.\u00a0\u00e9vfordul\u00f3j\u00e1t. Az \u00fcnneps\u00e9g 18.00 \u00f3rakor veszi kezdet\u00e9t a templom el\u0151tti t\u00e9ren gy\u00fclekez\u0151vel \u00e9s ismerked\u00e9ssel. 18.30 \u00f3rakor szentmise, majd ut\u00e1na egy kis \u00fcnneps\u00e9g (el\u0151ad\u00e1s). V\u00e9g\u00fcl, miut\u00e1n Mindszenty b\u00edboros eml\u00e9kszobr\u00e1t megkoszor\u00faztuk, egy kis \u00e1g\u00e1p\u00e9ra h\u00edvjuk vend\u00e9g\u00fcl a megjelenteket. Mott\u00f3nk: &#8222;V\u00e9geredm\u00e9nyben nem az \u00e9let\u00fcnkb\u0151l eltelt \u00e9vek sz\u00e1m\u00edtanak. Hanem az \u00e9vek alatt le\u00e9lt \u00e9let a fontos.&#8221; Szeretettel v\u00e1runk mindannyi\u00f3tokat! Ha j\u00f6szt\u00f6k, ne feledkezzetek meg arr\u00f3l, hogy sz\u00edvesen fogadunk egy kis harapnival\u00f3t (hidegt\u00e1l, s\u00fcti, stb.) is. Lelkip\u00e1sztori \u00e9s bar\u00e1ti szeretettel Imre atya \u00e9s Tibor atya Ungarische Katholische Gemeinde Albert-Sch\u00e4ffle-Str. 30 70186 Stuttgart Tel.: 0711-236 91 90 Fax: 0711-236 73 93","og_url":"https:\/\/stuttgarti-katolikusok.de\/index.php\/egyhazkozsegunk-fennallasanak-69-evforduloja\/","og_site_name":"Stuttgarti Katolikusok","article_published_time":"2016-05-12T15:01:35+00:00","author":"Tibor atya","twitter_card":"summary_large_image","twitter_misc":{"Szerz\u0151:":"Tibor atya","Becs\u00fclt olvas\u00e1si id\u0151":"1 perc"},"schema":{"@context":"https:\/\/schema.org","@graph":[{"@type":"Article","@id":"https:\/\/stuttgarti-katolikusok.de\/index.php\/egyhazkozsegunk-fennallasanak-69-evforduloja\/#article","isPartOf":{"@id":"https:\/\/stuttgarti-katolikusok.de\/index.php\/egyhazkozsegunk-fennallasanak-69-evforduloja\/"},"author":{"name":"Tibor atya","@id":"https:\/\/stuttgarti-katolikusok.de\/#\/schema\/person\/75908d6f8fdc03a57889d27209df7795"},"headline":"Egyh\u00e1zk\u00f6zs\u00e9g\u00fcnk fenn\u00e1ll\u00e1s\u00e1nak 69. \u00e9vfordul\u00f3ja","datePublished":"2016-05-12T15:01:35+00:00","mainEntityOfPage":{"@id":"https:\/\/stuttgarti-katolikusok.de\/index.php\/egyhazkozsegunk-fennallasanak-69-evforduloja\/"},"wordCount":182,"articleSection":["H\u00edrek"],"inLanguage":"hu"},{"@type":"WebPage","@id":"https:\/\/stuttgarti-katolikusok.de\/index.php\/egyhazkozsegunk-fennallasanak-69-evforduloja\/","url":"https:\/\/stuttgarti-katolikusok.de\/index.php\/egyhazkozsegunk-fennallasanak-69-evforduloja\/","name":"Egyh\u00e1zk\u00f6zs\u00e9g\u00fcnk fenn\u00e1ll\u00e1s\u00e1nak 69. \u00e9vfordul\u00f3ja - Stuttgarti Katolikusok","isPartOf":{"@id":"https:\/\/stuttgarti-katolikusok.de\/#website"},"datePublished":"2016-05-12T15:01:35+00:00","author":{"@id":"https:\/\/stuttgarti-katolikusok.de\/#\/schema\/person\/75908d6f8fdc03a57889d27209df7795"},"breadcrumb":{"@id":"https:\/\/stuttgarti-katolikusok.de\/index.php\/egyhazkozsegunk-fennallasanak-69-evforduloja\/#breadcrumb"},"inLanguage":"hu","potentialAction":[{"@type":"ReadAction","target":["https:\/\/stuttgarti-katolikusok.de\/index.php\/egyhazkozsegunk-fennallasanak-69-evforduloja\/"]}]},{"@type":"BreadcrumbList","@id":"https:\/\/stuttgarti-katolikusok.de\/index.php\/egyhazkozsegunk-fennallasanak-69-evforduloja\/#breadcrumb","itemListElement":[{"@type":"ListItem","position":1,"name":"Kezd\u0151lap","item":"https:\/\/stuttgarti-katolikusok.de\/"},{"@type":"ListItem","position":2,"name":"Egyh\u00e1zk\u00f6zs\u00e9g\u00fcnk fenn\u00e1ll\u00e1s\u00e1nak 69. \u00e9vfordul\u00f3ja"}]},{"@type":"WebSite","@id":"https:\/\/stuttgarti-katolikusok.de\/#website","url":"https:\/\/stuttgarti-katolikusok.de\/","name":"Stuttgarti Katolikusok","description":"","potentialAction":[{"@type":"SearchAction","target":{"@type":"EntryPoint","urlTemplate":"https:\/\/stuttgarti-katolikusok.de\/?s={search_term_string}"},"query-input":{"@type":"PropertyValueSpecification","valueRequired":true,"valueName":"search_term_string"}}],"inLanguage":"hu"},{"@type":"Person","@id":"https:\/\/stuttgarti-katolikusok.de\/#\/schema\/person\/75908d6f8fdc03a57889d27209df7795","name":"Tibor atya","image":{"@type":"ImageObject","inLanguage":"hu","@id":"https:\/\/secure.gravatar.com\/avatar\/61d268e57d1f4525b111222e29d2d5a7f8c420fdbf231ba5566a8ceac74fa960?s=96&d=mm&r=g","url":"https:\/\/secure.gravatar.com\/avatar\/61d268e57d1f4525b111222e29d2d5a7f8c420fdbf231ba5566a8ceac74fa960?s=96&d=mm&r=g","contentUrl":"https:\/\/secure.gravatar.com\/avatar\/61d268e57d1f4525b111222e29d2d5a7f8c420fdbf231ba5566a8ceac74fa960?s=96&d=mm&r=g","caption":"Tibor atya"},"url":"https:\/\/stuttgarti-katolikusok.de\/index.php\/author\/tibor-atya\/"}]}},"_links":{"self":[{"href":"https:\/\/stuttgarti-katolikusok.de\/index.php\/wp-json\/wp\/v2\/posts\/9214","targetHints":{"allow":["GET"]}}],"collection":[{"href":"https:\/\/stuttgarti-katolikusok.de\/index.php\/wp-json\/wp\/v2\/posts"}],"about":[{"href":"https:\/\/stuttgarti-katolikusok.de\/index.php\/wp-json\/wp\/v2\/types\/post"}],"author":[{"embeddable":true,"href":"https:\/\/stuttgarti-katolikusok.de\/index.php\/wp-json\/wp\/v2\/users\/3"}],"replies":[{"embeddable":true,"href":"https:\/\/stuttgarti-katolikusok.de\/index.php\/wp-json\/wp\/v2\/comments?post=9214"}],"version-history":[{"count":1,"href":"https:\/\/stuttgarti-katolikusok.de\/index.php\/wp-json\/wp\/v2\/posts\/9214\/revisions"}],"predecessor-version":[{"id":9216,"href":"https:\/\/stuttgarti-katolikusok.de\/index.php\/wp-json\/wp\/v2\/posts\/9214\/revisions\/9216"}],"wp:attachment":[{"href":"https:\/\/stuttgarti-katolikusok.de\/index.php\/wp-json\/wp\/v2\/media?parent=9214"}],"wp:term":[{"taxonomy":"category","embeddable":true,"href":"https:\/\/stuttgarti-katolikusok.de\/index.php\/wp-json\/wp\/v2\/categories?post=9214"},{"taxonomy":"post_tag","embeddable":true,"href":"https:\/\/stuttgarti-katolikusok.de\/index.php\/wp-json\/wp\/v2\/tags?post=9214"}],"curies":[{"name":"wp","href":"https:\/\/api.w.org\/{rel}","templated":true}]}}