{"id":9208,"date":"2016-05-08T22:43:51","date_gmt":"2016-05-08T22:43:51","guid":{"rendered":"https:\/\/gracious-dewdney.138-201-221-2.plesk.page\/?p=9208"},"modified":"2020-04-27T16:03:33","modified_gmt":"2020-04-27T16:03:33","slug":"programelozetes-majus-9-es-15-kozott","status":"publish","type":"post","link":"https:\/\/stuttgarti-katolikusok.de\/index.php\/programelozetes-majus-9-es-15-kozott\/","title":{"rendered":"Programel\u0151zetes m\u00e1jus 9 \u00e9s 15 k\u00f6z\u00f6tt"},"content":{"rendered":"<p><strong>Programel\u0151zetes<\/strong><\/p>\n<p><strong>M\u00e1jus 12-\u00e9n, <\/strong>cs\u00fct\u00f6rt\u00f6k\u00f6n, <strong>Ulmban <\/strong>17.30 \u00f3rakor szentmise, el\u0151tte gy\u00f3ntat\u00e1s, szentmise v\u00e9gezt\u00e9vel <em>Besz\u00e9lget\u00e9s a Bibli\u00e1r\u00f3l (Kivonul\u00e1s K\u00f6nyve).<\/em> Mindenkit szeretettel v\u00e1r Tibor atya!<\/p>\n<p>*<\/p>\n<p><strong>M\u00e1jus 13-\u00e1n, <\/strong>p\u00e9nteken, <strong>Stuttgartban <\/strong>15.30 \u00f3rakor <em>Bar\u00e1ts\u00e1gklub<\/em>. Minden kellemes t\u00e1rsas\u00e1gra v\u00e1gy\u00f3 \u00e9rdekl\u0151d\u0151t szeretettel v\u00e1r a Tags\u00e1g \u00e9s Imre atya!<\/p>\n<p>17.45 \u00f3rakor <em>m\u00e1jusi-\u00e1jtatoss\u00e1g<\/em><strong>, <\/strong>ut\u00e1na esti <em>h\u00e1laad\u00f3 szentmise <\/em><strong>Egyh\u00e1zk\u00f6zs\u00e9g\u00fcnk alap\u00edt\u00e1s\u00e1nak 69. \u00e9vfordul\u00f3ja<\/strong> alkalm\u00e1b\u00f3l. Ut\u00e1na kis \u00fcnneps\u00e9g, majd \u00e1g\u00e1p\u00e9. Mindenkit szeretettel v\u00e1r a k\u00f6z\u00f6ss\u00e9g, Tibor atya \u00e9s Imre atya!<\/p>\n<p><strong>Weingartenben<\/strong> a szentmise \u00e9s a Bibliak\u00f6r ELMARAD! Tibor atya vel\u00fcnk \u00fcnnepel Stuttgartban!<\/p>\n<p>*<\/p>\n<p><strong>M\u00e1jus 14-\u00e9n, <\/strong>szombaton 17.00 \u00f3rakor Friedrichshafenben szentmise. El\u0151tte gy\u00f3ntat\u00e1s, ut\u00e1na <em>\u00e1g\u00e1p\u00e9<\/em>. Mindenkit szeretettel v\u00e1r\u00a0 a k\u00f6z\u00f6ss\u00e9g \u00e9s Tibor atya!<\/p>\n<p>*<\/p>\n<p><strong>M\u00e1jus 15-\u00e9n, <\/strong>P\u00fcnk\u00f6sdvas\u00e1rnap, 9.00 \u00f3rakor <strong>Weingartenben <\/strong>szentmise. Mindenkit szeretettel v\u00e1r a k\u00f6z\u00f6ss\u00e9g \u00e9s Tibor atya<\/p>\n<p>9.30 \u00f3rakor <strong>Ludwigsburgban<\/strong> szentmise, ut\u00e1na <em>\u00e1g\u00e1p\u00e9<\/em>. Mindenkit szeretettel v\u00e1r a k\u00f6z\u00f6ss\u00e9g \u00e9s Imre atya!<\/p>\n<p>12.00 \u00f3rakor <strong>Stuttgartban<\/strong> szentmise. Ut\u00e1na <em>zar\u00e1ndoktal\u00e1lkoz\u00f3<\/em> a K\u00f6z\u00f6ss\u00e9gi Teremben! Mindenkit szeretettel v\u00e1r a k\u00f6z\u00f6ss\u00e9g \u00e9s Imre atya!<\/p>\n<p><em>\u201eEgym\u00e1st ismerni nem azt jelenti, hogy mindent tudunk egym\u00e1sr\u00f3l. Hanem azt, hogy szeretettel \u00e9s bizalommal vagyunk egym\u00e1s ir\u00e1nt, \u00e9s hisz\u00fcnk egym\u00e1snak.\u201d <\/em><strong>(Albert Schweitzer \u2013 1875-1965 \u2013 sv\u00e1jci orvos, filoz\u00f3fus \u00e9s teol\u00f3gus)<\/strong><\/p>\n<p><strong><em>Sz\u00e9p napokat, j\u00f3 munk\u00e1t, tartalmas besz\u00e9lget\u00e9seket \u00e9s kellemes tal\u00e1lkoz\u00e1sokat k\u00edv\u00e1nunk minden kedves H\u00edv\u00fcnknek!<\/em><\/strong><\/p>\n","protected":false},"excerpt":{"rendered":"<p>Programel\u0151zetes M\u00e1jus 12-\u00e9n, cs\u00fct\u00f6rt\u00f6k\u00f6n, Ulmban 17.30 \u00f3rakor szentmise, el\u0151tte gy\u00f3ntat\u00e1s, szentmise v\u00e9gezt\u00e9vel Besz\u00e9lget\u00e9s a Bibli\u00e1r\u00f3l (Kivonul\u00e1s K\u00f6nyve). Mindenkit szeretettel v\u00e1r Tibor atya! * M\u00e1jus 13-\u00e1n, p\u00e9nteken, Stuttgartban 15.30 \u00f3rakor Bar\u00e1ts\u00e1gklub. Minden kellemes t\u00e1rsas\u00e1gra v\u00e1gy\u00f3 \u00e9rdekl\u0151d\u0151t szeretettel v\u00e1r a Tags\u00e1g \u00e9s Imre atya! 17.45 \u00f3rakor m\u00e1jusi-\u00e1jtatoss\u00e1g, ut\u00e1na esti h\u00e1laad\u00f3 szentmise Egyh\u00e1zk\u00f6zs\u00e9g\u00fcnk alap\u00edt\u00e1s\u00e1nak 69. \u00e9vfordul\u00f3ja alkalm\u00e1b\u00f3l. Ut\u00e1na kis \u00fcnneps\u00e9g, majd \u00e1g\u00e1p\u00e9. Mindenkit szeretettel v\u00e1r a k\u00f6z\u00f6ss\u00e9g, Tibor atya \u00e9s Imre atya! Weingartenben a szentmise \u00e9s a Bibliak\u00f6r ELMARAD! Tibor atya vel\u00fcnk \u00fcnnepel Stuttgartban! * M\u00e1jus 14-\u00e9n, szombaton 17.00 \u00f3rakor Friedrichshafenben szentmise. El\u0151tte gy\u00f3ntat\u00e1s, ut\u00e1na \u00e1g\u00e1p\u00e9. Mindenkit szeretettel v\u00e1r\u00a0 a k\u00f6z\u00f6ss\u00e9g \u00e9s Tibor atya! * M\u00e1jus 15-\u00e9n, P\u00fcnk\u00f6sdvas\u00e1rnap, 9.00 \u00f3rakor Weingartenben szentmise. Mindenkit szeretettel v\u00e1r a k\u00f6z\u00f6ss\u00e9g \u00e9s Tibor atya 9.30 \u00f3rakor Ludwigsburgban szentmise, ut\u00e1na \u00e1g\u00e1p\u00e9. Mindenkit szeretettel v\u00e1r a k\u00f6z\u00f6ss\u00e9g \u00e9s Imre atya! 12.00 \u00f3rakor Stuttgartban szentmise. Ut\u00e1na zar\u00e1ndoktal\u00e1lkoz\u00f3 a K\u00f6z\u00f6ss\u00e9gi Teremben! Mindenkit szeretettel v\u00e1r a k\u00f6z\u00f6ss\u00e9g \u00e9s Imre atya! \u201eEgym\u00e1st ismerni nem azt jelenti, hogy mindent tudunk egym\u00e1sr\u00f3l. Hanem azt, hogy szeretettel \u00e9s bizalommal vagyunk egym\u00e1s ir\u00e1nt, \u00e9s hisz\u00fcnk egym\u00e1snak.\u201d (Albert Schweitzer \u2013 1875-1965 \u2013 sv\u00e1jci orvos, filoz\u00f3fus \u00e9s teol\u00f3gus) Sz\u00e9p napokat, j\u00f3 munk\u00e1t, tartalmas besz\u00e9lget\u00e9seket \u00e9s kellemes tal\u00e1lkoz\u00e1sokat k\u00edv\u00e1nunk minden kedves H\u00edv\u00fcnknek!<\/p>\n","protected":false},"author":3,"featured_media":0,"comment_status":"closed","ping_status":"closed","sticky":false,"template":"","format":"standard","meta":{"footnotes":""},"categories":[37],"tags":[],"class_list":["post-9208","post","type-post","status-publish","format-standard","hentry","category-progamelozetes"],"yoast_head":"<!-- This site is optimized with the Yoast SEO plugin v27.3 - https:\/\/yoast.com\/product\/yoast-seo-wordpress\/ -->\n<title>Programel\u0151zetes m\u00e1jus 9 \u00e9s 15 k\u00f6z\u00f6tt - Stuttgarti Katolikusok<\/title>\n<meta name=\"robots\" content=\"index, follow, max-snippet:-1, max-image-preview:large, max-video-preview:-1\" \/>\n<link rel=\"canonical\" href=\"https:\/\/stuttgarti-katolikusok.de\/index.php\/programelozetes-majus-9-es-15-kozott\/\" \/>\n<meta property=\"og:locale\" content=\"hu_HU\" \/>\n<meta property=\"og:type\" content=\"article\" \/>\n<meta property=\"og:title\" content=\"Programel\u0151zetes m\u00e1jus 9 \u00e9s 15 k\u00f6z\u00f6tt - Stuttgarti Katolikusok\" \/>\n<meta property=\"og:description\" content=\"Programel\u0151zetes M\u00e1jus 12-\u00e9n, cs\u00fct\u00f6rt\u00f6k\u00f6n, Ulmban 17.30 \u00f3rakor szentmise, el\u0151tte gy\u00f3ntat\u00e1s, szentmise v\u00e9gezt\u00e9vel Besz\u00e9lget\u00e9s a Bibli\u00e1r\u00f3l (Kivonul\u00e1s K\u00f6nyve). Mindenkit szeretettel v\u00e1r Tibor atya! * M\u00e1jus 13-\u00e1n, p\u00e9nteken, Stuttgartban 15.30 \u00f3rakor Bar\u00e1ts\u00e1gklub. Minden kellemes t\u00e1rsas\u00e1gra v\u00e1gy\u00f3 \u00e9rdekl\u0151d\u0151t szeretettel v\u00e1r a Tags\u00e1g \u00e9s Imre atya! 17.45 \u00f3rakor m\u00e1jusi-\u00e1jtatoss\u00e1g, ut\u00e1na esti h\u00e1laad\u00f3 szentmise Egyh\u00e1zk\u00f6zs\u00e9g\u00fcnk alap\u00edt\u00e1s\u00e1nak 69. \u00e9vfordul\u00f3ja alkalm\u00e1b\u00f3l. Ut\u00e1na kis \u00fcnneps\u00e9g, majd \u00e1g\u00e1p\u00e9. Mindenkit szeretettel v\u00e1r a k\u00f6z\u00f6ss\u00e9g, Tibor atya \u00e9s Imre atya! Weingartenben a szentmise \u00e9s a Bibliak\u00f6r ELMARAD! Tibor atya vel\u00fcnk \u00fcnnepel Stuttgartban! * M\u00e1jus 14-\u00e9n, szombaton 17.00 \u00f3rakor Friedrichshafenben szentmise. El\u0151tte gy\u00f3ntat\u00e1s, ut\u00e1na \u00e1g\u00e1p\u00e9. Mindenkit szeretettel v\u00e1r\u00a0 a k\u00f6z\u00f6ss\u00e9g \u00e9s Tibor atya! * M\u00e1jus 15-\u00e9n, P\u00fcnk\u00f6sdvas\u00e1rnap, 9.00 \u00f3rakor Weingartenben szentmise. Mindenkit szeretettel v\u00e1r a k\u00f6z\u00f6ss\u00e9g \u00e9s Tibor atya 9.30 \u00f3rakor Ludwigsburgban szentmise, ut\u00e1na \u00e1g\u00e1p\u00e9. Mindenkit szeretettel v\u00e1r a k\u00f6z\u00f6ss\u00e9g \u00e9s Imre atya! 12.00 \u00f3rakor Stuttgartban szentmise. Ut\u00e1na zar\u00e1ndoktal\u00e1lkoz\u00f3 a K\u00f6z\u00f6ss\u00e9gi Teremben! Mindenkit szeretettel v\u00e1r a k\u00f6z\u00f6ss\u00e9g \u00e9s Imre atya! \u201eEgym\u00e1st ismerni nem azt jelenti, hogy mindent tudunk egym\u00e1sr\u00f3l. Hanem azt, hogy szeretettel \u00e9s bizalommal vagyunk egym\u00e1s ir\u00e1nt, \u00e9s hisz\u00fcnk egym\u00e1snak.\u201d (Albert Schweitzer \u2013 1875-1965 \u2013 sv\u00e1jci orvos, filoz\u00f3fus \u00e9s teol\u00f3gus) Sz\u00e9p napokat, j\u00f3 munk\u00e1t, tartalmas besz\u00e9lget\u00e9seket \u00e9s kellemes tal\u00e1lkoz\u00e1sokat k\u00edv\u00e1nunk minden kedves H\u00edv\u00fcnknek!\" \/>\n<meta property=\"og:url\" content=\"https:\/\/stuttgarti-katolikusok.de\/index.php\/programelozetes-majus-9-es-15-kozott\/\" \/>\n<meta property=\"og:site_name\" content=\"Stuttgarti Katolikusok\" \/>\n<meta property=\"article:published_time\" content=\"2016-05-08T22:43:51+00:00\" \/>\n<meta property=\"article:modified_time\" content=\"2020-04-27T16:03:33+00:00\" \/>\n<meta name=\"author\" content=\"Tibor atya\" \/>\n<meta name=\"twitter:card\" content=\"summary_large_image\" \/>\n<meta name=\"twitter:label1\" content=\"Szerz\u0151:\" \/>\n\t<meta name=\"twitter:data1\" content=\"Tibor atya\" \/>\n\t<meta name=\"twitter:label2\" content=\"Becs\u00fclt olvas\u00e1si id\u0151\" \/>\n\t<meta name=\"twitter:data2\" content=\"1 perc\" \/>\n<script type=\"application\/ld+json\" class=\"yoast-schema-graph\">{\"@context\":\"https:\\\/\\\/schema.org\",\"@graph\":[{\"@type\":\"Article\",\"@id\":\"https:\\\/\\\/stuttgarti-katolikusok.de\\\/index.php\\\/programelozetes-majus-9-es-15-kozott\\\/#article\",\"isPartOf\":{\"@id\":\"https:\\\/\\\/stuttgarti-katolikusok.de\\\/index.php\\\/programelozetes-majus-9-es-15-kozott\\\/\"},\"author\":{\"name\":\"Tibor atya\",\"@id\":\"https:\\\/\\\/stuttgarti-katolikusok.de\\\/#\\\/schema\\\/person\\\/75908d6f8fdc03a57889d27209df7795\"},\"headline\":\"Programel\u0151zetes m\u00e1jus 9 \u00e9s 15 k\u00f6z\u00f6tt\",\"datePublished\":\"2016-05-08T22:43:51+00:00\",\"dateModified\":\"2020-04-27T16:03:33+00:00\",\"mainEntityOfPage\":{\"@id\":\"https:\\\/\\\/stuttgarti-katolikusok.de\\\/index.php\\\/programelozetes-majus-9-es-15-kozott\\\/\"},\"wordCount\":298,\"articleSection\":[\"Progamel\u0151zetes\"],\"inLanguage\":\"hu\"},{\"@type\":\"WebPage\",\"@id\":\"https:\\\/\\\/stuttgarti-katolikusok.de\\\/index.php\\\/programelozetes-majus-9-es-15-kozott\\\/\",\"url\":\"https:\\\/\\\/stuttgarti-katolikusok.de\\\/index.php\\\/programelozetes-majus-9-es-15-kozott\\\/\",\"name\":\"Programel\u0151zetes m\u00e1jus 9 \u00e9s 15 k\u00f6z\u00f6tt - Stuttgarti Katolikusok\",\"isPartOf\":{\"@id\":\"https:\\\/\\\/stuttgarti-katolikusok.de\\\/#website\"},\"datePublished\":\"2016-05-08T22:43:51+00:00\",\"dateModified\":\"2020-04-27T16:03:33+00:00\",\"author\":{\"@id\":\"https:\\\/\\\/stuttgarti-katolikusok.de\\\/#\\\/schema\\\/person\\\/75908d6f8fdc03a57889d27209df7795\"},\"breadcrumb\":{\"@id\":\"https:\\\/\\\/stuttgarti-katolikusok.de\\\/index.php\\\/programelozetes-majus-9-es-15-kozott\\\/#breadcrumb\"},\"inLanguage\":\"hu\",\"potentialAction\":[{\"@type\":\"ReadAction\",\"target\":[\"https:\\\/\\\/stuttgarti-katolikusok.de\\\/index.php\\\/programelozetes-majus-9-es-15-kozott\\\/\"]}]},{\"@type\":\"BreadcrumbList\",\"@id\":\"https:\\\/\\\/stuttgarti-katolikusok.de\\\/index.php\\\/programelozetes-majus-9-es-15-kozott\\\/#breadcrumb\",\"itemListElement\":[{\"@type\":\"ListItem\",\"position\":1,\"name\":\"Kezd\u0151lap\",\"item\":\"https:\\\/\\\/stuttgarti-katolikusok.de\\\/\"},{\"@type\":\"ListItem\",\"position\":2,\"name\":\"Programel\u0151zetes m\u00e1jus 9 \u00e9s 15 k\u00f6z\u00f6tt\"}]},{\"@type\":\"WebSite\",\"@id\":\"https:\\\/\\\/stuttgarti-katolikusok.de\\\/#website\",\"url\":\"https:\\\/\\\/stuttgarti-katolikusok.de\\\/\",\"name\":\"Stuttgarti Katolikusok\",\"description\":\"\",\"potentialAction\":[{\"@type\":\"SearchAction\",\"target\":{\"@type\":\"EntryPoint\",\"urlTemplate\":\"https:\\\/\\\/stuttgarti-katolikusok.de\\\/?s={search_term_string}\"},\"query-input\":{\"@type\":\"PropertyValueSpecification\",\"valueRequired\":true,\"valueName\":\"search_term_string\"}}],\"inLanguage\":\"hu\"},{\"@type\":\"Person\",\"@id\":\"https:\\\/\\\/stuttgarti-katolikusok.de\\\/#\\\/schema\\\/person\\\/75908d6f8fdc03a57889d27209df7795\",\"name\":\"Tibor atya\",\"image\":{\"@type\":\"ImageObject\",\"inLanguage\":\"hu\",\"@id\":\"https:\\\/\\\/secure.gravatar.com\\\/avatar\\\/61d268e57d1f4525b111222e29d2d5a7f8c420fdbf231ba5566a8ceac74fa960?s=96&d=mm&r=g\",\"url\":\"https:\\\/\\\/secure.gravatar.com\\\/avatar\\\/61d268e57d1f4525b111222e29d2d5a7f8c420fdbf231ba5566a8ceac74fa960?s=96&d=mm&r=g\",\"contentUrl\":\"https:\\\/\\\/secure.gravatar.com\\\/avatar\\\/61d268e57d1f4525b111222e29d2d5a7f8c420fdbf231ba5566a8ceac74fa960?s=96&d=mm&r=g\",\"caption\":\"Tibor atya\"},\"url\":\"https:\\\/\\\/stuttgarti-katolikusok.de\\\/index.php\\\/author\\\/tibor-atya\\\/\"}]}<\/script>\n<!-- \/ Yoast SEO plugin. -->","yoast_head_json":{"title":"Programel\u0151zetes m\u00e1jus 9 \u00e9s 15 k\u00f6z\u00f6tt - Stuttgarti Katolikusok","robots":{"index":"index","follow":"follow","max-snippet":"max-snippet:-1","max-image-preview":"max-image-preview:large","max-video-preview":"max-video-preview:-1"},"canonical":"https:\/\/stuttgarti-katolikusok.de\/index.php\/programelozetes-majus-9-es-15-kozott\/","og_locale":"hu_HU","og_type":"article","og_title":"Programel\u0151zetes m\u00e1jus 9 \u00e9s 15 k\u00f6z\u00f6tt - Stuttgarti Katolikusok","og_description":"Programel\u0151zetes M\u00e1jus 12-\u00e9n, cs\u00fct\u00f6rt\u00f6k\u00f6n, Ulmban 17.30 \u00f3rakor szentmise, el\u0151tte gy\u00f3ntat\u00e1s, szentmise v\u00e9gezt\u00e9vel Besz\u00e9lget\u00e9s a Bibli\u00e1r\u00f3l (Kivonul\u00e1s K\u00f6nyve). Mindenkit szeretettel v\u00e1r Tibor atya! * M\u00e1jus 13-\u00e1n, p\u00e9nteken, Stuttgartban 15.30 \u00f3rakor Bar\u00e1ts\u00e1gklub. Minden kellemes t\u00e1rsas\u00e1gra v\u00e1gy\u00f3 \u00e9rdekl\u0151d\u0151t szeretettel v\u00e1r a Tags\u00e1g \u00e9s Imre atya! 17.45 \u00f3rakor m\u00e1jusi-\u00e1jtatoss\u00e1g, ut\u00e1na esti h\u00e1laad\u00f3 szentmise Egyh\u00e1zk\u00f6zs\u00e9g\u00fcnk alap\u00edt\u00e1s\u00e1nak 69. \u00e9vfordul\u00f3ja alkalm\u00e1b\u00f3l. Ut\u00e1na kis \u00fcnneps\u00e9g, majd \u00e1g\u00e1p\u00e9. Mindenkit szeretettel v\u00e1r a k\u00f6z\u00f6ss\u00e9g, Tibor atya \u00e9s Imre atya! Weingartenben a szentmise \u00e9s a Bibliak\u00f6r ELMARAD! Tibor atya vel\u00fcnk \u00fcnnepel Stuttgartban! * M\u00e1jus 14-\u00e9n, szombaton 17.00 \u00f3rakor Friedrichshafenben szentmise. El\u0151tte gy\u00f3ntat\u00e1s, ut\u00e1na \u00e1g\u00e1p\u00e9. Mindenkit szeretettel v\u00e1r\u00a0 a k\u00f6z\u00f6ss\u00e9g \u00e9s Tibor atya! * M\u00e1jus 15-\u00e9n, P\u00fcnk\u00f6sdvas\u00e1rnap, 9.00 \u00f3rakor Weingartenben szentmise. Mindenkit szeretettel v\u00e1r a k\u00f6z\u00f6ss\u00e9g \u00e9s Tibor atya 9.30 \u00f3rakor Ludwigsburgban szentmise, ut\u00e1na \u00e1g\u00e1p\u00e9. Mindenkit szeretettel v\u00e1r a k\u00f6z\u00f6ss\u00e9g \u00e9s Imre atya! 12.00 \u00f3rakor Stuttgartban szentmise. Ut\u00e1na zar\u00e1ndoktal\u00e1lkoz\u00f3 a K\u00f6z\u00f6ss\u00e9gi Teremben! Mindenkit szeretettel v\u00e1r a k\u00f6z\u00f6ss\u00e9g \u00e9s Imre atya! \u201eEgym\u00e1st ismerni nem azt jelenti, hogy mindent tudunk egym\u00e1sr\u00f3l. Hanem azt, hogy szeretettel \u00e9s bizalommal vagyunk egym\u00e1s ir\u00e1nt, \u00e9s hisz\u00fcnk egym\u00e1snak.\u201d (Albert Schweitzer \u2013 1875-1965 \u2013 sv\u00e1jci orvos, filoz\u00f3fus \u00e9s teol\u00f3gus) Sz\u00e9p napokat, j\u00f3 munk\u00e1t, tartalmas besz\u00e9lget\u00e9seket \u00e9s kellemes tal\u00e1lkoz\u00e1sokat k\u00edv\u00e1nunk minden kedves H\u00edv\u00fcnknek!","og_url":"https:\/\/stuttgarti-katolikusok.de\/index.php\/programelozetes-majus-9-es-15-kozott\/","og_site_name":"Stuttgarti Katolikusok","article_published_time":"2016-05-08T22:43:51+00:00","article_modified_time":"2020-04-27T16:03:33+00:00","author":"Tibor atya","twitter_card":"summary_large_image","twitter_misc":{"Szerz\u0151:":"Tibor atya","Becs\u00fclt olvas\u00e1si id\u0151":"1 perc"},"schema":{"@context":"https:\/\/schema.org","@graph":[{"@type":"Article","@id":"https:\/\/stuttgarti-katolikusok.de\/index.php\/programelozetes-majus-9-es-15-kozott\/#article","isPartOf":{"@id":"https:\/\/stuttgarti-katolikusok.de\/index.php\/programelozetes-majus-9-es-15-kozott\/"},"author":{"name":"Tibor atya","@id":"https:\/\/stuttgarti-katolikusok.de\/#\/schema\/person\/75908d6f8fdc03a57889d27209df7795"},"headline":"Programel\u0151zetes m\u00e1jus 9 \u00e9s 15 k\u00f6z\u00f6tt","datePublished":"2016-05-08T22:43:51+00:00","dateModified":"2020-04-27T16:03:33+00:00","mainEntityOfPage":{"@id":"https:\/\/stuttgarti-katolikusok.de\/index.php\/programelozetes-majus-9-es-15-kozott\/"},"wordCount":298,"articleSection":["Progamel\u0151zetes"],"inLanguage":"hu"},{"@type":"WebPage","@id":"https:\/\/stuttgarti-katolikusok.de\/index.php\/programelozetes-majus-9-es-15-kozott\/","url":"https:\/\/stuttgarti-katolikusok.de\/index.php\/programelozetes-majus-9-es-15-kozott\/","name":"Programel\u0151zetes m\u00e1jus 9 \u00e9s 15 k\u00f6z\u00f6tt - Stuttgarti Katolikusok","isPartOf":{"@id":"https:\/\/stuttgarti-katolikusok.de\/#website"},"datePublished":"2016-05-08T22:43:51+00:00","dateModified":"2020-04-27T16:03:33+00:00","author":{"@id":"https:\/\/stuttgarti-katolikusok.de\/#\/schema\/person\/75908d6f8fdc03a57889d27209df7795"},"breadcrumb":{"@id":"https:\/\/stuttgarti-katolikusok.de\/index.php\/programelozetes-majus-9-es-15-kozott\/#breadcrumb"},"inLanguage":"hu","potentialAction":[{"@type":"ReadAction","target":["https:\/\/stuttgarti-katolikusok.de\/index.php\/programelozetes-majus-9-es-15-kozott\/"]}]},{"@type":"BreadcrumbList","@id":"https:\/\/stuttgarti-katolikusok.de\/index.php\/programelozetes-majus-9-es-15-kozott\/#breadcrumb","itemListElement":[{"@type":"ListItem","position":1,"name":"Kezd\u0151lap","item":"https:\/\/stuttgarti-katolikusok.de\/"},{"@type":"ListItem","position":2,"name":"Programel\u0151zetes m\u00e1jus 9 \u00e9s 15 k\u00f6z\u00f6tt"}]},{"@type":"WebSite","@id":"https:\/\/stuttgarti-katolikusok.de\/#website","url":"https:\/\/stuttgarti-katolikusok.de\/","name":"Stuttgarti Katolikusok","description":"","potentialAction":[{"@type":"SearchAction","target":{"@type":"EntryPoint","urlTemplate":"https:\/\/stuttgarti-katolikusok.de\/?s={search_term_string}"},"query-input":{"@type":"PropertyValueSpecification","valueRequired":true,"valueName":"search_term_string"}}],"inLanguage":"hu"},{"@type":"Person","@id":"https:\/\/stuttgarti-katolikusok.de\/#\/schema\/person\/75908d6f8fdc03a57889d27209df7795","name":"Tibor atya","image":{"@type":"ImageObject","inLanguage":"hu","@id":"https:\/\/secure.gravatar.com\/avatar\/61d268e57d1f4525b111222e29d2d5a7f8c420fdbf231ba5566a8ceac74fa960?s=96&d=mm&r=g","url":"https:\/\/secure.gravatar.com\/avatar\/61d268e57d1f4525b111222e29d2d5a7f8c420fdbf231ba5566a8ceac74fa960?s=96&d=mm&r=g","contentUrl":"https:\/\/secure.gravatar.com\/avatar\/61d268e57d1f4525b111222e29d2d5a7f8c420fdbf231ba5566a8ceac74fa960?s=96&d=mm&r=g","caption":"Tibor atya"},"url":"https:\/\/stuttgarti-katolikusok.de\/index.php\/author\/tibor-atya\/"}]}},"_links":{"self":[{"href":"https:\/\/stuttgarti-katolikusok.de\/index.php\/wp-json\/wp\/v2\/posts\/9208","targetHints":{"allow":["GET"]}}],"collection":[{"href":"https:\/\/stuttgarti-katolikusok.de\/index.php\/wp-json\/wp\/v2\/posts"}],"about":[{"href":"https:\/\/stuttgarti-katolikusok.de\/index.php\/wp-json\/wp\/v2\/types\/post"}],"author":[{"embeddable":true,"href":"https:\/\/stuttgarti-katolikusok.de\/index.php\/wp-json\/wp\/v2\/users\/3"}],"replies":[{"embeddable":true,"href":"https:\/\/stuttgarti-katolikusok.de\/index.php\/wp-json\/wp\/v2\/comments?post=9208"}],"version-history":[{"count":3,"href":"https:\/\/stuttgarti-katolikusok.de\/index.php\/wp-json\/wp\/v2\/posts\/9208\/revisions"}],"predecessor-version":[{"id":9213,"href":"https:\/\/stuttgarti-katolikusok.de\/index.php\/wp-json\/wp\/v2\/posts\/9208\/revisions\/9213"}],"wp:attachment":[{"href":"https:\/\/stuttgarti-katolikusok.de\/index.php\/wp-json\/wp\/v2\/media?parent=9208"}],"wp:term":[{"taxonomy":"category","embeddable":true,"href":"https:\/\/stuttgarti-katolikusok.de\/index.php\/wp-json\/wp\/v2\/categories?post=9208"},{"taxonomy":"post_tag","embeddable":true,"href":"https:\/\/stuttgarti-katolikusok.de\/index.php\/wp-json\/wp\/v2\/tags?post=9208"}],"curies":[{"name":"wp","href":"https:\/\/api.w.org\/{rel}","templated":true}]}}