{"id":9182,"date":"2016-05-05T21:29:10","date_gmt":"2016-05-05T21:29:10","guid":{"rendered":"https:\/\/gracious-dewdney.138-201-221-2.plesk.page\/?p=9182"},"modified":"2016-05-05T21:29:10","modified_gmt":"2016-05-05T21:29:10","slug":"anyak-napi-megemlekezes","status":"publish","type":"post","link":"https:\/\/stuttgarti-katolikusok.de\/index.php\/anyak-napi-megemlekezes\/","title":{"rendered":"Any\u00e1k napi megeml\u00e9kez\u00e9s"},"content":{"rendered":"<p><strong>\u0150k a b\u00e9ke, a j\u00f3s\u00e1g, puhas\u00e1g a f\u00f6ld\u00f6n, a f\u00f6lt\u00e9tlen szeretet&#8230;(Szab\u00f3 L\u0151rinc: Az any\u00e1k)<\/strong><\/p>\n<p>Ma, amikor \u00e1tl\u00e9ptem a templomkapu k\u00fcsz\u00f6b\u00e9t, sz\u00e1momra is azonnal l\u00e1that\u00f3v\u00e1 v\u00e1lt, hogy ez a vas\u00e1rnap m\u00e1snak \u00edg\u00e9rkezik mint \u00e1ltal\u00e1ban a t\u00f6bbi vas\u00e1rnapjaink. A templomot zs\u00fafol\u00e1sig megt\u00f6lt\u00f6tt\u00e9k az egyh\u00e1zk\u00f6zs\u00e9g h\u00edvei \u00e9s azok a vend\u00e9geink, akik Magyarorsz\u00e1g k\u00e9pviselet\u00e9ben jelentek meg k\u00f6r\u00fcnkben, jelesen: a F\u0151konzul \u00far,\u00a0Dr. Ber\u00e9nyi J\u00e1nos Gy\u00f6rgy szem\u00e9ly\u00e9ben, valamint az \u0151 k\u00e9t munkat\u00e1rsa, Miskolci Ter\u00e9zia \u00e9s Szedl\u00e1k Vikt\u00f3ria konzulok, \u00e9s tov\u00e1bbi megh\u00edvott vend\u00e9gk\u00e9nt a Stuttgarti Magyar Kult\u00farint\u00e9zet igazgat\u00f3ja Szalay Tam\u00e1s \u00far szem\u00e9lye is f\u00e9mjelezte \u00fcnneps\u00e9g\u00fcnket.<\/p>\n<p>A szentmise elej\u00e9n, amelyet Dr. Tempfli Imre pl\u00e9b\u00e1nosunk papt\u00e1rs\u00e1val Merl\u00e1s Tibor aty\u00e1val egy\u00fctt mutatott be, \u00a0Imre atya arr\u00f3l sz\u00f3lt, hogy az Isten emberi alakban j\u00f6tt el k\u00f6z\u00e9nk. F\u00f6lvette egy kisgyermek alakj\u00e1t, \u00e9s szeretet\u00fcnkre szorulva az\u00e9rt lett emberr\u00e9, mert tudta, hogy egy apr\u00f3, emberi seg\u00edts\u00e9gre szorul\u00f3 kisgyermek els\u0151 halv\u00e1ny mosolya is jobban k\u00e9pes hatni, mint legyen a legokosabb b\u00f6lcs sz\u00ednes sz\u00f3noklata. Azonnal \u00e1tj\u00e1rja \u00e9s a sz\u00edv\u00e9be fogadja a r\u00e1 visszamosolyg\u00f3 gyermek szeretet\u00e9t. Az \u00daristen megtehette volna azt is, hogy csak a t\u00f6rv\u00e9nyeit \u00e9s parancsolatait pottyantja le k\u00f6zib\u00e9nk, \u00e9s \u0150 nem szem\u00e9lyes\u00fcl bele mindennapi \u00e9let\u00fcnkbe, s f\u00f6ldi l\u00e9tk\u00f6r\u00fcnkb\u0151l sem k\u00e9r r\u00e9szt.<strong>\u00a0<\/strong>De mint tudjuk nem ezt tette, hanem megtette M\u00e1ri\u00e1t kilenc h\u00f3napon \u00e1t &#8222;Isten legszebb temploma&#8221;<strong>.\u00a0<\/strong>1950 december\u00e9ben hihetetlen esem\u00e9ny t\u00f6rt\u00e9nt a katolikus egyh\u00e1zban: kih\u00edrdett\u00e9k az \u201eEgek Kir\u00e1lyn\u0151je\u201d dogm\u00e1t, \u00e9s az \u00c9g Kir\u00e1lyn\u0151j\u00e9t mint az anyas\u00e1g kir\u00e1lyn\u0151j\u00e9t tisztelt\u00e9k. A Szent\u00edr\u00e1sb\u00f3l k\u00f6nnyen r\u00e1j\u00f6het\u00fcnk arra, hogy mi\u00e9rt \u00e9ppen a gyermeki alakban t\u00f6rt\u00e9n\u0151 m\u00f3dj\u00e1t v\u00e1lasztotta megtestes\u00fcl\u00e9s\u00e9nek a Megv\u00e1lt\u00f3. \u00cdgy sz\u00f3l a v\u00e1lasz: &#8222;\u0150 odah\u00edvott egy gyermeket, k\u00f6z\u00e9j\u00fck \u00e1ll\u00edtotta \u00e9s \u00edgy sz\u00f3lt: Bizony mondom nektek: Ha meg nem v\u00e1ltoztok \u00e9s olyanok nem lesztek mint a gyermek, nem mentek be a mennyek orsz\u00e1g\u00e1ba. Aki teh\u00e1t kicsinny\u00e9 lesz, mint ez a gyermek, az a legnagyobb a mennyek orsz\u00e1g\u00e1ban&#8221; (Mt. 18,2-18,5).<\/p>\n<p>Pl\u00e9b\u00e1nosunk arra is kit\u00e9rt, hogy lelki \u00e9let\u00fcnk szempontj\u00e1b\u00f3l fontos lenne az, hogy feln\u0151ttk\u00e9nt is gyermeki hittel tudjunk Istenre hagyatkozni.\u00a0 Benne b\u00edzva merj\u00fcnk hinni, XVI. Benedek p\u00e1pa szavait id\u00e9zve , a hit \u00e9s a tudom\u00e1ny nem \u00e1llhatnak egym\u00e1ssal ellent\u00e9tben, mivel a hitnek \u00e9s a term\u00e9szeti vil\u00e1gnak is Isten az alkot\u00f3ja. Amennyiben ellent\u00e9tben \u00e1lln\u00e1nak egym\u00e1ssal, \u00fagy az Isten ezen a t\u00e9ren \u00f6nmag\u00e1nak mondana ellent. M\u00e1s szavakkal, de Ferenc p\u00e1pa is ugyanezt vallja, azaz a term\u00e9szettudom\u00e1nyi kutat\u00e1sok eredm\u00e9nyei \u00e9s a teremt\u0151 Istenbe vetett hit nem z\u00e1rja ki egym\u00e1st.<\/p>\n<p>Az \u00f3sz\u00f6vets\u00e9gi olvasm\u00e1nyban Jeremi\u00e1s pr\u00f3f\u00e9ta sokszor id\u00e9zett sorai j\u00f3l illeszkedtek az any\u00e1k napi \u00fcnnep\u00fcnkh\u00f6z: &#8222;Miel\u0151tt megalkottalak any\u00e1d m\u00e9h\u00e9ben, m\u00e1r ismertelek; miel\u0151tt vil\u00e1gra j\u00f6tt\u00e9l volna, megszenteltelek&#8221;. Isten fontosnak tal\u00e1lja kiemelni a sz\u00fclet\u00e9s, \u00e9s a magzati l\u00e9t el\u0151tti ismeretet.<\/p>\n<p>Imre atya arr\u00f3l besz\u00e9lt, hogy \u00e9desany\u00e1nk \u00e9lete v\u00e9g\u00e9ig, &#8211; nemcsak az anyam\u00e9hben &#8211; tart meg minket a lelki k\u00f6ld\u00f6kzsin\u00f3rj\u00e1n. \u0150 az egyetlen, aki mindig felt\u00e9tel n\u00e9lk\u00fcl szeret eg\u00e9sz \u00e9let\u00fcnkben, \u00a0aki sz\u00e1m\u00e1ra mindig a gyermekei a legfontosabbak, ak\u00e1rh\u00e1ny \u00e9vesek legyenek is. Akkor a legboldogabb, ha sz\u00e1munkra \u00f6r\u00f6met tud okozni. Jelenl\u00e9te, gondoskod\u00e1sa \u00e9let\u00fcnk r\u00e9sze. Err\u0151l \u00edr M\u00e9cs L\u00e1szl\u00f3 papk\u00f6lt\u0151 \u201e<strong>A kir\u00e1lyfi h\u00e1rom b\u00e1nata\u201d <\/strong>c\u00edm\u0171 vers\u00e9ben:<\/p>\n<p><em><strong>Hogyha minden csillag csupa gy\u00e9m\u00e1nt volna,<\/strong><\/em><br \/>\n<em><strong> minden tavaszi r\u00fcgy legtiszt\u00e1bb gy\u00f6ngy volna:<\/strong><\/em><br \/>\n<em><strong> kamatnak is kev\u00e9s, nagyon kev\u00e9s volna.<\/strong><\/em><\/p>\n<p><em><strong> Hogyha minden foly\u00f3 lelkemen \u00e1tfolyna<\/strong><\/em><br \/>\n<em><strong> s ezer h\u00e1la-malom csak zsolt\u00e1rt mormolna,<\/strong><\/em><br \/>\n<em><strong> az \u00e9n k\u00f6sz\u00f6netem \u00edgy is kev\u00e9s volna.<\/strong><\/em><\/p>\n<p><em><strong> Hogyha a f\u00f6ld minden sz\u00ednm\u00e9z\u00e9t \u00e1tadom,<\/strong><\/em><br \/>\n<em><strong> az \u0151 \u00e9dess\u00e9g\u00e9t meg nem h\u00e1l\u00e1lhatom,<\/strong><\/em><br \/>\n<em><strong> ez az \u00e9n b\u00e1natom, harmadik b\u00e1natom.<\/strong><\/em><\/p>\n<p>A szentlecke a Jelen\u00e9sek k\u00f6nyv\u00e9b\u0151l\u00a0(Jel 21,10-14.22-23<strong>) <\/strong>hangzott el<strong>, <\/strong>amelynek t\u00e9m\u00e1ja: az angyal egy magas hegyr\u0151l megmutatta J\u00e1nosnak a megdics\u0151\u00fclt, \u00faj, mennyei Jeruzs\u00e1lemet.<\/p>\n<p>Majd a h\u00edvek k\u00f6z\u00fcl \u00f6ten ( Kert\u00e9sz M\u00e1rton, Szegi Oszk\u00e1r \u00e9s Huber Ilona, majd Horv\u00e1th J\u00e1nos, Szegi Oszk\u00e1r \u00e9s Brune Gy\u00f6rgyi Marietta) hangosk\u00f6nyv form\u00e1j\u00e1ban tolm\u00e1csolt\u00e1k nek\u00fcnk el\u0151bb Franz Werfel: Hallj\u00e1tok az Ig\u00e9t-j\u00e9b\u0151l, majd Henrik Ibsen: Peer Gynt-b\u0151l azt a k\u00e9t jelenetet, amelyeket egym\u00e1ssal az kapcsolt \u00f6ssze, hogy mind a k\u00e9t m\u0171ben, az egyikben Jeremi\u00e1s, a m\u00e1sodikban Peer Gynt \u00e9desanyja az, akiknek a sz\u00edve m\u00e9g \u00e9let\u00fck utols\u00f3 perceiben is gyermek\u00fck\u00e9rt dobbant. Tal\u00e1n \u00e9pp ez\u00e9rt hozta \u00fagy a sorsuk, hogy m\u00e9lt\u00f3 helyen, az \u0151ket oly nagyon szeret\u0151 fiaik karjaiban z\u00e1rhatt\u00e1k le \u00f6r\u00f6kre szem\u00fcket.<\/p>\n<p>M\u00edg Franz Werfel az \u00f6nzetlen \u00e9s a marad\u00e9ktalanul \u00f6nfel\u00e1ldoz\u00f3<em>\u00a0<\/em>anya t\u00f6rt\u00e9net\u00e9t hallgattam, itt is ugyanaz a k\u00e9pzetem t\u00e1madt mint kor\u00e1bban a J\u00f3zsef \u00e9s testv\u00e9rein\u00e9l.\u00a0Szinte meseszer\u0171 a megjelen\u00edtett szent\u00edr\u00e1si r\u00e9sz, &#8211; hogy a legkisebb gyermek a minden j\u00f3 tulajdons\u00e1ggal f\u00f6lruh\u00e1zott, s Istent\u0151l kegyelt fi\u00fa -, s ezt \u00e9reztem meg az \u00d3sz\u00f6vets\u00e9g keretei k\u00f6z\u00e9 emelt Werfel t\u00f6rt\u00e9netben is. Az tette sz\u00e1momra n\u00e9pmesei ihlet\u00e9s\u0171nek a t\u00f6rt\u00e9netet, hogy a legkisebb,\u00a0 legtehets\u00e9gesebb gyermek az, &#8211; aki nem mellesleg m\u00e9g l\u00e1tnoki, pr\u00f3f\u00e9tai k\u00e9pess\u00e9gekkel is b\u00edrt, &#8211; mind a k\u00e9t esetben vagyis mind J\u00f3zsefn\u00e9l, mind Jeremi\u00e1sn\u00e1l, a testv\u00e9reik k\u00f6r\u00e9ben tehets\u00e9g\u00fck \u00e9s Istent\u0151l kiv\u00e1lasztotts\u00e1guk miatt az irigys\u00e9g t\u00e1rgy\u00e1v\u00e1 lettek.\u00a0 Ez\u00e9rt t\u00f6rtek testv\u00e9reik az \u00e9let\u00fckre. Ez ut\u00f3bbi t\u00f6rt\u00e9nethez m\u00e9g egy fontos, \u00e9s mindannyiunk \u00e1ltal ismert szakr\u00e1lis szimb\u00f3lumk\u00e9p is kapcsolhat\u00f3, \u00a0a pelik\u00e1n-k\u00e9p, amely eredetileg Krisztust, a saj\u00e1t v\u00e9r\u00e9t \u00f6nfel\u00e1ldoz\u00f3n kiont\u00f3 szem\u00e9ly jelk\u00e9p\u00e9t jelen\u00edti meg. Vas\u00e1rnap a hangosk\u00f6nyv form\u00e1ban el\u0151adott jelenetn\u00e9l sokunkn\u00e1l tal\u00e1n ugyanez a pelik\u00e1n-k\u00e9p az \u00f6nfel\u00e1ldoz\u00f3, de itt a werfeli t\u00f6rt\u00e9netben ez a szimb\u00f3lum az anyas\u00e1g fogalmi k\u00f6r\u00e9hez is pontosan r\u00e1illik.\u00a0 N\u00e1lam ez a mad\u00e1r jelk\u00e9p-rendszer azt a h\u0171s\u00e9g-k\u00e9pet h\u00edvta el\u0151, amely pontosan azokr\u00f3l az \u00e9desany\u00e1kr\u00f3l sz\u00f3l, &#8211; mint a jelen t\u00f6rt\u00e9netben Jeremi\u00e1s anyja &#8211; , akik haboz\u00e1s n\u00e9lk\u00fcl ha b\u00e1rmi sz\u00fcks\u00e9g \u00fagy hozza, \u00f6nmaga \u00e9lete \u00e1r\u00e1n is, de nem hagyja kioltani\u00a0 egysz\u00fcl\u00f6ttje \u00e9let\u00e9t. Az anyai h\u0171s\u00e9g gyermek\u00e9hez mind\u00f6r\u00f6kk\u00e9 fogyhatatlan marad, s\u00a0 ezer sz\u00e1lon\u00a0 k\u00f6t\u0151dik\u00a0 minden \u00e9desanya szeretett gyermek\u00e9hez. Ahogy Balassi \u00edrja &#8222;Csak hogy \u00e9lhessen(ek), sziv\u00e9b\u0171l ont \u0151 v\u00e9rt\u201d.<\/p>\n<p>Er\u0151sen s\u0171r\u00edtve arr\u00f3l sz\u00f3lt a t\u00f6rt\u00e9net, Jeremi\u00e1s \u00e9desanyj\u00e1nak tudom\u00e1sa volt arr\u00f3l, hogy testv\u00e9rei is, de legink\u00e1bb legid\u0151sebb fi\u00e1nak feles\u00e9ge az, aki azon mesterkedik, hogy Jeremi\u00e1s \u00e9let\u00e9re t\u00f6rj\u00f6n. \u00cdgy az \u00e9desanya, \u00a0meny\u00e9nek minden mozdulat\u00e1t \u00e1rgus szemekkel figyeli, hogy az nehogy k\u00e1rt tehessen a fi\u00e1ban. \u00cdgy t\u00f6rt\u00e9nt, hogy nem\u00a0 ker\u00fclte el \u00f3v\u00f3 pillant\u00e1s\u00e1t, amikor az m\u00e9regpoharat k\u00e9sz\u00edtett \u00a0fia sz\u00e1m\u00e1ra. Csak saj\u00e1t \u00e9lete \u00e1r\u00e1n tudta a j\u00f3 sz\u00fcl\u0151 a gyilkos vesz\u00e9lyt kiv\u00e9deni, s miel\u0151tt az m\u00e9g a m\u00e9reggel teli poharat kiv\u00e1lasztotta volna, az anya elvette el\u0151le, \u00e9s annak tartalm\u00e1t saj\u00e1t maga h\u00f6rpintette ki. \u00cdgy elh\u00e1r\u00edtotta feje f\u00f6l\u00fcl a sz\u00e1m\u00e1ra gonosz kezekt\u0151l kitervelt hal\u00e1lt.<\/p>\n<p>A m\u00e1sik t\u00f6rt\u00e9net f\u0151h\u0151se Peer Gynt, t\u00e1volr\u00f3l sincs Jeremi\u00e1shoz hasonl\u00f3 pozit\u00edv jellem-tulajdons\u00e1gokkal f\u00f6lruh\u00e1zva. Duhaj kedv\u0171, f\u00e9ktelen fant\u00e1zi\u00e1j\u00fa, henceg\u0151 siheder. \u00c9desanyja Aase any\u00f3 m\u00e9gsem ilyennek l\u00e1tja a sz\u00e9ltol\u00f3 fi\u00e1t, b\u00e1r az\u00e9rt gyakran \u0151 is szemreh\u00e1ny\u00e1st tesz fi\u00e1nak annak l\u00e9ha magatart\u00e1s\u00e1\u00e9rt, f\u0151leg akkor, amikor az n\u00e9ha keser\u0171s\u00e9get okozott neki.\u00a0 Anyai sz\u00edv\u00e9vel m\u00e9gis nagyon szerette ezt az egyetlen, semmirekell\u0151 fi\u00fat.<\/p>\n<p>Mint azt m\u00e1r fenntebb \u00edrtam, az anal\u00f3g az el\u0151bb, \u00e9s itt le\u00edrt t\u00f6rt\u00e9netben az, hogy mindk\u00e9t h\u0151s nagyon szerette \u00e9desanyj\u00e1t, \u00e9s mint egy ford\u00edtott pi\u00e9ta, mindk\u00e9t esetben ugyanaz t\u00f6rt\u00e9nt: a fi\u00fa tartja \u00f6lben a haldokl\u00f3 \u00e9desany\u00e1t.<\/p>\n<p>Az el\u0151bbi t\u00f6rt\u00e9netben Jeremi\u00e1s, mikor a karj\u00e1ban tartott \u00e9desanyja meghalt, fi\u00fai f\u00e1jdalm\u00e1ban eszm\u00e9let\u00e9t vesztve mell\u00e9\u00e1jul a szeretett holttestnek.<\/p>\n<p>A m\u00e1sik reg\u00e9ny az \u00e9desanya haldokl\u00e1s\u00e1r\u00f3l sz\u00f3l\u00f3 epiz\u00f3dj\u00e1ban, \u00f6r\u00f6mmel konstat\u00e1lhattuk, hogy b\u00e1rmily l\u00e9ha \u00e9letet is \u00e9lt Peer, Aase any\u00f3nak az \u00e9letben meg\u00e9lt sok keser\u0171s\u00e9g\u00e9\u00e9rt megadatott az a vigasz, hogy \u00e9lete utols\u00f3 perceiben ott volt mellette h\u0151n szeretett fia, aki k\u00f6lt\u0151i, l\u00e1tom\u00e1sos j\u00e1t\u00e9kkal k\u00f6nny\u00edtette meg b\u00facs\u00faj\u00e1t az \u00e9lett\u0151l.<\/p>\n<p>Majd ezeket a j\u00f3l megform\u00e1lt,\u00a0 m\u0171v\u00e9szileg j\u00f3l tolm\u00e1csolt irodalmi jeleneteket, a szentmis\u00e9ben Isten hozz\u00e1nk int\u00e9zett evang\u00e9liumi \u00f6r\u00f6k \u00e9rv\u00e9ny\u0171 szavai k\u00f6vett\u00e9k. Tibor atya felolvasta az aznapra rendelt Evang\u00e9liumot (Jn. 14,23-29), \u00a0ezut\u00e1n m\u00e1r rendes medr\u00e9ben folytat\u00f3dott a szentmise.<\/p>\n<p>Az \u00dar asztal\u00e1hoz j\u00e1rultunk, de a misszi\u00f3 k\u00f6z\u00f6ss\u00e9gi term\u00e9ben annak sokat k\u00edn\u00e1l\u00f3 asztal\u00e1hoz is j\u00e1rulhattunk, \u00edgy szeg\u00e9nyesen elt\u00f6lt\u00f6tt otthoni reggelink ut\u00e1n, &#8211; felk\u00e9sz\u00fclve a lehet\u0151s\u00e9gre, hogy majd k\u00e9s\u0151bb nagykan\u00e1llal esz\u00fcnk -, ez\u00e9rt meg\u00e9hezve, \u00e9s k\u00edv\u00e1ncsian v\u00e1rtuk, hogy vajon melyik f\u00e9rfiember guly\u00e1sleves f\u0151ztje viszi el majd id\u00e9n a p\u00e1lm\u00e1t. Vagyis kinek a levese sikeredett a legjobban. Id\u00e9n &#8222;f\u0151rendi emberrel&#8221; is b\u0151v\u00fclt a szak\u00e1cs csapat, mert Szalay Tam\u00e1s, a Magyar Kult\u00farint\u00e9zet igazgat\u00f3ja is hagyta mag\u00e1t a saj\u00e1t recept\u0171 guly\u00e1sleves\u00e9vel megm\u00e9retni.<strong>\u00a0<\/strong>Azt hiszem, senkinek sem kell r\u00e9szleteznem azt a t\u00e9nyszer\u0171 meg\u00e1llap\u00edt\u00e1st, hogy vil\u00e1gszerte a f\u0151z\u00e9s nagymesteris\u00e9g\u00e9ben mi\u00e9rt a f\u00e9rfi szak\u00e1csok\u00e9 a p\u00e1lma? Itt is tan\u00fajel\u00e9t adt\u00e1k annak, hogy milyen j\u00f3l forgatj\u00e1k a f\u0151z\u0151kanalat. \u00cdgy Imre aty\u00e1n\u00e1l is f\u00f6ltett\u00e9k az i-re a pontot, s mivel minden leves olyan j\u00f3l siker\u00fclt, hogy ez a t\u00e9ny pl\u00e9b\u00e1nosunkat teljesen d\u00f6nt\u00e9sk\u00e9ptelenn\u00e9 tette, \u00edgy minden szak\u00e1cs f\u0151d\u00edjat, vagyis jutalmul egy \u00fcveg j\u00f3 min\u0151s\u00e9g\u0171 bort nyert. Persze a cukr\u00e1szat nagymesterei a n\u0151k voltak, \u00edgy a sz\u00e1mla teljesen kiegyenl\u00edt\u0151d\u00f6tt. Az \u0151 eset\u00fckben siker\u00fck pr\u00f3b\u00e1ja az ev\u00e9s volt, s mivel elk\u00e9sz\u00edtett finoms\u00e1gaik mind elfogytak, \u00edgy remekm\u0171veik ki\u00e1llt\u00e1k a pr\u00f3b\u00e1t.<\/p>\n<p>Nemcsak az \u00e9telek elad\u00e1s\u00e1b\u00f3l sz\u00e1rmaz\u00f3 bev\u00e9teli \u00f6sszeg, de a sebt\u00e9ben r\u00f6gt\u00f6nz\u00f6tt bolhapiacon eladott port\u00e9k\u00e1k \u00e1r\u00e1b\u00f3l is, &#8211; amely szat\u00f3csbolt legf\u0151bb \u00e1rusa Geiger Erika volt &#8211; a d\u00e9lvid\u00e9ki sz\u00f3rv\u00e1nyban \u00e9l\u0151, s r\u00e1szorul\u00f3 tehets\u00e9ges gyerekek \u00e9letk\u00f6r\u00fclm\u00e9nyeit szeretn\u00e9 misszi\u00f3nk t\u00e1mogatni, \u00e9s az \u00edgy \u00f6sszegy\u0171lt 800 Eur\u00f3 \u00f6sszeget ezek jav\u00e1ra utalja majd \u00e1t egyh\u00e1zk\u00f6zs\u00e9g\u00fcnk. Az ev\u00e9s \u00e9s az egym\u00e1s t\u00e1rsas\u00e1g\u00e1ban elt\u00f6lt\u00f6tt besz\u00e9lget\u00e9s ut\u00e1n, visszat\u00e9rt\u00fcnk a templomba, mert az\u00a0apr\u00f3 \u00e9s nagyobbacska gyermekek nagy gonddal k\u00e9sz\u00fcltek az any\u00e1k napi alkalomra. A kisebbek k\u00f6r\u00e9b\u0151l kiker\u00fcl\u0151 k\u00f6zrem\u0171k\u00f6d\u0151ket m\u00e1r hetekkel ezel\u0151tt felk\u00e9sz\u00edtette szerepl\u00e9s\u00fckre \u00e9desanyjuk, \u00e9s Mokbel Nyeste Lila is, aki \u00f6tletgazd\u00e1j\u00e1ul szeg\u0151d\u00f6tt ennek az any\u00e1k napi \u00fcnneps\u00e9g \u00fcgy\u00e9nek. A jelenlev\u0151 h\u00edvek nagy \u00e9rdekl\u0151d\u00e9st tan\u00fas\u00edtottak az any\u00e1k napi m\u0171soruk ir\u00e1nt, l\u00e1tva hogy milyen nagy lelkesed\u00e9ssel k\u00e9sz\u00fcltek el\u0151ad\u00e1sukra.<\/p>\n<p>Az els\u0151 sz\u00e1mot, a cs\u00f6pp Mokbel Mia \u00e9nek\u00e9t, \u00e9s a n\u00e1la alig nagyobb testv\u00e9rk\u00e9j\u00e9nek Mokbel Gr\u00e9ti furulya k\u00eds\u00e9r\u0151j\u00e9nek sz\u00f3l\u00f3j\u00e1t, meleg fogadtat\u00e1s, \u00e9s n\u00e9pes k\u00f6z\u00f6ns\u00e9g v\u00e1rta. Mia csilingel\u0151 hangocsk\u00e1ja t\u0151le m\u00e9g sz\u00e1momra nem v\u00e1rt m\u00f3don (hiszen \u00e9ppen hogy csak meghaladta az egy m\u00e9tert ez a picurka kisl\u00e1ny) bet\u00f6lt\u00f6tte a templomot, \u00e9s j\u00f3l hallhat\u00f3an \u00e9nekelte el az &#8222;Orgona \u00e1ga&#8221; c\u00edm\u0171 \u00e9neket. A kis Gr\u00e9ta, aki m\u00e1r -b\u00e1r m\u00e9g iskol\u00e1ba sem j\u00e1r &#8211; de m\u00e1r egyre biztosabban mozog a ministr\u00e1ns\u00e1g parkett\u00e1j\u00e1n, \u00e9s ugyanilyen biztons\u00e1ggal k\u00eds\u00e9rte hangszer\u00e9n a P\u00f6tt\u00f6m-Panna testv\u00e9rk\u00e9j\u00e9t.<\/p>\n<p>A hallgat\u00f3s\u00e1got kifejezetten megnyert\u00e9k a kis el\u0151ad\u00f3k szavalatai: \u00edgy Mokbel Mia, &#8211; Sarkady S\u00e1ndor:<strong>\u00a0<\/strong>\u00c9desany\u00e1m tulip\u00e1nfa c\u00edm\u0171 verse is -, majd m\u00e1sik k\u00e9t apr\u00f3s\u00e1g Simon No\u00e9mi \u00e9s Simon Patr\u00edcia, &#8211; Don\u00e1szy Magda: Nagyany\u00f3nak c\u00edm\u0171 vers\u00e9nek el\u0151ad\u00e1sa k\u00f6vetkezett. Majd \u00a0a hangverseny \u00e9s a kis sz\u00f3lista, Mokbel Gr\u00e9ti j\u00e1tszott, akit \u00e9desanyja k\u00eds\u00e9rt zongor\u00e1n. Canti\u00f3 Polonica furulyasz\u00e1mot adta el\u0151 a kis virtu\u00f3z. Ezut\u00e1n Andree Vincentt\u0151l hallgathattuk meg Osv\u00e1th Erzs\u00e9bet: Velem volt\u00e1l c\u00edm\u0171 vers\u00e9t. Majd \u00fajb\u00f3l zen\u00e9re v\u00e1ltottak a gyerekek \u00e9s Kert\u00e9sz Bori k\u00f6zrem\u0171k\u00f6d\u00e9s\u00e9vel Wilton Szonetin\u00e1j\u00e1t hallgathattuk, amelyet \u0151 m\u00e1r a nagyl\u00e1nyok biztons\u00e1g\u00e1g\u00e1ban tolm\u00e1csolt.\u00a0 Majd t\u0151le ism\u00e9telten a legkisebbek k\u00f6z\u00fcl, Mokbel Gr\u00e9ti ragadta mag\u00e1hoz a sz\u00f3t \u00e9s Kiss Jen\u0151t\u0151l egy nagyon sz\u00e9p, \u00e9s any\u00e1k napi boldogs\u00e1got k\u00edv\u00e1n\u00f3 versik\u00e9vel rukkolt el\u0151. Ut\u00e1na a n\u00e9gy Andree testv\u00e9rt\u0151l hallgathattunk meg zenesz\u00e1mokat, \u00edgy \u00c1ront\u00f3l \u00e9s Vincentt\u0151l: Cornelius Gurlitt zongora duettj\u00e9t. A zenesz\u00e1mot az Andree ikrek, Armand \u00e9s Raphael tolm\u00e1csol\u00e1s\u00e1ban hallgathattuk meg harmonik\u00e1n \u00e9s heged\u0171n elj\u00e1tszva. Mancini szimfonikus zen\u00e9j\u00e9t, a szerz\u0151 k\u00fcl\u00f6n\u00f6s m\u00f3don a jazzre jellemz\u0151 st\u00edlusjegyekkel \u00f6tv\u00f6z\u00f6tt.<\/p>\n<p>K\u00f6rj\u00e1t\u00e9kok z\u00e1rt\u00e1k le\u00a0a gyermekek el\u0151ad\u00e1s\u00e1t\u00a0, amelyet Leibingern\u00e9 B\u00e1nffy \u00c1gnes, Mokbel\u2013Nyeste Lilla vezetett.\u00a0 Leibinger \u00c1rp\u00e1d citer\u00e1n k\u00eds\u00e9rt. A k\u00f6vetkez\u0151 j\u00e1t\u00e9kok ker\u00fcltek bemutat\u00e1sra: B\u00fajj,b\u00fajj z\u00f6ld \u00e1g, Feh\u00e9r liliomsz\u00e1l. Be\u00fcltettem kis kertemet, \u00c9n kicsike vagyok.<\/p>\n<p>Az el\u0151ad\u00e1st k\u00f6vet\u0151en a gyerekek minden jelenl\u00e9v\u0151 h\u00f6lgyet a szeretet, az \u00e9let, \u00e9s a teljess\u00e9g jel\u00e9vel, egy sz\u00e1l r\u00f3zs\u00e1val leptek meg.<\/p>\n<p>Szeretn\u00e9k ez\u00faton is k\u00f6sz\u00f6netet mondani a seg\u00edt\u0151knek, akik valamilyen form\u00e1ban r\u00e9szt vettek ennek a j\u00f3l siker\u00fclt any\u00e1k napi rendezv\u00e9nynek lebonyol\u00edt\u00e1s\u00e1ban, \u00e9s mindazoknak is, akik b\u00e1rmi form\u00e1ban hozz\u00e1j\u00e1rultak az est siker\u00e9hez.<\/p>\n<p>Zeitler Barbara<\/p>\n","protected":false},"excerpt":{"rendered":"<p>\u0150k a b\u00e9ke, a j\u00f3s\u00e1g, puhas\u00e1g a f\u00f6ld\u00f6n, a f\u00f6lt\u00e9tlen szeretet&#8230;(Szab\u00f3 L\u0151rinc: Az any\u00e1k) Ma, amikor \u00e1tl\u00e9ptem a templomkapu k\u00fcsz\u00f6b\u00e9t, sz\u00e1momra is azonnal l\u00e1that\u00f3v\u00e1 v\u00e1lt, hogy ez a vas\u00e1rnap m\u00e1snak \u00edg\u00e9rkezik mint \u00e1ltal\u00e1ban a t\u00f6bbi vas\u00e1rnapjaink. A templomot zs\u00fafol\u00e1sig megt\u00f6lt\u00f6tt\u00e9k az egyh\u00e1zk\u00f6zs\u00e9g h\u00edvei \u00e9s azok a vend\u00e9geink, akik Magyarorsz\u00e1g k\u00e9pviselet\u00e9ben jelentek meg k\u00f6r\u00fcnkben, jelesen: a F\u0151konzul \u00far,\u00a0Dr. Ber\u00e9nyi J\u00e1nos Gy\u00f6rgy szem\u00e9ly\u00e9ben, valamint az \u0151 k\u00e9t munkat\u00e1rsa, Miskolci Ter\u00e9zia \u00e9s Szedl\u00e1k Vikt\u00f3ria konzulok, \u00e9s tov\u00e1bbi megh\u00edvott vend\u00e9gk\u00e9nt a Stuttgarti Magyar Kult\u00farint\u00e9zet igazgat\u00f3ja Szalay Tam\u00e1s \u00far szem\u00e9lye is f\u00e9mjelezte \u00fcnneps\u00e9g\u00fcnket. A szentmise elej\u00e9n, amelyet Dr. Tempfli Imre pl\u00e9b\u00e1nosunk papt\u00e1rs\u00e1val Merl\u00e1s Tibor aty\u00e1val egy\u00fctt mutatott be, \u00a0Imre atya arr\u00f3l sz\u00f3lt, hogy az Isten emberi alakban j\u00f6tt el k\u00f6z\u00e9nk. F\u00f6lvette egy kisgyermek alakj\u00e1t, \u00e9s szeretet\u00fcnkre szorulva az\u00e9rt lett emberr\u00e9, mert tudta, hogy egy apr\u00f3, emberi seg\u00edts\u00e9gre szorul\u00f3 kisgyermek els\u0151 halv\u00e1ny mosolya is jobban k\u00e9pes hatni, mint legyen a legokosabb b\u00f6lcs sz\u00ednes sz\u00f3noklata. Azonnal \u00e1tj\u00e1rja \u00e9s a sz\u00edv\u00e9be fogadja a r\u00e1 visszamosolyg\u00f3 gyermek szeretet\u00e9t. Az \u00daristen megtehette volna azt is, hogy csak a t\u00f6rv\u00e9nyeit \u00e9s parancsolatait pottyantja le k\u00f6zib\u00e9nk, \u00e9s \u0150 nem szem\u00e9lyes\u00fcl bele mindennapi \u00e9let\u00fcnkbe, s f\u00f6ldi l\u00e9tk\u00f6r\u00fcnkb\u0151l sem k\u00e9r r\u00e9szt.\u00a0De mint tudjuk nem ezt tette, hanem megtette M\u00e1ri\u00e1t kilenc h\u00f3napon \u00e1t &#8222;Isten legszebb temploma&#8221;.\u00a01950 december\u00e9ben hihetetlen esem\u00e9ny t\u00f6rt\u00e9nt a katolikus egyh\u00e1zban: kih\u00edrdett\u00e9k az \u201eEgek Kir\u00e1lyn\u0151je\u201d dogm\u00e1t, \u00e9s az \u00c9g Kir\u00e1lyn\u0151j\u00e9t mint az anyas\u00e1g kir\u00e1lyn\u0151j\u00e9t tisztelt\u00e9k. A Szent\u00edr\u00e1sb\u00f3l k\u00f6nnyen r\u00e1j\u00f6het\u00fcnk arra, hogy mi\u00e9rt \u00e9ppen a gyermeki alakban t\u00f6rt\u00e9n\u0151 m\u00f3dj\u00e1t v\u00e1lasztotta megtestes\u00fcl\u00e9s\u00e9nek a Megv\u00e1lt\u00f3. \u00cdgy sz\u00f3l a v\u00e1lasz: &#8222;\u0150 odah\u00edvott egy gyermeket, k\u00f6z\u00e9j\u00fck \u00e1ll\u00edtotta \u00e9s \u00edgy sz\u00f3lt: Bizony mondom nektek: Ha meg nem v\u00e1ltoztok \u00e9s olyanok nem lesztek mint a gyermek, nem mentek be a mennyek orsz\u00e1g\u00e1ba. Aki teh\u00e1t kicsinny\u00e9 lesz, mint ez a gyermek, az a legnagyobb a mennyek orsz\u00e1g\u00e1ban&#8221; (Mt. 18,2-18,5). Pl\u00e9b\u00e1nosunk arra is kit\u00e9rt, hogy lelki \u00e9let\u00fcnk szempontj\u00e1b\u00f3l fontos lenne az, hogy&#8230; <\/p>\n<p><a class=\"readmore\" href=\"https:\/\/stuttgarti-katolikusok.de\/index.php\/anyak-napi-megemlekezes\/\">R\u00e9szletek<\/a><\/p>\n","protected":false},"author":3,"featured_media":0,"comment_status":"closed","ping_status":"closed","sticky":false,"template":"","format":"standard","meta":{"footnotes":""},"categories":[28],"tags":[],"class_list":["post-9182","post","type-post","status-publish","format-standard","hentry","category-olvasoink-irjak"],"yoast_head":"<!-- This site is optimized with the Yoast SEO plugin v27.3 - https:\/\/yoast.com\/product\/yoast-seo-wordpress\/ -->\n<title>Any\u00e1k napi megeml\u00e9kez\u00e9s - Stuttgarti Katolikusok<\/title>\n<meta name=\"robots\" content=\"index, follow, max-snippet:-1, max-image-preview:large, max-video-preview:-1\" \/>\n<link rel=\"canonical\" href=\"https:\/\/stuttgarti-katolikusok.de\/index.php\/anyak-napi-megemlekezes\/\" \/>\n<meta property=\"og:locale\" content=\"hu_HU\" \/>\n<meta property=\"og:type\" content=\"article\" \/>\n<meta property=\"og:title\" content=\"Any\u00e1k napi megeml\u00e9kez\u00e9s - Stuttgarti Katolikusok\" \/>\n<meta property=\"og:description\" content=\"\u0150k a b\u00e9ke, a j\u00f3s\u00e1g, puhas\u00e1g a f\u00f6ld\u00f6n, a f\u00f6lt\u00e9tlen szeretet&#8230;(Szab\u00f3 L\u0151rinc: Az any\u00e1k) Ma, amikor \u00e1tl\u00e9ptem a templomkapu k\u00fcsz\u00f6b\u00e9t, sz\u00e1momra is azonnal l\u00e1that\u00f3v\u00e1 v\u00e1lt, hogy ez a vas\u00e1rnap m\u00e1snak \u00edg\u00e9rkezik mint \u00e1ltal\u00e1ban a t\u00f6bbi vas\u00e1rnapjaink. A templomot zs\u00fafol\u00e1sig megt\u00f6lt\u00f6tt\u00e9k az egyh\u00e1zk\u00f6zs\u00e9g h\u00edvei \u00e9s azok a vend\u00e9geink, akik Magyarorsz\u00e1g k\u00e9pviselet\u00e9ben jelentek meg k\u00f6r\u00fcnkben, jelesen: a F\u0151konzul \u00far,\u00a0Dr. Ber\u00e9nyi J\u00e1nos Gy\u00f6rgy szem\u00e9ly\u00e9ben, valamint az \u0151 k\u00e9t munkat\u00e1rsa, Miskolci Ter\u00e9zia \u00e9s Szedl\u00e1k Vikt\u00f3ria konzulok, \u00e9s tov\u00e1bbi megh\u00edvott vend\u00e9gk\u00e9nt a Stuttgarti Magyar Kult\u00farint\u00e9zet igazgat\u00f3ja Szalay Tam\u00e1s \u00far szem\u00e9lye is f\u00e9mjelezte \u00fcnneps\u00e9g\u00fcnket. A szentmise elej\u00e9n, amelyet Dr. Tempfli Imre pl\u00e9b\u00e1nosunk papt\u00e1rs\u00e1val Merl\u00e1s Tibor aty\u00e1val egy\u00fctt mutatott be, \u00a0Imre atya arr\u00f3l sz\u00f3lt, hogy az Isten emberi alakban j\u00f6tt el k\u00f6z\u00e9nk. F\u00f6lvette egy kisgyermek alakj\u00e1t, \u00e9s szeretet\u00fcnkre szorulva az\u00e9rt lett emberr\u00e9, mert tudta, hogy egy apr\u00f3, emberi seg\u00edts\u00e9gre szorul\u00f3 kisgyermek els\u0151 halv\u00e1ny mosolya is jobban k\u00e9pes hatni, mint legyen a legokosabb b\u00f6lcs sz\u00ednes sz\u00f3noklata. Azonnal \u00e1tj\u00e1rja \u00e9s a sz\u00edv\u00e9be fogadja a r\u00e1 visszamosolyg\u00f3 gyermek szeretet\u00e9t. Az \u00daristen megtehette volna azt is, hogy csak a t\u00f6rv\u00e9nyeit \u00e9s parancsolatait pottyantja le k\u00f6zib\u00e9nk, \u00e9s \u0150 nem szem\u00e9lyes\u00fcl bele mindennapi \u00e9let\u00fcnkbe, s f\u00f6ldi l\u00e9tk\u00f6r\u00fcnkb\u0151l sem k\u00e9r r\u00e9szt.\u00a0De mint tudjuk nem ezt tette, hanem megtette M\u00e1ri\u00e1t kilenc h\u00f3napon \u00e1t &#8222;Isten legszebb temploma&#8221;.\u00a01950 december\u00e9ben hihetetlen esem\u00e9ny t\u00f6rt\u00e9nt a katolikus egyh\u00e1zban: kih\u00edrdett\u00e9k az \u201eEgek Kir\u00e1lyn\u0151je\u201d dogm\u00e1t, \u00e9s az \u00c9g Kir\u00e1lyn\u0151j\u00e9t mint az anyas\u00e1g kir\u00e1lyn\u0151j\u00e9t tisztelt\u00e9k. A Szent\u00edr\u00e1sb\u00f3l k\u00f6nnyen r\u00e1j\u00f6het\u00fcnk arra, hogy mi\u00e9rt \u00e9ppen a gyermeki alakban t\u00f6rt\u00e9n\u0151 m\u00f3dj\u00e1t v\u00e1lasztotta megtestes\u00fcl\u00e9s\u00e9nek a Megv\u00e1lt\u00f3. \u00cdgy sz\u00f3l a v\u00e1lasz: &#8222;\u0150 odah\u00edvott egy gyermeket, k\u00f6z\u00e9j\u00fck \u00e1ll\u00edtotta \u00e9s \u00edgy sz\u00f3lt: Bizony mondom nektek: Ha meg nem v\u00e1ltoztok \u00e9s olyanok nem lesztek mint a gyermek, nem mentek be a mennyek orsz\u00e1g\u00e1ba. Aki teh\u00e1t kicsinny\u00e9 lesz, mint ez a gyermek, az a legnagyobb a mennyek orsz\u00e1g\u00e1ban&#8221; (Mt. 18,2-18,5). Pl\u00e9b\u00e1nosunk arra is kit\u00e9rt, hogy lelki \u00e9let\u00fcnk szempontj\u00e1b\u00f3l fontos lenne az, hogy... R\u00e9szletek\" \/>\n<meta property=\"og:url\" content=\"https:\/\/stuttgarti-katolikusok.de\/index.php\/anyak-napi-megemlekezes\/\" \/>\n<meta property=\"og:site_name\" content=\"Stuttgarti Katolikusok\" \/>\n<meta property=\"article:published_time\" content=\"2016-05-05T21:29:10+00:00\" \/>\n<meta name=\"author\" content=\"Tibor atya\" \/>\n<meta name=\"twitter:card\" content=\"summary_large_image\" \/>\n<meta name=\"twitter:label1\" content=\"Szerz\u0151:\" \/>\n\t<meta name=\"twitter:data1\" content=\"Tibor atya\" \/>\n\t<meta name=\"twitter:label2\" content=\"Becs\u00fclt olvas\u00e1si id\u0151\" \/>\n\t<meta name=\"twitter:data2\" content=\"14 perc\" \/>\n<script type=\"application\/ld+json\" class=\"yoast-schema-graph\">{\"@context\":\"https:\\\/\\\/schema.org\",\"@graph\":[{\"@type\":\"Article\",\"@id\":\"https:\\\/\\\/stuttgarti-katolikusok.de\\\/index.php\\\/anyak-napi-megemlekezes\\\/#article\",\"isPartOf\":{\"@id\":\"https:\\\/\\\/stuttgarti-katolikusok.de\\\/index.php\\\/anyak-napi-megemlekezes\\\/\"},\"author\":{\"name\":\"Tibor atya\",\"@id\":\"https:\\\/\\\/stuttgarti-katolikusok.de\\\/#\\\/schema\\\/person\\\/75908d6f8fdc03a57889d27209df7795\"},\"headline\":\"Any\u00e1k napi megeml\u00e9kez\u00e9s\",\"datePublished\":\"2016-05-05T21:29:10+00:00\",\"mainEntityOfPage\":{\"@id\":\"https:\\\/\\\/stuttgarti-katolikusok.de\\\/index.php\\\/anyak-napi-megemlekezes\\\/\"},\"wordCount\":2793,\"articleSection\":[\"Olvas\u00f3ink \u00edrj\u00e1k\"],\"inLanguage\":\"hu\"},{\"@type\":\"WebPage\",\"@id\":\"https:\\\/\\\/stuttgarti-katolikusok.de\\\/index.php\\\/anyak-napi-megemlekezes\\\/\",\"url\":\"https:\\\/\\\/stuttgarti-katolikusok.de\\\/index.php\\\/anyak-napi-megemlekezes\\\/\",\"name\":\"Any\u00e1k napi megeml\u00e9kez\u00e9s - Stuttgarti Katolikusok\",\"isPartOf\":{\"@id\":\"https:\\\/\\\/stuttgarti-katolikusok.de\\\/#website\"},\"datePublished\":\"2016-05-05T21:29:10+00:00\",\"author\":{\"@id\":\"https:\\\/\\\/stuttgarti-katolikusok.de\\\/#\\\/schema\\\/person\\\/75908d6f8fdc03a57889d27209df7795\"},\"breadcrumb\":{\"@id\":\"https:\\\/\\\/stuttgarti-katolikusok.de\\\/index.php\\\/anyak-napi-megemlekezes\\\/#breadcrumb\"},\"inLanguage\":\"hu\",\"potentialAction\":[{\"@type\":\"ReadAction\",\"target\":[\"https:\\\/\\\/stuttgarti-katolikusok.de\\\/index.php\\\/anyak-napi-megemlekezes\\\/\"]}]},{\"@type\":\"BreadcrumbList\",\"@id\":\"https:\\\/\\\/stuttgarti-katolikusok.de\\\/index.php\\\/anyak-napi-megemlekezes\\\/#breadcrumb\",\"itemListElement\":[{\"@type\":\"ListItem\",\"position\":1,\"name\":\"Kezd\u0151lap\",\"item\":\"https:\\\/\\\/stuttgarti-katolikusok.de\\\/\"},{\"@type\":\"ListItem\",\"position\":2,\"name\":\"Any\u00e1k napi megeml\u00e9kez\u00e9s\"}]},{\"@type\":\"WebSite\",\"@id\":\"https:\\\/\\\/stuttgarti-katolikusok.de\\\/#website\",\"url\":\"https:\\\/\\\/stuttgarti-katolikusok.de\\\/\",\"name\":\"Stuttgarti Katolikusok\",\"description\":\"\",\"potentialAction\":[{\"@type\":\"SearchAction\",\"target\":{\"@type\":\"EntryPoint\",\"urlTemplate\":\"https:\\\/\\\/stuttgarti-katolikusok.de\\\/?s={search_term_string}\"},\"query-input\":{\"@type\":\"PropertyValueSpecification\",\"valueRequired\":true,\"valueName\":\"search_term_string\"}}],\"inLanguage\":\"hu\"},{\"@type\":\"Person\",\"@id\":\"https:\\\/\\\/stuttgarti-katolikusok.de\\\/#\\\/schema\\\/person\\\/75908d6f8fdc03a57889d27209df7795\",\"name\":\"Tibor atya\",\"image\":{\"@type\":\"ImageObject\",\"inLanguage\":\"hu\",\"@id\":\"https:\\\/\\\/secure.gravatar.com\\\/avatar\\\/61d268e57d1f4525b111222e29d2d5a7f8c420fdbf231ba5566a8ceac74fa960?s=96&d=mm&r=g\",\"url\":\"https:\\\/\\\/secure.gravatar.com\\\/avatar\\\/61d268e57d1f4525b111222e29d2d5a7f8c420fdbf231ba5566a8ceac74fa960?s=96&d=mm&r=g\",\"contentUrl\":\"https:\\\/\\\/secure.gravatar.com\\\/avatar\\\/61d268e57d1f4525b111222e29d2d5a7f8c420fdbf231ba5566a8ceac74fa960?s=96&d=mm&r=g\",\"caption\":\"Tibor atya\"},\"url\":\"https:\\\/\\\/stuttgarti-katolikusok.de\\\/index.php\\\/author\\\/tibor-atya\\\/\"}]}<\/script>\n<!-- \/ Yoast SEO plugin. -->","yoast_head_json":{"title":"Any\u00e1k napi megeml\u00e9kez\u00e9s - Stuttgarti Katolikusok","robots":{"index":"index","follow":"follow","max-snippet":"max-snippet:-1","max-image-preview":"max-image-preview:large","max-video-preview":"max-video-preview:-1"},"canonical":"https:\/\/stuttgarti-katolikusok.de\/index.php\/anyak-napi-megemlekezes\/","og_locale":"hu_HU","og_type":"article","og_title":"Any\u00e1k napi megeml\u00e9kez\u00e9s - Stuttgarti Katolikusok","og_description":"\u0150k a b\u00e9ke, a j\u00f3s\u00e1g, puhas\u00e1g a f\u00f6ld\u00f6n, a f\u00f6lt\u00e9tlen szeretet&#8230;(Szab\u00f3 L\u0151rinc: Az any\u00e1k) Ma, amikor \u00e1tl\u00e9ptem a templomkapu k\u00fcsz\u00f6b\u00e9t, sz\u00e1momra is azonnal l\u00e1that\u00f3v\u00e1 v\u00e1lt, hogy ez a vas\u00e1rnap m\u00e1snak \u00edg\u00e9rkezik mint \u00e1ltal\u00e1ban a t\u00f6bbi vas\u00e1rnapjaink. A templomot zs\u00fafol\u00e1sig megt\u00f6lt\u00f6tt\u00e9k az egyh\u00e1zk\u00f6zs\u00e9g h\u00edvei \u00e9s azok a vend\u00e9geink, akik Magyarorsz\u00e1g k\u00e9pviselet\u00e9ben jelentek meg k\u00f6r\u00fcnkben, jelesen: a F\u0151konzul \u00far,\u00a0Dr. Ber\u00e9nyi J\u00e1nos Gy\u00f6rgy szem\u00e9ly\u00e9ben, valamint az \u0151 k\u00e9t munkat\u00e1rsa, Miskolci Ter\u00e9zia \u00e9s Szedl\u00e1k Vikt\u00f3ria konzulok, \u00e9s tov\u00e1bbi megh\u00edvott vend\u00e9gk\u00e9nt a Stuttgarti Magyar Kult\u00farint\u00e9zet igazgat\u00f3ja Szalay Tam\u00e1s \u00far szem\u00e9lye is f\u00e9mjelezte \u00fcnneps\u00e9g\u00fcnket. A szentmise elej\u00e9n, amelyet Dr. Tempfli Imre pl\u00e9b\u00e1nosunk papt\u00e1rs\u00e1val Merl\u00e1s Tibor aty\u00e1val egy\u00fctt mutatott be, \u00a0Imre atya arr\u00f3l sz\u00f3lt, hogy az Isten emberi alakban j\u00f6tt el k\u00f6z\u00e9nk. F\u00f6lvette egy kisgyermek alakj\u00e1t, \u00e9s szeretet\u00fcnkre szorulva az\u00e9rt lett emberr\u00e9, mert tudta, hogy egy apr\u00f3, emberi seg\u00edts\u00e9gre szorul\u00f3 kisgyermek els\u0151 halv\u00e1ny mosolya is jobban k\u00e9pes hatni, mint legyen a legokosabb b\u00f6lcs sz\u00ednes sz\u00f3noklata. Azonnal \u00e1tj\u00e1rja \u00e9s a sz\u00edv\u00e9be fogadja a r\u00e1 visszamosolyg\u00f3 gyermek szeretet\u00e9t. Az \u00daristen megtehette volna azt is, hogy csak a t\u00f6rv\u00e9nyeit \u00e9s parancsolatait pottyantja le k\u00f6zib\u00e9nk, \u00e9s \u0150 nem szem\u00e9lyes\u00fcl bele mindennapi \u00e9let\u00fcnkbe, s f\u00f6ldi l\u00e9tk\u00f6r\u00fcnkb\u0151l sem k\u00e9r r\u00e9szt.\u00a0De mint tudjuk nem ezt tette, hanem megtette M\u00e1ri\u00e1t kilenc h\u00f3napon \u00e1t &#8222;Isten legszebb temploma&#8221;.\u00a01950 december\u00e9ben hihetetlen esem\u00e9ny t\u00f6rt\u00e9nt a katolikus egyh\u00e1zban: kih\u00edrdett\u00e9k az \u201eEgek Kir\u00e1lyn\u0151je\u201d dogm\u00e1t, \u00e9s az \u00c9g Kir\u00e1lyn\u0151j\u00e9t mint az anyas\u00e1g kir\u00e1lyn\u0151j\u00e9t tisztelt\u00e9k. A Szent\u00edr\u00e1sb\u00f3l k\u00f6nnyen r\u00e1j\u00f6het\u00fcnk arra, hogy mi\u00e9rt \u00e9ppen a gyermeki alakban t\u00f6rt\u00e9n\u0151 m\u00f3dj\u00e1t v\u00e1lasztotta megtestes\u00fcl\u00e9s\u00e9nek a Megv\u00e1lt\u00f3. \u00cdgy sz\u00f3l a v\u00e1lasz: &#8222;\u0150 odah\u00edvott egy gyermeket, k\u00f6z\u00e9j\u00fck \u00e1ll\u00edtotta \u00e9s \u00edgy sz\u00f3lt: Bizony mondom nektek: Ha meg nem v\u00e1ltoztok \u00e9s olyanok nem lesztek mint a gyermek, nem mentek be a mennyek orsz\u00e1g\u00e1ba. Aki teh\u00e1t kicsinny\u00e9 lesz, mint ez a gyermek, az a legnagyobb a mennyek orsz\u00e1g\u00e1ban&#8221; (Mt. 18,2-18,5). Pl\u00e9b\u00e1nosunk arra is kit\u00e9rt, hogy lelki \u00e9let\u00fcnk szempontj\u00e1b\u00f3l fontos lenne az, hogy... R\u00e9szletek","og_url":"https:\/\/stuttgarti-katolikusok.de\/index.php\/anyak-napi-megemlekezes\/","og_site_name":"Stuttgarti Katolikusok","article_published_time":"2016-05-05T21:29:10+00:00","author":"Tibor atya","twitter_card":"summary_large_image","twitter_misc":{"Szerz\u0151:":"Tibor atya","Becs\u00fclt olvas\u00e1si id\u0151":"14 perc"},"schema":{"@context":"https:\/\/schema.org","@graph":[{"@type":"Article","@id":"https:\/\/stuttgarti-katolikusok.de\/index.php\/anyak-napi-megemlekezes\/#article","isPartOf":{"@id":"https:\/\/stuttgarti-katolikusok.de\/index.php\/anyak-napi-megemlekezes\/"},"author":{"name":"Tibor atya","@id":"https:\/\/stuttgarti-katolikusok.de\/#\/schema\/person\/75908d6f8fdc03a57889d27209df7795"},"headline":"Any\u00e1k napi megeml\u00e9kez\u00e9s","datePublished":"2016-05-05T21:29:10+00:00","mainEntityOfPage":{"@id":"https:\/\/stuttgarti-katolikusok.de\/index.php\/anyak-napi-megemlekezes\/"},"wordCount":2793,"articleSection":["Olvas\u00f3ink \u00edrj\u00e1k"],"inLanguage":"hu"},{"@type":"WebPage","@id":"https:\/\/stuttgarti-katolikusok.de\/index.php\/anyak-napi-megemlekezes\/","url":"https:\/\/stuttgarti-katolikusok.de\/index.php\/anyak-napi-megemlekezes\/","name":"Any\u00e1k napi megeml\u00e9kez\u00e9s - Stuttgarti Katolikusok","isPartOf":{"@id":"https:\/\/stuttgarti-katolikusok.de\/#website"},"datePublished":"2016-05-05T21:29:10+00:00","author":{"@id":"https:\/\/stuttgarti-katolikusok.de\/#\/schema\/person\/75908d6f8fdc03a57889d27209df7795"},"breadcrumb":{"@id":"https:\/\/stuttgarti-katolikusok.de\/index.php\/anyak-napi-megemlekezes\/#breadcrumb"},"inLanguage":"hu","potentialAction":[{"@type":"ReadAction","target":["https:\/\/stuttgarti-katolikusok.de\/index.php\/anyak-napi-megemlekezes\/"]}]},{"@type":"BreadcrumbList","@id":"https:\/\/stuttgarti-katolikusok.de\/index.php\/anyak-napi-megemlekezes\/#breadcrumb","itemListElement":[{"@type":"ListItem","position":1,"name":"Kezd\u0151lap","item":"https:\/\/stuttgarti-katolikusok.de\/"},{"@type":"ListItem","position":2,"name":"Any\u00e1k napi megeml\u00e9kez\u00e9s"}]},{"@type":"WebSite","@id":"https:\/\/stuttgarti-katolikusok.de\/#website","url":"https:\/\/stuttgarti-katolikusok.de\/","name":"Stuttgarti Katolikusok","description":"","potentialAction":[{"@type":"SearchAction","target":{"@type":"EntryPoint","urlTemplate":"https:\/\/stuttgarti-katolikusok.de\/?s={search_term_string}"},"query-input":{"@type":"PropertyValueSpecification","valueRequired":true,"valueName":"search_term_string"}}],"inLanguage":"hu"},{"@type":"Person","@id":"https:\/\/stuttgarti-katolikusok.de\/#\/schema\/person\/75908d6f8fdc03a57889d27209df7795","name":"Tibor atya","image":{"@type":"ImageObject","inLanguage":"hu","@id":"https:\/\/secure.gravatar.com\/avatar\/61d268e57d1f4525b111222e29d2d5a7f8c420fdbf231ba5566a8ceac74fa960?s=96&d=mm&r=g","url":"https:\/\/secure.gravatar.com\/avatar\/61d268e57d1f4525b111222e29d2d5a7f8c420fdbf231ba5566a8ceac74fa960?s=96&d=mm&r=g","contentUrl":"https:\/\/secure.gravatar.com\/avatar\/61d268e57d1f4525b111222e29d2d5a7f8c420fdbf231ba5566a8ceac74fa960?s=96&d=mm&r=g","caption":"Tibor atya"},"url":"https:\/\/stuttgarti-katolikusok.de\/index.php\/author\/tibor-atya\/"}]}},"_links":{"self":[{"href":"https:\/\/stuttgarti-katolikusok.de\/index.php\/wp-json\/wp\/v2\/posts\/9182","targetHints":{"allow":["GET"]}}],"collection":[{"href":"https:\/\/stuttgarti-katolikusok.de\/index.php\/wp-json\/wp\/v2\/posts"}],"about":[{"href":"https:\/\/stuttgarti-katolikusok.de\/index.php\/wp-json\/wp\/v2\/types\/post"}],"author":[{"embeddable":true,"href":"https:\/\/stuttgarti-katolikusok.de\/index.php\/wp-json\/wp\/v2\/users\/3"}],"replies":[{"embeddable":true,"href":"https:\/\/stuttgarti-katolikusok.de\/index.php\/wp-json\/wp\/v2\/comments?post=9182"}],"version-history":[{"count":2,"href":"https:\/\/stuttgarti-katolikusok.de\/index.php\/wp-json\/wp\/v2\/posts\/9182\/revisions"}],"predecessor-version":[{"id":9185,"href":"https:\/\/stuttgarti-katolikusok.de\/index.php\/wp-json\/wp\/v2\/posts\/9182\/revisions\/9185"}],"wp:attachment":[{"href":"https:\/\/stuttgarti-katolikusok.de\/index.php\/wp-json\/wp\/v2\/media?parent=9182"}],"wp:term":[{"taxonomy":"category","embeddable":true,"href":"https:\/\/stuttgarti-katolikusok.de\/index.php\/wp-json\/wp\/v2\/categories?post=9182"},{"taxonomy":"post_tag","embeddable":true,"href":"https:\/\/stuttgarti-katolikusok.de\/index.php\/wp-json\/wp\/v2\/tags?post=9182"}],"curies":[{"name":"wp","href":"https:\/\/api.w.org\/{rel}","templated":true}]}}