{"id":9145,"date":"2016-04-27T05:54:05","date_gmt":"2016-04-27T05:54:05","guid":{"rendered":"https:\/\/gracious-dewdney.138-201-221-2.plesk.page\/?p=9145"},"modified":"2016-04-27T05:54:25","modified_gmt":"2016-04-27T05:54:25","slug":"brune-gyorgyi-marietta-lektoravatas","status":"publish","type":"post","link":"https:\/\/stuttgarti-katolikusok.de\/index.php\/brune-gyorgyi-marietta-lektoravatas\/","title":{"rendered":"Brune Gy\u00f6rgyi Marietta: Lektoravat\u00e1s"},"content":{"rendered":"<p><strong>Lektoravat\u00e1si \u00fcnneps\u00e9g Stuttgartban<\/strong><\/p>\n<p>&nbsp;<\/p>\n<p>Nem is tudom mi\u00e9rt csak mostanra \u00e9rett meg bennem az elhat\u00e1roz\u00e1s, hogy szeretn\u00e9k egy akt\u00edv k\u00f6z\u00f6ss\u00e9g akt\u00edv r\u00e9sz\u00e9v\u00e9 v\u00e1lni.<\/p>\n<p>Nagy \u00f6r\u00f6mmel fogadtam el a tapasztaltabb lektort\u00e1rsaim megh\u00edv\u00e1s\u00e1t a tavaszi lektorszemin\u00e1riumra. Egy j\u00f3 hangulat\u00fa, gyakorlati- \u00e9s lexik\u00e1lis tud\u00e1st egyar\u00e1nt mag\u00e1nban foglal\u00f3 d\u00e9lel\u0151tt\u00f6t elt\u00f6ltve ismerkedhettem meg a lektori szolg\u00e1lat alapjaival.<\/p>\n<p>A lektorr\u00e1 avat\u00e1son hatodmagammal \u00e1llhattam \u00fajonck\u00e9nt az olt\u00e1rhoz. Az avat\u00e1son r\u00e9sztvev\u0151 \u00faj lektorok Ime Aty\u00e1t\u00f3l egy tam\u00e1si jelenetet \u00e1br\u00e1zol\u00f3 eml\u00e9klapot kaptak.<\/p>\n<p>Lehet\u0151s\u00e9geimhez m\u00e9rten szeretn\u00e9m t\u00e1mogatni egyre b\u0151v\u00fcl\u0151 csapatunkat. A lektori szolg\u00e1lat ugyanis t\u00f6bb, mint olvas\u00f3i szolg\u00e1lat. Minden k\u00f6z\u00f6ss\u00e9gi feladatv\u00e1llal\u00e1s \u00fagy \u00e9rzem felel\u0151ss\u00e9g \u00e9s egyben lehet\u0151s\u00e9g is, mely tudatos\u00edtja benn\u00fcnk, hogy egy cselekv\u0151 k\u00f6z\u00f6ss\u00e9g sodr\u00e1s\u00e1ban hit\u00fcnk \u00faj \u00e9letre k\u00e9l.<\/p>\n<p>&nbsp;<\/p>\n<p><em>Brune Gy\u00f6rgyi Marietta<\/em><\/p>\n<p><em>Stuttgart, 2016-04-26.<\/em><\/p>\n","protected":false},"excerpt":{"rendered":"<p>Lektoravat\u00e1si \u00fcnneps\u00e9g Stuttgartban &nbsp; Nem is tudom mi\u00e9rt csak mostanra \u00e9rett meg bennem az elhat\u00e1roz\u00e1s, hogy szeretn\u00e9k egy akt\u00edv k\u00f6z\u00f6ss\u00e9g akt\u00edv r\u00e9sz\u00e9v\u00e9 v\u00e1lni. Nagy \u00f6r\u00f6mmel fogadtam el a tapasztaltabb lektort\u00e1rsaim megh\u00edv\u00e1s\u00e1t a tavaszi lektorszemin\u00e1riumra. Egy j\u00f3 hangulat\u00fa, gyakorlati- \u00e9s lexik\u00e1lis tud\u00e1st egyar\u00e1nt mag\u00e1nban foglal\u00f3 d\u00e9lel\u0151tt\u00f6t elt\u00f6ltve ismerkedhettem meg a lektori szolg\u00e1lat alapjaival. A lektorr\u00e1 avat\u00e1son hatodmagammal \u00e1llhattam \u00fajonck\u00e9nt az olt\u00e1rhoz. Az avat\u00e1son r\u00e9sztvev\u0151 \u00faj lektorok Ime Aty\u00e1t\u00f3l egy tam\u00e1si jelenetet \u00e1br\u00e1zol\u00f3 eml\u00e9klapot kaptak. Lehet\u0151s\u00e9geimhez m\u00e9rten szeretn\u00e9m t\u00e1mogatni egyre b\u0151v\u00fcl\u0151 csapatunkat. A lektori szolg\u00e1lat ugyanis t\u00f6bb, mint olvas\u00f3i szolg\u00e1lat. Minden k\u00f6z\u00f6ss\u00e9gi feladatv\u00e1llal\u00e1s \u00fagy \u00e9rzem felel\u0151ss\u00e9g \u00e9s egyben lehet\u0151s\u00e9g is, mely tudatos\u00edtja benn\u00fcnk, hogy egy cselekv\u0151 k\u00f6z\u00f6ss\u00e9g sodr\u00e1s\u00e1ban hit\u00fcnk \u00faj \u00e9letre k\u00e9l. &nbsp; Brune Gy\u00f6rgyi Marietta Stuttgart, 2016-04-26.<\/p>\n","protected":false},"author":3,"featured_media":9146,"comment_status":"closed","ping_status":"closed","sticky":false,"template":"","format":"standard","meta":{"footnotes":""},"categories":[28],"tags":[],"class_list":["post-9145","post","type-post","status-publish","format-standard","has-post-thumbnail","hentry","category-olvasoink-irjak"],"yoast_head":"<!-- This site is optimized with the Yoast SEO plugin v27.3 - https:\/\/yoast.com\/product\/yoast-seo-wordpress\/ -->\n<title>Brune Gy\u00f6rgyi Marietta: Lektoravat\u00e1s - Stuttgarti Katolikusok<\/title>\n<meta name=\"robots\" content=\"index, follow, max-snippet:-1, max-image-preview:large, max-video-preview:-1\" \/>\n<link rel=\"canonical\" href=\"https:\/\/stuttgarti-katolikusok.de\/index.php\/brune-gyorgyi-marietta-lektoravatas\/\" \/>\n<meta property=\"og:locale\" content=\"hu_HU\" \/>\n<meta property=\"og:type\" content=\"article\" \/>\n<meta property=\"og:title\" content=\"Brune Gy\u00f6rgyi Marietta: Lektoravat\u00e1s - Stuttgarti Katolikusok\" \/>\n<meta property=\"og:description\" content=\"Lektoravat\u00e1si \u00fcnneps\u00e9g Stuttgartban &nbsp; Nem is tudom mi\u00e9rt csak mostanra \u00e9rett meg bennem az elhat\u00e1roz\u00e1s, hogy szeretn\u00e9k egy akt\u00edv k\u00f6z\u00f6ss\u00e9g akt\u00edv r\u00e9sz\u00e9v\u00e9 v\u00e1lni. Nagy \u00f6r\u00f6mmel fogadtam el a tapasztaltabb lektort\u00e1rsaim megh\u00edv\u00e1s\u00e1t a tavaszi lektorszemin\u00e1riumra. Egy j\u00f3 hangulat\u00fa, gyakorlati- \u00e9s lexik\u00e1lis tud\u00e1st egyar\u00e1nt mag\u00e1nban foglal\u00f3 d\u00e9lel\u0151tt\u00f6t elt\u00f6ltve ismerkedhettem meg a lektori szolg\u00e1lat alapjaival. A lektorr\u00e1 avat\u00e1son hatodmagammal \u00e1llhattam \u00fajonck\u00e9nt az olt\u00e1rhoz. Az avat\u00e1son r\u00e9sztvev\u0151 \u00faj lektorok Ime Aty\u00e1t\u00f3l egy tam\u00e1si jelenetet \u00e1br\u00e1zol\u00f3 eml\u00e9klapot kaptak. Lehet\u0151s\u00e9geimhez m\u00e9rten szeretn\u00e9m t\u00e1mogatni egyre b\u0151v\u00fcl\u0151 csapatunkat. A lektori szolg\u00e1lat ugyanis t\u00f6bb, mint olvas\u00f3i szolg\u00e1lat. Minden k\u00f6z\u00f6ss\u00e9gi feladatv\u00e1llal\u00e1s \u00fagy \u00e9rzem felel\u0151ss\u00e9g \u00e9s egyben lehet\u0151s\u00e9g is, mely tudatos\u00edtja benn\u00fcnk, hogy egy cselekv\u0151 k\u00f6z\u00f6ss\u00e9g sodr\u00e1s\u00e1ban hit\u00fcnk \u00faj \u00e9letre k\u00e9l. &nbsp; Brune Gy\u00f6rgyi Marietta Stuttgart, 2016-04-26.\" \/>\n<meta property=\"og:url\" content=\"https:\/\/stuttgarti-katolikusok.de\/index.php\/brune-gyorgyi-marietta-lektoravatas\/\" \/>\n<meta property=\"og:site_name\" content=\"Stuttgarti Katolikusok\" \/>\n<meta property=\"article:published_time\" content=\"2016-04-27T05:54:05+00:00\" \/>\n<meta property=\"article:modified_time\" content=\"2016-04-27T05:54:25+00:00\" \/>\n<meta property=\"og:image\" content=\"https:\/\/stuttgarti-katolikusok.de\/wp-content\/uploads\/2016\/04\/marietta.jpg\" \/>\n\t<meta property=\"og:image:width\" content=\"150\" \/>\n\t<meta property=\"og:image:height\" content=\"150\" \/>\n\t<meta property=\"og:image:type\" content=\"image\/jpeg\" \/>\n<meta name=\"author\" content=\"Tibor atya\" \/>\n<meta name=\"twitter:card\" content=\"summary_large_image\" \/>\n<meta name=\"twitter:label1\" content=\"Szerz\u0151:\" \/>\n\t<meta name=\"twitter:data1\" content=\"Tibor atya\" \/>\n\t<meta name=\"twitter:label2\" content=\"Becs\u00fclt olvas\u00e1si id\u0151\" \/>\n\t<meta name=\"twitter:data2\" content=\"1 perc\" \/>\n<script type=\"application\/ld+json\" class=\"yoast-schema-graph\">{\"@context\":\"https:\\\/\\\/schema.org\",\"@graph\":[{\"@type\":\"Article\",\"@id\":\"https:\\\/\\\/stuttgarti-katolikusok.de\\\/index.php\\\/brune-gyorgyi-marietta-lektoravatas\\\/#article\",\"isPartOf\":{\"@id\":\"https:\\\/\\\/stuttgarti-katolikusok.de\\\/index.php\\\/brune-gyorgyi-marietta-lektoravatas\\\/\"},\"author\":{\"name\":\"Tibor atya\",\"@id\":\"https:\\\/\\\/stuttgarti-katolikusok.de\\\/#\\\/schema\\\/person\\\/75908d6f8fdc03a57889d27209df7795\"},\"headline\":\"Brune Gy\u00f6rgyi Marietta: Lektoravat\u00e1s\",\"datePublished\":\"2016-04-27T05:54:05+00:00\",\"dateModified\":\"2016-04-27T05:54:25+00:00\",\"mainEntityOfPage\":{\"@id\":\"https:\\\/\\\/stuttgarti-katolikusok.de\\\/index.php\\\/brune-gyorgyi-marietta-lektoravatas\\\/\"},\"wordCount\":192,\"image\":{\"@id\":\"https:\\\/\\\/stuttgarti-katolikusok.de\\\/index.php\\\/brune-gyorgyi-marietta-lektoravatas\\\/#primaryimage\"},\"thumbnailUrl\":\"https:\\\/\\\/stuttgarti-katolikusok.de\\\/wp-content\\\/uploads\\\/2016\\\/04\\\/marietta.jpg\",\"articleSection\":[\"Olvas\u00f3ink \u00edrj\u00e1k\"],\"inLanguage\":\"hu\"},{\"@type\":\"WebPage\",\"@id\":\"https:\\\/\\\/stuttgarti-katolikusok.de\\\/index.php\\\/brune-gyorgyi-marietta-lektoravatas\\\/\",\"url\":\"https:\\\/\\\/stuttgarti-katolikusok.de\\\/index.php\\\/brune-gyorgyi-marietta-lektoravatas\\\/\",\"name\":\"Brune Gy\u00f6rgyi Marietta: Lektoravat\u00e1s - Stuttgarti Katolikusok\",\"isPartOf\":{\"@id\":\"https:\\\/\\\/stuttgarti-katolikusok.de\\\/#website\"},\"primaryImageOfPage\":{\"@id\":\"https:\\\/\\\/stuttgarti-katolikusok.de\\\/index.php\\\/brune-gyorgyi-marietta-lektoravatas\\\/#primaryimage\"},\"image\":{\"@id\":\"https:\\\/\\\/stuttgarti-katolikusok.de\\\/index.php\\\/brune-gyorgyi-marietta-lektoravatas\\\/#primaryimage\"},\"thumbnailUrl\":\"https:\\\/\\\/stuttgarti-katolikusok.de\\\/wp-content\\\/uploads\\\/2016\\\/04\\\/marietta.jpg\",\"datePublished\":\"2016-04-27T05:54:05+00:00\",\"dateModified\":\"2016-04-27T05:54:25+00:00\",\"author\":{\"@id\":\"https:\\\/\\\/stuttgarti-katolikusok.de\\\/#\\\/schema\\\/person\\\/75908d6f8fdc03a57889d27209df7795\"},\"breadcrumb\":{\"@id\":\"https:\\\/\\\/stuttgarti-katolikusok.de\\\/index.php\\\/brune-gyorgyi-marietta-lektoravatas\\\/#breadcrumb\"},\"inLanguage\":\"hu\",\"potentialAction\":[{\"@type\":\"ReadAction\",\"target\":[\"https:\\\/\\\/stuttgarti-katolikusok.de\\\/index.php\\\/brune-gyorgyi-marietta-lektoravatas\\\/\"]}]},{\"@type\":\"ImageObject\",\"inLanguage\":\"hu\",\"@id\":\"https:\\\/\\\/stuttgarti-katolikusok.de\\\/index.php\\\/brune-gyorgyi-marietta-lektoravatas\\\/#primaryimage\",\"url\":\"https:\\\/\\\/stuttgarti-katolikusok.de\\\/wp-content\\\/uploads\\\/2016\\\/04\\\/marietta.jpg\",\"contentUrl\":\"https:\\\/\\\/stuttgarti-katolikusok.de\\\/wp-content\\\/uploads\\\/2016\\\/04\\\/marietta.jpg\",\"width\":150,\"height\":150},{\"@type\":\"BreadcrumbList\",\"@id\":\"https:\\\/\\\/stuttgarti-katolikusok.de\\\/index.php\\\/brune-gyorgyi-marietta-lektoravatas\\\/#breadcrumb\",\"itemListElement\":[{\"@type\":\"ListItem\",\"position\":1,\"name\":\"Kezd\u0151lap\",\"item\":\"https:\\\/\\\/stuttgarti-katolikusok.de\\\/\"},{\"@type\":\"ListItem\",\"position\":2,\"name\":\"Brune Gy\u00f6rgyi Marietta: Lektoravat\u00e1s\"}]},{\"@type\":\"WebSite\",\"@id\":\"https:\\\/\\\/stuttgarti-katolikusok.de\\\/#website\",\"url\":\"https:\\\/\\\/stuttgarti-katolikusok.de\\\/\",\"name\":\"Stuttgarti Katolikusok\",\"description\":\"\",\"potentialAction\":[{\"@type\":\"SearchAction\",\"target\":{\"@type\":\"EntryPoint\",\"urlTemplate\":\"https:\\\/\\\/stuttgarti-katolikusok.de\\\/?s={search_term_string}\"},\"query-input\":{\"@type\":\"PropertyValueSpecification\",\"valueRequired\":true,\"valueName\":\"search_term_string\"}}],\"inLanguage\":\"hu\"},{\"@type\":\"Person\",\"@id\":\"https:\\\/\\\/stuttgarti-katolikusok.de\\\/#\\\/schema\\\/person\\\/75908d6f8fdc03a57889d27209df7795\",\"name\":\"Tibor atya\",\"image\":{\"@type\":\"ImageObject\",\"inLanguage\":\"hu\",\"@id\":\"https:\\\/\\\/secure.gravatar.com\\\/avatar\\\/61d268e57d1f4525b111222e29d2d5a7f8c420fdbf231ba5566a8ceac74fa960?s=96&d=mm&r=g\",\"url\":\"https:\\\/\\\/secure.gravatar.com\\\/avatar\\\/61d268e57d1f4525b111222e29d2d5a7f8c420fdbf231ba5566a8ceac74fa960?s=96&d=mm&r=g\",\"contentUrl\":\"https:\\\/\\\/secure.gravatar.com\\\/avatar\\\/61d268e57d1f4525b111222e29d2d5a7f8c420fdbf231ba5566a8ceac74fa960?s=96&d=mm&r=g\",\"caption\":\"Tibor atya\"},\"url\":\"https:\\\/\\\/stuttgarti-katolikusok.de\\\/index.php\\\/author\\\/tibor-atya\\\/\"}]}<\/script>\n<!-- \/ Yoast SEO plugin. -->","yoast_head_json":{"title":"Brune Gy\u00f6rgyi Marietta: Lektoravat\u00e1s - Stuttgarti Katolikusok","robots":{"index":"index","follow":"follow","max-snippet":"max-snippet:-1","max-image-preview":"max-image-preview:large","max-video-preview":"max-video-preview:-1"},"canonical":"https:\/\/stuttgarti-katolikusok.de\/index.php\/brune-gyorgyi-marietta-lektoravatas\/","og_locale":"hu_HU","og_type":"article","og_title":"Brune Gy\u00f6rgyi Marietta: Lektoravat\u00e1s - Stuttgarti Katolikusok","og_description":"Lektoravat\u00e1si \u00fcnneps\u00e9g Stuttgartban &nbsp; Nem is tudom mi\u00e9rt csak mostanra \u00e9rett meg bennem az elhat\u00e1roz\u00e1s, hogy szeretn\u00e9k egy akt\u00edv k\u00f6z\u00f6ss\u00e9g akt\u00edv r\u00e9sz\u00e9v\u00e9 v\u00e1lni. Nagy \u00f6r\u00f6mmel fogadtam el a tapasztaltabb lektort\u00e1rsaim megh\u00edv\u00e1s\u00e1t a tavaszi lektorszemin\u00e1riumra. Egy j\u00f3 hangulat\u00fa, gyakorlati- \u00e9s lexik\u00e1lis tud\u00e1st egyar\u00e1nt mag\u00e1nban foglal\u00f3 d\u00e9lel\u0151tt\u00f6t elt\u00f6ltve ismerkedhettem meg a lektori szolg\u00e1lat alapjaival. A lektorr\u00e1 avat\u00e1son hatodmagammal \u00e1llhattam \u00fajonck\u00e9nt az olt\u00e1rhoz. Az avat\u00e1son r\u00e9sztvev\u0151 \u00faj lektorok Ime Aty\u00e1t\u00f3l egy tam\u00e1si jelenetet \u00e1br\u00e1zol\u00f3 eml\u00e9klapot kaptak. Lehet\u0151s\u00e9geimhez m\u00e9rten szeretn\u00e9m t\u00e1mogatni egyre b\u0151v\u00fcl\u0151 csapatunkat. A lektori szolg\u00e1lat ugyanis t\u00f6bb, mint olvas\u00f3i szolg\u00e1lat. Minden k\u00f6z\u00f6ss\u00e9gi feladatv\u00e1llal\u00e1s \u00fagy \u00e9rzem felel\u0151ss\u00e9g \u00e9s egyben lehet\u0151s\u00e9g is, mely tudatos\u00edtja benn\u00fcnk, hogy egy cselekv\u0151 k\u00f6z\u00f6ss\u00e9g sodr\u00e1s\u00e1ban hit\u00fcnk \u00faj \u00e9letre k\u00e9l. &nbsp; Brune Gy\u00f6rgyi Marietta Stuttgart, 2016-04-26.","og_url":"https:\/\/stuttgarti-katolikusok.de\/index.php\/brune-gyorgyi-marietta-lektoravatas\/","og_site_name":"Stuttgarti Katolikusok","article_published_time":"2016-04-27T05:54:05+00:00","article_modified_time":"2016-04-27T05:54:25+00:00","og_image":[{"width":150,"height":150,"url":"https:\/\/stuttgarti-katolikusok.de\/wp-content\/uploads\/2016\/04\/marietta.jpg","type":"image\/jpeg"}],"author":"Tibor atya","twitter_card":"summary_large_image","twitter_misc":{"Szerz\u0151:":"Tibor atya","Becs\u00fclt olvas\u00e1si id\u0151":"1 perc"},"schema":{"@context":"https:\/\/schema.org","@graph":[{"@type":"Article","@id":"https:\/\/stuttgarti-katolikusok.de\/index.php\/brune-gyorgyi-marietta-lektoravatas\/#article","isPartOf":{"@id":"https:\/\/stuttgarti-katolikusok.de\/index.php\/brune-gyorgyi-marietta-lektoravatas\/"},"author":{"name":"Tibor atya","@id":"https:\/\/stuttgarti-katolikusok.de\/#\/schema\/person\/75908d6f8fdc03a57889d27209df7795"},"headline":"Brune Gy\u00f6rgyi Marietta: Lektoravat\u00e1s","datePublished":"2016-04-27T05:54:05+00:00","dateModified":"2016-04-27T05:54:25+00:00","mainEntityOfPage":{"@id":"https:\/\/stuttgarti-katolikusok.de\/index.php\/brune-gyorgyi-marietta-lektoravatas\/"},"wordCount":192,"image":{"@id":"https:\/\/stuttgarti-katolikusok.de\/index.php\/brune-gyorgyi-marietta-lektoravatas\/#primaryimage"},"thumbnailUrl":"https:\/\/stuttgarti-katolikusok.de\/wp-content\/uploads\/2016\/04\/marietta.jpg","articleSection":["Olvas\u00f3ink \u00edrj\u00e1k"],"inLanguage":"hu"},{"@type":"WebPage","@id":"https:\/\/stuttgarti-katolikusok.de\/index.php\/brune-gyorgyi-marietta-lektoravatas\/","url":"https:\/\/stuttgarti-katolikusok.de\/index.php\/brune-gyorgyi-marietta-lektoravatas\/","name":"Brune Gy\u00f6rgyi Marietta: Lektoravat\u00e1s - Stuttgarti Katolikusok","isPartOf":{"@id":"https:\/\/stuttgarti-katolikusok.de\/#website"},"primaryImageOfPage":{"@id":"https:\/\/stuttgarti-katolikusok.de\/index.php\/brune-gyorgyi-marietta-lektoravatas\/#primaryimage"},"image":{"@id":"https:\/\/stuttgarti-katolikusok.de\/index.php\/brune-gyorgyi-marietta-lektoravatas\/#primaryimage"},"thumbnailUrl":"https:\/\/stuttgarti-katolikusok.de\/wp-content\/uploads\/2016\/04\/marietta.jpg","datePublished":"2016-04-27T05:54:05+00:00","dateModified":"2016-04-27T05:54:25+00:00","author":{"@id":"https:\/\/stuttgarti-katolikusok.de\/#\/schema\/person\/75908d6f8fdc03a57889d27209df7795"},"breadcrumb":{"@id":"https:\/\/stuttgarti-katolikusok.de\/index.php\/brune-gyorgyi-marietta-lektoravatas\/#breadcrumb"},"inLanguage":"hu","potentialAction":[{"@type":"ReadAction","target":["https:\/\/stuttgarti-katolikusok.de\/index.php\/brune-gyorgyi-marietta-lektoravatas\/"]}]},{"@type":"ImageObject","inLanguage":"hu","@id":"https:\/\/stuttgarti-katolikusok.de\/index.php\/brune-gyorgyi-marietta-lektoravatas\/#primaryimage","url":"https:\/\/stuttgarti-katolikusok.de\/wp-content\/uploads\/2016\/04\/marietta.jpg","contentUrl":"https:\/\/stuttgarti-katolikusok.de\/wp-content\/uploads\/2016\/04\/marietta.jpg","width":150,"height":150},{"@type":"BreadcrumbList","@id":"https:\/\/stuttgarti-katolikusok.de\/index.php\/brune-gyorgyi-marietta-lektoravatas\/#breadcrumb","itemListElement":[{"@type":"ListItem","position":1,"name":"Kezd\u0151lap","item":"https:\/\/stuttgarti-katolikusok.de\/"},{"@type":"ListItem","position":2,"name":"Brune Gy\u00f6rgyi Marietta: Lektoravat\u00e1s"}]},{"@type":"WebSite","@id":"https:\/\/stuttgarti-katolikusok.de\/#website","url":"https:\/\/stuttgarti-katolikusok.de\/","name":"Stuttgarti Katolikusok","description":"","potentialAction":[{"@type":"SearchAction","target":{"@type":"EntryPoint","urlTemplate":"https:\/\/stuttgarti-katolikusok.de\/?s={search_term_string}"},"query-input":{"@type":"PropertyValueSpecification","valueRequired":true,"valueName":"search_term_string"}}],"inLanguage":"hu"},{"@type":"Person","@id":"https:\/\/stuttgarti-katolikusok.de\/#\/schema\/person\/75908d6f8fdc03a57889d27209df7795","name":"Tibor atya","image":{"@type":"ImageObject","inLanguage":"hu","@id":"https:\/\/secure.gravatar.com\/avatar\/61d268e57d1f4525b111222e29d2d5a7f8c420fdbf231ba5566a8ceac74fa960?s=96&d=mm&r=g","url":"https:\/\/secure.gravatar.com\/avatar\/61d268e57d1f4525b111222e29d2d5a7f8c420fdbf231ba5566a8ceac74fa960?s=96&d=mm&r=g","contentUrl":"https:\/\/secure.gravatar.com\/avatar\/61d268e57d1f4525b111222e29d2d5a7f8c420fdbf231ba5566a8ceac74fa960?s=96&d=mm&r=g","caption":"Tibor atya"},"url":"https:\/\/stuttgarti-katolikusok.de\/index.php\/author\/tibor-atya\/"}]}},"_links":{"self":[{"href":"https:\/\/stuttgarti-katolikusok.de\/index.php\/wp-json\/wp\/v2\/posts\/9145","targetHints":{"allow":["GET"]}}],"collection":[{"href":"https:\/\/stuttgarti-katolikusok.de\/index.php\/wp-json\/wp\/v2\/posts"}],"about":[{"href":"https:\/\/stuttgarti-katolikusok.de\/index.php\/wp-json\/wp\/v2\/types\/post"}],"author":[{"embeddable":true,"href":"https:\/\/stuttgarti-katolikusok.de\/index.php\/wp-json\/wp\/v2\/users\/3"}],"replies":[{"embeddable":true,"href":"https:\/\/stuttgarti-katolikusok.de\/index.php\/wp-json\/wp\/v2\/comments?post=9145"}],"version-history":[{"count":2,"href":"https:\/\/stuttgarti-katolikusok.de\/index.php\/wp-json\/wp\/v2\/posts\/9145\/revisions"}],"predecessor-version":[{"id":9148,"href":"https:\/\/stuttgarti-katolikusok.de\/index.php\/wp-json\/wp\/v2\/posts\/9145\/revisions\/9148"}],"wp:featuredmedia":[{"embeddable":true,"href":"https:\/\/stuttgarti-katolikusok.de\/index.php\/wp-json\/wp\/v2\/media\/9146"}],"wp:attachment":[{"href":"https:\/\/stuttgarti-katolikusok.de\/index.php\/wp-json\/wp\/v2\/media?parent=9145"}],"wp:term":[{"taxonomy":"category","embeddable":true,"href":"https:\/\/stuttgarti-katolikusok.de\/index.php\/wp-json\/wp\/v2\/categories?post=9145"},{"taxonomy":"post_tag","embeddable":true,"href":"https:\/\/stuttgarti-katolikusok.de\/index.php\/wp-json\/wp\/v2\/tags?post=9145"}],"curies":[{"name":"wp","href":"https:\/\/api.w.org\/{rel}","templated":true}]}}