{"id":9116,"date":"2016-04-25T11:16:31","date_gmt":"2016-04-25T11:16:31","guid":{"rendered":"https:\/\/gracious-dewdney.138-201-221-2.plesk.page\/?p=9116"},"modified":"2016-04-25T11:16:31","modified_gmt":"2016-04-25T11:16:31","slug":"egy-igazi-kozosseg","status":"publish","type":"post","link":"https:\/\/stuttgarti-katolikusok.de\/index.php\/egy-igazi-kozosseg\/","title":{"rendered":"Egy igazi k\u00f6z\u00f6ss\u00e9g&#8230;"},"content":{"rendered":"<p><strong>Egy igazi k\u00f6z\u00f6ss\u00e9g<\/strong><\/p>\n<p>&nbsp;<\/p>\n<p>Felejthetetlen marad sz\u00e1momra a K\u00f6lni \u00c9rseks\u00e9g R\u00f3mai Katolikus Magyar Lelk\u00e9szs\u00e9ge h\u00fasz tagj\u00e1nak \u00e9s lelkip\u00e1sztoruknak, Ft. Luk\u00e1cs J\u00f3zsef aty\u00e1nak a l\u00e1togat\u00e1sa egyh\u00e1zk\u00f6zs\u00e9g\u00fcnkben.<\/p>\n<p>&nbsp;<\/p>\n<p>A l\u00e1togat\u00e1s \u00f6tlet\u00e9t Imre aty\u00e1nak k\u00f6sz\u00f6nhetj\u00fck, \u00e9s azt a c\u00e9lt szolg\u00e1lta, hogy jobban megismerj\u00fck egym\u00e1s t\u00f6rt\u00e9net\u00e9t, programjait, terveit, \u00e9lm\u00e9nyeit \u00e9s a v\u00e1rost, ahol \u00e9l\u00fcnk.<\/p>\n<p>&nbsp;<\/p>\n<p>\u00c1prilis 15-\u00e9n, p\u00e9ntek d\u00e9lut\u00e1n \u00e9rkezett meg a zar\u00e1ndokcsoport a Bruder Klaus templom el\u00e9, ahol m\u00e1r v\u00e1rt r\u00e1juk Imre atya. A zar\u00e1ndokokat bevezette a templomba, ott meg\u00e1ldotta \u0151ket, \u00e9s ut\u00e1na r\u00f6viden bemutatta nekik a <em>\u201emi templomunkat\u201d.<\/em><\/p>\n<p>&nbsp;<\/p>\n<p>Mint r\u00e9gi zar\u00e1ndokt\u00e1rsat k\u00f6sz\u00f6nthett\u00fck k\u00f6reinkben J\u00f3zsef aty\u00e1t, Reinhold Gizell\u00e1t \u00e9s f\u00e9rj\u00e9t Herbertet, valamint Dr. Szathm\u00e1ry Csab\u00e1t, aki az Erasmus Akad\u00e9mia keret\u00e9n bel\u00fcl tartott nek\u00fcnk egy nagyon \u00e9rdekes vet\u00edt\u00e9ses el\u0151ad\u00e1st.<\/p>\n<p>&nbsp;<\/p>\n<p>Vend\u00e9geink a templomi szertart\u00e1s ut\u00e1n el\u0151sz\u00f6r a Bar\u00e1ts\u00e1g Klub tagjainak vend\u00e9gei voltak, akik k\u00e1v\u00e9val, te\u00e1val \u00e9s s\u00fctem\u00e9nnyel v\u00e1rtak a zar\u00e1ndokokra. Imre atya bemutatta J\u00f3zsef aty\u00e1t, akit k\u00f6z\u00e9piskol\u00e1sk\u00e9nt ismert meg. J\u00f3zsef atya Gyergy\u00f3szentmikl\u00f3sr\u00f3l sz\u00e1rmazik, 1998 janu\u00e1rj\u00e1t\u00f3l szolg\u00e1l K\u00f6lnben, kilenc v\u00e1rosba j\u00e1r mis\u00e9zni, \u00e9s k\u00e9thavonta Luxemburgba is \u00e1tj\u00e1r az ottani magyarokhoz. K\u00f6lnben is, mint Stuttgartban, k\u00e9tszer egy h\u00f3napban van szentmise a Szent Apostolok bazilik\u00e1ban. A v\u00e1rosban \u00e9s k\u00f6rny\u00e9k\u00e9n hat-h\u00e9tezer honfit\u00e1rsunk \u00e9l, ez is egy sz\u00f3rv\u00e1nyk\u00f6z\u00f6ss\u00e9g, amely az ut\u00f3bbi k\u00e9t-h\u00e1rom \u00e9vben a munkaer\u0151piac megnyit\u00e1sa \u00f3ta \u00e1lland\u00f3an n\u0151.<\/p>\n<p>&nbsp;<\/p>\n<p>Azt is megtudtuk, hogy \u00e1lland\u00f3 programjaik k\u00f6z\u00e9 tartozik a havonta egyszer megrendezett <em>\u201eZen\u00e9s irodalmi k\u00e1v\u00e9h\u00e1z\u201d,<\/em> ahol k\u00e1v\u00e9 \u00e9s s\u00fctem\u00e9ny mellett k\u00f6tetlen besz\u00e9lget\u00e9sre v\u00e1rj\u00e1k a zen\u00e9t \u00e9s irodalmat kedvel\u0151 \u00e9rdekl\u0151d\u0151ket, <em>\u201eZene\u00f3vi + K\u00e9zm\u0171ves\u201d<\/em> valamint a <em>\u201eMagyar Iskola\u201d<\/em> program keret\u00e9n bel\u00fcl a gyerekek megtanulnak helyesen magyarul besz\u00e9lni.<\/p>\n<p>&nbsp;<\/p>\n<p>A k\u00f6lni testv\u00e9rk\u00f6z\u00f6ss\u00e9g is minden \u00e9vben zar\u00e1ndokutat szervez. Id\u00e9n egyhetes erd\u00e9lyi kir\u00e1ndul\u00e1son \u00e9s a cs\u00edksomly\u00f3i zar\u00e1ndoklaton vesz r\u00e9szt egy h\u00fasztag\u00fa zar\u00e1ndokcsoport.<\/p>\n<p>&nbsp;<\/p>\n<p>A hagyom\u00e1nyos 18.00 \u00f3r\u00e1s szentmis\u00e9t ez\u00fattal is r\u00f3zsaf\u00fcz\u00e9r im\u00e1dkoz\u00e1s\u00e1val kezdt\u00fck, majd J\u00f3zsef atya pr\u00e9dik\u00e1ci\u00f3j\u00e1n \u00e9p\u00fclt\u00fcnk.<\/p>\n<p>&nbsp;<\/p>\n<p>A k\u00f6z\u00f6s szentmise ut\u00e1n bibliak\u00f6r volt, amelynek keret\u00e9n bel\u00fcl h\u00fasmentes hideg vacsor\u00e1ra h\u00edvtuk meg vend\u00e9geinket. Egy igazi k\u00f6z\u00f6ss\u00e9g szellem\u00e9ben a \u201esv\u00e9dasztal\u201d minden elk\u00e9pzelhet\u0151 j\u00f3val volt megrakva. A vend\u00e9gv\u00e1r\u00f3k a legfinomabb falatokat hozt\u00e1k el, hogy \u00f6r\u00f6m\u00f6t szerezzenek. Volt aki a szabad napj\u00e1t \u00e1ldozta fel a k\u00e9sz\u00fcl\u0151d\u00e9ssel, volt olyan is, aki nem tudott elj\u00f6nni \u00e9s m\u00e9gis hozott illetve k\u00fcld\u00f6tt vacsor\u00e1ra val\u00f3t. Egy\u00fctt ter\u00edtett\u00fcnk \u00e9s k\u00f6z\u00f6s er\u0151vel egy\u00fctt tett\u00fck rendbe a k\u00f6z\u00f6ss\u00e9gi termet.<\/p>\n<p>&nbsp;<\/p>\n<p>Vend\u00e9geink egy Szent Gell\u00e9rtr\u0151l sz\u00f3l\u00f3 eml\u00e9klappal aj\u00e1nd\u00e9koztak meg benn\u00fcnket, amelyen n\u00e9gy f\u00e9nyk\u00e9p volt l\u00e1that\u00f3. Szent Gell\u00e9rtr\u0151l egy falfestm\u00e9ny r\u00e9szlete \u00e9s alatta a k\u00f6vetkez\u0151 t\u0151le sz\u00e1rmaz\u00f3 id\u00e9zettel: <em>\u201eCsak az a boldog \u00e9s szerencs\u00e9s, aki semmi m\u00e1st nem tisztel,<\/em><\/p>\n<p><em>mint az igazs\u00e1got, \u00e9s a vil\u00e1g \u00fcld\u00f6z\u00e9s\u00e9t\u0151l nem f\u00e9l.\u201d <\/em>A m\u00e1sodik k\u00e9p Szent Gell\u00e9rt v\u00e9rtan\u00fa neveltet\u00e9s\u00e9nek sz\u00ednhely\u00e9t, Velence, Szent Gy\u00f6rgy sziget\u00e9t \u00e1br\u00e1zolja. A harmadik k\u00e9pen Szent Gell\u00e9rt f\u00f6ldi maradv\u00e1nyait l\u00e1thatjuk egy meghat\u00f3 im\u00e1val: <em>\u201eOh, Szent Gell\u00e9rt p\u00fcsp\u00f6k \/ \u00c1lld meg orsz\u00e1gunkat, Mi magyar haz\u00e1nkat \/\u00c9s szent egyh\u00e1zunkat. K\u00f6zbenj\u00e1r\u00e1sodban b\u0151ven legyen r\u00e9sz\u00fcnk, Isten irgalm\u00e1ba aj\u00e1nld fel\u00a0 nemzet\u00fcnk!\u201d <\/em>V\u00e9g\u00fcl a negyedik k\u00e9pen Szent Gell\u00e9rt nyughely\u00e9r\u0151l l\u00e1thatunk egy felv\u00e9telt, ami Muranoban, a Szent Don\u00e1t templomban van.<\/p>\n<p>&nbsp;<\/p>\n<p>K\u00f6sz\u00f6net \u00e9rte a k\u00f6lni testv\u00e9rk\u00f6z\u00f6ss\u00e9gnek!<\/p>\n<p>&nbsp;<\/p>\n<p>Mi is megaj\u00e1nd\u00e9koztuk vend\u00e9geinket egy \u2013 Benedek Annik\u00f3 egyh\u00e1ztan\u00e1csosunk \u00e1ltal \u2013 m\u0171v\u00e9szi m\u00f3don elk\u00e9sz\u00edtett gyerty\u00e1val, \u00e9s az egyh\u00e1zk\u00f6zs\u00e9g r\u00e9sz\u00e9re k\u00e9sz\u00fclt cs\u00e9sz\u00e9vel, amin <em>\u201eKatolikus magyarok Baden-W\u00fcrttemberg\u201d<\/em> fel\u00edr\u00e1s \u00e1ll.<\/p>\n<p>&nbsp;<\/p>\n<p>Az ifj\u00fas\u00e1gi sz\u00e1ll\u00e1son t\u00f6lt\u00f6tt \u00e9jszaka ut\u00e1n szombat reggel \u00fajb\u00f3l tal\u00e1lkoztunk vend\u00e9geinkkel a templom el\u0151tt, ahol m\u00e1r v\u00e1rt r\u00e1nk Imre atya, aki v\u00e1rosn\u00e9z\u00e9sre h\u00edvott meg benn\u00fcnket. T\u00f6bbek k\u00f6z\u00f6tt megn\u00e9zt\u00fck az Eberhard katolikus- \u00e9s a Stiftskirche evang\u00e9likus templomokat, a Katolikus H\u00e1zat, a k\u00f6z\u00e9pkori v\u00e1rat \u00e9s a Kast\u00e9lyt&#8230; Imre atya ismertette vel\u00fcnk a v\u00e1ros t\u00f6rt\u00e9nelm\u00e9t, nevezetess\u00e9geit, \u00e9s mint mindig \u00faj ismeretekkel gyarapodtunk annak ellen\u00e9re, hogy huszon\u00f6t \u00e9ve ebben a v\u00e1rosban \u00e9l\u00fcnk&#8230;<\/p>\n<p>&nbsp;<\/p>\n<p>A Katolikus H\u00e1z k\u00e1v\u00e9z\u00f3j\u00e1ban b\u00facs\u00faztunk el vend\u00e9geinkt\u0151l abban a rem\u00e9nyben, hogy nemsok\u00e1ra K\u00f6lnben \u00fajb\u00f3l tal\u00e1lkozunk.<\/p>\n<p>&nbsp;<\/p>\n<p>\u00c1lljon ez a r\u00f6vid kis \u00edr\u00e1s kis eml\u00e9km\u0171k\u00e9nt k\u00f6z\u00f6ss\u00e9g\u00fcnkb\u0151l azok sz\u00e1m\u00e1ra, akik ezt a k\u00e9t napot olyan eml\u00e9kezetess\u00e9 tett\u00e9k. Ilyen kell, hogy legyen egy igazi k\u00f6z\u00f6ss\u00e9g!<\/p>\n<p>&nbsp;<\/p>\n<p>&nbsp;<\/p>\n<p><em>D\u00e1vid Melinda<\/em><\/p>\n<p><em>Stuttgart, 2016.04.25.<\/em><\/p>\n<p>&nbsp;<\/p>\n<p>&nbsp;<\/p>\n","protected":false},"excerpt":{"rendered":"<p>Egy igazi k\u00f6z\u00f6ss\u00e9g &nbsp; Felejthetetlen marad sz\u00e1momra a K\u00f6lni \u00c9rseks\u00e9g R\u00f3mai Katolikus Magyar Lelk\u00e9szs\u00e9ge h\u00fasz tagj\u00e1nak \u00e9s lelkip\u00e1sztoruknak, Ft. Luk\u00e1cs J\u00f3zsef aty\u00e1nak a l\u00e1togat\u00e1sa egyh\u00e1zk\u00f6zs\u00e9g\u00fcnkben. &nbsp; A l\u00e1togat\u00e1s \u00f6tlet\u00e9t Imre aty\u00e1nak k\u00f6sz\u00f6nhetj\u00fck, \u00e9s azt a c\u00e9lt szolg\u00e1lta, hogy jobban megismerj\u00fck egym\u00e1s t\u00f6rt\u00e9net\u00e9t, programjait, terveit, \u00e9lm\u00e9nyeit \u00e9s a v\u00e1rost, ahol \u00e9l\u00fcnk. &nbsp; \u00c1prilis 15-\u00e9n, p\u00e9ntek d\u00e9lut\u00e1n \u00e9rkezett meg a zar\u00e1ndokcsoport a Bruder Klaus templom el\u00e9, ahol m\u00e1r v\u00e1rt r\u00e1juk Imre atya. A zar\u00e1ndokokat bevezette a templomba, ott meg\u00e1ldotta \u0151ket, \u00e9s ut\u00e1na r\u00f6viden bemutatta nekik a \u201emi templomunkat\u201d. &nbsp; Mint r\u00e9gi zar\u00e1ndokt\u00e1rsat k\u00f6sz\u00f6nthett\u00fck k\u00f6reinkben J\u00f3zsef aty\u00e1t, Reinhold Gizell\u00e1t \u00e9s f\u00e9rj\u00e9t Herbertet, valamint Dr. Szathm\u00e1ry Csab\u00e1t, aki az Erasmus Akad\u00e9mia keret\u00e9n bel\u00fcl tartott nek\u00fcnk egy nagyon \u00e9rdekes vet\u00edt\u00e9ses el\u0151ad\u00e1st. &nbsp; Vend\u00e9geink a templomi szertart\u00e1s ut\u00e1n el\u0151sz\u00f6r a Bar\u00e1ts\u00e1g Klub tagjainak vend\u00e9gei voltak, akik k\u00e1v\u00e9val, te\u00e1val \u00e9s s\u00fctem\u00e9nnyel v\u00e1rtak a zar\u00e1ndokokra. Imre atya bemutatta J\u00f3zsef aty\u00e1t, akit k\u00f6z\u00e9piskol\u00e1sk\u00e9nt ismert meg. J\u00f3zsef atya Gyergy\u00f3szentmikl\u00f3sr\u00f3l sz\u00e1rmazik, 1998 janu\u00e1rj\u00e1t\u00f3l szolg\u00e1l K\u00f6lnben, kilenc v\u00e1rosba j\u00e1r mis\u00e9zni, \u00e9s k\u00e9thavonta Luxemburgba is \u00e1tj\u00e1r az ottani magyarokhoz. K\u00f6lnben is, mint Stuttgartban, k\u00e9tszer egy h\u00f3napban van szentmise a Szent Apostolok bazilik\u00e1ban. A v\u00e1rosban \u00e9s k\u00f6rny\u00e9k\u00e9n hat-h\u00e9tezer honfit\u00e1rsunk \u00e9l, ez is egy sz\u00f3rv\u00e1nyk\u00f6z\u00f6ss\u00e9g, amely az ut\u00f3bbi k\u00e9t-h\u00e1rom \u00e9vben a munkaer\u0151piac megnyit\u00e1sa \u00f3ta \u00e1lland\u00f3an n\u0151. &nbsp; Azt is megtudtuk, hogy \u00e1lland\u00f3 programjaik k\u00f6z\u00e9 tartozik a havonta egyszer megrendezett \u201eZen\u00e9s irodalmi k\u00e1v\u00e9h\u00e1z\u201d, ahol k\u00e1v\u00e9 \u00e9s s\u00fctem\u00e9ny mellett k\u00f6tetlen besz\u00e9lget\u00e9sre v\u00e1rj\u00e1k a zen\u00e9t \u00e9s irodalmat kedvel\u0151 \u00e9rdekl\u0151d\u0151ket, \u201eZene\u00f3vi + K\u00e9zm\u0171ves\u201d valamint a \u201eMagyar Iskola\u201d program keret\u00e9n bel\u00fcl a gyerekek megtanulnak helyesen magyarul besz\u00e9lni. &nbsp; A k\u00f6lni testv\u00e9rk\u00f6z\u00f6ss\u00e9g is minden \u00e9vben zar\u00e1ndokutat szervez. Id\u00e9n egyhetes erd\u00e9lyi kir\u00e1ndul\u00e1son \u00e9s a cs\u00edksomly\u00f3i zar\u00e1ndoklaton vesz r\u00e9szt egy h\u00fasztag\u00fa zar\u00e1ndokcsoport. &nbsp; A hagyom\u00e1nyos 18.00 \u00f3r\u00e1s szentmis\u00e9t ez\u00fattal is r\u00f3zsaf\u00fcz\u00e9r im\u00e1dkoz\u00e1s\u00e1val kezdt\u00fck, majd J\u00f3zsef atya pr\u00e9dik\u00e1ci\u00f3j\u00e1n \u00e9p\u00fclt\u00fcnk. &nbsp; A k\u00f6z\u00f6s szentmise ut\u00e1n bibliak\u00f6r volt, amelynek keret\u00e9n bel\u00fcl h\u00fasmentes hideg vacsor\u00e1ra h\u00edvtuk meg&#8230; <\/p>\n<p><a class=\"readmore\" href=\"https:\/\/stuttgarti-katolikusok.de\/index.php\/egy-igazi-kozosseg\/\">R\u00e9szletek<\/a><\/p>\n","protected":false},"author":3,"featured_media":9117,"comment_status":"closed","ping_status":"closed","sticky":false,"template":"","format":"standard","meta":{"footnotes":""},"categories":[28],"tags":[],"class_list":["post-9116","post","type-post","status-publish","format-standard","has-post-thumbnail","hentry","category-olvasoink-irjak"],"yoast_head":"<!-- This site is optimized with the Yoast SEO plugin v27.3 - https:\/\/yoast.com\/product\/yoast-seo-wordpress\/ -->\n<title>Egy igazi k\u00f6z\u00f6ss\u00e9g... - Stuttgarti Katolikusok<\/title>\n<meta name=\"robots\" content=\"index, follow, max-snippet:-1, max-image-preview:large, max-video-preview:-1\" \/>\n<link rel=\"canonical\" href=\"https:\/\/stuttgarti-katolikusok.de\/index.php\/egy-igazi-kozosseg\/\" \/>\n<meta property=\"og:locale\" content=\"hu_HU\" \/>\n<meta property=\"og:type\" content=\"article\" \/>\n<meta property=\"og:title\" content=\"Egy igazi k\u00f6z\u00f6ss\u00e9g... - Stuttgarti Katolikusok\" \/>\n<meta property=\"og:description\" content=\"Egy igazi k\u00f6z\u00f6ss\u00e9g &nbsp; Felejthetetlen marad sz\u00e1momra a K\u00f6lni \u00c9rseks\u00e9g R\u00f3mai Katolikus Magyar Lelk\u00e9szs\u00e9ge h\u00fasz tagj\u00e1nak \u00e9s lelkip\u00e1sztoruknak, Ft. Luk\u00e1cs J\u00f3zsef aty\u00e1nak a l\u00e1togat\u00e1sa egyh\u00e1zk\u00f6zs\u00e9g\u00fcnkben. &nbsp; A l\u00e1togat\u00e1s \u00f6tlet\u00e9t Imre aty\u00e1nak k\u00f6sz\u00f6nhetj\u00fck, \u00e9s azt a c\u00e9lt szolg\u00e1lta, hogy jobban megismerj\u00fck egym\u00e1s t\u00f6rt\u00e9net\u00e9t, programjait, terveit, \u00e9lm\u00e9nyeit \u00e9s a v\u00e1rost, ahol \u00e9l\u00fcnk. &nbsp; \u00c1prilis 15-\u00e9n, p\u00e9ntek d\u00e9lut\u00e1n \u00e9rkezett meg a zar\u00e1ndokcsoport a Bruder Klaus templom el\u00e9, ahol m\u00e1r v\u00e1rt r\u00e1juk Imre atya. A zar\u00e1ndokokat bevezette a templomba, ott meg\u00e1ldotta \u0151ket, \u00e9s ut\u00e1na r\u00f6viden bemutatta nekik a \u201emi templomunkat\u201d. &nbsp; Mint r\u00e9gi zar\u00e1ndokt\u00e1rsat k\u00f6sz\u00f6nthett\u00fck k\u00f6reinkben J\u00f3zsef aty\u00e1t, Reinhold Gizell\u00e1t \u00e9s f\u00e9rj\u00e9t Herbertet, valamint Dr. Szathm\u00e1ry Csab\u00e1t, aki az Erasmus Akad\u00e9mia keret\u00e9n bel\u00fcl tartott nek\u00fcnk egy nagyon \u00e9rdekes vet\u00edt\u00e9ses el\u0151ad\u00e1st. &nbsp; Vend\u00e9geink a templomi szertart\u00e1s ut\u00e1n el\u0151sz\u00f6r a Bar\u00e1ts\u00e1g Klub tagjainak vend\u00e9gei voltak, akik k\u00e1v\u00e9val, te\u00e1val \u00e9s s\u00fctem\u00e9nnyel v\u00e1rtak a zar\u00e1ndokokra. Imre atya bemutatta J\u00f3zsef aty\u00e1t, akit k\u00f6z\u00e9piskol\u00e1sk\u00e9nt ismert meg. J\u00f3zsef atya Gyergy\u00f3szentmikl\u00f3sr\u00f3l sz\u00e1rmazik, 1998 janu\u00e1rj\u00e1t\u00f3l szolg\u00e1l K\u00f6lnben, kilenc v\u00e1rosba j\u00e1r mis\u00e9zni, \u00e9s k\u00e9thavonta Luxemburgba is \u00e1tj\u00e1r az ottani magyarokhoz. K\u00f6lnben is, mint Stuttgartban, k\u00e9tszer egy h\u00f3napban van szentmise a Szent Apostolok bazilik\u00e1ban. A v\u00e1rosban \u00e9s k\u00f6rny\u00e9k\u00e9n hat-h\u00e9tezer honfit\u00e1rsunk \u00e9l, ez is egy sz\u00f3rv\u00e1nyk\u00f6z\u00f6ss\u00e9g, amely az ut\u00f3bbi k\u00e9t-h\u00e1rom \u00e9vben a munkaer\u0151piac megnyit\u00e1sa \u00f3ta \u00e1lland\u00f3an n\u0151. &nbsp; Azt is megtudtuk, hogy \u00e1lland\u00f3 programjaik k\u00f6z\u00e9 tartozik a havonta egyszer megrendezett \u201eZen\u00e9s irodalmi k\u00e1v\u00e9h\u00e1z\u201d, ahol k\u00e1v\u00e9 \u00e9s s\u00fctem\u00e9ny mellett k\u00f6tetlen besz\u00e9lget\u00e9sre v\u00e1rj\u00e1k a zen\u00e9t \u00e9s irodalmat kedvel\u0151 \u00e9rdekl\u0151d\u0151ket, \u201eZene\u00f3vi + K\u00e9zm\u0171ves\u201d valamint a \u201eMagyar Iskola\u201d program keret\u00e9n bel\u00fcl a gyerekek megtanulnak helyesen magyarul besz\u00e9lni. &nbsp; A k\u00f6lni testv\u00e9rk\u00f6z\u00f6ss\u00e9g is minden \u00e9vben zar\u00e1ndokutat szervez. Id\u00e9n egyhetes erd\u00e9lyi kir\u00e1ndul\u00e1son \u00e9s a cs\u00edksomly\u00f3i zar\u00e1ndoklaton vesz r\u00e9szt egy h\u00fasztag\u00fa zar\u00e1ndokcsoport. &nbsp; A hagyom\u00e1nyos 18.00 \u00f3r\u00e1s szentmis\u00e9t ez\u00fattal is r\u00f3zsaf\u00fcz\u00e9r im\u00e1dkoz\u00e1s\u00e1val kezdt\u00fck, majd J\u00f3zsef atya pr\u00e9dik\u00e1ci\u00f3j\u00e1n \u00e9p\u00fclt\u00fcnk. &nbsp; A k\u00f6z\u00f6s szentmise ut\u00e1n bibliak\u00f6r volt, amelynek keret\u00e9n bel\u00fcl h\u00fasmentes hideg vacsor\u00e1ra h\u00edvtuk meg... R\u00e9szletek\" \/>\n<meta property=\"og:url\" content=\"https:\/\/stuttgarti-katolikusok.de\/index.php\/egy-igazi-kozosseg\/\" \/>\n<meta property=\"og:site_name\" content=\"Stuttgarti Katolikusok\" \/>\n<meta property=\"article:published_time\" content=\"2016-04-25T11:16:31+00:00\" \/>\n<meta property=\"og:image\" content=\"https:\/\/stuttgarti-katolikusok.de\/wp-content\/uploads\/2016\/04\/img_0709.jpg\" \/>\n\t<meta property=\"og:image:width\" content=\"800\" \/>\n\t<meta property=\"og:image:height\" content=\"533\" \/>\n\t<meta property=\"og:image:type\" content=\"image\/jpeg\" \/>\n<meta name=\"author\" content=\"Tibor atya\" \/>\n<meta name=\"twitter:card\" content=\"summary_large_image\" \/>\n<meta name=\"twitter:label1\" content=\"Szerz\u0151:\" \/>\n\t<meta name=\"twitter:data1\" content=\"Tibor atya\" \/>\n\t<meta name=\"twitter:label2\" content=\"Becs\u00fclt olvas\u00e1si id\u0151\" \/>\n\t<meta name=\"twitter:data2\" content=\"5 perc\" \/>\n<script type=\"application\/ld+json\" class=\"yoast-schema-graph\">{\"@context\":\"https:\\\/\\\/schema.org\",\"@graph\":[{\"@type\":\"Article\",\"@id\":\"https:\\\/\\\/stuttgarti-katolikusok.de\\\/index.php\\\/egy-igazi-kozosseg\\\/#article\",\"isPartOf\":{\"@id\":\"https:\\\/\\\/stuttgarti-katolikusok.de\\\/index.php\\\/egy-igazi-kozosseg\\\/\"},\"author\":{\"name\":\"Tibor atya\",\"@id\":\"https:\\\/\\\/stuttgarti-katolikusok.de\\\/#\\\/schema\\\/person\\\/75908d6f8fdc03a57889d27209df7795\"},\"headline\":\"Egy igazi k\u00f6z\u00f6ss\u00e9g&#8230;\",\"datePublished\":\"2016-04-25T11:16:31+00:00\",\"mainEntityOfPage\":{\"@id\":\"https:\\\/\\\/stuttgarti-katolikusok.de\\\/index.php\\\/egy-igazi-kozosseg\\\/\"},\"wordCount\":1023,\"image\":{\"@id\":\"https:\\\/\\\/stuttgarti-katolikusok.de\\\/index.php\\\/egy-igazi-kozosseg\\\/#primaryimage\"},\"thumbnailUrl\":\"https:\\\/\\\/stuttgarti-katolikusok.de\\\/wp-content\\\/uploads\\\/2016\\\/04\\\/img_0709.jpg\",\"articleSection\":[\"Olvas\u00f3ink \u00edrj\u00e1k\"],\"inLanguage\":\"hu\"},{\"@type\":\"WebPage\",\"@id\":\"https:\\\/\\\/stuttgarti-katolikusok.de\\\/index.php\\\/egy-igazi-kozosseg\\\/\",\"url\":\"https:\\\/\\\/stuttgarti-katolikusok.de\\\/index.php\\\/egy-igazi-kozosseg\\\/\",\"name\":\"Egy igazi k\u00f6z\u00f6ss\u00e9g... - Stuttgarti Katolikusok\",\"isPartOf\":{\"@id\":\"https:\\\/\\\/stuttgarti-katolikusok.de\\\/#website\"},\"primaryImageOfPage\":{\"@id\":\"https:\\\/\\\/stuttgarti-katolikusok.de\\\/index.php\\\/egy-igazi-kozosseg\\\/#primaryimage\"},\"image\":{\"@id\":\"https:\\\/\\\/stuttgarti-katolikusok.de\\\/index.php\\\/egy-igazi-kozosseg\\\/#primaryimage\"},\"thumbnailUrl\":\"https:\\\/\\\/stuttgarti-katolikusok.de\\\/wp-content\\\/uploads\\\/2016\\\/04\\\/img_0709.jpg\",\"datePublished\":\"2016-04-25T11:16:31+00:00\",\"author\":{\"@id\":\"https:\\\/\\\/stuttgarti-katolikusok.de\\\/#\\\/schema\\\/person\\\/75908d6f8fdc03a57889d27209df7795\"},\"breadcrumb\":{\"@id\":\"https:\\\/\\\/stuttgarti-katolikusok.de\\\/index.php\\\/egy-igazi-kozosseg\\\/#breadcrumb\"},\"inLanguage\":\"hu\",\"potentialAction\":[{\"@type\":\"ReadAction\",\"target\":[\"https:\\\/\\\/stuttgarti-katolikusok.de\\\/index.php\\\/egy-igazi-kozosseg\\\/\"]}]},{\"@type\":\"ImageObject\",\"inLanguage\":\"hu\",\"@id\":\"https:\\\/\\\/stuttgarti-katolikusok.de\\\/index.php\\\/egy-igazi-kozosseg\\\/#primaryimage\",\"url\":\"https:\\\/\\\/stuttgarti-katolikusok.de\\\/wp-content\\\/uploads\\\/2016\\\/04\\\/img_0709.jpg\",\"contentUrl\":\"https:\\\/\\\/stuttgarti-katolikusok.de\\\/wp-content\\\/uploads\\\/2016\\\/04\\\/img_0709.jpg\",\"width\":800,\"height\":533},{\"@type\":\"BreadcrumbList\",\"@id\":\"https:\\\/\\\/stuttgarti-katolikusok.de\\\/index.php\\\/egy-igazi-kozosseg\\\/#breadcrumb\",\"itemListElement\":[{\"@type\":\"ListItem\",\"position\":1,\"name\":\"Kezd\u0151lap\",\"item\":\"https:\\\/\\\/stuttgarti-katolikusok.de\\\/\"},{\"@type\":\"ListItem\",\"position\":2,\"name\":\"Egy igazi k\u00f6z\u00f6ss\u00e9g&#8230;\"}]},{\"@type\":\"WebSite\",\"@id\":\"https:\\\/\\\/stuttgarti-katolikusok.de\\\/#website\",\"url\":\"https:\\\/\\\/stuttgarti-katolikusok.de\\\/\",\"name\":\"Stuttgarti Katolikusok\",\"description\":\"\",\"potentialAction\":[{\"@type\":\"SearchAction\",\"target\":{\"@type\":\"EntryPoint\",\"urlTemplate\":\"https:\\\/\\\/stuttgarti-katolikusok.de\\\/?s={search_term_string}\"},\"query-input\":{\"@type\":\"PropertyValueSpecification\",\"valueRequired\":true,\"valueName\":\"search_term_string\"}}],\"inLanguage\":\"hu\"},{\"@type\":\"Person\",\"@id\":\"https:\\\/\\\/stuttgarti-katolikusok.de\\\/#\\\/schema\\\/person\\\/75908d6f8fdc03a57889d27209df7795\",\"name\":\"Tibor atya\",\"image\":{\"@type\":\"ImageObject\",\"inLanguage\":\"hu\",\"@id\":\"https:\\\/\\\/secure.gravatar.com\\\/avatar\\\/61d268e57d1f4525b111222e29d2d5a7f8c420fdbf231ba5566a8ceac74fa960?s=96&d=mm&r=g\",\"url\":\"https:\\\/\\\/secure.gravatar.com\\\/avatar\\\/61d268e57d1f4525b111222e29d2d5a7f8c420fdbf231ba5566a8ceac74fa960?s=96&d=mm&r=g\",\"contentUrl\":\"https:\\\/\\\/secure.gravatar.com\\\/avatar\\\/61d268e57d1f4525b111222e29d2d5a7f8c420fdbf231ba5566a8ceac74fa960?s=96&d=mm&r=g\",\"caption\":\"Tibor atya\"},\"url\":\"https:\\\/\\\/stuttgarti-katolikusok.de\\\/index.php\\\/author\\\/tibor-atya\\\/\"}]}<\/script>\n<!-- \/ Yoast SEO plugin. -->","yoast_head_json":{"title":"Egy igazi k\u00f6z\u00f6ss\u00e9g... - Stuttgarti Katolikusok","robots":{"index":"index","follow":"follow","max-snippet":"max-snippet:-1","max-image-preview":"max-image-preview:large","max-video-preview":"max-video-preview:-1"},"canonical":"https:\/\/stuttgarti-katolikusok.de\/index.php\/egy-igazi-kozosseg\/","og_locale":"hu_HU","og_type":"article","og_title":"Egy igazi k\u00f6z\u00f6ss\u00e9g... - Stuttgarti Katolikusok","og_description":"Egy igazi k\u00f6z\u00f6ss\u00e9g &nbsp; Felejthetetlen marad sz\u00e1momra a K\u00f6lni \u00c9rseks\u00e9g R\u00f3mai Katolikus Magyar Lelk\u00e9szs\u00e9ge h\u00fasz tagj\u00e1nak \u00e9s lelkip\u00e1sztoruknak, Ft. Luk\u00e1cs J\u00f3zsef aty\u00e1nak a l\u00e1togat\u00e1sa egyh\u00e1zk\u00f6zs\u00e9g\u00fcnkben. &nbsp; A l\u00e1togat\u00e1s \u00f6tlet\u00e9t Imre aty\u00e1nak k\u00f6sz\u00f6nhetj\u00fck, \u00e9s azt a c\u00e9lt szolg\u00e1lta, hogy jobban megismerj\u00fck egym\u00e1s t\u00f6rt\u00e9net\u00e9t, programjait, terveit, \u00e9lm\u00e9nyeit \u00e9s a v\u00e1rost, ahol \u00e9l\u00fcnk. &nbsp; \u00c1prilis 15-\u00e9n, p\u00e9ntek d\u00e9lut\u00e1n \u00e9rkezett meg a zar\u00e1ndokcsoport a Bruder Klaus templom el\u00e9, ahol m\u00e1r v\u00e1rt r\u00e1juk Imre atya. A zar\u00e1ndokokat bevezette a templomba, ott meg\u00e1ldotta \u0151ket, \u00e9s ut\u00e1na r\u00f6viden bemutatta nekik a \u201emi templomunkat\u201d. &nbsp; Mint r\u00e9gi zar\u00e1ndokt\u00e1rsat k\u00f6sz\u00f6nthett\u00fck k\u00f6reinkben J\u00f3zsef aty\u00e1t, Reinhold Gizell\u00e1t \u00e9s f\u00e9rj\u00e9t Herbertet, valamint Dr. Szathm\u00e1ry Csab\u00e1t, aki az Erasmus Akad\u00e9mia keret\u00e9n bel\u00fcl tartott nek\u00fcnk egy nagyon \u00e9rdekes vet\u00edt\u00e9ses el\u0151ad\u00e1st. &nbsp; Vend\u00e9geink a templomi szertart\u00e1s ut\u00e1n el\u0151sz\u00f6r a Bar\u00e1ts\u00e1g Klub tagjainak vend\u00e9gei voltak, akik k\u00e1v\u00e9val, te\u00e1val \u00e9s s\u00fctem\u00e9nnyel v\u00e1rtak a zar\u00e1ndokokra. Imre atya bemutatta J\u00f3zsef aty\u00e1t, akit k\u00f6z\u00e9piskol\u00e1sk\u00e9nt ismert meg. J\u00f3zsef atya Gyergy\u00f3szentmikl\u00f3sr\u00f3l sz\u00e1rmazik, 1998 janu\u00e1rj\u00e1t\u00f3l szolg\u00e1l K\u00f6lnben, kilenc v\u00e1rosba j\u00e1r mis\u00e9zni, \u00e9s k\u00e9thavonta Luxemburgba is \u00e1tj\u00e1r az ottani magyarokhoz. K\u00f6lnben is, mint Stuttgartban, k\u00e9tszer egy h\u00f3napban van szentmise a Szent Apostolok bazilik\u00e1ban. A v\u00e1rosban \u00e9s k\u00f6rny\u00e9k\u00e9n hat-h\u00e9tezer honfit\u00e1rsunk \u00e9l, ez is egy sz\u00f3rv\u00e1nyk\u00f6z\u00f6ss\u00e9g, amely az ut\u00f3bbi k\u00e9t-h\u00e1rom \u00e9vben a munkaer\u0151piac megnyit\u00e1sa \u00f3ta \u00e1lland\u00f3an n\u0151. &nbsp; Azt is megtudtuk, hogy \u00e1lland\u00f3 programjaik k\u00f6z\u00e9 tartozik a havonta egyszer megrendezett \u201eZen\u00e9s irodalmi k\u00e1v\u00e9h\u00e1z\u201d, ahol k\u00e1v\u00e9 \u00e9s s\u00fctem\u00e9ny mellett k\u00f6tetlen besz\u00e9lget\u00e9sre v\u00e1rj\u00e1k a zen\u00e9t \u00e9s irodalmat kedvel\u0151 \u00e9rdekl\u0151d\u0151ket, \u201eZene\u00f3vi + K\u00e9zm\u0171ves\u201d valamint a \u201eMagyar Iskola\u201d program keret\u00e9n bel\u00fcl a gyerekek megtanulnak helyesen magyarul besz\u00e9lni. &nbsp; A k\u00f6lni testv\u00e9rk\u00f6z\u00f6ss\u00e9g is minden \u00e9vben zar\u00e1ndokutat szervez. Id\u00e9n egyhetes erd\u00e9lyi kir\u00e1ndul\u00e1son \u00e9s a cs\u00edksomly\u00f3i zar\u00e1ndoklaton vesz r\u00e9szt egy h\u00fasztag\u00fa zar\u00e1ndokcsoport. &nbsp; A hagyom\u00e1nyos 18.00 \u00f3r\u00e1s szentmis\u00e9t ez\u00fattal is r\u00f3zsaf\u00fcz\u00e9r im\u00e1dkoz\u00e1s\u00e1val kezdt\u00fck, majd J\u00f3zsef atya pr\u00e9dik\u00e1ci\u00f3j\u00e1n \u00e9p\u00fclt\u00fcnk. &nbsp; A k\u00f6z\u00f6s szentmise ut\u00e1n bibliak\u00f6r volt, amelynek keret\u00e9n bel\u00fcl h\u00fasmentes hideg vacsor\u00e1ra h\u00edvtuk meg... R\u00e9szletek","og_url":"https:\/\/stuttgarti-katolikusok.de\/index.php\/egy-igazi-kozosseg\/","og_site_name":"Stuttgarti Katolikusok","article_published_time":"2016-04-25T11:16:31+00:00","og_image":[{"width":800,"height":533,"url":"https:\/\/stuttgarti-katolikusok.de\/wp-content\/uploads\/2016\/04\/img_0709.jpg","type":"image\/jpeg"}],"author":"Tibor atya","twitter_card":"summary_large_image","twitter_misc":{"Szerz\u0151:":"Tibor atya","Becs\u00fclt olvas\u00e1si id\u0151":"5 perc"},"schema":{"@context":"https:\/\/schema.org","@graph":[{"@type":"Article","@id":"https:\/\/stuttgarti-katolikusok.de\/index.php\/egy-igazi-kozosseg\/#article","isPartOf":{"@id":"https:\/\/stuttgarti-katolikusok.de\/index.php\/egy-igazi-kozosseg\/"},"author":{"name":"Tibor atya","@id":"https:\/\/stuttgarti-katolikusok.de\/#\/schema\/person\/75908d6f8fdc03a57889d27209df7795"},"headline":"Egy igazi k\u00f6z\u00f6ss\u00e9g&#8230;","datePublished":"2016-04-25T11:16:31+00:00","mainEntityOfPage":{"@id":"https:\/\/stuttgarti-katolikusok.de\/index.php\/egy-igazi-kozosseg\/"},"wordCount":1023,"image":{"@id":"https:\/\/stuttgarti-katolikusok.de\/index.php\/egy-igazi-kozosseg\/#primaryimage"},"thumbnailUrl":"https:\/\/stuttgarti-katolikusok.de\/wp-content\/uploads\/2016\/04\/img_0709.jpg","articleSection":["Olvas\u00f3ink \u00edrj\u00e1k"],"inLanguage":"hu"},{"@type":"WebPage","@id":"https:\/\/stuttgarti-katolikusok.de\/index.php\/egy-igazi-kozosseg\/","url":"https:\/\/stuttgarti-katolikusok.de\/index.php\/egy-igazi-kozosseg\/","name":"Egy igazi k\u00f6z\u00f6ss\u00e9g... - Stuttgarti Katolikusok","isPartOf":{"@id":"https:\/\/stuttgarti-katolikusok.de\/#website"},"primaryImageOfPage":{"@id":"https:\/\/stuttgarti-katolikusok.de\/index.php\/egy-igazi-kozosseg\/#primaryimage"},"image":{"@id":"https:\/\/stuttgarti-katolikusok.de\/index.php\/egy-igazi-kozosseg\/#primaryimage"},"thumbnailUrl":"https:\/\/stuttgarti-katolikusok.de\/wp-content\/uploads\/2016\/04\/img_0709.jpg","datePublished":"2016-04-25T11:16:31+00:00","author":{"@id":"https:\/\/stuttgarti-katolikusok.de\/#\/schema\/person\/75908d6f8fdc03a57889d27209df7795"},"breadcrumb":{"@id":"https:\/\/stuttgarti-katolikusok.de\/index.php\/egy-igazi-kozosseg\/#breadcrumb"},"inLanguage":"hu","potentialAction":[{"@type":"ReadAction","target":["https:\/\/stuttgarti-katolikusok.de\/index.php\/egy-igazi-kozosseg\/"]}]},{"@type":"ImageObject","inLanguage":"hu","@id":"https:\/\/stuttgarti-katolikusok.de\/index.php\/egy-igazi-kozosseg\/#primaryimage","url":"https:\/\/stuttgarti-katolikusok.de\/wp-content\/uploads\/2016\/04\/img_0709.jpg","contentUrl":"https:\/\/stuttgarti-katolikusok.de\/wp-content\/uploads\/2016\/04\/img_0709.jpg","width":800,"height":533},{"@type":"BreadcrumbList","@id":"https:\/\/stuttgarti-katolikusok.de\/index.php\/egy-igazi-kozosseg\/#breadcrumb","itemListElement":[{"@type":"ListItem","position":1,"name":"Kezd\u0151lap","item":"https:\/\/stuttgarti-katolikusok.de\/"},{"@type":"ListItem","position":2,"name":"Egy igazi k\u00f6z\u00f6ss\u00e9g&#8230;"}]},{"@type":"WebSite","@id":"https:\/\/stuttgarti-katolikusok.de\/#website","url":"https:\/\/stuttgarti-katolikusok.de\/","name":"Stuttgarti Katolikusok","description":"","potentialAction":[{"@type":"SearchAction","target":{"@type":"EntryPoint","urlTemplate":"https:\/\/stuttgarti-katolikusok.de\/?s={search_term_string}"},"query-input":{"@type":"PropertyValueSpecification","valueRequired":true,"valueName":"search_term_string"}}],"inLanguage":"hu"},{"@type":"Person","@id":"https:\/\/stuttgarti-katolikusok.de\/#\/schema\/person\/75908d6f8fdc03a57889d27209df7795","name":"Tibor atya","image":{"@type":"ImageObject","inLanguage":"hu","@id":"https:\/\/secure.gravatar.com\/avatar\/61d268e57d1f4525b111222e29d2d5a7f8c420fdbf231ba5566a8ceac74fa960?s=96&d=mm&r=g","url":"https:\/\/secure.gravatar.com\/avatar\/61d268e57d1f4525b111222e29d2d5a7f8c420fdbf231ba5566a8ceac74fa960?s=96&d=mm&r=g","contentUrl":"https:\/\/secure.gravatar.com\/avatar\/61d268e57d1f4525b111222e29d2d5a7f8c420fdbf231ba5566a8ceac74fa960?s=96&d=mm&r=g","caption":"Tibor atya"},"url":"https:\/\/stuttgarti-katolikusok.de\/index.php\/author\/tibor-atya\/"}]}},"_links":{"self":[{"href":"https:\/\/stuttgarti-katolikusok.de\/index.php\/wp-json\/wp\/v2\/posts\/9116","targetHints":{"allow":["GET"]}}],"collection":[{"href":"https:\/\/stuttgarti-katolikusok.de\/index.php\/wp-json\/wp\/v2\/posts"}],"about":[{"href":"https:\/\/stuttgarti-katolikusok.de\/index.php\/wp-json\/wp\/v2\/types\/post"}],"author":[{"embeddable":true,"href":"https:\/\/stuttgarti-katolikusok.de\/index.php\/wp-json\/wp\/v2\/users\/3"}],"replies":[{"embeddable":true,"href":"https:\/\/stuttgarti-katolikusok.de\/index.php\/wp-json\/wp\/v2\/comments?post=9116"}],"version-history":[{"count":1,"href":"https:\/\/stuttgarti-katolikusok.de\/index.php\/wp-json\/wp\/v2\/posts\/9116\/revisions"}],"predecessor-version":[{"id":9118,"href":"https:\/\/stuttgarti-katolikusok.de\/index.php\/wp-json\/wp\/v2\/posts\/9116\/revisions\/9118"}],"wp:featuredmedia":[{"embeddable":true,"href":"https:\/\/stuttgarti-katolikusok.de\/index.php\/wp-json\/wp\/v2\/media\/9117"}],"wp:attachment":[{"href":"https:\/\/stuttgarti-katolikusok.de\/index.php\/wp-json\/wp\/v2\/media?parent=9116"}],"wp:term":[{"taxonomy":"category","embeddable":true,"href":"https:\/\/stuttgarti-katolikusok.de\/index.php\/wp-json\/wp\/v2\/categories?post=9116"},{"taxonomy":"post_tag","embeddable":true,"href":"https:\/\/stuttgarti-katolikusok.de\/index.php\/wp-json\/wp\/v2\/tags?post=9116"}],"curies":[{"name":"wp","href":"https:\/\/api.w.org\/{rel}","templated":true}]}}