{"id":9112,"date":"2016-04-25T06:14:37","date_gmt":"2016-04-25T06:14:37","guid":{"rendered":"https:\/\/gracious-dewdney.138-201-221-2.plesk.page\/?p=9112"},"modified":"2016-04-25T06:14:37","modified_gmt":"2016-04-25T06:14:37","slug":"latogatas-a-jezidaknal","status":"publish","type":"post","link":"https:\/\/stuttgarti-katolikusok.de\/index.php\/latogatas-a-jezidaknal\/","title":{"rendered":"L\u00e1togat\u00e1s a Jezid\u00e1kn\u00e1l"},"content":{"rendered":"<p>&nbsp;<\/p>\n<p><strong>L\u00e1togat\u00e1s a Jezid\u00e1kn\u00e1l<\/strong><\/p>\n<p>\u00c1prilis 16-\u00e1n a Stuttgarti Magyar Katolikus Egyh\u00e1zk\u00f6zs\u00e9g egyh\u00e1ztan\u00e1csosainak \u00e9s h\u00edveinek egy kis csoportja megl\u00e1togatta a Caritas \u00e1ltal a jezid asszonyok r\u00e9sz\u00e9re fenntartott otthont. Az egyh\u00e1zk\u00f6zs\u00e9g \u2013 azon t\u00fal, hogy egy szoci\u00e1lis projektet szeretne t\u00e1mogatni \u2013 szeretn\u00e9 kifejezni szolidar\u00edt\u00e1s\u00e1t e sokat szenvedett emberek ir\u00e1nt, \u00e9s \u00faj kapcsolatokat teremteni a magyar \u00e9s a jezid n\u00e9pcsoport k\u00f6z\u00f6tt.<\/p>\n<p>A jezid\u00e1k n\u00e9pe Irakban kisebbs\u00e9gben \u00e9l, a kurd nemzets\u00e9gnek egy k\u00fcl\u00f6n\u00e1ll\u00f3 n\u00e9pcsoportja. A n\u00e9pcsoport egyben vall\u00e1si k\u00f6z\u00f6ss\u00e9g is.\u00a0 Az ISIS \u00e1ltal, a kereszt\u00e9nyek mellett, a legink\u00e1bb \u00fcld\u00f6z\u00f6tt n\u00e9p, \u00e9s az iszl\u00e1mt\u00f3l elt\u00e9r\u0151 vall\u00e1suk miatt \u00e9letvesz\u00e9lyben vannak. A jezid l\u00e1nyokat \u00e9s asszonyokat leggyakrabban meger\u0151szakolj\u00e1k vagy elviszik \u0151ket szex-rabszolg\u00e1nak, a f\u00e9rfiakat pedig\u00a0 kiv\u00e9gzik.<\/p>\n<p>A Stuttgarti Caritas t\u00e1mogatja, gondozza \u00e9s seg\u00edti a jezid n\u0151ket, hogy feldolgozhass\u00e1k rossz \u00e9lm\u00e9nyeiket, \u00e9s \u00faj \u00e9letet kezdjenek.\u00a0 A szoci\u00e1lis tan\u00e1csad\u00e1s \u00e9s a pszichologiai t\u00e1mogat\u00e1s mellett, szabad programok szervez\u00e9s\u00e9vel\u00a0 \u00e9s lehet\u0151s\u00e9gek aj\u00e1nl\u00e1s\u00e1val pr\u00f3b\u00e1lja t\u00e1mogatni \u0151ket.<\/p>\n<p>Egyh\u00e1zk\u00f6z\u00f6ss\u00e9g\u00fcnk egy \u00fan. \u201ckerti\u201d projektet t\u00e1mogat: megaj\u00e1nd\u00e9koztuk \u0151ket kerti szersz\u00e1mokkal, gy\u00f3gyn\u00f6v\u00e9ny pal\u00e1ntakkal \u00e9s egy almaf\u00e1val. Tudatosan v\u00e1lasztottuk a f\u00e1t, mert az az \u00e9let, az \u00fajra kezd\u00e9s, a fejl\u0151d\u00e9s szimb\u00f3luma. Egy \u00e9rdekess\u00e9g: a magyar \u00e9s\u00a0 a kurd z\u00e1szl\u00f3 sz\u00ednei majdnem ugyanazok, csak kiss\u00e9 m\u00e1s \u00e1rnyalattal, piros \u2013 feh\u00e9r \u2013 z\u00f6ld. A piros \u00a0a n\u00e9p m\u00e1rtirjainak a v\u00e9re, feh\u00e9r a b\u00e9kess\u00e9gg\u00e9, a z\u00f6ld pedig a term\u00e9szet sz\u00edne. A kurd z\u00e1szl\u00f3 k\u00f6zep\u00e9ben m\u00e9g ott van a s\u00e1rga napkorong, amely a jezid vall\u00e1st jelk\u00e9pezi.<\/p>\n<p>Egy\u00fctt\u00e9rezni vel\u00fck \u00e9s lehet\u0151s\u00e9geink szerint t\u00e1mogatni \u0151ket, ez kereszt\u00e9ny k\u00f6teless\u00e9g\u00fcnk.<\/p>\n<p>Aki tev\u00e9kenyen is szeretne bekapcsol\u00f3dni (egyszer egy h\u00f3napban elmegy\u00fcnk \u00e9s megl\u00e1togatjuk \u0151ket) vagy ak\u00e1rmilyen m\u00e1s form\u00e1ban t\u00e1mogatni akarja \u0151ket, az jelentkezhet egyh\u00e1zk\u00f6z\u00f6s\u00e9g\u00fcnk irod\u00e1j\u00e1n vagy Benedek Annik\u00f3n\u00e1l.<\/p>\n<p>&nbsp;<\/p>\n<p><em>Stuttgart, 2016. \u00e1prilis 21.<\/em><\/p>\n<p><em>\u00a0<\/em><\/p>\n<p><em>Benedek Annik\u00f3<\/em><\/p>\n","protected":false},"excerpt":{"rendered":"<p>&nbsp; L\u00e1togat\u00e1s a Jezid\u00e1kn\u00e1l \u00c1prilis 16-\u00e1n a Stuttgarti Magyar Katolikus Egyh\u00e1zk\u00f6zs\u00e9g egyh\u00e1ztan\u00e1csosainak \u00e9s h\u00edveinek egy kis csoportja megl\u00e1togatta a Caritas \u00e1ltal a jezid asszonyok r\u00e9sz\u00e9re fenntartott otthont. Az egyh\u00e1zk\u00f6zs\u00e9g \u2013 azon t\u00fal, hogy egy szoci\u00e1lis projektet szeretne t\u00e1mogatni \u2013 szeretn\u00e9 kifejezni szolidar\u00edt\u00e1s\u00e1t e sokat szenvedett emberek ir\u00e1nt, \u00e9s \u00faj kapcsolatokat teremteni a magyar \u00e9s a jezid n\u00e9pcsoport k\u00f6z\u00f6tt. A jezid\u00e1k n\u00e9pe Irakban kisebbs\u00e9gben \u00e9l, a kurd nemzets\u00e9gnek egy k\u00fcl\u00f6n\u00e1ll\u00f3 n\u00e9pcsoportja. A n\u00e9pcsoport egyben vall\u00e1si k\u00f6z\u00f6ss\u00e9g is.\u00a0 Az ISIS \u00e1ltal, a kereszt\u00e9nyek mellett, a legink\u00e1bb \u00fcld\u00f6z\u00f6tt n\u00e9p, \u00e9s az iszl\u00e1mt\u00f3l elt\u00e9r\u0151 vall\u00e1suk miatt \u00e9letvesz\u00e9lyben vannak. A jezid l\u00e1nyokat \u00e9s asszonyokat leggyakrabban meger\u0151szakolj\u00e1k vagy elviszik \u0151ket szex-rabszolg\u00e1nak, a f\u00e9rfiakat pedig\u00a0 kiv\u00e9gzik. A Stuttgarti Caritas t\u00e1mogatja, gondozza \u00e9s seg\u00edti a jezid n\u0151ket, hogy feldolgozhass\u00e1k rossz \u00e9lm\u00e9nyeiket, \u00e9s \u00faj \u00e9letet kezdjenek.\u00a0 A szoci\u00e1lis tan\u00e1csad\u00e1s \u00e9s a pszichologiai t\u00e1mogat\u00e1s mellett, szabad programok szervez\u00e9s\u00e9vel\u00a0 \u00e9s lehet\u0151s\u00e9gek aj\u00e1nl\u00e1s\u00e1val pr\u00f3b\u00e1lja t\u00e1mogatni \u0151ket. Egyh\u00e1zk\u00f6z\u00f6ss\u00e9g\u00fcnk egy \u00fan. \u201ckerti\u201d projektet t\u00e1mogat: megaj\u00e1nd\u00e9koztuk \u0151ket kerti szersz\u00e1mokkal, gy\u00f3gyn\u00f6v\u00e9ny pal\u00e1ntakkal \u00e9s egy almaf\u00e1val. Tudatosan v\u00e1lasztottuk a f\u00e1t, mert az az \u00e9let, az \u00fajra kezd\u00e9s, a fejl\u0151d\u00e9s szimb\u00f3luma. Egy \u00e9rdekess\u00e9g: a magyar \u00e9s\u00a0 a kurd z\u00e1szl\u00f3 sz\u00ednei majdnem ugyanazok, csak kiss\u00e9 m\u00e1s \u00e1rnyalattal, piros \u2013 feh\u00e9r \u2013 z\u00f6ld. A piros \u00a0a n\u00e9p m\u00e1rtirjainak a v\u00e9re, feh\u00e9r a b\u00e9kess\u00e9gg\u00e9, a z\u00f6ld pedig a term\u00e9szet sz\u00edne. A kurd z\u00e1szl\u00f3 k\u00f6zep\u00e9ben m\u00e9g ott van a s\u00e1rga napkorong, amely a jezid vall\u00e1st jelk\u00e9pezi. Egy\u00fctt\u00e9rezni vel\u00fck \u00e9s lehet\u0151s\u00e9geink szerint t\u00e1mogatni \u0151ket, ez kereszt\u00e9ny k\u00f6teless\u00e9g\u00fcnk. Aki tev\u00e9kenyen is szeretne bekapcsol\u00f3dni (egyszer egy h\u00f3napban elmegy\u00fcnk \u00e9s megl\u00e1togatjuk \u0151ket) vagy ak\u00e1rmilyen m\u00e1s form\u00e1ban t\u00e1mogatni akarja \u0151ket, az jelentkezhet egyh\u00e1zk\u00f6z\u00f6s\u00e9g\u00fcnk irod\u00e1j\u00e1n vagy Benedek Annik\u00f3n\u00e1l. &nbsp; Stuttgart, 2016. \u00e1prilis 21. \u00a0 Benedek Annik\u00f3<\/p>\n","protected":false},"author":3,"featured_media":9113,"comment_status":"closed","ping_status":"closed","sticky":false,"template":"","format":"standard","meta":{"footnotes":""},"categories":[28],"tags":[],"class_list":["post-9112","post","type-post","status-publish","format-standard","has-post-thumbnail","hentry","category-olvasoink-irjak"],"yoast_head":"<!-- This site is optimized with the Yoast SEO plugin v27.3 - https:\/\/yoast.com\/product\/yoast-seo-wordpress\/ -->\n<title>L\u00e1togat\u00e1s a Jezid\u00e1kn\u00e1l - Stuttgarti Katolikusok<\/title>\n<meta name=\"robots\" content=\"index, follow, max-snippet:-1, max-image-preview:large, max-video-preview:-1\" \/>\n<link rel=\"canonical\" href=\"https:\/\/stuttgarti-katolikusok.de\/index.php\/latogatas-a-jezidaknal\/\" \/>\n<meta property=\"og:locale\" content=\"hu_HU\" \/>\n<meta property=\"og:type\" content=\"article\" \/>\n<meta property=\"og:title\" content=\"L\u00e1togat\u00e1s a Jezid\u00e1kn\u00e1l - Stuttgarti Katolikusok\" \/>\n<meta property=\"og:description\" content=\"&nbsp; L\u00e1togat\u00e1s a Jezid\u00e1kn\u00e1l \u00c1prilis 16-\u00e1n a Stuttgarti Magyar Katolikus Egyh\u00e1zk\u00f6zs\u00e9g egyh\u00e1ztan\u00e1csosainak \u00e9s h\u00edveinek egy kis csoportja megl\u00e1togatta a Caritas \u00e1ltal a jezid asszonyok r\u00e9sz\u00e9re fenntartott otthont. Az egyh\u00e1zk\u00f6zs\u00e9g \u2013 azon t\u00fal, hogy egy szoci\u00e1lis projektet szeretne t\u00e1mogatni \u2013 szeretn\u00e9 kifejezni szolidar\u00edt\u00e1s\u00e1t e sokat szenvedett emberek ir\u00e1nt, \u00e9s \u00faj kapcsolatokat teremteni a magyar \u00e9s a jezid n\u00e9pcsoport k\u00f6z\u00f6tt. A jezid\u00e1k n\u00e9pe Irakban kisebbs\u00e9gben \u00e9l, a kurd nemzets\u00e9gnek egy k\u00fcl\u00f6n\u00e1ll\u00f3 n\u00e9pcsoportja. A n\u00e9pcsoport egyben vall\u00e1si k\u00f6z\u00f6ss\u00e9g is.\u00a0 Az ISIS \u00e1ltal, a kereszt\u00e9nyek mellett, a legink\u00e1bb \u00fcld\u00f6z\u00f6tt n\u00e9p, \u00e9s az iszl\u00e1mt\u00f3l elt\u00e9r\u0151 vall\u00e1suk miatt \u00e9letvesz\u00e9lyben vannak. A jezid l\u00e1nyokat \u00e9s asszonyokat leggyakrabban meger\u0151szakolj\u00e1k vagy elviszik \u0151ket szex-rabszolg\u00e1nak, a f\u00e9rfiakat pedig\u00a0 kiv\u00e9gzik. A Stuttgarti Caritas t\u00e1mogatja, gondozza \u00e9s seg\u00edti a jezid n\u0151ket, hogy feldolgozhass\u00e1k rossz \u00e9lm\u00e9nyeiket, \u00e9s \u00faj \u00e9letet kezdjenek.\u00a0 A szoci\u00e1lis tan\u00e1csad\u00e1s \u00e9s a pszichologiai t\u00e1mogat\u00e1s mellett, szabad programok szervez\u00e9s\u00e9vel\u00a0 \u00e9s lehet\u0151s\u00e9gek aj\u00e1nl\u00e1s\u00e1val pr\u00f3b\u00e1lja t\u00e1mogatni \u0151ket. Egyh\u00e1zk\u00f6z\u00f6ss\u00e9g\u00fcnk egy \u00fan. \u201ckerti\u201d projektet t\u00e1mogat: megaj\u00e1nd\u00e9koztuk \u0151ket kerti szersz\u00e1mokkal, gy\u00f3gyn\u00f6v\u00e9ny pal\u00e1ntakkal \u00e9s egy almaf\u00e1val. Tudatosan v\u00e1lasztottuk a f\u00e1t, mert az az \u00e9let, az \u00fajra kezd\u00e9s, a fejl\u0151d\u00e9s szimb\u00f3luma. Egy \u00e9rdekess\u00e9g: a magyar \u00e9s\u00a0 a kurd z\u00e1szl\u00f3 sz\u00ednei majdnem ugyanazok, csak kiss\u00e9 m\u00e1s \u00e1rnyalattal, piros \u2013 feh\u00e9r \u2013 z\u00f6ld. A piros \u00a0a n\u00e9p m\u00e1rtirjainak a v\u00e9re, feh\u00e9r a b\u00e9kess\u00e9gg\u00e9, a z\u00f6ld pedig a term\u00e9szet sz\u00edne. A kurd z\u00e1szl\u00f3 k\u00f6zep\u00e9ben m\u00e9g ott van a s\u00e1rga napkorong, amely a jezid vall\u00e1st jelk\u00e9pezi. Egy\u00fctt\u00e9rezni vel\u00fck \u00e9s lehet\u0151s\u00e9geink szerint t\u00e1mogatni \u0151ket, ez kereszt\u00e9ny k\u00f6teless\u00e9g\u00fcnk. Aki tev\u00e9kenyen is szeretne bekapcsol\u00f3dni (egyszer egy h\u00f3napban elmegy\u00fcnk \u00e9s megl\u00e1togatjuk \u0151ket) vagy ak\u00e1rmilyen m\u00e1s form\u00e1ban t\u00e1mogatni akarja \u0151ket, az jelentkezhet egyh\u00e1zk\u00f6z\u00f6s\u00e9g\u00fcnk irod\u00e1j\u00e1n vagy Benedek Annik\u00f3n\u00e1l. &nbsp; Stuttgart, 2016. \u00e1prilis 21. \u00a0 Benedek Annik\u00f3\" \/>\n<meta property=\"og:url\" content=\"https:\/\/stuttgarti-katolikusok.de\/index.php\/latogatas-a-jezidaknal\/\" \/>\n<meta property=\"og:site_name\" content=\"Stuttgarti Katolikusok\" \/>\n<meta property=\"article:published_time\" content=\"2016-04-25T06:14:37+00:00\" \/>\n<meta property=\"og:image\" content=\"https:\/\/stuttgarti-katolikusok.de\/wp-content\/uploads\/2016\/04\/img_4412-2.jpg\" \/>\n\t<meta property=\"og:image:width\" content=\"800\" \/>\n\t<meta property=\"og:image:height\" content=\"600\" \/>\n\t<meta property=\"og:image:type\" content=\"image\/jpeg\" \/>\n<meta name=\"author\" content=\"Tibor atya\" \/>\n<meta name=\"twitter:card\" content=\"summary_large_image\" \/>\n<meta name=\"twitter:label1\" content=\"Szerz\u0151:\" \/>\n\t<meta name=\"twitter:data1\" content=\"Tibor atya\" \/>\n\t<meta name=\"twitter:label2\" content=\"Becs\u00fclt olvas\u00e1si id\u0151\" \/>\n\t<meta name=\"twitter:data2\" content=\"2 perc\" \/>\n<script type=\"application\/ld+json\" class=\"yoast-schema-graph\">{\"@context\":\"https:\\\/\\\/schema.org\",\"@graph\":[{\"@type\":\"Article\",\"@id\":\"https:\\\/\\\/stuttgarti-katolikusok.de\\\/index.php\\\/latogatas-a-jezidaknal\\\/#article\",\"isPartOf\":{\"@id\":\"https:\\\/\\\/stuttgarti-katolikusok.de\\\/index.php\\\/latogatas-a-jezidaknal\\\/\"},\"author\":{\"name\":\"Tibor atya\",\"@id\":\"https:\\\/\\\/stuttgarti-katolikusok.de\\\/#\\\/schema\\\/person\\\/75908d6f8fdc03a57889d27209df7795\"},\"headline\":\"L\u00e1togat\u00e1s a Jezid\u00e1kn\u00e1l\",\"datePublished\":\"2016-04-25T06:14:37+00:00\",\"mainEntityOfPage\":{\"@id\":\"https:\\\/\\\/stuttgarti-katolikusok.de\\\/index.php\\\/latogatas-a-jezidaknal\\\/\"},\"wordCount\":414,\"image\":{\"@id\":\"https:\\\/\\\/stuttgarti-katolikusok.de\\\/index.php\\\/latogatas-a-jezidaknal\\\/#primaryimage\"},\"thumbnailUrl\":\"https:\\\/\\\/stuttgarti-katolikusok.de\\\/wp-content\\\/uploads\\\/2016\\\/04\\\/img_4412-2.jpg\",\"articleSection\":[\"Olvas\u00f3ink \u00edrj\u00e1k\"],\"inLanguage\":\"hu\"},{\"@type\":\"WebPage\",\"@id\":\"https:\\\/\\\/stuttgarti-katolikusok.de\\\/index.php\\\/latogatas-a-jezidaknal\\\/\",\"url\":\"https:\\\/\\\/stuttgarti-katolikusok.de\\\/index.php\\\/latogatas-a-jezidaknal\\\/\",\"name\":\"L\u00e1togat\u00e1s a Jezid\u00e1kn\u00e1l - Stuttgarti Katolikusok\",\"isPartOf\":{\"@id\":\"https:\\\/\\\/stuttgarti-katolikusok.de\\\/#website\"},\"primaryImageOfPage\":{\"@id\":\"https:\\\/\\\/stuttgarti-katolikusok.de\\\/index.php\\\/latogatas-a-jezidaknal\\\/#primaryimage\"},\"image\":{\"@id\":\"https:\\\/\\\/stuttgarti-katolikusok.de\\\/index.php\\\/latogatas-a-jezidaknal\\\/#primaryimage\"},\"thumbnailUrl\":\"https:\\\/\\\/stuttgarti-katolikusok.de\\\/wp-content\\\/uploads\\\/2016\\\/04\\\/img_4412-2.jpg\",\"datePublished\":\"2016-04-25T06:14:37+00:00\",\"author\":{\"@id\":\"https:\\\/\\\/stuttgarti-katolikusok.de\\\/#\\\/schema\\\/person\\\/75908d6f8fdc03a57889d27209df7795\"},\"breadcrumb\":{\"@id\":\"https:\\\/\\\/stuttgarti-katolikusok.de\\\/index.php\\\/latogatas-a-jezidaknal\\\/#breadcrumb\"},\"inLanguage\":\"hu\",\"potentialAction\":[{\"@type\":\"ReadAction\",\"target\":[\"https:\\\/\\\/stuttgarti-katolikusok.de\\\/index.php\\\/latogatas-a-jezidaknal\\\/\"]}]},{\"@type\":\"ImageObject\",\"inLanguage\":\"hu\",\"@id\":\"https:\\\/\\\/stuttgarti-katolikusok.de\\\/index.php\\\/latogatas-a-jezidaknal\\\/#primaryimage\",\"url\":\"https:\\\/\\\/stuttgarti-katolikusok.de\\\/wp-content\\\/uploads\\\/2016\\\/04\\\/img_4412-2.jpg\",\"contentUrl\":\"https:\\\/\\\/stuttgarti-katolikusok.de\\\/wp-content\\\/uploads\\\/2016\\\/04\\\/img_4412-2.jpg\",\"width\":800,\"height\":600},{\"@type\":\"BreadcrumbList\",\"@id\":\"https:\\\/\\\/stuttgarti-katolikusok.de\\\/index.php\\\/latogatas-a-jezidaknal\\\/#breadcrumb\",\"itemListElement\":[{\"@type\":\"ListItem\",\"position\":1,\"name\":\"Kezd\u0151lap\",\"item\":\"https:\\\/\\\/stuttgarti-katolikusok.de\\\/\"},{\"@type\":\"ListItem\",\"position\":2,\"name\":\"L\u00e1togat\u00e1s a Jezid\u00e1kn\u00e1l\"}]},{\"@type\":\"WebSite\",\"@id\":\"https:\\\/\\\/stuttgarti-katolikusok.de\\\/#website\",\"url\":\"https:\\\/\\\/stuttgarti-katolikusok.de\\\/\",\"name\":\"Stuttgarti Katolikusok\",\"description\":\"\",\"potentialAction\":[{\"@type\":\"SearchAction\",\"target\":{\"@type\":\"EntryPoint\",\"urlTemplate\":\"https:\\\/\\\/stuttgarti-katolikusok.de\\\/?s={search_term_string}\"},\"query-input\":{\"@type\":\"PropertyValueSpecification\",\"valueRequired\":true,\"valueName\":\"search_term_string\"}}],\"inLanguage\":\"hu\"},{\"@type\":\"Person\",\"@id\":\"https:\\\/\\\/stuttgarti-katolikusok.de\\\/#\\\/schema\\\/person\\\/75908d6f8fdc03a57889d27209df7795\",\"name\":\"Tibor atya\",\"image\":{\"@type\":\"ImageObject\",\"inLanguage\":\"hu\",\"@id\":\"https:\\\/\\\/secure.gravatar.com\\\/avatar\\\/61d268e57d1f4525b111222e29d2d5a7f8c420fdbf231ba5566a8ceac74fa960?s=96&d=mm&r=g\",\"url\":\"https:\\\/\\\/secure.gravatar.com\\\/avatar\\\/61d268e57d1f4525b111222e29d2d5a7f8c420fdbf231ba5566a8ceac74fa960?s=96&d=mm&r=g\",\"contentUrl\":\"https:\\\/\\\/secure.gravatar.com\\\/avatar\\\/61d268e57d1f4525b111222e29d2d5a7f8c420fdbf231ba5566a8ceac74fa960?s=96&d=mm&r=g\",\"caption\":\"Tibor atya\"},\"url\":\"https:\\\/\\\/stuttgarti-katolikusok.de\\\/index.php\\\/author\\\/tibor-atya\\\/\"}]}<\/script>\n<!-- \/ Yoast SEO plugin. -->","yoast_head_json":{"title":"L\u00e1togat\u00e1s a Jezid\u00e1kn\u00e1l - Stuttgarti Katolikusok","robots":{"index":"index","follow":"follow","max-snippet":"max-snippet:-1","max-image-preview":"max-image-preview:large","max-video-preview":"max-video-preview:-1"},"canonical":"https:\/\/stuttgarti-katolikusok.de\/index.php\/latogatas-a-jezidaknal\/","og_locale":"hu_HU","og_type":"article","og_title":"L\u00e1togat\u00e1s a Jezid\u00e1kn\u00e1l - Stuttgarti Katolikusok","og_description":"&nbsp; L\u00e1togat\u00e1s a Jezid\u00e1kn\u00e1l \u00c1prilis 16-\u00e1n a Stuttgarti Magyar Katolikus Egyh\u00e1zk\u00f6zs\u00e9g egyh\u00e1ztan\u00e1csosainak \u00e9s h\u00edveinek egy kis csoportja megl\u00e1togatta a Caritas \u00e1ltal a jezid asszonyok r\u00e9sz\u00e9re fenntartott otthont. Az egyh\u00e1zk\u00f6zs\u00e9g \u2013 azon t\u00fal, hogy egy szoci\u00e1lis projektet szeretne t\u00e1mogatni \u2013 szeretn\u00e9 kifejezni szolidar\u00edt\u00e1s\u00e1t e sokat szenvedett emberek ir\u00e1nt, \u00e9s \u00faj kapcsolatokat teremteni a magyar \u00e9s a jezid n\u00e9pcsoport k\u00f6z\u00f6tt. A jezid\u00e1k n\u00e9pe Irakban kisebbs\u00e9gben \u00e9l, a kurd nemzets\u00e9gnek egy k\u00fcl\u00f6n\u00e1ll\u00f3 n\u00e9pcsoportja. A n\u00e9pcsoport egyben vall\u00e1si k\u00f6z\u00f6ss\u00e9g is.\u00a0 Az ISIS \u00e1ltal, a kereszt\u00e9nyek mellett, a legink\u00e1bb \u00fcld\u00f6z\u00f6tt n\u00e9p, \u00e9s az iszl\u00e1mt\u00f3l elt\u00e9r\u0151 vall\u00e1suk miatt \u00e9letvesz\u00e9lyben vannak. A jezid l\u00e1nyokat \u00e9s asszonyokat leggyakrabban meger\u0151szakolj\u00e1k vagy elviszik \u0151ket szex-rabszolg\u00e1nak, a f\u00e9rfiakat pedig\u00a0 kiv\u00e9gzik. A Stuttgarti Caritas t\u00e1mogatja, gondozza \u00e9s seg\u00edti a jezid n\u0151ket, hogy feldolgozhass\u00e1k rossz \u00e9lm\u00e9nyeiket, \u00e9s \u00faj \u00e9letet kezdjenek.\u00a0 A szoci\u00e1lis tan\u00e1csad\u00e1s \u00e9s a pszichologiai t\u00e1mogat\u00e1s mellett, szabad programok szervez\u00e9s\u00e9vel\u00a0 \u00e9s lehet\u0151s\u00e9gek aj\u00e1nl\u00e1s\u00e1val pr\u00f3b\u00e1lja t\u00e1mogatni \u0151ket. Egyh\u00e1zk\u00f6z\u00f6ss\u00e9g\u00fcnk egy \u00fan. \u201ckerti\u201d projektet t\u00e1mogat: megaj\u00e1nd\u00e9koztuk \u0151ket kerti szersz\u00e1mokkal, gy\u00f3gyn\u00f6v\u00e9ny pal\u00e1ntakkal \u00e9s egy almaf\u00e1val. Tudatosan v\u00e1lasztottuk a f\u00e1t, mert az az \u00e9let, az \u00fajra kezd\u00e9s, a fejl\u0151d\u00e9s szimb\u00f3luma. Egy \u00e9rdekess\u00e9g: a magyar \u00e9s\u00a0 a kurd z\u00e1szl\u00f3 sz\u00ednei majdnem ugyanazok, csak kiss\u00e9 m\u00e1s \u00e1rnyalattal, piros \u2013 feh\u00e9r \u2013 z\u00f6ld. A piros \u00a0a n\u00e9p m\u00e1rtirjainak a v\u00e9re, feh\u00e9r a b\u00e9kess\u00e9gg\u00e9, a z\u00f6ld pedig a term\u00e9szet sz\u00edne. A kurd z\u00e1szl\u00f3 k\u00f6zep\u00e9ben m\u00e9g ott van a s\u00e1rga napkorong, amely a jezid vall\u00e1st jelk\u00e9pezi. Egy\u00fctt\u00e9rezni vel\u00fck \u00e9s lehet\u0151s\u00e9geink szerint t\u00e1mogatni \u0151ket, ez kereszt\u00e9ny k\u00f6teless\u00e9g\u00fcnk. Aki tev\u00e9kenyen is szeretne bekapcsol\u00f3dni (egyszer egy h\u00f3napban elmegy\u00fcnk \u00e9s megl\u00e1togatjuk \u0151ket) vagy ak\u00e1rmilyen m\u00e1s form\u00e1ban t\u00e1mogatni akarja \u0151ket, az jelentkezhet egyh\u00e1zk\u00f6z\u00f6s\u00e9g\u00fcnk irod\u00e1j\u00e1n vagy Benedek Annik\u00f3n\u00e1l. &nbsp; Stuttgart, 2016. \u00e1prilis 21. \u00a0 Benedek Annik\u00f3","og_url":"https:\/\/stuttgarti-katolikusok.de\/index.php\/latogatas-a-jezidaknal\/","og_site_name":"Stuttgarti Katolikusok","article_published_time":"2016-04-25T06:14:37+00:00","og_image":[{"width":800,"height":600,"url":"https:\/\/stuttgarti-katolikusok.de\/wp-content\/uploads\/2016\/04\/img_4412-2.jpg","type":"image\/jpeg"}],"author":"Tibor atya","twitter_card":"summary_large_image","twitter_misc":{"Szerz\u0151:":"Tibor atya","Becs\u00fclt olvas\u00e1si id\u0151":"2 perc"},"schema":{"@context":"https:\/\/schema.org","@graph":[{"@type":"Article","@id":"https:\/\/stuttgarti-katolikusok.de\/index.php\/latogatas-a-jezidaknal\/#article","isPartOf":{"@id":"https:\/\/stuttgarti-katolikusok.de\/index.php\/latogatas-a-jezidaknal\/"},"author":{"name":"Tibor atya","@id":"https:\/\/stuttgarti-katolikusok.de\/#\/schema\/person\/75908d6f8fdc03a57889d27209df7795"},"headline":"L\u00e1togat\u00e1s a Jezid\u00e1kn\u00e1l","datePublished":"2016-04-25T06:14:37+00:00","mainEntityOfPage":{"@id":"https:\/\/stuttgarti-katolikusok.de\/index.php\/latogatas-a-jezidaknal\/"},"wordCount":414,"image":{"@id":"https:\/\/stuttgarti-katolikusok.de\/index.php\/latogatas-a-jezidaknal\/#primaryimage"},"thumbnailUrl":"https:\/\/stuttgarti-katolikusok.de\/wp-content\/uploads\/2016\/04\/img_4412-2.jpg","articleSection":["Olvas\u00f3ink \u00edrj\u00e1k"],"inLanguage":"hu"},{"@type":"WebPage","@id":"https:\/\/stuttgarti-katolikusok.de\/index.php\/latogatas-a-jezidaknal\/","url":"https:\/\/stuttgarti-katolikusok.de\/index.php\/latogatas-a-jezidaknal\/","name":"L\u00e1togat\u00e1s a Jezid\u00e1kn\u00e1l - Stuttgarti Katolikusok","isPartOf":{"@id":"https:\/\/stuttgarti-katolikusok.de\/#website"},"primaryImageOfPage":{"@id":"https:\/\/stuttgarti-katolikusok.de\/index.php\/latogatas-a-jezidaknal\/#primaryimage"},"image":{"@id":"https:\/\/stuttgarti-katolikusok.de\/index.php\/latogatas-a-jezidaknal\/#primaryimage"},"thumbnailUrl":"https:\/\/stuttgarti-katolikusok.de\/wp-content\/uploads\/2016\/04\/img_4412-2.jpg","datePublished":"2016-04-25T06:14:37+00:00","author":{"@id":"https:\/\/stuttgarti-katolikusok.de\/#\/schema\/person\/75908d6f8fdc03a57889d27209df7795"},"breadcrumb":{"@id":"https:\/\/stuttgarti-katolikusok.de\/index.php\/latogatas-a-jezidaknal\/#breadcrumb"},"inLanguage":"hu","potentialAction":[{"@type":"ReadAction","target":["https:\/\/stuttgarti-katolikusok.de\/index.php\/latogatas-a-jezidaknal\/"]}]},{"@type":"ImageObject","inLanguage":"hu","@id":"https:\/\/stuttgarti-katolikusok.de\/index.php\/latogatas-a-jezidaknal\/#primaryimage","url":"https:\/\/stuttgarti-katolikusok.de\/wp-content\/uploads\/2016\/04\/img_4412-2.jpg","contentUrl":"https:\/\/stuttgarti-katolikusok.de\/wp-content\/uploads\/2016\/04\/img_4412-2.jpg","width":800,"height":600},{"@type":"BreadcrumbList","@id":"https:\/\/stuttgarti-katolikusok.de\/index.php\/latogatas-a-jezidaknal\/#breadcrumb","itemListElement":[{"@type":"ListItem","position":1,"name":"Kezd\u0151lap","item":"https:\/\/stuttgarti-katolikusok.de\/"},{"@type":"ListItem","position":2,"name":"L\u00e1togat\u00e1s a Jezid\u00e1kn\u00e1l"}]},{"@type":"WebSite","@id":"https:\/\/stuttgarti-katolikusok.de\/#website","url":"https:\/\/stuttgarti-katolikusok.de\/","name":"Stuttgarti Katolikusok","description":"","potentialAction":[{"@type":"SearchAction","target":{"@type":"EntryPoint","urlTemplate":"https:\/\/stuttgarti-katolikusok.de\/?s={search_term_string}"},"query-input":{"@type":"PropertyValueSpecification","valueRequired":true,"valueName":"search_term_string"}}],"inLanguage":"hu"},{"@type":"Person","@id":"https:\/\/stuttgarti-katolikusok.de\/#\/schema\/person\/75908d6f8fdc03a57889d27209df7795","name":"Tibor atya","image":{"@type":"ImageObject","inLanguage":"hu","@id":"https:\/\/secure.gravatar.com\/avatar\/61d268e57d1f4525b111222e29d2d5a7f8c420fdbf231ba5566a8ceac74fa960?s=96&d=mm&r=g","url":"https:\/\/secure.gravatar.com\/avatar\/61d268e57d1f4525b111222e29d2d5a7f8c420fdbf231ba5566a8ceac74fa960?s=96&d=mm&r=g","contentUrl":"https:\/\/secure.gravatar.com\/avatar\/61d268e57d1f4525b111222e29d2d5a7f8c420fdbf231ba5566a8ceac74fa960?s=96&d=mm&r=g","caption":"Tibor atya"},"url":"https:\/\/stuttgarti-katolikusok.de\/index.php\/author\/tibor-atya\/"}]}},"_links":{"self":[{"href":"https:\/\/stuttgarti-katolikusok.de\/index.php\/wp-json\/wp\/v2\/posts\/9112","targetHints":{"allow":["GET"]}}],"collection":[{"href":"https:\/\/stuttgarti-katolikusok.de\/index.php\/wp-json\/wp\/v2\/posts"}],"about":[{"href":"https:\/\/stuttgarti-katolikusok.de\/index.php\/wp-json\/wp\/v2\/types\/post"}],"author":[{"embeddable":true,"href":"https:\/\/stuttgarti-katolikusok.de\/index.php\/wp-json\/wp\/v2\/users\/3"}],"replies":[{"embeddable":true,"href":"https:\/\/stuttgarti-katolikusok.de\/index.php\/wp-json\/wp\/v2\/comments?post=9112"}],"version-history":[{"count":1,"href":"https:\/\/stuttgarti-katolikusok.de\/index.php\/wp-json\/wp\/v2\/posts\/9112\/revisions"}],"predecessor-version":[{"id":9114,"href":"https:\/\/stuttgarti-katolikusok.de\/index.php\/wp-json\/wp\/v2\/posts\/9112\/revisions\/9114"}],"wp:featuredmedia":[{"embeddable":true,"href":"https:\/\/stuttgarti-katolikusok.de\/index.php\/wp-json\/wp\/v2\/media\/9113"}],"wp:attachment":[{"href":"https:\/\/stuttgarti-katolikusok.de\/index.php\/wp-json\/wp\/v2\/media?parent=9112"}],"wp:term":[{"taxonomy":"category","embeddable":true,"href":"https:\/\/stuttgarti-katolikusok.de\/index.php\/wp-json\/wp\/v2\/categories?post=9112"},{"taxonomy":"post_tag","embeddable":true,"href":"https:\/\/stuttgarti-katolikusok.de\/index.php\/wp-json\/wp\/v2\/tags?post=9112"}],"curies":[{"name":"wp","href":"https:\/\/api.w.org\/{rel}","templated":true}]}}