{"id":9079,"date":"2016-04-18T08:46:43","date_gmt":"2016-04-18T08:46:43","guid":{"rendered":"https:\/\/gracious-dewdney.138-201-221-2.plesk.page\/?p=9079"},"modified":"2020-04-27T16:03:03","modified_gmt":"2020-04-27T16:03:03","slug":"programelozetes-aprilis-18-es-24-kozott","status":"publish","type":"post","link":"https:\/\/stuttgarti-katolikusok.de\/index.php\/programelozetes-aprilis-18-es-24-kozott\/","title":{"rendered":"Programel\u0151zetes \u00e1prilis 18 \u00e9s 24 k\u00f6z\u00f6tt"},"content":{"rendered":"<p><strong>Programel\u0151zetes<\/strong><\/p>\n<p><strong>\u00c1prilis 21-\u00e9n, <\/strong>cs\u00fct\u00f6rt\u00f6k\u00f6n, 17.30 \u00f3rakor <strong>Ulmban <\/strong>szentmise<em>. <\/em>El\u0151tte gy\u00f3n\u00e1si lehet\u0151s\u00e9g, ut\u00e1na <em>Besz\u00e9lget\u00e9sek a Bibli\u00e1r\u00f3l<\/em> <em>(Levit\u00e1k K\u00f6nyve)<\/em>. Mindenkit szeretettel v\u00e1r Tibor atya!<\/p>\n<p><strong>*<\/strong><\/p>\n<p><strong>\u00c1prilis 22-\u00e9n, <\/strong>p\u00e9nteken, 15.30 \u00f3rakor, <strong>Stuttgartban <\/strong>Bar\u00e1ts\u00e1gklub. Minden id\u0151sebb, kellemes \u00e9s kereszt\u00e9ny t\u00e1rsas\u00e1gra v\u00e1gy\u00f3t szeretettel l\u00e1t a vezet\u0151s\u00e9g \u00e9s a tags\u00e1g!<\/p>\n<p>17.50 \u00f3r\u00e1t\u00f3l r\u00f3zsaf\u00fcz\u00e9r-\u00e1jtatoss\u00e1g, ut\u00e1na szentmise. Keret\u00e9ben <em>P\u00e9nteki Egyetem<\/em>. T\u00e9ma: <em>A f\u0151b\u0171n\u00f6k (a harag).<\/em> Ut\u00e1na 19.00 \u00f3rakor <em>Sportklub. <\/em>Mindenkit szeretettel v\u00e1runk!<\/p>\n<p>Ugyancsak p\u00e9nteken 18.30 \u00f3rakor <strong>Weingartenben<\/strong> a St.-Marien-templomban <strong>szentmise. <\/strong>El\u0151tte gy\u00f3ntat\u00e1s, ut\u00e1na <em>Besz\u00e9lget\u00e9s a Bibli\u00e1r\u00f3l (Levit\u00e1k K\u00f6nyve)<\/em>. Mindenkit szeretettel v\u00e1r Tibor atya!<\/p>\n<p><strong>*<\/strong><\/p>\n<p><strong>\u00c1prilis 23-\u00e1n, <\/strong>szombaton, 15.30 \u00f3rakor<strong> Heidenheimban <\/strong>szentmise. El\u0151tte gy\u00f3n\u00e1si lehet\u0151s\u00e9g, ut\u00e1na \u00e1g\u00e1p\u00e9. Mindenkit szeretettel v\u00e1r Tibor atya!<\/p>\n<p>16.30 \u00f3rakor <strong>Reutlingenben<\/strong> szentmise. El\u0151tte gy\u00f3n\u00e1si lehet\u0151s\u00e9g, ut\u00e1na \u00e1g\u00e1p\u00e9. Mindenkit szeretettel v\u00e1r a k\u00f6z\u00f6ss\u00e9g \u00e9s Imre atya!<\/p>\n<p><strong>*<\/strong><\/p>\n<p><strong>\u00c1prilis 24-\u00e9n,\u00a0 <\/strong>vas\u00e1rnap,\u00a0 <strong>Biberachban<\/strong>\u00a0szentmise, majd ut\u00e1na \u00e1g\u00e1p\u00e9.<strong> El\u0151tte gy\u00f3ntat\u00e1si lehet\u0151s\u00e9g. Mindenkit szeretettel v\u00e1r a k\u00f6z\u00f6ss\u00e9g \u00e9s Tibor atya.<\/strong><\/p>\n<p><strong>9.30 \u00f3rakor <\/strong><strong>B\u00f6blingenben <\/strong><strong>szentmise, e<\/strong>l\u0151tte gy\u00f3n\u00e1si lehet\u0151s\u00e9g, ut\u00e1na \u00e1g\u00e1p\u00e9. <strong>Mindenkit szeretettel v\u00e1r a k\u00f6z\u00f6ss\u00e9g \u00e9s Imre atya!<\/strong><\/p>\n<p><strong>15.00 \u00f3rakor <\/strong><strong>Eislingenben <\/strong><strong>szentmise. <\/strong>El\u0151tte gy\u00f3n\u00e1si lehet\u0151s\u00e9g, ut\u00e1na \u00e1g\u00e1p\u00e9. <strong>Mindenkit szeretettel v\u00e1r a k\u00f6z\u00f6ss\u00e9g \u00e9s Tibor atya.<\/strong><\/p>\n<p><strong>15.30 \u00f3rakor <\/strong><strong>Heilbronnban <\/strong><strong>szentmise, keret\u00e9ben templomb\u00facs\u00fa, <\/strong><strong>Pr\u00e1gai Szent Adalbert \u00fcnnepe<\/strong><strong>, <\/strong>ut\u00e1na \u00e1g\u00e1p\u00e9. <strong>Minden heilbronnit \u00e9s Heilbronn-k\u00f6rny\u00e9kit szeretettel v\u00e1r a k\u00f6z\u00f6ss\u00e9g \u00e9s Imre atya!<\/strong><\/p>\n<p><strong>*<\/strong><\/p>\n<p><em>\u201eAz ember addig marad fiatal, am\u00edg tanul\u00e9kony, \u00faj szok\u00e1sokat saj\u00e1t\u00edt el, \u00e9s a kritik\u00e1t elviseli!\u201d <\/em>(Marie von Ebner-Eschenbach \u2013 1830-1916 \u2013 osztr\u00e1k \u00edr\u00f3n\u0151)<\/p>\n<p><strong><em>Sz\u00e9p napokat, j\u00f3 munk\u00e1t, tartalmas besz\u00e9lget\u00e9seket \u00e9s kellemes tal\u00e1lkoz\u00e1sokat k\u00edv\u00e1nunk minden Kedves H\u00edv\u00fcnknek!<\/em><\/strong><\/p>\n<p><strong><em>\u00a0<\/em><\/strong><\/p>\n<p>&nbsp;<\/p>\n","protected":false},"excerpt":{"rendered":"<p>Programel\u0151zetes \u00c1prilis 21-\u00e9n, cs\u00fct\u00f6rt\u00f6k\u00f6n, 17.30 \u00f3rakor Ulmban szentmise. El\u0151tte gy\u00f3n\u00e1si lehet\u0151s\u00e9g, ut\u00e1na Besz\u00e9lget\u00e9sek a Bibli\u00e1r\u00f3l (Levit\u00e1k K\u00f6nyve). Mindenkit szeretettel v\u00e1r Tibor atya! * \u00c1prilis 22-\u00e9n, p\u00e9nteken, 15.30 \u00f3rakor, Stuttgartban Bar\u00e1ts\u00e1gklub. Minden id\u0151sebb, kellemes \u00e9s kereszt\u00e9ny t\u00e1rsas\u00e1gra v\u00e1gy\u00f3t szeretettel l\u00e1t a vezet\u0151s\u00e9g \u00e9s a tags\u00e1g! 17.50 \u00f3r\u00e1t\u00f3l r\u00f3zsaf\u00fcz\u00e9r-\u00e1jtatoss\u00e1g, ut\u00e1na szentmise. Keret\u00e9ben P\u00e9nteki Egyetem. T\u00e9ma: A f\u0151b\u0171n\u00f6k (a harag). Ut\u00e1na 19.00 \u00f3rakor Sportklub. Mindenkit szeretettel v\u00e1runk! Ugyancsak p\u00e9nteken 18.30 \u00f3rakor Weingartenben a St.-Marien-templomban szentmise. El\u0151tte gy\u00f3ntat\u00e1s, ut\u00e1na Besz\u00e9lget\u00e9s a Bibli\u00e1r\u00f3l (Levit\u00e1k K\u00f6nyve). Mindenkit szeretettel v\u00e1r Tibor atya! * \u00c1prilis 23-\u00e1n, szombaton, 15.30 \u00f3rakor Heidenheimban szentmise. El\u0151tte gy\u00f3n\u00e1si lehet\u0151s\u00e9g, ut\u00e1na \u00e1g\u00e1p\u00e9. Mindenkit szeretettel v\u00e1r Tibor atya! 16.30 \u00f3rakor Reutlingenben szentmise. El\u0151tte gy\u00f3n\u00e1si lehet\u0151s\u00e9g, ut\u00e1na \u00e1g\u00e1p\u00e9. Mindenkit szeretettel v\u00e1r a k\u00f6z\u00f6ss\u00e9g \u00e9s Imre atya! * \u00c1prilis 24-\u00e9n,\u00a0 vas\u00e1rnap,\u00a0 Biberachban\u00a0szentmise, majd ut\u00e1na \u00e1g\u00e1p\u00e9. El\u0151tte gy\u00f3ntat\u00e1si lehet\u0151s\u00e9g. Mindenkit szeretettel v\u00e1r a k\u00f6z\u00f6ss\u00e9g \u00e9s Tibor atya. 9.30 \u00f3rakor B\u00f6blingenben szentmise, el\u0151tte gy\u00f3n\u00e1si lehet\u0151s\u00e9g, ut\u00e1na \u00e1g\u00e1p\u00e9. Mindenkit szeretettel v\u00e1r a k\u00f6z\u00f6ss\u00e9g \u00e9s Imre atya! 15.00 \u00f3rakor Eislingenben szentmise. El\u0151tte gy\u00f3n\u00e1si lehet\u0151s\u00e9g, ut\u00e1na \u00e1g\u00e1p\u00e9. Mindenkit szeretettel v\u00e1r a k\u00f6z\u00f6ss\u00e9g \u00e9s Tibor atya. 15.30 \u00f3rakor Heilbronnban szentmise, keret\u00e9ben templomb\u00facs\u00fa, Pr\u00e1gai Szent Adalbert \u00fcnnepe, ut\u00e1na \u00e1g\u00e1p\u00e9. Minden heilbronnit \u00e9s Heilbronn-k\u00f6rny\u00e9kit szeretettel v\u00e1r a k\u00f6z\u00f6ss\u00e9g \u00e9s Imre atya! * \u201eAz ember addig marad fiatal, am\u00edg tanul\u00e9kony, \u00faj szok\u00e1sokat saj\u00e1t\u00edt el, \u00e9s a kritik\u00e1t elviseli!\u201d (Marie von Ebner-Eschenbach \u2013 1830-1916 \u2013 osztr\u00e1k \u00edr\u00f3n\u0151) Sz\u00e9p napokat, j\u00f3 munk\u00e1t, tartalmas besz\u00e9lget\u00e9seket \u00e9s kellemes tal\u00e1lkoz\u00e1sokat k\u00edv\u00e1nunk minden Kedves H\u00edv\u00fcnknek! \u00a0 &nbsp;<\/p>\n","protected":false},"author":3,"featured_media":0,"comment_status":"closed","ping_status":"closed","sticky":false,"template":"","format":"standard","meta":{"footnotes":""},"categories":[37],"tags":[],"class_list":["post-9079","post","type-post","status-publish","format-standard","hentry","category-progamelozetes"],"yoast_head":"<!-- This site is optimized with the Yoast SEO plugin v27.3 - https:\/\/yoast.com\/product\/yoast-seo-wordpress\/ -->\n<title>Programel\u0151zetes \u00e1prilis 18 \u00e9s 24 k\u00f6z\u00f6tt - Stuttgarti Katolikusok<\/title>\n<meta name=\"robots\" content=\"index, follow, max-snippet:-1, max-image-preview:large, max-video-preview:-1\" \/>\n<link rel=\"canonical\" href=\"https:\/\/stuttgarti-katolikusok.de\/index.php\/programelozetes-aprilis-18-es-24-kozott\/\" \/>\n<meta property=\"og:locale\" content=\"hu_HU\" \/>\n<meta property=\"og:type\" content=\"article\" \/>\n<meta property=\"og:title\" content=\"Programel\u0151zetes \u00e1prilis 18 \u00e9s 24 k\u00f6z\u00f6tt - Stuttgarti Katolikusok\" \/>\n<meta property=\"og:description\" content=\"Programel\u0151zetes \u00c1prilis 21-\u00e9n, cs\u00fct\u00f6rt\u00f6k\u00f6n, 17.30 \u00f3rakor Ulmban szentmise. El\u0151tte gy\u00f3n\u00e1si lehet\u0151s\u00e9g, ut\u00e1na Besz\u00e9lget\u00e9sek a Bibli\u00e1r\u00f3l (Levit\u00e1k K\u00f6nyve). Mindenkit szeretettel v\u00e1r Tibor atya! * \u00c1prilis 22-\u00e9n, p\u00e9nteken, 15.30 \u00f3rakor, Stuttgartban Bar\u00e1ts\u00e1gklub. Minden id\u0151sebb, kellemes \u00e9s kereszt\u00e9ny t\u00e1rsas\u00e1gra v\u00e1gy\u00f3t szeretettel l\u00e1t a vezet\u0151s\u00e9g \u00e9s a tags\u00e1g! 17.50 \u00f3r\u00e1t\u00f3l r\u00f3zsaf\u00fcz\u00e9r-\u00e1jtatoss\u00e1g, ut\u00e1na szentmise. Keret\u00e9ben P\u00e9nteki Egyetem. T\u00e9ma: A f\u0151b\u0171n\u00f6k (a harag). Ut\u00e1na 19.00 \u00f3rakor Sportklub. Mindenkit szeretettel v\u00e1runk! Ugyancsak p\u00e9nteken 18.30 \u00f3rakor Weingartenben a St.-Marien-templomban szentmise. El\u0151tte gy\u00f3ntat\u00e1s, ut\u00e1na Besz\u00e9lget\u00e9s a Bibli\u00e1r\u00f3l (Levit\u00e1k K\u00f6nyve). Mindenkit szeretettel v\u00e1r Tibor atya! * \u00c1prilis 23-\u00e1n, szombaton, 15.30 \u00f3rakor Heidenheimban szentmise. El\u0151tte gy\u00f3n\u00e1si lehet\u0151s\u00e9g, ut\u00e1na \u00e1g\u00e1p\u00e9. Mindenkit szeretettel v\u00e1r Tibor atya! 16.30 \u00f3rakor Reutlingenben szentmise. El\u0151tte gy\u00f3n\u00e1si lehet\u0151s\u00e9g, ut\u00e1na \u00e1g\u00e1p\u00e9. Mindenkit szeretettel v\u00e1r a k\u00f6z\u00f6ss\u00e9g \u00e9s Imre atya! * \u00c1prilis 24-\u00e9n,\u00a0 vas\u00e1rnap,\u00a0 Biberachban\u00a0szentmise, majd ut\u00e1na \u00e1g\u00e1p\u00e9. El\u0151tte gy\u00f3ntat\u00e1si lehet\u0151s\u00e9g. Mindenkit szeretettel v\u00e1r a k\u00f6z\u00f6ss\u00e9g \u00e9s Tibor atya. 9.30 \u00f3rakor B\u00f6blingenben szentmise, el\u0151tte gy\u00f3n\u00e1si lehet\u0151s\u00e9g, ut\u00e1na \u00e1g\u00e1p\u00e9. Mindenkit szeretettel v\u00e1r a k\u00f6z\u00f6ss\u00e9g \u00e9s Imre atya! 15.00 \u00f3rakor Eislingenben szentmise. El\u0151tte gy\u00f3n\u00e1si lehet\u0151s\u00e9g, ut\u00e1na \u00e1g\u00e1p\u00e9. Mindenkit szeretettel v\u00e1r a k\u00f6z\u00f6ss\u00e9g \u00e9s Tibor atya. 15.30 \u00f3rakor Heilbronnban szentmise, keret\u00e9ben templomb\u00facs\u00fa, Pr\u00e1gai Szent Adalbert \u00fcnnepe, ut\u00e1na \u00e1g\u00e1p\u00e9. Minden heilbronnit \u00e9s Heilbronn-k\u00f6rny\u00e9kit szeretettel v\u00e1r a k\u00f6z\u00f6ss\u00e9g \u00e9s Imre atya! * \u201eAz ember addig marad fiatal, am\u00edg tanul\u00e9kony, \u00faj szok\u00e1sokat saj\u00e1t\u00edt el, \u00e9s a kritik\u00e1t elviseli!\u201d (Marie von Ebner-Eschenbach \u2013 1830-1916 \u2013 osztr\u00e1k \u00edr\u00f3n\u0151) Sz\u00e9p napokat, j\u00f3 munk\u00e1t, tartalmas besz\u00e9lget\u00e9seket \u00e9s kellemes tal\u00e1lkoz\u00e1sokat k\u00edv\u00e1nunk minden Kedves H\u00edv\u00fcnknek! \u00a0 &nbsp;\" \/>\n<meta property=\"og:url\" content=\"https:\/\/stuttgarti-katolikusok.de\/index.php\/programelozetes-aprilis-18-es-24-kozott\/\" \/>\n<meta property=\"og:site_name\" content=\"Stuttgarti Katolikusok\" \/>\n<meta property=\"article:published_time\" content=\"2016-04-18T08:46:43+00:00\" \/>\n<meta property=\"article:modified_time\" content=\"2020-04-27T16:03:03+00:00\" \/>\n<meta name=\"author\" content=\"Tibor atya\" \/>\n<meta name=\"twitter:card\" content=\"summary_large_image\" \/>\n<meta name=\"twitter:label1\" content=\"Szerz\u0151:\" \/>\n\t<meta name=\"twitter:data1\" content=\"Tibor atya\" \/>\n\t<meta name=\"twitter:label2\" content=\"Becs\u00fclt olvas\u00e1si id\u0151\" \/>\n\t<meta name=\"twitter:data2\" content=\"2 perc\" \/>\n<script type=\"application\/ld+json\" class=\"yoast-schema-graph\">{\"@context\":\"https:\\\/\\\/schema.org\",\"@graph\":[{\"@type\":\"Article\",\"@id\":\"https:\\\/\\\/stuttgarti-katolikusok.de\\\/index.php\\\/programelozetes-aprilis-18-es-24-kozott\\\/#article\",\"isPartOf\":{\"@id\":\"https:\\\/\\\/stuttgarti-katolikusok.de\\\/index.php\\\/programelozetes-aprilis-18-es-24-kozott\\\/\"},\"author\":{\"name\":\"Tibor atya\",\"@id\":\"https:\\\/\\\/stuttgarti-katolikusok.de\\\/#\\\/schema\\\/person\\\/75908d6f8fdc03a57889d27209df7795\"},\"headline\":\"Programel\u0151zetes \u00e1prilis 18 \u00e9s 24 k\u00f6z\u00f6tt\",\"datePublished\":\"2016-04-18T08:46:43+00:00\",\"dateModified\":\"2020-04-27T16:03:03+00:00\",\"mainEntityOfPage\":{\"@id\":\"https:\\\/\\\/stuttgarti-katolikusok.de\\\/index.php\\\/programelozetes-aprilis-18-es-24-kozott\\\/\"},\"wordCount\":373,\"articleSection\":[\"Progamel\u0151zetes\"],\"inLanguage\":\"hu\"},{\"@type\":\"WebPage\",\"@id\":\"https:\\\/\\\/stuttgarti-katolikusok.de\\\/index.php\\\/programelozetes-aprilis-18-es-24-kozott\\\/\",\"url\":\"https:\\\/\\\/stuttgarti-katolikusok.de\\\/index.php\\\/programelozetes-aprilis-18-es-24-kozott\\\/\",\"name\":\"Programel\u0151zetes \u00e1prilis 18 \u00e9s 24 k\u00f6z\u00f6tt - Stuttgarti Katolikusok\",\"isPartOf\":{\"@id\":\"https:\\\/\\\/stuttgarti-katolikusok.de\\\/#website\"},\"datePublished\":\"2016-04-18T08:46:43+00:00\",\"dateModified\":\"2020-04-27T16:03:03+00:00\",\"author\":{\"@id\":\"https:\\\/\\\/stuttgarti-katolikusok.de\\\/#\\\/schema\\\/person\\\/75908d6f8fdc03a57889d27209df7795\"},\"breadcrumb\":{\"@id\":\"https:\\\/\\\/stuttgarti-katolikusok.de\\\/index.php\\\/programelozetes-aprilis-18-es-24-kozott\\\/#breadcrumb\"},\"inLanguage\":\"hu\",\"potentialAction\":[{\"@type\":\"ReadAction\",\"target\":[\"https:\\\/\\\/stuttgarti-katolikusok.de\\\/index.php\\\/programelozetes-aprilis-18-es-24-kozott\\\/\"]}]},{\"@type\":\"BreadcrumbList\",\"@id\":\"https:\\\/\\\/stuttgarti-katolikusok.de\\\/index.php\\\/programelozetes-aprilis-18-es-24-kozott\\\/#breadcrumb\",\"itemListElement\":[{\"@type\":\"ListItem\",\"position\":1,\"name\":\"Kezd\u0151lap\",\"item\":\"https:\\\/\\\/stuttgarti-katolikusok.de\\\/\"},{\"@type\":\"ListItem\",\"position\":2,\"name\":\"Programel\u0151zetes \u00e1prilis 18 \u00e9s 24 k\u00f6z\u00f6tt\"}]},{\"@type\":\"WebSite\",\"@id\":\"https:\\\/\\\/stuttgarti-katolikusok.de\\\/#website\",\"url\":\"https:\\\/\\\/stuttgarti-katolikusok.de\\\/\",\"name\":\"Stuttgarti Katolikusok\",\"description\":\"\",\"potentialAction\":[{\"@type\":\"SearchAction\",\"target\":{\"@type\":\"EntryPoint\",\"urlTemplate\":\"https:\\\/\\\/stuttgarti-katolikusok.de\\\/?s={search_term_string}\"},\"query-input\":{\"@type\":\"PropertyValueSpecification\",\"valueRequired\":true,\"valueName\":\"search_term_string\"}}],\"inLanguage\":\"hu\"},{\"@type\":\"Person\",\"@id\":\"https:\\\/\\\/stuttgarti-katolikusok.de\\\/#\\\/schema\\\/person\\\/75908d6f8fdc03a57889d27209df7795\",\"name\":\"Tibor atya\",\"image\":{\"@type\":\"ImageObject\",\"inLanguage\":\"hu\",\"@id\":\"https:\\\/\\\/secure.gravatar.com\\\/avatar\\\/61d268e57d1f4525b111222e29d2d5a7f8c420fdbf231ba5566a8ceac74fa960?s=96&d=mm&r=g\",\"url\":\"https:\\\/\\\/secure.gravatar.com\\\/avatar\\\/61d268e57d1f4525b111222e29d2d5a7f8c420fdbf231ba5566a8ceac74fa960?s=96&d=mm&r=g\",\"contentUrl\":\"https:\\\/\\\/secure.gravatar.com\\\/avatar\\\/61d268e57d1f4525b111222e29d2d5a7f8c420fdbf231ba5566a8ceac74fa960?s=96&d=mm&r=g\",\"caption\":\"Tibor atya\"},\"url\":\"https:\\\/\\\/stuttgarti-katolikusok.de\\\/index.php\\\/author\\\/tibor-atya\\\/\"}]}<\/script>\n<!-- \/ Yoast SEO plugin. -->","yoast_head_json":{"title":"Programel\u0151zetes \u00e1prilis 18 \u00e9s 24 k\u00f6z\u00f6tt - Stuttgarti Katolikusok","robots":{"index":"index","follow":"follow","max-snippet":"max-snippet:-1","max-image-preview":"max-image-preview:large","max-video-preview":"max-video-preview:-1"},"canonical":"https:\/\/stuttgarti-katolikusok.de\/index.php\/programelozetes-aprilis-18-es-24-kozott\/","og_locale":"hu_HU","og_type":"article","og_title":"Programel\u0151zetes \u00e1prilis 18 \u00e9s 24 k\u00f6z\u00f6tt - Stuttgarti Katolikusok","og_description":"Programel\u0151zetes \u00c1prilis 21-\u00e9n, cs\u00fct\u00f6rt\u00f6k\u00f6n, 17.30 \u00f3rakor Ulmban szentmise. El\u0151tte gy\u00f3n\u00e1si lehet\u0151s\u00e9g, ut\u00e1na Besz\u00e9lget\u00e9sek a Bibli\u00e1r\u00f3l (Levit\u00e1k K\u00f6nyve). Mindenkit szeretettel v\u00e1r Tibor atya! * \u00c1prilis 22-\u00e9n, p\u00e9nteken, 15.30 \u00f3rakor, Stuttgartban Bar\u00e1ts\u00e1gklub. Minden id\u0151sebb, kellemes \u00e9s kereszt\u00e9ny t\u00e1rsas\u00e1gra v\u00e1gy\u00f3t szeretettel l\u00e1t a vezet\u0151s\u00e9g \u00e9s a tags\u00e1g! 17.50 \u00f3r\u00e1t\u00f3l r\u00f3zsaf\u00fcz\u00e9r-\u00e1jtatoss\u00e1g, ut\u00e1na szentmise. Keret\u00e9ben P\u00e9nteki Egyetem. T\u00e9ma: A f\u0151b\u0171n\u00f6k (a harag). Ut\u00e1na 19.00 \u00f3rakor Sportklub. Mindenkit szeretettel v\u00e1runk! Ugyancsak p\u00e9nteken 18.30 \u00f3rakor Weingartenben a St.-Marien-templomban szentmise. El\u0151tte gy\u00f3ntat\u00e1s, ut\u00e1na Besz\u00e9lget\u00e9s a Bibli\u00e1r\u00f3l (Levit\u00e1k K\u00f6nyve). Mindenkit szeretettel v\u00e1r Tibor atya! * \u00c1prilis 23-\u00e1n, szombaton, 15.30 \u00f3rakor Heidenheimban szentmise. El\u0151tte gy\u00f3n\u00e1si lehet\u0151s\u00e9g, ut\u00e1na \u00e1g\u00e1p\u00e9. Mindenkit szeretettel v\u00e1r Tibor atya! 16.30 \u00f3rakor Reutlingenben szentmise. El\u0151tte gy\u00f3n\u00e1si lehet\u0151s\u00e9g, ut\u00e1na \u00e1g\u00e1p\u00e9. Mindenkit szeretettel v\u00e1r a k\u00f6z\u00f6ss\u00e9g \u00e9s Imre atya! * \u00c1prilis 24-\u00e9n,\u00a0 vas\u00e1rnap,\u00a0 Biberachban\u00a0szentmise, majd ut\u00e1na \u00e1g\u00e1p\u00e9. El\u0151tte gy\u00f3ntat\u00e1si lehet\u0151s\u00e9g. Mindenkit szeretettel v\u00e1r a k\u00f6z\u00f6ss\u00e9g \u00e9s Tibor atya. 9.30 \u00f3rakor B\u00f6blingenben szentmise, el\u0151tte gy\u00f3n\u00e1si lehet\u0151s\u00e9g, ut\u00e1na \u00e1g\u00e1p\u00e9. Mindenkit szeretettel v\u00e1r a k\u00f6z\u00f6ss\u00e9g \u00e9s Imre atya! 15.00 \u00f3rakor Eislingenben szentmise. El\u0151tte gy\u00f3n\u00e1si lehet\u0151s\u00e9g, ut\u00e1na \u00e1g\u00e1p\u00e9. Mindenkit szeretettel v\u00e1r a k\u00f6z\u00f6ss\u00e9g \u00e9s Tibor atya. 15.30 \u00f3rakor Heilbronnban szentmise, keret\u00e9ben templomb\u00facs\u00fa, Pr\u00e1gai Szent Adalbert \u00fcnnepe, ut\u00e1na \u00e1g\u00e1p\u00e9. Minden heilbronnit \u00e9s Heilbronn-k\u00f6rny\u00e9kit szeretettel v\u00e1r a k\u00f6z\u00f6ss\u00e9g \u00e9s Imre atya! * \u201eAz ember addig marad fiatal, am\u00edg tanul\u00e9kony, \u00faj szok\u00e1sokat saj\u00e1t\u00edt el, \u00e9s a kritik\u00e1t elviseli!\u201d (Marie von Ebner-Eschenbach \u2013 1830-1916 \u2013 osztr\u00e1k \u00edr\u00f3n\u0151) Sz\u00e9p napokat, j\u00f3 munk\u00e1t, tartalmas besz\u00e9lget\u00e9seket \u00e9s kellemes tal\u00e1lkoz\u00e1sokat k\u00edv\u00e1nunk minden Kedves H\u00edv\u00fcnknek! \u00a0 &nbsp;","og_url":"https:\/\/stuttgarti-katolikusok.de\/index.php\/programelozetes-aprilis-18-es-24-kozott\/","og_site_name":"Stuttgarti Katolikusok","article_published_time":"2016-04-18T08:46:43+00:00","article_modified_time":"2020-04-27T16:03:03+00:00","author":"Tibor atya","twitter_card":"summary_large_image","twitter_misc":{"Szerz\u0151:":"Tibor atya","Becs\u00fclt olvas\u00e1si id\u0151":"2 perc"},"schema":{"@context":"https:\/\/schema.org","@graph":[{"@type":"Article","@id":"https:\/\/stuttgarti-katolikusok.de\/index.php\/programelozetes-aprilis-18-es-24-kozott\/#article","isPartOf":{"@id":"https:\/\/stuttgarti-katolikusok.de\/index.php\/programelozetes-aprilis-18-es-24-kozott\/"},"author":{"name":"Tibor atya","@id":"https:\/\/stuttgarti-katolikusok.de\/#\/schema\/person\/75908d6f8fdc03a57889d27209df7795"},"headline":"Programel\u0151zetes \u00e1prilis 18 \u00e9s 24 k\u00f6z\u00f6tt","datePublished":"2016-04-18T08:46:43+00:00","dateModified":"2020-04-27T16:03:03+00:00","mainEntityOfPage":{"@id":"https:\/\/stuttgarti-katolikusok.de\/index.php\/programelozetes-aprilis-18-es-24-kozott\/"},"wordCount":373,"articleSection":["Progamel\u0151zetes"],"inLanguage":"hu"},{"@type":"WebPage","@id":"https:\/\/stuttgarti-katolikusok.de\/index.php\/programelozetes-aprilis-18-es-24-kozott\/","url":"https:\/\/stuttgarti-katolikusok.de\/index.php\/programelozetes-aprilis-18-es-24-kozott\/","name":"Programel\u0151zetes \u00e1prilis 18 \u00e9s 24 k\u00f6z\u00f6tt - Stuttgarti Katolikusok","isPartOf":{"@id":"https:\/\/stuttgarti-katolikusok.de\/#website"},"datePublished":"2016-04-18T08:46:43+00:00","dateModified":"2020-04-27T16:03:03+00:00","author":{"@id":"https:\/\/stuttgarti-katolikusok.de\/#\/schema\/person\/75908d6f8fdc03a57889d27209df7795"},"breadcrumb":{"@id":"https:\/\/stuttgarti-katolikusok.de\/index.php\/programelozetes-aprilis-18-es-24-kozott\/#breadcrumb"},"inLanguage":"hu","potentialAction":[{"@type":"ReadAction","target":["https:\/\/stuttgarti-katolikusok.de\/index.php\/programelozetes-aprilis-18-es-24-kozott\/"]}]},{"@type":"BreadcrumbList","@id":"https:\/\/stuttgarti-katolikusok.de\/index.php\/programelozetes-aprilis-18-es-24-kozott\/#breadcrumb","itemListElement":[{"@type":"ListItem","position":1,"name":"Kezd\u0151lap","item":"https:\/\/stuttgarti-katolikusok.de\/"},{"@type":"ListItem","position":2,"name":"Programel\u0151zetes \u00e1prilis 18 \u00e9s 24 k\u00f6z\u00f6tt"}]},{"@type":"WebSite","@id":"https:\/\/stuttgarti-katolikusok.de\/#website","url":"https:\/\/stuttgarti-katolikusok.de\/","name":"Stuttgarti Katolikusok","description":"","potentialAction":[{"@type":"SearchAction","target":{"@type":"EntryPoint","urlTemplate":"https:\/\/stuttgarti-katolikusok.de\/?s={search_term_string}"},"query-input":{"@type":"PropertyValueSpecification","valueRequired":true,"valueName":"search_term_string"}}],"inLanguage":"hu"},{"@type":"Person","@id":"https:\/\/stuttgarti-katolikusok.de\/#\/schema\/person\/75908d6f8fdc03a57889d27209df7795","name":"Tibor atya","image":{"@type":"ImageObject","inLanguage":"hu","@id":"https:\/\/secure.gravatar.com\/avatar\/61d268e57d1f4525b111222e29d2d5a7f8c420fdbf231ba5566a8ceac74fa960?s=96&d=mm&r=g","url":"https:\/\/secure.gravatar.com\/avatar\/61d268e57d1f4525b111222e29d2d5a7f8c420fdbf231ba5566a8ceac74fa960?s=96&d=mm&r=g","contentUrl":"https:\/\/secure.gravatar.com\/avatar\/61d268e57d1f4525b111222e29d2d5a7f8c420fdbf231ba5566a8ceac74fa960?s=96&d=mm&r=g","caption":"Tibor atya"},"url":"https:\/\/stuttgarti-katolikusok.de\/index.php\/author\/tibor-atya\/"}]}},"_links":{"self":[{"href":"https:\/\/stuttgarti-katolikusok.de\/index.php\/wp-json\/wp\/v2\/posts\/9079","targetHints":{"allow":["GET"]}}],"collection":[{"href":"https:\/\/stuttgarti-katolikusok.de\/index.php\/wp-json\/wp\/v2\/posts"}],"about":[{"href":"https:\/\/stuttgarti-katolikusok.de\/index.php\/wp-json\/wp\/v2\/types\/post"}],"author":[{"embeddable":true,"href":"https:\/\/stuttgarti-katolikusok.de\/index.php\/wp-json\/wp\/v2\/users\/3"}],"replies":[{"embeddable":true,"href":"https:\/\/stuttgarti-katolikusok.de\/index.php\/wp-json\/wp\/v2\/comments?post=9079"}],"version-history":[{"count":3,"href":"https:\/\/stuttgarti-katolikusok.de\/index.php\/wp-json\/wp\/v2\/posts\/9079\/revisions"}],"predecessor-version":[{"id":9108,"href":"https:\/\/stuttgarti-katolikusok.de\/index.php\/wp-json\/wp\/v2\/posts\/9079\/revisions\/9108"}],"wp:attachment":[{"href":"https:\/\/stuttgarti-katolikusok.de\/index.php\/wp-json\/wp\/v2\/media?parent=9079"}],"wp:term":[{"taxonomy":"category","embeddable":true,"href":"https:\/\/stuttgarti-katolikusok.de\/index.php\/wp-json\/wp\/v2\/categories?post=9079"},{"taxonomy":"post_tag","embeddable":true,"href":"https:\/\/stuttgarti-katolikusok.de\/index.php\/wp-json\/wp\/v2\/tags?post=9079"}],"curies":[{"name":"wp","href":"https:\/\/api.w.org\/{rel}","templated":true}]}}