{"id":8931,"date":"2016-03-21T07:16:07","date_gmt":"2016-03-21T07:16:07","guid":{"rendered":"https:\/\/gracious-dewdney.138-201-221-2.plesk.page\/?p=8931"},"modified":"2020-04-27T16:02:16","modified_gmt":"2020-04-27T16:02:16","slug":"programelozetes-marcius-21-es-aprilis-3-kozott","status":"publish","type":"post","link":"https:\/\/stuttgarti-katolikusok.de\/index.php\/programelozetes-marcius-21-es-aprilis-3-kozott\/","title":{"rendered":"Programel\u0151zetes m\u00e1rcius 21 \u00e9s \u00e1prilis 3 k\u00f6z\u00f6tt"},"content":{"rendered":"<p>Programel\u0151zetes<br \/>\nM\u00c1RCIUS 24-\u00c9N, NAGYCS\u00dcT\u00d6RT\u00d6K\u00d6N<br \/>\n19.00 \u00f3rakor Stuttgartban,<br \/>\n19.00 \u00f3rakor Weingartenben szentmise.<\/p>\n<p>M\u00c1RCIUS 25-\u00c9N, NAGYP\u00c9NTEKEN<br \/>\n15.00 \u00f3rakor Weingartenben,<br \/>\n18.00 \u00f3rakor Stuttgartban nagyp\u00e9nteki szertart\u00e1s.<\/p>\n<p>M\u00c1RCIUS 26-\u00c1N, NAGYSZOMBATON<br \/>\n20.00 \u00f3rakor Stuttgartban,<br \/>\n20.00 \u00f3rakor Weingartenben felt\u00e1mad\u00e1si szertart\u00e1s \u00e9s szentmise.<\/p>\n<p>M\u00c1RCIUS 27-\u00c9N, H\u00daSV\u00c9TVAS\u00c1RNAP<br \/>\n08.45 \u00f3rakor Biberachban,<br \/>\n09.30 \u00f3rakor B\u00f6blingenben,<br \/>\n10.00 \u00f3rakor Weingartenben,<br \/>\n12.00 \u00f3rakor Stuttgartban,<br \/>\n15.00 \u00f3rakor Ulmban,<br \/>\n15.30 \u00f3rakor Heilbronnban \u00fcnnepi szentmise.<\/p>\n<p>M\u00c1RCIUS 28-\u00c1N, H\u00daSV\u00c9TH\u00c9TF\u0150N<br \/>\n10.30 \u00f3rakor Stuttgartban n\u00e9met-magyar nyelv\u0171 szentmise.<\/p>\n<p>*<br \/>\n\u00c1prilis 1-j\u00e9n, p\u00e9nteken, Stuttgartban, 18.00 \u00f3orakor szentmise. Ut\u00e1na Imak\u00f6r: im\u00e1d\u00e1sunk, h\u00e1l\u00e1nk \u00e9s k\u00e9r\u00e9seink felaj\u00e1nl\u00e1sa J\u00e9zusnak, a legm\u00e9lt\u00f3s\u00e1gosabb Olt\u00e1riszents\u00e9gben. Mindenkit szeretettel v\u00e1r a k\u00f6z\u00f6ss\u00e9g \u00e9s Imre atya!<\/p>\n<p>Weingartenben, a St. Marien-templomban 19.00 \u00f3r\u00e1t\u00f3l szentmise. El\u0151tte gy\u00f3ntat\u00e1s, ut\u00e1na Bibliak\u00f6r (Kivonul\u00e1s K\u00f6nyve). Mindenkit szeretettel v\u00e1r a k\u00f6z\u00f6ss\u00e9g \u00e9s Tibor atya!<br \/>\n*<\/p>\n<p>\u00c1prilis 2-\u00e1n, szombaton, Balingenben, 17.00 \u00f3rakor szentmise. El\u0151tte gy\u00f3ntat\u00e1s, ut\u00e1na \u00e1g\u00e1p\u00e9. Mindenkit szeretettel v\u00e1r a k\u00f6z\u00f6ss\u00e9g \u00e9s Tibor atya!<br \/>\n*<\/p>\n<p>\u00c1prilis 3-\u00e1n, vas\u00e1rnap, Munderkingenben, 9.00 \u00f3rakor szentmise. El\u0151tte gy\u00f3ntat\u00e1s. Mindenkit szeretettel v\u00e1r a k\u00f6z\u00f6ss\u00e9g \u00e9s Tibor atya!<\/p>\n<p>Schw\u00e4bisch-Gm\u00fcndben 9.30 \u00f3rakor szentmise. Ut\u00e1na \u00e1g\u00e1p\u00e9. Mindenkit szeretettel v\u00e1r a k\u00f6z\u00f6ss\u00e9g \u00e9s Imre atya!<\/p>\n<p>Stuttgartban 15.00 \u00f3rakor szentmise. Keret\u00e9ben lektor-avat\u00e1s. Ut\u00e1na \u00e1g\u00e1p\u00e9. Mindenkit szeretettel v\u00e1r a k\u00f6z\u00f6ss\u00e9g \u00e9s Imre atya!<br \/>\n\u201eA kereszt az egyik oldala annak, aminek a m\u00e1sik oldal\u00e1t felt\u00e1mad\u00e1snak h\u00edvjuk.\u201d<\/p>\n<p>Kellemes H\u00fasv\u00e9ti \u00dcnnepeket k\u00edv\u00e1nunk minden H\u00edv\u00fcnknek, \u00e9s minden j\u00f3sz\u00e1nd\u00e9k\u00fa embernek Egyh\u00e1zk\u00f6zs\u00e9g\u00fcnk (Misszi\u00f3nk) ter\u00fclet\u00e9n!<\/p>\n","protected":false},"excerpt":{"rendered":"<p>Programel\u0151zetes M\u00c1RCIUS 24-\u00c9N, NAGYCS\u00dcT\u00d6RT\u00d6K\u00d6N 19.00 \u00f3rakor Stuttgartban, 19.00 \u00f3rakor Weingartenben szentmise. M\u00c1RCIUS 25-\u00c9N, NAGYP\u00c9NTEKEN 15.00 \u00f3rakor Weingartenben, 18.00 \u00f3rakor Stuttgartban nagyp\u00e9nteki szertart\u00e1s. M\u00c1RCIUS 26-\u00c1N, NAGYSZOMBATON 20.00 \u00f3rakor Stuttgartban, 20.00 \u00f3rakor Weingartenben felt\u00e1mad\u00e1si szertart\u00e1s \u00e9s szentmise. M\u00c1RCIUS 27-\u00c9N, H\u00daSV\u00c9TVAS\u00c1RNAP 08.45 \u00f3rakor Biberachban, 09.30 \u00f3rakor B\u00f6blingenben, 10.00 \u00f3rakor Weingartenben, 12.00 \u00f3rakor Stuttgartban, 15.00 \u00f3rakor Ulmban, 15.30 \u00f3rakor Heilbronnban \u00fcnnepi szentmise. M\u00c1RCIUS 28-\u00c1N, H\u00daSV\u00c9TH\u00c9TF\u0150N 10.30 \u00f3rakor Stuttgartban n\u00e9met-magyar nyelv\u0171 szentmise. * \u00c1prilis 1-j\u00e9n, p\u00e9nteken, Stuttgartban, 18.00 \u00f3orakor szentmise. Ut\u00e1na Imak\u00f6r: im\u00e1d\u00e1sunk, h\u00e1l\u00e1nk \u00e9s k\u00e9r\u00e9seink felaj\u00e1nl\u00e1sa J\u00e9zusnak, a legm\u00e9lt\u00f3s\u00e1gosabb Olt\u00e1riszents\u00e9gben. Mindenkit szeretettel v\u00e1r a k\u00f6z\u00f6ss\u00e9g \u00e9s Imre atya! Weingartenben, a St. Marien-templomban 19.00 \u00f3r\u00e1t\u00f3l szentmise. El\u0151tte gy\u00f3ntat\u00e1s, ut\u00e1na Bibliak\u00f6r (Kivonul\u00e1s K\u00f6nyve). Mindenkit szeretettel v\u00e1r a k\u00f6z\u00f6ss\u00e9g \u00e9s Tibor atya! * \u00c1prilis 2-\u00e1n, szombaton, Balingenben, 17.00 \u00f3rakor szentmise. El\u0151tte gy\u00f3ntat\u00e1s, ut\u00e1na \u00e1g\u00e1p\u00e9. Mindenkit szeretettel v\u00e1r a k\u00f6z\u00f6ss\u00e9g \u00e9s Tibor atya! * \u00c1prilis 3-\u00e1n, vas\u00e1rnap, Munderkingenben, 9.00 \u00f3rakor szentmise. El\u0151tte gy\u00f3ntat\u00e1s. Mindenkit szeretettel v\u00e1r a k\u00f6z\u00f6ss\u00e9g \u00e9s Tibor atya! Schw\u00e4bisch-Gm\u00fcndben 9.30 \u00f3rakor szentmise. Ut\u00e1na \u00e1g\u00e1p\u00e9. Mindenkit szeretettel v\u00e1r a k\u00f6z\u00f6ss\u00e9g \u00e9s Imre atya! Stuttgartban 15.00 \u00f3rakor szentmise. Keret\u00e9ben lektor-avat\u00e1s. Ut\u00e1na \u00e1g\u00e1p\u00e9. Mindenkit szeretettel v\u00e1r a k\u00f6z\u00f6ss\u00e9g \u00e9s Imre atya! \u201eA kereszt az egyik oldala annak, aminek a m\u00e1sik oldal\u00e1t felt\u00e1mad\u00e1snak h\u00edvjuk.\u201d Kellemes H\u00fasv\u00e9ti \u00dcnnepeket k\u00edv\u00e1nunk minden H\u00edv\u00fcnknek, \u00e9s minden j\u00f3sz\u00e1nd\u00e9k\u00fa embernek Egyh\u00e1zk\u00f6zs\u00e9g\u00fcnk (Misszi\u00f3nk) ter\u00fclet\u00e9n!<\/p>\n","protected":false},"author":3,"featured_media":0,"comment_status":"closed","ping_status":"closed","sticky":false,"template":"","format":"standard","meta":{"footnotes":""},"categories":[37],"tags":[],"class_list":["post-8931","post","type-post","status-publish","format-standard","hentry","category-progamelozetes"],"yoast_head":"<!-- This site is optimized with the Yoast SEO plugin v27.3 - https:\/\/yoast.com\/product\/yoast-seo-wordpress\/ -->\n<title>Programel\u0151zetes m\u00e1rcius 21 \u00e9s \u00e1prilis 3 k\u00f6z\u00f6tt - Stuttgarti Katolikusok<\/title>\n<meta name=\"robots\" content=\"index, follow, max-snippet:-1, max-image-preview:large, max-video-preview:-1\" \/>\n<link rel=\"canonical\" href=\"https:\/\/stuttgarti-katolikusok.de\/index.php\/programelozetes-marcius-21-es-aprilis-3-kozott\/\" \/>\n<meta property=\"og:locale\" content=\"hu_HU\" \/>\n<meta property=\"og:type\" content=\"article\" \/>\n<meta property=\"og:title\" content=\"Programel\u0151zetes m\u00e1rcius 21 \u00e9s \u00e1prilis 3 k\u00f6z\u00f6tt - Stuttgarti Katolikusok\" \/>\n<meta property=\"og:description\" content=\"Programel\u0151zetes M\u00c1RCIUS 24-\u00c9N, NAGYCS\u00dcT\u00d6RT\u00d6K\u00d6N 19.00 \u00f3rakor Stuttgartban, 19.00 \u00f3rakor Weingartenben szentmise. M\u00c1RCIUS 25-\u00c9N, NAGYP\u00c9NTEKEN 15.00 \u00f3rakor Weingartenben, 18.00 \u00f3rakor Stuttgartban nagyp\u00e9nteki szertart\u00e1s. M\u00c1RCIUS 26-\u00c1N, NAGYSZOMBATON 20.00 \u00f3rakor Stuttgartban, 20.00 \u00f3rakor Weingartenben felt\u00e1mad\u00e1si szertart\u00e1s \u00e9s szentmise. M\u00c1RCIUS 27-\u00c9N, H\u00daSV\u00c9TVAS\u00c1RNAP 08.45 \u00f3rakor Biberachban, 09.30 \u00f3rakor B\u00f6blingenben, 10.00 \u00f3rakor Weingartenben, 12.00 \u00f3rakor Stuttgartban, 15.00 \u00f3rakor Ulmban, 15.30 \u00f3rakor Heilbronnban \u00fcnnepi szentmise. M\u00c1RCIUS 28-\u00c1N, H\u00daSV\u00c9TH\u00c9TF\u0150N 10.30 \u00f3rakor Stuttgartban n\u00e9met-magyar nyelv\u0171 szentmise. * \u00c1prilis 1-j\u00e9n, p\u00e9nteken, Stuttgartban, 18.00 \u00f3orakor szentmise. Ut\u00e1na Imak\u00f6r: im\u00e1d\u00e1sunk, h\u00e1l\u00e1nk \u00e9s k\u00e9r\u00e9seink felaj\u00e1nl\u00e1sa J\u00e9zusnak, a legm\u00e9lt\u00f3s\u00e1gosabb Olt\u00e1riszents\u00e9gben. Mindenkit szeretettel v\u00e1r a k\u00f6z\u00f6ss\u00e9g \u00e9s Imre atya! Weingartenben, a St. Marien-templomban 19.00 \u00f3r\u00e1t\u00f3l szentmise. El\u0151tte gy\u00f3ntat\u00e1s, ut\u00e1na Bibliak\u00f6r (Kivonul\u00e1s K\u00f6nyve). Mindenkit szeretettel v\u00e1r a k\u00f6z\u00f6ss\u00e9g \u00e9s Tibor atya! * \u00c1prilis 2-\u00e1n, szombaton, Balingenben, 17.00 \u00f3rakor szentmise. El\u0151tte gy\u00f3ntat\u00e1s, ut\u00e1na \u00e1g\u00e1p\u00e9. Mindenkit szeretettel v\u00e1r a k\u00f6z\u00f6ss\u00e9g \u00e9s Tibor atya! * \u00c1prilis 3-\u00e1n, vas\u00e1rnap, Munderkingenben, 9.00 \u00f3rakor szentmise. El\u0151tte gy\u00f3ntat\u00e1s. Mindenkit szeretettel v\u00e1r a k\u00f6z\u00f6ss\u00e9g \u00e9s Tibor atya! Schw\u00e4bisch-Gm\u00fcndben 9.30 \u00f3rakor szentmise. Ut\u00e1na \u00e1g\u00e1p\u00e9. Mindenkit szeretettel v\u00e1r a k\u00f6z\u00f6ss\u00e9g \u00e9s Imre atya! Stuttgartban 15.00 \u00f3rakor szentmise. Keret\u00e9ben lektor-avat\u00e1s. Ut\u00e1na \u00e1g\u00e1p\u00e9. Mindenkit szeretettel v\u00e1r a k\u00f6z\u00f6ss\u00e9g \u00e9s Imre atya! \u201eA kereszt az egyik oldala annak, aminek a m\u00e1sik oldal\u00e1t felt\u00e1mad\u00e1snak h\u00edvjuk.\u201d Kellemes H\u00fasv\u00e9ti \u00dcnnepeket k\u00edv\u00e1nunk minden H\u00edv\u00fcnknek, \u00e9s minden j\u00f3sz\u00e1nd\u00e9k\u00fa embernek Egyh\u00e1zk\u00f6zs\u00e9g\u00fcnk (Misszi\u00f3nk) ter\u00fclet\u00e9n!\" \/>\n<meta property=\"og:url\" content=\"https:\/\/stuttgarti-katolikusok.de\/index.php\/programelozetes-marcius-21-es-aprilis-3-kozott\/\" \/>\n<meta property=\"og:site_name\" content=\"Stuttgarti Katolikusok\" \/>\n<meta property=\"article:published_time\" content=\"2016-03-21T07:16:07+00:00\" \/>\n<meta property=\"article:modified_time\" content=\"2020-04-27T16:02:16+00:00\" \/>\n<meta name=\"author\" content=\"Tibor atya\" \/>\n<meta name=\"twitter:card\" content=\"summary_large_image\" \/>\n<meta name=\"twitter:label1\" content=\"Szerz\u0151:\" \/>\n\t<meta name=\"twitter:data1\" content=\"Tibor atya\" \/>\n\t<meta name=\"twitter:label2\" content=\"Becs\u00fclt olvas\u00e1si id\u0151\" \/>\n\t<meta name=\"twitter:data2\" content=\"2 perc\" \/>\n<script type=\"application\/ld+json\" class=\"yoast-schema-graph\">{\"@context\":\"https:\\\/\\\/schema.org\",\"@graph\":[{\"@type\":\"Article\",\"@id\":\"https:\\\/\\\/stuttgarti-katolikusok.de\\\/index.php\\\/programelozetes-marcius-21-es-aprilis-3-kozott\\\/#article\",\"isPartOf\":{\"@id\":\"https:\\\/\\\/stuttgarti-katolikusok.de\\\/index.php\\\/programelozetes-marcius-21-es-aprilis-3-kozott\\\/\"},\"author\":{\"name\":\"Tibor atya\",\"@id\":\"https:\\\/\\\/stuttgarti-katolikusok.de\\\/#\\\/schema\\\/person\\\/75908d6f8fdc03a57889d27209df7795\"},\"headline\":\"Programel\u0151zetes m\u00e1rcius 21 \u00e9s \u00e1prilis 3 k\u00f6z\u00f6tt\",\"datePublished\":\"2016-03-21T07:16:07+00:00\",\"dateModified\":\"2020-04-27T16:02:16+00:00\",\"mainEntityOfPage\":{\"@id\":\"https:\\\/\\\/stuttgarti-katolikusok.de\\\/index.php\\\/programelozetes-marcius-21-es-aprilis-3-kozott\\\/\"},\"wordCount\":316,\"articleSection\":[\"Progamel\u0151zetes\"],\"inLanguage\":\"hu\"},{\"@type\":\"WebPage\",\"@id\":\"https:\\\/\\\/stuttgarti-katolikusok.de\\\/index.php\\\/programelozetes-marcius-21-es-aprilis-3-kozott\\\/\",\"url\":\"https:\\\/\\\/stuttgarti-katolikusok.de\\\/index.php\\\/programelozetes-marcius-21-es-aprilis-3-kozott\\\/\",\"name\":\"Programel\u0151zetes m\u00e1rcius 21 \u00e9s \u00e1prilis 3 k\u00f6z\u00f6tt - Stuttgarti Katolikusok\",\"isPartOf\":{\"@id\":\"https:\\\/\\\/stuttgarti-katolikusok.de\\\/#website\"},\"datePublished\":\"2016-03-21T07:16:07+00:00\",\"dateModified\":\"2020-04-27T16:02:16+00:00\",\"author\":{\"@id\":\"https:\\\/\\\/stuttgarti-katolikusok.de\\\/#\\\/schema\\\/person\\\/75908d6f8fdc03a57889d27209df7795\"},\"breadcrumb\":{\"@id\":\"https:\\\/\\\/stuttgarti-katolikusok.de\\\/index.php\\\/programelozetes-marcius-21-es-aprilis-3-kozott\\\/#breadcrumb\"},\"inLanguage\":\"hu\",\"potentialAction\":[{\"@type\":\"ReadAction\",\"target\":[\"https:\\\/\\\/stuttgarti-katolikusok.de\\\/index.php\\\/programelozetes-marcius-21-es-aprilis-3-kozott\\\/\"]}]},{\"@type\":\"BreadcrumbList\",\"@id\":\"https:\\\/\\\/stuttgarti-katolikusok.de\\\/index.php\\\/programelozetes-marcius-21-es-aprilis-3-kozott\\\/#breadcrumb\",\"itemListElement\":[{\"@type\":\"ListItem\",\"position\":1,\"name\":\"Kezd\u0151lap\",\"item\":\"https:\\\/\\\/stuttgarti-katolikusok.de\\\/\"},{\"@type\":\"ListItem\",\"position\":2,\"name\":\"Programel\u0151zetes m\u00e1rcius 21 \u00e9s \u00e1prilis 3 k\u00f6z\u00f6tt\"}]},{\"@type\":\"WebSite\",\"@id\":\"https:\\\/\\\/stuttgarti-katolikusok.de\\\/#website\",\"url\":\"https:\\\/\\\/stuttgarti-katolikusok.de\\\/\",\"name\":\"Stuttgarti Katolikusok\",\"description\":\"\",\"potentialAction\":[{\"@type\":\"SearchAction\",\"target\":{\"@type\":\"EntryPoint\",\"urlTemplate\":\"https:\\\/\\\/stuttgarti-katolikusok.de\\\/?s={search_term_string}\"},\"query-input\":{\"@type\":\"PropertyValueSpecification\",\"valueRequired\":true,\"valueName\":\"search_term_string\"}}],\"inLanguage\":\"hu\"},{\"@type\":\"Person\",\"@id\":\"https:\\\/\\\/stuttgarti-katolikusok.de\\\/#\\\/schema\\\/person\\\/75908d6f8fdc03a57889d27209df7795\",\"name\":\"Tibor atya\",\"image\":{\"@type\":\"ImageObject\",\"inLanguage\":\"hu\",\"@id\":\"https:\\\/\\\/secure.gravatar.com\\\/avatar\\\/61d268e57d1f4525b111222e29d2d5a7f8c420fdbf231ba5566a8ceac74fa960?s=96&d=mm&r=g\",\"url\":\"https:\\\/\\\/secure.gravatar.com\\\/avatar\\\/61d268e57d1f4525b111222e29d2d5a7f8c420fdbf231ba5566a8ceac74fa960?s=96&d=mm&r=g\",\"contentUrl\":\"https:\\\/\\\/secure.gravatar.com\\\/avatar\\\/61d268e57d1f4525b111222e29d2d5a7f8c420fdbf231ba5566a8ceac74fa960?s=96&d=mm&r=g\",\"caption\":\"Tibor atya\"},\"url\":\"https:\\\/\\\/stuttgarti-katolikusok.de\\\/index.php\\\/author\\\/tibor-atya\\\/\"}]}<\/script>\n<!-- \/ Yoast SEO plugin. -->","yoast_head_json":{"title":"Programel\u0151zetes m\u00e1rcius 21 \u00e9s \u00e1prilis 3 k\u00f6z\u00f6tt - Stuttgarti Katolikusok","robots":{"index":"index","follow":"follow","max-snippet":"max-snippet:-1","max-image-preview":"max-image-preview:large","max-video-preview":"max-video-preview:-1"},"canonical":"https:\/\/stuttgarti-katolikusok.de\/index.php\/programelozetes-marcius-21-es-aprilis-3-kozott\/","og_locale":"hu_HU","og_type":"article","og_title":"Programel\u0151zetes m\u00e1rcius 21 \u00e9s \u00e1prilis 3 k\u00f6z\u00f6tt - Stuttgarti Katolikusok","og_description":"Programel\u0151zetes M\u00c1RCIUS 24-\u00c9N, NAGYCS\u00dcT\u00d6RT\u00d6K\u00d6N 19.00 \u00f3rakor Stuttgartban, 19.00 \u00f3rakor Weingartenben szentmise. M\u00c1RCIUS 25-\u00c9N, NAGYP\u00c9NTEKEN 15.00 \u00f3rakor Weingartenben, 18.00 \u00f3rakor Stuttgartban nagyp\u00e9nteki szertart\u00e1s. M\u00c1RCIUS 26-\u00c1N, NAGYSZOMBATON 20.00 \u00f3rakor Stuttgartban, 20.00 \u00f3rakor Weingartenben felt\u00e1mad\u00e1si szertart\u00e1s \u00e9s szentmise. M\u00c1RCIUS 27-\u00c9N, H\u00daSV\u00c9TVAS\u00c1RNAP 08.45 \u00f3rakor Biberachban, 09.30 \u00f3rakor B\u00f6blingenben, 10.00 \u00f3rakor Weingartenben, 12.00 \u00f3rakor Stuttgartban, 15.00 \u00f3rakor Ulmban, 15.30 \u00f3rakor Heilbronnban \u00fcnnepi szentmise. M\u00c1RCIUS 28-\u00c1N, H\u00daSV\u00c9TH\u00c9TF\u0150N 10.30 \u00f3rakor Stuttgartban n\u00e9met-magyar nyelv\u0171 szentmise. * \u00c1prilis 1-j\u00e9n, p\u00e9nteken, Stuttgartban, 18.00 \u00f3orakor szentmise. Ut\u00e1na Imak\u00f6r: im\u00e1d\u00e1sunk, h\u00e1l\u00e1nk \u00e9s k\u00e9r\u00e9seink felaj\u00e1nl\u00e1sa J\u00e9zusnak, a legm\u00e9lt\u00f3s\u00e1gosabb Olt\u00e1riszents\u00e9gben. Mindenkit szeretettel v\u00e1r a k\u00f6z\u00f6ss\u00e9g \u00e9s Imre atya! Weingartenben, a St. Marien-templomban 19.00 \u00f3r\u00e1t\u00f3l szentmise. El\u0151tte gy\u00f3ntat\u00e1s, ut\u00e1na Bibliak\u00f6r (Kivonul\u00e1s K\u00f6nyve). Mindenkit szeretettel v\u00e1r a k\u00f6z\u00f6ss\u00e9g \u00e9s Tibor atya! * \u00c1prilis 2-\u00e1n, szombaton, Balingenben, 17.00 \u00f3rakor szentmise. El\u0151tte gy\u00f3ntat\u00e1s, ut\u00e1na \u00e1g\u00e1p\u00e9. Mindenkit szeretettel v\u00e1r a k\u00f6z\u00f6ss\u00e9g \u00e9s Tibor atya! * \u00c1prilis 3-\u00e1n, vas\u00e1rnap, Munderkingenben, 9.00 \u00f3rakor szentmise. El\u0151tte gy\u00f3ntat\u00e1s. Mindenkit szeretettel v\u00e1r a k\u00f6z\u00f6ss\u00e9g \u00e9s Tibor atya! Schw\u00e4bisch-Gm\u00fcndben 9.30 \u00f3rakor szentmise. Ut\u00e1na \u00e1g\u00e1p\u00e9. Mindenkit szeretettel v\u00e1r a k\u00f6z\u00f6ss\u00e9g \u00e9s Imre atya! Stuttgartban 15.00 \u00f3rakor szentmise. Keret\u00e9ben lektor-avat\u00e1s. Ut\u00e1na \u00e1g\u00e1p\u00e9. Mindenkit szeretettel v\u00e1r a k\u00f6z\u00f6ss\u00e9g \u00e9s Imre atya! \u201eA kereszt az egyik oldala annak, aminek a m\u00e1sik oldal\u00e1t felt\u00e1mad\u00e1snak h\u00edvjuk.\u201d Kellemes H\u00fasv\u00e9ti \u00dcnnepeket k\u00edv\u00e1nunk minden H\u00edv\u00fcnknek, \u00e9s minden j\u00f3sz\u00e1nd\u00e9k\u00fa embernek Egyh\u00e1zk\u00f6zs\u00e9g\u00fcnk (Misszi\u00f3nk) ter\u00fclet\u00e9n!","og_url":"https:\/\/stuttgarti-katolikusok.de\/index.php\/programelozetes-marcius-21-es-aprilis-3-kozott\/","og_site_name":"Stuttgarti Katolikusok","article_published_time":"2016-03-21T07:16:07+00:00","article_modified_time":"2020-04-27T16:02:16+00:00","author":"Tibor atya","twitter_card":"summary_large_image","twitter_misc":{"Szerz\u0151:":"Tibor atya","Becs\u00fclt olvas\u00e1si id\u0151":"2 perc"},"schema":{"@context":"https:\/\/schema.org","@graph":[{"@type":"Article","@id":"https:\/\/stuttgarti-katolikusok.de\/index.php\/programelozetes-marcius-21-es-aprilis-3-kozott\/#article","isPartOf":{"@id":"https:\/\/stuttgarti-katolikusok.de\/index.php\/programelozetes-marcius-21-es-aprilis-3-kozott\/"},"author":{"name":"Tibor atya","@id":"https:\/\/stuttgarti-katolikusok.de\/#\/schema\/person\/75908d6f8fdc03a57889d27209df7795"},"headline":"Programel\u0151zetes m\u00e1rcius 21 \u00e9s \u00e1prilis 3 k\u00f6z\u00f6tt","datePublished":"2016-03-21T07:16:07+00:00","dateModified":"2020-04-27T16:02:16+00:00","mainEntityOfPage":{"@id":"https:\/\/stuttgarti-katolikusok.de\/index.php\/programelozetes-marcius-21-es-aprilis-3-kozott\/"},"wordCount":316,"articleSection":["Progamel\u0151zetes"],"inLanguage":"hu"},{"@type":"WebPage","@id":"https:\/\/stuttgarti-katolikusok.de\/index.php\/programelozetes-marcius-21-es-aprilis-3-kozott\/","url":"https:\/\/stuttgarti-katolikusok.de\/index.php\/programelozetes-marcius-21-es-aprilis-3-kozott\/","name":"Programel\u0151zetes m\u00e1rcius 21 \u00e9s \u00e1prilis 3 k\u00f6z\u00f6tt - Stuttgarti Katolikusok","isPartOf":{"@id":"https:\/\/stuttgarti-katolikusok.de\/#website"},"datePublished":"2016-03-21T07:16:07+00:00","dateModified":"2020-04-27T16:02:16+00:00","author":{"@id":"https:\/\/stuttgarti-katolikusok.de\/#\/schema\/person\/75908d6f8fdc03a57889d27209df7795"},"breadcrumb":{"@id":"https:\/\/stuttgarti-katolikusok.de\/index.php\/programelozetes-marcius-21-es-aprilis-3-kozott\/#breadcrumb"},"inLanguage":"hu","potentialAction":[{"@type":"ReadAction","target":["https:\/\/stuttgarti-katolikusok.de\/index.php\/programelozetes-marcius-21-es-aprilis-3-kozott\/"]}]},{"@type":"BreadcrumbList","@id":"https:\/\/stuttgarti-katolikusok.de\/index.php\/programelozetes-marcius-21-es-aprilis-3-kozott\/#breadcrumb","itemListElement":[{"@type":"ListItem","position":1,"name":"Kezd\u0151lap","item":"https:\/\/stuttgarti-katolikusok.de\/"},{"@type":"ListItem","position":2,"name":"Programel\u0151zetes m\u00e1rcius 21 \u00e9s \u00e1prilis 3 k\u00f6z\u00f6tt"}]},{"@type":"WebSite","@id":"https:\/\/stuttgarti-katolikusok.de\/#website","url":"https:\/\/stuttgarti-katolikusok.de\/","name":"Stuttgarti Katolikusok","description":"","potentialAction":[{"@type":"SearchAction","target":{"@type":"EntryPoint","urlTemplate":"https:\/\/stuttgarti-katolikusok.de\/?s={search_term_string}"},"query-input":{"@type":"PropertyValueSpecification","valueRequired":true,"valueName":"search_term_string"}}],"inLanguage":"hu"},{"@type":"Person","@id":"https:\/\/stuttgarti-katolikusok.de\/#\/schema\/person\/75908d6f8fdc03a57889d27209df7795","name":"Tibor atya","image":{"@type":"ImageObject","inLanguage":"hu","@id":"https:\/\/secure.gravatar.com\/avatar\/61d268e57d1f4525b111222e29d2d5a7f8c420fdbf231ba5566a8ceac74fa960?s=96&d=mm&r=g","url":"https:\/\/secure.gravatar.com\/avatar\/61d268e57d1f4525b111222e29d2d5a7f8c420fdbf231ba5566a8ceac74fa960?s=96&d=mm&r=g","contentUrl":"https:\/\/secure.gravatar.com\/avatar\/61d268e57d1f4525b111222e29d2d5a7f8c420fdbf231ba5566a8ceac74fa960?s=96&d=mm&r=g","caption":"Tibor atya"},"url":"https:\/\/stuttgarti-katolikusok.de\/index.php\/author\/tibor-atya\/"}]}},"_links":{"self":[{"href":"https:\/\/stuttgarti-katolikusok.de\/index.php\/wp-json\/wp\/v2\/posts\/8931","targetHints":{"allow":["GET"]}}],"collection":[{"href":"https:\/\/stuttgarti-katolikusok.de\/index.php\/wp-json\/wp\/v2\/posts"}],"about":[{"href":"https:\/\/stuttgarti-katolikusok.de\/index.php\/wp-json\/wp\/v2\/types\/post"}],"author":[{"embeddable":true,"href":"https:\/\/stuttgarti-katolikusok.de\/index.php\/wp-json\/wp\/v2\/users\/3"}],"replies":[{"embeddable":true,"href":"https:\/\/stuttgarti-katolikusok.de\/index.php\/wp-json\/wp\/v2\/comments?post=8931"}],"version-history":[{"count":1,"href":"https:\/\/stuttgarti-katolikusok.de\/index.php\/wp-json\/wp\/v2\/posts\/8931\/revisions"}],"predecessor-version":[{"id":8934,"href":"https:\/\/stuttgarti-katolikusok.de\/index.php\/wp-json\/wp\/v2\/posts\/8931\/revisions\/8934"}],"wp:attachment":[{"href":"https:\/\/stuttgarti-katolikusok.de\/index.php\/wp-json\/wp\/v2\/media?parent=8931"}],"wp:term":[{"taxonomy":"category","embeddable":true,"href":"https:\/\/stuttgarti-katolikusok.de\/index.php\/wp-json\/wp\/v2\/categories?post=8931"},{"taxonomy":"post_tag","embeddable":true,"href":"https:\/\/stuttgarti-katolikusok.de\/index.php\/wp-json\/wp\/v2\/tags?post=8931"}],"curies":[{"name":"wp","href":"https:\/\/api.w.org\/{rel}","templated":true}]}}