{"id":8902,"date":"2016-03-15T07:18:52","date_gmt":"2016-03-15T07:18:52","guid":{"rendered":"https:\/\/gracious-dewdney.138-201-221-2.plesk.page\/?p=8902"},"modified":"2016-03-15T07:18:52","modified_gmt":"2016-03-15T07:18:52","slug":"isten-nagy-lehetosegei","status":"publish","type":"post","link":"https:\/\/stuttgarti-katolikusok.de\/index.php\/isten-nagy-lehetosegei\/","title":{"rendered":"Isten nagy lehet\u0151s\u00e9gei"},"content":{"rendered":"<p>&nbsp;<\/p>\n<p>Itt fek\u00fcdsz a k\u00f3rh\u00e1zi \u00e1gyon s\u00e1padtan, \u00f6sszekucorodva a f\u00e1jdalomt\u00f3l&#8230; Nagyon sz\u00edven \u00fct a l\u00e1tv\u00e1ny\u2026 Mell\u00e9d \u00fcl\u00f6k\u2026 R\u00e9snyire kinyitod a szemed, \u00e9s biccentve k\u00f6sz\u00f6ntesz\u2026 Megfogom \u00e9s s\u00edmogatni kezdem a kezed\u2026 Erre kapkodva a leveg\u0151t, halkan besz\u00e9lni kezdesz\u2026 Nincs a szavaidban semmi szemreh\u00e1ny\u00e1s, csak valami m\u00e9ly, sz\u00edvszorongat\u00f3 szomor\u00fas\u00e1g\u2026<\/p>\n<p>\u201eAtya! Ismered ezt az \u00e9rz\u00e9st?\u201c \u2013 k\u00e9rdezed.<br \/>\n\u201eTerveket kov\u00e1csolsz, de meghi\u00fasulnak.<br \/>\nRem\u00e9nykedsz, de nem teljesedik be.<br \/>\nNekifesz\u00fclsz, er\u0151lk\u00f6dsz, m\u00e9gis veres\u00e9get szenvedsz.<br \/>\nF\u00e1radozol, hogy j\u00f3 eredm\u00e9nyt \u00e9rj el, m\u00e9gis sikertelens\u00e9get aratsz.<br \/>\nEmberi kapcsolatokba fektetsz, m\u00e9gis \u00faton-\u00fatf\u00e9len csal\u00f3d\u00e1sok \u00e9rnek.<br \/>\nA szeretetre teszel fel mindent, s a szeretet \u00f6sszet\u00f6rik, t\u00f6nkre megy.<br \/>\nIgyekszel Istennek tetsz\u0151en \u00e9lni, \u00e9s most itt fekszel tehetetlen\u00fcl, fiatalon, nagy betegen a k\u00f3rh\u00e1zi \u00e1gyon.<br \/>\nHol van \u0150? Mi\u00e9rt hallgat?\u201d<\/p>\n<p>M\u00e9lyen egy\u00fctt\u00e9rzek Veled&#8230; Tudom, nem azt v\u00e1rod, hogy Istent megv\u00e9djem \u2013 T\u0151led. Nem is az\u00e9rt besz\u00e9lsz \u00edgy, mert most m\u00e1r nem szereted \u0150t, nem im\u00e1dkozol hozz\u00e1. De b\u00e1nt a hallgat\u00e1sa. F\u00e1j Neked, hogy most konokul \u00e9s n\u00e9m\u00e1n, r\u00e9szv\u00e9tlen\u00fcl \u00e9s egykedv\u0171en n\u00e9zi, hogy szenvedsz&#8230; Legal\u00e1bbis ez az \u00e9rz\u00e9sed&#8230;<br \/>\nAzzal kezdem a v\u00e1laszomat, hogy Isten most sem hallgat, csak nem hallod a szavait. Az is lehet, hogy nem besz\u00e9l, hanem \u00e9pp cselekszik. Azon \u00fcgyk\u00f6dik, hogy a Neked legmegfelel\u0151bb megold\u00e1st el\u0151k\u00e9sz\u00edtse&#8230;<br \/>\nSzavaim sz\u00fcrk\u00e9n hangozhatnak, de l\u00e1tom, figyelsz. Mindent magadba iszol, hogy belekapaszkodhass, ha majd ism\u00e9t j\u00f6nnek a komor gondolatok&#8230;<\/p>\n<p>\u201eEmberi gyenges\u00e9geink, betegs\u00e9geink, hat\u00e1rhelyzeteink\u201d kezdem.<br \/>\n\u201eIsten sz\u00e1m\u00e1ra mind k\u00f6zkedvelt helyek arra, hogy megmutassa hatalm\u00e1t \u00e9s mindenhat\u00f3s\u00e1g\u00e1t. Ha feladod, ha megadod magad a helyzetnek, ha l\u00e1tsz\u00f3lag al\u00e1gy\u0171rnek \u00e9s maguk al\u00e1 temetnek az esem\u00e9nyek, \u0150 akkor cselekedni kezd.<br \/>\n\u00c9leted dr\u00f3th\u00e1l\u00f3j\u00e1n ilyenkor lyukakat keres, hogy kegyelm\u00e9vel bet\u00f6rhessen hozz\u00e1d, \u00e9s kit\u00f6lthesse azokat az \u0150 jelenl\u00e9t\u00e9vel.<br \/>\nA gyenges\u00e9geidet keresi, hogy meger\u0151s\u00edtse \u0151ket.<br \/>\nA t\u00f6k\u00e9letlens\u00e9geidet keresi, hogy t\u00f6k\u00e9letess\u00e9 tehesse \u0151ket.<br \/>\nA benned sz\u00e9tt\u00f6r\u00f6ttet keresi, hogy \u00f6sszerakhassa \u0151ket.<br \/>\nA betegs\u00e9geidet keresi, hogy meggy\u00f3gy\u00edtsa \u0151ket.<br \/>\nIsten ezeket mind az\u00e9rt keresi benned, hogy megmutathassa Neked is nagys\u00e1g\u00e1t \u00e9s ir\u00e1ntad \u00e9rzett v\u00e9gtelen szeretet\u00e9t.<br \/>\nMik\u00f6zben Veled szenved, veres\u00e9geid, haj\u00f3t\u00f6r\u00e9seid, kudarcaid, szenved\u00e9seid egy\u00e1ltal\u00e1n nem r\u00e9m\u00edtik meg \u0150t. Ezek nem egyszer olyan lesz\u00e1ll\u00f3p\u00e1ly\u00e1k, amelyekre \u0150 lesz\u00e1llhat, \u00e9s amelyeken Te az \u0150 jelenl\u00e9t\u00e9t \u00fajra felfedezheted \u00e9s megtapasztalhatod. Ne add h\u00e1t fel! Sz\u00f3longasd \u0150t! V\u00e1rj r\u00e1 t\u00fcrelemmel! \u00c9s engedd, hogy meglepjen, amikor j\u00f6n!\u201d<\/p>\n<p>Majd Szent P\u00e1l jutott eszembe, \u00e9s besz\u00e9lni kezdek Neked r\u00f3la, aki szint\u00e9n nagyon szenvedhetett, mert ezeket \u00edrta:<\/p>\n<p>\u201e7De hogy a nagyszer\u0171 kinyilatkoztat\u00e1s elbizakodott\u00e1 ne tegyen, t\u00f6vist kaptam testembe, a s\u00e1t\u00e1n angyal\u00e1t, hogy arcul csapkodjon, \u00e9s el ne b\u00edzzam magam. 8H\u00e1romszor k\u00e9rtem ez\u00e9rt az Urat, hogy szabad\u00edtson meg t\u0151le, de azt felelte: 9\u201eEl\u00e9g neked az \u00e9n kegyelmem. Mert az er\u0151 a gy\u00f6nges\u00e9gben nyilv\u00e1nul meg a maga teljess\u00e9g\u00e9ben.\u201d Ez\u00e9rt a legsz\u00edvesebben a gy\u00f6nges\u00e9geimmel dicsekszem, hogy Krisztus ereje k\u00f6lt\u00f6zz\u00f6n bel\u00e9m.\u201c (v\u00f6. 2 Kor 12,9)<\/p>\n<p>Ha az \u00dar azt mondja: \u201eel\u00e9g neked az \u00e9n kegyelmem\u201d, akkor van rem\u00e9ny. Akkor hordj oda mindent, ami benned hib\u00e1s, t\u00f6k\u00e9letlen, beteg, gyenge, \u00e9s k\u00e9rd az Urat, hogy f\u00f6dje be, takarja be \u00e9s gy\u00f3gy\u00edtsa meg az \u0150 kegyelm\u00e9vel.<\/p>\n<p>Ha az \u00dar azt mondja: \u201ekegyelme az emberi gyenges\u00e9gben m\u0171k\u00f6dik a leghat\u00e9konyabban\u201d, akkor van rem\u00e9ny, hogy ott is vir\u00e1g ny\u00edlik, ahol Te azel\u0151tt gyomn\u00f6v\u00e9nyeket vetett\u00e9l. A l\u00e1tsz\u00f3lag \u00e9rt\u00e9ktelen dolgok is mind kiny\u00edlnak, \u00e9s vir\u00e1gaikat, hidd el nekem, Te fogod majd leszedni \u00e9s csokorba k\u00f6tni!<\/p>\n<p>Ha azt mondja az \u00dar: \u201egyenges\u00e9geiddel dicsekedj\u201d, akkor Neki most hi\u00e1nyoss\u00e1gaidr\u00f3l, kudarcaidr\u00f3l, gyarl\u00f3s\u00e1gaidr\u00f3l, megroppant testi \u00e9s lelki eg\u00e9szs\u00e9gedr\u0151l besz\u00e9lj. Hidd el, van el\u00e9g ideje arra, hogy v\u00e9gighallgasson&#8230;\u201d<\/p>\n<p>B\u00e1gyadtan fekszel&#8230; V\u00e1ltozatlanul kapkodod a leveg\u0151t&#8230; De most m\u00e1r s\u00e1padt arcodra ki\u00fcl a mosoly vir\u00e1ga&#8230; L\u00e1tszik, hogy \u00e9rzed: lelked eg\u00e9r\u0151l a s\u00f6t\u00e9t, komor fellegeket az \u00dar egy id\u0151re el\u0171zte, \u00e9s k\u00f6zben l\u00e1zasan munk\u00e1lkodik, hogy a sz\u00e1modra legjobb lehet\u0151s\u00e9geket megteremtse. Ez az \u0150 \u00f3r\u00e1ja! Csak b\u00edzz benne!<\/p>\n<p>Stuttgart, 2016-03-15.<\/p>\n<p>Imre atya<\/p>\n","protected":false},"excerpt":{"rendered":"<p>&nbsp; Itt fek\u00fcdsz a k\u00f3rh\u00e1zi \u00e1gyon s\u00e1padtan, \u00f6sszekucorodva a f\u00e1jdalomt\u00f3l&#8230; Nagyon sz\u00edven \u00fct a l\u00e1tv\u00e1ny\u2026 Mell\u00e9d \u00fcl\u00f6k\u2026 R\u00e9snyire kinyitod a szemed, \u00e9s biccentve k\u00f6sz\u00f6ntesz\u2026 Megfogom \u00e9s s\u00edmogatni kezdem a kezed\u2026 Erre kapkodva a leveg\u0151t, halkan besz\u00e9lni kezdesz\u2026 Nincs a szavaidban semmi szemreh\u00e1ny\u00e1s, csak valami m\u00e9ly, sz\u00edvszorongat\u00f3 szomor\u00fas\u00e1g\u2026 \u201eAtya! Ismered ezt az \u00e9rz\u00e9st?\u201c \u2013 k\u00e9rdezed. \u201eTerveket kov\u00e1csolsz, de meghi\u00fasulnak. Rem\u00e9nykedsz, de nem teljesedik be. Nekifesz\u00fclsz, er\u0151lk\u00f6dsz, m\u00e9gis veres\u00e9get szenvedsz. F\u00e1radozol, hogy j\u00f3 eredm\u00e9nyt \u00e9rj el, m\u00e9gis sikertelens\u00e9get aratsz. Emberi kapcsolatokba fektetsz, m\u00e9gis \u00faton-\u00fatf\u00e9len csal\u00f3d\u00e1sok \u00e9rnek. A szeretetre teszel fel mindent, s a szeretet \u00f6sszet\u00f6rik, t\u00f6nkre megy. Igyekszel Istennek tetsz\u0151en \u00e9lni, \u00e9s most itt fekszel tehetetlen\u00fcl, fiatalon, nagy betegen a k\u00f3rh\u00e1zi \u00e1gyon. Hol van \u0150? Mi\u00e9rt hallgat?\u201d M\u00e9lyen egy\u00fctt\u00e9rzek Veled&#8230; Tudom, nem azt v\u00e1rod, hogy Istent megv\u00e9djem \u2013 T\u0151led. Nem is az\u00e9rt besz\u00e9lsz \u00edgy, mert most m\u00e1r nem szereted \u0150t, nem im\u00e1dkozol hozz\u00e1. De b\u00e1nt a hallgat\u00e1sa. F\u00e1j Neked, hogy most konokul \u00e9s n\u00e9m\u00e1n, r\u00e9szv\u00e9tlen\u00fcl \u00e9s egykedv\u0171en n\u00e9zi, hogy szenvedsz&#8230; Legal\u00e1bbis ez az \u00e9rz\u00e9sed&#8230; Azzal kezdem a v\u00e1laszomat, hogy Isten most sem hallgat, csak nem hallod a szavait. Az is lehet, hogy nem besz\u00e9l, hanem \u00e9pp cselekszik. Azon \u00fcgyk\u00f6dik, hogy a Neked legmegfelel\u0151bb megold\u00e1st el\u0151k\u00e9sz\u00edtse&#8230; Szavaim sz\u00fcrk\u00e9n hangozhatnak, de l\u00e1tom, figyelsz. Mindent magadba iszol, hogy belekapaszkodhass, ha majd ism\u00e9t j\u00f6nnek a komor gondolatok&#8230; \u201eEmberi gyenges\u00e9geink, betegs\u00e9geink, hat\u00e1rhelyzeteink\u201d kezdem. \u201eIsten sz\u00e1m\u00e1ra mind k\u00f6zkedvelt helyek arra, hogy megmutassa hatalm\u00e1t \u00e9s mindenhat\u00f3s\u00e1g\u00e1t. Ha feladod, ha megadod magad a helyzetnek, ha l\u00e1tsz\u00f3lag al\u00e1gy\u0171rnek \u00e9s maguk al\u00e1 temetnek az esem\u00e9nyek, \u0150 akkor cselekedni kezd. \u00c9leted dr\u00f3th\u00e1l\u00f3j\u00e1n ilyenkor lyukakat keres, hogy kegyelm\u00e9vel bet\u00f6rhessen hozz\u00e1d, \u00e9s kit\u00f6lthesse azokat az \u0150 jelenl\u00e9t\u00e9vel. A gyenges\u00e9geidet keresi, hogy meger\u0151s\u00edtse \u0151ket. A t\u00f6k\u00e9letlens\u00e9geidet keresi, hogy t\u00f6k\u00e9letess\u00e9 tehesse \u0151ket. A benned sz\u00e9tt\u00f6r\u00f6ttet keresi, hogy \u00f6sszerakhassa \u0151ket. A betegs\u00e9geidet keresi, hogy meggy\u00f3gy\u00edtsa \u0151ket. Isten ezeket mind az\u00e9rt keresi benned, hogy megmutathassa Neked is nagys\u00e1g\u00e1t \u00e9s&#8230; <\/p>\n<p><a class=\"readmore\" href=\"https:\/\/stuttgarti-katolikusok.de\/index.php\/isten-nagy-lehetosegei\/\">R\u00e9szletek<\/a><\/p>\n","protected":false},"author":3,"featured_media":8903,"comment_status":"closed","ping_status":"closed","sticky":false,"template":"","format":"standard","meta":{"footnotes":""},"categories":[24],"tags":[],"class_list":["post-8902","post","type-post","status-publish","format-standard","has-post-thumbnail","hentry","category-gondolatok"],"yoast_head":"<!-- This site is optimized with the Yoast SEO plugin v27.3 - https:\/\/yoast.com\/product\/yoast-seo-wordpress\/ -->\n<title>Isten nagy lehet\u0151s\u00e9gei - Stuttgarti Katolikusok<\/title>\n<meta name=\"robots\" content=\"index, follow, max-snippet:-1, max-image-preview:large, max-video-preview:-1\" \/>\n<link rel=\"canonical\" href=\"https:\/\/stuttgarti-katolikusok.de\/index.php\/isten-nagy-lehetosegei\/\" \/>\n<meta property=\"og:locale\" content=\"hu_HU\" \/>\n<meta property=\"og:type\" content=\"article\" \/>\n<meta property=\"og:title\" content=\"Isten nagy lehet\u0151s\u00e9gei - Stuttgarti Katolikusok\" \/>\n<meta property=\"og:description\" content=\"&nbsp; Itt fek\u00fcdsz a k\u00f3rh\u00e1zi \u00e1gyon s\u00e1padtan, \u00f6sszekucorodva a f\u00e1jdalomt\u00f3l&#8230; Nagyon sz\u00edven \u00fct a l\u00e1tv\u00e1ny\u2026 Mell\u00e9d \u00fcl\u00f6k\u2026 R\u00e9snyire kinyitod a szemed, \u00e9s biccentve k\u00f6sz\u00f6ntesz\u2026 Megfogom \u00e9s s\u00edmogatni kezdem a kezed\u2026 Erre kapkodva a leveg\u0151t, halkan besz\u00e9lni kezdesz\u2026 Nincs a szavaidban semmi szemreh\u00e1ny\u00e1s, csak valami m\u00e9ly, sz\u00edvszorongat\u00f3 szomor\u00fas\u00e1g\u2026 \u201eAtya! Ismered ezt az \u00e9rz\u00e9st?\u201c \u2013 k\u00e9rdezed. \u201eTerveket kov\u00e1csolsz, de meghi\u00fasulnak. Rem\u00e9nykedsz, de nem teljesedik be. Nekifesz\u00fclsz, er\u0151lk\u00f6dsz, m\u00e9gis veres\u00e9get szenvedsz. F\u00e1radozol, hogy j\u00f3 eredm\u00e9nyt \u00e9rj el, m\u00e9gis sikertelens\u00e9get aratsz. Emberi kapcsolatokba fektetsz, m\u00e9gis \u00faton-\u00fatf\u00e9len csal\u00f3d\u00e1sok \u00e9rnek. A szeretetre teszel fel mindent, s a szeretet \u00f6sszet\u00f6rik, t\u00f6nkre megy. Igyekszel Istennek tetsz\u0151en \u00e9lni, \u00e9s most itt fekszel tehetetlen\u00fcl, fiatalon, nagy betegen a k\u00f3rh\u00e1zi \u00e1gyon. Hol van \u0150? Mi\u00e9rt hallgat?\u201d M\u00e9lyen egy\u00fctt\u00e9rzek Veled&#8230; Tudom, nem azt v\u00e1rod, hogy Istent megv\u00e9djem \u2013 T\u0151led. Nem is az\u00e9rt besz\u00e9lsz \u00edgy, mert most m\u00e1r nem szereted \u0150t, nem im\u00e1dkozol hozz\u00e1. De b\u00e1nt a hallgat\u00e1sa. F\u00e1j Neked, hogy most konokul \u00e9s n\u00e9m\u00e1n, r\u00e9szv\u00e9tlen\u00fcl \u00e9s egykedv\u0171en n\u00e9zi, hogy szenvedsz&#8230; Legal\u00e1bbis ez az \u00e9rz\u00e9sed&#8230; Azzal kezdem a v\u00e1laszomat, hogy Isten most sem hallgat, csak nem hallod a szavait. Az is lehet, hogy nem besz\u00e9l, hanem \u00e9pp cselekszik. Azon \u00fcgyk\u00f6dik, hogy a Neked legmegfelel\u0151bb megold\u00e1st el\u0151k\u00e9sz\u00edtse&#8230; Szavaim sz\u00fcrk\u00e9n hangozhatnak, de l\u00e1tom, figyelsz. Mindent magadba iszol, hogy belekapaszkodhass, ha majd ism\u00e9t j\u00f6nnek a komor gondolatok&#8230; \u201eEmberi gyenges\u00e9geink, betegs\u00e9geink, hat\u00e1rhelyzeteink\u201d kezdem. \u201eIsten sz\u00e1m\u00e1ra mind k\u00f6zkedvelt helyek arra, hogy megmutassa hatalm\u00e1t \u00e9s mindenhat\u00f3s\u00e1g\u00e1t. Ha feladod, ha megadod magad a helyzetnek, ha l\u00e1tsz\u00f3lag al\u00e1gy\u0171rnek \u00e9s maguk al\u00e1 temetnek az esem\u00e9nyek, \u0150 akkor cselekedni kezd. \u00c9leted dr\u00f3th\u00e1l\u00f3j\u00e1n ilyenkor lyukakat keres, hogy kegyelm\u00e9vel bet\u00f6rhessen hozz\u00e1d, \u00e9s kit\u00f6lthesse azokat az \u0150 jelenl\u00e9t\u00e9vel. A gyenges\u00e9geidet keresi, hogy meger\u0151s\u00edtse \u0151ket. A t\u00f6k\u00e9letlens\u00e9geidet keresi, hogy t\u00f6k\u00e9letess\u00e9 tehesse \u0151ket. A benned sz\u00e9tt\u00f6r\u00f6ttet keresi, hogy \u00f6sszerakhassa \u0151ket. A betegs\u00e9geidet keresi, hogy meggy\u00f3gy\u00edtsa \u0151ket. Isten ezeket mind az\u00e9rt keresi benned, hogy megmutathassa Neked is nagys\u00e1g\u00e1t \u00e9s... R\u00e9szletek\" \/>\n<meta property=\"og:url\" content=\"https:\/\/stuttgarti-katolikusok.de\/index.php\/isten-nagy-lehetosegei\/\" \/>\n<meta property=\"og:site_name\" content=\"Stuttgarti Katolikusok\" \/>\n<meta property=\"article:published_time\" content=\"2016-03-15T07:18:52+00:00\" \/>\n<meta property=\"og:image\" content=\"https:\/\/stuttgarti-katolikusok.de\/wp-content\/uploads\/2016\/03\/istenlehetosegei.jpg\" \/>\n\t<meta property=\"og:image:width\" content=\"507\" \/>\n\t<meta property=\"og:image:height\" content=\"338\" \/>\n\t<meta property=\"og:image:type\" content=\"image\/jpeg\" \/>\n<meta name=\"author\" content=\"Tibor atya\" \/>\n<meta name=\"twitter:card\" content=\"summary_large_image\" \/>\n<meta name=\"twitter:label1\" content=\"Szerz\u0151:\" \/>\n\t<meta name=\"twitter:data1\" content=\"Tibor atya\" \/>\n\t<meta name=\"twitter:label2\" content=\"Becs\u00fclt olvas\u00e1si id\u0151\" \/>\n\t<meta name=\"twitter:data2\" content=\"4 perc\" \/>\n<script type=\"application\/ld+json\" class=\"yoast-schema-graph\">{\"@context\":\"https:\\\/\\\/schema.org\",\"@graph\":[{\"@type\":\"Article\",\"@id\":\"https:\\\/\\\/stuttgarti-katolikusok.de\\\/index.php\\\/isten-nagy-lehetosegei\\\/#article\",\"isPartOf\":{\"@id\":\"https:\\\/\\\/stuttgarti-katolikusok.de\\\/index.php\\\/isten-nagy-lehetosegei\\\/\"},\"author\":{\"name\":\"Tibor atya\",\"@id\":\"https:\\\/\\\/stuttgarti-katolikusok.de\\\/#\\\/schema\\\/person\\\/75908d6f8fdc03a57889d27209df7795\"},\"headline\":\"Isten nagy lehet\u0151s\u00e9gei\",\"datePublished\":\"2016-03-15T07:18:52+00:00\",\"mainEntityOfPage\":{\"@id\":\"https:\\\/\\\/stuttgarti-katolikusok.de\\\/index.php\\\/isten-nagy-lehetosegei\\\/\"},\"wordCount\":827,\"image\":{\"@id\":\"https:\\\/\\\/stuttgarti-katolikusok.de\\\/index.php\\\/isten-nagy-lehetosegei\\\/#primaryimage\"},\"thumbnailUrl\":\"https:\\\/\\\/stuttgarti-katolikusok.de\\\/wp-content\\\/uploads\\\/2016\\\/03\\\/istenlehetosegei.jpg\",\"articleSection\":[\"Gondolatok\"],\"inLanguage\":\"hu\"},{\"@type\":\"WebPage\",\"@id\":\"https:\\\/\\\/stuttgarti-katolikusok.de\\\/index.php\\\/isten-nagy-lehetosegei\\\/\",\"url\":\"https:\\\/\\\/stuttgarti-katolikusok.de\\\/index.php\\\/isten-nagy-lehetosegei\\\/\",\"name\":\"Isten nagy lehet\u0151s\u00e9gei - Stuttgarti Katolikusok\",\"isPartOf\":{\"@id\":\"https:\\\/\\\/stuttgarti-katolikusok.de\\\/#website\"},\"primaryImageOfPage\":{\"@id\":\"https:\\\/\\\/stuttgarti-katolikusok.de\\\/index.php\\\/isten-nagy-lehetosegei\\\/#primaryimage\"},\"image\":{\"@id\":\"https:\\\/\\\/stuttgarti-katolikusok.de\\\/index.php\\\/isten-nagy-lehetosegei\\\/#primaryimage\"},\"thumbnailUrl\":\"https:\\\/\\\/stuttgarti-katolikusok.de\\\/wp-content\\\/uploads\\\/2016\\\/03\\\/istenlehetosegei.jpg\",\"datePublished\":\"2016-03-15T07:18:52+00:00\",\"author\":{\"@id\":\"https:\\\/\\\/stuttgarti-katolikusok.de\\\/#\\\/schema\\\/person\\\/75908d6f8fdc03a57889d27209df7795\"},\"breadcrumb\":{\"@id\":\"https:\\\/\\\/stuttgarti-katolikusok.de\\\/index.php\\\/isten-nagy-lehetosegei\\\/#breadcrumb\"},\"inLanguage\":\"hu\",\"potentialAction\":[{\"@type\":\"ReadAction\",\"target\":[\"https:\\\/\\\/stuttgarti-katolikusok.de\\\/index.php\\\/isten-nagy-lehetosegei\\\/\"]}]},{\"@type\":\"ImageObject\",\"inLanguage\":\"hu\",\"@id\":\"https:\\\/\\\/stuttgarti-katolikusok.de\\\/index.php\\\/isten-nagy-lehetosegei\\\/#primaryimage\",\"url\":\"https:\\\/\\\/stuttgarti-katolikusok.de\\\/wp-content\\\/uploads\\\/2016\\\/03\\\/istenlehetosegei.jpg\",\"contentUrl\":\"https:\\\/\\\/stuttgarti-katolikusok.de\\\/wp-content\\\/uploads\\\/2016\\\/03\\\/istenlehetosegei.jpg\",\"width\":507,\"height\":338},{\"@type\":\"BreadcrumbList\",\"@id\":\"https:\\\/\\\/stuttgarti-katolikusok.de\\\/index.php\\\/isten-nagy-lehetosegei\\\/#breadcrumb\",\"itemListElement\":[{\"@type\":\"ListItem\",\"position\":1,\"name\":\"Kezd\u0151lap\",\"item\":\"https:\\\/\\\/stuttgarti-katolikusok.de\\\/\"},{\"@type\":\"ListItem\",\"position\":2,\"name\":\"Isten nagy lehet\u0151s\u00e9gei\"}]},{\"@type\":\"WebSite\",\"@id\":\"https:\\\/\\\/stuttgarti-katolikusok.de\\\/#website\",\"url\":\"https:\\\/\\\/stuttgarti-katolikusok.de\\\/\",\"name\":\"Stuttgarti Katolikusok\",\"description\":\"\",\"potentialAction\":[{\"@type\":\"SearchAction\",\"target\":{\"@type\":\"EntryPoint\",\"urlTemplate\":\"https:\\\/\\\/stuttgarti-katolikusok.de\\\/?s={search_term_string}\"},\"query-input\":{\"@type\":\"PropertyValueSpecification\",\"valueRequired\":true,\"valueName\":\"search_term_string\"}}],\"inLanguage\":\"hu\"},{\"@type\":\"Person\",\"@id\":\"https:\\\/\\\/stuttgarti-katolikusok.de\\\/#\\\/schema\\\/person\\\/75908d6f8fdc03a57889d27209df7795\",\"name\":\"Tibor atya\",\"image\":{\"@type\":\"ImageObject\",\"inLanguage\":\"hu\",\"@id\":\"https:\\\/\\\/secure.gravatar.com\\\/avatar\\\/61d268e57d1f4525b111222e29d2d5a7f8c420fdbf231ba5566a8ceac74fa960?s=96&d=mm&r=g\",\"url\":\"https:\\\/\\\/secure.gravatar.com\\\/avatar\\\/61d268e57d1f4525b111222e29d2d5a7f8c420fdbf231ba5566a8ceac74fa960?s=96&d=mm&r=g\",\"contentUrl\":\"https:\\\/\\\/secure.gravatar.com\\\/avatar\\\/61d268e57d1f4525b111222e29d2d5a7f8c420fdbf231ba5566a8ceac74fa960?s=96&d=mm&r=g\",\"caption\":\"Tibor atya\"},\"url\":\"https:\\\/\\\/stuttgarti-katolikusok.de\\\/index.php\\\/author\\\/tibor-atya\\\/\"}]}<\/script>\n<!-- \/ Yoast SEO plugin. -->","yoast_head_json":{"title":"Isten nagy lehet\u0151s\u00e9gei - Stuttgarti Katolikusok","robots":{"index":"index","follow":"follow","max-snippet":"max-snippet:-1","max-image-preview":"max-image-preview:large","max-video-preview":"max-video-preview:-1"},"canonical":"https:\/\/stuttgarti-katolikusok.de\/index.php\/isten-nagy-lehetosegei\/","og_locale":"hu_HU","og_type":"article","og_title":"Isten nagy lehet\u0151s\u00e9gei - Stuttgarti Katolikusok","og_description":"&nbsp; Itt fek\u00fcdsz a k\u00f3rh\u00e1zi \u00e1gyon s\u00e1padtan, \u00f6sszekucorodva a f\u00e1jdalomt\u00f3l&#8230; Nagyon sz\u00edven \u00fct a l\u00e1tv\u00e1ny\u2026 Mell\u00e9d \u00fcl\u00f6k\u2026 R\u00e9snyire kinyitod a szemed, \u00e9s biccentve k\u00f6sz\u00f6ntesz\u2026 Megfogom \u00e9s s\u00edmogatni kezdem a kezed\u2026 Erre kapkodva a leveg\u0151t, halkan besz\u00e9lni kezdesz\u2026 Nincs a szavaidban semmi szemreh\u00e1ny\u00e1s, csak valami m\u00e9ly, sz\u00edvszorongat\u00f3 szomor\u00fas\u00e1g\u2026 \u201eAtya! Ismered ezt az \u00e9rz\u00e9st?\u201c \u2013 k\u00e9rdezed. \u201eTerveket kov\u00e1csolsz, de meghi\u00fasulnak. Rem\u00e9nykedsz, de nem teljesedik be. Nekifesz\u00fclsz, er\u0151lk\u00f6dsz, m\u00e9gis veres\u00e9get szenvedsz. F\u00e1radozol, hogy j\u00f3 eredm\u00e9nyt \u00e9rj el, m\u00e9gis sikertelens\u00e9get aratsz. Emberi kapcsolatokba fektetsz, m\u00e9gis \u00faton-\u00fatf\u00e9len csal\u00f3d\u00e1sok \u00e9rnek. A szeretetre teszel fel mindent, s a szeretet \u00f6sszet\u00f6rik, t\u00f6nkre megy. Igyekszel Istennek tetsz\u0151en \u00e9lni, \u00e9s most itt fekszel tehetetlen\u00fcl, fiatalon, nagy betegen a k\u00f3rh\u00e1zi \u00e1gyon. Hol van \u0150? Mi\u00e9rt hallgat?\u201d M\u00e9lyen egy\u00fctt\u00e9rzek Veled&#8230; Tudom, nem azt v\u00e1rod, hogy Istent megv\u00e9djem \u2013 T\u0151led. Nem is az\u00e9rt besz\u00e9lsz \u00edgy, mert most m\u00e1r nem szereted \u0150t, nem im\u00e1dkozol hozz\u00e1. De b\u00e1nt a hallgat\u00e1sa. F\u00e1j Neked, hogy most konokul \u00e9s n\u00e9m\u00e1n, r\u00e9szv\u00e9tlen\u00fcl \u00e9s egykedv\u0171en n\u00e9zi, hogy szenvedsz&#8230; Legal\u00e1bbis ez az \u00e9rz\u00e9sed&#8230; Azzal kezdem a v\u00e1laszomat, hogy Isten most sem hallgat, csak nem hallod a szavait. Az is lehet, hogy nem besz\u00e9l, hanem \u00e9pp cselekszik. Azon \u00fcgyk\u00f6dik, hogy a Neked legmegfelel\u0151bb megold\u00e1st el\u0151k\u00e9sz\u00edtse&#8230; Szavaim sz\u00fcrk\u00e9n hangozhatnak, de l\u00e1tom, figyelsz. Mindent magadba iszol, hogy belekapaszkodhass, ha majd ism\u00e9t j\u00f6nnek a komor gondolatok&#8230; \u201eEmberi gyenges\u00e9geink, betegs\u00e9geink, hat\u00e1rhelyzeteink\u201d kezdem. \u201eIsten sz\u00e1m\u00e1ra mind k\u00f6zkedvelt helyek arra, hogy megmutassa hatalm\u00e1t \u00e9s mindenhat\u00f3s\u00e1g\u00e1t. Ha feladod, ha megadod magad a helyzetnek, ha l\u00e1tsz\u00f3lag al\u00e1gy\u0171rnek \u00e9s maguk al\u00e1 temetnek az esem\u00e9nyek, \u0150 akkor cselekedni kezd. \u00c9leted dr\u00f3th\u00e1l\u00f3j\u00e1n ilyenkor lyukakat keres, hogy kegyelm\u00e9vel bet\u00f6rhessen hozz\u00e1d, \u00e9s kit\u00f6lthesse azokat az \u0150 jelenl\u00e9t\u00e9vel. A gyenges\u00e9geidet keresi, hogy meger\u0151s\u00edtse \u0151ket. A t\u00f6k\u00e9letlens\u00e9geidet keresi, hogy t\u00f6k\u00e9letess\u00e9 tehesse \u0151ket. A benned sz\u00e9tt\u00f6r\u00f6ttet keresi, hogy \u00f6sszerakhassa \u0151ket. A betegs\u00e9geidet keresi, hogy meggy\u00f3gy\u00edtsa \u0151ket. Isten ezeket mind az\u00e9rt keresi benned, hogy megmutathassa Neked is nagys\u00e1g\u00e1t \u00e9s... R\u00e9szletek","og_url":"https:\/\/stuttgarti-katolikusok.de\/index.php\/isten-nagy-lehetosegei\/","og_site_name":"Stuttgarti Katolikusok","article_published_time":"2016-03-15T07:18:52+00:00","og_image":[{"width":507,"height":338,"url":"https:\/\/stuttgarti-katolikusok.de\/wp-content\/uploads\/2016\/03\/istenlehetosegei.jpg","type":"image\/jpeg"}],"author":"Tibor atya","twitter_card":"summary_large_image","twitter_misc":{"Szerz\u0151:":"Tibor atya","Becs\u00fclt olvas\u00e1si id\u0151":"4 perc"},"schema":{"@context":"https:\/\/schema.org","@graph":[{"@type":"Article","@id":"https:\/\/stuttgarti-katolikusok.de\/index.php\/isten-nagy-lehetosegei\/#article","isPartOf":{"@id":"https:\/\/stuttgarti-katolikusok.de\/index.php\/isten-nagy-lehetosegei\/"},"author":{"name":"Tibor atya","@id":"https:\/\/stuttgarti-katolikusok.de\/#\/schema\/person\/75908d6f8fdc03a57889d27209df7795"},"headline":"Isten nagy lehet\u0151s\u00e9gei","datePublished":"2016-03-15T07:18:52+00:00","mainEntityOfPage":{"@id":"https:\/\/stuttgarti-katolikusok.de\/index.php\/isten-nagy-lehetosegei\/"},"wordCount":827,"image":{"@id":"https:\/\/stuttgarti-katolikusok.de\/index.php\/isten-nagy-lehetosegei\/#primaryimage"},"thumbnailUrl":"https:\/\/stuttgarti-katolikusok.de\/wp-content\/uploads\/2016\/03\/istenlehetosegei.jpg","articleSection":["Gondolatok"],"inLanguage":"hu"},{"@type":"WebPage","@id":"https:\/\/stuttgarti-katolikusok.de\/index.php\/isten-nagy-lehetosegei\/","url":"https:\/\/stuttgarti-katolikusok.de\/index.php\/isten-nagy-lehetosegei\/","name":"Isten nagy lehet\u0151s\u00e9gei - Stuttgarti Katolikusok","isPartOf":{"@id":"https:\/\/stuttgarti-katolikusok.de\/#website"},"primaryImageOfPage":{"@id":"https:\/\/stuttgarti-katolikusok.de\/index.php\/isten-nagy-lehetosegei\/#primaryimage"},"image":{"@id":"https:\/\/stuttgarti-katolikusok.de\/index.php\/isten-nagy-lehetosegei\/#primaryimage"},"thumbnailUrl":"https:\/\/stuttgarti-katolikusok.de\/wp-content\/uploads\/2016\/03\/istenlehetosegei.jpg","datePublished":"2016-03-15T07:18:52+00:00","author":{"@id":"https:\/\/stuttgarti-katolikusok.de\/#\/schema\/person\/75908d6f8fdc03a57889d27209df7795"},"breadcrumb":{"@id":"https:\/\/stuttgarti-katolikusok.de\/index.php\/isten-nagy-lehetosegei\/#breadcrumb"},"inLanguage":"hu","potentialAction":[{"@type":"ReadAction","target":["https:\/\/stuttgarti-katolikusok.de\/index.php\/isten-nagy-lehetosegei\/"]}]},{"@type":"ImageObject","inLanguage":"hu","@id":"https:\/\/stuttgarti-katolikusok.de\/index.php\/isten-nagy-lehetosegei\/#primaryimage","url":"https:\/\/stuttgarti-katolikusok.de\/wp-content\/uploads\/2016\/03\/istenlehetosegei.jpg","contentUrl":"https:\/\/stuttgarti-katolikusok.de\/wp-content\/uploads\/2016\/03\/istenlehetosegei.jpg","width":507,"height":338},{"@type":"BreadcrumbList","@id":"https:\/\/stuttgarti-katolikusok.de\/index.php\/isten-nagy-lehetosegei\/#breadcrumb","itemListElement":[{"@type":"ListItem","position":1,"name":"Kezd\u0151lap","item":"https:\/\/stuttgarti-katolikusok.de\/"},{"@type":"ListItem","position":2,"name":"Isten nagy lehet\u0151s\u00e9gei"}]},{"@type":"WebSite","@id":"https:\/\/stuttgarti-katolikusok.de\/#website","url":"https:\/\/stuttgarti-katolikusok.de\/","name":"Stuttgarti Katolikusok","description":"","potentialAction":[{"@type":"SearchAction","target":{"@type":"EntryPoint","urlTemplate":"https:\/\/stuttgarti-katolikusok.de\/?s={search_term_string}"},"query-input":{"@type":"PropertyValueSpecification","valueRequired":true,"valueName":"search_term_string"}}],"inLanguage":"hu"},{"@type":"Person","@id":"https:\/\/stuttgarti-katolikusok.de\/#\/schema\/person\/75908d6f8fdc03a57889d27209df7795","name":"Tibor atya","image":{"@type":"ImageObject","inLanguage":"hu","@id":"https:\/\/secure.gravatar.com\/avatar\/61d268e57d1f4525b111222e29d2d5a7f8c420fdbf231ba5566a8ceac74fa960?s=96&d=mm&r=g","url":"https:\/\/secure.gravatar.com\/avatar\/61d268e57d1f4525b111222e29d2d5a7f8c420fdbf231ba5566a8ceac74fa960?s=96&d=mm&r=g","contentUrl":"https:\/\/secure.gravatar.com\/avatar\/61d268e57d1f4525b111222e29d2d5a7f8c420fdbf231ba5566a8ceac74fa960?s=96&d=mm&r=g","caption":"Tibor atya"},"url":"https:\/\/stuttgarti-katolikusok.de\/index.php\/author\/tibor-atya\/"}]}},"_links":{"self":[{"href":"https:\/\/stuttgarti-katolikusok.de\/index.php\/wp-json\/wp\/v2\/posts\/8902","targetHints":{"allow":["GET"]}}],"collection":[{"href":"https:\/\/stuttgarti-katolikusok.de\/index.php\/wp-json\/wp\/v2\/posts"}],"about":[{"href":"https:\/\/stuttgarti-katolikusok.de\/index.php\/wp-json\/wp\/v2\/types\/post"}],"author":[{"embeddable":true,"href":"https:\/\/stuttgarti-katolikusok.de\/index.php\/wp-json\/wp\/v2\/users\/3"}],"replies":[{"embeddable":true,"href":"https:\/\/stuttgarti-katolikusok.de\/index.php\/wp-json\/wp\/v2\/comments?post=8902"}],"version-history":[{"count":1,"href":"https:\/\/stuttgarti-katolikusok.de\/index.php\/wp-json\/wp\/v2\/posts\/8902\/revisions"}],"predecessor-version":[{"id":8904,"href":"https:\/\/stuttgarti-katolikusok.de\/index.php\/wp-json\/wp\/v2\/posts\/8902\/revisions\/8904"}],"wp:featuredmedia":[{"embeddable":true,"href":"https:\/\/stuttgarti-katolikusok.de\/index.php\/wp-json\/wp\/v2\/media\/8903"}],"wp:attachment":[{"href":"https:\/\/stuttgarti-katolikusok.de\/index.php\/wp-json\/wp\/v2\/media?parent=8902"}],"wp:term":[{"taxonomy":"category","embeddable":true,"href":"https:\/\/stuttgarti-katolikusok.de\/index.php\/wp-json\/wp\/v2\/categories?post=8902"},{"taxonomy":"post_tag","embeddable":true,"href":"https:\/\/stuttgarti-katolikusok.de\/index.php\/wp-json\/wp\/v2\/tags?post=8902"}],"curies":[{"name":"wp","href":"https:\/\/api.w.org\/{rel}","templated":true}]}}