{"id":8883,"date":"2016-03-09T08:36:25","date_gmt":"2016-03-09T08:36:25","guid":{"rendered":"https:\/\/gracious-dewdney.138-201-221-2.plesk.page\/?p=8883"},"modified":"2016-03-09T08:36:25","modified_gmt":"2016-03-09T08:36:25","slug":"baratom-2016-marcius","status":"publish","type":"post","link":"https:\/\/stuttgarti-katolikusok.de\/index.php\/baratom-2016-marcius\/","title":{"rendered":"Bar\u00e1tom &#8211; 2016 m\u00e1rcius"},"content":{"rendered":"<p>B a r \u00e1 t o m<br \/>\nA Szent Gell\u00e9rt Magyar Katolikus<br \/>\nEgyh\u00e1zk\u00f6zs\u00e9g Havilapja<br \/>\nSzerkeszt\u0151k: Ft. Merl\u00e1s Tibor \u00e9s Ft. Dr. Tempfli Imre. Kiad\u00f3: Szent Gell\u00e9rt Magyar Katolikus Egyh\u00e1zk\u00f6zs\u00e9g. Postac\u00edm: Albert-Sch\u00e4ffle-Str. 30, 70186-Stuttgart. Tel: 0711-2369190, Fax: 0711-2367393, E-mail: mission@gracious-dewdney.138-201-221-2.plesk.page Honlap: www.stuttgarti-katolikusok.de Sz\u00e1mla: Postbank Stuttgart, IBAN: DE80600100700002190704, BIC: PBNKDEFF<\/p>\n<p>2 0 1 6 M \u00c1 R C I U S<br \/>\nHann\u00e1cska \u00e1lleluj\u00e1ja&#8230;<\/p>\n<p>Hann\u00e1cska anyuk\u00e1ja rendszeresen \u00e9nekelt a k\u00f3rusban. N\u00e9hanapj\u00e1n otthon is gyakorolt. Ilyenkor Hann\u00e1cska \u00e1h\u00edtatosan hallgatta. Noha nem \u00e9rtette a szavakat, m\u00e9gis szerette hallgatni, ha az anyja \u00e9nekel. Mint most is. Egy sz\u00f3t ism\u00e9tel unos-untalan, de annyif\u00e9le mel\u00f3di\u00e1val, hogy az embernek kacagni j\u00f6n t\u0151le a sz\u00edve: \u201e\u00c1lleluja \u2013 \u00c1lleluja \u2013 \u00c1lleluja&#8230;\u201d<br \/>\n\u201eMit jelent \u00e1lleluja?\u201d \u2013 k\u00e9rdezte meg v\u00e9g\u00fcl is az anyuk\u00e1j\u00e1t.<br \/>\n\u201eAzt jelenti, hogy: J\u00e9zus, szeretlek, dics\u00e9rlek \u00e9s \u00e1ldlak T\u00e9ged!\u201d \u2013 v\u00e1laszolta az anyuka.<br \/>\n\u201e\u00c9s az emberek tudj\u00e1k, hogy mit jelent ez a sz\u00f3?\u201d \u2013 k\u00e9rdezte Hann\u00e1cska.<br \/>\n\u201eTerm\u00e9szetesen.\u201d \u2013 mosolygott az anyuka.<br \/>\n\u201eS\u0151t, nem csak azok az emberek tudj\u00e1k, akik itt \u00e9lnek k\u00f6r\u00fcl\u00f6tt\u00fcnk \u00e9s a mi nyelv\u00fcnk\u00f6n besz\u00e9lnek, hanem a vil\u00e1g szinte minden embere! Tudj\u00e1k ezt Franciaorsz\u00e1gban \u00e9s Angli\u00e1ban, Olaszorsz\u00e1gban \u00e9s Spanyolorsz\u00e1gban, Oroszorsz\u00e1gban \u00e9s Amerik\u00e1ban, \u00e9s m\u00e9g sok-sok orsz\u00e1g\u00e1ban ennek a vil\u00e1gnak. Ha azt akarj\u00e1k, hogy J\u00e9zust dics\u00e9rj\u00e9k, Neki h\u00e1l\u00e1t adjanak, Vele \u00f6rvendjenek, akkor vagy kimondj\u00e1k vagy pedig \u00e9neklik&#8230;\u201d<br \/>\n\u201e\u00c1lleluja!\u201d \u2013 ism\u00e9telgette Hann\u00e1cska.<br \/>\nMajd r\u00e1 is zend\u00edtett kis cseng\u0151 gyermekhangj\u00e1val: \u201e\u00c1lleluja\u201d&#8230;<br \/>\n\u201eMilyen sz\u00e9p sz\u00f3!\u201d \u2013 mondta, majd kifutott j\u00e1tszani&#8230;<\/p>\n<p>P\u00e1r nap m\u00falva Erd\u00e9lyb\u0151l j\u00f6ttek vend\u00e9gek. Hann\u00e1cska is elment el\u00e9j\u00fck apj\u00e1val \u00e9s anyj\u00e1val a rept\u00e9rre, hogy elhozz\u00e1k \u0151ket. Sok\u00e1ig kellett v\u00e1rakozni. A rep\u00fcl\u0151g\u00e9p k\u00e9sett. Hann\u00e1nak sok ideje volt h\u00e1t, hogy k\u00f6rben\u00e9zzen.<br \/>\n\u201eMicsoda zsivaj \u00e9s rohan\u00e1s!\u201d \u2013 gondolta mag\u00e1ban. Annyi \u00e9s annyi ember ment, sietett, rohant kereszt\u00fcl a nagy v\u00e1r\u00f3teremben, hogy att\u00f3l kellett f\u00e9lni, m\u00e9g elsodorj\u00e1k&#8230;<br \/>\nHann\u00e1cska sorra megn\u00e9zte \u0151ket. Egyesek eg\u00e9szen feket\u00e9k voltak, m\u00e1sok k\u00e1v\u00e9barn\u00e1k vagy kiss\u00e9 s\u00e1rgab\u0151r\u0171ek. A legt\u00f6bbnek olyan komikus ruh\u00e1zata volt, \u00e9s Hann\u00e1cska hi\u00e1ba hegyezte a f\u00fcl\u00e9t, nem \u00e9rtette a nyelvet, amelyen egym\u00e1s k\u00f6z\u00f6tt besz\u00e9lgettek.<br \/>\n\u201eIdegen a nyelv\u00fck\u201d \u2013 gondolta Hann\u00e1cska, \u201ede az \u00c1lleluj\u00e1t biztosan \u00e9rtik?\u201d<br \/>\nR\u00e1n\u00e9zett egy hossz\u00fa, feketehaj\u00fa fiatalasszonyra, akinek kiss\u00e9 s\u00f6t\u00e9tebb volt a b\u0151re.<br \/>\n\u201e\u00c1lleluja!\u201d \u2013 mondta neki mosolyogva, \u00e9s v\u00e1laszra v\u00e1rva meg\u00e1llt el\u0151tte. A fiatalasszony sz\u00e9lesen visszamosolygott r\u00e1, \u00e9s csod\u00e1k-csod\u00e1ja vissza is v\u00e1laszolt: \u201e\u00c1lleluja!\u201d<br \/>\nHann\u00e1cska nagyon meg\u00f6rvendett annak, hogy sz\u00f3t \u00e9rtett a sz\u00e9p idegennel.<br \/>\nAmint oldalt pillantott, k\u00e9t f\u00e9rfi \u00fclt egy padon, akik \u00e9l\u00e9nken gesztikul\u00e1lva \u2013 szint\u00e9n idegen nyelven \u2013 besz\u00e9lgettek egym\u00e1ssal. A f\u00e9rfiaknak g\u00f6nd\u00f6r hajuk volt, \u00e9s hossz\u00fa feh\u00e9r ruh\u00e1t viseltek.<br \/>\n\u201e\u00c1lleluja!\u201d \u2013 sz\u00f3l\u00edtotta meg \u0151ket is vid\u00e1man Hann\u00e1cska.<br \/>\nA f\u00e9rfiak erre abbahagyt\u00e1k a besz\u00e9lget\u00e9st, \u00e9s elkezdtek sz\u00e9lesen mosolyogni. Odab\u00f3lintottak neki \u00e9s azt mondt\u00e1k: \u201e\u00c1lleluja!\u201d<br \/>\nHann\u00e1cska sug\u00e1rzott.<br \/>\n\u201eHa \u00e1lleluj\u00e1t mondok nekik,\u201d \u2013 gondolta, \u201eakkor meg\u00e9rtenek engem. Olyan ez, mint egy var\u00e1zssz\u00f3!\u201d<br \/>\n\u201e\u00c1lleluja, \u00c1lleluja!\u201d \u2013 mondta oda mindenkinek, aki csak \u00fatj\u00e1ba futott. Majd maga is v\u00e9giglibbent a nagy v\u00e1r\u00f3termen, \u00e9s r\u00e1mosolyogta a var\u00e1zssz\u00f3t minden \u00fatj\u00e1ba es\u0151re.<br \/>\n\u201ePszt, Hann\u00e1cska!\u201d \u2013 figyelmeztette mosolyogva az anyuk\u00e1ja.<br \/>\nAz embereket azonban egy\u00e1ltal\u00e1n nem zavarta. S\u0151t, sokan Hann\u00e1cska ut\u00e1n fordultak, r\u00e1mosolyogtak, integettek neki, legugoltak hozz\u00e1, megsimogatt\u00e1k kis buksij\u00e1t, vagy visszaki\u00e1ltottak neki siett\u00fckben is: \u201e\u00c1lleluja!\u201d<br \/>\nEgy termetes f\u00e9rfi nagy k\u00f6rszak\u00e1llal \u00e9s huncutul moslyg\u00f3 gyermekszemmel elkezdte \u00e9nekelni: \u201e\u00c1lleluja, \u00c1lleluja!\u201d<br \/>\n\u201eUgyanaz a mel\u00f3dia, amit anyuka \u00e9nekelt otthon.\u201d \u2013 ismerte fel Hann\u00e1cska, \u00e9s csak nevetett, nevetett csilingel\u0151 hangj\u00e1n.<br \/>\nA k\u00f6rszak\u00e1llas b\u00e1csi, akinek olyan csod\u00e1latos hangja van, hogy olyat Hann\u00e1cska m\u00e9g nem is hallott, abbahagyta az \u00e9nekl\u00e9st, zseb\u00e9be ny\u00falt, \u00e9s egy nagy darab csokol\u00e1d\u00e9t ny\u00fajtott \u00e1t neki. Hann\u00e1cska az anyj\u00e1ra n\u00e9zett, az mosolyogva intette, hogy szabad, \u0151 pedig boldogan vette el a csokit.<br \/>\nEgyik \u00e1mulatb\u00f3l a m\u00e1sikba esik. \u201eMilyen bar\u00e1ts\u00e1gosak az emberek, ha ezt a sz\u00f3t hallj\u00e1k.\u201d \u2013 gondolta. \u201eIgaza van anyuk\u00e1nak, ezek mind J\u00e9zust akarj\u00e1k dics\u00e9rni, Neki akarnak h\u00e1l\u00e1t adni, Vele akarnak \u00f6rvendeni, csak nincs idej\u00fck, mert sietnek&#8230; De ha valaki kimondja nekik ezt a var\u00e1zssz\u00f3t vagy el\u00e9nekli nekik, akkor \u0151k is v\u00e1laszolnak&#8230;\u201d<br \/>\nMire ide jutott gondolataiban, meg\u00e9rkeztek a vend\u00e9gek: Terike n\u00e9ni \u00e9s Joc\u00f3 b\u00e1csi.<br \/>\nAmint a kis csapat a csomagokkal a kij\u00e1rat fel\u00e9 igyekezett, egy hossz\u00fahaj\u00fa, s\u00f6t\u00e9tb\u0151r\u0171 fiatalasszony odaintett nekik \u00e9s azt ki\u00e1ltotta: \u201e\u00c1lleluja\u201d.<br \/>\n\u201eNeked integet.\u201d \u2013 sz\u00f3lt az apuka Hann\u00e1nak.<br \/>\n\u201e\u00c1lleluja!\u201d \u2013 ki\u00e1ltott vissza Hann\u00e1cska, egyik l\u00e1b\u00e1r\u00f3l a m\u00e1sikra ugr\u00e1lgatva.<br \/>\n\u201eIgy k\u00f6sz\u00f6nnek n\u00e1latok egym\u00e1snak az emberek?\u201d \u2013 k\u00e9rdezte Joc\u00f3 b\u00e1csi az apuk\u00e1t\u00f3l.<br \/>\n\u201eNem. Csak Hann\u00e1cska k\u00f6sz\u00f6n \u00edgy az embereknek\u201d \u2013 v\u00e1laszolt az anyuka. \u201eIgaz\u00e1n sz\u00e9p k\u00f6sz\u00f6nt\u00e9s. Sokkal szebb, mint a \u201eGuten Tag\u201d, vagy az \u201eAuf Wiedersehen\u201d.<br \/>\n\u201eMajd \u00e9n megtan\u00edtom \u0151ket.\u201d \u2013 mondta Hann\u00e1cska, majd kilibbent a leng\u0151ajt\u00f3n&#8230;<\/p>\n<p>S Z E N T M I S \u00c9 I N K<\/p>\n<p>Balingen m\u00e1rcius 05 szombat 17.00 \u00f3ra<br \/>\nMunderkingen m\u00e1rcius 06 vas\u00e1rnap 09.00 \u00f3ra<br \/>\nSchw\u00e4bisch Gm\u00fcnd m\u00e1rcius 06 vas\u00e1rnap 09.30 \u00f3ra<br \/>\nStuttgart m\u00e1rcius 06 vas\u00e1rnap 15.00 \u00f3ra<br \/>\nFriedrichshafen-Berg m\u00e1rcius 12 szombat 17.00 \u00f3ra<br \/>\nWeingarten m\u00e1rcius 13 vas\u00e1rnap 10.00 \u00f3ra<br \/>\nStuttgart m\u00e1rcius 13 vas\u00e1rnap 15.00 \u00f3ra !!!<br \/>\nUlm m\u00e1rcius 13 vas\u00e1rnap 15.00 \u00f3ra<br \/>\nLudwigsburg m\u00e1rcius 20 vas\u00e1rnap 09.30 \u00f3ra<br \/>\nStuttgart m\u00e1rcius 20 vas\u00e1rnap 12.00 \u00f3ra<br \/>\nStuttgart m\u00e1rcius 24 Nagycs\u00fct\u00f6rt\u00f6k 19.00 \u00f3ra<br \/>\nWeingarten m\u00e1rcius 24 Nagycs\u00fct\u00f6rt\u00f6k 19.00 \u00f3ra<br \/>\nWeingarten m\u00e1rcius 25 Nagyp\u00e9ntek 15.00 \u00f3ra<br \/>\nStuttgart m\u00e1rcius 25 Nagyp\u00e9ntek 18.00 \u00f3ra<br \/>\nStuttgart m\u00e1rcius 26 Nagyszombat 20.00 \u00f3ra<br \/>\nWeingarten m\u00e1rcius 26 Nagyszombat 20.00 \u00f3ra<br \/>\nBiberach m\u00e1rcius 27 H\u00fasv\u00e9t 08.45 \u00f3ra<br \/>\nB\u00f6blingen m\u00e1rcius 27 H\u00fasv\u00e9t 09.00 \u00f3ra<br \/>\nWeingarten m\u00e1rcius 27 H\u00fasv\u00e9t 10.00 \u00f3ra<br \/>\nStuttgart m\u00e1rcius 27 H\u00fasv\u00e9t 12.00 \u00f3ra<br \/>\nUlm m\u00e1rcius 27 H\u00fasv\u00e9t 15.00 \u00f3ra<br \/>\nHeilbronn m\u00e1rcius 27 H\u00fasv\u00e9t 15.30 \u00f3ra<br \/>\nStuttgart m\u00e1rcius 28 H\u00fasv\u00e9th\u00e9tf\u0151 10.30 \u00f3ra<\/p>\n<p>K\u00d6ZLEM\u00c9NYEK \u2013 RENDEZV\u00c9NYEK<\/p>\n<p>Stuttgartban p\u00e9ntekenk\u00e9nt 17.45 \u00f3rakor kereszt\u00fat, majd szentmise, keret\u00e9ben pedig besz\u00e9lget\u00e9s a katekizmusr\u00f3l. Az \u00e9rdekl\u0151d\u0151ket m\u00e1rcius 4-\u00e9n \u00e9s 18-\u00e1n v\u00e1rjuk. A Szent Erzs\u00e9bet Bar\u00e1ts\u00e1gklub tagjai ugyancsak ezeken a napokon tal\u00e1lkoznak, 15.30 \u00f3rakor, a K\u00f6z\u00f6ss\u00e9gi Teremben. Mindenkit szeretettel v\u00e1r a Vezet\u0151s\u00e9g \u00e9s a Tags\u00e1g!<br \/>\n*<br \/>\nUlmban cs\u00fct\u00f6rt\u00f6k\u00f6nk\u00e9nt, azaz m\u00e1rcius 3-\u00e1n, 10-\u00e9n \u00e9s 17-\u00e9n 17.30 \u00f3r\u00e1t\u00f3l, Weingartenben pedig p\u00e9ntekenk\u00e9nt, azaz m\u00e1rcius 4-\u00e9n, 11-\u00e9n \u00e9s 18-\u00e1n 18.00 \u00f3r\u00e1t\u00f3l szentmise, ut\u00e1na mindk\u00e9t helyen Besz\u00e9lget\u00e9sek a Bibli\u00e1r\u00f3l. Mindenkit szeretettel v\u00e1r Tibor atya!<br \/>\n*<br \/>\nM\u00e1rcius 13-\u00e1n, vas\u00e1rnap tartjuk Nemzeti \u00dcnnep\u00fcnket. Az \u00f6kumenikus istentisztelet 15.00 \u00f3rakor lesz a Bad Cannstatt-i Luther-templomban. Ut\u00e1na \u00fcnnepi m\u0171sor. Mindenkit szeretettel v\u00e1runk!<br \/>\n*<br \/>\nM\u00e1rcius 5-6-\u00e1n, Balingenben, Munderkingenben, Schw\u00e4bisch-Gm\u00fcndben, 12-13-\u00e1n Friedrichshafenben, Stuttgartban, Weingartenben \u00e9s Ulmban a betegek szents\u00e9g\u00e9t fogjuk kiszolg\u00e1lni. K\u00e9rj\u00fck, hozz\u00e1tok el id\u0151s \u00e9s beteg hozz\u00e1tartoz\u00f3itokat a szentmis\u00e9re!<br \/>\n*<br \/>\nM\u00e1rcius 18-\u00e1n, p\u00e9nteken, 19.00 \u00f3r\u00e1t\u00f3l Stuttgartban. T\u00e9ma: T\u00f3bi\u00e1s K\u00f6nyve. El\u0151ad\u00f3: Imre atya.<br \/>\n*<br \/>\nSportklubunk m\u00e1rciusban csak egyszer, \u00e9spedig 11-\u00e9n asztaliteniszre \u00e9s k\u00f3rusra h\u00edvja a stuttgarti \u00e9s Stuttgart-k\u00f6rny\u00e9ki tagokat \u00e9s sportbar\u00e1tokat!<br \/>\nKellemes \u00e9s kegyelemteljes H\u00fasv\u00e9ti \u00fcnnepeket k\u00edv\u00e1nunk minden kedves H\u00edv\u00fcnknek!<\/p>\n","protected":false},"excerpt":{"rendered":"<p>B a r \u00e1 t o m A Szent Gell\u00e9rt Magyar Katolikus Egyh\u00e1zk\u00f6zs\u00e9g Havilapja Szerkeszt\u0151k: Ft. Merl\u00e1s Tibor \u00e9s Ft. Dr. Tempfli Imre. Kiad\u00f3: Szent Gell\u00e9rt Magyar Katolikus Egyh\u00e1zk\u00f6zs\u00e9g. Postac\u00edm: Albert-Sch\u00e4ffle-Str. 30, 70186-Stuttgart. Tel: 0711-2369190, Fax: 0711-2367393, E-mail: mission@gracious-dewdney.138-201-221-2.plesk.page Honlap: www.stuttgarti-katolikusok.de Sz\u00e1mla: Postbank Stuttgart, IBAN: DE80600100700002190704, BIC: PBNKDEFF 2 0 1 6 M \u00c1 R C I U S Hann\u00e1cska \u00e1lleluj\u00e1ja&#8230; Hann\u00e1cska anyuk\u00e1ja rendszeresen \u00e9nekelt a k\u00f3rusban. N\u00e9hanapj\u00e1n otthon is gyakorolt. Ilyenkor Hann\u00e1cska \u00e1h\u00edtatosan hallgatta. Noha nem \u00e9rtette a szavakat, m\u00e9gis szerette hallgatni, ha az anyja \u00e9nekel. Mint most is. Egy sz\u00f3t ism\u00e9tel unos-untalan, de annyif\u00e9le mel\u00f3di\u00e1val, hogy az embernek kacagni j\u00f6n t\u0151le a sz\u00edve: \u201e\u00c1lleluja \u2013 \u00c1lleluja \u2013 \u00c1lleluja&#8230;\u201d \u201eMit jelent \u00e1lleluja?\u201d \u2013 k\u00e9rdezte meg v\u00e9g\u00fcl is az anyuk\u00e1j\u00e1t. \u201eAzt jelenti, hogy: J\u00e9zus, szeretlek, dics\u00e9rlek \u00e9s \u00e1ldlak T\u00e9ged!\u201d \u2013 v\u00e1laszolta az anyuka. \u201e\u00c9s az emberek tudj\u00e1k, hogy mit jelent ez a sz\u00f3?\u201d \u2013 k\u00e9rdezte Hann\u00e1cska. \u201eTerm\u00e9szetesen.\u201d \u2013 mosolygott az anyuka. \u201eS\u0151t, nem csak azok az emberek tudj\u00e1k, akik itt \u00e9lnek k\u00f6r\u00fcl\u00f6tt\u00fcnk \u00e9s a mi nyelv\u00fcnk\u00f6n besz\u00e9lnek, hanem a vil\u00e1g szinte minden embere! Tudj\u00e1k ezt Franciaorsz\u00e1gban \u00e9s Angli\u00e1ban, Olaszorsz\u00e1gban \u00e9s Spanyolorsz\u00e1gban, Oroszorsz\u00e1gban \u00e9s Amerik\u00e1ban, \u00e9s m\u00e9g sok-sok orsz\u00e1g\u00e1ban ennek a vil\u00e1gnak. Ha azt akarj\u00e1k, hogy J\u00e9zust dics\u00e9rj\u00e9k, Neki h\u00e1l\u00e1t adjanak, Vele \u00f6rvendjenek, akkor vagy kimondj\u00e1k vagy pedig \u00e9neklik&#8230;\u201d \u201e\u00c1lleluja!\u201d \u2013 ism\u00e9telgette Hann\u00e1cska. Majd r\u00e1 is zend\u00edtett kis cseng\u0151 gyermekhangj\u00e1val: \u201e\u00c1lleluja\u201d&#8230; \u201eMilyen sz\u00e9p sz\u00f3!\u201d \u2013 mondta, majd kifutott j\u00e1tszani&#8230; P\u00e1r nap m\u00falva Erd\u00e9lyb\u0151l j\u00f6ttek vend\u00e9gek. Hann\u00e1cska is elment el\u00e9j\u00fck apj\u00e1val \u00e9s anyj\u00e1val a rept\u00e9rre, hogy elhozz\u00e1k \u0151ket. Sok\u00e1ig kellett v\u00e1rakozni. A rep\u00fcl\u0151g\u00e9p k\u00e9sett. Hann\u00e1nak sok ideje volt h\u00e1t, hogy k\u00f6rben\u00e9zzen. \u201eMicsoda zsivaj \u00e9s rohan\u00e1s!\u201d \u2013 gondolta mag\u00e1ban. Annyi \u00e9s annyi ember ment, sietett, rohant kereszt\u00fcl a nagy v\u00e1r\u00f3teremben, hogy att\u00f3l kellett f\u00e9lni, m\u00e9g elsodorj\u00e1k&#8230; Hann\u00e1cska sorra megn\u00e9zte \u0151ket. Egyesek eg\u00e9szen feket\u00e9k voltak, m\u00e1sok k\u00e1v\u00e9barn\u00e1k vagy kiss\u00e9 s\u00e1rgab\u0151r\u0171ek. A legt\u00f6bbnek olyan komikus&#8230; <\/p>\n<p><a class=\"readmore\" href=\"https:\/\/stuttgarti-katolikusok.de\/index.php\/baratom-2016-marcius\/\">R\u00e9szletek<\/a><\/p>\n","protected":false},"author":3,"featured_media":8884,"comment_status":"closed","ping_status":"closed","sticky":false,"template":"","format":"standard","meta":{"footnotes":""},"categories":[29],"tags":[],"class_list":["post-8883","post","type-post","status-publish","format-standard","has-post-thumbnail","hentry","category-baratom"],"yoast_head":"<!-- This site is optimized with the Yoast SEO plugin v27.3 - https:\/\/yoast.com\/product\/yoast-seo-wordpress\/ -->\n<title>Bar\u00e1tom - 2016 m\u00e1rcius - Stuttgarti Katolikusok<\/title>\n<meta name=\"robots\" content=\"index, follow, max-snippet:-1, max-image-preview:large, max-video-preview:-1\" \/>\n<link rel=\"canonical\" href=\"https:\/\/stuttgarti-katolikusok.de\/index.php\/baratom-2016-marcius\/\" \/>\n<meta property=\"og:locale\" content=\"hu_HU\" \/>\n<meta property=\"og:type\" content=\"article\" \/>\n<meta property=\"og:title\" content=\"Bar\u00e1tom - 2016 m\u00e1rcius - Stuttgarti Katolikusok\" \/>\n<meta property=\"og:description\" content=\"B a r \u00e1 t o m A Szent Gell\u00e9rt Magyar Katolikus Egyh\u00e1zk\u00f6zs\u00e9g Havilapja Szerkeszt\u0151k: Ft. Merl\u00e1s Tibor \u00e9s Ft. Dr. Tempfli Imre. Kiad\u00f3: Szent Gell\u00e9rt Magyar Katolikus Egyh\u00e1zk\u00f6zs\u00e9g. Postac\u00edm: Albert-Sch\u00e4ffle-Str. 30, 70186-Stuttgart. Tel: 0711-2369190, Fax: 0711-2367393, E-mail: mission@gracious-dewdney.138-201-221-2.plesk.page Honlap: www.stuttgarti-katolikusok.de Sz\u00e1mla: Postbank Stuttgart, IBAN: DE80600100700002190704, BIC: PBNKDEFF 2 0 1 6 M \u00c1 R C I U S Hann\u00e1cska \u00e1lleluj\u00e1ja&#8230; Hann\u00e1cska anyuk\u00e1ja rendszeresen \u00e9nekelt a k\u00f3rusban. N\u00e9hanapj\u00e1n otthon is gyakorolt. Ilyenkor Hann\u00e1cska \u00e1h\u00edtatosan hallgatta. Noha nem \u00e9rtette a szavakat, m\u00e9gis szerette hallgatni, ha az anyja \u00e9nekel. Mint most is. Egy sz\u00f3t ism\u00e9tel unos-untalan, de annyif\u00e9le mel\u00f3di\u00e1val, hogy az embernek kacagni j\u00f6n t\u0151le a sz\u00edve: \u201e\u00c1lleluja \u2013 \u00c1lleluja \u2013 \u00c1lleluja&#8230;\u201d \u201eMit jelent \u00e1lleluja?\u201d \u2013 k\u00e9rdezte meg v\u00e9g\u00fcl is az anyuk\u00e1j\u00e1t. \u201eAzt jelenti, hogy: J\u00e9zus, szeretlek, dics\u00e9rlek \u00e9s \u00e1ldlak T\u00e9ged!\u201d \u2013 v\u00e1laszolta az anyuka. \u201e\u00c9s az emberek tudj\u00e1k, hogy mit jelent ez a sz\u00f3?\u201d \u2013 k\u00e9rdezte Hann\u00e1cska. \u201eTerm\u00e9szetesen.\u201d \u2013 mosolygott az anyuka. \u201eS\u0151t, nem csak azok az emberek tudj\u00e1k, akik itt \u00e9lnek k\u00f6r\u00fcl\u00f6tt\u00fcnk \u00e9s a mi nyelv\u00fcnk\u00f6n besz\u00e9lnek, hanem a vil\u00e1g szinte minden embere! Tudj\u00e1k ezt Franciaorsz\u00e1gban \u00e9s Angli\u00e1ban, Olaszorsz\u00e1gban \u00e9s Spanyolorsz\u00e1gban, Oroszorsz\u00e1gban \u00e9s Amerik\u00e1ban, \u00e9s m\u00e9g sok-sok orsz\u00e1g\u00e1ban ennek a vil\u00e1gnak. Ha azt akarj\u00e1k, hogy J\u00e9zust dics\u00e9rj\u00e9k, Neki h\u00e1l\u00e1t adjanak, Vele \u00f6rvendjenek, akkor vagy kimondj\u00e1k vagy pedig \u00e9neklik&#8230;\u201d \u201e\u00c1lleluja!\u201d \u2013 ism\u00e9telgette Hann\u00e1cska. Majd r\u00e1 is zend\u00edtett kis cseng\u0151 gyermekhangj\u00e1val: \u201e\u00c1lleluja\u201d&#8230; \u201eMilyen sz\u00e9p sz\u00f3!\u201d \u2013 mondta, majd kifutott j\u00e1tszani&#8230; P\u00e1r nap m\u00falva Erd\u00e9lyb\u0151l j\u00f6ttek vend\u00e9gek. Hann\u00e1cska is elment el\u00e9j\u00fck apj\u00e1val \u00e9s anyj\u00e1val a rept\u00e9rre, hogy elhozz\u00e1k \u0151ket. Sok\u00e1ig kellett v\u00e1rakozni. A rep\u00fcl\u0151g\u00e9p k\u00e9sett. Hann\u00e1nak sok ideje volt h\u00e1t, hogy k\u00f6rben\u00e9zzen. \u201eMicsoda zsivaj \u00e9s rohan\u00e1s!\u201d \u2013 gondolta mag\u00e1ban. Annyi \u00e9s annyi ember ment, sietett, rohant kereszt\u00fcl a nagy v\u00e1r\u00f3teremben, hogy att\u00f3l kellett f\u00e9lni, m\u00e9g elsodorj\u00e1k&#8230; Hann\u00e1cska sorra megn\u00e9zte \u0151ket. Egyesek eg\u00e9szen feket\u00e9k voltak, m\u00e1sok k\u00e1v\u00e9barn\u00e1k vagy kiss\u00e9 s\u00e1rgab\u0151r\u0171ek. A legt\u00f6bbnek olyan komikus... R\u00e9szletek\" \/>\n<meta property=\"og:url\" content=\"https:\/\/stuttgarti-katolikusok.de\/index.php\/baratom-2016-marcius\/\" \/>\n<meta property=\"og:site_name\" content=\"Stuttgarti Katolikusok\" \/>\n<meta property=\"article:published_time\" content=\"2016-03-09T08:36:25+00:00\" \/>\n<meta property=\"og:image\" content=\"https:\/\/stuttgarti-katolikusok.de\/wp-content\/uploads\/2016\/03\/11545447-jesus-christus-im-himmel.jpg\" \/>\n\t<meta property=\"og:image:width\" content=\"1200\" \/>\n\t<meta property=\"og:image:height\" content=\"1200\" \/>\n\t<meta property=\"og:image:type\" content=\"image\/jpeg\" \/>\n<meta name=\"author\" content=\"Tibor atya\" \/>\n<meta name=\"twitter:card\" content=\"summary_large_image\" \/>\n<meta name=\"twitter:label1\" content=\"Szerz\u0151:\" \/>\n\t<meta name=\"twitter:data1\" content=\"Tibor atya\" \/>\n\t<meta name=\"twitter:label2\" content=\"Becs\u00fclt olvas\u00e1si id\u0151\" \/>\n\t<meta name=\"twitter:data2\" content=\"7 perc\" \/>\n<script type=\"application\/ld+json\" class=\"yoast-schema-graph\">{\"@context\":\"https:\\\/\\\/schema.org\",\"@graph\":[{\"@type\":\"Article\",\"@id\":\"https:\\\/\\\/stuttgarti-katolikusok.de\\\/index.php\\\/baratom-2016-marcius\\\/#article\",\"isPartOf\":{\"@id\":\"https:\\\/\\\/stuttgarti-katolikusok.de\\\/index.php\\\/baratom-2016-marcius\\\/\"},\"author\":{\"name\":\"Tibor atya\",\"@id\":\"https:\\\/\\\/stuttgarti-katolikusok.de\\\/#\\\/schema\\\/person\\\/75908d6f8fdc03a57889d27209df7795\"},\"headline\":\"Bar\u00e1tom &#8211; 2016 m\u00e1rcius\",\"datePublished\":\"2016-03-09T08:36:25+00:00\",\"mainEntityOfPage\":{\"@id\":\"https:\\\/\\\/stuttgarti-katolikusok.de\\\/index.php\\\/baratom-2016-marcius\\\/\"},\"wordCount\":1390,\"image\":{\"@id\":\"https:\\\/\\\/stuttgarti-katolikusok.de\\\/index.php\\\/baratom-2016-marcius\\\/#primaryimage\"},\"thumbnailUrl\":\"https:\\\/\\\/stuttgarti-katolikusok.de\\\/wp-content\\\/uploads\\\/2016\\\/03\\\/11545447-jesus-christus-im-himmel.jpg\",\"articleSection\":[\"Bar\u00e1tom\"],\"inLanguage\":\"hu\"},{\"@type\":\"WebPage\",\"@id\":\"https:\\\/\\\/stuttgarti-katolikusok.de\\\/index.php\\\/baratom-2016-marcius\\\/\",\"url\":\"https:\\\/\\\/stuttgarti-katolikusok.de\\\/index.php\\\/baratom-2016-marcius\\\/\",\"name\":\"Bar\u00e1tom - 2016 m\u00e1rcius - Stuttgarti Katolikusok\",\"isPartOf\":{\"@id\":\"https:\\\/\\\/stuttgarti-katolikusok.de\\\/#website\"},\"primaryImageOfPage\":{\"@id\":\"https:\\\/\\\/stuttgarti-katolikusok.de\\\/index.php\\\/baratom-2016-marcius\\\/#primaryimage\"},\"image\":{\"@id\":\"https:\\\/\\\/stuttgarti-katolikusok.de\\\/index.php\\\/baratom-2016-marcius\\\/#primaryimage\"},\"thumbnailUrl\":\"https:\\\/\\\/stuttgarti-katolikusok.de\\\/wp-content\\\/uploads\\\/2016\\\/03\\\/11545447-jesus-christus-im-himmel.jpg\",\"datePublished\":\"2016-03-09T08:36:25+00:00\",\"author\":{\"@id\":\"https:\\\/\\\/stuttgarti-katolikusok.de\\\/#\\\/schema\\\/person\\\/75908d6f8fdc03a57889d27209df7795\"},\"breadcrumb\":{\"@id\":\"https:\\\/\\\/stuttgarti-katolikusok.de\\\/index.php\\\/baratom-2016-marcius\\\/#breadcrumb\"},\"inLanguage\":\"hu\",\"potentialAction\":[{\"@type\":\"ReadAction\",\"target\":[\"https:\\\/\\\/stuttgarti-katolikusok.de\\\/index.php\\\/baratom-2016-marcius\\\/\"]}]},{\"@type\":\"ImageObject\",\"inLanguage\":\"hu\",\"@id\":\"https:\\\/\\\/stuttgarti-katolikusok.de\\\/index.php\\\/baratom-2016-marcius\\\/#primaryimage\",\"url\":\"https:\\\/\\\/stuttgarti-katolikusok.de\\\/wp-content\\\/uploads\\\/2016\\\/03\\\/11545447-jesus-christus-im-himmel.jpg\",\"contentUrl\":\"https:\\\/\\\/stuttgarti-katolikusok.de\\\/wp-content\\\/uploads\\\/2016\\\/03\\\/11545447-jesus-christus-im-himmel.jpg\",\"width\":1200,\"height\":1200},{\"@type\":\"BreadcrumbList\",\"@id\":\"https:\\\/\\\/stuttgarti-katolikusok.de\\\/index.php\\\/baratom-2016-marcius\\\/#breadcrumb\",\"itemListElement\":[{\"@type\":\"ListItem\",\"position\":1,\"name\":\"Kezd\u0151lap\",\"item\":\"https:\\\/\\\/stuttgarti-katolikusok.de\\\/\"},{\"@type\":\"ListItem\",\"position\":2,\"name\":\"Bar\u00e1tom &#8211; 2016 m\u00e1rcius\"}]},{\"@type\":\"WebSite\",\"@id\":\"https:\\\/\\\/stuttgarti-katolikusok.de\\\/#website\",\"url\":\"https:\\\/\\\/stuttgarti-katolikusok.de\\\/\",\"name\":\"Stuttgarti Katolikusok\",\"description\":\"\",\"potentialAction\":[{\"@type\":\"SearchAction\",\"target\":{\"@type\":\"EntryPoint\",\"urlTemplate\":\"https:\\\/\\\/stuttgarti-katolikusok.de\\\/?s={search_term_string}\"},\"query-input\":{\"@type\":\"PropertyValueSpecification\",\"valueRequired\":true,\"valueName\":\"search_term_string\"}}],\"inLanguage\":\"hu\"},{\"@type\":\"Person\",\"@id\":\"https:\\\/\\\/stuttgarti-katolikusok.de\\\/#\\\/schema\\\/person\\\/75908d6f8fdc03a57889d27209df7795\",\"name\":\"Tibor atya\",\"image\":{\"@type\":\"ImageObject\",\"inLanguage\":\"hu\",\"@id\":\"https:\\\/\\\/secure.gravatar.com\\\/avatar\\\/61d268e57d1f4525b111222e29d2d5a7f8c420fdbf231ba5566a8ceac74fa960?s=96&d=mm&r=g\",\"url\":\"https:\\\/\\\/secure.gravatar.com\\\/avatar\\\/61d268e57d1f4525b111222e29d2d5a7f8c420fdbf231ba5566a8ceac74fa960?s=96&d=mm&r=g\",\"contentUrl\":\"https:\\\/\\\/secure.gravatar.com\\\/avatar\\\/61d268e57d1f4525b111222e29d2d5a7f8c420fdbf231ba5566a8ceac74fa960?s=96&d=mm&r=g\",\"caption\":\"Tibor atya\"},\"url\":\"https:\\\/\\\/stuttgarti-katolikusok.de\\\/index.php\\\/author\\\/tibor-atya\\\/\"}]}<\/script>\n<!-- \/ Yoast SEO plugin. -->","yoast_head_json":{"title":"Bar\u00e1tom - 2016 m\u00e1rcius - Stuttgarti Katolikusok","robots":{"index":"index","follow":"follow","max-snippet":"max-snippet:-1","max-image-preview":"max-image-preview:large","max-video-preview":"max-video-preview:-1"},"canonical":"https:\/\/stuttgarti-katolikusok.de\/index.php\/baratom-2016-marcius\/","og_locale":"hu_HU","og_type":"article","og_title":"Bar\u00e1tom - 2016 m\u00e1rcius - Stuttgarti Katolikusok","og_description":"B a r \u00e1 t o m A Szent Gell\u00e9rt Magyar Katolikus Egyh\u00e1zk\u00f6zs\u00e9g Havilapja Szerkeszt\u0151k: Ft. Merl\u00e1s Tibor \u00e9s Ft. Dr. Tempfli Imre. Kiad\u00f3: Szent Gell\u00e9rt Magyar Katolikus Egyh\u00e1zk\u00f6zs\u00e9g. Postac\u00edm: Albert-Sch\u00e4ffle-Str. 30, 70186-Stuttgart. Tel: 0711-2369190, Fax: 0711-2367393, E-mail: mission@gracious-dewdney.138-201-221-2.plesk.page Honlap: www.stuttgarti-katolikusok.de Sz\u00e1mla: Postbank Stuttgart, IBAN: DE80600100700002190704, BIC: PBNKDEFF 2 0 1 6 M \u00c1 R C I U S Hann\u00e1cska \u00e1lleluj\u00e1ja&#8230; Hann\u00e1cska anyuk\u00e1ja rendszeresen \u00e9nekelt a k\u00f3rusban. N\u00e9hanapj\u00e1n otthon is gyakorolt. Ilyenkor Hann\u00e1cska \u00e1h\u00edtatosan hallgatta. Noha nem \u00e9rtette a szavakat, m\u00e9gis szerette hallgatni, ha az anyja \u00e9nekel. Mint most is. Egy sz\u00f3t ism\u00e9tel unos-untalan, de annyif\u00e9le mel\u00f3di\u00e1val, hogy az embernek kacagni j\u00f6n t\u0151le a sz\u00edve: \u201e\u00c1lleluja \u2013 \u00c1lleluja \u2013 \u00c1lleluja&#8230;\u201d \u201eMit jelent \u00e1lleluja?\u201d \u2013 k\u00e9rdezte meg v\u00e9g\u00fcl is az anyuk\u00e1j\u00e1t. \u201eAzt jelenti, hogy: J\u00e9zus, szeretlek, dics\u00e9rlek \u00e9s \u00e1ldlak T\u00e9ged!\u201d \u2013 v\u00e1laszolta az anyuka. \u201e\u00c9s az emberek tudj\u00e1k, hogy mit jelent ez a sz\u00f3?\u201d \u2013 k\u00e9rdezte Hann\u00e1cska. \u201eTerm\u00e9szetesen.\u201d \u2013 mosolygott az anyuka. \u201eS\u0151t, nem csak azok az emberek tudj\u00e1k, akik itt \u00e9lnek k\u00f6r\u00fcl\u00f6tt\u00fcnk \u00e9s a mi nyelv\u00fcnk\u00f6n besz\u00e9lnek, hanem a vil\u00e1g szinte minden embere! Tudj\u00e1k ezt Franciaorsz\u00e1gban \u00e9s Angli\u00e1ban, Olaszorsz\u00e1gban \u00e9s Spanyolorsz\u00e1gban, Oroszorsz\u00e1gban \u00e9s Amerik\u00e1ban, \u00e9s m\u00e9g sok-sok orsz\u00e1g\u00e1ban ennek a vil\u00e1gnak. Ha azt akarj\u00e1k, hogy J\u00e9zust dics\u00e9rj\u00e9k, Neki h\u00e1l\u00e1t adjanak, Vele \u00f6rvendjenek, akkor vagy kimondj\u00e1k vagy pedig \u00e9neklik&#8230;\u201d \u201e\u00c1lleluja!\u201d \u2013 ism\u00e9telgette Hann\u00e1cska. Majd r\u00e1 is zend\u00edtett kis cseng\u0151 gyermekhangj\u00e1val: \u201e\u00c1lleluja\u201d&#8230; \u201eMilyen sz\u00e9p sz\u00f3!\u201d \u2013 mondta, majd kifutott j\u00e1tszani&#8230; P\u00e1r nap m\u00falva Erd\u00e9lyb\u0151l j\u00f6ttek vend\u00e9gek. Hann\u00e1cska is elment el\u00e9j\u00fck apj\u00e1val \u00e9s anyj\u00e1val a rept\u00e9rre, hogy elhozz\u00e1k \u0151ket. Sok\u00e1ig kellett v\u00e1rakozni. A rep\u00fcl\u0151g\u00e9p k\u00e9sett. Hann\u00e1nak sok ideje volt h\u00e1t, hogy k\u00f6rben\u00e9zzen. \u201eMicsoda zsivaj \u00e9s rohan\u00e1s!\u201d \u2013 gondolta mag\u00e1ban. Annyi \u00e9s annyi ember ment, sietett, rohant kereszt\u00fcl a nagy v\u00e1r\u00f3teremben, hogy att\u00f3l kellett f\u00e9lni, m\u00e9g elsodorj\u00e1k&#8230; Hann\u00e1cska sorra megn\u00e9zte \u0151ket. Egyesek eg\u00e9szen feket\u00e9k voltak, m\u00e1sok k\u00e1v\u00e9barn\u00e1k vagy kiss\u00e9 s\u00e1rgab\u0151r\u0171ek. A legt\u00f6bbnek olyan komikus... R\u00e9szletek","og_url":"https:\/\/stuttgarti-katolikusok.de\/index.php\/baratom-2016-marcius\/","og_site_name":"Stuttgarti Katolikusok","article_published_time":"2016-03-09T08:36:25+00:00","og_image":[{"width":1200,"height":1200,"url":"https:\/\/stuttgarti-katolikusok.de\/wp-content\/uploads\/2016\/03\/11545447-jesus-christus-im-himmel.jpg","type":"image\/jpeg"}],"author":"Tibor atya","twitter_card":"summary_large_image","twitter_misc":{"Szerz\u0151:":"Tibor atya","Becs\u00fclt olvas\u00e1si id\u0151":"7 perc"},"schema":{"@context":"https:\/\/schema.org","@graph":[{"@type":"Article","@id":"https:\/\/stuttgarti-katolikusok.de\/index.php\/baratom-2016-marcius\/#article","isPartOf":{"@id":"https:\/\/stuttgarti-katolikusok.de\/index.php\/baratom-2016-marcius\/"},"author":{"name":"Tibor atya","@id":"https:\/\/stuttgarti-katolikusok.de\/#\/schema\/person\/75908d6f8fdc03a57889d27209df7795"},"headline":"Bar\u00e1tom &#8211; 2016 m\u00e1rcius","datePublished":"2016-03-09T08:36:25+00:00","mainEntityOfPage":{"@id":"https:\/\/stuttgarti-katolikusok.de\/index.php\/baratom-2016-marcius\/"},"wordCount":1390,"image":{"@id":"https:\/\/stuttgarti-katolikusok.de\/index.php\/baratom-2016-marcius\/#primaryimage"},"thumbnailUrl":"https:\/\/stuttgarti-katolikusok.de\/wp-content\/uploads\/2016\/03\/11545447-jesus-christus-im-himmel.jpg","articleSection":["Bar\u00e1tom"],"inLanguage":"hu"},{"@type":"WebPage","@id":"https:\/\/stuttgarti-katolikusok.de\/index.php\/baratom-2016-marcius\/","url":"https:\/\/stuttgarti-katolikusok.de\/index.php\/baratom-2016-marcius\/","name":"Bar\u00e1tom - 2016 m\u00e1rcius - Stuttgarti Katolikusok","isPartOf":{"@id":"https:\/\/stuttgarti-katolikusok.de\/#website"},"primaryImageOfPage":{"@id":"https:\/\/stuttgarti-katolikusok.de\/index.php\/baratom-2016-marcius\/#primaryimage"},"image":{"@id":"https:\/\/stuttgarti-katolikusok.de\/index.php\/baratom-2016-marcius\/#primaryimage"},"thumbnailUrl":"https:\/\/stuttgarti-katolikusok.de\/wp-content\/uploads\/2016\/03\/11545447-jesus-christus-im-himmel.jpg","datePublished":"2016-03-09T08:36:25+00:00","author":{"@id":"https:\/\/stuttgarti-katolikusok.de\/#\/schema\/person\/75908d6f8fdc03a57889d27209df7795"},"breadcrumb":{"@id":"https:\/\/stuttgarti-katolikusok.de\/index.php\/baratom-2016-marcius\/#breadcrumb"},"inLanguage":"hu","potentialAction":[{"@type":"ReadAction","target":["https:\/\/stuttgarti-katolikusok.de\/index.php\/baratom-2016-marcius\/"]}]},{"@type":"ImageObject","inLanguage":"hu","@id":"https:\/\/stuttgarti-katolikusok.de\/index.php\/baratom-2016-marcius\/#primaryimage","url":"https:\/\/stuttgarti-katolikusok.de\/wp-content\/uploads\/2016\/03\/11545447-jesus-christus-im-himmel.jpg","contentUrl":"https:\/\/stuttgarti-katolikusok.de\/wp-content\/uploads\/2016\/03\/11545447-jesus-christus-im-himmel.jpg","width":1200,"height":1200},{"@type":"BreadcrumbList","@id":"https:\/\/stuttgarti-katolikusok.de\/index.php\/baratom-2016-marcius\/#breadcrumb","itemListElement":[{"@type":"ListItem","position":1,"name":"Kezd\u0151lap","item":"https:\/\/stuttgarti-katolikusok.de\/"},{"@type":"ListItem","position":2,"name":"Bar\u00e1tom &#8211; 2016 m\u00e1rcius"}]},{"@type":"WebSite","@id":"https:\/\/stuttgarti-katolikusok.de\/#website","url":"https:\/\/stuttgarti-katolikusok.de\/","name":"Stuttgarti Katolikusok","description":"","potentialAction":[{"@type":"SearchAction","target":{"@type":"EntryPoint","urlTemplate":"https:\/\/stuttgarti-katolikusok.de\/?s={search_term_string}"},"query-input":{"@type":"PropertyValueSpecification","valueRequired":true,"valueName":"search_term_string"}}],"inLanguage":"hu"},{"@type":"Person","@id":"https:\/\/stuttgarti-katolikusok.de\/#\/schema\/person\/75908d6f8fdc03a57889d27209df7795","name":"Tibor atya","image":{"@type":"ImageObject","inLanguage":"hu","@id":"https:\/\/secure.gravatar.com\/avatar\/61d268e57d1f4525b111222e29d2d5a7f8c420fdbf231ba5566a8ceac74fa960?s=96&d=mm&r=g","url":"https:\/\/secure.gravatar.com\/avatar\/61d268e57d1f4525b111222e29d2d5a7f8c420fdbf231ba5566a8ceac74fa960?s=96&d=mm&r=g","contentUrl":"https:\/\/secure.gravatar.com\/avatar\/61d268e57d1f4525b111222e29d2d5a7f8c420fdbf231ba5566a8ceac74fa960?s=96&d=mm&r=g","caption":"Tibor atya"},"url":"https:\/\/stuttgarti-katolikusok.de\/index.php\/author\/tibor-atya\/"}]}},"_links":{"self":[{"href":"https:\/\/stuttgarti-katolikusok.de\/index.php\/wp-json\/wp\/v2\/posts\/8883","targetHints":{"allow":["GET"]}}],"collection":[{"href":"https:\/\/stuttgarti-katolikusok.de\/index.php\/wp-json\/wp\/v2\/posts"}],"about":[{"href":"https:\/\/stuttgarti-katolikusok.de\/index.php\/wp-json\/wp\/v2\/types\/post"}],"author":[{"embeddable":true,"href":"https:\/\/stuttgarti-katolikusok.de\/index.php\/wp-json\/wp\/v2\/users\/3"}],"replies":[{"embeddable":true,"href":"https:\/\/stuttgarti-katolikusok.de\/index.php\/wp-json\/wp\/v2\/comments?post=8883"}],"version-history":[{"count":1,"href":"https:\/\/stuttgarti-katolikusok.de\/index.php\/wp-json\/wp\/v2\/posts\/8883\/revisions"}],"predecessor-version":[{"id":8885,"href":"https:\/\/stuttgarti-katolikusok.de\/index.php\/wp-json\/wp\/v2\/posts\/8883\/revisions\/8885"}],"wp:featuredmedia":[{"embeddable":true,"href":"https:\/\/stuttgarti-katolikusok.de\/index.php\/wp-json\/wp\/v2\/media\/8884"}],"wp:attachment":[{"href":"https:\/\/stuttgarti-katolikusok.de\/index.php\/wp-json\/wp\/v2\/media?parent=8883"}],"wp:term":[{"taxonomy":"category","embeddable":true,"href":"https:\/\/stuttgarti-katolikusok.de\/index.php\/wp-json\/wp\/v2\/categories?post=8883"},{"taxonomy":"post_tag","embeddable":true,"href":"https:\/\/stuttgarti-katolikusok.de\/index.php\/wp-json\/wp\/v2\/tags?post=8883"}],"curies":[{"name":"wp","href":"https:\/\/api.w.org\/{rel}","templated":true}]}}