{"id":8852,"date":"2016-03-07T14:09:38","date_gmt":"2016-03-07T14:09:38","guid":{"rendered":"https:\/\/gracious-dewdney.138-201-221-2.plesk.page\/?p=8852"},"modified":"2020-04-27T16:01:57","modified_gmt":"2020-04-27T16:01:57","slug":"programelozetes-marcius-7-13-kozott","status":"publish","type":"post","link":"https:\/\/stuttgarti-katolikusok.de\/index.php\/programelozetes-marcius-7-13-kozott\/","title":{"rendered":"Programel\u0151zetes m\u00e1rcius 7-13 k\u00f6z\u00f6tt"},"content":{"rendered":"<p><strong>Programel\u0151zetes:<\/strong><\/p>\n<p>M\u00e1rcius 10-\u00e9n, cs\u00fct\u00f6rt\u00f6k\u00f6n Ulmban kereszt\u00fat 17.15 \u00f3rakor, el\u0151tte gy\u00f3ntat\u00e1s, ut\u00e1na szentmise. Majd pedig Besz\u00e9lget\u00e9sek a Bibli\u00e1r\u00f3l. Mindenkit szeretettel v\u00e1r a k\u00f6z\u00f6ss\u00e9g \u00e9s Tibor atya!<br \/>\n*<br \/>\nM\u00e1rcius 11-\u00e9n, p\u00e9nteken, Stuttgartban a Bar\u00e1ts\u00e1gklub, a<span class=\"text_exposed_show\"> kereszt\u00fati \u00e1jtatoss\u00e1g valamint a szentmise ez\u00fattal elmaradnak.<br \/>\n19.00 \u00f3r\u00e1t\u00f3l viszont a Sportklub \u00e9s a K\u00f3rus tagjai tal\u00e1lkoznak.\u00a0 Minden sportbar\u00e1tot \u00e9s k\u00f3rustagot szeretettel v\u00e1runk!<\/span><\/p>\n<div class=\"text_exposed_show\">\n<p>Weingartenben, a St. Marien-templomban 18.00 \u00f3r\u00e1t\u00f3l kereszt\u00fat, el\u0151tte gy\u00f3ntat\u00e1s, ut\u00e1na szentmise. Majd pedig Besz\u00e9lget\u00e9sek a Bibli\u00e1r\u00f3l. Mindenkit szeretettel v\u00e1r a k\u00f6z\u00f6ss\u00e9g \u00e9s Tibor atya!<br \/>\n*<br \/>\nM\u00e1rcius 12-\u00e9n, szombaton 17.00 \u00f3rakor Friedrichshafenben szentmise. Szentmise keret\u00e9ben a betegek szents\u00e9g\u00e9t szolg\u00e1ltatjuk ki. Ut\u00e1na \u00e1g\u00e1p\u00e9. Mindenkit szeretettel v\u00e1r a k\u00f6z\u00f6ss\u00e9g \u00e9s Tibor atya!<br \/>\n*<br \/>\nM\u00e1rcius 13-\u00e1n, vas\u00e1rnap, Weingartenben 10,00 \u00f3r\u00e1t\u00f3l szentmise. Szentmise keret\u00e9ben a betegek szents\u00e9g\u00e9t szolg\u00e1ltatjuk ki, majd \u00e1g\u00e1p\u00e9. Minden weingarteni \u00e9s Weingarten k\u00f6rny\u00e9ki H\u00edv\u00fcnket szeretettel v\u00e1r a k\u00f6z\u00f6ss\u00e9g \u00e9s Tibor atya!<\/p>\n<p>15.00 \u00f3rakor Ulmban szentmise, azut\u00e1n \u00e1g\u00e1p\u00e9. Szentmise el\u0151tt gy\u00f3ntat\u00e1s, a szentmis\u00e9ben pedig a betegek szents\u00e9g\u00e9t szolg\u00e1ltatjuk ki. Mindenkit v\u00e1r a k\u00f6z\u00f6ss\u00e9g \u00e9s Imre atya!<br \/>\n*<br \/>\nUgyanezen a napon tartjuk Stuttgartban Nemzeti \u00dcnnep\u00fcnket. Az \u00f6kumenikus istentisztelet 15.00 \u00f3rakor kezd\u0151dik a Bad Cannstatt-i Luther-templomban. Ig\u00e9t hirdet Tibor atya. Ut\u00e1na kult\u00farm\u0171sor. Mindenkit szeretettel v\u00e1runk!<\/p>\n<p>\u201eA sz\u00edvnek is megvannak a maga \u00e9rvei, csak az \u00e9sz nem mindig tudja fel\u00e9rni \u0151ket!\u201d (Blaise Pascal \u2013 1623-1662 &#8211; francia matematikus, fizikus, irodalm\u00e1r \u00e9s kereszt\u00e9ny filoz\u00f3fus)<\/p>\n<p>Bens\u0151s\u00e9ges nagyb\u00f6jti napokat, j\u00f3 munk\u00e1t, tartalmas besz\u00e9lget\u00e9seket \u00e9s kellemes tal\u00e1lkoz\u00e1sokat!<\/p>\n<\/div>\n<p>&nbsp;<\/p>\n","protected":false},"excerpt":{"rendered":"<p>Programel\u0151zetes: M\u00e1rcius 10-\u00e9n, cs\u00fct\u00f6rt\u00f6k\u00f6n Ulmban kereszt\u00fat 17.15 \u00f3rakor, el\u0151tte gy\u00f3ntat\u00e1s, ut\u00e1na szentmise. Majd pedig Besz\u00e9lget\u00e9sek a Bibli\u00e1r\u00f3l. Mindenkit szeretettel v\u00e1r a k\u00f6z\u00f6ss\u00e9g \u00e9s Tibor atya! * M\u00e1rcius 11-\u00e9n, p\u00e9nteken, Stuttgartban a Bar\u00e1ts\u00e1gklub, a kereszt\u00fati \u00e1jtatoss\u00e1g valamint a szentmise ez\u00fattal elmaradnak. 19.00 \u00f3r\u00e1t\u00f3l viszont a Sportklub \u00e9s a K\u00f3rus tagjai tal\u00e1lkoznak.\u00a0 Minden sportbar\u00e1tot \u00e9s k\u00f3rustagot szeretettel v\u00e1runk! Weingartenben, a St. Marien-templomban 18.00 \u00f3r\u00e1t\u00f3l kereszt\u00fat, el\u0151tte gy\u00f3ntat\u00e1s, ut\u00e1na szentmise. Majd pedig Besz\u00e9lget\u00e9sek a Bibli\u00e1r\u00f3l. Mindenkit szeretettel v\u00e1r a k\u00f6z\u00f6ss\u00e9g \u00e9s Tibor atya! * M\u00e1rcius 12-\u00e9n, szombaton 17.00 \u00f3rakor Friedrichshafenben szentmise. Szentmise keret\u00e9ben a betegek szents\u00e9g\u00e9t szolg\u00e1ltatjuk ki. Ut\u00e1na \u00e1g\u00e1p\u00e9. Mindenkit szeretettel v\u00e1r a k\u00f6z\u00f6ss\u00e9g \u00e9s Tibor atya! * M\u00e1rcius 13-\u00e1n, vas\u00e1rnap, Weingartenben 10,00 \u00f3r\u00e1t\u00f3l szentmise. Szentmise keret\u00e9ben a betegek szents\u00e9g\u00e9t szolg\u00e1ltatjuk ki, majd \u00e1g\u00e1p\u00e9. Minden weingarteni \u00e9s Weingarten k\u00f6rny\u00e9ki H\u00edv\u00fcnket szeretettel v\u00e1r a k\u00f6z\u00f6ss\u00e9g \u00e9s Tibor atya! 15.00 \u00f3rakor Ulmban szentmise, azut\u00e1n \u00e1g\u00e1p\u00e9. Szentmise el\u0151tt gy\u00f3ntat\u00e1s, a szentmis\u00e9ben pedig a betegek szents\u00e9g\u00e9t szolg\u00e1ltatjuk ki. Mindenkit v\u00e1r a k\u00f6z\u00f6ss\u00e9g \u00e9s Imre atya! * Ugyanezen a napon tartjuk Stuttgartban Nemzeti \u00dcnnep\u00fcnket. Az \u00f6kumenikus istentisztelet 15.00 \u00f3rakor kezd\u0151dik a Bad Cannstatt-i Luther-templomban. Ig\u00e9t hirdet Tibor atya. Ut\u00e1na kult\u00farm\u0171sor. Mindenkit szeretettel v\u00e1runk! \u201eA sz\u00edvnek is megvannak a maga \u00e9rvei, csak az \u00e9sz nem mindig tudja fel\u00e9rni \u0151ket!\u201d (Blaise Pascal \u2013 1623-1662 &#8211; francia matematikus, fizikus, irodalm\u00e1r \u00e9s kereszt\u00e9ny filoz\u00f3fus) Bens\u0151s\u00e9ges nagyb\u00f6jti napokat, j\u00f3 munk\u00e1t, tartalmas besz\u00e9lget\u00e9seket \u00e9s kellemes tal\u00e1lkoz\u00e1sokat! &nbsp;<\/p>\n","protected":false},"author":3,"featured_media":0,"comment_status":"closed","ping_status":"closed","sticky":false,"template":"","format":"standard","meta":{"footnotes":""},"categories":[37],"tags":[],"class_list":["post-8852","post","type-post","status-publish","format-standard","hentry","category-progamelozetes"],"yoast_head":"<!-- This site is optimized with the Yoast SEO plugin v27.3 - https:\/\/yoast.com\/product\/yoast-seo-wordpress\/ -->\n<title>Programel\u0151zetes m\u00e1rcius 7-13 k\u00f6z\u00f6tt - Stuttgarti Katolikusok<\/title>\n<meta name=\"robots\" content=\"index, follow, max-snippet:-1, max-image-preview:large, max-video-preview:-1\" \/>\n<link rel=\"canonical\" href=\"https:\/\/stuttgarti-katolikusok.de\/index.php\/programelozetes-marcius-7-13-kozott\/\" \/>\n<meta property=\"og:locale\" content=\"hu_HU\" \/>\n<meta property=\"og:type\" content=\"article\" \/>\n<meta property=\"og:title\" content=\"Programel\u0151zetes m\u00e1rcius 7-13 k\u00f6z\u00f6tt - Stuttgarti Katolikusok\" \/>\n<meta property=\"og:description\" content=\"Programel\u0151zetes: M\u00e1rcius 10-\u00e9n, cs\u00fct\u00f6rt\u00f6k\u00f6n Ulmban kereszt\u00fat 17.15 \u00f3rakor, el\u0151tte gy\u00f3ntat\u00e1s, ut\u00e1na szentmise. Majd pedig Besz\u00e9lget\u00e9sek a Bibli\u00e1r\u00f3l. Mindenkit szeretettel v\u00e1r a k\u00f6z\u00f6ss\u00e9g \u00e9s Tibor atya! * M\u00e1rcius 11-\u00e9n, p\u00e9nteken, Stuttgartban a Bar\u00e1ts\u00e1gklub, a kereszt\u00fati \u00e1jtatoss\u00e1g valamint a szentmise ez\u00fattal elmaradnak. 19.00 \u00f3r\u00e1t\u00f3l viszont a Sportklub \u00e9s a K\u00f3rus tagjai tal\u00e1lkoznak.\u00a0 Minden sportbar\u00e1tot \u00e9s k\u00f3rustagot szeretettel v\u00e1runk! Weingartenben, a St. Marien-templomban 18.00 \u00f3r\u00e1t\u00f3l kereszt\u00fat, el\u0151tte gy\u00f3ntat\u00e1s, ut\u00e1na szentmise. Majd pedig Besz\u00e9lget\u00e9sek a Bibli\u00e1r\u00f3l. Mindenkit szeretettel v\u00e1r a k\u00f6z\u00f6ss\u00e9g \u00e9s Tibor atya! * M\u00e1rcius 12-\u00e9n, szombaton 17.00 \u00f3rakor Friedrichshafenben szentmise. Szentmise keret\u00e9ben a betegek szents\u00e9g\u00e9t szolg\u00e1ltatjuk ki. Ut\u00e1na \u00e1g\u00e1p\u00e9. Mindenkit szeretettel v\u00e1r a k\u00f6z\u00f6ss\u00e9g \u00e9s Tibor atya! * M\u00e1rcius 13-\u00e1n, vas\u00e1rnap, Weingartenben 10,00 \u00f3r\u00e1t\u00f3l szentmise. Szentmise keret\u00e9ben a betegek szents\u00e9g\u00e9t szolg\u00e1ltatjuk ki, majd \u00e1g\u00e1p\u00e9. Minden weingarteni \u00e9s Weingarten k\u00f6rny\u00e9ki H\u00edv\u00fcnket szeretettel v\u00e1r a k\u00f6z\u00f6ss\u00e9g \u00e9s Tibor atya! 15.00 \u00f3rakor Ulmban szentmise, azut\u00e1n \u00e1g\u00e1p\u00e9. Szentmise el\u0151tt gy\u00f3ntat\u00e1s, a szentmis\u00e9ben pedig a betegek szents\u00e9g\u00e9t szolg\u00e1ltatjuk ki. Mindenkit v\u00e1r a k\u00f6z\u00f6ss\u00e9g \u00e9s Imre atya! * Ugyanezen a napon tartjuk Stuttgartban Nemzeti \u00dcnnep\u00fcnket. Az \u00f6kumenikus istentisztelet 15.00 \u00f3rakor kezd\u0151dik a Bad Cannstatt-i Luther-templomban. Ig\u00e9t hirdet Tibor atya. Ut\u00e1na kult\u00farm\u0171sor. Mindenkit szeretettel v\u00e1runk! \u201eA sz\u00edvnek is megvannak a maga \u00e9rvei, csak az \u00e9sz nem mindig tudja fel\u00e9rni \u0151ket!\u201d (Blaise Pascal \u2013 1623-1662 &#8211; francia matematikus, fizikus, irodalm\u00e1r \u00e9s kereszt\u00e9ny filoz\u00f3fus) Bens\u0151s\u00e9ges nagyb\u00f6jti napokat, j\u00f3 munk\u00e1t, tartalmas besz\u00e9lget\u00e9seket \u00e9s kellemes tal\u00e1lkoz\u00e1sokat! &nbsp;\" \/>\n<meta property=\"og:url\" content=\"https:\/\/stuttgarti-katolikusok.de\/index.php\/programelozetes-marcius-7-13-kozott\/\" \/>\n<meta property=\"og:site_name\" content=\"Stuttgarti Katolikusok\" \/>\n<meta property=\"article:published_time\" content=\"2016-03-07T14:09:38+00:00\" \/>\n<meta property=\"article:modified_time\" content=\"2020-04-27T16:01:57+00:00\" \/>\n<meta name=\"author\" content=\"Tibor atya\" \/>\n<meta name=\"twitter:card\" content=\"summary_large_image\" \/>\n<meta name=\"twitter:label1\" content=\"Szerz\u0151:\" \/>\n\t<meta name=\"twitter:data1\" content=\"Tibor atya\" \/>\n\t<meta name=\"twitter:label2\" content=\"Becs\u00fclt olvas\u00e1si id\u0151\" \/>\n\t<meta name=\"twitter:data2\" content=\"2 perc\" \/>\n<script type=\"application\/ld+json\" class=\"yoast-schema-graph\">{\"@context\":\"https:\\\/\\\/schema.org\",\"@graph\":[{\"@type\":\"Article\",\"@id\":\"https:\\\/\\\/stuttgarti-katolikusok.de\\\/index.php\\\/programelozetes-marcius-7-13-kozott\\\/#article\",\"isPartOf\":{\"@id\":\"https:\\\/\\\/stuttgarti-katolikusok.de\\\/index.php\\\/programelozetes-marcius-7-13-kozott\\\/\"},\"author\":{\"name\":\"Tibor atya\",\"@id\":\"https:\\\/\\\/stuttgarti-katolikusok.de\\\/#\\\/schema\\\/person\\\/75908d6f8fdc03a57889d27209df7795\"},\"headline\":\"Programel\u0151zetes m\u00e1rcius 7-13 k\u00f6z\u00f6tt\",\"datePublished\":\"2016-03-07T14:09:38+00:00\",\"dateModified\":\"2020-04-27T16:01:57+00:00\",\"mainEntityOfPage\":{\"@id\":\"https:\\\/\\\/stuttgarti-katolikusok.de\\\/index.php\\\/programelozetes-marcius-7-13-kozott\\\/\"},\"wordCount\":333,\"articleSection\":[\"Progamel\u0151zetes\"],\"inLanguage\":\"hu\"},{\"@type\":\"WebPage\",\"@id\":\"https:\\\/\\\/stuttgarti-katolikusok.de\\\/index.php\\\/programelozetes-marcius-7-13-kozott\\\/\",\"url\":\"https:\\\/\\\/stuttgarti-katolikusok.de\\\/index.php\\\/programelozetes-marcius-7-13-kozott\\\/\",\"name\":\"Programel\u0151zetes m\u00e1rcius 7-13 k\u00f6z\u00f6tt - Stuttgarti Katolikusok\",\"isPartOf\":{\"@id\":\"https:\\\/\\\/stuttgarti-katolikusok.de\\\/#website\"},\"datePublished\":\"2016-03-07T14:09:38+00:00\",\"dateModified\":\"2020-04-27T16:01:57+00:00\",\"author\":{\"@id\":\"https:\\\/\\\/stuttgarti-katolikusok.de\\\/#\\\/schema\\\/person\\\/75908d6f8fdc03a57889d27209df7795\"},\"breadcrumb\":{\"@id\":\"https:\\\/\\\/stuttgarti-katolikusok.de\\\/index.php\\\/programelozetes-marcius-7-13-kozott\\\/#breadcrumb\"},\"inLanguage\":\"hu\",\"potentialAction\":[{\"@type\":\"ReadAction\",\"target\":[\"https:\\\/\\\/stuttgarti-katolikusok.de\\\/index.php\\\/programelozetes-marcius-7-13-kozott\\\/\"]}]},{\"@type\":\"BreadcrumbList\",\"@id\":\"https:\\\/\\\/stuttgarti-katolikusok.de\\\/index.php\\\/programelozetes-marcius-7-13-kozott\\\/#breadcrumb\",\"itemListElement\":[{\"@type\":\"ListItem\",\"position\":1,\"name\":\"Kezd\u0151lap\",\"item\":\"https:\\\/\\\/stuttgarti-katolikusok.de\\\/\"},{\"@type\":\"ListItem\",\"position\":2,\"name\":\"Programel\u0151zetes m\u00e1rcius 7-13 k\u00f6z\u00f6tt\"}]},{\"@type\":\"WebSite\",\"@id\":\"https:\\\/\\\/stuttgarti-katolikusok.de\\\/#website\",\"url\":\"https:\\\/\\\/stuttgarti-katolikusok.de\\\/\",\"name\":\"Stuttgarti Katolikusok\",\"description\":\"\",\"potentialAction\":[{\"@type\":\"SearchAction\",\"target\":{\"@type\":\"EntryPoint\",\"urlTemplate\":\"https:\\\/\\\/stuttgarti-katolikusok.de\\\/?s={search_term_string}\"},\"query-input\":{\"@type\":\"PropertyValueSpecification\",\"valueRequired\":true,\"valueName\":\"search_term_string\"}}],\"inLanguage\":\"hu\"},{\"@type\":\"Person\",\"@id\":\"https:\\\/\\\/stuttgarti-katolikusok.de\\\/#\\\/schema\\\/person\\\/75908d6f8fdc03a57889d27209df7795\",\"name\":\"Tibor atya\",\"image\":{\"@type\":\"ImageObject\",\"inLanguage\":\"hu\",\"@id\":\"https:\\\/\\\/secure.gravatar.com\\\/avatar\\\/61d268e57d1f4525b111222e29d2d5a7f8c420fdbf231ba5566a8ceac74fa960?s=96&d=mm&r=g\",\"url\":\"https:\\\/\\\/secure.gravatar.com\\\/avatar\\\/61d268e57d1f4525b111222e29d2d5a7f8c420fdbf231ba5566a8ceac74fa960?s=96&d=mm&r=g\",\"contentUrl\":\"https:\\\/\\\/secure.gravatar.com\\\/avatar\\\/61d268e57d1f4525b111222e29d2d5a7f8c420fdbf231ba5566a8ceac74fa960?s=96&d=mm&r=g\",\"caption\":\"Tibor atya\"},\"url\":\"https:\\\/\\\/stuttgarti-katolikusok.de\\\/index.php\\\/author\\\/tibor-atya\\\/\"}]}<\/script>\n<!-- \/ Yoast SEO plugin. -->","yoast_head_json":{"title":"Programel\u0151zetes m\u00e1rcius 7-13 k\u00f6z\u00f6tt - Stuttgarti Katolikusok","robots":{"index":"index","follow":"follow","max-snippet":"max-snippet:-1","max-image-preview":"max-image-preview:large","max-video-preview":"max-video-preview:-1"},"canonical":"https:\/\/stuttgarti-katolikusok.de\/index.php\/programelozetes-marcius-7-13-kozott\/","og_locale":"hu_HU","og_type":"article","og_title":"Programel\u0151zetes m\u00e1rcius 7-13 k\u00f6z\u00f6tt - Stuttgarti Katolikusok","og_description":"Programel\u0151zetes: M\u00e1rcius 10-\u00e9n, cs\u00fct\u00f6rt\u00f6k\u00f6n Ulmban kereszt\u00fat 17.15 \u00f3rakor, el\u0151tte gy\u00f3ntat\u00e1s, ut\u00e1na szentmise. Majd pedig Besz\u00e9lget\u00e9sek a Bibli\u00e1r\u00f3l. Mindenkit szeretettel v\u00e1r a k\u00f6z\u00f6ss\u00e9g \u00e9s Tibor atya! * M\u00e1rcius 11-\u00e9n, p\u00e9nteken, Stuttgartban a Bar\u00e1ts\u00e1gklub, a kereszt\u00fati \u00e1jtatoss\u00e1g valamint a szentmise ez\u00fattal elmaradnak. 19.00 \u00f3r\u00e1t\u00f3l viszont a Sportklub \u00e9s a K\u00f3rus tagjai tal\u00e1lkoznak.\u00a0 Minden sportbar\u00e1tot \u00e9s k\u00f3rustagot szeretettel v\u00e1runk! Weingartenben, a St. Marien-templomban 18.00 \u00f3r\u00e1t\u00f3l kereszt\u00fat, el\u0151tte gy\u00f3ntat\u00e1s, ut\u00e1na szentmise. Majd pedig Besz\u00e9lget\u00e9sek a Bibli\u00e1r\u00f3l. Mindenkit szeretettel v\u00e1r a k\u00f6z\u00f6ss\u00e9g \u00e9s Tibor atya! * M\u00e1rcius 12-\u00e9n, szombaton 17.00 \u00f3rakor Friedrichshafenben szentmise. Szentmise keret\u00e9ben a betegek szents\u00e9g\u00e9t szolg\u00e1ltatjuk ki. Ut\u00e1na \u00e1g\u00e1p\u00e9. Mindenkit szeretettel v\u00e1r a k\u00f6z\u00f6ss\u00e9g \u00e9s Tibor atya! * M\u00e1rcius 13-\u00e1n, vas\u00e1rnap, Weingartenben 10,00 \u00f3r\u00e1t\u00f3l szentmise. Szentmise keret\u00e9ben a betegek szents\u00e9g\u00e9t szolg\u00e1ltatjuk ki, majd \u00e1g\u00e1p\u00e9. Minden weingarteni \u00e9s Weingarten k\u00f6rny\u00e9ki H\u00edv\u00fcnket szeretettel v\u00e1r a k\u00f6z\u00f6ss\u00e9g \u00e9s Tibor atya! 15.00 \u00f3rakor Ulmban szentmise, azut\u00e1n \u00e1g\u00e1p\u00e9. Szentmise el\u0151tt gy\u00f3ntat\u00e1s, a szentmis\u00e9ben pedig a betegek szents\u00e9g\u00e9t szolg\u00e1ltatjuk ki. Mindenkit v\u00e1r a k\u00f6z\u00f6ss\u00e9g \u00e9s Imre atya! * Ugyanezen a napon tartjuk Stuttgartban Nemzeti \u00dcnnep\u00fcnket. Az \u00f6kumenikus istentisztelet 15.00 \u00f3rakor kezd\u0151dik a Bad Cannstatt-i Luther-templomban. Ig\u00e9t hirdet Tibor atya. Ut\u00e1na kult\u00farm\u0171sor. Mindenkit szeretettel v\u00e1runk! \u201eA sz\u00edvnek is megvannak a maga \u00e9rvei, csak az \u00e9sz nem mindig tudja fel\u00e9rni \u0151ket!\u201d (Blaise Pascal \u2013 1623-1662 &#8211; francia matematikus, fizikus, irodalm\u00e1r \u00e9s kereszt\u00e9ny filoz\u00f3fus) Bens\u0151s\u00e9ges nagyb\u00f6jti napokat, j\u00f3 munk\u00e1t, tartalmas besz\u00e9lget\u00e9seket \u00e9s kellemes tal\u00e1lkoz\u00e1sokat! &nbsp;","og_url":"https:\/\/stuttgarti-katolikusok.de\/index.php\/programelozetes-marcius-7-13-kozott\/","og_site_name":"Stuttgarti Katolikusok","article_published_time":"2016-03-07T14:09:38+00:00","article_modified_time":"2020-04-27T16:01:57+00:00","author":"Tibor atya","twitter_card":"summary_large_image","twitter_misc":{"Szerz\u0151:":"Tibor atya","Becs\u00fclt olvas\u00e1si id\u0151":"2 perc"},"schema":{"@context":"https:\/\/schema.org","@graph":[{"@type":"Article","@id":"https:\/\/stuttgarti-katolikusok.de\/index.php\/programelozetes-marcius-7-13-kozott\/#article","isPartOf":{"@id":"https:\/\/stuttgarti-katolikusok.de\/index.php\/programelozetes-marcius-7-13-kozott\/"},"author":{"name":"Tibor atya","@id":"https:\/\/stuttgarti-katolikusok.de\/#\/schema\/person\/75908d6f8fdc03a57889d27209df7795"},"headline":"Programel\u0151zetes m\u00e1rcius 7-13 k\u00f6z\u00f6tt","datePublished":"2016-03-07T14:09:38+00:00","dateModified":"2020-04-27T16:01:57+00:00","mainEntityOfPage":{"@id":"https:\/\/stuttgarti-katolikusok.de\/index.php\/programelozetes-marcius-7-13-kozott\/"},"wordCount":333,"articleSection":["Progamel\u0151zetes"],"inLanguage":"hu"},{"@type":"WebPage","@id":"https:\/\/stuttgarti-katolikusok.de\/index.php\/programelozetes-marcius-7-13-kozott\/","url":"https:\/\/stuttgarti-katolikusok.de\/index.php\/programelozetes-marcius-7-13-kozott\/","name":"Programel\u0151zetes m\u00e1rcius 7-13 k\u00f6z\u00f6tt - Stuttgarti Katolikusok","isPartOf":{"@id":"https:\/\/stuttgarti-katolikusok.de\/#website"},"datePublished":"2016-03-07T14:09:38+00:00","dateModified":"2020-04-27T16:01:57+00:00","author":{"@id":"https:\/\/stuttgarti-katolikusok.de\/#\/schema\/person\/75908d6f8fdc03a57889d27209df7795"},"breadcrumb":{"@id":"https:\/\/stuttgarti-katolikusok.de\/index.php\/programelozetes-marcius-7-13-kozott\/#breadcrumb"},"inLanguage":"hu","potentialAction":[{"@type":"ReadAction","target":["https:\/\/stuttgarti-katolikusok.de\/index.php\/programelozetes-marcius-7-13-kozott\/"]}]},{"@type":"BreadcrumbList","@id":"https:\/\/stuttgarti-katolikusok.de\/index.php\/programelozetes-marcius-7-13-kozott\/#breadcrumb","itemListElement":[{"@type":"ListItem","position":1,"name":"Kezd\u0151lap","item":"https:\/\/stuttgarti-katolikusok.de\/"},{"@type":"ListItem","position":2,"name":"Programel\u0151zetes m\u00e1rcius 7-13 k\u00f6z\u00f6tt"}]},{"@type":"WebSite","@id":"https:\/\/stuttgarti-katolikusok.de\/#website","url":"https:\/\/stuttgarti-katolikusok.de\/","name":"Stuttgarti Katolikusok","description":"","potentialAction":[{"@type":"SearchAction","target":{"@type":"EntryPoint","urlTemplate":"https:\/\/stuttgarti-katolikusok.de\/?s={search_term_string}"},"query-input":{"@type":"PropertyValueSpecification","valueRequired":true,"valueName":"search_term_string"}}],"inLanguage":"hu"},{"@type":"Person","@id":"https:\/\/stuttgarti-katolikusok.de\/#\/schema\/person\/75908d6f8fdc03a57889d27209df7795","name":"Tibor atya","image":{"@type":"ImageObject","inLanguage":"hu","@id":"https:\/\/secure.gravatar.com\/avatar\/61d268e57d1f4525b111222e29d2d5a7f8c420fdbf231ba5566a8ceac74fa960?s=96&d=mm&r=g","url":"https:\/\/secure.gravatar.com\/avatar\/61d268e57d1f4525b111222e29d2d5a7f8c420fdbf231ba5566a8ceac74fa960?s=96&d=mm&r=g","contentUrl":"https:\/\/secure.gravatar.com\/avatar\/61d268e57d1f4525b111222e29d2d5a7f8c420fdbf231ba5566a8ceac74fa960?s=96&d=mm&r=g","caption":"Tibor atya"},"url":"https:\/\/stuttgarti-katolikusok.de\/index.php\/author\/tibor-atya\/"}]}},"_links":{"self":[{"href":"https:\/\/stuttgarti-katolikusok.de\/index.php\/wp-json\/wp\/v2\/posts\/8852","targetHints":{"allow":["GET"]}}],"collection":[{"href":"https:\/\/stuttgarti-katolikusok.de\/index.php\/wp-json\/wp\/v2\/posts"}],"about":[{"href":"https:\/\/stuttgarti-katolikusok.de\/index.php\/wp-json\/wp\/v2\/types\/post"}],"author":[{"embeddable":true,"href":"https:\/\/stuttgarti-katolikusok.de\/index.php\/wp-json\/wp\/v2\/users\/3"}],"replies":[{"embeddable":true,"href":"https:\/\/stuttgarti-katolikusok.de\/index.php\/wp-json\/wp\/v2\/comments?post=8852"}],"version-history":[{"count":4,"href":"https:\/\/stuttgarti-katolikusok.de\/index.php\/wp-json\/wp\/v2\/posts\/8852\/revisions"}],"predecessor-version":[{"id":8882,"href":"https:\/\/stuttgarti-katolikusok.de\/index.php\/wp-json\/wp\/v2\/posts\/8852\/revisions\/8882"}],"wp:attachment":[{"href":"https:\/\/stuttgarti-katolikusok.de\/index.php\/wp-json\/wp\/v2\/media?parent=8852"}],"wp:term":[{"taxonomy":"category","embeddable":true,"href":"https:\/\/stuttgarti-katolikusok.de\/index.php\/wp-json\/wp\/v2\/categories?post=8852"},{"taxonomy":"post_tag","embeddable":true,"href":"https:\/\/stuttgarti-katolikusok.de\/index.php\/wp-json\/wp\/v2\/tags?post=8852"}],"curies":[{"name":"wp","href":"https:\/\/api.w.org\/{rel}","templated":true}]}}