{"id":8813,"date":"2016-03-01T07:35:17","date_gmt":"2016-03-01T07:35:17","guid":{"rendered":"https:\/\/gracious-dewdney.138-201-221-2.plesk.page\/?p=8813"},"modified":"2020-04-27T15:46:11","modified_gmt":"2020-04-27T15:46:11","slug":"valogatott-irasok-karinthy-frigyes-barabbas","status":"publish","type":"post","link":"https:\/\/stuttgarti-katolikusok.de\/index.php\/valogatott-irasok-karinthy-frigyes-barabbas\/","title":{"rendered":"V\u00e1logatott \u00edr\u00e1sok &#8211; Karinthy Frigyes: Barabb\u00e1s"},"content":{"rendered":"<p>Karinthy Frigyes: Barabb\u00e1s<br \/>\nA harmadik nap alkony\u00e1n pedig kil\u00e9pett a bolt keskeny kapuj\u00e1n, \u00e9s csendesen megindult az \u00faton. K\u00e9t oldalt f\u00fcst\u00f6l\u00f6gtek a romok. Lent a kisz\u00e1radt \u00e1rok fenek\u00e9n tal\u00e1lta az els\u0151t azok k\u00f6z\u00fcl, akik Pil\u00e1tus h\u00e1za el\u0151tt ki\u00e1ltozt\u00e1k Barabb\u00e1s nev\u00e9t. Elfeket\u00fclt nyelvvel von\u00edtott a v\u00f6r\u00f6s felh\u0151k fel\u00e9.<br \/>\nMeg\u00e1llt el\u0151tte, \u00e9s \u00edgy sz\u00f3lt:<br \/>\n\u2013 Itt vagyok!<br \/>\nAz pedig feln\u00e9zett r\u00e1, \u00e9s zokogni kezdett.<br \/>\n\u2013 Rabbi, rabbi! \u2013 zokogott.<br \/>\n\u00c9s a mester szel\u00edden folytatta.<br \/>\n\u2013 Ne s\u00edrj! \u00c1llj fel \u00e9s j\u00f6jj velem! Mert visszamegyek Jeruzs\u00e1lembe, Pil\u00e1tus h\u00e1za el\u00e9 \u00e9s \u00faj t\u00f6rv\u00e9nyt k\u00e9rek magamra \u00e9s re\u00e1tok, akik Barabb\u00e1st v\u00e1lasztott\u00e1tok, s akikkel ezt m\u00edvelte Barabb\u00e1s.<br \/>\nA nyomorult pedig felt\u00e1p\u00e1szkodott \u00e9s az \u0151 \u00f6lt\u00f6ny\u00e9t megragadta.<br \/>\n\u2013 Mester! \u2013 ki\u00e1ltott elfulladva \u00e9s k\u00f6nnyek k\u00f6z\u00f6tt \u2013 \u00f3 mester, j\u00f6v\u00f6k! Mondd meg, hogy mentsem meg magam! Mondd meg, mit tegyek! Mondd meg, mit mondjak!<br \/>\n\u2013 Semmit, mondta \u0151 szel\u00edden \u2013 csak azt, amit h\u00e1rom nap el\u0151tt kellett volna mondanod, mikor Pil\u00e1tus meg\u00e1llt a torn\u00e1con \u00e9s megk\u00e9rdezett titeket: \u201eKit engedjek el h\u00e1t k\u00f6z\u00fcl\u00fck, Barabb\u00e1st, a gyilkost, vagy a n\u00e1z\u00e1retit?\u201d<br \/>\n\u2013 \u00d3, \u00e9n bolond! \u2013 ki\u00e1ltott a nyomorult fej\u00e9t \u00f6kl\u00e9vel verve, \u2013 \u00f3, \u00e9n bolond, aki Barabb\u00e1st ki\u00e1ltottam! Barabb\u00e1st, aki ide juttatott!<br \/>\n\u2013 J\u00f3l van \u2013 folytatta szel\u00edden a mester \u2013 most j\u00f6jj h\u00e1t velem Pil\u00e1tus h\u00e1za el\u00e9, ne t\u00f6r\u0151dj semmivel, ne figyelj semmire, csak r\u00e1m, \u00e9s amikor \u00e9n intek neked, ki\u00e1ltsd eg\u00e9sz sz\u00edvedb\u0151l \u00e9s eg\u00e9sz t\u00fcd\u0151db\u0151l: \u201eA n\u00e1z\u00e1retit!\u201d; mintha azt ki\u00e1ltan\u00e1d: \u201eAz \u00e9letemet!\u201d<br \/>\nAz pedig k\u00f6vette \u0151t.<br \/>\n\u00c9s tal\u00e1lnak \u00fatk\u00f6zben egy m\u00e1sik nyavaly\u00e1st, akinek Barabb\u00e1s elvette h\u00e1z\u00e1t, feles\u00e9g\u00e9t, gyermek\u00e9t \u00e9s szemeit kisz\u00faratta.<br \/>\n\u00c9s \u0151 homlokon \u00e9rint\u00e9 csendesen kez\u00e9vel \u00e9s \u00edgy sz\u00f3lt:<br \/>\n\u2013 \u00c9n vagyok az. J\u00f6jj velem Jeruzs\u00e1lembe, \u00e9s amikor \u00e9n kezemmel \u00e9rintelek, ki\u00e1ltsad: \u201eA n\u00e1z\u00e1retit!\u201d; mintha azt ki\u00e1ltan\u00e1d: \u201eA h\u00e1zamat! A gyermekemet! A szemem vil\u00e1g\u00e1t!\u201d<br \/>\nAz pedig felzokogott \u00e9s k\u00f6vette \u0151t.<br \/>\n\u00c9s tal\u00e1ltak m\u00e9g m\u00e1sikat is, kinek l\u00e1bai \u00e9s kezei k\u00f6t\u00e9llel voltak \u00f6sszek\u00f6tve \u00e9s nyak\u00e1ra hurkolva, \u0151t mag\u00e1t pedig arccal lefel\u00e9 b\u0171zh\u00f6dt mocs\u00e1rba nyomta le Barabb\u00e1s, tetvek \u00e9s cs\u00fasz\u00f3m\u00e1sz\u00f3k k\u00f6z\u00e9.<br \/>\nOdament hozz\u00e1, \u00e9s megoldotta k\u00f6tel\u00e9keit, \u00e9s \u00edgy sz\u00f3lt:<br \/>\n\u2013 Ismerlek t\u00e9ged. Te k\u00f6lt\u0151 volt\u00e1l, aki a l\u00e9lek rajong\u00f3 rep\u00fcl\u00e9s\u00e9t hirdetted: J\u00f6jj velem, \u00e9s amikor intek, ki\u00e1ltsad: \u201eA n\u00e1z\u00e1retit!\u201d; mintha ezt ki\u00e1ltan\u00e1d: \u201eA szabads\u00e1got! A l\u00e9leknek \u00e9s a gondolatnak a szabads\u00e1g\u00e1t!\u201d Az pedig megcs\u00f3kolta az \u0151 saruj\u00e1t \u00e9s csak a szem\u00e9vel k\u00f6ny\u00f6rg\u00f6tt, mert a sz\u00e1ja m\u00e9g tele volt s\u00e1rral.<br \/>\n\u00c9s \u00edgy mentek tov\u00e1bb, \u00e9s egyre t\u00f6bb b\u00e9na \u00e9s s\u00e1nta \u00e9s nyomorult b\u00e9lpoklos csatlakozott hozz\u00e1juk, akiket Barabb\u00e1s t\u00f6nkretett. \u00c9s mindegyik k\u00fcl\u00f6n-k\u00fcl\u00f6n zokogva verte mell\u00e9t \u00e9s k\u00f6ny\u00f6rg\u00f6tt neki, hogy intsen majd, ha ki\u00e1ltani kell: \u201eA n\u00e1z\u00e1retit!\u201d; mintha azt ki\u00e1ltan\u00e1k: \u201eB\u00e9kess\u00e9g, b\u00e9kess\u00e9g! B\u00e9kess\u00e9g e f\u00f6ld\u00f6n!\u201d<br \/>\nEst\u00e9re pedig meg\u00e9rkeztek Jeruzs\u00e1lembe, Pil\u00e1tus h\u00e1za el\u00e9.<br \/>\nPil\u00e1tus a torn\u00e1con \u00fclt \u00e9s esteb\u00e9dj\u00e9t k\u00f6lt\u00f6tte Barabb\u00e1ssal, a gyilkossal. K\u00f6v\u00e9ren \u00e9s f\u00e9nyl\u0151 arccal \u00fcltek ott, neh\u00e9z borokat ittak, \u00e9s dr\u00e1ga \u00e9teleket ettek arany ed\u00e9nyek fenek\u00e9r\u0151l: skarl\u00e1tpiros pal\u00e1stjuk messze vil\u00e1g\u00edtott.<br \/>\nA n\u00e1z\u00e1reti pedig, \u00e9l\u00e9n a sokas\u00e1gnak, mely k\u00f6vette \u0151t, a torn\u00e1c el\u00e9 j\u00e1rult \u00e9s felemelv\u00e9n \u00e1tszegezett kezeit, szel\u00edden sz\u00f3lni kezdett:<br \/>\n\u2013 A p\u00e1szk\u00e1k \u00fcnnepe nem m\u00falt m\u00e9g el, Pil\u00e1tus! T\u00f6rv\u00e9ny \u00e9s szok\u00e1s, hogy h\u00fasv\u00e9tkor egyik\u00e9t az el\u00edt\u00e9lteknek elbocs\u00e1tod, \u00fagy, ahogy a n\u00e9p k\u00edv\u00e1nja. A n\u00e9p Barabb\u00e1st k\u00edv\u00e1nta, engem megfesz\u00edtettek \u2013 de vissza kellett t\u00e9rnem halottaimb\u00f3l, mert l\u00e1ttam, hogy a n\u00e9p nem tudta, mit cselekszik. E sokas\u00e1g m\u00f6g\u00f6ttem megismerte Barabb\u00e1st \u00e9s most \u00faj t\u00f6rv\u00e9nyt akar. K\u00e9rdezd meg \u0151ket \u00fajb\u00f3l, amint a t\u00f6rv\u00e9nyeinkben meg vagyon \u00edrva.<br \/>\nPil\u00e1tus pedig gondolkodott, azt\u00e1n v\u00e1llat vont, \u00e9s ki\u00e1llv\u00e1n a torn\u00e1c sz\u00e9l\u00e9re, csod\u00e1lkozva n\u00e9zett v\u00e9gig a sokas\u00e1gon \u00e9s sz\u00f3lt:<br \/>\n\u2013 H\u00e1t kit bocs\u00e1ssak el m\u00e1r most, Barabb\u00e1st, vagy a n\u00e1z\u00e1retit?<br \/>\n\u00c9s akkor \u0151 intett nekik.<br \/>\n\u00c9s ekkor z\u00fag\u00e1s t\u00e1madt, \u00e9s mint a mennyd\u00f6rg\u00e9s, zengett fel a sokas\u00e1g.<br \/>\n\u00c9s a sokas\u00e1g ezt ki\u00e1ltotta: \u201eBarabb\u00e1st!\u201d<br \/>\n\u00c9s r\u00e9m\u00fclten n\u00e9ztek egym\u00e1sra, mert k\u00fcl\u00f6n-k\u00fcl\u00f6n mindegyik ezt ki\u00e1ltotta: \u201eA n\u00e1z\u00e1retit!\u201d<br \/>\nA Mester pedig halov\u00e1ny lett \u00e9s megfordulv\u00e1n v\u00e9gign\u00e9zett rajtuk. \u00c9s k\u00fcl\u00f6n-k\u00fcl\u00f6n megismer\u00e9 mindegyiknek az \u0151 arc\u00e1t, de e sok arcb\u00f3l egyetlen arc lett az esti hom\u00e1lyban, \u00f3ri\u00e1si fej, mely ostob\u00e1n \u00e9s gonoszul \u00e9s szemtelen\u00fcl vigyorgott az \u0151 arc\u00e1ba, v\u00e9res szemei hunyorogtak \u00e9s sz\u00e1j\u00e1b\u00f3l b\u00fcd\u00f6s l\u00e9 sziv\u00e1rgott \u00e9s tork\u00e1b\u00f3l \u00fagy b\u00f6mb\u00f6lt rekedten: \u201eBarabb\u00e1st!\u201d; mintha azt h\u00f6r\u00f6gn\u00e9: \u201eHal\u00e1l! Hal\u00e1l! Hal\u00e1l!\u201d<br \/>\nPil\u00e1tus pedig zavartan les\u00fct\u00f6tte az \u0151 szemeit \u00e9s mond\u00e1 neki: \u201eTe l\u00e1tod\u2026\u201d<br \/>\n\u00d3 pedig b\u00f3lintott fej\u00e9vel \u00e9s csendesen felmenv\u00e9n a l\u00e9pcs\u0151n, kiny\u00fajtotta kezeit a h\u00f3h\u00e9r fel\u00e9, hogy k\u00f6t\u00f6zze meg.<br \/>\n1917. janu\u00e1r<\/p>\n","protected":false},"excerpt":{"rendered":"<p>Karinthy Frigyes: Barabb\u00e1s A harmadik nap alkony\u00e1n pedig kil\u00e9pett a bolt keskeny kapuj\u00e1n, \u00e9s csendesen megindult az \u00faton. K\u00e9t oldalt f\u00fcst\u00f6l\u00f6gtek a romok. Lent a kisz\u00e1radt \u00e1rok fenek\u00e9n tal\u00e1lta az els\u0151t azok k\u00f6z\u00fcl, akik Pil\u00e1tus h\u00e1za el\u0151tt ki\u00e1ltozt\u00e1k Barabb\u00e1s nev\u00e9t. Elfeket\u00fclt nyelvvel von\u00edtott a v\u00f6r\u00f6s felh\u0151k fel\u00e9. Meg\u00e1llt el\u0151tte, \u00e9s \u00edgy sz\u00f3lt: \u2013 Itt vagyok! Az pedig feln\u00e9zett r\u00e1, \u00e9s zokogni kezdett. \u2013 Rabbi, rabbi! \u2013 zokogott. \u00c9s a mester szel\u00edden folytatta. \u2013 Ne s\u00edrj! \u00c1llj fel \u00e9s j\u00f6jj velem! Mert visszamegyek Jeruzs\u00e1lembe, Pil\u00e1tus h\u00e1za el\u00e9 \u00e9s \u00faj t\u00f6rv\u00e9nyt k\u00e9rek magamra \u00e9s re\u00e1tok, akik Barabb\u00e1st v\u00e1lasztott\u00e1tok, s akikkel ezt m\u00edvelte Barabb\u00e1s. A nyomorult pedig felt\u00e1p\u00e1szkodott \u00e9s az \u0151 \u00f6lt\u00f6ny\u00e9t megragadta. \u2013 Mester! \u2013 ki\u00e1ltott elfulladva \u00e9s k\u00f6nnyek k\u00f6z\u00f6tt \u2013 \u00f3 mester, j\u00f6v\u00f6k! Mondd meg, hogy mentsem meg magam! Mondd meg, mit tegyek! Mondd meg, mit mondjak! \u2013 Semmit, mondta \u0151 szel\u00edden \u2013 csak azt, amit h\u00e1rom nap el\u0151tt kellett volna mondanod, mikor Pil\u00e1tus meg\u00e1llt a torn\u00e1con \u00e9s megk\u00e9rdezett titeket: \u201eKit engedjek el h\u00e1t k\u00f6z\u00fcl\u00fck, Barabb\u00e1st, a gyilkost, vagy a n\u00e1z\u00e1retit?\u201d \u2013 \u00d3, \u00e9n bolond! \u2013 ki\u00e1ltott a nyomorult fej\u00e9t \u00f6kl\u00e9vel verve, \u2013 \u00f3, \u00e9n bolond, aki Barabb\u00e1st ki\u00e1ltottam! Barabb\u00e1st, aki ide juttatott! \u2013 J\u00f3l van \u2013 folytatta szel\u00edden a mester \u2013 most j\u00f6jj h\u00e1t velem Pil\u00e1tus h\u00e1za el\u00e9, ne t\u00f6r\u0151dj semmivel, ne figyelj semmire, csak r\u00e1m, \u00e9s amikor \u00e9n intek neked, ki\u00e1ltsd eg\u00e9sz sz\u00edvedb\u0151l \u00e9s eg\u00e9sz t\u00fcd\u0151db\u0151l: \u201eA n\u00e1z\u00e1retit!\u201d; mintha azt ki\u00e1ltan\u00e1d: \u201eAz \u00e9letemet!\u201d Az pedig k\u00f6vette \u0151t. \u00c9s tal\u00e1lnak \u00fatk\u00f6zben egy m\u00e1sik nyavaly\u00e1st, akinek Barabb\u00e1s elvette h\u00e1z\u00e1t, feles\u00e9g\u00e9t, gyermek\u00e9t \u00e9s szemeit kisz\u00faratta. \u00c9s \u0151 homlokon \u00e9rint\u00e9 csendesen kez\u00e9vel \u00e9s \u00edgy sz\u00f3lt: \u2013 \u00c9n vagyok az. J\u00f6jj velem Jeruzs\u00e1lembe, \u00e9s amikor \u00e9n kezemmel \u00e9rintelek, ki\u00e1ltsad: \u201eA n\u00e1z\u00e1retit!\u201d; mintha azt ki\u00e1ltan\u00e1d: \u201eA h\u00e1zamat! A gyermekemet! A szemem vil\u00e1g\u00e1t!\u201d Az pedig felzokogott \u00e9s k\u00f6vette \u0151t. \u00c9s tal\u00e1ltak m\u00e9g m\u00e1sikat is, kinek l\u00e1bai&#8230; <\/p>\n<p><a class=\"readmore\" href=\"https:\/\/stuttgarti-katolikusok.de\/index.php\/valogatott-irasok-karinthy-frigyes-barabbas\/\">R\u00e9szletek<\/a><\/p>\n","protected":false},"author":3,"featured_media":0,"comment_status":"closed","ping_status":"closed","sticky":false,"template":"","format":"standard","meta":{"footnotes":""},"categories":[1],"tags":[],"class_list":["post-8813","post","type-post","status-publish","format-standard","hentry","category-valogatott"],"yoast_head":"<!-- This site is optimized with the Yoast SEO plugin v27.3 - https:\/\/yoast.com\/product\/yoast-seo-wordpress\/ -->\n<title>V\u00e1logatott \u00edr\u00e1sok - Karinthy Frigyes: Barabb\u00e1s - Stuttgarti Katolikusok<\/title>\n<meta name=\"robots\" content=\"index, follow, max-snippet:-1, max-image-preview:large, max-video-preview:-1\" \/>\n<link rel=\"canonical\" href=\"https:\/\/stuttgarti-katolikusok.de\/index.php\/valogatott-irasok-karinthy-frigyes-barabbas\/\" \/>\n<meta property=\"og:locale\" content=\"hu_HU\" \/>\n<meta property=\"og:type\" content=\"article\" \/>\n<meta property=\"og:title\" content=\"V\u00e1logatott \u00edr\u00e1sok - Karinthy Frigyes: Barabb\u00e1s - Stuttgarti Katolikusok\" \/>\n<meta property=\"og:description\" content=\"Karinthy Frigyes: Barabb\u00e1s A harmadik nap alkony\u00e1n pedig kil\u00e9pett a bolt keskeny kapuj\u00e1n, \u00e9s csendesen megindult az \u00faton. K\u00e9t oldalt f\u00fcst\u00f6l\u00f6gtek a romok. Lent a kisz\u00e1radt \u00e1rok fenek\u00e9n tal\u00e1lta az els\u0151t azok k\u00f6z\u00fcl, akik Pil\u00e1tus h\u00e1za el\u0151tt ki\u00e1ltozt\u00e1k Barabb\u00e1s nev\u00e9t. Elfeket\u00fclt nyelvvel von\u00edtott a v\u00f6r\u00f6s felh\u0151k fel\u00e9. Meg\u00e1llt el\u0151tte, \u00e9s \u00edgy sz\u00f3lt: \u2013 Itt vagyok! Az pedig feln\u00e9zett r\u00e1, \u00e9s zokogni kezdett. \u2013 Rabbi, rabbi! \u2013 zokogott. \u00c9s a mester szel\u00edden folytatta. \u2013 Ne s\u00edrj! \u00c1llj fel \u00e9s j\u00f6jj velem! Mert visszamegyek Jeruzs\u00e1lembe, Pil\u00e1tus h\u00e1za el\u00e9 \u00e9s \u00faj t\u00f6rv\u00e9nyt k\u00e9rek magamra \u00e9s re\u00e1tok, akik Barabb\u00e1st v\u00e1lasztott\u00e1tok, s akikkel ezt m\u00edvelte Barabb\u00e1s. A nyomorult pedig felt\u00e1p\u00e1szkodott \u00e9s az \u0151 \u00f6lt\u00f6ny\u00e9t megragadta. \u2013 Mester! \u2013 ki\u00e1ltott elfulladva \u00e9s k\u00f6nnyek k\u00f6z\u00f6tt \u2013 \u00f3 mester, j\u00f6v\u00f6k! Mondd meg, hogy mentsem meg magam! Mondd meg, mit tegyek! Mondd meg, mit mondjak! \u2013 Semmit, mondta \u0151 szel\u00edden \u2013 csak azt, amit h\u00e1rom nap el\u0151tt kellett volna mondanod, mikor Pil\u00e1tus meg\u00e1llt a torn\u00e1con \u00e9s megk\u00e9rdezett titeket: \u201eKit engedjek el h\u00e1t k\u00f6z\u00fcl\u00fck, Barabb\u00e1st, a gyilkost, vagy a n\u00e1z\u00e1retit?\u201d \u2013 \u00d3, \u00e9n bolond! \u2013 ki\u00e1ltott a nyomorult fej\u00e9t \u00f6kl\u00e9vel verve, \u2013 \u00f3, \u00e9n bolond, aki Barabb\u00e1st ki\u00e1ltottam! Barabb\u00e1st, aki ide juttatott! \u2013 J\u00f3l van \u2013 folytatta szel\u00edden a mester \u2013 most j\u00f6jj h\u00e1t velem Pil\u00e1tus h\u00e1za el\u00e9, ne t\u00f6r\u0151dj semmivel, ne figyelj semmire, csak r\u00e1m, \u00e9s amikor \u00e9n intek neked, ki\u00e1ltsd eg\u00e9sz sz\u00edvedb\u0151l \u00e9s eg\u00e9sz t\u00fcd\u0151db\u0151l: \u201eA n\u00e1z\u00e1retit!\u201d; mintha azt ki\u00e1ltan\u00e1d: \u201eAz \u00e9letemet!\u201d Az pedig k\u00f6vette \u0151t. \u00c9s tal\u00e1lnak \u00fatk\u00f6zben egy m\u00e1sik nyavaly\u00e1st, akinek Barabb\u00e1s elvette h\u00e1z\u00e1t, feles\u00e9g\u00e9t, gyermek\u00e9t \u00e9s szemeit kisz\u00faratta. \u00c9s \u0151 homlokon \u00e9rint\u00e9 csendesen kez\u00e9vel \u00e9s \u00edgy sz\u00f3lt: \u2013 \u00c9n vagyok az. J\u00f6jj velem Jeruzs\u00e1lembe, \u00e9s amikor \u00e9n kezemmel \u00e9rintelek, ki\u00e1ltsad: \u201eA n\u00e1z\u00e1retit!\u201d; mintha azt ki\u00e1ltan\u00e1d: \u201eA h\u00e1zamat! A gyermekemet! A szemem vil\u00e1g\u00e1t!\u201d Az pedig felzokogott \u00e9s k\u00f6vette \u0151t. \u00c9s tal\u00e1ltak m\u00e9g m\u00e1sikat is, kinek l\u00e1bai... R\u00e9szletek\" \/>\n<meta property=\"og:url\" content=\"https:\/\/stuttgarti-katolikusok.de\/index.php\/valogatott-irasok-karinthy-frigyes-barabbas\/\" \/>\n<meta property=\"og:site_name\" content=\"Stuttgarti Katolikusok\" \/>\n<meta property=\"article:published_time\" content=\"2016-03-01T07:35:17+00:00\" \/>\n<meta property=\"article:modified_time\" content=\"2020-04-27T15:46:11+00:00\" \/>\n<meta name=\"author\" content=\"Tibor atya\" \/>\n<meta name=\"twitter:card\" content=\"summary_large_image\" \/>\n<meta name=\"twitter:label1\" content=\"Szerz\u0151:\" \/>\n\t<meta name=\"twitter:data1\" content=\"Tibor atya\" \/>\n\t<meta name=\"twitter:label2\" content=\"Becs\u00fclt olvas\u00e1si id\u0151\" \/>\n\t<meta name=\"twitter:data2\" content=\"5 perc\" \/>\n<script type=\"application\/ld+json\" class=\"yoast-schema-graph\">{\"@context\":\"https:\\\/\\\/schema.org\",\"@graph\":[{\"@type\":\"Article\",\"@id\":\"https:\\\/\\\/stuttgarti-katolikusok.de\\\/index.php\\\/valogatott-irasok-karinthy-frigyes-barabbas\\\/#article\",\"isPartOf\":{\"@id\":\"https:\\\/\\\/stuttgarti-katolikusok.de\\\/index.php\\\/valogatott-irasok-karinthy-frigyes-barabbas\\\/\"},\"author\":{\"name\":\"Tibor atya\",\"@id\":\"https:\\\/\\\/stuttgarti-katolikusok.de\\\/#\\\/schema\\\/person\\\/75908d6f8fdc03a57889d27209df7795\"},\"headline\":\"V\u00e1logatott \u00edr\u00e1sok &#8211; Karinthy Frigyes: Barabb\u00e1s\",\"datePublished\":\"2016-03-01T07:35:17+00:00\",\"dateModified\":\"2020-04-27T15:46:11+00:00\",\"mainEntityOfPage\":{\"@id\":\"https:\\\/\\\/stuttgarti-katolikusok.de\\\/index.php\\\/valogatott-irasok-karinthy-frigyes-barabbas\\\/\"},\"wordCount\":1025,\"articleSection\":[\"V\u00e1logatott \u00edr\u00e1sok\"],\"inLanguage\":\"hu\"},{\"@type\":\"WebPage\",\"@id\":\"https:\\\/\\\/stuttgarti-katolikusok.de\\\/index.php\\\/valogatott-irasok-karinthy-frigyes-barabbas\\\/\",\"url\":\"https:\\\/\\\/stuttgarti-katolikusok.de\\\/index.php\\\/valogatott-irasok-karinthy-frigyes-barabbas\\\/\",\"name\":\"V\u00e1logatott \u00edr\u00e1sok - Karinthy Frigyes: Barabb\u00e1s - Stuttgarti Katolikusok\",\"isPartOf\":{\"@id\":\"https:\\\/\\\/stuttgarti-katolikusok.de\\\/#website\"},\"datePublished\":\"2016-03-01T07:35:17+00:00\",\"dateModified\":\"2020-04-27T15:46:11+00:00\",\"author\":{\"@id\":\"https:\\\/\\\/stuttgarti-katolikusok.de\\\/#\\\/schema\\\/person\\\/75908d6f8fdc03a57889d27209df7795\"},\"breadcrumb\":{\"@id\":\"https:\\\/\\\/stuttgarti-katolikusok.de\\\/index.php\\\/valogatott-irasok-karinthy-frigyes-barabbas\\\/#breadcrumb\"},\"inLanguage\":\"hu\",\"potentialAction\":[{\"@type\":\"ReadAction\",\"target\":[\"https:\\\/\\\/stuttgarti-katolikusok.de\\\/index.php\\\/valogatott-irasok-karinthy-frigyes-barabbas\\\/\"]}]},{\"@type\":\"BreadcrumbList\",\"@id\":\"https:\\\/\\\/stuttgarti-katolikusok.de\\\/index.php\\\/valogatott-irasok-karinthy-frigyes-barabbas\\\/#breadcrumb\",\"itemListElement\":[{\"@type\":\"ListItem\",\"position\":1,\"name\":\"Kezd\u0151lap\",\"item\":\"https:\\\/\\\/stuttgarti-katolikusok.de\\\/\"},{\"@type\":\"ListItem\",\"position\":2,\"name\":\"V\u00e1logatott \u00edr\u00e1sok &#8211; Karinthy Frigyes: Barabb\u00e1s\"}]},{\"@type\":\"WebSite\",\"@id\":\"https:\\\/\\\/stuttgarti-katolikusok.de\\\/#website\",\"url\":\"https:\\\/\\\/stuttgarti-katolikusok.de\\\/\",\"name\":\"Stuttgarti Katolikusok\",\"description\":\"\",\"potentialAction\":[{\"@type\":\"SearchAction\",\"target\":{\"@type\":\"EntryPoint\",\"urlTemplate\":\"https:\\\/\\\/stuttgarti-katolikusok.de\\\/?s={search_term_string}\"},\"query-input\":{\"@type\":\"PropertyValueSpecification\",\"valueRequired\":true,\"valueName\":\"search_term_string\"}}],\"inLanguage\":\"hu\"},{\"@type\":\"Person\",\"@id\":\"https:\\\/\\\/stuttgarti-katolikusok.de\\\/#\\\/schema\\\/person\\\/75908d6f8fdc03a57889d27209df7795\",\"name\":\"Tibor atya\",\"image\":{\"@type\":\"ImageObject\",\"inLanguage\":\"hu\",\"@id\":\"https:\\\/\\\/secure.gravatar.com\\\/avatar\\\/61d268e57d1f4525b111222e29d2d5a7f8c420fdbf231ba5566a8ceac74fa960?s=96&d=mm&r=g\",\"url\":\"https:\\\/\\\/secure.gravatar.com\\\/avatar\\\/61d268e57d1f4525b111222e29d2d5a7f8c420fdbf231ba5566a8ceac74fa960?s=96&d=mm&r=g\",\"contentUrl\":\"https:\\\/\\\/secure.gravatar.com\\\/avatar\\\/61d268e57d1f4525b111222e29d2d5a7f8c420fdbf231ba5566a8ceac74fa960?s=96&d=mm&r=g\",\"caption\":\"Tibor atya\"},\"url\":\"https:\\\/\\\/stuttgarti-katolikusok.de\\\/index.php\\\/author\\\/tibor-atya\\\/\"}]}<\/script>\n<!-- \/ Yoast SEO plugin. -->","yoast_head_json":{"title":"V\u00e1logatott \u00edr\u00e1sok - Karinthy Frigyes: Barabb\u00e1s - Stuttgarti Katolikusok","robots":{"index":"index","follow":"follow","max-snippet":"max-snippet:-1","max-image-preview":"max-image-preview:large","max-video-preview":"max-video-preview:-1"},"canonical":"https:\/\/stuttgarti-katolikusok.de\/index.php\/valogatott-irasok-karinthy-frigyes-barabbas\/","og_locale":"hu_HU","og_type":"article","og_title":"V\u00e1logatott \u00edr\u00e1sok - Karinthy Frigyes: Barabb\u00e1s - Stuttgarti Katolikusok","og_description":"Karinthy Frigyes: Barabb\u00e1s A harmadik nap alkony\u00e1n pedig kil\u00e9pett a bolt keskeny kapuj\u00e1n, \u00e9s csendesen megindult az \u00faton. K\u00e9t oldalt f\u00fcst\u00f6l\u00f6gtek a romok. Lent a kisz\u00e1radt \u00e1rok fenek\u00e9n tal\u00e1lta az els\u0151t azok k\u00f6z\u00fcl, akik Pil\u00e1tus h\u00e1za el\u0151tt ki\u00e1ltozt\u00e1k Barabb\u00e1s nev\u00e9t. Elfeket\u00fclt nyelvvel von\u00edtott a v\u00f6r\u00f6s felh\u0151k fel\u00e9. Meg\u00e1llt el\u0151tte, \u00e9s \u00edgy sz\u00f3lt: \u2013 Itt vagyok! Az pedig feln\u00e9zett r\u00e1, \u00e9s zokogni kezdett. \u2013 Rabbi, rabbi! \u2013 zokogott. \u00c9s a mester szel\u00edden folytatta. \u2013 Ne s\u00edrj! \u00c1llj fel \u00e9s j\u00f6jj velem! Mert visszamegyek Jeruzs\u00e1lembe, Pil\u00e1tus h\u00e1za el\u00e9 \u00e9s \u00faj t\u00f6rv\u00e9nyt k\u00e9rek magamra \u00e9s re\u00e1tok, akik Barabb\u00e1st v\u00e1lasztott\u00e1tok, s akikkel ezt m\u00edvelte Barabb\u00e1s. A nyomorult pedig felt\u00e1p\u00e1szkodott \u00e9s az \u0151 \u00f6lt\u00f6ny\u00e9t megragadta. \u2013 Mester! \u2013 ki\u00e1ltott elfulladva \u00e9s k\u00f6nnyek k\u00f6z\u00f6tt \u2013 \u00f3 mester, j\u00f6v\u00f6k! Mondd meg, hogy mentsem meg magam! Mondd meg, mit tegyek! Mondd meg, mit mondjak! \u2013 Semmit, mondta \u0151 szel\u00edden \u2013 csak azt, amit h\u00e1rom nap el\u0151tt kellett volna mondanod, mikor Pil\u00e1tus meg\u00e1llt a torn\u00e1con \u00e9s megk\u00e9rdezett titeket: \u201eKit engedjek el h\u00e1t k\u00f6z\u00fcl\u00fck, Barabb\u00e1st, a gyilkost, vagy a n\u00e1z\u00e1retit?\u201d \u2013 \u00d3, \u00e9n bolond! \u2013 ki\u00e1ltott a nyomorult fej\u00e9t \u00f6kl\u00e9vel verve, \u2013 \u00f3, \u00e9n bolond, aki Barabb\u00e1st ki\u00e1ltottam! Barabb\u00e1st, aki ide juttatott! \u2013 J\u00f3l van \u2013 folytatta szel\u00edden a mester \u2013 most j\u00f6jj h\u00e1t velem Pil\u00e1tus h\u00e1za el\u00e9, ne t\u00f6r\u0151dj semmivel, ne figyelj semmire, csak r\u00e1m, \u00e9s amikor \u00e9n intek neked, ki\u00e1ltsd eg\u00e9sz sz\u00edvedb\u0151l \u00e9s eg\u00e9sz t\u00fcd\u0151db\u0151l: \u201eA n\u00e1z\u00e1retit!\u201d; mintha azt ki\u00e1ltan\u00e1d: \u201eAz \u00e9letemet!\u201d Az pedig k\u00f6vette \u0151t. \u00c9s tal\u00e1lnak \u00fatk\u00f6zben egy m\u00e1sik nyavaly\u00e1st, akinek Barabb\u00e1s elvette h\u00e1z\u00e1t, feles\u00e9g\u00e9t, gyermek\u00e9t \u00e9s szemeit kisz\u00faratta. \u00c9s \u0151 homlokon \u00e9rint\u00e9 csendesen kez\u00e9vel \u00e9s \u00edgy sz\u00f3lt: \u2013 \u00c9n vagyok az. J\u00f6jj velem Jeruzs\u00e1lembe, \u00e9s amikor \u00e9n kezemmel \u00e9rintelek, ki\u00e1ltsad: \u201eA n\u00e1z\u00e1retit!\u201d; mintha azt ki\u00e1ltan\u00e1d: \u201eA h\u00e1zamat! A gyermekemet! A szemem vil\u00e1g\u00e1t!\u201d Az pedig felzokogott \u00e9s k\u00f6vette \u0151t. \u00c9s tal\u00e1ltak m\u00e9g m\u00e1sikat is, kinek l\u00e1bai... R\u00e9szletek","og_url":"https:\/\/stuttgarti-katolikusok.de\/index.php\/valogatott-irasok-karinthy-frigyes-barabbas\/","og_site_name":"Stuttgarti Katolikusok","article_published_time":"2016-03-01T07:35:17+00:00","article_modified_time":"2020-04-27T15:46:11+00:00","author":"Tibor atya","twitter_card":"summary_large_image","twitter_misc":{"Szerz\u0151:":"Tibor atya","Becs\u00fclt olvas\u00e1si id\u0151":"5 perc"},"schema":{"@context":"https:\/\/schema.org","@graph":[{"@type":"Article","@id":"https:\/\/stuttgarti-katolikusok.de\/index.php\/valogatott-irasok-karinthy-frigyes-barabbas\/#article","isPartOf":{"@id":"https:\/\/stuttgarti-katolikusok.de\/index.php\/valogatott-irasok-karinthy-frigyes-barabbas\/"},"author":{"name":"Tibor atya","@id":"https:\/\/stuttgarti-katolikusok.de\/#\/schema\/person\/75908d6f8fdc03a57889d27209df7795"},"headline":"V\u00e1logatott \u00edr\u00e1sok &#8211; Karinthy Frigyes: Barabb\u00e1s","datePublished":"2016-03-01T07:35:17+00:00","dateModified":"2020-04-27T15:46:11+00:00","mainEntityOfPage":{"@id":"https:\/\/stuttgarti-katolikusok.de\/index.php\/valogatott-irasok-karinthy-frigyes-barabbas\/"},"wordCount":1025,"articleSection":["V\u00e1logatott \u00edr\u00e1sok"],"inLanguage":"hu"},{"@type":"WebPage","@id":"https:\/\/stuttgarti-katolikusok.de\/index.php\/valogatott-irasok-karinthy-frigyes-barabbas\/","url":"https:\/\/stuttgarti-katolikusok.de\/index.php\/valogatott-irasok-karinthy-frigyes-barabbas\/","name":"V\u00e1logatott \u00edr\u00e1sok - Karinthy Frigyes: Barabb\u00e1s - Stuttgarti Katolikusok","isPartOf":{"@id":"https:\/\/stuttgarti-katolikusok.de\/#website"},"datePublished":"2016-03-01T07:35:17+00:00","dateModified":"2020-04-27T15:46:11+00:00","author":{"@id":"https:\/\/stuttgarti-katolikusok.de\/#\/schema\/person\/75908d6f8fdc03a57889d27209df7795"},"breadcrumb":{"@id":"https:\/\/stuttgarti-katolikusok.de\/index.php\/valogatott-irasok-karinthy-frigyes-barabbas\/#breadcrumb"},"inLanguage":"hu","potentialAction":[{"@type":"ReadAction","target":["https:\/\/stuttgarti-katolikusok.de\/index.php\/valogatott-irasok-karinthy-frigyes-barabbas\/"]}]},{"@type":"BreadcrumbList","@id":"https:\/\/stuttgarti-katolikusok.de\/index.php\/valogatott-irasok-karinthy-frigyes-barabbas\/#breadcrumb","itemListElement":[{"@type":"ListItem","position":1,"name":"Kezd\u0151lap","item":"https:\/\/stuttgarti-katolikusok.de\/"},{"@type":"ListItem","position":2,"name":"V\u00e1logatott \u00edr\u00e1sok &#8211; Karinthy Frigyes: Barabb\u00e1s"}]},{"@type":"WebSite","@id":"https:\/\/stuttgarti-katolikusok.de\/#website","url":"https:\/\/stuttgarti-katolikusok.de\/","name":"Stuttgarti Katolikusok","description":"","potentialAction":[{"@type":"SearchAction","target":{"@type":"EntryPoint","urlTemplate":"https:\/\/stuttgarti-katolikusok.de\/?s={search_term_string}"},"query-input":{"@type":"PropertyValueSpecification","valueRequired":true,"valueName":"search_term_string"}}],"inLanguage":"hu"},{"@type":"Person","@id":"https:\/\/stuttgarti-katolikusok.de\/#\/schema\/person\/75908d6f8fdc03a57889d27209df7795","name":"Tibor atya","image":{"@type":"ImageObject","inLanguage":"hu","@id":"https:\/\/secure.gravatar.com\/avatar\/61d268e57d1f4525b111222e29d2d5a7f8c420fdbf231ba5566a8ceac74fa960?s=96&d=mm&r=g","url":"https:\/\/secure.gravatar.com\/avatar\/61d268e57d1f4525b111222e29d2d5a7f8c420fdbf231ba5566a8ceac74fa960?s=96&d=mm&r=g","contentUrl":"https:\/\/secure.gravatar.com\/avatar\/61d268e57d1f4525b111222e29d2d5a7f8c420fdbf231ba5566a8ceac74fa960?s=96&d=mm&r=g","caption":"Tibor atya"},"url":"https:\/\/stuttgarti-katolikusok.de\/index.php\/author\/tibor-atya\/"}]}},"_links":{"self":[{"href":"https:\/\/stuttgarti-katolikusok.de\/index.php\/wp-json\/wp\/v2\/posts\/8813","targetHints":{"allow":["GET"]}}],"collection":[{"href":"https:\/\/stuttgarti-katolikusok.de\/index.php\/wp-json\/wp\/v2\/posts"}],"about":[{"href":"https:\/\/stuttgarti-katolikusok.de\/index.php\/wp-json\/wp\/v2\/types\/post"}],"author":[{"embeddable":true,"href":"https:\/\/stuttgarti-katolikusok.de\/index.php\/wp-json\/wp\/v2\/users\/3"}],"replies":[{"embeddable":true,"href":"https:\/\/stuttgarti-katolikusok.de\/index.php\/wp-json\/wp\/v2\/comments?post=8813"}],"version-history":[{"count":1,"href":"https:\/\/stuttgarti-katolikusok.de\/index.php\/wp-json\/wp\/v2\/posts\/8813\/revisions"}],"predecessor-version":[{"id":8815,"href":"https:\/\/stuttgarti-katolikusok.de\/index.php\/wp-json\/wp\/v2\/posts\/8813\/revisions\/8815"}],"wp:attachment":[{"href":"https:\/\/stuttgarti-katolikusok.de\/index.php\/wp-json\/wp\/v2\/media?parent=8813"}],"wp:term":[{"taxonomy":"category","embeddable":true,"href":"https:\/\/stuttgarti-katolikusok.de\/index.php\/wp-json\/wp\/v2\/categories?post=8813"},{"taxonomy":"post_tag","embeddable":true,"href":"https:\/\/stuttgarti-katolikusok.de\/index.php\/wp-json\/wp\/v2\/tags?post=8813"}],"curies":[{"name":"wp","href":"https:\/\/api.w.org\/{rel}","templated":true}]}}