{"id":8787,"date":"2016-02-23T06:29:09","date_gmt":"2016-02-23T06:29:09","guid":{"rendered":"https:\/\/gracious-dewdney.138-201-221-2.plesk.page\/?p=8787"},"modified":"2020-04-27T16:01:22","modified_gmt":"2020-04-27T16:01:22","slug":"programelozetes-februar-22-28-a-kozott","status":"publish","type":"post","link":"https:\/\/stuttgarti-katolikusok.de\/index.php\/programelozetes-februar-22-28-a-kozott\/","title":{"rendered":"Programel\u0151zetes febru\u00e1r 22-28-a k\u00f6z\u00f6tt"},"content":{"rendered":"<p>Programel\u0151zetes<\/p>\n<p>Febru\u00e1r 25-\u00e9n, cs\u00fct\u00f6rt\u00f6k\u00f6n, 17.30 \u00f3rakor Ulmban szentmise. El\u0151tte gy\u00f3n\u00e1si lehet\u0151s\u00e9g, ut\u00e1na Besz\u00e9lget\u00e9sek a Bibli\u00e1r\u00f3l &#8211; Teremt\u00e9s k\u00f6nyve. Mindenkit szeretettel v\u00e1r Tibor atya!<\/p>\n<p>*<br \/>\nFebru\u00e1r 26-\u00e1n, p\u00e9nteken, 15.30 \u00f3rakor, Stuttgartban Bar\u00e1ts\u00e1gklub. Minden id\u0151sebb, kellemes \u00e9s kereszt\u00e9ny t\u00e1rsas\u00e1gra v\u00e1gy\u00f3t szeretettel l\u00e1t a vezet\u0151s\u00e9g \u00e9s a tags\u00e1g!<\/p>\n<p>17.45 \u00f3r\u00e1t\u00f3l kereszt\u00fat, ut\u00e1na szentmise. Keret\u00e9ben a Stuttgarti Csendes Napok bevezet\u0151 elm\u00e9lked\u00e9se. Tartja: Ft. P\u00e9k S\u00e1ndor, v\u00e1rad-\u00fajv\u00e1rosi pl\u00e9b\u00e1nos. Mindenkit szeretettel v\u00e1runk!<\/p>\n<p>Ugyancsak p\u00e9nteken 18.00 \u00f3rakor Weingartenben a St.-Marien-templomban szentmise. El\u0151tte gy\u00f3ntat\u00e1s, ut\u00e1na kereszt\u00fat. Mindenkit szeretettel v\u00e1r Tibor atya!<\/p>\n<p>*<br \/>\nFebru\u00e1r 27-\u00e9n, szombaton, Stuttgarti Csendes Napok. Programj\u00e1t l. al\u00e1bb!<\/p>\n<p>Febru\u00e1r 27-\u00e9n, szombaton, 15.30 \u00f3rakor Heidenheimban szentmise. El\u0151tte gy\u00f3n\u00e1si lehet\u0151s\u00e9g, ut\u00e1na \u00e1g\u00e1p\u00e9. Mindenkit szeretettel v\u00e1r Tibor atya!<\/p>\n<p>Ugyancsak febru\u00e1r 27-\u00e9n, 16.30 \u00f3rakor Reutlingenben szentmise. El\u0151tte gy\u00f3n\u00e1si lehet\u0151s\u00e9g, ut\u00e1na \u00e1g\u00e1p\u00e9. Mindenkit szeretettel v\u00e1r S\u00e1ndor atya \u00e9s Imre atya!<\/p>\n<p>*<br \/>\nFebru\u00e1r 20-\u00e1n, vas\u00e1rnap, Biberachban szentmise, majd ut\u00e1na \u00e1g\u00e1p\u00e9. El\u0151tte gy\u00f3ntat\u00e1si lehet\u0151s\u00e9g. Mindenkit szeretettel v\u00e1r a k\u00f6z\u00f6ss\u00e9g \u00e9s Tibor atya.<\/p>\n<p>9.30 \u00f3rakor B\u00f6blingenben szentmise, keret\u00e9ben a Stuttgarti Csendes Napok befejez\u0151 elm\u00e9lked\u00e9se. El\u0151tte gy\u00f3n\u00e1si lehet\u0151s\u00e9g, ut\u00e1na \u00e1g\u00e1p\u00e9. Mindenkit szeretettel v\u00e1r S\u00e1ndor atya \u00e9s Imre atya!<\/p>\n<p>15.00 \u00f3rakor Eislingenben szentmise. El\u0151tte gy\u00f3n\u00e1si lehet\u0151s\u00e9g, ut\u00e1na \u00e1g\u00e1p\u00e9. Mindenkit szeretettel v\u00e1r a k\u00f6z\u00f6ss\u00e9g \u00e9s Tibor atya.<\/p>\n<p>15.30 \u00f3rakor Heilbronnban szentmise, keret\u00e9ben a Stuttgarti Csendes Napok befejez\u0151 elm\u00e9lked\u00e9se. El\u0151tte gy\u00f3n\u00e1si lehet\u0151s\u00e9g, ut\u00e1na \u00e1g\u00e1p\u00e9. Mindenkit szeretettel v\u00e1r S\u00e1ndor atya \u00e9s Imre atya!<\/p>\n<p>*<\/p>\n<p>\u201eAj\u00e1nd\u00e9kozni J\u00e9zus \u00e9rtelmez\u00e9se szerint azt jelenti, hogy az ember azt adja oda a m\u00e1siknak, amit legsz\u00edvesebben megtartana mag\u00e1nak!\u201d (Selma Lagerl\u00f6f \u2013 1858-1940 \u2013 sv\u00e9d \u00edr\u00f3n\u0151)<\/p>\n<p>Bens\u0151s\u00e9ges nagyb\u00f6jti napokat, j\u00f3 munk\u00e1t, tartalmas besz\u00e9lget\u00e9seket \u00e9s kellemes tal\u00e1lkoz\u00e1sokat k\u00edv\u00e1nunk minden Kedves H\u00edv\u00fcnknek!<br \/>\nLELKIGYAKORLATOS PROGRAM<br \/>\n2016. febru\u00e1r 26-28<\/p>\n<p>FT. P\u00c9K S\u00c1NDOR V\u00c1RAD-\u00daJV\u00c1ROSI PL\u00c9B\u00c1NOS<br \/>\nAz irgalmass\u00e1g arcai<\/p>\n<p>P \u00c9 N T E K<br \/>\n18.00 szentmise \u00e9s bevezet\u0151 elm\u00e9lked\u00e9s: Az irgalmas Atya<br \/>\n(ut\u00e1na gy\u00f3ntat\u00e1s)<\/p>\n<p>S Z O M B A T<br \/>\n9.00 Gy\u00fclekez\u0151 \u00e9s k\u00f6z\u00f6s reggeli<br \/>\n10.00 I. elm\u00e9lked\u00e9s: Az irgalmas Krisztus (ut\u00e1na gy\u00f3ntat\u00e1s)<br \/>\n11.00 II. elm\u00e9lked\u00e9s: Az irgalmas L\u00e9lek (ut\u00e1na gy\u00f3ntat\u00e1s)<\/p>\n<p>12.00 K\u00d6Z\u00d6S EB\u00c9D<\/p>\n<p>13.00 Kereszt\u00fati \u00e1jtatoss\u00e1g (alatta gy\u00f3ntat\u00e1s)<br \/>\n14.00 III. elm\u00e9lked\u00e9s: Az irgalmas &#8222;\u00e9n&#8221;<br \/>\n15.00 IV. elm\u00e9lked\u00e9s: szentmise keret\u00e9ben Irgalmass\u00e1g \u00e9s \u00f6r\u00f6m<\/p>\n<p>V A S \u00c1 R N A P<br \/>\n9.30 B\u00f6blingen szentmise \u00e9s z\u00e1r\u00f3elm\u00e9lked\u00e9s: Irgalmass\u00e1g \u00e9s \u00f6r\u00f6m<br \/>\n15.30 Heilbronn szentmise \u00e9s z\u00e1r\u00f3elm\u00e9lked\u00e9s: Irgalmass\u00e1g \u00e9s \u00f6r\u00f6m<\/p>\n","protected":false},"excerpt":{"rendered":"<p>Programel\u0151zetes Febru\u00e1r 25-\u00e9n, cs\u00fct\u00f6rt\u00f6k\u00f6n, 17.30 \u00f3rakor Ulmban szentmise. El\u0151tte gy\u00f3n\u00e1si lehet\u0151s\u00e9g, ut\u00e1na Besz\u00e9lget\u00e9sek a Bibli\u00e1r\u00f3l &#8211; Teremt\u00e9s k\u00f6nyve. Mindenkit szeretettel v\u00e1r Tibor atya! * Febru\u00e1r 26-\u00e1n, p\u00e9nteken, 15.30 \u00f3rakor, Stuttgartban Bar\u00e1ts\u00e1gklub. Minden id\u0151sebb, kellemes \u00e9s kereszt\u00e9ny t\u00e1rsas\u00e1gra v\u00e1gy\u00f3t szeretettel l\u00e1t a vezet\u0151s\u00e9g \u00e9s a tags\u00e1g! 17.45 \u00f3r\u00e1t\u00f3l kereszt\u00fat, ut\u00e1na szentmise. Keret\u00e9ben a Stuttgarti Csendes Napok bevezet\u0151 elm\u00e9lked\u00e9se. Tartja: Ft. P\u00e9k S\u00e1ndor, v\u00e1rad-\u00fajv\u00e1rosi pl\u00e9b\u00e1nos. Mindenkit szeretettel v\u00e1runk! Ugyancsak p\u00e9nteken 18.00 \u00f3rakor Weingartenben a St.-Marien-templomban szentmise. El\u0151tte gy\u00f3ntat\u00e1s, ut\u00e1na kereszt\u00fat. Mindenkit szeretettel v\u00e1r Tibor atya! * Febru\u00e1r 27-\u00e9n, szombaton, Stuttgarti Csendes Napok. Programj\u00e1t l. al\u00e1bb! Febru\u00e1r 27-\u00e9n, szombaton, 15.30 \u00f3rakor Heidenheimban szentmise. El\u0151tte gy\u00f3n\u00e1si lehet\u0151s\u00e9g, ut\u00e1na \u00e1g\u00e1p\u00e9. Mindenkit szeretettel v\u00e1r Tibor atya! Ugyancsak febru\u00e1r 27-\u00e9n, 16.30 \u00f3rakor Reutlingenben szentmise. El\u0151tte gy\u00f3n\u00e1si lehet\u0151s\u00e9g, ut\u00e1na \u00e1g\u00e1p\u00e9. Mindenkit szeretettel v\u00e1r S\u00e1ndor atya \u00e9s Imre atya! * Febru\u00e1r 20-\u00e1n, vas\u00e1rnap, Biberachban szentmise, majd ut\u00e1na \u00e1g\u00e1p\u00e9. El\u0151tte gy\u00f3ntat\u00e1si lehet\u0151s\u00e9g. Mindenkit szeretettel v\u00e1r a k\u00f6z\u00f6ss\u00e9g \u00e9s Tibor atya. 9.30 \u00f3rakor B\u00f6blingenben szentmise, keret\u00e9ben a Stuttgarti Csendes Napok befejez\u0151 elm\u00e9lked\u00e9se. El\u0151tte gy\u00f3n\u00e1si lehet\u0151s\u00e9g, ut\u00e1na \u00e1g\u00e1p\u00e9. Mindenkit szeretettel v\u00e1r S\u00e1ndor atya \u00e9s Imre atya! 15.00 \u00f3rakor Eislingenben szentmise. El\u0151tte gy\u00f3n\u00e1si lehet\u0151s\u00e9g, ut\u00e1na \u00e1g\u00e1p\u00e9. Mindenkit szeretettel v\u00e1r a k\u00f6z\u00f6ss\u00e9g \u00e9s Tibor atya. 15.30 \u00f3rakor Heilbronnban szentmise, keret\u00e9ben a Stuttgarti Csendes Napok befejez\u0151 elm\u00e9lked\u00e9se. El\u0151tte gy\u00f3n\u00e1si lehet\u0151s\u00e9g, ut\u00e1na \u00e1g\u00e1p\u00e9. Mindenkit szeretettel v\u00e1r S\u00e1ndor atya \u00e9s Imre atya! * \u201eAj\u00e1nd\u00e9kozni J\u00e9zus \u00e9rtelmez\u00e9se szerint azt jelenti, hogy az ember azt adja oda a m\u00e1siknak, amit legsz\u00edvesebben megtartana mag\u00e1nak!\u201d (Selma Lagerl\u00f6f \u2013 1858-1940 \u2013 sv\u00e9d \u00edr\u00f3n\u0151) Bens\u0151s\u00e9ges nagyb\u00f6jti napokat, j\u00f3 munk\u00e1t, tartalmas besz\u00e9lget\u00e9seket \u00e9s kellemes tal\u00e1lkoz\u00e1sokat k\u00edv\u00e1nunk minden Kedves H\u00edv\u00fcnknek! LELKIGYAKORLATOS PROGRAM 2016. febru\u00e1r 26-28 FT. P\u00c9K S\u00c1NDOR V\u00c1RAD-\u00daJV\u00c1ROSI PL\u00c9B\u00c1NOS Az irgalmass\u00e1g arcai P \u00c9 N T E K 18.00 szentmise \u00e9s bevezet\u0151 elm\u00e9lked\u00e9s: Az irgalmas Atya (ut\u00e1na gy\u00f3ntat\u00e1s) S Z O M B A T 9.00 Gy\u00fclekez\u0151 \u00e9s k\u00f6z\u00f6s reggeli 10.00 I. elm\u00e9lked\u00e9s: Az&#8230; <\/p>\n<p><a class=\"readmore\" href=\"https:\/\/stuttgarti-katolikusok.de\/index.php\/programelozetes-februar-22-28-a-kozott\/\">R\u00e9szletek<\/a><\/p>\n","protected":false},"author":3,"featured_media":0,"comment_status":"closed","ping_status":"closed","sticky":false,"template":"","format":"standard","meta":{"footnotes":""},"categories":[37],"tags":[],"class_list":["post-8787","post","type-post","status-publish","format-standard","hentry","category-progamelozetes"],"yoast_head":"<!-- This site is optimized with the Yoast SEO plugin v27.3 - https:\/\/yoast.com\/product\/yoast-seo-wordpress\/ -->\n<title>Programel\u0151zetes febru\u00e1r 22-28-a k\u00f6z\u00f6tt - Stuttgarti Katolikusok<\/title>\n<meta name=\"robots\" content=\"index, follow, max-snippet:-1, max-image-preview:large, max-video-preview:-1\" \/>\n<link rel=\"canonical\" href=\"https:\/\/stuttgarti-katolikusok.de\/index.php\/programelozetes-februar-22-28-a-kozott\/\" \/>\n<meta property=\"og:locale\" content=\"hu_HU\" \/>\n<meta property=\"og:type\" content=\"article\" \/>\n<meta property=\"og:title\" content=\"Programel\u0151zetes febru\u00e1r 22-28-a k\u00f6z\u00f6tt - Stuttgarti Katolikusok\" \/>\n<meta property=\"og:description\" content=\"Programel\u0151zetes Febru\u00e1r 25-\u00e9n, cs\u00fct\u00f6rt\u00f6k\u00f6n, 17.30 \u00f3rakor Ulmban szentmise. El\u0151tte gy\u00f3n\u00e1si lehet\u0151s\u00e9g, ut\u00e1na Besz\u00e9lget\u00e9sek a Bibli\u00e1r\u00f3l &#8211; Teremt\u00e9s k\u00f6nyve. Mindenkit szeretettel v\u00e1r Tibor atya! * Febru\u00e1r 26-\u00e1n, p\u00e9nteken, 15.30 \u00f3rakor, Stuttgartban Bar\u00e1ts\u00e1gklub. Minden id\u0151sebb, kellemes \u00e9s kereszt\u00e9ny t\u00e1rsas\u00e1gra v\u00e1gy\u00f3t szeretettel l\u00e1t a vezet\u0151s\u00e9g \u00e9s a tags\u00e1g! 17.45 \u00f3r\u00e1t\u00f3l kereszt\u00fat, ut\u00e1na szentmise. Keret\u00e9ben a Stuttgarti Csendes Napok bevezet\u0151 elm\u00e9lked\u00e9se. Tartja: Ft. P\u00e9k S\u00e1ndor, v\u00e1rad-\u00fajv\u00e1rosi pl\u00e9b\u00e1nos. Mindenkit szeretettel v\u00e1runk! Ugyancsak p\u00e9nteken 18.00 \u00f3rakor Weingartenben a St.-Marien-templomban szentmise. El\u0151tte gy\u00f3ntat\u00e1s, ut\u00e1na kereszt\u00fat. Mindenkit szeretettel v\u00e1r Tibor atya! * Febru\u00e1r 27-\u00e9n, szombaton, Stuttgarti Csendes Napok. Programj\u00e1t l. al\u00e1bb! Febru\u00e1r 27-\u00e9n, szombaton, 15.30 \u00f3rakor Heidenheimban szentmise. El\u0151tte gy\u00f3n\u00e1si lehet\u0151s\u00e9g, ut\u00e1na \u00e1g\u00e1p\u00e9. Mindenkit szeretettel v\u00e1r Tibor atya! Ugyancsak febru\u00e1r 27-\u00e9n, 16.30 \u00f3rakor Reutlingenben szentmise. El\u0151tte gy\u00f3n\u00e1si lehet\u0151s\u00e9g, ut\u00e1na \u00e1g\u00e1p\u00e9. Mindenkit szeretettel v\u00e1r S\u00e1ndor atya \u00e9s Imre atya! * Febru\u00e1r 20-\u00e1n, vas\u00e1rnap, Biberachban szentmise, majd ut\u00e1na \u00e1g\u00e1p\u00e9. El\u0151tte gy\u00f3ntat\u00e1si lehet\u0151s\u00e9g. Mindenkit szeretettel v\u00e1r a k\u00f6z\u00f6ss\u00e9g \u00e9s Tibor atya. 9.30 \u00f3rakor B\u00f6blingenben szentmise, keret\u00e9ben a Stuttgarti Csendes Napok befejez\u0151 elm\u00e9lked\u00e9se. El\u0151tte gy\u00f3n\u00e1si lehet\u0151s\u00e9g, ut\u00e1na \u00e1g\u00e1p\u00e9. Mindenkit szeretettel v\u00e1r S\u00e1ndor atya \u00e9s Imre atya! 15.00 \u00f3rakor Eislingenben szentmise. El\u0151tte gy\u00f3n\u00e1si lehet\u0151s\u00e9g, ut\u00e1na \u00e1g\u00e1p\u00e9. Mindenkit szeretettel v\u00e1r a k\u00f6z\u00f6ss\u00e9g \u00e9s Tibor atya. 15.30 \u00f3rakor Heilbronnban szentmise, keret\u00e9ben a Stuttgarti Csendes Napok befejez\u0151 elm\u00e9lked\u00e9se. El\u0151tte gy\u00f3n\u00e1si lehet\u0151s\u00e9g, ut\u00e1na \u00e1g\u00e1p\u00e9. Mindenkit szeretettel v\u00e1r S\u00e1ndor atya \u00e9s Imre atya! * \u201eAj\u00e1nd\u00e9kozni J\u00e9zus \u00e9rtelmez\u00e9se szerint azt jelenti, hogy az ember azt adja oda a m\u00e1siknak, amit legsz\u00edvesebben megtartana mag\u00e1nak!\u201d (Selma Lagerl\u00f6f \u2013 1858-1940 \u2013 sv\u00e9d \u00edr\u00f3n\u0151) Bens\u0151s\u00e9ges nagyb\u00f6jti napokat, j\u00f3 munk\u00e1t, tartalmas besz\u00e9lget\u00e9seket \u00e9s kellemes tal\u00e1lkoz\u00e1sokat k\u00edv\u00e1nunk minden Kedves H\u00edv\u00fcnknek! LELKIGYAKORLATOS PROGRAM 2016. febru\u00e1r 26-28 FT. P\u00c9K S\u00c1NDOR V\u00c1RAD-\u00daJV\u00c1ROSI PL\u00c9B\u00c1NOS Az irgalmass\u00e1g arcai P \u00c9 N T E K 18.00 szentmise \u00e9s bevezet\u0151 elm\u00e9lked\u00e9s: Az irgalmas Atya (ut\u00e1na gy\u00f3ntat\u00e1s) S Z O M B A T 9.00 Gy\u00fclekez\u0151 \u00e9s k\u00f6z\u00f6s reggeli 10.00 I. elm\u00e9lked\u00e9s: Az... R\u00e9szletek\" \/>\n<meta property=\"og:url\" content=\"https:\/\/stuttgarti-katolikusok.de\/index.php\/programelozetes-februar-22-28-a-kozott\/\" \/>\n<meta property=\"og:site_name\" content=\"Stuttgarti Katolikusok\" \/>\n<meta property=\"article:published_time\" content=\"2016-02-23T06:29:09+00:00\" \/>\n<meta property=\"article:modified_time\" content=\"2020-04-27T16:01:22+00:00\" \/>\n<meta name=\"author\" content=\"Tibor atya\" \/>\n<meta name=\"twitter:card\" content=\"summary_large_image\" \/>\n<meta name=\"twitter:label1\" content=\"Szerz\u0151:\" \/>\n\t<meta name=\"twitter:data1\" content=\"Tibor atya\" \/>\n\t<meta name=\"twitter:label2\" content=\"Becs\u00fclt olvas\u00e1si id\u0151\" \/>\n\t<meta name=\"twitter:data2\" content=\"3 perc\" \/>\n<script type=\"application\/ld+json\" class=\"yoast-schema-graph\">{\"@context\":\"https:\\\/\\\/schema.org\",\"@graph\":[{\"@type\":\"Article\",\"@id\":\"https:\\\/\\\/stuttgarti-katolikusok.de\\\/index.php\\\/programelozetes-februar-22-28-a-kozott\\\/#article\",\"isPartOf\":{\"@id\":\"https:\\\/\\\/stuttgarti-katolikusok.de\\\/index.php\\\/programelozetes-februar-22-28-a-kozott\\\/\"},\"author\":{\"name\":\"Tibor atya\",\"@id\":\"https:\\\/\\\/stuttgarti-katolikusok.de\\\/#\\\/schema\\\/person\\\/75908d6f8fdc03a57889d27209df7795\"},\"headline\":\"Programel\u0151zetes febru\u00e1r 22-28-a k\u00f6z\u00f6tt\",\"datePublished\":\"2016-02-23T06:29:09+00:00\",\"dateModified\":\"2020-04-27T16:01:22+00:00\",\"mainEntityOfPage\":{\"@id\":\"https:\\\/\\\/stuttgarti-katolikusok.de\\\/index.php\\\/programelozetes-februar-22-28-a-kozott\\\/\"},\"wordCount\":549,\"articleSection\":[\"Progamel\u0151zetes\"],\"inLanguage\":\"hu\"},{\"@type\":\"WebPage\",\"@id\":\"https:\\\/\\\/stuttgarti-katolikusok.de\\\/index.php\\\/programelozetes-februar-22-28-a-kozott\\\/\",\"url\":\"https:\\\/\\\/stuttgarti-katolikusok.de\\\/index.php\\\/programelozetes-februar-22-28-a-kozott\\\/\",\"name\":\"Programel\u0151zetes febru\u00e1r 22-28-a k\u00f6z\u00f6tt - Stuttgarti Katolikusok\",\"isPartOf\":{\"@id\":\"https:\\\/\\\/stuttgarti-katolikusok.de\\\/#website\"},\"datePublished\":\"2016-02-23T06:29:09+00:00\",\"dateModified\":\"2020-04-27T16:01:22+00:00\",\"author\":{\"@id\":\"https:\\\/\\\/stuttgarti-katolikusok.de\\\/#\\\/schema\\\/person\\\/75908d6f8fdc03a57889d27209df7795\"},\"breadcrumb\":{\"@id\":\"https:\\\/\\\/stuttgarti-katolikusok.de\\\/index.php\\\/programelozetes-februar-22-28-a-kozott\\\/#breadcrumb\"},\"inLanguage\":\"hu\",\"potentialAction\":[{\"@type\":\"ReadAction\",\"target\":[\"https:\\\/\\\/stuttgarti-katolikusok.de\\\/index.php\\\/programelozetes-februar-22-28-a-kozott\\\/\"]}]},{\"@type\":\"BreadcrumbList\",\"@id\":\"https:\\\/\\\/stuttgarti-katolikusok.de\\\/index.php\\\/programelozetes-februar-22-28-a-kozott\\\/#breadcrumb\",\"itemListElement\":[{\"@type\":\"ListItem\",\"position\":1,\"name\":\"Kezd\u0151lap\",\"item\":\"https:\\\/\\\/stuttgarti-katolikusok.de\\\/\"},{\"@type\":\"ListItem\",\"position\":2,\"name\":\"Programel\u0151zetes febru\u00e1r 22-28-a k\u00f6z\u00f6tt\"}]},{\"@type\":\"WebSite\",\"@id\":\"https:\\\/\\\/stuttgarti-katolikusok.de\\\/#website\",\"url\":\"https:\\\/\\\/stuttgarti-katolikusok.de\\\/\",\"name\":\"Stuttgarti Katolikusok\",\"description\":\"\",\"potentialAction\":[{\"@type\":\"SearchAction\",\"target\":{\"@type\":\"EntryPoint\",\"urlTemplate\":\"https:\\\/\\\/stuttgarti-katolikusok.de\\\/?s={search_term_string}\"},\"query-input\":{\"@type\":\"PropertyValueSpecification\",\"valueRequired\":true,\"valueName\":\"search_term_string\"}}],\"inLanguage\":\"hu\"},{\"@type\":\"Person\",\"@id\":\"https:\\\/\\\/stuttgarti-katolikusok.de\\\/#\\\/schema\\\/person\\\/75908d6f8fdc03a57889d27209df7795\",\"name\":\"Tibor atya\",\"image\":{\"@type\":\"ImageObject\",\"inLanguage\":\"hu\",\"@id\":\"https:\\\/\\\/secure.gravatar.com\\\/avatar\\\/61d268e57d1f4525b111222e29d2d5a7f8c420fdbf231ba5566a8ceac74fa960?s=96&d=mm&r=g\",\"url\":\"https:\\\/\\\/secure.gravatar.com\\\/avatar\\\/61d268e57d1f4525b111222e29d2d5a7f8c420fdbf231ba5566a8ceac74fa960?s=96&d=mm&r=g\",\"contentUrl\":\"https:\\\/\\\/secure.gravatar.com\\\/avatar\\\/61d268e57d1f4525b111222e29d2d5a7f8c420fdbf231ba5566a8ceac74fa960?s=96&d=mm&r=g\",\"caption\":\"Tibor atya\"},\"url\":\"https:\\\/\\\/stuttgarti-katolikusok.de\\\/index.php\\\/author\\\/tibor-atya\\\/\"}]}<\/script>\n<!-- \/ Yoast SEO plugin. -->","yoast_head_json":{"title":"Programel\u0151zetes febru\u00e1r 22-28-a k\u00f6z\u00f6tt - Stuttgarti Katolikusok","robots":{"index":"index","follow":"follow","max-snippet":"max-snippet:-1","max-image-preview":"max-image-preview:large","max-video-preview":"max-video-preview:-1"},"canonical":"https:\/\/stuttgarti-katolikusok.de\/index.php\/programelozetes-februar-22-28-a-kozott\/","og_locale":"hu_HU","og_type":"article","og_title":"Programel\u0151zetes febru\u00e1r 22-28-a k\u00f6z\u00f6tt - Stuttgarti Katolikusok","og_description":"Programel\u0151zetes Febru\u00e1r 25-\u00e9n, cs\u00fct\u00f6rt\u00f6k\u00f6n, 17.30 \u00f3rakor Ulmban szentmise. El\u0151tte gy\u00f3n\u00e1si lehet\u0151s\u00e9g, ut\u00e1na Besz\u00e9lget\u00e9sek a Bibli\u00e1r\u00f3l &#8211; Teremt\u00e9s k\u00f6nyve. Mindenkit szeretettel v\u00e1r Tibor atya! * Febru\u00e1r 26-\u00e1n, p\u00e9nteken, 15.30 \u00f3rakor, Stuttgartban Bar\u00e1ts\u00e1gklub. Minden id\u0151sebb, kellemes \u00e9s kereszt\u00e9ny t\u00e1rsas\u00e1gra v\u00e1gy\u00f3t szeretettel l\u00e1t a vezet\u0151s\u00e9g \u00e9s a tags\u00e1g! 17.45 \u00f3r\u00e1t\u00f3l kereszt\u00fat, ut\u00e1na szentmise. Keret\u00e9ben a Stuttgarti Csendes Napok bevezet\u0151 elm\u00e9lked\u00e9se. Tartja: Ft. P\u00e9k S\u00e1ndor, v\u00e1rad-\u00fajv\u00e1rosi pl\u00e9b\u00e1nos. Mindenkit szeretettel v\u00e1runk! Ugyancsak p\u00e9nteken 18.00 \u00f3rakor Weingartenben a St.-Marien-templomban szentmise. El\u0151tte gy\u00f3ntat\u00e1s, ut\u00e1na kereszt\u00fat. Mindenkit szeretettel v\u00e1r Tibor atya! * Febru\u00e1r 27-\u00e9n, szombaton, Stuttgarti Csendes Napok. Programj\u00e1t l. al\u00e1bb! Febru\u00e1r 27-\u00e9n, szombaton, 15.30 \u00f3rakor Heidenheimban szentmise. El\u0151tte gy\u00f3n\u00e1si lehet\u0151s\u00e9g, ut\u00e1na \u00e1g\u00e1p\u00e9. Mindenkit szeretettel v\u00e1r Tibor atya! Ugyancsak febru\u00e1r 27-\u00e9n, 16.30 \u00f3rakor Reutlingenben szentmise. El\u0151tte gy\u00f3n\u00e1si lehet\u0151s\u00e9g, ut\u00e1na \u00e1g\u00e1p\u00e9. Mindenkit szeretettel v\u00e1r S\u00e1ndor atya \u00e9s Imre atya! * Febru\u00e1r 20-\u00e1n, vas\u00e1rnap, Biberachban szentmise, majd ut\u00e1na \u00e1g\u00e1p\u00e9. El\u0151tte gy\u00f3ntat\u00e1si lehet\u0151s\u00e9g. Mindenkit szeretettel v\u00e1r a k\u00f6z\u00f6ss\u00e9g \u00e9s Tibor atya. 9.30 \u00f3rakor B\u00f6blingenben szentmise, keret\u00e9ben a Stuttgarti Csendes Napok befejez\u0151 elm\u00e9lked\u00e9se. El\u0151tte gy\u00f3n\u00e1si lehet\u0151s\u00e9g, ut\u00e1na \u00e1g\u00e1p\u00e9. Mindenkit szeretettel v\u00e1r S\u00e1ndor atya \u00e9s Imre atya! 15.00 \u00f3rakor Eislingenben szentmise. El\u0151tte gy\u00f3n\u00e1si lehet\u0151s\u00e9g, ut\u00e1na \u00e1g\u00e1p\u00e9. Mindenkit szeretettel v\u00e1r a k\u00f6z\u00f6ss\u00e9g \u00e9s Tibor atya. 15.30 \u00f3rakor Heilbronnban szentmise, keret\u00e9ben a Stuttgarti Csendes Napok befejez\u0151 elm\u00e9lked\u00e9se. El\u0151tte gy\u00f3n\u00e1si lehet\u0151s\u00e9g, ut\u00e1na \u00e1g\u00e1p\u00e9. Mindenkit szeretettel v\u00e1r S\u00e1ndor atya \u00e9s Imre atya! * \u201eAj\u00e1nd\u00e9kozni J\u00e9zus \u00e9rtelmez\u00e9se szerint azt jelenti, hogy az ember azt adja oda a m\u00e1siknak, amit legsz\u00edvesebben megtartana mag\u00e1nak!\u201d (Selma Lagerl\u00f6f \u2013 1858-1940 \u2013 sv\u00e9d \u00edr\u00f3n\u0151) Bens\u0151s\u00e9ges nagyb\u00f6jti napokat, j\u00f3 munk\u00e1t, tartalmas besz\u00e9lget\u00e9seket \u00e9s kellemes tal\u00e1lkoz\u00e1sokat k\u00edv\u00e1nunk minden Kedves H\u00edv\u00fcnknek! LELKIGYAKORLATOS PROGRAM 2016. febru\u00e1r 26-28 FT. P\u00c9K S\u00c1NDOR V\u00c1RAD-\u00daJV\u00c1ROSI PL\u00c9B\u00c1NOS Az irgalmass\u00e1g arcai P \u00c9 N T E K 18.00 szentmise \u00e9s bevezet\u0151 elm\u00e9lked\u00e9s: Az irgalmas Atya (ut\u00e1na gy\u00f3ntat\u00e1s) S Z O M B A T 9.00 Gy\u00fclekez\u0151 \u00e9s k\u00f6z\u00f6s reggeli 10.00 I. elm\u00e9lked\u00e9s: Az... R\u00e9szletek","og_url":"https:\/\/stuttgarti-katolikusok.de\/index.php\/programelozetes-februar-22-28-a-kozott\/","og_site_name":"Stuttgarti Katolikusok","article_published_time":"2016-02-23T06:29:09+00:00","article_modified_time":"2020-04-27T16:01:22+00:00","author":"Tibor atya","twitter_card":"summary_large_image","twitter_misc":{"Szerz\u0151:":"Tibor atya","Becs\u00fclt olvas\u00e1si id\u0151":"3 perc"},"schema":{"@context":"https:\/\/schema.org","@graph":[{"@type":"Article","@id":"https:\/\/stuttgarti-katolikusok.de\/index.php\/programelozetes-februar-22-28-a-kozott\/#article","isPartOf":{"@id":"https:\/\/stuttgarti-katolikusok.de\/index.php\/programelozetes-februar-22-28-a-kozott\/"},"author":{"name":"Tibor atya","@id":"https:\/\/stuttgarti-katolikusok.de\/#\/schema\/person\/75908d6f8fdc03a57889d27209df7795"},"headline":"Programel\u0151zetes febru\u00e1r 22-28-a k\u00f6z\u00f6tt","datePublished":"2016-02-23T06:29:09+00:00","dateModified":"2020-04-27T16:01:22+00:00","mainEntityOfPage":{"@id":"https:\/\/stuttgarti-katolikusok.de\/index.php\/programelozetes-februar-22-28-a-kozott\/"},"wordCount":549,"articleSection":["Progamel\u0151zetes"],"inLanguage":"hu"},{"@type":"WebPage","@id":"https:\/\/stuttgarti-katolikusok.de\/index.php\/programelozetes-februar-22-28-a-kozott\/","url":"https:\/\/stuttgarti-katolikusok.de\/index.php\/programelozetes-februar-22-28-a-kozott\/","name":"Programel\u0151zetes febru\u00e1r 22-28-a k\u00f6z\u00f6tt - Stuttgarti Katolikusok","isPartOf":{"@id":"https:\/\/stuttgarti-katolikusok.de\/#website"},"datePublished":"2016-02-23T06:29:09+00:00","dateModified":"2020-04-27T16:01:22+00:00","author":{"@id":"https:\/\/stuttgarti-katolikusok.de\/#\/schema\/person\/75908d6f8fdc03a57889d27209df7795"},"breadcrumb":{"@id":"https:\/\/stuttgarti-katolikusok.de\/index.php\/programelozetes-februar-22-28-a-kozott\/#breadcrumb"},"inLanguage":"hu","potentialAction":[{"@type":"ReadAction","target":["https:\/\/stuttgarti-katolikusok.de\/index.php\/programelozetes-februar-22-28-a-kozott\/"]}]},{"@type":"BreadcrumbList","@id":"https:\/\/stuttgarti-katolikusok.de\/index.php\/programelozetes-februar-22-28-a-kozott\/#breadcrumb","itemListElement":[{"@type":"ListItem","position":1,"name":"Kezd\u0151lap","item":"https:\/\/stuttgarti-katolikusok.de\/"},{"@type":"ListItem","position":2,"name":"Programel\u0151zetes febru\u00e1r 22-28-a k\u00f6z\u00f6tt"}]},{"@type":"WebSite","@id":"https:\/\/stuttgarti-katolikusok.de\/#website","url":"https:\/\/stuttgarti-katolikusok.de\/","name":"Stuttgarti Katolikusok","description":"","potentialAction":[{"@type":"SearchAction","target":{"@type":"EntryPoint","urlTemplate":"https:\/\/stuttgarti-katolikusok.de\/?s={search_term_string}"},"query-input":{"@type":"PropertyValueSpecification","valueRequired":true,"valueName":"search_term_string"}}],"inLanguage":"hu"},{"@type":"Person","@id":"https:\/\/stuttgarti-katolikusok.de\/#\/schema\/person\/75908d6f8fdc03a57889d27209df7795","name":"Tibor atya","image":{"@type":"ImageObject","inLanguage":"hu","@id":"https:\/\/secure.gravatar.com\/avatar\/61d268e57d1f4525b111222e29d2d5a7f8c420fdbf231ba5566a8ceac74fa960?s=96&d=mm&r=g","url":"https:\/\/secure.gravatar.com\/avatar\/61d268e57d1f4525b111222e29d2d5a7f8c420fdbf231ba5566a8ceac74fa960?s=96&d=mm&r=g","contentUrl":"https:\/\/secure.gravatar.com\/avatar\/61d268e57d1f4525b111222e29d2d5a7f8c420fdbf231ba5566a8ceac74fa960?s=96&d=mm&r=g","caption":"Tibor atya"},"url":"https:\/\/stuttgarti-katolikusok.de\/index.php\/author\/tibor-atya\/"}]}},"_links":{"self":[{"href":"https:\/\/stuttgarti-katolikusok.de\/index.php\/wp-json\/wp\/v2\/posts\/8787","targetHints":{"allow":["GET"]}}],"collection":[{"href":"https:\/\/stuttgarti-katolikusok.de\/index.php\/wp-json\/wp\/v2\/posts"}],"about":[{"href":"https:\/\/stuttgarti-katolikusok.de\/index.php\/wp-json\/wp\/v2\/types\/post"}],"author":[{"embeddable":true,"href":"https:\/\/stuttgarti-katolikusok.de\/index.php\/wp-json\/wp\/v2\/users\/3"}],"replies":[{"embeddable":true,"href":"https:\/\/stuttgarti-katolikusok.de\/index.php\/wp-json\/wp\/v2\/comments?post=8787"}],"version-history":[{"count":1,"href":"https:\/\/stuttgarti-katolikusok.de\/index.php\/wp-json\/wp\/v2\/posts\/8787\/revisions"}],"predecessor-version":[{"id":8789,"href":"https:\/\/stuttgarti-katolikusok.de\/index.php\/wp-json\/wp\/v2\/posts\/8787\/revisions\/8789"}],"wp:attachment":[{"href":"https:\/\/stuttgarti-katolikusok.de\/index.php\/wp-json\/wp\/v2\/media?parent=8787"}],"wp:term":[{"taxonomy":"category","embeddable":true,"href":"https:\/\/stuttgarti-katolikusok.de\/index.php\/wp-json\/wp\/v2\/categories?post=8787"},{"taxonomy":"post_tag","embeddable":true,"href":"https:\/\/stuttgarti-katolikusok.de\/index.php\/wp-json\/wp\/v2\/tags?post=8787"}],"curies":[{"name":"wp","href":"https:\/\/api.w.org\/{rel}","templated":true}]}}