{"id":8759,"date":"2016-02-18T10:47:39","date_gmt":"2016-02-18T10:47:39","guid":{"rendered":"https:\/\/gracious-dewdney.138-201-221-2.plesk.page\/?p=8759"},"modified":"2016-02-20T05:54:48","modified_gmt":"2016-02-20T05:54:48","slug":"kisertesek","status":"publish","type":"post","link":"https:\/\/stuttgarti-katolikusok.de\/index.php\/kisertesek\/","title":{"rendered":"K\u00eds\u00e9rt\u00e9sben"},"content":{"rendered":"<p>K\u00eds\u00e9rt\u00e9sben<\/p>\n<p>Nagyb\u00f6jt idej\u00e9n tudatosabban figyel\u00fcnk a k\u00eds\u00e9rt\u0151re. A negyvennapos pusztai b\u00f6jt, lelki el\u0151k\u00e9sz\u00fclet okvetlen\u00fcl kiugrasztja a nyulat a bokorb\u00f3l, szembes\u00edt a k\u00eds\u00e9rt\u00e9sekkel. A k\u00eds\u00e9rt\u0151, a s\u00e1t\u00e1n, az \u00f6rd\u00f6g, nagysz\u00e1m\u00fa d\u00e9monsereg k\u00eds\u00e9ret\u00e9ben t\u00e1mad minden oldalr\u00f3l. Gondolatainkat, lelki immunrendszer\u00fcnket, zsigereinket. M\u00e1skor is t\u00e1mad, de ilyenkor, mint s\u00f6t\u00e9tben, mikor hirtelen f\u00e9nyt gy\u00fajtunk, megriad \u00e9s acsarkodik, sz\u0171k\u00f6lve fog\u00e1t vicsorgatja. Bevet minden lehets\u00e9ges tr\u00fckk\u00f6t: h\u00edzeleg, id\u00e9zi a Bibli\u00e1t, komfortz\u00f3n\u00e1nkba burkol\u00f3zva jogainkat hangoztatja, hi\u00fas\u00e1gunkat t\u00f6mj\u00e9nezi, cseles \u00e9rvel\u00e9ssel, cs\u00fasztat\u00e1sokkal kelepc\u00e9be csal \u00e9s palira veszi Istenhez ragaszkod\u00e1sunkat. R\u00e1nk bizony\u00edtja, hogy korrump\u00e1lhat\u00f3ak vagyunk, k\u00e9nyes, f\u00e9ltve \u00f3vott \u00e9rz\u00e9keny, gyenge pontunkat veszi c\u00e9lba.<br \/>\nH\u00e1rom ter\u00fcleten k\u00fcl\u00f6n\u00f6sen ravaszul kiveti r\u00e1nk a h\u00e1l\u00f3t:<br \/>\n1. Testi v\u00e1gyak, \u00f6szt\u00f6n\u00f6k.<br \/>\nH\u00fas-v\u00e9r emberek vagyunk, \u00edgy h\u00e1t term\u00e9szetes, jogos az ig\u00e9ny, hogy a l\u00e9tfenntart\u00e1s, a fajfenntart\u00e1s \u00f6szt\u00f6neire hallgatni kell. No de ott van a kutya el\u00e1sva, hogy ezeket \u00fagy \u00e1ll\u00edtja be, hogy els\u0151dlegesek. Priorit\u00e1sok. Mindent a fogyaszt\u00e1s\u00e9rt, a v\u00e1gyak kiel\u00e9g\u00edt\u00e9s\u00e9\u00e9rt. \u00c9s kinek melyik kedvesebb: \u00e9tel, ital, \u00e9desss\u00e9g, nemis\u00e9g, aszerint sugdal\u00f3zik. \u201eVegy\u00e9l m\u00e9g egy szelet csokit!\u201d, \u201eEtt\u0151l a poh\u00e1rt\u00f3l m\u00e9g lehet vezetni!\u201d, \u201eEgy sz\u00e1l cigi m\u00e9g belef\u00e9r!\u201d stb. Ugyan\u00edgy, amikor v\u00e1s\u00e1rolni m\u00e9sz, direkt j\u00f3, ha nem viszel list\u00e1t: ott helyben majd kider\u00fcl: vedd meg ezt is, most olcs\u00f3bb, j\u00f3 ha van a h\u00e1zn\u00e1l, akci\u00f3s \u00e9s kett\u0151t adnak egy helyett, s\u0151t rendeld meg neten, h\u00e1zhoz sz\u00e1ll\u00edtj\u00e1k, \u00fagyis nagy az infl\u00e1ci\u00f3, minek kuporgatod a p\u00e9nzt&#8230; h\u00e1t nem az\u00e9rt dolgozol&#8230;? Egy\u00e9bk\u00e9nt is milyen finom. Ha j\u00f3l esik, mi ebben a b\u0171n? Ne l\u00e9gy maradi!&#8230;<br \/>\nDe legyezi az \u00f6nz\u00e9sedet a birtokl\u00e1ssal is: az a biztos, ami a ti\u00e9d&#8230; Ne csak a szomsz\u00e9dnak legyen. Any\u00e1d\u00e9k m\u00e9g nem engedhett\u00e9k meg maguknak, most v\u00e9gre neked van amib\u0151l, akkor mi\u00e9rt ne v\u00e1s\u00e1roln\u00e1l, mi\u00e9rt ne fogyasztan\u00e1d?&#8230;<br \/>\n2. A hatalom k\u00eds\u00e9rt\u00e9se<br \/>\nOlyannak lenni, mint az Isten. Szabad vagy, megteheted. Tud\u00e1ssal, p\u00e9nzzel m\u00e9g t\u00f6bb lesz. Neked nem parancsol senki. L\u00e1tjuk a politikusokn\u00e1l, milyen k\u00f6nnyen meg lehet \u0151ket vesztegetni. Tisztelet a k\u00edv\u00e9telnek. Korrump\u00e1lhat\u00f3 az ember. F\u0151leg ha megfelel\u0151en motiv\u00e1lt: a k\u00f6z\u00f6ss\u00e9g\u00e9rt, a j\u00f3 \u00fcgy \u00e9rdek\u00e9ben, hogy k\u00e9z kezet mos, ez csak term\u00e9szetes, hogy a szolg\u00e1latot meg kell fiztetni&#8230; Nan\u00e1, s egy\u00e9bk\u00e9nt is egy rangos tiszts\u00e9gvisel\u0151nek, beoszt\u00e1sa miatt is nagy a felel\u0151ss\u00e9ge, ez\u00e9rt kompenz\u00e1lni kell valamivel&#8230;, \u00e9s hasonl\u00f3k. S ha m\u00e1r egyszer engedt\u00e9l, m\u00e1sodszor, harmadszor m\u00e1r k\u00f6nnyebb a dolga az \u00f6rd\u00f6gnek. Akit m\u00e1r megejtett, azt m\u00e1r nem kell k\u00eds\u00e9rtenie, mert m\u00e1r az \u00f6v\u00e9. A hatalom elk\u00e1b\u00edtja az embert. K\u00f6nnyen \u0151 lesz az isten, aki meghat\u00e1roz j\u00f3t \u00e9s rosszat, \u00e9letet \u00e9s hal\u00e1lt osztogat. A hatalom ill\u00fazi\u00f3j\u00e1t\u00f3l megkerg\u00fclve vissza\u00e9l azzal is, amit szolg\u00e1latra, alkot\u00e1sra kapott. Ellen\u0151rz\u00e9se lesz m\u00e1sok f\u00f6l\u00f6tt, s igazgatni k\u00e9pes a vil\u00e1g sors\u00e1t. Holott Isten szolg\u00e1latra adta a hatalmat. J\u00e9zus ez\u00e9rt utas\u00edtja vissza a s\u00e1t\u00e1n hazug aj\u00e1nlat\u00e1t.<br \/>\n3. A nagyrav\u00e1gy\u00f3 eg\u00f3<br \/>\nA felt\u0171n\u00e9si viszketegs\u00e9g, a minden \u00e1ron kit\u0171nni akar\u00e1s k\u00eds\u00e9rt\u00e9se ez. Vesd le magad&#8230;! Csin\u00e1ld meg \u00e9leted nagy dob\u00e1s\u00e1t! L\u00e9gy celeb! Feszegesd a hat\u00e1raidat, var\u00e1zsold el a k\u00f6rnyezetedet. Beker\u00fclhetsz a rekordok k\u00f6nyv\u00e9be, haszn\u00e1ld ki az adrenalint, futtasd fel rajong\u00f3id sz\u00e1m\u00e1t, n\u00f6veld azok t\u00e1bor\u00e1t, akik l\u00e1jkolnak \u00e9s megosztj\u00e1k m\u00e1sokkal a r\u00f3lad k\u00e9sz\u00fclt h\u00edrt, k\u00e9pet, a veled elkapott szelfit. L\u00e9gy a legjobb valamiben, erre csak te vagy k\u00e9pes, ott szunnyad benned a tehets\u00e9g, m\u00e9rt hagyn\u00e1d, hogy m\u00e1sok elkapj\u00e1k el\u0151led a bab\u00e9rt?!<br \/>\nA s\u00e1t\u00e1n itt a hi\u00fas\u00e1gra, az \u00f6nmagunk v\u00e1llon vereget\u00e9s\u00e9re apell\u00e1l, eg\u00e9szs\u00e9ges \u00f6nszeretet\u00fcnket tunningolja fel, s m\u00e9g egy kis bibliai id\u00e9zettel is al\u00e1t\u00e1masztja: \u201emint \u00f6nmagadat&#8230;\u201d. H\u00e1t nem az \u00f6nszeretet a felebar\u00e1ti szeretet alapja? H\u00e1t azzal, hogy magadat nem becs\u00fcl\u00f6d al\u00e1, azz\u00e1l m\u00e1soknak is j\u00f3t teszel&#8230; Elk\u00e1pr\u00e1ztatod a vil\u00e1got, s az emberek l\u00e1baid el\u0151tt hevernek.<br \/>\nMindezen k\u00eds\u00e9rt\u00e9sek, kis vagy nagy \u201et\u00e9telben\u201d, de naponta el\u0151j\u00f6nnek \u00e9let\u00fcnkben. H\u00e1nyszor kapjuk azon magunkat, hogy fontosabbak a k\u00e9nyelmi szempontok, mint az elveink? K\u00f6nnyebben hajlunk az olcs\u00f3bb, \u201efapados\u201d megold\u00e1sokra, amik nem ker\u00fclnek annyi p\u00e9nzbe, nem annyira id\u0151ig\u00e9nyesek, nem annyira f\u00e1rads\u00e1gosak, \u00e9s m\u00e1ris a kisebb ellen\u00e1ll\u00e1s fel\u00e9 hajlottunk.<br \/>\nA nagyb\u00f6jt arra is j\u00f3 lehet\u0151s\u00e9g, hogy sorba vegy\u00fck ezeket a m\u00e1r-m\u00e1r beidegz\u0151d\u00f6tt b\u0171n\u00f6s szok\u00e1sainkat, gyakorlatainkat. Nem d\u0151lne \u00f6ssze a vil\u00e1g att\u00f3l sem, ha egy h\u00e9tig nem netezn\u00e9nk, nem kapcsoln\u00e1nk be a t\u00e9v\u00e9t, ha hidegen hagyna a f\u00e9szbuk vagy a maroktelefonos \u00fczenet d\u00f6mping. Ha legal\u00e1bb egy nap egy h\u00e9ten egy\u00e1ltal\u00e1n nem csevegn\u00e9nk semmitmond\u00f3, \u00fcres besz\u00e9deket, hanem t\u00f6bbet figyeln\u00e9nk, hallgatn\u00e1nk, elmer\u00fclve a csend tenger\u00e9ben. De az is halad\u00e1s lenne, ha \u201enem kapn\u00e1nk fel\u201d oly k\u00f6nnyen a vizet m\u00e1sok kritik\u00e1j\u00e1ra, ha tudatosan \u00e9rt\u00e9keln\u00e9nk a m\u00e1sik emberben megl\u00e9v\u0151 j\u00f3t, ha t\u00f6bbet mozogn\u00e1nk \u00e9s kevesebbet nassoln\u00e1nk. M\u00e9g ha meg is k\u00ednzott a b\u00f6jt, esz\u00fcnkbe juttatn\u00e1 a l\u00e9nyeget, lelki kifinomults\u00e1got eredm\u00e9nyezne, s bizony\u00e1ra elpuhult \u00e9let\u00fcnk is \u00f6sszeszedettebb\u00e9 v\u00e1lna.<br \/>\nM\u00e1r csak ez\u00e9rt is meg\u00e9ri nemet mondani a S\u00e1t\u00e1nnak.<br \/>\nHiszen: Nem csak keny\u00e9rrel \u00e9l az ember&#8230;!<br \/>\nSebesty\u00e9n P\u00e9ter atya<\/p>\n","protected":false},"excerpt":{"rendered":"<p>K\u00eds\u00e9rt\u00e9sben Nagyb\u00f6jt idej\u00e9n tudatosabban figyel\u00fcnk a k\u00eds\u00e9rt\u0151re. A negyvennapos pusztai b\u00f6jt, lelki el\u0151k\u00e9sz\u00fclet okvetlen\u00fcl kiugrasztja a nyulat a bokorb\u00f3l, szembes\u00edt a k\u00eds\u00e9rt\u00e9sekkel. A k\u00eds\u00e9rt\u0151, a s\u00e1t\u00e1n, az \u00f6rd\u00f6g, nagysz\u00e1m\u00fa d\u00e9monsereg k\u00eds\u00e9ret\u00e9ben t\u00e1mad minden oldalr\u00f3l. Gondolatainkat, lelki immunrendszer\u00fcnket, zsigereinket. M\u00e1skor is t\u00e1mad, de ilyenkor, mint s\u00f6t\u00e9tben, mikor hirtelen f\u00e9nyt gy\u00fajtunk, megriad \u00e9s acsarkodik, sz\u0171k\u00f6lve fog\u00e1t vicsorgatja. Bevet minden lehets\u00e9ges tr\u00fckk\u00f6t: h\u00edzeleg, id\u00e9zi a Bibli\u00e1t, komfortz\u00f3n\u00e1nkba burkol\u00f3zva jogainkat hangoztatja, hi\u00fas\u00e1gunkat t\u00f6mj\u00e9nezi, cseles \u00e9rvel\u00e9ssel, cs\u00fasztat\u00e1sokkal kelepc\u00e9be csal \u00e9s palira veszi Istenhez ragaszkod\u00e1sunkat. R\u00e1nk bizony\u00edtja, hogy korrump\u00e1lhat\u00f3ak vagyunk, k\u00e9nyes, f\u00e9ltve \u00f3vott \u00e9rz\u00e9keny, gyenge pontunkat veszi c\u00e9lba. H\u00e1rom ter\u00fcleten k\u00fcl\u00f6n\u00f6sen ravaszul kiveti r\u00e1nk a h\u00e1l\u00f3t: 1. Testi v\u00e1gyak, \u00f6szt\u00f6n\u00f6k. H\u00fas-v\u00e9r emberek vagyunk, \u00edgy h\u00e1t term\u00e9szetes, jogos az ig\u00e9ny, hogy a l\u00e9tfenntart\u00e1s, a fajfenntart\u00e1s \u00f6szt\u00f6neire hallgatni kell. No de ott van a kutya el\u00e1sva, hogy ezeket \u00fagy \u00e1ll\u00edtja be, hogy els\u0151dlegesek. Priorit\u00e1sok. Mindent a fogyaszt\u00e1s\u00e9rt, a v\u00e1gyak kiel\u00e9g\u00edt\u00e9s\u00e9\u00e9rt. \u00c9s kinek melyik kedvesebb: \u00e9tel, ital, \u00e9desss\u00e9g, nemis\u00e9g, aszerint sugdal\u00f3zik. \u201eVegy\u00e9l m\u00e9g egy szelet csokit!\u201d, \u201eEtt\u0151l a poh\u00e1rt\u00f3l m\u00e9g lehet vezetni!\u201d, \u201eEgy sz\u00e1l cigi m\u00e9g belef\u00e9r!\u201d stb. Ugyan\u00edgy, amikor v\u00e1s\u00e1rolni m\u00e9sz, direkt j\u00f3, ha nem viszel list\u00e1t: ott helyben majd kider\u00fcl: vedd meg ezt is, most olcs\u00f3bb, j\u00f3 ha van a h\u00e1zn\u00e1l, akci\u00f3s \u00e9s kett\u0151t adnak egy helyett, s\u0151t rendeld meg neten, h\u00e1zhoz sz\u00e1ll\u00edtj\u00e1k, \u00fagyis nagy az infl\u00e1ci\u00f3, minek kuporgatod a p\u00e9nzt&#8230; h\u00e1t nem az\u00e9rt dolgozol&#8230;? Egy\u00e9bk\u00e9nt is milyen finom. Ha j\u00f3l esik, mi ebben a b\u0171n? Ne l\u00e9gy maradi!&#8230; De legyezi az \u00f6nz\u00e9sedet a birtokl\u00e1ssal is: az a biztos, ami a ti\u00e9d&#8230; Ne csak a szomsz\u00e9dnak legyen. Any\u00e1d\u00e9k m\u00e9g nem engedhett\u00e9k meg maguknak, most v\u00e9gre neked van amib\u0151l, akkor mi\u00e9rt ne v\u00e1s\u00e1roln\u00e1l, mi\u00e9rt ne fogyasztan\u00e1d?&#8230; 2. A hatalom k\u00eds\u00e9rt\u00e9se Olyannak lenni, mint az Isten. Szabad vagy, megteheted. Tud\u00e1ssal, p\u00e9nzzel m\u00e9g t\u00f6bb lesz. Neked nem parancsol senki. L\u00e1tjuk a politikusokn\u00e1l, milyen k\u00f6nnyen meg lehet \u0151ket vesztegetni. Tisztelet a&#8230; <\/p>\n<p><a class=\"readmore\" href=\"https:\/\/stuttgarti-katolikusok.de\/index.php\/kisertesek\/\">R\u00e9szletek<\/a><\/p>\n","protected":false},"author":3,"featured_media":0,"comment_status":"closed","ping_status":"closed","sticky":false,"template":"","format":"standard","meta":{"footnotes":""},"categories":[1],"tags":[],"class_list":["post-8759","post","type-post","status-publish","format-standard","hentry","category-valogatott"],"yoast_head":"<!-- This site is optimized with the Yoast SEO plugin v27.3 - https:\/\/yoast.com\/product\/yoast-seo-wordpress\/ -->\n<title>K\u00eds\u00e9rt\u00e9sben - Stuttgarti Katolikusok<\/title>\n<meta name=\"robots\" content=\"index, follow, max-snippet:-1, max-image-preview:large, max-video-preview:-1\" \/>\n<link rel=\"canonical\" href=\"https:\/\/stuttgarti-katolikusok.de\/index.php\/kisertesek\/\" \/>\n<meta property=\"og:locale\" content=\"hu_HU\" \/>\n<meta property=\"og:type\" content=\"article\" \/>\n<meta property=\"og:title\" content=\"K\u00eds\u00e9rt\u00e9sben - Stuttgarti Katolikusok\" \/>\n<meta property=\"og:description\" content=\"K\u00eds\u00e9rt\u00e9sben Nagyb\u00f6jt idej\u00e9n tudatosabban figyel\u00fcnk a k\u00eds\u00e9rt\u0151re. A negyvennapos pusztai b\u00f6jt, lelki el\u0151k\u00e9sz\u00fclet okvetlen\u00fcl kiugrasztja a nyulat a bokorb\u00f3l, szembes\u00edt a k\u00eds\u00e9rt\u00e9sekkel. A k\u00eds\u00e9rt\u0151, a s\u00e1t\u00e1n, az \u00f6rd\u00f6g, nagysz\u00e1m\u00fa d\u00e9monsereg k\u00eds\u00e9ret\u00e9ben t\u00e1mad minden oldalr\u00f3l. Gondolatainkat, lelki immunrendszer\u00fcnket, zsigereinket. M\u00e1skor is t\u00e1mad, de ilyenkor, mint s\u00f6t\u00e9tben, mikor hirtelen f\u00e9nyt gy\u00fajtunk, megriad \u00e9s acsarkodik, sz\u0171k\u00f6lve fog\u00e1t vicsorgatja. Bevet minden lehets\u00e9ges tr\u00fckk\u00f6t: h\u00edzeleg, id\u00e9zi a Bibli\u00e1t, komfortz\u00f3n\u00e1nkba burkol\u00f3zva jogainkat hangoztatja, hi\u00fas\u00e1gunkat t\u00f6mj\u00e9nezi, cseles \u00e9rvel\u00e9ssel, cs\u00fasztat\u00e1sokkal kelepc\u00e9be csal \u00e9s palira veszi Istenhez ragaszkod\u00e1sunkat. R\u00e1nk bizony\u00edtja, hogy korrump\u00e1lhat\u00f3ak vagyunk, k\u00e9nyes, f\u00e9ltve \u00f3vott \u00e9rz\u00e9keny, gyenge pontunkat veszi c\u00e9lba. H\u00e1rom ter\u00fcleten k\u00fcl\u00f6n\u00f6sen ravaszul kiveti r\u00e1nk a h\u00e1l\u00f3t: 1. Testi v\u00e1gyak, \u00f6szt\u00f6n\u00f6k. H\u00fas-v\u00e9r emberek vagyunk, \u00edgy h\u00e1t term\u00e9szetes, jogos az ig\u00e9ny, hogy a l\u00e9tfenntart\u00e1s, a fajfenntart\u00e1s \u00f6szt\u00f6neire hallgatni kell. No de ott van a kutya el\u00e1sva, hogy ezeket \u00fagy \u00e1ll\u00edtja be, hogy els\u0151dlegesek. Priorit\u00e1sok. Mindent a fogyaszt\u00e1s\u00e9rt, a v\u00e1gyak kiel\u00e9g\u00edt\u00e9s\u00e9\u00e9rt. \u00c9s kinek melyik kedvesebb: \u00e9tel, ital, \u00e9desss\u00e9g, nemis\u00e9g, aszerint sugdal\u00f3zik. \u201eVegy\u00e9l m\u00e9g egy szelet csokit!\u201d, \u201eEtt\u0151l a poh\u00e1rt\u00f3l m\u00e9g lehet vezetni!\u201d, \u201eEgy sz\u00e1l cigi m\u00e9g belef\u00e9r!\u201d stb. Ugyan\u00edgy, amikor v\u00e1s\u00e1rolni m\u00e9sz, direkt j\u00f3, ha nem viszel list\u00e1t: ott helyben majd kider\u00fcl: vedd meg ezt is, most olcs\u00f3bb, j\u00f3 ha van a h\u00e1zn\u00e1l, akci\u00f3s \u00e9s kett\u0151t adnak egy helyett, s\u0151t rendeld meg neten, h\u00e1zhoz sz\u00e1ll\u00edtj\u00e1k, \u00fagyis nagy az infl\u00e1ci\u00f3, minek kuporgatod a p\u00e9nzt&#8230; h\u00e1t nem az\u00e9rt dolgozol&#8230;? Egy\u00e9bk\u00e9nt is milyen finom. Ha j\u00f3l esik, mi ebben a b\u0171n? Ne l\u00e9gy maradi!&#8230; De legyezi az \u00f6nz\u00e9sedet a birtokl\u00e1ssal is: az a biztos, ami a ti\u00e9d&#8230; Ne csak a szomsz\u00e9dnak legyen. Any\u00e1d\u00e9k m\u00e9g nem engedhett\u00e9k meg maguknak, most v\u00e9gre neked van amib\u0151l, akkor mi\u00e9rt ne v\u00e1s\u00e1roln\u00e1l, mi\u00e9rt ne fogyasztan\u00e1d?&#8230; 2. A hatalom k\u00eds\u00e9rt\u00e9se Olyannak lenni, mint az Isten. Szabad vagy, megteheted. Tud\u00e1ssal, p\u00e9nzzel m\u00e9g t\u00f6bb lesz. Neked nem parancsol senki. L\u00e1tjuk a politikusokn\u00e1l, milyen k\u00f6nnyen meg lehet \u0151ket vesztegetni. Tisztelet a... R\u00e9szletek\" \/>\n<meta property=\"og:url\" content=\"https:\/\/stuttgarti-katolikusok.de\/index.php\/kisertesek\/\" \/>\n<meta property=\"og:site_name\" content=\"Stuttgarti Katolikusok\" \/>\n<meta property=\"article:published_time\" content=\"2016-02-18T10:47:39+00:00\" \/>\n<meta property=\"article:modified_time\" content=\"2016-02-20T05:54:48+00:00\" \/>\n<meta name=\"author\" content=\"Tibor atya\" \/>\n<meta name=\"twitter:card\" content=\"summary_large_image\" \/>\n<meta name=\"twitter:label1\" content=\"Szerz\u0151:\" \/>\n\t<meta name=\"twitter:data1\" content=\"Tibor atya\" \/>\n\t<meta name=\"twitter:label2\" content=\"Becs\u00fclt olvas\u00e1si id\u0151\" \/>\n\t<meta name=\"twitter:data2\" content=\"6 perc\" \/>\n<script type=\"application\/ld+json\" class=\"yoast-schema-graph\">{\"@context\":\"https:\\\/\\\/schema.org\",\"@graph\":[{\"@type\":\"Article\",\"@id\":\"https:\\\/\\\/stuttgarti-katolikusok.de\\\/index.php\\\/kisertesek\\\/#article\",\"isPartOf\":{\"@id\":\"https:\\\/\\\/stuttgarti-katolikusok.de\\\/index.php\\\/kisertesek\\\/\"},\"author\":{\"name\":\"Tibor atya\",\"@id\":\"https:\\\/\\\/stuttgarti-katolikusok.de\\\/#\\\/schema\\\/person\\\/75908d6f8fdc03a57889d27209df7795\"},\"headline\":\"K\u00eds\u00e9rt\u00e9sben\",\"datePublished\":\"2016-02-18T10:47:39+00:00\",\"dateModified\":\"2016-02-20T05:54:48+00:00\",\"mainEntityOfPage\":{\"@id\":\"https:\\\/\\\/stuttgarti-katolikusok.de\\\/index.php\\\/kisertesek\\\/\"},\"wordCount\":1120,\"articleSection\":[\"V\u00e1logatott \u00edr\u00e1sok\"],\"inLanguage\":\"hu\"},{\"@type\":\"WebPage\",\"@id\":\"https:\\\/\\\/stuttgarti-katolikusok.de\\\/index.php\\\/kisertesek\\\/\",\"url\":\"https:\\\/\\\/stuttgarti-katolikusok.de\\\/index.php\\\/kisertesek\\\/\",\"name\":\"K\u00eds\u00e9rt\u00e9sben - Stuttgarti Katolikusok\",\"isPartOf\":{\"@id\":\"https:\\\/\\\/stuttgarti-katolikusok.de\\\/#website\"},\"datePublished\":\"2016-02-18T10:47:39+00:00\",\"dateModified\":\"2016-02-20T05:54:48+00:00\",\"author\":{\"@id\":\"https:\\\/\\\/stuttgarti-katolikusok.de\\\/#\\\/schema\\\/person\\\/75908d6f8fdc03a57889d27209df7795\"},\"breadcrumb\":{\"@id\":\"https:\\\/\\\/stuttgarti-katolikusok.de\\\/index.php\\\/kisertesek\\\/#breadcrumb\"},\"inLanguage\":\"hu\",\"potentialAction\":[{\"@type\":\"ReadAction\",\"target\":[\"https:\\\/\\\/stuttgarti-katolikusok.de\\\/index.php\\\/kisertesek\\\/\"]}]},{\"@type\":\"BreadcrumbList\",\"@id\":\"https:\\\/\\\/stuttgarti-katolikusok.de\\\/index.php\\\/kisertesek\\\/#breadcrumb\",\"itemListElement\":[{\"@type\":\"ListItem\",\"position\":1,\"name\":\"Kezd\u0151lap\",\"item\":\"https:\\\/\\\/stuttgarti-katolikusok.de\\\/\"},{\"@type\":\"ListItem\",\"position\":2,\"name\":\"K\u00eds\u00e9rt\u00e9sben\"}]},{\"@type\":\"WebSite\",\"@id\":\"https:\\\/\\\/stuttgarti-katolikusok.de\\\/#website\",\"url\":\"https:\\\/\\\/stuttgarti-katolikusok.de\\\/\",\"name\":\"Stuttgarti Katolikusok\",\"description\":\"\",\"potentialAction\":[{\"@type\":\"SearchAction\",\"target\":{\"@type\":\"EntryPoint\",\"urlTemplate\":\"https:\\\/\\\/stuttgarti-katolikusok.de\\\/?s={search_term_string}\"},\"query-input\":{\"@type\":\"PropertyValueSpecification\",\"valueRequired\":true,\"valueName\":\"search_term_string\"}}],\"inLanguage\":\"hu\"},{\"@type\":\"Person\",\"@id\":\"https:\\\/\\\/stuttgarti-katolikusok.de\\\/#\\\/schema\\\/person\\\/75908d6f8fdc03a57889d27209df7795\",\"name\":\"Tibor atya\",\"image\":{\"@type\":\"ImageObject\",\"inLanguage\":\"hu\",\"@id\":\"https:\\\/\\\/secure.gravatar.com\\\/avatar\\\/61d268e57d1f4525b111222e29d2d5a7f8c420fdbf231ba5566a8ceac74fa960?s=96&d=mm&r=g\",\"url\":\"https:\\\/\\\/secure.gravatar.com\\\/avatar\\\/61d268e57d1f4525b111222e29d2d5a7f8c420fdbf231ba5566a8ceac74fa960?s=96&d=mm&r=g\",\"contentUrl\":\"https:\\\/\\\/secure.gravatar.com\\\/avatar\\\/61d268e57d1f4525b111222e29d2d5a7f8c420fdbf231ba5566a8ceac74fa960?s=96&d=mm&r=g\",\"caption\":\"Tibor atya\"},\"url\":\"https:\\\/\\\/stuttgarti-katolikusok.de\\\/index.php\\\/author\\\/tibor-atya\\\/\"}]}<\/script>\n<!-- \/ Yoast SEO plugin. -->","yoast_head_json":{"title":"K\u00eds\u00e9rt\u00e9sben - Stuttgarti Katolikusok","robots":{"index":"index","follow":"follow","max-snippet":"max-snippet:-1","max-image-preview":"max-image-preview:large","max-video-preview":"max-video-preview:-1"},"canonical":"https:\/\/stuttgarti-katolikusok.de\/index.php\/kisertesek\/","og_locale":"hu_HU","og_type":"article","og_title":"K\u00eds\u00e9rt\u00e9sben - Stuttgarti Katolikusok","og_description":"K\u00eds\u00e9rt\u00e9sben Nagyb\u00f6jt idej\u00e9n tudatosabban figyel\u00fcnk a k\u00eds\u00e9rt\u0151re. A negyvennapos pusztai b\u00f6jt, lelki el\u0151k\u00e9sz\u00fclet okvetlen\u00fcl kiugrasztja a nyulat a bokorb\u00f3l, szembes\u00edt a k\u00eds\u00e9rt\u00e9sekkel. A k\u00eds\u00e9rt\u0151, a s\u00e1t\u00e1n, az \u00f6rd\u00f6g, nagysz\u00e1m\u00fa d\u00e9monsereg k\u00eds\u00e9ret\u00e9ben t\u00e1mad minden oldalr\u00f3l. Gondolatainkat, lelki immunrendszer\u00fcnket, zsigereinket. M\u00e1skor is t\u00e1mad, de ilyenkor, mint s\u00f6t\u00e9tben, mikor hirtelen f\u00e9nyt gy\u00fajtunk, megriad \u00e9s acsarkodik, sz\u0171k\u00f6lve fog\u00e1t vicsorgatja. Bevet minden lehets\u00e9ges tr\u00fckk\u00f6t: h\u00edzeleg, id\u00e9zi a Bibli\u00e1t, komfortz\u00f3n\u00e1nkba burkol\u00f3zva jogainkat hangoztatja, hi\u00fas\u00e1gunkat t\u00f6mj\u00e9nezi, cseles \u00e9rvel\u00e9ssel, cs\u00fasztat\u00e1sokkal kelepc\u00e9be csal \u00e9s palira veszi Istenhez ragaszkod\u00e1sunkat. R\u00e1nk bizony\u00edtja, hogy korrump\u00e1lhat\u00f3ak vagyunk, k\u00e9nyes, f\u00e9ltve \u00f3vott \u00e9rz\u00e9keny, gyenge pontunkat veszi c\u00e9lba. H\u00e1rom ter\u00fcleten k\u00fcl\u00f6n\u00f6sen ravaszul kiveti r\u00e1nk a h\u00e1l\u00f3t: 1. Testi v\u00e1gyak, \u00f6szt\u00f6n\u00f6k. H\u00fas-v\u00e9r emberek vagyunk, \u00edgy h\u00e1t term\u00e9szetes, jogos az ig\u00e9ny, hogy a l\u00e9tfenntart\u00e1s, a fajfenntart\u00e1s \u00f6szt\u00f6neire hallgatni kell. No de ott van a kutya el\u00e1sva, hogy ezeket \u00fagy \u00e1ll\u00edtja be, hogy els\u0151dlegesek. Priorit\u00e1sok. Mindent a fogyaszt\u00e1s\u00e9rt, a v\u00e1gyak kiel\u00e9g\u00edt\u00e9s\u00e9\u00e9rt. \u00c9s kinek melyik kedvesebb: \u00e9tel, ital, \u00e9desss\u00e9g, nemis\u00e9g, aszerint sugdal\u00f3zik. \u201eVegy\u00e9l m\u00e9g egy szelet csokit!\u201d, \u201eEtt\u0151l a poh\u00e1rt\u00f3l m\u00e9g lehet vezetni!\u201d, \u201eEgy sz\u00e1l cigi m\u00e9g belef\u00e9r!\u201d stb. Ugyan\u00edgy, amikor v\u00e1s\u00e1rolni m\u00e9sz, direkt j\u00f3, ha nem viszel list\u00e1t: ott helyben majd kider\u00fcl: vedd meg ezt is, most olcs\u00f3bb, j\u00f3 ha van a h\u00e1zn\u00e1l, akci\u00f3s \u00e9s kett\u0151t adnak egy helyett, s\u0151t rendeld meg neten, h\u00e1zhoz sz\u00e1ll\u00edtj\u00e1k, \u00fagyis nagy az infl\u00e1ci\u00f3, minek kuporgatod a p\u00e9nzt&#8230; h\u00e1t nem az\u00e9rt dolgozol&#8230;? Egy\u00e9bk\u00e9nt is milyen finom. Ha j\u00f3l esik, mi ebben a b\u0171n? Ne l\u00e9gy maradi!&#8230; De legyezi az \u00f6nz\u00e9sedet a birtokl\u00e1ssal is: az a biztos, ami a ti\u00e9d&#8230; Ne csak a szomsz\u00e9dnak legyen. Any\u00e1d\u00e9k m\u00e9g nem engedhett\u00e9k meg maguknak, most v\u00e9gre neked van amib\u0151l, akkor mi\u00e9rt ne v\u00e1s\u00e1roln\u00e1l, mi\u00e9rt ne fogyasztan\u00e1d?&#8230; 2. A hatalom k\u00eds\u00e9rt\u00e9se Olyannak lenni, mint az Isten. Szabad vagy, megteheted. Tud\u00e1ssal, p\u00e9nzzel m\u00e9g t\u00f6bb lesz. Neked nem parancsol senki. L\u00e1tjuk a politikusokn\u00e1l, milyen k\u00f6nnyen meg lehet \u0151ket vesztegetni. Tisztelet a... R\u00e9szletek","og_url":"https:\/\/stuttgarti-katolikusok.de\/index.php\/kisertesek\/","og_site_name":"Stuttgarti Katolikusok","article_published_time":"2016-02-18T10:47:39+00:00","article_modified_time":"2016-02-20T05:54:48+00:00","author":"Tibor atya","twitter_card":"summary_large_image","twitter_misc":{"Szerz\u0151:":"Tibor atya","Becs\u00fclt olvas\u00e1si id\u0151":"6 perc"},"schema":{"@context":"https:\/\/schema.org","@graph":[{"@type":"Article","@id":"https:\/\/stuttgarti-katolikusok.de\/index.php\/kisertesek\/#article","isPartOf":{"@id":"https:\/\/stuttgarti-katolikusok.de\/index.php\/kisertesek\/"},"author":{"name":"Tibor atya","@id":"https:\/\/stuttgarti-katolikusok.de\/#\/schema\/person\/75908d6f8fdc03a57889d27209df7795"},"headline":"K\u00eds\u00e9rt\u00e9sben","datePublished":"2016-02-18T10:47:39+00:00","dateModified":"2016-02-20T05:54:48+00:00","mainEntityOfPage":{"@id":"https:\/\/stuttgarti-katolikusok.de\/index.php\/kisertesek\/"},"wordCount":1120,"articleSection":["V\u00e1logatott \u00edr\u00e1sok"],"inLanguage":"hu"},{"@type":"WebPage","@id":"https:\/\/stuttgarti-katolikusok.de\/index.php\/kisertesek\/","url":"https:\/\/stuttgarti-katolikusok.de\/index.php\/kisertesek\/","name":"K\u00eds\u00e9rt\u00e9sben - Stuttgarti Katolikusok","isPartOf":{"@id":"https:\/\/stuttgarti-katolikusok.de\/#website"},"datePublished":"2016-02-18T10:47:39+00:00","dateModified":"2016-02-20T05:54:48+00:00","author":{"@id":"https:\/\/stuttgarti-katolikusok.de\/#\/schema\/person\/75908d6f8fdc03a57889d27209df7795"},"breadcrumb":{"@id":"https:\/\/stuttgarti-katolikusok.de\/index.php\/kisertesek\/#breadcrumb"},"inLanguage":"hu","potentialAction":[{"@type":"ReadAction","target":["https:\/\/stuttgarti-katolikusok.de\/index.php\/kisertesek\/"]}]},{"@type":"BreadcrumbList","@id":"https:\/\/stuttgarti-katolikusok.de\/index.php\/kisertesek\/#breadcrumb","itemListElement":[{"@type":"ListItem","position":1,"name":"Kezd\u0151lap","item":"https:\/\/stuttgarti-katolikusok.de\/"},{"@type":"ListItem","position":2,"name":"K\u00eds\u00e9rt\u00e9sben"}]},{"@type":"WebSite","@id":"https:\/\/stuttgarti-katolikusok.de\/#website","url":"https:\/\/stuttgarti-katolikusok.de\/","name":"Stuttgarti Katolikusok","description":"","potentialAction":[{"@type":"SearchAction","target":{"@type":"EntryPoint","urlTemplate":"https:\/\/stuttgarti-katolikusok.de\/?s={search_term_string}"},"query-input":{"@type":"PropertyValueSpecification","valueRequired":true,"valueName":"search_term_string"}}],"inLanguage":"hu"},{"@type":"Person","@id":"https:\/\/stuttgarti-katolikusok.de\/#\/schema\/person\/75908d6f8fdc03a57889d27209df7795","name":"Tibor atya","image":{"@type":"ImageObject","inLanguage":"hu","@id":"https:\/\/secure.gravatar.com\/avatar\/61d268e57d1f4525b111222e29d2d5a7f8c420fdbf231ba5566a8ceac74fa960?s=96&d=mm&r=g","url":"https:\/\/secure.gravatar.com\/avatar\/61d268e57d1f4525b111222e29d2d5a7f8c420fdbf231ba5566a8ceac74fa960?s=96&d=mm&r=g","contentUrl":"https:\/\/secure.gravatar.com\/avatar\/61d268e57d1f4525b111222e29d2d5a7f8c420fdbf231ba5566a8ceac74fa960?s=96&d=mm&r=g","caption":"Tibor atya"},"url":"https:\/\/stuttgarti-katolikusok.de\/index.php\/author\/tibor-atya\/"}]}},"_links":{"self":[{"href":"https:\/\/stuttgarti-katolikusok.de\/index.php\/wp-json\/wp\/v2\/posts\/8759","targetHints":{"allow":["GET"]}}],"collection":[{"href":"https:\/\/stuttgarti-katolikusok.de\/index.php\/wp-json\/wp\/v2\/posts"}],"about":[{"href":"https:\/\/stuttgarti-katolikusok.de\/index.php\/wp-json\/wp\/v2\/types\/post"}],"author":[{"embeddable":true,"href":"https:\/\/stuttgarti-katolikusok.de\/index.php\/wp-json\/wp\/v2\/users\/3"}],"replies":[{"embeddable":true,"href":"https:\/\/stuttgarti-katolikusok.de\/index.php\/wp-json\/wp\/v2\/comments?post=8759"}],"version-history":[{"count":3,"href":"https:\/\/stuttgarti-katolikusok.de\/index.php\/wp-json\/wp\/v2\/posts\/8759\/revisions"}],"predecessor-version":[{"id":8781,"href":"https:\/\/stuttgarti-katolikusok.de\/index.php\/wp-json\/wp\/v2\/posts\/8759\/revisions\/8781"}],"wp:attachment":[{"href":"https:\/\/stuttgarti-katolikusok.de\/index.php\/wp-json\/wp\/v2\/media?parent=8759"}],"wp:term":[{"taxonomy":"category","embeddable":true,"href":"https:\/\/stuttgarti-katolikusok.de\/index.php\/wp-json\/wp\/v2\/categories?post=8759"},{"taxonomy":"post_tag","embeddable":true,"href":"https:\/\/stuttgarti-katolikusok.de\/index.php\/wp-json\/wp\/v2\/tags?post=8759"}],"curies":[{"name":"wp","href":"https:\/\/api.w.org\/{rel}","templated":true}]}}