{"id":8737,"date":"2016-02-16T16:53:07","date_gmt":"2016-02-16T16:53:07","guid":{"rendered":"https:\/\/gracious-dewdney.138-201-221-2.plesk.page\/?p=8737"},"modified":"2019-10-23T10:41:48","modified_gmt":"2019-10-23T10:41:48","slug":"arnyekaink-2","status":"publish","type":"post","link":"https:\/\/stuttgarti-katolikusok.de\/index.php\/arnyekaink-2\/","title":{"rendered":"\u00c1rny\u00e9kaink&#8230;"},"content":{"rendered":"<p>Amikor megl\u00e1ttalak, szemmel l\u00e1that\u00f3an b\u00e1ntott valami&#8230; Azt\u00e1n sebt\u00e9ben elmondtad, hogy szomor\u00fa vagy, mert valamit elrontott\u00e1l, valamit elhib\u00e1zt\u00e1l&#8230; Nem volt ugyan f\u0151benj\u00e1r\u00f3 dolog, de k\u00f6vetkezm\u00e9nyei csak rontottak jelenlegi helyzeteden&#8230;<\/p>\n<p>\u00c9reztem, hogy most \u00e9n sem tudok seg\u00edteni rajtad. Mondtam ugyan, hogy: van \u00edgy az ember. Meg azt is, hogy: hozz\u00e1tartozik haland\u00f3 voltunkhoz, hogy n\u00e9ha, ha j\u00f3t is akarunk tenni, rossz sz\u00fcletik bel\u0151le&#8230;<br \/>\nDe l\u00e1ttam, hogy \u0151szint\u00e9n b\u00e1nt az \u201e\u00e1rny\u00e9kod\u201d.<\/p>\n<p>\u00c9s akkor ment\u0151 gondolatom t\u00e1madt&#8230;<\/p>\n<p>Minden embernek van \u00e1rny\u00e9ka! Kinek kisebb, kinek nagyobb&#8230; Kinek felt\u0171n\u0151bb, kinek rejtettebb&#8230;<\/p>\n<p>Vannak olyan emberek, akik \u00fagy akarnak \u00e1rny\u00e9kukt\u00f3l megszabadulni, hogy tagadj\u00e1k azt.<br \/>\nM\u00e1sok\u00e9ra ujjal mutogatnak, a maguk\u00e9t azonban makacsul c\u00e1folj\u00e1k&#8230;<\/p>\n<p>Vannak emberek, akik folyton menek\u00fclnek el\u0151le.<br \/>\nSokszor egy eg\u00e9sz \u00e9leten kereszt\u00fcl.<br \/>\nAddig futnak, am\u00edg bele nem f\u00e1radnak, \u00e9s csak nagyk\u00e9s\u0151n veszik \u00e9szre, hogy nem tudnak megszabadulni \u00e1rny\u00e9kukt\u00f3l&#8230;<\/p>\n<p>Vannak azt\u00e1n olyanok is, akiknek van annyi b\u00e1tors\u00e1guk, hogy egy\u00fctt \u00e9ljenek az \u00e1rny\u00e9kukkal&#8230;<br \/>\nVan benn\u00fck annyi al\u00e1zat, hogy elfogadj\u00e1k azt, \u00e1lljanak hozz\u00e1, mindegy, hogy milyen nagy \u00e9s milyen s\u00f6t\u00e9t&#8230;<br \/>\nEzek az emberek ez\u00e1ltal lesznek \u2013 emberibbek.<br \/>\nEzek az emberek ez\u00e1ltal lesznek \u2013 megbocs\u00e1t\u00f3k.<br \/>\nEzek az emberek megtanult\u00e1k, hogy saj\u00e1t maguk \u2013 \u00e9s m\u00e1sok \u00e1rny\u00e9k\u00e1val irgalmasabban b\u00e1njanak, hisz az hozz\u00e1tartozik embervoltunkhoz&#8230;<\/p>\n<p>V\u00e9g\u00fcl vannak olyanok, akik \u00e1rny\u00e9kukkal Krisztus keresztj\u00e9nek \u00e1rny\u00e9k\u00e1ba \u00e1llnak.<br \/>\nEzek boldogabban \u00e9lnek, mert \u00e9rzik, hogy Valaki megszabad\u00edtotta \u0151ket az \u00e1rny\u00e9kukt\u00f3l&#8230;<br \/>\nEzek minden \u00e1rny\u00e9kuk ellen\u00e9re der\u0171sebbek, mert tudj\u00e1k, Valaki \u2013 ha k\u00e9rik \u2013 megbocs\u00e1tja hib\u00e1ikat, v\u00e9tkeiket \u00e9s b\u0171neiket&#8230;<br \/>\nEzek mindig \u00fajrakezdik, k\u00e9pesek arra, hogy fel\u00e1lljanak, mert hisznek abban: Valaki \u2013 ha k\u00e9rik \u2013 v\u00e1ll\u00e1ra veszi \u0151ket&#8230;<\/p>\n<p>\u00c9n is ilyen ember akarok tenni&#8230; Holnap, nem: m\u00e9g ma, a nagyb\u00f6jt kezdet\u00e9n szeretn\u00e9k a Kereszt al\u00e1 \u00e1llni, \u00e9s ott sokakkal tal\u00e1lkozni!<\/p>\n<p>Veled is!<\/p>\n<p>J\u00f6jj h\u00e1t Te is!<\/p>\n<p>J\u00f6jjetek h\u00e1t Ti is!<\/p>\n<p>Ezt k\u00edv\u00e1nja szeretettel minden H\u00edv\u00e9nek \u00e9s Olvas\u00f3j\u00e1nak,<\/p>\n<p>Imre atya<\/p>\n<p>Stuttgart, 2016. Nagyb\u00f6jt I. vas\u00e1rnapj\u00e1n<\/p>\n","protected":false},"excerpt":{"rendered":"<p>Amikor megl\u00e1ttalak, szemmel l\u00e1that\u00f3an b\u00e1ntott valami&#8230; Azt\u00e1n sebt\u00e9ben elmondtad, hogy szomor\u00fa vagy, mert valamit elrontott\u00e1l, valamit elhib\u00e1zt\u00e1l&#8230; Nem volt ugyan f\u0151benj\u00e1r\u00f3 dolog, de k\u00f6vetkezm\u00e9nyei csak rontottak jelenlegi helyzeteden&#8230; \u00c9reztem, hogy most \u00e9n sem tudok seg\u00edteni rajtad. Mondtam ugyan, hogy: van \u00edgy az ember. Meg azt is, hogy: hozz\u00e1tartozik haland\u00f3 voltunkhoz, hogy n\u00e9ha, ha j\u00f3t is akarunk tenni, rossz sz\u00fcletik bel\u0151le&#8230; De l\u00e1ttam, hogy \u0151szint\u00e9n b\u00e1nt az \u201e\u00e1rny\u00e9kod\u201d. \u00c9s akkor ment\u0151 gondolatom t\u00e1madt&#8230; Minden embernek van \u00e1rny\u00e9ka! Kinek kisebb, kinek nagyobb&#8230; Kinek felt\u0171n\u0151bb, kinek rejtettebb&#8230; Vannak olyan emberek, akik \u00fagy akarnak \u00e1rny\u00e9kukt\u00f3l megszabadulni, hogy tagadj\u00e1k azt. M\u00e1sok\u00e9ra ujjal mutogatnak, a maguk\u00e9t azonban makacsul c\u00e1folj\u00e1k&#8230; Vannak emberek, akik folyton menek\u00fclnek el\u0151le. Sokszor egy eg\u00e9sz \u00e9leten kereszt\u00fcl. Addig futnak, am\u00edg bele nem f\u00e1radnak, \u00e9s csak nagyk\u00e9s\u0151n veszik \u00e9szre, hogy nem tudnak megszabadulni \u00e1rny\u00e9kukt\u00f3l&#8230; Vannak azt\u00e1n olyanok is, akiknek van annyi b\u00e1tors\u00e1guk, hogy egy\u00fctt \u00e9ljenek az \u00e1rny\u00e9kukkal&#8230; Van benn\u00fck annyi al\u00e1zat, hogy elfogadj\u00e1k azt, \u00e1lljanak hozz\u00e1, mindegy, hogy milyen nagy \u00e9s milyen s\u00f6t\u00e9t&#8230; Ezek az emberek ez\u00e1ltal lesznek \u2013 emberibbek. Ezek az emberek ez\u00e1ltal lesznek \u2013 megbocs\u00e1t\u00f3k. Ezek az emberek megtanult\u00e1k, hogy saj\u00e1t maguk \u2013 \u00e9s m\u00e1sok \u00e1rny\u00e9k\u00e1val irgalmasabban b\u00e1njanak, hisz az hozz\u00e1tartozik embervoltunkhoz&#8230; V\u00e9g\u00fcl vannak olyanok, akik \u00e1rny\u00e9kukkal Krisztus keresztj\u00e9nek \u00e1rny\u00e9k\u00e1ba \u00e1llnak. Ezek boldogabban \u00e9lnek, mert \u00e9rzik, hogy Valaki megszabad\u00edtotta \u0151ket az \u00e1rny\u00e9kukt\u00f3l&#8230; Ezek minden \u00e1rny\u00e9kuk ellen\u00e9re der\u0171sebbek, mert tudj\u00e1k, Valaki \u2013 ha k\u00e9rik \u2013 megbocs\u00e1tja hib\u00e1ikat, v\u00e9tkeiket \u00e9s b\u0171neiket&#8230; Ezek mindig \u00fajrakezdik, k\u00e9pesek arra, hogy fel\u00e1lljanak, mert hisznek abban: Valaki \u2013 ha k\u00e9rik \u2013 v\u00e1ll\u00e1ra veszi \u0151ket&#8230; \u00c9n is ilyen ember akarok tenni&#8230; Holnap, nem: m\u00e9g ma, a nagyb\u00f6jt kezdet\u00e9n szeretn\u00e9k a Kereszt al\u00e1 \u00e1llni, \u00e9s ott sokakkal tal\u00e1lkozni! Veled is! J\u00f6jj h\u00e1t Te is! J\u00f6jjetek h\u00e1t Ti is! Ezt k\u00edv\u00e1nja szeretettel minden H\u00edv\u00e9nek \u00e9s Olvas\u00f3j\u00e1nak, Imre atya Stuttgart, 2016. Nagyb\u00f6jt I. vas\u00e1rnapj\u00e1n<\/p>\n","protected":false},"author":3,"featured_media":0,"comment_status":"closed","ping_status":"closed","sticky":false,"template":"","format":"standard","meta":{"footnotes":""},"categories":[24],"tags":[],"class_list":["post-8737","post","type-post","status-publish","format-standard","hentry","category-gondolatok"],"yoast_head":"<!-- This site is optimized with the Yoast SEO plugin v27.3 - https:\/\/yoast.com\/product\/yoast-seo-wordpress\/ -->\n<title>\u00c1rny\u00e9kaink... - Stuttgarti Katolikusok<\/title>\n<meta name=\"robots\" content=\"index, follow, max-snippet:-1, max-image-preview:large, max-video-preview:-1\" \/>\n<link rel=\"canonical\" href=\"https:\/\/stuttgarti-katolikusok.de\/index.php\/arnyekaink-2\/\" \/>\n<meta property=\"og:locale\" content=\"hu_HU\" \/>\n<meta property=\"og:type\" content=\"article\" \/>\n<meta property=\"og:title\" content=\"\u00c1rny\u00e9kaink... - Stuttgarti Katolikusok\" \/>\n<meta property=\"og:description\" content=\"Amikor megl\u00e1ttalak, szemmel l\u00e1that\u00f3an b\u00e1ntott valami&#8230; Azt\u00e1n sebt\u00e9ben elmondtad, hogy szomor\u00fa vagy, mert valamit elrontott\u00e1l, valamit elhib\u00e1zt\u00e1l&#8230; Nem volt ugyan f\u0151benj\u00e1r\u00f3 dolog, de k\u00f6vetkezm\u00e9nyei csak rontottak jelenlegi helyzeteden&#8230; \u00c9reztem, hogy most \u00e9n sem tudok seg\u00edteni rajtad. Mondtam ugyan, hogy: van \u00edgy az ember. Meg azt is, hogy: hozz\u00e1tartozik haland\u00f3 voltunkhoz, hogy n\u00e9ha, ha j\u00f3t is akarunk tenni, rossz sz\u00fcletik bel\u0151le&#8230; De l\u00e1ttam, hogy \u0151szint\u00e9n b\u00e1nt az \u201e\u00e1rny\u00e9kod\u201d. \u00c9s akkor ment\u0151 gondolatom t\u00e1madt&#8230; Minden embernek van \u00e1rny\u00e9ka! Kinek kisebb, kinek nagyobb&#8230; Kinek felt\u0171n\u0151bb, kinek rejtettebb&#8230; Vannak olyan emberek, akik \u00fagy akarnak \u00e1rny\u00e9kukt\u00f3l megszabadulni, hogy tagadj\u00e1k azt. M\u00e1sok\u00e9ra ujjal mutogatnak, a maguk\u00e9t azonban makacsul c\u00e1folj\u00e1k&#8230; Vannak emberek, akik folyton menek\u00fclnek el\u0151le. Sokszor egy eg\u00e9sz \u00e9leten kereszt\u00fcl. Addig futnak, am\u00edg bele nem f\u00e1radnak, \u00e9s csak nagyk\u00e9s\u0151n veszik \u00e9szre, hogy nem tudnak megszabadulni \u00e1rny\u00e9kukt\u00f3l&#8230; Vannak azt\u00e1n olyanok is, akiknek van annyi b\u00e1tors\u00e1guk, hogy egy\u00fctt \u00e9ljenek az \u00e1rny\u00e9kukkal&#8230; Van benn\u00fck annyi al\u00e1zat, hogy elfogadj\u00e1k azt, \u00e1lljanak hozz\u00e1, mindegy, hogy milyen nagy \u00e9s milyen s\u00f6t\u00e9t&#8230; Ezek az emberek ez\u00e1ltal lesznek \u2013 emberibbek. Ezek az emberek ez\u00e1ltal lesznek \u2013 megbocs\u00e1t\u00f3k. Ezek az emberek megtanult\u00e1k, hogy saj\u00e1t maguk \u2013 \u00e9s m\u00e1sok \u00e1rny\u00e9k\u00e1val irgalmasabban b\u00e1njanak, hisz az hozz\u00e1tartozik embervoltunkhoz&#8230; V\u00e9g\u00fcl vannak olyanok, akik \u00e1rny\u00e9kukkal Krisztus keresztj\u00e9nek \u00e1rny\u00e9k\u00e1ba \u00e1llnak. Ezek boldogabban \u00e9lnek, mert \u00e9rzik, hogy Valaki megszabad\u00edtotta \u0151ket az \u00e1rny\u00e9kukt\u00f3l&#8230; Ezek minden \u00e1rny\u00e9kuk ellen\u00e9re der\u0171sebbek, mert tudj\u00e1k, Valaki \u2013 ha k\u00e9rik \u2013 megbocs\u00e1tja hib\u00e1ikat, v\u00e9tkeiket \u00e9s b\u0171neiket&#8230; Ezek mindig \u00fajrakezdik, k\u00e9pesek arra, hogy fel\u00e1lljanak, mert hisznek abban: Valaki \u2013 ha k\u00e9rik \u2013 v\u00e1ll\u00e1ra veszi \u0151ket&#8230; \u00c9n is ilyen ember akarok tenni&#8230; Holnap, nem: m\u00e9g ma, a nagyb\u00f6jt kezdet\u00e9n szeretn\u00e9k a Kereszt al\u00e1 \u00e1llni, \u00e9s ott sokakkal tal\u00e1lkozni! Veled is! J\u00f6jj h\u00e1t Te is! J\u00f6jjetek h\u00e1t Ti is! Ezt k\u00edv\u00e1nja szeretettel minden H\u00edv\u00e9nek \u00e9s Olvas\u00f3j\u00e1nak, Imre atya Stuttgart, 2016. Nagyb\u00f6jt I. vas\u00e1rnapj\u00e1n\" \/>\n<meta property=\"og:url\" content=\"https:\/\/stuttgarti-katolikusok.de\/index.php\/arnyekaink-2\/\" \/>\n<meta property=\"og:site_name\" content=\"Stuttgarti Katolikusok\" \/>\n<meta property=\"article:published_time\" content=\"2016-02-16T16:53:07+00:00\" \/>\n<meta property=\"article:modified_time\" content=\"2019-10-23T10:41:48+00:00\" \/>\n<meta name=\"author\" content=\"Tibor atya\" \/>\n<meta name=\"twitter:card\" content=\"summary_large_image\" \/>\n<meta name=\"twitter:label1\" content=\"Szerz\u0151:\" \/>\n\t<meta name=\"twitter:data1\" content=\"Tibor atya\" \/>\n\t<meta name=\"twitter:label2\" content=\"Becs\u00fclt olvas\u00e1si id\u0151\" \/>\n\t<meta name=\"twitter:data2\" content=\"2 perc\" \/>\n<script type=\"application\/ld+json\" class=\"yoast-schema-graph\">{\"@context\":\"https:\\\/\\\/schema.org\",\"@graph\":[{\"@type\":\"Article\",\"@id\":\"https:\\\/\\\/stuttgarti-katolikusok.de\\\/index.php\\\/arnyekaink-2\\\/#article\",\"isPartOf\":{\"@id\":\"https:\\\/\\\/stuttgarti-katolikusok.de\\\/index.php\\\/arnyekaink-2\\\/\"},\"author\":{\"name\":\"Tibor atya\",\"@id\":\"https:\\\/\\\/stuttgarti-katolikusok.de\\\/#\\\/schema\\\/person\\\/75908d6f8fdc03a57889d27209df7795\"},\"headline\":\"\u00c1rny\u00e9kaink&#8230;\",\"datePublished\":\"2016-02-16T16:53:07+00:00\",\"dateModified\":\"2019-10-23T10:41:48+00:00\",\"mainEntityOfPage\":{\"@id\":\"https:\\\/\\\/stuttgarti-katolikusok.de\\\/index.php\\\/arnyekaink-2\\\/\"},\"wordCount\":392,\"articleSection\":[\"Gondolatok\"],\"inLanguage\":\"hu\"},{\"@type\":\"WebPage\",\"@id\":\"https:\\\/\\\/stuttgarti-katolikusok.de\\\/index.php\\\/arnyekaink-2\\\/\",\"url\":\"https:\\\/\\\/stuttgarti-katolikusok.de\\\/index.php\\\/arnyekaink-2\\\/\",\"name\":\"\u00c1rny\u00e9kaink... - Stuttgarti Katolikusok\",\"isPartOf\":{\"@id\":\"https:\\\/\\\/stuttgarti-katolikusok.de\\\/#website\"},\"datePublished\":\"2016-02-16T16:53:07+00:00\",\"dateModified\":\"2019-10-23T10:41:48+00:00\",\"author\":{\"@id\":\"https:\\\/\\\/stuttgarti-katolikusok.de\\\/#\\\/schema\\\/person\\\/75908d6f8fdc03a57889d27209df7795\"},\"breadcrumb\":{\"@id\":\"https:\\\/\\\/stuttgarti-katolikusok.de\\\/index.php\\\/arnyekaink-2\\\/#breadcrumb\"},\"inLanguage\":\"hu\",\"potentialAction\":[{\"@type\":\"ReadAction\",\"target\":[\"https:\\\/\\\/stuttgarti-katolikusok.de\\\/index.php\\\/arnyekaink-2\\\/\"]}]},{\"@type\":\"BreadcrumbList\",\"@id\":\"https:\\\/\\\/stuttgarti-katolikusok.de\\\/index.php\\\/arnyekaink-2\\\/#breadcrumb\",\"itemListElement\":[{\"@type\":\"ListItem\",\"position\":1,\"name\":\"Kezd\u0151lap\",\"item\":\"https:\\\/\\\/stuttgarti-katolikusok.de\\\/\"},{\"@type\":\"ListItem\",\"position\":2,\"name\":\"\u00c1rny\u00e9kaink&#8230;\"}]},{\"@type\":\"WebSite\",\"@id\":\"https:\\\/\\\/stuttgarti-katolikusok.de\\\/#website\",\"url\":\"https:\\\/\\\/stuttgarti-katolikusok.de\\\/\",\"name\":\"Stuttgarti Katolikusok\",\"description\":\"\",\"potentialAction\":[{\"@type\":\"SearchAction\",\"target\":{\"@type\":\"EntryPoint\",\"urlTemplate\":\"https:\\\/\\\/stuttgarti-katolikusok.de\\\/?s={search_term_string}\"},\"query-input\":{\"@type\":\"PropertyValueSpecification\",\"valueRequired\":true,\"valueName\":\"search_term_string\"}}],\"inLanguage\":\"hu\"},{\"@type\":\"Person\",\"@id\":\"https:\\\/\\\/stuttgarti-katolikusok.de\\\/#\\\/schema\\\/person\\\/75908d6f8fdc03a57889d27209df7795\",\"name\":\"Tibor atya\",\"image\":{\"@type\":\"ImageObject\",\"inLanguage\":\"hu\",\"@id\":\"https:\\\/\\\/secure.gravatar.com\\\/avatar\\\/61d268e57d1f4525b111222e29d2d5a7f8c420fdbf231ba5566a8ceac74fa960?s=96&d=mm&r=g\",\"url\":\"https:\\\/\\\/secure.gravatar.com\\\/avatar\\\/61d268e57d1f4525b111222e29d2d5a7f8c420fdbf231ba5566a8ceac74fa960?s=96&d=mm&r=g\",\"contentUrl\":\"https:\\\/\\\/secure.gravatar.com\\\/avatar\\\/61d268e57d1f4525b111222e29d2d5a7f8c420fdbf231ba5566a8ceac74fa960?s=96&d=mm&r=g\",\"caption\":\"Tibor atya\"},\"url\":\"https:\\\/\\\/stuttgarti-katolikusok.de\\\/index.php\\\/author\\\/tibor-atya\\\/\"}]}<\/script>\n<!-- \/ Yoast SEO plugin. -->","yoast_head_json":{"title":"\u00c1rny\u00e9kaink... - Stuttgarti Katolikusok","robots":{"index":"index","follow":"follow","max-snippet":"max-snippet:-1","max-image-preview":"max-image-preview:large","max-video-preview":"max-video-preview:-1"},"canonical":"https:\/\/stuttgarti-katolikusok.de\/index.php\/arnyekaink-2\/","og_locale":"hu_HU","og_type":"article","og_title":"\u00c1rny\u00e9kaink... - Stuttgarti Katolikusok","og_description":"Amikor megl\u00e1ttalak, szemmel l\u00e1that\u00f3an b\u00e1ntott valami&#8230; Azt\u00e1n sebt\u00e9ben elmondtad, hogy szomor\u00fa vagy, mert valamit elrontott\u00e1l, valamit elhib\u00e1zt\u00e1l&#8230; Nem volt ugyan f\u0151benj\u00e1r\u00f3 dolog, de k\u00f6vetkezm\u00e9nyei csak rontottak jelenlegi helyzeteden&#8230; \u00c9reztem, hogy most \u00e9n sem tudok seg\u00edteni rajtad. Mondtam ugyan, hogy: van \u00edgy az ember. Meg azt is, hogy: hozz\u00e1tartozik haland\u00f3 voltunkhoz, hogy n\u00e9ha, ha j\u00f3t is akarunk tenni, rossz sz\u00fcletik bel\u0151le&#8230; De l\u00e1ttam, hogy \u0151szint\u00e9n b\u00e1nt az \u201e\u00e1rny\u00e9kod\u201d. \u00c9s akkor ment\u0151 gondolatom t\u00e1madt&#8230; Minden embernek van \u00e1rny\u00e9ka! Kinek kisebb, kinek nagyobb&#8230; Kinek felt\u0171n\u0151bb, kinek rejtettebb&#8230; Vannak olyan emberek, akik \u00fagy akarnak \u00e1rny\u00e9kukt\u00f3l megszabadulni, hogy tagadj\u00e1k azt. M\u00e1sok\u00e9ra ujjal mutogatnak, a maguk\u00e9t azonban makacsul c\u00e1folj\u00e1k&#8230; Vannak emberek, akik folyton menek\u00fclnek el\u0151le. Sokszor egy eg\u00e9sz \u00e9leten kereszt\u00fcl. Addig futnak, am\u00edg bele nem f\u00e1radnak, \u00e9s csak nagyk\u00e9s\u0151n veszik \u00e9szre, hogy nem tudnak megszabadulni \u00e1rny\u00e9kukt\u00f3l&#8230; Vannak azt\u00e1n olyanok is, akiknek van annyi b\u00e1tors\u00e1guk, hogy egy\u00fctt \u00e9ljenek az \u00e1rny\u00e9kukkal&#8230; Van benn\u00fck annyi al\u00e1zat, hogy elfogadj\u00e1k azt, \u00e1lljanak hozz\u00e1, mindegy, hogy milyen nagy \u00e9s milyen s\u00f6t\u00e9t&#8230; Ezek az emberek ez\u00e1ltal lesznek \u2013 emberibbek. Ezek az emberek ez\u00e1ltal lesznek \u2013 megbocs\u00e1t\u00f3k. Ezek az emberek megtanult\u00e1k, hogy saj\u00e1t maguk \u2013 \u00e9s m\u00e1sok \u00e1rny\u00e9k\u00e1val irgalmasabban b\u00e1njanak, hisz az hozz\u00e1tartozik embervoltunkhoz&#8230; V\u00e9g\u00fcl vannak olyanok, akik \u00e1rny\u00e9kukkal Krisztus keresztj\u00e9nek \u00e1rny\u00e9k\u00e1ba \u00e1llnak. Ezek boldogabban \u00e9lnek, mert \u00e9rzik, hogy Valaki megszabad\u00edtotta \u0151ket az \u00e1rny\u00e9kukt\u00f3l&#8230; Ezek minden \u00e1rny\u00e9kuk ellen\u00e9re der\u0171sebbek, mert tudj\u00e1k, Valaki \u2013 ha k\u00e9rik \u2013 megbocs\u00e1tja hib\u00e1ikat, v\u00e9tkeiket \u00e9s b\u0171neiket&#8230; Ezek mindig \u00fajrakezdik, k\u00e9pesek arra, hogy fel\u00e1lljanak, mert hisznek abban: Valaki \u2013 ha k\u00e9rik \u2013 v\u00e1ll\u00e1ra veszi \u0151ket&#8230; \u00c9n is ilyen ember akarok tenni&#8230; Holnap, nem: m\u00e9g ma, a nagyb\u00f6jt kezdet\u00e9n szeretn\u00e9k a Kereszt al\u00e1 \u00e1llni, \u00e9s ott sokakkal tal\u00e1lkozni! Veled is! J\u00f6jj h\u00e1t Te is! J\u00f6jjetek h\u00e1t Ti is! Ezt k\u00edv\u00e1nja szeretettel minden H\u00edv\u00e9nek \u00e9s Olvas\u00f3j\u00e1nak, Imre atya Stuttgart, 2016. Nagyb\u00f6jt I. vas\u00e1rnapj\u00e1n","og_url":"https:\/\/stuttgarti-katolikusok.de\/index.php\/arnyekaink-2\/","og_site_name":"Stuttgarti Katolikusok","article_published_time":"2016-02-16T16:53:07+00:00","article_modified_time":"2019-10-23T10:41:48+00:00","author":"Tibor atya","twitter_card":"summary_large_image","twitter_misc":{"Szerz\u0151:":"Tibor atya","Becs\u00fclt olvas\u00e1si id\u0151":"2 perc"},"schema":{"@context":"https:\/\/schema.org","@graph":[{"@type":"Article","@id":"https:\/\/stuttgarti-katolikusok.de\/index.php\/arnyekaink-2\/#article","isPartOf":{"@id":"https:\/\/stuttgarti-katolikusok.de\/index.php\/arnyekaink-2\/"},"author":{"name":"Tibor atya","@id":"https:\/\/stuttgarti-katolikusok.de\/#\/schema\/person\/75908d6f8fdc03a57889d27209df7795"},"headline":"\u00c1rny\u00e9kaink&#8230;","datePublished":"2016-02-16T16:53:07+00:00","dateModified":"2019-10-23T10:41:48+00:00","mainEntityOfPage":{"@id":"https:\/\/stuttgarti-katolikusok.de\/index.php\/arnyekaink-2\/"},"wordCount":392,"articleSection":["Gondolatok"],"inLanguage":"hu"},{"@type":"WebPage","@id":"https:\/\/stuttgarti-katolikusok.de\/index.php\/arnyekaink-2\/","url":"https:\/\/stuttgarti-katolikusok.de\/index.php\/arnyekaink-2\/","name":"\u00c1rny\u00e9kaink... - Stuttgarti Katolikusok","isPartOf":{"@id":"https:\/\/stuttgarti-katolikusok.de\/#website"},"datePublished":"2016-02-16T16:53:07+00:00","dateModified":"2019-10-23T10:41:48+00:00","author":{"@id":"https:\/\/stuttgarti-katolikusok.de\/#\/schema\/person\/75908d6f8fdc03a57889d27209df7795"},"breadcrumb":{"@id":"https:\/\/stuttgarti-katolikusok.de\/index.php\/arnyekaink-2\/#breadcrumb"},"inLanguage":"hu","potentialAction":[{"@type":"ReadAction","target":["https:\/\/stuttgarti-katolikusok.de\/index.php\/arnyekaink-2\/"]}]},{"@type":"BreadcrumbList","@id":"https:\/\/stuttgarti-katolikusok.de\/index.php\/arnyekaink-2\/#breadcrumb","itemListElement":[{"@type":"ListItem","position":1,"name":"Kezd\u0151lap","item":"https:\/\/stuttgarti-katolikusok.de\/"},{"@type":"ListItem","position":2,"name":"\u00c1rny\u00e9kaink&#8230;"}]},{"@type":"WebSite","@id":"https:\/\/stuttgarti-katolikusok.de\/#website","url":"https:\/\/stuttgarti-katolikusok.de\/","name":"Stuttgarti Katolikusok","description":"","potentialAction":[{"@type":"SearchAction","target":{"@type":"EntryPoint","urlTemplate":"https:\/\/stuttgarti-katolikusok.de\/?s={search_term_string}"},"query-input":{"@type":"PropertyValueSpecification","valueRequired":true,"valueName":"search_term_string"}}],"inLanguage":"hu"},{"@type":"Person","@id":"https:\/\/stuttgarti-katolikusok.de\/#\/schema\/person\/75908d6f8fdc03a57889d27209df7795","name":"Tibor atya","image":{"@type":"ImageObject","inLanguage":"hu","@id":"https:\/\/secure.gravatar.com\/avatar\/61d268e57d1f4525b111222e29d2d5a7f8c420fdbf231ba5566a8ceac74fa960?s=96&d=mm&r=g","url":"https:\/\/secure.gravatar.com\/avatar\/61d268e57d1f4525b111222e29d2d5a7f8c420fdbf231ba5566a8ceac74fa960?s=96&d=mm&r=g","contentUrl":"https:\/\/secure.gravatar.com\/avatar\/61d268e57d1f4525b111222e29d2d5a7f8c420fdbf231ba5566a8ceac74fa960?s=96&d=mm&r=g","caption":"Tibor atya"},"url":"https:\/\/stuttgarti-katolikusok.de\/index.php\/author\/tibor-atya\/"}]}},"_links":{"self":[{"href":"https:\/\/stuttgarti-katolikusok.de\/index.php\/wp-json\/wp\/v2\/posts\/8737","targetHints":{"allow":["GET"]}}],"collection":[{"href":"https:\/\/stuttgarti-katolikusok.de\/index.php\/wp-json\/wp\/v2\/posts"}],"about":[{"href":"https:\/\/stuttgarti-katolikusok.de\/index.php\/wp-json\/wp\/v2\/types\/post"}],"author":[{"embeddable":true,"href":"https:\/\/stuttgarti-katolikusok.de\/index.php\/wp-json\/wp\/v2\/users\/3"}],"replies":[{"embeddable":true,"href":"https:\/\/stuttgarti-katolikusok.de\/index.php\/wp-json\/wp\/v2\/comments?post=8737"}],"version-history":[{"count":1,"href":"https:\/\/stuttgarti-katolikusok.de\/index.php\/wp-json\/wp\/v2\/posts\/8737\/revisions"}],"predecessor-version":[{"id":8739,"href":"https:\/\/stuttgarti-katolikusok.de\/index.php\/wp-json\/wp\/v2\/posts\/8737\/revisions\/8739"}],"wp:attachment":[{"href":"https:\/\/stuttgarti-katolikusok.de\/index.php\/wp-json\/wp\/v2\/media?parent=8737"}],"wp:term":[{"taxonomy":"category","embeddable":true,"href":"https:\/\/stuttgarti-katolikusok.de\/index.php\/wp-json\/wp\/v2\/categories?post=8737"},{"taxonomy":"post_tag","embeddable":true,"href":"https:\/\/stuttgarti-katolikusok.de\/index.php\/wp-json\/wp\/v2\/tags?post=8737"}],"curies":[{"name":"wp","href":"https:\/\/api.w.org\/{rel}","templated":true}]}}