{"id":8660,"date":"2016-02-09T12:18:54","date_gmt":"2016-02-09T12:18:54","guid":{"rendered":"https:\/\/gracious-dewdney.138-201-221-2.plesk.page\/?p=8660"},"modified":"2016-02-11T23:11:42","modified_gmt":"2016-02-11T23:11:42","slug":"stuttgarti-farsang","status":"publish","type":"post","link":"https:\/\/stuttgarti-katolikusok.de\/index.php\/stuttgarti-farsang\/","title":{"rendered":"Stuttgarti Farsang &#8211; K\u00e9pgal\u00e9ria"},"content":{"rendered":"<div class=\"wpb-content-wrapper\">[vc_row][vc_column][vc_column_text]\n<div><em>Stutttg\u00e1rtban r\u00e9gi szok\u00e1sunk szerint id\u00e9n is hangulatos farsangi mulats\u00e1ggal z\u00e1rtuk le az idei b\u00e1li szezont.<\/em><\/div>\n<div><em>Szentmise ut\u00e1n a k\u00f6z\u00f6ss\u00e9gi teremben gy\u00fclekezett a n\u00e9pes sereg.<\/em><\/div>\n<div><em>Sz\u00e9pen ter\u00edtett asztal mellett, \u00edzletes f\u00e1nkot, finom borokat fogyasztgatva n\u00e9zt\u00fck v\u00e9gig a vid\u00e1m farsangi m\u0171sort.<\/em><\/div>\n<div><em>Az idei m\u0171sorban \u00edzel\u00edt\u0151t kaptunk a sz\u00e9kelyek \u00e9let\u00e9r\u0151l, mentalit\u00e1s\u00e1r\u00f3l, furfangos \u00e9szj\u00e1r\u00e1sukr\u00f3l.<\/em><\/div>\n<div><em>Szt\u00e1rvend\u00e9geink, Szegi Hajnalka \u00e9s Fischer M\u00e1ria el\u0151ad\u00e1s\u00e1ban megtudhattuk, hogyan \u00fcti el az id\u0151t k\u00e9t h\u00f6lgy<\/em><\/div>\n<div><em>a vonaton, ha unatkozik.<\/em><\/div>\n<div><em>Sok nevet\u00e9s, vid\u00e1m egy\u00fcttl\u00e9t, \u00e9nekl\u00e9s, viccel\u0151d\u00e9s,\u00e9s minden j\u00f3 ami a farsanghoz tartozik nem hi\u00e1nyzott\u00a0ezen a napon.\u00a0<\/em><\/div>\n<div><em>Aki elj\u00f6tt, j\u00f3l j\u00e1rt, aki nem j\u00f6tt, b\u00e1nhatja, j\u00f6v\u0151re a lemarad\u00e1st behozhatja.<\/em><\/div>\n<div><\/div>\n<p style=\"text-align: center;\"><strong><span style=\"color: #ff9900;\"><span style=\"color: #ff0000;\">F<\/span>A<\/span><span style=\"color: #00ff00;\">R<\/span><span style=\"color: #3366ff;\">S<\/span><span style=\"color: #333333;\">A<\/span><span style=\"color: #993366;\">N<\/span><span style=\"color: #008000;\">G<\/span> \u2013 2<span style=\"color: #ff00ff;\">0<\/span><span style=\"color: #00ff00;\">1<\/span><span style=\"color: #ff6600;\">6<\/span><\/strong><\/p>\n<p>&nbsp;<\/p>\n<p><strong>Moder\u00e1tor:<\/strong> <em>Szeretettel k\u00f6sz\u00f6nt\u00fcnk Benneteket ezen a jeles napon. Ma ugyanis farsangot \u00fcnnepl\u00fcnk itt, a Stuttgarti Magyar Katolikus Egyh\u00e1zk\u00f6zs\u00e9gben. Mint tudj\u00e1tok, Egyh\u00e1zk\u00f6zs\u00e9g\u00fcnk ter\u00fclet\u00e9n minden magyarlakta vid\u00e9kr\u0151l vagyunk. A Stuttgarti Magyar Misszi\u00f3, r\u00e9gi nev\u00e9n, olyan, mint a valamikori Nagy-Magyarorsz\u00e1g: sokn\u00e9p\u0171, sz\u00ednes, gazdagkult\u00far\u00e1j\u00fa \u00e9s v\u00e1ltozatos. Term\u00e9szeti sz\u00e9ps\u00e9g\u00e9ben \u00e9pp\u00fagy, mint n\u00e9peiben \u00e9s hagyom\u00e1nyaiban. Hogy meg ne feledkezz\u00fcnk err\u0151l, \u00fagy gondoltuk, hogy v\u00e9gigvessz\u00fck Nagy-Magyarorsz\u00e1g n\u00e9peinek a saj\u00e1toss\u00e1gait. \u00c9s most, farsangkor, nem annyira a fenti dolgokra \u00f6sszpontos\u00edtunk, azt megtessz\u00fck minden j\u00fanius 1. vas\u00e1rnapj\u00e1n, a Magyar \u00d6sszefog\u00e1s Napj\u00e1n, hanem l\u00e1ssuk, milyen egy n\u00e9p humora? Mennyi \u00e9rz\u00e9ke van hozz\u00e1? Hogyan tud szembes\u00edteni \u00a0ember mivoltunkkal benn\u00fcnket, mert a humoron kereszt\u00fcl k\u00f6nnyebben meg\u00e9rthetj\u00fck, hogy az ember milyen sz\u00e1nalmas \u00e9s milyen fens\u00e9ges, milyen nagy \u00e9s milyen kicsi &#8211; egyszerre.<\/em><\/p>\n<p><em>Sorban az els\u0151k a sz\u00e9kelyek&#8230; \u00d6rvend ennek a Zumb\u00fchl Csilla, mert szerinte t\u00falont\u00fal keveset besz\u00e9l\u00fcnk r\u00f3luk&#8230; Mi most nem ez\u00e9rt vessz\u00fck els\u0151nek \u0151ket, hanem, mert az ember \u00faton-\u00fatf\u00e9len bel\u00e9j\u00fck botlik \u2013 itt, n\u00e1lunk \u00e9pp \u00fagy, mint a vil\u00e1gban minden\u00fctt&#8230; Azt mondja a f\u00e1ma, hogy amikor az \u00daristen megteremtette a vil\u00e1got, Eur\u00f3p\u00e1val kezdte. \u00c9s amikor d\u00e9lut\u00e1n D\u00e9l-Amerik\u00e1hoz \u00e9rt, ott m\u00e1r jav\u00e1ban kitermelt\u00e9k az \u0151serd\u0151t. D\u00f6rzs\u00f6li a szem\u00e9t az \u00dar, amikor l\u00e1tja, hogy egy tiszt\u00e1son a sz\u00e9kelyek szalonn\u00e1znak&#8230; \u201eH\u00e1t, ti hogy ker\u00fclt\u00f6k ide?\u201d \u2013 k\u00e9rdezi \u0151ket. Mire azok \u00edgy feleltek: \u201eTutajjal&#8230;\u201d Hogy \u00edgy volt-e vagy nem, nem tudom, de ez egy j\u00f3 bevezet\u0151 a sz\u00e9kelyek eredet\u00e9hez. Hallgass\u00e1tok meg most &#8212;<\/em><\/p>\n<p><strong><em>\u00a0<\/em><\/strong><strong><em>A sz\u00e9kelyek eredete<\/em><\/strong><\/p>\n<p><strong>\u00a0<\/strong><strong>Lektor 1: <\/strong>Tudni kell, hogy amikor az \u00daristen n\u00e9pek s orsz\u00e1gok dolg\u00e1t rendezte a f\u00f6ld\u00f6n, Erd\u00e9lyr\u0151l \u00fcgyesen megfeledkezett. Az\u00f3ta is szok\u00e1sban maradt, hogy megfeledkezzenek r\u00f3la, valah\u00e1nysz\u00f3r ad\u00f3dik. Sz\u00f3val az \u00daristen \u00e9ppen elk\u00e9sz\u00fclt a maga munk\u00e1j\u00e1val, s kedvtelve szeml\u00e9lgette a vil\u00e1got, mikor megsz\u00f3lalt m\u00f6g\u00f6tte a leg\u00f6regebb f\u0151angyal. Egy olyan nagybajusz\u00fa, id\u0151t-t\u00f6lt\u00f6tt f\u0151angyal volt ez, olyan t\u00f6rzs\u00f6rmesterf\u00e9le. Az\u00e9rt volt szabad neki megsz\u00f3lalnia.<\/p>\n<p>&#8211; Uram &#8211; mondotta -, valami m\u00e9g nincsen k\u00e9szen!<\/p>\n<p>&#8211; S az mi lenne? &#8211; n\u00e9zett az \u00daristen csud\u00e1lkozva legv\u00e9nebb szolg\u00e1j\u00e1ra.<\/p>\n<p>Az pedig kivette sz\u00e1j\u00e1b\u00f3l a csutor\u00e1s pip\u00e1t s odab\u00f6k\u00f6tt vele Erd\u00e9ly fel\u00e9.<\/p>\n<p>&#8211; Ahunn-e! M\u00e9g nincsen rajta senki!<\/p>\n<p>Az \u00dar odan\u00e9zett, s abbiza lakatlan volt eg\u00e9szen. Pedig csudasz\u00e9p kis orsz\u00e1gnak \u00edg\u00e9rkezett, tiszta v\u00e9tek lett volna puszt\u00e1ba hagyni.<\/p>\n<p>&#8211; No, v\u00e1rj csak &#8211; mondta s elkezdett kotorni a zsebeiben. Tal\u00e1lt is egy mar\u00e9kra val\u00f3 magyart m\u00e9g, azokat lesz\u00f3rta a v\u00f6lgyekbe. A m\u00e1sik zseb\u00e9ben valami marad\u00e9k rom\u00e1nokra bukkant, azokkal meg behintette a hegyeket.<\/p>\n<p>&#8211; \u00cdgy ni &#8211; mondotta -, ezzel is megvagyunk.<\/p>\n<p>De a v\u00e9n angyalcsel\u00e9d csak cs\u00f3v\u00e1lta a fej\u00e9t.<\/p>\n<p>&#8211; M\u00e1r pedig ejszen hib\u00e1dzik m\u00e9g valami.<\/p>\n<p>&#8211; Hib\u00e1dzik? Mi a szemed vil\u00e1ga hib\u00e1dzik? &#8211; h\u00f6kkent meg az \u00dar.<\/p>\n<p>&#8211; H\u00e1sze emberek, azok most m\u00e1r vannak, inst\u00e1lom &#8211; okoskodott a v\u00e9n f\u0151angyal -, de ki fog ott dolgozni?<\/p>\n<p>&#8211; Mi? Hogy ki fog ott dolgozni? H\u00e1t a magyarok a v\u00f6lgyekben s a rom\u00e1nok a hegyek k\u00f6z\u00f6tt!<\/p>\n<p>De az \u00f6reg csak cs\u00f3v\u00e1lta a fej\u00e9t.<\/p>\n<p>&#8211; A magyarok? Azok uraskodni fognak. A rom\u00e1nok? Azok hanyatt hevernek s b\u00e1mulj\u00e1k leptiben a felh\u0151ket. Ami r\u00e1\u00e9r\u0151 idej\u00fck pedig az uraskod\u00e1sb\u00f3l s a felh\u0151b\u00e1mul\u00e1sb\u00f3l marad, azt elt\u00f6ltik azzal, hogy kergetik egym\u00e1st. Valakinek dolgozni is kell!<\/p>\n<p>Erre az \u00daristen nagy bossz\u00fasan benyult a l\u00e1jbizseb\u00e9be, s kir\u00e1ngatta onnan a sz\u00e1szt.<\/p>\n<p>&#8211; Na &#8211; l\u00f6kte oda bossz\u00fasan a magyarok s a rom\u00e1nok k\u00f6z\u00e9 -, itt van, ni. Ez majd dolgozik helyett\u00fck is!<\/p>\n<p>De a v\u00e9n okvetetlenked\u0151 \u00fajra csak megvakarta a fej\u00e9t.<\/p>\n<p>&#8211; H\u00e1jsze j\u00f3, j\u00f3. Ez megvolna. De valami az\u00e9rt m\u00e9g mindig hib\u00e1dzik!<\/p>\n<p>&#8211; Mi a keser\u0171s\u00e9g hib\u00e1dzhatik most m\u00e1r? &#8211; m\u00e9rgel\u0151d\u00f6tt meg az \u00dar ekkora konoks\u00e1gon.<\/p>\n<p>&#8211; H\u00e1sze iden\u00e9zz, Uram &#8211; b\u00f6kd\u00f6ste pip\u00e1j\u00e1t az \u00f6reg f\u0151angyal Erd\u00e9ly fel\u00e9 -, a magyar uraskodik \u00e9s veszekszik a rom\u00e1nnal. A rom\u00e1n b\u00e1mulja a felh\u0151ket \u00e9s veszekszik a magyarral. Na ugye? A sz\u00e1sz, az dolgozik, ez igaz s a veszeked\u00e9sben mind\u00e9g amell\u00e9 \u00e1ll, amelyik \u00e9ppen er\u0151sebb. Na de kinek lesz haszna bel\u0151le? A sz\u00e1sz, az f\u00f6sv\u00e9ny, Uram! K\u00f6ll m\u00e9g valaki, akinek esze is legyen, meg sz\u00edve is, a munk\u00e1hoz is \u00e9rtsen valamicsk\u00e9t, mert k\u00fcl\u00f6nben elviszi az \u00f6rd\u00f6g az eg\u00e9szet!<\/p>\n<p>Erre m\u00e1r az \u00daristen sem mondhatott egyebet, minthogy ez \u00e9ppen \u00edgy igaz, s mivel pedig a zsebeiben m\u00e1r nem volt semmi, amit el\u0151vehetett volna, h\u00e1t megteremtette a sz\u00e9kelyt.<\/p>\n<p><strong>\u00a0<\/strong><strong>Moder\u00e1tor:<\/strong> <em>L\u00e1m, m\u00e9g az \u00daristennek is mennyi baja volt a sz\u00e9kelyekkel&#8230; H\u00e1t csoda-e, hogy a t\u00f6bbi embernek is annyi baja van vel\u00fck? K\u00fcl\u00f6n\u00f6sen az anyaorsz\u00e1giak mondj\u00e1k r\u00f3luk, hogy csavarint\u00f3s esz\u0171ek, nem lehet \u0151ket sem \u00e9rteni, sem meg\u00e9rteni, mintha egy m\u00e1sik bolyg\u00f3r\u00f3l j\u00f6ttek volna&#8230; Nem csoda, ha azon a bizonyos Gyurcs\u00e1ny-n\u00e9psz\u00e1ml\u00e1l\u00e1son is lerom\u00e1nozt\u00e1k \u0151ket&#8230; Ja, jut eszembe, tudj\u00e1k-e mikor rom\u00e1n a sz\u00e9kely? Nem? H\u00e1t, ha Budapestre megy&#8230; Visszat\u00e9rve az eredeti gondolatmenethez, sz\u00f3val ma \u00f6ssze \u00a0akarjuk b\u00e9k\u00edteni a k\u00e9t n\u00e9pet. Hogy hogyan? \u00dagy gondoltuk, hogy m\u00edg a sz\u00e9kely \u201esz\u00f6vegel\u201d \u2013 hisz ma este csak \u0151 fog besz\u00e9lni vagy r\u00f3la fogunk besz\u00e9lni, addig az anyaorsz\u00e1gi \u00e9nekel&#8230; Tisztelt H\u00f6lgyeim \u00e9s Uraim! Hadd mutassuk be \u00d6n\u00f6knek a 2014-ben alakult Kratochwill-dal\u00e1rda tagjait, akik Kratochwill K\u00e1roly <\/em><em>magyar katonatisztr\u0151l, a Sz\u00e9kely Hadoszt\u00e1ly legend\u00e1s parancsnok\u00e1r\u00f3l kapt\u00e1k a nev\u00fcket, s <\/em><em>p\u00e9ntekenk\u00e9nt j\u00e1rnak \u00f6ssze hozz\u00e1nk, pr\u00f3b\u00e1ra, \u00e9s magukhoz hasonl\u00f3 lelkes, vid\u00e1m, magyar sz\u00edv\u0171 fiatalembereket keresnek. Els\u0151 daluk c\u00edme: \u201eKimegyek a doberd\u00f3i harct\u00e9rre&#8230;\u201d<\/em><\/p>\n<p><strong>\u00a0<\/strong><strong>Moder\u00e1tor:<\/strong> <em>Mi maradjunk tov\u00e1bb is a sz\u00e9kelyek eredet\u00e9n\u00e9l, \u00e9s miut\u00e1n hallottuk, hogy \u0151ket is az \u00daristen teremtette, l\u00e1ssuk, hogyan alakult ezut\u00e1n a t\u00f6rt\u00e9net\u00fck?<\/em> <em>Az \u00e9vek folyam\u00e1n a t\u00f6rt\u00e9n\u00e9szek t\u00f6bb elm\u00e9letet is megfogalmaztak. A legr\u00e9gebbi elm\u00e9let szerint, a sz\u00e9kelyek az avarokt\u00f3l sz\u00e1rmaznak. M\u00e1sok szerint a sz\u00e9kelyek bolg\u00e1r, beseny\u0151, kun, gepida, kabar, vagy rom\u00e1n eredet\u0171ek. \u00a0S\u0151t egyesek a sz\u00e9kelyek eredet\u00e9t az Atlanti-\u00f3ce\u00e1non t\u00falra, az amerikai kontinensre helyezik \u00e1t&#8230; B\u00e1rmik\u00e9pp is van, a sz\u00e9kelyeknek maguknak is megvan az eredet-elm\u00e9let\u00fck. \u00c9s ez a biztos. Hallgassuk csak!<\/em><\/p>\n<p><strong>Lektor 2: <\/strong>Amikor Attila, a hunok nagy vez\u00e9r\u00e9nek kopors\u00f3j\u00e1val elindult a 77 vit\u00e9z, hogy a Tisza medr\u00e9be temess\u00e9k, m\u00e1s \u00faton kelt \u00fatra Csaba kir\u00e1lyfi is a hun n\u00e9p egy kis t\u00f6red\u00e9k\u00e9vel. Keletnek indultak \u0151k is , \u00e9s valahol a Duna-Tisza k\u00f6z\u00f6tt tal\u00e1lkoztak.\u00a0Amint a menet el\u00e9rt a kisz\u00e1r\u00edtott Tisza medr\u00e9hez, megtartott\u00e1k az utols\u00f3 szertart\u00e1st. Miut\u00e1n a 77 kopors\u00f3t viv\u0151 vit\u00e9z saj\u00e1t kardj\u00e1ba d\u0151lt, hogy nagy kir\u00e1lyuk titka soha ki ne der\u00fclhessen, Csaba kir\u00e1lyfi apja aranykopors\u00f3j\u00e1t egy szek\u00e9r m\u00e9ly\u00e9re rejtve , n\u00e9p\u00e9vel elindult kelet fel\u00e9. El\u0151bb a Maros foly\u00f3n keltek \u00e1t, azt\u00e1n egy hatalmas havas el\u0151tt pihentek hetekig , majd a foly\u00f3 sz\u0171k v\u00f6lgy\u00e9n \u00e1thaladva mesebeli t\u00e1jakra \u00e9rkeztek. Csaba kir\u00e1lyfi el\u0151re k\u00fcldte Hargita vit\u00e9zt, hadd cserk\u00e9ssze ki az ismeretlen t\u00e1jat. Alig n\u00e9gy nap telt el, amikor Hargita vit\u00e9z visszat\u00e9rt \u00e9s nagy lelkesed\u00e9ssel besz\u00e9lt arr\u00f3l az erd\u0151kben, r\u00e9tekben, vizekben, vadban \u00e9s \u00e9rt\u00e9kes s\u00f3ban gazdag t\u00e1jr\u00f3l, amit l\u00e1tott. Csaba n\u00e9pe h\u00e1rom nap m\u00falva meg\u00e9rkezett egy csod\u00e1latos hegy l\u00e1b\u00e1hoz, amelyet a kir\u00e1ly, vit\u00e9z\u00e9r\u0151l Hargit\u00e1nak nevezett el. Meg\u00e1ll\u00edtotta lov\u00e1t a szent hegy el\u0151tt : <em>\u201eItthon vagyunk! Legyen ez a csod\u00e1latos hely \u00e9vezredeken \u00e1t a haz\u00e1nk!\u201d<\/em> \u2013 azzal lesz\u00e1llt a lov\u00e1r\u00f3l, leborult \u00e9s megcs\u00f3kolta a f\u00f6ldet , majd amikor \u00fajra felemelkedett, n\u00e9pe fel\u00e9 fordulva mondta: <em>\u201eV\u00e9dj\u00e9tek , \u00f3vj\u00e1tok ak\u00e1r \u00e9letetek \u00e1r\u00e1n is e szent Hargit\u00e1t, a r\u00e9teket, a foly\u00f3kat \u00e9s az erd\u0151ket!\u201d <\/em>Attila kopors\u00f3j\u00e1t diszes ravatalra tett\u00e9k, egy napon \u00e9s egy \u00e9jszak\u00e1n \u00fajra elsirat\u00e1k, azt\u00e1n 12 harcos, 12 parip\u00e1val \u00e9s a kopors\u00f3val elindult a Hargita \u0151srengeteg fel\u00e9&#8230; Attila eme nagy titk\u00e1t Csaba n\u00e9pe h\u0171en meg\u0151rizte mind a mai napig&#8230;<\/p>\n<p><strong>Moder\u00e1tor:<\/strong> <em>Teh\u00e1t a sz\u00e9kelyek is, <\/em><em>a magyarokhoz hasonl\u00f3an hun eredet\u0171ek, \u00e9s Attila Hun Birodalom\u00e1b\u00f3l sz\u00e1rmaznak. Attila hal\u00e1la ut\u00e1n azonban a birodalom sz\u00e9tesett. Ekkor a hunok egy r\u00e9sze Erd\u00e9lybe h\u00faz\u00f3dott vissza. Itt is \u00e9lnek mind a mai napig. <\/em><\/p>\n<ol start=\"2\">\n<li><strong><em>A sz\u00e9kelyek t\u00f6rt\u00e9nete<\/em><\/strong><\/li>\n<\/ol>\n<p><strong>Moder\u00e1tor:<\/strong> <em>Ha azonban az anyaorsz\u00e1giak egy r\u00e9sz\u00e9t k\u00e9rdezitek, akkor a sz\u00e9kelyek &#8211; t\u00f6r\u00f6k\u00f6k. Hogy mi\u00e9rt? A n\u00e9ha \u00e9rthetetlen nyelv\u00fck miatt. <\/em><em>Nem hiszitek? Hallgass\u00e1tok meg &#8212;<\/em><\/p>\n<p><strong>Lektor 3: <\/strong>K\u00e9t h\u00e1romsz\u00e9ki sz\u00e9kely Pesten egy kocsm\u00e1ban illogatnak. M\u00e1r jav\u00e1ban folyik a dolog, kezdnek danolgatni, kezdenek hangosabbak is lenni&#8230; Egyszer megel\u00e9geli ezt a csapos, \u00e9s odasz\u00f3l:<\/p>\n<p>&#8211; Kifel\u00e9 innen, ha nem akarj\u00e1k, hogy megverj\u00fck magukat!<br \/>\n&#8211; T\u00fck m\u00fcnk\u00f6t, vagy m\u00fcnk t\u00fckt\u00f6k\u00f6t???<br \/>\nErre odasz\u00f3l a tulajdonos:<br \/>\n&#8211; Haggyad ezeket, biztos valami t\u00f6r\u00f6k vend\u00e9gmunk\u00e1sok&#8230;<\/p>\n<ol start=\"3\">\n<li><strong><em>A sz\u00e9kelyek nyelve<\/em><\/strong><\/li>\n<\/ol>\n<p><strong>Moder\u00e1tor: <\/strong><em>Most, hogy magam is \u00edgy hallottam ezt az igaz t\u00f6rt\u00e9netet, kiss\u00e9 elbizonytalanodtam: \u00a0Val\u00f3ban magyarul besz\u00e9lnek a sz\u00e9kelyek? Vagy valami m\u00e1s, holdr\u00f3l pottyant nyelven? Egy\u00e9bk\u00e9nt mi\u00e9rt adn\u00e1nak nyelvleck\u00e9ket magyar testv\u00e9reiknek? Ezekb\u0151l hallgassunk meg egy p\u00e1rat. <\/em><\/p>\n<p><em>\u00a0<\/em><strong>Sz\u00e9kely nyelvlecke magyaroknak VII. <\/strong><\/p>\n<p><strong>Moder\u00e1tor: <\/strong><em>Ism\u00e9t a Kratochwill dal\u00e1rda k\u00f6vetkezik \u201eA j\u00f3 lovas katon\u00e1nak\u201d c\u00edm\u0171 dal\u00e1val.<\/em><\/p>\n<ol start=\"4\">\n<li><strong><em>A sz\u00e9kelyek jellemvon\u00e1sa<\/em><\/strong><\/li>\n<\/ol>\n<p><strong>Moder\u00e1tor: <\/strong><em>A sz\u00e9kelyekkel kapcsolatosan sokf\u00e9le fej\u00fcnkben \u0151rz\u00f6tt k\u00e9p \u00e9l. Ezek alapja a sok sz\u00e9kelyvicc, anekdota \u00e9s m\u00e1s humoros \u00edr\u00e1s. <\/em><em>Vegy\u00fck most sorra, mit tudunk, pontosabban, mit v\u00e9l\u00fcnk a sz\u00e9kelyekr\u0151l, an\u00e9lk\u00fcl, hogy ak\u00e1r egyet is ismern\u00e9nk k\u00f6z\u00fcl\u00fck? El\u0151sz\u00f6r tal\u00e1n a furfang, ravasz n\u00e9pies \u00e9szj\u00e1r\u00e1s jut esz\u00fcnkbe, a sz\u00e9kely g\u00f3b\u00e9 k\u00e9pe, aki mindenkit megpr\u00f3b\u00e1l kij\u00e1tszani csavaros esz\u00e9vel. <\/em><\/p>\n<p><em>A m\u00e1sik, hogy a sz\u00e9kely ritk\u00e1n sz\u00f3l, f\u00f6l\u00f6slegesen nem besz\u00e9l, <\/em><em>mindig csak annyit mond, amennyit az adott helyzetben felt\u00e9tlen\u00fcl musz\u00e1j,<\/em><em> \u00e9s minden szav\u00e1ra oda kell figyelni, ellenkez\u0151 esetben csak f\u00e9lre\u00e9rt\u00e9s a k\u00f6vetkezm\u00e9nye. Figyelj\u00fcnk csak!<\/em><\/p>\n<p><strong>\u00a0<\/strong><strong>Lektor 4: <\/strong>Megy a sz\u00e9kely a kocsival az \u00faton, mikor megsz\u00f3l\u00edtja egy di\u00e1kforma leg\u00e9ny&#8230;<\/p>\n<p>&#8211; B\u00e1ty\u00e1m, messze van Kolozsv\u00e1r?<\/p>\n<p>&#8211; Nincs messze \u2013 feleli a sz\u00e9kely.<\/p>\n<p>A di\u00e1k k\u00e9rdi, hogy fel\u00fclhet-e, mire a sz\u00e9kely mondja, hogy fel\u00fclhet. Eltelik egy \u00f3ra, k\u00e9t \u00f3ra, m\u00e9g mindig mennek. V\u00e9g\u00fcl a di\u00e1k nem b\u00edrja tov\u00e1bb \u00e9s megk\u00e9rdezi:<\/p>\n<p>&#8211; B\u00e1ty\u00e1m, messze van m\u00e9g Kolozsv\u00e1r?<\/p>\n<p>Mire az \u00f6reg:<\/p>\n<p>&#8211; Most m\u00e1r messze.<\/p>\n<p><strong>\u00a0<\/strong><strong>Moder\u00e1tor: <\/strong><em>A sz\u00e9kely emberek nem igaz\u00e1n lelkiz\u0151s alkatok, akik naphosszat csever\u00e9szgetve kibesz\u00e9lik magukb\u00f3l a probl\u00e9m\u00e1ikat, \u00e9s a kocsm\u00e1ban vagy este, csal\u00e1di k\u00f6rben m\u00e9g p\u00e1r \u00f3r\u00e1csk\u00e1t t\u00f6prengen\u00e9nek a dolgon. Ink\u00e1bb sz\u0171kszav\u00fas\u00e1gukr\u00f3l, sz\u00f3fukars\u00e1gukr\u00f3l h\u00edresek. Nem el\u00e9gg\u00e9 besz\u00e9desek; nem sietik el t\u00falzottan a v\u00e1laszt a nekik c\u00edmzett k\u00e9rd\u00e9sre, \u00e9s abb\u00f3l\u00a0 kev\u00e9s sz\u00f3b\u00f3l kell a hallgat\u00f3nak azt\u00e1n kih\u00e1moznia a l\u00e9nyeget. <\/em><em>Hossz\u00fa id\u0151 ut\u00e1n tal\u00e1lkozik k\u00e9t atyafi, leparol\u00e1znak s besz\u00e9dbe elegyednek. A folytat\u00e1st h<\/em><em>allgassuk csak ism\u00e9t &#8212;<\/em><\/p>\n<h2>\u00a0<strong>Lektor 4 \u00e9s 5: <\/strong><\/h2>\n<p>&#8211; H\u00e1t azt\u00e1n, hogy vagy?<\/p>\n<p>&#8211; Megh\u00e1zasodtam.<\/p>\n<p>&#8211; Ez m\u00e1n azt\u00e1n okos dolog!<\/p>\n<p>&#8211; H\u00e1t bizony, nem es olyan okos: az asszony nagyon harap\u00f3s.<\/p>\n<p>&#8211; Ez m\u00e1n bizony rossz.<\/p>\n<p>&#8211; Nem es olyan rossz, mert huszon\u00f6tezer forintot hozott a h\u00e1zhoz.<\/p>\n<p>&#8211; No, h\u00e1t ez m\u00e1n nagy vigasz.<\/p>\n<p>&#8211; Sov\u00e1ny vigasz, mert a p\u00e9nzen juhokat vettem, s az eg\u00e9sz ny\u00e1j elpusztult.<\/p>\n<p>&#8211; Ez azt\u00e1n nagy csap\u00e1s!<\/p>\n<p>&#8211; H\u00e1t nem es olyan nagy, mett a b\u0151r\u00fcket eladtam; t\u00f6bb p\u00e9nzt kaptam \u00e9rt\u00f6k, mint az eg\u00e9sz ny\u00e1j \u00e1ra.<\/p>\n<p>&#8211; \u00cdgy h\u00e1t az eg\u00e9sz k\u00e1rod megt\u00e9r\u00fclt!<\/p>\n<p>&#8211; Megt\u00e9r\u00fclt volna, ha nem \u00e9gett volna le a h\u00e1zam s benne minden p\u00e9nzem.<\/p>\n<p>&#8211; Micsoda rettenetes szerencs\u00e9tlens\u00e9g!<\/p>\n<p>&#8211; No, nem olyan rettenetes, mert a feles\u00e9gem es benne \u00e9gett!\u201d<\/p>\n<p><strong>Moder\u00e1tor: <\/strong><em>Most laz\u00edtsunk egy kicsit, hogy hadd igya b\u00e9&#8230; \u00dagy, mint M\u00f3zes sz\u00e9kely varg\u00e1n\u00e1l, aki \u00e9pp a fia fenek\u00e9t porolja, majd abbahagyja. A szomsz\u00e9d meg is k\u00e9rdi: &#8211; Mi van, ennyi volt az eg\u00e9sz? \u2013 Nem, v\u00e1laszolja az \u00f6reg, &#8211; sz\u00fcnetet tartok, hadd igya b\u00e9&#8230; A Kratochwill-dal\u00e1rda k\u00f6vetkezik: \u201eF\u00f6l-f\u00f6l vit\u00e9zek a csat\u00e1ra&#8230;\u201d c\u00edm\u0171 dal\u00e1val.<\/em><\/p>\n<p><strong>Moder\u00e1tor: <\/strong><em>A sz\u00e9kelyek \u00e9s magyarok k\u00f6z\u00f6tti k\u00fcl\u00f6nbs\u00e9gek azonban m\u00e1sban is megmutatkoznak: rov\u00e1s\u00edr\u00e1s haszn\u00e1lat\u00e1ban p\u00e9ld\u00e1ul. A fafarag\u00e1sban: a sz\u00e9kelyek a leg\u0151sibb id\u0151k \u00f3ta h\u00edresen j\u00f3 fafarag\u00f3k, magas, csak r\u00e1juk jellemz\u0151 kapukat k\u00e9sz\u00edtve&#8230; Azt\u00e1n az \u00f6lt\u00f6zk\u00f6d\u00e9sben. A sz\u00e9kely n\u0151k p\u00e9ld\u00e1ul csak feh\u00e9r, piros \u00e9s feket sz\u00ednt haszn\u00e1lnak: r\u00f6vid, t\u00e9rdig \u00e9r\u0151 \u00e9s r\u00e1ncos, fekete szokny\u00e1t, feh\u00e9r inget, piros lajbit \u00a0\u00e9s fekete k\u00f6dm\u00f6nt hordanak. A f\u00e9rfiak magas kalapban j\u00e1rnak \u00e9s feh\u00e9r inget hordanak. Legjellemz\u0151bb r\u00e1juk azonban a sz\u00e9kelyharisnya. Erre nagyon b\u00fcszk\u00e9k. Hallgassuk csak? <\/em><em>H\u00e1rom cs\u00edki sz\u00e9kely \u00e9ppen azon vitatkozik az egyik vas\u00e1rnap, hogy vajon melyik\u00fck\u00f6n \u00e1ll feszesebben a sz\u00e9kelyharisnya.<\/em><\/p>\n<p><strong>Lektor 4-5-6: <\/strong><\/p>\n<p>&#8211; Tudod-e kom\u00e1m, \u00e9n reggel felh\u00fazom, megk\u00f6t\u00f6m \u00e9s ha egy bolha al\u00e1ja ker\u00fcl este, mikor leh\u00fazom, a bolh\u00e1t megd\u00f6g\u00f6lve tal\u00e1lom \u2013 mondja az els\u0151 leg\u00e9ny.<\/p>\n<p>&#8211; \u00c9n felh\u00fazom, megk\u00f6t\u00f6m, s a bolha r\u00f6gt\u00f6n meg is d\u00f6glik \u2013 l\u00f3ditja a m\u00e1sodik leg\u00e9ny.<\/p>\n<p>&#8211; H\u00e1t e&#8217;semmi \u2013 sz\u00f3lt a harmadik. \u2013 \u00c9n felh\u00fazom a harisny\u00e1t, egyet szellentek, s csak este, amikor leh\u00fazom, akkor d\u00f6rd\u00fcl el.<\/p>\n<p><strong>Moder\u00e1tor: <\/strong><em>V\u00e9g\u00fcl olyan m\u00e1s k\u00fcl\u00f6nbs\u00e9gek is van a magyarok \u00e9s a sz\u00e9kelyek k\u00f6z\u00f6tt, mint p\u00e9ld\u00e1ul a harcias jellem &#8211; a<\/em><em> m\u00e1sodik vil\u00e1gh\u00e1bor\u00fa ut\u00e1n volt is egy mond\u00e1s, hogy a sz\u00e9kelyek csizm\u00e1j\u00e1ban mindig van egy feketelista \u00e9s egy bicska. Vagy a katolikus vall\u00e1shoz val\u00f3 t\u00f6retlen ragaszkod\u00e1s&#8230; <\/em><em>Egy alkalommal a falu reform\u00e1tus lelk\u00e9sze egy sz\u00e9kely katolikus csal\u00e1dn\u00e1l eb\u00e9del. F\u00f6ls\u00e9ges levest t\u00e1lalnak fel, a vend\u00e9g nem gy\u0151zi dics\u00e9rni: &#8211; K\u00e9rem, hogyan tudnak ilyen \u00edzletes levest f\u0151zni? &#8211; Nagyon egyszer\u0171, tiszteletes \u00far. Magik a templom tetej\u00e9re rakj\u00e1k a kakast, mi pedig a levesbe tessz\u00fck. De az ortodox vall\u00e1st kedvelik&#8230; Haldoklik az \u00f6reg sz\u00e9kely. Fiai nagy megr\u00f6k\u00f6ny\u00f6d\u00e9s\u00e9re ortodox papot h\u00edvat. \u00c9disap\u00e1m, &#8211; mondja az egyik. Ne hozza r\u00e1nk ezt a sz\u00e9gyent. Hisz m\u00fc kat\u00f3likusok vagyunk!Tudom, fiam,\u00a0 &#8211; mondja az \u00f6reg, de \u00fagy gondoltam, hogy ink\u00e1bb legyen egy ortodoxszal kevesebb&#8230;<\/em><\/p>\n<p><em>Legink\u00e1bb azonban a csal\u00e1dszeretet jellemz\u0151 a sz\u00e9kelyre. Mindenek f\u00f6l\u00f6tt szereti a feles\u00e9g\u00e9t \u2013 igaz, nem mondja meg neki, mert azt gyenges\u00e9gnek tartja&#8230;<\/em><\/p>\n<p><strong>Lektor 5: <\/strong>A sz\u00e9kely b\u00e1csi \u00e9s feles\u00e9ge kinn \u00fclnek a teraszon. Egyszer csak az anyjuk \u00e9rdekl\u0151dik:<br \/>\n&#8211; Te szeretsz engem?<br \/>\n&#8211; Persze.<br \/>\n&#8211; Csak mert sosem mondod.<br \/>\n&#8211; Egyszer mondtam, majd ha v\u00e1ltozik sz\u00f3lok.<\/p>\n<p><strong>Lektor 5: <\/strong>A sz\u00e9kely b\u00e1csi \u00f6sszev\u00e9sz az asszonnyal. D\u00fch\u00f6sen kimegy a h\u00e1zb\u00f3l \u00e9s becsapja az ajt\u00f3t. 17 \u00e9v m\u00falva visszamegy. K\u00e9rdi az asszony:<br \/>\n&#8211; Hol volt kend?<br \/>\nMire a sz\u00e9kely:<br \/>\n&#8211; Kinn!<\/p>\n<p><strong>Lektor 5: <\/strong>Az \u00f6reg sz\u00e9kelynek megbetegszik a tehene, \u00e9s kih\u00edvja az \u00e1llatorvost. Az orvos f\u00f6l\u00edrja a receptet, amivel az \u00f6reg bemegy a v\u00e1rosba, majd amikor vissza\u00e9r, azt mondja a feles\u00e9g\u00e9nek:<br \/>\n&#8211; Te, asszony! K\u00f3stold meg m\u00e1r ezt a gy\u00f3gyszert, nehogy valami baja legyen a teh\u00e9nnek!<\/p>\n<p><strong>Moder\u00e1tor: <\/strong><em>&#8230; Sz\u00f3val, a sz\u00e9kely \u00edgy szereti a feles\u00e9g\u00e9t&#8230; De szereti az any\u00f3s\u00e1t is! &#8211; Min\u00e9l t\u00e1volabb mag\u00e1t\u00f3l. Egy vicc ezt \u00edgy ford\u00edtja le \u00e9rthet\u0151 magyar nyelvre: Melyik az igazi sz\u00e9kely csal\u00e1d? Az, amelyben a f\u00e9rfi vezeti az aut\u00f3t. A feles\u00e9g a h\u00e1ztart\u00e1st. \u00c9s az any\u00f3s? Az \u00e1ramot&#8230; P\u00e1r hasonl\u00f3 csattan\u00f3j\u00fa sz\u00e9kely-any\u00f3s-viccet most &#8212;<\/em><\/p>\n<p><strong>Lektor 6: <\/strong>Az egyszeri sz\u00e9kely sz\u00f3l a kom\u00e1j\u00e1hoz:<br \/>\n&#8211; Itt van, koma, ezer lej, menj ki az \u00e1llom\u00e1sra, \u00e9s hozd be az any\u00f3somat, aki most \u00e9rkezik a brass\u00f3i vonattal.<br \/>\n&#8211; \u00c9s mi van, ha nem \u00e9rkezik meg az any\u00f3sod?<br \/>\n&#8211; Akkor kapsz m\u00e9g ezret.<\/p>\n<p><strong>Lektor 6: <\/strong>A fiatal sz\u00e9kely megveri h\u00e1zs\u00e1rtos any\u00f3s\u00e1t. Az any\u00f3s feljelenti, s a b\u00edr\u00f3 sz\u00e1zh\u00fasz lejre b\u00fcnteti. Cs\u00f3v\u00e1lja a fej\u00e9t a leg\u00e9ny, s v\u00e9g\u00fcl kib\u00f6ki:<br \/>\n&#8211; Mi\u00e9rt \u00e9ppen sz\u00e1zh\u00fasz lejre b\u00fcntetett, b\u00edr\u00f3 \u00far?<br \/>\n&#8211; Sz\u00e1z lej a b\u00fcntet\u00e9s, fiam!<br \/>\n&#8211; \u00c9s a t\u00f6bbi?<br \/>\n&#8211; Az a h\u00fasz sz\u00e1zal\u00e9k vigalmi ad\u00f3.<\/p>\n<p><strong>Lektor 6: <\/strong>A sz\u00e9kely t\u00e1viratot kap a feles\u00e9ge Brass\u00f3ban \u00e9l\u0151 csal\u00e1dj\u00e1t\u00f3l:<br \/>\n&#8211; Any\u00f3sod nagyon beteg. Stop. Az orvosok feladt\u00e1k. Stop.<br \/>\nA sz\u00e9kely v\u00e1laszt\u00e1virata:<br \/>\n&#8211; Rem\u00e9lem, nem a mi c\u00edm\u00fcnkre. Stop.<\/p>\n<p><strong>Moder\u00e1tor: <\/strong><em>Most ism\u00e9t a Kratochwill-dal\u00e1rda k\u00f6vetkezik \u201eEsik az es\u0151, \u00e1zik a heveder&#8230;\u201d c\u00edm\u0171 dal\u00e1val.<\/em><\/p>\n<p><strong>Moder\u00e1tor: <\/strong><em>A sz\u00e9kely ember gyerekszeret\u0151. Igaz, hogy csak a fi\u00fakat veszi gyermeksz\u00e1mba, de igyekszik mindegyiket nevelni, tud\u00e1s\u00e1nak gazdag kincst\u00e1r\u00e1b\u00f3l&#8230; Hogy hogyan, elmondja nek\u00fcnk &#8212;<\/em><\/p>\n<p><strong>Lektor 7-8-9: <\/strong>A sz\u00e9kely felmegy Budapestre a csal\u00e1ddal. Elmennek a Vigad\u00f3 el\u0151tt, mire megk\u00e9rdezi a gyerek:<\/p>\n<p>&#8211; \u00c9disap\u00e1m, mi ez a sz\u00e9p \u00e9p\u00fclet?<\/p>\n<p>&#8211; Nem tudom, fiam!<\/p>\n<p>Mennek tov\u00e1bb, s eljutnak a v\u00e1rhoz is. A gyermek ism\u00e9t k\u00e9rdezi:<\/p>\n<p>&#8211; \u00c9disap\u00e1m, h\u00e1t ez az \u00e9p\u00fclet meg mi?<\/p>\n<p>&#8211; Nem tudom \u00e9n, fiam.<\/p>\n<p>Ism\u00e9t tov\u00e1bb mennek, s el\u00e9rnek az Orsz\u00e1gh\u00e1zhoz. A gyermek \u00fajfent k\u00e9rdez:<\/p>\n<p>&#8211; H\u00e1t ez meg mi, \u00e9desap\u00e1m?<\/p>\n<p>&#8211; Nem tudom ezt sem, fiam. \u2013 mondja ism\u00e9t a sz\u00e9kely. Az asszony erre r\u00e1sz\u00f3l a fi\u00e1ra:<\/p>\n<p>&#8211; Ne zavard folytonos k\u00e9rd\u00e9seiddel \u00e9desap\u00e1dat!<\/p>\n<p>Mire a sz\u00e9kely:<\/p>\n<p>Hagyjad asszony, hadd k\u00e9rdezzen a gyerek, mert \u00edgy tanul!<\/p>\n<p><strong>Lektor 7-8: <\/strong>A sz\u00e9kely ember elmegy az \u00e1llatkertbe, azt\u00e1n hazamegy a fi\u00e1hoz. K\u00e9rdezi a fi\u00fa:<\/p>\n<p>&#8211; Hol volt\u00e1l, \u00e9desap\u00e1m?<br \/>\n&#8211; Az \u00e1llatkertben!<br \/>\n&#8211; \u00c9s mit l\u00e1tt\u00e1l ott \u00e9desap\u00e1m?<br \/>\n&#8211; L\u00e1ttam \u00e9n egy zebr\u00e1t.<br \/>\n&#8211; \u00c9s az milyen \u00e9desap\u00e1m?<br \/>\n&#8211; H\u00e1t tudod, milyen a l\u00f3?<br \/>\n&#8211; Tudom.<br \/>\n&#8211; Na, ez ugyanolyan, csak cs\u00edkos.<br \/>\n&#8211; \u00c9s m\u00e9g mit l\u00e1tt\u00e1l, \u00e9desap\u00e1m?<br \/>\n&#8211; Zsir\u00e1fot.<br \/>\n&#8211; \u00c9s az milyen?<br \/>\n&#8211; Tudod, milyen a l\u00f3?<br \/>\n&#8211; Tudom.<br \/>\n&#8211; Na, ez ugyanolyan, csak hosszabb a nyaka \u00e9s tarka.<br \/>\n&#8211; \u00c9s m\u00e9g mit l\u00e1tt\u00e1l, \u00e9desap\u00e1m?<br \/>\n&#8211; Pingvint.<br \/>\n&#8211; \u00c9s az milyen, \u00e9desap\u00e1m?<br \/>\n&#8211; Tudod milyen a l\u00f3?<br \/>\n&#8211; Tudom.<br \/>\n&#8211; Na ez nem olyan.<\/p>\n<p><strong>Moder\u00e1tor: <\/strong><em>Az anyaorsz\u00e1giak j\u00f3volt\u00e1b\u00f3l, akik a 70-es\u00e9vek m\u00e1sodik fel\u00e9t\u0151l l\u00e1togatt\u00e1k Erd\u00e9lyt, Sz\u00e9kelyorsz\u00e1gba is bet\u00f6rt a divat. Sokan h\u00f3doltak neki: k\u00f6r\u00f6mfest\u00e9k, arcpiros\u00edt\u00f3, hajbodor\u00edt\u00f3. Hogy hogyan zajlhatott le az els\u0151 tal\u00e1lkoz\u00e1s, Szegi Hajnalka \u00e9s Fischer M\u00e1ria mutatja be nek\u00fcnk&#8230; <\/em><\/p>\n<p><strong>A modern anyaorsz\u00e1gi d\u00e1ma \u00e9s a sz\u00e9kely le\u00e1nka<\/strong><\/p>\n<ol start=\"5\">\n<li><strong><em>A sz\u00e9kely \u00e9s a rom\u00e1nok<\/em><\/strong><\/li>\n<\/ol>\n<p><strong>Moder\u00e1tor: <\/strong><em>Tudjuk, hogy a t\u00f6rt\u00e9nelem szele a XIV. sz\u00e1zad \u00f3ta egym\u00e1s mell\u00e9 sodorta a sz\u00e9kelys\u00e9get a rom\u00e1ns\u00e1ggal. Mint minden egym\u00e1s-mellett-\u00e9l\u00e9s, az \u00f6v\u00e9k sem volt mindig \u00f6sszekoccan\u00e1sokt\u00f3l mentes. Nagyon sokat k\u00f6z\u00fcl\u00fck &#8211; Trianon el\u0151tt karddal, ut\u00e1na pedig &#8211; bicsk\u00e1val oldottak meg. Ennek eml\u00e9ke maradt fenn az al\u00e1bbi p\u00e1r viccben \u00e9s anekd\u00f3t\u00e1ban. Hallgassuk most &#8212;<\/em><\/p>\n<p><em>\u00a0<\/em><strong>Lektor 9 \u00e9s 10: <\/strong><\/p>\n<p>A sz\u00e9kelyek \u00e9s a rom\u00e1nok h\u00e1bor\u00fazni akarnak egym\u00e1ssal.<br \/>\n&#8211; Azt\u00e1n h\u00e1nyan vagytok? &#8211; k\u00e9rdezik a rom\u00e1nok.<br \/>\n&#8211; Nyolcvanezren &#8211; felelik a sz\u00e9kelyek -, \u00e9s ti?<br \/>\n&#8211; H\u00e9tmilli\u00f3an.<br \/>\n&#8211; Baj van J\u00e1nos b\u00e1ty\u00e1m &#8211; sz\u00f3l h\u00e1tra a fiatal sz\u00e9kely parancsnok. &#8211; Hova temetj\u00fck ezt a sok rom\u00e1nt?<\/p>\n<p><strong>Lektor 9 \u00e9s 10: <\/strong><\/p>\n<p>\u00c1ron b\u00e1 \u00e1ll a sz\u00e9kely a b\u00edr\u00f3s\u00e1g el\u0151tt ember\u00f6l\u00e9s v\u00e1dj\u00e1val, k\u00e9rdi t\u0151le a b\u00edr\u00f3:<br \/>\n&#8211; Na \u00c1ron, hogy is volt az az eset?<br \/>\n&#8211; Tekintetes b\u00edr\u00f3 \u00far! H\u00e1&#8217; \u00fagy v\u00f3t, hogy eszem a ban\u00e1nt bicsk\u00e1va. Eldobom a h\u00e9j\u00e1t. Gy\u00fcn a rom\u00e1n. Elcs\u00faszik a h\u00e9jj\u00e1n, oszt zsupsz bele, pont a bicsk\u00e1mba! Oszt m\u00e9g hatsz\u00f3&#8217;!<\/p>\n<p><strong>Moder\u00e1tor: <\/strong><em>K\u00fcl\u00f6n fejezet lenne, de v\u00e9geredm\u00e9nyben ide tartozik a sz\u00e9kelys\u00e9g viszonya a K\u00e1rp\u00e1tok G\u00e9niusz\u00e1hoz, a dikt\u00e1tor Ceau\u015fescuhoz. Az ir\u00e1nta \u00e9s a kommunizmus ir\u00e1nti ellenszenvet mar\u00f3 \u00e9s csalafinta viccekben fogalmazta meg. Ezekb\u0151l hallunk most egy p\u00e1rat&#8230;<\/em><\/p>\n<p><strong>Lektor 11 \u00e9s 12: <\/strong>Fel\u00e1ll\u00edtj\u00e1k Ceau\u015fescu szobr\u00e1t. \u0150 maga is elvegy\u00fcl a t\u00f6megben \u00e9s megk\u00e9rdi az \u00f6reg sz\u00e9kelyt.<br \/>\n&#8211; No, b\u00e1ty\u00e1m tetszik a szobor?<br \/>\n&#8211; Tetszeni tetszik, de van k\u00e9t hib\u00e1ja.<br \/>\n&#8211; Mi a hib\u00e1ja?<br \/>\n&#8211; Rosszul \u00e1ll a h\u00e1t\u00e1ban a bicsak.<br \/>\n&#8211; De nincs is a h\u00e1t\u00e1ba bicsak.<br \/>\n&#8211; No, ez a m\u00e1sik hib\u00e1ja.<\/p>\n<p><strong>Lektor 11 \u00e9s 12: <\/strong>A sz\u00e9kely paraszt megy az utc\u00e1n, a h\u00e1t\u00e1n cipelv\u00e9n a saj\u00e1t fejf\u00e1j\u00e1t, melyen az al\u00e1bbi felirat \u00e1ll: Bors \u00c1ron \u00e9lt 60 \u00e9vet. Tal\u00e1lkozik az egyik kom\u00e1j\u00e1val:<br \/>\n&#8211; Hova m\u00e9sz?<br \/>\n&#8211; S\u00edrt \u00e1sni.<br \/>\n&#8211; Kinek?<br \/>\n&#8211; Magamnak.<br \/>\n&#8211; Mi\u00e9rt?<br \/>\n&#8211; Ceau\u015fescu beleesett az Oltba.<br \/>\n&#8211; \u00c9s?<br \/>\n&#8211; \u00c9n h\u00faztam ki.<\/p>\n<p><strong>Moder\u00e1tor:<\/strong> <em>Most ism\u00e9t a Kratochwill-dal\u00e1rda k\u00f6vetkezik: \u201eHej, Dun\u00e1r\u00f3l f\u00faj a sz\u00e9l&#8230;\u201d c\u00edm\u0171 dallal.<\/em><\/p>\n<p><strong>Moder\u00e1tor:<\/strong> <em>A sz\u00e9kely ember m\u00e9g a hal\u00e1lb\u00f3l is tr\u00e9f\u00e1t csin\u00e1l. Hogy hogyan? Tr\u00e9f\u00e1s s\u00edrfeliratokat k\u00e9sz\u00edt. Hallgass\u00e1k csak &#8212;<\/em><\/p>\n<p><strong>Lektor 13: <\/strong>Asszonyommal k\u00f6z\u00f6s s\u00edrba<\/p>\n<p>temettek el s\u00edrva-r\u00edva.<\/p>\n<p>\u0150 onnan is megsz\u00f6k\u00f6tt,<\/p>\n<p>a kom\u00e1mhoz k\u00f6lt\u00f6z\u00f6tt.<\/p>\n<p>(H\u00e1la Istennek).<\/p>\n<p>&nbsp;<\/p>\n<p>Ha \u00e9rdekel valakit,<\/p>\n<p>GUB\u00c1S P\u00c9TER fekszik itt.<\/p>\n<p>Lelke nyugszik itt e t\u00e1jon,<\/p>\n<p>mert a teste Temesv\u00e1ron.<\/p>\n<p>&nbsp;<\/p>\n<p>R\u00e9g megmondta NAGY ANTAL,<\/p>\n<p>Ki sz\u00fcletik, meg es hal,<\/p>\n<p>(s igaza leve).<\/p>\n<p>&nbsp;<\/p>\n<p>NAGY \u00c1RPI volt a nevem,<\/p>\n<p>Megh\u00f3ttam, mert szerettem.<\/p>\n<p>Azert \u00f6lt meg a b\u00fab\u00e1nat,<\/p>\n<p>M\u00e1s vette el a bab\u00e1mat.<\/p>\n<p>&nbsp;<\/p>\n<p>EMBER J\u00c1NOS v\u00f3tam,<\/p>\n<p>\u00e9ltem 80 \u00e9vet.<\/p>\n<p>Fejem felett sz\u00e1lltak<\/p>\n<p>s m\u00faltak el az \u00e9vek.<\/p>\n<p>Futottam a hal\u00e1l el\u00f6l,<\/p>\n<p>\u0150 j\u00f6tt h\u00e1tul, \u00e9n meg el\u0151l,<\/p>\n<p>s utol\u00e9rt.<\/p>\n<p><strong>Moder\u00e1tor: <\/strong><em>Kedves H\u00f6lgyeim \u00e9s Uraim! Rem\u00e9lem, j\u00f3l sz\u00f3rakoztak a sz\u00e9kelyeken. Nekik nem biztos, hogy minden tetszett, de magukra vessenek, mert \u0151k tal\u00e1ltg\u00e1k ki ezt a k\u00f6zmond\u00e1st is: \u201eNem az a leg\u00e9ny, aki \u00fct, hanem aki \u00e1llja!\u201d Az\u00e9rt hadd mondjuk el nekik, hogy szeretj\u00fck, tisztelj\u00fck \u00e9s nagyrabecs\u00fclj\u00fck \u0151ket, hisz \u0151k m\u00e1r t\u00f6bb, mint ezer \u00e9ve \u00e1llj\u00e1k &#8211; <\/em><em>a K\u00e1rp\u00e1t-medence keleti \u00e9s d\u00e9lkeleti r\u00e9sz\u00e9ben, a magyar n\u00e9pt\u00f6mbt\u0151l elszakadva, idegenekt\u0151l k\u00f6r\u00fclv\u00e9ve &#8211; a sarat. \u00c9s magyars\u00e1gukat soha nem tagadt\u00e1k meg. <\/em><em>A legut\u00f3bbi, 2011-es n\u00e9psz\u00e1ml\u00e1l\u00e1s alkalm\u00e1val Rom\u00e1ni\u00e1ban 1.227.623 szem\u00e9ly vallotta mag\u00e1t magyarnak. Azonban a sz\u00e9kelyek sz\u00e1ma enn\u00e9l sokkal t\u00f6bb: <\/em><em>mintegy 2,7 milli\u00f3nyian \u00e9lnek szerte a vil\u00e1gon. Isten adjon m\u00e9g nekik sz\u00e1mos \u00e9vet! \u00c9s adja azt, hogy m\u00e9g sok\u00e1ig \u00f6rvendhess\u00fcnk egym\u00e1snak&#8230; <\/em><\/p>\n<p><em>Befejez\u00e9s\u00fcl a Sz\u00e9kely Himnusz k\u00f6vetkezik&#8230;<\/em><\/p>\n\n            [\/vc_column_text][\/vc_column][\/vc_row]\n<\/div>","protected":false},"excerpt":{"rendered":"<p>[vc_row][vc_column][vc_column_text] Stutttg\u00e1rtban r\u00e9gi szok\u00e1sunk szerint id\u00e9n is hangulatos farsangi mulats\u00e1ggal z\u00e1rtuk le az idei b\u00e1li szezont. Szentmise ut\u00e1n a k\u00f6z\u00f6ss\u00e9gi teremben gy\u00fclekezett a n\u00e9pes sereg. Sz\u00e9pen ter\u00edtett asztal mellett, \u00edzletes f\u00e1nkot, finom borokat fogyasztgatva n\u00e9zt\u00fck v\u00e9gig a vid\u00e1m farsangi m\u0171sort. Az idei m\u0171sorban \u00edzel\u00edt\u0151t kaptunk a sz\u00e9kelyek \u00e9let\u00e9r\u0151l, mentalit\u00e1s\u00e1r\u00f3l, furfangos \u00e9szj\u00e1r\u00e1sukr\u00f3l. Szt\u00e1rvend\u00e9geink, Szegi Hajnalka \u00e9s Fischer M\u00e1ria el\u0151ad\u00e1s\u00e1ban megtudhattuk, hogyan \u00fcti el az id\u0151t k\u00e9t h\u00f6lgy a vonaton, ha unatkozik. Sok nevet\u00e9s, vid\u00e1m egy\u00fcttl\u00e9t, \u00e9nekl\u00e9s, viccel\u0151d\u00e9s,\u00e9s minden j\u00f3 ami a farsanghoz tartozik nem hi\u00e1nyzott\u00a0ezen a napon.\u00a0 Aki elj\u00f6tt, j\u00f3l j\u00e1rt, aki nem j\u00f6tt, b\u00e1nhatja, j\u00f6v\u0151re a lemarad\u00e1st behozhatja. FARSANG \u2013 2016 &nbsp; Moder\u00e1tor: Szeretettel k\u00f6sz\u00f6nt\u00fcnk Benneteket ezen a jeles napon. Ma ugyanis farsangot \u00fcnnepl\u00fcnk itt, a Stuttgarti Magyar Katolikus Egyh\u00e1zk\u00f6zs\u00e9gben. Mint tudj\u00e1tok, Egyh\u00e1zk\u00f6zs\u00e9g\u00fcnk ter\u00fclet\u00e9n minden magyarlakta vid\u00e9kr\u0151l vagyunk. A Stuttgarti Magyar Misszi\u00f3, r\u00e9gi nev\u00e9n, olyan, mint a valamikori Nagy-Magyarorsz\u00e1g: sokn\u00e9p\u0171, sz\u00ednes, gazdagkult\u00far\u00e1j\u00fa \u00e9s v\u00e1ltozatos. Term\u00e9szeti sz\u00e9ps\u00e9g\u00e9ben \u00e9pp\u00fagy, mint n\u00e9peiben \u00e9s hagyom\u00e1nyaiban. Hogy meg ne feledkezz\u00fcnk err\u0151l, \u00fagy gondoltuk, hogy v\u00e9gigvessz\u00fck Nagy-Magyarorsz\u00e1g n\u00e9peinek a saj\u00e1toss\u00e1gait. \u00c9s most, farsangkor, nem annyira a fenti dolgokra \u00f6sszpontos\u00edtunk, azt megtessz\u00fck minden j\u00fanius 1. vas\u00e1rnapj\u00e1n, a Magyar \u00d6sszefog\u00e1s Napj\u00e1n, hanem l\u00e1ssuk, milyen egy n\u00e9p humora? Mennyi \u00e9rz\u00e9ke van hozz\u00e1? Hogyan tud szembes\u00edteni \u00a0ember mivoltunkkal benn\u00fcnket, mert a humoron kereszt\u00fcl k\u00f6nnyebben meg\u00e9rthetj\u00fck, hogy az ember milyen sz\u00e1nalmas \u00e9s milyen fens\u00e9ges, milyen nagy \u00e9s milyen kicsi &#8211; egyszerre. Sorban az els\u0151k a sz\u00e9kelyek&#8230; \u00d6rvend ennek a Zumb\u00fchl Csilla, mert szerinte t\u00falont\u00fal keveset besz\u00e9l\u00fcnk r\u00f3luk&#8230; Mi most nem ez\u00e9rt vessz\u00fck els\u0151nek \u0151ket, hanem, mert az ember \u00faton-\u00fatf\u00e9len bel\u00e9j\u00fck botlik \u2013 itt, n\u00e1lunk \u00e9pp \u00fagy, mint a vil\u00e1gban minden\u00fctt&#8230; Azt mondja a f\u00e1ma, hogy amikor az \u00daristen megteremtette a vil\u00e1got, Eur\u00f3p\u00e1val kezdte. \u00c9s amikor d\u00e9lut\u00e1n D\u00e9l-Amerik\u00e1hoz \u00e9rt, ott m\u00e1r jav\u00e1ban kitermelt\u00e9k az \u0151serd\u0151t. D\u00f6rzs\u00f6li a szem\u00e9t az \u00dar, amikor l\u00e1tja, hogy egy tiszt\u00e1son a sz\u00e9kelyek szalonn\u00e1znak&#8230; \u201eH\u00e1t, ti hogy ker\u00fclt\u00f6k&#8230; <\/p>\n<p><a class=\"readmore\" href=\"https:\/\/stuttgarti-katolikusok.de\/?fa_gallery=stuttgarti-farsang-2016\">R\u00e9szletek<\/a><\/p>\n","protected":false},"author":3,"featured_media":8661,"comment_status":"closed","ping_status":"closed","sticky":false,"template":"","format":"gallery","meta":{"footnotes":""},"categories":[5,39],"tags":[],"class_list":["post-8660","post","type-post","status-publish","format-gallery","has-post-thumbnail","hentry","category-hirek","category-kepgaleria","post_format-post-format-gallery"],"yoast_head":"<!-- This site is optimized with the Yoast SEO plugin v27.3 - https:\/\/yoast.com\/product\/yoast-seo-wordpress\/ -->\n<title>Stuttgarti Farsang - K\u00e9pgal\u00e9ria - Stuttgarti Katolikusok<\/title>\n<meta name=\"robots\" content=\"index, follow, max-snippet:-1, max-image-preview:large, max-video-preview:-1\" \/>\n<link rel=\"canonical\" href=\"https:\/\/stuttgarti-katolikusok.de\/index.php\/stuttgarti-farsang\/\" \/>\n<meta property=\"og:locale\" content=\"hu_HU\" \/>\n<meta property=\"og:type\" content=\"article\" \/>\n<meta property=\"og:title\" content=\"Stuttgarti Farsang - K\u00e9pgal\u00e9ria - Stuttgarti Katolikusok\" \/>\n<meta property=\"og:description\" content=\"[vc_row][vc_column][vc_column_text] Stutttg\u00e1rtban r\u00e9gi szok\u00e1sunk szerint id\u00e9n is hangulatos farsangi mulats\u00e1ggal z\u00e1rtuk le az idei b\u00e1li szezont. Szentmise ut\u00e1n a k\u00f6z\u00f6ss\u00e9gi teremben gy\u00fclekezett a n\u00e9pes sereg. Sz\u00e9pen ter\u00edtett asztal mellett, \u00edzletes f\u00e1nkot, finom borokat fogyasztgatva n\u00e9zt\u00fck v\u00e9gig a vid\u00e1m farsangi m\u0171sort. Az idei m\u0171sorban \u00edzel\u00edt\u0151t kaptunk a sz\u00e9kelyek \u00e9let\u00e9r\u0151l, mentalit\u00e1s\u00e1r\u00f3l, furfangos \u00e9szj\u00e1r\u00e1sukr\u00f3l. Szt\u00e1rvend\u00e9geink, Szegi Hajnalka \u00e9s Fischer M\u00e1ria el\u0151ad\u00e1s\u00e1ban megtudhattuk, hogyan \u00fcti el az id\u0151t k\u00e9t h\u00f6lgy a vonaton, ha unatkozik. Sok nevet\u00e9s, vid\u00e1m egy\u00fcttl\u00e9t, \u00e9nekl\u00e9s, viccel\u0151d\u00e9s,\u00e9s minden j\u00f3 ami a farsanghoz tartozik nem hi\u00e1nyzott\u00a0ezen a napon.\u00a0 Aki elj\u00f6tt, j\u00f3l j\u00e1rt, aki nem j\u00f6tt, b\u00e1nhatja, j\u00f6v\u0151re a lemarad\u00e1st behozhatja. FARSANG \u2013 2016 &nbsp; Moder\u00e1tor: Szeretettel k\u00f6sz\u00f6nt\u00fcnk Benneteket ezen a jeles napon. Ma ugyanis farsangot \u00fcnnepl\u00fcnk itt, a Stuttgarti Magyar Katolikus Egyh\u00e1zk\u00f6zs\u00e9gben. Mint tudj\u00e1tok, Egyh\u00e1zk\u00f6zs\u00e9g\u00fcnk ter\u00fclet\u00e9n minden magyarlakta vid\u00e9kr\u0151l vagyunk. A Stuttgarti Magyar Misszi\u00f3, r\u00e9gi nev\u00e9n, olyan, mint a valamikori Nagy-Magyarorsz\u00e1g: sokn\u00e9p\u0171, sz\u00ednes, gazdagkult\u00far\u00e1j\u00fa \u00e9s v\u00e1ltozatos. Term\u00e9szeti sz\u00e9ps\u00e9g\u00e9ben \u00e9pp\u00fagy, mint n\u00e9peiben \u00e9s hagyom\u00e1nyaiban. Hogy meg ne feledkezz\u00fcnk err\u0151l, \u00fagy gondoltuk, hogy v\u00e9gigvessz\u00fck Nagy-Magyarorsz\u00e1g n\u00e9peinek a saj\u00e1toss\u00e1gait. \u00c9s most, farsangkor, nem annyira a fenti dolgokra \u00f6sszpontos\u00edtunk, azt megtessz\u00fck minden j\u00fanius 1. vas\u00e1rnapj\u00e1n, a Magyar \u00d6sszefog\u00e1s Napj\u00e1n, hanem l\u00e1ssuk, milyen egy n\u00e9p humora? Mennyi \u00e9rz\u00e9ke van hozz\u00e1? Hogyan tud szembes\u00edteni \u00a0ember mivoltunkkal benn\u00fcnket, mert a humoron kereszt\u00fcl k\u00f6nnyebben meg\u00e9rthetj\u00fck, hogy az ember milyen sz\u00e1nalmas \u00e9s milyen fens\u00e9ges, milyen nagy \u00e9s milyen kicsi &#8211; egyszerre. Sorban az els\u0151k a sz\u00e9kelyek&#8230; \u00d6rvend ennek a Zumb\u00fchl Csilla, mert szerinte t\u00falont\u00fal keveset besz\u00e9l\u00fcnk r\u00f3luk&#8230; Mi most nem ez\u00e9rt vessz\u00fck els\u0151nek \u0151ket, hanem, mert az ember \u00faton-\u00fatf\u00e9len bel\u00e9j\u00fck botlik \u2013 itt, n\u00e1lunk \u00e9pp \u00fagy, mint a vil\u00e1gban minden\u00fctt&#8230; Azt mondja a f\u00e1ma, hogy amikor az \u00daristen megteremtette a vil\u00e1got, Eur\u00f3p\u00e1val kezdte. \u00c9s amikor d\u00e9lut\u00e1n D\u00e9l-Amerik\u00e1hoz \u00e9rt, ott m\u00e1r jav\u00e1ban kitermelt\u00e9k az \u0151serd\u0151t. D\u00f6rzs\u00f6li a szem\u00e9t az \u00dar, amikor l\u00e1tja, hogy egy tiszt\u00e1son a sz\u00e9kelyek szalonn\u00e1znak&#8230; \u201eH\u00e1t, ti hogy ker\u00fclt\u00f6k... R\u00e9szletek\" \/>\n<meta property=\"og:url\" content=\"https:\/\/stuttgarti-katolikusok.de\/index.php\/stuttgarti-farsang\/\" \/>\n<meta property=\"og:site_name\" content=\"Stuttgarti Katolikusok\" \/>\n<meta property=\"article:published_time\" content=\"2016-02-09T12:18:54+00:00\" \/>\n<meta property=\"article:modified_time\" content=\"2016-02-11T23:11:42+00:00\" \/>\n<meta property=\"og:image\" content=\"https:\/\/stuttgarti-katolikusok.de\/wp-content\/uploads\/2016\/02\/24535098939_21c3950674_z.jpg\" \/>\n\t<meta property=\"og:image:width\" content=\"640\" \/>\n\t<meta property=\"og:image:height\" content=\"427\" \/>\n\t<meta property=\"og:image:type\" content=\"image\/jpeg\" \/>\n<meta name=\"author\" content=\"Tibor atya\" \/>\n<meta name=\"twitter:card\" content=\"summary_large_image\" \/>\n<meta name=\"twitter:label1\" content=\"Szerz\u0151:\" \/>\n\t<meta name=\"twitter:data1\" content=\"Tibor atya\" \/>\n\t<meta name=\"twitter:label2\" content=\"Becs\u00fclt olvas\u00e1si id\u0151\" \/>\n\t<meta name=\"twitter:data2\" content=\"23 perc\" \/>\n<script type=\"application\/ld+json\" class=\"yoast-schema-graph\">{\"@context\":\"https:\\\/\\\/schema.org\",\"@graph\":[{\"@type\":\"Article\",\"@id\":\"https:\\\/\\\/stuttgarti-katolikusok.de\\\/index.php\\\/stuttgarti-farsang\\\/#article\",\"isPartOf\":{\"@id\":\"https:\\\/\\\/stuttgarti-katolikusok.de\\\/index.php\\\/stuttgarti-farsang\\\/\"},\"author\":{\"name\":\"Tibor atya\",\"@id\":\"https:\\\/\\\/stuttgarti-katolikusok.de\\\/#\\\/schema\\\/person\\\/75908d6f8fdc03a57889d27209df7795\"},\"headline\":\"Stuttgarti Farsang &#8211; K\u00e9pgal\u00e9ria\",\"datePublished\":\"2016-02-09T12:18:54+00:00\",\"dateModified\":\"2016-02-11T23:11:42+00:00\",\"mainEntityOfPage\":{\"@id\":\"https:\\\/\\\/stuttgarti-katolikusok.de\\\/index.php\\\/stuttgarti-farsang\\\/\"},\"wordCount\":4671,\"image\":{\"@id\":\"https:\\\/\\\/stuttgarti-katolikusok.de\\\/index.php\\\/stuttgarti-farsang\\\/#primaryimage\"},\"thumbnailUrl\":\"https:\\\/\\\/stuttgarti-katolikusok.de\\\/wp-content\\\/uploads\\\/2016\\\/02\\\/24535098939_21c3950674_z.jpg\",\"articleSection\":[\"H\u00edrek\",\"K\u00e9pgal\u00e9ria\"],\"inLanguage\":\"hu\"},{\"@type\":\"WebPage\",\"@id\":\"https:\\\/\\\/stuttgarti-katolikusok.de\\\/index.php\\\/stuttgarti-farsang\\\/\",\"url\":\"https:\\\/\\\/stuttgarti-katolikusok.de\\\/index.php\\\/stuttgarti-farsang\\\/\",\"name\":\"Stuttgarti Farsang - K\u00e9pgal\u00e9ria - Stuttgarti Katolikusok\",\"isPartOf\":{\"@id\":\"https:\\\/\\\/stuttgarti-katolikusok.de\\\/#website\"},\"primaryImageOfPage\":{\"@id\":\"https:\\\/\\\/stuttgarti-katolikusok.de\\\/index.php\\\/stuttgarti-farsang\\\/#primaryimage\"},\"image\":{\"@id\":\"https:\\\/\\\/stuttgarti-katolikusok.de\\\/index.php\\\/stuttgarti-farsang\\\/#primaryimage\"},\"thumbnailUrl\":\"https:\\\/\\\/stuttgarti-katolikusok.de\\\/wp-content\\\/uploads\\\/2016\\\/02\\\/24535098939_21c3950674_z.jpg\",\"datePublished\":\"2016-02-09T12:18:54+00:00\",\"dateModified\":\"2016-02-11T23:11:42+00:00\",\"author\":{\"@id\":\"https:\\\/\\\/stuttgarti-katolikusok.de\\\/#\\\/schema\\\/person\\\/75908d6f8fdc03a57889d27209df7795\"},\"breadcrumb\":{\"@id\":\"https:\\\/\\\/stuttgarti-katolikusok.de\\\/index.php\\\/stuttgarti-farsang\\\/#breadcrumb\"},\"inLanguage\":\"hu\",\"potentialAction\":[{\"@type\":\"ReadAction\",\"target\":[\"https:\\\/\\\/stuttgarti-katolikusok.de\\\/index.php\\\/stuttgarti-farsang\\\/\"]}]},{\"@type\":\"ImageObject\",\"inLanguage\":\"hu\",\"@id\":\"https:\\\/\\\/stuttgarti-katolikusok.de\\\/index.php\\\/stuttgarti-farsang\\\/#primaryimage\",\"url\":\"https:\\\/\\\/stuttgarti-katolikusok.de\\\/wp-content\\\/uploads\\\/2016\\\/02\\\/24535098939_21c3950674_z.jpg\",\"contentUrl\":\"https:\\\/\\\/stuttgarti-katolikusok.de\\\/wp-content\\\/uploads\\\/2016\\\/02\\\/24535098939_21c3950674_z.jpg\",\"width\":640,\"height\":427},{\"@type\":\"BreadcrumbList\",\"@id\":\"https:\\\/\\\/stuttgarti-katolikusok.de\\\/index.php\\\/stuttgarti-farsang\\\/#breadcrumb\",\"itemListElement\":[{\"@type\":\"ListItem\",\"position\":1,\"name\":\"Kezd\u0151lap\",\"item\":\"https:\\\/\\\/stuttgarti-katolikusok.de\\\/\"},{\"@type\":\"ListItem\",\"position\":2,\"name\":\"Stuttgarti Farsang &#8211; K\u00e9pgal\u00e9ria\"}]},{\"@type\":\"WebSite\",\"@id\":\"https:\\\/\\\/stuttgarti-katolikusok.de\\\/#website\",\"url\":\"https:\\\/\\\/stuttgarti-katolikusok.de\\\/\",\"name\":\"Stuttgarti Katolikusok\",\"description\":\"\",\"potentialAction\":[{\"@type\":\"SearchAction\",\"target\":{\"@type\":\"EntryPoint\",\"urlTemplate\":\"https:\\\/\\\/stuttgarti-katolikusok.de\\\/?s={search_term_string}\"},\"query-input\":{\"@type\":\"PropertyValueSpecification\",\"valueRequired\":true,\"valueName\":\"search_term_string\"}}],\"inLanguage\":\"hu\"},{\"@type\":\"Person\",\"@id\":\"https:\\\/\\\/stuttgarti-katolikusok.de\\\/#\\\/schema\\\/person\\\/75908d6f8fdc03a57889d27209df7795\",\"name\":\"Tibor atya\",\"image\":{\"@type\":\"ImageObject\",\"inLanguage\":\"hu\",\"@id\":\"https:\\\/\\\/secure.gravatar.com\\\/avatar\\\/61d268e57d1f4525b111222e29d2d5a7f8c420fdbf231ba5566a8ceac74fa960?s=96&d=mm&r=g\",\"url\":\"https:\\\/\\\/secure.gravatar.com\\\/avatar\\\/61d268e57d1f4525b111222e29d2d5a7f8c420fdbf231ba5566a8ceac74fa960?s=96&d=mm&r=g\",\"contentUrl\":\"https:\\\/\\\/secure.gravatar.com\\\/avatar\\\/61d268e57d1f4525b111222e29d2d5a7f8c420fdbf231ba5566a8ceac74fa960?s=96&d=mm&r=g\",\"caption\":\"Tibor atya\"},\"url\":\"https:\\\/\\\/stuttgarti-katolikusok.de\\\/index.php\\\/author\\\/tibor-atya\\\/\"}]}<\/script>\n<!-- \/ Yoast SEO plugin. -->","yoast_head_json":{"title":"Stuttgarti Farsang - K\u00e9pgal\u00e9ria - Stuttgarti Katolikusok","robots":{"index":"index","follow":"follow","max-snippet":"max-snippet:-1","max-image-preview":"max-image-preview:large","max-video-preview":"max-video-preview:-1"},"canonical":"https:\/\/stuttgarti-katolikusok.de\/index.php\/stuttgarti-farsang\/","og_locale":"hu_HU","og_type":"article","og_title":"Stuttgarti Farsang - K\u00e9pgal\u00e9ria - Stuttgarti Katolikusok","og_description":"[vc_row][vc_column][vc_column_text] Stutttg\u00e1rtban r\u00e9gi szok\u00e1sunk szerint id\u00e9n is hangulatos farsangi mulats\u00e1ggal z\u00e1rtuk le az idei b\u00e1li szezont. Szentmise ut\u00e1n a k\u00f6z\u00f6ss\u00e9gi teremben gy\u00fclekezett a n\u00e9pes sereg. Sz\u00e9pen ter\u00edtett asztal mellett, \u00edzletes f\u00e1nkot, finom borokat fogyasztgatva n\u00e9zt\u00fck v\u00e9gig a vid\u00e1m farsangi m\u0171sort. Az idei m\u0171sorban \u00edzel\u00edt\u0151t kaptunk a sz\u00e9kelyek \u00e9let\u00e9r\u0151l, mentalit\u00e1s\u00e1r\u00f3l, furfangos \u00e9szj\u00e1r\u00e1sukr\u00f3l. Szt\u00e1rvend\u00e9geink, Szegi Hajnalka \u00e9s Fischer M\u00e1ria el\u0151ad\u00e1s\u00e1ban megtudhattuk, hogyan \u00fcti el az id\u0151t k\u00e9t h\u00f6lgy a vonaton, ha unatkozik. Sok nevet\u00e9s, vid\u00e1m egy\u00fcttl\u00e9t, \u00e9nekl\u00e9s, viccel\u0151d\u00e9s,\u00e9s minden j\u00f3 ami a farsanghoz tartozik nem hi\u00e1nyzott\u00a0ezen a napon.\u00a0 Aki elj\u00f6tt, j\u00f3l j\u00e1rt, aki nem j\u00f6tt, b\u00e1nhatja, j\u00f6v\u0151re a lemarad\u00e1st behozhatja. FARSANG \u2013 2016 &nbsp; Moder\u00e1tor: Szeretettel k\u00f6sz\u00f6nt\u00fcnk Benneteket ezen a jeles napon. Ma ugyanis farsangot \u00fcnnepl\u00fcnk itt, a Stuttgarti Magyar Katolikus Egyh\u00e1zk\u00f6zs\u00e9gben. Mint tudj\u00e1tok, Egyh\u00e1zk\u00f6zs\u00e9g\u00fcnk ter\u00fclet\u00e9n minden magyarlakta vid\u00e9kr\u0151l vagyunk. A Stuttgarti Magyar Misszi\u00f3, r\u00e9gi nev\u00e9n, olyan, mint a valamikori Nagy-Magyarorsz\u00e1g: sokn\u00e9p\u0171, sz\u00ednes, gazdagkult\u00far\u00e1j\u00fa \u00e9s v\u00e1ltozatos. Term\u00e9szeti sz\u00e9ps\u00e9g\u00e9ben \u00e9pp\u00fagy, mint n\u00e9peiben \u00e9s hagyom\u00e1nyaiban. Hogy meg ne feledkezz\u00fcnk err\u0151l, \u00fagy gondoltuk, hogy v\u00e9gigvessz\u00fck Nagy-Magyarorsz\u00e1g n\u00e9peinek a saj\u00e1toss\u00e1gait. \u00c9s most, farsangkor, nem annyira a fenti dolgokra \u00f6sszpontos\u00edtunk, azt megtessz\u00fck minden j\u00fanius 1. vas\u00e1rnapj\u00e1n, a Magyar \u00d6sszefog\u00e1s Napj\u00e1n, hanem l\u00e1ssuk, milyen egy n\u00e9p humora? Mennyi \u00e9rz\u00e9ke van hozz\u00e1? Hogyan tud szembes\u00edteni \u00a0ember mivoltunkkal benn\u00fcnket, mert a humoron kereszt\u00fcl k\u00f6nnyebben meg\u00e9rthetj\u00fck, hogy az ember milyen sz\u00e1nalmas \u00e9s milyen fens\u00e9ges, milyen nagy \u00e9s milyen kicsi &#8211; egyszerre. Sorban az els\u0151k a sz\u00e9kelyek&#8230; \u00d6rvend ennek a Zumb\u00fchl Csilla, mert szerinte t\u00falont\u00fal keveset besz\u00e9l\u00fcnk r\u00f3luk&#8230; Mi most nem ez\u00e9rt vessz\u00fck els\u0151nek \u0151ket, hanem, mert az ember \u00faton-\u00fatf\u00e9len bel\u00e9j\u00fck botlik \u2013 itt, n\u00e1lunk \u00e9pp \u00fagy, mint a vil\u00e1gban minden\u00fctt&#8230; Azt mondja a f\u00e1ma, hogy amikor az \u00daristen megteremtette a vil\u00e1got, Eur\u00f3p\u00e1val kezdte. \u00c9s amikor d\u00e9lut\u00e1n D\u00e9l-Amerik\u00e1hoz \u00e9rt, ott m\u00e1r jav\u00e1ban kitermelt\u00e9k az \u0151serd\u0151t. D\u00f6rzs\u00f6li a szem\u00e9t az \u00dar, amikor l\u00e1tja, hogy egy tiszt\u00e1son a sz\u00e9kelyek szalonn\u00e1znak&#8230; \u201eH\u00e1t, ti hogy ker\u00fclt\u00f6k... R\u00e9szletek","og_url":"https:\/\/stuttgarti-katolikusok.de\/index.php\/stuttgarti-farsang\/","og_site_name":"Stuttgarti Katolikusok","article_published_time":"2016-02-09T12:18:54+00:00","article_modified_time":"2016-02-11T23:11:42+00:00","og_image":[{"width":640,"height":427,"url":"https:\/\/stuttgarti-katolikusok.de\/wp-content\/uploads\/2016\/02\/24535098939_21c3950674_z.jpg","type":"image\/jpeg"}],"author":"Tibor atya","twitter_card":"summary_large_image","twitter_misc":{"Szerz\u0151:":"Tibor atya","Becs\u00fclt olvas\u00e1si id\u0151":"23 perc"},"schema":{"@context":"https:\/\/schema.org","@graph":[{"@type":"Article","@id":"https:\/\/stuttgarti-katolikusok.de\/index.php\/stuttgarti-farsang\/#article","isPartOf":{"@id":"https:\/\/stuttgarti-katolikusok.de\/index.php\/stuttgarti-farsang\/"},"author":{"name":"Tibor atya","@id":"https:\/\/stuttgarti-katolikusok.de\/#\/schema\/person\/75908d6f8fdc03a57889d27209df7795"},"headline":"Stuttgarti Farsang &#8211; K\u00e9pgal\u00e9ria","datePublished":"2016-02-09T12:18:54+00:00","dateModified":"2016-02-11T23:11:42+00:00","mainEntityOfPage":{"@id":"https:\/\/stuttgarti-katolikusok.de\/index.php\/stuttgarti-farsang\/"},"wordCount":4671,"image":{"@id":"https:\/\/stuttgarti-katolikusok.de\/index.php\/stuttgarti-farsang\/#primaryimage"},"thumbnailUrl":"https:\/\/stuttgarti-katolikusok.de\/wp-content\/uploads\/2016\/02\/24535098939_21c3950674_z.jpg","articleSection":["H\u00edrek","K\u00e9pgal\u00e9ria"],"inLanguage":"hu"},{"@type":"WebPage","@id":"https:\/\/stuttgarti-katolikusok.de\/index.php\/stuttgarti-farsang\/","url":"https:\/\/stuttgarti-katolikusok.de\/index.php\/stuttgarti-farsang\/","name":"Stuttgarti Farsang - K\u00e9pgal\u00e9ria - Stuttgarti Katolikusok","isPartOf":{"@id":"https:\/\/stuttgarti-katolikusok.de\/#website"},"primaryImageOfPage":{"@id":"https:\/\/stuttgarti-katolikusok.de\/index.php\/stuttgarti-farsang\/#primaryimage"},"image":{"@id":"https:\/\/stuttgarti-katolikusok.de\/index.php\/stuttgarti-farsang\/#primaryimage"},"thumbnailUrl":"https:\/\/stuttgarti-katolikusok.de\/wp-content\/uploads\/2016\/02\/24535098939_21c3950674_z.jpg","datePublished":"2016-02-09T12:18:54+00:00","dateModified":"2016-02-11T23:11:42+00:00","author":{"@id":"https:\/\/stuttgarti-katolikusok.de\/#\/schema\/person\/75908d6f8fdc03a57889d27209df7795"},"breadcrumb":{"@id":"https:\/\/stuttgarti-katolikusok.de\/index.php\/stuttgarti-farsang\/#breadcrumb"},"inLanguage":"hu","potentialAction":[{"@type":"ReadAction","target":["https:\/\/stuttgarti-katolikusok.de\/index.php\/stuttgarti-farsang\/"]}]},{"@type":"ImageObject","inLanguage":"hu","@id":"https:\/\/stuttgarti-katolikusok.de\/index.php\/stuttgarti-farsang\/#primaryimage","url":"https:\/\/stuttgarti-katolikusok.de\/wp-content\/uploads\/2016\/02\/24535098939_21c3950674_z.jpg","contentUrl":"https:\/\/stuttgarti-katolikusok.de\/wp-content\/uploads\/2016\/02\/24535098939_21c3950674_z.jpg","width":640,"height":427},{"@type":"BreadcrumbList","@id":"https:\/\/stuttgarti-katolikusok.de\/index.php\/stuttgarti-farsang\/#breadcrumb","itemListElement":[{"@type":"ListItem","position":1,"name":"Kezd\u0151lap","item":"https:\/\/stuttgarti-katolikusok.de\/"},{"@type":"ListItem","position":2,"name":"Stuttgarti Farsang &#8211; K\u00e9pgal\u00e9ria"}]},{"@type":"WebSite","@id":"https:\/\/stuttgarti-katolikusok.de\/#website","url":"https:\/\/stuttgarti-katolikusok.de\/","name":"Stuttgarti Katolikusok","description":"","potentialAction":[{"@type":"SearchAction","target":{"@type":"EntryPoint","urlTemplate":"https:\/\/stuttgarti-katolikusok.de\/?s={search_term_string}"},"query-input":{"@type":"PropertyValueSpecification","valueRequired":true,"valueName":"search_term_string"}}],"inLanguage":"hu"},{"@type":"Person","@id":"https:\/\/stuttgarti-katolikusok.de\/#\/schema\/person\/75908d6f8fdc03a57889d27209df7795","name":"Tibor atya","image":{"@type":"ImageObject","inLanguage":"hu","@id":"https:\/\/secure.gravatar.com\/avatar\/61d268e57d1f4525b111222e29d2d5a7f8c420fdbf231ba5566a8ceac74fa960?s=96&d=mm&r=g","url":"https:\/\/secure.gravatar.com\/avatar\/61d268e57d1f4525b111222e29d2d5a7f8c420fdbf231ba5566a8ceac74fa960?s=96&d=mm&r=g","contentUrl":"https:\/\/secure.gravatar.com\/avatar\/61d268e57d1f4525b111222e29d2d5a7f8c420fdbf231ba5566a8ceac74fa960?s=96&d=mm&r=g","caption":"Tibor atya"},"url":"https:\/\/stuttgarti-katolikusok.de\/index.php\/author\/tibor-atya\/"}]}},"_links":{"self":[{"href":"https:\/\/stuttgarti-katolikusok.de\/index.php\/wp-json\/wp\/v2\/posts\/8660","targetHints":{"allow":["GET"]}}],"collection":[{"href":"https:\/\/stuttgarti-katolikusok.de\/index.php\/wp-json\/wp\/v2\/posts"}],"about":[{"href":"https:\/\/stuttgarti-katolikusok.de\/index.php\/wp-json\/wp\/v2\/types\/post"}],"author":[{"embeddable":true,"href":"https:\/\/stuttgarti-katolikusok.de\/index.php\/wp-json\/wp\/v2\/users\/3"}],"replies":[{"embeddable":true,"href":"https:\/\/stuttgarti-katolikusok.de\/index.php\/wp-json\/wp\/v2\/comments?post=8660"}],"version-history":[{"count":11,"href":"https:\/\/stuttgarti-katolikusok.de\/index.php\/wp-json\/wp\/v2\/posts\/8660\/revisions"}],"predecessor-version":[{"id":8691,"href":"https:\/\/stuttgarti-katolikusok.de\/index.php\/wp-json\/wp\/v2\/posts\/8660\/revisions\/8691"}],"wp:featuredmedia":[{"embeddable":true,"href":"https:\/\/stuttgarti-katolikusok.de\/index.php\/wp-json\/wp\/v2\/media\/8661"}],"wp:attachment":[{"href":"https:\/\/stuttgarti-katolikusok.de\/index.php\/wp-json\/wp\/v2\/media?parent=8660"}],"wp:term":[{"taxonomy":"category","embeddable":true,"href":"https:\/\/stuttgarti-katolikusok.de\/index.php\/wp-json\/wp\/v2\/categories?post=8660"},{"taxonomy":"post_tag","embeddable":true,"href":"https:\/\/stuttgarti-katolikusok.de\/index.php\/wp-json\/wp\/v2\/tags?post=8660"}],"curies":[{"name":"wp","href":"https:\/\/api.w.org\/{rel}","templated":true}]}}