{"id":8646,"date":"2016-02-09T10:09:03","date_gmt":"2016-02-09T10:09:03","guid":{"rendered":"https:\/\/gracious-dewdney.138-201-221-2.plesk.page\/?p=8646"},"modified":"2020-04-27T16:00:46","modified_gmt":"2020-04-27T16:00:46","slug":"programelozetes-2016-februar-8-es-14-e-kozott","status":"publish","type":"post","link":"https:\/\/stuttgarti-katolikusok.de\/index.php\/programelozetes-2016-februar-8-es-14-e-kozott\/","title":{"rendered":"Programel\u0151zetes 2016. febru\u00e1r 8. \u00e9s 14-e k\u00f6z\u00f6tt"},"content":{"rendered":"<p>Febru\u00e1r 10-\u00e9n Hamvaz\u00f3szerda, a Nagyb\u00f6jt kezdete. A szent negyven napot H\u00fasv\u00e9t, Urunk felt\u00e1mad\u00e1sa \u00fcnnep\u00e9re val\u00f3 m\u00e9lt\u00f3 el\u0151k\u00e9sz\u00fcletnek tekintj\u00fck. Ilyenkor t\u00f6bbet szoktunk im\u00e1dkozni, p\u00e9ntekenk\u00e9nt szigor\u00fabban b\u00f6jt\u00f6l\u00fcnk, buzg\u00f3bban gyakoroljuk az irgalmass\u00e1g testi \u00e9s lelki cselekedeteit, \u00e9s nem feledkezz\u00fcnk meg a h\u00fasv\u00e9ti szentgy\u00f3n\u00e1sunk elv\u00e9gz\u00e9s\u00e9r\u0151l sem!<br \/>\nStuttgartban de. 10.15 \u00f3rakor magyar nyelv\u0171 szentmise \u00e9s hamvazkod\u00e1s a Bruder Klaus templomban.<br \/>\n*<br \/>\nFebru\u00e1r 11-\u00e9n, cs\u00fct\u00f6rt\u00f6k\u00f6n Ulmban szentmise 17.30 \u00f3rakor, el\u0151tte gy\u00f3ntat\u00e1s, szentmis\u00e9ben hamvaz\u00e1s. Ut\u00e1na pedig besz\u00e9lget\u00e9s nagyb\u00f6jtr\u0151l. Mindenkit szeretettel v\u00e1r a k\u00f6z\u00f6ss\u00e9g \u00e9s Tibor atya!<br \/>\n*<br \/>\nFebru\u00e1r 12-\u00e9n, p\u00e9nteken, Stuttgartban 15.30 \u00f3rakor Bar\u00e1ts\u00e1gklub. Minden kellemes t\u00e1rsas\u00e1gra v\u00e1gy\u00f3 \u00e9rdekl\u0151d\u0151t szeretettel v\u00e1runk!<br \/>\n17.50 \u00f3r\u00e1t\u00f3l r\u00f3zsaf\u00fcz\u00e9r, majd szentmise, keret\u00e9ben hamvaz\u00e1s \u00e9s P\u00e9nteki Egyetem, 19.00 \u00f3r\u00e1t\u00f3l pedig Sportklub tagjai tal\u00e1lkoznak. Egy r\u00e9sz\u00fck asztaliteniszezik, m\u00e1sik r\u00e9sz\u00fck pedig zumb\u00e1zik. Minden sportbar\u00e1tot vagy \u00e9rdekl\u0151d\u0151t szeretettel v\u00e1runk!<\/p>\n<p>*<\/p>\n<div>\n<p>Weingartenben, a St. Marien-templomban 18.00 \u00f3r\u00e1t\u00f3l szentmise, el\u0151tte gy\u00f3ntat\u00e1s, szentmis\u00e9ben hamvaz\u00e1s, ut\u00e1na pedig besz\u00e9lget\u00e9s a nagyb\u00f6jtr\u0151l. Mindenkit szeretettel v\u00e1r a k\u00f6z\u00f6ss\u00e9g \u00e9s Tibor atya!<br \/>\n*<br \/>\nFebru\u00e1r 13-\u00e1n, szombaton 17.00 \u00f3rakor Friedrichshafenben szentmise, keret\u00e9ben hamvaz\u00e1s. Ut\u00e1na \u00e1g\u00e1p\u00e9. Mindenkit szeretettel v\u00e1r a k\u00f6z\u00f6ss\u00e9g \u00e9s Tibor atya!<br \/>\n*<br \/>\nFebru\u00e1r 14-\u00e9n, vas\u00e1rnap, Weingartenben Weingartenben 10,00 \u00f3r\u00e1t\u00f3l szentmise, hamvaz\u00e1s, \u00e1g\u00e1p\u00e9. Minden weingarteni \u00e9s Weingarten k\u00f6rny\u00e9k\u00ed H\u00edv\u00fcnket szeretettel v\u00e1r a k\u00f6z\u00f6ss\u00e9g \u00e9s Tibor atya!<\/p>\n<p>15.00 \u00f3rakor Ulmban szentmise, hamvaz\u00e1s, \u00e1g\u00e1p\u00e9. Mindenkit v\u00e1r a k\u00f6z\u00f6ss\u00e9g \u00e9s Imre atya!<br \/>\n*<br \/>\nFebru\u00e1r 26-a \u00e9s 28-a k\u00f6z\u00f6tt Stuttgarti Csendes Napokat tartunk. A p\u00e9ntek este 18.00 \u00f3rakor kezd\u0151d\u0151 lelkigyakorlatok vezet\u0151je Ft. P\u00e9k S\u00e1ndor, v\u00e1rad-\u00fajv\u00e1rosi pl\u00e9b\u00e1nos Nagyv\u00e1radr\u00f3l. Arra k\u00e9rj\u00fck az \u00e9rdekl\u0151d\u0151ket, hogy r\u00e9szv\u00e9teli sz\u00e1nd\u00e9kukat min\u00e9l el\u0151bb k\u00f6z\u00f6lj\u00e9k az Irod\u00e1n.<\/p>\n<p>\u201eB\u00f6lcs az az ember, aki nem azoknak a dolgoknak s\u00edr ut\u00e1na, amelyek neki nincsenek, hanem azoknak a dolgoknak \u00f6rvend, amelyeket birtokol!\u201d (Epikt\u00e9tosz \u2013 Kr.u. 50-130 \u2013 g\u00f6r\u00f6g b\u00f6lcs)<\/p>\n<p>Sz\u00e9p napokat, j\u00f3 munk\u00e1t, tartalmas besz\u00e9lget\u00e9seket \u00e9s kellemes tal\u00e1lkoz\u00e1sokat!<\/p>\n<\/div>\n","protected":false},"excerpt":{"rendered":"<p>Febru\u00e1r 10-\u00e9n Hamvaz\u00f3szerda, a Nagyb\u00f6jt kezdete. A szent negyven napot H\u00fasv\u00e9t, Urunk felt\u00e1mad\u00e1sa \u00fcnnep\u00e9re val\u00f3 m\u00e9lt\u00f3 el\u0151k\u00e9sz\u00fcletnek tekintj\u00fck. Ilyenkor t\u00f6bbet szoktunk im\u00e1dkozni, p\u00e9ntekenk\u00e9nt szigor\u00fabban b\u00f6jt\u00f6l\u00fcnk, buzg\u00f3bban gyakoroljuk az irgalmass\u00e1g testi \u00e9s lelki cselekedeteit, \u00e9s nem feledkezz\u00fcnk meg a h\u00fasv\u00e9ti szentgy\u00f3n\u00e1sunk elv\u00e9gz\u00e9s\u00e9r\u0151l sem! Stuttgartban de. 10.15 \u00f3rakor magyar nyelv\u0171 szentmise \u00e9s hamvazkod\u00e1s a Bruder Klaus templomban. * Febru\u00e1r 11-\u00e9n, cs\u00fct\u00f6rt\u00f6k\u00f6n Ulmban szentmise 17.30 \u00f3rakor, el\u0151tte gy\u00f3ntat\u00e1s, szentmis\u00e9ben hamvaz\u00e1s. Ut\u00e1na pedig besz\u00e9lget\u00e9s nagyb\u00f6jtr\u0151l. Mindenkit szeretettel v\u00e1r a k\u00f6z\u00f6ss\u00e9g \u00e9s Tibor atya! * Febru\u00e1r 12-\u00e9n, p\u00e9nteken, Stuttgartban 15.30 \u00f3rakor Bar\u00e1ts\u00e1gklub. Minden kellemes t\u00e1rsas\u00e1gra v\u00e1gy\u00f3 \u00e9rdekl\u0151d\u0151t szeretettel v\u00e1runk! 17.50 \u00f3r\u00e1t\u00f3l r\u00f3zsaf\u00fcz\u00e9r, majd szentmise, keret\u00e9ben hamvaz\u00e1s \u00e9s P\u00e9nteki Egyetem, 19.00 \u00f3r\u00e1t\u00f3l pedig Sportklub tagjai tal\u00e1lkoznak. Egy r\u00e9sz\u00fck asztaliteniszezik, m\u00e1sik r\u00e9sz\u00fck pedig zumb\u00e1zik. Minden sportbar\u00e1tot vagy \u00e9rdekl\u0151d\u0151t szeretettel v\u00e1runk! * Weingartenben, a St. Marien-templomban 18.00 \u00f3r\u00e1t\u00f3l szentmise, el\u0151tte gy\u00f3ntat\u00e1s, szentmis\u00e9ben hamvaz\u00e1s, ut\u00e1na pedig besz\u00e9lget\u00e9s a nagyb\u00f6jtr\u0151l. Mindenkit szeretettel v\u00e1r a k\u00f6z\u00f6ss\u00e9g \u00e9s Tibor atya! * Febru\u00e1r 13-\u00e1n, szombaton 17.00 \u00f3rakor Friedrichshafenben szentmise, keret\u00e9ben hamvaz\u00e1s. Ut\u00e1na \u00e1g\u00e1p\u00e9. Mindenkit szeretettel v\u00e1r a k\u00f6z\u00f6ss\u00e9g \u00e9s Tibor atya! * Febru\u00e1r 14-\u00e9n, vas\u00e1rnap, Weingartenben Weingartenben 10,00 \u00f3r\u00e1t\u00f3l szentmise, hamvaz\u00e1s, \u00e1g\u00e1p\u00e9. Minden weingarteni \u00e9s Weingarten k\u00f6rny\u00e9k\u00ed H\u00edv\u00fcnket szeretettel v\u00e1r a k\u00f6z\u00f6ss\u00e9g \u00e9s Tibor atya! 15.00 \u00f3rakor Ulmban szentmise, hamvaz\u00e1s, \u00e1g\u00e1p\u00e9. Mindenkit v\u00e1r a k\u00f6z\u00f6ss\u00e9g \u00e9s Imre atya! * Febru\u00e1r 26-a \u00e9s 28-a k\u00f6z\u00f6tt Stuttgarti Csendes Napokat tartunk. A p\u00e9ntek este 18.00 \u00f3rakor kezd\u0151d\u0151 lelkigyakorlatok vezet\u0151je Ft. P\u00e9k S\u00e1ndor, v\u00e1rad-\u00fajv\u00e1rosi pl\u00e9b\u00e1nos Nagyv\u00e1radr\u00f3l. Arra k\u00e9rj\u00fck az \u00e9rdekl\u0151d\u0151ket, hogy r\u00e9szv\u00e9teli sz\u00e1nd\u00e9kukat min\u00e9l el\u0151bb k\u00f6z\u00f6lj\u00e9k az Irod\u00e1n. \u201eB\u00f6lcs az az ember, aki nem azoknak a dolgoknak s\u00edr ut\u00e1na, amelyek neki nincsenek, hanem azoknak a dolgoknak \u00f6rvend, amelyeket birtokol!\u201d (Epikt\u00e9tosz \u2013 Kr.u. 50-130 \u2013 g\u00f6r\u00f6g b\u00f6lcs) Sz\u00e9p napokat, j\u00f3 munk\u00e1t, tartalmas besz\u00e9lget\u00e9seket \u00e9s kellemes tal\u00e1lkoz\u00e1sokat!<\/p>\n","protected":false},"author":3,"featured_media":0,"comment_status":"closed","ping_status":"closed","sticky":false,"template":"","format":"standard","meta":{"footnotes":""},"categories":[37],"tags":[],"class_list":["post-8646","post","type-post","status-publish","format-standard","hentry","category-progamelozetes"],"yoast_head":"<!-- This site is optimized with the Yoast SEO plugin v27.3 - https:\/\/yoast.com\/product\/yoast-seo-wordpress\/ -->\n<title>Programel\u0151zetes 2016. febru\u00e1r 8. \u00e9s 14-e k\u00f6z\u00f6tt - Stuttgarti Katolikusok<\/title>\n<meta name=\"robots\" content=\"index, follow, max-snippet:-1, max-image-preview:large, max-video-preview:-1\" \/>\n<link rel=\"canonical\" href=\"https:\/\/stuttgarti-katolikusok.de\/index.php\/programelozetes-2016-februar-8-es-14-e-kozott\/\" \/>\n<meta property=\"og:locale\" content=\"hu_HU\" \/>\n<meta property=\"og:type\" content=\"article\" \/>\n<meta property=\"og:title\" content=\"Programel\u0151zetes 2016. febru\u00e1r 8. \u00e9s 14-e k\u00f6z\u00f6tt - Stuttgarti Katolikusok\" \/>\n<meta property=\"og:description\" content=\"Febru\u00e1r 10-\u00e9n Hamvaz\u00f3szerda, a Nagyb\u00f6jt kezdete. A szent negyven napot H\u00fasv\u00e9t, Urunk felt\u00e1mad\u00e1sa \u00fcnnep\u00e9re val\u00f3 m\u00e9lt\u00f3 el\u0151k\u00e9sz\u00fcletnek tekintj\u00fck. Ilyenkor t\u00f6bbet szoktunk im\u00e1dkozni, p\u00e9ntekenk\u00e9nt szigor\u00fabban b\u00f6jt\u00f6l\u00fcnk, buzg\u00f3bban gyakoroljuk az irgalmass\u00e1g testi \u00e9s lelki cselekedeteit, \u00e9s nem feledkezz\u00fcnk meg a h\u00fasv\u00e9ti szentgy\u00f3n\u00e1sunk elv\u00e9gz\u00e9s\u00e9r\u0151l sem! Stuttgartban de. 10.15 \u00f3rakor magyar nyelv\u0171 szentmise \u00e9s hamvazkod\u00e1s a Bruder Klaus templomban. * Febru\u00e1r 11-\u00e9n, cs\u00fct\u00f6rt\u00f6k\u00f6n Ulmban szentmise 17.30 \u00f3rakor, el\u0151tte gy\u00f3ntat\u00e1s, szentmis\u00e9ben hamvaz\u00e1s. Ut\u00e1na pedig besz\u00e9lget\u00e9s nagyb\u00f6jtr\u0151l. Mindenkit szeretettel v\u00e1r a k\u00f6z\u00f6ss\u00e9g \u00e9s Tibor atya! * Febru\u00e1r 12-\u00e9n, p\u00e9nteken, Stuttgartban 15.30 \u00f3rakor Bar\u00e1ts\u00e1gklub. Minden kellemes t\u00e1rsas\u00e1gra v\u00e1gy\u00f3 \u00e9rdekl\u0151d\u0151t szeretettel v\u00e1runk! 17.50 \u00f3r\u00e1t\u00f3l r\u00f3zsaf\u00fcz\u00e9r, majd szentmise, keret\u00e9ben hamvaz\u00e1s \u00e9s P\u00e9nteki Egyetem, 19.00 \u00f3r\u00e1t\u00f3l pedig Sportklub tagjai tal\u00e1lkoznak. Egy r\u00e9sz\u00fck asztaliteniszezik, m\u00e1sik r\u00e9sz\u00fck pedig zumb\u00e1zik. Minden sportbar\u00e1tot vagy \u00e9rdekl\u0151d\u0151t szeretettel v\u00e1runk! * Weingartenben, a St. Marien-templomban 18.00 \u00f3r\u00e1t\u00f3l szentmise, el\u0151tte gy\u00f3ntat\u00e1s, szentmis\u00e9ben hamvaz\u00e1s, ut\u00e1na pedig besz\u00e9lget\u00e9s a nagyb\u00f6jtr\u0151l. Mindenkit szeretettel v\u00e1r a k\u00f6z\u00f6ss\u00e9g \u00e9s Tibor atya! * Febru\u00e1r 13-\u00e1n, szombaton 17.00 \u00f3rakor Friedrichshafenben szentmise, keret\u00e9ben hamvaz\u00e1s. Ut\u00e1na \u00e1g\u00e1p\u00e9. Mindenkit szeretettel v\u00e1r a k\u00f6z\u00f6ss\u00e9g \u00e9s Tibor atya! * Febru\u00e1r 14-\u00e9n, vas\u00e1rnap, Weingartenben Weingartenben 10,00 \u00f3r\u00e1t\u00f3l szentmise, hamvaz\u00e1s, \u00e1g\u00e1p\u00e9. Minden weingarteni \u00e9s Weingarten k\u00f6rny\u00e9k\u00ed H\u00edv\u00fcnket szeretettel v\u00e1r a k\u00f6z\u00f6ss\u00e9g \u00e9s Tibor atya! 15.00 \u00f3rakor Ulmban szentmise, hamvaz\u00e1s, \u00e1g\u00e1p\u00e9. Mindenkit v\u00e1r a k\u00f6z\u00f6ss\u00e9g \u00e9s Imre atya! * Febru\u00e1r 26-a \u00e9s 28-a k\u00f6z\u00f6tt Stuttgarti Csendes Napokat tartunk. A p\u00e9ntek este 18.00 \u00f3rakor kezd\u0151d\u0151 lelkigyakorlatok vezet\u0151je Ft. P\u00e9k S\u00e1ndor, v\u00e1rad-\u00fajv\u00e1rosi pl\u00e9b\u00e1nos Nagyv\u00e1radr\u00f3l. Arra k\u00e9rj\u00fck az \u00e9rdekl\u0151d\u0151ket, hogy r\u00e9szv\u00e9teli sz\u00e1nd\u00e9kukat min\u00e9l el\u0151bb k\u00f6z\u00f6lj\u00e9k az Irod\u00e1n. \u201eB\u00f6lcs az az ember, aki nem azoknak a dolgoknak s\u00edr ut\u00e1na, amelyek neki nincsenek, hanem azoknak a dolgoknak \u00f6rvend, amelyeket birtokol!\u201d (Epikt\u00e9tosz \u2013 Kr.u. 50-130 \u2013 g\u00f6r\u00f6g b\u00f6lcs) Sz\u00e9p napokat, j\u00f3 munk\u00e1t, tartalmas besz\u00e9lget\u00e9seket \u00e9s kellemes tal\u00e1lkoz\u00e1sokat!\" \/>\n<meta property=\"og:url\" content=\"https:\/\/stuttgarti-katolikusok.de\/index.php\/programelozetes-2016-februar-8-es-14-e-kozott\/\" \/>\n<meta property=\"og:site_name\" content=\"Stuttgarti Katolikusok\" \/>\n<meta property=\"article:published_time\" content=\"2016-02-09T10:09:03+00:00\" \/>\n<meta property=\"article:modified_time\" content=\"2020-04-27T16:00:46+00:00\" \/>\n<meta name=\"author\" content=\"Tibor atya\" \/>\n<meta name=\"twitter:card\" content=\"summary_large_image\" \/>\n<meta name=\"twitter:label1\" content=\"Szerz\u0151:\" \/>\n\t<meta name=\"twitter:data1\" content=\"Tibor atya\" \/>\n\t<meta name=\"twitter:label2\" content=\"Becs\u00fclt olvas\u00e1si id\u0151\" \/>\n\t<meta name=\"twitter:data2\" content=\"2 perc\" \/>\n<script type=\"application\/ld+json\" class=\"yoast-schema-graph\">{\"@context\":\"https:\\\/\\\/schema.org\",\"@graph\":[{\"@type\":\"Article\",\"@id\":\"https:\\\/\\\/stuttgarti-katolikusok.de\\\/index.php\\\/programelozetes-2016-februar-8-es-14-e-kozott\\\/#article\",\"isPartOf\":{\"@id\":\"https:\\\/\\\/stuttgarti-katolikusok.de\\\/index.php\\\/programelozetes-2016-februar-8-es-14-e-kozott\\\/\"},\"author\":{\"name\":\"Tibor atya\",\"@id\":\"https:\\\/\\\/stuttgarti-katolikusok.de\\\/#\\\/schema\\\/person\\\/75908d6f8fdc03a57889d27209df7795\"},\"headline\":\"Programel\u0151zetes 2016. febru\u00e1r 8. \u00e9s 14-e k\u00f6z\u00f6tt\",\"datePublished\":\"2016-02-09T10:09:03+00:00\",\"dateModified\":\"2020-04-27T16:00:46+00:00\",\"mainEntityOfPage\":{\"@id\":\"https:\\\/\\\/stuttgarti-katolikusok.de\\\/index.php\\\/programelozetes-2016-februar-8-es-14-e-kozott\\\/\"},\"wordCount\":445,\"articleSection\":[\"Progamel\u0151zetes\"],\"inLanguage\":\"hu\"},{\"@type\":\"WebPage\",\"@id\":\"https:\\\/\\\/stuttgarti-katolikusok.de\\\/index.php\\\/programelozetes-2016-februar-8-es-14-e-kozott\\\/\",\"url\":\"https:\\\/\\\/stuttgarti-katolikusok.de\\\/index.php\\\/programelozetes-2016-februar-8-es-14-e-kozott\\\/\",\"name\":\"Programel\u0151zetes 2016. febru\u00e1r 8. \u00e9s 14-e k\u00f6z\u00f6tt - Stuttgarti Katolikusok\",\"isPartOf\":{\"@id\":\"https:\\\/\\\/stuttgarti-katolikusok.de\\\/#website\"},\"datePublished\":\"2016-02-09T10:09:03+00:00\",\"dateModified\":\"2020-04-27T16:00:46+00:00\",\"author\":{\"@id\":\"https:\\\/\\\/stuttgarti-katolikusok.de\\\/#\\\/schema\\\/person\\\/75908d6f8fdc03a57889d27209df7795\"},\"breadcrumb\":{\"@id\":\"https:\\\/\\\/stuttgarti-katolikusok.de\\\/index.php\\\/programelozetes-2016-februar-8-es-14-e-kozott\\\/#breadcrumb\"},\"inLanguage\":\"hu\",\"potentialAction\":[{\"@type\":\"ReadAction\",\"target\":[\"https:\\\/\\\/stuttgarti-katolikusok.de\\\/index.php\\\/programelozetes-2016-februar-8-es-14-e-kozott\\\/\"]}]},{\"@type\":\"BreadcrumbList\",\"@id\":\"https:\\\/\\\/stuttgarti-katolikusok.de\\\/index.php\\\/programelozetes-2016-februar-8-es-14-e-kozott\\\/#breadcrumb\",\"itemListElement\":[{\"@type\":\"ListItem\",\"position\":1,\"name\":\"Kezd\u0151lap\",\"item\":\"https:\\\/\\\/stuttgarti-katolikusok.de\\\/\"},{\"@type\":\"ListItem\",\"position\":2,\"name\":\"Programel\u0151zetes 2016. febru\u00e1r 8. \u00e9s 14-e k\u00f6z\u00f6tt\"}]},{\"@type\":\"WebSite\",\"@id\":\"https:\\\/\\\/stuttgarti-katolikusok.de\\\/#website\",\"url\":\"https:\\\/\\\/stuttgarti-katolikusok.de\\\/\",\"name\":\"Stuttgarti Katolikusok\",\"description\":\"\",\"potentialAction\":[{\"@type\":\"SearchAction\",\"target\":{\"@type\":\"EntryPoint\",\"urlTemplate\":\"https:\\\/\\\/stuttgarti-katolikusok.de\\\/?s={search_term_string}\"},\"query-input\":{\"@type\":\"PropertyValueSpecification\",\"valueRequired\":true,\"valueName\":\"search_term_string\"}}],\"inLanguage\":\"hu\"},{\"@type\":\"Person\",\"@id\":\"https:\\\/\\\/stuttgarti-katolikusok.de\\\/#\\\/schema\\\/person\\\/75908d6f8fdc03a57889d27209df7795\",\"name\":\"Tibor atya\",\"image\":{\"@type\":\"ImageObject\",\"inLanguage\":\"hu\",\"@id\":\"https:\\\/\\\/secure.gravatar.com\\\/avatar\\\/61d268e57d1f4525b111222e29d2d5a7f8c420fdbf231ba5566a8ceac74fa960?s=96&d=mm&r=g\",\"url\":\"https:\\\/\\\/secure.gravatar.com\\\/avatar\\\/61d268e57d1f4525b111222e29d2d5a7f8c420fdbf231ba5566a8ceac74fa960?s=96&d=mm&r=g\",\"contentUrl\":\"https:\\\/\\\/secure.gravatar.com\\\/avatar\\\/61d268e57d1f4525b111222e29d2d5a7f8c420fdbf231ba5566a8ceac74fa960?s=96&d=mm&r=g\",\"caption\":\"Tibor atya\"},\"url\":\"https:\\\/\\\/stuttgarti-katolikusok.de\\\/index.php\\\/author\\\/tibor-atya\\\/\"}]}<\/script>\n<!-- \/ Yoast SEO plugin. -->","yoast_head_json":{"title":"Programel\u0151zetes 2016. febru\u00e1r 8. \u00e9s 14-e k\u00f6z\u00f6tt - Stuttgarti Katolikusok","robots":{"index":"index","follow":"follow","max-snippet":"max-snippet:-1","max-image-preview":"max-image-preview:large","max-video-preview":"max-video-preview:-1"},"canonical":"https:\/\/stuttgarti-katolikusok.de\/index.php\/programelozetes-2016-februar-8-es-14-e-kozott\/","og_locale":"hu_HU","og_type":"article","og_title":"Programel\u0151zetes 2016. febru\u00e1r 8. \u00e9s 14-e k\u00f6z\u00f6tt - Stuttgarti Katolikusok","og_description":"Febru\u00e1r 10-\u00e9n Hamvaz\u00f3szerda, a Nagyb\u00f6jt kezdete. A szent negyven napot H\u00fasv\u00e9t, Urunk felt\u00e1mad\u00e1sa \u00fcnnep\u00e9re val\u00f3 m\u00e9lt\u00f3 el\u0151k\u00e9sz\u00fcletnek tekintj\u00fck. Ilyenkor t\u00f6bbet szoktunk im\u00e1dkozni, p\u00e9ntekenk\u00e9nt szigor\u00fabban b\u00f6jt\u00f6l\u00fcnk, buzg\u00f3bban gyakoroljuk az irgalmass\u00e1g testi \u00e9s lelki cselekedeteit, \u00e9s nem feledkezz\u00fcnk meg a h\u00fasv\u00e9ti szentgy\u00f3n\u00e1sunk elv\u00e9gz\u00e9s\u00e9r\u0151l sem! Stuttgartban de. 10.15 \u00f3rakor magyar nyelv\u0171 szentmise \u00e9s hamvazkod\u00e1s a Bruder Klaus templomban. * Febru\u00e1r 11-\u00e9n, cs\u00fct\u00f6rt\u00f6k\u00f6n Ulmban szentmise 17.30 \u00f3rakor, el\u0151tte gy\u00f3ntat\u00e1s, szentmis\u00e9ben hamvaz\u00e1s. Ut\u00e1na pedig besz\u00e9lget\u00e9s nagyb\u00f6jtr\u0151l. Mindenkit szeretettel v\u00e1r a k\u00f6z\u00f6ss\u00e9g \u00e9s Tibor atya! * Febru\u00e1r 12-\u00e9n, p\u00e9nteken, Stuttgartban 15.30 \u00f3rakor Bar\u00e1ts\u00e1gklub. Minden kellemes t\u00e1rsas\u00e1gra v\u00e1gy\u00f3 \u00e9rdekl\u0151d\u0151t szeretettel v\u00e1runk! 17.50 \u00f3r\u00e1t\u00f3l r\u00f3zsaf\u00fcz\u00e9r, majd szentmise, keret\u00e9ben hamvaz\u00e1s \u00e9s P\u00e9nteki Egyetem, 19.00 \u00f3r\u00e1t\u00f3l pedig Sportklub tagjai tal\u00e1lkoznak. Egy r\u00e9sz\u00fck asztaliteniszezik, m\u00e1sik r\u00e9sz\u00fck pedig zumb\u00e1zik. Minden sportbar\u00e1tot vagy \u00e9rdekl\u0151d\u0151t szeretettel v\u00e1runk! * Weingartenben, a St. Marien-templomban 18.00 \u00f3r\u00e1t\u00f3l szentmise, el\u0151tte gy\u00f3ntat\u00e1s, szentmis\u00e9ben hamvaz\u00e1s, ut\u00e1na pedig besz\u00e9lget\u00e9s a nagyb\u00f6jtr\u0151l. Mindenkit szeretettel v\u00e1r a k\u00f6z\u00f6ss\u00e9g \u00e9s Tibor atya! * Febru\u00e1r 13-\u00e1n, szombaton 17.00 \u00f3rakor Friedrichshafenben szentmise, keret\u00e9ben hamvaz\u00e1s. Ut\u00e1na \u00e1g\u00e1p\u00e9. Mindenkit szeretettel v\u00e1r a k\u00f6z\u00f6ss\u00e9g \u00e9s Tibor atya! * Febru\u00e1r 14-\u00e9n, vas\u00e1rnap, Weingartenben Weingartenben 10,00 \u00f3r\u00e1t\u00f3l szentmise, hamvaz\u00e1s, \u00e1g\u00e1p\u00e9. Minden weingarteni \u00e9s Weingarten k\u00f6rny\u00e9k\u00ed H\u00edv\u00fcnket szeretettel v\u00e1r a k\u00f6z\u00f6ss\u00e9g \u00e9s Tibor atya! 15.00 \u00f3rakor Ulmban szentmise, hamvaz\u00e1s, \u00e1g\u00e1p\u00e9. Mindenkit v\u00e1r a k\u00f6z\u00f6ss\u00e9g \u00e9s Imre atya! * Febru\u00e1r 26-a \u00e9s 28-a k\u00f6z\u00f6tt Stuttgarti Csendes Napokat tartunk. A p\u00e9ntek este 18.00 \u00f3rakor kezd\u0151d\u0151 lelkigyakorlatok vezet\u0151je Ft. P\u00e9k S\u00e1ndor, v\u00e1rad-\u00fajv\u00e1rosi pl\u00e9b\u00e1nos Nagyv\u00e1radr\u00f3l. Arra k\u00e9rj\u00fck az \u00e9rdekl\u0151d\u0151ket, hogy r\u00e9szv\u00e9teli sz\u00e1nd\u00e9kukat min\u00e9l el\u0151bb k\u00f6z\u00f6lj\u00e9k az Irod\u00e1n. \u201eB\u00f6lcs az az ember, aki nem azoknak a dolgoknak s\u00edr ut\u00e1na, amelyek neki nincsenek, hanem azoknak a dolgoknak \u00f6rvend, amelyeket birtokol!\u201d (Epikt\u00e9tosz \u2013 Kr.u. 50-130 \u2013 g\u00f6r\u00f6g b\u00f6lcs) Sz\u00e9p napokat, j\u00f3 munk\u00e1t, tartalmas besz\u00e9lget\u00e9seket \u00e9s kellemes tal\u00e1lkoz\u00e1sokat!","og_url":"https:\/\/stuttgarti-katolikusok.de\/index.php\/programelozetes-2016-februar-8-es-14-e-kozott\/","og_site_name":"Stuttgarti Katolikusok","article_published_time":"2016-02-09T10:09:03+00:00","article_modified_time":"2020-04-27T16:00:46+00:00","author":"Tibor atya","twitter_card":"summary_large_image","twitter_misc":{"Szerz\u0151:":"Tibor atya","Becs\u00fclt olvas\u00e1si id\u0151":"2 perc"},"schema":{"@context":"https:\/\/schema.org","@graph":[{"@type":"Article","@id":"https:\/\/stuttgarti-katolikusok.de\/index.php\/programelozetes-2016-februar-8-es-14-e-kozott\/#article","isPartOf":{"@id":"https:\/\/stuttgarti-katolikusok.de\/index.php\/programelozetes-2016-februar-8-es-14-e-kozott\/"},"author":{"name":"Tibor atya","@id":"https:\/\/stuttgarti-katolikusok.de\/#\/schema\/person\/75908d6f8fdc03a57889d27209df7795"},"headline":"Programel\u0151zetes 2016. febru\u00e1r 8. \u00e9s 14-e k\u00f6z\u00f6tt","datePublished":"2016-02-09T10:09:03+00:00","dateModified":"2020-04-27T16:00:46+00:00","mainEntityOfPage":{"@id":"https:\/\/stuttgarti-katolikusok.de\/index.php\/programelozetes-2016-februar-8-es-14-e-kozott\/"},"wordCount":445,"articleSection":["Progamel\u0151zetes"],"inLanguage":"hu"},{"@type":"WebPage","@id":"https:\/\/stuttgarti-katolikusok.de\/index.php\/programelozetes-2016-februar-8-es-14-e-kozott\/","url":"https:\/\/stuttgarti-katolikusok.de\/index.php\/programelozetes-2016-februar-8-es-14-e-kozott\/","name":"Programel\u0151zetes 2016. febru\u00e1r 8. \u00e9s 14-e k\u00f6z\u00f6tt - Stuttgarti Katolikusok","isPartOf":{"@id":"https:\/\/stuttgarti-katolikusok.de\/#website"},"datePublished":"2016-02-09T10:09:03+00:00","dateModified":"2020-04-27T16:00:46+00:00","author":{"@id":"https:\/\/stuttgarti-katolikusok.de\/#\/schema\/person\/75908d6f8fdc03a57889d27209df7795"},"breadcrumb":{"@id":"https:\/\/stuttgarti-katolikusok.de\/index.php\/programelozetes-2016-februar-8-es-14-e-kozott\/#breadcrumb"},"inLanguage":"hu","potentialAction":[{"@type":"ReadAction","target":["https:\/\/stuttgarti-katolikusok.de\/index.php\/programelozetes-2016-februar-8-es-14-e-kozott\/"]}]},{"@type":"BreadcrumbList","@id":"https:\/\/stuttgarti-katolikusok.de\/index.php\/programelozetes-2016-februar-8-es-14-e-kozott\/#breadcrumb","itemListElement":[{"@type":"ListItem","position":1,"name":"Kezd\u0151lap","item":"https:\/\/stuttgarti-katolikusok.de\/"},{"@type":"ListItem","position":2,"name":"Programel\u0151zetes 2016. febru\u00e1r 8. \u00e9s 14-e k\u00f6z\u00f6tt"}]},{"@type":"WebSite","@id":"https:\/\/stuttgarti-katolikusok.de\/#website","url":"https:\/\/stuttgarti-katolikusok.de\/","name":"Stuttgarti Katolikusok","description":"","potentialAction":[{"@type":"SearchAction","target":{"@type":"EntryPoint","urlTemplate":"https:\/\/stuttgarti-katolikusok.de\/?s={search_term_string}"},"query-input":{"@type":"PropertyValueSpecification","valueRequired":true,"valueName":"search_term_string"}}],"inLanguage":"hu"},{"@type":"Person","@id":"https:\/\/stuttgarti-katolikusok.de\/#\/schema\/person\/75908d6f8fdc03a57889d27209df7795","name":"Tibor atya","image":{"@type":"ImageObject","inLanguage":"hu","@id":"https:\/\/secure.gravatar.com\/avatar\/61d268e57d1f4525b111222e29d2d5a7f8c420fdbf231ba5566a8ceac74fa960?s=96&d=mm&r=g","url":"https:\/\/secure.gravatar.com\/avatar\/61d268e57d1f4525b111222e29d2d5a7f8c420fdbf231ba5566a8ceac74fa960?s=96&d=mm&r=g","contentUrl":"https:\/\/secure.gravatar.com\/avatar\/61d268e57d1f4525b111222e29d2d5a7f8c420fdbf231ba5566a8ceac74fa960?s=96&d=mm&r=g","caption":"Tibor atya"},"url":"https:\/\/stuttgarti-katolikusok.de\/index.php\/author\/tibor-atya\/"}]}},"_links":{"self":[{"href":"https:\/\/stuttgarti-katolikusok.de\/index.php\/wp-json\/wp\/v2\/posts\/8646","targetHints":{"allow":["GET"]}}],"collection":[{"href":"https:\/\/stuttgarti-katolikusok.de\/index.php\/wp-json\/wp\/v2\/posts"}],"about":[{"href":"https:\/\/stuttgarti-katolikusok.de\/index.php\/wp-json\/wp\/v2\/types\/post"}],"author":[{"embeddable":true,"href":"https:\/\/stuttgarti-katolikusok.de\/index.php\/wp-json\/wp\/v2\/users\/3"}],"replies":[{"embeddable":true,"href":"https:\/\/stuttgarti-katolikusok.de\/index.php\/wp-json\/wp\/v2\/comments?post=8646"}],"version-history":[{"count":1,"href":"https:\/\/stuttgarti-katolikusok.de\/index.php\/wp-json\/wp\/v2\/posts\/8646\/revisions"}],"predecessor-version":[{"id":8648,"href":"https:\/\/stuttgarti-katolikusok.de\/index.php\/wp-json\/wp\/v2\/posts\/8646\/revisions\/8648"}],"wp:attachment":[{"href":"https:\/\/stuttgarti-katolikusok.de\/index.php\/wp-json\/wp\/v2\/media?parent=8646"}],"wp:term":[{"taxonomy":"category","embeddable":true,"href":"https:\/\/stuttgarti-katolikusok.de\/index.php\/wp-json\/wp\/v2\/categories?post=8646"},{"taxonomy":"post_tag","embeddable":true,"href":"https:\/\/stuttgarti-katolikusok.de\/index.php\/wp-json\/wp\/v2\/tags?post=8646"}],"curies":[{"name":"wp","href":"https:\/\/api.w.org\/{rel}","templated":true}]}}