{"id":8618,"date":"2016-02-01T14:20:53","date_gmt":"2016-02-01T14:20:53","guid":{"rendered":"https:\/\/gracious-dewdney.138-201-221-2.plesk.page\/?p=8618"},"modified":"2016-02-02T12:56:56","modified_gmt":"2016-02-02T12:56:56","slug":"programelozetes-februar-1-es-7-e-kozott","status":"publish","type":"post","link":"https:\/\/stuttgarti-katolikusok.de\/index.php\/programelozetes-februar-1-es-7-e-kozott\/","title":{"rendered":"Programel\u0151zetes febru\u00e1r 1. \u00e9s 7-e k\u00f6z\u00f6tt"},"content":{"rendered":"<p>Febru\u00e1r 4-\u00e9n, cs\u00fct\u00f6rt\u00f6k\u00f6n, este 17.30 \u00f3rakor Ulmban szentmise, majd ut\u00e1na Bibliak\u00f6r. Szentmise keret\u00e9ben gyertyaszentel\u00e9s \u00e9s bal\u00e1zs\u00e1ld\u00e1s. Mindenkit szeretettel v\u00e1r a k\u00f6z\u00f6ss\u00e9g \u00e9s Tibor atya!<br \/>\n*<br \/>\nFebru\u00e1r 5-\u00e9n, p\u00e9nteken, 15.30 \u00f3rakor Stuttgartban Bar\u00e1ts\u00e1gklub. Minden kellemes t\u00e1rsas\u00e1gra v\u00e1gy\u00f3 \u00e9rdekl\u0151d\u0151t szeretettel v\u00e1r a Vezet\u0151s\u00e9g \u00e9s a Tags\u00e1g!<\/p>\n<div class=\"text_exposed_show\">\n<p>Este 17.50 \u00f3rakor r\u00f3zsaf\u00fcz\u00e9r, ut\u00e1na szentmise. Keret\u00e9ben gyertyaszentel\u00e9s, bal\u00e1zs\u00e1ld\u00e1s \u2013 \u00e9s Besz\u00e9lget\u00e9sek a katekizmusr\u00f3l. T\u00e9ma: A 7 f\u0151b\u0171n. Ut\u00e1na Imak\u00f6r. Mindenkit szeretettel v\u00e1runk!<\/p>\n<p>Este 18.00 \u00f3rakor Weingartenben is szentmise, majd Bibliak\u00f6r. Szentmise keret\u00e9ben gyertyaszentel\u00e9s \u00e9s bal\u00e1zs\u00e1ld\u00e1s. Mindenkit szeretettel v\u00e1r a k\u00f6z\u00f6ss\u00e9g \u00e9s Tibor atya!<\/p>\n<p>*<br \/>\nFebru\u00e1r 6-\u00e1n, szombaton, 17.00 \u00f3rakor Balingenben templomb\u00facs\u00fa: Szent Magyar P\u00e1l \u00fcnnepe. Szentmise keret\u00e9ben gyertyaszentel\u00e9s \u00e9s bal\u00e1zs\u00e1ld\u00e1s. A szentmis\u00e9re \u00e9s az ut\u00e1na k\u00f6vetkez\u0151 \u00e1g\u00e1p\u00e9ra minden balingeni \u00e9s Balingen k\u00f6rny\u00e9ki H\u00edv\u00fcnket szeretettel elv\u00e1r a k\u00f6z\u00f6ss\u00e9g \u00e9s Tibor atya!<\/p>\n<p>*<br \/>\nFebru\u00e1r 7-\u00e1n, vas\u00e1rnap, 9.30 \u00f3rakor Schw\u00e4bisch Gm\u00fcndben szentmise. Ut\u00e1na \u00e1g\u00e1p\u00e9. Minden gm\u00fcndi \u00e9s Gm\u00fcnd k\u00f6rny\u00e9ki H\u00edv\u00fcnket szeretettel v\u00e1r a k\u00f6z\u00f6ss\u00e9g \u00e9s Imre atya!<\/p>\n<p>Ugyancsak ezen a napon Stuttgartban du. 15.00 \u00f3rakor szentmise. Ut\u00e1na Farsangi mulats\u00e1g k\u00f6vetkezik az Egyh\u00e1zk\u00f6zs\u00e9g el\u0151ad\u00e1s\u00e1ban. Vend\u00e9gfell\u00e9p\u0151ben a Kratochwill-dal\u00e1rda! Mindenkit szeretettel v\u00e1r a k\u00f6z\u00f6ss\u00e9g \u00e9s Imre atya!<\/p>\n<p><strong><em>\u201eAz ember boldog lehet szeretettel egy kicsi visk\u00f3ban, \u00e9s boldogtalan a legpomp\u00e1sabb palot\u00e1ban is, ha hi\u00e1nyzik bel\u0151le a szeretet. Egy szeret\u0151 otthon \u00e9s egy szeret\u0151 sz\u00edv \u2013 t\u00f6bbre nincs sz\u00fcks\u00e9ged ahhoz, hogy boldog l\u00e9gy!\u201d (Phil Bosmans, belga szerzetes, egyh\u00e1zi \u00edr\u00f3 sz. 1922).<\/em><\/strong><\/p>\n<p>Sz\u00e9p napokat, j\u00f3 munk\u00e1t, tartalmas besz\u00e9lget\u00e9seket \u00e9s kellemes tal\u00e1lkoz\u00e1sokat k\u00edv\u00e1nunk minden Kedves H\u00edv\u00fcnknek!<\/p>\n<\/div>\n","protected":false},"excerpt":{"rendered":"<p>Febru\u00e1r 4-\u00e9n, cs\u00fct\u00f6rt\u00f6k\u00f6n, este 17.30 \u00f3rakor Ulmban szentmise, majd ut\u00e1na Bibliak\u00f6r. Szentmise keret\u00e9ben gyertyaszentel\u00e9s \u00e9s bal\u00e1zs\u00e1ld\u00e1s. Mindenkit szeretettel v\u00e1r a k\u00f6z\u00f6ss\u00e9g \u00e9s Tibor atya! * Febru\u00e1r 5-\u00e9n, p\u00e9nteken, 15.30 \u00f3rakor Stuttgartban Bar\u00e1ts\u00e1gklub. Minden kellemes t\u00e1rsas\u00e1gra v\u00e1gy\u00f3 \u00e9rdekl\u0151d\u0151t szeretettel v\u00e1r a Vezet\u0151s\u00e9g \u00e9s a Tags\u00e1g! Este 17.50 \u00f3rakor r\u00f3zsaf\u00fcz\u00e9r, ut\u00e1na szentmise. Keret\u00e9ben gyertyaszentel\u00e9s, bal\u00e1zs\u00e1ld\u00e1s \u2013 \u00e9s Besz\u00e9lget\u00e9sek a katekizmusr\u00f3l. T\u00e9ma: A 7 f\u0151b\u0171n. Ut\u00e1na Imak\u00f6r. Mindenkit szeretettel v\u00e1runk! Este 18.00 \u00f3rakor Weingartenben is szentmise, majd Bibliak\u00f6r. Szentmise keret\u00e9ben gyertyaszentel\u00e9s \u00e9s bal\u00e1zs\u00e1ld\u00e1s. Mindenkit szeretettel v\u00e1r a k\u00f6z\u00f6ss\u00e9g \u00e9s Tibor atya! * Febru\u00e1r 6-\u00e1n, szombaton, 17.00 \u00f3rakor Balingenben templomb\u00facs\u00fa: Szent Magyar P\u00e1l \u00fcnnepe. Szentmise keret\u00e9ben gyertyaszentel\u00e9s \u00e9s bal\u00e1zs\u00e1ld\u00e1s. A szentmis\u00e9re \u00e9s az ut\u00e1na k\u00f6vetkez\u0151 \u00e1g\u00e1p\u00e9ra minden balingeni \u00e9s Balingen k\u00f6rny\u00e9ki H\u00edv\u00fcnket szeretettel elv\u00e1r a k\u00f6z\u00f6ss\u00e9g \u00e9s Tibor atya! * Febru\u00e1r 7-\u00e1n, vas\u00e1rnap, 9.30 \u00f3rakor Schw\u00e4bisch Gm\u00fcndben szentmise. Ut\u00e1na \u00e1g\u00e1p\u00e9. Minden gm\u00fcndi \u00e9s Gm\u00fcnd k\u00f6rny\u00e9ki H\u00edv\u00fcnket szeretettel v\u00e1r a k\u00f6z\u00f6ss\u00e9g \u00e9s Imre atya! Ugyancsak ezen a napon Stuttgartban du. 15.00 \u00f3rakor szentmise. Ut\u00e1na Farsangi mulats\u00e1g k\u00f6vetkezik az Egyh\u00e1zk\u00f6zs\u00e9g el\u0151ad\u00e1s\u00e1ban. Vend\u00e9gfell\u00e9p\u0151ben a Kratochwill-dal\u00e1rda! Mindenkit szeretettel v\u00e1r a k\u00f6z\u00f6ss\u00e9g \u00e9s Imre atya! \u201eAz ember boldog lehet szeretettel egy kicsi visk\u00f3ban, \u00e9s boldogtalan a legpomp\u00e1sabb palot\u00e1ban is, ha hi\u00e1nyzik bel\u0151le a szeretet. Egy szeret\u0151 otthon \u00e9s egy szeret\u0151 sz\u00edv \u2013 t\u00f6bbre nincs sz\u00fcks\u00e9ged ahhoz, hogy boldog l\u00e9gy!\u201d (Phil Bosmans, belga szerzetes, egyh\u00e1zi \u00edr\u00f3 sz. 1922). Sz\u00e9p napokat, j\u00f3 munk\u00e1t, tartalmas besz\u00e9lget\u00e9seket \u00e9s kellemes tal\u00e1lkoz\u00e1sokat k\u00edv\u00e1nunk minden Kedves H\u00edv\u00fcnknek!<\/p>\n","protected":false},"author":3,"featured_media":0,"comment_status":"closed","ping_status":"closed","sticky":false,"template":"","format":"standard","meta":{"footnotes":""},"categories":[37],"tags":[],"class_list":["post-8618","post","type-post","status-publish","format-standard","hentry","category-progamelozetes"],"yoast_head":"<!-- This site is optimized with the Yoast SEO plugin v27.3 - https:\/\/yoast.com\/product\/yoast-seo-wordpress\/ -->\n<title>Programel\u0151zetes febru\u00e1r 1. \u00e9s 7-e k\u00f6z\u00f6tt - Stuttgarti Katolikusok<\/title>\n<meta name=\"robots\" content=\"index, follow, max-snippet:-1, max-image-preview:large, max-video-preview:-1\" \/>\n<link rel=\"canonical\" href=\"https:\/\/stuttgarti-katolikusok.de\/index.php\/programelozetes-februar-1-es-7-e-kozott\/\" \/>\n<meta property=\"og:locale\" content=\"hu_HU\" \/>\n<meta property=\"og:type\" content=\"article\" \/>\n<meta property=\"og:title\" content=\"Programel\u0151zetes febru\u00e1r 1. \u00e9s 7-e k\u00f6z\u00f6tt - Stuttgarti Katolikusok\" \/>\n<meta property=\"og:description\" content=\"Febru\u00e1r 4-\u00e9n, cs\u00fct\u00f6rt\u00f6k\u00f6n, este 17.30 \u00f3rakor Ulmban szentmise, majd ut\u00e1na Bibliak\u00f6r. Szentmise keret\u00e9ben gyertyaszentel\u00e9s \u00e9s bal\u00e1zs\u00e1ld\u00e1s. Mindenkit szeretettel v\u00e1r a k\u00f6z\u00f6ss\u00e9g \u00e9s Tibor atya! * Febru\u00e1r 5-\u00e9n, p\u00e9nteken, 15.30 \u00f3rakor Stuttgartban Bar\u00e1ts\u00e1gklub. Minden kellemes t\u00e1rsas\u00e1gra v\u00e1gy\u00f3 \u00e9rdekl\u0151d\u0151t szeretettel v\u00e1r a Vezet\u0151s\u00e9g \u00e9s a Tags\u00e1g! Este 17.50 \u00f3rakor r\u00f3zsaf\u00fcz\u00e9r, ut\u00e1na szentmise. Keret\u00e9ben gyertyaszentel\u00e9s, bal\u00e1zs\u00e1ld\u00e1s \u2013 \u00e9s Besz\u00e9lget\u00e9sek a katekizmusr\u00f3l. T\u00e9ma: A 7 f\u0151b\u0171n. Ut\u00e1na Imak\u00f6r. Mindenkit szeretettel v\u00e1runk! Este 18.00 \u00f3rakor Weingartenben is szentmise, majd Bibliak\u00f6r. Szentmise keret\u00e9ben gyertyaszentel\u00e9s \u00e9s bal\u00e1zs\u00e1ld\u00e1s. Mindenkit szeretettel v\u00e1r a k\u00f6z\u00f6ss\u00e9g \u00e9s Tibor atya! * Febru\u00e1r 6-\u00e1n, szombaton, 17.00 \u00f3rakor Balingenben templomb\u00facs\u00fa: Szent Magyar P\u00e1l \u00fcnnepe. Szentmise keret\u00e9ben gyertyaszentel\u00e9s \u00e9s bal\u00e1zs\u00e1ld\u00e1s. A szentmis\u00e9re \u00e9s az ut\u00e1na k\u00f6vetkez\u0151 \u00e1g\u00e1p\u00e9ra minden balingeni \u00e9s Balingen k\u00f6rny\u00e9ki H\u00edv\u00fcnket szeretettel elv\u00e1r a k\u00f6z\u00f6ss\u00e9g \u00e9s Tibor atya! * Febru\u00e1r 7-\u00e1n, vas\u00e1rnap, 9.30 \u00f3rakor Schw\u00e4bisch Gm\u00fcndben szentmise. Ut\u00e1na \u00e1g\u00e1p\u00e9. Minden gm\u00fcndi \u00e9s Gm\u00fcnd k\u00f6rny\u00e9ki H\u00edv\u00fcnket szeretettel v\u00e1r a k\u00f6z\u00f6ss\u00e9g \u00e9s Imre atya! Ugyancsak ezen a napon Stuttgartban du. 15.00 \u00f3rakor szentmise. Ut\u00e1na Farsangi mulats\u00e1g k\u00f6vetkezik az Egyh\u00e1zk\u00f6zs\u00e9g el\u0151ad\u00e1s\u00e1ban. Vend\u00e9gfell\u00e9p\u0151ben a Kratochwill-dal\u00e1rda! Mindenkit szeretettel v\u00e1r a k\u00f6z\u00f6ss\u00e9g \u00e9s Imre atya! \u201eAz ember boldog lehet szeretettel egy kicsi visk\u00f3ban, \u00e9s boldogtalan a legpomp\u00e1sabb palot\u00e1ban is, ha hi\u00e1nyzik bel\u0151le a szeretet. Egy szeret\u0151 otthon \u00e9s egy szeret\u0151 sz\u00edv \u2013 t\u00f6bbre nincs sz\u00fcks\u00e9ged ahhoz, hogy boldog l\u00e9gy!\u201d (Phil Bosmans, belga szerzetes, egyh\u00e1zi \u00edr\u00f3 sz. 1922). Sz\u00e9p napokat, j\u00f3 munk\u00e1t, tartalmas besz\u00e9lget\u00e9seket \u00e9s kellemes tal\u00e1lkoz\u00e1sokat k\u00edv\u00e1nunk minden Kedves H\u00edv\u00fcnknek!\" \/>\n<meta property=\"og:url\" content=\"https:\/\/stuttgarti-katolikusok.de\/index.php\/programelozetes-februar-1-es-7-e-kozott\/\" \/>\n<meta property=\"og:site_name\" content=\"Stuttgarti Katolikusok\" \/>\n<meta property=\"article:published_time\" content=\"2016-02-01T14:20:53+00:00\" \/>\n<meta property=\"article:modified_time\" content=\"2016-02-02T12:56:56+00:00\" \/>\n<meta name=\"author\" content=\"Tibor atya\" \/>\n<meta name=\"twitter:card\" content=\"summary_large_image\" \/>\n<meta name=\"twitter:label1\" content=\"Szerz\u0151:\" \/>\n\t<meta name=\"twitter:data1\" content=\"Tibor atya\" \/>\n\t<meta name=\"twitter:label2\" content=\"Becs\u00fclt olvas\u00e1si id\u0151\" \/>\n\t<meta name=\"twitter:data2\" content=\"2 perc\" \/>\n<script type=\"application\/ld+json\" class=\"yoast-schema-graph\">{\"@context\":\"https:\\\/\\\/schema.org\",\"@graph\":[{\"@type\":\"Article\",\"@id\":\"https:\\\/\\\/stuttgarti-katolikusok.de\\\/index.php\\\/programelozetes-februar-1-es-7-e-kozott\\\/#article\",\"isPartOf\":{\"@id\":\"https:\\\/\\\/stuttgarti-katolikusok.de\\\/index.php\\\/programelozetes-februar-1-es-7-e-kozott\\\/\"},\"author\":{\"name\":\"Tibor atya\",\"@id\":\"https:\\\/\\\/stuttgarti-katolikusok.de\\\/#\\\/schema\\\/person\\\/75908d6f8fdc03a57889d27209df7795\"},\"headline\":\"Programel\u0151zetes febru\u00e1r 1. \u00e9s 7-e k\u00f6z\u00f6tt\",\"datePublished\":\"2016-02-01T14:20:53+00:00\",\"dateModified\":\"2016-02-02T12:56:56+00:00\",\"mainEntityOfPage\":{\"@id\":\"https:\\\/\\\/stuttgarti-katolikusok.de\\\/index.php\\\/programelozetes-februar-1-es-7-e-kozott\\\/\"},\"wordCount\":362,\"articleSection\":[\"Progamel\u0151zetes\"],\"inLanguage\":\"hu\"},{\"@type\":\"WebPage\",\"@id\":\"https:\\\/\\\/stuttgarti-katolikusok.de\\\/index.php\\\/programelozetes-februar-1-es-7-e-kozott\\\/\",\"url\":\"https:\\\/\\\/stuttgarti-katolikusok.de\\\/index.php\\\/programelozetes-februar-1-es-7-e-kozott\\\/\",\"name\":\"Programel\u0151zetes febru\u00e1r 1. \u00e9s 7-e k\u00f6z\u00f6tt - Stuttgarti Katolikusok\",\"isPartOf\":{\"@id\":\"https:\\\/\\\/stuttgarti-katolikusok.de\\\/#website\"},\"datePublished\":\"2016-02-01T14:20:53+00:00\",\"dateModified\":\"2016-02-02T12:56:56+00:00\",\"author\":{\"@id\":\"https:\\\/\\\/stuttgarti-katolikusok.de\\\/#\\\/schema\\\/person\\\/75908d6f8fdc03a57889d27209df7795\"},\"breadcrumb\":{\"@id\":\"https:\\\/\\\/stuttgarti-katolikusok.de\\\/index.php\\\/programelozetes-februar-1-es-7-e-kozott\\\/#breadcrumb\"},\"inLanguage\":\"hu\",\"potentialAction\":[{\"@type\":\"ReadAction\",\"target\":[\"https:\\\/\\\/stuttgarti-katolikusok.de\\\/index.php\\\/programelozetes-februar-1-es-7-e-kozott\\\/\"]}]},{\"@type\":\"BreadcrumbList\",\"@id\":\"https:\\\/\\\/stuttgarti-katolikusok.de\\\/index.php\\\/programelozetes-februar-1-es-7-e-kozott\\\/#breadcrumb\",\"itemListElement\":[{\"@type\":\"ListItem\",\"position\":1,\"name\":\"Kezd\u0151lap\",\"item\":\"https:\\\/\\\/stuttgarti-katolikusok.de\\\/\"},{\"@type\":\"ListItem\",\"position\":2,\"name\":\"Programel\u0151zetes febru\u00e1r 1. \u00e9s 7-e k\u00f6z\u00f6tt\"}]},{\"@type\":\"WebSite\",\"@id\":\"https:\\\/\\\/stuttgarti-katolikusok.de\\\/#website\",\"url\":\"https:\\\/\\\/stuttgarti-katolikusok.de\\\/\",\"name\":\"Stuttgarti Katolikusok\",\"description\":\"\",\"potentialAction\":[{\"@type\":\"SearchAction\",\"target\":{\"@type\":\"EntryPoint\",\"urlTemplate\":\"https:\\\/\\\/stuttgarti-katolikusok.de\\\/?s={search_term_string}\"},\"query-input\":{\"@type\":\"PropertyValueSpecification\",\"valueRequired\":true,\"valueName\":\"search_term_string\"}}],\"inLanguage\":\"hu\"},{\"@type\":\"Person\",\"@id\":\"https:\\\/\\\/stuttgarti-katolikusok.de\\\/#\\\/schema\\\/person\\\/75908d6f8fdc03a57889d27209df7795\",\"name\":\"Tibor atya\",\"image\":{\"@type\":\"ImageObject\",\"inLanguage\":\"hu\",\"@id\":\"https:\\\/\\\/secure.gravatar.com\\\/avatar\\\/61d268e57d1f4525b111222e29d2d5a7f8c420fdbf231ba5566a8ceac74fa960?s=96&d=mm&r=g\",\"url\":\"https:\\\/\\\/secure.gravatar.com\\\/avatar\\\/61d268e57d1f4525b111222e29d2d5a7f8c420fdbf231ba5566a8ceac74fa960?s=96&d=mm&r=g\",\"contentUrl\":\"https:\\\/\\\/secure.gravatar.com\\\/avatar\\\/61d268e57d1f4525b111222e29d2d5a7f8c420fdbf231ba5566a8ceac74fa960?s=96&d=mm&r=g\",\"caption\":\"Tibor atya\"},\"url\":\"https:\\\/\\\/stuttgarti-katolikusok.de\\\/index.php\\\/author\\\/tibor-atya\\\/\"}]}<\/script>\n<!-- \/ Yoast SEO plugin. -->","yoast_head_json":{"title":"Programel\u0151zetes febru\u00e1r 1. \u00e9s 7-e k\u00f6z\u00f6tt - Stuttgarti Katolikusok","robots":{"index":"index","follow":"follow","max-snippet":"max-snippet:-1","max-image-preview":"max-image-preview:large","max-video-preview":"max-video-preview:-1"},"canonical":"https:\/\/stuttgarti-katolikusok.de\/index.php\/programelozetes-februar-1-es-7-e-kozott\/","og_locale":"hu_HU","og_type":"article","og_title":"Programel\u0151zetes febru\u00e1r 1. \u00e9s 7-e k\u00f6z\u00f6tt - Stuttgarti Katolikusok","og_description":"Febru\u00e1r 4-\u00e9n, cs\u00fct\u00f6rt\u00f6k\u00f6n, este 17.30 \u00f3rakor Ulmban szentmise, majd ut\u00e1na Bibliak\u00f6r. Szentmise keret\u00e9ben gyertyaszentel\u00e9s \u00e9s bal\u00e1zs\u00e1ld\u00e1s. Mindenkit szeretettel v\u00e1r a k\u00f6z\u00f6ss\u00e9g \u00e9s Tibor atya! * Febru\u00e1r 5-\u00e9n, p\u00e9nteken, 15.30 \u00f3rakor Stuttgartban Bar\u00e1ts\u00e1gklub. Minden kellemes t\u00e1rsas\u00e1gra v\u00e1gy\u00f3 \u00e9rdekl\u0151d\u0151t szeretettel v\u00e1r a Vezet\u0151s\u00e9g \u00e9s a Tags\u00e1g! Este 17.50 \u00f3rakor r\u00f3zsaf\u00fcz\u00e9r, ut\u00e1na szentmise. Keret\u00e9ben gyertyaszentel\u00e9s, bal\u00e1zs\u00e1ld\u00e1s \u2013 \u00e9s Besz\u00e9lget\u00e9sek a katekizmusr\u00f3l. T\u00e9ma: A 7 f\u0151b\u0171n. Ut\u00e1na Imak\u00f6r. Mindenkit szeretettel v\u00e1runk! Este 18.00 \u00f3rakor Weingartenben is szentmise, majd Bibliak\u00f6r. Szentmise keret\u00e9ben gyertyaszentel\u00e9s \u00e9s bal\u00e1zs\u00e1ld\u00e1s. Mindenkit szeretettel v\u00e1r a k\u00f6z\u00f6ss\u00e9g \u00e9s Tibor atya! * Febru\u00e1r 6-\u00e1n, szombaton, 17.00 \u00f3rakor Balingenben templomb\u00facs\u00fa: Szent Magyar P\u00e1l \u00fcnnepe. Szentmise keret\u00e9ben gyertyaszentel\u00e9s \u00e9s bal\u00e1zs\u00e1ld\u00e1s. A szentmis\u00e9re \u00e9s az ut\u00e1na k\u00f6vetkez\u0151 \u00e1g\u00e1p\u00e9ra minden balingeni \u00e9s Balingen k\u00f6rny\u00e9ki H\u00edv\u00fcnket szeretettel elv\u00e1r a k\u00f6z\u00f6ss\u00e9g \u00e9s Tibor atya! * Febru\u00e1r 7-\u00e1n, vas\u00e1rnap, 9.30 \u00f3rakor Schw\u00e4bisch Gm\u00fcndben szentmise. Ut\u00e1na \u00e1g\u00e1p\u00e9. Minden gm\u00fcndi \u00e9s Gm\u00fcnd k\u00f6rny\u00e9ki H\u00edv\u00fcnket szeretettel v\u00e1r a k\u00f6z\u00f6ss\u00e9g \u00e9s Imre atya! Ugyancsak ezen a napon Stuttgartban du. 15.00 \u00f3rakor szentmise. Ut\u00e1na Farsangi mulats\u00e1g k\u00f6vetkezik az Egyh\u00e1zk\u00f6zs\u00e9g el\u0151ad\u00e1s\u00e1ban. Vend\u00e9gfell\u00e9p\u0151ben a Kratochwill-dal\u00e1rda! Mindenkit szeretettel v\u00e1r a k\u00f6z\u00f6ss\u00e9g \u00e9s Imre atya! \u201eAz ember boldog lehet szeretettel egy kicsi visk\u00f3ban, \u00e9s boldogtalan a legpomp\u00e1sabb palot\u00e1ban is, ha hi\u00e1nyzik bel\u0151le a szeretet. Egy szeret\u0151 otthon \u00e9s egy szeret\u0151 sz\u00edv \u2013 t\u00f6bbre nincs sz\u00fcks\u00e9ged ahhoz, hogy boldog l\u00e9gy!\u201d (Phil Bosmans, belga szerzetes, egyh\u00e1zi \u00edr\u00f3 sz. 1922). Sz\u00e9p napokat, j\u00f3 munk\u00e1t, tartalmas besz\u00e9lget\u00e9seket \u00e9s kellemes tal\u00e1lkoz\u00e1sokat k\u00edv\u00e1nunk minden Kedves H\u00edv\u00fcnknek!","og_url":"https:\/\/stuttgarti-katolikusok.de\/index.php\/programelozetes-februar-1-es-7-e-kozott\/","og_site_name":"Stuttgarti Katolikusok","article_published_time":"2016-02-01T14:20:53+00:00","article_modified_time":"2016-02-02T12:56:56+00:00","author":"Tibor atya","twitter_card":"summary_large_image","twitter_misc":{"Szerz\u0151:":"Tibor atya","Becs\u00fclt olvas\u00e1si id\u0151":"2 perc"},"schema":{"@context":"https:\/\/schema.org","@graph":[{"@type":"Article","@id":"https:\/\/stuttgarti-katolikusok.de\/index.php\/programelozetes-februar-1-es-7-e-kozott\/#article","isPartOf":{"@id":"https:\/\/stuttgarti-katolikusok.de\/index.php\/programelozetes-februar-1-es-7-e-kozott\/"},"author":{"name":"Tibor atya","@id":"https:\/\/stuttgarti-katolikusok.de\/#\/schema\/person\/75908d6f8fdc03a57889d27209df7795"},"headline":"Programel\u0151zetes febru\u00e1r 1. \u00e9s 7-e k\u00f6z\u00f6tt","datePublished":"2016-02-01T14:20:53+00:00","dateModified":"2016-02-02T12:56:56+00:00","mainEntityOfPage":{"@id":"https:\/\/stuttgarti-katolikusok.de\/index.php\/programelozetes-februar-1-es-7-e-kozott\/"},"wordCount":362,"articleSection":["Progamel\u0151zetes"],"inLanguage":"hu"},{"@type":"WebPage","@id":"https:\/\/stuttgarti-katolikusok.de\/index.php\/programelozetes-februar-1-es-7-e-kozott\/","url":"https:\/\/stuttgarti-katolikusok.de\/index.php\/programelozetes-februar-1-es-7-e-kozott\/","name":"Programel\u0151zetes febru\u00e1r 1. \u00e9s 7-e k\u00f6z\u00f6tt - Stuttgarti Katolikusok","isPartOf":{"@id":"https:\/\/stuttgarti-katolikusok.de\/#website"},"datePublished":"2016-02-01T14:20:53+00:00","dateModified":"2016-02-02T12:56:56+00:00","author":{"@id":"https:\/\/stuttgarti-katolikusok.de\/#\/schema\/person\/75908d6f8fdc03a57889d27209df7795"},"breadcrumb":{"@id":"https:\/\/stuttgarti-katolikusok.de\/index.php\/programelozetes-februar-1-es-7-e-kozott\/#breadcrumb"},"inLanguage":"hu","potentialAction":[{"@type":"ReadAction","target":["https:\/\/stuttgarti-katolikusok.de\/index.php\/programelozetes-februar-1-es-7-e-kozott\/"]}]},{"@type":"BreadcrumbList","@id":"https:\/\/stuttgarti-katolikusok.de\/index.php\/programelozetes-februar-1-es-7-e-kozott\/#breadcrumb","itemListElement":[{"@type":"ListItem","position":1,"name":"Kezd\u0151lap","item":"https:\/\/stuttgarti-katolikusok.de\/"},{"@type":"ListItem","position":2,"name":"Programel\u0151zetes febru\u00e1r 1. \u00e9s 7-e k\u00f6z\u00f6tt"}]},{"@type":"WebSite","@id":"https:\/\/stuttgarti-katolikusok.de\/#website","url":"https:\/\/stuttgarti-katolikusok.de\/","name":"Stuttgarti Katolikusok","description":"","potentialAction":[{"@type":"SearchAction","target":{"@type":"EntryPoint","urlTemplate":"https:\/\/stuttgarti-katolikusok.de\/?s={search_term_string}"},"query-input":{"@type":"PropertyValueSpecification","valueRequired":true,"valueName":"search_term_string"}}],"inLanguage":"hu"},{"@type":"Person","@id":"https:\/\/stuttgarti-katolikusok.de\/#\/schema\/person\/75908d6f8fdc03a57889d27209df7795","name":"Tibor atya","image":{"@type":"ImageObject","inLanguage":"hu","@id":"https:\/\/secure.gravatar.com\/avatar\/61d268e57d1f4525b111222e29d2d5a7f8c420fdbf231ba5566a8ceac74fa960?s=96&d=mm&r=g","url":"https:\/\/secure.gravatar.com\/avatar\/61d268e57d1f4525b111222e29d2d5a7f8c420fdbf231ba5566a8ceac74fa960?s=96&d=mm&r=g","contentUrl":"https:\/\/secure.gravatar.com\/avatar\/61d268e57d1f4525b111222e29d2d5a7f8c420fdbf231ba5566a8ceac74fa960?s=96&d=mm&r=g","caption":"Tibor atya"},"url":"https:\/\/stuttgarti-katolikusok.de\/index.php\/author\/tibor-atya\/"}]}},"_links":{"self":[{"href":"https:\/\/stuttgarti-katolikusok.de\/index.php\/wp-json\/wp\/v2\/posts\/8618","targetHints":{"allow":["GET"]}}],"collection":[{"href":"https:\/\/stuttgarti-katolikusok.de\/index.php\/wp-json\/wp\/v2\/posts"}],"about":[{"href":"https:\/\/stuttgarti-katolikusok.de\/index.php\/wp-json\/wp\/v2\/types\/post"}],"author":[{"embeddable":true,"href":"https:\/\/stuttgarti-katolikusok.de\/index.php\/wp-json\/wp\/v2\/users\/3"}],"replies":[{"embeddable":true,"href":"https:\/\/stuttgarti-katolikusok.de\/index.php\/wp-json\/wp\/v2\/comments?post=8618"}],"version-history":[{"count":2,"href":"https:\/\/stuttgarti-katolikusok.de\/index.php\/wp-json\/wp\/v2\/posts\/8618\/revisions"}],"predecessor-version":[{"id":8635,"href":"https:\/\/stuttgarti-katolikusok.de\/index.php\/wp-json\/wp\/v2\/posts\/8618\/revisions\/8635"}],"wp:attachment":[{"href":"https:\/\/stuttgarti-katolikusok.de\/index.php\/wp-json\/wp\/v2\/media?parent=8618"}],"wp:term":[{"taxonomy":"category","embeddable":true,"href":"https:\/\/stuttgarti-katolikusok.de\/index.php\/wp-json\/wp\/v2\/categories?post=8618"},{"taxonomy":"post_tag","embeddable":true,"href":"https:\/\/stuttgarti-katolikusok.de\/index.php\/wp-json\/wp\/v2\/tags?post=8618"}],"curies":[{"name":"wp","href":"https:\/\/api.w.org\/{rel}","templated":true}]}}