{"id":8591,"date":"2016-01-27T14:57:50","date_gmt":"2016-01-27T14:57:50","guid":{"rendered":"https:\/\/gracious-dewdney.138-201-221-2.plesk.page\/?p=8591"},"modified":"2016-01-27T15:06:28","modified_gmt":"2016-01-27T15:06:28","slug":"programelozetes-2016-januar-25-es-31-e-kozott","status":"publish","type":"post","link":"https:\/\/stuttgarti-katolikusok.de\/index.php\/programelozetes-2016-januar-25-es-31-e-kozott\/","title":{"rendered":"Programel\u0151zetes 2016. janu\u00e1r 25. \u00e9s 31-e k\u00f6z\u00f6tt"},"content":{"rendered":"<p>Programel\u0151zetes:<\/p>\n<p>Janu\u00e1r 28-\u00e1n, cs\u00fct\u00f6rt\u00f6k\u00f6n 17,30 \u00f3rakor Ulmban, a Wengen-Kirche-ben szentmise. El\u0151tte gy\u00f3n\u00e1si lehet\u0151s\u00e9g, ut\u00e1na Bibliak\u00f6r. Mindenkit szeretettel v\u00e1r a k\u00f6z\u00f6ss\u00e9g \u00e9s Tibor atya!<\/p>\n<p>Janu\u00e1r 29-\u00e9n, p\u00e9nteken 15,30 \u00f3rakor Bar\u00e1ts\u00e1gklub. Minden t\u00e1rsas\u00e1gra v\u00e1gy\u00f3 j\u00f3sz\u00e1nd\u00e9k\u00fa id\u0151sebb testv\u00e9re\u00fcnket szeretettel v\u00e1r a Vezet\u0151s\u00e9g \u00e9s a tags\u00e1g!<\/p>\n<p>17,50-kor r\u00f3zsaf\u00fcz\u00e9r-\u00e1jtatoss\u00e1g. Ut\u00e1na szentmise, keret\u00e9ben P\u00e9nteki Egyetem (Besz\u00e9lget\u00e9sek a katekizmusr\u00f3l). T\u00e9ma: A h\u00e9t f\u0151b\u0171n. Ut\u00e1na 19,00 \u00f3r\u00e1t\u00f3l, Sportklub. Mindenkit szeretettel v\u00e1runk!<\/p>\n<p>Ugyancsak p\u00e9nteken 18,00 \u00f3rakor Weingartenben a St. Marien-templomban szentmise. El\u0151tte gy\u00f3n\u00e1si lehet\u0151s\u00e9g, ut\u00e1na Bibliak\u00f6r. Mindenkit szeretettel v\u00e1r a k\u00f6z\u00f6ss\u00e9g \u00e9s Tibor atya!<\/p>\n<p>*<\/p>\n<p><strong>41. STUTTGARTI MAGYAR J\u00d3T\u00c9KONYS\u00c1GI B\u00c1L <\/strong><\/p>\n<p>Helysz\u00edn: Schwabenlandhalle, 70734 Fellbach, Tainer Str. 7.<\/p>\n<p>Teremnyit\u00e1s: 18,00 \u00f3ra, nyit\u00f3t\u00e1nc: 19,00 \u00f3ra \u2013 teremz\u00e1r\u00e1s: vas\u00e1rnap, hajnali 3,00 \u00f3ra<\/p>\n<p>A j\u00f3 hangulatr\u00f3l gondoskodnak:<\/p>\n<ul>\n<li>Mood for Dance (Budapest)<\/li>\n<li>\u201eD\u0171v\u0151\u201d zenekar (Salg\u00f3tarj\u00e1n)<\/li>\n<li>ZeneTheatrum Musical Sz\u00ednh\u00e1z (Debrecen)<\/li>\n<li>\u201eCs\u00f6b\u00f6rcs\u00f6k\u201d n\u00e9pt\u00e1nccsoport (Stuttgart)<\/li>\n<li>\u201eDob\u00f3 Istv\u00e1n\u201d Cserk\u00e9szcsapat (Stuttgart)<\/li>\n<\/ul>\n<p>Tombola a stuttgarti Dob\u00f3 Istv\u00e1n Cserk\u00e9szcsapat t\u00e1mogat\u00e1s\u00e1ra.<\/p>\n<p>Tiszteletbeli v\u00e9dn\u00f6k: Christoph Palm f\u0151polg\u00e1rmester, Fellbach<\/p>\n<p>D\u00edszvend\u00e9g: Exc. Ber\u00e9nyi J\u00e1nos f\u0151konzul, Stuttgart<\/p>\n<p>A b\u00e1l teljes bev\u00e9tel\u00e9t az Egyh\u00e1zk\u00f6zs\u00e9g szocio-karitat\u00edv projektek t\u00e1mogat\u00e1s\u00e1ra ford\u00edtja.<\/p>\n<p>Megjelen\u00e9s az alkalomhoz ill\u0151 \u00f6lt\u00f6z\u00e9kben! Legyen \u00d6n is J\u00f3t\u00e9konys\u00e1gi B\u00e1lunk t\u00e1mogat\u00f3ja!<\/p>\n<p>*<\/p>\n<p>Az Egyh\u00e1z els\u0151dleges feladata az evangeliz\u00e1ci\u00f3, de nem feledkezhet\u00fcnk meg a felebar\u00e1ti szeretet parancs\u00e1b\u00f3l fakad\u00f3 karitat\u00edv tev\u00e9kenys\u00e9gr\u0151l sem. Ezt c\u00e9lozz\u00e1k rendszeress\u00e9ggel megtartott gy\u0171jt\u00e9seink \u00e9s a mostani, 41. Stuttgarti Magyar J\u00f3t\u00e9konys\u00e1gi B\u00e1lunk is.<\/p>\n<p>T\u00f3t tenni j\u00f3! \u2013 V\u00e1runk szeretettel!<\/p>\n<p>Sz\u00e9p hetet, j\u00f3 munk\u00e1t, tartalmas besz\u00e9lget\u00e9seket \u00e9s kellemes tal\u00e1lkoz\u00e1sokat k\u00edv\u00e1nunk minden Kedves H\u00edv\u00fcnknek!<\/p>\n","protected":false},"excerpt":{"rendered":"<p>Programel\u0151zetes: Janu\u00e1r 28-\u00e1n, cs\u00fct\u00f6rt\u00f6k\u00f6n 17,30 \u00f3rakor Ulmban, a Wengen-Kirche-ben szentmise. El\u0151tte gy\u00f3n\u00e1si lehet\u0151s\u00e9g, ut\u00e1na Bibliak\u00f6r. Mindenkit szeretettel v\u00e1r a k\u00f6z\u00f6ss\u00e9g \u00e9s Tibor atya! Janu\u00e1r 29-\u00e9n, p\u00e9nteken 15,30 \u00f3rakor Bar\u00e1ts\u00e1gklub. Minden t\u00e1rsas\u00e1gra v\u00e1gy\u00f3 j\u00f3sz\u00e1nd\u00e9k\u00fa id\u0151sebb testv\u00e9re\u00fcnket szeretettel v\u00e1r a Vezet\u0151s\u00e9g \u00e9s a tags\u00e1g! 17,50-kor r\u00f3zsaf\u00fcz\u00e9r-\u00e1jtatoss\u00e1g. Ut\u00e1na szentmise, keret\u00e9ben P\u00e9nteki Egyetem (Besz\u00e9lget\u00e9sek a katekizmusr\u00f3l). T\u00e9ma: A h\u00e9t f\u0151b\u0171n. Ut\u00e1na 19,00 \u00f3r\u00e1t\u00f3l, Sportklub. Mindenkit szeretettel v\u00e1runk! Ugyancsak p\u00e9nteken 18,00 \u00f3rakor Weingartenben a St. Marien-templomban szentmise. El\u0151tte gy\u00f3n\u00e1si lehet\u0151s\u00e9g, ut\u00e1na Bibliak\u00f6r. Mindenkit szeretettel v\u00e1r a k\u00f6z\u00f6ss\u00e9g \u00e9s Tibor atya! * 41. STUTTGARTI MAGYAR J\u00d3T\u00c9KONYS\u00c1GI B\u00c1L Helysz\u00edn: Schwabenlandhalle, 70734 Fellbach, Tainer Str. 7. Teremnyit\u00e1s: 18,00 \u00f3ra, nyit\u00f3t\u00e1nc: 19,00 \u00f3ra \u2013 teremz\u00e1r\u00e1s: vas\u00e1rnap, hajnali 3,00 \u00f3ra A j\u00f3 hangulatr\u00f3l gondoskodnak: Mood for Dance (Budapest) \u201eD\u0171v\u0151\u201d zenekar (Salg\u00f3tarj\u00e1n) ZeneTheatrum Musical Sz\u00ednh\u00e1z (Debrecen) \u201eCs\u00f6b\u00f6rcs\u00f6k\u201d n\u00e9pt\u00e1nccsoport (Stuttgart) \u201eDob\u00f3 Istv\u00e1n\u201d Cserk\u00e9szcsapat (Stuttgart) Tombola a stuttgarti Dob\u00f3 Istv\u00e1n Cserk\u00e9szcsapat t\u00e1mogat\u00e1s\u00e1ra. Tiszteletbeli v\u00e9dn\u00f6k: Christoph Palm f\u0151polg\u00e1rmester, Fellbach D\u00edszvend\u00e9g: Exc. Ber\u00e9nyi J\u00e1nos f\u0151konzul, Stuttgart A b\u00e1l teljes bev\u00e9tel\u00e9t az Egyh\u00e1zk\u00f6zs\u00e9g szocio-karitat\u00edv projektek t\u00e1mogat\u00e1s\u00e1ra ford\u00edtja. Megjelen\u00e9s az alkalomhoz ill\u0151 \u00f6lt\u00f6z\u00e9kben! Legyen \u00d6n is J\u00f3t\u00e9konys\u00e1gi B\u00e1lunk t\u00e1mogat\u00f3ja! * Az Egyh\u00e1z els\u0151dleges feladata az evangeliz\u00e1ci\u00f3, de nem feledkezhet\u00fcnk meg a felebar\u00e1ti szeretet parancs\u00e1b\u00f3l fakad\u00f3 karitat\u00edv tev\u00e9kenys\u00e9gr\u0151l sem. Ezt c\u00e9lozz\u00e1k rendszeress\u00e9ggel megtartott gy\u0171jt\u00e9seink \u00e9s a mostani, 41. Stuttgarti Magyar J\u00f3t\u00e9konys\u00e1gi B\u00e1lunk is. T\u00f3t tenni j\u00f3! \u2013 V\u00e1runk szeretettel! Sz\u00e9p hetet, j\u00f3 munk\u00e1t, tartalmas besz\u00e9lget\u00e9seket \u00e9s kellemes tal\u00e1lkoz\u00e1sokat k\u00edv\u00e1nunk minden Kedves H\u00edv\u00fcnknek!<\/p>\n","protected":false},"author":3,"featured_media":8587,"comment_status":"closed","ping_status":"closed","sticky":false,"template":"","format":"standard","meta":{"footnotes":""},"categories":[37],"tags":[],"class_list":["post-8591","post","type-post","status-publish","format-standard","has-post-thumbnail","hentry","category-progamelozetes"],"yoast_head":"<!-- This site is optimized with the Yoast SEO plugin v27.3 - https:\/\/yoast.com\/product\/yoast-seo-wordpress\/ -->\n<title>Programel\u0151zetes 2016. janu\u00e1r 25. \u00e9s 31-e k\u00f6z\u00f6tt - Stuttgarti Katolikusok<\/title>\n<meta name=\"robots\" content=\"index, follow, max-snippet:-1, max-image-preview:large, max-video-preview:-1\" \/>\n<link rel=\"canonical\" href=\"https:\/\/stuttgarti-katolikusok.de\/index.php\/programelozetes-2016-januar-25-es-31-e-kozott\/\" \/>\n<meta property=\"og:locale\" content=\"hu_HU\" \/>\n<meta property=\"og:type\" content=\"article\" \/>\n<meta property=\"og:title\" content=\"Programel\u0151zetes 2016. janu\u00e1r 25. \u00e9s 31-e k\u00f6z\u00f6tt - Stuttgarti Katolikusok\" \/>\n<meta property=\"og:description\" content=\"Programel\u0151zetes: Janu\u00e1r 28-\u00e1n, cs\u00fct\u00f6rt\u00f6k\u00f6n 17,30 \u00f3rakor Ulmban, a Wengen-Kirche-ben szentmise. El\u0151tte gy\u00f3n\u00e1si lehet\u0151s\u00e9g, ut\u00e1na Bibliak\u00f6r. Mindenkit szeretettel v\u00e1r a k\u00f6z\u00f6ss\u00e9g \u00e9s Tibor atya! Janu\u00e1r 29-\u00e9n, p\u00e9nteken 15,30 \u00f3rakor Bar\u00e1ts\u00e1gklub. Minden t\u00e1rsas\u00e1gra v\u00e1gy\u00f3 j\u00f3sz\u00e1nd\u00e9k\u00fa id\u0151sebb testv\u00e9re\u00fcnket szeretettel v\u00e1r a Vezet\u0151s\u00e9g \u00e9s a tags\u00e1g! 17,50-kor r\u00f3zsaf\u00fcz\u00e9r-\u00e1jtatoss\u00e1g. Ut\u00e1na szentmise, keret\u00e9ben P\u00e9nteki Egyetem (Besz\u00e9lget\u00e9sek a katekizmusr\u00f3l). T\u00e9ma: A h\u00e9t f\u0151b\u0171n. Ut\u00e1na 19,00 \u00f3r\u00e1t\u00f3l, Sportklub. Mindenkit szeretettel v\u00e1runk! Ugyancsak p\u00e9nteken 18,00 \u00f3rakor Weingartenben a St. Marien-templomban szentmise. El\u0151tte gy\u00f3n\u00e1si lehet\u0151s\u00e9g, ut\u00e1na Bibliak\u00f6r. Mindenkit szeretettel v\u00e1r a k\u00f6z\u00f6ss\u00e9g \u00e9s Tibor atya! * 41. STUTTGARTI MAGYAR J\u00d3T\u00c9KONYS\u00c1GI B\u00c1L Helysz\u00edn: Schwabenlandhalle, 70734 Fellbach, Tainer Str. 7. Teremnyit\u00e1s: 18,00 \u00f3ra, nyit\u00f3t\u00e1nc: 19,00 \u00f3ra \u2013 teremz\u00e1r\u00e1s: vas\u00e1rnap, hajnali 3,00 \u00f3ra A j\u00f3 hangulatr\u00f3l gondoskodnak: Mood for Dance (Budapest) \u201eD\u0171v\u0151\u201d zenekar (Salg\u00f3tarj\u00e1n) ZeneTheatrum Musical Sz\u00ednh\u00e1z (Debrecen) \u201eCs\u00f6b\u00f6rcs\u00f6k\u201d n\u00e9pt\u00e1nccsoport (Stuttgart) \u201eDob\u00f3 Istv\u00e1n\u201d Cserk\u00e9szcsapat (Stuttgart) Tombola a stuttgarti Dob\u00f3 Istv\u00e1n Cserk\u00e9szcsapat t\u00e1mogat\u00e1s\u00e1ra. Tiszteletbeli v\u00e9dn\u00f6k: Christoph Palm f\u0151polg\u00e1rmester, Fellbach D\u00edszvend\u00e9g: Exc. Ber\u00e9nyi J\u00e1nos f\u0151konzul, Stuttgart A b\u00e1l teljes bev\u00e9tel\u00e9t az Egyh\u00e1zk\u00f6zs\u00e9g szocio-karitat\u00edv projektek t\u00e1mogat\u00e1s\u00e1ra ford\u00edtja. Megjelen\u00e9s az alkalomhoz ill\u0151 \u00f6lt\u00f6z\u00e9kben! Legyen \u00d6n is J\u00f3t\u00e9konys\u00e1gi B\u00e1lunk t\u00e1mogat\u00f3ja! * Az Egyh\u00e1z els\u0151dleges feladata az evangeliz\u00e1ci\u00f3, de nem feledkezhet\u00fcnk meg a felebar\u00e1ti szeretet parancs\u00e1b\u00f3l fakad\u00f3 karitat\u00edv tev\u00e9kenys\u00e9gr\u0151l sem. Ezt c\u00e9lozz\u00e1k rendszeress\u00e9ggel megtartott gy\u0171jt\u00e9seink \u00e9s a mostani, 41. Stuttgarti Magyar J\u00f3t\u00e9konys\u00e1gi B\u00e1lunk is. T\u00f3t tenni j\u00f3! \u2013 V\u00e1runk szeretettel! Sz\u00e9p hetet, j\u00f3 munk\u00e1t, tartalmas besz\u00e9lget\u00e9seket \u00e9s kellemes tal\u00e1lkoz\u00e1sokat k\u00edv\u00e1nunk minden Kedves H\u00edv\u00fcnknek!\" \/>\n<meta property=\"og:url\" content=\"https:\/\/stuttgarti-katolikusok.de\/index.php\/programelozetes-2016-januar-25-es-31-e-kozott\/\" \/>\n<meta property=\"og:site_name\" content=\"Stuttgarti Katolikusok\" \/>\n<meta property=\"article:published_time\" content=\"2016-01-27T14:57:50+00:00\" \/>\n<meta property=\"article:modified_time\" content=\"2016-01-27T15:06:28+00:00\" \/>\n<meta property=\"og:image\" content=\"https:\/\/stuttgarti-katolikusok.de\/wp-content\/uploads\/2016\/01\/stmb-2015-2.jpg\" \/>\n\t<meta property=\"og:image:width\" content=\"784\" \/>\n\t<meta property=\"og:image:height\" content=\"523\" \/>\n\t<meta property=\"og:image:type\" content=\"image\/jpeg\" \/>\n<meta name=\"author\" content=\"Tibor atya\" \/>\n<meta name=\"twitter:card\" content=\"summary_large_image\" \/>\n<meta name=\"twitter:label1\" content=\"Szerz\u0151:\" \/>\n\t<meta name=\"twitter:data1\" content=\"Tibor atya\" \/>\n\t<meta name=\"twitter:label2\" content=\"Becs\u00fclt olvas\u00e1si id\u0151\" \/>\n\t<meta name=\"twitter:data2\" content=\"2 perc\" \/>\n<script type=\"application\/ld+json\" class=\"yoast-schema-graph\">{\"@context\":\"https:\\\/\\\/schema.org\",\"@graph\":[{\"@type\":\"Article\",\"@id\":\"https:\\\/\\\/stuttgarti-katolikusok.de\\\/index.php\\\/programelozetes-2016-januar-25-es-31-e-kozott\\\/#article\",\"isPartOf\":{\"@id\":\"https:\\\/\\\/stuttgarti-katolikusok.de\\\/index.php\\\/programelozetes-2016-januar-25-es-31-e-kozott\\\/\"},\"author\":{\"name\":\"Tibor atya\",\"@id\":\"https:\\\/\\\/stuttgarti-katolikusok.de\\\/#\\\/schema\\\/person\\\/75908d6f8fdc03a57889d27209df7795\"},\"headline\":\"Programel\u0151zetes 2016. janu\u00e1r 25. \u00e9s 31-e k\u00f6z\u00f6tt\",\"datePublished\":\"2016-01-27T14:57:50+00:00\",\"dateModified\":\"2016-01-27T15:06:28+00:00\",\"mainEntityOfPage\":{\"@id\":\"https:\\\/\\\/stuttgarti-katolikusok.de\\\/index.php\\\/programelozetes-2016-januar-25-es-31-e-kozott\\\/\"},\"wordCount\":375,\"image\":{\"@id\":\"https:\\\/\\\/stuttgarti-katolikusok.de\\\/index.php\\\/programelozetes-2016-januar-25-es-31-e-kozott\\\/#primaryimage\"},\"thumbnailUrl\":\"https:\\\/\\\/stuttgarti-katolikusok.de\\\/wp-content\\\/uploads\\\/2016\\\/01\\\/stmb-2015-2.jpg\",\"articleSection\":[\"Progamel\u0151zetes\"],\"inLanguage\":\"hu\"},{\"@type\":\"WebPage\",\"@id\":\"https:\\\/\\\/stuttgarti-katolikusok.de\\\/index.php\\\/programelozetes-2016-januar-25-es-31-e-kozott\\\/\",\"url\":\"https:\\\/\\\/stuttgarti-katolikusok.de\\\/index.php\\\/programelozetes-2016-januar-25-es-31-e-kozott\\\/\",\"name\":\"Programel\u0151zetes 2016. janu\u00e1r 25. \u00e9s 31-e k\u00f6z\u00f6tt - Stuttgarti Katolikusok\",\"isPartOf\":{\"@id\":\"https:\\\/\\\/stuttgarti-katolikusok.de\\\/#website\"},\"primaryImageOfPage\":{\"@id\":\"https:\\\/\\\/stuttgarti-katolikusok.de\\\/index.php\\\/programelozetes-2016-januar-25-es-31-e-kozott\\\/#primaryimage\"},\"image\":{\"@id\":\"https:\\\/\\\/stuttgarti-katolikusok.de\\\/index.php\\\/programelozetes-2016-januar-25-es-31-e-kozott\\\/#primaryimage\"},\"thumbnailUrl\":\"https:\\\/\\\/stuttgarti-katolikusok.de\\\/wp-content\\\/uploads\\\/2016\\\/01\\\/stmb-2015-2.jpg\",\"datePublished\":\"2016-01-27T14:57:50+00:00\",\"dateModified\":\"2016-01-27T15:06:28+00:00\",\"author\":{\"@id\":\"https:\\\/\\\/stuttgarti-katolikusok.de\\\/#\\\/schema\\\/person\\\/75908d6f8fdc03a57889d27209df7795\"},\"breadcrumb\":{\"@id\":\"https:\\\/\\\/stuttgarti-katolikusok.de\\\/index.php\\\/programelozetes-2016-januar-25-es-31-e-kozott\\\/#breadcrumb\"},\"inLanguage\":\"hu\",\"potentialAction\":[{\"@type\":\"ReadAction\",\"target\":[\"https:\\\/\\\/stuttgarti-katolikusok.de\\\/index.php\\\/programelozetes-2016-januar-25-es-31-e-kozott\\\/\"]}]},{\"@type\":\"ImageObject\",\"inLanguage\":\"hu\",\"@id\":\"https:\\\/\\\/stuttgarti-katolikusok.de\\\/index.php\\\/programelozetes-2016-januar-25-es-31-e-kozott\\\/#primaryimage\",\"url\":\"https:\\\/\\\/stuttgarti-katolikusok.de\\\/wp-content\\\/uploads\\\/2016\\\/01\\\/stmb-2015-2.jpg\",\"contentUrl\":\"https:\\\/\\\/stuttgarti-katolikusok.de\\\/wp-content\\\/uploads\\\/2016\\\/01\\\/stmb-2015-2.jpg\",\"width\":784,\"height\":523},{\"@type\":\"BreadcrumbList\",\"@id\":\"https:\\\/\\\/stuttgarti-katolikusok.de\\\/index.php\\\/programelozetes-2016-januar-25-es-31-e-kozott\\\/#breadcrumb\",\"itemListElement\":[{\"@type\":\"ListItem\",\"position\":1,\"name\":\"Kezd\u0151lap\",\"item\":\"https:\\\/\\\/stuttgarti-katolikusok.de\\\/\"},{\"@type\":\"ListItem\",\"position\":2,\"name\":\"Programel\u0151zetes 2016. janu\u00e1r 25. \u00e9s 31-e k\u00f6z\u00f6tt\"}]},{\"@type\":\"WebSite\",\"@id\":\"https:\\\/\\\/stuttgarti-katolikusok.de\\\/#website\",\"url\":\"https:\\\/\\\/stuttgarti-katolikusok.de\\\/\",\"name\":\"Stuttgarti Katolikusok\",\"description\":\"\",\"potentialAction\":[{\"@type\":\"SearchAction\",\"target\":{\"@type\":\"EntryPoint\",\"urlTemplate\":\"https:\\\/\\\/stuttgarti-katolikusok.de\\\/?s={search_term_string}\"},\"query-input\":{\"@type\":\"PropertyValueSpecification\",\"valueRequired\":true,\"valueName\":\"search_term_string\"}}],\"inLanguage\":\"hu\"},{\"@type\":\"Person\",\"@id\":\"https:\\\/\\\/stuttgarti-katolikusok.de\\\/#\\\/schema\\\/person\\\/75908d6f8fdc03a57889d27209df7795\",\"name\":\"Tibor atya\",\"image\":{\"@type\":\"ImageObject\",\"inLanguage\":\"hu\",\"@id\":\"https:\\\/\\\/secure.gravatar.com\\\/avatar\\\/61d268e57d1f4525b111222e29d2d5a7f8c420fdbf231ba5566a8ceac74fa960?s=96&d=mm&r=g\",\"url\":\"https:\\\/\\\/secure.gravatar.com\\\/avatar\\\/61d268e57d1f4525b111222e29d2d5a7f8c420fdbf231ba5566a8ceac74fa960?s=96&d=mm&r=g\",\"contentUrl\":\"https:\\\/\\\/secure.gravatar.com\\\/avatar\\\/61d268e57d1f4525b111222e29d2d5a7f8c420fdbf231ba5566a8ceac74fa960?s=96&d=mm&r=g\",\"caption\":\"Tibor atya\"},\"url\":\"https:\\\/\\\/stuttgarti-katolikusok.de\\\/index.php\\\/author\\\/tibor-atya\\\/\"}]}<\/script>\n<!-- \/ Yoast SEO plugin. -->","yoast_head_json":{"title":"Programel\u0151zetes 2016. janu\u00e1r 25. \u00e9s 31-e k\u00f6z\u00f6tt - Stuttgarti Katolikusok","robots":{"index":"index","follow":"follow","max-snippet":"max-snippet:-1","max-image-preview":"max-image-preview:large","max-video-preview":"max-video-preview:-1"},"canonical":"https:\/\/stuttgarti-katolikusok.de\/index.php\/programelozetes-2016-januar-25-es-31-e-kozott\/","og_locale":"hu_HU","og_type":"article","og_title":"Programel\u0151zetes 2016. janu\u00e1r 25. \u00e9s 31-e k\u00f6z\u00f6tt - Stuttgarti Katolikusok","og_description":"Programel\u0151zetes: Janu\u00e1r 28-\u00e1n, cs\u00fct\u00f6rt\u00f6k\u00f6n 17,30 \u00f3rakor Ulmban, a Wengen-Kirche-ben szentmise. El\u0151tte gy\u00f3n\u00e1si lehet\u0151s\u00e9g, ut\u00e1na Bibliak\u00f6r. Mindenkit szeretettel v\u00e1r a k\u00f6z\u00f6ss\u00e9g \u00e9s Tibor atya! Janu\u00e1r 29-\u00e9n, p\u00e9nteken 15,30 \u00f3rakor Bar\u00e1ts\u00e1gklub. Minden t\u00e1rsas\u00e1gra v\u00e1gy\u00f3 j\u00f3sz\u00e1nd\u00e9k\u00fa id\u0151sebb testv\u00e9re\u00fcnket szeretettel v\u00e1r a Vezet\u0151s\u00e9g \u00e9s a tags\u00e1g! 17,50-kor r\u00f3zsaf\u00fcz\u00e9r-\u00e1jtatoss\u00e1g. Ut\u00e1na szentmise, keret\u00e9ben P\u00e9nteki Egyetem (Besz\u00e9lget\u00e9sek a katekizmusr\u00f3l). T\u00e9ma: A h\u00e9t f\u0151b\u0171n. Ut\u00e1na 19,00 \u00f3r\u00e1t\u00f3l, Sportklub. Mindenkit szeretettel v\u00e1runk! Ugyancsak p\u00e9nteken 18,00 \u00f3rakor Weingartenben a St. Marien-templomban szentmise. El\u0151tte gy\u00f3n\u00e1si lehet\u0151s\u00e9g, ut\u00e1na Bibliak\u00f6r. Mindenkit szeretettel v\u00e1r a k\u00f6z\u00f6ss\u00e9g \u00e9s Tibor atya! * 41. STUTTGARTI MAGYAR J\u00d3T\u00c9KONYS\u00c1GI B\u00c1L Helysz\u00edn: Schwabenlandhalle, 70734 Fellbach, Tainer Str. 7. Teremnyit\u00e1s: 18,00 \u00f3ra, nyit\u00f3t\u00e1nc: 19,00 \u00f3ra \u2013 teremz\u00e1r\u00e1s: vas\u00e1rnap, hajnali 3,00 \u00f3ra A j\u00f3 hangulatr\u00f3l gondoskodnak: Mood for Dance (Budapest) \u201eD\u0171v\u0151\u201d zenekar (Salg\u00f3tarj\u00e1n) ZeneTheatrum Musical Sz\u00ednh\u00e1z (Debrecen) \u201eCs\u00f6b\u00f6rcs\u00f6k\u201d n\u00e9pt\u00e1nccsoport (Stuttgart) \u201eDob\u00f3 Istv\u00e1n\u201d Cserk\u00e9szcsapat (Stuttgart) Tombola a stuttgarti Dob\u00f3 Istv\u00e1n Cserk\u00e9szcsapat t\u00e1mogat\u00e1s\u00e1ra. Tiszteletbeli v\u00e9dn\u00f6k: Christoph Palm f\u0151polg\u00e1rmester, Fellbach D\u00edszvend\u00e9g: Exc. Ber\u00e9nyi J\u00e1nos f\u0151konzul, Stuttgart A b\u00e1l teljes bev\u00e9tel\u00e9t az Egyh\u00e1zk\u00f6zs\u00e9g szocio-karitat\u00edv projektek t\u00e1mogat\u00e1s\u00e1ra ford\u00edtja. Megjelen\u00e9s az alkalomhoz ill\u0151 \u00f6lt\u00f6z\u00e9kben! Legyen \u00d6n is J\u00f3t\u00e9konys\u00e1gi B\u00e1lunk t\u00e1mogat\u00f3ja! * Az Egyh\u00e1z els\u0151dleges feladata az evangeliz\u00e1ci\u00f3, de nem feledkezhet\u00fcnk meg a felebar\u00e1ti szeretet parancs\u00e1b\u00f3l fakad\u00f3 karitat\u00edv tev\u00e9kenys\u00e9gr\u0151l sem. Ezt c\u00e9lozz\u00e1k rendszeress\u00e9ggel megtartott gy\u0171jt\u00e9seink \u00e9s a mostani, 41. Stuttgarti Magyar J\u00f3t\u00e9konys\u00e1gi B\u00e1lunk is. T\u00f3t tenni j\u00f3! \u2013 V\u00e1runk szeretettel! Sz\u00e9p hetet, j\u00f3 munk\u00e1t, tartalmas besz\u00e9lget\u00e9seket \u00e9s kellemes tal\u00e1lkoz\u00e1sokat k\u00edv\u00e1nunk minden Kedves H\u00edv\u00fcnknek!","og_url":"https:\/\/stuttgarti-katolikusok.de\/index.php\/programelozetes-2016-januar-25-es-31-e-kozott\/","og_site_name":"Stuttgarti Katolikusok","article_published_time":"2016-01-27T14:57:50+00:00","article_modified_time":"2016-01-27T15:06:28+00:00","og_image":[{"width":784,"height":523,"url":"https:\/\/stuttgarti-katolikusok.de\/wp-content\/uploads\/2016\/01\/stmb-2015-2.jpg","type":"image\/jpeg"}],"author":"Tibor atya","twitter_card":"summary_large_image","twitter_misc":{"Szerz\u0151:":"Tibor atya","Becs\u00fclt olvas\u00e1si id\u0151":"2 perc"},"schema":{"@context":"https:\/\/schema.org","@graph":[{"@type":"Article","@id":"https:\/\/stuttgarti-katolikusok.de\/index.php\/programelozetes-2016-januar-25-es-31-e-kozott\/#article","isPartOf":{"@id":"https:\/\/stuttgarti-katolikusok.de\/index.php\/programelozetes-2016-januar-25-es-31-e-kozott\/"},"author":{"name":"Tibor atya","@id":"https:\/\/stuttgarti-katolikusok.de\/#\/schema\/person\/75908d6f8fdc03a57889d27209df7795"},"headline":"Programel\u0151zetes 2016. janu\u00e1r 25. \u00e9s 31-e k\u00f6z\u00f6tt","datePublished":"2016-01-27T14:57:50+00:00","dateModified":"2016-01-27T15:06:28+00:00","mainEntityOfPage":{"@id":"https:\/\/stuttgarti-katolikusok.de\/index.php\/programelozetes-2016-januar-25-es-31-e-kozott\/"},"wordCount":375,"image":{"@id":"https:\/\/stuttgarti-katolikusok.de\/index.php\/programelozetes-2016-januar-25-es-31-e-kozott\/#primaryimage"},"thumbnailUrl":"https:\/\/stuttgarti-katolikusok.de\/wp-content\/uploads\/2016\/01\/stmb-2015-2.jpg","articleSection":["Progamel\u0151zetes"],"inLanguage":"hu"},{"@type":"WebPage","@id":"https:\/\/stuttgarti-katolikusok.de\/index.php\/programelozetes-2016-januar-25-es-31-e-kozott\/","url":"https:\/\/stuttgarti-katolikusok.de\/index.php\/programelozetes-2016-januar-25-es-31-e-kozott\/","name":"Programel\u0151zetes 2016. janu\u00e1r 25. \u00e9s 31-e k\u00f6z\u00f6tt - Stuttgarti Katolikusok","isPartOf":{"@id":"https:\/\/stuttgarti-katolikusok.de\/#website"},"primaryImageOfPage":{"@id":"https:\/\/stuttgarti-katolikusok.de\/index.php\/programelozetes-2016-januar-25-es-31-e-kozott\/#primaryimage"},"image":{"@id":"https:\/\/stuttgarti-katolikusok.de\/index.php\/programelozetes-2016-januar-25-es-31-e-kozott\/#primaryimage"},"thumbnailUrl":"https:\/\/stuttgarti-katolikusok.de\/wp-content\/uploads\/2016\/01\/stmb-2015-2.jpg","datePublished":"2016-01-27T14:57:50+00:00","dateModified":"2016-01-27T15:06:28+00:00","author":{"@id":"https:\/\/stuttgarti-katolikusok.de\/#\/schema\/person\/75908d6f8fdc03a57889d27209df7795"},"breadcrumb":{"@id":"https:\/\/stuttgarti-katolikusok.de\/index.php\/programelozetes-2016-januar-25-es-31-e-kozott\/#breadcrumb"},"inLanguage":"hu","potentialAction":[{"@type":"ReadAction","target":["https:\/\/stuttgarti-katolikusok.de\/index.php\/programelozetes-2016-januar-25-es-31-e-kozott\/"]}]},{"@type":"ImageObject","inLanguage":"hu","@id":"https:\/\/stuttgarti-katolikusok.de\/index.php\/programelozetes-2016-januar-25-es-31-e-kozott\/#primaryimage","url":"https:\/\/stuttgarti-katolikusok.de\/wp-content\/uploads\/2016\/01\/stmb-2015-2.jpg","contentUrl":"https:\/\/stuttgarti-katolikusok.de\/wp-content\/uploads\/2016\/01\/stmb-2015-2.jpg","width":784,"height":523},{"@type":"BreadcrumbList","@id":"https:\/\/stuttgarti-katolikusok.de\/index.php\/programelozetes-2016-januar-25-es-31-e-kozott\/#breadcrumb","itemListElement":[{"@type":"ListItem","position":1,"name":"Kezd\u0151lap","item":"https:\/\/stuttgarti-katolikusok.de\/"},{"@type":"ListItem","position":2,"name":"Programel\u0151zetes 2016. janu\u00e1r 25. \u00e9s 31-e k\u00f6z\u00f6tt"}]},{"@type":"WebSite","@id":"https:\/\/stuttgarti-katolikusok.de\/#website","url":"https:\/\/stuttgarti-katolikusok.de\/","name":"Stuttgarti Katolikusok","description":"","potentialAction":[{"@type":"SearchAction","target":{"@type":"EntryPoint","urlTemplate":"https:\/\/stuttgarti-katolikusok.de\/?s={search_term_string}"},"query-input":{"@type":"PropertyValueSpecification","valueRequired":true,"valueName":"search_term_string"}}],"inLanguage":"hu"},{"@type":"Person","@id":"https:\/\/stuttgarti-katolikusok.de\/#\/schema\/person\/75908d6f8fdc03a57889d27209df7795","name":"Tibor atya","image":{"@type":"ImageObject","inLanguage":"hu","@id":"https:\/\/secure.gravatar.com\/avatar\/61d268e57d1f4525b111222e29d2d5a7f8c420fdbf231ba5566a8ceac74fa960?s=96&d=mm&r=g","url":"https:\/\/secure.gravatar.com\/avatar\/61d268e57d1f4525b111222e29d2d5a7f8c420fdbf231ba5566a8ceac74fa960?s=96&d=mm&r=g","contentUrl":"https:\/\/secure.gravatar.com\/avatar\/61d268e57d1f4525b111222e29d2d5a7f8c420fdbf231ba5566a8ceac74fa960?s=96&d=mm&r=g","caption":"Tibor atya"},"url":"https:\/\/stuttgarti-katolikusok.de\/index.php\/author\/tibor-atya\/"}]}},"_links":{"self":[{"href":"https:\/\/stuttgarti-katolikusok.de\/index.php\/wp-json\/wp\/v2\/posts\/8591","targetHints":{"allow":["GET"]}}],"collection":[{"href":"https:\/\/stuttgarti-katolikusok.de\/index.php\/wp-json\/wp\/v2\/posts"}],"about":[{"href":"https:\/\/stuttgarti-katolikusok.de\/index.php\/wp-json\/wp\/v2\/types\/post"}],"author":[{"embeddable":true,"href":"https:\/\/stuttgarti-katolikusok.de\/index.php\/wp-json\/wp\/v2\/users\/3"}],"replies":[{"embeddable":true,"href":"https:\/\/stuttgarti-katolikusok.de\/index.php\/wp-json\/wp\/v2\/comments?post=8591"}],"version-history":[{"count":2,"href":"https:\/\/stuttgarti-katolikusok.de\/index.php\/wp-json\/wp\/v2\/posts\/8591\/revisions"}],"predecessor-version":[{"id":8594,"href":"https:\/\/stuttgarti-katolikusok.de\/index.php\/wp-json\/wp\/v2\/posts\/8591\/revisions\/8594"}],"wp:featuredmedia":[{"embeddable":true,"href":"https:\/\/stuttgarti-katolikusok.de\/index.php\/wp-json\/wp\/v2\/media\/8587"}],"wp:attachment":[{"href":"https:\/\/stuttgarti-katolikusok.de\/index.php\/wp-json\/wp\/v2\/media?parent=8591"}],"wp:term":[{"taxonomy":"category","embeddable":true,"href":"https:\/\/stuttgarti-katolikusok.de\/index.php\/wp-json\/wp\/v2\/categories?post=8591"},{"taxonomy":"post_tag","embeddable":true,"href":"https:\/\/stuttgarti-katolikusok.de\/index.php\/wp-json\/wp\/v2\/tags?post=8591"}],"curies":[{"name":"wp","href":"https:\/\/api.w.org\/{rel}","templated":true}]}}