{"id":8565,"date":"2016-01-25T15:51:54","date_gmt":"2016-01-25T15:51:54","guid":{"rendered":"https:\/\/gracious-dewdney.138-201-221-2.plesk.page\/?p=8565"},"modified":"2016-01-26T16:23:33","modified_gmt":"2016-01-26T16:23:33","slug":"tukrok","status":"publish","type":"post","link":"https:\/\/stuttgarti-katolikusok.de\/index.php\/tukrok\/","title":{"rendered":"T\u00fckr\u00f6k&#8230;"},"content":{"rendered":"<p>S\u00edrsz&#8230; Nagyon sz\u00edven \u00fct\u00f6tt \u00e9s sebet ejtett rajtad az a lev\u00e9l, amit a minap kapt\u00e1l egyik bar\u00e1todnak hitt szem\u00e9lyt\u0151l&#8230;<br \/>\nTudom, hogy mit \u00e9rzel, mert magam is voltam m\u00e1r hasonl\u00f3 helyzetben. Azt hittem, hogy valamivel j\u00f3t teszek, \u00e9s egyesek\u2013 rosszat felt\u00e9telezve \u2013 h\u00e1tam m\u00f6g\u00f6tt m\u00e9gis megsz\u00f3ltak&#8230; Nekem is nagyon\u00a0rosszul esett, de azt\u00e1n elgondolkoztam a dolgon, \u00e9s az \u00dar el\u00e9 vittem az \u00fcgyet. \u0150 ezeket a gondolatokat adta nekem, amit most Neked is \u00e1tadok.<\/p>\n<p>El\u0151sz\u00f6r is, a kritika \u2013 sz\u00f3ban vagy lev\u00e9lben \u2013 t\u00fck\u00f6r. Mindegyikben magadat l\u00e1thatod. Van,\u00a0amelyik h\u0171en vissza ad bel\u0151led valamit, van amelyik torz\u00edt. De ahhoz, hogy igaz\u00e1n feln\u0151tt\u00e9 v\u00e1lj, sz\u00fcks\u00e9ged van ezekre a t\u00fckr\u00f6kre.<\/p>\n<p>Legyen teh\u00e1t b\u00e1tors\u00e1god bel\u00e9j\u00fck n\u00e9zni&#8230; Hogy mi\u00e9rt?<br \/>\nMert a t\u00fck\u00f6r nem hazudik&#8230;<br \/>\nA t\u00fckr\u00f6t nem lehet lefizetni&#8230;<br \/>\nA t\u00fck\u00f6r arcodba mondja az igazs\u00e1got&#8230;<br \/>\nA t\u00fck\u00f6r megmutatja Neked a kend\u0151zetlen val\u00f3s\u00e1got&#8230;<br \/>\nHa \u00edgy tekinted, akkor a t\u00fckr\u00f6k bar\u00e1taidd\u00e1 v\u00e1lhatnak, mert a bar\u00e1tok egym\u00e1snak mindig az\u00a0igazs\u00e1got mondj\u00e1k&#8230;<\/p>\n<p>A m\u00e1sodik megl\u00e1t\u00e1som az, hogy a hozz\u00e1d legk\u00f6zelebb \u00e1ll\u00f3 t\u00fckr\u00f6k \u2013 a melletted \u00e9l\u0151 emberek.<br \/>\nAzt t\u00fckr\u00f6zik vissza r\u00f3lad, amit benned l\u00e1tni illetve bel\u0151led megtapasztalni v\u00e9lnek.<\/p>\n<p>Tudnod kell azonban, hogy az emberek nagyon gyakran nem h\u0171 t\u00fckr\u00f6k.<br \/>\nLegt\u00f6bbsz\u00f6r az\u00e9rt, mert nem ismernek j\u00f3l T\u00e9ged&#8230;<br \/>\nM\u00e1skor valamit hib\u00e1zt\u00e1l ellen\u00fck, \u00e9s erre \u0151k r\u00f6gt\u00f6n m\u00e1s f\u00e9nyben t\u00fckr\u00f6znek vissza T\u00e9ged&#8230;<br \/>\nAz is lehet, hogy valamit elv\u00e1rnak t\u0151led, amit Te nem tudsz vagy nem akarsz teljes\u00edteni, \u00e9s ez\u00e9rt torz k\u00e9pet alkotnak \u00e9s mutatnak r\u00f3lad&#8230;<\/p>\n<p>Nem \u00edgy az igazi bar\u00e1taid!<br \/>\nAzok mindig ugyanolyannak l\u00e1tnak&#8230; \u00c9s legt\u00f6bbsz\u00f6r annak, aki val\u00f3ban vagy!<br \/>\nAzok mindig a szeretet \u00e9s a megbocs\u00e1t\u00e1s t\u00fckr\u00e9t tartj\u00e1k fel\u00e9d&#8230;<br \/>\nBoldog lehetsz, ha sok ilyen t\u00fck\u00f6r van k\u00f6r\u00fcl\u00f6tted!<br \/>\nBoldog lehetsz, ha Te is sokak fel\u00e9 ilyen t\u00fckr\u00f6t mutathatsz!<\/p>\n<p>Azut\u00e1n azt is j\u00f3, ha tudod, hogy sok m\u00e1s t\u00fck\u00f6r van m\u00e9g, amelyekbe mindenk\u00e9pp bele kell n\u00e9zned ahhoz, hogy igazi \u00f6nmagadat megismerhesd!<br \/>\nP\u00e9ld\u00e1ul \u00e1lmaid t\u00fckr\u00e9ben l\u00e1thatod meg &#8211; a lelkedet.<br \/>\n\u00c9rzelmeid t\u00fckreiben fedezheted fel \u2013 a jellemedet.<br \/>\nIm\u00e1d t\u00fckre mutatja meg Neked \u2013 a hitedet.<br \/>\nA szabadid\u0151d elt\u00f6lt\u00e9se m\u00f3dj\u00e1nak t\u00fckr\u00e9ben pedig kitapinthatod \u2013 a szem\u00e9lyis\u00e9ged titk\u00e1t.<br \/>\n\u00c9s \u00edgy tov\u00e1bb!<\/p>\n<p>A legfontosabb t\u00fckr\u00f6k azonban nem ezek, nem is az emberek, m\u00e9g akkor sem, ha csupa j\u00f3bar\u00e1taid&#8230; Mert azok csak szem\u00e9lyis\u00e9gednek egy-egy szelet\u00e9t t\u00fckr\u00f6zik vissza.<\/p>\n<p>A legfontosabb t\u00fck\u00f6r \u2013 a lelkiismereted.<br \/>\nA lelkiismereted t\u00fckr\u00e9ben Isten arca ragyog r\u00e1d. \u00c9s \u0150 mondja meg Neked minden r\u00e9szrehajl\u00e1s n\u00e9lk\u00fcl, hogy ki vagy val\u00f3j\u00e1ban, \u00e9s hogy milyen is vagy tulajdonk\u00e9ppen!<\/p>\n<p>Tartsd h\u00e1t tiszt\u00e1n!<br \/>\nN\u00e9zz bele minden reggel \u00e9s minden este!<br \/>\nS\u0151t napk\u00f6zben is ah\u00e1nyszor csak teheted!<br \/>\nMert csak \u00edgy ismerheted meg igazi \u00f6nmagadat!<\/p>\n<p>Erre pedig az\u00e9rt is van sz\u00fcks\u00e9ged, hogy ne keseredj el, ha a Neked nem j\u00f3t akar\u00f3k leveleit olvasod vagy megalapozatlan, r\u00e9szrehajl\u00f3 kritik\u00e1it hallgatod&#8230;<\/p>\n<p>Szeresd \u00e9s keresd lelkiismereted t\u00fckr\u00e9t, mert abban l\u00e1tod meg igazi arcodat!<\/p>\n<p>Ezt k\u00edv\u00e1nja Neked szeretettel<br \/>\nImre atya<\/p>\n<p>Stuttgart, 2016. janu\u00e1r 21.<\/p>\n","protected":false},"excerpt":{"rendered":"<p>S\u00edrsz&#8230; Nagyon sz\u00edven \u00fct\u00f6tt \u00e9s sebet ejtett rajtad az a lev\u00e9l, amit a minap kapt\u00e1l egyik bar\u00e1todnak hitt szem\u00e9lyt\u0151l&#8230; Tudom, hogy mit \u00e9rzel, mert magam is voltam m\u00e1r hasonl\u00f3 helyzetben. Azt hittem, hogy valamivel j\u00f3t teszek, \u00e9s egyesek\u2013 rosszat felt\u00e9telezve \u2013 h\u00e1tam m\u00f6g\u00f6tt m\u00e9gis megsz\u00f3ltak&#8230; Nekem is nagyon\u00a0rosszul esett, de azt\u00e1n elgondolkoztam a dolgon, \u00e9s az \u00dar el\u00e9 vittem az \u00fcgyet. \u0150 ezeket a gondolatokat adta nekem, amit most Neked is \u00e1tadok. El\u0151sz\u00f6r is, a kritika \u2013 sz\u00f3ban vagy lev\u00e9lben \u2013 t\u00fck\u00f6r. Mindegyikben magadat l\u00e1thatod. Van,\u00a0amelyik h\u0171en vissza ad bel\u0151led valamit, van amelyik torz\u00edt. De ahhoz, hogy igaz\u00e1n feln\u0151tt\u00e9 v\u00e1lj, sz\u00fcks\u00e9ged van ezekre a t\u00fckr\u00f6kre. Legyen teh\u00e1t b\u00e1tors\u00e1god bel\u00e9j\u00fck n\u00e9zni&#8230; Hogy mi\u00e9rt? Mert a t\u00fck\u00f6r nem hazudik&#8230; A t\u00fckr\u00f6t nem lehet lefizetni&#8230; A t\u00fck\u00f6r arcodba mondja az igazs\u00e1got&#8230; A t\u00fck\u00f6r megmutatja Neked a kend\u0151zetlen val\u00f3s\u00e1got&#8230; Ha \u00edgy tekinted, akkor a t\u00fckr\u00f6k bar\u00e1taidd\u00e1 v\u00e1lhatnak, mert a bar\u00e1tok egym\u00e1snak mindig az\u00a0igazs\u00e1got mondj\u00e1k&#8230; A m\u00e1sodik megl\u00e1t\u00e1som az, hogy a hozz\u00e1d legk\u00f6zelebb \u00e1ll\u00f3 t\u00fckr\u00f6k \u2013 a melletted \u00e9l\u0151 emberek. Azt t\u00fckr\u00f6zik vissza r\u00f3lad, amit benned l\u00e1tni illetve bel\u0151led megtapasztalni v\u00e9lnek. Tudnod kell azonban, hogy az emberek nagyon gyakran nem h\u0171 t\u00fckr\u00f6k. Legt\u00f6bbsz\u00f6r az\u00e9rt, mert nem ismernek j\u00f3l T\u00e9ged&#8230; M\u00e1skor valamit hib\u00e1zt\u00e1l ellen\u00fck, \u00e9s erre \u0151k r\u00f6gt\u00f6n m\u00e1s f\u00e9nyben t\u00fckr\u00f6znek vissza T\u00e9ged&#8230; Az is lehet, hogy valamit elv\u00e1rnak t\u0151led, amit Te nem tudsz vagy nem akarsz teljes\u00edteni, \u00e9s ez\u00e9rt torz k\u00e9pet alkotnak \u00e9s mutatnak r\u00f3lad&#8230; Nem \u00edgy az igazi bar\u00e1taid! Azok mindig ugyanolyannak l\u00e1tnak&#8230; \u00c9s legt\u00f6bbsz\u00f6r annak, aki val\u00f3ban vagy! Azok mindig a szeretet \u00e9s a megbocs\u00e1t\u00e1s t\u00fckr\u00e9t tartj\u00e1k fel\u00e9d&#8230; Boldog lehetsz, ha sok ilyen t\u00fck\u00f6r van k\u00f6r\u00fcl\u00f6tted! Boldog lehetsz, ha Te is sokak fel\u00e9 ilyen t\u00fckr\u00f6t mutathatsz! Azut\u00e1n azt is j\u00f3, ha tudod, hogy sok m\u00e1s t\u00fck\u00f6r van m\u00e9g, amelyekbe mindenk\u00e9pp bele kell n\u00e9zned ahhoz, hogy igazi \u00f6nmagadat megismerhesd! P\u00e9ld\u00e1ul \u00e1lmaid t\u00fckr\u00e9ben l\u00e1thatod meg&#8230; <\/p>\n<p><a class=\"readmore\" href=\"https:\/\/stuttgarti-katolikusok.de\/index.php\/tukrok\/\">R\u00e9szletek<\/a><\/p>\n","protected":false},"author":3,"featured_media":0,"comment_status":"closed","ping_status":"closed","sticky":false,"template":"","format":"standard","meta":{"footnotes":""},"categories":[24,5,1],"tags":[],"class_list":["post-8565","post","type-post","status-publish","format-standard","hentry","category-gondolatok","category-hirek","category-valogatott"],"yoast_head":"<!-- This site is optimized with the Yoast SEO plugin v27.3 - https:\/\/yoast.com\/product\/yoast-seo-wordpress\/ -->\n<title>T\u00fckr\u00f6k... - Stuttgarti Katolikusok<\/title>\n<meta name=\"robots\" content=\"index, follow, max-snippet:-1, max-image-preview:large, max-video-preview:-1\" \/>\n<link rel=\"canonical\" href=\"https:\/\/stuttgarti-katolikusok.de\/index.php\/tukrok\/\" \/>\n<meta property=\"og:locale\" content=\"hu_HU\" \/>\n<meta property=\"og:type\" content=\"article\" \/>\n<meta property=\"og:title\" content=\"T\u00fckr\u00f6k... - Stuttgarti Katolikusok\" \/>\n<meta property=\"og:description\" content=\"S\u00edrsz&#8230; Nagyon sz\u00edven \u00fct\u00f6tt \u00e9s sebet ejtett rajtad az a lev\u00e9l, amit a minap kapt\u00e1l egyik bar\u00e1todnak hitt szem\u00e9lyt\u0151l&#8230; Tudom, hogy mit \u00e9rzel, mert magam is voltam m\u00e1r hasonl\u00f3 helyzetben. Azt hittem, hogy valamivel j\u00f3t teszek, \u00e9s egyesek\u2013 rosszat felt\u00e9telezve \u2013 h\u00e1tam m\u00f6g\u00f6tt m\u00e9gis megsz\u00f3ltak&#8230; Nekem is nagyon\u00a0rosszul esett, de azt\u00e1n elgondolkoztam a dolgon, \u00e9s az \u00dar el\u00e9 vittem az \u00fcgyet. \u0150 ezeket a gondolatokat adta nekem, amit most Neked is \u00e1tadok. El\u0151sz\u00f6r is, a kritika \u2013 sz\u00f3ban vagy lev\u00e9lben \u2013 t\u00fck\u00f6r. Mindegyikben magadat l\u00e1thatod. Van,\u00a0amelyik h\u0171en vissza ad bel\u0151led valamit, van amelyik torz\u00edt. De ahhoz, hogy igaz\u00e1n feln\u0151tt\u00e9 v\u00e1lj, sz\u00fcks\u00e9ged van ezekre a t\u00fckr\u00f6kre. Legyen teh\u00e1t b\u00e1tors\u00e1god bel\u00e9j\u00fck n\u00e9zni&#8230; Hogy mi\u00e9rt? Mert a t\u00fck\u00f6r nem hazudik&#8230; A t\u00fckr\u00f6t nem lehet lefizetni&#8230; A t\u00fck\u00f6r arcodba mondja az igazs\u00e1got&#8230; A t\u00fck\u00f6r megmutatja Neked a kend\u0151zetlen val\u00f3s\u00e1got&#8230; Ha \u00edgy tekinted, akkor a t\u00fckr\u00f6k bar\u00e1taidd\u00e1 v\u00e1lhatnak, mert a bar\u00e1tok egym\u00e1snak mindig az\u00a0igazs\u00e1got mondj\u00e1k&#8230; A m\u00e1sodik megl\u00e1t\u00e1som az, hogy a hozz\u00e1d legk\u00f6zelebb \u00e1ll\u00f3 t\u00fckr\u00f6k \u2013 a melletted \u00e9l\u0151 emberek. Azt t\u00fckr\u00f6zik vissza r\u00f3lad, amit benned l\u00e1tni illetve bel\u0151led megtapasztalni v\u00e9lnek. Tudnod kell azonban, hogy az emberek nagyon gyakran nem h\u0171 t\u00fckr\u00f6k. Legt\u00f6bbsz\u00f6r az\u00e9rt, mert nem ismernek j\u00f3l T\u00e9ged&#8230; M\u00e1skor valamit hib\u00e1zt\u00e1l ellen\u00fck, \u00e9s erre \u0151k r\u00f6gt\u00f6n m\u00e1s f\u00e9nyben t\u00fckr\u00f6znek vissza T\u00e9ged&#8230; Az is lehet, hogy valamit elv\u00e1rnak t\u0151led, amit Te nem tudsz vagy nem akarsz teljes\u00edteni, \u00e9s ez\u00e9rt torz k\u00e9pet alkotnak \u00e9s mutatnak r\u00f3lad&#8230; Nem \u00edgy az igazi bar\u00e1taid! Azok mindig ugyanolyannak l\u00e1tnak&#8230; \u00c9s legt\u00f6bbsz\u00f6r annak, aki val\u00f3ban vagy! Azok mindig a szeretet \u00e9s a megbocs\u00e1t\u00e1s t\u00fckr\u00e9t tartj\u00e1k fel\u00e9d&#8230; Boldog lehetsz, ha sok ilyen t\u00fck\u00f6r van k\u00f6r\u00fcl\u00f6tted! Boldog lehetsz, ha Te is sokak fel\u00e9 ilyen t\u00fckr\u00f6t mutathatsz! Azut\u00e1n azt is j\u00f3, ha tudod, hogy sok m\u00e1s t\u00fck\u00f6r van m\u00e9g, amelyekbe mindenk\u00e9pp bele kell n\u00e9zned ahhoz, hogy igazi \u00f6nmagadat megismerhesd! P\u00e9ld\u00e1ul \u00e1lmaid t\u00fckr\u00e9ben l\u00e1thatod meg... R\u00e9szletek\" \/>\n<meta property=\"og:url\" content=\"https:\/\/stuttgarti-katolikusok.de\/index.php\/tukrok\/\" \/>\n<meta property=\"og:site_name\" content=\"Stuttgarti Katolikusok\" \/>\n<meta property=\"article:published_time\" content=\"2016-01-25T15:51:54+00:00\" \/>\n<meta property=\"article:modified_time\" content=\"2016-01-26T16:23:33+00:00\" \/>\n<meta name=\"author\" content=\"Tibor atya\" \/>\n<meta name=\"twitter:card\" content=\"summary_large_image\" \/>\n<meta name=\"twitter:label1\" content=\"Szerz\u0151:\" \/>\n\t<meta name=\"twitter:data1\" content=\"Tibor atya\" \/>\n\t<meta name=\"twitter:label2\" content=\"Becs\u00fclt olvas\u00e1si id\u0151\" \/>\n\t<meta name=\"twitter:data2\" content=\"3 perc\" \/>\n<script type=\"application\/ld+json\" class=\"yoast-schema-graph\">{\"@context\":\"https:\\\/\\\/schema.org\",\"@graph\":[{\"@type\":\"Article\",\"@id\":\"https:\\\/\\\/stuttgarti-katolikusok.de\\\/index.php\\\/tukrok\\\/#article\",\"isPartOf\":{\"@id\":\"https:\\\/\\\/stuttgarti-katolikusok.de\\\/index.php\\\/tukrok\\\/\"},\"author\":{\"name\":\"Tibor atya\",\"@id\":\"https:\\\/\\\/stuttgarti-katolikusok.de\\\/#\\\/schema\\\/person\\\/75908d6f8fdc03a57889d27209df7795\"},\"headline\":\"T\u00fckr\u00f6k&#8230;\",\"datePublished\":\"2016-01-25T15:51:54+00:00\",\"dateModified\":\"2016-01-26T16:23:33+00:00\",\"mainEntityOfPage\":{\"@id\":\"https:\\\/\\\/stuttgarti-katolikusok.de\\\/index.php\\\/tukrok\\\/\"},\"wordCount\":631,\"articleSection\":[\"Gondolatok\",\"H\u00edrek\",\"V\u00e1logatott \u00edr\u00e1sok\"],\"inLanguage\":\"hu\"},{\"@type\":\"WebPage\",\"@id\":\"https:\\\/\\\/stuttgarti-katolikusok.de\\\/index.php\\\/tukrok\\\/\",\"url\":\"https:\\\/\\\/stuttgarti-katolikusok.de\\\/index.php\\\/tukrok\\\/\",\"name\":\"T\u00fckr\u00f6k... - Stuttgarti Katolikusok\",\"isPartOf\":{\"@id\":\"https:\\\/\\\/stuttgarti-katolikusok.de\\\/#website\"},\"datePublished\":\"2016-01-25T15:51:54+00:00\",\"dateModified\":\"2016-01-26T16:23:33+00:00\",\"author\":{\"@id\":\"https:\\\/\\\/stuttgarti-katolikusok.de\\\/#\\\/schema\\\/person\\\/75908d6f8fdc03a57889d27209df7795\"},\"breadcrumb\":{\"@id\":\"https:\\\/\\\/stuttgarti-katolikusok.de\\\/index.php\\\/tukrok\\\/#breadcrumb\"},\"inLanguage\":\"hu\",\"potentialAction\":[{\"@type\":\"ReadAction\",\"target\":[\"https:\\\/\\\/stuttgarti-katolikusok.de\\\/index.php\\\/tukrok\\\/\"]}]},{\"@type\":\"BreadcrumbList\",\"@id\":\"https:\\\/\\\/stuttgarti-katolikusok.de\\\/index.php\\\/tukrok\\\/#breadcrumb\",\"itemListElement\":[{\"@type\":\"ListItem\",\"position\":1,\"name\":\"Kezd\u0151lap\",\"item\":\"https:\\\/\\\/stuttgarti-katolikusok.de\\\/\"},{\"@type\":\"ListItem\",\"position\":2,\"name\":\"T\u00fckr\u00f6k&#8230;\"}]},{\"@type\":\"WebSite\",\"@id\":\"https:\\\/\\\/stuttgarti-katolikusok.de\\\/#website\",\"url\":\"https:\\\/\\\/stuttgarti-katolikusok.de\\\/\",\"name\":\"Stuttgarti Katolikusok\",\"description\":\"\",\"potentialAction\":[{\"@type\":\"SearchAction\",\"target\":{\"@type\":\"EntryPoint\",\"urlTemplate\":\"https:\\\/\\\/stuttgarti-katolikusok.de\\\/?s={search_term_string}\"},\"query-input\":{\"@type\":\"PropertyValueSpecification\",\"valueRequired\":true,\"valueName\":\"search_term_string\"}}],\"inLanguage\":\"hu\"},{\"@type\":\"Person\",\"@id\":\"https:\\\/\\\/stuttgarti-katolikusok.de\\\/#\\\/schema\\\/person\\\/75908d6f8fdc03a57889d27209df7795\",\"name\":\"Tibor atya\",\"image\":{\"@type\":\"ImageObject\",\"inLanguage\":\"hu\",\"@id\":\"https:\\\/\\\/secure.gravatar.com\\\/avatar\\\/61d268e57d1f4525b111222e29d2d5a7f8c420fdbf231ba5566a8ceac74fa960?s=96&d=mm&r=g\",\"url\":\"https:\\\/\\\/secure.gravatar.com\\\/avatar\\\/61d268e57d1f4525b111222e29d2d5a7f8c420fdbf231ba5566a8ceac74fa960?s=96&d=mm&r=g\",\"contentUrl\":\"https:\\\/\\\/secure.gravatar.com\\\/avatar\\\/61d268e57d1f4525b111222e29d2d5a7f8c420fdbf231ba5566a8ceac74fa960?s=96&d=mm&r=g\",\"caption\":\"Tibor atya\"},\"url\":\"https:\\\/\\\/stuttgarti-katolikusok.de\\\/index.php\\\/author\\\/tibor-atya\\\/\"}]}<\/script>\n<!-- \/ Yoast SEO plugin. -->","yoast_head_json":{"title":"T\u00fckr\u00f6k... - Stuttgarti Katolikusok","robots":{"index":"index","follow":"follow","max-snippet":"max-snippet:-1","max-image-preview":"max-image-preview:large","max-video-preview":"max-video-preview:-1"},"canonical":"https:\/\/stuttgarti-katolikusok.de\/index.php\/tukrok\/","og_locale":"hu_HU","og_type":"article","og_title":"T\u00fckr\u00f6k... - Stuttgarti Katolikusok","og_description":"S\u00edrsz&#8230; Nagyon sz\u00edven \u00fct\u00f6tt \u00e9s sebet ejtett rajtad az a lev\u00e9l, amit a minap kapt\u00e1l egyik bar\u00e1todnak hitt szem\u00e9lyt\u0151l&#8230; Tudom, hogy mit \u00e9rzel, mert magam is voltam m\u00e1r hasonl\u00f3 helyzetben. Azt hittem, hogy valamivel j\u00f3t teszek, \u00e9s egyesek\u2013 rosszat felt\u00e9telezve \u2013 h\u00e1tam m\u00f6g\u00f6tt m\u00e9gis megsz\u00f3ltak&#8230; Nekem is nagyon\u00a0rosszul esett, de azt\u00e1n elgondolkoztam a dolgon, \u00e9s az \u00dar el\u00e9 vittem az \u00fcgyet. \u0150 ezeket a gondolatokat adta nekem, amit most Neked is \u00e1tadok. El\u0151sz\u00f6r is, a kritika \u2013 sz\u00f3ban vagy lev\u00e9lben \u2013 t\u00fck\u00f6r. Mindegyikben magadat l\u00e1thatod. Van,\u00a0amelyik h\u0171en vissza ad bel\u0151led valamit, van amelyik torz\u00edt. De ahhoz, hogy igaz\u00e1n feln\u0151tt\u00e9 v\u00e1lj, sz\u00fcks\u00e9ged van ezekre a t\u00fckr\u00f6kre. Legyen teh\u00e1t b\u00e1tors\u00e1god bel\u00e9j\u00fck n\u00e9zni&#8230; Hogy mi\u00e9rt? Mert a t\u00fck\u00f6r nem hazudik&#8230; A t\u00fckr\u00f6t nem lehet lefizetni&#8230; A t\u00fck\u00f6r arcodba mondja az igazs\u00e1got&#8230; A t\u00fck\u00f6r megmutatja Neked a kend\u0151zetlen val\u00f3s\u00e1got&#8230; Ha \u00edgy tekinted, akkor a t\u00fckr\u00f6k bar\u00e1taidd\u00e1 v\u00e1lhatnak, mert a bar\u00e1tok egym\u00e1snak mindig az\u00a0igazs\u00e1got mondj\u00e1k&#8230; A m\u00e1sodik megl\u00e1t\u00e1som az, hogy a hozz\u00e1d legk\u00f6zelebb \u00e1ll\u00f3 t\u00fckr\u00f6k \u2013 a melletted \u00e9l\u0151 emberek. Azt t\u00fckr\u00f6zik vissza r\u00f3lad, amit benned l\u00e1tni illetve bel\u0151led megtapasztalni v\u00e9lnek. Tudnod kell azonban, hogy az emberek nagyon gyakran nem h\u0171 t\u00fckr\u00f6k. Legt\u00f6bbsz\u00f6r az\u00e9rt, mert nem ismernek j\u00f3l T\u00e9ged&#8230; M\u00e1skor valamit hib\u00e1zt\u00e1l ellen\u00fck, \u00e9s erre \u0151k r\u00f6gt\u00f6n m\u00e1s f\u00e9nyben t\u00fckr\u00f6znek vissza T\u00e9ged&#8230; Az is lehet, hogy valamit elv\u00e1rnak t\u0151led, amit Te nem tudsz vagy nem akarsz teljes\u00edteni, \u00e9s ez\u00e9rt torz k\u00e9pet alkotnak \u00e9s mutatnak r\u00f3lad&#8230; Nem \u00edgy az igazi bar\u00e1taid! Azok mindig ugyanolyannak l\u00e1tnak&#8230; \u00c9s legt\u00f6bbsz\u00f6r annak, aki val\u00f3ban vagy! Azok mindig a szeretet \u00e9s a megbocs\u00e1t\u00e1s t\u00fckr\u00e9t tartj\u00e1k fel\u00e9d&#8230; Boldog lehetsz, ha sok ilyen t\u00fck\u00f6r van k\u00f6r\u00fcl\u00f6tted! Boldog lehetsz, ha Te is sokak fel\u00e9 ilyen t\u00fckr\u00f6t mutathatsz! Azut\u00e1n azt is j\u00f3, ha tudod, hogy sok m\u00e1s t\u00fck\u00f6r van m\u00e9g, amelyekbe mindenk\u00e9pp bele kell n\u00e9zned ahhoz, hogy igazi \u00f6nmagadat megismerhesd! P\u00e9ld\u00e1ul \u00e1lmaid t\u00fckr\u00e9ben l\u00e1thatod meg... R\u00e9szletek","og_url":"https:\/\/stuttgarti-katolikusok.de\/index.php\/tukrok\/","og_site_name":"Stuttgarti Katolikusok","article_published_time":"2016-01-25T15:51:54+00:00","article_modified_time":"2016-01-26T16:23:33+00:00","author":"Tibor atya","twitter_card":"summary_large_image","twitter_misc":{"Szerz\u0151:":"Tibor atya","Becs\u00fclt olvas\u00e1si id\u0151":"3 perc"},"schema":{"@context":"https:\/\/schema.org","@graph":[{"@type":"Article","@id":"https:\/\/stuttgarti-katolikusok.de\/index.php\/tukrok\/#article","isPartOf":{"@id":"https:\/\/stuttgarti-katolikusok.de\/index.php\/tukrok\/"},"author":{"name":"Tibor atya","@id":"https:\/\/stuttgarti-katolikusok.de\/#\/schema\/person\/75908d6f8fdc03a57889d27209df7795"},"headline":"T\u00fckr\u00f6k&#8230;","datePublished":"2016-01-25T15:51:54+00:00","dateModified":"2016-01-26T16:23:33+00:00","mainEntityOfPage":{"@id":"https:\/\/stuttgarti-katolikusok.de\/index.php\/tukrok\/"},"wordCount":631,"articleSection":["Gondolatok","H\u00edrek","V\u00e1logatott \u00edr\u00e1sok"],"inLanguage":"hu"},{"@type":"WebPage","@id":"https:\/\/stuttgarti-katolikusok.de\/index.php\/tukrok\/","url":"https:\/\/stuttgarti-katolikusok.de\/index.php\/tukrok\/","name":"T\u00fckr\u00f6k... - Stuttgarti Katolikusok","isPartOf":{"@id":"https:\/\/stuttgarti-katolikusok.de\/#website"},"datePublished":"2016-01-25T15:51:54+00:00","dateModified":"2016-01-26T16:23:33+00:00","author":{"@id":"https:\/\/stuttgarti-katolikusok.de\/#\/schema\/person\/75908d6f8fdc03a57889d27209df7795"},"breadcrumb":{"@id":"https:\/\/stuttgarti-katolikusok.de\/index.php\/tukrok\/#breadcrumb"},"inLanguage":"hu","potentialAction":[{"@type":"ReadAction","target":["https:\/\/stuttgarti-katolikusok.de\/index.php\/tukrok\/"]}]},{"@type":"BreadcrumbList","@id":"https:\/\/stuttgarti-katolikusok.de\/index.php\/tukrok\/#breadcrumb","itemListElement":[{"@type":"ListItem","position":1,"name":"Kezd\u0151lap","item":"https:\/\/stuttgarti-katolikusok.de\/"},{"@type":"ListItem","position":2,"name":"T\u00fckr\u00f6k&#8230;"}]},{"@type":"WebSite","@id":"https:\/\/stuttgarti-katolikusok.de\/#website","url":"https:\/\/stuttgarti-katolikusok.de\/","name":"Stuttgarti Katolikusok","description":"","potentialAction":[{"@type":"SearchAction","target":{"@type":"EntryPoint","urlTemplate":"https:\/\/stuttgarti-katolikusok.de\/?s={search_term_string}"},"query-input":{"@type":"PropertyValueSpecification","valueRequired":true,"valueName":"search_term_string"}}],"inLanguage":"hu"},{"@type":"Person","@id":"https:\/\/stuttgarti-katolikusok.de\/#\/schema\/person\/75908d6f8fdc03a57889d27209df7795","name":"Tibor atya","image":{"@type":"ImageObject","inLanguage":"hu","@id":"https:\/\/secure.gravatar.com\/avatar\/61d268e57d1f4525b111222e29d2d5a7f8c420fdbf231ba5566a8ceac74fa960?s=96&d=mm&r=g","url":"https:\/\/secure.gravatar.com\/avatar\/61d268e57d1f4525b111222e29d2d5a7f8c420fdbf231ba5566a8ceac74fa960?s=96&d=mm&r=g","contentUrl":"https:\/\/secure.gravatar.com\/avatar\/61d268e57d1f4525b111222e29d2d5a7f8c420fdbf231ba5566a8ceac74fa960?s=96&d=mm&r=g","caption":"Tibor atya"},"url":"https:\/\/stuttgarti-katolikusok.de\/index.php\/author\/tibor-atya\/"}]}},"_links":{"self":[{"href":"https:\/\/stuttgarti-katolikusok.de\/index.php\/wp-json\/wp\/v2\/posts\/8565","targetHints":{"allow":["GET"]}}],"collection":[{"href":"https:\/\/stuttgarti-katolikusok.de\/index.php\/wp-json\/wp\/v2\/posts"}],"about":[{"href":"https:\/\/stuttgarti-katolikusok.de\/index.php\/wp-json\/wp\/v2\/types\/post"}],"author":[{"embeddable":true,"href":"https:\/\/stuttgarti-katolikusok.de\/index.php\/wp-json\/wp\/v2\/users\/3"}],"replies":[{"embeddable":true,"href":"https:\/\/stuttgarti-katolikusok.de\/index.php\/wp-json\/wp\/v2\/comments?post=8565"}],"version-history":[{"count":2,"href":"https:\/\/stuttgarti-katolikusok.de\/index.php\/wp-json\/wp\/v2\/posts\/8565\/revisions"}],"predecessor-version":[{"id":8569,"href":"https:\/\/stuttgarti-katolikusok.de\/index.php\/wp-json\/wp\/v2\/posts\/8565\/revisions\/8569"}],"wp:attachment":[{"href":"https:\/\/stuttgarti-katolikusok.de\/index.php\/wp-json\/wp\/v2\/media?parent=8565"}],"wp:term":[{"taxonomy":"category","embeddable":true,"href":"https:\/\/stuttgarti-katolikusok.de\/index.php\/wp-json\/wp\/v2\/categories?post=8565"},{"taxonomy":"post_tag","embeddable":true,"href":"https:\/\/stuttgarti-katolikusok.de\/index.php\/wp-json\/wp\/v2\/tags?post=8565"}],"curies":[{"name":"wp","href":"https:\/\/api.w.org\/{rel}","templated":true}]}}