{"id":8438,"date":"2016-01-13T20:54:43","date_gmt":"2016-01-13T20:54:43","guid":{"rendered":"https:\/\/gracious-dewdney.138-201-221-2.plesk.page\/?p=8438"},"modified":"2016-01-13T20:54:43","modified_gmt":"2016-01-13T20:54:43","slug":"programelozetes","status":"publish","type":"post","link":"https:\/\/stuttgarti-katolikusok.de\/index.php\/programelozetes\/","title":{"rendered":"Programel\u0151zetes"},"content":{"rendered":"<p>Janu\u00e1r 15-\u00e9n, p\u00e9nteken, d\u00e9lut\u00e1n 15.30 \u00f3rakor Bar\u00e1ts\u00e1gklub. Minden t\u00e1rsas\u00e1gra v\u00e1gy\u00f3t szeretettel v\u00e1r a Tags\u00e1g!<\/p>\n<p>17.45 \u00f3rakor r\u00f3zsaf\u00fcz\u00e9r \u00e1jtatoss\u00e1g, ut\u00e1na esti szentmise, keret\u00e9ben P\u00e9nteki Egyetem. T\u00e9ma: A f\u0151b\u0171n\u00f6k. Mindenkit szeretettel v\u00e1runk!<\/p>\n<div class=\"text_exposed_show\">\n<p>Este 19.00 \u00f3rakor Bibliak\u00f6r. T\u00e9ma: Ezdr\u00e1s \u00e9s Neh\u00e9mi\u00e1s k\u00f6nyve. El\u0151ad\u00f3: Imre atya.<\/p>\n<p>Janu\u00e1r 17-\u00e9n, vas\u00e1rnap, 9.30 \u00f3rakor Ludwigsburgban szentmise, majd ut\u00e1na \u00e1g\u00e1p\u00e9. Minden ludwigsburgi \u00e9s Ludwigsburg-k\u00f6rny\u00e9ki h\u00edv\u00fcnket szeretettel v\u00e1r a k\u00f6z\u00f6ss\u00e9g \u00e9s Imre atya!<\/p>\n<p>*<br \/>\nD\u00e9li 12.00 \u00f3rakor Stuttgartban szentmise. Minden stuttgarti \u00e9s Stuttgart-k\u00f6rny\u00e9ki h\u00edv\u00fcnket szeretettel v\u00e1r a k\u00f6z\u00f6ss\u00e9g \u00e9s Imre atya!<\/p>\n<p>\u201eAzok az emberek tesznek a legkevesebbet, akik folyton arra panaszkodnak, hogy nincs el\u00e9g idej\u00fck!\u201d<br \/>\n(Georg Christian Lindenberg \u2013 1742-1799 \u2013 n\u00e9met matematikus \u00e9s fizikus)<\/p>\n<p>Der\u0171s, sz\u00e9p napokat, j\u00f3 munk\u00e1t, tartalmas besz\u00e9lget\u00e9seket \u00e9s kellemes tal\u00e1lkoz\u00e1sokat k\u00edv\u00e1nunk minden kedves H\u00edv\u00fcnknek!<\/p>\n<\/div>\n","protected":false},"excerpt":{"rendered":"<p>Janu\u00e1r 15-\u00e9n, p\u00e9nteken, d\u00e9lut\u00e1n 15.30 \u00f3rakor Bar\u00e1ts\u00e1gklub. Minden t\u00e1rsas\u00e1gra v\u00e1gy\u00f3t szeretettel v\u00e1r a Tags\u00e1g! 17.45 \u00f3rakor r\u00f3zsaf\u00fcz\u00e9r \u00e1jtatoss\u00e1g, ut\u00e1na esti szentmise, keret\u00e9ben P\u00e9nteki Egyetem. T\u00e9ma: A f\u0151b\u0171n\u00f6k. Mindenkit szeretettel v\u00e1runk! Este 19.00 \u00f3rakor Bibliak\u00f6r. T\u00e9ma: Ezdr\u00e1s \u00e9s Neh\u00e9mi\u00e1s k\u00f6nyve. El\u0151ad\u00f3: Imre atya. Janu\u00e1r 17-\u00e9n, vas\u00e1rnap, 9.30 \u00f3rakor Ludwigsburgban szentmise, majd ut\u00e1na \u00e1g\u00e1p\u00e9. Minden ludwigsburgi \u00e9s Ludwigsburg-k\u00f6rny\u00e9ki h\u00edv\u00fcnket szeretettel v\u00e1r a k\u00f6z\u00f6ss\u00e9g \u00e9s Imre atya! * D\u00e9li 12.00 \u00f3rakor Stuttgartban szentmise. Minden stuttgarti \u00e9s Stuttgart-k\u00f6rny\u00e9ki h\u00edv\u00fcnket szeretettel v\u00e1r a k\u00f6z\u00f6ss\u00e9g \u00e9s Imre atya! \u201eAzok az emberek tesznek a legkevesebbet, akik folyton arra panaszkodnak, hogy nincs el\u00e9g idej\u00fck!\u201d (Georg Christian Lindenberg \u2013 1742-1799 \u2013 n\u00e9met matematikus \u00e9s fizikus) Der\u0171s, sz\u00e9p napokat, j\u00f3 munk\u00e1t, tartalmas besz\u00e9lget\u00e9seket \u00e9s kellemes tal\u00e1lkoz\u00e1sokat k\u00edv\u00e1nunk minden kedves H\u00edv\u00fcnknek!<\/p>\n","protected":false},"author":3,"featured_media":0,"comment_status":"closed","ping_status":"closed","sticky":false,"template":"","format":"standard","meta":{"footnotes":""},"categories":[5],"tags":[],"class_list":["post-8438","post","type-post","status-publish","format-standard","hentry","category-hirek"],"yoast_head":"<!-- This site is optimized with the Yoast SEO plugin v27.3 - https:\/\/yoast.com\/product\/yoast-seo-wordpress\/ -->\n<title>Programel\u0151zetes - Stuttgarti Katolikusok<\/title>\n<meta name=\"robots\" content=\"index, follow, max-snippet:-1, max-image-preview:large, max-video-preview:-1\" \/>\n<link rel=\"canonical\" href=\"https:\/\/stuttgarti-katolikusok.de\/index.php\/programelozetes\/\" \/>\n<meta property=\"og:locale\" content=\"hu_HU\" \/>\n<meta property=\"og:type\" content=\"article\" \/>\n<meta property=\"og:title\" content=\"Programel\u0151zetes - Stuttgarti Katolikusok\" \/>\n<meta property=\"og:description\" content=\"Janu\u00e1r 15-\u00e9n, p\u00e9nteken, d\u00e9lut\u00e1n 15.30 \u00f3rakor Bar\u00e1ts\u00e1gklub. Minden t\u00e1rsas\u00e1gra v\u00e1gy\u00f3t szeretettel v\u00e1r a Tags\u00e1g! 17.45 \u00f3rakor r\u00f3zsaf\u00fcz\u00e9r \u00e1jtatoss\u00e1g, ut\u00e1na esti szentmise, keret\u00e9ben P\u00e9nteki Egyetem. T\u00e9ma: A f\u0151b\u0171n\u00f6k. Mindenkit szeretettel v\u00e1runk! Este 19.00 \u00f3rakor Bibliak\u00f6r. T\u00e9ma: Ezdr\u00e1s \u00e9s Neh\u00e9mi\u00e1s k\u00f6nyve. El\u0151ad\u00f3: Imre atya. Janu\u00e1r 17-\u00e9n, vas\u00e1rnap, 9.30 \u00f3rakor Ludwigsburgban szentmise, majd ut\u00e1na \u00e1g\u00e1p\u00e9. Minden ludwigsburgi \u00e9s Ludwigsburg-k\u00f6rny\u00e9ki h\u00edv\u00fcnket szeretettel v\u00e1r a k\u00f6z\u00f6ss\u00e9g \u00e9s Imre atya! * D\u00e9li 12.00 \u00f3rakor Stuttgartban szentmise. Minden stuttgarti \u00e9s Stuttgart-k\u00f6rny\u00e9ki h\u00edv\u00fcnket szeretettel v\u00e1r a k\u00f6z\u00f6ss\u00e9g \u00e9s Imre atya! \u201eAzok az emberek tesznek a legkevesebbet, akik folyton arra panaszkodnak, hogy nincs el\u00e9g idej\u00fck!\u201d (Georg Christian Lindenberg \u2013 1742-1799 \u2013 n\u00e9met matematikus \u00e9s fizikus) Der\u0171s, sz\u00e9p napokat, j\u00f3 munk\u00e1t, tartalmas besz\u00e9lget\u00e9seket \u00e9s kellemes tal\u00e1lkoz\u00e1sokat k\u00edv\u00e1nunk minden kedves H\u00edv\u00fcnknek!\" \/>\n<meta property=\"og:url\" content=\"https:\/\/stuttgarti-katolikusok.de\/index.php\/programelozetes\/\" \/>\n<meta property=\"og:site_name\" content=\"Stuttgarti Katolikusok\" \/>\n<meta property=\"article:published_time\" content=\"2016-01-13T20:54:43+00:00\" \/>\n<meta name=\"author\" content=\"Tibor atya\" \/>\n<meta name=\"twitter:card\" content=\"summary_large_image\" \/>\n<meta name=\"twitter:label1\" content=\"Szerz\u0151:\" \/>\n\t<meta name=\"twitter:data1\" content=\"Tibor atya\" \/>\n\t<meta name=\"twitter:label2\" content=\"Becs\u00fclt olvas\u00e1si id\u0151\" \/>\n\t<meta name=\"twitter:data2\" content=\"1 perc\" \/>\n<script type=\"application\/ld+json\" class=\"yoast-schema-graph\">{\"@context\":\"https:\\\/\\\/schema.org\",\"@graph\":[{\"@type\":\"Article\",\"@id\":\"https:\\\/\\\/stuttgarti-katolikusok.de\\\/index.php\\\/programelozetes\\\/#article\",\"isPartOf\":{\"@id\":\"https:\\\/\\\/stuttgarti-katolikusok.de\\\/index.php\\\/programelozetes\\\/\"},\"author\":{\"name\":\"Tibor atya\",\"@id\":\"https:\\\/\\\/stuttgarti-katolikusok.de\\\/#\\\/schema\\\/person\\\/75908d6f8fdc03a57889d27209df7795\"},\"headline\":\"Programel\u0151zetes\",\"datePublished\":\"2016-01-13T20:54:43+00:00\",\"mainEntityOfPage\":{\"@id\":\"https:\\\/\\\/stuttgarti-katolikusok.de\\\/index.php\\\/programelozetes\\\/\"},\"wordCount\":182,\"articleSection\":[\"H\u00edrek\"],\"inLanguage\":\"hu\"},{\"@type\":\"WebPage\",\"@id\":\"https:\\\/\\\/stuttgarti-katolikusok.de\\\/index.php\\\/programelozetes\\\/\",\"url\":\"https:\\\/\\\/stuttgarti-katolikusok.de\\\/index.php\\\/programelozetes\\\/\",\"name\":\"Programel\u0151zetes - Stuttgarti Katolikusok\",\"isPartOf\":{\"@id\":\"https:\\\/\\\/stuttgarti-katolikusok.de\\\/#website\"},\"datePublished\":\"2016-01-13T20:54:43+00:00\",\"author\":{\"@id\":\"https:\\\/\\\/stuttgarti-katolikusok.de\\\/#\\\/schema\\\/person\\\/75908d6f8fdc03a57889d27209df7795\"},\"breadcrumb\":{\"@id\":\"https:\\\/\\\/stuttgarti-katolikusok.de\\\/index.php\\\/programelozetes\\\/#breadcrumb\"},\"inLanguage\":\"hu\",\"potentialAction\":[{\"@type\":\"ReadAction\",\"target\":[\"https:\\\/\\\/stuttgarti-katolikusok.de\\\/index.php\\\/programelozetes\\\/\"]}]},{\"@type\":\"BreadcrumbList\",\"@id\":\"https:\\\/\\\/stuttgarti-katolikusok.de\\\/index.php\\\/programelozetes\\\/#breadcrumb\",\"itemListElement\":[{\"@type\":\"ListItem\",\"position\":1,\"name\":\"Kezd\u0151lap\",\"item\":\"https:\\\/\\\/stuttgarti-katolikusok.de\\\/\"},{\"@type\":\"ListItem\",\"position\":2,\"name\":\"Programel\u0151zetes\"}]},{\"@type\":\"WebSite\",\"@id\":\"https:\\\/\\\/stuttgarti-katolikusok.de\\\/#website\",\"url\":\"https:\\\/\\\/stuttgarti-katolikusok.de\\\/\",\"name\":\"Stuttgarti Katolikusok\",\"description\":\"\",\"potentialAction\":[{\"@type\":\"SearchAction\",\"target\":{\"@type\":\"EntryPoint\",\"urlTemplate\":\"https:\\\/\\\/stuttgarti-katolikusok.de\\\/?s={search_term_string}\"},\"query-input\":{\"@type\":\"PropertyValueSpecification\",\"valueRequired\":true,\"valueName\":\"search_term_string\"}}],\"inLanguage\":\"hu\"},{\"@type\":\"Person\",\"@id\":\"https:\\\/\\\/stuttgarti-katolikusok.de\\\/#\\\/schema\\\/person\\\/75908d6f8fdc03a57889d27209df7795\",\"name\":\"Tibor atya\",\"image\":{\"@type\":\"ImageObject\",\"inLanguage\":\"hu\",\"@id\":\"https:\\\/\\\/secure.gravatar.com\\\/avatar\\\/61d268e57d1f4525b111222e29d2d5a7f8c420fdbf231ba5566a8ceac74fa960?s=96&d=mm&r=g\",\"url\":\"https:\\\/\\\/secure.gravatar.com\\\/avatar\\\/61d268e57d1f4525b111222e29d2d5a7f8c420fdbf231ba5566a8ceac74fa960?s=96&d=mm&r=g\",\"contentUrl\":\"https:\\\/\\\/secure.gravatar.com\\\/avatar\\\/61d268e57d1f4525b111222e29d2d5a7f8c420fdbf231ba5566a8ceac74fa960?s=96&d=mm&r=g\",\"caption\":\"Tibor atya\"},\"url\":\"https:\\\/\\\/stuttgarti-katolikusok.de\\\/index.php\\\/author\\\/tibor-atya\\\/\"}]}<\/script>\n<!-- \/ Yoast SEO plugin. -->","yoast_head_json":{"title":"Programel\u0151zetes - Stuttgarti Katolikusok","robots":{"index":"index","follow":"follow","max-snippet":"max-snippet:-1","max-image-preview":"max-image-preview:large","max-video-preview":"max-video-preview:-1"},"canonical":"https:\/\/stuttgarti-katolikusok.de\/index.php\/programelozetes\/","og_locale":"hu_HU","og_type":"article","og_title":"Programel\u0151zetes - Stuttgarti Katolikusok","og_description":"Janu\u00e1r 15-\u00e9n, p\u00e9nteken, d\u00e9lut\u00e1n 15.30 \u00f3rakor Bar\u00e1ts\u00e1gklub. Minden t\u00e1rsas\u00e1gra v\u00e1gy\u00f3t szeretettel v\u00e1r a Tags\u00e1g! 17.45 \u00f3rakor r\u00f3zsaf\u00fcz\u00e9r \u00e1jtatoss\u00e1g, ut\u00e1na esti szentmise, keret\u00e9ben P\u00e9nteki Egyetem. T\u00e9ma: A f\u0151b\u0171n\u00f6k. Mindenkit szeretettel v\u00e1runk! Este 19.00 \u00f3rakor Bibliak\u00f6r. T\u00e9ma: Ezdr\u00e1s \u00e9s Neh\u00e9mi\u00e1s k\u00f6nyve. El\u0151ad\u00f3: Imre atya. Janu\u00e1r 17-\u00e9n, vas\u00e1rnap, 9.30 \u00f3rakor Ludwigsburgban szentmise, majd ut\u00e1na \u00e1g\u00e1p\u00e9. Minden ludwigsburgi \u00e9s Ludwigsburg-k\u00f6rny\u00e9ki h\u00edv\u00fcnket szeretettel v\u00e1r a k\u00f6z\u00f6ss\u00e9g \u00e9s Imre atya! * D\u00e9li 12.00 \u00f3rakor Stuttgartban szentmise. Minden stuttgarti \u00e9s Stuttgart-k\u00f6rny\u00e9ki h\u00edv\u00fcnket szeretettel v\u00e1r a k\u00f6z\u00f6ss\u00e9g \u00e9s Imre atya! \u201eAzok az emberek tesznek a legkevesebbet, akik folyton arra panaszkodnak, hogy nincs el\u00e9g idej\u00fck!\u201d (Georg Christian Lindenberg \u2013 1742-1799 \u2013 n\u00e9met matematikus \u00e9s fizikus) Der\u0171s, sz\u00e9p napokat, j\u00f3 munk\u00e1t, tartalmas besz\u00e9lget\u00e9seket \u00e9s kellemes tal\u00e1lkoz\u00e1sokat k\u00edv\u00e1nunk minden kedves H\u00edv\u00fcnknek!","og_url":"https:\/\/stuttgarti-katolikusok.de\/index.php\/programelozetes\/","og_site_name":"Stuttgarti Katolikusok","article_published_time":"2016-01-13T20:54:43+00:00","author":"Tibor atya","twitter_card":"summary_large_image","twitter_misc":{"Szerz\u0151:":"Tibor atya","Becs\u00fclt olvas\u00e1si id\u0151":"1 perc"},"schema":{"@context":"https:\/\/schema.org","@graph":[{"@type":"Article","@id":"https:\/\/stuttgarti-katolikusok.de\/index.php\/programelozetes\/#article","isPartOf":{"@id":"https:\/\/stuttgarti-katolikusok.de\/index.php\/programelozetes\/"},"author":{"name":"Tibor atya","@id":"https:\/\/stuttgarti-katolikusok.de\/#\/schema\/person\/75908d6f8fdc03a57889d27209df7795"},"headline":"Programel\u0151zetes","datePublished":"2016-01-13T20:54:43+00:00","mainEntityOfPage":{"@id":"https:\/\/stuttgarti-katolikusok.de\/index.php\/programelozetes\/"},"wordCount":182,"articleSection":["H\u00edrek"],"inLanguage":"hu"},{"@type":"WebPage","@id":"https:\/\/stuttgarti-katolikusok.de\/index.php\/programelozetes\/","url":"https:\/\/stuttgarti-katolikusok.de\/index.php\/programelozetes\/","name":"Programel\u0151zetes - Stuttgarti Katolikusok","isPartOf":{"@id":"https:\/\/stuttgarti-katolikusok.de\/#website"},"datePublished":"2016-01-13T20:54:43+00:00","author":{"@id":"https:\/\/stuttgarti-katolikusok.de\/#\/schema\/person\/75908d6f8fdc03a57889d27209df7795"},"breadcrumb":{"@id":"https:\/\/stuttgarti-katolikusok.de\/index.php\/programelozetes\/#breadcrumb"},"inLanguage":"hu","potentialAction":[{"@type":"ReadAction","target":["https:\/\/stuttgarti-katolikusok.de\/index.php\/programelozetes\/"]}]},{"@type":"BreadcrumbList","@id":"https:\/\/stuttgarti-katolikusok.de\/index.php\/programelozetes\/#breadcrumb","itemListElement":[{"@type":"ListItem","position":1,"name":"Kezd\u0151lap","item":"https:\/\/stuttgarti-katolikusok.de\/"},{"@type":"ListItem","position":2,"name":"Programel\u0151zetes"}]},{"@type":"WebSite","@id":"https:\/\/stuttgarti-katolikusok.de\/#website","url":"https:\/\/stuttgarti-katolikusok.de\/","name":"Stuttgarti Katolikusok","description":"","potentialAction":[{"@type":"SearchAction","target":{"@type":"EntryPoint","urlTemplate":"https:\/\/stuttgarti-katolikusok.de\/?s={search_term_string}"},"query-input":{"@type":"PropertyValueSpecification","valueRequired":true,"valueName":"search_term_string"}}],"inLanguage":"hu"},{"@type":"Person","@id":"https:\/\/stuttgarti-katolikusok.de\/#\/schema\/person\/75908d6f8fdc03a57889d27209df7795","name":"Tibor atya","image":{"@type":"ImageObject","inLanguage":"hu","@id":"https:\/\/secure.gravatar.com\/avatar\/61d268e57d1f4525b111222e29d2d5a7f8c420fdbf231ba5566a8ceac74fa960?s=96&d=mm&r=g","url":"https:\/\/secure.gravatar.com\/avatar\/61d268e57d1f4525b111222e29d2d5a7f8c420fdbf231ba5566a8ceac74fa960?s=96&d=mm&r=g","contentUrl":"https:\/\/secure.gravatar.com\/avatar\/61d268e57d1f4525b111222e29d2d5a7f8c420fdbf231ba5566a8ceac74fa960?s=96&d=mm&r=g","caption":"Tibor atya"},"url":"https:\/\/stuttgarti-katolikusok.de\/index.php\/author\/tibor-atya\/"}]}},"_links":{"self":[{"href":"https:\/\/stuttgarti-katolikusok.de\/index.php\/wp-json\/wp\/v2\/posts\/8438","targetHints":{"allow":["GET"]}}],"collection":[{"href":"https:\/\/stuttgarti-katolikusok.de\/index.php\/wp-json\/wp\/v2\/posts"}],"about":[{"href":"https:\/\/stuttgarti-katolikusok.de\/index.php\/wp-json\/wp\/v2\/types\/post"}],"author":[{"embeddable":true,"href":"https:\/\/stuttgarti-katolikusok.de\/index.php\/wp-json\/wp\/v2\/users\/3"}],"replies":[{"embeddable":true,"href":"https:\/\/stuttgarti-katolikusok.de\/index.php\/wp-json\/wp\/v2\/comments?post=8438"}],"version-history":[{"count":2,"href":"https:\/\/stuttgarti-katolikusok.de\/index.php\/wp-json\/wp\/v2\/posts\/8438\/revisions"}],"predecessor-version":[{"id":8441,"href":"https:\/\/stuttgarti-katolikusok.de\/index.php\/wp-json\/wp\/v2\/posts\/8438\/revisions\/8441"}],"wp:attachment":[{"href":"https:\/\/stuttgarti-katolikusok.de\/index.php\/wp-json\/wp\/v2\/media?parent=8438"}],"wp:term":[{"taxonomy":"category","embeddable":true,"href":"https:\/\/stuttgarti-katolikusok.de\/index.php\/wp-json\/wp\/v2\/categories?post=8438"},{"taxonomy":"post_tag","embeddable":true,"href":"https:\/\/stuttgarti-katolikusok.de\/index.php\/wp-json\/wp\/v2\/tags?post=8438"}],"curies":[{"name":"wp","href":"https:\/\/api.w.org\/{rel}","templated":true}]}}