{"id":8400,"date":"2016-01-02T10:27:23","date_gmt":"2016-01-02T10:27:23","guid":{"rendered":"https:\/\/gracious-dewdney.138-201-221-2.plesk.page\/?p=8400"},"modified":"2016-01-03T06:27:54","modified_gmt":"2016-01-03T06:27:54","slug":"ne-feljetek-ime-jo-hirt-hozok-nektek-amely-nagy-orom-lesz-az-egesz-nepnek-lk-210","status":"publish","type":"post","link":"https:\/\/stuttgarti-katolikusok.de\/index.php\/ne-feljetek-ime-jo-hirt-hozok-nektek-amely-nagy-orom-lesz-az-egesz-nepnek-lk-210\/","title":{"rendered":"\u201e\u2026 Ne f\u00e9ljetek! \u00cdme, j\u00f3 h\u00edrt hozok nektek, amely nagy \u00f6r\u00f6m lesz az eg\u00e9sz n\u00e9pnek&#8230;\u201d  (Lk 2,10)"},"content":{"rendered":"<p><strong>\u00a0<\/strong><\/p>\n<p><strong>\u201e\u2026 <\/strong><strong>Ne f\u00e9ljetek! \u00cdme, j\u00f3 h\u00edrt hozok nektek, amely nagy \u00f6r\u00f6m lesz az eg\u00e9sz n\u00e9pnek&#8230;\u201d <\/strong><\/p>\n<p><strong>(Lk 2,10)<\/strong><\/p>\n<p>&nbsp;<\/p>\n<p>Az ember v\u00e1gyakozik a j\u00f3 h\u00edr ut\u00e1n,<\/p>\n<p>mert gyakran nyomasztj\u00e1k \u0151t a rossz h\u00edrek,<\/p>\n<p>\u00e9s teszik \u00e9let\u00e9t elviselhetetlen\u00fcl neh\u00e9zz\u00e9.<\/p>\n<p>&nbsp;<\/p>\n<p>Az ember nem csak keny\u00e9rrel \u00e9l,<\/p>\n<p>hanem j\u00f3 szavakkal, vigasszal \u00e9s \u00edg\u00e9rettel.<\/p>\n<p>Ahol a j\u00f3 szavak, az \u00f6r\u00f6mteli h\u00edrek hi\u00e1nyoznak,<\/p>\n<p>ott el\u0151bb-ut\u00f3bb pokoll\u00e1 v\u00e1lik az \u00e9let.<\/p>\n<p>&nbsp;<\/p>\n<p>Egyik napon, <em>\u201eamikor az id\u0151 betelt&#8230;\u201d<\/em><\/p>\n<p>\u00e9s az \u00e9let a f\u00f6ld\u00f6n pokoll\u00e1 v\u00e1lt,<\/p>\n<p>Isten kiejtett egy k\u00fcl\u00f6nleges sz\u00f3t:<\/p>\n<p>kimondta a vil\u00e1gba az ember ir\u00e1nti szeretet\u00e9nek a Szav\u00e1t.<\/p>\n<p>&nbsp;<\/p>\n<p>\u00c9s ez a Sz\u00f3, ez az <em>\u201eIge megtestes\u00fclt&#8230;\u201d<\/em><\/p>\n<p>&nbsp;<\/p>\n<p>Az\u00f3ta Isten Ig\u00e9je, Isten Szava, a legnagyobb \u00f6r\u00f6mh\u00edr,<\/p>\n<p>amit az ember valaha is hallott.<\/p>\n<p>Ugyanis ez az \u00d6r\u00f6mh\u00edr, ez a Sz\u00f3, ez az Ige<\/p>\n<p>maga Isten megtestes\u00fclt Fia!<\/p>\n<p>&nbsp;<\/p>\n<p>Nem az emberek tal\u00e1lt\u00e1k ki,<\/p>\n<p>hanem az \u00e9g ny\u00edlt meg, \u00e9s k\u00fcldte el \u0150t nek\u00fcnk,<\/p>\n<p>hogy f\u00f6ldi, lelki s\u00f6t\u00e9ts\u00e9g\u00fcnket<\/p>\n<p>istens\u00e9g\u00e9nek f\u00e9ny\u00e9vel megvil\u00e1g\u00edtsa.<\/p>\n<p>&nbsp;<\/p>\n<p>\u00c9s ami\u00f3ta Isten Fia emberr\u00e9 lett, az\u00f3ta megv\u00e1ltozott a vil\u00e1g:<\/p>\n<p>Ism\u00e9t \u00e9rdemes \u00e9lni.<\/p>\n<p>Az\u00f3ta vil\u00e1gosabb az \u00e9rtelm\u00fcnk,<\/p>\n<p>tiszt\u00e1bb az \u00e9rzelemvil\u00e1gunk,<\/p>\n<p>\u00e9s nemesebb a szellem\u00fcnk.<\/p>\n<p>&nbsp;<\/p>\n<p>Az\u00e9rt kell ezt az \u00d6r\u00f6mh\u00edrt tov\u00e1bb mondanunk,<\/p>\n<p>hogy m\u00e1sok \u00e9lete is ilyen legyen.<\/p>\n<p>&nbsp;<\/p>\n<p>Mondjuk h\u00e1t tov\u00e1bb ezt a megtestes\u00fclt \u00d6r\u00f6mh\u00edrt mindenkinek!<\/p>\n<p>Mert nem csak keny\u00e9rrel \u00e9l az ember,<\/p>\n<p>hanem Isten Szav\u00e1val,<\/p>\n<p>Aki bels\u0151 s\u00f6t\u00e9ts\u00e9g\u00fcnket megvil\u00e1gos\u00edtja,<\/p>\n<p>\u00e9s sz\u00edv\u00fcnket j\u00f3h\u00edr\u00e9vel megt\u00f6lti!<\/p>\n<p>&nbsp;<\/p>\n<p><em>Ezekkel a gondolatokkal k\u00edv\u00e1nok minden kedves H\u00edv\u00fcnknek<\/em><\/p>\n<p><em>f\u00e9nyes, \u00f6r\u00f6mteli Kar\u00e1csonyt,<\/em><\/p>\n<p><em>\u00e9s boldog, \u00e1ld\u00e1sos, rem\u00e9nyteli \u00daj\u00e9vet!<\/em><\/p>\n<p>&nbsp;<\/p>\n<p><em>Stuttgart, 2016 kezdet\u00e9n<\/em><\/p>\n<p><em>\u00a0<\/em><\/p>\n<p><em>Imre atya<\/em><\/p>\n","protected":false},"excerpt":{"rendered":"<p>\u00a0 \u201e\u2026 Ne f\u00e9ljetek! \u00cdme, j\u00f3 h\u00edrt hozok nektek, amely nagy \u00f6r\u00f6m lesz az eg\u00e9sz n\u00e9pnek&#8230;\u201d (Lk 2,10) &nbsp; Az ember v\u00e1gyakozik a j\u00f3 h\u00edr ut\u00e1n, mert gyakran nyomasztj\u00e1k \u0151t a rossz h\u00edrek, \u00e9s teszik \u00e9let\u00e9t elviselhetetlen\u00fcl neh\u00e9zz\u00e9. &nbsp; Az ember nem csak keny\u00e9rrel \u00e9l, hanem j\u00f3 szavakkal, vigasszal \u00e9s \u00edg\u00e9rettel. Ahol a j\u00f3 szavak, az \u00f6r\u00f6mteli h\u00edrek hi\u00e1nyoznak, ott el\u0151bb-ut\u00f3bb pokoll\u00e1 v\u00e1lik az \u00e9let. &nbsp; Egyik napon, \u201eamikor az id\u0151 betelt&#8230;\u201d \u00e9s az \u00e9let a f\u00f6ld\u00f6n pokoll\u00e1 v\u00e1lt, Isten kiejtett egy k\u00fcl\u00f6nleges sz\u00f3t: kimondta a vil\u00e1gba az ember ir\u00e1nti szeretet\u00e9nek a Szav\u00e1t. &nbsp; \u00c9s ez a Sz\u00f3, ez az \u201eIge megtestes\u00fclt&#8230;\u201d &nbsp; Az\u00f3ta Isten Ig\u00e9je, Isten Szava, a legnagyobb \u00f6r\u00f6mh\u00edr, amit az ember valaha is hallott. Ugyanis ez az \u00d6r\u00f6mh\u00edr, ez a Sz\u00f3, ez az Ige maga Isten megtestes\u00fclt Fia! &nbsp; Nem az emberek tal\u00e1lt\u00e1k ki, hanem az \u00e9g ny\u00edlt meg, \u00e9s k\u00fcldte el \u0150t nek\u00fcnk, hogy f\u00f6ldi, lelki s\u00f6t\u00e9ts\u00e9g\u00fcnket istens\u00e9g\u00e9nek f\u00e9ny\u00e9vel megvil\u00e1g\u00edtsa. &nbsp; \u00c9s ami\u00f3ta Isten Fia emberr\u00e9 lett, az\u00f3ta megv\u00e1ltozott a vil\u00e1g: Ism\u00e9t \u00e9rdemes \u00e9lni. Az\u00f3ta vil\u00e1gosabb az \u00e9rtelm\u00fcnk, tiszt\u00e1bb az \u00e9rzelemvil\u00e1gunk, \u00e9s nemesebb a szellem\u00fcnk. &nbsp; Az\u00e9rt kell ezt az \u00d6r\u00f6mh\u00edrt tov\u00e1bb mondanunk, hogy m\u00e1sok \u00e9lete is ilyen legyen. &nbsp; Mondjuk h\u00e1t tov\u00e1bb ezt a megtestes\u00fclt \u00d6r\u00f6mh\u00edrt mindenkinek! Mert nem csak keny\u00e9rrel \u00e9l az ember, hanem Isten Szav\u00e1val, Aki bels\u0151 s\u00f6t\u00e9ts\u00e9g\u00fcnket megvil\u00e1gos\u00edtja, \u00e9s sz\u00edv\u00fcnket j\u00f3h\u00edr\u00e9vel megt\u00f6lti! &nbsp; Ezekkel a gondolatokkal k\u00edv\u00e1nok minden kedves H\u00edv\u00fcnknek f\u00e9nyes, \u00f6r\u00f6mteli Kar\u00e1csonyt, \u00e9s boldog, \u00e1ld\u00e1sos, rem\u00e9nyteli \u00daj\u00e9vet! &nbsp; Stuttgart, 2016 kezdet\u00e9n \u00a0 Imre atya<\/p>\n","protected":false},"author":3,"featured_media":8401,"comment_status":"closed","ping_status":"closed","sticky":false,"template":"","format":"standard","meta":{"footnotes":""},"categories":[24,5],"tags":[],"class_list":["post-8400","post","type-post","status-publish","format-standard","has-post-thumbnail","hentry","category-gondolatok","category-hirek"],"yoast_head":"<!-- This site is optimized with the Yoast SEO plugin v27.3 - https:\/\/yoast.com\/product\/yoast-seo-wordpress\/ -->\n<title>\u201e\u2026 Ne f\u00e9ljetek! \u00cdme, j\u00f3 h\u00edrt hozok nektek, amely nagy \u00f6r\u00f6m lesz az eg\u00e9sz n\u00e9pnek...\u201d (Lk 2,10) - Stuttgarti Katolikusok<\/title>\n<meta name=\"robots\" content=\"index, follow, max-snippet:-1, max-image-preview:large, max-video-preview:-1\" \/>\n<link rel=\"canonical\" href=\"https:\/\/stuttgarti-katolikusok.de\/index.php\/ne-feljetek-ime-jo-hirt-hozok-nektek-amely-nagy-orom-lesz-az-egesz-nepnek-lk-210\/\" \/>\n<meta property=\"og:locale\" content=\"hu_HU\" \/>\n<meta property=\"og:type\" content=\"article\" \/>\n<meta property=\"og:title\" content=\"\u201e\u2026 Ne f\u00e9ljetek! \u00cdme, j\u00f3 h\u00edrt hozok nektek, amely nagy \u00f6r\u00f6m lesz az eg\u00e9sz n\u00e9pnek...\u201d (Lk 2,10) - Stuttgarti Katolikusok\" \/>\n<meta property=\"og:description\" content=\"\u00a0 \u201e\u2026 Ne f\u00e9ljetek! \u00cdme, j\u00f3 h\u00edrt hozok nektek, amely nagy \u00f6r\u00f6m lesz az eg\u00e9sz n\u00e9pnek&#8230;\u201d (Lk 2,10) &nbsp; Az ember v\u00e1gyakozik a j\u00f3 h\u00edr ut\u00e1n, mert gyakran nyomasztj\u00e1k \u0151t a rossz h\u00edrek, \u00e9s teszik \u00e9let\u00e9t elviselhetetlen\u00fcl neh\u00e9zz\u00e9. &nbsp; Az ember nem csak keny\u00e9rrel \u00e9l, hanem j\u00f3 szavakkal, vigasszal \u00e9s \u00edg\u00e9rettel. Ahol a j\u00f3 szavak, az \u00f6r\u00f6mteli h\u00edrek hi\u00e1nyoznak, ott el\u0151bb-ut\u00f3bb pokoll\u00e1 v\u00e1lik az \u00e9let. &nbsp; Egyik napon, \u201eamikor az id\u0151 betelt&#8230;\u201d \u00e9s az \u00e9let a f\u00f6ld\u00f6n pokoll\u00e1 v\u00e1lt, Isten kiejtett egy k\u00fcl\u00f6nleges sz\u00f3t: kimondta a vil\u00e1gba az ember ir\u00e1nti szeretet\u00e9nek a Szav\u00e1t. &nbsp; \u00c9s ez a Sz\u00f3, ez az \u201eIge megtestes\u00fclt&#8230;\u201d &nbsp; Az\u00f3ta Isten Ig\u00e9je, Isten Szava, a legnagyobb \u00f6r\u00f6mh\u00edr, amit az ember valaha is hallott. Ugyanis ez az \u00d6r\u00f6mh\u00edr, ez a Sz\u00f3, ez az Ige maga Isten megtestes\u00fclt Fia! &nbsp; Nem az emberek tal\u00e1lt\u00e1k ki, hanem az \u00e9g ny\u00edlt meg, \u00e9s k\u00fcldte el \u0150t nek\u00fcnk, hogy f\u00f6ldi, lelki s\u00f6t\u00e9ts\u00e9g\u00fcnket istens\u00e9g\u00e9nek f\u00e9ny\u00e9vel megvil\u00e1g\u00edtsa. &nbsp; \u00c9s ami\u00f3ta Isten Fia emberr\u00e9 lett, az\u00f3ta megv\u00e1ltozott a vil\u00e1g: Ism\u00e9t \u00e9rdemes \u00e9lni. Az\u00f3ta vil\u00e1gosabb az \u00e9rtelm\u00fcnk, tiszt\u00e1bb az \u00e9rzelemvil\u00e1gunk, \u00e9s nemesebb a szellem\u00fcnk. &nbsp; Az\u00e9rt kell ezt az \u00d6r\u00f6mh\u00edrt tov\u00e1bb mondanunk, hogy m\u00e1sok \u00e9lete is ilyen legyen. &nbsp; Mondjuk h\u00e1t tov\u00e1bb ezt a megtestes\u00fclt \u00d6r\u00f6mh\u00edrt mindenkinek! Mert nem csak keny\u00e9rrel \u00e9l az ember, hanem Isten Szav\u00e1val, Aki bels\u0151 s\u00f6t\u00e9ts\u00e9g\u00fcnket megvil\u00e1gos\u00edtja, \u00e9s sz\u00edv\u00fcnket j\u00f3h\u00edr\u00e9vel megt\u00f6lti! &nbsp; Ezekkel a gondolatokkal k\u00edv\u00e1nok minden kedves H\u00edv\u00fcnknek f\u00e9nyes, \u00f6r\u00f6mteli Kar\u00e1csonyt, \u00e9s boldog, \u00e1ld\u00e1sos, rem\u00e9nyteli \u00daj\u00e9vet! &nbsp; Stuttgart, 2016 kezdet\u00e9n \u00a0 Imre atya\" \/>\n<meta property=\"og:url\" content=\"https:\/\/stuttgarti-katolikusok.de\/index.php\/ne-feljetek-ime-jo-hirt-hozok-nektek-amely-nagy-orom-lesz-az-egesz-nepnek-lk-210\/\" \/>\n<meta property=\"og:site_name\" content=\"Stuttgarti Katolikusok\" \/>\n<meta property=\"article:published_time\" content=\"2016-01-02T10:27:23+00:00\" \/>\n<meta property=\"article:modified_time\" content=\"2016-01-03T06:27:54+00:00\" \/>\n<meta property=\"og:image\" content=\"https:\/\/stuttgarti-katolikusok.de\/wp-content\/uploads\/2016\/01\/M\u00e1ria.jpg\" \/>\n\t<meta property=\"og:image:width\" content=\"354\" \/>\n\t<meta property=\"og:image:height\" content=\"504\" \/>\n\t<meta property=\"og:image:type\" content=\"image\/jpeg\" \/>\n<meta name=\"author\" content=\"Tibor atya\" \/>\n<meta name=\"twitter:card\" content=\"summary_large_image\" \/>\n<meta name=\"twitter:label1\" content=\"Szerz\u0151:\" \/>\n\t<meta name=\"twitter:data1\" content=\"Tibor atya\" \/>\n\t<meta name=\"twitter:label2\" content=\"Becs\u00fclt olvas\u00e1si id\u0151\" \/>\n\t<meta name=\"twitter:data2\" content=\"2 perc\" \/>\n<script type=\"application\/ld+json\" class=\"yoast-schema-graph\">{\"@context\":\"https:\\\/\\\/schema.org\",\"@graph\":[{\"@type\":\"Article\",\"@id\":\"https:\\\/\\\/stuttgarti-katolikusok.de\\\/index.php\\\/ne-feljetek-ime-jo-hirt-hozok-nektek-amely-nagy-orom-lesz-az-egesz-nepnek-lk-210\\\/#article\",\"isPartOf\":{\"@id\":\"https:\\\/\\\/stuttgarti-katolikusok.de\\\/index.php\\\/ne-feljetek-ime-jo-hirt-hozok-nektek-amely-nagy-orom-lesz-az-egesz-nepnek-lk-210\\\/\"},\"author\":{\"name\":\"Tibor atya\",\"@id\":\"https:\\\/\\\/stuttgarti-katolikusok.de\\\/#\\\/schema\\\/person\\\/75908d6f8fdc03a57889d27209df7795\"},\"headline\":\"\u201e\u2026 Ne f\u00e9ljetek! \u00cdme, j\u00f3 h\u00edrt hozok nektek, amely nagy \u00f6r\u00f6m lesz az eg\u00e9sz n\u00e9pnek&#8230;\u201d (Lk 2,10)\",\"datePublished\":\"2016-01-02T10:27:23+00:00\",\"dateModified\":\"2016-01-03T06:27:54+00:00\",\"mainEntityOfPage\":{\"@id\":\"https:\\\/\\\/stuttgarti-katolikusok.de\\\/index.php\\\/ne-feljetek-ime-jo-hirt-hozok-nektek-amely-nagy-orom-lesz-az-egesz-nepnek-lk-210\\\/\"},\"wordCount\":359,\"image\":{\"@id\":\"https:\\\/\\\/stuttgarti-katolikusok.de\\\/index.php\\\/ne-feljetek-ime-jo-hirt-hozok-nektek-amely-nagy-orom-lesz-az-egesz-nepnek-lk-210\\\/#primaryimage\"},\"thumbnailUrl\":\"https:\\\/\\\/stuttgarti-katolikusok.de\\\/wp-content\\\/uploads\\\/2016\\\/01\\\/M\u00e1ria.jpg\",\"articleSection\":[\"Gondolatok\",\"H\u00edrek\"],\"inLanguage\":\"hu\"},{\"@type\":\"WebPage\",\"@id\":\"https:\\\/\\\/stuttgarti-katolikusok.de\\\/index.php\\\/ne-feljetek-ime-jo-hirt-hozok-nektek-amely-nagy-orom-lesz-az-egesz-nepnek-lk-210\\\/\",\"url\":\"https:\\\/\\\/stuttgarti-katolikusok.de\\\/index.php\\\/ne-feljetek-ime-jo-hirt-hozok-nektek-amely-nagy-orom-lesz-az-egesz-nepnek-lk-210\\\/\",\"name\":\"\u201e\u2026 Ne f\u00e9ljetek! \u00cdme, j\u00f3 h\u00edrt hozok nektek, amely nagy \u00f6r\u00f6m lesz az eg\u00e9sz n\u00e9pnek...\u201d (Lk 2,10) - Stuttgarti Katolikusok\",\"isPartOf\":{\"@id\":\"https:\\\/\\\/stuttgarti-katolikusok.de\\\/#website\"},\"primaryImageOfPage\":{\"@id\":\"https:\\\/\\\/stuttgarti-katolikusok.de\\\/index.php\\\/ne-feljetek-ime-jo-hirt-hozok-nektek-amely-nagy-orom-lesz-az-egesz-nepnek-lk-210\\\/#primaryimage\"},\"image\":{\"@id\":\"https:\\\/\\\/stuttgarti-katolikusok.de\\\/index.php\\\/ne-feljetek-ime-jo-hirt-hozok-nektek-amely-nagy-orom-lesz-az-egesz-nepnek-lk-210\\\/#primaryimage\"},\"thumbnailUrl\":\"https:\\\/\\\/stuttgarti-katolikusok.de\\\/wp-content\\\/uploads\\\/2016\\\/01\\\/M\u00e1ria.jpg\",\"datePublished\":\"2016-01-02T10:27:23+00:00\",\"dateModified\":\"2016-01-03T06:27:54+00:00\",\"author\":{\"@id\":\"https:\\\/\\\/stuttgarti-katolikusok.de\\\/#\\\/schema\\\/person\\\/75908d6f8fdc03a57889d27209df7795\"},\"breadcrumb\":{\"@id\":\"https:\\\/\\\/stuttgarti-katolikusok.de\\\/index.php\\\/ne-feljetek-ime-jo-hirt-hozok-nektek-amely-nagy-orom-lesz-az-egesz-nepnek-lk-210\\\/#breadcrumb\"},\"inLanguage\":\"hu\",\"potentialAction\":[{\"@type\":\"ReadAction\",\"target\":[\"https:\\\/\\\/stuttgarti-katolikusok.de\\\/index.php\\\/ne-feljetek-ime-jo-hirt-hozok-nektek-amely-nagy-orom-lesz-az-egesz-nepnek-lk-210\\\/\"]}]},{\"@type\":\"ImageObject\",\"inLanguage\":\"hu\",\"@id\":\"https:\\\/\\\/stuttgarti-katolikusok.de\\\/index.php\\\/ne-feljetek-ime-jo-hirt-hozok-nektek-amely-nagy-orom-lesz-az-egesz-nepnek-lk-210\\\/#primaryimage\",\"url\":\"https:\\\/\\\/stuttgarti-katolikusok.de\\\/wp-content\\\/uploads\\\/2016\\\/01\\\/M\u00e1ria.jpg\",\"contentUrl\":\"https:\\\/\\\/stuttgarti-katolikusok.de\\\/wp-content\\\/uploads\\\/2016\\\/01\\\/M\u00e1ria.jpg\",\"width\":354,\"height\":504},{\"@type\":\"BreadcrumbList\",\"@id\":\"https:\\\/\\\/stuttgarti-katolikusok.de\\\/index.php\\\/ne-feljetek-ime-jo-hirt-hozok-nektek-amely-nagy-orom-lesz-az-egesz-nepnek-lk-210\\\/#breadcrumb\",\"itemListElement\":[{\"@type\":\"ListItem\",\"position\":1,\"name\":\"Kezd\u0151lap\",\"item\":\"https:\\\/\\\/stuttgarti-katolikusok.de\\\/\"},{\"@type\":\"ListItem\",\"position\":2,\"name\":\"\u201e\u2026 Ne f\u00e9ljetek! \u00cdme, j\u00f3 h\u00edrt hozok nektek, amely nagy \u00f6r\u00f6m lesz az eg\u00e9sz n\u00e9pnek&#8230;\u201d (Lk 2,10)\"}]},{\"@type\":\"WebSite\",\"@id\":\"https:\\\/\\\/stuttgarti-katolikusok.de\\\/#website\",\"url\":\"https:\\\/\\\/stuttgarti-katolikusok.de\\\/\",\"name\":\"Stuttgarti Katolikusok\",\"description\":\"\",\"potentialAction\":[{\"@type\":\"SearchAction\",\"target\":{\"@type\":\"EntryPoint\",\"urlTemplate\":\"https:\\\/\\\/stuttgarti-katolikusok.de\\\/?s={search_term_string}\"},\"query-input\":{\"@type\":\"PropertyValueSpecification\",\"valueRequired\":true,\"valueName\":\"search_term_string\"}}],\"inLanguage\":\"hu\"},{\"@type\":\"Person\",\"@id\":\"https:\\\/\\\/stuttgarti-katolikusok.de\\\/#\\\/schema\\\/person\\\/75908d6f8fdc03a57889d27209df7795\",\"name\":\"Tibor atya\",\"image\":{\"@type\":\"ImageObject\",\"inLanguage\":\"hu\",\"@id\":\"https:\\\/\\\/secure.gravatar.com\\\/avatar\\\/61d268e57d1f4525b111222e29d2d5a7f8c420fdbf231ba5566a8ceac74fa960?s=96&d=mm&r=g\",\"url\":\"https:\\\/\\\/secure.gravatar.com\\\/avatar\\\/61d268e57d1f4525b111222e29d2d5a7f8c420fdbf231ba5566a8ceac74fa960?s=96&d=mm&r=g\",\"contentUrl\":\"https:\\\/\\\/secure.gravatar.com\\\/avatar\\\/61d268e57d1f4525b111222e29d2d5a7f8c420fdbf231ba5566a8ceac74fa960?s=96&d=mm&r=g\",\"caption\":\"Tibor atya\"},\"url\":\"https:\\\/\\\/stuttgarti-katolikusok.de\\\/index.php\\\/author\\\/tibor-atya\\\/\"}]}<\/script>\n<!-- \/ Yoast SEO plugin. -->","yoast_head_json":{"title":"\u201e\u2026 Ne f\u00e9ljetek! \u00cdme, j\u00f3 h\u00edrt hozok nektek, amely nagy \u00f6r\u00f6m lesz az eg\u00e9sz n\u00e9pnek...\u201d (Lk 2,10) - Stuttgarti Katolikusok","robots":{"index":"index","follow":"follow","max-snippet":"max-snippet:-1","max-image-preview":"max-image-preview:large","max-video-preview":"max-video-preview:-1"},"canonical":"https:\/\/stuttgarti-katolikusok.de\/index.php\/ne-feljetek-ime-jo-hirt-hozok-nektek-amely-nagy-orom-lesz-az-egesz-nepnek-lk-210\/","og_locale":"hu_HU","og_type":"article","og_title":"\u201e\u2026 Ne f\u00e9ljetek! \u00cdme, j\u00f3 h\u00edrt hozok nektek, amely nagy \u00f6r\u00f6m lesz az eg\u00e9sz n\u00e9pnek...\u201d (Lk 2,10) - Stuttgarti Katolikusok","og_description":"\u00a0 \u201e\u2026 Ne f\u00e9ljetek! \u00cdme, j\u00f3 h\u00edrt hozok nektek, amely nagy \u00f6r\u00f6m lesz az eg\u00e9sz n\u00e9pnek&#8230;\u201d (Lk 2,10) &nbsp; Az ember v\u00e1gyakozik a j\u00f3 h\u00edr ut\u00e1n, mert gyakran nyomasztj\u00e1k \u0151t a rossz h\u00edrek, \u00e9s teszik \u00e9let\u00e9t elviselhetetlen\u00fcl neh\u00e9zz\u00e9. &nbsp; Az ember nem csak keny\u00e9rrel \u00e9l, hanem j\u00f3 szavakkal, vigasszal \u00e9s \u00edg\u00e9rettel. Ahol a j\u00f3 szavak, az \u00f6r\u00f6mteli h\u00edrek hi\u00e1nyoznak, ott el\u0151bb-ut\u00f3bb pokoll\u00e1 v\u00e1lik az \u00e9let. &nbsp; Egyik napon, \u201eamikor az id\u0151 betelt&#8230;\u201d \u00e9s az \u00e9let a f\u00f6ld\u00f6n pokoll\u00e1 v\u00e1lt, Isten kiejtett egy k\u00fcl\u00f6nleges sz\u00f3t: kimondta a vil\u00e1gba az ember ir\u00e1nti szeretet\u00e9nek a Szav\u00e1t. &nbsp; \u00c9s ez a Sz\u00f3, ez az \u201eIge megtestes\u00fclt&#8230;\u201d &nbsp; Az\u00f3ta Isten Ig\u00e9je, Isten Szava, a legnagyobb \u00f6r\u00f6mh\u00edr, amit az ember valaha is hallott. Ugyanis ez az \u00d6r\u00f6mh\u00edr, ez a Sz\u00f3, ez az Ige maga Isten megtestes\u00fclt Fia! &nbsp; Nem az emberek tal\u00e1lt\u00e1k ki, hanem az \u00e9g ny\u00edlt meg, \u00e9s k\u00fcldte el \u0150t nek\u00fcnk, hogy f\u00f6ldi, lelki s\u00f6t\u00e9ts\u00e9g\u00fcnket istens\u00e9g\u00e9nek f\u00e9ny\u00e9vel megvil\u00e1g\u00edtsa. &nbsp; \u00c9s ami\u00f3ta Isten Fia emberr\u00e9 lett, az\u00f3ta megv\u00e1ltozott a vil\u00e1g: Ism\u00e9t \u00e9rdemes \u00e9lni. Az\u00f3ta vil\u00e1gosabb az \u00e9rtelm\u00fcnk, tiszt\u00e1bb az \u00e9rzelemvil\u00e1gunk, \u00e9s nemesebb a szellem\u00fcnk. &nbsp; Az\u00e9rt kell ezt az \u00d6r\u00f6mh\u00edrt tov\u00e1bb mondanunk, hogy m\u00e1sok \u00e9lete is ilyen legyen. &nbsp; Mondjuk h\u00e1t tov\u00e1bb ezt a megtestes\u00fclt \u00d6r\u00f6mh\u00edrt mindenkinek! Mert nem csak keny\u00e9rrel \u00e9l az ember, hanem Isten Szav\u00e1val, Aki bels\u0151 s\u00f6t\u00e9ts\u00e9g\u00fcnket megvil\u00e1gos\u00edtja, \u00e9s sz\u00edv\u00fcnket j\u00f3h\u00edr\u00e9vel megt\u00f6lti! &nbsp; Ezekkel a gondolatokkal k\u00edv\u00e1nok minden kedves H\u00edv\u00fcnknek f\u00e9nyes, \u00f6r\u00f6mteli Kar\u00e1csonyt, \u00e9s boldog, \u00e1ld\u00e1sos, rem\u00e9nyteli \u00daj\u00e9vet! &nbsp; Stuttgart, 2016 kezdet\u00e9n \u00a0 Imre atya","og_url":"https:\/\/stuttgarti-katolikusok.de\/index.php\/ne-feljetek-ime-jo-hirt-hozok-nektek-amely-nagy-orom-lesz-az-egesz-nepnek-lk-210\/","og_site_name":"Stuttgarti Katolikusok","article_published_time":"2016-01-02T10:27:23+00:00","article_modified_time":"2016-01-03T06:27:54+00:00","og_image":[{"width":354,"height":504,"url":"https:\/\/stuttgarti-katolikusok.de\/wp-content\/uploads\/2016\/01\/M\u00e1ria.jpg","type":"image\/jpeg"}],"author":"Tibor atya","twitter_card":"summary_large_image","twitter_misc":{"Szerz\u0151:":"Tibor atya","Becs\u00fclt olvas\u00e1si id\u0151":"2 perc"},"schema":{"@context":"https:\/\/schema.org","@graph":[{"@type":"Article","@id":"https:\/\/stuttgarti-katolikusok.de\/index.php\/ne-feljetek-ime-jo-hirt-hozok-nektek-amely-nagy-orom-lesz-az-egesz-nepnek-lk-210\/#article","isPartOf":{"@id":"https:\/\/stuttgarti-katolikusok.de\/index.php\/ne-feljetek-ime-jo-hirt-hozok-nektek-amely-nagy-orom-lesz-az-egesz-nepnek-lk-210\/"},"author":{"name":"Tibor atya","@id":"https:\/\/stuttgarti-katolikusok.de\/#\/schema\/person\/75908d6f8fdc03a57889d27209df7795"},"headline":"\u201e\u2026 Ne f\u00e9ljetek! \u00cdme, j\u00f3 h\u00edrt hozok nektek, amely nagy \u00f6r\u00f6m lesz az eg\u00e9sz n\u00e9pnek&#8230;\u201d (Lk 2,10)","datePublished":"2016-01-02T10:27:23+00:00","dateModified":"2016-01-03T06:27:54+00:00","mainEntityOfPage":{"@id":"https:\/\/stuttgarti-katolikusok.de\/index.php\/ne-feljetek-ime-jo-hirt-hozok-nektek-amely-nagy-orom-lesz-az-egesz-nepnek-lk-210\/"},"wordCount":359,"image":{"@id":"https:\/\/stuttgarti-katolikusok.de\/index.php\/ne-feljetek-ime-jo-hirt-hozok-nektek-amely-nagy-orom-lesz-az-egesz-nepnek-lk-210\/#primaryimage"},"thumbnailUrl":"https:\/\/stuttgarti-katolikusok.de\/wp-content\/uploads\/2016\/01\/M\u00e1ria.jpg","articleSection":["Gondolatok","H\u00edrek"],"inLanguage":"hu"},{"@type":"WebPage","@id":"https:\/\/stuttgarti-katolikusok.de\/index.php\/ne-feljetek-ime-jo-hirt-hozok-nektek-amely-nagy-orom-lesz-az-egesz-nepnek-lk-210\/","url":"https:\/\/stuttgarti-katolikusok.de\/index.php\/ne-feljetek-ime-jo-hirt-hozok-nektek-amely-nagy-orom-lesz-az-egesz-nepnek-lk-210\/","name":"\u201e\u2026 Ne f\u00e9ljetek! \u00cdme, j\u00f3 h\u00edrt hozok nektek, amely nagy \u00f6r\u00f6m lesz az eg\u00e9sz n\u00e9pnek...\u201d (Lk 2,10) - Stuttgarti Katolikusok","isPartOf":{"@id":"https:\/\/stuttgarti-katolikusok.de\/#website"},"primaryImageOfPage":{"@id":"https:\/\/stuttgarti-katolikusok.de\/index.php\/ne-feljetek-ime-jo-hirt-hozok-nektek-amely-nagy-orom-lesz-az-egesz-nepnek-lk-210\/#primaryimage"},"image":{"@id":"https:\/\/stuttgarti-katolikusok.de\/index.php\/ne-feljetek-ime-jo-hirt-hozok-nektek-amely-nagy-orom-lesz-az-egesz-nepnek-lk-210\/#primaryimage"},"thumbnailUrl":"https:\/\/stuttgarti-katolikusok.de\/wp-content\/uploads\/2016\/01\/M\u00e1ria.jpg","datePublished":"2016-01-02T10:27:23+00:00","dateModified":"2016-01-03T06:27:54+00:00","author":{"@id":"https:\/\/stuttgarti-katolikusok.de\/#\/schema\/person\/75908d6f8fdc03a57889d27209df7795"},"breadcrumb":{"@id":"https:\/\/stuttgarti-katolikusok.de\/index.php\/ne-feljetek-ime-jo-hirt-hozok-nektek-amely-nagy-orom-lesz-az-egesz-nepnek-lk-210\/#breadcrumb"},"inLanguage":"hu","potentialAction":[{"@type":"ReadAction","target":["https:\/\/stuttgarti-katolikusok.de\/index.php\/ne-feljetek-ime-jo-hirt-hozok-nektek-amely-nagy-orom-lesz-az-egesz-nepnek-lk-210\/"]}]},{"@type":"ImageObject","inLanguage":"hu","@id":"https:\/\/stuttgarti-katolikusok.de\/index.php\/ne-feljetek-ime-jo-hirt-hozok-nektek-amely-nagy-orom-lesz-az-egesz-nepnek-lk-210\/#primaryimage","url":"https:\/\/stuttgarti-katolikusok.de\/wp-content\/uploads\/2016\/01\/M\u00e1ria.jpg","contentUrl":"https:\/\/stuttgarti-katolikusok.de\/wp-content\/uploads\/2016\/01\/M\u00e1ria.jpg","width":354,"height":504},{"@type":"BreadcrumbList","@id":"https:\/\/stuttgarti-katolikusok.de\/index.php\/ne-feljetek-ime-jo-hirt-hozok-nektek-amely-nagy-orom-lesz-az-egesz-nepnek-lk-210\/#breadcrumb","itemListElement":[{"@type":"ListItem","position":1,"name":"Kezd\u0151lap","item":"https:\/\/stuttgarti-katolikusok.de\/"},{"@type":"ListItem","position":2,"name":"\u201e\u2026 Ne f\u00e9ljetek! \u00cdme, j\u00f3 h\u00edrt hozok nektek, amely nagy \u00f6r\u00f6m lesz az eg\u00e9sz n\u00e9pnek&#8230;\u201d (Lk 2,10)"}]},{"@type":"WebSite","@id":"https:\/\/stuttgarti-katolikusok.de\/#website","url":"https:\/\/stuttgarti-katolikusok.de\/","name":"Stuttgarti Katolikusok","description":"","potentialAction":[{"@type":"SearchAction","target":{"@type":"EntryPoint","urlTemplate":"https:\/\/stuttgarti-katolikusok.de\/?s={search_term_string}"},"query-input":{"@type":"PropertyValueSpecification","valueRequired":true,"valueName":"search_term_string"}}],"inLanguage":"hu"},{"@type":"Person","@id":"https:\/\/stuttgarti-katolikusok.de\/#\/schema\/person\/75908d6f8fdc03a57889d27209df7795","name":"Tibor atya","image":{"@type":"ImageObject","inLanguage":"hu","@id":"https:\/\/secure.gravatar.com\/avatar\/61d268e57d1f4525b111222e29d2d5a7f8c420fdbf231ba5566a8ceac74fa960?s=96&d=mm&r=g","url":"https:\/\/secure.gravatar.com\/avatar\/61d268e57d1f4525b111222e29d2d5a7f8c420fdbf231ba5566a8ceac74fa960?s=96&d=mm&r=g","contentUrl":"https:\/\/secure.gravatar.com\/avatar\/61d268e57d1f4525b111222e29d2d5a7f8c420fdbf231ba5566a8ceac74fa960?s=96&d=mm&r=g","caption":"Tibor atya"},"url":"https:\/\/stuttgarti-katolikusok.de\/index.php\/author\/tibor-atya\/"}]}},"_links":{"self":[{"href":"https:\/\/stuttgarti-katolikusok.de\/index.php\/wp-json\/wp\/v2\/posts\/8400","targetHints":{"allow":["GET"]}}],"collection":[{"href":"https:\/\/stuttgarti-katolikusok.de\/index.php\/wp-json\/wp\/v2\/posts"}],"about":[{"href":"https:\/\/stuttgarti-katolikusok.de\/index.php\/wp-json\/wp\/v2\/types\/post"}],"author":[{"embeddable":true,"href":"https:\/\/stuttgarti-katolikusok.de\/index.php\/wp-json\/wp\/v2\/users\/3"}],"replies":[{"embeddable":true,"href":"https:\/\/stuttgarti-katolikusok.de\/index.php\/wp-json\/wp\/v2\/comments?post=8400"}],"version-history":[{"count":3,"href":"https:\/\/stuttgarti-katolikusok.de\/index.php\/wp-json\/wp\/v2\/posts\/8400\/revisions"}],"predecessor-version":[{"id":8418,"href":"https:\/\/stuttgarti-katolikusok.de\/index.php\/wp-json\/wp\/v2\/posts\/8400\/revisions\/8418"}],"wp:featuredmedia":[{"embeddable":true,"href":"https:\/\/stuttgarti-katolikusok.de\/index.php\/wp-json\/wp\/v2\/media\/8401"}],"wp:attachment":[{"href":"https:\/\/stuttgarti-katolikusok.de\/index.php\/wp-json\/wp\/v2\/media?parent=8400"}],"wp:term":[{"taxonomy":"category","embeddable":true,"href":"https:\/\/stuttgarti-katolikusok.de\/index.php\/wp-json\/wp\/v2\/categories?post=8400"},{"taxonomy":"post_tag","embeddable":true,"href":"https:\/\/stuttgarti-katolikusok.de\/index.php\/wp-json\/wp\/v2\/tags?post=8400"}],"curies":[{"name":"wp","href":"https:\/\/api.w.org\/{rel}","templated":true}]}}