{"id":8362,"date":"2014-09-15T21:40:49","date_gmt":"2014-09-15T21:40:49","guid":{"rendered":"https:\/\/gracious-dewdney.138-201-221-2.plesk.page\/?p=8362"},"modified":"2015-12-15T21:41:35","modified_gmt":"2015-12-15T21:41:35","slug":"ferenc-papa-uzenete-a-betegek-vilagnapjara-a-hit-melyebb-ertelmet-ad-a-betegsegnek","status":"publish","type":"post","link":"https:\/\/stuttgarti-katolikusok.de\/index.php\/ferenc-papa-uzenete-a-betegek-vilagnapjara-a-hit-melyebb-ertelmet-ad-a-betegsegnek\/","title":{"rendered":"Ferenc p\u00e1pa \u00fczenete a betegek vil\u00e1gnapj\u00e1ra: a hit m\u00e9lyebb \u00e9rtelmet ad a betegs\u00e9gnek"},"content":{"rendered":"<p>\u201eB\u00edzzuk magunkat az irgalmas J\u00e9zusra, mik\u00e9nt M\u00e1ria: B\u00e1rmit is mond, tegy\u00e9tek meg!\u201d \u2013 ez a k\u00f6zponti t\u00e9m\u00e1ja Ferenc p\u00e1pa kedden k\u00f6zz\u00e9tett \u00fczenet\u00e9nek, melyet a Betegek 24. Vil\u00e1gnapj\u00e1ra \u00edrt. A p\u00e1pai dokumentum magja a k\u00e1nai menyegz\u0151 evang\u00e9liumi elbesz\u00e9l\u00e9se, amit a p\u00e1pa az \u201eegyh\u00e1z ikonj\u00e1nak\u201d nevez. A Betegek Vil\u00e1gnapj\u00e1t j\u00f6v\u0151 \u00e9vben N\u00e1z\u00e1retben tartj\u00e1k, a Lourdes-i Boldogasszony eml\u00e9knapj\u00e1n, febru\u00e1r 11-\u00e9n.<\/p>\n<p><strong>A hit a szenved\u00e9s \u00e9s a betegs\u00e9g \u00e9rtelmez\u00e9si kulcsa<\/strong><\/p>\n<p>\u201eMi\u00e9rt \u00e9ppen \u00e9n?\u201d \u2013 erre a betegs\u00e9ggel kapcsolatban oly sokszor felvetett k\u00e9rd\u00e9sre v\u00e1laszol Ferenc p\u00e1pa a Betegek Vil\u00e1gnapj\u00e1ra \u00edrt \u00fczenet\u00e9ben. A k\u00e9rd\u00e9s, f\u0151k\u00e9nt s\u00falyos betegs\u00e9g eset\u00e9ben mer\u00fcl fel azok lelk\u00e9ben, akik nagyon szenvednek. &#8222;A k\u00e9rd\u00e9s az ember lelke m\u00e9ly\u00e9t \u00e9rinti, amikor az emberi l\u00e9tez\u00e9s v\u00e1ls\u00e1gba ker\u00fcl \u00e9s az ember fell\u00e1zad ellene\u201d. \u201eK\u00f6nnyen meglehet, \u00edrja a p\u00e1pai \u00fczenet, hogy az ember enged a rem\u00e9nytelens\u00e9g k\u00eds\u00e9rt\u00e9s\u00e9nek, gondolv\u00e1n, hogy minden elveszett\u201d. \u00c1m \u00e9ppen ezekben a neh\u00e9z pillanatokban mutatkozik meg az Istenben val\u00f3 hit pozit\u00edv lehet\u0151s\u00e9ge. A hit, noha nem sz\u00fcnteti meg a betegs\u00e9get vagy a f\u00e1jdalmat, m\u00e9gis olyan \u00e9rtelmez\u00e9si m\u00f3dot k\u00edn\u00e1l, mellyel fel lehet fedezni annak a m\u00e9lyebb \u00e9rtelm\u00e9t, amit az ember meg\u00e9l. Ezt az \u201e\u00e9rtelmez\u00e9si kulcsot\u201d M\u00e1ria, Isten Anyja adja nek\u00fcnk, aki ismeri az utat, mely mind k\u00f6zelebb visz J\u00e9zushoz.<\/p>\n<p><strong>Betegeket \u00e1polni a hit szemeivel, Isten gyeng\u00e9ds\u00e9g\u00e9t t\u00fckr\u00f6zve<\/strong><\/p>\n<p>Ferenc p\u00e1pa a betegekhez \u00edrt \u00fczenet\u00e9ben a k\u00e1nai menyegz\u0151 t\u00f6rt\u00e9net\u00e9t elemzi, melyet az \u201eegyh\u00e1z ikonj\u00e1nak\u201d nevez, k\u00f6z\u00e9ppontj\u00e1ban J\u00e9zus irgalmass\u00e1g\u00e1val, akit az apostolok k\u00f6z\u00f6ss\u00e9ge \u00e9s az el\u0151rel\u00e1t\u00f3 \u00e9s im\u00e1dkoz\u00f3 M\u00e1ria vesz k\u00f6r\u00fcl. M\u00e1ria megvigasztalja a gyermekeit, aki vigy\u00e1z\u00f3 \u00e9s j\u00f3s\u00e1gos szemeivel t\u00f6r\u0151dik a betegekkel. M\u00e1ria gondoskod\u00e1s\u00e1ban visszat\u00fckr\u00f6z\u0151dik az Isten gyeng\u00e9ds\u00e9ge \u00e9s ami elt\u00f6lti azok lelk\u00e9t is, akik a betegeket \u00e1polj\u00e1k, akik \u00e9rzik, hogy &#8222;a sz\u00fcks\u00e9g k\u00ednja nagy&#8221; \u00e9s a szeretet szemeivel tekintenek a vil\u00e1gra.<\/p>\n<p><strong>Az im\u00e1ds\u00e1g a szenved\u0151k\u00e9rt: gy\u00f3gyul\u00e1s \u00e9s a sz\u00edv b\u00e9k\u00e9je \u00a0\u00a0\u00a0<\/strong><\/p>\n<p>Ferenc p\u00e1pa \u00fczenet\u00e9ben megeml\u00e9kezik az any\u00e1kr\u00f3l, akik ott \u00e1llnak beteg gyermekeik \u00e1gya mellett: \u00e9s sz\u00f3l a fiakr\u00f3l-l\u00e1nyokr\u00f3l, akik id\u0151s sz\u00fcleiket gondozz\u00e1k, de az unok\u00e1kr\u00f3l is, akik nagysz\u00fcleikkel t\u00f6r\u0151dnek; \u0151k mindny\u00e1jan a Sz\u0171zanya kezeire b\u00edzz\u00e1k magukat. \u00a0Mit is k\u00e9rj\u00fcnk szenved\u0151 szeretteink sz\u00e1m\u00e1ra? \u2013 teszi fel a k\u00e9rd\u00e9st a p\u00e1pa. Biztos, az eg\u00e9szs\u00e9get, v\u00e1laszolja meg azonnal, hiszen J\u00e9zus maga az Isten Orsz\u00e1g\u00e1nak a jelenl\u00e9t\u00e9t \u00e9ppen a gy\u00f3gy\u00edt\u00e1sokon kereszt\u00fcl mutatta meg. \u00c1m van enn\u00e9l valami nagyobb, k\u00e9rj\u00fck a b\u00e9k\u00e9t, az \u00e9let der\u0171ss\u00e9g\u00e9t, mely a sz\u00edvben sz\u00fcletik meg Isten aj\u00e1nd\u00e9kak\u00e9nt.<\/p>\n<p><strong>A r\u00e1szorul\u00f3k szolg\u00e1lata az embert J\u00e9zushoz teszi hasonl\u00f3v\u00e1<\/strong><\/p>\n<p>A p\u00e1pai \u00fczenet r\u00e1ir\u00e1ny\u00edtja a figyelmet azokra a szolg\u00e1kra, akik megt\u00f6lt\u00f6tt\u00e9k a hord\u00f3kat v\u00edzzel, amit J\u00e9zus azt\u00e1n borr\u00e1 v\u00e1ltoztatott. \u0150k n\u00e9vtelen szem\u00e9lyek, de nagyon sokat tan\u00edtanak nek\u00fcnk, mert nagylelk\u0171en engedelmeskednek a felsz\u00f3l\u00edt\u00e1snak, azonnal \u00a0\u00e9s j\u00f3l megteszik azt, amit k\u00e9rtek t\u0151l\u00fck, b\u00e1rmif\u00e9le panaszkod\u00e1s vagy sz\u00e1m\u00edtgat\u00e1s n\u00e9lk\u00fcl. Ez azt mutatja nek\u00fcnk, hogy Krisztus sz\u00e1m\u00edt a mi k\u00f6zrem\u0171k\u00f6d\u00e9s\u00fcnkre, a k\u00e9szs\u00e9g\u00fcnkre a r\u00e1szorul\u00f3k \u00e9s a betegek szolg\u00e1lat\u00e1ban. Lehet, hogy ez f\u00e1rads\u00e1gos \u00e9s s\u00falyos szolg\u00e1lat, m\u00e9gis az \u00dar azt \u00e1talak\u00edtja valami isteni dologg\u00e1, mert m\u00e1sok szolg\u00e1lata Krisztushoz tesz benn\u00fcnket hasonl\u00f3v\u00e1. Mi mindannyian lehet\u00fcnk teh\u00e1t k\u00e9z, kar \u00e9s sz\u00edv, mely seg\u00edti az Istent, hogy bet\u00f6ltse a sokszor l\u00e1thatatlan csod\u00e1it \u00e9s \u00edgy k\u00f6vess\u00fck M\u00e1ria p\u00e9ld\u00e1j\u00e1t. J\u00e9zus ugyanis mindig jobb borr\u00e1 alak\u00edtja \u00e1t az \u00e9let\u00fcnk vizeit.<\/p>\n<p><strong>Mozd\u00edtsuk el\u0151 a tal\u00e1lkoz\u00e1s \u00e9s a b\u00e9ke kult\u00far\u00e1j\u00e1t a k\u00f3rh\u00e1zakban \u00a0<\/strong><\/p>\n<p>Az irgalmass\u00e1g k\u00f6zeli rendk\u00edv\u00fcli szent\u00e9v\u00e9re tekintve, a Szentf\u00f6ld\u00f6n \u00fcnnepelt Betegek Vil\u00e1gnapja \u00e9s a t\u00e9rs\u00e9g k\u00e9t szerzetesn\u0151v\u00e9r\u00e9nek m\u00falt m\u00e1jusban szentt\u00e9avatott alakjai seg\u00edthetnek benn\u00fcnket, hogy minden k\u00f3rh\u00e1z legyen a tal\u00e1lkoz\u00e1s \u00e9s a b\u00e9ke kult\u00far\u00e1j\u00e1nak l\u00e1that\u00f3 jele \u00e9s helye, ahol a betegs\u00e9g \u00e9s a szenved\u00e9s, a szakmai \u00e9s testv\u00e9ri seg\u00edts\u00e9ggel kar\u00f6ltve, hozz\u00e1j\u00e1rulnak mindenf\u00e9le korl\u00e1t \u00e9s megoszl\u00e1s legy\u0151z\u00e9s\u00e9hez. Ferenc p\u00e1pa betegek vil\u00e1gnapi \u00fczenete v\u00e9g\u00fcl a Sz\u0171zanya seg\u00edts\u00e9g\u00e9t k\u00e9ri, ford\u00edtsa fel\u00e9nk irgalmas szemeit, k\u00fcl\u00f6n\u00f6sen is a f\u00e1jdalom pillanataiban.<\/p>\n<p>(vl)<\/p>\n<h1>Ferenc p\u00e1pa \u00fczenete az elv\u00e1ndorl\u00f3k \u00e9s menek\u00fcltek vil\u00e1gnapj\u00e1ra<\/h1>\n<ol start=\"2014\">\n<li>szeptember 24. szerda 12:57<\/li>\n<\/ol>\n<h3>2015. janu\u00e1r 18-\u00e1n tartja a katolikus egyh\u00e1z az elv\u00e1ndorl\u00f3k \u00e9s menek\u00fcltek vil\u00e1gnapj\u00e1t. \u201eAz egyh\u00e1zban nincsenek hat\u00e1rok, az egyh\u00e1z anya mindenki sz\u00e1m\u00e1ra\u201d \u2013 ezt a t\u00e9m\u00e1t jel\u00f6lte meg Ferenc p\u00e1pa a vil\u00e1gnapra. A Vatik\u00e1ni R\u00e1di\u00f3 tud\u00f3s\u00edt.<\/h3>\n<p>&nbsp;<\/p>\n<p>Az egyh\u00e1z kit\u00e1rja \u00f6lel\u0151 karjait, hogy befogadjon mindenkit, els\u0151sorban is a migr\u00e1nsokat \u00e9s a menek\u00fclteket, akik dr\u00e1mai \u00e9letk\u00f6r\u00fclm\u00e9nyeket \u00e9s k\u00fcl\u00f6nf\u00e9le vesz\u00e9lyhelyzeteket akarnak maguk m\u00f6g\u00f6tt hagyni. A p\u00e1pa ezekkel a gondolatokkal kezdi a vil\u00e1gnapra sz\u00e1nt \u00fczenet\u00e9t.<\/p>\n<p>Az egyh\u00e1z hivat\u00e1sa az, hogy szeresse J\u00e9zust, \u00e9s a szeg\u00e9ny \u00e9s elhagyatott emberben felismerje az \u0150 arc\u00e1t. Az egyh\u00e1z terjessze az elfogad\u00e1s \u00e9s a szolidarit\u00e1s kult\u00far\u00e1j\u00e1t, mely szerint senkit sem tekinthet\u00fcnk hasznavehetetlennek, f\u00f6l\u00f6slegesnek \u00e9s mell\u0151zhet\u0151nek. Az elv\u00e1ndorl\u00e1s jelens\u00e9g\u00e9nek glob\u00e1liss\u00e1 v\u00e1l\u00e1s\u00e1ra v\u00e1laszt kell adni a szeretet \u00e9s az \u00f6sszetart\u00e1s globaliz\u00e1ci\u00f3j\u00e1val.<\/p>\n<p>A p\u00e1pa s\u00falyos szavakkal b\u00e9lyegzi meg az emberekkel val\u00f3 keresked\u00e9s sz\u00e9gyenletes \u00e9s kegyetlen jelens\u00e9g\u00e9t, az er\u0151szak \u00e9s a mai modern rabszolgas\u00e1g minden form\u00e1j\u00e1val egy\u00fctt. Ezek ellen er\u0151teljesebben \u00e9s hat\u00e9konyabban kell fell\u00e9pni, az egy\u00fcttm\u0171k\u00f6d\u00e9s vil\u00e1gm\u00e9ret\u0171 h\u00e1l\u00f3zat\u00e1n kereszt\u00fcl, melynek c\u00e9lja minden egyes emberi szem\u00e9ly m\u00e9lt\u00f3s\u00e1g\u00e1nak v\u00e9delme. Ferenc p\u00e1pa ez\u00e9rt tev\u00e9keny \u00e9s hat\u00e9kony egy\u00fcttm\u0171k\u00f6d\u00e9st s\u00fcrget az \u00e1llamok \u00e9s a nemzetk\u00f6zi szervezetek k\u00f6z\u00f6tt, hogy az elv\u00e1ndorl\u00e1si folyamatok kezelhet\u0151bb\u00e9 \u00e9s szab\u00e1lyozhat\u00f3bb\u00e1 v\u00e1lhassanak.<\/p>\n<p>Ezzel egy id\u0151ben meg kell sokszorozni az er\u0151fesz\u00edt\u00e9seket annak \u00e9rdek\u00e9ben, hogy megsz\u0171njenek azok az okok, p\u00e9ld\u00e1ul a h\u00e1bor\u00fak vagy a n\u00e9lk\u00fcl\u00f6z\u00e9s, amelyek eg\u00e9sz n\u00e9peket haz\u00e1juk elhagy\u00e1s\u00e1ra k\u00e9nyszer\u00edtenek. A p\u00e1pa eml\u00e9keztet arra is, hogy gyakran m\u00e9g az egyh\u00e1zi k\u00f6z\u00f6ss\u00e9gek is bizalmatlanok, ha nem egyenesen ellens\u00e9gesek a bev\u00e1ndorl\u00f3kkal szemben, m\u00e9g miel\u0151tt megismern\u00e9k az okokat, az \u00fcld\u00f6z\u00e9st \u00e9s nyomor\u00fas\u00e1got, amely el\u0151l menek\u00fclnek. Mindez ellent\u00e9tben van a bibliai paranccsal, miszerint forduljunk tisztelettel \u00e9s egy\u00fctt\u00e9rz\u00e9ssel a sz\u00fcks\u00e9gben l\u00e9v\u0151 idegenek ir\u00e1nt. J\u00e9zus azonos\u00edtotta \u00f6nmag\u00e1t az er\u0151szak \u00e9s az elnyom\u00e1s minden \u00e1rtatlan \u00e1ldozat\u00e1val, az idegenekkel \u00e9s minden szenved\u0151vel. J\u00e9zus azt k\u00e9ri t\u0151l\u00fcnk, hogy cselekedj\u00fcnk a szeretet parancsa szerint.<\/p>\n<p>J\u00e9zus olykor azt is elv\u00e1rja t\u0151l\u00fcnk, hogy mondjunk le egy kicsit a saj\u00e1t j\u00f3l\u00e9t\u00fcnkr\u0151l. A mai t\u00e1rsadalom multikultur\u00e1lis jellege arra ind\u00edtja az egyh\u00e1zat, hogy v\u00e1llalja a szolidarit\u00e1s, a k\u00f6z\u00f6ss\u00e9g \u00e9s az evangeliz\u00e1l\u00e1s \u00faj form\u00e1it. Ma m\u00e1r nem el\u00e9g a puszta tolerancia. Az egyh\u00e1z mai hivat\u00e1sa arra sz\u00f3l, hogy emelkedjen fel\u00fcl a korl\u00e1tokon, seg\u00edtsen abban, hogy az \u00f6nv\u00e9delem \u00e9s a f\u00e9lelem magatart\u00e1sa helyett megval\u00f3suljon a tal\u00e1lkoz\u00e1s kult\u00far\u00e1ja.<\/p>\n<p>Magyar Kur\u00edr<\/p>\n","protected":false},"excerpt":{"rendered":"<p>\u201eB\u00edzzuk magunkat az irgalmas J\u00e9zusra, mik\u00e9nt M\u00e1ria: B\u00e1rmit is mond, tegy\u00e9tek meg!\u201d \u2013 ez a k\u00f6zponti t\u00e9m\u00e1ja Ferenc p\u00e1pa kedden k\u00f6zz\u00e9tett \u00fczenet\u00e9nek, melyet a Betegek 24. Vil\u00e1gnapj\u00e1ra \u00edrt. A p\u00e1pai dokumentum magja a k\u00e1nai menyegz\u0151 evang\u00e9liumi elbesz\u00e9l\u00e9se, amit a p\u00e1pa az \u201eegyh\u00e1z ikonj\u00e1nak\u201d nevez. A Betegek Vil\u00e1gnapj\u00e1t j\u00f6v\u0151 \u00e9vben N\u00e1z\u00e1retben tartj\u00e1k, a Lourdes-i Boldogasszony eml\u00e9knapj\u00e1n, febru\u00e1r 11-\u00e9n. A hit a szenved\u00e9s \u00e9s a betegs\u00e9g \u00e9rtelmez\u00e9si kulcsa \u201eMi\u00e9rt \u00e9ppen \u00e9n?\u201d \u2013 erre a betegs\u00e9ggel kapcsolatban oly sokszor felvetett k\u00e9rd\u00e9sre v\u00e1laszol Ferenc p\u00e1pa a Betegek Vil\u00e1gnapj\u00e1ra \u00edrt \u00fczenet\u00e9ben. A k\u00e9rd\u00e9s, f\u0151k\u00e9nt s\u00falyos betegs\u00e9g eset\u00e9ben mer\u00fcl fel azok lelk\u00e9ben, akik nagyon szenvednek. &#8222;A k\u00e9rd\u00e9s az ember lelke m\u00e9ly\u00e9t \u00e9rinti, amikor az emberi l\u00e9tez\u00e9s v\u00e1ls\u00e1gba ker\u00fcl \u00e9s az ember fell\u00e1zad ellene\u201d. \u201eK\u00f6nnyen meglehet, \u00edrja a p\u00e1pai \u00fczenet, hogy az ember enged a rem\u00e9nytelens\u00e9g k\u00eds\u00e9rt\u00e9s\u00e9nek, gondolv\u00e1n, hogy minden elveszett\u201d. \u00c1m \u00e9ppen ezekben a neh\u00e9z pillanatokban mutatkozik meg az Istenben val\u00f3 hit pozit\u00edv lehet\u0151s\u00e9ge. A hit, noha nem sz\u00fcnteti meg a betegs\u00e9get vagy a f\u00e1jdalmat, m\u00e9gis olyan \u00e9rtelmez\u00e9si m\u00f3dot k\u00edn\u00e1l, mellyel fel lehet fedezni annak a m\u00e9lyebb \u00e9rtelm\u00e9t, amit az ember meg\u00e9l. Ezt az \u201e\u00e9rtelmez\u00e9si kulcsot\u201d M\u00e1ria, Isten Anyja adja nek\u00fcnk, aki ismeri az utat, mely mind k\u00f6zelebb visz J\u00e9zushoz. Betegeket \u00e1polni a hit szemeivel, Isten gyeng\u00e9ds\u00e9g\u00e9t t\u00fckr\u00f6zve Ferenc p\u00e1pa a betegekhez \u00edrt \u00fczenet\u00e9ben a k\u00e1nai menyegz\u0151 t\u00f6rt\u00e9net\u00e9t elemzi, melyet az \u201eegyh\u00e1z ikonj\u00e1nak\u201d nevez, k\u00f6z\u00e9ppontj\u00e1ban J\u00e9zus irgalmass\u00e1g\u00e1val, akit az apostolok k\u00f6z\u00f6ss\u00e9ge \u00e9s az el\u0151rel\u00e1t\u00f3 \u00e9s im\u00e1dkoz\u00f3 M\u00e1ria vesz k\u00f6r\u00fcl. M\u00e1ria megvigasztalja a gyermekeit, aki vigy\u00e1z\u00f3 \u00e9s j\u00f3s\u00e1gos szemeivel t\u00f6r\u0151dik a betegekkel. M\u00e1ria gondoskod\u00e1s\u00e1ban visszat\u00fckr\u00f6z\u0151dik az Isten gyeng\u00e9ds\u00e9ge \u00e9s ami elt\u00f6lti azok lelk\u00e9t is, akik a betegeket \u00e1polj\u00e1k, akik \u00e9rzik, hogy &#8222;a sz\u00fcks\u00e9g k\u00ednja nagy&#8221; \u00e9s a szeretet szemeivel tekintenek a vil\u00e1gra. Az im\u00e1ds\u00e1g a szenved\u0151k\u00e9rt: gy\u00f3gyul\u00e1s \u00e9s a sz\u00edv b\u00e9k\u00e9je \u00a0\u00a0\u00a0 Ferenc p\u00e1pa \u00fczenet\u00e9ben megeml\u00e9kezik az any\u00e1kr\u00f3l, akik ott \u00e1llnak beteg gyermekeik \u00e1gya mellett: \u00e9s sz\u00f3l&#8230; <\/p>\n<p><a class=\"readmore\" href=\"https:\/\/stuttgarti-katolikusok.de\/index.php\/ferenc-papa-uzenete-a-betegek-vilagnapjara-a-hit-melyebb-ertelmet-ad-a-betegsegnek\/\">R\u00e9szletek<\/a><\/p>\n","protected":false},"author":7,"featured_media":0,"comment_status":"closed","ping_status":"closed","sticky":false,"template":"","format":"standard","meta":{"footnotes":""},"categories":[1],"tags":[],"class_list":["post-8362","post","type-post","status-publish","format-standard","hentry","category-valogatott"],"yoast_head":"<!-- This site is optimized with the Yoast SEO plugin v27.3 - https:\/\/yoast.com\/product\/yoast-seo-wordpress\/ -->\n<title>Ferenc p\u00e1pa \u00fczenete a betegek vil\u00e1gnapj\u00e1ra: a hit m\u00e9lyebb \u00e9rtelmet ad a betegs\u00e9gnek - Stuttgarti Katolikusok<\/title>\n<meta name=\"robots\" content=\"index, follow, max-snippet:-1, max-image-preview:large, max-video-preview:-1\" \/>\n<link rel=\"canonical\" href=\"https:\/\/stuttgarti-katolikusok.de\/index.php\/ferenc-papa-uzenete-a-betegek-vilagnapjara-a-hit-melyebb-ertelmet-ad-a-betegsegnek\/\" \/>\n<meta property=\"og:locale\" content=\"hu_HU\" \/>\n<meta property=\"og:type\" content=\"article\" \/>\n<meta property=\"og:title\" content=\"Ferenc p\u00e1pa \u00fczenete a betegek vil\u00e1gnapj\u00e1ra: a hit m\u00e9lyebb \u00e9rtelmet ad a betegs\u00e9gnek - Stuttgarti Katolikusok\" \/>\n<meta property=\"og:description\" content=\"\u201eB\u00edzzuk magunkat az irgalmas J\u00e9zusra, mik\u00e9nt M\u00e1ria: B\u00e1rmit is mond, tegy\u00e9tek meg!\u201d \u2013 ez a k\u00f6zponti t\u00e9m\u00e1ja Ferenc p\u00e1pa kedden k\u00f6zz\u00e9tett \u00fczenet\u00e9nek, melyet a Betegek 24. Vil\u00e1gnapj\u00e1ra \u00edrt. A p\u00e1pai dokumentum magja a k\u00e1nai menyegz\u0151 evang\u00e9liumi elbesz\u00e9l\u00e9se, amit a p\u00e1pa az \u201eegyh\u00e1z ikonj\u00e1nak\u201d nevez. A Betegek Vil\u00e1gnapj\u00e1t j\u00f6v\u0151 \u00e9vben N\u00e1z\u00e1retben tartj\u00e1k, a Lourdes-i Boldogasszony eml\u00e9knapj\u00e1n, febru\u00e1r 11-\u00e9n. A hit a szenved\u00e9s \u00e9s a betegs\u00e9g \u00e9rtelmez\u00e9si kulcsa \u201eMi\u00e9rt \u00e9ppen \u00e9n?\u201d \u2013 erre a betegs\u00e9ggel kapcsolatban oly sokszor felvetett k\u00e9rd\u00e9sre v\u00e1laszol Ferenc p\u00e1pa a Betegek Vil\u00e1gnapj\u00e1ra \u00edrt \u00fczenet\u00e9ben. A k\u00e9rd\u00e9s, f\u0151k\u00e9nt s\u00falyos betegs\u00e9g eset\u00e9ben mer\u00fcl fel azok lelk\u00e9ben, akik nagyon szenvednek. &#8222;A k\u00e9rd\u00e9s az ember lelke m\u00e9ly\u00e9t \u00e9rinti, amikor az emberi l\u00e9tez\u00e9s v\u00e1ls\u00e1gba ker\u00fcl \u00e9s az ember fell\u00e1zad ellene\u201d. \u201eK\u00f6nnyen meglehet, \u00edrja a p\u00e1pai \u00fczenet, hogy az ember enged a rem\u00e9nytelens\u00e9g k\u00eds\u00e9rt\u00e9s\u00e9nek, gondolv\u00e1n, hogy minden elveszett\u201d. \u00c1m \u00e9ppen ezekben a neh\u00e9z pillanatokban mutatkozik meg az Istenben val\u00f3 hit pozit\u00edv lehet\u0151s\u00e9ge. A hit, noha nem sz\u00fcnteti meg a betegs\u00e9get vagy a f\u00e1jdalmat, m\u00e9gis olyan \u00e9rtelmez\u00e9si m\u00f3dot k\u00edn\u00e1l, mellyel fel lehet fedezni annak a m\u00e9lyebb \u00e9rtelm\u00e9t, amit az ember meg\u00e9l. Ezt az \u201e\u00e9rtelmez\u00e9si kulcsot\u201d M\u00e1ria, Isten Anyja adja nek\u00fcnk, aki ismeri az utat, mely mind k\u00f6zelebb visz J\u00e9zushoz. Betegeket \u00e1polni a hit szemeivel, Isten gyeng\u00e9ds\u00e9g\u00e9t t\u00fckr\u00f6zve Ferenc p\u00e1pa a betegekhez \u00edrt \u00fczenet\u00e9ben a k\u00e1nai menyegz\u0151 t\u00f6rt\u00e9net\u00e9t elemzi, melyet az \u201eegyh\u00e1z ikonj\u00e1nak\u201d nevez, k\u00f6z\u00e9ppontj\u00e1ban J\u00e9zus irgalmass\u00e1g\u00e1val, akit az apostolok k\u00f6z\u00f6ss\u00e9ge \u00e9s az el\u0151rel\u00e1t\u00f3 \u00e9s im\u00e1dkoz\u00f3 M\u00e1ria vesz k\u00f6r\u00fcl. M\u00e1ria megvigasztalja a gyermekeit, aki vigy\u00e1z\u00f3 \u00e9s j\u00f3s\u00e1gos szemeivel t\u00f6r\u0151dik a betegekkel. M\u00e1ria gondoskod\u00e1s\u00e1ban visszat\u00fckr\u00f6z\u0151dik az Isten gyeng\u00e9ds\u00e9ge \u00e9s ami elt\u00f6lti azok lelk\u00e9t is, akik a betegeket \u00e1polj\u00e1k, akik \u00e9rzik, hogy &#8222;a sz\u00fcks\u00e9g k\u00ednja nagy&#8221; \u00e9s a szeretet szemeivel tekintenek a vil\u00e1gra. Az im\u00e1ds\u00e1g a szenved\u0151k\u00e9rt: gy\u00f3gyul\u00e1s \u00e9s a sz\u00edv b\u00e9k\u00e9je \u00a0\u00a0\u00a0 Ferenc p\u00e1pa \u00fczenet\u00e9ben megeml\u00e9kezik az any\u00e1kr\u00f3l, akik ott \u00e1llnak beteg gyermekeik \u00e1gya mellett: \u00e9s sz\u00f3l... R\u00e9szletek\" \/>\n<meta property=\"og:url\" content=\"https:\/\/stuttgarti-katolikusok.de\/index.php\/ferenc-papa-uzenete-a-betegek-vilagnapjara-a-hit-melyebb-ertelmet-ad-a-betegsegnek\/\" \/>\n<meta property=\"og:site_name\" content=\"Stuttgarti Katolikusok\" \/>\n<meta property=\"article:published_time\" content=\"2014-09-15T21:40:49+00:00\" \/>\n<meta property=\"article:modified_time\" content=\"2015-12-15T21:41:35+00:00\" \/>\n<meta name=\"author\" content=\"Pap L\u00f3r\u00e1nt\" \/>\n<meta name=\"twitter:card\" content=\"summary_large_image\" \/>\n<meta name=\"twitter:label1\" content=\"Szerz\u0151:\" \/>\n\t<meta name=\"twitter:data1\" content=\"Pap L\u00f3r\u00e1nt\" \/>\n\t<meta name=\"twitter:label2\" content=\"Becs\u00fclt olvas\u00e1si id\u0151\" \/>\n\t<meta name=\"twitter:data2\" content=\"8 perc\" \/>\n<script type=\"application\/ld+json\" class=\"yoast-schema-graph\">{\"@context\":\"https:\\\/\\\/schema.org\",\"@graph\":[{\"@type\":\"Article\",\"@id\":\"https:\\\/\\\/stuttgarti-katolikusok.de\\\/index.php\\\/ferenc-papa-uzenete-a-betegek-vilagnapjara-a-hit-melyebb-ertelmet-ad-a-betegsegnek\\\/#article\",\"isPartOf\":{\"@id\":\"https:\\\/\\\/stuttgarti-katolikusok.de\\\/index.php\\\/ferenc-papa-uzenete-a-betegek-vilagnapjara-a-hit-melyebb-ertelmet-ad-a-betegsegnek\\\/\"},\"author\":{\"name\":\"Pap L\u00f3r\u00e1nt\",\"@id\":\"https:\\\/\\\/stuttgarti-katolikusok.de\\\/#\\\/schema\\\/person\\\/e4b8974603e18bea0e1dd451fdf95466\"},\"headline\":\"Ferenc p\u00e1pa \u00fczenete a betegek vil\u00e1gnapj\u00e1ra: a hit m\u00e9lyebb \u00e9rtelmet ad a betegs\u00e9gnek\",\"datePublished\":\"2014-09-15T21:40:49+00:00\",\"dateModified\":\"2015-12-15T21:41:35+00:00\",\"mainEntityOfPage\":{\"@id\":\"https:\\\/\\\/stuttgarti-katolikusok.de\\\/index.php\\\/ferenc-papa-uzenete-a-betegek-vilagnapjara-a-hit-melyebb-ertelmet-ad-a-betegsegnek\\\/\"},\"wordCount\":1532,\"articleSection\":[\"V\u00e1logatott \u00edr\u00e1sok\"],\"inLanguage\":\"hu\"},{\"@type\":\"WebPage\",\"@id\":\"https:\\\/\\\/stuttgarti-katolikusok.de\\\/index.php\\\/ferenc-papa-uzenete-a-betegek-vilagnapjara-a-hit-melyebb-ertelmet-ad-a-betegsegnek\\\/\",\"url\":\"https:\\\/\\\/stuttgarti-katolikusok.de\\\/index.php\\\/ferenc-papa-uzenete-a-betegek-vilagnapjara-a-hit-melyebb-ertelmet-ad-a-betegsegnek\\\/\",\"name\":\"Ferenc p\u00e1pa \u00fczenete a betegek vil\u00e1gnapj\u00e1ra: a hit m\u00e9lyebb \u00e9rtelmet ad a betegs\u00e9gnek - Stuttgarti Katolikusok\",\"isPartOf\":{\"@id\":\"https:\\\/\\\/stuttgarti-katolikusok.de\\\/#website\"},\"datePublished\":\"2014-09-15T21:40:49+00:00\",\"dateModified\":\"2015-12-15T21:41:35+00:00\",\"author\":{\"@id\":\"https:\\\/\\\/stuttgarti-katolikusok.de\\\/#\\\/schema\\\/person\\\/e4b8974603e18bea0e1dd451fdf95466\"},\"breadcrumb\":{\"@id\":\"https:\\\/\\\/stuttgarti-katolikusok.de\\\/index.php\\\/ferenc-papa-uzenete-a-betegek-vilagnapjara-a-hit-melyebb-ertelmet-ad-a-betegsegnek\\\/#breadcrumb\"},\"inLanguage\":\"hu\",\"potentialAction\":[{\"@type\":\"ReadAction\",\"target\":[\"https:\\\/\\\/stuttgarti-katolikusok.de\\\/index.php\\\/ferenc-papa-uzenete-a-betegek-vilagnapjara-a-hit-melyebb-ertelmet-ad-a-betegsegnek\\\/\"]}]},{\"@type\":\"BreadcrumbList\",\"@id\":\"https:\\\/\\\/stuttgarti-katolikusok.de\\\/index.php\\\/ferenc-papa-uzenete-a-betegek-vilagnapjara-a-hit-melyebb-ertelmet-ad-a-betegsegnek\\\/#breadcrumb\",\"itemListElement\":[{\"@type\":\"ListItem\",\"position\":1,\"name\":\"Kezd\u0151lap\",\"item\":\"https:\\\/\\\/stuttgarti-katolikusok.de\\\/\"},{\"@type\":\"ListItem\",\"position\":2,\"name\":\"Ferenc p\u00e1pa \u00fczenete a betegek vil\u00e1gnapj\u00e1ra: a hit m\u00e9lyebb \u00e9rtelmet ad a betegs\u00e9gnek\"}]},{\"@type\":\"WebSite\",\"@id\":\"https:\\\/\\\/stuttgarti-katolikusok.de\\\/#website\",\"url\":\"https:\\\/\\\/stuttgarti-katolikusok.de\\\/\",\"name\":\"Stuttgarti Katolikusok\",\"description\":\"\",\"potentialAction\":[{\"@type\":\"SearchAction\",\"target\":{\"@type\":\"EntryPoint\",\"urlTemplate\":\"https:\\\/\\\/stuttgarti-katolikusok.de\\\/?s={search_term_string}\"},\"query-input\":{\"@type\":\"PropertyValueSpecification\",\"valueRequired\":true,\"valueName\":\"search_term_string\"}}],\"inLanguage\":\"hu\"},{\"@type\":\"Person\",\"@id\":\"https:\\\/\\\/stuttgarti-katolikusok.de\\\/#\\\/schema\\\/person\\\/e4b8974603e18bea0e1dd451fdf95466\",\"name\":\"Pap L\u00f3r\u00e1nt\",\"image\":{\"@type\":\"ImageObject\",\"inLanguage\":\"hu\",\"@id\":\"https:\\\/\\\/secure.gravatar.com\\\/avatar\\\/fab210c46214d43b54ee6a8cbddf404c7571dad536b6c8e007a4db3c0dfa1abe?s=96&d=mm&r=g\",\"url\":\"https:\\\/\\\/secure.gravatar.com\\\/avatar\\\/fab210c46214d43b54ee6a8cbddf404c7571dad536b6c8e007a4db3c0dfa1abe?s=96&d=mm&r=g\",\"contentUrl\":\"https:\\\/\\\/secure.gravatar.com\\\/avatar\\\/fab210c46214d43b54ee6a8cbddf404c7571dad536b6c8e007a4db3c0dfa1abe?s=96&d=mm&r=g\",\"caption\":\"Pap L\u00f3r\u00e1nt\"},\"url\":\"https:\\\/\\\/stuttgarti-katolikusok.de\\\/index.php\\\/author\\\/lorant-pap\\\/\"}]}<\/script>\n<!-- \/ Yoast SEO plugin. -->","yoast_head_json":{"title":"Ferenc p\u00e1pa \u00fczenete a betegek vil\u00e1gnapj\u00e1ra: a hit m\u00e9lyebb \u00e9rtelmet ad a betegs\u00e9gnek - Stuttgarti Katolikusok","robots":{"index":"index","follow":"follow","max-snippet":"max-snippet:-1","max-image-preview":"max-image-preview:large","max-video-preview":"max-video-preview:-1"},"canonical":"https:\/\/stuttgarti-katolikusok.de\/index.php\/ferenc-papa-uzenete-a-betegek-vilagnapjara-a-hit-melyebb-ertelmet-ad-a-betegsegnek\/","og_locale":"hu_HU","og_type":"article","og_title":"Ferenc p\u00e1pa \u00fczenete a betegek vil\u00e1gnapj\u00e1ra: a hit m\u00e9lyebb \u00e9rtelmet ad a betegs\u00e9gnek - Stuttgarti Katolikusok","og_description":"\u201eB\u00edzzuk magunkat az irgalmas J\u00e9zusra, mik\u00e9nt M\u00e1ria: B\u00e1rmit is mond, tegy\u00e9tek meg!\u201d \u2013 ez a k\u00f6zponti t\u00e9m\u00e1ja Ferenc p\u00e1pa kedden k\u00f6zz\u00e9tett \u00fczenet\u00e9nek, melyet a Betegek 24. Vil\u00e1gnapj\u00e1ra \u00edrt. A p\u00e1pai dokumentum magja a k\u00e1nai menyegz\u0151 evang\u00e9liumi elbesz\u00e9l\u00e9se, amit a p\u00e1pa az \u201eegyh\u00e1z ikonj\u00e1nak\u201d nevez. A Betegek Vil\u00e1gnapj\u00e1t j\u00f6v\u0151 \u00e9vben N\u00e1z\u00e1retben tartj\u00e1k, a Lourdes-i Boldogasszony eml\u00e9knapj\u00e1n, febru\u00e1r 11-\u00e9n. A hit a szenved\u00e9s \u00e9s a betegs\u00e9g \u00e9rtelmez\u00e9si kulcsa \u201eMi\u00e9rt \u00e9ppen \u00e9n?\u201d \u2013 erre a betegs\u00e9ggel kapcsolatban oly sokszor felvetett k\u00e9rd\u00e9sre v\u00e1laszol Ferenc p\u00e1pa a Betegek Vil\u00e1gnapj\u00e1ra \u00edrt \u00fczenet\u00e9ben. A k\u00e9rd\u00e9s, f\u0151k\u00e9nt s\u00falyos betegs\u00e9g eset\u00e9ben mer\u00fcl fel azok lelk\u00e9ben, akik nagyon szenvednek. &#8222;A k\u00e9rd\u00e9s az ember lelke m\u00e9ly\u00e9t \u00e9rinti, amikor az emberi l\u00e9tez\u00e9s v\u00e1ls\u00e1gba ker\u00fcl \u00e9s az ember fell\u00e1zad ellene\u201d. \u201eK\u00f6nnyen meglehet, \u00edrja a p\u00e1pai \u00fczenet, hogy az ember enged a rem\u00e9nytelens\u00e9g k\u00eds\u00e9rt\u00e9s\u00e9nek, gondolv\u00e1n, hogy minden elveszett\u201d. \u00c1m \u00e9ppen ezekben a neh\u00e9z pillanatokban mutatkozik meg az Istenben val\u00f3 hit pozit\u00edv lehet\u0151s\u00e9ge. A hit, noha nem sz\u00fcnteti meg a betegs\u00e9get vagy a f\u00e1jdalmat, m\u00e9gis olyan \u00e9rtelmez\u00e9si m\u00f3dot k\u00edn\u00e1l, mellyel fel lehet fedezni annak a m\u00e9lyebb \u00e9rtelm\u00e9t, amit az ember meg\u00e9l. Ezt az \u201e\u00e9rtelmez\u00e9si kulcsot\u201d M\u00e1ria, Isten Anyja adja nek\u00fcnk, aki ismeri az utat, mely mind k\u00f6zelebb visz J\u00e9zushoz. Betegeket \u00e1polni a hit szemeivel, Isten gyeng\u00e9ds\u00e9g\u00e9t t\u00fckr\u00f6zve Ferenc p\u00e1pa a betegekhez \u00edrt \u00fczenet\u00e9ben a k\u00e1nai menyegz\u0151 t\u00f6rt\u00e9net\u00e9t elemzi, melyet az \u201eegyh\u00e1z ikonj\u00e1nak\u201d nevez, k\u00f6z\u00e9ppontj\u00e1ban J\u00e9zus irgalmass\u00e1g\u00e1val, akit az apostolok k\u00f6z\u00f6ss\u00e9ge \u00e9s az el\u0151rel\u00e1t\u00f3 \u00e9s im\u00e1dkoz\u00f3 M\u00e1ria vesz k\u00f6r\u00fcl. M\u00e1ria megvigasztalja a gyermekeit, aki vigy\u00e1z\u00f3 \u00e9s j\u00f3s\u00e1gos szemeivel t\u00f6r\u0151dik a betegekkel. M\u00e1ria gondoskod\u00e1s\u00e1ban visszat\u00fckr\u00f6z\u0151dik az Isten gyeng\u00e9ds\u00e9ge \u00e9s ami elt\u00f6lti azok lelk\u00e9t is, akik a betegeket \u00e1polj\u00e1k, akik \u00e9rzik, hogy &#8222;a sz\u00fcks\u00e9g k\u00ednja nagy&#8221; \u00e9s a szeretet szemeivel tekintenek a vil\u00e1gra. Az im\u00e1ds\u00e1g a szenved\u0151k\u00e9rt: gy\u00f3gyul\u00e1s \u00e9s a sz\u00edv b\u00e9k\u00e9je \u00a0\u00a0\u00a0 Ferenc p\u00e1pa \u00fczenet\u00e9ben megeml\u00e9kezik az any\u00e1kr\u00f3l, akik ott \u00e1llnak beteg gyermekeik \u00e1gya mellett: \u00e9s sz\u00f3l... R\u00e9szletek","og_url":"https:\/\/stuttgarti-katolikusok.de\/index.php\/ferenc-papa-uzenete-a-betegek-vilagnapjara-a-hit-melyebb-ertelmet-ad-a-betegsegnek\/","og_site_name":"Stuttgarti Katolikusok","article_published_time":"2014-09-15T21:40:49+00:00","article_modified_time":"2015-12-15T21:41:35+00:00","author":"Pap L\u00f3r\u00e1nt","twitter_card":"summary_large_image","twitter_misc":{"Szerz\u0151:":"Pap L\u00f3r\u00e1nt","Becs\u00fclt olvas\u00e1si id\u0151":"8 perc"},"schema":{"@context":"https:\/\/schema.org","@graph":[{"@type":"Article","@id":"https:\/\/stuttgarti-katolikusok.de\/index.php\/ferenc-papa-uzenete-a-betegek-vilagnapjara-a-hit-melyebb-ertelmet-ad-a-betegsegnek\/#article","isPartOf":{"@id":"https:\/\/stuttgarti-katolikusok.de\/index.php\/ferenc-papa-uzenete-a-betegek-vilagnapjara-a-hit-melyebb-ertelmet-ad-a-betegsegnek\/"},"author":{"name":"Pap L\u00f3r\u00e1nt","@id":"https:\/\/stuttgarti-katolikusok.de\/#\/schema\/person\/e4b8974603e18bea0e1dd451fdf95466"},"headline":"Ferenc p\u00e1pa \u00fczenete a betegek vil\u00e1gnapj\u00e1ra: a hit m\u00e9lyebb \u00e9rtelmet ad a betegs\u00e9gnek","datePublished":"2014-09-15T21:40:49+00:00","dateModified":"2015-12-15T21:41:35+00:00","mainEntityOfPage":{"@id":"https:\/\/stuttgarti-katolikusok.de\/index.php\/ferenc-papa-uzenete-a-betegek-vilagnapjara-a-hit-melyebb-ertelmet-ad-a-betegsegnek\/"},"wordCount":1532,"articleSection":["V\u00e1logatott \u00edr\u00e1sok"],"inLanguage":"hu"},{"@type":"WebPage","@id":"https:\/\/stuttgarti-katolikusok.de\/index.php\/ferenc-papa-uzenete-a-betegek-vilagnapjara-a-hit-melyebb-ertelmet-ad-a-betegsegnek\/","url":"https:\/\/stuttgarti-katolikusok.de\/index.php\/ferenc-papa-uzenete-a-betegek-vilagnapjara-a-hit-melyebb-ertelmet-ad-a-betegsegnek\/","name":"Ferenc p\u00e1pa \u00fczenete a betegek vil\u00e1gnapj\u00e1ra: a hit m\u00e9lyebb \u00e9rtelmet ad a betegs\u00e9gnek - Stuttgarti Katolikusok","isPartOf":{"@id":"https:\/\/stuttgarti-katolikusok.de\/#website"},"datePublished":"2014-09-15T21:40:49+00:00","dateModified":"2015-12-15T21:41:35+00:00","author":{"@id":"https:\/\/stuttgarti-katolikusok.de\/#\/schema\/person\/e4b8974603e18bea0e1dd451fdf95466"},"breadcrumb":{"@id":"https:\/\/stuttgarti-katolikusok.de\/index.php\/ferenc-papa-uzenete-a-betegek-vilagnapjara-a-hit-melyebb-ertelmet-ad-a-betegsegnek\/#breadcrumb"},"inLanguage":"hu","potentialAction":[{"@type":"ReadAction","target":["https:\/\/stuttgarti-katolikusok.de\/index.php\/ferenc-papa-uzenete-a-betegek-vilagnapjara-a-hit-melyebb-ertelmet-ad-a-betegsegnek\/"]}]},{"@type":"BreadcrumbList","@id":"https:\/\/stuttgarti-katolikusok.de\/index.php\/ferenc-papa-uzenete-a-betegek-vilagnapjara-a-hit-melyebb-ertelmet-ad-a-betegsegnek\/#breadcrumb","itemListElement":[{"@type":"ListItem","position":1,"name":"Kezd\u0151lap","item":"https:\/\/stuttgarti-katolikusok.de\/"},{"@type":"ListItem","position":2,"name":"Ferenc p\u00e1pa \u00fczenete a betegek vil\u00e1gnapj\u00e1ra: a hit m\u00e9lyebb \u00e9rtelmet ad a betegs\u00e9gnek"}]},{"@type":"WebSite","@id":"https:\/\/stuttgarti-katolikusok.de\/#website","url":"https:\/\/stuttgarti-katolikusok.de\/","name":"Stuttgarti Katolikusok","description":"","potentialAction":[{"@type":"SearchAction","target":{"@type":"EntryPoint","urlTemplate":"https:\/\/stuttgarti-katolikusok.de\/?s={search_term_string}"},"query-input":{"@type":"PropertyValueSpecification","valueRequired":true,"valueName":"search_term_string"}}],"inLanguage":"hu"},{"@type":"Person","@id":"https:\/\/stuttgarti-katolikusok.de\/#\/schema\/person\/e4b8974603e18bea0e1dd451fdf95466","name":"Pap L\u00f3r\u00e1nt","image":{"@type":"ImageObject","inLanguage":"hu","@id":"https:\/\/secure.gravatar.com\/avatar\/fab210c46214d43b54ee6a8cbddf404c7571dad536b6c8e007a4db3c0dfa1abe?s=96&d=mm&r=g","url":"https:\/\/secure.gravatar.com\/avatar\/fab210c46214d43b54ee6a8cbddf404c7571dad536b6c8e007a4db3c0dfa1abe?s=96&d=mm&r=g","contentUrl":"https:\/\/secure.gravatar.com\/avatar\/fab210c46214d43b54ee6a8cbddf404c7571dad536b6c8e007a4db3c0dfa1abe?s=96&d=mm&r=g","caption":"Pap L\u00f3r\u00e1nt"},"url":"https:\/\/stuttgarti-katolikusok.de\/index.php\/author\/lorant-pap\/"}]}},"_links":{"self":[{"href":"https:\/\/stuttgarti-katolikusok.de\/index.php\/wp-json\/wp\/v2\/posts\/8362","targetHints":{"allow":["GET"]}}],"collection":[{"href":"https:\/\/stuttgarti-katolikusok.de\/index.php\/wp-json\/wp\/v2\/posts"}],"about":[{"href":"https:\/\/stuttgarti-katolikusok.de\/index.php\/wp-json\/wp\/v2\/types\/post"}],"author":[{"embeddable":true,"href":"https:\/\/stuttgarti-katolikusok.de\/index.php\/wp-json\/wp\/v2\/users\/7"}],"replies":[{"embeddable":true,"href":"https:\/\/stuttgarti-katolikusok.de\/index.php\/wp-json\/wp\/v2\/comments?post=8362"}],"version-history":[{"count":1,"href":"https:\/\/stuttgarti-katolikusok.de\/index.php\/wp-json\/wp\/v2\/posts\/8362\/revisions"}],"predecessor-version":[{"id":8363,"href":"https:\/\/stuttgarti-katolikusok.de\/index.php\/wp-json\/wp\/v2\/posts\/8362\/revisions\/8363"}],"wp:attachment":[{"href":"https:\/\/stuttgarti-katolikusok.de\/index.php\/wp-json\/wp\/v2\/media?parent=8362"}],"wp:term":[{"taxonomy":"category","embeddable":true,"href":"https:\/\/stuttgarti-katolikusok.de\/index.php\/wp-json\/wp\/v2\/categories?post=8362"},{"taxonomy":"post_tag","embeddable":true,"href":"https:\/\/stuttgarti-katolikusok.de\/index.php\/wp-json\/wp\/v2\/tags?post=8362"}],"curies":[{"name":"wp","href":"https:\/\/api.w.org\/{rel}","templated":true}]}}