{"id":8358,"date":"2015-10-20T21:32:07","date_gmt":"2015-10-20T21:32:07","guid":{"rendered":"https:\/\/gracious-dewdney.138-201-221-2.plesk.page\/?p=8358"},"modified":"2015-12-15T21:32:36","modified_gmt":"2015-12-15T21:32:36","slug":"oly-korban-eltem-en-e-foldon","status":"publish","type":"post","link":"https:\/\/stuttgarti-katolikusok.de\/index.php\/oly-korban-eltem-en-e-foldon\/","title":{"rendered":"Oly korban \u00e9ltem \u00e9n e f\u00f6ld\u00f6n&#8230;"},"content":{"rendered":"<p><em>1956-okt\u00f3ber 23-ra eml\u00e9kez\u00fcnk<\/em><em><\/p>\n<p><\/em><\/p>\n<p>Amint utaz\u00e1somkor a villamos k\u00e9nyelmes padj\u00e1n elhelyezkedtem, e c\u00edm verssorai jutottak eszembe Radn\u00f3ti Mikl\u00f3s T\u00f6red\u00e9k c\u00edm\u0171 vers\u00e9b\u0151l, mik\u00f6zben a vas\u00e1rnapi \u00f6kumenikus szentmis\u00e9re siettem. Az id\u00e9n is, mint minden \u00e9vben, megeml\u00e9kezt\u00fcnk 1956-os forradalmunk \u00e9vfordul\u00f3j\u00e1r\u00f3l. Azon gondolkodtam, hogy l\u00e1m, korm\u00e1nyok mentek \u00e9s j\u00f6ttek, \u00e9s eltelt egy b\u0151 \u00e9vtized 1956-ig, m\u00e9gis mennyire igaz az a bibliai mond\u00e1s, nincsen \u00faj a Nap alatt <em>(\u201e<\/em><em>Ami volt, ugyanaz, ami ezut\u00e1n is lesz, \u00e9s ami t\u00f6rt\u00e9nt, ugyanaz, ami ezut\u00e1n is t\u00f6rt\u00e9nik; \u00e9s semmi nincs \u00faj dolog a Nap alatt.\u201d &#8211; Pr\u00e9d. 1,9)<\/p>\n<p><\/em><\/p>\n<p>Pedig ha elolvassuk a verset, mindenkinek szemet sz\u00far az a t\u00e9ny, hogy a k\u00f6lt\u0151 mindenhol a m\u00falt id\u0151t haszn\u00e1lta, amellyel mintegy azt jelezve, hogy az \u00e9let\u00e9nek kegyetlen sorsfordul\u00f3j\u00e1t csakis egy egyszeri, \u00e9s megism\u00e9telhetlen kort\u00f6rt\u00e9neti szakaszk\u00e9nt lehet f\u00f6lfogni, mert annak tilos m\u00e9gegyszer megism\u00e9tl\u0151dnie, \u00e9s m\u00e9gis megism\u00e9tl\u0151d\u00f6tt. \u00c9s m\u00e9gis, m\u00e9gis, ki ne ismerne k\u00f6z\u00fcl\u00fcnk a radn\u00f3tis \u2013 sorokb\u00f3l \u201956 jogtipr\u00f3 korszak\u00e1ra, hogy <em>\u201eaz ember \u00fagy elaljasult, hogy \u00f6nk\u00e9nt, k\u00e9jjel \u00f6lt, nemcsak parancsra\u201d<\/em> &#8211; s ezzel a gal\u00e1d \u00f6lni akar\u00e1ssal l\u0151ttek bele a fegyvertelen b\u00e9k\u00e9sen t\u00fcntet\u0151 egyetemista di\u00e1kok soraiba, ahol mint holmi j\u00e1t\u00e9k \u00f3lomkaton\u00e1k hal\u00e1losan megsebezve f\u00f6ldre buktak, s kim\u00e9letlen vad kezek mozdulat\u00e1ra, a haza leg\u00edg\u00e9retesebb ifj\u00fa \u00e9letei \u00f6r\u00f6kre a porba hulltak. Ha tov\u00e1bb olvassuk a verset, akkor igazat kell adnunk a Pr\u00e9dik\u00e1torok K\u00f6nyv\u00e9nek, mert az 1944 m\u00e1jus\u00e1ban dat\u00e1lt vers, amely a m\u00e1sodik vil\u00e1gh\u00e1bor\u00fa kor\u00e1ra esett, de semmiben sem m\u00e1s, vagyis teljesen r\u00e1illik 1956-ra, \u00e9s az azt k\u00f6vet\u0151 terror-id\u0151szakra, hiszen \u00fagyan\u00fagy m\u0171k\u00f6d\u00f6tt tov\u00e1bbra is, a versben is nyomat\u00e9kosan hangot kap\u00f3, bes\u00fag\u00e1sok, \u00e1v\u00f3s gyilkosok h\u0151ss\u00e9 avanzs\u00e1l\u00e1sa, s aki nem tapsolta meg h\u00f3h\u00e9rait, azt \u00fagy gy\u0171l\u00f6lt\u00e9k mint a versszavaival \u00e9lve, a pestisest, s a nem klakker (azaz: tapsol\u00f3) k\u00f6lt\u0151k mind az asztalfi\u00f3kjaiknak \u00edrt\u00e1k verseiket, s arra v\u00e1rtak mind, hogy a <em>\u201erettent\u0151 szavak tud\u00f3sa \u00c9sai\u00e1s\u201c<\/em> \u00fajra elj\u00f6jj\u00f6n \u00e9s megsz\u00f3laljon, hogy ism\u00e9t \u00e1tkot mondjon a velej\u00e9ig megromlott korszakra, mert az orsz\u00e1g elnyomottjai s\u00f3haja az \u00c9g fel\u00e9 sz\u00e1llt, s v\u00e1rt\u00e1k, hogy <em>\u201eIsten haragja megnyilv\u00e1nul az \u00e9gb\u0151l azoknak az embereknek minden gonoszs\u00e1ga \u00e9s igazs\u00e1gtalans\u00e1ga f\u00f6l\u00f6tt, akik igazs\u00e1gtalans\u00e1ggal elfojtj\u00e1k az isteni igazs\u00e1got\u201c<\/em> vagyis azt, hogy minden ember szabadnak sz\u00fcletett. (v\u00f6. R\u00f3m 1,16-25)<\/p>\n<p><em>\u201dOly korban \u00e9ltem \u00e9n e f\u00f6ld\u00f6n,<br \/>\nmikor az ember \u00fagy elaljasult,<br \/>\nhogy \u00f6nk\u00e9nt, k\u00e9jjel \u00f6lt, nemcsak parancsra,<br \/>\ns m\u00edg balhitekben hitt s tajt\u00e9kzott t\u00e9veteg,<br \/>\nbefont\u00e1k \u00e9let\u00e9t vad k\u00e9nyszerk\u00e9pzetek.<\/em><em><br \/>\nOly korban \u00e9ltem \u00e9n e f\u00f6ld\u00f6n,<br \/>\nmikor bes\u00fagni \u00e9rdem volt, s a gyilkos,<br \/>\naz \u00e1rul\u00f3, a rabl\u00f3 volt a h\u0151s, &#8211;<br \/>\ns ki n\u00e9ma volt net\u00e1n s csak lelkesedni rest,<br \/>\nm\u00e1r azt is gy\u0171l\u00f6lt\u00e9k, ak\u00e1r a pestisest.<br \/>\nOly korban \u00e9ltem \u00e9n e f\u00f6ld\u00f6n,<br \/>\nmikor ki sz\u00f3t emelt, az b\u00fajhatott,<br \/>\ns r\u00e1ghatta sz\u00e9gyen\u00e9ben \u00f6kleit, &#8211;<br \/>\naz orsz\u00e1g megvadult, s egy r\u00e9mes v\u00e9gzeten<br \/>\nvigyorgott v\u00e9rt\u0151l \u00e9s mocsokt\u00f3l r\u00e9szegen.<br \/>\nOly korban \u00e9ltem \u00e9n e f\u00f6ld\u00f6n,<br \/>\nmikor gyermeknek \u00e1tok volt az anyja,<br \/>\ns az asszony boldog volt, ha elvet\u00e9lt,<br \/>\naz \u00e9l\u0151 irigyl\u00e9 a f\u00e9rges s\u00edri holtat,<br \/>\nm\u00edg habzott asztal\u00e1n a s\u0171r\u0171 m\u00e9regoldat.<br \/>\nOly korban \u00e9ltem \u00e9n e f\u00f6ld\u00f6n,<br \/>\nmikor a k\u00f6lt\u0151 is csak hallgatott,<br \/>\ns v\u00e1rta, hogy tal\u00e1n megsz\u00f3lal \u00fajra &#8211;<br \/>\nmert m\u00e9lt\u00f3 \u00e1tkot itt \u00fagysem mondhatna m\u00e1s, &#8211;<br \/>\na rettent\u0151 szavak tud\u00f3sa, \u00c9sai\u00e1s&#8221;<\/p>\n<p><\/em><\/p>\n<p>Mik\u00f6zben Radn\u00f3ti verssorain elm\u00e9lkedtem, hamarosan meg\u00e9rkeztem a templomba, ahol nemcsak ismert arcok, de kev\u00e9sb\u00e9 ismertek is fogadtak, mivel protest\u00e1ns testv\u00e9reinkkel f\u0151leg csak \u00f6kumenikus szentmis\u00e9ken tal\u00e1lkozunk, de sz\u00e1momra teljesen ismeretlen szem\u00e9lyek is akadtak az egybegy\u0171ltek k\u00f6z\u00f6tt, akikr\u0151l csak a szentmise bevezet\u0151 k\u00f6sz\u00f6nt\u0151j\u00e9b\u0151l tudtam meg, hogy a megjelent vend\u00e9geinkben Stuttgart \u00fajonnan kinevezett f\u0151konzulj\u00e1t, Dr. Ber\u00e9nyi J\u00e1nost, \u00e9s csal\u00e1dj\u00e1t kell tiszteln\u00fcnk&#8230;<br \/>\n<em>A szentmis\u00e9t okt\u00f3ber 18-\u00e1n Dr. Tempfli Imre, a Stuttgarti Szent Gell\u00e9rt Egyh\u00e1zk\u00f6zs\u00e9g pl\u00e9b\u00e1nosa, \u00e9s papt\u00e1rsa Merl\u00e1s Tibor aty\u00e1k mutatt\u00e1k be. Ig\u00e9t Nt. G\u00e9mes P\u00e1l hirdetett, s az \u00farvacsora kioszt\u00e1s\u00e1ban Nt. Bittner Abig\u00e9l volt seg\u00edts\u00e9g\u00e9re. <\/em><\/p>\n<p><em>\u00a0<\/em><\/p>\n<p><em>A mise bevezet\u0151j\u00e9ben Tibor atya arra is kit\u00e9rt, hogy kik\u00e9rt aj\u00e1nljuk fel az aznapi szentmis\u00e9t, s kifejtette, hogy els\u0151sorban azok\u00e9rt sz\u00f3l ez a megeml\u00e9kez\u0151 szentmise, <\/em><em>\u201eakik \u00e9rted haltak, szent Vil\u00e1gszabads\u00e1g\u201c,<\/em><em> akik a legt\u00f6bbet adt\u00e1k, mert senki sem adhat t\u00f6bbet, mint saj\u00e1t \u00e9let\u00e9t a haz\u00e1\u00e9rt. S b\u00e1r az \u00f6tvenhatos id\u0151ket k\u00f6vet\u0151en <\/em><em>\u201e<\/em><em>Lev\u00e1gva n\u00e9p\u00fcnk ezrei, Halomba, mint kereszt,\u201c<\/em><em> \u00e9s hossz\u00fa \u00e9vtizedeken \u00e1t nem volt szabad meggy\u00e1szolnunk h\u0151seinket, de ahogy n\u00e9p\u00fcnk \u00fajra szabad leveg\u0151h\u00f6z jutott, \u00fajra <\/em><em>\u201eEml\u00e9k(\u00fck) s\u00edr a lanton\u201c <\/em><em>s mi \u00f6sszegy\u0171lt\u00fcnk, hogy arra az \u00f6tsz\u00e1zra, vagy tal\u00e1n m\u00e9g ann\u00e1l is t\u00f6bbre eml\u00e9kezz\u00fcnk, <\/em><em>\u201eaki \u00e9nekli hangosan a v\u00e9rtan\u00fak dal\u00e1t\u201c,<\/em><em> s mint ahogy egykor Arany J\u00e1nos is p\u00e9ldak\u00e9nt emlegette a m\u00falt id\u0151k b\u00e1tor, s a megalkuv\u00e1sra nemet mond\u00f3 h\u0151seit, \u00fagy sz\u00e1munkra is mindenkor p\u00e9ld\u00e1t kell, hogy jelentsen b\u00e1tor helyt\u00e1ll\u00e1sa azoknak, akik a mi elj\u00f6vend\u0151 szabads\u00e1gunk\u00e9rt is k\u00fczd\u00f6ttek. Igy eml\u00e9kezet\u00fcnk lantj\u00e1nak h\u00farjain \u00e9vr\u0151l-\u00e9vre f\u00f6lcsend\u00fclnek 56-os h\u0151seink dics\u0151 tettei.<\/em><\/p>\n<p>&nbsp;<\/p>\n<p><em>Tibor atya bevezet\u0151j\u00e9t az Igeliturgia k\u00f6vette el\u0151bb az Olvasm\u00e1ny Iz 53,10-11, majd a schola el\u00e9nekelte a v\u00e1laszos zsolt\u00e1rt, amely j\u00f3l t\u00fckr\u00f6zte azt az id\u0151szakot, amikor m\u00e1r m\u00e1r szinte rem\u00e9nyt vesz\u00edtve s\u00f3hajtott fel n\u00e9p\u00fcnk bizakodva im\u00e1ds\u00e1gos ajakkal az \u00c9g fel\u00e9: <\/em><em>\u201eAz \u00darra hagyatkozik lelk\u00fcnk, * \u0151 a seg\u00edt\u0151nk, \u00e9s \u0151 a mi oltalmunk. <\/em><em>Ref.<\/em><em> <strong>Kegyes szemed legyen rajtunk, * tebenned van bizodalmunk.<\/strong>\u201d <\/em><\/p>\n<p><em>A v\u00e1laszos zsolt\u00e1rt a Szentlecke, Zsid 4,14-16 k\u00f6vette, majd ezt k\u00f6vet\u0151en Nt. G\u00e9mes P\u00e1l f\u00f6lolvasta az Evang\u00e9liumot, amely elt\u00e9rt az \u00e9vk\u00f6zi 29. vas\u00e1rnapra rendelt, vagyis Mk 10,35-45-t\u0151l, \u00e9s helyette <\/em><em>\u201eAdj\u00e1tok h\u00e1t meg a cs\u00e1sz\u00e1rnak ami a cs\u00e1sz\u00e1r\u00e9, \u00e9s az Istennek ami az Isten\u00e9!\u201d<\/em><em> (M\u00e1rk 12,17) szakaszt olvasta, \u00e9s ezen szent\u00edr\u00e1si r\u00e9sz ment\u00e9n fejtette ki gondolatait, elmondva, hogy mik\u00e9nt akartak csapd\u00e1t \u00e1ll\u00edtani k\u00e9rd\u00e9s\u00fckkel a zsid\u00f3k J\u00e9zusnak, \u00e9s \u00d6 milyen \u00fcgyesen t\u00e9rt ki kelepc\u00e9j\u00fck el\u0151l, mintegy fel\u00e9j\u00fck visszaford\u00edtva a nekiszegezett t\u0151r \u00e9l\u00e9t, kifejtve azt, hogy vil\u00e1gosan k\u00fcl\u00f6nbs\u00e9get kell tenni a f\u00f6ldi hatalom \u00e9s az isteni hatalom k\u00f6z\u00f6tt. \u00dcgyesen ker\u00fclte ki a fariezus \u00e1ltal meg\u00e1sott vermet, s tette ezt oly m\u00f3don, hogy k\u00e9rd\u00e9s\u00fckre k\u00e9rd\u00e9s volt a felelet: <\/em><em>\u201ekinek a k\u00e9pe van a p\u00e9nz\u00e9remre verve, nemde a cs\u00e1sz\u00e1r\u00e9\u201c<\/em><em>, akkor ez a p\u00e9nz amit ti nap mint nap a r\u00f3mai hatalomt\u00f3l elfogadtok, \u00e9s kereskedtek vele, nem az \u00e9n p\u00e9nzem, csin\u00e1ljatok vele amit akartok, nekem nincs k\u00f6z\u00f6m hozz\u00e1. A tiszteletes \u00far az Evang\u00e9lium szavai \u00e1ltal arra is r\u00e1mutatott, hogy b\u00e1r a vil\u00e1gb\u00f3l val\u00f3k vagyunk, de mindennapi \u00e9let\u00fcnkben nem szabad elfeledkezn\u00fcnk arr\u00f3l, hogy az \u00e9let\u00fcnk Istent\u0151l val\u00f3, \u00edgy a mi k\u00e9pm\u00e1sunkra Isten k\u00e9pm\u00e1sa van verve, mivel a Szent\u00edr\u00e1sb\u00f3l is tudjuk hogy \u00d6nmaga k\u00e9pm\u00e1s\u00e1ra teremtette az embert, \u00e9s \u00e9let\u00fcnket f\u00f6ldi p\u00e1ly\u00e1nk v\u00e9g\u00e9n neki adjuk vissza, s ez\u00e9rt, fontos, hogy \u00e9let\u00fcnket ennek a f\u00e9ny\u00e9ben \u00e9lj\u00fck le! Err\u0151l sohasem szabad megfelekezn\u00fcnk. <\/em><\/p>\n<p>&nbsp;<\/p>\n<p><em>A szentmise \u00e9nekeit Kocsis Judit kis\u00e9rte, \u00e9s az \u00e1ldoz\u00e1si \u00e1hitat csendj\u00e9t az \u0151 nagyon sz\u00e9p orgonaj\u00e1t\u00e9ka t\u00f6lt\u00f6tte ki.<\/em><br \/>\n<em>Az \u00f6kumenikus szentmise Tibor atya \u00e9s G\u00e9mes tiszteletes \u00e1ld\u00e1s\u00e1val fejez\u0151d\u00f6tt be, majd v\u00e9gezet\u00fcl el\u00e9nekelt\u00fck nemzeti Im\u00e1ds\u00e1gunkat, a Himnuszt.<\/em><\/p>\n<p><em>\u00a0<\/em><\/p>\n<p><em>Ezut\u00e1n r\u00f6vid sz\u00fcnet k\u00f6vetkezett. Majd annak eltelt\u00e9vel az egybegy\u0171lt h\u00edvek meghallgathatt\u00e1k Dr. Ber\u00e9nyi J\u00e1nos konzul bemutatkoz\u00f3 szavait, majd az 1956-r\u00f3l sz\u00f3l\u00f3 \u00fcnnepi besz\u00e9d\u00e9t. <\/em><\/p>\n<p><em>Az \u00fcnnepi m\u0171sor Kocsis Judit orgonaj\u00e1t\u00e9k\u00e1val fejez\u0151d\u00f6tt be, s ezt k\u00f6vet\u0151en a h\u00edvek feh\u00e9r asztal mellett csengett\u00e9k ki az 56-ra val\u00f3 megeml\u00e9kez\u00e9s sz\u00e9p napj\u00e1t.<\/em><\/p>\n<p><em>\u00a0<\/em><\/p>\n<p>M\u00e9lt\u00f3an eml\u00e9kezt\u00fcnk h\u00e1t! M\u00e9lt\u00f3an a h\u0151seinkhez \u2013 \u00e9s m\u00e9lt\u00f3an \u00f6nmagunkhoz&#8230;<\/p>\n<p>&nbsp;<\/p>\n<p><em>Zeitler Barbara<\/em><\/p>\n<p><em>\u00a0<\/em><\/p>\n<p><em>Stuttgart, 2015. 10. 20.<\/em><\/p>\n","protected":false},"excerpt":{"rendered":"<p>1956-okt\u00f3ber 23-ra eml\u00e9kez\u00fcnk Amint utaz\u00e1somkor a villamos k\u00e9nyelmes padj\u00e1n elhelyezkedtem, e c\u00edm verssorai jutottak eszembe Radn\u00f3ti Mikl\u00f3s T\u00f6red\u00e9k c\u00edm\u0171 vers\u00e9b\u0151l, mik\u00f6zben a vas\u00e1rnapi \u00f6kumenikus szentmis\u00e9re siettem. Az id\u00e9n is, mint minden \u00e9vben, megeml\u00e9kezt\u00fcnk 1956-os forradalmunk \u00e9vfordul\u00f3j\u00e1r\u00f3l. Azon gondolkodtam, hogy l\u00e1m, korm\u00e1nyok mentek \u00e9s j\u00f6ttek, \u00e9s eltelt egy b\u0151 \u00e9vtized 1956-ig, m\u00e9gis mennyire igaz az a bibliai mond\u00e1s, nincsen \u00faj a Nap alatt (\u201eAmi volt, ugyanaz, ami ezut\u00e1n is lesz, \u00e9s ami t\u00f6rt\u00e9nt, ugyanaz, ami ezut\u00e1n is t\u00f6rt\u00e9nik; \u00e9s semmi nincs \u00faj dolog a Nap alatt.\u201d &#8211; Pr\u00e9d. 1,9) Pedig ha elolvassuk a verset, mindenkinek szemet sz\u00far az a t\u00e9ny, hogy a k\u00f6lt\u0151 mindenhol a m\u00falt id\u0151t haszn\u00e1lta, amellyel mintegy azt jelezve, hogy az \u00e9let\u00e9nek kegyetlen sorsfordul\u00f3j\u00e1t csakis egy egyszeri, \u00e9s megism\u00e9telhetlen kort\u00f6rt\u00e9neti szakaszk\u00e9nt lehet f\u00f6lfogni, mert annak tilos m\u00e9gegyszer megism\u00e9tl\u0151dnie, \u00e9s m\u00e9gis megism\u00e9tl\u0151d\u00f6tt. \u00c9s m\u00e9gis, m\u00e9gis, ki ne ismerne k\u00f6z\u00fcl\u00fcnk a radn\u00f3tis \u2013 sorokb\u00f3l \u201956 jogtipr\u00f3 korszak\u00e1ra, hogy \u201eaz ember \u00fagy elaljasult, hogy \u00f6nk\u00e9nt, k\u00e9jjel \u00f6lt, nemcsak parancsra\u201d &#8211; s ezzel a gal\u00e1d \u00f6lni akar\u00e1ssal l\u0151ttek bele a fegyvertelen b\u00e9k\u00e9sen t\u00fcntet\u0151 egyetemista di\u00e1kok soraiba, ahol mint holmi j\u00e1t\u00e9k \u00f3lomkaton\u00e1k hal\u00e1losan megsebezve f\u00f6ldre buktak, s kim\u00e9letlen vad kezek mozdulat\u00e1ra, a haza leg\u00edg\u00e9retesebb ifj\u00fa \u00e9letei \u00f6r\u00f6kre a porba hulltak. Ha tov\u00e1bb olvassuk a verset, akkor igazat kell adnunk a Pr\u00e9dik\u00e1torok K\u00f6nyv\u00e9nek, mert az 1944 m\u00e1jus\u00e1ban dat\u00e1lt vers, amely a m\u00e1sodik vil\u00e1gh\u00e1bor\u00fa kor\u00e1ra esett, de semmiben sem m\u00e1s, vagyis teljesen r\u00e1illik 1956-ra, \u00e9s az azt k\u00f6vet\u0151 terror-id\u0151szakra, hiszen \u00fagyan\u00fagy m\u0171k\u00f6d\u00f6tt tov\u00e1bbra is, a versben is nyomat\u00e9kosan hangot kap\u00f3, bes\u00fag\u00e1sok, \u00e1v\u00f3s gyilkosok h\u0151ss\u00e9 avanzs\u00e1l\u00e1sa, s aki nem tapsolta meg h\u00f3h\u00e9rait, azt \u00fagy gy\u0171l\u00f6lt\u00e9k mint a versszavaival \u00e9lve, a pestisest, s a nem klakker (azaz: tapsol\u00f3) k\u00f6lt\u0151k mind az asztalfi\u00f3kjaiknak \u00edrt\u00e1k verseiket, s arra v\u00e1rtak mind, hogy a \u201erettent\u0151 szavak tud\u00f3sa \u00c9sai\u00e1s\u201c \u00fajra elj\u00f6jj\u00f6n \u00e9s megsz\u00f3laljon, hogy ism\u00e9t \u00e1tkot mondjon a velej\u00e9ig megromlott korszakra, mert&#8230; <\/p>\n<p><a class=\"readmore\" href=\"https:\/\/stuttgarti-katolikusok.de\/index.php\/oly-korban-eltem-en-e-foldon\/\">R\u00e9szletek<\/a><\/p>\n","protected":false},"author":7,"featured_media":0,"comment_status":"closed","ping_status":"closed","sticky":false,"template":"","format":"standard","meta":{"footnotes":""},"categories":[28],"tags":[],"class_list":["post-8358","post","type-post","status-publish","format-standard","hentry","category-olvasoink-irjak"],"yoast_head":"<!-- This site is optimized with the Yoast SEO plugin v27.3 - https:\/\/yoast.com\/product\/yoast-seo-wordpress\/ -->\n<title>Oly korban \u00e9ltem \u00e9n e f\u00f6ld\u00f6n... - Stuttgarti Katolikusok<\/title>\n<meta name=\"robots\" content=\"index, follow, max-snippet:-1, max-image-preview:large, max-video-preview:-1\" \/>\n<link rel=\"canonical\" href=\"https:\/\/stuttgarti-katolikusok.de\/index.php\/oly-korban-eltem-en-e-foldon\/\" \/>\n<meta property=\"og:locale\" content=\"hu_HU\" \/>\n<meta property=\"og:type\" content=\"article\" \/>\n<meta property=\"og:title\" content=\"Oly korban \u00e9ltem \u00e9n e f\u00f6ld\u00f6n... - Stuttgarti Katolikusok\" \/>\n<meta property=\"og:description\" content=\"1956-okt\u00f3ber 23-ra eml\u00e9kez\u00fcnk Amint utaz\u00e1somkor a villamos k\u00e9nyelmes padj\u00e1n elhelyezkedtem, e c\u00edm verssorai jutottak eszembe Radn\u00f3ti Mikl\u00f3s T\u00f6red\u00e9k c\u00edm\u0171 vers\u00e9b\u0151l, mik\u00f6zben a vas\u00e1rnapi \u00f6kumenikus szentmis\u00e9re siettem. Az id\u00e9n is, mint minden \u00e9vben, megeml\u00e9kezt\u00fcnk 1956-os forradalmunk \u00e9vfordul\u00f3j\u00e1r\u00f3l. Azon gondolkodtam, hogy l\u00e1m, korm\u00e1nyok mentek \u00e9s j\u00f6ttek, \u00e9s eltelt egy b\u0151 \u00e9vtized 1956-ig, m\u00e9gis mennyire igaz az a bibliai mond\u00e1s, nincsen \u00faj a Nap alatt (\u201eAmi volt, ugyanaz, ami ezut\u00e1n is lesz, \u00e9s ami t\u00f6rt\u00e9nt, ugyanaz, ami ezut\u00e1n is t\u00f6rt\u00e9nik; \u00e9s semmi nincs \u00faj dolog a Nap alatt.\u201d &#8211; Pr\u00e9d. 1,9) Pedig ha elolvassuk a verset, mindenkinek szemet sz\u00far az a t\u00e9ny, hogy a k\u00f6lt\u0151 mindenhol a m\u00falt id\u0151t haszn\u00e1lta, amellyel mintegy azt jelezve, hogy az \u00e9let\u00e9nek kegyetlen sorsfordul\u00f3j\u00e1t csakis egy egyszeri, \u00e9s megism\u00e9telhetlen kort\u00f6rt\u00e9neti szakaszk\u00e9nt lehet f\u00f6lfogni, mert annak tilos m\u00e9gegyszer megism\u00e9tl\u0151dnie, \u00e9s m\u00e9gis megism\u00e9tl\u0151d\u00f6tt. \u00c9s m\u00e9gis, m\u00e9gis, ki ne ismerne k\u00f6z\u00fcl\u00fcnk a radn\u00f3tis \u2013 sorokb\u00f3l \u201956 jogtipr\u00f3 korszak\u00e1ra, hogy \u201eaz ember \u00fagy elaljasult, hogy \u00f6nk\u00e9nt, k\u00e9jjel \u00f6lt, nemcsak parancsra\u201d &#8211; s ezzel a gal\u00e1d \u00f6lni akar\u00e1ssal l\u0151ttek bele a fegyvertelen b\u00e9k\u00e9sen t\u00fcntet\u0151 egyetemista di\u00e1kok soraiba, ahol mint holmi j\u00e1t\u00e9k \u00f3lomkaton\u00e1k hal\u00e1losan megsebezve f\u00f6ldre buktak, s kim\u00e9letlen vad kezek mozdulat\u00e1ra, a haza leg\u00edg\u00e9retesebb ifj\u00fa \u00e9letei \u00f6r\u00f6kre a porba hulltak. Ha tov\u00e1bb olvassuk a verset, akkor igazat kell adnunk a Pr\u00e9dik\u00e1torok K\u00f6nyv\u00e9nek, mert az 1944 m\u00e1jus\u00e1ban dat\u00e1lt vers, amely a m\u00e1sodik vil\u00e1gh\u00e1bor\u00fa kor\u00e1ra esett, de semmiben sem m\u00e1s, vagyis teljesen r\u00e1illik 1956-ra, \u00e9s az azt k\u00f6vet\u0151 terror-id\u0151szakra, hiszen \u00fagyan\u00fagy m\u0171k\u00f6d\u00f6tt tov\u00e1bbra is, a versben is nyomat\u00e9kosan hangot kap\u00f3, bes\u00fag\u00e1sok, \u00e1v\u00f3s gyilkosok h\u0151ss\u00e9 avanzs\u00e1l\u00e1sa, s aki nem tapsolta meg h\u00f3h\u00e9rait, azt \u00fagy gy\u0171l\u00f6lt\u00e9k mint a versszavaival \u00e9lve, a pestisest, s a nem klakker (azaz: tapsol\u00f3) k\u00f6lt\u0151k mind az asztalfi\u00f3kjaiknak \u00edrt\u00e1k verseiket, s arra v\u00e1rtak mind, hogy a \u201erettent\u0151 szavak tud\u00f3sa \u00c9sai\u00e1s\u201c \u00fajra elj\u00f6jj\u00f6n \u00e9s megsz\u00f3laljon, hogy ism\u00e9t \u00e1tkot mondjon a velej\u00e9ig megromlott korszakra, mert... R\u00e9szletek\" \/>\n<meta property=\"og:url\" content=\"https:\/\/stuttgarti-katolikusok.de\/index.php\/oly-korban-eltem-en-e-foldon\/\" \/>\n<meta property=\"og:site_name\" content=\"Stuttgarti Katolikusok\" \/>\n<meta property=\"article:published_time\" content=\"2015-10-20T21:32:07+00:00\" \/>\n<meta property=\"article:modified_time\" content=\"2015-12-15T21:32:36+00:00\" \/>\n<meta name=\"author\" content=\"Pap L\u00f3r\u00e1nt\" \/>\n<meta name=\"twitter:card\" content=\"summary_large_image\" \/>\n<meta name=\"twitter:label1\" content=\"Szerz\u0151:\" \/>\n\t<meta name=\"twitter:data1\" content=\"Pap L\u00f3r\u00e1nt\" \/>\n\t<meta name=\"twitter:label2\" content=\"Becs\u00fclt olvas\u00e1si id\u0151\" \/>\n\t<meta name=\"twitter:data2\" content=\"8 perc\" \/>\n<script type=\"application\/ld+json\" class=\"yoast-schema-graph\">{\"@context\":\"https:\\\/\\\/schema.org\",\"@graph\":[{\"@type\":\"Article\",\"@id\":\"https:\\\/\\\/stuttgarti-katolikusok.de\\\/index.php\\\/oly-korban-eltem-en-e-foldon\\\/#article\",\"isPartOf\":{\"@id\":\"https:\\\/\\\/stuttgarti-katolikusok.de\\\/index.php\\\/oly-korban-eltem-en-e-foldon\\\/\"},\"author\":{\"name\":\"Pap L\u00f3r\u00e1nt\",\"@id\":\"https:\\\/\\\/stuttgarti-katolikusok.de\\\/#\\\/schema\\\/person\\\/e4b8974603e18bea0e1dd451fdf95466\"},\"headline\":\"Oly korban \u00e9ltem \u00e9n e f\u00f6ld\u00f6n&#8230;\",\"datePublished\":\"2015-10-20T21:32:07+00:00\",\"dateModified\":\"2015-12-15T21:32:36+00:00\",\"mainEntityOfPage\":{\"@id\":\"https:\\\/\\\/stuttgarti-katolikusok.de\\\/index.php\\\/oly-korban-eltem-en-e-foldon\\\/\"},\"wordCount\":1621,\"articleSection\":[\"Olvas\u00f3ink \u00edrj\u00e1k\"],\"inLanguage\":\"hu\"},{\"@type\":\"WebPage\",\"@id\":\"https:\\\/\\\/stuttgarti-katolikusok.de\\\/index.php\\\/oly-korban-eltem-en-e-foldon\\\/\",\"url\":\"https:\\\/\\\/stuttgarti-katolikusok.de\\\/index.php\\\/oly-korban-eltem-en-e-foldon\\\/\",\"name\":\"Oly korban \u00e9ltem \u00e9n e f\u00f6ld\u00f6n... - Stuttgarti Katolikusok\",\"isPartOf\":{\"@id\":\"https:\\\/\\\/stuttgarti-katolikusok.de\\\/#website\"},\"datePublished\":\"2015-10-20T21:32:07+00:00\",\"dateModified\":\"2015-12-15T21:32:36+00:00\",\"author\":{\"@id\":\"https:\\\/\\\/stuttgarti-katolikusok.de\\\/#\\\/schema\\\/person\\\/e4b8974603e18bea0e1dd451fdf95466\"},\"breadcrumb\":{\"@id\":\"https:\\\/\\\/stuttgarti-katolikusok.de\\\/index.php\\\/oly-korban-eltem-en-e-foldon\\\/#breadcrumb\"},\"inLanguage\":\"hu\",\"potentialAction\":[{\"@type\":\"ReadAction\",\"target\":[\"https:\\\/\\\/stuttgarti-katolikusok.de\\\/index.php\\\/oly-korban-eltem-en-e-foldon\\\/\"]}]},{\"@type\":\"BreadcrumbList\",\"@id\":\"https:\\\/\\\/stuttgarti-katolikusok.de\\\/index.php\\\/oly-korban-eltem-en-e-foldon\\\/#breadcrumb\",\"itemListElement\":[{\"@type\":\"ListItem\",\"position\":1,\"name\":\"Kezd\u0151lap\",\"item\":\"https:\\\/\\\/stuttgarti-katolikusok.de\\\/\"},{\"@type\":\"ListItem\",\"position\":2,\"name\":\"Oly korban \u00e9ltem \u00e9n e f\u00f6ld\u00f6n&#8230;\"}]},{\"@type\":\"WebSite\",\"@id\":\"https:\\\/\\\/stuttgarti-katolikusok.de\\\/#website\",\"url\":\"https:\\\/\\\/stuttgarti-katolikusok.de\\\/\",\"name\":\"Stuttgarti Katolikusok\",\"description\":\"\",\"potentialAction\":[{\"@type\":\"SearchAction\",\"target\":{\"@type\":\"EntryPoint\",\"urlTemplate\":\"https:\\\/\\\/stuttgarti-katolikusok.de\\\/?s={search_term_string}\"},\"query-input\":{\"@type\":\"PropertyValueSpecification\",\"valueRequired\":true,\"valueName\":\"search_term_string\"}}],\"inLanguage\":\"hu\"},{\"@type\":\"Person\",\"@id\":\"https:\\\/\\\/stuttgarti-katolikusok.de\\\/#\\\/schema\\\/person\\\/e4b8974603e18bea0e1dd451fdf95466\",\"name\":\"Pap L\u00f3r\u00e1nt\",\"image\":{\"@type\":\"ImageObject\",\"inLanguage\":\"hu\",\"@id\":\"https:\\\/\\\/secure.gravatar.com\\\/avatar\\\/fab210c46214d43b54ee6a8cbddf404c7571dad536b6c8e007a4db3c0dfa1abe?s=96&d=mm&r=g\",\"url\":\"https:\\\/\\\/secure.gravatar.com\\\/avatar\\\/fab210c46214d43b54ee6a8cbddf404c7571dad536b6c8e007a4db3c0dfa1abe?s=96&d=mm&r=g\",\"contentUrl\":\"https:\\\/\\\/secure.gravatar.com\\\/avatar\\\/fab210c46214d43b54ee6a8cbddf404c7571dad536b6c8e007a4db3c0dfa1abe?s=96&d=mm&r=g\",\"caption\":\"Pap L\u00f3r\u00e1nt\"},\"url\":\"https:\\\/\\\/stuttgarti-katolikusok.de\\\/index.php\\\/author\\\/lorant-pap\\\/\"}]}<\/script>\n<!-- \/ Yoast SEO plugin. -->","yoast_head_json":{"title":"Oly korban \u00e9ltem \u00e9n e f\u00f6ld\u00f6n... - Stuttgarti Katolikusok","robots":{"index":"index","follow":"follow","max-snippet":"max-snippet:-1","max-image-preview":"max-image-preview:large","max-video-preview":"max-video-preview:-1"},"canonical":"https:\/\/stuttgarti-katolikusok.de\/index.php\/oly-korban-eltem-en-e-foldon\/","og_locale":"hu_HU","og_type":"article","og_title":"Oly korban \u00e9ltem \u00e9n e f\u00f6ld\u00f6n... - Stuttgarti Katolikusok","og_description":"1956-okt\u00f3ber 23-ra eml\u00e9kez\u00fcnk Amint utaz\u00e1somkor a villamos k\u00e9nyelmes padj\u00e1n elhelyezkedtem, e c\u00edm verssorai jutottak eszembe Radn\u00f3ti Mikl\u00f3s T\u00f6red\u00e9k c\u00edm\u0171 vers\u00e9b\u0151l, mik\u00f6zben a vas\u00e1rnapi \u00f6kumenikus szentmis\u00e9re siettem. Az id\u00e9n is, mint minden \u00e9vben, megeml\u00e9kezt\u00fcnk 1956-os forradalmunk \u00e9vfordul\u00f3j\u00e1r\u00f3l. Azon gondolkodtam, hogy l\u00e1m, korm\u00e1nyok mentek \u00e9s j\u00f6ttek, \u00e9s eltelt egy b\u0151 \u00e9vtized 1956-ig, m\u00e9gis mennyire igaz az a bibliai mond\u00e1s, nincsen \u00faj a Nap alatt (\u201eAmi volt, ugyanaz, ami ezut\u00e1n is lesz, \u00e9s ami t\u00f6rt\u00e9nt, ugyanaz, ami ezut\u00e1n is t\u00f6rt\u00e9nik; \u00e9s semmi nincs \u00faj dolog a Nap alatt.\u201d &#8211; Pr\u00e9d. 1,9) Pedig ha elolvassuk a verset, mindenkinek szemet sz\u00far az a t\u00e9ny, hogy a k\u00f6lt\u0151 mindenhol a m\u00falt id\u0151t haszn\u00e1lta, amellyel mintegy azt jelezve, hogy az \u00e9let\u00e9nek kegyetlen sorsfordul\u00f3j\u00e1t csakis egy egyszeri, \u00e9s megism\u00e9telhetlen kort\u00f6rt\u00e9neti szakaszk\u00e9nt lehet f\u00f6lfogni, mert annak tilos m\u00e9gegyszer megism\u00e9tl\u0151dnie, \u00e9s m\u00e9gis megism\u00e9tl\u0151d\u00f6tt. \u00c9s m\u00e9gis, m\u00e9gis, ki ne ismerne k\u00f6z\u00fcl\u00fcnk a radn\u00f3tis \u2013 sorokb\u00f3l \u201956 jogtipr\u00f3 korszak\u00e1ra, hogy \u201eaz ember \u00fagy elaljasult, hogy \u00f6nk\u00e9nt, k\u00e9jjel \u00f6lt, nemcsak parancsra\u201d &#8211; s ezzel a gal\u00e1d \u00f6lni akar\u00e1ssal l\u0151ttek bele a fegyvertelen b\u00e9k\u00e9sen t\u00fcntet\u0151 egyetemista di\u00e1kok soraiba, ahol mint holmi j\u00e1t\u00e9k \u00f3lomkaton\u00e1k hal\u00e1losan megsebezve f\u00f6ldre buktak, s kim\u00e9letlen vad kezek mozdulat\u00e1ra, a haza leg\u00edg\u00e9retesebb ifj\u00fa \u00e9letei \u00f6r\u00f6kre a porba hulltak. Ha tov\u00e1bb olvassuk a verset, akkor igazat kell adnunk a Pr\u00e9dik\u00e1torok K\u00f6nyv\u00e9nek, mert az 1944 m\u00e1jus\u00e1ban dat\u00e1lt vers, amely a m\u00e1sodik vil\u00e1gh\u00e1bor\u00fa kor\u00e1ra esett, de semmiben sem m\u00e1s, vagyis teljesen r\u00e1illik 1956-ra, \u00e9s az azt k\u00f6vet\u0151 terror-id\u0151szakra, hiszen \u00fagyan\u00fagy m\u0171k\u00f6d\u00f6tt tov\u00e1bbra is, a versben is nyomat\u00e9kosan hangot kap\u00f3, bes\u00fag\u00e1sok, \u00e1v\u00f3s gyilkosok h\u0151ss\u00e9 avanzs\u00e1l\u00e1sa, s aki nem tapsolta meg h\u00f3h\u00e9rait, azt \u00fagy gy\u0171l\u00f6lt\u00e9k mint a versszavaival \u00e9lve, a pestisest, s a nem klakker (azaz: tapsol\u00f3) k\u00f6lt\u0151k mind az asztalfi\u00f3kjaiknak \u00edrt\u00e1k verseiket, s arra v\u00e1rtak mind, hogy a \u201erettent\u0151 szavak tud\u00f3sa \u00c9sai\u00e1s\u201c \u00fajra elj\u00f6jj\u00f6n \u00e9s megsz\u00f3laljon, hogy ism\u00e9t \u00e1tkot mondjon a velej\u00e9ig megromlott korszakra, mert... R\u00e9szletek","og_url":"https:\/\/stuttgarti-katolikusok.de\/index.php\/oly-korban-eltem-en-e-foldon\/","og_site_name":"Stuttgarti Katolikusok","article_published_time":"2015-10-20T21:32:07+00:00","article_modified_time":"2015-12-15T21:32:36+00:00","author":"Pap L\u00f3r\u00e1nt","twitter_card":"summary_large_image","twitter_misc":{"Szerz\u0151:":"Pap L\u00f3r\u00e1nt","Becs\u00fclt olvas\u00e1si id\u0151":"8 perc"},"schema":{"@context":"https:\/\/schema.org","@graph":[{"@type":"Article","@id":"https:\/\/stuttgarti-katolikusok.de\/index.php\/oly-korban-eltem-en-e-foldon\/#article","isPartOf":{"@id":"https:\/\/stuttgarti-katolikusok.de\/index.php\/oly-korban-eltem-en-e-foldon\/"},"author":{"name":"Pap L\u00f3r\u00e1nt","@id":"https:\/\/stuttgarti-katolikusok.de\/#\/schema\/person\/e4b8974603e18bea0e1dd451fdf95466"},"headline":"Oly korban \u00e9ltem \u00e9n e f\u00f6ld\u00f6n&#8230;","datePublished":"2015-10-20T21:32:07+00:00","dateModified":"2015-12-15T21:32:36+00:00","mainEntityOfPage":{"@id":"https:\/\/stuttgarti-katolikusok.de\/index.php\/oly-korban-eltem-en-e-foldon\/"},"wordCount":1621,"articleSection":["Olvas\u00f3ink \u00edrj\u00e1k"],"inLanguage":"hu"},{"@type":"WebPage","@id":"https:\/\/stuttgarti-katolikusok.de\/index.php\/oly-korban-eltem-en-e-foldon\/","url":"https:\/\/stuttgarti-katolikusok.de\/index.php\/oly-korban-eltem-en-e-foldon\/","name":"Oly korban \u00e9ltem \u00e9n e f\u00f6ld\u00f6n... - Stuttgarti Katolikusok","isPartOf":{"@id":"https:\/\/stuttgarti-katolikusok.de\/#website"},"datePublished":"2015-10-20T21:32:07+00:00","dateModified":"2015-12-15T21:32:36+00:00","author":{"@id":"https:\/\/stuttgarti-katolikusok.de\/#\/schema\/person\/e4b8974603e18bea0e1dd451fdf95466"},"breadcrumb":{"@id":"https:\/\/stuttgarti-katolikusok.de\/index.php\/oly-korban-eltem-en-e-foldon\/#breadcrumb"},"inLanguage":"hu","potentialAction":[{"@type":"ReadAction","target":["https:\/\/stuttgarti-katolikusok.de\/index.php\/oly-korban-eltem-en-e-foldon\/"]}]},{"@type":"BreadcrumbList","@id":"https:\/\/stuttgarti-katolikusok.de\/index.php\/oly-korban-eltem-en-e-foldon\/#breadcrumb","itemListElement":[{"@type":"ListItem","position":1,"name":"Kezd\u0151lap","item":"https:\/\/stuttgarti-katolikusok.de\/"},{"@type":"ListItem","position":2,"name":"Oly korban \u00e9ltem \u00e9n e f\u00f6ld\u00f6n&#8230;"}]},{"@type":"WebSite","@id":"https:\/\/stuttgarti-katolikusok.de\/#website","url":"https:\/\/stuttgarti-katolikusok.de\/","name":"Stuttgarti Katolikusok","description":"","potentialAction":[{"@type":"SearchAction","target":{"@type":"EntryPoint","urlTemplate":"https:\/\/stuttgarti-katolikusok.de\/?s={search_term_string}"},"query-input":{"@type":"PropertyValueSpecification","valueRequired":true,"valueName":"search_term_string"}}],"inLanguage":"hu"},{"@type":"Person","@id":"https:\/\/stuttgarti-katolikusok.de\/#\/schema\/person\/e4b8974603e18bea0e1dd451fdf95466","name":"Pap L\u00f3r\u00e1nt","image":{"@type":"ImageObject","inLanguage":"hu","@id":"https:\/\/secure.gravatar.com\/avatar\/fab210c46214d43b54ee6a8cbddf404c7571dad536b6c8e007a4db3c0dfa1abe?s=96&d=mm&r=g","url":"https:\/\/secure.gravatar.com\/avatar\/fab210c46214d43b54ee6a8cbddf404c7571dad536b6c8e007a4db3c0dfa1abe?s=96&d=mm&r=g","contentUrl":"https:\/\/secure.gravatar.com\/avatar\/fab210c46214d43b54ee6a8cbddf404c7571dad536b6c8e007a4db3c0dfa1abe?s=96&d=mm&r=g","caption":"Pap L\u00f3r\u00e1nt"},"url":"https:\/\/stuttgarti-katolikusok.de\/index.php\/author\/lorant-pap\/"}]}},"_links":{"self":[{"href":"https:\/\/stuttgarti-katolikusok.de\/index.php\/wp-json\/wp\/v2\/posts\/8358","targetHints":{"allow":["GET"]}}],"collection":[{"href":"https:\/\/stuttgarti-katolikusok.de\/index.php\/wp-json\/wp\/v2\/posts"}],"about":[{"href":"https:\/\/stuttgarti-katolikusok.de\/index.php\/wp-json\/wp\/v2\/types\/post"}],"author":[{"embeddable":true,"href":"https:\/\/stuttgarti-katolikusok.de\/index.php\/wp-json\/wp\/v2\/users\/7"}],"replies":[{"embeddable":true,"href":"https:\/\/stuttgarti-katolikusok.de\/index.php\/wp-json\/wp\/v2\/comments?post=8358"}],"version-history":[{"count":1,"href":"https:\/\/stuttgarti-katolikusok.de\/index.php\/wp-json\/wp\/v2\/posts\/8358\/revisions"}],"predecessor-version":[{"id":8359,"href":"https:\/\/stuttgarti-katolikusok.de\/index.php\/wp-json\/wp\/v2\/posts\/8358\/revisions\/8359"}],"wp:attachment":[{"href":"https:\/\/stuttgarti-katolikusok.de\/index.php\/wp-json\/wp\/v2\/media?parent=8358"}],"wp:term":[{"taxonomy":"category","embeddable":true,"href":"https:\/\/stuttgarti-katolikusok.de\/index.php\/wp-json\/wp\/v2\/categories?post=8358"},{"taxonomy":"post_tag","embeddable":true,"href":"https:\/\/stuttgarti-katolikusok.de\/index.php\/wp-json\/wp\/v2\/tags?post=8358"}],"curies":[{"name":"wp","href":"https:\/\/api.w.org\/{rel}","templated":true}]}}