{"id":8356,"date":"2015-11-06T21:30:29","date_gmt":"2015-11-06T21:30:29","guid":{"rendered":"https:\/\/gracious-dewdney.138-201-221-2.plesk.page\/?p=8356"},"modified":"2015-12-15T21:31:18","modified_gmt":"2015-12-15T21:31:18","slug":"nem-rejtheto-el-a-hegyen-epult-temeto","status":"publish","type":"post","link":"https:\/\/stuttgarti-katolikusok.de\/index.php\/nem-rejtheto-el-a-hegyen-epult-temeto\/","title":{"rendered":"\u201eNem rejthet\u0151 el a hegyen \u00e9p\u00fclt\u201c temet\u0151."},"content":{"rendered":"<p>Most is, mint legt\u00f6bbsz\u00f6r, szinte fut\u00f3l\u00e9p\u00e9sben tettem meg az utat a villamosmeg\u00e1ll\u00f3ig, hogy m\u00e9g id\u0151ben oda\u00e9rhessek a Bruder Klaus templomunkba. Ezen a napon egy k\u00fcl\u00f6nlegesnek mondhat\u00f3 szentmis\u00e9re siettem, amelyet <em>\u201eaz Egyh\u00e1z diadal\u00fcnnep\u00e9nek neveznek , amelyen az Isten seregszeml\u00e9t tart mennyben diadalmaskod\u00f3 szentjei felett,\u201c<\/em> \/Szunyogh Xav\u00e9r\/ \u00edgy nem volt id\u0151 arra, hogy \u00fatk\u00f6zben meg\u00e9rintsen az a k\u00f6rnyezet, amelynek n\u00e9h\u00e1ny sz\u00e1zm\u00e9ter\u00e9t magam m\u00f6g\u00f6tt hagytam, hogy beszippantsam annak az \u0151szre, az elm\u00fal\u00e1sra eml\u00e9keztet\u0151 a hervad\u00e1s-eny\u00e9szet\u00e9nek kiss\u00e9 keserny\u00e9s, avatag illat\u00e1t. Csak amikor a villamosr\u00f3l lesz\u00e1lltam, \u00e9szleltem, hogy egy utaz\u00e1snyi id\u0151 eltelt\u00e9vel mennyire megv\u00e1ltozott az \u00f6narck\u00e9pe az \u0151sznek. Legszebb sz\u00ednpomp\u00e1jukban \u00e1lltak sorfalat nekem, az aranyl\u00f3 s\u00e1rg\u00e1ban, pirosas barn\u00e1ban, s csod\u00e1latos sz\u00ednkavalk\u00e1dban burkol\u00f3dzott \u00fatmenti f\u00e1k, \u00e9s a gy\u00e9r\u00fcl\u0151 \u00e1glevelei k\u00f6z\u00fcl ki-kibukkan\u00f3 Nap, ink\u00e1bb vid\u00e1m, semmint szomork\u00e1s hangulatot \u00e9bresztett lelkemben. S amikor a templom k\u00f6zel\u00e9be \u00e9rtem, ott, ahol gr\u00e1dicsos \u00fat vezet az Isten h\u00e1z\u00e1hoz, \u00e9szre kellett, hogy vegyem, milyen nagy m\u0171v\u00e9sz a term\u00e9szet. Rendelkezz\u00e9k valaki csup\u00e1n egy csippetnyi sz\u00e9ps\u00e9g\u00e9rzettel, m\u00e1r is el\u00e1mul azon a sz\u00e9ps\u00e9gen, hogy miel\u0151tt megkompon\u00e1lta volna a fejem feletti \u00e1gak baldachins\u00e1tor\u00e1t, mily nagy gondja volt arra is, hogy fest\u0151palett\u00e1j\u00e1n a legszebb sz\u00edneket keverje ki, \u00e9s ecsetj\u00e9t abba belem\u00e1rtva, a k\u00e9t oldalr\u00f3l \u00f6sszebor\u00fal\u00f3, \u00e9s egym\u00e1snak sugdos\u00f3 fa\u00e1gakat, ehhez a vas\u00e1rnaphoz ill\u0151en gy\u00f6ny\u00f6r\u0171 ruh\u00e1ba \u00f6lt\u00f6ztesse. Mert nemcsak P\u00e1rizsba &#8211; ahogy Ady mondta -, de Stuttgartba is besz\u00f6k\u00f6tt az \u0151sz.<\/p>\n<p>&nbsp;<\/p>\n<p>Ezen a napon, &#8211; egyr\u00e9szt az\u00e9rt mert Mindenszentek mis\u00e9j\u00e9n szeretteink r\u00e9sz\u00e9re b\u00facs\u00fat nyerhet\u00fcnk, m\u00e1sr\u00e9sz az\u00e9rt is mert minden vas\u00e1rnap parancsolt \u00fcnnepnapot jelent, amely a h\u00edv\u0151ket szentmis\u00e9n val\u00f3 r\u00e9sztv\u00e9telre k\u00f6telezi, &#8211; zs\u00fafol\u00e1sig megtelt a templom.<\/p>\n<p>&nbsp;<\/p>\n<p>A szentmise f\u0151celebr\u00e1nsa ez\u00fattal Tibor atya volt, aki Imre aty\u00e1val egy\u00fctt koncelebr\u00e1lta a szentmis\u00e9t, s az aznapi Evang\u00e9liumot is, Mt 5,1-12-\u0151t az el\u0151bbi olvasta fel, \u00e9s gondolatait is \u0151 osztotta meg vel\u00fcnk, a boldogs\u00e1gr\u00f3l \u00e9s a Mindenszentek \u00fcnnep\u00e9nek a t\u00e9m\u00e1j\u00e1r\u00f3l.<\/p>\n<p>&nbsp;<\/p>\n<p>\u00c8rdekes k\u00f6zj\u00e1t\u00e9ka volt az \u00e9letnek, hogy a k\u00f6zelm\u00faltban m\u00e1r alkalmam volt \u00edrni a hegyi besz\u00e9dnek <em>\u201eA nyolc boldogs\u00e1g\u201c<\/em> t\u00e9m\u00e1j\u00e1r\u00f3l. A k\u00f6r\u00fcnkbe l\u00e1togat\u00f3 Majnek Antal p\u00fcsp\u00f6k \u00far is err\u0151l besz\u00e9lt \u2013 s akkor t\u00f6bbek k\u00f6z\u00f6tt azt is megtudhattuk t\u0151le, hogy ez a szent\u00edr\u00e1si r\u00e9sz a kedvenc t\u00e9m\u00e1i k\u00f6z\u00e9 tartozik, &#8211; de ennek ellen\u00e9re t\u00e9mav\u00e1laszt\u00e1s\u00e1nak m\u00e9gsem ez volt az aprop\u00f3ja, hanem erre a zsolt\u00e1roz\u00f3 \u00e9nekesek zsolt\u00e1rsz\u00f6vege inspir\u00e1lta. Az \u0151 lelkisz\u0171r\u0151j\u00e9n kereszt\u00fcl tudhattuk meg azokat a fontos dolgokat, amelyet J\u00e9zus a Genez\u00e1reti tavat k\u00f6rnyez\u0151 hegyen a boldogs\u00e1g mibenl\u00e9t\u00e9r\u0151l mondott nagy l\u00e9tsz\u00e1m\u00fa hallgat\u00f3s\u00e1g\u00e1nak.<\/p>\n<p>&nbsp;<\/p>\n<p>A nyolc boldogs\u00e1g els\u0151 titka, Boldogok a l\u00e9lekben szeg\u00e9nyek, * mert \u00f6v\u00e9k a mennyek orsz\u00e1ga, szolg\u00e1lta most november 1-\u00e9n is a homilia t\u00e9m\u00e1j\u00e1t. Teh\u00e1t kevesebb mint m\u00e1sf\u00e9l h\u00f3nap eltelt\u00e9vel, az Evang\u00e9liumhoz kapcsol\u00f3d\u00f3an \u00fajra, \u00e9s \u00faj kibont\u00e1sban tal\u00e1lkozhattak a h\u00edvek ezzel a t\u00e9m\u00e1val. Ez a j\u00e9zusi tan\u00edt\u00e1s k\u00e9pezte a gerinc\u00e9t Tibor atya szentbesz\u00e9d\u00e9nek is. Nem tisztem, &#8211; \u00e9s nem is \u00e9rzem magam m\u00e9lt\u00f3nak &#8211; a k\u00e9t pr\u00e9dik\u00e1ci\u00f3 egym\u00e1ssal val\u00f3 egybevet\u00e9s\u00e9re, \u00edgy ezt nem is teszem, &#8211; megjegyezni csup\u00e1n annyit szeretn\u00e9k, hogy mind a k\u00e9t pr\u00e9dik\u00e1ci\u00f3ban elhangzott, hogy a sz\u00f3 <em>\u201eboldog\u201c<\/em> nem pontosan illeszthet\u0151 a j\u00e9zusi fogalomrendszerbe, mert nem teljesen fedi. Szerencs\u00e9sebb lenne az <em>\u201e\u00e1ldott\u201c<\/em> sz\u00f3 haszn\u00e1lata, mert J\u00e9zus sz\u00f3haszn\u00e1lat\u00e1nak ez ink\u00e1bb megfelelne, vagyis azok\u00e9 lesz a mennyek orsz\u00e1ga, akik ki\u00e9rdemelt\u00e9k Isten \u00e1ld\u00e1s\u00e1t. Azt figyeltem meg, hogy Mt 25,34- t\u0151l k\u00f6lcs\u00f6nvett Introitus sz\u00f6veg\u00e9n\u00e9l m\u00e9g a helyes sz\u00f3t alkalmazt\u00e1k a bibliaford\u00edt\u00f3k: \u201e<em>Jertek Aty\u00e1m \u00e1ldottai, \u00e9s vegy\u00e9tek az orsz\u00e1got&#8230;\u201c<\/em> \u00c9E 550-es \u00e9nek.<\/p>\n<p>&nbsp;<\/p>\n<p>M\u00edg szeptemberben f\u0151leg arr\u00f3l hallhattunk a p\u00fcsp\u00f6k aty\u00e1t\u00f3l, hogy a vil\u00e1g szeml\u00e9lete teljesen ellent\u00e9te az egyh\u00e1zi szeml\u00e9letnek: am\u00edg vil\u00e1g szem\u00e9ben a boldogs\u00e1g fogalma, a sikerrel, a j\u00f3l\u00e9ttel, anyagi gazdags\u00e1ggal p\u00e1rosul, addig az egyh\u00e1z, J\u00e9zus p\u00e9ld\u00e1ja nyom\u00e1n, eg\u00e9szen m\u00e1shov\u00e1 helyezi a hangs\u00falyt, a boldogs\u00e1g lelki-szellemi sikon jelenik meg, s amikor a szomor\u00faak boldogs\u00e1g\u00e1r\u00f3l besz\u00e9l, &#8211; kicsit \u00fagy \u00e9rzem, hogy ez ak\u00e1r arra is egy utal\u00e1s lehetne, amit a magyar nyelv \u00fagy fejez ki, <em>\u201es\u00edrva vigadni\u201c<\/em> (ha ismereteim meg nem csalnak, csak a magyar nyelvben l\u00e9tezik ez a nyelvi ellent\u00e9tp\u00e1r) vagyis k\u00e9szs\u00e9ggel elfogadni azt a baty\u00fat ami szomor\u00fas\u00e1ggal van telet\u00f6mve, mert ennek majd b\u0151 jutalma lesz a mennybe, teh\u00e1t el\u00f6re tudni\u00a0 a <em>&#8222;mit-mi\u00e9rt&#8221;<\/em> felv\u00e1llal\u00e1sunkat, vagyis \u00a0mert tudjuk azt, hogy a J\u00f3isten senkinek sem marad ad\u00f3sa, s tartogat sz\u00e1munkra egy helyet, ld.\u00a0<em>\u201ejertek Aty\u00e1m \u00e1ldottai, \u00e9s vegy\u00e9tek az orsz\u00e1got, mely nektek k\u00e9szitettett a vil\u00e1g kezdet\u00e9t\u0151l.\u201c <\/em>teh\u00e1t van egy\u00a0 orsz\u00e1g ahol majd megvigasztal\u00f3dunk, vagyis a boldogs\u00e1g\u00a0 az egyh\u00e1z \u00e9rtelmez\u00e9se szerint, egy bels\u0151 megel\u00e9gedetts\u00e9get, \u00e9s az Isten k\u00f6zels\u00e9gben \u00e9l\u00e9s biztons\u00e1g\u00e1b\u00f3l fakad\u00f3 boldogs\u00e1got jelenti.<\/p>\n<p>&nbsp;<\/p>\n<p>Tibor atya &#8211; a Mindenszentek \u00fcnnep\u00e9b\u0151l ad\u00f3d\u00f3an, &#8211; azt fejtegette, hogy sz\u00e1munkra a felt\u00e1mad\u00e1s \u00edg\u00e9rete jelenti a boldogs\u00e1got, \u00e9s az, hogy a Mindenszentek boldog k\u00f6z\u00f6ss\u00e9g\u00e9hez mi is hozz\u00e1tartozhatunk, mert az \u00e9l\u0151k \u00e9s az elhalt h\u00edvek k\u00f6z\u00f6ss\u00e9get alkotnak a szentek egys\u00e9g\u00e9ben, \u00e9s Istenhez k\u00f6ny\u00f6r\u00f6gnek egym\u00e1s\u00e9rt. Teh\u00e1t a boldog felt\u00e1mad\u00e1s, vagyis test\u00fcnk porr\u00e1v\u00e1l\u00e1sa ut\u00e1n, mint ahogy azt hit\u00fcnk is tan\u00edtja, nek\u00fcnk is \u00f6r\u00f6k boldogs\u00e1gban lehet r\u00e9sz\u00fcnk. Azok a n\u00e9vtelen szentek, akiknek az \u00fcnnep\u00e9t \u00fcnnepelt\u00fck vas\u00e1rnap, s akik nev\u00e9nek egyed\u00fcl csak a J\u00f3\u00edsten a megmondhat\u00f3ja, \u00e9ppoly h\u00fas-v\u00e9r emberek voltak mint mi, csak f\u00f6ldi \u00e9let\u00fckben igyekeztek mindent az Isten kedv\u00e9re tenni, s ez\u00e1ltal jutottak el az \u00e9letszents\u00e9gre. Tibor atya egykori pl\u00e9b\u00e1nosa, \u00e9s egyben a Szentl\u00e9lek pl\u00e9b\u00e1ni\u00e1n el\u0151dje Merk Mih\u00e1ly atya is ilyen meghat\u00e1roz\u00f3, p\u00e9ldamutat\u00f3 egy\u00e9nis\u00e9g volt Tibor atya \u00e9let\u00e9ben, \u00e9s \u0151 \u00e9pp ez\u00e9rt soha nem mulasztotta el, hogy a meg\u00f6r\u00f6k\u00f6lt par\u00f3kia ifj\u00fas\u00e1gi csoportj\u00e1val egyetemben \u00e9vr\u0151l \u00e9vre Mindenszentekkor elzar\u00e1ndokoljanak a s\u00edrj\u00e1hoz, hogy ott kegyelet\u00fcket, \u00e9s h\u00e1l\u00e1jukat ler\u00f3j\u00e1k. Ahogy Tibor atya mondta, csak az ilyen nagyform\u00e1tum\u00fa emberek k\u00e9pesek arra, hogy maguk ut\u00e1n h\u00edveik sz\u00edv\u00e9be maradand\u00f3 eml\u00e9knyomokat hagyjanak. \u00dagy gondolta, hogy bizonyos abban, hogy Mih\u00e1ly atya m\u00e9g oda\u00e1tr\u00f3l is, p\u00e1rtfogoltja ir\u00e1nti szeretetb\u0151l tov\u00e1bbra is v\u00e9gigk\u00eds\u00e9ri, \u00e9s is egyengeti papi \u00e9lete g\u00f6r\u00f6ngy\u00f6kkel teli \u00fatj\u00e1t, s ha \u00e9let\u00e9ben neh\u00e9zs\u00e9gei t\u00e1madn\u00e1nak, az \u00e9gi haz\u00e1b\u00f3l is majd k\u00f6zbej\u00e1r \u0151\u00e9rette az \u00darn\u00e1l.<\/p>\n<p>&nbsp;<\/p>\n<p>Tibor atya azt is elmes\u00e9lte, hogy amikor mostani elj\u00f6veteli hely\u00e9n Budapesten temet\u00e9si szertart\u00e1st tartott, milyen sz\u00e1nakoz\u00f3 \u00e9rz\u00e9st v\u00e1ltott ki bel\u0151le ha olyan egy\u00e9nek hozz\u00e1tart\u00f3z\u00f3j\u00e1t kellett eltemetnie, akik a hit dolg\u00e1ban m\u00e9g meglehet\u0151sen gyermekcip\u0151ben j\u00e1rtak. Ott \u00e1lltak a ravatal k\u00f6r\u00fcl, maguk el\u00e9 meredtek, \u00e9s sz\u00e1jukat nem hagyta el az im\u00e1ds\u00e1g hangja. Ha valamiben j\u00f3 munk\u00e1t v\u00e9gzett az elm\u00falt rendszer, akkor az az volt, hogy sz\u00e1zsz\u00e1zal\u00e9kosan siker\u00fclt neki gy\u00f6kerest\u0151l kit\u00e9pnei az emberek sz\u00edv\u00e9b\u0151l a hitet. Igy ezeknek az embereknek egy\u00e9rtelm\u0171 a hitelsz\u00e1ml\u00e1juk, a vesztess\u00e9g oldal\u00e1n jelenik meg hozz\u00e1tartoz\u00f3juk elt\u00e1voz\u00e1sa, \u00e9s a pozitiv oldalon, vagyis a nyeres\u00e9g oldalon nem jelenik meg semmi, mert a hal\u00e1l ut\u00e1n nem v\u00e1rnak semmit, az \u00e9let sz\u00e1mukra a semmibe hullik, s m\u00e9g egy halov\u00e1ny m\u00e9csesnyi f\u00e9ny sem villan f\u00f6l s\u00f6t\u00e9t alag\u00fatuk v\u00e9g\u00e9n, s nem csillan f\u00f6l nekik a boldog\u00edt\u00f3 f\u00f6lt\u00e1mad\u00e1s rem\u00e9nye. V\u00edgasztalan szomor\u00fa temet\u00e9s az ilyen.<\/p>\n<p>&nbsp;<\/p>\n<p>Mintha erre akartak volna r\u00e1c\u00e1folni kicsinyeink, akik a Miaty\u00e1nkra kij\u0151ve \u00e9g\u0151 gyerty\u00e1kkal von\u00faltak ki az altemplomb\u00f3l, jelezve, hogy ez a gyertya valaki\u00e9rt \u00e9g, \u00e9s hogy mindannyiunk \u00e9let\u00fatj\u00e1ra a F\u00f6lt\u00e1madott Krisztus sz\u00f3rja a vil\u00e1goss\u00e1got&#8230;<\/p>\n<p>&nbsp;<\/p>\n<p>A szentmis\u00e9t B\u00e1lint Nat\u00e1lia opera\u00e9nekes sz\u00f3l\u00f3\u00e9neke k\u00f6vette, akit zongor\u00e1n Jevgeny\u00edj Alekszejev k\u00eds\u00e9rt. A koncert tiszteletd\u00edj\u00e1nak adakoz\u00e1sb\u00f3l befolyt \u00f6sszege a d\u00e9lvid\u00e9ki tehets\u00e9ges di\u00e1kok megseg\u00edt\u00e9s\u00e9t szolg\u00e1lta.<\/p>\n<p>&nbsp;<\/p>\n<p>Ezut\u00e1n r\u00f6vid egy\u00fcttl\u00e9t k\u00f6vetkezett a roskad\u00e1sig telt feh\u00e9rasztal mellett, s ezut\u00e1n a Mindenszenteki gyakorlatunkhoz h\u00edven felkerekedt\u00fcnk, \u00e9s ell\u00e1togattunk egy k\u00f6zeli temet\u0151be.<\/p>\n<p>&nbsp;<\/p>\n<p>A hegyen \u00e9p\u00fclt v\u00e1rost nem lehet elrejteni, mondja egy szent\u00e9nek. S ha vil\u00e1got gy\u00fajtan\u00e1nak, nem rejtik a v\u00e9ka al\u00e1, hanem a tart\u00f3ra teszik, hogy mindenkinek vil\u00e1g\u00edtson a h\u00e1zban. Mt. 5,14. \u00c9s \u00e9n tov\u00e1bb gondolom az evangelist\u00e1t\u00f3l k\u00f6lcs\u00f6nvett id\u00e9zetet, a hegyen \u00e9p\u00fclt temet\u0151 sem rejthet\u0151 el, \u00e9s \u00fagy \u00e9rzem, hogy ennek a t\u00e9nynek is van egy fel\u00e9nk t\u00e1rt \u00fczenete. Mik\u00f6zben a temet\u0151 fel\u00e9 bandukoltunk imm\u00e1r az est s\u00f6t\u00e9tj\u00e9ben, el\u0151ttem egy f\u00e1r\u00f3l p\u00f6r\u00f6gve a f\u00f6ldre hullt egy \u00e9letunt falev\u00e9l, amely eszembe juttatta, s cs\u00f6ndben magam el\u00e9 is d\u00fadoltam M\u00e1th\u00e9 P\u00e9ter ismert szomor\u00fa \u0151szi dal\u00e1t, <em>\u201eHull az els\u00e1rgult lev\u00e9l, s\u00edr a f\u00e1radt \u0151szi sz\u00e9l,\u201c<\/em> s k\u00f6zben azon gondolkodom, hogy Stuttgart szinte valamenyi temet\u0151je egy dombon, vagy legal\u00e1bbis magaslaton helyezkedik el, s \u00edgy m\u00e1r t\u00f6bbnyire m\u00e1r messzir\u0151l is l\u00e1ttatj\u00e1k a Mindenszentek-i temet\u0151k f\u00e9nyess\u00e9g \u00e1rad\u00e1s\u00e1t, ahogy s\u00edrhantokra helyezett megannyi pisl\u00e1kol\u00f3 m\u00e9csesek f\u00e9nybe vonj\u00e1k a s\u00edrkertet.<\/p>\n<p>&nbsp;<\/p>\n<p>Most azonban ez a l\u00e1tv\u00e1ny elmaradt, mivel az a m\u00e9cses amelyet d\u00e9lel\u0151tt, vagy kora d\u00e9lut\u00e1n szeretteik s\u00edrj\u00e1ra helyeztek a hozz\u00e1tart\u00f3z\u00f3k, m\u00e1r r\u00e9gen elhamvadt, csak n\u00e9h\u00e1ny f\u00e9nyl\u0151 m\u00e9cses \u00e1rulkodott m\u00e9g az \u00fcnnepnapr\u00f3l, s m\u00e1sr\u00e9szt, hi\u00e1ba volt az a temet\u0151 is magaslaton, amelyet misszi\u00f3nk 20-30 f\u0151t sz\u00e1ml\u00e1l\u00f3 kis csoportja felkeresett, mert el\u00e9 egy magas templomot \u00e9p\u00edtettek, s \u00edgy az \u00fatr\u00f3l nem is volt l\u00e1that\u00f3, mert a templom takar\u00e1s\u00e1ban helyezkedik el. Mag\u00e1nyos csipker\u00f3zsika \u00e1lm\u00e1b\u00f3l hirtelen f\u00f6lr\u00e1ztuk a kedves kicsi s\u00edrkertet, ahogy \u00e9nekelve \u00e9s im\u00e1dkozva k\u00f6rbevett\u00fck Sebesty\u00e9n Eszter \u00e9s Erzsike \u00e9desanyj\u00e1nak s\u00edrj\u00e1t, s a Krisztust, a Vil\u00e1g Vil\u00e1goss\u00e1g\u00e1t jelk\u00e9pez\u0151 gyerty\u00e1k sorra meleg f\u00e9nyre gyulladtak, s vil\u00e1gos\u00e1gukkal befedt\u00e9k ezt a kicsi s\u00edrhantot. Egyszerre ennyi f\u00e9ny m\u00e9g biztosan nem aranyozta be ezt a v\u00e9gs\u0151 nyughelyet. Csilla f\u00f6lolvasta 1Jn 3,1-3-at, amelynek a sz\u00f6vege bizakod\u00f3 rem\u00e9nys\u00e9ggel t\u00f6lt\u00f6tte el sz\u00edv\u00fcnket: \u201e<em>N\u00e9zz\u00e9tek, mekkora szeretetet tan\u00fas\u00edtott ir\u00e1ntunk az Atya, hogy Isten fiainak neveznek, \u00e9s azok is vagyunk! Az\u00e9rt nem ismer minket a vil\u00e1g, mert \u0151t sem ismeri. Szeretteim, most Isten fiai vagyunk, de m\u00e9g nem lett nyilv\u00e1nval\u00f3, hogy mik lesz\u00fcnk. Tudjuk azonban, hogy amikor meg fog jelenni, hasonl\u00f3k lesz\u00fcnk hozz\u00e1, mert l\u00e1tni fogjuk \u0151t, amint van. Mindaz, aki ezzel a rem\u00e9nys\u00e9ggel van ir\u00e1nta, megszenteli mag\u00e1t, mint ahogy \u0151 is szent.\u201c <\/em><\/p>\n<p>&nbsp;<\/p>\n<p>\u00c9letem sor\u00e1n Budapest t\u00f6bb \u00e9nekkar\u00e1ban is \u00e9nekeltem, \u00e9s szinte valamennyi volt k\u00f3rusom reperto\u00e1rj\u00e1ban ott szerepelt az utols\u00f3 \u00edt\u00e9letr\u0151l sz\u00f3l\u00f3 megr\u00e1z\u00f3 erej\u0171 \u00e9nek, a <em>Dies Irea dies illa,<\/em> amelyet vagy latinul, vagy Babits ford\u00edt\u00e1s\u00e1ban magyarul, <em>\u201eAma nap a harag napja\u201d <\/em>sz\u00f6veggel \u00e9nekelt\u00fcnk, s ha ennek a k\u00f6z\u00e9pkori sequenti\u00e1nak (az alleluja ut\u00e1n el\u0151adott \u00e9nek) a sz\u00f6veg\u00e9t vizsg\u00e1l\u00f3dva elolvassuk, akkor hol a r\u00e9m\u00fclet, hol pedig a teljes bizakod\u00e1s vesz er\u0151t rajtunk. Mivel t\u00fal hossz\u00fa ez az \u00e9nek, csak n\u00e9h\u00e1ny sor\u00e1t ragadn\u00e1m ki:<\/p>\n<table width=\"100%\">\n<tbody>\n<tr>\n<td width=\"100%\">\n<h4>\u00c9nek az utols\u00f3 \u00edt\u00e9letr\u00f5l<\/h4>\n<h4><em>1) Ama nap a harag napja,\/e vil\u00e1got l\u00e1ngba dobja:\/D\u00e1vid \u00e9s Szibilla mondja.<\/em><\/h4>\n<p><em>2) Mily irt\u00f3zat fog az lenni,\/ha a B\u00edr\u00f3 el fog j\u00f6nni\/minden h\u00edvet sz\u00e1mbavenni.<\/em><\/p>\n<p><em>3) Harson\u00e1nak sz\u00f6rny\u0171 hangja\/hull a milli\u00f3 s\u00edrhantra,\/kit-kit a Tr\u00f3n el\u00e9 hajtva. <\/em><\/p>\n<p><em>4) H\u00f6kken Hal\u00e1l \u00e9s Term\u00e9szet,\/ahogy a Teremt\u00e9s \u00e9bred\/felelni a V\u00e1dl\u00f3-sz\u00e9knek. <\/em><\/p>\n<p><em>5) Az \u00edrott k\u00f6nyv elhozatik,\/melyben minden foglaltatik,\/kikb\u00f5l v\u00e9gz\u00e9s form\u00e1ltatik. <\/em><\/p>\n<p><em>6) S ha a B\u00edr\u00f3 le\u00fcl ottan,\/ami csak lappang, kipattan,\/misem marad megtorlatlan. <\/em><\/p>\n<p><em>7) \u00c9n szeg\u00e9ny ott mit besz\u00e9ljek,\/milyen p\u00e1rtfog\u00f3kat k\u00e9rjek,\/hol m\u00e9g a szentek is f\u00e9lnek? <\/em><\/p>\n<p><em>8) Nagy Kir\u00e1ly, kit retteg minden,\/de a j\u00f3t megv\u00e1ltod ingyen,\/kegyed k\u00fatja, v\u00e1lts meg engem! <\/em><\/p>\n<p><em>9) R\u00f3lam, J\u00e9zus, eml\u00e9kezz\u00e9l,\/aki\u00e9rt a f\u00f6ldre j\u00f6tt\u00e9l,\/veszni aznap ne engedj\u00e9l.<\/em><\/p>\n<p><em>10) Engem f\u00e1radt\u00e1l keresve,\/\u00e9rtem sz\u00e1llt\u00e1l a Keresztre:\/annyi munk\u00e1d k\u00e1rba esne! <\/em><\/p>\n<p>&nbsp;<\/p>\n<p>Az utols\u00f3 sorok, a legszebbek \u00fagy tartalmilag, mint zeneileg most S\u00edk S\u00e1ndor ford\u00edt\u00e1s\u00e1b\u00f3l:<\/p>\n<p><em>18) K\u00f6nnyel \u00e1rad ama nagy nap,\/Hamvukb\u00f3l ha f\u00f6lt\u00e1madnak\/A b\u0171n\u00f6s\u00f6k s sz\u00e1mot adnak.<br \/>\nUram, nekik adj j\u00f3 v\u00e9get,\/Kegyes J\u00e9zus, k\u00e9r\u00fcnk t\u00e9ged,\/Add meg nekik b\u00e9kess\u00e9ged.<\/em><\/p>\n<p>&nbsp;<\/p>\n<p>Ha figyelmesen elolvassuk ezt a verset, akkor el\u00e9gg\u00e9 felem\u00e1s \u00e9rz\u00e9s lesz \u00farr\u00e1 rajtunk, mert a k\u00f6vetkez\u0151 szavakkal gener\u00e1l a k\u00f6lt\u0151 f\u00e9lelmet benn\u00fcnk: hogy a v\u00e9g\u00edtelet <em>irt\u00f3zat;<\/em> <em>sz\u00f6rny\u0171 harsona <\/em>hang <em>hajtja a Tr\u00f3n el\u00e9<\/em> a holtakat; \u00fagy fog minden lezajlani, hogy att\u00f3l m\u00e9g a sokat pr\u00f3b\u00e1lt <em>Hal\u00e1l <\/em>is meg<em>h\u00f6kken <\/em>majd; s A <em>B\u00edr\u00f3 <\/em>el\u0151tt semmi v\u00e9tek nem marad meg titokk\u00e9nt, <em>ami lappang, kipattan; <\/em>A B\u00edr\u00f3 el\u0151tt m\u00e9g a <em>szenteknek is van <\/em>f\u00e9lni val\u00f3juk.<\/p>\n<p>Ezut\u00e1n a <em>\u201ezsarol\u00e1s\u201d<\/em> k\u00f6vetkezik. A j\u00f3 jutalm\u00e1ra val\u00f3 h\u00edvatkoz\u00e1s a 8. versben, \u00e9s a 9. vers m\u00e9g enn\u00e9l is tov\u00e1bb megy,<em> eml\u00e9kezz r\u00f3lam, aki\u00e9rt a f\u00f6ldre j\u00f6tt\u00e9l, <\/em>s a 10. vers m\u00e9g tov\u00e1bb fokozza, nem csak hogy \u00e9rtem sz\u00fclett\u00e9l meg, de \u00e9rtem is halt\u00e1l meg, <em>\u00e9rtem sz\u00e1llt\u00e1l a keresztre, annyi munk\u00e1d k\u00e1rba esne. <\/em>\u00c9s az utols\u00f3 sorok, amelyek szinte megkoron\u00e1zz\u00e1k az \u00e9neket, \u00e9s az \u00f6sszes versszak is szinte ezek\u00e9rt a sorok\u00e9rt \u00edr\u00f3dott, s amelyekr\u0151l \u00e9rz\u0151d\u00edk, hogy egy m\u00e9lyen \u00e9rz\u0151 pap Sik S\u00e1ndor kezemunk\u00e1ja. <em>\u201eUram, nekik adj j\u00f3 v\u00e9get,\/Kegyes J\u00e9zus, k\u00e9r\u00fcnk t\u00e9ged,\/Add meg nekik b\u00e9kess\u00e9ged.\u201d<\/em><\/p>\n<p>&nbsp;<\/p>\n<p>Ezt a tudatot er\u0151s\u00edtett\u00e9k benn\u00fcnk Imre atya szavai is, aki arr\u00f3l besz\u00e9lt, hogy J\u00e9zus a k\u00f6vetkez\u0151 \u00edg\u00e9retet tette nek\u00fcnk: \u201c<em>Aty\u00e1m h\u00e1z\u00e1ban sok hely van. Ha nem \u00edgy lenne, mondtam volna-e: Elmegyek \u00e9s helyet k\u00e9sz\u00edtek nektek? Ha majd elmegyek \u00e9s helyet k\u00e9sz\u00edtek nektek, ism\u00e9t elj\u00f6v\u00f6k, \u00e9s magammal viszlek titeket, hogy ti is ott legyetek, ahol \u00e9n vagyok.&#8221; (Jn 14,1-12)<\/em><\/p>\n<p>A forr\u00e1s eml\u00edt\u00e9se n\u00e9lk\u00fcl besz\u00e9lt pl\u00e9b\u00e1nosunk a R\u00f3maiakhoz \u00edrt 6 lev\u00e9lr\u0151l, vagyis arr\u00f3l, hogy Krisztus halottaib\u00f3l f\u00f6lt\u00e1madott, \u00e9s t\u00f6bb\u00e9 m\u00e1r nem hal meg, \u00e9s a hal\u00e1l t\u00f6bb\u00e9 m\u00e1r \u0150rajta nem uralkodik, \u00e9s mi is ha Krisztussal meghaltunk, hissz\u00fck, hogy vele egy\u00fctt fogunk \u00e9lni is.<\/td>\n<\/tr>\n<\/tbody>\n<\/table>\n<p>&nbsp;<\/p>\n<p>S ilyenkor, Mindenszentekkor, mint ahogy ifj\u00fa korom egyik kedvenc \u00edr\u00f3ja, Fekete Istv\u00e1n mondja : \u201c<em>Van egy nap, amikor kimegy a falu a temet\u0151be, vir\u00e1ggal \u00e9s f\u00e9nnyel, ami elm\u00falik, \u00e9s b\u00e9k\u00e9vel, szeretettel, ami nem m\u00falik el. Nincs m\u00e1r ezen a napon f\u00e1jdalom, csak enyhe t\u00e1voli szomor\u00fas\u00e1g \u00faszik a t\u00e1j felett, mint maga az \u0151sz b\u00e1natos, k\u00f6d\u00f6s \u00e1lomra k\u00e9sz\u00fcl\u0151 ragyog\u00e1sa.\u201c<\/em><\/p>\n<p>Persze ez\u00e9rt nem kell most a fej\u00fcnket folytonosan a hamuba dugnunk, csak azt kell tudatos\u00edtanunk magunkban, hogy b\u00e1rmit is tesz\u00fcnk, azt Isten szeme el\u0151tt tessz\u00fck, \u00e9s \u00e9rdemszerz\u0151 cselekedeteket, csak itt \u00e9s most tehet\u00fcnk.<\/p>\n<p>Mi akik \u00e9l\u00fcnk, nem sz\u00edvesen gondolunk arra, hogy az \u00fat minden nappal k\u00f6zelebb visz minket is, \u00e9s hozz\u00e1tartoz\u00f3inkat is az utols\u00f3 naphoz. Noha a magunk hal\u00e1l\u00e1val m\u00e9gcsak megb\u00e9k\u00e9ln\u00e9nk valahogy, de elengedni egy hozz\u00e1nk k\u00f6zel \u00e1ll\u00f3 szem\u00e9ly kez\u00e9t, az sokkal nehezebb.<\/p>\n<p>&nbsp;<\/p>\n<p>M\u00edg ott \u00e1llok Eszter anyuk\u00e1j\u00e1nak a s\u00edrj\u00e1n\u00e1l egy r\u00e9gi t\u00f6rt\u00e9net jut eszembe:<\/p>\n<p><em>Egy fiatal anyuka elvesziti kicsi gyermek\u00e9t, \u00e9s ez\u00e9rt nagy b\u00e1nat\u00e1ban Buddh\u00e1hoz fordul, hogy seg\u00edts\u00e9g\u00e9t k\u00e9rje, \u00e9s a b\u00f6lcs a k\u00f6vetkez\u0151ket mondja neki: rendben van, t\u00e9rj be minden h\u00e1zba, \u00e9s hozz\u00e1l nekem abb\u00f3l a h\u00e1zb\u00f3l egy must\u00e1rmagot, ahol m\u00e9g soha senkisem halt meg. A fiatal n\u0151, nagy boldogan \u00fatnak eredt, minden h\u00e1zba bekopogott, de olyan h\u00e1zra ahol m\u00e9g soha senki nem halt meg, nem akadt. Erre visszat\u00e9rt Buddh\u00e1hoz, \u00e9s azt mondta, hogy meg\u00e9rtette a tan\u00edt\u00e1st, amire a k\u00f6vetkez\u0151 b\u00f6lcs feleletet kapta: Igen, j\u00f3l l\u00e1tod, &#8211; a vil\u00e1gban egyetlen dolog van ami \u00e1lland\u00f3, \u00e9s az az, hogy semmi nem \u00e1lland\u00f3. <\/em><\/p>\n<p>&nbsp;<\/p>\n<p>M\u00e9ly \u00e9rtelm\u0171 gondolatok ezek, \u00e1t kell engedn\u00fcnk a hely\u00fcnket az ut\u00e1nunk k\u00f6vetkez\u0151knek, \u00f6r\u00f6klak\u00e1sunk csak az \u00e9gben lehet, persze ott is csak akkor, ha azt ki\u00e9rdemelt\u00fck, s ez\u00e9rt adott Buddha kivitelezhetetlen feladatot a fiatal anyuk\u00e1nak, Adynak is, \u00e9s a Buddha t\u00f6rt\u00e9netnek igaza van, mindannyiunknak van halottja, akik\u00e9rt sz\u00edv\u00fcnkben nap mint nap k\u00f6nnyeket ejt\u00fcnk.<\/p>\n<p>Ady Endre:<\/p>\n<p><em>Halottja van mindannyiunknak,<br \/>\nHisz percr\u0151l-percre temet\u00fcnk,<br \/>\nVesztett rem\u00e9ny mindenik perc\u00fcnk<br \/>\n\u00c9s gy\u00e1szmenet az \u00e9let\u00fcnk.<br \/>\nS\u00edrhantolunk, gy\u00e1szolunk mindig,<br \/>\nTemetkez\u0151 szolg\u00e1k vagyunk!<br \/>\n&#8211; Dobjuk el a tettet\u0151 \u00e1lc\u00e1t: <\/em><\/p>\n<p><em>Ma gy\u00e1sznap van, ma s\u00edrhatunk!<\/em><\/p>\n<p>&nbsp;<\/p>\n<p>Egy ujjabb gondolat is f\u00f6l\u00f6tl\u00f6tt bennem, mert most amikor a ny\u00e1ron Soroks\u00e1ron, sz\u00fcl\u0151helyemen j\u00e1rtam, ismer\u0151seim arr\u00f3l is besz\u00e1moltak nekem, hogy ki mindenki nincs m\u00e1r ismer\u0151seim k\u00f6z\u00fcl az \u00e9l\u0151k sor\u00e1ban, k\u00fcl\u00f6n\u00f6sen akkor illet\u0151dtem meg, mikor az \u00e9gi haz\u00e1ba k\u00f6lt\u0151z\u00f6vel egyazon nemzed\u00e9khez tartoztunk, s most, hogy itt a s\u00edrhant mellett r\u00e1juk is eml\u00e9kezem, azt is hozz\u00e1teszem magamban,, s \u00e9n m\u00e9g itt vagyok, val\u00f3sz\u00edn\u0171leg az \u00daristennek \u00e9nvelem m\u00e1s a sz\u00e1nd\u00e9ka, tal\u00e1n m\u00e9g az v\u00e1r r\u00e1m , hogy az \u00dar t\u0171zbe vessen, \u201e<em>\u00e9s ki\u00e9getem \u0151ket, mint ahogyan ki\u00e9getik az ez\u00fcst\u00f6t, \u00e9s megtiszt\u00edtom \u0151ket, mint ahogy megtiszt\u00edtj\u00e1k az aranyat. Zak. 13,<\/em>9 , vagyis, nekem m\u00e9g arra kell v\u00e1rnom, hogy el\u0151bb az Isten minden salakot ki\u00e9gessen a lelkemb\u0151l.<\/p>\n<p>Mi, akik maradunk, \u00e9s folyton temet\u00fcnk, hol em\u00e9keinket, hol b\u00e1natunkat, hol s\u00e9rt\u00e9seinket, s nem ritk\u00e1n kedves halottainkat, s minden egyes elt\u00e1voz\u00f3val, er\u0151teljesebb a k\u00e9rd\u00e9s: mi meddig maradhatunk?<\/p>\n<p>Ez a f\u0151 k\u00e9rd\u00e9se Vajda J\u00e1nosnak is akinek a k\u00e9t legismertebb verse, s nekem kedvenc verseim egyike a <em>\u201eN\u00e1das tavon\u201c<\/em> c\u00edm\u0171:<\/p>\n<p>\u201eMi megy\u00fcnk-e vagy a felh\u0151,<\/p>\n<p><em>vagy a lenge d\u00e9li szell\u0151,<\/em><\/p>\n<p><em>A szeliden r\u00e1m lehell\u0151?<\/em><\/p>\n<p><em>Gondolatom messze t\u00e9ved,<\/em><\/p>\n<p><em>K\u00e9k \u00fcr\u00e9n semmis\u00e9gnek.<\/em><\/p>\n<p><em>F\u00f6ldi \u00e9let, hol a r\u00e9ved?\u201d<\/em><\/p>\n<p>&nbsp;<\/p>\n<p>S ugyanezt a k\u00e9rd\u00e9st feszegeti a <em>\u201eHaj\u00f3n\u201c<\/em> c\u00edm\u0171 verse, de m\u00edg az el\u0151z\u0151 vers\u00e9ben szinte minden \u00e1ll\u00f3 k\u00f6r\u00fcl\u00f6tte, szinte egyhelyben ringatja \u0151t a cs\u00f3nak, \u00e9s f\u00f6l\u00f6tte a felh\u0151 halad, addig a <em>\u201eHaj\u00f3n\u201c<\/em> c. mozg\u00e1s aspektusb\u00f3l megv\u00e1ltozik a k\u00e9p,<\/p>\n<p>\u201eH\u00e1tha az a muland\u00f3s\u00e1g,<\/p>\n<p><em>Mit mi annak k\u00e9pzel\u00fcnk.<\/em><\/p>\n<p><em>A val\u00f3di \u00e1lland\u00f3s\u00e1g?<\/em><\/p>\n<p><em>S csak a l\u00e9t j\u00e1tszik vel\u00fcnk?<\/em><\/p>\n<p><em>H\u00e1tha \u00fagy van, h\u00e1tha \u00fagy van&#8230;<\/em><\/p>\n<p><em>Az id\u0151 is, mint a part,<\/em><\/p>\n<p><em>V\u00e1ltozik, de mozdulatlan&#8230;<\/em><\/p>\n<p><em>Mi megy\u00fcnk csak, \u0151 marad?\u201d<\/em><\/p>\n<p>&nbsp;<\/p>\n<p>Igen, az ebben a versben feszegetett k\u00e9rd\u00e9sre, j\u00f3l adja meg a v\u00e1laszt, amit ugyan a k\u00f6lt\u0151 k\u00e9rd\u0151jellel l\u00e1tott el, de a mi sz\u00e1munkra J\u00e9zus felt\u00e1mad\u00e1s\u00e1val megv\u00e1laszolt m\u00e1r e k\u00e9rd\u00e9s, <em>\u201ea hal\u00e1l t\u00f6bb\u00e9 nem uralkodik\u201c,<\/em> \u00edgy a m\u00faland\u00f3s\u00e1g sz\u00e1munkra, a <em>\u201eval\u00f3di \u00e1lland\u00f3s\u00e1g\u201c<\/em>-ot kell, hogy jelentse.<\/p>\n<p>Szent P\u00e1l szavaival \u00e9lve 1Kor 15,17.22: <em>\u201eHa pedig Krisztus nem t\u00e1mad fel, semmit sem \u00e9r a hitetek&#8230; Amint ugyanis \u00c1d\u00e1mban mindenki meghal, \u00fagy Krisztusban mindenki \u00e9letre is kel.\u201c <\/em><\/p>\n<p>Majd a 42-44.49- es versekben jelenik meg sz\u00e1munkra az igazi biztat\u00e1s:<\/p>\n<p><em>\u201eRoml\u00e1sra vetik el \u2013 romlatlannak t\u00e1mad f\u00f6l.<\/em><\/p>\n<p><em>Dicstelen\u00fcl vetik el \u2013 dics\u00f6s\u00e9gben t\u00e1mad f\u00f6l.<\/em><\/p>\n<p><em>Er\u0151tlens\u00e9gben vetik el \u2013 er\u0151ben t\u00e1mad f\u00f6l,<\/em><\/p>\n<p><em>\u00c9rz\u00e9ki testet vetnek el \u2013 szellemi test t\u00e1mad f\u00f6l.<\/em><\/p>\n<p><em>&#8230; Ez\u00e9rt ahogy a f\u00f6ldi ember alakj\u00e1t magunkon hordozzuk, a mennyeinek az alakj\u00e1t is magunkon fogjuk hordozni.\u201c<\/em><\/p>\n<p>&nbsp;<\/p>\n<p>Visszakanyar\u00f3dva Vajda J\u00e1nos Haj\u00f3n c. vers\u00e9hez, most m\u00e1r Szent P\u00e1l szavaib\u00f3l is megtudhattuk, hogy a k\u00f6lt\u0151 fil\u00f3z\u00f3fikus k\u00e9rd\u00e9se sz\u00e1munkra nem egy tal\u00e1ny, hanem Krisztus \u00edg\u00e9rete alapj\u00e1n a teljes bizonyoss\u00e1got kell, hogy jelentse: vagyis azt, hogy hal\u00e1lunk bek\u00f6vetkez\u00e9se nem az \u00f6r\u00f6k m\u00faland\u00f3s\u00e1g kezdete, hanem a mennyei haz\u00e1ban az \u00f6r\u00f6kk\u00e9 tart\u00f3 \u00e1lland\u00f3s\u00e1got jelenti.<\/p>\n<p>\u00dagy legyen, Amen.<\/p>\n<p>&nbsp;<\/p>\n<p><em>Stuttgart, 2015-11-06.<\/em><\/p>\n<p><em>\u00a0<\/em><\/p>\n<p><em>Zeitler Barbara<\/em><\/p>\n<p>&nbsp;<\/p>\n<p>&nbsp;<\/p>\n","protected":false},"excerpt":{"rendered":"<p>Most is, mint legt\u00f6bbsz\u00f6r, szinte fut\u00f3l\u00e9p\u00e9sben tettem meg az utat a villamosmeg\u00e1ll\u00f3ig, hogy m\u00e9g id\u0151ben oda\u00e9rhessek a Bruder Klaus templomunkba. Ezen a napon egy k\u00fcl\u00f6nlegesnek mondhat\u00f3 szentmis\u00e9re siettem, amelyet \u201eaz Egyh\u00e1z diadal\u00fcnnep\u00e9nek neveznek , amelyen az Isten seregszeml\u00e9t tart mennyben diadalmaskod\u00f3 szentjei felett,\u201c \/Szunyogh Xav\u00e9r\/ \u00edgy nem volt id\u0151 arra, hogy \u00fatk\u00f6zben meg\u00e9rintsen az a k\u00f6rnyezet, amelynek n\u00e9h\u00e1ny sz\u00e1zm\u00e9ter\u00e9t magam m\u00f6g\u00f6tt hagytam, hogy beszippantsam annak az \u0151szre, az elm\u00fal\u00e1sra eml\u00e9keztet\u0151 a hervad\u00e1s-eny\u00e9szet\u00e9nek kiss\u00e9 keserny\u00e9s, avatag illat\u00e1t. Csak amikor a villamosr\u00f3l lesz\u00e1lltam, \u00e9szleltem, hogy egy utaz\u00e1snyi id\u0151 eltelt\u00e9vel mennyire megv\u00e1ltozott az \u00f6narck\u00e9pe az \u0151sznek. Legszebb sz\u00ednpomp\u00e1jukban \u00e1lltak sorfalat nekem, az aranyl\u00f3 s\u00e1rg\u00e1ban, pirosas barn\u00e1ban, s csod\u00e1latos sz\u00ednkavalk\u00e1dban burkol\u00f3dzott \u00fatmenti f\u00e1k, \u00e9s a gy\u00e9r\u00fcl\u0151 \u00e1glevelei k\u00f6z\u00fcl ki-kibukkan\u00f3 Nap, ink\u00e1bb vid\u00e1m, semmint szomork\u00e1s hangulatot \u00e9bresztett lelkemben. S amikor a templom k\u00f6zel\u00e9be \u00e9rtem, ott, ahol gr\u00e1dicsos \u00fat vezet az Isten h\u00e1z\u00e1hoz, \u00e9szre kellett, hogy vegyem, milyen nagy m\u0171v\u00e9sz a term\u00e9szet. Rendelkezz\u00e9k valaki csup\u00e1n egy csippetnyi sz\u00e9ps\u00e9g\u00e9rzettel, m\u00e1r is el\u00e1mul azon a sz\u00e9ps\u00e9gen, hogy miel\u0151tt megkompon\u00e1lta volna a fejem feletti \u00e1gak baldachins\u00e1tor\u00e1t, mily nagy gondja volt arra is, hogy fest\u0151palett\u00e1j\u00e1n a legszebb sz\u00edneket keverje ki, \u00e9s ecsetj\u00e9t abba belem\u00e1rtva, a k\u00e9t oldalr\u00f3l \u00f6sszebor\u00fal\u00f3, \u00e9s egym\u00e1snak sugdos\u00f3 fa\u00e1gakat, ehhez a vas\u00e1rnaphoz ill\u0151en gy\u00f6ny\u00f6r\u0171 ruh\u00e1ba \u00f6lt\u00f6ztesse. Mert nemcsak P\u00e1rizsba &#8211; ahogy Ady mondta -, de Stuttgartba is besz\u00f6k\u00f6tt az \u0151sz. &nbsp; Ezen a napon, &#8211; egyr\u00e9szt az\u00e9rt mert Mindenszentek mis\u00e9j\u00e9n szeretteink r\u00e9sz\u00e9re b\u00facs\u00fat nyerhet\u00fcnk, m\u00e1sr\u00e9sz az\u00e9rt is mert minden vas\u00e1rnap parancsolt \u00fcnnepnapot jelent, amely a h\u00edv\u0151ket szentmis\u00e9n val\u00f3 r\u00e9sztv\u00e9telre k\u00f6telezi, &#8211; zs\u00fafol\u00e1sig megtelt a templom. &nbsp; A szentmise f\u0151celebr\u00e1nsa ez\u00fattal Tibor atya volt, aki Imre aty\u00e1val egy\u00fctt koncelebr\u00e1lta a szentmis\u00e9t, s az aznapi Evang\u00e9liumot is, Mt 5,1-12-\u0151t az el\u0151bbi olvasta fel, \u00e9s gondolatait is \u0151 osztotta meg vel\u00fcnk, a boldogs\u00e1gr\u00f3l \u00e9s a Mindenszentek \u00fcnnep\u00e9nek a t\u00e9m\u00e1j\u00e1r\u00f3l. &nbsp; \u00c8rdekes k\u00f6zj\u00e1t\u00e9ka volt az \u00e9letnek, hogy a k\u00f6zelm\u00faltban m\u00e1r alkalmam&#8230; <\/p>\n<p><a class=\"readmore\" href=\"https:\/\/stuttgarti-katolikusok.de\/index.php\/nem-rejtheto-el-a-hegyen-epult-temeto\/\">R\u00e9szletek<\/a><\/p>\n","protected":false},"author":7,"featured_media":0,"comment_status":"closed","ping_status":"closed","sticky":false,"template":"","format":"standard","meta":{"footnotes":""},"categories":[28],"tags":[],"class_list":["post-8356","post","type-post","status-publish","format-standard","hentry","category-olvasoink-irjak"],"yoast_head":"<!-- This site is optimized with the Yoast SEO plugin v27.3 - https:\/\/yoast.com\/product\/yoast-seo-wordpress\/ -->\n<title>\u201eNem rejthet\u0151 el a hegyen \u00e9p\u00fclt\u201c temet\u0151. - Stuttgarti Katolikusok<\/title>\n<meta name=\"robots\" content=\"index, follow, max-snippet:-1, max-image-preview:large, max-video-preview:-1\" \/>\n<link rel=\"canonical\" href=\"https:\/\/stuttgarti-katolikusok.de\/index.php\/nem-rejtheto-el-a-hegyen-epult-temeto\/\" \/>\n<meta property=\"og:locale\" content=\"hu_HU\" \/>\n<meta property=\"og:type\" content=\"article\" \/>\n<meta property=\"og:title\" content=\"\u201eNem rejthet\u0151 el a hegyen \u00e9p\u00fclt\u201c temet\u0151. - Stuttgarti Katolikusok\" \/>\n<meta property=\"og:description\" content=\"Most is, mint legt\u00f6bbsz\u00f6r, szinte fut\u00f3l\u00e9p\u00e9sben tettem meg az utat a villamosmeg\u00e1ll\u00f3ig, hogy m\u00e9g id\u0151ben oda\u00e9rhessek a Bruder Klaus templomunkba. Ezen a napon egy k\u00fcl\u00f6nlegesnek mondhat\u00f3 szentmis\u00e9re siettem, amelyet \u201eaz Egyh\u00e1z diadal\u00fcnnep\u00e9nek neveznek , amelyen az Isten seregszeml\u00e9t tart mennyben diadalmaskod\u00f3 szentjei felett,\u201c \/Szunyogh Xav\u00e9r\/ \u00edgy nem volt id\u0151 arra, hogy \u00fatk\u00f6zben meg\u00e9rintsen az a k\u00f6rnyezet, amelynek n\u00e9h\u00e1ny sz\u00e1zm\u00e9ter\u00e9t magam m\u00f6g\u00f6tt hagytam, hogy beszippantsam annak az \u0151szre, az elm\u00fal\u00e1sra eml\u00e9keztet\u0151 a hervad\u00e1s-eny\u00e9szet\u00e9nek kiss\u00e9 keserny\u00e9s, avatag illat\u00e1t. Csak amikor a villamosr\u00f3l lesz\u00e1lltam, \u00e9szleltem, hogy egy utaz\u00e1snyi id\u0151 eltelt\u00e9vel mennyire megv\u00e1ltozott az \u00f6narck\u00e9pe az \u0151sznek. Legszebb sz\u00ednpomp\u00e1jukban \u00e1lltak sorfalat nekem, az aranyl\u00f3 s\u00e1rg\u00e1ban, pirosas barn\u00e1ban, s csod\u00e1latos sz\u00ednkavalk\u00e1dban burkol\u00f3dzott \u00fatmenti f\u00e1k, \u00e9s a gy\u00e9r\u00fcl\u0151 \u00e1glevelei k\u00f6z\u00fcl ki-kibukkan\u00f3 Nap, ink\u00e1bb vid\u00e1m, semmint szomork\u00e1s hangulatot \u00e9bresztett lelkemben. S amikor a templom k\u00f6zel\u00e9be \u00e9rtem, ott, ahol gr\u00e1dicsos \u00fat vezet az Isten h\u00e1z\u00e1hoz, \u00e9szre kellett, hogy vegyem, milyen nagy m\u0171v\u00e9sz a term\u00e9szet. Rendelkezz\u00e9k valaki csup\u00e1n egy csippetnyi sz\u00e9ps\u00e9g\u00e9rzettel, m\u00e1r is el\u00e1mul azon a sz\u00e9ps\u00e9gen, hogy miel\u0151tt megkompon\u00e1lta volna a fejem feletti \u00e1gak baldachins\u00e1tor\u00e1t, mily nagy gondja volt arra is, hogy fest\u0151palett\u00e1j\u00e1n a legszebb sz\u00edneket keverje ki, \u00e9s ecsetj\u00e9t abba belem\u00e1rtva, a k\u00e9t oldalr\u00f3l \u00f6sszebor\u00fal\u00f3, \u00e9s egym\u00e1snak sugdos\u00f3 fa\u00e1gakat, ehhez a vas\u00e1rnaphoz ill\u0151en gy\u00f6ny\u00f6r\u0171 ruh\u00e1ba \u00f6lt\u00f6ztesse. Mert nemcsak P\u00e1rizsba &#8211; ahogy Ady mondta -, de Stuttgartba is besz\u00f6k\u00f6tt az \u0151sz. &nbsp; Ezen a napon, &#8211; egyr\u00e9szt az\u00e9rt mert Mindenszentek mis\u00e9j\u00e9n szeretteink r\u00e9sz\u00e9re b\u00facs\u00fat nyerhet\u00fcnk, m\u00e1sr\u00e9sz az\u00e9rt is mert minden vas\u00e1rnap parancsolt \u00fcnnepnapot jelent, amely a h\u00edv\u0151ket szentmis\u00e9n val\u00f3 r\u00e9sztv\u00e9telre k\u00f6telezi, &#8211; zs\u00fafol\u00e1sig megtelt a templom. &nbsp; A szentmise f\u0151celebr\u00e1nsa ez\u00fattal Tibor atya volt, aki Imre aty\u00e1val egy\u00fctt koncelebr\u00e1lta a szentmis\u00e9t, s az aznapi Evang\u00e9liumot is, Mt 5,1-12-\u0151t az el\u0151bbi olvasta fel, \u00e9s gondolatait is \u0151 osztotta meg vel\u00fcnk, a boldogs\u00e1gr\u00f3l \u00e9s a Mindenszentek \u00fcnnep\u00e9nek a t\u00e9m\u00e1j\u00e1r\u00f3l. &nbsp; \u00c8rdekes k\u00f6zj\u00e1t\u00e9ka volt az \u00e9letnek, hogy a k\u00f6zelm\u00faltban m\u00e1r alkalmam... R\u00e9szletek\" \/>\n<meta property=\"og:url\" content=\"https:\/\/stuttgarti-katolikusok.de\/index.php\/nem-rejtheto-el-a-hegyen-epult-temeto\/\" \/>\n<meta property=\"og:site_name\" content=\"Stuttgarti Katolikusok\" \/>\n<meta property=\"article:published_time\" content=\"2015-11-06T21:30:29+00:00\" \/>\n<meta property=\"article:modified_time\" content=\"2015-12-15T21:31:18+00:00\" \/>\n<meta name=\"author\" content=\"Pap L\u00f3r\u00e1nt\" \/>\n<meta name=\"twitter:card\" content=\"summary_large_image\" \/>\n<meta name=\"twitter:label1\" content=\"Szerz\u0151:\" \/>\n\t<meta name=\"twitter:data1\" content=\"Pap L\u00f3r\u00e1nt\" \/>\n\t<meta name=\"twitter:label2\" content=\"Becs\u00fclt olvas\u00e1si id\u0151\" \/>\n\t<meta name=\"twitter:data2\" content=\"20 perc\" \/>\n<script type=\"application\/ld+json\" class=\"yoast-schema-graph\">{\"@context\":\"https:\\\/\\\/schema.org\",\"@graph\":[{\"@type\":\"Article\",\"@id\":\"https:\\\/\\\/stuttgarti-katolikusok.de\\\/index.php\\\/nem-rejtheto-el-a-hegyen-epult-temeto\\\/#article\",\"isPartOf\":{\"@id\":\"https:\\\/\\\/stuttgarti-katolikusok.de\\\/index.php\\\/nem-rejtheto-el-a-hegyen-epult-temeto\\\/\"},\"author\":{\"name\":\"Pap L\u00f3r\u00e1nt\",\"@id\":\"https:\\\/\\\/stuttgarti-katolikusok.de\\\/#\\\/schema\\\/person\\\/e4b8974603e18bea0e1dd451fdf95466\"},\"headline\":\"\u201eNem rejthet\u0151 el a hegyen \u00e9p\u00fclt\u201c temet\u0151.\",\"datePublished\":\"2015-11-06T21:30:29+00:00\",\"dateModified\":\"2015-12-15T21:31:18+00:00\",\"mainEntityOfPage\":{\"@id\":\"https:\\\/\\\/stuttgarti-katolikusok.de\\\/index.php\\\/nem-rejtheto-el-a-hegyen-epult-temeto\\\/\"},\"wordCount\":4021,\"articleSection\":[\"Olvas\u00f3ink \u00edrj\u00e1k\"],\"inLanguage\":\"hu\"},{\"@type\":\"WebPage\",\"@id\":\"https:\\\/\\\/stuttgarti-katolikusok.de\\\/index.php\\\/nem-rejtheto-el-a-hegyen-epult-temeto\\\/\",\"url\":\"https:\\\/\\\/stuttgarti-katolikusok.de\\\/index.php\\\/nem-rejtheto-el-a-hegyen-epult-temeto\\\/\",\"name\":\"\u201eNem rejthet\u0151 el a hegyen \u00e9p\u00fclt\u201c temet\u0151. - Stuttgarti Katolikusok\",\"isPartOf\":{\"@id\":\"https:\\\/\\\/stuttgarti-katolikusok.de\\\/#website\"},\"datePublished\":\"2015-11-06T21:30:29+00:00\",\"dateModified\":\"2015-12-15T21:31:18+00:00\",\"author\":{\"@id\":\"https:\\\/\\\/stuttgarti-katolikusok.de\\\/#\\\/schema\\\/person\\\/e4b8974603e18bea0e1dd451fdf95466\"},\"breadcrumb\":{\"@id\":\"https:\\\/\\\/stuttgarti-katolikusok.de\\\/index.php\\\/nem-rejtheto-el-a-hegyen-epult-temeto\\\/#breadcrumb\"},\"inLanguage\":\"hu\",\"potentialAction\":[{\"@type\":\"ReadAction\",\"target\":[\"https:\\\/\\\/stuttgarti-katolikusok.de\\\/index.php\\\/nem-rejtheto-el-a-hegyen-epult-temeto\\\/\"]}]},{\"@type\":\"BreadcrumbList\",\"@id\":\"https:\\\/\\\/stuttgarti-katolikusok.de\\\/index.php\\\/nem-rejtheto-el-a-hegyen-epult-temeto\\\/#breadcrumb\",\"itemListElement\":[{\"@type\":\"ListItem\",\"position\":1,\"name\":\"Kezd\u0151lap\",\"item\":\"https:\\\/\\\/stuttgarti-katolikusok.de\\\/\"},{\"@type\":\"ListItem\",\"position\":2,\"name\":\"\u201eNem rejthet\u0151 el a hegyen \u00e9p\u00fclt\u201c temet\u0151.\"}]},{\"@type\":\"WebSite\",\"@id\":\"https:\\\/\\\/stuttgarti-katolikusok.de\\\/#website\",\"url\":\"https:\\\/\\\/stuttgarti-katolikusok.de\\\/\",\"name\":\"Stuttgarti Katolikusok\",\"description\":\"\",\"potentialAction\":[{\"@type\":\"SearchAction\",\"target\":{\"@type\":\"EntryPoint\",\"urlTemplate\":\"https:\\\/\\\/stuttgarti-katolikusok.de\\\/?s={search_term_string}\"},\"query-input\":{\"@type\":\"PropertyValueSpecification\",\"valueRequired\":true,\"valueName\":\"search_term_string\"}}],\"inLanguage\":\"hu\"},{\"@type\":\"Person\",\"@id\":\"https:\\\/\\\/stuttgarti-katolikusok.de\\\/#\\\/schema\\\/person\\\/e4b8974603e18bea0e1dd451fdf95466\",\"name\":\"Pap L\u00f3r\u00e1nt\",\"image\":{\"@type\":\"ImageObject\",\"inLanguage\":\"hu\",\"@id\":\"https:\\\/\\\/secure.gravatar.com\\\/avatar\\\/fab210c46214d43b54ee6a8cbddf404c7571dad536b6c8e007a4db3c0dfa1abe?s=96&d=mm&r=g\",\"url\":\"https:\\\/\\\/secure.gravatar.com\\\/avatar\\\/fab210c46214d43b54ee6a8cbddf404c7571dad536b6c8e007a4db3c0dfa1abe?s=96&d=mm&r=g\",\"contentUrl\":\"https:\\\/\\\/secure.gravatar.com\\\/avatar\\\/fab210c46214d43b54ee6a8cbddf404c7571dad536b6c8e007a4db3c0dfa1abe?s=96&d=mm&r=g\",\"caption\":\"Pap L\u00f3r\u00e1nt\"},\"url\":\"https:\\\/\\\/stuttgarti-katolikusok.de\\\/index.php\\\/author\\\/lorant-pap\\\/\"}]}<\/script>\n<!-- \/ Yoast SEO plugin. -->","yoast_head_json":{"title":"\u201eNem rejthet\u0151 el a hegyen \u00e9p\u00fclt\u201c temet\u0151. - Stuttgarti Katolikusok","robots":{"index":"index","follow":"follow","max-snippet":"max-snippet:-1","max-image-preview":"max-image-preview:large","max-video-preview":"max-video-preview:-1"},"canonical":"https:\/\/stuttgarti-katolikusok.de\/index.php\/nem-rejtheto-el-a-hegyen-epult-temeto\/","og_locale":"hu_HU","og_type":"article","og_title":"\u201eNem rejthet\u0151 el a hegyen \u00e9p\u00fclt\u201c temet\u0151. - Stuttgarti Katolikusok","og_description":"Most is, mint legt\u00f6bbsz\u00f6r, szinte fut\u00f3l\u00e9p\u00e9sben tettem meg az utat a villamosmeg\u00e1ll\u00f3ig, hogy m\u00e9g id\u0151ben oda\u00e9rhessek a Bruder Klaus templomunkba. Ezen a napon egy k\u00fcl\u00f6nlegesnek mondhat\u00f3 szentmis\u00e9re siettem, amelyet \u201eaz Egyh\u00e1z diadal\u00fcnnep\u00e9nek neveznek , amelyen az Isten seregszeml\u00e9t tart mennyben diadalmaskod\u00f3 szentjei felett,\u201c \/Szunyogh Xav\u00e9r\/ \u00edgy nem volt id\u0151 arra, hogy \u00fatk\u00f6zben meg\u00e9rintsen az a k\u00f6rnyezet, amelynek n\u00e9h\u00e1ny sz\u00e1zm\u00e9ter\u00e9t magam m\u00f6g\u00f6tt hagytam, hogy beszippantsam annak az \u0151szre, az elm\u00fal\u00e1sra eml\u00e9keztet\u0151 a hervad\u00e1s-eny\u00e9szet\u00e9nek kiss\u00e9 keserny\u00e9s, avatag illat\u00e1t. Csak amikor a villamosr\u00f3l lesz\u00e1lltam, \u00e9szleltem, hogy egy utaz\u00e1snyi id\u0151 eltelt\u00e9vel mennyire megv\u00e1ltozott az \u00f6narck\u00e9pe az \u0151sznek. Legszebb sz\u00ednpomp\u00e1jukban \u00e1lltak sorfalat nekem, az aranyl\u00f3 s\u00e1rg\u00e1ban, pirosas barn\u00e1ban, s csod\u00e1latos sz\u00ednkavalk\u00e1dban burkol\u00f3dzott \u00fatmenti f\u00e1k, \u00e9s a gy\u00e9r\u00fcl\u0151 \u00e1glevelei k\u00f6z\u00fcl ki-kibukkan\u00f3 Nap, ink\u00e1bb vid\u00e1m, semmint szomork\u00e1s hangulatot \u00e9bresztett lelkemben. S amikor a templom k\u00f6zel\u00e9be \u00e9rtem, ott, ahol gr\u00e1dicsos \u00fat vezet az Isten h\u00e1z\u00e1hoz, \u00e9szre kellett, hogy vegyem, milyen nagy m\u0171v\u00e9sz a term\u00e9szet. Rendelkezz\u00e9k valaki csup\u00e1n egy csippetnyi sz\u00e9ps\u00e9g\u00e9rzettel, m\u00e1r is el\u00e1mul azon a sz\u00e9ps\u00e9gen, hogy miel\u0151tt megkompon\u00e1lta volna a fejem feletti \u00e1gak baldachins\u00e1tor\u00e1t, mily nagy gondja volt arra is, hogy fest\u0151palett\u00e1j\u00e1n a legszebb sz\u00edneket keverje ki, \u00e9s ecsetj\u00e9t abba belem\u00e1rtva, a k\u00e9t oldalr\u00f3l \u00f6sszebor\u00fal\u00f3, \u00e9s egym\u00e1snak sugdos\u00f3 fa\u00e1gakat, ehhez a vas\u00e1rnaphoz ill\u0151en gy\u00f6ny\u00f6r\u0171 ruh\u00e1ba \u00f6lt\u00f6ztesse. Mert nemcsak P\u00e1rizsba &#8211; ahogy Ady mondta -, de Stuttgartba is besz\u00f6k\u00f6tt az \u0151sz. &nbsp; Ezen a napon, &#8211; egyr\u00e9szt az\u00e9rt mert Mindenszentek mis\u00e9j\u00e9n szeretteink r\u00e9sz\u00e9re b\u00facs\u00fat nyerhet\u00fcnk, m\u00e1sr\u00e9sz az\u00e9rt is mert minden vas\u00e1rnap parancsolt \u00fcnnepnapot jelent, amely a h\u00edv\u0151ket szentmis\u00e9n val\u00f3 r\u00e9sztv\u00e9telre k\u00f6telezi, &#8211; zs\u00fafol\u00e1sig megtelt a templom. &nbsp; A szentmise f\u0151celebr\u00e1nsa ez\u00fattal Tibor atya volt, aki Imre aty\u00e1val egy\u00fctt koncelebr\u00e1lta a szentmis\u00e9t, s az aznapi Evang\u00e9liumot is, Mt 5,1-12-\u0151t az el\u0151bbi olvasta fel, \u00e9s gondolatait is \u0151 osztotta meg vel\u00fcnk, a boldogs\u00e1gr\u00f3l \u00e9s a Mindenszentek \u00fcnnep\u00e9nek a t\u00e9m\u00e1j\u00e1r\u00f3l. &nbsp; \u00c8rdekes k\u00f6zj\u00e1t\u00e9ka volt az \u00e9letnek, hogy a k\u00f6zelm\u00faltban m\u00e1r alkalmam... R\u00e9szletek","og_url":"https:\/\/stuttgarti-katolikusok.de\/index.php\/nem-rejtheto-el-a-hegyen-epult-temeto\/","og_site_name":"Stuttgarti Katolikusok","article_published_time":"2015-11-06T21:30:29+00:00","article_modified_time":"2015-12-15T21:31:18+00:00","author":"Pap L\u00f3r\u00e1nt","twitter_card":"summary_large_image","twitter_misc":{"Szerz\u0151:":"Pap L\u00f3r\u00e1nt","Becs\u00fclt olvas\u00e1si id\u0151":"20 perc"},"schema":{"@context":"https:\/\/schema.org","@graph":[{"@type":"Article","@id":"https:\/\/stuttgarti-katolikusok.de\/index.php\/nem-rejtheto-el-a-hegyen-epult-temeto\/#article","isPartOf":{"@id":"https:\/\/stuttgarti-katolikusok.de\/index.php\/nem-rejtheto-el-a-hegyen-epult-temeto\/"},"author":{"name":"Pap L\u00f3r\u00e1nt","@id":"https:\/\/stuttgarti-katolikusok.de\/#\/schema\/person\/e4b8974603e18bea0e1dd451fdf95466"},"headline":"\u201eNem rejthet\u0151 el a hegyen \u00e9p\u00fclt\u201c temet\u0151.","datePublished":"2015-11-06T21:30:29+00:00","dateModified":"2015-12-15T21:31:18+00:00","mainEntityOfPage":{"@id":"https:\/\/stuttgarti-katolikusok.de\/index.php\/nem-rejtheto-el-a-hegyen-epult-temeto\/"},"wordCount":4021,"articleSection":["Olvas\u00f3ink \u00edrj\u00e1k"],"inLanguage":"hu"},{"@type":"WebPage","@id":"https:\/\/stuttgarti-katolikusok.de\/index.php\/nem-rejtheto-el-a-hegyen-epult-temeto\/","url":"https:\/\/stuttgarti-katolikusok.de\/index.php\/nem-rejtheto-el-a-hegyen-epult-temeto\/","name":"\u201eNem rejthet\u0151 el a hegyen \u00e9p\u00fclt\u201c temet\u0151. - Stuttgarti Katolikusok","isPartOf":{"@id":"https:\/\/stuttgarti-katolikusok.de\/#website"},"datePublished":"2015-11-06T21:30:29+00:00","dateModified":"2015-12-15T21:31:18+00:00","author":{"@id":"https:\/\/stuttgarti-katolikusok.de\/#\/schema\/person\/e4b8974603e18bea0e1dd451fdf95466"},"breadcrumb":{"@id":"https:\/\/stuttgarti-katolikusok.de\/index.php\/nem-rejtheto-el-a-hegyen-epult-temeto\/#breadcrumb"},"inLanguage":"hu","potentialAction":[{"@type":"ReadAction","target":["https:\/\/stuttgarti-katolikusok.de\/index.php\/nem-rejtheto-el-a-hegyen-epult-temeto\/"]}]},{"@type":"BreadcrumbList","@id":"https:\/\/stuttgarti-katolikusok.de\/index.php\/nem-rejtheto-el-a-hegyen-epult-temeto\/#breadcrumb","itemListElement":[{"@type":"ListItem","position":1,"name":"Kezd\u0151lap","item":"https:\/\/stuttgarti-katolikusok.de\/"},{"@type":"ListItem","position":2,"name":"\u201eNem rejthet\u0151 el a hegyen \u00e9p\u00fclt\u201c temet\u0151."}]},{"@type":"WebSite","@id":"https:\/\/stuttgarti-katolikusok.de\/#website","url":"https:\/\/stuttgarti-katolikusok.de\/","name":"Stuttgarti Katolikusok","description":"","potentialAction":[{"@type":"SearchAction","target":{"@type":"EntryPoint","urlTemplate":"https:\/\/stuttgarti-katolikusok.de\/?s={search_term_string}"},"query-input":{"@type":"PropertyValueSpecification","valueRequired":true,"valueName":"search_term_string"}}],"inLanguage":"hu"},{"@type":"Person","@id":"https:\/\/stuttgarti-katolikusok.de\/#\/schema\/person\/e4b8974603e18bea0e1dd451fdf95466","name":"Pap L\u00f3r\u00e1nt","image":{"@type":"ImageObject","inLanguage":"hu","@id":"https:\/\/secure.gravatar.com\/avatar\/fab210c46214d43b54ee6a8cbddf404c7571dad536b6c8e007a4db3c0dfa1abe?s=96&d=mm&r=g","url":"https:\/\/secure.gravatar.com\/avatar\/fab210c46214d43b54ee6a8cbddf404c7571dad536b6c8e007a4db3c0dfa1abe?s=96&d=mm&r=g","contentUrl":"https:\/\/secure.gravatar.com\/avatar\/fab210c46214d43b54ee6a8cbddf404c7571dad536b6c8e007a4db3c0dfa1abe?s=96&d=mm&r=g","caption":"Pap L\u00f3r\u00e1nt"},"url":"https:\/\/stuttgarti-katolikusok.de\/index.php\/author\/lorant-pap\/"}]}},"_links":{"self":[{"href":"https:\/\/stuttgarti-katolikusok.de\/index.php\/wp-json\/wp\/v2\/posts\/8356","targetHints":{"allow":["GET"]}}],"collection":[{"href":"https:\/\/stuttgarti-katolikusok.de\/index.php\/wp-json\/wp\/v2\/posts"}],"about":[{"href":"https:\/\/stuttgarti-katolikusok.de\/index.php\/wp-json\/wp\/v2\/types\/post"}],"author":[{"embeddable":true,"href":"https:\/\/stuttgarti-katolikusok.de\/index.php\/wp-json\/wp\/v2\/users\/7"}],"replies":[{"embeddable":true,"href":"https:\/\/stuttgarti-katolikusok.de\/index.php\/wp-json\/wp\/v2\/comments?post=8356"}],"version-history":[{"count":1,"href":"https:\/\/stuttgarti-katolikusok.de\/index.php\/wp-json\/wp\/v2\/posts\/8356\/revisions"}],"predecessor-version":[{"id":8357,"href":"https:\/\/stuttgarti-katolikusok.de\/index.php\/wp-json\/wp\/v2\/posts\/8356\/revisions\/8357"}],"wp:attachment":[{"href":"https:\/\/stuttgarti-katolikusok.de\/index.php\/wp-json\/wp\/v2\/media?parent=8356"}],"wp:term":[{"taxonomy":"category","embeddable":true,"href":"https:\/\/stuttgarti-katolikusok.de\/index.php\/wp-json\/wp\/v2\/categories?post=8356"},{"taxonomy":"post_tag","embeddable":true,"href":"https:\/\/stuttgarti-katolikusok.de\/index.php\/wp-json\/wp\/v2\/tags?post=8356"}],"curies":[{"name":"wp","href":"https:\/\/api.w.org\/{rel}","templated":true}]}}