{"id":8352,"date":"2015-10-08T21:27:52","date_gmt":"2015-10-08T21:27:52","guid":{"rendered":"https:\/\/gracious-dewdney.138-201-221-2.plesk.page\/?p=8352"},"modified":"2015-12-15T21:28:45","modified_gmt":"2015-12-15T21:28:45","slug":"esku-az-igazi-hazaert","status":"publish","type":"post","link":"https:\/\/stuttgarti-katolikusok.de\/index.php\/esku-az-igazi-hazaert\/","title":{"rendered":"Esk\u00fc az igazi haz\u00e1\u00e9rt"},"content":{"rendered":"<p>Szeptember utols\u00f3 napja sz\u00e9pnek \u00edg\u00e9rkezett a hajnali \u00f3r\u00e1kban. F\u00e9l hatkor m\u00e1r \u00faton voltunk M\u00fcnchen fel\u00e9, hogy egy \u00e9letre sz\u00f3l\u00f3 \u00e9lm\u00e9nyben r\u00e9szes\u00fclhess\u00fcnk. A t\u00e1j t\u00f6bb helyen m\u00e9g k\u00f6dben \u00faszott, de a nap m\u00e1r kezdett kibukkani a minden sz\u00ednben pomp\u00e1z\u00f3 f\u00e1k levelei k\u00f6z\u00f6tt. Abban rem\u00e9nykedt\u00fcnk, hogy az \u00fat szabad marad \u00e9s idej\u00e9ben \u00e9rkez\u00fcnk meg a nagy esem\u00e9nyre. A nagyobb v\u00e1rosokhoz k\u00f6zeledve m\u00e1r k\u00f6zleked\u00e9si dug\u00f3 is fogadott, \u00e9s M\u00fcnchen el\u0151tt l\u00e9p\u00e9sben is kellett haladjunk. Ennek ellen\u00e9re idej\u00e9ben \u00e9rkezt\u00fcnk meg c\u00e9lpontunkhoz.<\/p>\n<p>&nbsp;<\/p>\n<p>Csilla megh\u00edv\u00e1s\u00e1ra r\u00f6gt\u00f6n igent mondtunk. A M\u00fcncheni Magyar Konzul\u00e1tus \u00e9p\u00fclet\u00e9ben egy nagy esem\u00e9ny tan\u00fai voltunk: tizenh\u00e9t, t\u00f6bbnyire d\u00e9lvid\u00e9ki valamint erd\u00e9lyi \u00e9s sz\u00e9kelyf\u00f6ldi magyar ezen a napon tette le az \u00e1llampolg\u00e1rs\u00e1gi esk\u00fct. A tizenh\u00e9t r\u00e9sztvev\u0151 k\u00f6z\u00fcl Csilla tisztelte meg legszebben sz\u00e9kely ruh\u00e1j\u00e1ban az esk\u00fct\u00e9telt.<\/p>\n<p>&nbsp;<\/p>\n<p>Ezt a napot a konzul\u00e1tus csak az esk\u00fct\u00e9telre \u00e1ldozta, \u00edgy a bejelentkez\u00e9s ut\u00e1n a d\u00edszterembe vezettek \u00e9s hellyel k\u00edn\u00e1ltak benn\u00fcnket. A konzul\u00e1tus vezet\u0151j\u00e9re v\u00e1rva Liszt Ferenc Magyar Rapsz\u00f3di\u00e1j\u00e1nak dallamai csend\u00fcltek meg.<\/p>\n<p>&nbsp;<\/p>\n<p>Dr. N\u00e9meth Krisztina vezet\u0151 konzul k\u00f6sz\u00f6nt\u0151j\u00e9ben Tordai-Lejk\u00f3 G\u00e1bor f\u0151konzul sz\u00edv\u00e9lyes \u00fczenet\u00e9t tolm\u00e1csolta az egybegy\u00fclteknek, aki fontos elfoglalts\u00e1ga miatt nem j\u00f6hetett el az esk\u00fct\u00e9telre.<\/p>\n<p>&nbsp;<\/p>\n<p>A konzulasszony kit\u00e9rt besz\u00e9d\u00e9ben a 2011-ben megszavazott \u00e1llampolg\u00e1rs\u00e1gi t\u00f6rv\u00e9nyre, amellyel a hat\u00e1ron t\u00fal \u00e9l\u0151 magyarok egyik nagy \u00e1lma val\u00f3sult meg. Az\u00f3ta nyolcsz\u00e1zezer k\u00fclf\u00f6ld\u00f6n \u00e9l\u0151 magyar vette \u00e1t az \u00e1llampolg\u00e1rs\u00e1gi oklevelet \u00e9s ezek k\u00f6z\u00fcl h\u00e1romezret M\u00fcnchenben k\u00e9rv\u00e9nyeztek.<\/p>\n<p>&nbsp;<\/p>\n<p>K\u00f6sz\u00f6nt\u0151 besz\u00e9d\u00e9ben gratul\u00e1lt a konzulasszony egy d\u00e9lvid\u00e9ki anyuk\u00e1nak, aki k\u00e9t iskol\u00e1s kor\u00fa l\u00e1ny\u00e1t magyar nyelvre tan\u00edtotta, \u00e9s mind a h\u00e1rman aznap vett\u00e9k \u00e1t a magyar \u00e1llampolg\u00e1rs\u00e1gr\u00f3l sz\u00f3l\u00f3 okleveleket.<\/p>\n<p>&nbsp;<\/p>\n<p>\u00dcnnep\u00e9lyes keretek k\u00f6z\u00f6tt fel\u00e1llva hangzott el az esk\u00fct\u00e9tel:<\/p>\n<p>\u201eEsk\u00fcsz\u00f6m, hogy Magyarorsz\u00e1got haz\u00e1mnak tekintem.<\/p>\n<p>A Magyar K\u00f6zt\u00e1rsas\u00e1gnak h\u0171 \u00e1llampolg\u00e1ra leszek.<\/p>\n<p>Alkotm\u00e1ny\u00e1t \u00e9s t\u00f6rv\u00e9nyeit tiszteletben tartom \u00e9s megtartom.<\/p>\n<p>Haz\u00e1mat er\u0151mh\u00f6z m\u00e9rten megv\u00e9dem, k\u00e9pess\u00e9geimnek megfelel\u0151en szolg\u00e1lom.<\/p>\n<p>Isten engem \u00fagy seg\u00e9ljen.\u201d<\/p>\n<p>&nbsp;<\/p>\n<p>Az esk\u00fc ut\u00e1n el\u00e9nekelt\u00fck a Himnuszt, meghallgattuk V\u00f6r\u00f6smarty Mih\u00e1ly \u201eSz\u00f3zat\u201d c\u00edm\u0171 vers\u00e9t, a konzulasszony szem\u00e9lyesen kiosztotta a honos\u00edt\u00e1si okleveleket, gratul\u00e1lt az \u00faj magyar \u00e1llampolg\u00e1roknak \u00e9s pezsg\u0151vel koccintottunk.<\/p>\n<p>&nbsp;<\/p>\n<p>Megcsod\u00e1ltuk Csilla honos\u00edt\u00e1si oklevel\u00e9t \u00c1der J\u00e1nos k\u00f6zt\u00e1rsas\u00e1gi eln\u00f6k al\u00e1\u00edr\u00e1s\u00e1val \u00e9s <strong>K\u00f6lcsey Ferenc<\/strong> id\u00e9zet\u00e9vel, ami egyenesen a sz\u00edv\u00fcnkh\u00f6z sz\u00f3l \u00e9s \u00edgy hangzik:<\/p>\n<p>&nbsp;<\/p>\n<p><strong><em>\u201eN\u00e9gy sz\u00f3csk\u00e1t \u00fczenek, v\u00e9sd j\u00f3l kebeledbe, s fiadnak<\/em><\/strong><\/p>\n<p><strong><em>Hagyd \u00f6r\u00f6k\u00fcl ha kih\u00fanysz: a haza minden el\u0151tt!\u201d <\/em><\/strong><\/p>\n<p><strong><em>\u00a0\u00a0\u00a0\u00a0\u00a0\u00a0\u00a0\u00a0\u00a0\u00a0\u00a0\u00a0\u00a0\u00a0\u00a0\u00a0\u00a0\u00a0\u00a0\u00a0\u00a0\u00a0\u00a0\u00a0\u00a0\u00a0\u00a0\u00a0\u00a0\u00a0\u00a0\u00a0\u00a0\u00a0\u00a0\u00a0\u00a0\u00a0\u00a0\u00a0\u00a0\u00a0\u00a0\u00a0\u00a0\u00a0\u00a0\u00a0\u00a0\u00a0\u00a0\u00a0\u00a0\u00a0\u00a0\u00a0\u00a0\u00a0\u00a0\u00a0\u00a0\u00a0\u00a0\u00a0\u00a0\u00a0\u00a0\u00a0\u00a0\u00a0\u00a0\u00a0\u00a0\u00a0\u00a0\u00a0\u00a0\u00a0\u00a0\u00a0\u00a0\u00a0\u00a0\u00a0\u00a0\u00a0\u00a0\u00a0 <\/em><\/strong>(Pozsony, 1833. j\u00fanius 14.)<\/p>\n<p>&nbsp;<\/p>\n<p>A nap t\u00f6bbi r\u00e9sz\u00e9t n\u00e9gyesben t\u00f6lt\u00f6tt\u00fck el Vili idegenvezet\u0151nkkel templom- \u00e9s m\u00fazeuml\u00e1togat\u00e1ssal a naps\u00fct\u00e9ses bajor f\u0151v\u00e1rosban. \u00cdgy z\u00e1rult le ez az eml\u00e9kezetes nap.<\/p>\n<p>&nbsp;<\/p>\n<p>&nbsp;<\/p>\n<p>D\u00e1vid Melinda<\/p>\n<p>2015.10.08.<\/p>\n","protected":false},"excerpt":{"rendered":"<p>Szeptember utols\u00f3 napja sz\u00e9pnek \u00edg\u00e9rkezett a hajnali \u00f3r\u00e1kban. F\u00e9l hatkor m\u00e1r \u00faton voltunk M\u00fcnchen fel\u00e9, hogy egy \u00e9letre sz\u00f3l\u00f3 \u00e9lm\u00e9nyben r\u00e9szes\u00fclhess\u00fcnk. A t\u00e1j t\u00f6bb helyen m\u00e9g k\u00f6dben \u00faszott, de a nap m\u00e1r kezdett kibukkani a minden sz\u00ednben pomp\u00e1z\u00f3 f\u00e1k levelei k\u00f6z\u00f6tt. Abban rem\u00e9nykedt\u00fcnk, hogy az \u00fat szabad marad \u00e9s idej\u00e9ben \u00e9rkez\u00fcnk meg a nagy esem\u00e9nyre. A nagyobb v\u00e1rosokhoz k\u00f6zeledve m\u00e1r k\u00f6zleked\u00e9si dug\u00f3 is fogadott, \u00e9s M\u00fcnchen el\u0151tt l\u00e9p\u00e9sben is kellett haladjunk. Ennek ellen\u00e9re idej\u00e9ben \u00e9rkezt\u00fcnk meg c\u00e9lpontunkhoz. &nbsp; Csilla megh\u00edv\u00e1s\u00e1ra r\u00f6gt\u00f6n igent mondtunk. A M\u00fcncheni Magyar Konzul\u00e1tus \u00e9p\u00fclet\u00e9ben egy nagy esem\u00e9ny tan\u00fai voltunk: tizenh\u00e9t, t\u00f6bbnyire d\u00e9lvid\u00e9ki valamint erd\u00e9lyi \u00e9s sz\u00e9kelyf\u00f6ldi magyar ezen a napon tette le az \u00e1llampolg\u00e1rs\u00e1gi esk\u00fct. A tizenh\u00e9t r\u00e9sztvev\u0151 k\u00f6z\u00fcl Csilla tisztelte meg legszebben sz\u00e9kely ruh\u00e1j\u00e1ban az esk\u00fct\u00e9telt. &nbsp; Ezt a napot a konzul\u00e1tus csak az esk\u00fct\u00e9telre \u00e1ldozta, \u00edgy a bejelentkez\u00e9s ut\u00e1n a d\u00edszterembe vezettek \u00e9s hellyel k\u00edn\u00e1ltak benn\u00fcnket. A konzul\u00e1tus vezet\u0151j\u00e9re v\u00e1rva Liszt Ferenc Magyar Rapsz\u00f3di\u00e1j\u00e1nak dallamai csend\u00fcltek meg. &nbsp; Dr. N\u00e9meth Krisztina vezet\u0151 konzul k\u00f6sz\u00f6nt\u0151j\u00e9ben Tordai-Lejk\u00f3 G\u00e1bor f\u0151konzul sz\u00edv\u00e9lyes \u00fczenet\u00e9t tolm\u00e1csolta az egybegy\u00fclteknek, aki fontos elfoglalts\u00e1ga miatt nem j\u00f6hetett el az esk\u00fct\u00e9telre. &nbsp; A konzulasszony kit\u00e9rt besz\u00e9d\u00e9ben a 2011-ben megszavazott \u00e1llampolg\u00e1rs\u00e1gi t\u00f6rv\u00e9nyre, amellyel a hat\u00e1ron t\u00fal \u00e9l\u0151 magyarok egyik nagy \u00e1lma val\u00f3sult meg. Az\u00f3ta nyolcsz\u00e1zezer k\u00fclf\u00f6ld\u00f6n \u00e9l\u0151 magyar vette \u00e1t az \u00e1llampolg\u00e1rs\u00e1gi oklevelet \u00e9s ezek k\u00f6z\u00fcl h\u00e1romezret M\u00fcnchenben k\u00e9rv\u00e9nyeztek. &nbsp; K\u00f6sz\u00f6nt\u0151 besz\u00e9d\u00e9ben gratul\u00e1lt a konzulasszony egy d\u00e9lvid\u00e9ki anyuk\u00e1nak, aki k\u00e9t iskol\u00e1s kor\u00fa l\u00e1ny\u00e1t magyar nyelvre tan\u00edtotta, \u00e9s mind a h\u00e1rman aznap vett\u00e9k \u00e1t a magyar \u00e1llampolg\u00e1rs\u00e1gr\u00f3l sz\u00f3l\u00f3 okleveleket. &nbsp; \u00dcnnep\u00e9lyes keretek k\u00f6z\u00f6tt fel\u00e1llva hangzott el az esk\u00fct\u00e9tel: \u201eEsk\u00fcsz\u00f6m, hogy Magyarorsz\u00e1got haz\u00e1mnak tekintem. A Magyar K\u00f6zt\u00e1rsas\u00e1gnak h\u0171 \u00e1llampolg\u00e1ra leszek. Alkotm\u00e1ny\u00e1t \u00e9s t\u00f6rv\u00e9nyeit tiszteletben tartom \u00e9s megtartom. Haz\u00e1mat er\u0151mh\u00f6z m\u00e9rten megv\u00e9dem, k\u00e9pess\u00e9geimnek megfelel\u0151en szolg\u00e1lom. Isten engem \u00fagy seg\u00e9ljen.\u201d &nbsp; Az esk\u00fc ut\u00e1n el\u00e9nekelt\u00fck a Himnuszt, meghallgattuk V\u00f6r\u00f6smarty Mih\u00e1ly \u201eSz\u00f3zat\u201d c\u00edm\u0171 vers\u00e9t, a konzulasszony szem\u00e9lyesen kiosztotta a honos\u00edt\u00e1si&#8230; <\/p>\n<p><a class=\"readmore\" href=\"https:\/\/stuttgarti-katolikusok.de\/index.php\/esku-az-igazi-hazaert\/\">R\u00e9szletek<\/a><\/p>\n","protected":false},"author":7,"featured_media":0,"comment_status":"closed","ping_status":"closed","sticky":false,"template":"","format":"standard","meta":{"footnotes":""},"categories":[28],"tags":[],"class_list":["post-8352","post","type-post","status-publish","format-standard","hentry","category-olvasoink-irjak"],"yoast_head":"<!-- This site is optimized with the Yoast SEO plugin v27.3 - https:\/\/yoast.com\/product\/yoast-seo-wordpress\/ -->\n<title>Esk\u00fc az igazi haz\u00e1\u00e9rt - Stuttgarti Katolikusok<\/title>\n<meta name=\"robots\" content=\"index, follow, max-snippet:-1, max-image-preview:large, max-video-preview:-1\" \/>\n<link rel=\"canonical\" href=\"https:\/\/stuttgarti-katolikusok.de\/index.php\/esku-az-igazi-hazaert\/\" \/>\n<meta property=\"og:locale\" content=\"hu_HU\" \/>\n<meta property=\"og:type\" content=\"article\" \/>\n<meta property=\"og:title\" content=\"Esk\u00fc az igazi haz\u00e1\u00e9rt - Stuttgarti Katolikusok\" \/>\n<meta property=\"og:description\" content=\"Szeptember utols\u00f3 napja sz\u00e9pnek \u00edg\u00e9rkezett a hajnali \u00f3r\u00e1kban. F\u00e9l hatkor m\u00e1r \u00faton voltunk M\u00fcnchen fel\u00e9, hogy egy \u00e9letre sz\u00f3l\u00f3 \u00e9lm\u00e9nyben r\u00e9szes\u00fclhess\u00fcnk. A t\u00e1j t\u00f6bb helyen m\u00e9g k\u00f6dben \u00faszott, de a nap m\u00e1r kezdett kibukkani a minden sz\u00ednben pomp\u00e1z\u00f3 f\u00e1k levelei k\u00f6z\u00f6tt. Abban rem\u00e9nykedt\u00fcnk, hogy az \u00fat szabad marad \u00e9s idej\u00e9ben \u00e9rkez\u00fcnk meg a nagy esem\u00e9nyre. A nagyobb v\u00e1rosokhoz k\u00f6zeledve m\u00e1r k\u00f6zleked\u00e9si dug\u00f3 is fogadott, \u00e9s M\u00fcnchen el\u0151tt l\u00e9p\u00e9sben is kellett haladjunk. Ennek ellen\u00e9re idej\u00e9ben \u00e9rkezt\u00fcnk meg c\u00e9lpontunkhoz. &nbsp; Csilla megh\u00edv\u00e1s\u00e1ra r\u00f6gt\u00f6n igent mondtunk. A M\u00fcncheni Magyar Konzul\u00e1tus \u00e9p\u00fclet\u00e9ben egy nagy esem\u00e9ny tan\u00fai voltunk: tizenh\u00e9t, t\u00f6bbnyire d\u00e9lvid\u00e9ki valamint erd\u00e9lyi \u00e9s sz\u00e9kelyf\u00f6ldi magyar ezen a napon tette le az \u00e1llampolg\u00e1rs\u00e1gi esk\u00fct. A tizenh\u00e9t r\u00e9sztvev\u0151 k\u00f6z\u00fcl Csilla tisztelte meg legszebben sz\u00e9kely ruh\u00e1j\u00e1ban az esk\u00fct\u00e9telt. &nbsp; Ezt a napot a konzul\u00e1tus csak az esk\u00fct\u00e9telre \u00e1ldozta, \u00edgy a bejelentkez\u00e9s ut\u00e1n a d\u00edszterembe vezettek \u00e9s hellyel k\u00edn\u00e1ltak benn\u00fcnket. A konzul\u00e1tus vezet\u0151j\u00e9re v\u00e1rva Liszt Ferenc Magyar Rapsz\u00f3di\u00e1j\u00e1nak dallamai csend\u00fcltek meg. &nbsp; Dr. N\u00e9meth Krisztina vezet\u0151 konzul k\u00f6sz\u00f6nt\u0151j\u00e9ben Tordai-Lejk\u00f3 G\u00e1bor f\u0151konzul sz\u00edv\u00e9lyes \u00fczenet\u00e9t tolm\u00e1csolta az egybegy\u00fclteknek, aki fontos elfoglalts\u00e1ga miatt nem j\u00f6hetett el az esk\u00fct\u00e9telre. &nbsp; A konzulasszony kit\u00e9rt besz\u00e9d\u00e9ben a 2011-ben megszavazott \u00e1llampolg\u00e1rs\u00e1gi t\u00f6rv\u00e9nyre, amellyel a hat\u00e1ron t\u00fal \u00e9l\u0151 magyarok egyik nagy \u00e1lma val\u00f3sult meg. Az\u00f3ta nyolcsz\u00e1zezer k\u00fclf\u00f6ld\u00f6n \u00e9l\u0151 magyar vette \u00e1t az \u00e1llampolg\u00e1rs\u00e1gi oklevelet \u00e9s ezek k\u00f6z\u00fcl h\u00e1romezret M\u00fcnchenben k\u00e9rv\u00e9nyeztek. &nbsp; K\u00f6sz\u00f6nt\u0151 besz\u00e9d\u00e9ben gratul\u00e1lt a konzulasszony egy d\u00e9lvid\u00e9ki anyuk\u00e1nak, aki k\u00e9t iskol\u00e1s kor\u00fa l\u00e1ny\u00e1t magyar nyelvre tan\u00edtotta, \u00e9s mind a h\u00e1rman aznap vett\u00e9k \u00e1t a magyar \u00e1llampolg\u00e1rs\u00e1gr\u00f3l sz\u00f3l\u00f3 okleveleket. &nbsp; \u00dcnnep\u00e9lyes keretek k\u00f6z\u00f6tt fel\u00e1llva hangzott el az esk\u00fct\u00e9tel: \u201eEsk\u00fcsz\u00f6m, hogy Magyarorsz\u00e1got haz\u00e1mnak tekintem. A Magyar K\u00f6zt\u00e1rsas\u00e1gnak h\u0171 \u00e1llampolg\u00e1ra leszek. Alkotm\u00e1ny\u00e1t \u00e9s t\u00f6rv\u00e9nyeit tiszteletben tartom \u00e9s megtartom. Haz\u00e1mat er\u0151mh\u00f6z m\u00e9rten megv\u00e9dem, k\u00e9pess\u00e9geimnek megfelel\u0151en szolg\u00e1lom. Isten engem \u00fagy seg\u00e9ljen.\u201d &nbsp; Az esk\u00fc ut\u00e1n el\u00e9nekelt\u00fck a Himnuszt, meghallgattuk V\u00f6r\u00f6smarty Mih\u00e1ly \u201eSz\u00f3zat\u201d c\u00edm\u0171 vers\u00e9t, a konzulasszony szem\u00e9lyesen kiosztotta a honos\u00edt\u00e1si... R\u00e9szletek\" \/>\n<meta property=\"og:url\" content=\"https:\/\/stuttgarti-katolikusok.de\/index.php\/esku-az-igazi-hazaert\/\" \/>\n<meta property=\"og:site_name\" content=\"Stuttgarti Katolikusok\" \/>\n<meta property=\"article:published_time\" content=\"2015-10-08T21:27:52+00:00\" \/>\n<meta property=\"article:modified_time\" content=\"2015-12-15T21:28:45+00:00\" \/>\n<meta name=\"author\" content=\"Pap L\u00f3r\u00e1nt\" \/>\n<meta name=\"twitter:card\" content=\"summary_large_image\" \/>\n<meta name=\"twitter:label1\" content=\"Szerz\u0151:\" \/>\n\t<meta name=\"twitter:data1\" content=\"Pap L\u00f3r\u00e1nt\" \/>\n\t<meta name=\"twitter:label2\" content=\"Becs\u00fclt olvas\u00e1si id\u0151\" \/>\n\t<meta name=\"twitter:data2\" content=\"3 perc\" \/>\n<script type=\"application\/ld+json\" class=\"yoast-schema-graph\">{\"@context\":\"https:\\\/\\\/schema.org\",\"@graph\":[{\"@type\":\"Article\",\"@id\":\"https:\\\/\\\/stuttgarti-katolikusok.de\\\/index.php\\\/esku-az-igazi-hazaert\\\/#article\",\"isPartOf\":{\"@id\":\"https:\\\/\\\/stuttgarti-katolikusok.de\\\/index.php\\\/esku-az-igazi-hazaert\\\/\"},\"author\":{\"name\":\"Pap L\u00f3r\u00e1nt\",\"@id\":\"https:\\\/\\\/stuttgarti-katolikusok.de\\\/#\\\/schema\\\/person\\\/e4b8974603e18bea0e1dd451fdf95466\"},\"headline\":\"Esk\u00fc az igazi haz\u00e1\u00e9rt\",\"datePublished\":\"2015-10-08T21:27:52+00:00\",\"dateModified\":\"2015-12-15T21:28:45+00:00\",\"mainEntityOfPage\":{\"@id\":\"https:\\\/\\\/stuttgarti-katolikusok.de\\\/index.php\\\/esku-az-igazi-hazaert\\\/\"},\"wordCount\":617,\"articleSection\":[\"Olvas\u00f3ink \u00edrj\u00e1k\"],\"inLanguage\":\"hu\"},{\"@type\":\"WebPage\",\"@id\":\"https:\\\/\\\/stuttgarti-katolikusok.de\\\/index.php\\\/esku-az-igazi-hazaert\\\/\",\"url\":\"https:\\\/\\\/stuttgarti-katolikusok.de\\\/index.php\\\/esku-az-igazi-hazaert\\\/\",\"name\":\"Esk\u00fc az igazi haz\u00e1\u00e9rt - Stuttgarti Katolikusok\",\"isPartOf\":{\"@id\":\"https:\\\/\\\/stuttgarti-katolikusok.de\\\/#website\"},\"datePublished\":\"2015-10-08T21:27:52+00:00\",\"dateModified\":\"2015-12-15T21:28:45+00:00\",\"author\":{\"@id\":\"https:\\\/\\\/stuttgarti-katolikusok.de\\\/#\\\/schema\\\/person\\\/e4b8974603e18bea0e1dd451fdf95466\"},\"breadcrumb\":{\"@id\":\"https:\\\/\\\/stuttgarti-katolikusok.de\\\/index.php\\\/esku-az-igazi-hazaert\\\/#breadcrumb\"},\"inLanguage\":\"hu\",\"potentialAction\":[{\"@type\":\"ReadAction\",\"target\":[\"https:\\\/\\\/stuttgarti-katolikusok.de\\\/index.php\\\/esku-az-igazi-hazaert\\\/\"]}]},{\"@type\":\"BreadcrumbList\",\"@id\":\"https:\\\/\\\/stuttgarti-katolikusok.de\\\/index.php\\\/esku-az-igazi-hazaert\\\/#breadcrumb\",\"itemListElement\":[{\"@type\":\"ListItem\",\"position\":1,\"name\":\"Kezd\u0151lap\",\"item\":\"https:\\\/\\\/stuttgarti-katolikusok.de\\\/\"},{\"@type\":\"ListItem\",\"position\":2,\"name\":\"Esk\u00fc az igazi haz\u00e1\u00e9rt\"}]},{\"@type\":\"WebSite\",\"@id\":\"https:\\\/\\\/stuttgarti-katolikusok.de\\\/#website\",\"url\":\"https:\\\/\\\/stuttgarti-katolikusok.de\\\/\",\"name\":\"Stuttgarti Katolikusok\",\"description\":\"\",\"potentialAction\":[{\"@type\":\"SearchAction\",\"target\":{\"@type\":\"EntryPoint\",\"urlTemplate\":\"https:\\\/\\\/stuttgarti-katolikusok.de\\\/?s={search_term_string}\"},\"query-input\":{\"@type\":\"PropertyValueSpecification\",\"valueRequired\":true,\"valueName\":\"search_term_string\"}}],\"inLanguage\":\"hu\"},{\"@type\":\"Person\",\"@id\":\"https:\\\/\\\/stuttgarti-katolikusok.de\\\/#\\\/schema\\\/person\\\/e4b8974603e18bea0e1dd451fdf95466\",\"name\":\"Pap L\u00f3r\u00e1nt\",\"image\":{\"@type\":\"ImageObject\",\"inLanguage\":\"hu\",\"@id\":\"https:\\\/\\\/secure.gravatar.com\\\/avatar\\\/fab210c46214d43b54ee6a8cbddf404c7571dad536b6c8e007a4db3c0dfa1abe?s=96&d=mm&r=g\",\"url\":\"https:\\\/\\\/secure.gravatar.com\\\/avatar\\\/fab210c46214d43b54ee6a8cbddf404c7571dad536b6c8e007a4db3c0dfa1abe?s=96&d=mm&r=g\",\"contentUrl\":\"https:\\\/\\\/secure.gravatar.com\\\/avatar\\\/fab210c46214d43b54ee6a8cbddf404c7571dad536b6c8e007a4db3c0dfa1abe?s=96&d=mm&r=g\",\"caption\":\"Pap L\u00f3r\u00e1nt\"},\"url\":\"https:\\\/\\\/stuttgarti-katolikusok.de\\\/index.php\\\/author\\\/lorant-pap\\\/\"}]}<\/script>\n<!-- \/ Yoast SEO plugin. -->","yoast_head_json":{"title":"Esk\u00fc az igazi haz\u00e1\u00e9rt - Stuttgarti Katolikusok","robots":{"index":"index","follow":"follow","max-snippet":"max-snippet:-1","max-image-preview":"max-image-preview:large","max-video-preview":"max-video-preview:-1"},"canonical":"https:\/\/stuttgarti-katolikusok.de\/index.php\/esku-az-igazi-hazaert\/","og_locale":"hu_HU","og_type":"article","og_title":"Esk\u00fc az igazi haz\u00e1\u00e9rt - Stuttgarti Katolikusok","og_description":"Szeptember utols\u00f3 napja sz\u00e9pnek \u00edg\u00e9rkezett a hajnali \u00f3r\u00e1kban. F\u00e9l hatkor m\u00e1r \u00faton voltunk M\u00fcnchen fel\u00e9, hogy egy \u00e9letre sz\u00f3l\u00f3 \u00e9lm\u00e9nyben r\u00e9szes\u00fclhess\u00fcnk. A t\u00e1j t\u00f6bb helyen m\u00e9g k\u00f6dben \u00faszott, de a nap m\u00e1r kezdett kibukkani a minden sz\u00ednben pomp\u00e1z\u00f3 f\u00e1k levelei k\u00f6z\u00f6tt. Abban rem\u00e9nykedt\u00fcnk, hogy az \u00fat szabad marad \u00e9s idej\u00e9ben \u00e9rkez\u00fcnk meg a nagy esem\u00e9nyre. A nagyobb v\u00e1rosokhoz k\u00f6zeledve m\u00e1r k\u00f6zleked\u00e9si dug\u00f3 is fogadott, \u00e9s M\u00fcnchen el\u0151tt l\u00e9p\u00e9sben is kellett haladjunk. Ennek ellen\u00e9re idej\u00e9ben \u00e9rkezt\u00fcnk meg c\u00e9lpontunkhoz. &nbsp; Csilla megh\u00edv\u00e1s\u00e1ra r\u00f6gt\u00f6n igent mondtunk. A M\u00fcncheni Magyar Konzul\u00e1tus \u00e9p\u00fclet\u00e9ben egy nagy esem\u00e9ny tan\u00fai voltunk: tizenh\u00e9t, t\u00f6bbnyire d\u00e9lvid\u00e9ki valamint erd\u00e9lyi \u00e9s sz\u00e9kelyf\u00f6ldi magyar ezen a napon tette le az \u00e1llampolg\u00e1rs\u00e1gi esk\u00fct. A tizenh\u00e9t r\u00e9sztvev\u0151 k\u00f6z\u00fcl Csilla tisztelte meg legszebben sz\u00e9kely ruh\u00e1j\u00e1ban az esk\u00fct\u00e9telt. &nbsp; Ezt a napot a konzul\u00e1tus csak az esk\u00fct\u00e9telre \u00e1ldozta, \u00edgy a bejelentkez\u00e9s ut\u00e1n a d\u00edszterembe vezettek \u00e9s hellyel k\u00edn\u00e1ltak benn\u00fcnket. A konzul\u00e1tus vezet\u0151j\u00e9re v\u00e1rva Liszt Ferenc Magyar Rapsz\u00f3di\u00e1j\u00e1nak dallamai csend\u00fcltek meg. &nbsp; Dr. N\u00e9meth Krisztina vezet\u0151 konzul k\u00f6sz\u00f6nt\u0151j\u00e9ben Tordai-Lejk\u00f3 G\u00e1bor f\u0151konzul sz\u00edv\u00e9lyes \u00fczenet\u00e9t tolm\u00e1csolta az egybegy\u00fclteknek, aki fontos elfoglalts\u00e1ga miatt nem j\u00f6hetett el az esk\u00fct\u00e9telre. &nbsp; A konzulasszony kit\u00e9rt besz\u00e9d\u00e9ben a 2011-ben megszavazott \u00e1llampolg\u00e1rs\u00e1gi t\u00f6rv\u00e9nyre, amellyel a hat\u00e1ron t\u00fal \u00e9l\u0151 magyarok egyik nagy \u00e1lma val\u00f3sult meg. Az\u00f3ta nyolcsz\u00e1zezer k\u00fclf\u00f6ld\u00f6n \u00e9l\u0151 magyar vette \u00e1t az \u00e1llampolg\u00e1rs\u00e1gi oklevelet \u00e9s ezek k\u00f6z\u00fcl h\u00e1romezret M\u00fcnchenben k\u00e9rv\u00e9nyeztek. &nbsp; K\u00f6sz\u00f6nt\u0151 besz\u00e9d\u00e9ben gratul\u00e1lt a konzulasszony egy d\u00e9lvid\u00e9ki anyuk\u00e1nak, aki k\u00e9t iskol\u00e1s kor\u00fa l\u00e1ny\u00e1t magyar nyelvre tan\u00edtotta, \u00e9s mind a h\u00e1rman aznap vett\u00e9k \u00e1t a magyar \u00e1llampolg\u00e1rs\u00e1gr\u00f3l sz\u00f3l\u00f3 okleveleket. &nbsp; \u00dcnnep\u00e9lyes keretek k\u00f6z\u00f6tt fel\u00e1llva hangzott el az esk\u00fct\u00e9tel: \u201eEsk\u00fcsz\u00f6m, hogy Magyarorsz\u00e1got haz\u00e1mnak tekintem. A Magyar K\u00f6zt\u00e1rsas\u00e1gnak h\u0171 \u00e1llampolg\u00e1ra leszek. Alkotm\u00e1ny\u00e1t \u00e9s t\u00f6rv\u00e9nyeit tiszteletben tartom \u00e9s megtartom. Haz\u00e1mat er\u0151mh\u00f6z m\u00e9rten megv\u00e9dem, k\u00e9pess\u00e9geimnek megfelel\u0151en szolg\u00e1lom. Isten engem \u00fagy seg\u00e9ljen.\u201d &nbsp; Az esk\u00fc ut\u00e1n el\u00e9nekelt\u00fck a Himnuszt, meghallgattuk V\u00f6r\u00f6smarty Mih\u00e1ly \u201eSz\u00f3zat\u201d c\u00edm\u0171 vers\u00e9t, a konzulasszony szem\u00e9lyesen kiosztotta a honos\u00edt\u00e1si... R\u00e9szletek","og_url":"https:\/\/stuttgarti-katolikusok.de\/index.php\/esku-az-igazi-hazaert\/","og_site_name":"Stuttgarti Katolikusok","article_published_time":"2015-10-08T21:27:52+00:00","article_modified_time":"2015-12-15T21:28:45+00:00","author":"Pap L\u00f3r\u00e1nt","twitter_card":"summary_large_image","twitter_misc":{"Szerz\u0151:":"Pap L\u00f3r\u00e1nt","Becs\u00fclt olvas\u00e1si id\u0151":"3 perc"},"schema":{"@context":"https:\/\/schema.org","@graph":[{"@type":"Article","@id":"https:\/\/stuttgarti-katolikusok.de\/index.php\/esku-az-igazi-hazaert\/#article","isPartOf":{"@id":"https:\/\/stuttgarti-katolikusok.de\/index.php\/esku-az-igazi-hazaert\/"},"author":{"name":"Pap L\u00f3r\u00e1nt","@id":"https:\/\/stuttgarti-katolikusok.de\/#\/schema\/person\/e4b8974603e18bea0e1dd451fdf95466"},"headline":"Esk\u00fc az igazi haz\u00e1\u00e9rt","datePublished":"2015-10-08T21:27:52+00:00","dateModified":"2015-12-15T21:28:45+00:00","mainEntityOfPage":{"@id":"https:\/\/stuttgarti-katolikusok.de\/index.php\/esku-az-igazi-hazaert\/"},"wordCount":617,"articleSection":["Olvas\u00f3ink \u00edrj\u00e1k"],"inLanguage":"hu"},{"@type":"WebPage","@id":"https:\/\/stuttgarti-katolikusok.de\/index.php\/esku-az-igazi-hazaert\/","url":"https:\/\/stuttgarti-katolikusok.de\/index.php\/esku-az-igazi-hazaert\/","name":"Esk\u00fc az igazi haz\u00e1\u00e9rt - Stuttgarti Katolikusok","isPartOf":{"@id":"https:\/\/stuttgarti-katolikusok.de\/#website"},"datePublished":"2015-10-08T21:27:52+00:00","dateModified":"2015-12-15T21:28:45+00:00","author":{"@id":"https:\/\/stuttgarti-katolikusok.de\/#\/schema\/person\/e4b8974603e18bea0e1dd451fdf95466"},"breadcrumb":{"@id":"https:\/\/stuttgarti-katolikusok.de\/index.php\/esku-az-igazi-hazaert\/#breadcrumb"},"inLanguage":"hu","potentialAction":[{"@type":"ReadAction","target":["https:\/\/stuttgarti-katolikusok.de\/index.php\/esku-az-igazi-hazaert\/"]}]},{"@type":"BreadcrumbList","@id":"https:\/\/stuttgarti-katolikusok.de\/index.php\/esku-az-igazi-hazaert\/#breadcrumb","itemListElement":[{"@type":"ListItem","position":1,"name":"Kezd\u0151lap","item":"https:\/\/stuttgarti-katolikusok.de\/"},{"@type":"ListItem","position":2,"name":"Esk\u00fc az igazi haz\u00e1\u00e9rt"}]},{"@type":"WebSite","@id":"https:\/\/stuttgarti-katolikusok.de\/#website","url":"https:\/\/stuttgarti-katolikusok.de\/","name":"Stuttgarti Katolikusok","description":"","potentialAction":[{"@type":"SearchAction","target":{"@type":"EntryPoint","urlTemplate":"https:\/\/stuttgarti-katolikusok.de\/?s={search_term_string}"},"query-input":{"@type":"PropertyValueSpecification","valueRequired":true,"valueName":"search_term_string"}}],"inLanguage":"hu"},{"@type":"Person","@id":"https:\/\/stuttgarti-katolikusok.de\/#\/schema\/person\/e4b8974603e18bea0e1dd451fdf95466","name":"Pap L\u00f3r\u00e1nt","image":{"@type":"ImageObject","inLanguage":"hu","@id":"https:\/\/secure.gravatar.com\/avatar\/fab210c46214d43b54ee6a8cbddf404c7571dad536b6c8e007a4db3c0dfa1abe?s=96&d=mm&r=g","url":"https:\/\/secure.gravatar.com\/avatar\/fab210c46214d43b54ee6a8cbddf404c7571dad536b6c8e007a4db3c0dfa1abe?s=96&d=mm&r=g","contentUrl":"https:\/\/secure.gravatar.com\/avatar\/fab210c46214d43b54ee6a8cbddf404c7571dad536b6c8e007a4db3c0dfa1abe?s=96&d=mm&r=g","caption":"Pap L\u00f3r\u00e1nt"},"url":"https:\/\/stuttgarti-katolikusok.de\/index.php\/author\/lorant-pap\/"}]}},"_links":{"self":[{"href":"https:\/\/stuttgarti-katolikusok.de\/index.php\/wp-json\/wp\/v2\/posts\/8352","targetHints":{"allow":["GET"]}}],"collection":[{"href":"https:\/\/stuttgarti-katolikusok.de\/index.php\/wp-json\/wp\/v2\/posts"}],"about":[{"href":"https:\/\/stuttgarti-katolikusok.de\/index.php\/wp-json\/wp\/v2\/types\/post"}],"author":[{"embeddable":true,"href":"https:\/\/stuttgarti-katolikusok.de\/index.php\/wp-json\/wp\/v2\/users\/7"}],"replies":[{"embeddable":true,"href":"https:\/\/stuttgarti-katolikusok.de\/index.php\/wp-json\/wp\/v2\/comments?post=8352"}],"version-history":[{"count":1,"href":"https:\/\/stuttgarti-katolikusok.de\/index.php\/wp-json\/wp\/v2\/posts\/8352\/revisions"}],"predecessor-version":[{"id":8353,"href":"https:\/\/stuttgarti-katolikusok.de\/index.php\/wp-json\/wp\/v2\/posts\/8352\/revisions\/8353"}],"wp:attachment":[{"href":"https:\/\/stuttgarti-katolikusok.de\/index.php\/wp-json\/wp\/v2\/media?parent=8352"}],"wp:term":[{"taxonomy":"category","embeddable":true,"href":"https:\/\/stuttgarti-katolikusok.de\/index.php\/wp-json\/wp\/v2\/categories?post=8352"},{"taxonomy":"post_tag","embeddable":true,"href":"https:\/\/stuttgarti-katolikusok.de\/index.php\/wp-json\/wp\/v2\/tags?post=8352"}],"curies":[{"name":"wp","href":"https:\/\/api.w.org\/{rel}","templated":true}]}}