{"id":8350,"date":"2015-01-08T21:17:41","date_gmt":"2015-01-08T21:17:41","guid":{"rendered":"https:\/\/gracious-dewdney.138-201-221-2.plesk.page\/?p=8350"},"modified":"2015-12-15T21:25:13","modified_gmt":"2015-12-15T21:25:13","slug":"ujevi-jofelteteleink","status":"publish","type":"post","link":"https:\/\/stuttgarti-katolikusok.de\/index.php\/ujevi-jofelteteleink\/","title":{"rendered":"\u00daj\u00e9vi j\u00f3felt\u00e9teleink&#8230;"},"content":{"rendered":"<p>Egy id\u0151s indi\u00e1n az \u00e9letr\u0151l mes\u00e9lt az unok\u00e1j\u00e1nak. &#8222;K\u00fczdelem zajlik a bens\u0151mben,&#8221; mondta a fi\u00fanak. &#8222;Rettent\u0151 harc ez, egy farkas \u00e9s egy angyal v\u00edvja egym\u00e1ssal.<\/p>\n<p>A farkas gonosz &#8211; \u0151 a harag, irigys\u00e9g, b\u00e1nat, moh\u00f3s\u00e1g, arrogancia, \u00f6nsajn\u00e1lat, b\u0171ntudat, s\u00e9rt\u0151d\u00f6tts\u00e9g, kisebbrend\u0171s\u00e9g, hazugs\u00e1gok, \u00f6ntelts\u00e9g, fels\u0151bbrend\u0171s\u00e9g \u00e9s ego.<\/p>\n<p>Az angyal j\u00f3 &#8211; \u0151 az \u00f6r\u00f6m, b\u00e9ke, szeretet, rem\u00e9ny, der\u0171s nyugalom, al\u00e1zat, kedvess\u00e9g, j\u00f3akarat, emp\u00e1tia, nagylelk\u0171s\u00e9g, igazs\u00e1g, egy\u00fctt\u00e9rz\u00e9s \u00e9s hit.<\/p>\n<p>Ugyanez a harc benned is zajlik &#8211; \u00e9s mindenki m\u00e1sban is.<\/p>\n<p>Az unoka elgondolkozott egy percre majd megk\u00e9rdezte a nagyapj\u00e1t: &#8222;Ki fog gy\u0151zni?\u201d<\/p>\n<p>&#8222;Amelyiket t\u00e1pl\u00e1lod.&#8221; &#8211; v\u00e1laszolta az id\u0151s indi\u00e1n.<\/p>\n<p>&nbsp;<\/p>\n<p>Az \u00faj esztend\u0151 els\u0151 napjaiban t\u00f6bb interj\u00fam\u0171sorban l\u00e1ttam, hogy a riporterek \u00e1ltal megk\u00e9rdezettek nagy t\u00f6bbs\u00e9ge k\u00fcl\u00f6nb\u00f6z\u0151 fogadalmakat tett: eg\u00e9szs\u00e9gesebben fog \u00e9lni, t\u00f6bbet fog sportolni, ker\u00fclni fogja a stresszt.<\/p>\n<p>P\u00e9ld\u00e1jukra bennem is megfogalmaz\u00f3dott egy sereg j\u00f3felt\u00e9tel, noha arra is eml\u00e9keztem, hogy ezekb\u0151l a j\u00f3felt\u00e9telekb\u0151l p\u00e1r nap m\u00falva alig marad valami&#8230;<\/p>\n<p>&nbsp;<\/p>\n<p>Erre hirtelen bel\u00e9m nyilallott a gondolat: Meg tudja-e \u00f6nmag\u00e1t v\u00e1ltoztatni az ember?<\/p>\n<p>Ijedten kellett beismernem, hogy: nem. Alapstrukt\u00far\u00e1j\u00e1t senki nem tudja megv\u00e1ltoztatni.<\/p>\n<p>Hogyan is tudn\u00e1 \u00f6nmag\u00e1t megv\u00e1ltoztatni egy olyan l\u00e9ny, aki nem \u00f6nmag\u00e1nak, hanem m\u00e1snak k\u00f6sz\u00f6nheti l\u00e9t\u00e9t?<\/p>\n<p>Aki csak elfogadta az \u00e9letet&#8230;<\/p>\n<p>Aki csak aj\u00e1nd\u00e9kba kapta tehets\u00e9g\u00e9t&#8230;<\/p>\n<p>Akinek a term\u00e9szete \u0151sei g\u00e9njeib\u0151l sz\u00f6v\u0151d\u00f6tt \u00f6ssze&#8230;<\/p>\n<p>Aki behat\u00e1rolts\u00e1g\u00e1t is gyakran csak elszenvedi&#8230;<\/p>\n<p>&nbsp;<\/p>\n<p>Term\u00e9szet\u00e9t senki nem tudja \u00f6nmaga erej\u00e9b\u0151l megv\u00e1ltoztatni!<\/p>\n<p>&nbsp;<\/p>\n<p>De igenis meg tudja v\u00e1ltoztatni be\u00e1ll\u00edtotts\u00e1g\u00e1t, viselked\u00e9s\u00e9t, magatart\u00e1s\u00e1t.<\/p>\n<p>Istenhez, m\u00e1sokhoz, \u00f6nmag\u00e1hoz \u00e9s az \u00e9lethez val\u00f3 viszonyul\u00e1s\u00e1n k\u00e9pes v\u00e1ltoztatni!<\/p>\n<p>Fontos dolgoknak ut\u00e1naj\u00e1rni&#8230;<\/p>\n<p>L\u00e9nyegesebbekre t\u00f6bb id\u0151t szentelni&#8230;<\/p>\n<p>Az \u00e9letbev\u00e1g\u00f3kra jobban odafigyelni&#8230;<\/p>\n<p>&nbsp;<\/p>\n<p>Mi teh\u00e1t boldogs\u00e1g szempontj\u00e1b\u00f3l az \u00faj esztend\u0151ben a fontos?<\/p>\n<p>&nbsp;<\/p>\n<p>Szerintem, hogy el\u0151sz\u00f6r is megismerd a benned \u00e9l\u0151 \u201efarkasokat\u201d.<\/p>\n<p>Nev\u00e9n kell nevezned \u0151ket, k\u00fcl\u00f6nben \u00f6nmagadnak \u00e9s m\u00e1soknak is f\u00e1jdalmat okoznak.<\/p>\n<p>El kell z\u00e1rnod \u0151ket&#8230; Nem szabad eloldanod l\u00e1ncaikr\u00f3l a haragot, irigys\u00e9get, moh\u00f3s\u00e1got, arroganci\u00e1t, \u00f6nsajn\u00e1latot, b\u0171ntudatot, s\u00e9rt\u0151d\u00f6tts\u00e9get, kisebbrend\u0171s\u00e9get, hazugs\u00e1got, \u00f6ntelts\u00e9get, fels\u0151bbrend\u0171s\u00e9get!<\/p>\n<p>\u00c9s ne t\u00e1pl\u00e1ld ezeket a \u201efarkasokat\u201d!<\/p>\n<p>&nbsp;<\/p>\n<p>Ugyanakkor meg kell ismerned a lelkedben l\u00e9v\u0151 \u201eangyalokat\u201d.<\/p>\n<p>Ajt\u00f3t kell nyitnod az \u00f6r\u00f6mnek, b\u00e9k\u00e9nek, szeretetnek, rem\u00e9nynek, der\u0171s nyugalomnak, al\u00e1zatnak, kedvess\u00e9gnek, j\u00f3akaratnak, egy\u00fctt\u00e9rz\u00e9snek, nagylelk\u0171s\u00e9gnek, igazs\u00e1gnak \u00e9s hitnek.<\/p>\n<p>\u00c9s ezeket az \u201eangyalokat\u201d minden nap t\u00e1pl\u00e1lnod kell!<\/p>\n<p>&nbsp;<\/p>\n<p>Akkor, ha j\u00f3felt\u00e9teleinkb\u0151l nem is tudunk mindent megval\u00f3s\u00edtani, boldogabbak lesz\u00fcnk!<\/p>\n<p>&nbsp;<\/p>\n<p>\u00c9rdemes megpr\u00f3b\u00e1lni!<\/p>\n<p>&nbsp;<\/p>\n<p>Ezt k\u00edv\u00e1nja minden H\u00edv\u00e9nek \u00e9s Olvas\u00f3j\u00e1nak a 2015-\u00f6s esztend\u0151re<\/p>\n<p>&nbsp;<\/p>\n<p><em>Imre atya<\/em><\/p>\n<p><em>\u00a0<\/em><\/p>\n<p><em>Stuttgart, 2015-01-08.<\/em><\/p>\n","protected":false},"excerpt":{"rendered":"<p>Egy id\u0151s indi\u00e1n az \u00e9letr\u0151l mes\u00e9lt az unok\u00e1j\u00e1nak. &#8222;K\u00fczdelem zajlik a bens\u0151mben,&#8221; mondta a fi\u00fanak. &#8222;Rettent\u0151 harc ez, egy farkas \u00e9s egy angyal v\u00edvja egym\u00e1ssal. A farkas gonosz &#8211; \u0151 a harag, irigys\u00e9g, b\u00e1nat, moh\u00f3s\u00e1g, arrogancia, \u00f6nsajn\u00e1lat, b\u0171ntudat, s\u00e9rt\u0151d\u00f6tts\u00e9g, kisebbrend\u0171s\u00e9g, hazugs\u00e1gok, \u00f6ntelts\u00e9g, fels\u0151bbrend\u0171s\u00e9g \u00e9s ego. Az angyal j\u00f3 &#8211; \u0151 az \u00f6r\u00f6m, b\u00e9ke, szeretet, rem\u00e9ny, der\u0171s nyugalom, al\u00e1zat, kedvess\u00e9g, j\u00f3akarat, emp\u00e1tia, nagylelk\u0171s\u00e9g, igazs\u00e1g, egy\u00fctt\u00e9rz\u00e9s \u00e9s hit. Ugyanez a harc benned is zajlik &#8211; \u00e9s mindenki m\u00e1sban is. Az unoka elgondolkozott egy percre majd megk\u00e9rdezte a nagyapj\u00e1t: &#8222;Ki fog gy\u0151zni?\u201d &#8222;Amelyiket t\u00e1pl\u00e1lod.&#8221; &#8211; v\u00e1laszolta az id\u0151s indi\u00e1n. &nbsp; Az \u00faj esztend\u0151 els\u0151 napjaiban t\u00f6bb interj\u00fam\u0171sorban l\u00e1ttam, hogy a riporterek \u00e1ltal megk\u00e9rdezettek nagy t\u00f6bbs\u00e9ge k\u00fcl\u00f6nb\u00f6z\u0151 fogadalmakat tett: eg\u00e9szs\u00e9gesebben fog \u00e9lni, t\u00f6bbet fog sportolni, ker\u00fclni fogja a stresszt. P\u00e9ld\u00e1jukra bennem is megfogalmaz\u00f3dott egy sereg j\u00f3felt\u00e9tel, noha arra is eml\u00e9keztem, hogy ezekb\u0151l a j\u00f3felt\u00e9telekb\u0151l p\u00e1r nap m\u00falva alig marad valami&#8230; &nbsp; Erre hirtelen bel\u00e9m nyilallott a gondolat: Meg tudja-e \u00f6nmag\u00e1t v\u00e1ltoztatni az ember? Ijedten kellett beismernem, hogy: nem. Alapstrukt\u00far\u00e1j\u00e1t senki nem tudja megv\u00e1ltoztatni. Hogyan is tudn\u00e1 \u00f6nmag\u00e1t megv\u00e1ltoztatni egy olyan l\u00e9ny, aki nem \u00f6nmag\u00e1nak, hanem m\u00e1snak k\u00f6sz\u00f6nheti l\u00e9t\u00e9t? Aki csak elfogadta az \u00e9letet&#8230; Aki csak aj\u00e1nd\u00e9kba kapta tehets\u00e9g\u00e9t&#8230; Akinek a term\u00e9szete \u0151sei g\u00e9njeib\u0151l sz\u00f6v\u0151d\u00f6tt \u00f6ssze&#8230; Aki behat\u00e1rolts\u00e1g\u00e1t is gyakran csak elszenvedi&#8230; &nbsp; Term\u00e9szet\u00e9t senki nem tudja \u00f6nmaga erej\u00e9b\u0151l megv\u00e1ltoztatni! &nbsp; De igenis meg tudja v\u00e1ltoztatni be\u00e1ll\u00edtotts\u00e1g\u00e1t, viselked\u00e9s\u00e9t, magatart\u00e1s\u00e1t. Istenhez, m\u00e1sokhoz, \u00f6nmag\u00e1hoz \u00e9s az \u00e9lethez val\u00f3 viszonyul\u00e1s\u00e1n k\u00e9pes v\u00e1ltoztatni! Fontos dolgoknak ut\u00e1naj\u00e1rni&#8230; L\u00e9nyegesebbekre t\u00f6bb id\u0151t szentelni&#8230; Az \u00e9letbev\u00e1g\u00f3kra jobban odafigyelni&#8230; &nbsp; Mi teh\u00e1t boldogs\u00e1g szempontj\u00e1b\u00f3l az \u00faj esztend\u0151ben a fontos? &nbsp; Szerintem, hogy el\u0151sz\u00f6r is megismerd a benned \u00e9l\u0151 \u201efarkasokat\u201d. Nev\u00e9n kell nevezned \u0151ket, k\u00fcl\u00f6nben \u00f6nmagadnak \u00e9s m\u00e1soknak is f\u00e1jdalmat okoznak. El kell z\u00e1rnod \u0151ket&#8230; Nem szabad eloldanod l\u00e1ncaikr\u00f3l a haragot, irigys\u00e9get, moh\u00f3s\u00e1got, arroganci\u00e1t, \u00f6nsajn\u00e1latot, b\u0171ntudatot, s\u00e9rt\u0151d\u00f6tts\u00e9get, kisebbrend\u0171s\u00e9get, hazugs\u00e1got, \u00f6ntelts\u00e9get, fels\u0151bbrend\u0171s\u00e9get! \u00c9s ne t\u00e1pl\u00e1ld ezeket&#8230; <\/p>\n<p><a class=\"readmore\" href=\"https:\/\/stuttgarti-katolikusok.de\/index.php\/ujevi-jofelteteleink\/\">R\u00e9szletek<\/a><\/p>\n","protected":false},"author":3,"featured_media":0,"comment_status":"closed","ping_status":"closed","sticky":false,"template":"","format":"standard","meta":{"footnotes":""},"categories":[24],"tags":[],"class_list":["post-8350","post","type-post","status-publish","format-standard","hentry","category-gondolatok"],"yoast_head":"<!-- This site is optimized with the Yoast SEO plugin v27.3 - https:\/\/yoast.com\/product\/yoast-seo-wordpress\/ -->\n<title>\u00daj\u00e9vi j\u00f3felt\u00e9teleink... - Stuttgarti Katolikusok<\/title>\n<meta name=\"robots\" content=\"index, follow, max-snippet:-1, max-image-preview:large, max-video-preview:-1\" \/>\n<link rel=\"canonical\" href=\"https:\/\/stuttgarti-katolikusok.de\/index.php\/ujevi-jofelteteleink\/\" \/>\n<meta property=\"og:locale\" content=\"hu_HU\" \/>\n<meta property=\"og:type\" content=\"article\" \/>\n<meta property=\"og:title\" content=\"\u00daj\u00e9vi j\u00f3felt\u00e9teleink... - Stuttgarti Katolikusok\" \/>\n<meta property=\"og:description\" content=\"Egy id\u0151s indi\u00e1n az \u00e9letr\u0151l mes\u00e9lt az unok\u00e1j\u00e1nak. &#8222;K\u00fczdelem zajlik a bens\u0151mben,&#8221; mondta a fi\u00fanak. &#8222;Rettent\u0151 harc ez, egy farkas \u00e9s egy angyal v\u00edvja egym\u00e1ssal. A farkas gonosz &#8211; \u0151 a harag, irigys\u00e9g, b\u00e1nat, moh\u00f3s\u00e1g, arrogancia, \u00f6nsajn\u00e1lat, b\u0171ntudat, s\u00e9rt\u0151d\u00f6tts\u00e9g, kisebbrend\u0171s\u00e9g, hazugs\u00e1gok, \u00f6ntelts\u00e9g, fels\u0151bbrend\u0171s\u00e9g \u00e9s ego. Az angyal j\u00f3 &#8211; \u0151 az \u00f6r\u00f6m, b\u00e9ke, szeretet, rem\u00e9ny, der\u0171s nyugalom, al\u00e1zat, kedvess\u00e9g, j\u00f3akarat, emp\u00e1tia, nagylelk\u0171s\u00e9g, igazs\u00e1g, egy\u00fctt\u00e9rz\u00e9s \u00e9s hit. Ugyanez a harc benned is zajlik &#8211; \u00e9s mindenki m\u00e1sban is. Az unoka elgondolkozott egy percre majd megk\u00e9rdezte a nagyapj\u00e1t: &#8222;Ki fog gy\u0151zni?\u201d &#8222;Amelyiket t\u00e1pl\u00e1lod.&#8221; &#8211; v\u00e1laszolta az id\u0151s indi\u00e1n. &nbsp; Az \u00faj esztend\u0151 els\u0151 napjaiban t\u00f6bb interj\u00fam\u0171sorban l\u00e1ttam, hogy a riporterek \u00e1ltal megk\u00e9rdezettek nagy t\u00f6bbs\u00e9ge k\u00fcl\u00f6nb\u00f6z\u0151 fogadalmakat tett: eg\u00e9szs\u00e9gesebben fog \u00e9lni, t\u00f6bbet fog sportolni, ker\u00fclni fogja a stresszt. P\u00e9ld\u00e1jukra bennem is megfogalmaz\u00f3dott egy sereg j\u00f3felt\u00e9tel, noha arra is eml\u00e9keztem, hogy ezekb\u0151l a j\u00f3felt\u00e9telekb\u0151l p\u00e1r nap m\u00falva alig marad valami&#8230; &nbsp; Erre hirtelen bel\u00e9m nyilallott a gondolat: Meg tudja-e \u00f6nmag\u00e1t v\u00e1ltoztatni az ember? Ijedten kellett beismernem, hogy: nem. Alapstrukt\u00far\u00e1j\u00e1t senki nem tudja megv\u00e1ltoztatni. Hogyan is tudn\u00e1 \u00f6nmag\u00e1t megv\u00e1ltoztatni egy olyan l\u00e9ny, aki nem \u00f6nmag\u00e1nak, hanem m\u00e1snak k\u00f6sz\u00f6nheti l\u00e9t\u00e9t? Aki csak elfogadta az \u00e9letet&#8230; Aki csak aj\u00e1nd\u00e9kba kapta tehets\u00e9g\u00e9t&#8230; Akinek a term\u00e9szete \u0151sei g\u00e9njeib\u0151l sz\u00f6v\u0151d\u00f6tt \u00f6ssze&#8230; Aki behat\u00e1rolts\u00e1g\u00e1t is gyakran csak elszenvedi&#8230; &nbsp; Term\u00e9szet\u00e9t senki nem tudja \u00f6nmaga erej\u00e9b\u0151l megv\u00e1ltoztatni! &nbsp; De igenis meg tudja v\u00e1ltoztatni be\u00e1ll\u00edtotts\u00e1g\u00e1t, viselked\u00e9s\u00e9t, magatart\u00e1s\u00e1t. Istenhez, m\u00e1sokhoz, \u00f6nmag\u00e1hoz \u00e9s az \u00e9lethez val\u00f3 viszonyul\u00e1s\u00e1n k\u00e9pes v\u00e1ltoztatni! Fontos dolgoknak ut\u00e1naj\u00e1rni&#8230; L\u00e9nyegesebbekre t\u00f6bb id\u0151t szentelni&#8230; Az \u00e9letbev\u00e1g\u00f3kra jobban odafigyelni&#8230; &nbsp; Mi teh\u00e1t boldogs\u00e1g szempontj\u00e1b\u00f3l az \u00faj esztend\u0151ben a fontos? &nbsp; Szerintem, hogy el\u0151sz\u00f6r is megismerd a benned \u00e9l\u0151 \u201efarkasokat\u201d. Nev\u00e9n kell nevezned \u0151ket, k\u00fcl\u00f6nben \u00f6nmagadnak \u00e9s m\u00e1soknak is f\u00e1jdalmat okoznak. El kell z\u00e1rnod \u0151ket&#8230; Nem szabad eloldanod l\u00e1ncaikr\u00f3l a haragot, irigys\u00e9get, moh\u00f3s\u00e1got, arroganci\u00e1t, \u00f6nsajn\u00e1latot, b\u0171ntudatot, s\u00e9rt\u0151d\u00f6tts\u00e9get, kisebbrend\u0171s\u00e9get, hazugs\u00e1got, \u00f6ntelts\u00e9get, fels\u0151bbrend\u0171s\u00e9get! \u00c9s ne t\u00e1pl\u00e1ld ezeket... R\u00e9szletek\" \/>\n<meta property=\"og:url\" content=\"https:\/\/stuttgarti-katolikusok.de\/index.php\/ujevi-jofelteteleink\/\" \/>\n<meta property=\"og:site_name\" content=\"Stuttgarti Katolikusok\" \/>\n<meta property=\"article:published_time\" content=\"2015-01-08T21:17:41+00:00\" \/>\n<meta property=\"article:modified_time\" content=\"2015-12-15T21:25:13+00:00\" \/>\n<meta name=\"author\" content=\"Tibor atya\" \/>\n<meta name=\"twitter:card\" content=\"summary_large_image\" \/>\n<meta name=\"twitter:label1\" content=\"Szerz\u0151:\" \/>\n\t<meta name=\"twitter:data1\" content=\"Tibor atya\" \/>\n\t<meta name=\"twitter:label2\" content=\"Becs\u00fclt olvas\u00e1si id\u0151\" \/>\n\t<meta name=\"twitter:data2\" content=\"3 perc\" \/>\n<script type=\"application\/ld+json\" class=\"yoast-schema-graph\">{\"@context\":\"https:\\\/\\\/schema.org\",\"@graph\":[{\"@type\":\"Article\",\"@id\":\"https:\\\/\\\/stuttgarti-katolikusok.de\\\/index.php\\\/ujevi-jofelteteleink\\\/#article\",\"isPartOf\":{\"@id\":\"https:\\\/\\\/stuttgarti-katolikusok.de\\\/index.php\\\/ujevi-jofelteteleink\\\/\"},\"author\":{\"name\":\"Tibor atya\",\"@id\":\"https:\\\/\\\/stuttgarti-katolikusok.de\\\/#\\\/schema\\\/person\\\/75908d6f8fdc03a57889d27209df7795\"},\"headline\":\"\u00daj\u00e9vi j\u00f3felt\u00e9teleink&#8230;\",\"datePublished\":\"2015-01-08T21:17:41+00:00\",\"dateModified\":\"2015-12-15T21:25:13+00:00\",\"mainEntityOfPage\":{\"@id\":\"https:\\\/\\\/stuttgarti-katolikusok.de\\\/index.php\\\/ujevi-jofelteteleink\\\/\"},\"wordCount\":571,\"articleSection\":[\"Gondolatok\"],\"inLanguage\":\"hu\"},{\"@type\":\"WebPage\",\"@id\":\"https:\\\/\\\/stuttgarti-katolikusok.de\\\/index.php\\\/ujevi-jofelteteleink\\\/\",\"url\":\"https:\\\/\\\/stuttgarti-katolikusok.de\\\/index.php\\\/ujevi-jofelteteleink\\\/\",\"name\":\"\u00daj\u00e9vi j\u00f3felt\u00e9teleink... - Stuttgarti Katolikusok\",\"isPartOf\":{\"@id\":\"https:\\\/\\\/stuttgarti-katolikusok.de\\\/#website\"},\"datePublished\":\"2015-01-08T21:17:41+00:00\",\"dateModified\":\"2015-12-15T21:25:13+00:00\",\"author\":{\"@id\":\"https:\\\/\\\/stuttgarti-katolikusok.de\\\/#\\\/schema\\\/person\\\/75908d6f8fdc03a57889d27209df7795\"},\"breadcrumb\":{\"@id\":\"https:\\\/\\\/stuttgarti-katolikusok.de\\\/index.php\\\/ujevi-jofelteteleink\\\/#breadcrumb\"},\"inLanguage\":\"hu\",\"potentialAction\":[{\"@type\":\"ReadAction\",\"target\":[\"https:\\\/\\\/stuttgarti-katolikusok.de\\\/index.php\\\/ujevi-jofelteteleink\\\/\"]}]},{\"@type\":\"BreadcrumbList\",\"@id\":\"https:\\\/\\\/stuttgarti-katolikusok.de\\\/index.php\\\/ujevi-jofelteteleink\\\/#breadcrumb\",\"itemListElement\":[{\"@type\":\"ListItem\",\"position\":1,\"name\":\"Kezd\u0151lap\",\"item\":\"https:\\\/\\\/stuttgarti-katolikusok.de\\\/\"},{\"@type\":\"ListItem\",\"position\":2,\"name\":\"\u00daj\u00e9vi j\u00f3felt\u00e9teleink&#8230;\"}]},{\"@type\":\"WebSite\",\"@id\":\"https:\\\/\\\/stuttgarti-katolikusok.de\\\/#website\",\"url\":\"https:\\\/\\\/stuttgarti-katolikusok.de\\\/\",\"name\":\"Stuttgarti Katolikusok\",\"description\":\"\",\"potentialAction\":[{\"@type\":\"SearchAction\",\"target\":{\"@type\":\"EntryPoint\",\"urlTemplate\":\"https:\\\/\\\/stuttgarti-katolikusok.de\\\/?s={search_term_string}\"},\"query-input\":{\"@type\":\"PropertyValueSpecification\",\"valueRequired\":true,\"valueName\":\"search_term_string\"}}],\"inLanguage\":\"hu\"},{\"@type\":\"Person\",\"@id\":\"https:\\\/\\\/stuttgarti-katolikusok.de\\\/#\\\/schema\\\/person\\\/75908d6f8fdc03a57889d27209df7795\",\"name\":\"Tibor atya\",\"image\":{\"@type\":\"ImageObject\",\"inLanguage\":\"hu\",\"@id\":\"https:\\\/\\\/secure.gravatar.com\\\/avatar\\\/61d268e57d1f4525b111222e29d2d5a7f8c420fdbf231ba5566a8ceac74fa960?s=96&d=mm&r=g\",\"url\":\"https:\\\/\\\/secure.gravatar.com\\\/avatar\\\/61d268e57d1f4525b111222e29d2d5a7f8c420fdbf231ba5566a8ceac74fa960?s=96&d=mm&r=g\",\"contentUrl\":\"https:\\\/\\\/secure.gravatar.com\\\/avatar\\\/61d268e57d1f4525b111222e29d2d5a7f8c420fdbf231ba5566a8ceac74fa960?s=96&d=mm&r=g\",\"caption\":\"Tibor atya\"},\"url\":\"https:\\\/\\\/stuttgarti-katolikusok.de\\\/index.php\\\/author\\\/tibor-atya\\\/\"}]}<\/script>\n<!-- \/ Yoast SEO plugin. -->","yoast_head_json":{"title":"\u00daj\u00e9vi j\u00f3felt\u00e9teleink... - Stuttgarti Katolikusok","robots":{"index":"index","follow":"follow","max-snippet":"max-snippet:-1","max-image-preview":"max-image-preview:large","max-video-preview":"max-video-preview:-1"},"canonical":"https:\/\/stuttgarti-katolikusok.de\/index.php\/ujevi-jofelteteleink\/","og_locale":"hu_HU","og_type":"article","og_title":"\u00daj\u00e9vi j\u00f3felt\u00e9teleink... - Stuttgarti Katolikusok","og_description":"Egy id\u0151s indi\u00e1n az \u00e9letr\u0151l mes\u00e9lt az unok\u00e1j\u00e1nak. &#8222;K\u00fczdelem zajlik a bens\u0151mben,&#8221; mondta a fi\u00fanak. &#8222;Rettent\u0151 harc ez, egy farkas \u00e9s egy angyal v\u00edvja egym\u00e1ssal. A farkas gonosz &#8211; \u0151 a harag, irigys\u00e9g, b\u00e1nat, moh\u00f3s\u00e1g, arrogancia, \u00f6nsajn\u00e1lat, b\u0171ntudat, s\u00e9rt\u0151d\u00f6tts\u00e9g, kisebbrend\u0171s\u00e9g, hazugs\u00e1gok, \u00f6ntelts\u00e9g, fels\u0151bbrend\u0171s\u00e9g \u00e9s ego. Az angyal j\u00f3 &#8211; \u0151 az \u00f6r\u00f6m, b\u00e9ke, szeretet, rem\u00e9ny, der\u0171s nyugalom, al\u00e1zat, kedvess\u00e9g, j\u00f3akarat, emp\u00e1tia, nagylelk\u0171s\u00e9g, igazs\u00e1g, egy\u00fctt\u00e9rz\u00e9s \u00e9s hit. Ugyanez a harc benned is zajlik &#8211; \u00e9s mindenki m\u00e1sban is. Az unoka elgondolkozott egy percre majd megk\u00e9rdezte a nagyapj\u00e1t: &#8222;Ki fog gy\u0151zni?\u201d &#8222;Amelyiket t\u00e1pl\u00e1lod.&#8221; &#8211; v\u00e1laszolta az id\u0151s indi\u00e1n. &nbsp; Az \u00faj esztend\u0151 els\u0151 napjaiban t\u00f6bb interj\u00fam\u0171sorban l\u00e1ttam, hogy a riporterek \u00e1ltal megk\u00e9rdezettek nagy t\u00f6bbs\u00e9ge k\u00fcl\u00f6nb\u00f6z\u0151 fogadalmakat tett: eg\u00e9szs\u00e9gesebben fog \u00e9lni, t\u00f6bbet fog sportolni, ker\u00fclni fogja a stresszt. P\u00e9ld\u00e1jukra bennem is megfogalmaz\u00f3dott egy sereg j\u00f3felt\u00e9tel, noha arra is eml\u00e9keztem, hogy ezekb\u0151l a j\u00f3felt\u00e9telekb\u0151l p\u00e1r nap m\u00falva alig marad valami&#8230; &nbsp; Erre hirtelen bel\u00e9m nyilallott a gondolat: Meg tudja-e \u00f6nmag\u00e1t v\u00e1ltoztatni az ember? Ijedten kellett beismernem, hogy: nem. Alapstrukt\u00far\u00e1j\u00e1t senki nem tudja megv\u00e1ltoztatni. Hogyan is tudn\u00e1 \u00f6nmag\u00e1t megv\u00e1ltoztatni egy olyan l\u00e9ny, aki nem \u00f6nmag\u00e1nak, hanem m\u00e1snak k\u00f6sz\u00f6nheti l\u00e9t\u00e9t? Aki csak elfogadta az \u00e9letet&#8230; Aki csak aj\u00e1nd\u00e9kba kapta tehets\u00e9g\u00e9t&#8230; Akinek a term\u00e9szete \u0151sei g\u00e9njeib\u0151l sz\u00f6v\u0151d\u00f6tt \u00f6ssze&#8230; Aki behat\u00e1rolts\u00e1g\u00e1t is gyakran csak elszenvedi&#8230; &nbsp; Term\u00e9szet\u00e9t senki nem tudja \u00f6nmaga erej\u00e9b\u0151l megv\u00e1ltoztatni! &nbsp; De igenis meg tudja v\u00e1ltoztatni be\u00e1ll\u00edtotts\u00e1g\u00e1t, viselked\u00e9s\u00e9t, magatart\u00e1s\u00e1t. Istenhez, m\u00e1sokhoz, \u00f6nmag\u00e1hoz \u00e9s az \u00e9lethez val\u00f3 viszonyul\u00e1s\u00e1n k\u00e9pes v\u00e1ltoztatni! Fontos dolgoknak ut\u00e1naj\u00e1rni&#8230; L\u00e9nyegesebbekre t\u00f6bb id\u0151t szentelni&#8230; Az \u00e9letbev\u00e1g\u00f3kra jobban odafigyelni&#8230; &nbsp; Mi teh\u00e1t boldogs\u00e1g szempontj\u00e1b\u00f3l az \u00faj esztend\u0151ben a fontos? &nbsp; Szerintem, hogy el\u0151sz\u00f6r is megismerd a benned \u00e9l\u0151 \u201efarkasokat\u201d. Nev\u00e9n kell nevezned \u0151ket, k\u00fcl\u00f6nben \u00f6nmagadnak \u00e9s m\u00e1soknak is f\u00e1jdalmat okoznak. El kell z\u00e1rnod \u0151ket&#8230; Nem szabad eloldanod l\u00e1ncaikr\u00f3l a haragot, irigys\u00e9get, moh\u00f3s\u00e1got, arroganci\u00e1t, \u00f6nsajn\u00e1latot, b\u0171ntudatot, s\u00e9rt\u0151d\u00f6tts\u00e9get, kisebbrend\u0171s\u00e9get, hazugs\u00e1got, \u00f6ntelts\u00e9get, fels\u0151bbrend\u0171s\u00e9get! \u00c9s ne t\u00e1pl\u00e1ld ezeket... R\u00e9szletek","og_url":"https:\/\/stuttgarti-katolikusok.de\/index.php\/ujevi-jofelteteleink\/","og_site_name":"Stuttgarti Katolikusok","article_published_time":"2015-01-08T21:17:41+00:00","article_modified_time":"2015-12-15T21:25:13+00:00","author":"Tibor atya","twitter_card":"summary_large_image","twitter_misc":{"Szerz\u0151:":"Tibor atya","Becs\u00fclt olvas\u00e1si id\u0151":"3 perc"},"schema":{"@context":"https:\/\/schema.org","@graph":[{"@type":"Article","@id":"https:\/\/stuttgarti-katolikusok.de\/index.php\/ujevi-jofelteteleink\/#article","isPartOf":{"@id":"https:\/\/stuttgarti-katolikusok.de\/index.php\/ujevi-jofelteteleink\/"},"author":{"name":"Tibor atya","@id":"https:\/\/stuttgarti-katolikusok.de\/#\/schema\/person\/75908d6f8fdc03a57889d27209df7795"},"headline":"\u00daj\u00e9vi j\u00f3felt\u00e9teleink&#8230;","datePublished":"2015-01-08T21:17:41+00:00","dateModified":"2015-12-15T21:25:13+00:00","mainEntityOfPage":{"@id":"https:\/\/stuttgarti-katolikusok.de\/index.php\/ujevi-jofelteteleink\/"},"wordCount":571,"articleSection":["Gondolatok"],"inLanguage":"hu"},{"@type":"WebPage","@id":"https:\/\/stuttgarti-katolikusok.de\/index.php\/ujevi-jofelteteleink\/","url":"https:\/\/stuttgarti-katolikusok.de\/index.php\/ujevi-jofelteteleink\/","name":"\u00daj\u00e9vi j\u00f3felt\u00e9teleink... - Stuttgarti Katolikusok","isPartOf":{"@id":"https:\/\/stuttgarti-katolikusok.de\/#website"},"datePublished":"2015-01-08T21:17:41+00:00","dateModified":"2015-12-15T21:25:13+00:00","author":{"@id":"https:\/\/stuttgarti-katolikusok.de\/#\/schema\/person\/75908d6f8fdc03a57889d27209df7795"},"breadcrumb":{"@id":"https:\/\/stuttgarti-katolikusok.de\/index.php\/ujevi-jofelteteleink\/#breadcrumb"},"inLanguage":"hu","potentialAction":[{"@type":"ReadAction","target":["https:\/\/stuttgarti-katolikusok.de\/index.php\/ujevi-jofelteteleink\/"]}]},{"@type":"BreadcrumbList","@id":"https:\/\/stuttgarti-katolikusok.de\/index.php\/ujevi-jofelteteleink\/#breadcrumb","itemListElement":[{"@type":"ListItem","position":1,"name":"Kezd\u0151lap","item":"https:\/\/stuttgarti-katolikusok.de\/"},{"@type":"ListItem","position":2,"name":"\u00daj\u00e9vi j\u00f3felt\u00e9teleink&#8230;"}]},{"@type":"WebSite","@id":"https:\/\/stuttgarti-katolikusok.de\/#website","url":"https:\/\/stuttgarti-katolikusok.de\/","name":"Stuttgarti Katolikusok","description":"","potentialAction":[{"@type":"SearchAction","target":{"@type":"EntryPoint","urlTemplate":"https:\/\/stuttgarti-katolikusok.de\/?s={search_term_string}"},"query-input":{"@type":"PropertyValueSpecification","valueRequired":true,"valueName":"search_term_string"}}],"inLanguage":"hu"},{"@type":"Person","@id":"https:\/\/stuttgarti-katolikusok.de\/#\/schema\/person\/75908d6f8fdc03a57889d27209df7795","name":"Tibor atya","image":{"@type":"ImageObject","inLanguage":"hu","@id":"https:\/\/secure.gravatar.com\/avatar\/61d268e57d1f4525b111222e29d2d5a7f8c420fdbf231ba5566a8ceac74fa960?s=96&d=mm&r=g","url":"https:\/\/secure.gravatar.com\/avatar\/61d268e57d1f4525b111222e29d2d5a7f8c420fdbf231ba5566a8ceac74fa960?s=96&d=mm&r=g","contentUrl":"https:\/\/secure.gravatar.com\/avatar\/61d268e57d1f4525b111222e29d2d5a7f8c420fdbf231ba5566a8ceac74fa960?s=96&d=mm&r=g","caption":"Tibor atya"},"url":"https:\/\/stuttgarti-katolikusok.de\/index.php\/author\/tibor-atya\/"}]}},"_links":{"self":[{"href":"https:\/\/stuttgarti-katolikusok.de\/index.php\/wp-json\/wp\/v2\/posts\/8350","targetHints":{"allow":["GET"]}}],"collection":[{"href":"https:\/\/stuttgarti-katolikusok.de\/index.php\/wp-json\/wp\/v2\/posts"}],"about":[{"href":"https:\/\/stuttgarti-katolikusok.de\/index.php\/wp-json\/wp\/v2\/types\/post"}],"author":[{"embeddable":true,"href":"https:\/\/stuttgarti-katolikusok.de\/index.php\/wp-json\/wp\/v2\/users\/3"}],"replies":[{"embeddable":true,"href":"https:\/\/stuttgarti-katolikusok.de\/index.php\/wp-json\/wp\/v2\/comments?post=8350"}],"version-history":[{"count":1,"href":"https:\/\/stuttgarti-katolikusok.de\/index.php\/wp-json\/wp\/v2\/posts\/8350\/revisions"}],"predecessor-version":[{"id":8351,"href":"https:\/\/stuttgarti-katolikusok.de\/index.php\/wp-json\/wp\/v2\/posts\/8350\/revisions\/8351"}],"wp:attachment":[{"href":"https:\/\/stuttgarti-katolikusok.de\/index.php\/wp-json\/wp\/v2\/media?parent=8350"}],"wp:term":[{"taxonomy":"category","embeddable":true,"href":"https:\/\/stuttgarti-katolikusok.de\/index.php\/wp-json\/wp\/v2\/categories?post=8350"},{"taxonomy":"post_tag","embeddable":true,"href":"https:\/\/stuttgarti-katolikusok.de\/index.php\/wp-json\/wp\/v2\/tags?post=8350"}],"curies":[{"name":"wp","href":"https:\/\/api.w.org\/{rel}","templated":true}]}}