{"id":8346,"date":"2015-02-23T21:15:23","date_gmt":"2015-02-23T21:15:23","guid":{"rendered":"https:\/\/gracious-dewdney.138-201-221-2.plesk.page\/?p=8346"},"modified":"2015-12-15T21:24:57","modified_gmt":"2015-12-15T21:24:57","slug":"jobban-elni","status":"publish","type":"post","link":"https:\/\/stuttgarti-katolikusok.de\/index.php\/jobban-elni\/","title":{"rendered":"Jobban \u00e9lni\u2026"},"content":{"rendered":"<p>Ki ne akarna \u201ejobban\u201d \u00e9lni? Nehezen dolgoz\u00f3k \u00e9pp\u00fagy, mint munkan\u00e9lk\u00fcliek, alkoholist\u00e1k \u00e9pp \u00fagy, mint a f\u00f6l\u00f6sleges kil\u00f3ikkal k\u00fcszk\u00f6d\u0151k, fiatalok \u00e9s \u00f6regek, f\u00e9rfiak \u00e9s n\u0151k, klerikusok \u00e9s laikusok\u2026 Amint azonban konkr\u00e9t l\u00e9p\u00e9sekre ker\u00fclne a sor, hogyan \u00e9rhet\u0151 el ez a \u201ejobb \u00e9let\u201c, akkor v\u00e1lik neh\u00e9zz\u00e9 az eg\u00e9sz. K\u00edv\u00e1ns\u00e1gaink \u00e9s \u00f3hajaink ugyanis nem egyszer homlokegyenest m\u00e1s ir\u00e1nyba h\u00faznak, mint jobbik \u00e9n\u00fcnk. Csapong\u00f3 v\u00e1gyaink sokszor er\u0151sebbek, mint az \u00e9rtelem j\u00f3zan szava, vagy a lelkiismeret halk n\u00f3gat\u00e1sa.<\/p>\n<p>A Grimm-mes\u00e9k k\u00f6z\u00f6tt van egy, amely nagyon k\u00e9pszer\u0171en t\u00e1rja szem\u00fcnk el\u00e9 a \u201ejobb \u00e9let\u201d ut\u00e1ni rendetlen v\u00e1gyat, \u00e9s annak k\u00e9t megteremt\u00e9si lehet\u0151s\u00e9g\u00e9t. Jobban, mint b\u00e1rmilyen hossz\u00fa besz\u00e9d vagy eszmefuttat\u00e1s. \u00cdme \u201eA hal\u00e1sz \u00e9s a feles\u00e9ge\u201d&#8230;<\/p>\n<p>&nbsp;<\/p>\n<p>\u00c9lt egyszer valaha r\u00e9gen egy hal\u00e1sz. Egy szer\u00e9ny kis kunyh\u00f3ban lakott a tenger partj\u00e1n a feles\u00e9g\u00e9vel. Minden \u00e1ldott nap kiment hal\u00e1szni, kivetette a horgot, s v\u00e1rta, v\u00e1rta a halat. Egy sz\u00e9p napon megint ott horg\u00e1szott a parton, b\u00e1mult a sz\u00e9p tiszta v\u00edzbe, \u00fcld\u00f6g\u00e9lt a botja mellett, \u00e9s t\u00fcrelmesen v\u00e1rt, egyre csak v\u00e1rt. Egyszerre csak megr\u00e1ndult a zsineg, lemer\u00fclt a horog a m\u00e9lybe, s ahogy a hal\u00e1sz f\u00f6lh\u00fazta, egy nagy csuka t\u00e1togott rajta.<\/p>\n<p>&#8211; Hallod-e, te hal\u00e1sz &#8211; sz\u00f3lalt meg -, k\u00e9rlek, hagyd meg az \u00e9letemet, nem igazi csuka vagyok \u00e9n, hanem elvar\u00e1zsolt herceg. Mit haszn\u00e1l neked, ha meg\u00f6lsz? Ink\u00e1bb dobj vissza a v\u00edzbe, hadd lubickoljak tov\u00e1bb.<\/p>\n<p>&#8211; Menj csak az utadra &#8211; felelte a hal\u00e1sz -, hogyan is b\u00e1ntan\u00e9k egy csuk\u00e1t, amelyik besz\u00e9lni tud?<\/p>\n<p>Azzal vissza csusszantotta a halat a sz\u00e9p tiszta v\u00edzbe, f\u00f6lszedel\u0151zk\u00f6d\u00f6tt, \u00e9s hazament a kunyh\u00f3ba a feles\u00e9g\u00e9hez.<\/p>\n<p>&#8211; Mi az, ember, ma semmit nem fogt\u00e1l? &#8211; k\u00e9rdezte az asszony.<\/p>\n<p>&#8211; Nem fogtam &#8211; felelte a hal\u00e1sz -, csak egy csuk\u00e1t. Azt mondta elvar\u00e1zsolt herceg, h\u00e1t visszaengedtem a v\u00edzbe.<\/p>\n<p>&#8211; \u00c9s nem k\u00edv\u00e1nt\u00e1l \u00e9rte semmit t\u0151le?<\/p>\n<p>&#8211; Nem. Mit is k\u00edv\u00e1ntam volna?<\/p>\n<p>&#8211; \u00d3, te szerencs\u00e9tlen &#8211; korholta az asszony, &#8211; Nem l\u00e1tod, milyen ut\u00e1latos mindig ebben a nyomor\u00fas\u00e1gos kis kunyh\u00f3ban lakni, b\u00fcd\u00f6s is, mocskos is: k\u00edv\u00e1nhatt\u00e1l volna magadnak egy sz\u00e9p kis h\u00e1zat. Menj csak vissza a partra, h\u00edvd ki a v\u00edzb\u0151l a csuk\u00e1t, mondd meg neki, szeretn\u00e9nk egy sz\u00e9p kis h\u00e1zat; biztosan megadja.<\/p>\n<p>Az embernek nem nagyon akar\u00f3dzott elmenni, de az asszonnyal sem volt kedve civakodni, h\u00e1t kiballagott sz\u00e9p lassan a partra.<\/p>\n<p>H\u00e1t csak kidugja a fej\u00e9t a csuka a v\u00edzb\u0151l, s k\u00e9rdi:<\/p>\n<p>&#8211; No, mit akarsz?<\/p>\n<p>&#8211; A feles\u00e9gem az\u00e9rt r\u00e1gja a f\u00fclemet &#8211; felelte a hal\u00e1sz -, hogy ha egyszer megfogtalak mi\u00e9rt nem k\u00e9rtem t\u0151led valamit az \u00e9leted fej\u00e9ben. Nem akar megmaradni a kunyh\u00f3ban, minden\u00e1ron egy kis h\u00e1zat szeretne.<\/p>\n<p>&#8211; No, csak menj haza, m\u00e1ris megvan &#8211; mondta a csuka.<\/p>\n<p>Az ember hazament, s m\u00e1r nem a r\u00e9gi szeg\u00e9nyes visk\u00f3ban tal\u00e1lta a feles\u00e9g\u00e9t. Sz\u00e9p kis h\u00e1z \u00e1llt a kunyh\u00f3 hely\u00e9n, a kapu mellett kispad, azon \u00fcld\u00f6g\u00e9lt az asszony. S ahogy megl\u00e1tta az ur\u00e1t, el\u00e9be ment, k\u00e9zen fogta, azt mondta:<\/p>\n<p>&#8211; Gyere csak be, n\u00e9zz k\u00f6r\u00fcl, mennyivel szebb most m\u00e1r n\u00e1lunk!<\/p>\n<p>&#8211; No, tetszik? &#8211; k\u00e9rdezte az asszony.<\/p>\n<p>&#8211; Tetszik bizony &#8211; mondta az ember -, sose k\u00edv\u00e1nn\u00e9k szebbet magunknak!<\/p>\n<p>Hanem az asszony f\u00f6lemelte a mutat\u00f3ujj\u00e1t, \u00fagy mondta:<\/p>\n<p>&#8211; Majd ezen m\u00e9g gondolkodunk!<\/p>\n<p>Azzal j\u00f3\u00edz\u0171en megvacsor\u00e1ztak, ut\u00e1na pedig lefek\u00fcdtek, \u00e9s aludtak egyfolyt\u00e1ban reggelig.<\/p>\n<p>\u00cdgy ment ez egy-k\u00e9t h\u00e9tig b\u00e9kess\u00e9gben. Hanem akkor egyszer csak azt mondta az asszony:<\/p>\n<p>&#8211; Hallod-e, ember! Nagyon sz\u0171k nek\u00fcnk ez a h\u00e1z. Az udvar is kicsiny, a kert is apr\u00f3cska. Szeretn\u00e9k sz\u00e9p, t\u00e1gas k\u0151kast\u00e9lyban lakni. Menj, keresd meg a csuk\u00e1t, k\u00e9rd meg, aj\u00e1nd\u00e9kozzon nek\u00fcnk egy kast\u00e9lyt.<\/p>\n<p>&#8211; Asszony, asszony &#8211; korholta a hal\u00e1sz -, \u00e9pp el\u00e9g nagy ez a h\u00e1z, minek lakn\u00e1nk mi kast\u00e9lyban?<\/p>\n<p>De az asszony r\u00e1ripakodott:<\/p>\n<p>&#8211; Ne okvetetlenkedj\u00e9l itt nekem; hanem eredj, ha mondom!<\/p>\n<p>A hal\u00e1sznak neh\u00e9z lett a sz\u00edve, csak nem akart menni, s v\u00e1ltig azt hajtogatta mag\u00e1ban: &#8222;Nincs ez rendj\u00e9n&#8221; &#8211; de az\u00e9rt m\u00e9giscsak kiballagott.<\/p>\n<p>&#8211; No, mit akar h\u00e1t? &#8211; k\u00e9rdezte a csuka.<\/p>\n<p>&#8211; Haj &#8211; felelte a hal\u00e1sz -, nagy k\u0151kast\u00e9lyban akar lakni!<\/p>\n<p>&#8211; No, csak menj haza sz\u00e9pen, ott v\u00e1r m\u00e1r az asszony a kast\u00e9ly kapuj\u00e1ban.<\/p>\n<p>A hal\u00e1sz elindult, s egyszerre csak mit l\u00e1tott? Nagy k\u0151palota b\u00fcszk\u00e9lkedett a kis h\u00e1zuk hely\u00e9n, a feles\u00e9ge meg f\u00f6nn \u00e1llt a l\u00e9pcs\u0151 tetej\u00e9n, \u00e9s \u00e9ppen be akart nyitni. Amint az ur\u00e1t megl\u00e1tta, vid\u00e1man integetni kezdett neki, azt\u00e1n k\u00e9zen fogta, \u00e9s azt mondta:<\/p>\n<p>&#8211; Gyere csak, n\u00e9zz\u00fck meg az \u00faj otthonunkat!<\/p>\n<p>Hatalmas m\u00e1rv\u00e1nyburkolatos csarnokba l\u00e9ptek. Szolg\u00e1k serege v\u00e1rta ott \u0151ket; m\u00e9lyen meghajoltak a gazd\u00e1ik el\u0151tt, \u00e9s kit\u00e1rt\u00e1k az ajt\u00f3kat. Gy\u00f6ny\u00f6r\u0171en tap\u00e9t\u00e1zott sima falak ragyogtak fel\u00e9j\u00fck, a szob\u00e1kban csupa aranysz\u00e9k meg aranyasztal, \u00e9s a mennyezetr\u0151l sok\u00e1g\u00fa krist\u00e1lycsill\u00e1rok f\u00fcggtek. Minden szob\u00e1ban, minden kamr\u00e1ban s\u00fcpped\u0151s sz\u0151nyegek; az asztalok meg csak \u00fagy roskadoztak a legfinomabb \u00e9telekt\u0151l, legzamatosabb borokt\u00f3l. A palota m\u00f6g\u00f6tt t\u00e1gas udvar h\u00faz\u00f3dott, benne l\u00f3ist\u00e1ll\u00f3, teh\u00e9nist\u00e1ll\u00f3, pomp\u00e1s hint\u00f3kkal rakott kocsisz\u00edn, az udvaron t\u00fal pedig f\u00f6ls\u00e9ges kert a vil\u00e1g legszebb vir\u00e1gaival \u00e9s leg\u00edzesebb gy\u00fcm\u00f6lcseivel. Azt\u00e1n csod\u00e1latos park, csak a hossza vagy f\u00e9l m\u00e9rf\u00f6ld, p\u00e1zsitj\u00e1n, csalitosaiban \u0151zek, szarvasok, nyulak sz\u00f6kelltek; egysz\u00f3val egy\u00fctt volt itt minden, amit csak ember k\u00edv\u00e1nhat.<\/p>\n<p>&#8211; No, l\u00e1tod, h\u00e1t nem sz\u00e9p ez? &#8211; k\u00e9rdezte az asszony.<\/p>\n<p>&#8211; Bizony, gy\u00f6ny\u00f6r\u0171 sz\u00e9p &#8211; felelte a f\u00e9rje -, most azt\u00e1n m\u00e1r igaz\u00e1n nem k\u00edv\u00e1nhatunk szebbet magunknak.<\/p>\n<p>&#8211; Majd ezen m\u00e9g gondolkodunk &#8211; mondta a feles\u00e9ge. El\u0151bb alszunk r\u00e1 egyet.<\/p>\n<p>Azzal lefek\u00fcdtek.<\/p>\n<p>\u00c9s az asszony el\u0151bb kir\u00e1lyn\u0151, majd cs\u00e1sz\u00e1rn\u0151, azut\u00e1n p\u00e1pa akart lenni. \u00c9s a csuka minden k\u00edv\u00e1ns\u00e1g\u00e1t teljes\u00edtette. V\u00e9g\u00fcl az asszony azt \u00f3hajtotta, hogy \u0151 legyen az \u00daristen&#8230;<\/p>\n<p>Szeg\u00e9ny hal\u00e1sz f\u00f6lr\u00e1ntotta a nadr\u00e1gj\u00e1t, s futott a tengerhez, mint akit h\u00e9t \u00f6rd\u00f6g kerget.<\/p>\n<p>&#8211; No, mit akar megint? &#8211; k\u00e9rdezte a csuka.<\/p>\n<p>&#8211; Jaj &#8211; ny\u00f6gte a hal\u00e1sz &#8211; \u0151 akar lenni az \u00daristen!<\/p>\n<p>&#8211; H\u00e1t akkor menj csak haza sz\u00e9pen, ott \u00fcl megint az asszony a hal\u00e1szkunyh\u00f3ban.<\/p>\n<p>Az\u00f3ta is ott \u00fclnek.<\/p>\n<p>&nbsp;<\/p>\n<ol>\n<li>\u00c1d\u00e1m \u00e9s \u00c9va \u00f3ta, ami\u00f3ta ember \u00e9l a f\u00f6ld\u00f6n, \u00fagy vagyunk az \u00e9lettel, mint ez a hal\u00e1sz \u00e9s a feles\u00e9ge. Ritk\u00e1n vagyunk el\u00e9gedettek azzal, amink van, mint ahogyan azzal sem, amik vagyunk. Azt hissz\u00fck, hogy boldogabbak lenn\u00e9nk, ha \u201et\u00f6bb\u201d vagy \u201enagyobb\u201d dolgot birtokoln\u00e1nk: el\u0151bb egy bicikli \u201ekell\u201d, azt\u00e1n egy robog\u00f3, majd egy r\u00e9gi VW, v\u00e9g\u00fcl egy sportkocsi, \u00e9s mindenk\u00e9pp t\u00f6bb l\u00f3er\u0151vel, mint a kolleg\u00e1nk\u00e9. \u2013 El\u0151bb egy kis szoba, nekem, magamnak, majd egy lak\u00e1s, v\u00e9g\u00fcl egy nagy h\u00e1z, \u00e9s lehet\u0151leg egy kis h\u00e9tv\u00e9gi h\u00e1zacsk\u00e1val is.<\/li>\n<\/ol>\n<p>Mindig m\u00e1sokkal hasonl\u00edtjuk magunkat, \u00e9s olyanokkal, akik szerint\u00fcnk, t\u00f6bbre vitt\u00e9k, mint mi.<\/p>\n<p>Mindig m\u00e1sok akarunk lenni, mint vagyunk: fiatalabbak, szebbek, sikeresebbek, h\u00edresebbek.<\/p>\n<p>Manaps\u00e1g nem akarunk ugyan \u201ekir\u00e1ly, cs\u00e1sz\u00e1r vagy p\u00e1pa\u201d lenni, de mindig t\u00f6bbr\u0151l \u00e1lmodunk:<\/p>\n<p>Ha majd egyszer bev\u00e9gzem az iskol\u00e1t, az egyetemet, akkor majd feln\u00e9znek r\u00e1m \u00e9s tisztelni fognak&#8230;<\/p>\n<p>Ha majd egyszer dolgozni fogok, akkor majd sok p\u00e9nzem lesz&#8230;<\/p>\n<p>Ha majd egyszer oszt\u00e1lyvezet\u0151nek neveznek ki, akkor majd \u00e9n fogok parancsolni m\u00e1snak&#8230;<\/p>\n<p>Ha majd egyszer nyugd\u00edjas leszek, akkor csak utazom \u00e9s f\u00e9ny\u0171z\u0151en \u00e9lek&#8230;<\/p>\n<p>&nbsp;<\/p>\n<p>A mesebeli hal\u00e1sz feles\u00e9g\u00e9nek meg kell tapasztalnia, amit egy\u00e9bk\u00e9nt mindenkinek, hogy a \u201et\u00f6bb\u201d az nem f\u00f6lt\u00e9tlen\u00fcl \u201ejobb\u201d is. Hogy a t\u00f6bb birtok, a t\u00f6bb tekint\u00e9ly, a m\u00e1sok f\u00f6l\u00f6tti t\u00f6bb hatalom t\u00e1volr\u00f3l sem jelenti azt, hogy boldogabb leszek.<\/p>\n<p>&nbsp;<\/p>\n<p>\u00c9s \u00e9pp ez az, amit J\u00e9zus Urunk az esz\u00fcnkbe \u00e9s a sz\u00edv\u00fcnkbe akar v\u00e9sni mikor azt mondja: <em>\u201eMert mit haszn\u00e1l az embernek, ha az eg\u00e9sz vil\u00e1got megnyeri, lelk\u00e9ben pedig k\u00e1rt vall? Vagy mit adhat az ember v\u00e1lts\u00e1gd\u00edjul a lelk\u00e9\u00e9rt?\u201d<\/em> (v\u00f6. Mt 16,26)<\/p>\n<p>&nbsp;<\/p>\n<p>A \u201ejobban \u00e9let\u201d, amire J\u00e9zus Urunk h\u00edv benn\u00fcnket, soha nem a <em>mennyis\u00e9get<\/em> c\u00e9lozza meg, hanem mindig a <em>min\u0151s\u00e9get<\/em>. \u201eNe arra t\u00f6rekedj, hogy t\u00f6bbed legyen, hanem arra, hogy jobb legy\u00e9l! Ne arra t\u00f6rekedj, hogy \u201epalot\u00e1d\u201d legyen, hanem arra, hogy a \u201ekunyh\u00f3ban\u201d is jobb legyen a sz\u00edved, lelked, jellemed!<\/p>\n<p>&nbsp;<\/p>\n<ol start=\"2\">\n<li>Aki azonban \u201ejobban\u201d akar \u00e9lni, annak a mes\u00e9ben nem csak a hal\u00e1sz feles\u00e9g\u00e9re, hanem mag\u00e1ra a hal\u00e1szra is oda kell figyelnie. Mert m\u00edg a feles\u00e9g egyre t\u00f6bbet \u00e9s t\u00f6bbet akar, a f\u00e9rj nem tud neki nemet mondani. \u201eNem tudni nemet mondani\u201d a gyenge jellem\u0171 emberek sz\u00e1m\u00e1ra \u00e9pp olyan vesz\u00e9lyt rejt mag\u00e1ban, mint \u201eaz egyre t\u00f6bbet akar\u00e1s\u201d. \u00c9s ez\u00e9rt, a mese \u00e9s az \u00e9let tapasztalata is ezt sugallja: \u00e9pp olyan zs\u00e1kutca, mint ez&#8230;<\/li>\n<\/ol>\n<p>&nbsp;<\/p>\n<p>\u201eNem tudni nemet mondani\u201d, minduntalan engedni a divatnak, a rekl\u00e1moknak, a partner becsv\u00e1gy\u00e1nak vagy emberi gyenges\u00e9g\u00e9nek, \u00f6nmagunk emberi gyenges\u00e9geinek, a t\u00f6megnek, a bar\u00e1ti k\u00f6rnek vagy az ismer\u0151s\u00f6knek, a k\u00fcl\u00f6nb\u00f6z\u0151 csoportoknak, azt tenni mindig, amit a t\u00f6bbs\u00e9g tesz, nehogy kil\u00f3gjunk a sorb\u00f3l, \u00e9s k\u00f6zben \u00f6nmagunkhoz h\u0171tlenek lesz\u00fcnk &#8211; \u00e9pp \u00fagy nem vezet boldogs\u00e1ghoz, mint az egyre t\u00f6bbre val\u00f3 v\u00e1gyakoz\u00e1s. A v\u00e9g\u00e9n \u00e9pp \u00fagy a visk\u00f3ban v\u00e9gezz\u00fck majd, mint a hal\u00e1sz feles\u00e9ge&#8230;<\/p>\n<p>&nbsp;<\/p>\n<p>Nem tudom, hogy ki mit fogad fel majd nagyb\u00f6jtre. Szem\u00e9lye v\u00e1logatja. Magam a szok\u00e1sosat szoktam felfogadni: semmi alkohol, kevesebb \u00e9tel, kevesebb TV, kevesebb besz\u00e9d, t\u00f6bb csend, t\u00f6bb olvas\u00e1s, t\u00f6bb \u00f6nmagamba-n\u00e9z\u00e9s, t\u00f6bb m\u00e1sok fel\u00e9 fordul\u00e1s&#8230;<\/p>\n<p>&nbsp;<\/p>\n<p>A fenti mese ut\u00e1n azonban m\u00e9g k\u00e9t m\u00e1s nagyb\u00f6jti gondolatot is tal\u00e1ltam.<\/p>\n<p>Ezeket aj\u00e1nlom most minden kedves Olvas\u00f3m figyelm\u00e9be&#8230;<\/p>\n<p>&nbsp;<\/p>\n<p>Ha \u201ejobb \u00e9letet\u201d akarsz magadnak, akkor ne engedd v\u00e1gyaidat \u00e9s \u00f3hajaidat az \u00e9gig n\u0151ni, hanem ebben vagy abban a pontban id\u0151ben (kezdd most nagyb\u00f6jtben!) szabj nekik \u2013 \u00e9sszer\u0171en \u2013 hat\u00e1rt, miel\u0151tt elsz\u00e1lln\u00e1nak veled a lovak! A beteljes\u00fcletlen, t\u00falzott v\u00e1gyak el\u00e9gedetlenn\u00e9 \u00e9s boldogtalann\u00e1 tesznek!<\/p>\n<p>&nbsp;<\/p>\n<p>Ha pedig \u00fagy \u00e9rzed, hogy k\u00edv\u00fclr\u0151l ir\u00e1ny\u00edtanak, hogy nem \u00f6nmagad \u00e9led az \u00e9letet, hanem m\u00e1s vagy m\u00e1sok, akkor mondj (kezdd most nagyb\u00f6jtben!) hat\u00e1rozottan nemet a divatnak, a rekl\u00e1mnak, a t\u00f6megnek. Pr\u00f3b\u00e1lj meg \u00f6nmagad lenni! Aki \u00f6nmaga, az a kunyh\u00f3ban is el\u00e9gedett \u00e9s boldog!<\/p>\n<p>&nbsp;<\/p>\n<p>Meg vagyok gy\u0151z\u0151dve arr\u00f3l, hogy a k\u00e9t k\u00eds\u00e9rt\u00e9s k\u00f6z\u00f6tt, aminek a hal\u00e1sz feles\u00e9ge (mindig t\u00f6bbet akarni) \u00e9s a hal\u00e1sz (nem tudni nemet mondani) nem tudott ellen\u00e1llni, ez\u00e9rt elesett, tal\u00e1lhat\u00f3 az az \u00fat, amely a \u201ejobb \u00e9let\u201d fel\u00e9 vezet, \u00e9s amely, Testv\u00e9r, el\u0151tted \u00e9s el\u0151ttem is nyitva \u00e1ll&#8230;<\/p>\n<p>&nbsp;<\/p>\n<p>Ezt megkeresni \u00e9s megtal\u00e1lni \u2013 ez lesz nekem most a nagyb\u00f6jti felt\u00e9telem&#8230;<\/p>\n<p>&nbsp;<\/p>\n<p>Pr\u00f3b\u00e1ld meg Te is!<\/p>\n<p>&nbsp;<\/p>\n<p>Ezt k\u00edv\u00e1nja Neked, minden Kedves H\u00edv\u00e9nek \u00e9s Olvas\u00f3j\u00e1nak, szeretettel<\/p>\n<p>&nbsp;<\/p>\n<p><em>Imre atya<\/em><\/p>\n<p><em>\u00a0<\/em><\/p>\n<p><em>Stuttgart, 2015-02-23.<\/em><\/p>\n","protected":false},"excerpt":{"rendered":"<p>Ki ne akarna \u201ejobban\u201d \u00e9lni? Nehezen dolgoz\u00f3k \u00e9pp\u00fagy, mint munkan\u00e9lk\u00fcliek, alkoholist\u00e1k \u00e9pp \u00fagy, mint a f\u00f6l\u00f6sleges kil\u00f3ikkal k\u00fcszk\u00f6d\u0151k, fiatalok \u00e9s \u00f6regek, f\u00e9rfiak \u00e9s n\u0151k, klerikusok \u00e9s laikusok\u2026 Amint azonban konkr\u00e9t l\u00e9p\u00e9sekre ker\u00fclne a sor, hogyan \u00e9rhet\u0151 el ez a \u201ejobb \u00e9let\u201c, akkor v\u00e1lik neh\u00e9zz\u00e9 az eg\u00e9sz. K\u00edv\u00e1ns\u00e1gaink \u00e9s \u00f3hajaink ugyanis nem egyszer homlokegyenest m\u00e1s ir\u00e1nyba h\u00faznak, mint jobbik \u00e9n\u00fcnk. Csapong\u00f3 v\u00e1gyaink sokszor er\u0151sebbek, mint az \u00e9rtelem j\u00f3zan szava, vagy a lelkiismeret halk n\u00f3gat\u00e1sa. A Grimm-mes\u00e9k k\u00f6z\u00f6tt van egy, amely nagyon k\u00e9pszer\u0171en t\u00e1rja szem\u00fcnk el\u00e9 a \u201ejobb \u00e9let\u201d ut\u00e1ni rendetlen v\u00e1gyat, \u00e9s annak k\u00e9t megteremt\u00e9si lehet\u0151s\u00e9g\u00e9t. Jobban, mint b\u00e1rmilyen hossz\u00fa besz\u00e9d vagy eszmefuttat\u00e1s. \u00cdme \u201eA hal\u00e1sz \u00e9s a feles\u00e9ge\u201d&#8230; &nbsp; \u00c9lt egyszer valaha r\u00e9gen egy hal\u00e1sz. Egy szer\u00e9ny kis kunyh\u00f3ban lakott a tenger partj\u00e1n a feles\u00e9g\u00e9vel. Minden \u00e1ldott nap kiment hal\u00e1szni, kivetette a horgot, s v\u00e1rta, v\u00e1rta a halat. Egy sz\u00e9p napon megint ott horg\u00e1szott a parton, b\u00e1mult a sz\u00e9p tiszta v\u00edzbe, \u00fcld\u00f6g\u00e9lt a botja mellett, \u00e9s t\u00fcrelmesen v\u00e1rt, egyre csak v\u00e1rt. Egyszerre csak megr\u00e1ndult a zsineg, lemer\u00fclt a horog a m\u00e9lybe, s ahogy a hal\u00e1sz f\u00f6lh\u00fazta, egy nagy csuka t\u00e1togott rajta. &#8211; Hallod-e, te hal\u00e1sz &#8211; sz\u00f3lalt meg -, k\u00e9rlek, hagyd meg az \u00e9letemet, nem igazi csuka vagyok \u00e9n, hanem elvar\u00e1zsolt herceg. Mit haszn\u00e1l neked, ha meg\u00f6lsz? Ink\u00e1bb dobj vissza a v\u00edzbe, hadd lubickoljak tov\u00e1bb. &#8211; Menj csak az utadra &#8211; felelte a hal\u00e1sz -, hogyan is b\u00e1ntan\u00e9k egy csuk\u00e1t, amelyik besz\u00e9lni tud? Azzal vissza csusszantotta a halat a sz\u00e9p tiszta v\u00edzbe, f\u00f6lszedel\u0151zk\u00f6d\u00f6tt, \u00e9s hazament a kunyh\u00f3ba a feles\u00e9g\u00e9hez. &#8211; Mi az, ember, ma semmit nem fogt\u00e1l? &#8211; k\u00e9rdezte az asszony. &#8211; Nem fogtam &#8211; felelte a hal\u00e1sz -, csak egy csuk\u00e1t. Azt mondta elvar\u00e1zsolt herceg, h\u00e1t visszaengedtem a v\u00edzbe. &#8211; \u00c9s nem k\u00edv\u00e1nt\u00e1l \u00e9rte semmit t\u0151le? &#8211; Nem. Mit is k\u00edv\u00e1ntam volna? &#8211; \u00d3, te szerencs\u00e9tlen &#8211; korholta az&#8230; <\/p>\n<p><a class=\"readmore\" href=\"https:\/\/stuttgarti-katolikusok.de\/index.php\/jobban-elni\/\">R\u00e9szletek<\/a><\/p>\n","protected":false},"author":3,"featured_media":0,"comment_status":"closed","ping_status":"closed","sticky":false,"template":"","format":"standard","meta":{"footnotes":""},"categories":[24],"tags":[],"class_list":["post-8346","post","type-post","status-publish","format-standard","hentry","category-gondolatok"],"yoast_head":"<!-- This site is optimized with the Yoast SEO plugin v27.3 - https:\/\/yoast.com\/product\/yoast-seo-wordpress\/ -->\n<title>Jobban \u00e9lni\u2026 - Stuttgarti Katolikusok<\/title>\n<meta name=\"robots\" content=\"index, follow, max-snippet:-1, max-image-preview:large, max-video-preview:-1\" \/>\n<link rel=\"canonical\" href=\"https:\/\/stuttgarti-katolikusok.de\/index.php\/jobban-elni\/\" \/>\n<meta property=\"og:locale\" content=\"hu_HU\" \/>\n<meta property=\"og:type\" content=\"article\" \/>\n<meta property=\"og:title\" content=\"Jobban \u00e9lni\u2026 - Stuttgarti Katolikusok\" \/>\n<meta property=\"og:description\" content=\"Ki ne akarna \u201ejobban\u201d \u00e9lni? Nehezen dolgoz\u00f3k \u00e9pp\u00fagy, mint munkan\u00e9lk\u00fcliek, alkoholist\u00e1k \u00e9pp \u00fagy, mint a f\u00f6l\u00f6sleges kil\u00f3ikkal k\u00fcszk\u00f6d\u0151k, fiatalok \u00e9s \u00f6regek, f\u00e9rfiak \u00e9s n\u0151k, klerikusok \u00e9s laikusok\u2026 Amint azonban konkr\u00e9t l\u00e9p\u00e9sekre ker\u00fclne a sor, hogyan \u00e9rhet\u0151 el ez a \u201ejobb \u00e9let\u201c, akkor v\u00e1lik neh\u00e9zz\u00e9 az eg\u00e9sz. K\u00edv\u00e1ns\u00e1gaink \u00e9s \u00f3hajaink ugyanis nem egyszer homlokegyenest m\u00e1s ir\u00e1nyba h\u00faznak, mint jobbik \u00e9n\u00fcnk. Csapong\u00f3 v\u00e1gyaink sokszor er\u0151sebbek, mint az \u00e9rtelem j\u00f3zan szava, vagy a lelkiismeret halk n\u00f3gat\u00e1sa. A Grimm-mes\u00e9k k\u00f6z\u00f6tt van egy, amely nagyon k\u00e9pszer\u0171en t\u00e1rja szem\u00fcnk el\u00e9 a \u201ejobb \u00e9let\u201d ut\u00e1ni rendetlen v\u00e1gyat, \u00e9s annak k\u00e9t megteremt\u00e9si lehet\u0151s\u00e9g\u00e9t. Jobban, mint b\u00e1rmilyen hossz\u00fa besz\u00e9d vagy eszmefuttat\u00e1s. \u00cdme \u201eA hal\u00e1sz \u00e9s a feles\u00e9ge\u201d&#8230; &nbsp; \u00c9lt egyszer valaha r\u00e9gen egy hal\u00e1sz. Egy szer\u00e9ny kis kunyh\u00f3ban lakott a tenger partj\u00e1n a feles\u00e9g\u00e9vel. Minden \u00e1ldott nap kiment hal\u00e1szni, kivetette a horgot, s v\u00e1rta, v\u00e1rta a halat. Egy sz\u00e9p napon megint ott horg\u00e1szott a parton, b\u00e1mult a sz\u00e9p tiszta v\u00edzbe, \u00fcld\u00f6g\u00e9lt a botja mellett, \u00e9s t\u00fcrelmesen v\u00e1rt, egyre csak v\u00e1rt. Egyszerre csak megr\u00e1ndult a zsineg, lemer\u00fclt a horog a m\u00e9lybe, s ahogy a hal\u00e1sz f\u00f6lh\u00fazta, egy nagy csuka t\u00e1togott rajta. &#8211; Hallod-e, te hal\u00e1sz &#8211; sz\u00f3lalt meg -, k\u00e9rlek, hagyd meg az \u00e9letemet, nem igazi csuka vagyok \u00e9n, hanem elvar\u00e1zsolt herceg. Mit haszn\u00e1l neked, ha meg\u00f6lsz? Ink\u00e1bb dobj vissza a v\u00edzbe, hadd lubickoljak tov\u00e1bb. &#8211; Menj csak az utadra &#8211; felelte a hal\u00e1sz -, hogyan is b\u00e1ntan\u00e9k egy csuk\u00e1t, amelyik besz\u00e9lni tud? Azzal vissza csusszantotta a halat a sz\u00e9p tiszta v\u00edzbe, f\u00f6lszedel\u0151zk\u00f6d\u00f6tt, \u00e9s hazament a kunyh\u00f3ba a feles\u00e9g\u00e9hez. &#8211; Mi az, ember, ma semmit nem fogt\u00e1l? &#8211; k\u00e9rdezte az asszony. &#8211; Nem fogtam &#8211; felelte a hal\u00e1sz -, csak egy csuk\u00e1t. Azt mondta elvar\u00e1zsolt herceg, h\u00e1t visszaengedtem a v\u00edzbe. &#8211; \u00c9s nem k\u00edv\u00e1nt\u00e1l \u00e9rte semmit t\u0151le? &#8211; Nem. Mit is k\u00edv\u00e1ntam volna? &#8211; \u00d3, te szerencs\u00e9tlen &#8211; korholta az... R\u00e9szletek\" \/>\n<meta property=\"og:url\" content=\"https:\/\/stuttgarti-katolikusok.de\/index.php\/jobban-elni\/\" \/>\n<meta property=\"og:site_name\" content=\"Stuttgarti Katolikusok\" \/>\n<meta property=\"article:published_time\" content=\"2015-02-23T21:15:23+00:00\" \/>\n<meta property=\"article:modified_time\" content=\"2015-12-15T21:24:57+00:00\" \/>\n<meta name=\"author\" content=\"Tibor atya\" \/>\n<meta name=\"twitter:card\" content=\"summary_large_image\" \/>\n<meta name=\"twitter:label1\" content=\"Szerz\u0151:\" \/>\n\t<meta name=\"twitter:data1\" content=\"Tibor atya\" \/>\n\t<meta name=\"twitter:label2\" content=\"Becs\u00fclt olvas\u00e1si id\u0151\" \/>\n\t<meta name=\"twitter:data2\" content=\"11 perc\" \/>\n<script type=\"application\/ld+json\" class=\"yoast-schema-graph\">{\"@context\":\"https:\\\/\\\/schema.org\",\"@graph\":[{\"@type\":\"Article\",\"@id\":\"https:\\\/\\\/stuttgarti-katolikusok.de\\\/index.php\\\/jobban-elni\\\/#article\",\"isPartOf\":{\"@id\":\"https:\\\/\\\/stuttgarti-katolikusok.de\\\/index.php\\\/jobban-elni\\\/\"},\"author\":{\"name\":\"Tibor atya\",\"@id\":\"https:\\\/\\\/stuttgarti-katolikusok.de\\\/#\\\/schema\\\/person\\\/75908d6f8fdc03a57889d27209df7795\"},\"headline\":\"Jobban \u00e9lni\u2026\",\"datePublished\":\"2015-02-23T21:15:23+00:00\",\"dateModified\":\"2015-12-15T21:24:57+00:00\",\"mainEntityOfPage\":{\"@id\":\"https:\\\/\\\/stuttgarti-katolikusok.de\\\/index.php\\\/jobban-elni\\\/\"},\"wordCount\":2186,\"articleSection\":[\"Gondolatok\"],\"inLanguage\":\"hu\"},{\"@type\":\"WebPage\",\"@id\":\"https:\\\/\\\/stuttgarti-katolikusok.de\\\/index.php\\\/jobban-elni\\\/\",\"url\":\"https:\\\/\\\/stuttgarti-katolikusok.de\\\/index.php\\\/jobban-elni\\\/\",\"name\":\"Jobban \u00e9lni\u2026 - Stuttgarti Katolikusok\",\"isPartOf\":{\"@id\":\"https:\\\/\\\/stuttgarti-katolikusok.de\\\/#website\"},\"datePublished\":\"2015-02-23T21:15:23+00:00\",\"dateModified\":\"2015-12-15T21:24:57+00:00\",\"author\":{\"@id\":\"https:\\\/\\\/stuttgarti-katolikusok.de\\\/#\\\/schema\\\/person\\\/75908d6f8fdc03a57889d27209df7795\"},\"breadcrumb\":{\"@id\":\"https:\\\/\\\/stuttgarti-katolikusok.de\\\/index.php\\\/jobban-elni\\\/#breadcrumb\"},\"inLanguage\":\"hu\",\"potentialAction\":[{\"@type\":\"ReadAction\",\"target\":[\"https:\\\/\\\/stuttgarti-katolikusok.de\\\/index.php\\\/jobban-elni\\\/\"]}]},{\"@type\":\"BreadcrumbList\",\"@id\":\"https:\\\/\\\/stuttgarti-katolikusok.de\\\/index.php\\\/jobban-elni\\\/#breadcrumb\",\"itemListElement\":[{\"@type\":\"ListItem\",\"position\":1,\"name\":\"Kezd\u0151lap\",\"item\":\"https:\\\/\\\/stuttgarti-katolikusok.de\\\/\"},{\"@type\":\"ListItem\",\"position\":2,\"name\":\"Jobban \u00e9lni\u2026\"}]},{\"@type\":\"WebSite\",\"@id\":\"https:\\\/\\\/stuttgarti-katolikusok.de\\\/#website\",\"url\":\"https:\\\/\\\/stuttgarti-katolikusok.de\\\/\",\"name\":\"Stuttgarti Katolikusok\",\"description\":\"\",\"potentialAction\":[{\"@type\":\"SearchAction\",\"target\":{\"@type\":\"EntryPoint\",\"urlTemplate\":\"https:\\\/\\\/stuttgarti-katolikusok.de\\\/?s={search_term_string}\"},\"query-input\":{\"@type\":\"PropertyValueSpecification\",\"valueRequired\":true,\"valueName\":\"search_term_string\"}}],\"inLanguage\":\"hu\"},{\"@type\":\"Person\",\"@id\":\"https:\\\/\\\/stuttgarti-katolikusok.de\\\/#\\\/schema\\\/person\\\/75908d6f8fdc03a57889d27209df7795\",\"name\":\"Tibor atya\",\"image\":{\"@type\":\"ImageObject\",\"inLanguage\":\"hu\",\"@id\":\"https:\\\/\\\/secure.gravatar.com\\\/avatar\\\/61d268e57d1f4525b111222e29d2d5a7f8c420fdbf231ba5566a8ceac74fa960?s=96&d=mm&r=g\",\"url\":\"https:\\\/\\\/secure.gravatar.com\\\/avatar\\\/61d268e57d1f4525b111222e29d2d5a7f8c420fdbf231ba5566a8ceac74fa960?s=96&d=mm&r=g\",\"contentUrl\":\"https:\\\/\\\/secure.gravatar.com\\\/avatar\\\/61d268e57d1f4525b111222e29d2d5a7f8c420fdbf231ba5566a8ceac74fa960?s=96&d=mm&r=g\",\"caption\":\"Tibor atya\"},\"url\":\"https:\\\/\\\/stuttgarti-katolikusok.de\\\/index.php\\\/author\\\/tibor-atya\\\/\"}]}<\/script>\n<!-- \/ Yoast SEO plugin. -->","yoast_head_json":{"title":"Jobban \u00e9lni\u2026 - Stuttgarti Katolikusok","robots":{"index":"index","follow":"follow","max-snippet":"max-snippet:-1","max-image-preview":"max-image-preview:large","max-video-preview":"max-video-preview:-1"},"canonical":"https:\/\/stuttgarti-katolikusok.de\/index.php\/jobban-elni\/","og_locale":"hu_HU","og_type":"article","og_title":"Jobban \u00e9lni\u2026 - Stuttgarti Katolikusok","og_description":"Ki ne akarna \u201ejobban\u201d \u00e9lni? Nehezen dolgoz\u00f3k \u00e9pp\u00fagy, mint munkan\u00e9lk\u00fcliek, alkoholist\u00e1k \u00e9pp \u00fagy, mint a f\u00f6l\u00f6sleges kil\u00f3ikkal k\u00fcszk\u00f6d\u0151k, fiatalok \u00e9s \u00f6regek, f\u00e9rfiak \u00e9s n\u0151k, klerikusok \u00e9s laikusok\u2026 Amint azonban konkr\u00e9t l\u00e9p\u00e9sekre ker\u00fclne a sor, hogyan \u00e9rhet\u0151 el ez a \u201ejobb \u00e9let\u201c, akkor v\u00e1lik neh\u00e9zz\u00e9 az eg\u00e9sz. K\u00edv\u00e1ns\u00e1gaink \u00e9s \u00f3hajaink ugyanis nem egyszer homlokegyenest m\u00e1s ir\u00e1nyba h\u00faznak, mint jobbik \u00e9n\u00fcnk. Csapong\u00f3 v\u00e1gyaink sokszor er\u0151sebbek, mint az \u00e9rtelem j\u00f3zan szava, vagy a lelkiismeret halk n\u00f3gat\u00e1sa. A Grimm-mes\u00e9k k\u00f6z\u00f6tt van egy, amely nagyon k\u00e9pszer\u0171en t\u00e1rja szem\u00fcnk el\u00e9 a \u201ejobb \u00e9let\u201d ut\u00e1ni rendetlen v\u00e1gyat, \u00e9s annak k\u00e9t megteremt\u00e9si lehet\u0151s\u00e9g\u00e9t. Jobban, mint b\u00e1rmilyen hossz\u00fa besz\u00e9d vagy eszmefuttat\u00e1s. \u00cdme \u201eA hal\u00e1sz \u00e9s a feles\u00e9ge\u201d&#8230; &nbsp; \u00c9lt egyszer valaha r\u00e9gen egy hal\u00e1sz. Egy szer\u00e9ny kis kunyh\u00f3ban lakott a tenger partj\u00e1n a feles\u00e9g\u00e9vel. Minden \u00e1ldott nap kiment hal\u00e1szni, kivetette a horgot, s v\u00e1rta, v\u00e1rta a halat. Egy sz\u00e9p napon megint ott horg\u00e1szott a parton, b\u00e1mult a sz\u00e9p tiszta v\u00edzbe, \u00fcld\u00f6g\u00e9lt a botja mellett, \u00e9s t\u00fcrelmesen v\u00e1rt, egyre csak v\u00e1rt. Egyszerre csak megr\u00e1ndult a zsineg, lemer\u00fclt a horog a m\u00e9lybe, s ahogy a hal\u00e1sz f\u00f6lh\u00fazta, egy nagy csuka t\u00e1togott rajta. &#8211; Hallod-e, te hal\u00e1sz &#8211; sz\u00f3lalt meg -, k\u00e9rlek, hagyd meg az \u00e9letemet, nem igazi csuka vagyok \u00e9n, hanem elvar\u00e1zsolt herceg. Mit haszn\u00e1l neked, ha meg\u00f6lsz? Ink\u00e1bb dobj vissza a v\u00edzbe, hadd lubickoljak tov\u00e1bb. &#8211; Menj csak az utadra &#8211; felelte a hal\u00e1sz -, hogyan is b\u00e1ntan\u00e9k egy csuk\u00e1t, amelyik besz\u00e9lni tud? Azzal vissza csusszantotta a halat a sz\u00e9p tiszta v\u00edzbe, f\u00f6lszedel\u0151zk\u00f6d\u00f6tt, \u00e9s hazament a kunyh\u00f3ba a feles\u00e9g\u00e9hez. &#8211; Mi az, ember, ma semmit nem fogt\u00e1l? &#8211; k\u00e9rdezte az asszony. &#8211; Nem fogtam &#8211; felelte a hal\u00e1sz -, csak egy csuk\u00e1t. Azt mondta elvar\u00e1zsolt herceg, h\u00e1t visszaengedtem a v\u00edzbe. &#8211; \u00c9s nem k\u00edv\u00e1nt\u00e1l \u00e9rte semmit t\u0151le? &#8211; Nem. Mit is k\u00edv\u00e1ntam volna? &#8211; \u00d3, te szerencs\u00e9tlen &#8211; korholta az... R\u00e9szletek","og_url":"https:\/\/stuttgarti-katolikusok.de\/index.php\/jobban-elni\/","og_site_name":"Stuttgarti Katolikusok","article_published_time":"2015-02-23T21:15:23+00:00","article_modified_time":"2015-12-15T21:24:57+00:00","author":"Tibor atya","twitter_card":"summary_large_image","twitter_misc":{"Szerz\u0151:":"Tibor atya","Becs\u00fclt olvas\u00e1si id\u0151":"11 perc"},"schema":{"@context":"https:\/\/schema.org","@graph":[{"@type":"Article","@id":"https:\/\/stuttgarti-katolikusok.de\/index.php\/jobban-elni\/#article","isPartOf":{"@id":"https:\/\/stuttgarti-katolikusok.de\/index.php\/jobban-elni\/"},"author":{"name":"Tibor atya","@id":"https:\/\/stuttgarti-katolikusok.de\/#\/schema\/person\/75908d6f8fdc03a57889d27209df7795"},"headline":"Jobban \u00e9lni\u2026","datePublished":"2015-02-23T21:15:23+00:00","dateModified":"2015-12-15T21:24:57+00:00","mainEntityOfPage":{"@id":"https:\/\/stuttgarti-katolikusok.de\/index.php\/jobban-elni\/"},"wordCount":2186,"articleSection":["Gondolatok"],"inLanguage":"hu"},{"@type":"WebPage","@id":"https:\/\/stuttgarti-katolikusok.de\/index.php\/jobban-elni\/","url":"https:\/\/stuttgarti-katolikusok.de\/index.php\/jobban-elni\/","name":"Jobban \u00e9lni\u2026 - Stuttgarti Katolikusok","isPartOf":{"@id":"https:\/\/stuttgarti-katolikusok.de\/#website"},"datePublished":"2015-02-23T21:15:23+00:00","dateModified":"2015-12-15T21:24:57+00:00","author":{"@id":"https:\/\/stuttgarti-katolikusok.de\/#\/schema\/person\/75908d6f8fdc03a57889d27209df7795"},"breadcrumb":{"@id":"https:\/\/stuttgarti-katolikusok.de\/index.php\/jobban-elni\/#breadcrumb"},"inLanguage":"hu","potentialAction":[{"@type":"ReadAction","target":["https:\/\/stuttgarti-katolikusok.de\/index.php\/jobban-elni\/"]}]},{"@type":"BreadcrumbList","@id":"https:\/\/stuttgarti-katolikusok.de\/index.php\/jobban-elni\/#breadcrumb","itemListElement":[{"@type":"ListItem","position":1,"name":"Kezd\u0151lap","item":"https:\/\/stuttgarti-katolikusok.de\/"},{"@type":"ListItem","position":2,"name":"Jobban \u00e9lni\u2026"}]},{"@type":"WebSite","@id":"https:\/\/stuttgarti-katolikusok.de\/#website","url":"https:\/\/stuttgarti-katolikusok.de\/","name":"Stuttgarti Katolikusok","description":"","potentialAction":[{"@type":"SearchAction","target":{"@type":"EntryPoint","urlTemplate":"https:\/\/stuttgarti-katolikusok.de\/?s={search_term_string}"},"query-input":{"@type":"PropertyValueSpecification","valueRequired":true,"valueName":"search_term_string"}}],"inLanguage":"hu"},{"@type":"Person","@id":"https:\/\/stuttgarti-katolikusok.de\/#\/schema\/person\/75908d6f8fdc03a57889d27209df7795","name":"Tibor atya","image":{"@type":"ImageObject","inLanguage":"hu","@id":"https:\/\/secure.gravatar.com\/avatar\/61d268e57d1f4525b111222e29d2d5a7f8c420fdbf231ba5566a8ceac74fa960?s=96&d=mm&r=g","url":"https:\/\/secure.gravatar.com\/avatar\/61d268e57d1f4525b111222e29d2d5a7f8c420fdbf231ba5566a8ceac74fa960?s=96&d=mm&r=g","contentUrl":"https:\/\/secure.gravatar.com\/avatar\/61d268e57d1f4525b111222e29d2d5a7f8c420fdbf231ba5566a8ceac74fa960?s=96&d=mm&r=g","caption":"Tibor atya"},"url":"https:\/\/stuttgarti-katolikusok.de\/index.php\/author\/tibor-atya\/"}]}},"_links":{"self":[{"href":"https:\/\/stuttgarti-katolikusok.de\/index.php\/wp-json\/wp\/v2\/posts\/8346","targetHints":{"allow":["GET"]}}],"collection":[{"href":"https:\/\/stuttgarti-katolikusok.de\/index.php\/wp-json\/wp\/v2\/posts"}],"about":[{"href":"https:\/\/stuttgarti-katolikusok.de\/index.php\/wp-json\/wp\/v2\/types\/post"}],"author":[{"embeddable":true,"href":"https:\/\/stuttgarti-katolikusok.de\/index.php\/wp-json\/wp\/v2\/users\/3"}],"replies":[{"embeddable":true,"href":"https:\/\/stuttgarti-katolikusok.de\/index.php\/wp-json\/wp\/v2\/comments?post=8346"}],"version-history":[{"count":1,"href":"https:\/\/stuttgarti-katolikusok.de\/index.php\/wp-json\/wp\/v2\/posts\/8346\/revisions"}],"predecessor-version":[{"id":8347,"href":"https:\/\/stuttgarti-katolikusok.de\/index.php\/wp-json\/wp\/v2\/posts\/8346\/revisions\/8347"}],"wp:attachment":[{"href":"https:\/\/stuttgarti-katolikusok.de\/index.php\/wp-json\/wp\/v2\/media?parent=8346"}],"wp:term":[{"taxonomy":"category","embeddable":true,"href":"https:\/\/stuttgarti-katolikusok.de\/index.php\/wp-json\/wp\/v2\/categories?post=8346"},{"taxonomy":"post_tag","embeddable":true,"href":"https:\/\/stuttgarti-katolikusok.de\/index.php\/wp-json\/wp\/v2\/tags?post=8346"}],"curies":[{"name":"wp","href":"https:\/\/api.w.org\/{rel}","templated":true}]}}