{"id":8342,"date":"2015-04-15T21:12:46","date_gmt":"2015-04-15T21:12:46","guid":{"rendered":"https:\/\/gracious-dewdney.138-201-221-2.plesk.page\/?p=8342"},"modified":"2015-12-15T21:24:41","modified_gmt":"2015-12-15T21:24:41","slug":"miert-ne-a-vonaton-is","status":"publish","type":"post","link":"https:\/\/stuttgarti-katolikusok.de\/index.php\/miert-ne-a-vonaton-is\/","title":{"rendered":"Mi\u00e9rt ne a vonaton is?"},"content":{"rendered":"<p>M\u00e9g N\u00e9metorsz\u00e1gba val\u00f3 \u00e9rkez\u00e9sem idej\u00e9n t\u00f6rt\u00e9nt. A frankfurti magyar paptestv\u00e9rem szok\u00e1sos h\u00fasv\u00e9th\u00e9tf\u0151i megl\u00e1togat\u00e1s\u00e1ra indultam K\u00f6nigsteinb\u00f3l. Kisvonat vitt be a metropolisba. Mivel szabadnap volt, rengetegen voltunk rajta. Figyelmemet egy nagymama, helyesebben az \u00f6l\u00e9ben \u00fcl\u0151 kisunok\u00e1ja keltette fel. Ugyanis a fi\u00fa hirtelen cseng\u0151 hangon egy h\u00fasv\u00e9ti \u00e9nekbe kezdett: <em>\u201eDics\u0151s\u00e9g N\u00e9ked, Isten\u00fcnk, Fiadhoz is im\u00e1t k\u00fcld\u00fcnk&#8230;\u201d <\/em>Minden jel arra vallott, hogy a templomban t\u00f6bbsz\u00f6r is hallhatta ezt a sz\u00e9p \u00e9neket, s mivel nagyon megtetszhetett neki, most kikiv\u00e1nkozott bel\u0151le.<\/p>\n<p>&nbsp;<\/p>\n<p>A nagymama egyre nyugtalanabb lett. Att\u00f3l f\u00e9lt, hogy a h\u00fasv\u00e9ti \u00e9nek zavarni fogja az utasokat. K\u00ednos lett neki a gyermekhang&#8230; <em>\u201eHallgass m\u00e1r, Timo!\u201d<\/em> &#8211; sz\u00f3lt r\u00e1 szel\u00edden, <em>\u201e\u00e9nekelj valami m\u00e1st&#8230;\u201d<\/em> A gyermeknek azonban nem akar\u00f3dzott m\u00e1s \u00e9nek, ink\u00e1bb ezt f\u00fajta cseng\u0151 hangj\u00e1n hanem ann\u00e1l hangosabban: <em>\u201e&#8230;Ki t\u0171rt \u00e9s szenvedett \u00e9rt\u00fcnk&#8230;\u201d<\/em><\/p>\n<p>Erre m\u00e1s a halkan besz\u00e9lget\u0151 utasok is felkapt\u00e1k a fej\u00fcket. Egyesek elhallgattak, hogy tekintet\u00fckkel megkeress\u00e9k a hang forr\u00e1s\u00e1t, s miut\u00e1n megtal\u00e1lt\u00e1k, kiss\u00e9 rosszall\u00f3an cs\u00f3v\u00e1lt\u00e1k a fej\u00fcket&#8230; M\u00e1sok t\u0171ntet\u0151en kin\u00e9ztek az ablakon, mintha m\u00e9g a boml\u00f3, fakad\u00f3 term\u00e9szetre is m\u00e9rgesek lenn\u00e9nek&#8230; <em>\u201e&#8230;\u00c1lleluja, \u00e1lleluja&#8230;\u201d<\/em> \u2013 csengett csilingel\u0151en tov\u00e1bbra is a gyermekhang&#8230;<\/p>\n<p>&nbsp;<\/p>\n<p>A nagymama pedig szemmel l\u00e1that\u00f3an szenvedett&#8230; Eg\u00e9szen addig, m\u00edg a vele szemben \u00fcl\u0151 jovi\u00e1lis, k\u00f6z\u00e9pkor\u00fa n\u0151 azt nem mondta neki: <em>\u201eHagyja csak, asszonyom, hadd \u00e9nekelje! Biztosan vannak itt olyanok, akik ezt az \u00f6r\u00f6mh\u00edrt m\u00e9g nem hallott\u00e1k!\u201d<\/em> \u00c9s mik\u00f6zben r\u00e1kacsintott, a kisfi\u00fara is b\u00e1tor\u00edt\u00f3an r\u00e1mosolygott&#8230; Az pedig Frankfurtig \u00e1lelluj\u00e1zott&#8230;<\/p>\n<p>&nbsp;<\/p>\n<p>Sokszor jut eszembe ez a t\u00f6rt\u00e9net, ha n\u00e9hanapj\u00e1n vonattal utazom, s az az \u00e9rz\u00e9sem, hogy halottaskocsin vagyok, mert az utasok alig v\u00e1ltanak egym\u00e1ssal sz\u00f3t, igyekeznek m\u00e1sokat \u201ekult\u00far\u00e1ltan\u201d nem zavarni&#8230;<\/p>\n<p>&nbsp;<\/p>\n<p>Lehet, hogy a kisfi\u00fa is, aki id\u0151k\u00f6zben f\u00e9rfiv\u00e1 cseperedett, sz\u00e9gyenli akkori \u00e9nekl\u00e9s\u00e9t&#8230; M\u00e9gis azt k\u00e9rdezem: Mi\u00e9rt lenne k\u00ednos \u00e9nekelni a vonaton, a kocsiban, vagy t\u00e1rsas\u00e1gban&#8230; Ha azt \u00e9nekelte volna, hogy <em>\u201eTavaszi sz\u00e9l vizet \u00e1raszt&#8230;\u201d,<\/em> vagy azt, hogy: <em>\u201eEgy, kett\u0151, h\u00e1rom, n\u00e9gy, te kis nyuszi, hov\u00e1 m\u00e9gy?\u201d<\/em>&#8230; akkor minden rendben lett volna. Biztosan m\u00e9g azt is hozz\u00e1f\u0171zt\u00e9k volna: <em>\u201eMilyen csod\u00e1latosan sz\u00e9p hangja van!\u201d<\/em> Minden esetre senki nem tal\u00e1lta volna k\u00ednosnak&#8230; \u0150 azonban azt \u00e9nekelte a templomban \u00e9s odahaza is: <em>\u201eDics\u0151s\u00e9g N\u00e9ked, Isten\u00fcnk, Fiadhoz is im\u00e1t k\u00fcld\u00fcnk, Ki t\u0171rt \u00e9s szenvedett \u00e9rt\u00fcnk: \u00c1lleluja, \u00e1lleluja, \u00e1lleluja!\u201d<\/em><\/p>\n<p>Mi\u00e9rt ne \u00e9nekelhette volna h\u00e1t a vonaton is?<\/p>\n<p>&nbsp;<\/p>\n<p>Csakugyan: Mi\u00e9rt ne \u00e9nekelhetn\u00e9nk a vonaton, a kocsiban, a szabadban, a t\u00e1rsas\u00e1gunkban azt, amit odahaza vagy a templomban \u00e9nekl\u00fcnk?<\/p>\n<p>&nbsp;<\/p>\n<p>K\u00fcl\u00f6n\u00f6sen ezekben a napokban, amikor sz\u00edv\u00fcnk-lelk\u00fcnk ezzel az \u00f6r\u00f6mh\u00edrrel van tele: <em>\u201eKrisztus felt\u00e1madt! Mi is fel fogunk t\u00e1madni!\u201d<\/em><\/p>\n<p>&nbsp;<\/p>\n<p>Ezekkel a gondolatokkal k\u00edv\u00e1n minden kedves H\u00edv\u00e9nek \u00e9s Olvas\u00f3j\u00e1nak kellemes \u00e9s kegyelemteljes H\u00edv\u00e9ti \u00fcnnepeket!<\/p>\n<p>&nbsp;<\/p>\n<p>\u00c1lleluj\u00e1s szeretettel<\/p>\n<p>&nbsp;<\/p>\n<p><em>Imre atya<\/em><\/p>\n<p>&nbsp;<\/p>\n","protected":false},"excerpt":{"rendered":"<p>M\u00e9g N\u00e9metorsz\u00e1gba val\u00f3 \u00e9rkez\u00e9sem idej\u00e9n t\u00f6rt\u00e9nt. A frankfurti magyar paptestv\u00e9rem szok\u00e1sos h\u00fasv\u00e9th\u00e9tf\u0151i megl\u00e1togat\u00e1s\u00e1ra indultam K\u00f6nigsteinb\u00f3l. Kisvonat vitt be a metropolisba. Mivel szabadnap volt, rengetegen voltunk rajta. Figyelmemet egy nagymama, helyesebben az \u00f6l\u00e9ben \u00fcl\u0151 kisunok\u00e1ja keltette fel. Ugyanis a fi\u00fa hirtelen cseng\u0151 hangon egy h\u00fasv\u00e9ti \u00e9nekbe kezdett: \u201eDics\u0151s\u00e9g N\u00e9ked, Isten\u00fcnk, Fiadhoz is im\u00e1t k\u00fcld\u00fcnk&#8230;\u201d Minden jel arra vallott, hogy a templomban t\u00f6bbsz\u00f6r is hallhatta ezt a sz\u00e9p \u00e9neket, s mivel nagyon megtetszhetett neki, most kikiv\u00e1nkozott bel\u0151le. &nbsp; A nagymama egyre nyugtalanabb lett. Att\u00f3l f\u00e9lt, hogy a h\u00fasv\u00e9ti \u00e9nek zavarni fogja az utasokat. K\u00ednos lett neki a gyermekhang&#8230; \u201eHallgass m\u00e1r, Timo!\u201d &#8211; sz\u00f3lt r\u00e1 szel\u00edden, \u201e\u00e9nekelj valami m\u00e1st&#8230;\u201d A gyermeknek azonban nem akar\u00f3dzott m\u00e1s \u00e9nek, ink\u00e1bb ezt f\u00fajta cseng\u0151 hangj\u00e1n hanem ann\u00e1l hangosabban: \u201e&#8230;Ki t\u0171rt \u00e9s szenvedett \u00e9rt\u00fcnk&#8230;\u201d Erre m\u00e1s a halkan besz\u00e9lget\u0151 utasok is felkapt\u00e1k a fej\u00fcket. Egyesek elhallgattak, hogy tekintet\u00fckkel megkeress\u00e9k a hang forr\u00e1s\u00e1t, s miut\u00e1n megtal\u00e1lt\u00e1k, kiss\u00e9 rosszall\u00f3an cs\u00f3v\u00e1lt\u00e1k a fej\u00fcket&#8230; M\u00e1sok t\u0171ntet\u0151en kin\u00e9ztek az ablakon, mintha m\u00e9g a boml\u00f3, fakad\u00f3 term\u00e9szetre is m\u00e9rgesek lenn\u00e9nek&#8230; \u201e&#8230;\u00c1lleluja, \u00e1lleluja&#8230;\u201d \u2013 csengett csilingel\u0151en tov\u00e1bbra is a gyermekhang&#8230; &nbsp; A nagymama pedig szemmel l\u00e1that\u00f3an szenvedett&#8230; Eg\u00e9szen addig, m\u00edg a vele szemben \u00fcl\u0151 jovi\u00e1lis, k\u00f6z\u00e9pkor\u00fa n\u0151 azt nem mondta neki: \u201eHagyja csak, asszonyom, hadd \u00e9nekelje! Biztosan vannak itt olyanok, akik ezt az \u00f6r\u00f6mh\u00edrt m\u00e9g nem hallott\u00e1k!\u201d \u00c9s mik\u00f6zben r\u00e1kacsintott, a kisfi\u00fara is b\u00e1tor\u00edt\u00f3an r\u00e1mosolygott&#8230; Az pedig Frankfurtig \u00e1lelluj\u00e1zott&#8230; &nbsp; Sokszor jut eszembe ez a t\u00f6rt\u00e9net, ha n\u00e9hanapj\u00e1n vonattal utazom, s az az \u00e9rz\u00e9sem, hogy halottaskocsin vagyok, mert az utasok alig v\u00e1ltanak egym\u00e1ssal sz\u00f3t, igyekeznek m\u00e1sokat \u201ekult\u00far\u00e1ltan\u201d nem zavarni&#8230; &nbsp; Lehet, hogy a kisfi\u00fa is, aki id\u0151k\u00f6zben f\u00e9rfiv\u00e1 cseperedett, sz\u00e9gyenli akkori \u00e9nekl\u00e9s\u00e9t&#8230; M\u00e9gis azt k\u00e9rdezem: Mi\u00e9rt lenne k\u00ednos \u00e9nekelni a vonaton, a kocsiban, vagy t\u00e1rsas\u00e1gban&#8230; Ha azt \u00e9nekelte volna, hogy \u201eTavaszi sz\u00e9l vizet \u00e1raszt&#8230;\u201d, vagy azt, hogy: \u201eEgy, kett\u0151, h\u00e1rom, n\u00e9gy, te kis nyuszi, hov\u00e1&#8230; <\/p>\n<p><a class=\"readmore\" href=\"https:\/\/stuttgarti-katolikusok.de\/index.php\/miert-ne-a-vonaton-is\/\">R\u00e9szletek<\/a><\/p>\n","protected":false},"author":3,"featured_media":0,"comment_status":"closed","ping_status":"closed","sticky":false,"template":"","format":"standard","meta":{"footnotes":""},"categories":[24],"tags":[],"class_list":["post-8342","post","type-post","status-publish","format-standard","hentry","category-gondolatok"],"yoast_head":"<!-- This site is optimized with the Yoast SEO plugin v27.3 - https:\/\/yoast.com\/product\/yoast-seo-wordpress\/ -->\n<title>Mi\u00e9rt ne a vonaton is? - Stuttgarti Katolikusok<\/title>\n<meta name=\"robots\" content=\"index, follow, max-snippet:-1, max-image-preview:large, max-video-preview:-1\" \/>\n<link rel=\"canonical\" href=\"https:\/\/stuttgarti-katolikusok.de\/index.php\/miert-ne-a-vonaton-is\/\" \/>\n<meta property=\"og:locale\" content=\"hu_HU\" \/>\n<meta property=\"og:type\" content=\"article\" \/>\n<meta property=\"og:title\" content=\"Mi\u00e9rt ne a vonaton is? - Stuttgarti Katolikusok\" \/>\n<meta property=\"og:description\" content=\"M\u00e9g N\u00e9metorsz\u00e1gba val\u00f3 \u00e9rkez\u00e9sem idej\u00e9n t\u00f6rt\u00e9nt. A frankfurti magyar paptestv\u00e9rem szok\u00e1sos h\u00fasv\u00e9th\u00e9tf\u0151i megl\u00e1togat\u00e1s\u00e1ra indultam K\u00f6nigsteinb\u00f3l. Kisvonat vitt be a metropolisba. Mivel szabadnap volt, rengetegen voltunk rajta. Figyelmemet egy nagymama, helyesebben az \u00f6l\u00e9ben \u00fcl\u0151 kisunok\u00e1ja keltette fel. Ugyanis a fi\u00fa hirtelen cseng\u0151 hangon egy h\u00fasv\u00e9ti \u00e9nekbe kezdett: \u201eDics\u0151s\u00e9g N\u00e9ked, Isten\u00fcnk, Fiadhoz is im\u00e1t k\u00fcld\u00fcnk&#8230;\u201d Minden jel arra vallott, hogy a templomban t\u00f6bbsz\u00f6r is hallhatta ezt a sz\u00e9p \u00e9neket, s mivel nagyon megtetszhetett neki, most kikiv\u00e1nkozott bel\u0151le. &nbsp; A nagymama egyre nyugtalanabb lett. Att\u00f3l f\u00e9lt, hogy a h\u00fasv\u00e9ti \u00e9nek zavarni fogja az utasokat. K\u00ednos lett neki a gyermekhang&#8230; \u201eHallgass m\u00e1r, Timo!\u201d &#8211; sz\u00f3lt r\u00e1 szel\u00edden, \u201e\u00e9nekelj valami m\u00e1st&#8230;\u201d A gyermeknek azonban nem akar\u00f3dzott m\u00e1s \u00e9nek, ink\u00e1bb ezt f\u00fajta cseng\u0151 hangj\u00e1n hanem ann\u00e1l hangosabban: \u201e&#8230;Ki t\u0171rt \u00e9s szenvedett \u00e9rt\u00fcnk&#8230;\u201d Erre m\u00e1s a halkan besz\u00e9lget\u0151 utasok is felkapt\u00e1k a fej\u00fcket. Egyesek elhallgattak, hogy tekintet\u00fckkel megkeress\u00e9k a hang forr\u00e1s\u00e1t, s miut\u00e1n megtal\u00e1lt\u00e1k, kiss\u00e9 rosszall\u00f3an cs\u00f3v\u00e1lt\u00e1k a fej\u00fcket&#8230; M\u00e1sok t\u0171ntet\u0151en kin\u00e9ztek az ablakon, mintha m\u00e9g a boml\u00f3, fakad\u00f3 term\u00e9szetre is m\u00e9rgesek lenn\u00e9nek&#8230; \u201e&#8230;\u00c1lleluja, \u00e1lleluja&#8230;\u201d \u2013 csengett csilingel\u0151en tov\u00e1bbra is a gyermekhang&#8230; &nbsp; A nagymama pedig szemmel l\u00e1that\u00f3an szenvedett&#8230; Eg\u00e9szen addig, m\u00edg a vele szemben \u00fcl\u0151 jovi\u00e1lis, k\u00f6z\u00e9pkor\u00fa n\u0151 azt nem mondta neki: \u201eHagyja csak, asszonyom, hadd \u00e9nekelje! Biztosan vannak itt olyanok, akik ezt az \u00f6r\u00f6mh\u00edrt m\u00e9g nem hallott\u00e1k!\u201d \u00c9s mik\u00f6zben r\u00e1kacsintott, a kisfi\u00fara is b\u00e1tor\u00edt\u00f3an r\u00e1mosolygott&#8230; Az pedig Frankfurtig \u00e1lelluj\u00e1zott&#8230; &nbsp; Sokszor jut eszembe ez a t\u00f6rt\u00e9net, ha n\u00e9hanapj\u00e1n vonattal utazom, s az az \u00e9rz\u00e9sem, hogy halottaskocsin vagyok, mert az utasok alig v\u00e1ltanak egym\u00e1ssal sz\u00f3t, igyekeznek m\u00e1sokat \u201ekult\u00far\u00e1ltan\u201d nem zavarni&#8230; &nbsp; Lehet, hogy a kisfi\u00fa is, aki id\u0151k\u00f6zben f\u00e9rfiv\u00e1 cseperedett, sz\u00e9gyenli akkori \u00e9nekl\u00e9s\u00e9t&#8230; M\u00e9gis azt k\u00e9rdezem: Mi\u00e9rt lenne k\u00ednos \u00e9nekelni a vonaton, a kocsiban, vagy t\u00e1rsas\u00e1gban&#8230; Ha azt \u00e9nekelte volna, hogy \u201eTavaszi sz\u00e9l vizet \u00e1raszt&#8230;\u201d, vagy azt, hogy: \u201eEgy, kett\u0151, h\u00e1rom, n\u00e9gy, te kis nyuszi, hov\u00e1... R\u00e9szletek\" \/>\n<meta property=\"og:url\" content=\"https:\/\/stuttgarti-katolikusok.de\/index.php\/miert-ne-a-vonaton-is\/\" \/>\n<meta property=\"og:site_name\" content=\"Stuttgarti Katolikusok\" \/>\n<meta property=\"article:published_time\" content=\"2015-04-15T21:12:46+00:00\" \/>\n<meta property=\"article:modified_time\" content=\"2015-12-15T21:24:41+00:00\" \/>\n<meta name=\"author\" content=\"Tibor atya\" \/>\n<meta name=\"twitter:card\" content=\"summary_large_image\" \/>\n<meta name=\"twitter:label1\" content=\"Szerz\u0151:\" \/>\n\t<meta name=\"twitter:data1\" content=\"Tibor atya\" \/>\n\t<meta name=\"twitter:label2\" content=\"Becs\u00fclt olvas\u00e1si id\u0151\" \/>\n\t<meta name=\"twitter:data2\" content=\"3 perc\" \/>\n<script type=\"application\/ld+json\" class=\"yoast-schema-graph\">{\"@context\":\"https:\\\/\\\/schema.org\",\"@graph\":[{\"@type\":\"Article\",\"@id\":\"https:\\\/\\\/stuttgarti-katolikusok.de\\\/index.php\\\/miert-ne-a-vonaton-is\\\/#article\",\"isPartOf\":{\"@id\":\"https:\\\/\\\/stuttgarti-katolikusok.de\\\/index.php\\\/miert-ne-a-vonaton-is\\\/\"},\"author\":{\"name\":\"Tibor atya\",\"@id\":\"https:\\\/\\\/stuttgarti-katolikusok.de\\\/#\\\/schema\\\/person\\\/75908d6f8fdc03a57889d27209df7795\"},\"headline\":\"Mi\u00e9rt ne a vonaton is?\",\"datePublished\":\"2015-04-15T21:12:46+00:00\",\"dateModified\":\"2015-12-15T21:24:41+00:00\",\"mainEntityOfPage\":{\"@id\":\"https:\\\/\\\/stuttgarti-katolikusok.de\\\/index.php\\\/miert-ne-a-vonaton-is\\\/\"},\"wordCount\":587,\"articleSection\":[\"Gondolatok\"],\"inLanguage\":\"hu\"},{\"@type\":\"WebPage\",\"@id\":\"https:\\\/\\\/stuttgarti-katolikusok.de\\\/index.php\\\/miert-ne-a-vonaton-is\\\/\",\"url\":\"https:\\\/\\\/stuttgarti-katolikusok.de\\\/index.php\\\/miert-ne-a-vonaton-is\\\/\",\"name\":\"Mi\u00e9rt ne a vonaton is? - Stuttgarti Katolikusok\",\"isPartOf\":{\"@id\":\"https:\\\/\\\/stuttgarti-katolikusok.de\\\/#website\"},\"datePublished\":\"2015-04-15T21:12:46+00:00\",\"dateModified\":\"2015-12-15T21:24:41+00:00\",\"author\":{\"@id\":\"https:\\\/\\\/stuttgarti-katolikusok.de\\\/#\\\/schema\\\/person\\\/75908d6f8fdc03a57889d27209df7795\"},\"breadcrumb\":{\"@id\":\"https:\\\/\\\/stuttgarti-katolikusok.de\\\/index.php\\\/miert-ne-a-vonaton-is\\\/#breadcrumb\"},\"inLanguage\":\"hu\",\"potentialAction\":[{\"@type\":\"ReadAction\",\"target\":[\"https:\\\/\\\/stuttgarti-katolikusok.de\\\/index.php\\\/miert-ne-a-vonaton-is\\\/\"]}]},{\"@type\":\"BreadcrumbList\",\"@id\":\"https:\\\/\\\/stuttgarti-katolikusok.de\\\/index.php\\\/miert-ne-a-vonaton-is\\\/#breadcrumb\",\"itemListElement\":[{\"@type\":\"ListItem\",\"position\":1,\"name\":\"Kezd\u0151lap\",\"item\":\"https:\\\/\\\/stuttgarti-katolikusok.de\\\/\"},{\"@type\":\"ListItem\",\"position\":2,\"name\":\"Mi\u00e9rt ne a vonaton is?\"}]},{\"@type\":\"WebSite\",\"@id\":\"https:\\\/\\\/stuttgarti-katolikusok.de\\\/#website\",\"url\":\"https:\\\/\\\/stuttgarti-katolikusok.de\\\/\",\"name\":\"Stuttgarti Katolikusok\",\"description\":\"\",\"potentialAction\":[{\"@type\":\"SearchAction\",\"target\":{\"@type\":\"EntryPoint\",\"urlTemplate\":\"https:\\\/\\\/stuttgarti-katolikusok.de\\\/?s={search_term_string}\"},\"query-input\":{\"@type\":\"PropertyValueSpecification\",\"valueRequired\":true,\"valueName\":\"search_term_string\"}}],\"inLanguage\":\"hu\"},{\"@type\":\"Person\",\"@id\":\"https:\\\/\\\/stuttgarti-katolikusok.de\\\/#\\\/schema\\\/person\\\/75908d6f8fdc03a57889d27209df7795\",\"name\":\"Tibor atya\",\"image\":{\"@type\":\"ImageObject\",\"inLanguage\":\"hu\",\"@id\":\"https:\\\/\\\/secure.gravatar.com\\\/avatar\\\/61d268e57d1f4525b111222e29d2d5a7f8c420fdbf231ba5566a8ceac74fa960?s=96&d=mm&r=g\",\"url\":\"https:\\\/\\\/secure.gravatar.com\\\/avatar\\\/61d268e57d1f4525b111222e29d2d5a7f8c420fdbf231ba5566a8ceac74fa960?s=96&d=mm&r=g\",\"contentUrl\":\"https:\\\/\\\/secure.gravatar.com\\\/avatar\\\/61d268e57d1f4525b111222e29d2d5a7f8c420fdbf231ba5566a8ceac74fa960?s=96&d=mm&r=g\",\"caption\":\"Tibor atya\"},\"url\":\"https:\\\/\\\/stuttgarti-katolikusok.de\\\/index.php\\\/author\\\/tibor-atya\\\/\"}]}<\/script>\n<!-- \/ Yoast SEO plugin. -->","yoast_head_json":{"title":"Mi\u00e9rt ne a vonaton is? - Stuttgarti Katolikusok","robots":{"index":"index","follow":"follow","max-snippet":"max-snippet:-1","max-image-preview":"max-image-preview:large","max-video-preview":"max-video-preview:-1"},"canonical":"https:\/\/stuttgarti-katolikusok.de\/index.php\/miert-ne-a-vonaton-is\/","og_locale":"hu_HU","og_type":"article","og_title":"Mi\u00e9rt ne a vonaton is? - Stuttgarti Katolikusok","og_description":"M\u00e9g N\u00e9metorsz\u00e1gba val\u00f3 \u00e9rkez\u00e9sem idej\u00e9n t\u00f6rt\u00e9nt. A frankfurti magyar paptestv\u00e9rem szok\u00e1sos h\u00fasv\u00e9th\u00e9tf\u0151i megl\u00e1togat\u00e1s\u00e1ra indultam K\u00f6nigsteinb\u00f3l. Kisvonat vitt be a metropolisba. Mivel szabadnap volt, rengetegen voltunk rajta. Figyelmemet egy nagymama, helyesebben az \u00f6l\u00e9ben \u00fcl\u0151 kisunok\u00e1ja keltette fel. Ugyanis a fi\u00fa hirtelen cseng\u0151 hangon egy h\u00fasv\u00e9ti \u00e9nekbe kezdett: \u201eDics\u0151s\u00e9g N\u00e9ked, Isten\u00fcnk, Fiadhoz is im\u00e1t k\u00fcld\u00fcnk&#8230;\u201d Minden jel arra vallott, hogy a templomban t\u00f6bbsz\u00f6r is hallhatta ezt a sz\u00e9p \u00e9neket, s mivel nagyon megtetszhetett neki, most kikiv\u00e1nkozott bel\u0151le. &nbsp; A nagymama egyre nyugtalanabb lett. Att\u00f3l f\u00e9lt, hogy a h\u00fasv\u00e9ti \u00e9nek zavarni fogja az utasokat. K\u00ednos lett neki a gyermekhang&#8230; \u201eHallgass m\u00e1r, Timo!\u201d &#8211; sz\u00f3lt r\u00e1 szel\u00edden, \u201e\u00e9nekelj valami m\u00e1st&#8230;\u201d A gyermeknek azonban nem akar\u00f3dzott m\u00e1s \u00e9nek, ink\u00e1bb ezt f\u00fajta cseng\u0151 hangj\u00e1n hanem ann\u00e1l hangosabban: \u201e&#8230;Ki t\u0171rt \u00e9s szenvedett \u00e9rt\u00fcnk&#8230;\u201d Erre m\u00e1s a halkan besz\u00e9lget\u0151 utasok is felkapt\u00e1k a fej\u00fcket. Egyesek elhallgattak, hogy tekintet\u00fckkel megkeress\u00e9k a hang forr\u00e1s\u00e1t, s miut\u00e1n megtal\u00e1lt\u00e1k, kiss\u00e9 rosszall\u00f3an cs\u00f3v\u00e1lt\u00e1k a fej\u00fcket&#8230; M\u00e1sok t\u0171ntet\u0151en kin\u00e9ztek az ablakon, mintha m\u00e9g a boml\u00f3, fakad\u00f3 term\u00e9szetre is m\u00e9rgesek lenn\u00e9nek&#8230; \u201e&#8230;\u00c1lleluja, \u00e1lleluja&#8230;\u201d \u2013 csengett csilingel\u0151en tov\u00e1bbra is a gyermekhang&#8230; &nbsp; A nagymama pedig szemmel l\u00e1that\u00f3an szenvedett&#8230; Eg\u00e9szen addig, m\u00edg a vele szemben \u00fcl\u0151 jovi\u00e1lis, k\u00f6z\u00e9pkor\u00fa n\u0151 azt nem mondta neki: \u201eHagyja csak, asszonyom, hadd \u00e9nekelje! Biztosan vannak itt olyanok, akik ezt az \u00f6r\u00f6mh\u00edrt m\u00e9g nem hallott\u00e1k!\u201d \u00c9s mik\u00f6zben r\u00e1kacsintott, a kisfi\u00fara is b\u00e1tor\u00edt\u00f3an r\u00e1mosolygott&#8230; Az pedig Frankfurtig \u00e1lelluj\u00e1zott&#8230; &nbsp; Sokszor jut eszembe ez a t\u00f6rt\u00e9net, ha n\u00e9hanapj\u00e1n vonattal utazom, s az az \u00e9rz\u00e9sem, hogy halottaskocsin vagyok, mert az utasok alig v\u00e1ltanak egym\u00e1ssal sz\u00f3t, igyekeznek m\u00e1sokat \u201ekult\u00far\u00e1ltan\u201d nem zavarni&#8230; &nbsp; Lehet, hogy a kisfi\u00fa is, aki id\u0151k\u00f6zben f\u00e9rfiv\u00e1 cseperedett, sz\u00e9gyenli akkori \u00e9nekl\u00e9s\u00e9t&#8230; M\u00e9gis azt k\u00e9rdezem: Mi\u00e9rt lenne k\u00ednos \u00e9nekelni a vonaton, a kocsiban, vagy t\u00e1rsas\u00e1gban&#8230; Ha azt \u00e9nekelte volna, hogy \u201eTavaszi sz\u00e9l vizet \u00e1raszt&#8230;\u201d, vagy azt, hogy: \u201eEgy, kett\u0151, h\u00e1rom, n\u00e9gy, te kis nyuszi, hov\u00e1... R\u00e9szletek","og_url":"https:\/\/stuttgarti-katolikusok.de\/index.php\/miert-ne-a-vonaton-is\/","og_site_name":"Stuttgarti Katolikusok","article_published_time":"2015-04-15T21:12:46+00:00","article_modified_time":"2015-12-15T21:24:41+00:00","author":"Tibor atya","twitter_card":"summary_large_image","twitter_misc":{"Szerz\u0151:":"Tibor atya","Becs\u00fclt olvas\u00e1si id\u0151":"3 perc"},"schema":{"@context":"https:\/\/schema.org","@graph":[{"@type":"Article","@id":"https:\/\/stuttgarti-katolikusok.de\/index.php\/miert-ne-a-vonaton-is\/#article","isPartOf":{"@id":"https:\/\/stuttgarti-katolikusok.de\/index.php\/miert-ne-a-vonaton-is\/"},"author":{"name":"Tibor atya","@id":"https:\/\/stuttgarti-katolikusok.de\/#\/schema\/person\/75908d6f8fdc03a57889d27209df7795"},"headline":"Mi\u00e9rt ne a vonaton is?","datePublished":"2015-04-15T21:12:46+00:00","dateModified":"2015-12-15T21:24:41+00:00","mainEntityOfPage":{"@id":"https:\/\/stuttgarti-katolikusok.de\/index.php\/miert-ne-a-vonaton-is\/"},"wordCount":587,"articleSection":["Gondolatok"],"inLanguage":"hu"},{"@type":"WebPage","@id":"https:\/\/stuttgarti-katolikusok.de\/index.php\/miert-ne-a-vonaton-is\/","url":"https:\/\/stuttgarti-katolikusok.de\/index.php\/miert-ne-a-vonaton-is\/","name":"Mi\u00e9rt ne a vonaton is? - Stuttgarti Katolikusok","isPartOf":{"@id":"https:\/\/stuttgarti-katolikusok.de\/#website"},"datePublished":"2015-04-15T21:12:46+00:00","dateModified":"2015-12-15T21:24:41+00:00","author":{"@id":"https:\/\/stuttgarti-katolikusok.de\/#\/schema\/person\/75908d6f8fdc03a57889d27209df7795"},"breadcrumb":{"@id":"https:\/\/stuttgarti-katolikusok.de\/index.php\/miert-ne-a-vonaton-is\/#breadcrumb"},"inLanguage":"hu","potentialAction":[{"@type":"ReadAction","target":["https:\/\/stuttgarti-katolikusok.de\/index.php\/miert-ne-a-vonaton-is\/"]}]},{"@type":"BreadcrumbList","@id":"https:\/\/stuttgarti-katolikusok.de\/index.php\/miert-ne-a-vonaton-is\/#breadcrumb","itemListElement":[{"@type":"ListItem","position":1,"name":"Kezd\u0151lap","item":"https:\/\/stuttgarti-katolikusok.de\/"},{"@type":"ListItem","position":2,"name":"Mi\u00e9rt ne a vonaton is?"}]},{"@type":"WebSite","@id":"https:\/\/stuttgarti-katolikusok.de\/#website","url":"https:\/\/stuttgarti-katolikusok.de\/","name":"Stuttgarti Katolikusok","description":"","potentialAction":[{"@type":"SearchAction","target":{"@type":"EntryPoint","urlTemplate":"https:\/\/stuttgarti-katolikusok.de\/?s={search_term_string}"},"query-input":{"@type":"PropertyValueSpecification","valueRequired":true,"valueName":"search_term_string"}}],"inLanguage":"hu"},{"@type":"Person","@id":"https:\/\/stuttgarti-katolikusok.de\/#\/schema\/person\/75908d6f8fdc03a57889d27209df7795","name":"Tibor atya","image":{"@type":"ImageObject","inLanguage":"hu","@id":"https:\/\/secure.gravatar.com\/avatar\/61d268e57d1f4525b111222e29d2d5a7f8c420fdbf231ba5566a8ceac74fa960?s=96&d=mm&r=g","url":"https:\/\/secure.gravatar.com\/avatar\/61d268e57d1f4525b111222e29d2d5a7f8c420fdbf231ba5566a8ceac74fa960?s=96&d=mm&r=g","contentUrl":"https:\/\/secure.gravatar.com\/avatar\/61d268e57d1f4525b111222e29d2d5a7f8c420fdbf231ba5566a8ceac74fa960?s=96&d=mm&r=g","caption":"Tibor atya"},"url":"https:\/\/stuttgarti-katolikusok.de\/index.php\/author\/tibor-atya\/"}]}},"_links":{"self":[{"href":"https:\/\/stuttgarti-katolikusok.de\/index.php\/wp-json\/wp\/v2\/posts\/8342","targetHints":{"allow":["GET"]}}],"collection":[{"href":"https:\/\/stuttgarti-katolikusok.de\/index.php\/wp-json\/wp\/v2\/posts"}],"about":[{"href":"https:\/\/stuttgarti-katolikusok.de\/index.php\/wp-json\/wp\/v2\/types\/post"}],"author":[{"embeddable":true,"href":"https:\/\/stuttgarti-katolikusok.de\/index.php\/wp-json\/wp\/v2\/users\/3"}],"replies":[{"embeddable":true,"href":"https:\/\/stuttgarti-katolikusok.de\/index.php\/wp-json\/wp\/v2\/comments?post=8342"}],"version-history":[{"count":1,"href":"https:\/\/stuttgarti-katolikusok.de\/index.php\/wp-json\/wp\/v2\/posts\/8342\/revisions"}],"predecessor-version":[{"id":8343,"href":"https:\/\/stuttgarti-katolikusok.de\/index.php\/wp-json\/wp\/v2\/posts\/8342\/revisions\/8343"}],"wp:attachment":[{"href":"https:\/\/stuttgarti-katolikusok.de\/index.php\/wp-json\/wp\/v2\/media?parent=8342"}],"wp:term":[{"taxonomy":"category","embeddable":true,"href":"https:\/\/stuttgarti-katolikusok.de\/index.php\/wp-json\/wp\/v2\/categories?post=8342"},{"taxonomy":"post_tag","embeddable":true,"href":"https:\/\/stuttgarti-katolikusok.de\/index.php\/wp-json\/wp\/v2\/tags?post=8342"}],"curies":[{"name":"wp","href":"https:\/\/api.w.org\/{rel}","templated":true}]}}