{"id":8340,"date":"2015-04-25T20:58:03","date_gmt":"2015-04-25T20:58:03","guid":{"rendered":"https:\/\/gracious-dewdney.138-201-221-2.plesk.page\/?p=8340"},"modified":"2015-12-15T21:24:33","modified_gmt":"2015-12-15T21:24:33","slug":"s-mennyei-atyad-aki-a-rejtekben-is-lat-megjutalmaz","status":"publish","type":"post","link":"https:\/\/stuttgarti-katolikusok.de\/index.php\/s-mennyei-atyad-aki-a-rejtekben-is-lat-megjutalmaz\/","title":{"rendered":"\u201eS mennyei Aty\u00e1d, aki a rejtekben is l\u00e1t, megjutalmaz.\u201d"},"content":{"rendered":"<p>Tegnap ism\u00e9t j\u00f6tt\u00e9l \u201enapozni\u201d, ahogyan nevezni szoktad. A munka ut\u00e1n nem sietsz haza, hanem j\u00f6sz a p\u00e9nteki szentmis\u00e9re, s el\u0151tte elbesz\u00e9lget\u00fcnk. Mikor mir\u0151l. Ilyenkor lelkedet kiteszed a \u201enapra\u201d, azaz kimondod bel\u0151le mindazt, ami h\u00e9tk\u00f6zben \u00f6sszegy\u0171lt. \u00c9s sok minden van, hisz a sok stresszt\u0151l \u2013 mint mondod \u2013 m\u00e9g arra sincs id\u0151d, hogy \u00f6sszeszedd a gondolataidat.<\/p>\n<p>&nbsp;<\/p>\n<p>Ez\u00fattal arr\u00f3l k\u00e9rdezt\u00e9l, hogy \u00e9rdemes-e j\u00f3nak lenni, seg\u00edteni, emberek dolgainak ut\u00e1naj\u00e1rni, \u00e9rt\u00fck m\u00e1sokn\u00e1l kilincselni, nem egyszer a hivatalos szervekn\u00e9l is er\u0151szakosnak lenni, hogy seg\u00edtsenek&#8230; Ha ut\u00e1na, amikor mindent kiharcolt\u00e1l sz\u00e1mukra, m\u00e9g meg sem k\u00f6sz\u00f6nik? N\u00e9ha legsz\u00edvesebben \u00fagy tenn\u00e9l, mint a t\u00f6bbi n\u00e9met kollega, akik minden nehezebb \u00fcgyet ler\u00e1znak magukr\u00f3l, csak annyit tesznek, ami el\u0151 van \u00edrva, s k\u00f6zben nem engednek magukhoz semmif\u00e9le emberi \u00e9rzelmet&#8230; Kinek teszed? Minek teszed?<\/p>\n<p>&nbsp;<\/p>\n<p>Azt v\u00e1laszoltam Neked, hogy r\u00e9gebben olvastam egy \u00e9rdekes gondolatsort, amely mintha \u00e9ppen a Te helyzeteddel, helyesebben k\u00e9telyeiddel kapcsolatosan \u00edr\u00f3dott volna.<\/p>\n<p>&nbsp;<\/p>\n<p>Egy szeg\u00e9ny koldusnak alamizsn\u00e1t adt\u00e1l,<\/p>\n<p>\u00e9s senki nem l\u00e1tta&#8230;<\/p>\n<p>Egy mag\u00e1nyos embert meghallgatt\u00e1l,<\/p>\n<p>\u00e9s senki nem vette \u00e9szre&#8230;<\/p>\n<p>Egy s\u00edr\u00f3nak odany\u00fajtottad papirzsebkend\u0151det,<\/p>\n<p>\u00e9s senki nem k\u00f6sz\u00f6nte meg neked&#8230;<\/p>\n<p>S\u00e9t\u00e1l\u00e1s k\u00f6zben sz\u00edvedben im\u00e1dkozt\u00e1l,<\/p>\n<p>\u00e9s senki nem hallotta meg&#8230;<\/p>\n<p>Egyik beteg szomsz\u00e9dodat elk\u00eds\u00e9rted az orvoshoz,<\/p>\n<p>\u00e9s senkit nem \u00e9rdekelt&#8230;<\/p>\n<p>Legy\u0151zted bens\u0151 haragodat, haragodban ink\u00e1bb hallgatt\u00e1l, mintsem<\/p>\n<p>valami nem odaill\u0151t mondj,<\/p>\n<p>\u00e9s senkinek nem t\u0171nt fel&#8230;<\/p>\n<p>\u00d6reg, mag\u00e1nyos szomsz\u00e9dodat egy kis csomaggal Kar\u00e1csonyra<\/p>\n<p>megaj\u00e1nd\u00e9koztad,<\/p>\n<p>\u00e9s senki nem szerzett tudom\u00e1st r\u00f3la&#8230;<\/p>\n<p>A bev\u00e1s\u00e1rl\u00f3 k\u00f6zpontban el\u0151reengedt\u00e9l a kassz\u00e1hoz valakit,<\/p>\n<p>mert sietett,<\/p>\n<p>\u00e9s senki nem \u00e9rtette meg&#8230;<\/p>\n<p>Halld ma Isten Szav\u00e1t:<\/p>\n<p><em>\u201eS mennyei Aty\u00e1d, aki a rejtekben is l\u00e1t, megjutalmaz.\u201d <\/em><\/p>\n<p>(M\u00e1t\u00e9 evang\u00e9liuma 6,6)<\/p>\n<p>&nbsp;<\/p>\n<p>Isten szereti a kicsit \u00e9s a szer\u00e9nyet, a csendest \u00e9s az elrejtettet. Soha nem (csak) a k\u00e9zre tekint, hisz nincs is mindenkinek keze.<\/p>\n<p>Isten mindig a sz\u00edvet n\u00e9zi.<\/p>\n<p>\u00c9s mindazt, amit \u00c9rte, Neki vagy b\u00e1rkinek szeretetb\u0151l teszel, meg fogja neked jutalmazni.<\/p>\n<p>&nbsp;<\/p>\n<p>Mik\u00f6zben id\u00e9ztem a sorokat, v\u00e9gig mosolyogt\u00e1l. S \u00e9n tudtam, hogy lelked gondjaira ism\u00e9t r\u00e1ragyogott a napsug\u00e1r&#8230;<\/p>\n<p>&nbsp;<\/p>\n<p><em>Stuttgart, 2015-04-25.<\/em><\/p>\n<p><em>\u00a0<\/em><\/p>\n<p><em>Imre atya<\/em><\/p>\n","protected":false},"excerpt":{"rendered":"<p>Tegnap ism\u00e9t j\u00f6tt\u00e9l \u201enapozni\u201d, ahogyan nevezni szoktad. A munka ut\u00e1n nem sietsz haza, hanem j\u00f6sz a p\u00e9nteki szentmis\u00e9re, s el\u0151tte elbesz\u00e9lget\u00fcnk. Mikor mir\u0151l. Ilyenkor lelkedet kiteszed a \u201enapra\u201d, azaz kimondod bel\u0151le mindazt, ami h\u00e9tk\u00f6zben \u00f6sszegy\u0171lt. \u00c9s sok minden van, hisz a sok stresszt\u0151l \u2013 mint mondod \u2013 m\u00e9g arra sincs id\u0151d, hogy \u00f6sszeszedd a gondolataidat. &nbsp; Ez\u00fattal arr\u00f3l k\u00e9rdezt\u00e9l, hogy \u00e9rdemes-e j\u00f3nak lenni, seg\u00edteni, emberek dolgainak ut\u00e1naj\u00e1rni, \u00e9rt\u00fck m\u00e1sokn\u00e1l kilincselni, nem egyszer a hivatalos szervekn\u00e9l is er\u0151szakosnak lenni, hogy seg\u00edtsenek&#8230; Ha ut\u00e1na, amikor mindent kiharcolt\u00e1l sz\u00e1mukra, m\u00e9g meg sem k\u00f6sz\u00f6nik? N\u00e9ha legsz\u00edvesebben \u00fagy tenn\u00e9l, mint a t\u00f6bbi n\u00e9met kollega, akik minden nehezebb \u00fcgyet ler\u00e1znak magukr\u00f3l, csak annyit tesznek, ami el\u0151 van \u00edrva, s k\u00f6zben nem engednek magukhoz semmif\u00e9le emberi \u00e9rzelmet&#8230; Kinek teszed? Minek teszed? &nbsp; Azt v\u00e1laszoltam Neked, hogy r\u00e9gebben olvastam egy \u00e9rdekes gondolatsort, amely mintha \u00e9ppen a Te helyzeteddel, helyesebben k\u00e9telyeiddel kapcsolatosan \u00edr\u00f3dott volna. &nbsp; Egy szeg\u00e9ny koldusnak alamizsn\u00e1t adt\u00e1l, \u00e9s senki nem l\u00e1tta&#8230; Egy mag\u00e1nyos embert meghallgatt\u00e1l, \u00e9s senki nem vette \u00e9szre&#8230; Egy s\u00edr\u00f3nak odany\u00fajtottad papirzsebkend\u0151det, \u00e9s senki nem k\u00f6sz\u00f6nte meg neked&#8230; S\u00e9t\u00e1l\u00e1s k\u00f6zben sz\u00edvedben im\u00e1dkozt\u00e1l, \u00e9s senki nem hallotta meg&#8230; Egyik beteg szomsz\u00e9dodat elk\u00eds\u00e9rted az orvoshoz, \u00e9s senkit nem \u00e9rdekelt&#8230; Legy\u0151zted bens\u0151 haragodat, haragodban ink\u00e1bb hallgatt\u00e1l, mintsem valami nem odaill\u0151t mondj, \u00e9s senkinek nem t\u0171nt fel&#8230; \u00d6reg, mag\u00e1nyos szomsz\u00e9dodat egy kis csomaggal Kar\u00e1csonyra megaj\u00e1nd\u00e9koztad, \u00e9s senki nem szerzett tudom\u00e1st r\u00f3la&#8230; A bev\u00e1s\u00e1rl\u00f3 k\u00f6zpontban el\u0151reengedt\u00e9l a kassz\u00e1hoz valakit, mert sietett, \u00e9s senki nem \u00e9rtette meg&#8230; Halld ma Isten Szav\u00e1t: \u201eS mennyei Aty\u00e1d, aki a rejtekben is l\u00e1t, megjutalmaz.\u201d (M\u00e1t\u00e9 evang\u00e9liuma 6,6) &nbsp; Isten szereti a kicsit \u00e9s a szer\u00e9nyet, a csendest \u00e9s az elrejtettet. Soha nem (csak) a k\u00e9zre tekint, hisz nincs is mindenkinek keze. Isten mindig a sz\u00edvet n\u00e9zi. \u00c9s mindazt, amit \u00c9rte, Neki vagy b\u00e1rkinek szeretetb\u0151l teszel, meg fogja neked jutalmazni. &nbsp; Mik\u00f6zben id\u00e9ztem a sorokat,&#8230; <\/p>\n<p><a class=\"readmore\" href=\"https:\/\/stuttgarti-katolikusok.de\/index.php\/s-mennyei-atyad-aki-a-rejtekben-is-lat-megjutalmaz\/\">R\u00e9szletek<\/a><\/p>\n","protected":false},"author":3,"featured_media":0,"comment_status":"closed","ping_status":"closed","sticky":false,"template":"","format":"standard","meta":{"footnotes":""},"categories":[24],"tags":[],"class_list":["post-8340","post","type-post","status-publish","format-standard","hentry","category-gondolatok"],"yoast_head":"<!-- This site is optimized with the Yoast SEO plugin v27.3 - https:\/\/yoast.com\/product\/yoast-seo-wordpress\/ -->\n<title>\u201eS mennyei Aty\u00e1d, aki a rejtekben is l\u00e1t, megjutalmaz.\u201d - Stuttgarti Katolikusok<\/title>\n<meta name=\"robots\" content=\"index, follow, max-snippet:-1, max-image-preview:large, max-video-preview:-1\" \/>\n<link rel=\"canonical\" href=\"https:\/\/stuttgarti-katolikusok.de\/index.php\/s-mennyei-atyad-aki-a-rejtekben-is-lat-megjutalmaz\/\" \/>\n<meta property=\"og:locale\" content=\"hu_HU\" \/>\n<meta property=\"og:type\" content=\"article\" \/>\n<meta property=\"og:title\" content=\"\u201eS mennyei Aty\u00e1d, aki a rejtekben is l\u00e1t, megjutalmaz.\u201d - Stuttgarti Katolikusok\" \/>\n<meta property=\"og:description\" content=\"Tegnap ism\u00e9t j\u00f6tt\u00e9l \u201enapozni\u201d, ahogyan nevezni szoktad. A munka ut\u00e1n nem sietsz haza, hanem j\u00f6sz a p\u00e9nteki szentmis\u00e9re, s el\u0151tte elbesz\u00e9lget\u00fcnk. Mikor mir\u0151l. Ilyenkor lelkedet kiteszed a \u201enapra\u201d, azaz kimondod bel\u0151le mindazt, ami h\u00e9tk\u00f6zben \u00f6sszegy\u0171lt. \u00c9s sok minden van, hisz a sok stresszt\u0151l \u2013 mint mondod \u2013 m\u00e9g arra sincs id\u0151d, hogy \u00f6sszeszedd a gondolataidat. &nbsp; Ez\u00fattal arr\u00f3l k\u00e9rdezt\u00e9l, hogy \u00e9rdemes-e j\u00f3nak lenni, seg\u00edteni, emberek dolgainak ut\u00e1naj\u00e1rni, \u00e9rt\u00fck m\u00e1sokn\u00e1l kilincselni, nem egyszer a hivatalos szervekn\u00e9l is er\u0151szakosnak lenni, hogy seg\u00edtsenek&#8230; Ha ut\u00e1na, amikor mindent kiharcolt\u00e1l sz\u00e1mukra, m\u00e9g meg sem k\u00f6sz\u00f6nik? N\u00e9ha legsz\u00edvesebben \u00fagy tenn\u00e9l, mint a t\u00f6bbi n\u00e9met kollega, akik minden nehezebb \u00fcgyet ler\u00e1znak magukr\u00f3l, csak annyit tesznek, ami el\u0151 van \u00edrva, s k\u00f6zben nem engednek magukhoz semmif\u00e9le emberi \u00e9rzelmet&#8230; Kinek teszed? Minek teszed? &nbsp; Azt v\u00e1laszoltam Neked, hogy r\u00e9gebben olvastam egy \u00e9rdekes gondolatsort, amely mintha \u00e9ppen a Te helyzeteddel, helyesebben k\u00e9telyeiddel kapcsolatosan \u00edr\u00f3dott volna. &nbsp; Egy szeg\u00e9ny koldusnak alamizsn\u00e1t adt\u00e1l, \u00e9s senki nem l\u00e1tta&#8230; Egy mag\u00e1nyos embert meghallgatt\u00e1l, \u00e9s senki nem vette \u00e9szre&#8230; Egy s\u00edr\u00f3nak odany\u00fajtottad papirzsebkend\u0151det, \u00e9s senki nem k\u00f6sz\u00f6nte meg neked&#8230; S\u00e9t\u00e1l\u00e1s k\u00f6zben sz\u00edvedben im\u00e1dkozt\u00e1l, \u00e9s senki nem hallotta meg&#8230; Egyik beteg szomsz\u00e9dodat elk\u00eds\u00e9rted az orvoshoz, \u00e9s senkit nem \u00e9rdekelt&#8230; Legy\u0151zted bens\u0151 haragodat, haragodban ink\u00e1bb hallgatt\u00e1l, mintsem valami nem odaill\u0151t mondj, \u00e9s senkinek nem t\u0171nt fel&#8230; \u00d6reg, mag\u00e1nyos szomsz\u00e9dodat egy kis csomaggal Kar\u00e1csonyra megaj\u00e1nd\u00e9koztad, \u00e9s senki nem szerzett tudom\u00e1st r\u00f3la&#8230; A bev\u00e1s\u00e1rl\u00f3 k\u00f6zpontban el\u0151reengedt\u00e9l a kassz\u00e1hoz valakit, mert sietett, \u00e9s senki nem \u00e9rtette meg&#8230; Halld ma Isten Szav\u00e1t: \u201eS mennyei Aty\u00e1d, aki a rejtekben is l\u00e1t, megjutalmaz.\u201d (M\u00e1t\u00e9 evang\u00e9liuma 6,6) &nbsp; Isten szereti a kicsit \u00e9s a szer\u00e9nyet, a csendest \u00e9s az elrejtettet. Soha nem (csak) a k\u00e9zre tekint, hisz nincs is mindenkinek keze. Isten mindig a sz\u00edvet n\u00e9zi. \u00c9s mindazt, amit \u00c9rte, Neki vagy b\u00e1rkinek szeretetb\u0151l teszel, meg fogja neked jutalmazni. &nbsp; Mik\u00f6zben id\u00e9ztem a sorokat,... R\u00e9szletek\" \/>\n<meta property=\"og:url\" content=\"https:\/\/stuttgarti-katolikusok.de\/index.php\/s-mennyei-atyad-aki-a-rejtekben-is-lat-megjutalmaz\/\" \/>\n<meta property=\"og:site_name\" content=\"Stuttgarti Katolikusok\" \/>\n<meta property=\"article:published_time\" content=\"2015-04-25T20:58:03+00:00\" \/>\n<meta property=\"article:modified_time\" content=\"2015-12-15T21:24:33+00:00\" \/>\n<meta name=\"author\" content=\"Tibor atya\" \/>\n<meta name=\"twitter:card\" content=\"summary_large_image\" \/>\n<meta name=\"twitter:label1\" content=\"Szerz\u0151:\" \/>\n\t<meta name=\"twitter:data1\" content=\"Tibor atya\" \/>\n\t<meta name=\"twitter:label2\" content=\"Becs\u00fclt olvas\u00e1si id\u0151\" \/>\n\t<meta name=\"twitter:data2\" content=\"2 perc\" \/>\n<script type=\"application\/ld+json\" class=\"yoast-schema-graph\">{\"@context\":\"https:\\\/\\\/schema.org\",\"@graph\":[{\"@type\":\"Article\",\"@id\":\"https:\\\/\\\/stuttgarti-katolikusok.de\\\/index.php\\\/s-mennyei-atyad-aki-a-rejtekben-is-lat-megjutalmaz\\\/#article\",\"isPartOf\":{\"@id\":\"https:\\\/\\\/stuttgarti-katolikusok.de\\\/index.php\\\/s-mennyei-atyad-aki-a-rejtekben-is-lat-megjutalmaz\\\/\"},\"author\":{\"name\":\"Tibor atya\",\"@id\":\"https:\\\/\\\/stuttgarti-katolikusok.de\\\/#\\\/schema\\\/person\\\/75908d6f8fdc03a57889d27209df7795\"},\"headline\":\"\u201eS mennyei Aty\u00e1d, aki a rejtekben is l\u00e1t, megjutalmaz.\u201d\",\"datePublished\":\"2015-04-25T20:58:03+00:00\",\"dateModified\":\"2015-12-15T21:24:33+00:00\",\"mainEntityOfPage\":{\"@id\":\"https:\\\/\\\/stuttgarti-katolikusok.de\\\/index.php\\\/s-mennyei-atyad-aki-a-rejtekben-is-lat-megjutalmaz\\\/\"},\"wordCount\":435,\"articleSection\":[\"Gondolatok\"],\"inLanguage\":\"hu\"},{\"@type\":\"WebPage\",\"@id\":\"https:\\\/\\\/stuttgarti-katolikusok.de\\\/index.php\\\/s-mennyei-atyad-aki-a-rejtekben-is-lat-megjutalmaz\\\/\",\"url\":\"https:\\\/\\\/stuttgarti-katolikusok.de\\\/index.php\\\/s-mennyei-atyad-aki-a-rejtekben-is-lat-megjutalmaz\\\/\",\"name\":\"\u201eS mennyei Aty\u00e1d, aki a rejtekben is l\u00e1t, megjutalmaz.\u201d - Stuttgarti Katolikusok\",\"isPartOf\":{\"@id\":\"https:\\\/\\\/stuttgarti-katolikusok.de\\\/#website\"},\"datePublished\":\"2015-04-25T20:58:03+00:00\",\"dateModified\":\"2015-12-15T21:24:33+00:00\",\"author\":{\"@id\":\"https:\\\/\\\/stuttgarti-katolikusok.de\\\/#\\\/schema\\\/person\\\/75908d6f8fdc03a57889d27209df7795\"},\"breadcrumb\":{\"@id\":\"https:\\\/\\\/stuttgarti-katolikusok.de\\\/index.php\\\/s-mennyei-atyad-aki-a-rejtekben-is-lat-megjutalmaz\\\/#breadcrumb\"},\"inLanguage\":\"hu\",\"potentialAction\":[{\"@type\":\"ReadAction\",\"target\":[\"https:\\\/\\\/stuttgarti-katolikusok.de\\\/index.php\\\/s-mennyei-atyad-aki-a-rejtekben-is-lat-megjutalmaz\\\/\"]}]},{\"@type\":\"BreadcrumbList\",\"@id\":\"https:\\\/\\\/stuttgarti-katolikusok.de\\\/index.php\\\/s-mennyei-atyad-aki-a-rejtekben-is-lat-megjutalmaz\\\/#breadcrumb\",\"itemListElement\":[{\"@type\":\"ListItem\",\"position\":1,\"name\":\"Kezd\u0151lap\",\"item\":\"https:\\\/\\\/stuttgarti-katolikusok.de\\\/\"},{\"@type\":\"ListItem\",\"position\":2,\"name\":\"\u201eS mennyei Aty\u00e1d, aki a rejtekben is l\u00e1t, megjutalmaz.\u201d\"}]},{\"@type\":\"WebSite\",\"@id\":\"https:\\\/\\\/stuttgarti-katolikusok.de\\\/#website\",\"url\":\"https:\\\/\\\/stuttgarti-katolikusok.de\\\/\",\"name\":\"Stuttgarti Katolikusok\",\"description\":\"\",\"potentialAction\":[{\"@type\":\"SearchAction\",\"target\":{\"@type\":\"EntryPoint\",\"urlTemplate\":\"https:\\\/\\\/stuttgarti-katolikusok.de\\\/?s={search_term_string}\"},\"query-input\":{\"@type\":\"PropertyValueSpecification\",\"valueRequired\":true,\"valueName\":\"search_term_string\"}}],\"inLanguage\":\"hu\"},{\"@type\":\"Person\",\"@id\":\"https:\\\/\\\/stuttgarti-katolikusok.de\\\/#\\\/schema\\\/person\\\/75908d6f8fdc03a57889d27209df7795\",\"name\":\"Tibor atya\",\"image\":{\"@type\":\"ImageObject\",\"inLanguage\":\"hu\",\"@id\":\"https:\\\/\\\/secure.gravatar.com\\\/avatar\\\/61d268e57d1f4525b111222e29d2d5a7f8c420fdbf231ba5566a8ceac74fa960?s=96&d=mm&r=g\",\"url\":\"https:\\\/\\\/secure.gravatar.com\\\/avatar\\\/61d268e57d1f4525b111222e29d2d5a7f8c420fdbf231ba5566a8ceac74fa960?s=96&d=mm&r=g\",\"contentUrl\":\"https:\\\/\\\/secure.gravatar.com\\\/avatar\\\/61d268e57d1f4525b111222e29d2d5a7f8c420fdbf231ba5566a8ceac74fa960?s=96&d=mm&r=g\",\"caption\":\"Tibor atya\"},\"url\":\"https:\\\/\\\/stuttgarti-katolikusok.de\\\/index.php\\\/author\\\/tibor-atya\\\/\"}]}<\/script>\n<!-- \/ Yoast SEO plugin. -->","yoast_head_json":{"title":"\u201eS mennyei Aty\u00e1d, aki a rejtekben is l\u00e1t, megjutalmaz.\u201d - Stuttgarti Katolikusok","robots":{"index":"index","follow":"follow","max-snippet":"max-snippet:-1","max-image-preview":"max-image-preview:large","max-video-preview":"max-video-preview:-1"},"canonical":"https:\/\/stuttgarti-katolikusok.de\/index.php\/s-mennyei-atyad-aki-a-rejtekben-is-lat-megjutalmaz\/","og_locale":"hu_HU","og_type":"article","og_title":"\u201eS mennyei Aty\u00e1d, aki a rejtekben is l\u00e1t, megjutalmaz.\u201d - Stuttgarti Katolikusok","og_description":"Tegnap ism\u00e9t j\u00f6tt\u00e9l \u201enapozni\u201d, ahogyan nevezni szoktad. A munka ut\u00e1n nem sietsz haza, hanem j\u00f6sz a p\u00e9nteki szentmis\u00e9re, s el\u0151tte elbesz\u00e9lget\u00fcnk. Mikor mir\u0151l. Ilyenkor lelkedet kiteszed a \u201enapra\u201d, azaz kimondod bel\u0151le mindazt, ami h\u00e9tk\u00f6zben \u00f6sszegy\u0171lt. \u00c9s sok minden van, hisz a sok stresszt\u0151l \u2013 mint mondod \u2013 m\u00e9g arra sincs id\u0151d, hogy \u00f6sszeszedd a gondolataidat. &nbsp; Ez\u00fattal arr\u00f3l k\u00e9rdezt\u00e9l, hogy \u00e9rdemes-e j\u00f3nak lenni, seg\u00edteni, emberek dolgainak ut\u00e1naj\u00e1rni, \u00e9rt\u00fck m\u00e1sokn\u00e1l kilincselni, nem egyszer a hivatalos szervekn\u00e9l is er\u0151szakosnak lenni, hogy seg\u00edtsenek&#8230; Ha ut\u00e1na, amikor mindent kiharcolt\u00e1l sz\u00e1mukra, m\u00e9g meg sem k\u00f6sz\u00f6nik? N\u00e9ha legsz\u00edvesebben \u00fagy tenn\u00e9l, mint a t\u00f6bbi n\u00e9met kollega, akik minden nehezebb \u00fcgyet ler\u00e1znak magukr\u00f3l, csak annyit tesznek, ami el\u0151 van \u00edrva, s k\u00f6zben nem engednek magukhoz semmif\u00e9le emberi \u00e9rzelmet&#8230; Kinek teszed? Minek teszed? &nbsp; Azt v\u00e1laszoltam Neked, hogy r\u00e9gebben olvastam egy \u00e9rdekes gondolatsort, amely mintha \u00e9ppen a Te helyzeteddel, helyesebben k\u00e9telyeiddel kapcsolatosan \u00edr\u00f3dott volna. &nbsp; Egy szeg\u00e9ny koldusnak alamizsn\u00e1t adt\u00e1l, \u00e9s senki nem l\u00e1tta&#8230; Egy mag\u00e1nyos embert meghallgatt\u00e1l, \u00e9s senki nem vette \u00e9szre&#8230; Egy s\u00edr\u00f3nak odany\u00fajtottad papirzsebkend\u0151det, \u00e9s senki nem k\u00f6sz\u00f6nte meg neked&#8230; S\u00e9t\u00e1l\u00e1s k\u00f6zben sz\u00edvedben im\u00e1dkozt\u00e1l, \u00e9s senki nem hallotta meg&#8230; Egyik beteg szomsz\u00e9dodat elk\u00eds\u00e9rted az orvoshoz, \u00e9s senkit nem \u00e9rdekelt&#8230; Legy\u0151zted bens\u0151 haragodat, haragodban ink\u00e1bb hallgatt\u00e1l, mintsem valami nem odaill\u0151t mondj, \u00e9s senkinek nem t\u0171nt fel&#8230; \u00d6reg, mag\u00e1nyos szomsz\u00e9dodat egy kis csomaggal Kar\u00e1csonyra megaj\u00e1nd\u00e9koztad, \u00e9s senki nem szerzett tudom\u00e1st r\u00f3la&#8230; A bev\u00e1s\u00e1rl\u00f3 k\u00f6zpontban el\u0151reengedt\u00e9l a kassz\u00e1hoz valakit, mert sietett, \u00e9s senki nem \u00e9rtette meg&#8230; Halld ma Isten Szav\u00e1t: \u201eS mennyei Aty\u00e1d, aki a rejtekben is l\u00e1t, megjutalmaz.\u201d (M\u00e1t\u00e9 evang\u00e9liuma 6,6) &nbsp; Isten szereti a kicsit \u00e9s a szer\u00e9nyet, a csendest \u00e9s az elrejtettet. Soha nem (csak) a k\u00e9zre tekint, hisz nincs is mindenkinek keze. Isten mindig a sz\u00edvet n\u00e9zi. \u00c9s mindazt, amit \u00c9rte, Neki vagy b\u00e1rkinek szeretetb\u0151l teszel, meg fogja neked jutalmazni. &nbsp; Mik\u00f6zben id\u00e9ztem a sorokat,... R\u00e9szletek","og_url":"https:\/\/stuttgarti-katolikusok.de\/index.php\/s-mennyei-atyad-aki-a-rejtekben-is-lat-megjutalmaz\/","og_site_name":"Stuttgarti Katolikusok","article_published_time":"2015-04-25T20:58:03+00:00","article_modified_time":"2015-12-15T21:24:33+00:00","author":"Tibor atya","twitter_card":"summary_large_image","twitter_misc":{"Szerz\u0151:":"Tibor atya","Becs\u00fclt olvas\u00e1si id\u0151":"2 perc"},"schema":{"@context":"https:\/\/schema.org","@graph":[{"@type":"Article","@id":"https:\/\/stuttgarti-katolikusok.de\/index.php\/s-mennyei-atyad-aki-a-rejtekben-is-lat-megjutalmaz\/#article","isPartOf":{"@id":"https:\/\/stuttgarti-katolikusok.de\/index.php\/s-mennyei-atyad-aki-a-rejtekben-is-lat-megjutalmaz\/"},"author":{"name":"Tibor atya","@id":"https:\/\/stuttgarti-katolikusok.de\/#\/schema\/person\/75908d6f8fdc03a57889d27209df7795"},"headline":"\u201eS mennyei Aty\u00e1d, aki a rejtekben is l\u00e1t, megjutalmaz.\u201d","datePublished":"2015-04-25T20:58:03+00:00","dateModified":"2015-12-15T21:24:33+00:00","mainEntityOfPage":{"@id":"https:\/\/stuttgarti-katolikusok.de\/index.php\/s-mennyei-atyad-aki-a-rejtekben-is-lat-megjutalmaz\/"},"wordCount":435,"articleSection":["Gondolatok"],"inLanguage":"hu"},{"@type":"WebPage","@id":"https:\/\/stuttgarti-katolikusok.de\/index.php\/s-mennyei-atyad-aki-a-rejtekben-is-lat-megjutalmaz\/","url":"https:\/\/stuttgarti-katolikusok.de\/index.php\/s-mennyei-atyad-aki-a-rejtekben-is-lat-megjutalmaz\/","name":"\u201eS mennyei Aty\u00e1d, aki a rejtekben is l\u00e1t, megjutalmaz.\u201d - Stuttgarti Katolikusok","isPartOf":{"@id":"https:\/\/stuttgarti-katolikusok.de\/#website"},"datePublished":"2015-04-25T20:58:03+00:00","dateModified":"2015-12-15T21:24:33+00:00","author":{"@id":"https:\/\/stuttgarti-katolikusok.de\/#\/schema\/person\/75908d6f8fdc03a57889d27209df7795"},"breadcrumb":{"@id":"https:\/\/stuttgarti-katolikusok.de\/index.php\/s-mennyei-atyad-aki-a-rejtekben-is-lat-megjutalmaz\/#breadcrumb"},"inLanguage":"hu","potentialAction":[{"@type":"ReadAction","target":["https:\/\/stuttgarti-katolikusok.de\/index.php\/s-mennyei-atyad-aki-a-rejtekben-is-lat-megjutalmaz\/"]}]},{"@type":"BreadcrumbList","@id":"https:\/\/stuttgarti-katolikusok.de\/index.php\/s-mennyei-atyad-aki-a-rejtekben-is-lat-megjutalmaz\/#breadcrumb","itemListElement":[{"@type":"ListItem","position":1,"name":"Kezd\u0151lap","item":"https:\/\/stuttgarti-katolikusok.de\/"},{"@type":"ListItem","position":2,"name":"\u201eS mennyei Aty\u00e1d, aki a rejtekben is l\u00e1t, megjutalmaz.\u201d"}]},{"@type":"WebSite","@id":"https:\/\/stuttgarti-katolikusok.de\/#website","url":"https:\/\/stuttgarti-katolikusok.de\/","name":"Stuttgarti Katolikusok","description":"","potentialAction":[{"@type":"SearchAction","target":{"@type":"EntryPoint","urlTemplate":"https:\/\/stuttgarti-katolikusok.de\/?s={search_term_string}"},"query-input":{"@type":"PropertyValueSpecification","valueRequired":true,"valueName":"search_term_string"}}],"inLanguage":"hu"},{"@type":"Person","@id":"https:\/\/stuttgarti-katolikusok.de\/#\/schema\/person\/75908d6f8fdc03a57889d27209df7795","name":"Tibor atya","image":{"@type":"ImageObject","inLanguage":"hu","@id":"https:\/\/secure.gravatar.com\/avatar\/61d268e57d1f4525b111222e29d2d5a7f8c420fdbf231ba5566a8ceac74fa960?s=96&d=mm&r=g","url":"https:\/\/secure.gravatar.com\/avatar\/61d268e57d1f4525b111222e29d2d5a7f8c420fdbf231ba5566a8ceac74fa960?s=96&d=mm&r=g","contentUrl":"https:\/\/secure.gravatar.com\/avatar\/61d268e57d1f4525b111222e29d2d5a7f8c420fdbf231ba5566a8ceac74fa960?s=96&d=mm&r=g","caption":"Tibor atya"},"url":"https:\/\/stuttgarti-katolikusok.de\/index.php\/author\/tibor-atya\/"}]}},"_links":{"self":[{"href":"https:\/\/stuttgarti-katolikusok.de\/index.php\/wp-json\/wp\/v2\/posts\/8340","targetHints":{"allow":["GET"]}}],"collection":[{"href":"https:\/\/stuttgarti-katolikusok.de\/index.php\/wp-json\/wp\/v2\/posts"}],"about":[{"href":"https:\/\/stuttgarti-katolikusok.de\/index.php\/wp-json\/wp\/v2\/types\/post"}],"author":[{"embeddable":true,"href":"https:\/\/stuttgarti-katolikusok.de\/index.php\/wp-json\/wp\/v2\/users\/3"}],"replies":[{"embeddable":true,"href":"https:\/\/stuttgarti-katolikusok.de\/index.php\/wp-json\/wp\/v2\/comments?post=8340"}],"version-history":[{"count":1,"href":"https:\/\/stuttgarti-katolikusok.de\/index.php\/wp-json\/wp\/v2\/posts\/8340\/revisions"}],"predecessor-version":[{"id":8341,"href":"https:\/\/stuttgarti-katolikusok.de\/index.php\/wp-json\/wp\/v2\/posts\/8340\/revisions\/8341"}],"wp:attachment":[{"href":"https:\/\/stuttgarti-katolikusok.de\/index.php\/wp-json\/wp\/v2\/media?parent=8340"}],"wp:term":[{"taxonomy":"category","embeddable":true,"href":"https:\/\/stuttgarti-katolikusok.de\/index.php\/wp-json\/wp\/v2\/categories?post=8340"},{"taxonomy":"post_tag","embeddable":true,"href":"https:\/\/stuttgarti-katolikusok.de\/index.php\/wp-json\/wp\/v2\/tags?post=8340"}],"curies":[{"name":"wp","href":"https:\/\/api.w.org\/{rel}","templated":true}]}}