{"id":8331,"date":"2015-07-17T20:43:10","date_gmt":"2015-07-17T20:43:10","guid":{"rendered":"https:\/\/gracious-dewdney.138-201-221-2.plesk.page\/?p=8331"},"modified":"2015-12-15T21:23:32","modified_gmt":"2015-12-15T21:23:32","slug":"kik-is-vagyunk","status":"publish","type":"post","link":"https:\/\/stuttgarti-katolikusok.de\/index.php\/kik-is-vagyunk\/","title":{"rendered":"Kik is vagyunk?"},"content":{"rendered":"<p>Ahogyan \u00edgy visszan\u00e9zek az els\u0151 f\u00e9l\u00e9vi programokra, h\u00e1t bizony mozgalmas id\u0151szak volt. Egyeseknek tal\u00e1n m\u00e9g t\u00fal mozgalmas is. Szinte minden vas\u00e1rnap tal\u00e1lkoztunk a templomban. Kezd\u0151d\u00f6tt janu\u00e1rban V\u00edzkeresztkor, azt\u00e1n k\u00f6vetkezett a Gyertyaszentel\u0151, majd a Stuttgarti Csendes Napok, azt\u00e1n H\u00fasv\u00e9t, J\u00f3t\u00e9konys\u00e1gi Baz\u00e1r, Any\u00e1k Napi koncert, Magyar \u00d6sszefog\u00e1s Vas\u00e1rnapja, Csal\u00e1di Nap, Nagy- \u00e9s Kis-zar\u00e1ndoklat, \u00e9s m\u00e9g sorolhatn\u00e1m napestig. Nem is besz\u00e9lve arr\u00f3l, hogy p\u00e9ntek est\u00e9nk\u00e9nt r\u00f3zsaf\u0171z\u00e9r\u00e1jtatoss\u00e1g, P\u00e9nteki Egyetem, Ima- \u00e9s Bibliak\u00f6r, Bar\u00e1ts\u00e1g- \u00e9s Sportklub&#8230;<\/p>\n<p>&nbsp;<\/p>\n<p>Megvallom \u0151szint\u00e9n, nekem a vas\u00e1rnapi tal\u00e1lkoz\u00e1sok tetszenek a legjobban. Nemcsak az\u00e9rt, mert rengeteg ismer\u0151ssel tal\u00e1lkozhatom \u00e9s besz\u00e9lgethetek \u00fajra, de az\u00e9rt is, mert ezek a szentmis\u00e9k \u00e9s ut\u00e1na az \u00e1g\u00e1p\u00e9k egyre m\u00e9lyebben tudatos\u00edtj\u00e1k bennem: egy\u00fcv\u00e9 tartozunk!<\/p>\n<p>Mi vagyunk a <em>Szent Gell\u00e9rt Katolikus Magyar Egyh\u00e1zk\u00f6zs\u00e9g<\/em> tagjai. K\u00f6z\u00f6ss\u00e9g\u00fcnk \u00f6regb\u0151l \u00e9s fiatalb\u00f3l, f\u00e9rfib\u00f3l \u00e9s n\u0151b\u0151l, feln\u0151ttb\u0151l \u00e9s gyermekb\u0151l, elk\u00f6telezettb\u0151l \u00e9s t\u00e1vols\u00e1gtart\u00f3b\u00f3l, laikusb\u00f3l \u00e9s papokb\u00f3l \u00e1ll. Odahaza egy pl\u00e9b\u00e1nia (pl. egy budapesti vagy egy cs\u00edkszeredai) t\u00f6bbsz\u00f6r\u00f6sen meghaladja a sz\u00e1munkat. De m\u00e9gis: mi is r\u00e9sze vagyunk a vil\u00e1gegyh\u00e1znak. Ha csak egy apr\u00f3 kis k\u00f6vecske vagyunk a nagy mozaikk\u00e9pben, ha csak egy jelent\u00e9ktelen kis sz\u00ednfolt a gy\u00f6ny\u00f6r\u0171 sz\u0151nyegen, ha csak egy apr\u00f3 kis \u00e1gacska a Vil\u00e1gegyh\u00e1z nagy f\u00e1j\u00e1n, de m\u00e9gis annak alkot\u00f3 r\u00e9sze vagyunk!<\/p>\n<p>&nbsp;<\/p>\n<p>Igen, ebben a kis, apr\u00f3, eleny\u00e9sz\u0151 r\u00e9szben jelen van a nagy Eg\u00e9sz. Itt, k\u00f6zt\u00fcnk, benn\u00fcnk jelen van a nagy Egyh\u00e1z. Itt, k\u00f6zt\u00fcnk jelen van Isten Szava, itt is megt\u00f6retik J\u00e9zus Teste, itt is egym\u00e1snak ny\u00fajtjuk V\u00e9r\u00e9nek Kelyh\u00e9t. Itt, k\u00f6zt\u00fcnk \u00e9s \u00e1ltalunk folytatja J\u00e9zus \u00fcdv\u00f6ss\u00e9gszerz\u0151 \u00e9s megszentel\u0151 m\u0171v\u00e9t. Mi vagyunk a helyi Egyh\u00e1z! Mi vagyunk a Stuttgarti Magyar Katolikus Egyh\u00e1z!<\/p>\n<p>&nbsp;<\/p>\n<p>De l\u00e1ssuk, hogy mi is az Egyh\u00e1z? Most nem a nagy teol\u00f3giai \u00e9s dogmatikai meghat\u00e1roz\u00e1sokra gondolok, hanem azokra a v\u00e1laszokra, amelyeket az evang\u00e9liumban tal\u00e1lunk. Helyesebben nem is annyira szavakra, mint ink\u00e1bb k\u00e9pekre, amelyek egym\u00e1st k\u00f6lcs\u00f6n\u00f6sen kieg\u00e9sz\u00edtik. Most h\u00e1rom jut eszembe, l\u00e1ssuk ezeket!<\/p>\n<p>&nbsp;<\/p>\n<ol>\n<li>Az Egyh\u00e1z \u2013 mondja az evang\u00e9lium \u2013 Isten sz\u00e1nt\u00f3f\u00f6ldje. Ebben kell teremjen a f\u00f6ld term\u00e9st. Lelki term\u00e9st. Szent P\u00e1l apostol fel is sorolja \u0151ket: szeretet, \u00f6r\u00f6m, b\u00e9ke, t\u00fcrelem, j\u00f3s\u00e1g, al\u00e1zat, rem\u00e9ny, hit, igazs\u00e1goss\u00e1g. Ilyen term\u00e9sek nem teremnek magukt\u00f3l! A sz\u00e1nt\u00f3f\u00f6ldet teh\u00e1t j\u00f3l el\u0151 kell k\u00e9sz\u00edteni, a gyomokt\u00f3l meg kell tiszt\u00edtani, mert ezek \u2013 veszeked\u00e9s, izg\u00e1gas\u00e1g, \u00f6nfej\u0171s\u00e9g, pletyka, intrika \u2013 nagyon hamar terjednek&#8230;<\/li>\n<\/ol>\n<p>&nbsp;<\/p>\n<p>Azt\u00e1n a vet\u0151mag nagyon \u00e9rz\u00e9keny az id\u0151j\u00e1r\u00e1sra. K\u00e9ts\u00e9gtelen, hogy a jelenlegi szellemi, kult\u00far\u00e1lis \u00e9s t\u00e1rsadalmi klima nagyon \u00e1rt a hit magva n\u00f6veked\u00e9s\u00e9nek. M\u00e1s testv\u00e9reinknek m\u00e1s orsz\u00e1gban vagy kontinensen tal\u00e1n k\u00f6nnyebb dolguk van. Mi azonban nem kereshetj\u00fck ki magunknak a kort \u00e9s a helyet, hogy hol sz\u00fcless\u00fcnk \u00e9s hol \u00e9lj\u00fcnk, Isten ide \u00e1ll\u00edtott benn\u00fcnket, itt kell h\u00e1t \u00e1llnunk, itt kell term\u00e9st hozzunk. Vagy ahogyan S\u00edk S\u00e1ndor olyan sz\u00e9pen \u00edrja: <em>\u201eK\u00fcldet\u00e9ssel j\u00f6tt\u00e9l a f\u00f6ldre, hogy azt a k\u00f6rt, ahova \u00e1ll\u00edtott az Isten, f\u00e9nyeddel t\u00fcnd\u00f6k\u00f6ld be!\u201d<\/em><\/p>\n<p>Isten minket ide \u00e9s erre h\u00edvott meg&#8230;<\/p>\n<p>&nbsp;<\/p>\n<p>Ha \u2013 Isten seg\u00edts\u00e9g\u00e9vel \u2013 mindannyian elkezden\u00e9nk \u00e9let\u00fcnk sz\u00e1nt\u00f3f\u00f6ldj\u00e9t megm\u0171velni, hogy Isten Szav\u00e1nak vet\u0151magja kikeljen, akkor m\u00e1r nagyon sokat tenn\u00e9nk k\u00f6rnyezet\u00fcnk\u00e9rt, s\u0151t az eg\u00e9sz Vil\u00e1gegyh\u00e1z\u00e9rt! Gyer\u00fcnk h\u00e1t!<\/p>\n<p>&nbsp;<\/p>\n<ol start=\"2\">\n<li>Az Egyh\u00e1z \u2013 olvashat\u00f3 t\u00f6bb helyt is az evang\u00e9liumokban \u2013 Krisztus Teste. Ezt m\u00e1r gyakran hallott\u00e1tok, tudom, de vajon tudj\u00e1tok-e, mit jelent konkr\u00e9tan? Azt jelenti, hogy J\u00e9zus Krisztus v\u00e9ghetetlen\u00fcl t\u00f6bb, mint egy t\u00f6rt\u00e9nelmi szem\u00e9lyis\u00e9g, akit j\u00f3l vagy rosszul megismerhet\u00fcnk r\u00e9gi k\u00f6nyvek \u00e9s pergamenek lapjair\u00f3l.<\/li>\n<\/ol>\n<p>&nbsp;<\/p>\n<p>Az Egyh\u00e1z Krisztus Teste! \u00c9s ez azt jelenti, hogy J\u00e9zus \u00e9l benne, J\u00e9zus vel\u00fcnk maradt a vil\u00e1g v\u00e9gezet\u00e9ig, ahogyan meg\u00edg\u00e9rte, \u00e9s hogy Egyh\u00e1z\u00e1ban folytatja m\u0171v\u00e9t. Mi vagyunk az \u0150 kezei, amelyek az embereket gondozz\u00e1k \u00e9s meg\u00e1ldj\u00e1k. Mi vagyunk az \u0150 sz\u00e1ja, amely az embereknek a mennyei Aty\u00e1r\u00f3l besz\u00e9l. Mi vagyunk az \u0150 szemei, amelyek nem z\u00e1rulnak be az emberek szenved\u00e9sei \u00e9s \u00f6r\u00f6mei el\u0151tt. Mi vagyunk az \u0150 sz\u00edve, amely minden megterheltnek \u00e9s megf\u00e1radottnak nyitva \u00e1ll. Mi vagyunk az \u0150 l\u00e1bai, amelyek a vil\u00e1g \u00fatjain j\u00e1rnak \u00e9s hirdetik minden embernek az \u00f6r\u00f6mh\u00edrt. Az Egyh\u00e1z \u2013 J\u00e9zus Krisztus m\u0171k\u00f6d\u00e9s\u00e9nek tov\u00e1bb folytat\u00e1sa \u2013 \u00e1ltalunk. Vagy ahogyan egy r\u00e9gi im\u00e1ds\u00e1g olyan sz\u00e9pen mondja:<\/p>\n<p>&nbsp;<\/p>\n<p><em>Krisztusnak nincs m\u00e1s keze, csak a mi\u00e9nk,<\/em><\/p>\n<p><em>\u00a0\u00a0 hogy m\u0171v\u00e9t v\u00e9grehajtsa.<\/em><\/p>\n<p><em>Krisztusnak nincs m\u00e1s l\u00e1ba, csak a mi\u00e9nk,<\/em><\/p>\n<p><em>\u00a0\u00a0 hogy az embereket Isten \u00fatj\u00e1n vezesse.<\/em><\/p>\n<p><em>Krisztusnak nincs m\u00e1s ajka, csak a mi\u00e9nk,<\/em><\/p>\n<p><em>\u00a0\u00a0 hogy az embereknek Istenr\u0151l besz\u00e9ljen.<\/em><\/p>\n<p><em>Nincs m\u00e1s seg\u00edts\u00e9ge, csak a mi\u00e9nk,<\/em><\/p>\n<p><em>\u00a0\u00a0 mely az embereket Istenhez seg\u00edti.<\/em><\/p>\n<p><em>Mi vagyunk az egyetlen Biblia,<\/em><\/p>\n<p><em>\u00a0\u00a0 melyet az emberis\u00e9g m\u00e9g olvas.<\/em><\/p>\n<p><em>Mi vagyunk Isten v\u00e9gs\u0151 \u00fczenete<\/em><\/p>\n<p><em>\u00a0\u00a0 sz\u00f3val \u00e9s tettekkel \u00edrva.<\/em><\/p>\n<p><em>\u00c9s ha az \u00edr\u00e1s hamis<\/em><\/p>\n<p><em>\u00a0\u00a0 vagy olvashatatlan?<\/em><\/p>\n<p><em>Ha kez\u00fcnk m\u00e1ssal foglalkozik,<\/em><\/p>\n<p><em>\u00a0\u00a0 mint az \u0150 dolgaival?<\/em><\/p>\n<p><em>Ha l\u00e1bunk oda visz,<\/em><\/p>\n<p><em>\u00a0\u00a0 ahov\u00e1 a gonosz vonz,<\/em><\/p>\n<p><em>ha ajkunk arr\u00f3l sz\u00f3l,<\/em><\/p>\n<p><em>\u00a0\u00a0 amit \u0150 elvetne?<\/em><\/p>\n<p><em>Azt hissz\u00fck, szolg\u00e1lhatunk neki<\/em><\/p>\n<p><em>\u00a0\u00a0 an\u00e9lk\u00fcl, hogy k\u00f6vetn\u00e9nk \u0150t?<\/em><\/p>\n<p>&nbsp;<\/p>\n<ol start=\"3\">\n<li>Van m\u00e9g egy harmadik k\u00e9p: az Egyh\u00e1z olyan, mint Sz\u0171z M\u00e1ria, vagyis Anya. \u00c9s ez nagyon sokat mond\u00f3.<\/li>\n<\/ol>\n<p>&nbsp;<\/p>\n<p>Az Egyh\u00e1z Anya \u2013 azaz nem hivatal, amelyben tisztvisel\u0151k a hitet osztogatj\u00e1k, kezelik, \u00e9s a polg\u00e1roknak sorba kell \u00e1llni a kiszolg\u00e1l\u00f3 pult el\u0151tt. Ha az Egyh\u00e1z hivatall\u00e1 alacsonyodna, akkor Krisztus el\u00edt\u00e9ln\u00e9 \u0151t&#8230;<\/p>\n<p>&nbsp;<\/p>\n<p>Az Egyh\u00e1z Anya \u2013 azaz nem \u00fczem, amelyben mindennek z\u00f6kken\u0151mentesen m\u0171k\u00f6dnie kell, \u00e9s amelyben az egy\u00e9n csak kis kerekecske a nagy g\u00e9pezetben. Ha az Egyh\u00e1z \u00f6nmag\u00e1t \u00fczemk\u00e9nt fogn\u00e1 fel, akkor Krisztus el\u00edt\u00e9ln\u00e9 \u0151t&#8230;<\/p>\n<p>&nbsp;<\/p>\n<p>Az Egyh\u00e1z Anya \u2013 azaz nem \u00fczlet, amelyben az el\u00e1rus\u00edt\u00f3k, mint piaci kof\u00e1k dics\u00e9rik port\u00e9k\u00e1jukat, \u00e9s a gazdas\u00e1gi konjunkt\u00fara szerint hol felviszik, hol meg leengedik az \u00e1rakat. Ha az Egyh\u00e1z ilyen akarna lenni, akkor Krisztus el\u00edt\u00e9ln\u00e9 \u0151t&#8230;<\/p>\n<p>&nbsp;<\/p>\n<p>Az Egyh\u00e1z Anya, aki gondoskodik gyermekeir\u0151l. \u00c9s hogyan gondoskodik egy anya a gyermekeir\u0151l? Vil\u00e1gra hozza, t\u00e1pl\u00e1lja, tiszt\u00e1n j\u00e1ratja, \u00f3vja \u00e9s v\u00e9di, neveli, dics\u00e9ri \u00e9s korholja, vigasztalja \u0151ket, \u00e9s besz\u00e9l neki az Aty\u00e1r\u00f3l, \u00fcnnepel vel\u00fck, \u00e9s \u00edgy tov\u00e1bb.<\/p>\n<p>&nbsp;<\/p>\n<p>Egy any\u00e1nak, aki \u00edgy gondoskodik gyermekeir\u0151l, kev\u00e9s id\u0151 jut mag\u00e1ra. Nem j\u00e1r a leg\u00fajabb divat szerint \u00e9s n\u00e9ha \u00f3sdinak t\u0171nik. \u00c9s ha a gyermekek m\u00e1r saj\u00e1t l\u00e1bukra \u00e1lltak, nem egyszer sz\u00e9gyellik magukat anyjuk \u201ekin\u00e9zete\u201d \u00e9s a \u201efatengelyes vil\u00e1gb\u00f3l ittmaradt\u201d v\u00e9lem\u00e9nye miatt. De mi ez? \u00c9n nem ismerek m\u00e9lyebb jelent\u00e9s\u0171 k\u00e9pet mint ez, \u00e9s nem is tudok a mi egyh\u00e1zk\u00f6zs\u00e9g\u00fcnknek jobbat elk\u00e9pzelni, mint ezt az \u201eanya-k\u00e9pet\u201d.<\/p>\n<p>&nbsp;<\/p>\n<p>Adja Isten, hogy a mi kis Egyh\u00e1zk\u00f6zs\u00e9g\u00fcnknek egyre ink\u00e1bb siker\u00fclj\u00f6n Isten sz\u00e1nt\u00f3f\u00f6ldj\u00e9v\u00e9, Krisztus Test\u00e9v\u00e9 \u00e9s Any\u00e1v\u00e1 v\u00e1lnia. Ehhez adja nek\u00fcnk Isten a seg\u00edts\u00e9g\u00e9t!<\/p>\n<p>&nbsp;<\/p>\n<p>Szeretettel<\/p>\n<p>&nbsp;<\/p>\n<p><em>Imre atya<\/em><\/p>\n<p><em>\u00a0<\/em><\/p>\n<p><em>Stuttgart, 2015-07-17.<\/em><\/p>\n","protected":false},"excerpt":{"rendered":"<p>Ahogyan \u00edgy visszan\u00e9zek az els\u0151 f\u00e9l\u00e9vi programokra, h\u00e1t bizony mozgalmas id\u0151szak volt. Egyeseknek tal\u00e1n m\u00e9g t\u00fal mozgalmas is. Szinte minden vas\u00e1rnap tal\u00e1lkoztunk a templomban. Kezd\u0151d\u00f6tt janu\u00e1rban V\u00edzkeresztkor, azt\u00e1n k\u00f6vetkezett a Gyertyaszentel\u0151, majd a Stuttgarti Csendes Napok, azt\u00e1n H\u00fasv\u00e9t, J\u00f3t\u00e9konys\u00e1gi Baz\u00e1r, Any\u00e1k Napi koncert, Magyar \u00d6sszefog\u00e1s Vas\u00e1rnapja, Csal\u00e1di Nap, Nagy- \u00e9s Kis-zar\u00e1ndoklat, \u00e9s m\u00e9g sorolhatn\u00e1m napestig. Nem is besz\u00e9lve arr\u00f3l, hogy p\u00e9ntek est\u00e9nk\u00e9nt r\u00f3zsaf\u0171z\u00e9r\u00e1jtatoss\u00e1g, P\u00e9nteki Egyetem, Ima- \u00e9s Bibliak\u00f6r, Bar\u00e1ts\u00e1g- \u00e9s Sportklub&#8230; &nbsp; Megvallom \u0151szint\u00e9n, nekem a vas\u00e1rnapi tal\u00e1lkoz\u00e1sok tetszenek a legjobban. Nemcsak az\u00e9rt, mert rengeteg ismer\u0151ssel tal\u00e1lkozhatom \u00e9s besz\u00e9lgethetek \u00fajra, de az\u00e9rt is, mert ezek a szentmis\u00e9k \u00e9s ut\u00e1na az \u00e1g\u00e1p\u00e9k egyre m\u00e9lyebben tudatos\u00edtj\u00e1k bennem: egy\u00fcv\u00e9 tartozunk! Mi vagyunk a Szent Gell\u00e9rt Katolikus Magyar Egyh\u00e1zk\u00f6zs\u00e9g tagjai. K\u00f6z\u00f6ss\u00e9g\u00fcnk \u00f6regb\u0151l \u00e9s fiatalb\u00f3l, f\u00e9rfib\u00f3l \u00e9s n\u0151b\u0151l, feln\u0151ttb\u0151l \u00e9s gyermekb\u0151l, elk\u00f6telezettb\u0151l \u00e9s t\u00e1vols\u00e1gtart\u00f3b\u00f3l, laikusb\u00f3l \u00e9s papokb\u00f3l \u00e1ll. Odahaza egy pl\u00e9b\u00e1nia (pl. egy budapesti vagy egy cs\u00edkszeredai) t\u00f6bbsz\u00f6r\u00f6sen meghaladja a sz\u00e1munkat. De m\u00e9gis: mi is r\u00e9sze vagyunk a vil\u00e1gegyh\u00e1znak. Ha csak egy apr\u00f3 kis k\u00f6vecske vagyunk a nagy mozaikk\u00e9pben, ha csak egy jelent\u00e9ktelen kis sz\u00ednfolt a gy\u00f6ny\u00f6r\u0171 sz\u0151nyegen, ha csak egy apr\u00f3 kis \u00e1gacska a Vil\u00e1gegyh\u00e1z nagy f\u00e1j\u00e1n, de m\u00e9gis annak alkot\u00f3 r\u00e9sze vagyunk! &nbsp; Igen, ebben a kis, apr\u00f3, eleny\u00e9sz\u0151 r\u00e9szben jelen van a nagy Eg\u00e9sz. Itt, k\u00f6zt\u00fcnk, benn\u00fcnk jelen van a nagy Egyh\u00e1z. Itt, k\u00f6zt\u00fcnk jelen van Isten Szava, itt is megt\u00f6retik J\u00e9zus Teste, itt is egym\u00e1snak ny\u00fajtjuk V\u00e9r\u00e9nek Kelyh\u00e9t. Itt, k\u00f6zt\u00fcnk \u00e9s \u00e1ltalunk folytatja J\u00e9zus \u00fcdv\u00f6ss\u00e9gszerz\u0151 \u00e9s megszentel\u0151 m\u0171v\u00e9t. Mi vagyunk a helyi Egyh\u00e1z! Mi vagyunk a Stuttgarti Magyar Katolikus Egyh\u00e1z! &nbsp; De l\u00e1ssuk, hogy mi is az Egyh\u00e1z? Most nem a nagy teol\u00f3giai \u00e9s dogmatikai meghat\u00e1roz\u00e1sokra gondolok, hanem azokra a v\u00e1laszokra, amelyeket az evang\u00e9liumban tal\u00e1lunk. Helyesebben nem is annyira szavakra, mint ink\u00e1bb k\u00e9pekre, amelyek egym\u00e1st k\u00f6lcs\u00f6n\u00f6sen kieg\u00e9sz\u00edtik. Most h\u00e1rom jut eszembe, l\u00e1ssuk ezeket! &nbsp; Az Egyh\u00e1z \u2013 mondja az evang\u00e9lium \u2013&#8230; <\/p>\n<p><a class=\"readmore\" href=\"https:\/\/stuttgarti-katolikusok.de\/index.php\/kik-is-vagyunk\/\">R\u00e9szletek<\/a><\/p>\n","protected":false},"author":3,"featured_media":0,"comment_status":"closed","ping_status":"closed","sticky":false,"template":"","format":"standard","meta":{"footnotes":""},"categories":[24],"tags":[],"class_list":["post-8331","post","type-post","status-publish","format-standard","hentry","category-gondolatok"],"yoast_head":"<!-- This site is optimized with the Yoast SEO plugin v27.3 - https:\/\/yoast.com\/product\/yoast-seo-wordpress\/ -->\n<title>Kik is vagyunk? - Stuttgarti Katolikusok<\/title>\n<meta name=\"robots\" content=\"index, follow, max-snippet:-1, max-image-preview:large, max-video-preview:-1\" \/>\n<link rel=\"canonical\" href=\"https:\/\/stuttgarti-katolikusok.de\/index.php\/kik-is-vagyunk\/\" \/>\n<meta property=\"og:locale\" content=\"hu_HU\" \/>\n<meta property=\"og:type\" content=\"article\" \/>\n<meta property=\"og:title\" content=\"Kik is vagyunk? - Stuttgarti Katolikusok\" \/>\n<meta property=\"og:description\" content=\"Ahogyan \u00edgy visszan\u00e9zek az els\u0151 f\u00e9l\u00e9vi programokra, h\u00e1t bizony mozgalmas id\u0151szak volt. Egyeseknek tal\u00e1n m\u00e9g t\u00fal mozgalmas is. Szinte minden vas\u00e1rnap tal\u00e1lkoztunk a templomban. Kezd\u0151d\u00f6tt janu\u00e1rban V\u00edzkeresztkor, azt\u00e1n k\u00f6vetkezett a Gyertyaszentel\u0151, majd a Stuttgarti Csendes Napok, azt\u00e1n H\u00fasv\u00e9t, J\u00f3t\u00e9konys\u00e1gi Baz\u00e1r, Any\u00e1k Napi koncert, Magyar \u00d6sszefog\u00e1s Vas\u00e1rnapja, Csal\u00e1di Nap, Nagy- \u00e9s Kis-zar\u00e1ndoklat, \u00e9s m\u00e9g sorolhatn\u00e1m napestig. Nem is besz\u00e9lve arr\u00f3l, hogy p\u00e9ntek est\u00e9nk\u00e9nt r\u00f3zsaf\u0171z\u00e9r\u00e1jtatoss\u00e1g, P\u00e9nteki Egyetem, Ima- \u00e9s Bibliak\u00f6r, Bar\u00e1ts\u00e1g- \u00e9s Sportklub&#8230; &nbsp; Megvallom \u0151szint\u00e9n, nekem a vas\u00e1rnapi tal\u00e1lkoz\u00e1sok tetszenek a legjobban. Nemcsak az\u00e9rt, mert rengeteg ismer\u0151ssel tal\u00e1lkozhatom \u00e9s besz\u00e9lgethetek \u00fajra, de az\u00e9rt is, mert ezek a szentmis\u00e9k \u00e9s ut\u00e1na az \u00e1g\u00e1p\u00e9k egyre m\u00e9lyebben tudatos\u00edtj\u00e1k bennem: egy\u00fcv\u00e9 tartozunk! Mi vagyunk a Szent Gell\u00e9rt Katolikus Magyar Egyh\u00e1zk\u00f6zs\u00e9g tagjai. K\u00f6z\u00f6ss\u00e9g\u00fcnk \u00f6regb\u0151l \u00e9s fiatalb\u00f3l, f\u00e9rfib\u00f3l \u00e9s n\u0151b\u0151l, feln\u0151ttb\u0151l \u00e9s gyermekb\u0151l, elk\u00f6telezettb\u0151l \u00e9s t\u00e1vols\u00e1gtart\u00f3b\u00f3l, laikusb\u00f3l \u00e9s papokb\u00f3l \u00e1ll. Odahaza egy pl\u00e9b\u00e1nia (pl. egy budapesti vagy egy cs\u00edkszeredai) t\u00f6bbsz\u00f6r\u00f6sen meghaladja a sz\u00e1munkat. De m\u00e9gis: mi is r\u00e9sze vagyunk a vil\u00e1gegyh\u00e1znak. Ha csak egy apr\u00f3 kis k\u00f6vecske vagyunk a nagy mozaikk\u00e9pben, ha csak egy jelent\u00e9ktelen kis sz\u00ednfolt a gy\u00f6ny\u00f6r\u0171 sz\u0151nyegen, ha csak egy apr\u00f3 kis \u00e1gacska a Vil\u00e1gegyh\u00e1z nagy f\u00e1j\u00e1n, de m\u00e9gis annak alkot\u00f3 r\u00e9sze vagyunk! &nbsp; Igen, ebben a kis, apr\u00f3, eleny\u00e9sz\u0151 r\u00e9szben jelen van a nagy Eg\u00e9sz. Itt, k\u00f6zt\u00fcnk, benn\u00fcnk jelen van a nagy Egyh\u00e1z. Itt, k\u00f6zt\u00fcnk jelen van Isten Szava, itt is megt\u00f6retik J\u00e9zus Teste, itt is egym\u00e1snak ny\u00fajtjuk V\u00e9r\u00e9nek Kelyh\u00e9t. Itt, k\u00f6zt\u00fcnk \u00e9s \u00e1ltalunk folytatja J\u00e9zus \u00fcdv\u00f6ss\u00e9gszerz\u0151 \u00e9s megszentel\u0151 m\u0171v\u00e9t. Mi vagyunk a helyi Egyh\u00e1z! Mi vagyunk a Stuttgarti Magyar Katolikus Egyh\u00e1z! &nbsp; De l\u00e1ssuk, hogy mi is az Egyh\u00e1z? Most nem a nagy teol\u00f3giai \u00e9s dogmatikai meghat\u00e1roz\u00e1sokra gondolok, hanem azokra a v\u00e1laszokra, amelyeket az evang\u00e9liumban tal\u00e1lunk. Helyesebben nem is annyira szavakra, mint ink\u00e1bb k\u00e9pekre, amelyek egym\u00e1st k\u00f6lcs\u00f6n\u00f6sen kieg\u00e9sz\u00edtik. Most h\u00e1rom jut eszembe, l\u00e1ssuk ezeket! &nbsp; Az Egyh\u00e1z \u2013 mondja az evang\u00e9lium \u2013... R\u00e9szletek\" \/>\n<meta property=\"og:url\" content=\"https:\/\/stuttgarti-katolikusok.de\/index.php\/kik-is-vagyunk\/\" \/>\n<meta property=\"og:site_name\" content=\"Stuttgarti Katolikusok\" \/>\n<meta property=\"article:published_time\" content=\"2015-07-17T20:43:10+00:00\" \/>\n<meta property=\"article:modified_time\" content=\"2015-12-15T21:23:32+00:00\" \/>\n<meta name=\"author\" content=\"Tibor atya\" \/>\n<meta name=\"twitter:card\" content=\"summary_large_image\" \/>\n<meta name=\"twitter:label1\" content=\"Szerz\u0151:\" \/>\n\t<meta name=\"twitter:data1\" content=\"Tibor atya\" \/>\n\t<meta name=\"twitter:label2\" content=\"Becs\u00fclt olvas\u00e1si id\u0151\" \/>\n\t<meta name=\"twitter:data2\" content=\"7 perc\" \/>\n<script type=\"application\/ld+json\" class=\"yoast-schema-graph\">{\"@context\":\"https:\\\/\\\/schema.org\",\"@graph\":[{\"@type\":\"Article\",\"@id\":\"https:\\\/\\\/stuttgarti-katolikusok.de\\\/index.php\\\/kik-is-vagyunk\\\/#article\",\"isPartOf\":{\"@id\":\"https:\\\/\\\/stuttgarti-katolikusok.de\\\/index.php\\\/kik-is-vagyunk\\\/\"},\"author\":{\"name\":\"Tibor atya\",\"@id\":\"https:\\\/\\\/stuttgarti-katolikusok.de\\\/#\\\/schema\\\/person\\\/75908d6f8fdc03a57889d27209df7795\"},\"headline\":\"Kik is vagyunk?\",\"datePublished\":\"2015-07-17T20:43:10+00:00\",\"dateModified\":\"2015-12-15T21:23:32+00:00\",\"mainEntityOfPage\":{\"@id\":\"https:\\\/\\\/stuttgarti-katolikusok.de\\\/index.php\\\/kik-is-vagyunk\\\/\"},\"wordCount\":1425,\"articleSection\":[\"Gondolatok\"],\"inLanguage\":\"hu\"},{\"@type\":\"WebPage\",\"@id\":\"https:\\\/\\\/stuttgarti-katolikusok.de\\\/index.php\\\/kik-is-vagyunk\\\/\",\"url\":\"https:\\\/\\\/stuttgarti-katolikusok.de\\\/index.php\\\/kik-is-vagyunk\\\/\",\"name\":\"Kik is vagyunk? - Stuttgarti Katolikusok\",\"isPartOf\":{\"@id\":\"https:\\\/\\\/stuttgarti-katolikusok.de\\\/#website\"},\"datePublished\":\"2015-07-17T20:43:10+00:00\",\"dateModified\":\"2015-12-15T21:23:32+00:00\",\"author\":{\"@id\":\"https:\\\/\\\/stuttgarti-katolikusok.de\\\/#\\\/schema\\\/person\\\/75908d6f8fdc03a57889d27209df7795\"},\"breadcrumb\":{\"@id\":\"https:\\\/\\\/stuttgarti-katolikusok.de\\\/index.php\\\/kik-is-vagyunk\\\/#breadcrumb\"},\"inLanguage\":\"hu\",\"potentialAction\":[{\"@type\":\"ReadAction\",\"target\":[\"https:\\\/\\\/stuttgarti-katolikusok.de\\\/index.php\\\/kik-is-vagyunk\\\/\"]}]},{\"@type\":\"BreadcrumbList\",\"@id\":\"https:\\\/\\\/stuttgarti-katolikusok.de\\\/index.php\\\/kik-is-vagyunk\\\/#breadcrumb\",\"itemListElement\":[{\"@type\":\"ListItem\",\"position\":1,\"name\":\"Kezd\u0151lap\",\"item\":\"https:\\\/\\\/stuttgarti-katolikusok.de\\\/\"},{\"@type\":\"ListItem\",\"position\":2,\"name\":\"Kik is vagyunk?\"}]},{\"@type\":\"WebSite\",\"@id\":\"https:\\\/\\\/stuttgarti-katolikusok.de\\\/#website\",\"url\":\"https:\\\/\\\/stuttgarti-katolikusok.de\\\/\",\"name\":\"Stuttgarti Katolikusok\",\"description\":\"\",\"potentialAction\":[{\"@type\":\"SearchAction\",\"target\":{\"@type\":\"EntryPoint\",\"urlTemplate\":\"https:\\\/\\\/stuttgarti-katolikusok.de\\\/?s={search_term_string}\"},\"query-input\":{\"@type\":\"PropertyValueSpecification\",\"valueRequired\":true,\"valueName\":\"search_term_string\"}}],\"inLanguage\":\"hu\"},{\"@type\":\"Person\",\"@id\":\"https:\\\/\\\/stuttgarti-katolikusok.de\\\/#\\\/schema\\\/person\\\/75908d6f8fdc03a57889d27209df7795\",\"name\":\"Tibor atya\",\"image\":{\"@type\":\"ImageObject\",\"inLanguage\":\"hu\",\"@id\":\"https:\\\/\\\/secure.gravatar.com\\\/avatar\\\/61d268e57d1f4525b111222e29d2d5a7f8c420fdbf231ba5566a8ceac74fa960?s=96&d=mm&r=g\",\"url\":\"https:\\\/\\\/secure.gravatar.com\\\/avatar\\\/61d268e57d1f4525b111222e29d2d5a7f8c420fdbf231ba5566a8ceac74fa960?s=96&d=mm&r=g\",\"contentUrl\":\"https:\\\/\\\/secure.gravatar.com\\\/avatar\\\/61d268e57d1f4525b111222e29d2d5a7f8c420fdbf231ba5566a8ceac74fa960?s=96&d=mm&r=g\",\"caption\":\"Tibor atya\"},\"url\":\"https:\\\/\\\/stuttgarti-katolikusok.de\\\/index.php\\\/author\\\/tibor-atya\\\/\"}]}<\/script>\n<!-- \/ Yoast SEO plugin. -->","yoast_head_json":{"title":"Kik is vagyunk? - Stuttgarti Katolikusok","robots":{"index":"index","follow":"follow","max-snippet":"max-snippet:-1","max-image-preview":"max-image-preview:large","max-video-preview":"max-video-preview:-1"},"canonical":"https:\/\/stuttgarti-katolikusok.de\/index.php\/kik-is-vagyunk\/","og_locale":"hu_HU","og_type":"article","og_title":"Kik is vagyunk? - Stuttgarti Katolikusok","og_description":"Ahogyan \u00edgy visszan\u00e9zek az els\u0151 f\u00e9l\u00e9vi programokra, h\u00e1t bizony mozgalmas id\u0151szak volt. Egyeseknek tal\u00e1n m\u00e9g t\u00fal mozgalmas is. Szinte minden vas\u00e1rnap tal\u00e1lkoztunk a templomban. Kezd\u0151d\u00f6tt janu\u00e1rban V\u00edzkeresztkor, azt\u00e1n k\u00f6vetkezett a Gyertyaszentel\u0151, majd a Stuttgarti Csendes Napok, azt\u00e1n H\u00fasv\u00e9t, J\u00f3t\u00e9konys\u00e1gi Baz\u00e1r, Any\u00e1k Napi koncert, Magyar \u00d6sszefog\u00e1s Vas\u00e1rnapja, Csal\u00e1di Nap, Nagy- \u00e9s Kis-zar\u00e1ndoklat, \u00e9s m\u00e9g sorolhatn\u00e1m napestig. Nem is besz\u00e9lve arr\u00f3l, hogy p\u00e9ntek est\u00e9nk\u00e9nt r\u00f3zsaf\u0171z\u00e9r\u00e1jtatoss\u00e1g, P\u00e9nteki Egyetem, Ima- \u00e9s Bibliak\u00f6r, Bar\u00e1ts\u00e1g- \u00e9s Sportklub&#8230; &nbsp; Megvallom \u0151szint\u00e9n, nekem a vas\u00e1rnapi tal\u00e1lkoz\u00e1sok tetszenek a legjobban. Nemcsak az\u00e9rt, mert rengeteg ismer\u0151ssel tal\u00e1lkozhatom \u00e9s besz\u00e9lgethetek \u00fajra, de az\u00e9rt is, mert ezek a szentmis\u00e9k \u00e9s ut\u00e1na az \u00e1g\u00e1p\u00e9k egyre m\u00e9lyebben tudatos\u00edtj\u00e1k bennem: egy\u00fcv\u00e9 tartozunk! Mi vagyunk a Szent Gell\u00e9rt Katolikus Magyar Egyh\u00e1zk\u00f6zs\u00e9g tagjai. K\u00f6z\u00f6ss\u00e9g\u00fcnk \u00f6regb\u0151l \u00e9s fiatalb\u00f3l, f\u00e9rfib\u00f3l \u00e9s n\u0151b\u0151l, feln\u0151ttb\u0151l \u00e9s gyermekb\u0151l, elk\u00f6telezettb\u0151l \u00e9s t\u00e1vols\u00e1gtart\u00f3b\u00f3l, laikusb\u00f3l \u00e9s papokb\u00f3l \u00e1ll. Odahaza egy pl\u00e9b\u00e1nia (pl. egy budapesti vagy egy cs\u00edkszeredai) t\u00f6bbsz\u00f6r\u00f6sen meghaladja a sz\u00e1munkat. De m\u00e9gis: mi is r\u00e9sze vagyunk a vil\u00e1gegyh\u00e1znak. Ha csak egy apr\u00f3 kis k\u00f6vecske vagyunk a nagy mozaikk\u00e9pben, ha csak egy jelent\u00e9ktelen kis sz\u00ednfolt a gy\u00f6ny\u00f6r\u0171 sz\u0151nyegen, ha csak egy apr\u00f3 kis \u00e1gacska a Vil\u00e1gegyh\u00e1z nagy f\u00e1j\u00e1n, de m\u00e9gis annak alkot\u00f3 r\u00e9sze vagyunk! &nbsp; Igen, ebben a kis, apr\u00f3, eleny\u00e9sz\u0151 r\u00e9szben jelen van a nagy Eg\u00e9sz. Itt, k\u00f6zt\u00fcnk, benn\u00fcnk jelen van a nagy Egyh\u00e1z. Itt, k\u00f6zt\u00fcnk jelen van Isten Szava, itt is megt\u00f6retik J\u00e9zus Teste, itt is egym\u00e1snak ny\u00fajtjuk V\u00e9r\u00e9nek Kelyh\u00e9t. Itt, k\u00f6zt\u00fcnk \u00e9s \u00e1ltalunk folytatja J\u00e9zus \u00fcdv\u00f6ss\u00e9gszerz\u0151 \u00e9s megszentel\u0151 m\u0171v\u00e9t. Mi vagyunk a helyi Egyh\u00e1z! Mi vagyunk a Stuttgarti Magyar Katolikus Egyh\u00e1z! &nbsp; De l\u00e1ssuk, hogy mi is az Egyh\u00e1z? Most nem a nagy teol\u00f3giai \u00e9s dogmatikai meghat\u00e1roz\u00e1sokra gondolok, hanem azokra a v\u00e1laszokra, amelyeket az evang\u00e9liumban tal\u00e1lunk. Helyesebben nem is annyira szavakra, mint ink\u00e1bb k\u00e9pekre, amelyek egym\u00e1st k\u00f6lcs\u00f6n\u00f6sen kieg\u00e9sz\u00edtik. Most h\u00e1rom jut eszembe, l\u00e1ssuk ezeket! &nbsp; Az Egyh\u00e1z \u2013 mondja az evang\u00e9lium \u2013... R\u00e9szletek","og_url":"https:\/\/stuttgarti-katolikusok.de\/index.php\/kik-is-vagyunk\/","og_site_name":"Stuttgarti Katolikusok","article_published_time":"2015-07-17T20:43:10+00:00","article_modified_time":"2015-12-15T21:23:32+00:00","author":"Tibor atya","twitter_card":"summary_large_image","twitter_misc":{"Szerz\u0151:":"Tibor atya","Becs\u00fclt olvas\u00e1si id\u0151":"7 perc"},"schema":{"@context":"https:\/\/schema.org","@graph":[{"@type":"Article","@id":"https:\/\/stuttgarti-katolikusok.de\/index.php\/kik-is-vagyunk\/#article","isPartOf":{"@id":"https:\/\/stuttgarti-katolikusok.de\/index.php\/kik-is-vagyunk\/"},"author":{"name":"Tibor atya","@id":"https:\/\/stuttgarti-katolikusok.de\/#\/schema\/person\/75908d6f8fdc03a57889d27209df7795"},"headline":"Kik is vagyunk?","datePublished":"2015-07-17T20:43:10+00:00","dateModified":"2015-12-15T21:23:32+00:00","mainEntityOfPage":{"@id":"https:\/\/stuttgarti-katolikusok.de\/index.php\/kik-is-vagyunk\/"},"wordCount":1425,"articleSection":["Gondolatok"],"inLanguage":"hu"},{"@type":"WebPage","@id":"https:\/\/stuttgarti-katolikusok.de\/index.php\/kik-is-vagyunk\/","url":"https:\/\/stuttgarti-katolikusok.de\/index.php\/kik-is-vagyunk\/","name":"Kik is vagyunk? - Stuttgarti Katolikusok","isPartOf":{"@id":"https:\/\/stuttgarti-katolikusok.de\/#website"},"datePublished":"2015-07-17T20:43:10+00:00","dateModified":"2015-12-15T21:23:32+00:00","author":{"@id":"https:\/\/stuttgarti-katolikusok.de\/#\/schema\/person\/75908d6f8fdc03a57889d27209df7795"},"breadcrumb":{"@id":"https:\/\/stuttgarti-katolikusok.de\/index.php\/kik-is-vagyunk\/#breadcrumb"},"inLanguage":"hu","potentialAction":[{"@type":"ReadAction","target":["https:\/\/stuttgarti-katolikusok.de\/index.php\/kik-is-vagyunk\/"]}]},{"@type":"BreadcrumbList","@id":"https:\/\/stuttgarti-katolikusok.de\/index.php\/kik-is-vagyunk\/#breadcrumb","itemListElement":[{"@type":"ListItem","position":1,"name":"Kezd\u0151lap","item":"https:\/\/stuttgarti-katolikusok.de\/"},{"@type":"ListItem","position":2,"name":"Kik is vagyunk?"}]},{"@type":"WebSite","@id":"https:\/\/stuttgarti-katolikusok.de\/#website","url":"https:\/\/stuttgarti-katolikusok.de\/","name":"Stuttgarti Katolikusok","description":"","potentialAction":[{"@type":"SearchAction","target":{"@type":"EntryPoint","urlTemplate":"https:\/\/stuttgarti-katolikusok.de\/?s={search_term_string}"},"query-input":{"@type":"PropertyValueSpecification","valueRequired":true,"valueName":"search_term_string"}}],"inLanguage":"hu"},{"@type":"Person","@id":"https:\/\/stuttgarti-katolikusok.de\/#\/schema\/person\/75908d6f8fdc03a57889d27209df7795","name":"Tibor atya","image":{"@type":"ImageObject","inLanguage":"hu","@id":"https:\/\/secure.gravatar.com\/avatar\/61d268e57d1f4525b111222e29d2d5a7f8c420fdbf231ba5566a8ceac74fa960?s=96&d=mm&r=g","url":"https:\/\/secure.gravatar.com\/avatar\/61d268e57d1f4525b111222e29d2d5a7f8c420fdbf231ba5566a8ceac74fa960?s=96&d=mm&r=g","contentUrl":"https:\/\/secure.gravatar.com\/avatar\/61d268e57d1f4525b111222e29d2d5a7f8c420fdbf231ba5566a8ceac74fa960?s=96&d=mm&r=g","caption":"Tibor atya"},"url":"https:\/\/stuttgarti-katolikusok.de\/index.php\/author\/tibor-atya\/"}]}},"_links":{"self":[{"href":"https:\/\/stuttgarti-katolikusok.de\/index.php\/wp-json\/wp\/v2\/posts\/8331","targetHints":{"allow":["GET"]}}],"collection":[{"href":"https:\/\/stuttgarti-katolikusok.de\/index.php\/wp-json\/wp\/v2\/posts"}],"about":[{"href":"https:\/\/stuttgarti-katolikusok.de\/index.php\/wp-json\/wp\/v2\/types\/post"}],"author":[{"embeddable":true,"href":"https:\/\/stuttgarti-katolikusok.de\/index.php\/wp-json\/wp\/v2\/users\/3"}],"replies":[{"embeddable":true,"href":"https:\/\/stuttgarti-katolikusok.de\/index.php\/wp-json\/wp\/v2\/comments?post=8331"}],"version-history":[{"count":2,"href":"https:\/\/stuttgarti-katolikusok.de\/index.php\/wp-json\/wp\/v2\/posts\/8331\/revisions"}],"predecessor-version":[{"id":8333,"href":"https:\/\/stuttgarti-katolikusok.de\/index.php\/wp-json\/wp\/v2\/posts\/8331\/revisions\/8333"}],"wp:attachment":[{"href":"https:\/\/stuttgarti-katolikusok.de\/index.php\/wp-json\/wp\/v2\/media?parent=8331"}],"wp:term":[{"taxonomy":"category","embeddable":true,"href":"https:\/\/stuttgarti-katolikusok.de\/index.php\/wp-json\/wp\/v2\/categories?post=8331"},{"taxonomy":"post_tag","embeddable":true,"href":"https:\/\/stuttgarti-katolikusok.de\/index.php\/wp-json\/wp\/v2\/tags?post=8331"}],"curies":[{"name":"wp","href":"https:\/\/api.w.org\/{rel}","templated":true}]}}