{"id":8129,"date":"2015-09-10T20:46:07","date_gmt":"2015-09-10T20:46:07","guid":{"rendered":"https:\/\/gracious-dewdney.138-201-221-2.plesk.page\/?p=8129"},"modified":"2015-12-10T20:47:01","modified_gmt":"2015-12-10T20:47:01","slug":"visszaemlekezes-bibliakor-a-biblia-olvasasarol","status":"publish","type":"post","link":"https:\/\/stuttgarti-katolikusok.de\/index.php\/visszaemlekezes-bibliakor-a-biblia-olvasasarol\/","title":{"rendered":"Visszaeml\u00e9kez\u00e9s: Bibliak\u00f6r a Biblia-olvas\u00e1s\u00e1r\u00f3l"},"content":{"rendered":"<p>Majnek Antal p\u00fcsp\u00f6k atya volt a vend\u00e9g\u00fcnk. Egy r\u00e9szt vend\u00e9g\u00fcnk, m\u00e1sr\u00e9szt pedig el\u0151ad\u00f3, elbesz\u00e9l\u0151.<\/p>\n<p>&nbsp;<\/p>\n<p>M\u00e1r el\u00e9g r\u00e9g\u00f3ta foglalkoztat az a gondolat: hogy is a legjobb elkezdeni a Bibli\u00e1t olvasni. A t\u00e9ma meghall\u00e1s\u00e1ra nagyon meg\u00f6rvendtem, mert biztos voltam abban hogy j\u00f3 tippeket fog majd a p\u00fcsp\u00f6k atya adni. Ezzel kapcsolatosan egy p\u00e1r gondolatot szeretn\u00e9k megosztani.<\/p>\n<p>&nbsp;<\/p>\n<p>\u00c9n \u00fagy vagyok ezzel, hogy nagy lend\u00fclettel neki fogok, de amikor az \u201eunalmas\u201c r\u00e9szekhez \u00e9rek, el\u00e9g hamar abbahagyom. Mint ahogy mindannyian tudjuk a Biblia t\u00f6bb k\u00f6nyvb\u0151l \u00e1ll \u00e9s nem mindig \u201ek\u00f6nnyen olvashat\u00f3\u201c t\u00f6rt\u00e9netekkel tal\u00e1lkozunk.<\/p>\n<p>&nbsp;<\/p>\n<p>Az egyh\u00e1z azt tan\u00edtja, hogy a Biblia Isten sugalm\u00e1ra \u00edrott k\u00f6nyv, ami megmutatja Isten ir\u00e1ntunk val\u00f3 szeretet\u00e9t, \u00e9s az utat az \u00fcdv\u00f6ss\u00e9g fel\u00e9. De mi egyszer\u0171 emberek ezt vajon fel tudjuk-e fogni? Vagy egyalt\u00e1lan meg\u00e9rtj\u00fck Isten szav\u00e1t?<\/p>\n<p>&nbsp;<\/p>\n<p>A p\u00fcsp\u00f6k atya arra buzd\u00edtott, hogy fejezetenk\u00e9nt olvassuk, vegy\u00fcnk id\u0151t magunknak, godolkozzunk el az olvasottakon, besz\u00e9lj\u00fcnk a papb\u00e1csival\/lelkiaty\u00e1val, h\u00fazzuk al\u00e1 a Bibli\u00e1ban azokat a mondatokat, szavakat amik abban a percben valamit mondtak. A Biblia helyes \u00e9rtelmez\u00e9se nem egyszer\u0171, ez\u00e9rt aj\u00e1nlatos megfelel\u0151 k\u00f6nyveket, lexikonokat el\u0151szerezni, de, m\u00e9g jobb, \u201eprofi\u201c emberekn\u00e9l r\u00e1k\u00e9rdezni.<\/p>\n<p>&nbsp;<\/p>\n<p>Mi\u00e9rt \u00e9rdemes a Bibli\u00e1t olvasni? Ezzel kapcsolatosan olvastam egy t\u00f6rt\u00e9netet amit megszeretn\u00e9k osztani: \u201eA t\u00f6rt\u00e9net egy \u00f6regemberr\u0151l sz\u00f3l, aki Kentucky hegyei k\u00f6zt \u00e9lt fiatal unok\u00e1j\u00e1val.<br \/>\nMinden reggel a nagyapa kor\u00e1n kint \u00fclt a konyh\u00e1ban, \u00e9s olvasta r\u00e9gi, megviselt Bibli\u00e1j\u00e1t. Az unok\u00e1ja, aki ugyanolyan szeretett volna lenni, mint \u0151, mindenben ut\u00e1nozni igyekezett a nagyapj\u00e1t. Egyik nap megk\u00e9rdezte, \u201ePapa, \u00e9n is pr\u00f3b\u00e1lom olvasni a Bibli\u00e1t \u00fagy, mint te, de nem \u00e9rtem azt, \u00e9s amit \u00e9rtek, azt is elfelejtem, amint becsukom. Mire j\u00f3 a bibliaolvas\u00e1s?\u201d A nagyapa, aki k\u00f6zben szenet tett a t\u0171zre, csendesen odafordult hozz\u00e1, \u00e9s azt mondta: \u201eFogd meg ezt a szeneskosarat, menj le a foly\u00f3hoz, \u00e9s hozz egy kos\u00e1r vizet!\u201d A fi\u00fa \u00fagy tett, ahogy mondt\u00e1k neki, b\u00e1r az \u00f6sszes v\u00edz kicsurgott a kos\u00e1rb\u00f3l, miel\u0151tt vissza\u00e9rt volna a h\u00e1zhoz. A nagyapa nevetett, \u00e9s azt mondta: \u201eA k\u00f6vetkez\u0151 alkalommal egy kicsit jobban szedd a l\u00e1bad!\u201d, \u00e9s visszak\u00fcldte azzal, hogy pr\u00f3b\u00e1lja \u00fajra. Ez\u00fattal a fi\u00fa gyorsan futott, de a kos\u00e1r csak \u00fcres volt, mire haza\u00e9rt. A szuszb\u00f3l kifogyva mondta nagyapj\u00e1nak, hogy lehetetlen a kos\u00e1rban vizet hozni, \u00e9s elindult, hogy v\u00f6dr\u00f6t ker\u00edtsen a kos\u00e1r helyett. Az \u00f6regember ezt mondta, \u201eNem akarom, hogy v\u00f6d\u00f6rrel hozd a vizet; \u00e9n egy kos\u00e1r vizet k\u00e9rek. Meg tudod te azt csin\u00e1lni, csak nem igyekszel el\u00e9gg\u00e9\u201d, ezzel el is indult, nyilv\u00e1nval\u00f3an azzal a sz\u00e1nd\u00e9kkal, hogy megn\u00e9zi, hogyan siker\u00fcl a k\u00f6vetkez\u0151 fordul\u00f3. B\u00e1r a fi\u00fa tudta, hogy lehetetlen, most m\u00e1r csak az\u00e9rt t\u00f6rte mag\u00e1t, hogy l\u00e1ssa a nagyapja az igyekezet\u00e9t. Megmer\u00edtette a kosarat, \u00e9s futott, ahogy csak t\u0151le telt. Term\u00e9szetesen sokkal azel\u0151tt, hogy el\u00e9rte volna a nagyapj\u00e1t, a kos\u00e1r m\u00e1r \u00fcres volt. Alig b\u00edrt besz\u00e9lni: \u201eL\u00e1tod, papa, nincs \u00e9rtelme, ugye te is \u00edgy gondolod?\u201d. Az \u00f6regember azt mondta: \u201eN\u00e9zd meg a kosarat!\u201d A fi\u00fa r\u00e1n\u00e9zett, \u00e9s a kos\u00e1r m\u00e1smilyen volt. A r\u00e9gi, piszkos szeneskos\u00e1r helyett egy tiszta kos\u00e1r volt. \u201eFiam, ez t\u00f6rt\u00e9nik akkor is, amikor a Bibli\u00e1t olvasod. Lehet, hogy nem \u00e9rted, vagy nem eml\u00e9kszel mindenre, de amikor olvasod, az k\u00edv\u00fcl-bel\u00fcl megv\u00e1ltoztat. Ez Isten munk\u00e1ja az \u00e9let\u00fcnkben. Ez az, amit csak Isten tud elv\u00e9gezni, \u00e1talak\u00edtani benn\u00fcnket k\u00edv\u00fcl-bel\u00fcl, \u00e9s lassan Krisztushoz, a Fi\u00e1hoz hasonl\u00f3k lesz\u00fcnk.\u201c (Forr\u00e1s: velunkazisten.hu)<\/p>\n<p>&nbsp;<\/p>\n<p>Mit tanultam meg a P\u00fcsp\u00f6k Aty\u00e1val tartott Bibliak\u00f6r alkalm\u00e1val? Megpr\u00f3b\u00e1lom megtal\u00e1lni a nekem megfelel\u0151 m\u00f3dot a Biblia olvas\u00e1shoz, az olvasottak magyar\u00e1zat\u00e1hoz pedig tudom, hogy mindig fordulhatok lelkiaty\u00e1mhoz.<\/p>\n<p>&nbsp;<\/p>\n<p><em>Benedek Annik\u00f3<\/em><\/p>\n<p><em>Stuttgart<\/em><\/p>\n","protected":false},"excerpt":{"rendered":"<p>Majnek Antal p\u00fcsp\u00f6k atya volt a vend\u00e9g\u00fcnk. Egy r\u00e9szt vend\u00e9g\u00fcnk, m\u00e1sr\u00e9szt pedig el\u0151ad\u00f3, elbesz\u00e9l\u0151. &nbsp; M\u00e1r el\u00e9g r\u00e9g\u00f3ta foglalkoztat az a gondolat: hogy is a legjobb elkezdeni a Bibli\u00e1t olvasni. A t\u00e9ma meghall\u00e1s\u00e1ra nagyon meg\u00f6rvendtem, mert biztos voltam abban hogy j\u00f3 tippeket fog majd a p\u00fcsp\u00f6k atya adni. Ezzel kapcsolatosan egy p\u00e1r gondolatot szeretn\u00e9k megosztani. &nbsp; \u00c9n \u00fagy vagyok ezzel, hogy nagy lend\u00fclettel neki fogok, de amikor az \u201eunalmas\u201c r\u00e9szekhez \u00e9rek, el\u00e9g hamar abbahagyom. Mint ahogy mindannyian tudjuk a Biblia t\u00f6bb k\u00f6nyvb\u0151l \u00e1ll \u00e9s nem mindig \u201ek\u00f6nnyen olvashat\u00f3\u201c t\u00f6rt\u00e9netekkel tal\u00e1lkozunk. &nbsp; Az egyh\u00e1z azt tan\u00edtja, hogy a Biblia Isten sugalm\u00e1ra \u00edrott k\u00f6nyv, ami megmutatja Isten ir\u00e1ntunk val\u00f3 szeretet\u00e9t, \u00e9s az utat az \u00fcdv\u00f6ss\u00e9g fel\u00e9. De mi egyszer\u0171 emberek ezt vajon fel tudjuk-e fogni? Vagy egyalt\u00e1lan meg\u00e9rtj\u00fck Isten szav\u00e1t? &nbsp; A p\u00fcsp\u00f6k atya arra buzd\u00edtott, hogy fejezetenk\u00e9nt olvassuk, vegy\u00fcnk id\u0151t magunknak, godolkozzunk el az olvasottakon, besz\u00e9lj\u00fcnk a papb\u00e1csival\/lelkiaty\u00e1val, h\u00fazzuk al\u00e1 a Bibli\u00e1ban azokat a mondatokat, szavakat amik abban a percben valamit mondtak. A Biblia helyes \u00e9rtelmez\u00e9se nem egyszer\u0171, ez\u00e9rt aj\u00e1nlatos megfelel\u0151 k\u00f6nyveket, lexikonokat el\u0151szerezni, de, m\u00e9g jobb, \u201eprofi\u201c emberekn\u00e9l r\u00e1k\u00e9rdezni. &nbsp; Mi\u00e9rt \u00e9rdemes a Bibli\u00e1t olvasni? Ezzel kapcsolatosan olvastam egy t\u00f6rt\u00e9netet amit megszeretn\u00e9k osztani: \u201eA t\u00f6rt\u00e9net egy \u00f6regemberr\u0151l sz\u00f3l, aki Kentucky hegyei k\u00f6zt \u00e9lt fiatal unok\u00e1j\u00e1val. Minden reggel a nagyapa kor\u00e1n kint \u00fclt a konyh\u00e1ban, \u00e9s olvasta r\u00e9gi, megviselt Bibli\u00e1j\u00e1t. Az unok\u00e1ja, aki ugyanolyan szeretett volna lenni, mint \u0151, mindenben ut\u00e1nozni igyekezett a nagyapj\u00e1t. Egyik nap megk\u00e9rdezte, \u201ePapa, \u00e9n is pr\u00f3b\u00e1lom olvasni a Bibli\u00e1t \u00fagy, mint te, de nem \u00e9rtem azt, \u00e9s amit \u00e9rtek, azt is elfelejtem, amint becsukom. Mire j\u00f3 a bibliaolvas\u00e1s?\u201d A nagyapa, aki k\u00f6zben szenet tett a t\u0171zre, csendesen odafordult hozz\u00e1, \u00e9s azt mondta: \u201eFogd meg ezt a szeneskosarat, menj le a foly\u00f3hoz, \u00e9s hozz egy kos\u00e1r vizet!\u201d A fi\u00fa \u00fagy tett, ahogy mondt\u00e1k neki, b\u00e1r az \u00f6sszes&#8230; <\/p>\n<p><a class=\"readmore\" href=\"https:\/\/stuttgarti-katolikusok.de\/index.php\/visszaemlekezes-bibliakor-a-biblia-olvasasarol\/\">R\u00e9szletek<\/a><\/p>\n","protected":false},"author":7,"featured_media":0,"comment_status":"closed","ping_status":"closed","sticky":false,"template":"","format":"standard","meta":{"footnotes":""},"categories":[33],"tags":[],"class_list":["post-8129","post","type-post","status-publish","format-standard","hentry","category-bibliakor"],"yoast_head":"<!-- This site is optimized with the Yoast SEO plugin v27.3 - https:\/\/yoast.com\/product\/yoast-seo-wordpress\/ -->\n<title>Visszaeml\u00e9kez\u00e9s: Bibliak\u00f6r a Biblia-olvas\u00e1s\u00e1r\u00f3l - Stuttgarti Katolikusok<\/title>\n<meta name=\"robots\" content=\"index, follow, max-snippet:-1, max-image-preview:large, max-video-preview:-1\" \/>\n<link rel=\"canonical\" href=\"https:\/\/stuttgarti-katolikusok.de\/index.php\/visszaemlekezes-bibliakor-a-biblia-olvasasarol\/\" \/>\n<meta property=\"og:locale\" content=\"hu_HU\" \/>\n<meta property=\"og:type\" content=\"article\" \/>\n<meta property=\"og:title\" content=\"Visszaeml\u00e9kez\u00e9s: Bibliak\u00f6r a Biblia-olvas\u00e1s\u00e1r\u00f3l - Stuttgarti Katolikusok\" \/>\n<meta property=\"og:description\" content=\"Majnek Antal p\u00fcsp\u00f6k atya volt a vend\u00e9g\u00fcnk. Egy r\u00e9szt vend\u00e9g\u00fcnk, m\u00e1sr\u00e9szt pedig el\u0151ad\u00f3, elbesz\u00e9l\u0151. &nbsp; M\u00e1r el\u00e9g r\u00e9g\u00f3ta foglalkoztat az a gondolat: hogy is a legjobb elkezdeni a Bibli\u00e1t olvasni. A t\u00e9ma meghall\u00e1s\u00e1ra nagyon meg\u00f6rvendtem, mert biztos voltam abban hogy j\u00f3 tippeket fog majd a p\u00fcsp\u00f6k atya adni. Ezzel kapcsolatosan egy p\u00e1r gondolatot szeretn\u00e9k megosztani. &nbsp; \u00c9n \u00fagy vagyok ezzel, hogy nagy lend\u00fclettel neki fogok, de amikor az \u201eunalmas\u201c r\u00e9szekhez \u00e9rek, el\u00e9g hamar abbahagyom. Mint ahogy mindannyian tudjuk a Biblia t\u00f6bb k\u00f6nyvb\u0151l \u00e1ll \u00e9s nem mindig \u201ek\u00f6nnyen olvashat\u00f3\u201c t\u00f6rt\u00e9netekkel tal\u00e1lkozunk. &nbsp; Az egyh\u00e1z azt tan\u00edtja, hogy a Biblia Isten sugalm\u00e1ra \u00edrott k\u00f6nyv, ami megmutatja Isten ir\u00e1ntunk val\u00f3 szeretet\u00e9t, \u00e9s az utat az \u00fcdv\u00f6ss\u00e9g fel\u00e9. De mi egyszer\u0171 emberek ezt vajon fel tudjuk-e fogni? Vagy egyalt\u00e1lan meg\u00e9rtj\u00fck Isten szav\u00e1t? &nbsp; A p\u00fcsp\u00f6k atya arra buzd\u00edtott, hogy fejezetenk\u00e9nt olvassuk, vegy\u00fcnk id\u0151t magunknak, godolkozzunk el az olvasottakon, besz\u00e9lj\u00fcnk a papb\u00e1csival\/lelkiaty\u00e1val, h\u00fazzuk al\u00e1 a Bibli\u00e1ban azokat a mondatokat, szavakat amik abban a percben valamit mondtak. A Biblia helyes \u00e9rtelmez\u00e9se nem egyszer\u0171, ez\u00e9rt aj\u00e1nlatos megfelel\u0151 k\u00f6nyveket, lexikonokat el\u0151szerezni, de, m\u00e9g jobb, \u201eprofi\u201c emberekn\u00e9l r\u00e1k\u00e9rdezni. &nbsp; Mi\u00e9rt \u00e9rdemes a Bibli\u00e1t olvasni? Ezzel kapcsolatosan olvastam egy t\u00f6rt\u00e9netet amit megszeretn\u00e9k osztani: \u201eA t\u00f6rt\u00e9net egy \u00f6regemberr\u0151l sz\u00f3l, aki Kentucky hegyei k\u00f6zt \u00e9lt fiatal unok\u00e1j\u00e1val. Minden reggel a nagyapa kor\u00e1n kint \u00fclt a konyh\u00e1ban, \u00e9s olvasta r\u00e9gi, megviselt Bibli\u00e1j\u00e1t. Az unok\u00e1ja, aki ugyanolyan szeretett volna lenni, mint \u0151, mindenben ut\u00e1nozni igyekezett a nagyapj\u00e1t. Egyik nap megk\u00e9rdezte, \u201ePapa, \u00e9n is pr\u00f3b\u00e1lom olvasni a Bibli\u00e1t \u00fagy, mint te, de nem \u00e9rtem azt, \u00e9s amit \u00e9rtek, azt is elfelejtem, amint becsukom. Mire j\u00f3 a bibliaolvas\u00e1s?\u201d A nagyapa, aki k\u00f6zben szenet tett a t\u0171zre, csendesen odafordult hozz\u00e1, \u00e9s azt mondta: \u201eFogd meg ezt a szeneskosarat, menj le a foly\u00f3hoz, \u00e9s hozz egy kos\u00e1r vizet!\u201d A fi\u00fa \u00fagy tett, ahogy mondt\u00e1k neki, b\u00e1r az \u00f6sszes... R\u00e9szletek\" \/>\n<meta property=\"og:url\" content=\"https:\/\/stuttgarti-katolikusok.de\/index.php\/visszaemlekezes-bibliakor-a-biblia-olvasasarol\/\" \/>\n<meta property=\"og:site_name\" content=\"Stuttgarti Katolikusok\" \/>\n<meta property=\"article:published_time\" content=\"2015-09-10T20:46:07+00:00\" \/>\n<meta property=\"article:modified_time\" content=\"2015-12-10T20:47:01+00:00\" \/>\n<meta name=\"author\" content=\"Pap L\u00f3r\u00e1nt\" \/>\n<meta name=\"twitter:card\" content=\"summary_large_image\" \/>\n<meta name=\"twitter:label1\" content=\"Szerz\u0151:\" \/>\n\t<meta name=\"twitter:data1\" content=\"Pap L\u00f3r\u00e1nt\" \/>\n\t<meta name=\"twitter:label2\" content=\"Becs\u00fclt olvas\u00e1si id\u0151\" \/>\n\t<meta name=\"twitter:data2\" content=\"4 perc\" \/>\n<script type=\"application\/ld+json\" class=\"yoast-schema-graph\">{\"@context\":\"https:\\\/\\\/schema.org\",\"@graph\":[{\"@type\":\"Article\",\"@id\":\"https:\\\/\\\/stuttgarti-katolikusok.de\\\/index.php\\\/visszaemlekezes-bibliakor-a-biblia-olvasasarol\\\/#article\",\"isPartOf\":{\"@id\":\"https:\\\/\\\/stuttgarti-katolikusok.de\\\/index.php\\\/visszaemlekezes-bibliakor-a-biblia-olvasasarol\\\/\"},\"author\":{\"name\":\"Pap L\u00f3r\u00e1nt\",\"@id\":\"https:\\\/\\\/stuttgarti-katolikusok.de\\\/#\\\/schema\\\/person\\\/e4b8974603e18bea0e1dd451fdf95466\"},\"headline\":\"Visszaeml\u00e9kez\u00e9s: Bibliak\u00f6r a Biblia-olvas\u00e1s\u00e1r\u00f3l\",\"datePublished\":\"2015-09-10T20:46:07+00:00\",\"dateModified\":\"2015-12-10T20:47:01+00:00\",\"mainEntityOfPage\":{\"@id\":\"https:\\\/\\\/stuttgarti-katolikusok.de\\\/index.php\\\/visszaemlekezes-bibliakor-a-biblia-olvasasarol\\\/\"},\"wordCount\":760,\"articleSection\":[\"Bibliak\u00f6r\"],\"inLanguage\":\"hu\"},{\"@type\":\"WebPage\",\"@id\":\"https:\\\/\\\/stuttgarti-katolikusok.de\\\/index.php\\\/visszaemlekezes-bibliakor-a-biblia-olvasasarol\\\/\",\"url\":\"https:\\\/\\\/stuttgarti-katolikusok.de\\\/index.php\\\/visszaemlekezes-bibliakor-a-biblia-olvasasarol\\\/\",\"name\":\"Visszaeml\u00e9kez\u00e9s: Bibliak\u00f6r a Biblia-olvas\u00e1s\u00e1r\u00f3l - Stuttgarti Katolikusok\",\"isPartOf\":{\"@id\":\"https:\\\/\\\/stuttgarti-katolikusok.de\\\/#website\"},\"datePublished\":\"2015-09-10T20:46:07+00:00\",\"dateModified\":\"2015-12-10T20:47:01+00:00\",\"author\":{\"@id\":\"https:\\\/\\\/stuttgarti-katolikusok.de\\\/#\\\/schema\\\/person\\\/e4b8974603e18bea0e1dd451fdf95466\"},\"breadcrumb\":{\"@id\":\"https:\\\/\\\/stuttgarti-katolikusok.de\\\/index.php\\\/visszaemlekezes-bibliakor-a-biblia-olvasasarol\\\/#breadcrumb\"},\"inLanguage\":\"hu\",\"potentialAction\":[{\"@type\":\"ReadAction\",\"target\":[\"https:\\\/\\\/stuttgarti-katolikusok.de\\\/index.php\\\/visszaemlekezes-bibliakor-a-biblia-olvasasarol\\\/\"]}]},{\"@type\":\"BreadcrumbList\",\"@id\":\"https:\\\/\\\/stuttgarti-katolikusok.de\\\/index.php\\\/visszaemlekezes-bibliakor-a-biblia-olvasasarol\\\/#breadcrumb\",\"itemListElement\":[{\"@type\":\"ListItem\",\"position\":1,\"name\":\"Kezd\u0151lap\",\"item\":\"https:\\\/\\\/stuttgarti-katolikusok.de\\\/\"},{\"@type\":\"ListItem\",\"position\":2,\"name\":\"Visszaeml\u00e9kez\u00e9s: Bibliak\u00f6r a Biblia-olvas\u00e1s\u00e1r\u00f3l\"}]},{\"@type\":\"WebSite\",\"@id\":\"https:\\\/\\\/stuttgarti-katolikusok.de\\\/#website\",\"url\":\"https:\\\/\\\/stuttgarti-katolikusok.de\\\/\",\"name\":\"Stuttgarti Katolikusok\",\"description\":\"\",\"potentialAction\":[{\"@type\":\"SearchAction\",\"target\":{\"@type\":\"EntryPoint\",\"urlTemplate\":\"https:\\\/\\\/stuttgarti-katolikusok.de\\\/?s={search_term_string}\"},\"query-input\":{\"@type\":\"PropertyValueSpecification\",\"valueRequired\":true,\"valueName\":\"search_term_string\"}}],\"inLanguage\":\"hu\"},{\"@type\":\"Person\",\"@id\":\"https:\\\/\\\/stuttgarti-katolikusok.de\\\/#\\\/schema\\\/person\\\/e4b8974603e18bea0e1dd451fdf95466\",\"name\":\"Pap L\u00f3r\u00e1nt\",\"image\":{\"@type\":\"ImageObject\",\"inLanguage\":\"hu\",\"@id\":\"https:\\\/\\\/secure.gravatar.com\\\/avatar\\\/fab210c46214d43b54ee6a8cbddf404c7571dad536b6c8e007a4db3c0dfa1abe?s=96&d=mm&r=g\",\"url\":\"https:\\\/\\\/secure.gravatar.com\\\/avatar\\\/fab210c46214d43b54ee6a8cbddf404c7571dad536b6c8e007a4db3c0dfa1abe?s=96&d=mm&r=g\",\"contentUrl\":\"https:\\\/\\\/secure.gravatar.com\\\/avatar\\\/fab210c46214d43b54ee6a8cbddf404c7571dad536b6c8e007a4db3c0dfa1abe?s=96&d=mm&r=g\",\"caption\":\"Pap L\u00f3r\u00e1nt\"},\"url\":\"https:\\\/\\\/stuttgarti-katolikusok.de\\\/index.php\\\/author\\\/lorant-pap\\\/\"}]}<\/script>\n<!-- \/ Yoast SEO plugin. -->","yoast_head_json":{"title":"Visszaeml\u00e9kez\u00e9s: Bibliak\u00f6r a Biblia-olvas\u00e1s\u00e1r\u00f3l - Stuttgarti Katolikusok","robots":{"index":"index","follow":"follow","max-snippet":"max-snippet:-1","max-image-preview":"max-image-preview:large","max-video-preview":"max-video-preview:-1"},"canonical":"https:\/\/stuttgarti-katolikusok.de\/index.php\/visszaemlekezes-bibliakor-a-biblia-olvasasarol\/","og_locale":"hu_HU","og_type":"article","og_title":"Visszaeml\u00e9kez\u00e9s: Bibliak\u00f6r a Biblia-olvas\u00e1s\u00e1r\u00f3l - Stuttgarti Katolikusok","og_description":"Majnek Antal p\u00fcsp\u00f6k atya volt a vend\u00e9g\u00fcnk. Egy r\u00e9szt vend\u00e9g\u00fcnk, m\u00e1sr\u00e9szt pedig el\u0151ad\u00f3, elbesz\u00e9l\u0151. &nbsp; M\u00e1r el\u00e9g r\u00e9g\u00f3ta foglalkoztat az a gondolat: hogy is a legjobb elkezdeni a Bibli\u00e1t olvasni. A t\u00e9ma meghall\u00e1s\u00e1ra nagyon meg\u00f6rvendtem, mert biztos voltam abban hogy j\u00f3 tippeket fog majd a p\u00fcsp\u00f6k atya adni. Ezzel kapcsolatosan egy p\u00e1r gondolatot szeretn\u00e9k megosztani. &nbsp; \u00c9n \u00fagy vagyok ezzel, hogy nagy lend\u00fclettel neki fogok, de amikor az \u201eunalmas\u201c r\u00e9szekhez \u00e9rek, el\u00e9g hamar abbahagyom. Mint ahogy mindannyian tudjuk a Biblia t\u00f6bb k\u00f6nyvb\u0151l \u00e1ll \u00e9s nem mindig \u201ek\u00f6nnyen olvashat\u00f3\u201c t\u00f6rt\u00e9netekkel tal\u00e1lkozunk. &nbsp; Az egyh\u00e1z azt tan\u00edtja, hogy a Biblia Isten sugalm\u00e1ra \u00edrott k\u00f6nyv, ami megmutatja Isten ir\u00e1ntunk val\u00f3 szeretet\u00e9t, \u00e9s az utat az \u00fcdv\u00f6ss\u00e9g fel\u00e9. De mi egyszer\u0171 emberek ezt vajon fel tudjuk-e fogni? Vagy egyalt\u00e1lan meg\u00e9rtj\u00fck Isten szav\u00e1t? &nbsp; A p\u00fcsp\u00f6k atya arra buzd\u00edtott, hogy fejezetenk\u00e9nt olvassuk, vegy\u00fcnk id\u0151t magunknak, godolkozzunk el az olvasottakon, besz\u00e9lj\u00fcnk a papb\u00e1csival\/lelkiaty\u00e1val, h\u00fazzuk al\u00e1 a Bibli\u00e1ban azokat a mondatokat, szavakat amik abban a percben valamit mondtak. A Biblia helyes \u00e9rtelmez\u00e9se nem egyszer\u0171, ez\u00e9rt aj\u00e1nlatos megfelel\u0151 k\u00f6nyveket, lexikonokat el\u0151szerezni, de, m\u00e9g jobb, \u201eprofi\u201c emberekn\u00e9l r\u00e1k\u00e9rdezni. &nbsp; Mi\u00e9rt \u00e9rdemes a Bibli\u00e1t olvasni? Ezzel kapcsolatosan olvastam egy t\u00f6rt\u00e9netet amit megszeretn\u00e9k osztani: \u201eA t\u00f6rt\u00e9net egy \u00f6regemberr\u0151l sz\u00f3l, aki Kentucky hegyei k\u00f6zt \u00e9lt fiatal unok\u00e1j\u00e1val. Minden reggel a nagyapa kor\u00e1n kint \u00fclt a konyh\u00e1ban, \u00e9s olvasta r\u00e9gi, megviselt Bibli\u00e1j\u00e1t. Az unok\u00e1ja, aki ugyanolyan szeretett volna lenni, mint \u0151, mindenben ut\u00e1nozni igyekezett a nagyapj\u00e1t. Egyik nap megk\u00e9rdezte, \u201ePapa, \u00e9n is pr\u00f3b\u00e1lom olvasni a Bibli\u00e1t \u00fagy, mint te, de nem \u00e9rtem azt, \u00e9s amit \u00e9rtek, azt is elfelejtem, amint becsukom. Mire j\u00f3 a bibliaolvas\u00e1s?\u201d A nagyapa, aki k\u00f6zben szenet tett a t\u0171zre, csendesen odafordult hozz\u00e1, \u00e9s azt mondta: \u201eFogd meg ezt a szeneskosarat, menj le a foly\u00f3hoz, \u00e9s hozz egy kos\u00e1r vizet!\u201d A fi\u00fa \u00fagy tett, ahogy mondt\u00e1k neki, b\u00e1r az \u00f6sszes... R\u00e9szletek","og_url":"https:\/\/stuttgarti-katolikusok.de\/index.php\/visszaemlekezes-bibliakor-a-biblia-olvasasarol\/","og_site_name":"Stuttgarti Katolikusok","article_published_time":"2015-09-10T20:46:07+00:00","article_modified_time":"2015-12-10T20:47:01+00:00","author":"Pap L\u00f3r\u00e1nt","twitter_card":"summary_large_image","twitter_misc":{"Szerz\u0151:":"Pap L\u00f3r\u00e1nt","Becs\u00fclt olvas\u00e1si id\u0151":"4 perc"},"schema":{"@context":"https:\/\/schema.org","@graph":[{"@type":"Article","@id":"https:\/\/stuttgarti-katolikusok.de\/index.php\/visszaemlekezes-bibliakor-a-biblia-olvasasarol\/#article","isPartOf":{"@id":"https:\/\/stuttgarti-katolikusok.de\/index.php\/visszaemlekezes-bibliakor-a-biblia-olvasasarol\/"},"author":{"name":"Pap L\u00f3r\u00e1nt","@id":"https:\/\/stuttgarti-katolikusok.de\/#\/schema\/person\/e4b8974603e18bea0e1dd451fdf95466"},"headline":"Visszaeml\u00e9kez\u00e9s: Bibliak\u00f6r a Biblia-olvas\u00e1s\u00e1r\u00f3l","datePublished":"2015-09-10T20:46:07+00:00","dateModified":"2015-12-10T20:47:01+00:00","mainEntityOfPage":{"@id":"https:\/\/stuttgarti-katolikusok.de\/index.php\/visszaemlekezes-bibliakor-a-biblia-olvasasarol\/"},"wordCount":760,"articleSection":["Bibliak\u00f6r"],"inLanguage":"hu"},{"@type":"WebPage","@id":"https:\/\/stuttgarti-katolikusok.de\/index.php\/visszaemlekezes-bibliakor-a-biblia-olvasasarol\/","url":"https:\/\/stuttgarti-katolikusok.de\/index.php\/visszaemlekezes-bibliakor-a-biblia-olvasasarol\/","name":"Visszaeml\u00e9kez\u00e9s: Bibliak\u00f6r a Biblia-olvas\u00e1s\u00e1r\u00f3l - Stuttgarti Katolikusok","isPartOf":{"@id":"https:\/\/stuttgarti-katolikusok.de\/#website"},"datePublished":"2015-09-10T20:46:07+00:00","dateModified":"2015-12-10T20:47:01+00:00","author":{"@id":"https:\/\/stuttgarti-katolikusok.de\/#\/schema\/person\/e4b8974603e18bea0e1dd451fdf95466"},"breadcrumb":{"@id":"https:\/\/stuttgarti-katolikusok.de\/index.php\/visszaemlekezes-bibliakor-a-biblia-olvasasarol\/#breadcrumb"},"inLanguage":"hu","potentialAction":[{"@type":"ReadAction","target":["https:\/\/stuttgarti-katolikusok.de\/index.php\/visszaemlekezes-bibliakor-a-biblia-olvasasarol\/"]}]},{"@type":"BreadcrumbList","@id":"https:\/\/stuttgarti-katolikusok.de\/index.php\/visszaemlekezes-bibliakor-a-biblia-olvasasarol\/#breadcrumb","itemListElement":[{"@type":"ListItem","position":1,"name":"Kezd\u0151lap","item":"https:\/\/stuttgarti-katolikusok.de\/"},{"@type":"ListItem","position":2,"name":"Visszaeml\u00e9kez\u00e9s: Bibliak\u00f6r a Biblia-olvas\u00e1s\u00e1r\u00f3l"}]},{"@type":"WebSite","@id":"https:\/\/stuttgarti-katolikusok.de\/#website","url":"https:\/\/stuttgarti-katolikusok.de\/","name":"Stuttgarti Katolikusok","description":"","potentialAction":[{"@type":"SearchAction","target":{"@type":"EntryPoint","urlTemplate":"https:\/\/stuttgarti-katolikusok.de\/?s={search_term_string}"},"query-input":{"@type":"PropertyValueSpecification","valueRequired":true,"valueName":"search_term_string"}}],"inLanguage":"hu"},{"@type":"Person","@id":"https:\/\/stuttgarti-katolikusok.de\/#\/schema\/person\/e4b8974603e18bea0e1dd451fdf95466","name":"Pap L\u00f3r\u00e1nt","image":{"@type":"ImageObject","inLanguage":"hu","@id":"https:\/\/secure.gravatar.com\/avatar\/fab210c46214d43b54ee6a8cbddf404c7571dad536b6c8e007a4db3c0dfa1abe?s=96&d=mm&r=g","url":"https:\/\/secure.gravatar.com\/avatar\/fab210c46214d43b54ee6a8cbddf404c7571dad536b6c8e007a4db3c0dfa1abe?s=96&d=mm&r=g","contentUrl":"https:\/\/secure.gravatar.com\/avatar\/fab210c46214d43b54ee6a8cbddf404c7571dad536b6c8e007a4db3c0dfa1abe?s=96&d=mm&r=g","caption":"Pap L\u00f3r\u00e1nt"},"url":"https:\/\/stuttgarti-katolikusok.de\/index.php\/author\/lorant-pap\/"}]}},"_links":{"self":[{"href":"https:\/\/stuttgarti-katolikusok.de\/index.php\/wp-json\/wp\/v2\/posts\/8129","targetHints":{"allow":["GET"]}}],"collection":[{"href":"https:\/\/stuttgarti-katolikusok.de\/index.php\/wp-json\/wp\/v2\/posts"}],"about":[{"href":"https:\/\/stuttgarti-katolikusok.de\/index.php\/wp-json\/wp\/v2\/types\/post"}],"author":[{"embeddable":true,"href":"https:\/\/stuttgarti-katolikusok.de\/index.php\/wp-json\/wp\/v2\/users\/7"}],"replies":[{"embeddable":true,"href":"https:\/\/stuttgarti-katolikusok.de\/index.php\/wp-json\/wp\/v2\/comments?post=8129"}],"version-history":[{"count":1,"href":"https:\/\/stuttgarti-katolikusok.de\/index.php\/wp-json\/wp\/v2\/posts\/8129\/revisions"}],"predecessor-version":[{"id":8130,"href":"https:\/\/stuttgarti-katolikusok.de\/index.php\/wp-json\/wp\/v2\/posts\/8129\/revisions\/8130"}],"wp:attachment":[{"href":"https:\/\/stuttgarti-katolikusok.de\/index.php\/wp-json\/wp\/v2\/media?parent=8129"}],"wp:term":[{"taxonomy":"category","embeddable":true,"href":"https:\/\/stuttgarti-katolikusok.de\/index.php\/wp-json\/wp\/v2\/categories?post=8129"},{"taxonomy":"post_tag","embeddable":true,"href":"https:\/\/stuttgarti-katolikusok.de\/index.php\/wp-json\/wp\/v2\/tags?post=8129"}],"curies":[{"name":"wp","href":"https:\/\/api.w.org\/{rel}","templated":true}]}}